{"id":611032,"date":"2025-09-14T19:18:58","date_gmt":"2025-09-14T17:18:58","guid":{"rendered":"https:\/\/dicodusport.fr\/blog\/?p=611032&#038;preview=true&#038;preview_id=611032"},"modified":"2025-09-14T19:59:47","modified_gmt":"2025-09-14T17:59:47","slug":"ligue-1-2025-2026-j4-le-psg-simpose-face-a-lens-et-retrouve-le-siege-de-leader","status":"publish","type":"post","link":"https:\/\/dicodusport.fr\/blog\/ligue-1-2025-2026-j4-le-psg-simpose-face-a-lens-et-retrouve-le-siege-de-leader\/","title":{"rendered":"Ligue 1 2025\/2026 (J4) : Le PSG s&rsquo;impose face \u00e0 Lens et retrouve le si\u00e8ge de leader"},"content":{"rendered":"<p style=\"text-align: justify;\"><strong><em>LIGUE 1 2025-2026 &#8211; De retour apr\u00e8s la tr\u00eave internationale, le Paris Saint-Germain retrouvait la pelouse du Parc des Princes pour le compte de la 4\u00e8me journ\u00e9e de Ligue 1. Face \u00e0 Lens, les Parisiens de <\/em><em>Luis Enrique se sont impos\u00e9s 2-0.\u00a0<\/em><\/strong><\/p>\n<ul>\n<li style=\"text-align: justify;\"><strong>\u00c0 ce sujet &#8211; <a href=\"https:\/\/dicodusport.fr\/blog\/classement-ligue-1-2025-2026\/\">Classement de la Ligue 1 2025-2026<\/a><\/strong><\/li>\n<\/ul>\n<p style=\"text-align: justify;\">La tr\u00eave internationale \u00e0 peine finie, le football a repris ses droits en <strong>France<\/strong> ce week-end. L\u2019occasion pour les clubs de <strong>Ligue 1<\/strong> de r\u00e9cup\u00e9rer leurs internationaux partis d\u00e9fendre leurs couleurs en s\u00e9lection, et de retourner \u00e0 l\u2019attaque dans le d\u00e9but de cette nouvelle saison. Si <strong>l\u2019OM<\/strong> n\u2019a pas fait dans le d\u00e9tail, que <strong>Monaco<\/strong> et <strong>Nice<\/strong> se sont impos\u00e9s et que <strong>Lille<\/strong> a d\u00fb s\u2019employer pour effacer le <strong>TFC<\/strong>, pour <strong>Paris<\/strong>, la r\u00e9ception de <strong>Lens<\/strong> \u00e9tait importante pour rester au contact du wagon de t\u00eate.<\/p>\n<h2 style=\"text-align: justify;\">Barcola nettoie la lucarne<\/h2>\n<p style=\"text-align: justify;\">D\u00e8s l\u2019entame, les gars du nord donnent le ton. Quinze premi\u00e8res minutes au cours desquelles les <strong>Parisiens<\/strong> ne voient quasiment pas le ballon. En place offensivement et solides d\u00e9fensivement, les joueurs du <strong>RC Lens<\/strong> se cr\u00e9ent les premi\u00e8res occasions avec <strong>Adrien Thomasson<\/strong> (8\u2019) et <strong>Florian Thauvin<\/strong> (10\u2019). Mais sous le regard averti de l\u2019ancien pr\u00e9sident du <strong>PSG<\/strong> <strong>Michel Denisot<\/strong>, les champions d\u2019Europe ne tardent pas \u00e0 inverser la tendance. Servi par <strong>Vitinha<\/strong>, <strong>Bradley Barcola<\/strong> arme une frappe pr\u00e9cise depuis l\u2019ext\u00e9rieur de la surface qui vient nettoyer la lucarne du portier <strong>Lensois<\/strong> (15\u2019), 1-0.<\/p>\n<p style=\"text-align: justify;\">Et comme souvent, lorsque le <strong>Paris Saint-Germain<\/strong> calme les ardeurs d\u2019un adversaire, la physionomie du match s\u2019inverse compl\u00e8tement. D\u2019abord pos\u00e9s et sereins, les <strong>Lensois<\/strong> vacillent apr\u00e8s le but de <strong>Barcola<\/strong>. <strong>Kvaratskhelia<\/strong> (26\u2019) et <strong>Ibrahim Mbaye<\/strong> (32\u2019) ont par deux fois l\u2019occasion d\u2019accroitre la marque pour le club de la Capitale, mais <strong>Robin Risser<\/strong> garde bien sa cage.<\/p>\n<p style=\"text-align: justify;\">Si <strong>Gon\u00e7alo Ramos<\/strong> (38\u2019) et <strong>Vitinha<\/strong> (40\u2019) permettent \u00e0<strong> Paris<\/strong> de pousser encore un peu dans la fin du premier acte, les <strong>Lensois<\/strong> reprennent du poil de la b\u00eate. <strong>Florian Thauvin<\/strong> d\u2019abord (36\u2019, 45+1\u2019) et <strong>Odsonne Edouard<\/strong> (41\u2019) passent tout pr\u00e8s d\u2019\u00e9galiser pour les <strong>Nordistes<\/strong>. Les hommes de <strong>Pierre Sage<\/strong> terminent fort la premi\u00e8re mi-temps, mais la d\u00e9fense parisienne tient bon et rentre au vestiaire devant au tableau de marque, 1-0.<\/p>\n<h2 style=\"text-align: justify;\">Barcola double mise, Paris en gestion<\/h2>\n<p style=\"text-align: justify;\">Et comme si l\u2019histoire se r\u00e9p\u00e9tait inlassablement, la tendance du deuxi\u00e8me acte est identique \u00e0 celle de la premi\u00e8re. D\u2019abord dominateurs pendant de longues minutes, les <strong>Lensois<\/strong> manquent de r\u00e9alisme et sont une nouvelle fois punis par le r\u00e9alisme et la lucidit\u00e9 de <strong>Bradley Barcola<\/strong>. Lanc\u00e9 plein axe par <strong>Vitinha<\/strong> une nouvelle fois, l\u2019ancien lyonnais d\u00e9coche une frappe tendue ras de terre que <strong>Risser<\/strong> ne peut pas aller chercher (51\u2019). Le <strong>PSG<\/strong> fait d\u00e9j\u00e0 le break au retour des vestiaires gr\u00e2ce \u00e0 son ailier gauche.<\/p>\n<p style=\"text-align: justify;\">Tranquillement, les Parisiens mettent ensuite le pied sur le ballon. Une domination qui ne saute pas aux yeux, mais un \u00e9touffement constant de l\u2019adversaire, notamment gr\u00e2ce \u00e0 la tr\u00e8s grosse activit\u00e9 de son milieu de terrain. Et alors que les minutes d\u00e9filent, Paris continue de ne quasiment rien laisser au Lensois qui s\u2019en remettent \u00e0 de petites occasions.<\/p>\n<p style=\"text-align: justify;\">Si les titulaires parisiens ont d\u00e9roul\u00e9 la seconde p\u00e9riode tout en gestion, les rempla\u00e7ants avaient \u00e0 c\u0153ur de faire leurs preuves. Dans le sillage des <strong>Mayulu<\/strong>, <strong>Nuno Mendes<\/strong> et <strong>Fabian Ruiz<\/strong>, le <strong>PSG<\/strong> continue d\u2019attaquer et cherche le K.O dans les 10 derni\u00e8res minutes. En face, les <strong>Lensois<\/strong> tentent, mais sont trop approximatifs et se heurtent \u00e0 une \u00e9quipe parisienne parfaitement organis\u00e9e.<\/p>\n<p style=\"text-align: justify;\"><strong>J\u00e9r\u00e9my Pignard<\/strong> donne les 3 coups de sifflet apr\u00e8s 95 minutes de jeu et <strong>Paris<\/strong> s\u2019impose 2-0 sur sa pelouse pour le compte de la 4<sup>\u00e8me<\/sup> journ\u00e9e de <strong>Ligue 1.<\/strong> Invaincus depuis le d\u00e9but de la saison, les <strong>Parisiens<\/strong> s\u2019installent sur le si\u00e8ge de leader du championnat gr\u00e2ce \u00e0 un grand <strong>Bradley Barcola<\/strong>.<\/p>\n<blockquote class=\"twitter-tweet\">\n<p dir=\"ltr\" lang=\"fr\">90&prime; I 2\u20e3-1\u20e3<\/p>\n<p>VICTOOOOIIIIIIIIIRE \u2764\ufe0f\ud83e\udd0d<\/p>\n<p>Au mental, nos Dogues sont parvenus \u00e0 arracher la victoire en toute fin de partie gr\u00e2ce \u00e0 une r\u00e9alisation d&rsquo;Ethan Mbapp\u00e9. Plus t\u00f4t, c&rsquo;est Nabil Bentaleb qui avait ouvert la voie<\/p>\n<p>Les Lillois se seront cr\u00e9\u00e9s beaucoup d&rsquo;opportunit\u00e9s\u2026 <a href=\"https:\/\/t.co\/kFdiZ1opJ0\">pic.twitter.com\/kFdiZ1opJ0<\/a><\/p>\n<p>\u2014 LOSC (@losclive) <a href=\"https:\/\/twitter.com\/losclive\/status\/1967243754944807119?ref_src=twsrc%5Etfw\">September 14, 2025<\/a><\/p><\/blockquote>\n<p><script async src=\"https:\/\/platform.twitter.com\/widgets.js\" charset=\"utf-8\"><\/script><\/p>\n<p style=\"text-align: justify;\">\n","protected":false},"excerpt":{"rendered":"<p>De retour apr\u00e8s la tr\u00eave internationale, le Paris Saint-Germain retrouvait la pelouse du Parc des Princes pour le compte de la 4\u00e8me journ\u00e9e de Ligue 1. Face \u00e0 Lens, les Parisiens de Luis Enrique se sont impos\u00e9s 2-0.\u00a0<\/p>\n","protected":false},"author":119,"featured_media":611074,"comment_status":"open","ping_status":"closed","sticky":false,"template":"","format":"standard","meta":{"_acf_changed":false,"_daextam_enable_autolinks":"1","footnotes":""},"categories":[47045],"tags":[16878,75,1554,1230,3709],"class_list":["post-611032","post","type-post","status-publish","format-standard","has-post-thumbnail","hentry","category-ligue-1","tag-breve","tag-football","tag-ligue-1","tag-paris-saint-germain","tag-rc-lens"],"acf":[],"yoast_head":"<!-- This site is optimized with the Yoast SEO Premium plugin v26.7 (Yoast SEO v26.7) - https:\/\/yoast.com\/wordpress\/plugins\/seo\/ -->\n<title>Ligue 1 2025\/2026 (J4) : Le PSG s&#039;impose face \u00e0 Lens et retrouve le si\u00e8ge de leader<\/title>\n<meta name=\"description\" content=\"De retour apr\u00e8s la tr\u00eave internationale, le Paris Saint-Germain retrouvait la pelouse du Parc des Princes pour le compte de la 4\u00e8me journ\u00e9e de Ligue 1. Face \u00e0 Lens, les Parisiens de Luis Enrique se sont impos\u00e9s 2-0.\u00a0\" \/>\n<meta name=\"robots\" content=\"index, follow, max-snippet:-1, max-image-preview:large, max-video-preview:-1\" \/>\n<link rel=\"canonical\" href=\"https:\/\/dicodusport.fr\/blog\/ligue-1-2025-2026-j4-le-psg-simpose-face-a-lens-et-retrouve-le-siege-de-leader\/\" \/>\n<meta property=\"og:locale\" content=\"fr_FR\" \/>\n<meta property=\"og:type\" content=\"article\" \/>\n<meta property=\"og:title\" content=\"Ligue 1 2025\/2026 (J4) : Le PSG s&#039;impose face \u00e0 Lens et retrouve le si\u00e8ge de leader\" \/>\n<meta property=\"og:description\" content=\"De retour apr\u00e8s la tr\u00eave internationale, le Paris Saint-Germain retrouvait la pelouse du Parc des Princes pour le compte de la 4\u00e8me journ\u00e9e de Ligue 1. Face \u00e0 Lens, les Parisiens de Luis Enrique se sont impos\u00e9s 2-0.\u00a0\" \/>\n<meta property=\"og:url\" content=\"https:\/\/dicodusport.fr\/blog\/ligue-1-2025-2026-j4-le-psg-simpose-face-a-lens-et-retrouve-le-siege-de-leader\/\" \/>\n<meta property=\"og:site_name\" content=\"Dicodusport\" \/>\n<meta property=\"article:publisher\" content=\"https:\/\/www.facebook.com\/dicodusport\" \/>\n<meta property=\"article:published_time\" content=\"2025-09-14T17:18:58+00:00\" \/>\n<meta property=\"article:modified_time\" content=\"2025-09-14T17:59:47+00:00\" \/>\n<meta property=\"og:image\" content=\"https:\/\/dicodusport.fr\/blog\/wp-content\/uploads\/2025\/09\/Ligue-1-20252026-J4-Le-PSG-simpose-face-a-Lens-et-retrouve-le-siege-de-leader.png\" \/>\n\t<meta property=\"og:image:width\" content=\"1200\" \/>\n\t<meta property=\"og:image:height\" content=\"674\" \/>\n\t<meta property=\"og:image:type\" content=\"image\/png\" \/>\n<meta name=\"author\" content=\"Aur\u00e9lien Torreilles\" \/>\n<meta name=\"twitter:card\" content=\"summary_large_image\" \/>\n<meta name=\"twitter:title\" content=\"Ligue 1 2025\/2026 (J4) : Le PSG s&#039;impose face \u00e0 Lens et retrouve le si\u00e8ge de leader\" \/>\n<meta name=\"twitter:creator\" content=\"@dicodusport\" \/>\n<meta name=\"twitter:site\" content=\"@dicodusport\" \/>\n<script type=\"application\/ld+json\" class=\"yoast-schema-graph\">{\"@context\":\"https:\/\/schema.org\",\"@graph\":[{\"@type\":\"NewsArticle\",\"@id\":\"https:\/\/dicodusport.fr\/blog\/ligue-1-2025-2026-j4-le-psg-simpose-face-a-lens-et-retrouve-le-siege-de-leader\/#article\",\"isPartOf\":{\"@id\":\"https:\/\/dicodusport.fr\/blog\/ligue-1-2025-2026-j4-le-psg-simpose-face-a-lens-et-retrouve-le-siege-de-leader\/\"},\"author\":{\"name\":\"Aur\u00e9lien Torreilles\",\"@id\":\"https:\/\/dicodusport.fr\/blog\/#\/schema\/person\/d42c64fd3f03197157c71106ec84f28a\"},\"headline\":\"Ligue 1 2025\/2026 (J4) : Le PSG s&rsquo;impose face \u00e0 Lens et retrouve le si\u00e8ge de leader\",\"datePublished\":\"2025-09-14T17:18:58+00:00\",\"dateModified\":\"2025-09-14T17:59:47+00:00\",\"mainEntityOfPage\":{\"@id\":\"https:\/\/dicodusport.fr\/blog\/ligue-1-2025-2026-j4-le-psg-simpose-face-a-lens-et-retrouve-le-siege-de-leader\/\"},\"wordCount\":745,\"commentCount\":0,\"publisher\":{\"@id\":\"https:\/\/dicodusport.fr\/blog\/#organization\"},\"image\":{\"@id\":\"https:\/\/dicodusport.fr\/blog\/ligue-1-2025-2026-j4-le-psg-simpose-face-a-lens-et-retrouve-le-siege-de-leader\/#primaryimage\"},\"thumbnailUrl\":\"https:\/\/dicodusport.fr\/blog\/wp-content\/uploads\/2025\/09\/Ligue-1-20252026-J4-Le-PSG-simpose-face-a-Lens-et-retrouve-le-siege-de-leader.png\",\"keywords\":[\"br\u00e8ve\",\"Football\",\"Ligue 1\",\"Paris Saint-Germain\",\"RC Lens\"],\"articleSection\":[\"Ligue 1\"],\"inLanguage\":\"fr-FR\",\"potentialAction\":[{\"@type\":\"CommentAction\",\"name\":\"Comment\",\"target\":[\"https:\/\/dicodusport.fr\/blog\/ligue-1-2025-2026-j4-le-psg-simpose-face-a-lens-et-retrouve-le-siege-de-leader\/#respond\"]}],\"copyrightYear\":\"2025\",\"copyrightHolder\":{\"@id\":\"https:\/\/dicodusport.fr\/blog\/#organization\"}},{\"@type\":\"WebPage\",\"@id\":\"https:\/\/dicodusport.fr\/blog\/ligue-1-2025-2026-j4-le-psg-simpose-face-a-lens-et-retrouve-le-siege-de-leader\/\",\"url\":\"https:\/\/dicodusport.fr\/blog\/ligue-1-2025-2026-j4-le-psg-simpose-face-a-lens-et-retrouve-le-siege-de-leader\/\",\"name\":\"Ligue 1 2025\/2026 (J4) : Le PSG s'impose face \u00e0 Lens et retrouve le si\u00e8ge de leader\",\"isPartOf\":{\"@id\":\"https:\/\/dicodusport.fr\/blog\/#website\"},\"primaryImageOfPage\":{\"@id\":\"https:\/\/dicodusport.fr\/blog\/ligue-1-2025-2026-j4-le-psg-simpose-face-a-lens-et-retrouve-le-siege-de-leader\/#primaryimage\"},\"image\":{\"@id\":\"https:\/\/dicodusport.fr\/blog\/ligue-1-2025-2026-j4-le-psg-simpose-face-a-lens-et-retrouve-le-siege-de-leader\/#primaryimage\"},\"thumbnailUrl\":\"https:\/\/dicodusport.fr\/blog\/wp-content\/uploads\/2025\/09\/Ligue-1-20252026-J4-Le-PSG-simpose-face-a-Lens-et-retrouve-le-siege-de-leader.png\",\"datePublished\":\"2025-09-14T17:18:58+00:00\",\"dateModified\":\"2025-09-14T17:59:47+00:00\",\"description\":\"De retour apr\u00e8s la tr\u00eave internationale, le Paris Saint-Germain retrouvait la pelouse du Parc des Princes pour le compte de la 4\u00e8me journ\u00e9e de Ligue 1. Face \u00e0 Lens, les Parisiens de Luis Enrique se sont impos\u00e9s 2-0.\u00a0\",\"breadcrumb\":{\"@id\":\"https:\/\/dicodusport.fr\/blog\/ligue-1-2025-2026-j4-le-psg-simpose-face-a-lens-et-retrouve-le-siege-de-leader\/#breadcrumb\"},\"inLanguage\":\"fr-FR\",\"potentialAction\":[{\"@type\":\"ReadAction\",\"target\":[\"https:\/\/dicodusport.fr\/blog\/ligue-1-2025-2026-j4-le-psg-simpose-face-a-lens-et-retrouve-le-siege-de-leader\/\"]}]},{\"@type\":\"ImageObject\",\"inLanguage\":\"fr-FR\",\"@id\":\"https:\/\/dicodusport.fr\/blog\/ligue-1-2025-2026-j4-le-psg-simpose-face-a-lens-et-retrouve-le-siege-de-leader\/#primaryimage\",\"url\":\"https:\/\/dicodusport.fr\/blog\/wp-content\/uploads\/2025\/09\/Ligue-1-20252026-J4-Le-PSG-simpose-face-a-Lens-et-retrouve-le-siege-de-leader.png\",\"contentUrl\":\"https:\/\/dicodusport.fr\/blog\/wp-content\/uploads\/2025\/09\/Ligue-1-20252026-J4-Le-PSG-simpose-face-a-Lens-et-retrouve-le-siege-de-leader.png\",\"width\":1200,\"height\":674,\"caption\":\"Ligue 1 20252026 (J4) Le PSG s'impose face \u00e0 Lens et retrouve le si\u00e8ge de leader\"},{\"@type\":\"BreadcrumbList\",\"@id\":\"https:\/\/dicodusport.fr\/blog\/ligue-1-2025-2026-j4-le-psg-simpose-face-a-lens-et-retrouve-le-siege-de-leader\/#breadcrumb\",\"itemListElement\":[{\"@type\":\"ListItem\",\"position\":1,\"name\":\"Accueil\",\"item\":\"https:\/\/dicodusport.fr\/blog\/\"},{\"@type\":\"ListItem\",\"position\":2,\"name\":\"Ligue 1 2025\/2026 (J4) : Le PSG s&rsquo;impose face \u00e0 Lens et retrouve le si\u00e8ge de leader\"}]},{\"@type\":\"WebSite\",\"@id\":\"https:\/\/dicodusport.fr\/blog\/#website\",\"url\":\"https:\/\/dicodusport.fr\/blog\/\",\"name\":\"Dicodusport\",\"description\":\"L&#039;encyclop\u00e9die de l&#039;actualit\u00e9 sportive\",\"publisher\":{\"@id\":\"https:\/\/dicodusport.fr\/blog\/#organization\"},\"potentialAction\":[{\"@type\":\"SearchAction\",\"target\":{\"@type\":\"EntryPoint\",\"urlTemplate\":\"https:\/\/dicodusport.fr\/blog\/?s={search_term_string}\"},\"query-input\":{\"@type\":\"PropertyValueSpecification\",\"valueRequired\":true,\"valueName\":\"search_term_string\"}}],\"inLanguage\":\"fr-FR\"},{\"@type\":\"NewsMediaOrganization\",\"@id\":\"https:\/\/dicodusport.fr\/blog\/#organization\",\"name\":\"Dicodusport\",\"url\":\"https:\/\/dicodusport.fr\/blog\/\",\"logo\":{\"@type\":\"ImageObject\",\"inLanguage\":\"fr-FR\",\"@id\":\"https:\/\/dicodusport.fr\/blog\/#\/schema\/logo\/image\/\",\"url\":\"https:\/\/dicodusport.fr\/blog\/wp-content\/uploads\/2020\/06\/cropped-LOGO-DICODUSPORT-2020-SANS-FOND-SANS-TEXTE.png\",\"contentUrl\":\"https:\/\/dicodusport.fr\/blog\/wp-content\/uploads\/2020\/06\/cropped-LOGO-DICODUSPORT-2020-SANS-FOND-SANS-TEXTE.png\",\"width\":512,\"height\":512,\"caption\":\"Dicodusport\"},\"image\":{\"@id\":\"https:\/\/dicodusport.fr\/blog\/#\/schema\/logo\/image\/\"},\"sameAs\":[\"https:\/\/www.facebook.com\/dicodusport\",\"https:\/\/x.com\/dicodusport\",\"https:\/\/www.instagram.com\/dicodusport\/\",\"https:\/\/www.youtube.com\/channel\/UC7V2KZ5sd3htJivAbA4ZG3w\"],\"description\":\"Dicodusport est l'encyclop\u00e9die de l'actualit\u00e9 sportive.\",\"email\":\"bonjour@dicodusport.fr\",\"legalName\":\"DICODUSPORT\",\"foundingDate\":\"2018-01-14\",\"vatID\":\"FR71834470973\",\"taxID\":\"83447097300043\",\"numberOfEmployees\":{\"@type\":\"QuantitativeValue\",\"minValue\":\"1\",\"maxValue\":\"10\"}},{\"@type\":\"Person\",\"@id\":\"https:\/\/dicodusport.fr\/blog\/#\/schema\/person\/d42c64fd3f03197157c71106ec84f28a\",\"name\":\"Aur\u00e9lien Torreilles\",\"image\":{\"@type\":\"ImageObject\",\"inLanguage\":\"fr-FR\",\"@id\":\"https:\/\/dicodusport.fr\/blog\/#\/schema\/person\/image\/\",\"url\":\"https:\/\/dicodusport.fr\/blog\/wp-content\/uploads\/2025\/06\/Aurelien-Torreilles-150x150.jpg\",\"contentUrl\":\"https:\/\/dicodusport.fr\/blog\/wp-content\/uploads\/2025\/06\/Aurelien-Torreilles-150x150.jpg\",\"caption\":\"Aur\u00e9lien Torreilles\"},\"description\":\"Encore apprenti journaliste, je d\u00e9couvre d\u00e8s mon plus jeune \u00e2ge les joies, les \u00e9motions et les frissons du monde du sport. Tr\u00e8s vite, j'en suis convaincu, je parlerai de sport toute ma vie, et promis pas que de rugby. Apr\u00e8s 3 ann\u00e9es de droit franco-espagnol, j'ai vite bifurqu\u00e9 vers l'\u00e9cole de journalisme de Toulouse pour en apprendre encore plus quant \u00e0 ce monde qui me passionne et parfaire mes tr\u00e8s jeunes et modestes connaissances. Je rejoins Dicodusport en juin 2025 apr\u00e8s 3 ann\u00e9es pass\u00e9es sur Treize Mondial. Faire vivre l'actualit\u00e9, transmettre l'information et transmettre des \u00e9motions sont mes seuls objectifs. Bien \u00e9videmment, tout \u00e7a dans la bonne humeur transpirante de l'\u00e9quipe de Dicodusport !\",\"url\":\"https:\/\/dicodusport.fr\/blog\/author\/aurelien\/\"}]}<\/script>\n<!-- \/ Yoast SEO Premium plugin. -->","yoast_head_json":{"title":"Ligue 1 2025\/2026 (J4) : Le PSG s'impose face \u00e0 Lens et retrouve le si\u00e8ge de leader","description":"De retour apr\u00e8s la tr\u00eave internationale, le Paris Saint-Germain retrouvait la pelouse du Parc des Princes pour le compte de la 4\u00e8me journ\u00e9e de Ligue 1. Face \u00e0 Lens, les Parisiens de Luis Enrique se sont impos\u00e9s 2-0.\u00a0","robots":{"index":"index","follow":"follow","max-snippet":"max-snippet:-1","max-image-preview":"max-image-preview:large","max-video-preview":"max-video-preview:-1"},"canonical":"https:\/\/dicodusport.fr\/blog\/ligue-1-2025-2026-j4-le-psg-simpose-face-a-lens-et-retrouve-le-siege-de-leader\/","og_locale":"fr_FR","og_type":"article","og_title":"Ligue 1 2025\/2026 (J4) : Le PSG s'impose face \u00e0 Lens et retrouve le si\u00e8ge de leader","og_description":"De retour apr\u00e8s la tr\u00eave internationale, le Paris Saint-Germain retrouvait la pelouse du Parc des Princes pour le compte de la 4\u00e8me journ\u00e9e de Ligue 1. Face \u00e0 Lens, les Parisiens de Luis Enrique se sont impos\u00e9s 2-0.\u00a0","og_url":"https:\/\/dicodusport.fr\/blog\/ligue-1-2025-2026-j4-le-psg-simpose-face-a-lens-et-retrouve-le-siege-de-leader\/","og_site_name":"Dicodusport","article_publisher":"https:\/\/www.facebook.com\/dicodusport","article_published_time":"2025-09-14T17:18:58+00:00","article_modified_time":"2025-09-14T17:59:47+00:00","og_image":[{"width":1200,"height":674,"url":"https:\/\/dicodusport.fr\/blog\/wp-content\/uploads\/2025\/09\/Ligue-1-20252026-J4-Le-PSG-simpose-face-a-Lens-et-retrouve-le-siege-de-leader.png","type":"image\/png"}],"author":"Aur\u00e9lien Torreilles","twitter_card":"summary_large_image","twitter_title":"Ligue 1 2025\/2026 (J4) : Le PSG s'impose face \u00e0 Lens et retrouve le si\u00e8ge de leader","twitter_creator":"@dicodusport","twitter_site":"@dicodusport","schema":{"@context":"https:\/\/schema.org","@graph":[{"@type":"NewsArticle","@id":"https:\/\/dicodusport.fr\/blog\/ligue-1-2025-2026-j4-le-psg-simpose-face-a-lens-et-retrouve-le-siege-de-leader\/#article","isPartOf":{"@id":"https:\/\/dicodusport.fr\/blog\/ligue-1-2025-2026-j4-le-psg-simpose-face-a-lens-et-retrouve-le-siege-de-leader\/"},"author":{"name":"Aur\u00e9lien Torreilles","@id":"https:\/\/dicodusport.fr\/blog\/#\/schema\/person\/d42c64fd3f03197157c71106ec84f28a"},"headline":"Ligue 1 2025\/2026 (J4) : Le PSG s&rsquo;impose face \u00e0 Lens et retrouve le si\u00e8ge de leader","datePublished":"2025-09-14T17:18:58+00:00","dateModified":"2025-09-14T17:59:47+00:00","mainEntityOfPage":{"@id":"https:\/\/dicodusport.fr\/blog\/ligue-1-2025-2026-j4-le-psg-simpose-face-a-lens-et-retrouve-le-siege-de-leader\/"},"wordCount":745,"commentCount":0,"publisher":{"@id":"https:\/\/dicodusport.fr\/blog\/#organization"},"image":{"@id":"https:\/\/dicodusport.fr\/blog\/ligue-1-2025-2026-j4-le-psg-simpose-face-a-lens-et-retrouve-le-siege-de-leader\/#primaryimage"},"thumbnailUrl":"https:\/\/dicodusport.fr\/blog\/wp-content\/uploads\/2025\/09\/Ligue-1-20252026-J4-Le-PSG-simpose-face-a-Lens-et-retrouve-le-siege-de-leader.png","keywords":["br\u00e8ve","Football","Ligue 1","Paris Saint-Germain","RC Lens"],"articleSection":["Ligue 1"],"inLanguage":"fr-FR","potentialAction":[{"@type":"CommentAction","name":"Comment","target":["https:\/\/dicodusport.fr\/blog\/ligue-1-2025-2026-j4-le-psg-simpose-face-a-lens-et-retrouve-le-siege-de-leader\/#respond"]}],"copyrightYear":"2025","copyrightHolder":{"@id":"https:\/\/dicodusport.fr\/blog\/#organization"}},{"@type":"WebPage","@id":"https:\/\/dicodusport.fr\/blog\/ligue-1-2025-2026-j4-le-psg-simpose-face-a-lens-et-retrouve-le-siege-de-leader\/","url":"https:\/\/dicodusport.fr\/blog\/ligue-1-2025-2026-j4-le-psg-simpose-face-a-lens-et-retrouve-le-siege-de-leader\/","name":"Ligue 1 2025\/2026 (J4) : Le PSG s'impose face \u00e0 Lens et retrouve le si\u00e8ge de leader","isPartOf":{"@id":"https:\/\/dicodusport.fr\/blog\/#website"},"primaryImageOfPage":{"@id":"https:\/\/dicodusport.fr\/blog\/ligue-1-2025-2026-j4-le-psg-simpose-face-a-lens-et-retrouve-le-siege-de-leader\/#primaryimage"},"image":{"@id":"https:\/\/dicodusport.fr\/blog\/ligue-1-2025-2026-j4-le-psg-simpose-face-a-lens-et-retrouve-le-siege-de-leader\/#primaryimage"},"thumbnailUrl":"https:\/\/dicodusport.fr\/blog\/wp-content\/uploads\/2025\/09\/Ligue-1-20252026-J4-Le-PSG-simpose-face-a-Lens-et-retrouve-le-siege-de-leader.png","datePublished":"2025-09-14T17:18:58+00:00","dateModified":"2025-09-14T17:59:47+00:00","description":"De retour apr\u00e8s la tr\u00eave internationale, le Paris Saint-Germain retrouvait la pelouse du Parc des Princes pour le compte de la 4\u00e8me journ\u00e9e de Ligue 1. Face \u00e0 Lens, les Parisiens de Luis Enrique se sont impos\u00e9s 2-0.\u00a0","breadcrumb":{"@id":"https:\/\/dicodusport.fr\/blog\/ligue-1-2025-2026-j4-le-psg-simpose-face-a-lens-et-retrouve-le-siege-de-leader\/#breadcrumb"},"inLanguage":"fr-FR","potentialAction":[{"@type":"ReadAction","target":["https:\/\/dicodusport.fr\/blog\/ligue-1-2025-2026-j4-le-psg-simpose-face-a-lens-et-retrouve-le-siege-de-leader\/"]}]},{"@type":"ImageObject","inLanguage":"fr-FR","@id":"https:\/\/dicodusport.fr\/blog\/ligue-1-2025-2026-j4-le-psg-simpose-face-a-lens-et-retrouve-le-siege-de-leader\/#primaryimage","url":"https:\/\/dicodusport.fr\/blog\/wp-content\/uploads\/2025\/09\/Ligue-1-20252026-J4-Le-PSG-simpose-face-a-Lens-et-retrouve-le-siege-de-leader.png","contentUrl":"https:\/\/dicodusport.fr\/blog\/wp-content\/uploads\/2025\/09\/Ligue-1-20252026-J4-Le-PSG-simpose-face-a-Lens-et-retrouve-le-siege-de-leader.png","width":1200,"height":674,"caption":"Ligue 1 20252026 (J4) Le PSG s'impose face \u00e0 Lens et retrouve le si\u00e8ge de leader"},{"@type":"BreadcrumbList","@id":"https:\/\/dicodusport.fr\/blog\/ligue-1-2025-2026-j4-le-psg-simpose-face-a-lens-et-retrouve-le-siege-de-leader\/#breadcrumb","itemListElement":[{"@type":"ListItem","position":1,"name":"Accueil","item":"https:\/\/dicodusport.fr\/blog\/"},{"@type":"ListItem","position":2,"name":"Ligue 1 2025\/2026 (J4) : Le PSG s&rsquo;impose face \u00e0 Lens et retrouve le si\u00e8ge de leader"}]},{"@type":"WebSite","@id":"https:\/\/dicodusport.fr\/blog\/#website","url":"https:\/\/dicodusport.fr\/blog\/","name":"Dicodusport","description":"L&#039;encyclop\u00e9die de l&#039;actualit\u00e9 sportive","publisher":{"@id":"https:\/\/dicodusport.fr\/blog\/#organization"},"potentialAction":[{"@type":"SearchAction","target":{"@type":"EntryPoint","urlTemplate":"https:\/\/dicodusport.fr\/blog\/?s={search_term_string}"},"query-input":{"@type":"PropertyValueSpecification","valueRequired":true,"valueName":"search_term_string"}}],"inLanguage":"fr-FR"},{"@type":"NewsMediaOrganization","@id":"https:\/\/dicodusport.fr\/blog\/#organization","name":"Dicodusport","url":"https:\/\/dicodusport.fr\/blog\/","logo":{"@type":"ImageObject","inLanguage":"fr-FR","@id":"https:\/\/dicodusport.fr\/blog\/#\/schema\/logo\/image\/","url":"https:\/\/dicodusport.fr\/blog\/wp-content\/uploads\/2020\/06\/cropped-LOGO-DICODUSPORT-2020-SANS-FOND-SANS-TEXTE.png","contentUrl":"https:\/\/dicodusport.fr\/blog\/wp-content\/uploads\/2020\/06\/cropped-LOGO-DICODUSPORT-2020-SANS-FOND-SANS-TEXTE.png","width":512,"height":512,"caption":"Dicodusport"},"image":{"@id":"https:\/\/dicodusport.fr\/blog\/#\/schema\/logo\/image\/"},"sameAs":["https:\/\/www.facebook.com\/dicodusport","https:\/\/x.com\/dicodusport","https:\/\/www.instagram.com\/dicodusport\/","https:\/\/www.youtube.com\/channel\/UC7V2KZ5sd3htJivAbA4ZG3w"],"description":"Dicodusport est l'encyclop\u00e9die de l'actualit\u00e9 sportive.","email":"bonjour@dicodusport.fr","legalName":"DICODUSPORT","foundingDate":"2018-01-14","vatID":"FR71834470973","taxID":"83447097300043","numberOfEmployees":{"@type":"QuantitativeValue","minValue":"1","maxValue":"10"}},{"@type":"Person","@id":"https:\/\/dicodusport.fr\/blog\/#\/schema\/person\/d42c64fd3f03197157c71106ec84f28a","name":"Aur\u00e9lien Torreilles","image":{"@type":"ImageObject","inLanguage":"fr-FR","@id":"https:\/\/dicodusport.fr\/blog\/#\/schema\/person\/image\/","url":"https:\/\/dicodusport.fr\/blog\/wp-content\/uploads\/2025\/06\/Aurelien-Torreilles-150x150.jpg","contentUrl":"https:\/\/dicodusport.fr\/blog\/wp-content\/uploads\/2025\/06\/Aurelien-Torreilles-150x150.jpg","caption":"Aur\u00e9lien Torreilles"},"description":"Encore apprenti journaliste, je d\u00e9couvre d\u00e8s mon plus jeune \u00e2ge les joies, les \u00e9motions et les frissons du monde du sport. Tr\u00e8s vite, j'en suis convaincu, je parlerai de sport toute ma vie, et promis pas que de rugby. Apr\u00e8s 3 ann\u00e9es de droit franco-espagnol, j'ai vite bifurqu\u00e9 vers l'\u00e9cole de journalisme de Toulouse pour en apprendre encore plus quant \u00e0 ce monde qui me passionne et parfaire mes tr\u00e8s jeunes et modestes connaissances. Je rejoins Dicodusport en juin 2025 apr\u00e8s 3 ann\u00e9es pass\u00e9es sur Treize Mondial. Faire vivre l'actualit\u00e9, transmettre l'information et transmettre des \u00e9motions sont mes seuls objectifs. Bien \u00e9videmment, tout \u00e7a dans la bonne humeur transpirante de l'\u00e9quipe de Dicodusport !","url":"https:\/\/dicodusport.fr\/blog\/author\/aurelien\/"}]}},"_links":{"self":[{"href":"https:\/\/dicodusport.fr\/blog\/wp-json\/wp\/v2\/posts\/611032","targetHints":{"allow":["GET"]}}],"collection":[{"href":"https:\/\/dicodusport.fr\/blog\/wp-json\/wp\/v2\/posts"}],"about":[{"href":"https:\/\/dicodusport.fr\/blog\/wp-json\/wp\/v2\/types\/post"}],"author":[{"embeddable":true,"href":"https:\/\/dicodusport.fr\/blog\/wp-json\/wp\/v2\/users\/119"}],"replies":[{"embeddable":true,"href":"https:\/\/dicodusport.fr\/blog\/wp-json\/wp\/v2\/comments?post=611032"}],"version-history":[{"count":5,"href":"https:\/\/dicodusport.fr\/blog\/wp-json\/wp\/v2\/posts\/611032\/revisions"}],"predecessor-version":[{"id":611090,"href":"https:\/\/dicodusport.fr\/blog\/wp-json\/wp\/v2\/posts\/611032\/revisions\/611090"}],"wp:featuredmedia":[{"embeddable":true,"href":"https:\/\/dicodusport.fr\/blog\/wp-json\/wp\/v2\/media\/611074"}],"wp:attachment":[{"href":"https:\/\/dicodusport.fr\/blog\/wp-json\/wp\/v2\/media?parent=611032"}],"wp:term":[{"taxonomy":"category","embeddable":true,"href":"https:\/\/dicodusport.fr\/blog\/wp-json\/wp\/v2\/categories?post=611032"},{"taxonomy":"post_tag","embeddable":true,"href":"https:\/\/dicodusport.fr\/blog\/wp-json\/wp\/v2\/tags?post=611032"}],"curies":[{"name":"wp","href":"https:\/\/api.w.org\/{rel}","templated":true}]}}