{"id":611182,"date":"2025-09-15T09:35:36","date_gmt":"2025-09-15T07:35:36","guid":{"rendered":"https:\/\/dicodusport.fr\/blog\/?p=611182&#038;preview=true&#038;preview_id=611182"},"modified":"2025-09-15T09:35:36","modified_gmt":"2025-09-15T07:35:36","slug":"transferts-tres-courtise-max-spring-a-tranche-pour-son-avenir","status":"publish","type":"post","link":"https:\/\/dicodusport.fr\/blog\/transferts-tres-courtise-max-spring-a-tranche-pour-son-avenir\/","title":{"rendered":"Transferts : Tr\u00e8s courtis\u00e9, Max Spring a tranch\u00e9 pour son avenir"},"content":{"rendered":"<p style=\"text-align: justify;\"><strong><em>TRANSFERTS RUGBY &#8211; Max Spring devrait rester au Racing 92, malgr\u00e9 les avances de Clermont. L&rsquo;arri\u00e8re international est arriv\u00e9 il y a cinq ans dans le club francilien.<br \/>\n<\/em><\/strong><\/p>\n<ul>\n<li><strong>\u00c0 lire aussi &#8211; <a href=\"https:\/\/dicodusport.fr\/blog\/transferts-gailleton-menoncello-et-duguivalu-agitent-le-marche\/\">Transferts : Gailleton, Menoncello et Duguivalu agitent le march\u00e9<\/a><\/strong><\/li>\n<\/ul>\n<p style=\"text-align: justify;\"><a href=\"https:\/\/dicodusport.fr\/blog\/transferts-apres-bayonne-un-autre-club-de-top-14-veut-signer-max-spring\/\"><strong>Max Spring<\/strong><\/a> allait \u00eatre en fin de contrat au <strong>Racing 92<\/strong> \u00e0 l&rsquo;\u00e9t\u00e9 2026, mais le club a semble-t-il fait les efforts pour le conserver. Selon nos confr\u00e8res du <em>Midi Olympique<\/em>, l&rsquo;arri\u00e8re fran\u00e7ais devrait continuer \u00e0 porter les couleurs du club qu&rsquo;il a rejoint il y a cinq ans. Pourtant courtis\u00e9 par Clermont, <strong>Spring<\/strong> a donc fait le choix de la stabilit\u00e9.<\/p>\n<div class=\"vlp-link-container vlp-layout-article\"><a href=\"https:\/\/dicodusport.fr\/blog\/transferts-apres-bayonne-un-autre-club-de-top-14-veut-signer-max-spring\/\" class=\"vlp-link\" title=\"Transferts : Apr\u00e8s Bayonne, un autre club de Top 14 veut signer Max Spring\"><\/a><div class=\"vlp-layout-zone-side\"><div class=\"vlp-block-4 vlp-link-image\"><img loading=\"lazy\" decoding=\"async\" style=\"max-width: 792px;\" width=\"792\" height=\"445\" src=\"https:\/\/dicodusport.fr\/blog\/wp-content\/uploads\/2025\/09\/Transferts-Apres-Bayonne-un-autre-club-de-Top-14-veut-signer-Max-Spring.png\" class=\"attachment-800x445 size-800x445\" alt=\"\" srcset=\"https:\/\/dicodusport.fr\/blog\/wp-content\/uploads\/2025\/09\/Transferts-Apres-Bayonne-un-autre-club-de-Top-14-veut-signer-Max-Spring.png 1200w, https:\/\/dicodusport.fr\/blog\/wp-content\/uploads\/2025\/09\/Transferts-Apres-Bayonne-un-autre-club-de-Top-14-veut-signer-Max-Spring-300x169.png 300w, https:\/\/dicodusport.fr\/blog\/wp-content\/uploads\/2025\/09\/Transferts-Apres-Bayonne-un-autre-club-de-Top-14-veut-signer-Max-Spring-1024x575.png 1024w, https:\/\/dicodusport.fr\/blog\/wp-content\/uploads\/2025\/09\/Transferts-Apres-Bayonne-un-autre-club-de-Top-14-veut-signer-Max-Spring-768x431.png 768w\" sizes=\"auto, (max-width: 792px) 100vw, 792px\" \/><\/div><\/div><div class=\"vlp-layout-zone-main\"><div class=\"vlp-block-0 vlp-link-title\">Transferts : Apr\u00e8s Bayonne, un autre club de Top 14 veut signer Max Spring<\/div><div class=\"vlp-block-1 vlp-link-summary\">TRANSFERTS - Selon le Midi Olympique, l'ASM Clermont voudrait aussi signer l'arri\u00e8re du Racing 92, Max Spring.<\/div><div class=\"vlp-block-2 vlp-link-button\">Lire l'article<\/div><div class=\"vlp-block-3 vlp-link-url\">dicodusport.fr<\/div><\/div><\/div>\n<h2>Un avenir comme titulaire pour Max Spring<\/h2>\n<p style=\"text-align: justify;\">Cadre au Racing 92, <strong>Max Spring<\/strong> \u00e9tait \u00e9galement sur les tablettes de l&rsquo;<strong>Aviron Bayonnais<\/strong>. Il aurait alors pu former un duo <strong>Spring<\/strong>, avec son fr\u00e8re <strong>Tom<\/strong>. Mais c&rsquo;\u00e9tait surtout <strong>Clermont<\/strong> qui \u00e9tait sur les rangs pour attirer <strong>Max Spring<\/strong>. D\u00e9sireux de se renforcer avec des joueurs fran\u00e7ais, et alors qu&rsquo;<strong>Alex Newsome<\/strong> est en fin de contrat en 2026, le club auvergnat voyait d&rsquo;un bon \u0153il l&rsquo;arriv\u00e9e de l&rsquo;arri\u00e8re international (1 s\u00e9lection).<\/p>\n<p style=\"text-align: justify;\">Apr\u00e8s une d\u00e9faite face au LOU lors de la premi\u00e8re journ\u00e9e de Top 14, le <strong>Racing 92<\/strong> s&rsquo;est largement repris ce week-end, avec une large victoire face \u00e0 l&rsquo;Union Bordeaux-B\u00e8gles. Et <strong>Max Spring<\/strong> s&rsquo;est largement mis en valeur, avec notamment un tripl\u00e9 inscrit en premi\u00e8re mi-temps.<\/p>\n<h3>\u00c0 lire aussi<\/h3>\n<div class=\"vlp-link-container vlp-layout-article\"><a href=\"https:\/\/dicodusport.fr\/blog\/top-14-2025-2026-j2-le-racing-92-foudroie-lubb\/\" class=\"vlp-link\" title=\"Top 14 2025-2026 (J2) : Le Racing 92 foudroie l&#039;UBB\"><\/a><div class=\"vlp-layout-zone-side\"><div class=\"vlp-block-4 vlp-link-image\"><img loading=\"lazy\" decoding=\"async\" style=\"max-width: 792px;\" width=\"792\" height=\"445\" src=\"https:\/\/dicodusport.fr\/blog\/wp-content\/uploads\/2025\/09\/Top-14-2025-2026-J2-Le-Racing-92-foudroie-lUBB.png\" class=\"attachment-800x445 size-800x445\" alt=\"Top 14 2025-2026 (J2) Le Racing 92 foudroie l&#039;UBB\" srcset=\"https:\/\/dicodusport.fr\/blog\/wp-content\/uploads\/2025\/09\/Top-14-2025-2026-J2-Le-Racing-92-foudroie-lUBB.png 1200w, https:\/\/dicodusport.fr\/blog\/wp-content\/uploads\/2025\/09\/Top-14-2025-2026-J2-Le-Racing-92-foudroie-lUBB-300x169.png 300w, https:\/\/dicodusport.fr\/blog\/wp-content\/uploads\/2025\/09\/Top-14-2025-2026-J2-Le-Racing-92-foudroie-lUBB-1024x575.png 1024w, https:\/\/dicodusport.fr\/blog\/wp-content\/uploads\/2025\/09\/Top-14-2025-2026-J2-Le-Racing-92-foudroie-lUBB-768x431.png 768w\" sizes=\"auto, (max-width: 792px) 100vw, 792px\" \/><\/div><\/div><div class=\"vlp-layout-zone-main\"><div class=\"vlp-block-0 vlp-link-title\">Top 14 2025-2026 (J2) : Le Racing 92 foudroie l'UBB<\/div><div class=\"vlp-block-1 vlp-link-summary\">Gr\u00e2ce \u00e0 une entame de match de pure folie, le Racing 92 s'impose haut la main face \u00e0 l'Union Bordeaux-B\u00e8gles sur la pelouse de la Paris La D\u00e9fense Arena. Victoire 44-32 des Racingmen \u00e0 domicile.<\/div><div class=\"vlp-block-2 vlp-link-button\">Lire l'article<\/div><div class=\"vlp-block-3 vlp-link-url\">dicodusport.fr<\/div><\/div><\/div>\n","protected":false},"excerpt":{"rendered":"<p>TRANSFERTS RUGBY &#8211; Max Spring devrait rester au Racing 92, malgr\u00e9 les avances de Clermont. L&rsquo;arri\u00e8re international est arriv\u00e9 il y a cinq ans dans le club francilien.<\/p>\n","protected":false},"author":88,"featured_media":611186,"comment_status":"open","ping_status":"closed","sticky":false,"template":"","format":"standard","meta":{"_acf_changed":false,"_daextam_enable_autolinks":"1","footnotes":""},"categories":[47050],"tags":[16878,111,7982],"class_list":["post-611182","post","type-post","status-publish","format-standard","has-post-thumbnail","hentry","category-top-14","tag-breve","tag-top-14","tag-transferts-racing-92"],"acf":[],"yoast_head":"<!-- This site is optimized with the Yoast SEO Premium plugin v26.7 (Yoast SEO v26.7) - https:\/\/yoast.com\/wordpress\/plugins\/seo\/ -->\n<title>Transferts : Tr\u00e8s courtis\u00e9, Max Spring a tranch\u00e9 pour son avenir<\/title>\n<meta name=\"description\" content=\"TRANSFERTS RUGBY - Max Spring devrait rester au Racing 92, malgr\u00e9 les avances de Clermont. L&#039;arri\u00e8re international est arriv\u00e9 il y a cinq ans dans le club francilien.\" \/>\n<meta name=\"robots\" content=\"index, follow, max-snippet:-1, max-image-preview:large, max-video-preview:-1\" \/>\n<link rel=\"canonical\" href=\"https:\/\/dicodusport.fr\/blog\/transferts-tres-courtise-max-spring-a-tranche-pour-son-avenir\/\" \/>\n<meta property=\"og:locale\" content=\"fr_FR\" \/>\n<meta property=\"og:type\" content=\"article\" \/>\n<meta property=\"og:title\" content=\"Transferts : Tr\u00e8s courtis\u00e9, Max Spring a tranch\u00e9 pour son avenir\" \/>\n<meta property=\"og:description\" content=\"TRANSFERTS RUGBY - Max Spring devrait rester au Racing 92, malgr\u00e9 les avances de Clermont. L&#039;arri\u00e8re international est arriv\u00e9 il y a cinq ans dans le club francilien.\" \/>\n<meta property=\"og:url\" content=\"https:\/\/dicodusport.fr\/blog\/transferts-tres-courtise-max-spring-a-tranche-pour-son-avenir\/\" \/>\n<meta property=\"og:site_name\" content=\"Dicodusport\" \/>\n<meta property=\"article:publisher\" content=\"https:\/\/www.facebook.com\/dicodusport\" \/>\n<meta property=\"article:published_time\" content=\"2025-09-15T07:35:36+00:00\" \/>\n<meta property=\"og:image\" content=\"https:\/\/dicodusport.fr\/blog\/wp-content\/uploads\/2025\/09\/Transferts-Tres-courtise-Max-Spring-a-tranche-pour-son-avenir.png\" \/>\n\t<meta property=\"og:image:width\" content=\"1200\" \/>\n\t<meta property=\"og:image:height\" content=\"674\" \/>\n\t<meta property=\"og:image:type\" content=\"image\/png\" \/>\n<meta name=\"author\" content=\"Paul Lalevee\" \/>\n<meta name=\"twitter:card\" content=\"summary_large_image\" \/>\n<meta name=\"twitter:title\" content=\"Transferts : Tr\u00e8s courtis\u00e9, Max Spring a tranch\u00e9 pour son avenir\" \/>\n<meta name=\"twitter:creator\" content=\"@dicodusport\" \/>\n<meta name=\"twitter:site\" content=\"@dicodusport\" \/>\n<script type=\"application\/ld+json\" class=\"yoast-schema-graph\">{\"@context\":\"https:\/\/schema.org\",\"@graph\":[{\"@type\":\"NewsArticle\",\"@id\":\"https:\/\/dicodusport.fr\/blog\/transferts-tres-courtise-max-spring-a-tranche-pour-son-avenir\/#article\",\"isPartOf\":{\"@id\":\"https:\/\/dicodusport.fr\/blog\/transferts-tres-courtise-max-spring-a-tranche-pour-son-avenir\/\"},\"author\":{\"name\":\"Paul Lalevee\",\"@id\":\"https:\/\/dicodusport.fr\/blog\/#\/schema\/person\/1eaa63dfac40b5e5c47f03a71920c1cd\"},\"headline\":\"Transferts : Tr\u00e8s courtis\u00e9, Max Spring a tranch\u00e9 pour son avenir\",\"datePublished\":\"2025-09-15T07:35:36+00:00\",\"mainEntityOfPage\":{\"@id\":\"https:\/\/dicodusport.fr\/blog\/transferts-tres-courtise-max-spring-a-tranche-pour-son-avenir\/\"},\"wordCount\":431,\"commentCount\":0,\"publisher\":{\"@id\":\"https:\/\/dicodusport.fr\/blog\/#organization\"},\"image\":{\"@id\":\"https:\/\/dicodusport.fr\/blog\/transferts-tres-courtise-max-spring-a-tranche-pour-son-avenir\/#primaryimage\"},\"thumbnailUrl\":\"https:\/\/dicodusport.fr\/blog\/wp-content\/uploads\/2025\/09\/Transferts-Tres-courtise-Max-Spring-a-tranche-pour-son-avenir.png\",\"keywords\":[\"br\u00e8ve\",\"Top 14\",\"Transferts Racing 92\"],\"articleSection\":[\"Top 14\"],\"inLanguage\":\"fr-FR\",\"potentialAction\":[{\"@type\":\"CommentAction\",\"name\":\"Comment\",\"target\":[\"https:\/\/dicodusport.fr\/blog\/transferts-tres-courtise-max-spring-a-tranche-pour-son-avenir\/#respond\"]}],\"copyrightYear\":\"2025\",\"copyrightHolder\":{\"@id\":\"https:\/\/dicodusport.fr\/blog\/#organization\"}},{\"@type\":\"WebPage\",\"@id\":\"https:\/\/dicodusport.fr\/blog\/transferts-tres-courtise-max-spring-a-tranche-pour-son-avenir\/\",\"url\":\"https:\/\/dicodusport.fr\/blog\/transferts-tres-courtise-max-spring-a-tranche-pour-son-avenir\/\",\"name\":\"Transferts : Tr\u00e8s courtis\u00e9, Max Spring a tranch\u00e9 pour son avenir\",\"isPartOf\":{\"@id\":\"https:\/\/dicodusport.fr\/blog\/#website\"},\"primaryImageOfPage\":{\"@id\":\"https:\/\/dicodusport.fr\/blog\/transferts-tres-courtise-max-spring-a-tranche-pour-son-avenir\/#primaryimage\"},\"image\":{\"@id\":\"https:\/\/dicodusport.fr\/blog\/transferts-tres-courtise-max-spring-a-tranche-pour-son-avenir\/#primaryimage\"},\"thumbnailUrl\":\"https:\/\/dicodusport.fr\/blog\/wp-content\/uploads\/2025\/09\/Transferts-Tres-courtise-Max-Spring-a-tranche-pour-son-avenir.png\",\"datePublished\":\"2025-09-15T07:35:36+00:00\",\"description\":\"TRANSFERTS RUGBY - Max Spring devrait rester au Racing 92, malgr\u00e9 les avances de Clermont. L'arri\u00e8re international est arriv\u00e9 il y a cinq ans dans le club francilien.\",\"breadcrumb\":{\"@id\":\"https:\/\/dicodusport.fr\/blog\/transferts-tres-courtise-max-spring-a-tranche-pour-son-avenir\/#breadcrumb\"},\"inLanguage\":\"fr-FR\",\"potentialAction\":[{\"@type\":\"ReadAction\",\"target\":[\"https:\/\/dicodusport.fr\/blog\/transferts-tres-courtise-max-spring-a-tranche-pour-son-avenir\/\"]}]},{\"@type\":\"ImageObject\",\"inLanguage\":\"fr-FR\",\"@id\":\"https:\/\/dicodusport.fr\/blog\/transferts-tres-courtise-max-spring-a-tranche-pour-son-avenir\/#primaryimage\",\"url\":\"https:\/\/dicodusport.fr\/blog\/wp-content\/uploads\/2025\/09\/Transferts-Tres-courtise-Max-Spring-a-tranche-pour-son-avenir.png\",\"contentUrl\":\"https:\/\/dicodusport.fr\/blog\/wp-content\/uploads\/2025\/09\/Transferts-Tres-courtise-Max-Spring-a-tranche-pour-son-avenir.png\",\"width\":1200,\"height\":674,\"caption\":\"Transferts Tr\u00e8s courtis\u00e9, Max Spring a tranch\u00e9 pour son avenir\"},{\"@type\":\"BreadcrumbList\",\"@id\":\"https:\/\/dicodusport.fr\/blog\/transferts-tres-courtise-max-spring-a-tranche-pour-son-avenir\/#breadcrumb\",\"itemListElement\":[{\"@type\":\"ListItem\",\"position\":1,\"name\":\"Accueil\",\"item\":\"https:\/\/dicodusport.fr\/blog\/\"},{\"@type\":\"ListItem\",\"position\":2,\"name\":\"Transferts : Tr\u00e8s courtis\u00e9, Max Spring a tranch\u00e9 pour son avenir\"}]},{\"@type\":\"WebSite\",\"@id\":\"https:\/\/dicodusport.fr\/blog\/#website\",\"url\":\"https:\/\/dicodusport.fr\/blog\/\",\"name\":\"Dicodusport\",\"description\":\"L&#039;encyclop\u00e9die de l&#039;actualit\u00e9 sportive\",\"publisher\":{\"@id\":\"https:\/\/dicodusport.fr\/blog\/#organization\"},\"potentialAction\":[{\"@type\":\"SearchAction\",\"target\":{\"@type\":\"EntryPoint\",\"urlTemplate\":\"https:\/\/dicodusport.fr\/blog\/?s={search_term_string}\"},\"query-input\":{\"@type\":\"PropertyValueSpecification\",\"valueRequired\":true,\"valueName\":\"search_term_string\"}}],\"inLanguage\":\"fr-FR\"},{\"@type\":\"NewsMediaOrganization\",\"@id\":\"https:\/\/dicodusport.fr\/blog\/#organization\",\"name\":\"Dicodusport\",\"url\":\"https:\/\/dicodusport.fr\/blog\/\",\"logo\":{\"@type\":\"ImageObject\",\"inLanguage\":\"fr-FR\",\"@id\":\"https:\/\/dicodusport.fr\/blog\/#\/schema\/logo\/image\/\",\"url\":\"https:\/\/dicodusport.fr\/blog\/wp-content\/uploads\/2020\/06\/cropped-LOGO-DICODUSPORT-2020-SANS-FOND-SANS-TEXTE.png\",\"contentUrl\":\"https:\/\/dicodusport.fr\/blog\/wp-content\/uploads\/2020\/06\/cropped-LOGO-DICODUSPORT-2020-SANS-FOND-SANS-TEXTE.png\",\"width\":512,\"height\":512,\"caption\":\"Dicodusport\"},\"image\":{\"@id\":\"https:\/\/dicodusport.fr\/blog\/#\/schema\/logo\/image\/\"},\"sameAs\":[\"https:\/\/www.facebook.com\/dicodusport\",\"https:\/\/x.com\/dicodusport\",\"https:\/\/www.instagram.com\/dicodusport\/\",\"https:\/\/www.youtube.com\/channel\/UC7V2KZ5sd3htJivAbA4ZG3w\"],\"description\":\"Dicodusport est l'encyclop\u00e9die de l'actualit\u00e9 sportive.\",\"email\":\"bonjour@dicodusport.fr\",\"legalName\":\"DICODUSPORT\",\"foundingDate\":\"2018-01-14\",\"vatID\":\"FR71834470973\",\"taxID\":\"83447097300043\",\"numberOfEmployees\":{\"@type\":\"QuantitativeValue\",\"minValue\":\"1\",\"maxValue\":\"10\"}},{\"@type\":\"Person\",\"@id\":\"https:\/\/dicodusport.fr\/blog\/#\/schema\/person\/1eaa63dfac40b5e5c47f03a71920c1cd\",\"name\":\"Paul Lalevee\",\"image\":{\"@type\":\"ImageObject\",\"inLanguage\":\"fr-FR\",\"@id\":\"https:\/\/dicodusport.fr\/blog\/#\/schema\/person\/image\/\",\"url\":\"https:\/\/dicodusport.fr\/blog\/wp-content\/uploads\/2023\/10\/291154246_1690604071293245_3118259335115946499_n-150x150.jpg\",\"contentUrl\":\"https:\/\/dicodusport.fr\/blog\/wp-content\/uploads\/2023\/10\/291154246_1690604071293245_3118259335115946499_n-150x150.jpg\",\"caption\":\"Paul Lalevee\"},\"description\":\"La bulle Disney pendant le Covid, le Tour 2019, la Coupe du monde 2018. Ces trois \u00e9v\u00e9nements majeurs sont ancr\u00e9s dans ma t\u00eate de fan de sport, n\u00e9gativement ou positivement. Passionn\u00e9 de sport depuis l'enfance, j'ai d\u00e9cid\u00e9 de mettre ma passion de l'\u00e9criture au service de cette premi\u00e8re passion.\",\"url\":\"https:\/\/dicodusport.fr\/blog\/author\/paul-lalevee\/\"}]}<\/script>\n<!-- \/ Yoast SEO Premium plugin. -->","yoast_head_json":{"title":"Transferts : Tr\u00e8s courtis\u00e9, Max Spring a tranch\u00e9 pour son avenir","description":"TRANSFERTS RUGBY - Max Spring devrait rester au Racing 92, malgr\u00e9 les avances de Clermont. L'arri\u00e8re international est arriv\u00e9 il y a cinq ans dans le club francilien.","robots":{"index":"index","follow":"follow","max-snippet":"max-snippet:-1","max-image-preview":"max-image-preview:large","max-video-preview":"max-video-preview:-1"},"canonical":"https:\/\/dicodusport.fr\/blog\/transferts-tres-courtise-max-spring-a-tranche-pour-son-avenir\/","og_locale":"fr_FR","og_type":"article","og_title":"Transferts : Tr\u00e8s courtis\u00e9, Max Spring a tranch\u00e9 pour son avenir","og_description":"TRANSFERTS RUGBY - Max Spring devrait rester au Racing 92, malgr\u00e9 les avances de Clermont. L'arri\u00e8re international est arriv\u00e9 il y a cinq ans dans le club francilien.","og_url":"https:\/\/dicodusport.fr\/blog\/transferts-tres-courtise-max-spring-a-tranche-pour-son-avenir\/","og_site_name":"Dicodusport","article_publisher":"https:\/\/www.facebook.com\/dicodusport","article_published_time":"2025-09-15T07:35:36+00:00","og_image":[{"width":1200,"height":674,"url":"https:\/\/dicodusport.fr\/blog\/wp-content\/uploads\/2025\/09\/Transferts-Tres-courtise-Max-Spring-a-tranche-pour-son-avenir.png","type":"image\/png"}],"author":"Paul Lalevee","twitter_card":"summary_large_image","twitter_title":"Transferts : Tr\u00e8s courtis\u00e9, Max Spring a tranch\u00e9 pour son avenir","twitter_creator":"@dicodusport","twitter_site":"@dicodusport","schema":{"@context":"https:\/\/schema.org","@graph":[{"@type":"NewsArticle","@id":"https:\/\/dicodusport.fr\/blog\/transferts-tres-courtise-max-spring-a-tranche-pour-son-avenir\/#article","isPartOf":{"@id":"https:\/\/dicodusport.fr\/blog\/transferts-tres-courtise-max-spring-a-tranche-pour-son-avenir\/"},"author":{"name":"Paul Lalevee","@id":"https:\/\/dicodusport.fr\/blog\/#\/schema\/person\/1eaa63dfac40b5e5c47f03a71920c1cd"},"headline":"Transferts : Tr\u00e8s courtis\u00e9, Max Spring a tranch\u00e9 pour son avenir","datePublished":"2025-09-15T07:35:36+00:00","mainEntityOfPage":{"@id":"https:\/\/dicodusport.fr\/blog\/transferts-tres-courtise-max-spring-a-tranche-pour-son-avenir\/"},"wordCount":431,"commentCount":0,"publisher":{"@id":"https:\/\/dicodusport.fr\/blog\/#organization"},"image":{"@id":"https:\/\/dicodusport.fr\/blog\/transferts-tres-courtise-max-spring-a-tranche-pour-son-avenir\/#primaryimage"},"thumbnailUrl":"https:\/\/dicodusport.fr\/blog\/wp-content\/uploads\/2025\/09\/Transferts-Tres-courtise-Max-Spring-a-tranche-pour-son-avenir.png","keywords":["br\u00e8ve","Top 14","Transferts Racing 92"],"articleSection":["Top 14"],"inLanguage":"fr-FR","potentialAction":[{"@type":"CommentAction","name":"Comment","target":["https:\/\/dicodusport.fr\/blog\/transferts-tres-courtise-max-spring-a-tranche-pour-son-avenir\/#respond"]}],"copyrightYear":"2025","copyrightHolder":{"@id":"https:\/\/dicodusport.fr\/blog\/#organization"}},{"@type":"WebPage","@id":"https:\/\/dicodusport.fr\/blog\/transferts-tres-courtise-max-spring-a-tranche-pour-son-avenir\/","url":"https:\/\/dicodusport.fr\/blog\/transferts-tres-courtise-max-spring-a-tranche-pour-son-avenir\/","name":"Transferts : Tr\u00e8s courtis\u00e9, Max Spring a tranch\u00e9 pour son avenir","isPartOf":{"@id":"https:\/\/dicodusport.fr\/blog\/#website"},"primaryImageOfPage":{"@id":"https:\/\/dicodusport.fr\/blog\/transferts-tres-courtise-max-spring-a-tranche-pour-son-avenir\/#primaryimage"},"image":{"@id":"https:\/\/dicodusport.fr\/blog\/transferts-tres-courtise-max-spring-a-tranche-pour-son-avenir\/#primaryimage"},"thumbnailUrl":"https:\/\/dicodusport.fr\/blog\/wp-content\/uploads\/2025\/09\/Transferts-Tres-courtise-Max-Spring-a-tranche-pour-son-avenir.png","datePublished":"2025-09-15T07:35:36+00:00","description":"TRANSFERTS RUGBY - Max Spring devrait rester au Racing 92, malgr\u00e9 les avances de Clermont. L'arri\u00e8re international est arriv\u00e9 il y a cinq ans dans le club francilien.","breadcrumb":{"@id":"https:\/\/dicodusport.fr\/blog\/transferts-tres-courtise-max-spring-a-tranche-pour-son-avenir\/#breadcrumb"},"inLanguage":"fr-FR","potentialAction":[{"@type":"ReadAction","target":["https:\/\/dicodusport.fr\/blog\/transferts-tres-courtise-max-spring-a-tranche-pour-son-avenir\/"]}]},{"@type":"ImageObject","inLanguage":"fr-FR","@id":"https:\/\/dicodusport.fr\/blog\/transferts-tres-courtise-max-spring-a-tranche-pour-son-avenir\/#primaryimage","url":"https:\/\/dicodusport.fr\/blog\/wp-content\/uploads\/2025\/09\/Transferts-Tres-courtise-Max-Spring-a-tranche-pour-son-avenir.png","contentUrl":"https:\/\/dicodusport.fr\/blog\/wp-content\/uploads\/2025\/09\/Transferts-Tres-courtise-Max-Spring-a-tranche-pour-son-avenir.png","width":1200,"height":674,"caption":"Transferts Tr\u00e8s courtis\u00e9, Max Spring a tranch\u00e9 pour son avenir"},{"@type":"BreadcrumbList","@id":"https:\/\/dicodusport.fr\/blog\/transferts-tres-courtise-max-spring-a-tranche-pour-son-avenir\/#breadcrumb","itemListElement":[{"@type":"ListItem","position":1,"name":"Accueil","item":"https:\/\/dicodusport.fr\/blog\/"},{"@type":"ListItem","position":2,"name":"Transferts : Tr\u00e8s courtis\u00e9, Max Spring a tranch\u00e9 pour son avenir"}]},{"@type":"WebSite","@id":"https:\/\/dicodusport.fr\/blog\/#website","url":"https:\/\/dicodusport.fr\/blog\/","name":"Dicodusport","description":"L&#039;encyclop\u00e9die de l&#039;actualit\u00e9 sportive","publisher":{"@id":"https:\/\/dicodusport.fr\/blog\/#organization"},"potentialAction":[{"@type":"SearchAction","target":{"@type":"EntryPoint","urlTemplate":"https:\/\/dicodusport.fr\/blog\/?s={search_term_string}"},"query-input":{"@type":"PropertyValueSpecification","valueRequired":true,"valueName":"search_term_string"}}],"inLanguage":"fr-FR"},{"@type":"NewsMediaOrganization","@id":"https:\/\/dicodusport.fr\/blog\/#organization","name":"Dicodusport","url":"https:\/\/dicodusport.fr\/blog\/","logo":{"@type":"ImageObject","inLanguage":"fr-FR","@id":"https:\/\/dicodusport.fr\/blog\/#\/schema\/logo\/image\/","url":"https:\/\/dicodusport.fr\/blog\/wp-content\/uploads\/2020\/06\/cropped-LOGO-DICODUSPORT-2020-SANS-FOND-SANS-TEXTE.png","contentUrl":"https:\/\/dicodusport.fr\/blog\/wp-content\/uploads\/2020\/06\/cropped-LOGO-DICODUSPORT-2020-SANS-FOND-SANS-TEXTE.png","width":512,"height":512,"caption":"Dicodusport"},"image":{"@id":"https:\/\/dicodusport.fr\/blog\/#\/schema\/logo\/image\/"},"sameAs":["https:\/\/www.facebook.com\/dicodusport","https:\/\/x.com\/dicodusport","https:\/\/www.instagram.com\/dicodusport\/","https:\/\/www.youtube.com\/channel\/UC7V2KZ5sd3htJivAbA4ZG3w"],"description":"Dicodusport est l'encyclop\u00e9die de l'actualit\u00e9 sportive.","email":"bonjour@dicodusport.fr","legalName":"DICODUSPORT","foundingDate":"2018-01-14","vatID":"FR71834470973","taxID":"83447097300043","numberOfEmployees":{"@type":"QuantitativeValue","minValue":"1","maxValue":"10"}},{"@type":"Person","@id":"https:\/\/dicodusport.fr\/blog\/#\/schema\/person\/1eaa63dfac40b5e5c47f03a71920c1cd","name":"Paul Lalevee","image":{"@type":"ImageObject","inLanguage":"fr-FR","@id":"https:\/\/dicodusport.fr\/blog\/#\/schema\/person\/image\/","url":"https:\/\/dicodusport.fr\/blog\/wp-content\/uploads\/2023\/10\/291154246_1690604071293245_3118259335115946499_n-150x150.jpg","contentUrl":"https:\/\/dicodusport.fr\/blog\/wp-content\/uploads\/2023\/10\/291154246_1690604071293245_3118259335115946499_n-150x150.jpg","caption":"Paul Lalevee"},"description":"La bulle Disney pendant le Covid, le Tour 2019, la Coupe du monde 2018. Ces trois \u00e9v\u00e9nements majeurs sont ancr\u00e9s dans ma t\u00eate de fan de sport, n\u00e9gativement ou positivement. Passionn\u00e9 de sport depuis l'enfance, j'ai d\u00e9cid\u00e9 de mettre ma passion de l'\u00e9criture au service de cette premi\u00e8re passion.","url":"https:\/\/dicodusport.fr\/blog\/author\/paul-lalevee\/"}]}},"_links":{"self":[{"href":"https:\/\/dicodusport.fr\/blog\/wp-json\/wp\/v2\/posts\/611182","targetHints":{"allow":["GET"]}}],"collection":[{"href":"https:\/\/dicodusport.fr\/blog\/wp-json\/wp\/v2\/posts"}],"about":[{"href":"https:\/\/dicodusport.fr\/blog\/wp-json\/wp\/v2\/types\/post"}],"author":[{"embeddable":true,"href":"https:\/\/dicodusport.fr\/blog\/wp-json\/wp\/v2\/users\/88"}],"replies":[{"embeddable":true,"href":"https:\/\/dicodusport.fr\/blog\/wp-json\/wp\/v2\/comments?post=611182"}],"version-history":[{"count":3,"href":"https:\/\/dicodusport.fr\/blog\/wp-json\/wp\/v2\/posts\/611182\/revisions"}],"predecessor-version":[{"id":611187,"href":"https:\/\/dicodusport.fr\/blog\/wp-json\/wp\/v2\/posts\/611182\/revisions\/611187"}],"wp:featuredmedia":[{"embeddable":true,"href":"https:\/\/dicodusport.fr\/blog\/wp-json\/wp\/v2\/media\/611186"}],"wp:attachment":[{"href":"https:\/\/dicodusport.fr\/blog\/wp-json\/wp\/v2\/media?parent=611182"}],"wp:term":[{"taxonomy":"category","embeddable":true,"href":"https:\/\/dicodusport.fr\/blog\/wp-json\/wp\/v2\/categories?post=611182"},{"taxonomy":"post_tag","embeddable":true,"href":"https:\/\/dicodusport.fr\/blog\/wp-json\/wp\/v2\/tags?post=611182"}],"curies":[{"name":"wp","href":"https:\/\/api.w.org\/{rel}","templated":true}]}}