{"id":611256,"date":"2025-09-18T11:00:40","date_gmt":"2025-09-18T09:00:40","guid":{"rendered":"https:\/\/dicodusport.fr\/blog\/?p=611256&#038;preview=true&#038;preview_id=611256"},"modified":"2025-09-18T11:21:16","modified_gmt":"2025-09-18T09:21:16","slug":"mondiaux-de-cyclisme-au-rwanda-un-defi-pour-limage-du-pays","status":"publish","type":"post","link":"https:\/\/dicodusport.fr\/blog\/mondiaux-de-cyclisme-au-rwanda-un-defi-pour-limage-du-pays\/","title":{"rendered":"Mondiaux de cyclisme au Rwanda : un d\u00e9fi pour l\u2019image du pays"},"content":{"rendered":"<p style=\"text-align: justify;\"><strong><em>CYCLISME &#8211; Les championnats du monde de cyclisme sur route au Rwanda ont leur lot de critiques. Quelle s\u00e9curit\u00e9 pour les coureurs et la course alors que le pays est en guerre avec le Congo voisin ? Ces Mondiaux seront source de d\u00e9bats, m\u00eame si tout se passe bien.<\/em><\/strong><\/p>\n<ul>\n<li style=\"text-align: justify;\"><strong>\u00c0 ce sujet &#8211; <a href=\"https:\/\/dicodusport.fr\/blog\/actualites\/cyclisme\/\">L&rsquo;actualit\u00e9 du cyclisme<\/a><\/strong><\/li>\n<\/ul>\n<p style=\"text-align: justify;\">L&rsquo;inqui\u00e9tude est de mise, \u00e0 quelques jours du d\u00e9bat des <strong>Mondiaux au Rwanda<\/strong>. Alors que l&rsquo;instabilit\u00e9 r\u00e8gne dans ce pays d&rsquo;Afrique, les coureurs du monde entier vont se disputer le maillot arc-en-ciel. Mais en toile de fond, le climat politique et diplomatique qui r\u00e8gne sera \u00e9touffant.<\/p>\n<div class=\"vlp-link-container vlp-layout-article\"><a href=\"https:\/\/dicodusport.fr\/blog\/mondiaux-cyclisme-2025-les-selections-de-toutes-les-nations\/\" class=\"vlp-link\" title=\"Mondiaux Cyclisme 2025 : Les s\u00e9lections de toutes les nations\"><\/a><div class=\"vlp-layout-zone-side\"><div class=\"vlp-block-4 vlp-link-image\"><img loading=\"lazy\" decoding=\"async\" style=\"max-width: 792px;\" width=\"792\" height=\"445\" src=\"https:\/\/dicodusport.fr\/blog\/wp-content\/uploads\/2025\/09\/Mondiaux-Cyclisme-2025-Les-selections-de-toutes-les-nations.png\" class=\"attachment-800x445 size-800x445\" alt=\"Mondiaux Cyclisme 2025 Les s\u00e9lections de toutes les nations\" srcset=\"https:\/\/dicodusport.fr\/blog\/wp-content\/uploads\/2025\/09\/Mondiaux-Cyclisme-2025-Les-selections-de-toutes-les-nations.png 1200w, https:\/\/dicodusport.fr\/blog\/wp-content\/uploads\/2025\/09\/Mondiaux-Cyclisme-2025-Les-selections-de-toutes-les-nations-300x169.png 300w, https:\/\/dicodusport.fr\/blog\/wp-content\/uploads\/2025\/09\/Mondiaux-Cyclisme-2025-Les-selections-de-toutes-les-nations-1024x575.png 1024w, https:\/\/dicodusport.fr\/blog\/wp-content\/uploads\/2025\/09\/Mondiaux-Cyclisme-2025-Les-selections-de-toutes-les-nations-768x431.png 768w\" sizes=\"auto, (max-width: 792px) 100vw, 792px\" \/><\/div><\/div><div class=\"vlp-layout-zone-main\"><div class=\"vlp-block-0 vlp-link-title\">Mondiaux Cyclisme 2025 : Les s\u00e9lections de toutes les nations<\/div><div class=\"vlp-block-1 vlp-link-summary\">CHAMPIONNATS DU MONDE DE CYCLISME SUR ROUTE 2025 - D\u00e9couvrez les s\u00e9lections de l'ensemble des nations, en vue des Mondiaux sur route pr\u00e9vus du 21 au 28 septembre \u00e0 Kigali (Rwanda).<\/div><div class=\"vlp-block-2 vlp-link-button\">Lire l'article<\/div><div class=\"vlp-block-3 vlp-link-url\">dicodusport.fr<\/div><\/div><\/div>\n<h2 style=\"text-align: justify;\">Un conflit ouvert au Congo, mais aussi des questions budg\u00e9taires<\/h2>\n<p style=\"text-align: justify;\">Entre le <strong>Congo<\/strong> et le <strong>Rwanda<\/strong>, les tensions g\u00e9opolitiques sont tr\u00e8s vives depuis des ann\u00e9es. Au c\u0153ur du conflit, le groupe arm\u00e9 <strong>M23<\/strong>, qui r\u00e8gne sur une partie du Congo et lutte avec l&rsquo;arm\u00e9e rwandaise contre les forces congolaises. Le Rwanda n\u2019a jamais explicitement reconnu sa pr\u00e9sence sur le sol congolais. De quoi inqui\u00e9ter les autorit\u00e9s internationales, alors que des coureurs du monde entier arrivent ces derniers jours \u00e0 <strong>Kigali<\/strong>. Les garanties s\u00e9curitaires seront-elles au rendez-vous pour une course d&rsquo;un tel enjeu ?<\/p>\n<p style=\"text-align: justify;\">Au-del\u00e0 de la s\u00e9curit\u00e9, <a href=\"https:\/\/dicodusport.fr\/blog\/cyclisme-les-championnats-du-monde-au-rwanda-plus-que-jamais-menaces\/\">la tenue des Mondiaux au Rwanda<\/a> soul\u00e8ve aussi des questions d\u2019ordre budg\u00e9taire. Le Danemark et les Pays-Bas ont d\u2019ores et d\u00e9j\u00e0 d\u00e9cid\u00e9 de n\u2019envoyer qu\u2019une s\u00e9lection r\u00e9duite, en raison du co\u00fbt \u00e9lev\u00e9 des d\u00e9placements et de l\u2019h\u00e9bergement. M\u00eame chose pour l&rsquo;\u00e9quipe de France, avec des effectifs restreints chez les jeunes. D\u2019autres f\u00e9d\u00e9rations pointent du doigt les conditions sanitaires et climatiques au Rwanda.<\/p>\n<p style=\"text-align: justify;\">Lors du Tour du Rwanda, l&rsquo;\u00e9quipe Soudal-Quick Step avait pr\u00e9f\u00e9r\u00e9 se retirer de la course. La formation belge estimait que la s\u00e9curit\u00e9 n&rsquo;\u00e9tait pas garantie sur l\u2019enti\u00e8ret\u00e9 du parcours pour ses coureurs et son staff. \u00ab<em>\u00a0L\u2019arriv\u00e9e et le d\u00e9part dans la zone \u00e0 risque, o\u00f9 se trouvait aussi notre h\u00f4tel, nous a inqui\u00e9t\u00e9s\u00a0<\/em>\u00bb, a expliqu\u00e9 le patron de l\u2019\u00e9quipe, <strong>Jurgen For\u00e9<\/strong>, au m\u00e9dia belge <em>Sporza<\/em>, \u00e9voquant l\u2019arriv\u00e9e de la 3<sup>e<\/sup>\u00a0\u00e9tape et le d\u00e9part de la 4<sup>e<\/sup>\u00a0\u00e0 Rubavu, \u00e0 15\u00a0km seulement de Goma, la principale ville de l\u2019est congolais tomb\u00e9e fin janvier entre les mains du M23.<\/p>\n<h2 style=\"text-align: justify;\">Quelles sont les r\u00e9ponses de la part des instances sportives ?<\/h2>\n<p style=\"text-align: justify;\">Un temps \u00e9voqu\u00e9 par la presse belge, le plan B d&rsquo;un report en Suisse a finalement \u00e9t\u00e9 d\u00e9menti par l&rsquo;UCI. Et ce malgr\u00e9 l&rsquo;abandon de l&rsquo;\u00e9tape test des Mondiaux, suite \u00e0 des routes d\u00e9tremp\u00e9es. Fin septembre, c&rsquo;est pourtant le d\u00e9but de la saison des pluies au Rwanda. Esp\u00e9rons que les coureurs n&rsquo;aient pas \u00e0 \u00e9voluer sous des trombes d&rsquo;eau&#8230;<\/p>\n<p style=\"text-align: justify;\">De son c\u00f4t\u00e9, l&rsquo;UCI a d\u00e9clar\u00e9 que des garanties s\u00e9curitaires \u00e9taient bien assur\u00e9es par les autorit\u00e9s rwandaises. Plusieurs f\u00e9d\u00e9rations, inqui\u00e8tes, avaient un temps laiss\u00e9 planer le doute sur leur venue pour ce premier championnat du monde sur le continent africain. <a href=\"https:\/\/dicodusport.fr\/blog\/tour-de-france-totalenergies-prolonge-son-partenariat-et-se-rapproche-dineos-grenadiers\/\"><strong>Jean-Ren\u00e9 Bernaudeau<\/strong><\/a>, directeur de l&rsquo;\u00e9quipe TotalEnergies, s&rsquo;est \u00e9rig\u00e9 en fervent d\u00e9fenseur de la course, d\u00e9clarant \u00e0 l&rsquo;<em>AFP<\/em> faire <em>\u00ab<\/em> <em>confiance \u00e0 l\u2019arm\u00e9e rwandaise pour assurer la s\u00e9curit\u00e9. La ville de Kigali qui va accueillir les championnats est \u00e0 1600 m d\u2019altitude, \u00e9loign\u00e9es des fortes chaleurs, et les conditions sanitaires dans les h\u00f4tels sont totales. Aujourd&rsquo;hui, ils parlent plut\u00f4t d&rsquo;envahir les autres que d&rsquo;\u00eatre en danger dans le pays<\/em> <em>\u00bb<\/em>. Un constat qui pose toutefois question.<\/p>\n<h2 style=\"text-align: justify;\">Les Mondiaux, une course \u00e0 grands enjeux pour l&rsquo;image du Rwanda<\/h2>\n<p style=\"text-align: justify;\">Un soutien de poids pour les autorit\u00e9s rwandaises qui ont fait du sport un vecteur de promotion, 30 ans apr\u00e8s le g\u00e9nocide qui a fait pr\u00e8s de 800 000 morts selon l\u2019ONU. Pour ce premier Mondial en Afrique, le <strong>Rwanda<\/strong> a de grandes responsabilit\u00e9s. En effet, l&rsquo;image du pays est en jeu.<\/p>\n<div class=\"vlp-link-container vlp-layout-article\"><a href=\"https:\/\/dicodusport.fr\/blog\/le-cyclisme-au-rwanda-un-developpement-toujours-plus-rapide\/\" class=\"vlp-link\" title=\"Le cyclisme au Rwanda, un d\u00e9veloppement toujours plus rapide\"><\/a><div class=\"vlp-layout-zone-side\"><div class=\"vlp-block-4 vlp-link-image\"><img loading=\"lazy\" decoding=\"async\" style=\"max-width: 800px;\" width=\"800\" height=\"445\" src=\"https:\/\/dicodusport.fr\/blog\/wp-content\/uploads\/2021\/05\/Le-cyclisme-au-Rwanda-un-developpement-toujours-plus-rapide.png\" class=\"attachment-800x445 size-800x445\" alt=\"Le cyclisme au Rwanda, un d\u00e9veloppement toujours plus rapide\" srcset=\"https:\/\/dicodusport.fr\/blog\/wp-content\/uploads\/2021\/05\/Le-cyclisme-au-Rwanda-un-developpement-toujours-plus-rapide.png 800w, https:\/\/dicodusport.fr\/blog\/wp-content\/uploads\/2021\/05\/Le-cyclisme-au-Rwanda-un-developpement-toujours-plus-rapide-300x167.png 300w, https:\/\/dicodusport.fr\/blog\/wp-content\/uploads\/2021\/05\/Le-cyclisme-au-Rwanda-un-developpement-toujours-plus-rapide-768x427.png 768w\" sizes=\"auto, (max-width: 800px) 100vw, 800px\" \/><\/div><\/div><div class=\"vlp-layout-zone-main\"><div class=\"vlp-block-0 vlp-link-title\">Le cyclisme au Rwanda, un d\u00e9veloppement toujours plus rapide<\/div><div class=\"vlp-block-1 vlp-link-summary\">Au lendemain du Tour du Rwanda 2021, le pays aux mille collines fait son trou dans le cyclisme. Encourag\u00e9 fortement par le gouvernement, son d\u00e9veloppement suit une trajectoire ascendante qui pourrait atteindre son summum en 2025. En candidature pour les championnats du monde, la capitale Kigali pourrait ainsi devenir la premi\u00e8re ville africaine \u00e0 organiser les championnats du monde.<\/div><div class=\"vlp-block-2 vlp-link-button\">Lire l'article<\/div><div class=\"vlp-block-3 vlp-link-url\">dicodusport.fr<\/div><\/div><\/div>\n<p style=\"text-align: justify;\">Incarnant personnellement la diplomatie sportive de son pays, le pr\u00e9sident <strong>Paul Kagame<\/strong> est devenu proche au fil des ann\u00e9es de nombreux dirigeants sportifs tels <a href=\"https:\/\/dicodusport.fr\/blog\/une-procedure-penale-ouverte-contre-gianni-infantino\/\"><strong>Gianni Infantino<\/strong><\/a> (pr\u00e9sident de la FIFA), <strong>Masai Ujiri<\/strong> (ancien pr\u00e9sident de la franchise NBA de <a href=\"https:\/\/dicodusport.fr\/blog\/preview-nba-2024-2025-la-page-du-titre-de-2019-tournee-les-raptors-entament-une-nouvelle-ere\/\">Toronto<\/a>) ou <strong>David Lappartient<\/strong> (pr\u00e9sident de l&rsquo;UCI) qui a toujours d\u00e9fendu le choix d\u2019attribuer au Rwanda les Championnats du monde sur route en 2025. Pourtant, Kagame est r\u00e9guli\u00e8rement accus\u00e9 de violations des droits humains et de r\u00e9gner dans un climat de peur sur sa population.<\/p>\n<p style=\"text-align: justify;\">Ces Mondiaux sont donc l&rsquo;occasion pour le <strong>Rwanda<\/strong> d&#8217;embellir son image, afin de redonner ses lettres de noblesse au continent africain. <strong>Kigali<\/strong> dispose ainsi de nombreuses pistes cyclables. Au-del\u00e0 du v\u00e9lo, c\u2019est un plan d\u2019envergure qui a \u00e9t\u00e9 mis en place avec le FMI (Fonds Mon\u00e9taire International) dans le but de relancer la croissance, et en mettant en avant l\u2019\u00e9cologie. Sur les derni\u00e8res ann\u00e9es, les premiers r\u00e9sultats ont \u00e9t\u00e9 plut\u00f4t positifs.<\/p>\n","protected":false},"excerpt":{"rendered":"<p>Les championnats du monde de cyclisme sur route au Rwanda ont leur lot de critiques. Quelle s\u00e9curit\u00e9 pour les coureurs et la course alors que le pays est en guerre avec le Congo voisin ? Ces Mondiaux seront source de d\u00e9bats, m\u00eame si tout se passe bien.<\/p>\n","protected":false},"author":88,"featured_media":612251,"comment_status":"open","ping_status":"closed","sticky":false,"template":"","format":"standard","meta":{"_acf_changed":false,"_daextam_enable_autolinks":"1","footnotes":""},"categories":[46994],"tags":[16878,19450,24],"class_list":["post-611256","post","type-post","status-publish","format-standard","has-post-thumbnail","hentry","category-cyclisme-sur-route","tag-breve","tag-championnats-du-monde-de-cyclisme-sur-route","tag-sport"],"acf":[],"yoast_head":"<!-- This site is optimized with the Yoast SEO Premium plugin v26.7 (Yoast SEO v26.7) - https:\/\/yoast.com\/wordpress\/plugins\/seo\/ -->\n<title>Mondiaux de cyclisme au Rwanda : un d\u00e9fi pour l\u2019image du pays<\/title>\n<meta name=\"description\" content=\"CYCLISME - Les championnats du monde de cyclisme sur route au Rwanda ont leur lot de critiques. Quelle s\u00e9curit\u00e9 pour les coureurs et la course alors que le pays est en guerre avec le Congo voisin ? Ces Mondiaux seront source de d\u00e9bats, m\u00eame si tout se passe bien.\" \/>\n<meta name=\"robots\" content=\"index, follow, max-snippet:-1, max-image-preview:large, max-video-preview:-1\" \/>\n<link rel=\"canonical\" href=\"https:\/\/dicodusport.fr\/blog\/mondiaux-de-cyclisme-au-rwanda-un-defi-pour-limage-du-pays\/\" \/>\n<meta property=\"og:locale\" content=\"fr_FR\" \/>\n<meta property=\"og:type\" content=\"article\" \/>\n<meta property=\"og:title\" content=\"S\u00e9curit\u00e9, droits humains et image du pays\u00a0: les d\u00e9bats autour de l\u2019organisation des Mondiaux de cyclisme au Rwanda\" \/>\n<meta property=\"og:description\" content=\"CYCLISME - Les championnats du monde de cyclisme sur route au Rwanda ont leur lot de critiques. Quelle s\u00e9curit\u00e9 pour les coureurs et la course alors que le pays est en guerre avec le Congo voisin ? Ces Mondiaux seront source de d\u00e9bats, m\u00eame si tout se passe bien.\" \/>\n<meta property=\"og:url\" content=\"https:\/\/dicodusport.fr\/blog\/mondiaux-de-cyclisme-au-rwanda-un-defi-pour-limage-du-pays\/\" \/>\n<meta property=\"og:site_name\" content=\"Dicodusport\" \/>\n<meta property=\"article:publisher\" content=\"https:\/\/www.facebook.com\/dicodusport\" \/>\n<meta property=\"article:published_time\" content=\"2025-09-18T09:00:40+00:00\" \/>\n<meta property=\"article:modified_time\" content=\"2025-09-18T09:21:16+00:00\" \/>\n<meta property=\"og:image\" content=\"https:\/\/dicodusport.fr\/blog\/wp-content\/uploads\/2025\/09\/Mondiaux-de-cyclisme-au-Rwanda-un-defi-pour-limage-du-pays.png\" \/>\n\t<meta property=\"og:image:width\" content=\"1200\" \/>\n\t<meta property=\"og:image:height\" content=\"674\" \/>\n\t<meta property=\"og:image:type\" content=\"image\/png\" \/>\n<meta name=\"author\" content=\"Paul Lalevee\" \/>\n<meta name=\"twitter:card\" content=\"summary_large_image\" \/>\n<meta name=\"twitter:title\" content=\"S\u00e9curit\u00e9, droits humains et image du pays\u00a0: les d\u00e9bats autour de l\u2019organisation des Mondiaux de cyclisme au Rwanda\" \/>\n<meta name=\"twitter:creator\" content=\"@dicodusport\" \/>\n<meta name=\"twitter:site\" content=\"@dicodusport\" \/>\n<script type=\"application\/ld+json\" class=\"yoast-schema-graph\">{\"@context\":\"https:\/\/schema.org\",\"@graph\":[{\"@type\":\"NewsArticle\",\"@id\":\"https:\/\/dicodusport.fr\/blog\/mondiaux-de-cyclisme-au-rwanda-un-defi-pour-limage-du-pays\/#article\",\"isPartOf\":{\"@id\":\"https:\/\/dicodusport.fr\/blog\/mondiaux-de-cyclisme-au-rwanda-un-defi-pour-limage-du-pays\/\"},\"author\":{\"name\":\"Paul Lalevee\",\"@id\":\"https:\/\/dicodusport.fr\/blog\/#\/schema\/person\/1eaa63dfac40b5e5c47f03a71920c1cd\"},\"headline\":\"Mondiaux de cyclisme au Rwanda : un d\u00e9fi pour l\u2019image du pays\",\"datePublished\":\"2025-09-18T09:00:40+00:00\",\"dateModified\":\"2025-09-18T09:21:16+00:00\",\"mainEntityOfPage\":{\"@id\":\"https:\/\/dicodusport.fr\/blog\/mondiaux-de-cyclisme-au-rwanda-un-defi-pour-limage-du-pays\/\"},\"wordCount\":1076,\"commentCount\":0,\"publisher\":{\"@id\":\"https:\/\/dicodusport.fr\/blog\/#organization\"},\"image\":{\"@id\":\"https:\/\/dicodusport.fr\/blog\/mondiaux-de-cyclisme-au-rwanda-un-defi-pour-limage-du-pays\/#primaryimage\"},\"thumbnailUrl\":\"https:\/\/dicodusport.fr\/blog\/wp-content\/uploads\/2025\/09\/Mondiaux-de-cyclisme-au-Rwanda-un-defi-pour-limage-du-pays.png\",\"keywords\":[\"br\u00e8ve\",\"Championnats du monde de cyclisme sur route\",\"sport\"],\"articleSection\":[\"Cyclisme sur route\"],\"inLanguage\":\"fr-FR\",\"potentialAction\":[{\"@type\":\"CommentAction\",\"name\":\"Comment\",\"target\":[\"https:\/\/dicodusport.fr\/blog\/mondiaux-de-cyclisme-au-rwanda-un-defi-pour-limage-du-pays\/#respond\"]}],\"copyrightYear\":\"2025\",\"copyrightHolder\":{\"@id\":\"https:\/\/dicodusport.fr\/blog\/#organization\"}},{\"@type\":\"WebPage\",\"@id\":\"https:\/\/dicodusport.fr\/blog\/mondiaux-de-cyclisme-au-rwanda-un-defi-pour-limage-du-pays\/\",\"url\":\"https:\/\/dicodusport.fr\/blog\/mondiaux-de-cyclisme-au-rwanda-un-defi-pour-limage-du-pays\/\",\"name\":\"Mondiaux de cyclisme au Rwanda : un d\u00e9fi pour l\u2019image du pays\",\"isPartOf\":{\"@id\":\"https:\/\/dicodusport.fr\/blog\/#website\"},\"primaryImageOfPage\":{\"@id\":\"https:\/\/dicodusport.fr\/blog\/mondiaux-de-cyclisme-au-rwanda-un-defi-pour-limage-du-pays\/#primaryimage\"},\"image\":{\"@id\":\"https:\/\/dicodusport.fr\/blog\/mondiaux-de-cyclisme-au-rwanda-un-defi-pour-limage-du-pays\/#primaryimage\"},\"thumbnailUrl\":\"https:\/\/dicodusport.fr\/blog\/wp-content\/uploads\/2025\/09\/Mondiaux-de-cyclisme-au-Rwanda-un-defi-pour-limage-du-pays.png\",\"datePublished\":\"2025-09-18T09:00:40+00:00\",\"dateModified\":\"2025-09-18T09:21:16+00:00\",\"description\":\"CYCLISME - Les championnats du monde de cyclisme sur route au Rwanda ont leur lot de critiques. Quelle s\u00e9curit\u00e9 pour les coureurs et la course alors que le pays est en guerre avec le Congo voisin ? Ces Mondiaux seront source de d\u00e9bats, m\u00eame si tout se passe bien.\",\"breadcrumb\":{\"@id\":\"https:\/\/dicodusport.fr\/blog\/mondiaux-de-cyclisme-au-rwanda-un-defi-pour-limage-du-pays\/#breadcrumb\"},\"inLanguage\":\"fr-FR\",\"potentialAction\":[{\"@type\":\"ReadAction\",\"target\":[\"https:\/\/dicodusport.fr\/blog\/mondiaux-de-cyclisme-au-rwanda-un-defi-pour-limage-du-pays\/\"]}]},{\"@type\":\"ImageObject\",\"inLanguage\":\"fr-FR\",\"@id\":\"https:\/\/dicodusport.fr\/blog\/mondiaux-de-cyclisme-au-rwanda-un-defi-pour-limage-du-pays\/#primaryimage\",\"url\":\"https:\/\/dicodusport.fr\/blog\/wp-content\/uploads\/2025\/09\/Mondiaux-de-cyclisme-au-Rwanda-un-defi-pour-limage-du-pays.png\",\"contentUrl\":\"https:\/\/dicodusport.fr\/blog\/wp-content\/uploads\/2025\/09\/Mondiaux-de-cyclisme-au-Rwanda-un-defi-pour-limage-du-pays.png\",\"width\":1200,\"height\":674,\"caption\":\"Mondiaux de cyclisme au Rwanda un d\u00e9fi pour l\u2019image du pays\"},{\"@type\":\"BreadcrumbList\",\"@id\":\"https:\/\/dicodusport.fr\/blog\/mondiaux-de-cyclisme-au-rwanda-un-defi-pour-limage-du-pays\/#breadcrumb\",\"itemListElement\":[{\"@type\":\"ListItem\",\"position\":1,\"name\":\"Accueil\",\"item\":\"https:\/\/dicodusport.fr\/blog\/\"},{\"@type\":\"ListItem\",\"position\":2,\"name\":\"Mondiaux de cyclisme au Rwanda : un d\u00e9fi pour l\u2019image du pays\"}]},{\"@type\":\"WebSite\",\"@id\":\"https:\/\/dicodusport.fr\/blog\/#website\",\"url\":\"https:\/\/dicodusport.fr\/blog\/\",\"name\":\"Dicodusport\",\"description\":\"L&#039;encyclop\u00e9die de l&#039;actualit\u00e9 sportive\",\"publisher\":{\"@id\":\"https:\/\/dicodusport.fr\/blog\/#organization\"},\"potentialAction\":[{\"@type\":\"SearchAction\",\"target\":{\"@type\":\"EntryPoint\",\"urlTemplate\":\"https:\/\/dicodusport.fr\/blog\/?s={search_term_string}\"},\"query-input\":{\"@type\":\"PropertyValueSpecification\",\"valueRequired\":true,\"valueName\":\"search_term_string\"}}],\"inLanguage\":\"fr-FR\"},{\"@type\":\"NewsMediaOrganization\",\"@id\":\"https:\/\/dicodusport.fr\/blog\/#organization\",\"name\":\"Dicodusport\",\"url\":\"https:\/\/dicodusport.fr\/blog\/\",\"logo\":{\"@type\":\"ImageObject\",\"inLanguage\":\"fr-FR\",\"@id\":\"https:\/\/dicodusport.fr\/blog\/#\/schema\/logo\/image\/\",\"url\":\"https:\/\/dicodusport.fr\/blog\/wp-content\/uploads\/2020\/06\/cropped-LOGO-DICODUSPORT-2020-SANS-FOND-SANS-TEXTE.png\",\"contentUrl\":\"https:\/\/dicodusport.fr\/blog\/wp-content\/uploads\/2020\/06\/cropped-LOGO-DICODUSPORT-2020-SANS-FOND-SANS-TEXTE.png\",\"width\":512,\"height\":512,\"caption\":\"Dicodusport\"},\"image\":{\"@id\":\"https:\/\/dicodusport.fr\/blog\/#\/schema\/logo\/image\/\"},\"sameAs\":[\"https:\/\/www.facebook.com\/dicodusport\",\"https:\/\/x.com\/dicodusport\",\"https:\/\/www.instagram.com\/dicodusport\/\",\"https:\/\/www.youtube.com\/channel\/UC7V2KZ5sd3htJivAbA4ZG3w\"],\"description\":\"Dicodusport est l'encyclop\u00e9die de l'actualit\u00e9 sportive.\",\"email\":\"bonjour@dicodusport.fr\",\"legalName\":\"DICODUSPORT\",\"foundingDate\":\"2018-01-14\",\"vatID\":\"FR71834470973\",\"taxID\":\"83447097300043\",\"numberOfEmployees\":{\"@type\":\"QuantitativeValue\",\"minValue\":\"1\",\"maxValue\":\"10\"}},{\"@type\":\"Person\",\"@id\":\"https:\/\/dicodusport.fr\/blog\/#\/schema\/person\/1eaa63dfac40b5e5c47f03a71920c1cd\",\"name\":\"Paul Lalevee\",\"image\":{\"@type\":\"ImageObject\",\"inLanguage\":\"fr-FR\",\"@id\":\"https:\/\/dicodusport.fr\/blog\/#\/schema\/person\/image\/\",\"url\":\"https:\/\/dicodusport.fr\/blog\/wp-content\/uploads\/2023\/10\/291154246_1690604071293245_3118259335115946499_n-150x150.jpg\",\"contentUrl\":\"https:\/\/dicodusport.fr\/blog\/wp-content\/uploads\/2023\/10\/291154246_1690604071293245_3118259335115946499_n-150x150.jpg\",\"caption\":\"Paul Lalevee\"},\"description\":\"La bulle Disney pendant le Covid, le Tour 2019, la Coupe du monde 2018. Ces trois \u00e9v\u00e9nements majeurs sont ancr\u00e9s dans ma t\u00eate de fan de sport, n\u00e9gativement ou positivement. Passionn\u00e9 de sport depuis l'enfance, j'ai d\u00e9cid\u00e9 de mettre ma passion de l'\u00e9criture au service de cette premi\u00e8re passion.\",\"url\":\"https:\/\/dicodusport.fr\/blog\/author\/paul-lalevee\/\"}]}<\/script>\n<!-- \/ Yoast SEO Premium plugin. -->","yoast_head_json":{"title":"Mondiaux de cyclisme au Rwanda : un d\u00e9fi pour l\u2019image du pays","description":"CYCLISME - Les championnats du monde de cyclisme sur route au Rwanda ont leur lot de critiques. Quelle s\u00e9curit\u00e9 pour les coureurs et la course alors que le pays est en guerre avec le Congo voisin ? Ces Mondiaux seront source de d\u00e9bats, m\u00eame si tout se passe bien.","robots":{"index":"index","follow":"follow","max-snippet":"max-snippet:-1","max-image-preview":"max-image-preview:large","max-video-preview":"max-video-preview:-1"},"canonical":"https:\/\/dicodusport.fr\/blog\/mondiaux-de-cyclisme-au-rwanda-un-defi-pour-limage-du-pays\/","og_locale":"fr_FR","og_type":"article","og_title":"S\u00e9curit\u00e9, droits humains et image du pays\u00a0: les d\u00e9bats autour de l\u2019organisation des Mondiaux de cyclisme au Rwanda","og_description":"CYCLISME - Les championnats du monde de cyclisme sur route au Rwanda ont leur lot de critiques. Quelle s\u00e9curit\u00e9 pour les coureurs et la course alors que le pays est en guerre avec le Congo voisin ? Ces Mondiaux seront source de d\u00e9bats, m\u00eame si tout se passe bien.","og_url":"https:\/\/dicodusport.fr\/blog\/mondiaux-de-cyclisme-au-rwanda-un-defi-pour-limage-du-pays\/","og_site_name":"Dicodusport","article_publisher":"https:\/\/www.facebook.com\/dicodusport","article_published_time":"2025-09-18T09:00:40+00:00","article_modified_time":"2025-09-18T09:21:16+00:00","og_image":[{"width":1200,"height":674,"url":"https:\/\/dicodusport.fr\/blog\/wp-content\/uploads\/2025\/09\/Mondiaux-de-cyclisme-au-Rwanda-un-defi-pour-limage-du-pays.png","type":"image\/png"}],"author":"Paul Lalevee","twitter_card":"summary_large_image","twitter_title":"S\u00e9curit\u00e9, droits humains et image du pays\u00a0: les d\u00e9bats autour de l\u2019organisation des Mondiaux de cyclisme au Rwanda","twitter_creator":"@dicodusport","twitter_site":"@dicodusport","schema":{"@context":"https:\/\/schema.org","@graph":[{"@type":"NewsArticle","@id":"https:\/\/dicodusport.fr\/blog\/mondiaux-de-cyclisme-au-rwanda-un-defi-pour-limage-du-pays\/#article","isPartOf":{"@id":"https:\/\/dicodusport.fr\/blog\/mondiaux-de-cyclisme-au-rwanda-un-defi-pour-limage-du-pays\/"},"author":{"name":"Paul Lalevee","@id":"https:\/\/dicodusport.fr\/blog\/#\/schema\/person\/1eaa63dfac40b5e5c47f03a71920c1cd"},"headline":"Mondiaux de cyclisme au Rwanda : un d\u00e9fi pour l\u2019image du pays","datePublished":"2025-09-18T09:00:40+00:00","dateModified":"2025-09-18T09:21:16+00:00","mainEntityOfPage":{"@id":"https:\/\/dicodusport.fr\/blog\/mondiaux-de-cyclisme-au-rwanda-un-defi-pour-limage-du-pays\/"},"wordCount":1076,"commentCount":0,"publisher":{"@id":"https:\/\/dicodusport.fr\/blog\/#organization"},"image":{"@id":"https:\/\/dicodusport.fr\/blog\/mondiaux-de-cyclisme-au-rwanda-un-defi-pour-limage-du-pays\/#primaryimage"},"thumbnailUrl":"https:\/\/dicodusport.fr\/blog\/wp-content\/uploads\/2025\/09\/Mondiaux-de-cyclisme-au-Rwanda-un-defi-pour-limage-du-pays.png","keywords":["br\u00e8ve","Championnats du monde de cyclisme sur route","sport"],"articleSection":["Cyclisme sur route"],"inLanguage":"fr-FR","potentialAction":[{"@type":"CommentAction","name":"Comment","target":["https:\/\/dicodusport.fr\/blog\/mondiaux-de-cyclisme-au-rwanda-un-defi-pour-limage-du-pays\/#respond"]}],"copyrightYear":"2025","copyrightHolder":{"@id":"https:\/\/dicodusport.fr\/blog\/#organization"}},{"@type":"WebPage","@id":"https:\/\/dicodusport.fr\/blog\/mondiaux-de-cyclisme-au-rwanda-un-defi-pour-limage-du-pays\/","url":"https:\/\/dicodusport.fr\/blog\/mondiaux-de-cyclisme-au-rwanda-un-defi-pour-limage-du-pays\/","name":"Mondiaux de cyclisme au Rwanda : un d\u00e9fi pour l\u2019image du pays","isPartOf":{"@id":"https:\/\/dicodusport.fr\/blog\/#website"},"primaryImageOfPage":{"@id":"https:\/\/dicodusport.fr\/blog\/mondiaux-de-cyclisme-au-rwanda-un-defi-pour-limage-du-pays\/#primaryimage"},"image":{"@id":"https:\/\/dicodusport.fr\/blog\/mondiaux-de-cyclisme-au-rwanda-un-defi-pour-limage-du-pays\/#primaryimage"},"thumbnailUrl":"https:\/\/dicodusport.fr\/blog\/wp-content\/uploads\/2025\/09\/Mondiaux-de-cyclisme-au-Rwanda-un-defi-pour-limage-du-pays.png","datePublished":"2025-09-18T09:00:40+00:00","dateModified":"2025-09-18T09:21:16+00:00","description":"CYCLISME - Les championnats du monde de cyclisme sur route au Rwanda ont leur lot de critiques. Quelle s\u00e9curit\u00e9 pour les coureurs et la course alors que le pays est en guerre avec le Congo voisin ? Ces Mondiaux seront source de d\u00e9bats, m\u00eame si tout se passe bien.","breadcrumb":{"@id":"https:\/\/dicodusport.fr\/blog\/mondiaux-de-cyclisme-au-rwanda-un-defi-pour-limage-du-pays\/#breadcrumb"},"inLanguage":"fr-FR","potentialAction":[{"@type":"ReadAction","target":["https:\/\/dicodusport.fr\/blog\/mondiaux-de-cyclisme-au-rwanda-un-defi-pour-limage-du-pays\/"]}]},{"@type":"ImageObject","inLanguage":"fr-FR","@id":"https:\/\/dicodusport.fr\/blog\/mondiaux-de-cyclisme-au-rwanda-un-defi-pour-limage-du-pays\/#primaryimage","url":"https:\/\/dicodusport.fr\/blog\/wp-content\/uploads\/2025\/09\/Mondiaux-de-cyclisme-au-Rwanda-un-defi-pour-limage-du-pays.png","contentUrl":"https:\/\/dicodusport.fr\/blog\/wp-content\/uploads\/2025\/09\/Mondiaux-de-cyclisme-au-Rwanda-un-defi-pour-limage-du-pays.png","width":1200,"height":674,"caption":"Mondiaux de cyclisme au Rwanda un d\u00e9fi pour l\u2019image du pays"},{"@type":"BreadcrumbList","@id":"https:\/\/dicodusport.fr\/blog\/mondiaux-de-cyclisme-au-rwanda-un-defi-pour-limage-du-pays\/#breadcrumb","itemListElement":[{"@type":"ListItem","position":1,"name":"Accueil","item":"https:\/\/dicodusport.fr\/blog\/"},{"@type":"ListItem","position":2,"name":"Mondiaux de cyclisme au Rwanda : un d\u00e9fi pour l\u2019image du pays"}]},{"@type":"WebSite","@id":"https:\/\/dicodusport.fr\/blog\/#website","url":"https:\/\/dicodusport.fr\/blog\/","name":"Dicodusport","description":"L&#039;encyclop\u00e9die de l&#039;actualit\u00e9 sportive","publisher":{"@id":"https:\/\/dicodusport.fr\/blog\/#organization"},"potentialAction":[{"@type":"SearchAction","target":{"@type":"EntryPoint","urlTemplate":"https:\/\/dicodusport.fr\/blog\/?s={search_term_string}"},"query-input":{"@type":"PropertyValueSpecification","valueRequired":true,"valueName":"search_term_string"}}],"inLanguage":"fr-FR"},{"@type":"NewsMediaOrganization","@id":"https:\/\/dicodusport.fr\/blog\/#organization","name":"Dicodusport","url":"https:\/\/dicodusport.fr\/blog\/","logo":{"@type":"ImageObject","inLanguage":"fr-FR","@id":"https:\/\/dicodusport.fr\/blog\/#\/schema\/logo\/image\/","url":"https:\/\/dicodusport.fr\/blog\/wp-content\/uploads\/2020\/06\/cropped-LOGO-DICODUSPORT-2020-SANS-FOND-SANS-TEXTE.png","contentUrl":"https:\/\/dicodusport.fr\/blog\/wp-content\/uploads\/2020\/06\/cropped-LOGO-DICODUSPORT-2020-SANS-FOND-SANS-TEXTE.png","width":512,"height":512,"caption":"Dicodusport"},"image":{"@id":"https:\/\/dicodusport.fr\/blog\/#\/schema\/logo\/image\/"},"sameAs":["https:\/\/www.facebook.com\/dicodusport","https:\/\/x.com\/dicodusport","https:\/\/www.instagram.com\/dicodusport\/","https:\/\/www.youtube.com\/channel\/UC7V2KZ5sd3htJivAbA4ZG3w"],"description":"Dicodusport est l'encyclop\u00e9die de l'actualit\u00e9 sportive.","email":"bonjour@dicodusport.fr","legalName":"DICODUSPORT","foundingDate":"2018-01-14","vatID":"FR71834470973","taxID":"83447097300043","numberOfEmployees":{"@type":"QuantitativeValue","minValue":"1","maxValue":"10"}},{"@type":"Person","@id":"https:\/\/dicodusport.fr\/blog\/#\/schema\/person\/1eaa63dfac40b5e5c47f03a71920c1cd","name":"Paul Lalevee","image":{"@type":"ImageObject","inLanguage":"fr-FR","@id":"https:\/\/dicodusport.fr\/blog\/#\/schema\/person\/image\/","url":"https:\/\/dicodusport.fr\/blog\/wp-content\/uploads\/2023\/10\/291154246_1690604071293245_3118259335115946499_n-150x150.jpg","contentUrl":"https:\/\/dicodusport.fr\/blog\/wp-content\/uploads\/2023\/10\/291154246_1690604071293245_3118259335115946499_n-150x150.jpg","caption":"Paul Lalevee"},"description":"La bulle Disney pendant le Covid, le Tour 2019, la Coupe du monde 2018. Ces trois \u00e9v\u00e9nements majeurs sont ancr\u00e9s dans ma t\u00eate de fan de sport, n\u00e9gativement ou positivement. Passionn\u00e9 de sport depuis l'enfance, j'ai d\u00e9cid\u00e9 de mettre ma passion de l'\u00e9criture au service de cette premi\u00e8re passion.","url":"https:\/\/dicodusport.fr\/blog\/author\/paul-lalevee\/"}]}},"_links":{"self":[{"href":"https:\/\/dicodusport.fr\/blog\/wp-json\/wp\/v2\/posts\/611256","targetHints":{"allow":["GET"]}}],"collection":[{"href":"https:\/\/dicodusport.fr\/blog\/wp-json\/wp\/v2\/posts"}],"about":[{"href":"https:\/\/dicodusport.fr\/blog\/wp-json\/wp\/v2\/types\/post"}],"author":[{"embeddable":true,"href":"https:\/\/dicodusport.fr\/blog\/wp-json\/wp\/v2\/users\/88"}],"replies":[{"embeddable":true,"href":"https:\/\/dicodusport.fr\/blog\/wp-json\/wp\/v2\/comments?post=611256"}],"version-history":[{"count":5,"href":"https:\/\/dicodusport.fr\/blog\/wp-json\/wp\/v2\/posts\/611256\/revisions"}],"predecessor-version":[{"id":612261,"href":"https:\/\/dicodusport.fr\/blog\/wp-json\/wp\/v2\/posts\/611256\/revisions\/612261"}],"wp:featuredmedia":[{"embeddable":true,"href":"https:\/\/dicodusport.fr\/blog\/wp-json\/wp\/v2\/media\/612251"}],"wp:attachment":[{"href":"https:\/\/dicodusport.fr\/blog\/wp-json\/wp\/v2\/media?parent=611256"}],"wp:term":[{"taxonomy":"category","embeddable":true,"href":"https:\/\/dicodusport.fr\/blog\/wp-json\/wp\/v2\/categories?post=611256"},{"taxonomy":"post_tag","embeddable":true,"href":"https:\/\/dicodusport.fr\/blog\/wp-json\/wp\/v2\/tags?post=611256"}],"curies":[{"name":"wp","href":"https:\/\/api.w.org\/{rel}","templated":true}]}}