{"id":61142,"date":"2020-02-24T14:12:56","date_gmt":"2020-02-24T13:12:56","guid":{"rendered":"http:\/\/dicodusport.fr\/blog\/?p=61142&#038;preview=true&#038;preview_id=61142"},"modified":"2020-05-05T10:41:07","modified_gmt":"2020-05-05T08:41:07","slug":"milan-san-remo-tirreno-adriatico-annules-cause-coronavirus","status":"publish","type":"post","link":"https:\/\/dicodusport.fr\/blog\/milan-san-remo-tirreno-adriatico-annules-cause-coronavirus\/","title":{"rendered":"Milan-San Remo et Tirreno-Adriatico annul\u00e9s \u00e0 cause du Coronavirus ?"},"content":{"rendered":"<p style=\"text-align: justify;\"><strong><em>Apr\u00e8s l&rsquo;annulation de plusieurs comp\u00e9titions en Chine, le Coronavirus menace d\u00e9sormais plusieurs courses cyclistes italiennes, dont Milan-San Remo et Tirreno-Adriatico.<\/em><\/strong><\/p>\n<p style=\"text-align: justify;\">Au tour du cyclisme d&rsquo;\u00eatre menac\u00e9 par les cons\u00e9quences du <strong>Coronavirus<\/strong>. L&rsquo;Italie est en effet frapp\u00e9e par une vague de cas de <strong>Coronavirus<\/strong>, avec le d\u00e9c\u00e8s de cinq personnes. Plusieurs villages o\u00f9 doit passer la <strong><em>Primavera<\/em><\/strong> sont actuellement en quarantaine, mena\u00e7ant ainsi la tenue de <strong>Milan-San Remo<\/strong> (21 mars). Ce serait un vrai coup de tonnerre si le Monument italien, cr\u00e9\u00e9 en 1907, venait \u00e0 \u00eatre annul\u00e9. La course avait d\u00e9j\u00e0 \u00e9t\u00e9 ray\u00e9e du calendrier, \u00e0 chaque fois lors des deux guerres mondiales, en 1916, 1944 et 1945<em>.<\/em><\/p>\n<p style=\"text-align: justify;\">Le directeur de <strong>Milan-San Remo<\/strong>, <strong>Mauri Vegni<\/strong>, a expliqu\u00e9 dans plusieurs m\u00e9dias :<\/p>\n<blockquote>\n<p style=\"text-align: justify;\">Nous sommes tr\u00e8s pr\u00e9occup\u00e9s de la propagation de l&rsquo;\u00e9pid\u00e9mie. Et la situation en Italie est \u00e0 ce jour tr\u00e8s compliqu\u00e9e. Nous sommes encore plus inquiets pour Tirreno-Adriatico qui elle aussi doit se disputer du 11 au 17 mars.<\/p>\n<p style=\"text-align: justify;\">Nous n&rsquo;avons pas de plan B pour Milan-San Remo. Si le gouvernement devait fermer l&rsquo;a\u00e9roport de Milan nous serons dans l&rsquo;obligation d&rsquo;annuler la Primavera. Pas question pour nous de modifier le trac\u00e9 d&rsquo;une \u00e9preuve qui, depuis plus de 110 ans, reste fid\u00e8le \u00e0 sa tradition.<\/p>\n<\/blockquote>\n<ul>\n<li style=\"text-align: justify;\"><strong>\u00c0 lire aussi &#8211; <a href=\"https:\/\/dicodusport.fr\/blog\/f1-le-grand-prix-de-chine-officiellement-reporte\/\" target=\"_blank\" rel=\"noopener noreferrer\">F1 : Le Grand Prix de Chine officiellement report\u00e9<\/a><\/strong><\/li>\n<\/ul>\n<p><strong><em>Dicodusport<br \/>\n<a href=\"https:\/\/www.facebook.com\/dicodusport\/\" target=\"_blank\" rel=\"noopener noreferrer\"><img loading=\"lazy\" decoding=\"async\" class=\"alignnone wp-image-2909\" src=\"http:\/\/dicodusport.fr\/blog\/wp-content\/uploads\/2017\/07\/logo-facebook-150x150.png\" alt=\"\" width=\"40\" height=\"40\" \/><\/a><a href=\"https:\/\/twitter.com\/dicodusport\" target=\"_blank\" rel=\"noopener noreferrer\"><img loading=\"lazy\" decoding=\"async\" class=\"alignnone wp-image-2908\" src=\"http:\/\/dicodusport.fr\/blog\/wp-content\/uploads\/2017\/07\/logo-twitter-150x150.png\" alt=\"\" width=\"39\" height=\"39\" \/><\/a><\/em><\/strong><\/p>\n","protected":false},"excerpt":{"rendered":"<p>Apr\u00e8s l&rsquo;annulation de plusieurs comp\u00e9titions en Chine, le Coronavirus menace d\u00e9sormais plusieurs courses cyclistes italiennes, dont Milan-San Remo et Tirreno-Adriatico.<\/p>\n","protected":false},"author":1,"featured_media":61150,"comment_status":"open","ping_status":"closed","sticky":false,"template":"","format":"standard","meta":{"_acf_changed":false,"_daextam_enable_autolinks":"","footnotes":""},"categories":[10646,2307],"tags":[9827,574,374,4162,7435],"class_list":["post-61142","post","type-post","status-publish","format-standard","has-post-thumbnail","hentry","category-coronavirus","category-cyclisme","tag-coronavirus","tag-cyclisme","tag-italie","tag-milan-san-remo","tag-tirreno-adriatico"],"acf":[],"yoast_head":"<!-- This site is optimized with the Yoast SEO Premium plugin v26.7 (Yoast SEO v26.7) - https:\/\/yoast.com\/wordpress\/plugins\/seo\/ -->\n<title>Milan-San Remo et Tirreno-Adriatico annul\u00e9s \u00e0 cause du Coronavirus ?<\/title>\n<meta name=\"description\" content=\"Apr\u00e8s l&#039;annulation de comp\u00e9titions en Chine, le Coronavirus menace plusieurs courses cyclistes italiennes, dont Milan-San Remo et Tirreno-Adriatico.\" \/>\n<meta name=\"robots\" content=\"index, follow, max-snippet:-1, max-image-preview:large, max-video-preview:-1\" \/>\n<link rel=\"canonical\" href=\"https:\/\/dicodusport.fr\/blog\/milan-san-remo-tirreno-adriatico-annules-cause-coronavirus\/\" \/>\n<meta property=\"og:locale\" content=\"fr_FR\" \/>\n<meta property=\"og:type\" content=\"article\" \/>\n<meta property=\"og:title\" content=\"Milan-San Remo et Tirreno-Adriatico annul\u00e9s \u00e0 cause du Coronavirus ?\" \/>\n<meta property=\"og:description\" content=\"Apr\u00e8s l&#039;annulation de comp\u00e9titions en Chine, le Coronavirus menace plusieurs courses cyclistes italiennes, dont Milan-San Remo et Tirreno-Adriatico.\" \/>\n<meta property=\"og:url\" content=\"https:\/\/dicodusport.fr\/blog\/milan-san-remo-tirreno-adriatico-annules-cause-coronavirus\/\" \/>\n<meta property=\"og:site_name\" content=\"Dicodusport\" \/>\n<meta property=\"article:publisher\" content=\"https:\/\/www.facebook.com\/dicodusport\" \/>\n<meta property=\"article:author\" content=\"https:\/\/www.facebook.com\/dicodusport\" \/>\n<meta property=\"article:published_time\" content=\"2020-02-24T13:12:56+00:00\" \/>\n<meta property=\"article:modified_time\" content=\"2020-05-05T08:41:07+00:00\" \/>\n<meta property=\"og:image\" content=\"https:\/\/dicodusport.fr\/blog\/wp-content\/uploads\/2020\/02\/Milan-San-Remo-et-Tirreno-Adriatico-annul\u00e9s-\u00e0-cause-du-Coronavirus-.png\" \/>\n\t<meta property=\"og:image:width\" content=\"800\" \/>\n\t<meta property=\"og:image:height\" content=\"445\" \/>\n\t<meta property=\"og:image:type\" content=\"image\/png\" \/>\n<meta name=\"author\" content=\"Nicolas Jacquemard\" \/>\n<meta name=\"twitter:card\" content=\"summary_large_image\" \/>\n<meta name=\"twitter:title\" content=\"Milan-San Remo et Tirreno-Adriatico annul\u00e9s \u00e0 cause du Coronavirus ?\" \/>\n<meta name=\"twitter:creator\" content=\"@https:\/\/twitter.com\/Nico_Jacquemard\" \/>\n<meta name=\"twitter:site\" content=\"@dicodusport\" \/>\n<script type=\"application\/ld+json\" class=\"yoast-schema-graph\">{\"@context\":\"https:\/\/schema.org\",\"@graph\":[{\"@type\":\"NewsArticle\",\"@id\":\"https:\/\/dicodusport.fr\/blog\/milan-san-remo-tirreno-adriatico-annules-cause-coronavirus\/#article\",\"isPartOf\":{\"@id\":\"https:\/\/dicodusport.fr\/blog\/milan-san-remo-tirreno-adriatico-annules-cause-coronavirus\/\"},\"author\":{\"name\":\"Nicolas Jacquemard\",\"@id\":\"https:\/\/dicodusport.fr\/blog\/#\/schema\/person\/55dcb50ad410894e431ed812bbb70191\"},\"headline\":\"Milan-San Remo et Tirreno-Adriatico annul\u00e9s \u00e0 cause du Coronavirus ?\",\"datePublished\":\"2020-02-24T13:12:56+00:00\",\"dateModified\":\"2020-05-05T08:41:07+00:00\",\"mainEntityOfPage\":{\"@id\":\"https:\/\/dicodusport.fr\/blog\/milan-san-remo-tirreno-adriatico-annules-cause-coronavirus\/\"},\"wordCount\":240,\"commentCount\":1,\"publisher\":{\"@id\":\"https:\/\/dicodusport.fr\/blog\/#organization\"},\"image\":{\"@id\":\"https:\/\/dicodusport.fr\/blog\/milan-san-remo-tirreno-adriatico-annules-cause-coronavirus\/#primaryimage\"},\"thumbnailUrl\":\"https:\/\/dicodusport.fr\/blog\/wp-content\/uploads\/2020\/02\/Milan-San-Remo-et-Tirreno-Adriatico-annul\u00e9s-\u00e0-cause-du-Coronavirus-.png\",\"keywords\":[\"Coronavirus\",\"Cyclisme\",\"Italie\",\"Milan-San Remo\",\"Tirreno-Adriatico\"],\"articleSection\":[\"Coronavirus\",\"Cyclisme\"],\"inLanguage\":\"fr-FR\",\"potentialAction\":[{\"@type\":\"CommentAction\",\"name\":\"Comment\",\"target\":[\"https:\/\/dicodusport.fr\/blog\/milan-san-remo-tirreno-adriatico-annules-cause-coronavirus\/#respond\"]}],\"copyrightYear\":\"2020\",\"copyrightHolder\":{\"@id\":\"https:\/\/dicodusport.fr\/blog\/#organization\"}},{\"@type\":\"WebPage\",\"@id\":\"https:\/\/dicodusport.fr\/blog\/milan-san-remo-tirreno-adriatico-annules-cause-coronavirus\/\",\"url\":\"https:\/\/dicodusport.fr\/blog\/milan-san-remo-tirreno-adriatico-annules-cause-coronavirus\/\",\"name\":\"Milan-San Remo et Tirreno-Adriatico annul\u00e9s \u00e0 cause du Coronavirus ?\",\"isPartOf\":{\"@id\":\"https:\/\/dicodusport.fr\/blog\/#website\"},\"primaryImageOfPage\":{\"@id\":\"https:\/\/dicodusport.fr\/blog\/milan-san-remo-tirreno-adriatico-annules-cause-coronavirus\/#primaryimage\"},\"image\":{\"@id\":\"https:\/\/dicodusport.fr\/blog\/milan-san-remo-tirreno-adriatico-annules-cause-coronavirus\/#primaryimage\"},\"thumbnailUrl\":\"https:\/\/dicodusport.fr\/blog\/wp-content\/uploads\/2020\/02\/Milan-San-Remo-et-Tirreno-Adriatico-annul\u00e9s-\u00e0-cause-du-Coronavirus-.png\",\"datePublished\":\"2020-02-24T13:12:56+00:00\",\"dateModified\":\"2020-05-05T08:41:07+00:00\",\"description\":\"Apr\u00e8s l'annulation de comp\u00e9titions en Chine, le Coronavirus menace plusieurs courses cyclistes italiennes, dont Milan-San Remo et Tirreno-Adriatico.\",\"breadcrumb\":{\"@id\":\"https:\/\/dicodusport.fr\/blog\/milan-san-remo-tirreno-adriatico-annules-cause-coronavirus\/#breadcrumb\"},\"inLanguage\":\"fr-FR\",\"potentialAction\":[{\"@type\":\"ReadAction\",\"target\":[\"https:\/\/dicodusport.fr\/blog\/milan-san-remo-tirreno-adriatico-annules-cause-coronavirus\/\"]}]},{\"@type\":\"ImageObject\",\"inLanguage\":\"fr-FR\",\"@id\":\"https:\/\/dicodusport.fr\/blog\/milan-san-remo-tirreno-adriatico-annules-cause-coronavirus\/#primaryimage\",\"url\":\"https:\/\/dicodusport.fr\/blog\/wp-content\/uploads\/2020\/02\/Milan-San-Remo-et-Tirreno-Adriatico-annul\u00e9s-\u00e0-cause-du-Coronavirus-.png\",\"contentUrl\":\"https:\/\/dicodusport.fr\/blog\/wp-content\/uploads\/2020\/02\/Milan-San-Remo-et-Tirreno-Adriatico-annul\u00e9s-\u00e0-cause-du-Coronavirus-.png\",\"width\":800,\"height\":445,\"caption\":\"23 mars 2019 : Premier Monument pour Julian Alaphilippe\"},{\"@type\":\"BreadcrumbList\",\"@id\":\"https:\/\/dicodusport.fr\/blog\/milan-san-remo-tirreno-adriatico-annules-cause-coronavirus\/#breadcrumb\",\"itemListElement\":[{\"@type\":\"ListItem\",\"position\":1,\"name\":\"Accueil\",\"item\":\"https:\/\/dicodusport.fr\/blog\/\"},{\"@type\":\"ListItem\",\"position\":2,\"name\":\"Milan-San Remo et Tirreno-Adriatico annul\u00e9s \u00e0 cause du Coronavirus ?\"}]},{\"@type\":\"WebSite\",\"@id\":\"https:\/\/dicodusport.fr\/blog\/#website\",\"url\":\"https:\/\/dicodusport.fr\/blog\/\",\"name\":\"Dicodusport\",\"description\":\"L&#039;encyclop\u00e9die de l&#039;actualit\u00e9 sportive\",\"publisher\":{\"@id\":\"https:\/\/dicodusport.fr\/blog\/#organization\"},\"potentialAction\":[{\"@type\":\"SearchAction\",\"target\":{\"@type\":\"EntryPoint\",\"urlTemplate\":\"https:\/\/dicodusport.fr\/blog\/?s={search_term_string}\"},\"query-input\":{\"@type\":\"PropertyValueSpecification\",\"valueRequired\":true,\"valueName\":\"search_term_string\"}}],\"inLanguage\":\"fr-FR\"},{\"@type\":\"NewsMediaOrganization\",\"@id\":\"https:\/\/dicodusport.fr\/blog\/#organization\",\"name\":\"Dicodusport\",\"url\":\"https:\/\/dicodusport.fr\/blog\/\",\"logo\":{\"@type\":\"ImageObject\",\"inLanguage\":\"fr-FR\",\"@id\":\"https:\/\/dicodusport.fr\/blog\/#\/schema\/logo\/image\/\",\"url\":\"https:\/\/dicodusport.fr\/blog\/wp-content\/uploads\/2020\/06\/cropped-LOGO-DICODUSPORT-2020-SANS-FOND-SANS-TEXTE.png\",\"contentUrl\":\"https:\/\/dicodusport.fr\/blog\/wp-content\/uploads\/2020\/06\/cropped-LOGO-DICODUSPORT-2020-SANS-FOND-SANS-TEXTE.png\",\"width\":512,\"height\":512,\"caption\":\"Dicodusport\"},\"image\":{\"@id\":\"https:\/\/dicodusport.fr\/blog\/#\/schema\/logo\/image\/\"},\"sameAs\":[\"https:\/\/www.facebook.com\/dicodusport\",\"https:\/\/x.com\/dicodusport\",\"https:\/\/www.instagram.com\/dicodusport\/\",\"https:\/\/www.youtube.com\/channel\/UC7V2KZ5sd3htJivAbA4ZG3w\"],\"description\":\"Dicodusport est l'encyclop\u00e9die de l'actualit\u00e9 sportive.\",\"email\":\"bonjour@dicodusport.fr\",\"legalName\":\"DICODUSPORT\",\"foundingDate\":\"2018-01-14\",\"vatID\":\"FR71834470973\",\"taxID\":\"83447097300043\",\"numberOfEmployees\":{\"@type\":\"QuantitativeValue\",\"minValue\":\"1\",\"maxValue\":\"10\"}},{\"@type\":\"Person\",\"@id\":\"https:\/\/dicodusport.fr\/blog\/#\/schema\/person\/55dcb50ad410894e431ed812bbb70191\",\"name\":\"Nicolas Jacquemard\",\"image\":{\"@type\":\"ImageObject\",\"inLanguage\":\"fr-FR\",\"@id\":\"https:\/\/dicodusport.fr\/blog\/#\/schema\/person\/image\/\",\"url\":\"https:\/\/dicodusport.fr\/blog\/wp-content\/uploads\/2021\/05\/Nicolas-Jacquemard-150x150.jpeg\",\"contentUrl\":\"https:\/\/dicodusport.fr\/blog\/wp-content\/uploads\/2021\/05\/Nicolas-Jacquemard-150x150.jpeg\",\"caption\":\"Nicolas Jacquemard\"},\"description\":\"Passionn\u00e9 de sport et entrepreneur depuis mes 18 ans, la cr\u00e9ation de Dicodusport m'a sembl\u00e9 \u00e9vidente pour participer \u00e0 la m\u00e9diatisation d'un plus grand nombre de sports. Le chemin est long mais avec une \u00e9quipe des plus motiv\u00e9es et les Jeux Olympiques de Paris 2024 en point de mire, nous y arriverons ! Journaliste dans le monde du sport depuis plus de 5 ans, je traite aussi bien de football, de rugby, de biathlon que de cyclisme.\",\"sameAs\":[\"https:\/\/www.facebook.com\/dicodusport\",\"https:\/\/x.com\/https:\/\/twitter.com\/Nico_Jacquemard\"],\"url\":\"https:\/\/dicodusport.fr\/blog\/author\/dicodusport\/\"}]}<\/script>\n<!-- \/ Yoast SEO Premium plugin. -->","yoast_head_json":{"title":"Milan-San Remo et Tirreno-Adriatico annul\u00e9s \u00e0 cause du Coronavirus ?","description":"Apr\u00e8s l'annulation de comp\u00e9titions en Chine, le Coronavirus menace plusieurs courses cyclistes italiennes, dont Milan-San Remo et Tirreno-Adriatico.","robots":{"index":"index","follow":"follow","max-snippet":"max-snippet:-1","max-image-preview":"max-image-preview:large","max-video-preview":"max-video-preview:-1"},"canonical":"https:\/\/dicodusport.fr\/blog\/milan-san-remo-tirreno-adriatico-annules-cause-coronavirus\/","og_locale":"fr_FR","og_type":"article","og_title":"Milan-San Remo et Tirreno-Adriatico annul\u00e9s \u00e0 cause du Coronavirus ?","og_description":"Apr\u00e8s l'annulation de comp\u00e9titions en Chine, le Coronavirus menace plusieurs courses cyclistes italiennes, dont Milan-San Remo et Tirreno-Adriatico.","og_url":"https:\/\/dicodusport.fr\/blog\/milan-san-remo-tirreno-adriatico-annules-cause-coronavirus\/","og_site_name":"Dicodusport","article_publisher":"https:\/\/www.facebook.com\/dicodusport","article_author":"https:\/\/www.facebook.com\/dicodusport","article_published_time":"2020-02-24T13:12:56+00:00","article_modified_time":"2020-05-05T08:41:07+00:00","og_image":[{"width":800,"height":445,"url":"https:\/\/dicodusport.fr\/blog\/wp-content\/uploads\/2020\/02\/Milan-San-Remo-et-Tirreno-Adriatico-annul\u00e9s-\u00e0-cause-du-Coronavirus-.png","type":"image\/png"}],"author":"Nicolas Jacquemard","twitter_card":"summary_large_image","twitter_title":"Milan-San Remo et Tirreno-Adriatico annul\u00e9s \u00e0 cause du Coronavirus ?","twitter_creator":"@https:\/\/twitter.com\/Nico_Jacquemard","twitter_site":"@dicodusport","schema":{"@context":"https:\/\/schema.org","@graph":[{"@type":"NewsArticle","@id":"https:\/\/dicodusport.fr\/blog\/milan-san-remo-tirreno-adriatico-annules-cause-coronavirus\/#article","isPartOf":{"@id":"https:\/\/dicodusport.fr\/blog\/milan-san-remo-tirreno-adriatico-annules-cause-coronavirus\/"},"author":{"name":"Nicolas Jacquemard","@id":"https:\/\/dicodusport.fr\/blog\/#\/schema\/person\/55dcb50ad410894e431ed812bbb70191"},"headline":"Milan-San Remo et Tirreno-Adriatico annul\u00e9s \u00e0 cause du Coronavirus ?","datePublished":"2020-02-24T13:12:56+00:00","dateModified":"2020-05-05T08:41:07+00:00","mainEntityOfPage":{"@id":"https:\/\/dicodusport.fr\/blog\/milan-san-remo-tirreno-adriatico-annules-cause-coronavirus\/"},"wordCount":240,"commentCount":1,"publisher":{"@id":"https:\/\/dicodusport.fr\/blog\/#organization"},"image":{"@id":"https:\/\/dicodusport.fr\/blog\/milan-san-remo-tirreno-adriatico-annules-cause-coronavirus\/#primaryimage"},"thumbnailUrl":"https:\/\/dicodusport.fr\/blog\/wp-content\/uploads\/2020\/02\/Milan-San-Remo-et-Tirreno-Adriatico-annul\u00e9s-\u00e0-cause-du-Coronavirus-.png","keywords":["Coronavirus","Cyclisme","Italie","Milan-San Remo","Tirreno-Adriatico"],"articleSection":["Coronavirus","Cyclisme"],"inLanguage":"fr-FR","potentialAction":[{"@type":"CommentAction","name":"Comment","target":["https:\/\/dicodusport.fr\/blog\/milan-san-remo-tirreno-adriatico-annules-cause-coronavirus\/#respond"]}],"copyrightYear":"2020","copyrightHolder":{"@id":"https:\/\/dicodusport.fr\/blog\/#organization"}},{"@type":"WebPage","@id":"https:\/\/dicodusport.fr\/blog\/milan-san-remo-tirreno-adriatico-annules-cause-coronavirus\/","url":"https:\/\/dicodusport.fr\/blog\/milan-san-remo-tirreno-adriatico-annules-cause-coronavirus\/","name":"Milan-San Remo et Tirreno-Adriatico annul\u00e9s \u00e0 cause du Coronavirus ?","isPartOf":{"@id":"https:\/\/dicodusport.fr\/blog\/#website"},"primaryImageOfPage":{"@id":"https:\/\/dicodusport.fr\/blog\/milan-san-remo-tirreno-adriatico-annules-cause-coronavirus\/#primaryimage"},"image":{"@id":"https:\/\/dicodusport.fr\/blog\/milan-san-remo-tirreno-adriatico-annules-cause-coronavirus\/#primaryimage"},"thumbnailUrl":"https:\/\/dicodusport.fr\/blog\/wp-content\/uploads\/2020\/02\/Milan-San-Remo-et-Tirreno-Adriatico-annul\u00e9s-\u00e0-cause-du-Coronavirus-.png","datePublished":"2020-02-24T13:12:56+00:00","dateModified":"2020-05-05T08:41:07+00:00","description":"Apr\u00e8s l'annulation de comp\u00e9titions en Chine, le Coronavirus menace plusieurs courses cyclistes italiennes, dont Milan-San Remo et Tirreno-Adriatico.","breadcrumb":{"@id":"https:\/\/dicodusport.fr\/blog\/milan-san-remo-tirreno-adriatico-annules-cause-coronavirus\/#breadcrumb"},"inLanguage":"fr-FR","potentialAction":[{"@type":"ReadAction","target":["https:\/\/dicodusport.fr\/blog\/milan-san-remo-tirreno-adriatico-annules-cause-coronavirus\/"]}]},{"@type":"ImageObject","inLanguage":"fr-FR","@id":"https:\/\/dicodusport.fr\/blog\/milan-san-remo-tirreno-adriatico-annules-cause-coronavirus\/#primaryimage","url":"https:\/\/dicodusport.fr\/blog\/wp-content\/uploads\/2020\/02\/Milan-San-Remo-et-Tirreno-Adriatico-annul\u00e9s-\u00e0-cause-du-Coronavirus-.png","contentUrl":"https:\/\/dicodusport.fr\/blog\/wp-content\/uploads\/2020\/02\/Milan-San-Remo-et-Tirreno-Adriatico-annul\u00e9s-\u00e0-cause-du-Coronavirus-.png","width":800,"height":445,"caption":"23 mars 2019 : Premier Monument pour Julian Alaphilippe"},{"@type":"BreadcrumbList","@id":"https:\/\/dicodusport.fr\/blog\/milan-san-remo-tirreno-adriatico-annules-cause-coronavirus\/#breadcrumb","itemListElement":[{"@type":"ListItem","position":1,"name":"Accueil","item":"https:\/\/dicodusport.fr\/blog\/"},{"@type":"ListItem","position":2,"name":"Milan-San Remo et Tirreno-Adriatico annul\u00e9s \u00e0 cause du Coronavirus ?"}]},{"@type":"WebSite","@id":"https:\/\/dicodusport.fr\/blog\/#website","url":"https:\/\/dicodusport.fr\/blog\/","name":"Dicodusport","description":"L&#039;encyclop\u00e9die de l&#039;actualit\u00e9 sportive","publisher":{"@id":"https:\/\/dicodusport.fr\/blog\/#organization"},"potentialAction":[{"@type":"SearchAction","target":{"@type":"EntryPoint","urlTemplate":"https:\/\/dicodusport.fr\/blog\/?s={search_term_string}"},"query-input":{"@type":"PropertyValueSpecification","valueRequired":true,"valueName":"search_term_string"}}],"inLanguage":"fr-FR"},{"@type":"NewsMediaOrganization","@id":"https:\/\/dicodusport.fr\/blog\/#organization","name":"Dicodusport","url":"https:\/\/dicodusport.fr\/blog\/","logo":{"@type":"ImageObject","inLanguage":"fr-FR","@id":"https:\/\/dicodusport.fr\/blog\/#\/schema\/logo\/image\/","url":"https:\/\/dicodusport.fr\/blog\/wp-content\/uploads\/2020\/06\/cropped-LOGO-DICODUSPORT-2020-SANS-FOND-SANS-TEXTE.png","contentUrl":"https:\/\/dicodusport.fr\/blog\/wp-content\/uploads\/2020\/06\/cropped-LOGO-DICODUSPORT-2020-SANS-FOND-SANS-TEXTE.png","width":512,"height":512,"caption":"Dicodusport"},"image":{"@id":"https:\/\/dicodusport.fr\/blog\/#\/schema\/logo\/image\/"},"sameAs":["https:\/\/www.facebook.com\/dicodusport","https:\/\/x.com\/dicodusport","https:\/\/www.instagram.com\/dicodusport\/","https:\/\/www.youtube.com\/channel\/UC7V2KZ5sd3htJivAbA4ZG3w"],"description":"Dicodusport est l'encyclop\u00e9die de l'actualit\u00e9 sportive.","email":"bonjour@dicodusport.fr","legalName":"DICODUSPORT","foundingDate":"2018-01-14","vatID":"FR71834470973","taxID":"83447097300043","numberOfEmployees":{"@type":"QuantitativeValue","minValue":"1","maxValue":"10"}},{"@type":"Person","@id":"https:\/\/dicodusport.fr\/blog\/#\/schema\/person\/55dcb50ad410894e431ed812bbb70191","name":"Nicolas Jacquemard","image":{"@type":"ImageObject","inLanguage":"fr-FR","@id":"https:\/\/dicodusport.fr\/blog\/#\/schema\/person\/image\/","url":"https:\/\/dicodusport.fr\/blog\/wp-content\/uploads\/2021\/05\/Nicolas-Jacquemard-150x150.jpeg","contentUrl":"https:\/\/dicodusport.fr\/blog\/wp-content\/uploads\/2021\/05\/Nicolas-Jacquemard-150x150.jpeg","caption":"Nicolas Jacquemard"},"description":"Passionn\u00e9 de sport et entrepreneur depuis mes 18 ans, la cr\u00e9ation de Dicodusport m'a sembl\u00e9 \u00e9vidente pour participer \u00e0 la m\u00e9diatisation d'un plus grand nombre de sports. Le chemin est long mais avec une \u00e9quipe des plus motiv\u00e9es et les Jeux Olympiques de Paris 2024 en point de mire, nous y arriverons ! Journaliste dans le monde du sport depuis plus de 5 ans, je traite aussi bien de football, de rugby, de biathlon que de cyclisme.","sameAs":["https:\/\/www.facebook.com\/dicodusport","https:\/\/x.com\/https:\/\/twitter.com\/Nico_Jacquemard"],"url":"https:\/\/dicodusport.fr\/blog\/author\/dicodusport\/"}]}},"_links":{"self":[{"href":"https:\/\/dicodusport.fr\/blog\/wp-json\/wp\/v2\/posts\/61142","targetHints":{"allow":["GET"]}}],"collection":[{"href":"https:\/\/dicodusport.fr\/blog\/wp-json\/wp\/v2\/posts"}],"about":[{"href":"https:\/\/dicodusport.fr\/blog\/wp-json\/wp\/v2\/types\/post"}],"author":[{"embeddable":true,"href":"https:\/\/dicodusport.fr\/blog\/wp-json\/wp\/v2\/users\/1"}],"replies":[{"embeddable":true,"href":"https:\/\/dicodusport.fr\/blog\/wp-json\/wp\/v2\/comments?post=61142"}],"version-history":[{"count":0,"href":"https:\/\/dicodusport.fr\/blog\/wp-json\/wp\/v2\/posts\/61142\/revisions"}],"wp:featuredmedia":[{"embeddable":true,"href":"https:\/\/dicodusport.fr\/blog\/wp-json\/wp\/v2\/media\/61150"}],"wp:attachment":[{"href":"https:\/\/dicodusport.fr\/blog\/wp-json\/wp\/v2\/media?parent=61142"}],"wp:term":[{"taxonomy":"category","embeddable":true,"href":"https:\/\/dicodusport.fr\/blog\/wp-json\/wp\/v2\/categories?post=61142"},{"taxonomy":"post_tag","embeddable":true,"href":"https:\/\/dicodusport.fr\/blog\/wp-json\/wp\/v2\/tags?post=61142"}],"curies":[{"name":"wp","href":"https:\/\/api.w.org\/{rel}","templated":true}]}}