{"id":611975,"date":"2025-09-17T07:30:17","date_gmt":"2025-09-17T05:30:17","guid":{"rendered":"https:\/\/dicodusport.fr\/blog\/?p=611975&#038;preview=true&#038;preview_id=611975"},"modified":"2025-09-17T08:10:11","modified_gmt":"2025-09-17T06:10:11","slug":"transferts-cyclisme-kevin-vauquelin-signe-dans-une-equipe-etrangere","status":"publish","type":"post","link":"https:\/\/dicodusport.fr\/blog\/transferts-cyclisme-kevin-vauquelin-signe-dans-une-equipe-etrangere\/","title":{"rendered":"Transferts Cyclisme : K\u00e9vin Vauquelin signe dans une \u00e9quipe \u00e9trang\u00e8re"},"content":{"rendered":"<p style=\"text-align: justify;\"><strong><em>MERCATO CYCLISME &#8211; Selon la Gazzetta dello Sport, K\u00e9vin Vauquelin a donn\u00e9 son accord pour rejoindre INEOS Grenadiers.<br \/>\n<\/em><\/strong><\/p>\n<ul style=\"text-align: justify;\">\n<li style=\"text-align: justify;\"><strong>\u00c0 ce sujet &#8211; <a href=\"https:\/\/dicodusport.fr\/blog\/cyclisme-mercato-2025-2026-le-tableau-des-transferts\/\">Cyclisme Mercato 2025-2026 &#8211; Le tableau des transferts<\/a><\/strong><\/li>\n<\/ul>\n<p style=\"text-align: justify;\">La situation d&rsquo;<strong>Ark\u00e9a &#8211; B&amp;B Hotels<\/strong> est tr\u00e8s pr\u00e9occupante, <a href=\"https:\/\/dicodusport.fr\/blog\/a-90-cest-foutu-le-cri-de-detresse-demmanuel-hubert-patron-darkea-bb-hotels\/\">comme l&rsquo;a confirm\u00e9 encore r\u00e9cemment <strong>Emmanuel Hubert<\/strong><\/a>. Sauf miracle, dans les jours \u00e0 venir, la structure bretonne devrait dispara\u00eetre du monde professionnel, faute de nouveau sponsor apr\u00e8s le retrait des actuels. Plusieurs coureurs se retrouvent donc sans \u00e9quipe pour la saison prochaine, m\u00eame si certains ont d\u00e9j\u00e0 pris les devants, \u00e0 l&rsquo;instar de l&rsquo;Espagnol <strong>Raul Garcia Pierna<\/strong> (Movistar) et de l&rsquo;Italien <strong>Luca Mozzato<\/strong> (Tudor).<\/p>\n<h2 style=\"text-align: justify;\">K\u00e9vin Vauquelin va rejoindre INEOS Grenadiers<\/h2>\n<p style=\"text-align: justify;\">D&rsquo;autres \u00e9taient toujours incertains et voulaient attendre d&rsquo;y voir plus clair. C&rsquo;est notamment le cas de <strong>K\u00e9vin<\/strong> <strong>Vauquelin<\/strong>, septi\u00e8me du dernier Tour de France. Actuellement bless\u00e9, le coureur fran\u00e7ais est courtis\u00e9 par des \u00e9quipes de premier plan depuis de longues semaines, mais ne fermait pas la porte \u00e0 une prolongation dans son \u00e9quipe actuelle en cas de nouveau sponsor.<\/p>\n<p style=\"text-align: justify;\">\u00c0 la vue de la situation, <strong>K\u00e9vin<\/strong> <strong>Vauquelin<\/strong> a finalement donn\u00e9 son accord \u00e0 <strong>INEOS<\/strong> <strong>Grenadiers<\/strong> qu&rsquo;il rejoindra dans quelques mois. Il retrouvera notamment deux de ses compatriotes, <strong>Axel<\/strong> <strong>Laurance<\/strong>, toujours sous contrat avec l&rsquo;\u00e9quipe britannique, ainsi que <strong>Dorian Godon<\/strong>, <a href=\"https:\/\/dicodusport.fr\/blog\/transferts-cyclisme-dorian-godon-signe-chez-une-grosse-equipe-etrangere\/\">qui s&rsquo;est \u00e9galement engag\u00e9e avec la formation de Dave Brailsford<\/a>. En 2025, outre son tr\u00e8s bon Tour de France, Vauquelin a remport\u00e9 l&rsquo;\u00c9toile de Bess\u00e8ges et le R\u00e9gion Pays de la Loire Tour.<\/p>\n<blockquote class=\"twitter-tweet\">\n<p dir=\"ltr\" lang=\"en\">Info <a href=\"https:\/\/twitter.com\/Gazzetta_it?ref_src=twsrc%5Etfw\">@Gazzetta_it<\/a> &#8211; About Kevin Vauquelin, we can confirm that he will join <a href=\"https:\/\/twitter.com\/INEOSGrenadiers?ref_src=twsrc%5Etfw\">@INEOSGrenadiers<\/a> from 2026 <a href=\"https:\/\/twitter.com\/cycling_podcast?ref_src=twsrc%5Etfw\">@cycling_podcast<\/a> <a href=\"https:\/\/twitter.com\/ammattipyoraily?ref_src=twsrc%5Etfw\">@ammattipyoraily<\/a><\/p>\n<p>\u2014 Ciro Scognamiglio (@cirogazzetta) <a href=\"https:\/\/twitter.com\/cirogazzetta\/status\/1968038531684790301?ref_src=twsrc%5Etfw\">September 16, 2025<\/a><\/p><\/blockquote>\n<p><script async src=\"https:\/\/platform.twitter.com\/widgets.js\" charset=\"utf-8\"><\/script><\/p>\n","protected":false},"excerpt":{"rendered":"<p>MERCATO CYCLISME &#8211; Selon la Gazzetta dello Sport, K\u00e9vin Vauquelin a donn\u00e9 son accord pour rejoindre INEOS Grenadiers.<\/p>\n","protected":false},"author":1,"featured_media":611978,"comment_status":"open","ping_status":"closed","sticky":false,"template":"","format":"standard","meta":{"_acf_changed":false,"_daextam_enable_autolinks":"1","footnotes":""},"categories":[46994],"tags":[32415,16878,28524,8386],"class_list":["post-611975","post","type-post","status-publish","format-standard","has-post-thumbnail","hentry","category-cyclisme-sur-route","tag-actu","tag-breve","tag-kevin-vauquelin","tag-mercato-cyclisme"],"acf":[],"yoast_head":"<!-- This site is optimized with the Yoast SEO Premium plugin v26.7 (Yoast SEO v26.7) - https:\/\/yoast.com\/wordpress\/plugins\/seo\/ -->\n<title>Transferts Cyclisme : K\u00e9vin Vauquelin signe dans une \u00e9quipe \u00e9trang\u00e8re<\/title>\n<meta name=\"description\" content=\"MERCATO CYCLISME - Selon la Gazzetta dello Sport, K\u00e9vin Vauquelin a donn\u00e9 son accord pour rejoindre INEOS Grenadiers.\" \/>\n<meta name=\"robots\" content=\"index, follow, max-snippet:-1, max-image-preview:large, max-video-preview:-1\" \/>\n<link rel=\"canonical\" href=\"https:\/\/dicodusport.fr\/blog\/transferts-cyclisme-kevin-vauquelin-signe-dans-une-equipe-etrangere\/\" \/>\n<meta property=\"og:locale\" content=\"fr_FR\" \/>\n<meta property=\"og:type\" content=\"article\" \/>\n<meta property=\"og:title\" content=\"Transferts Cyclisme : K\u00e9vin Vauquelin signe dans une \u00e9quipe \u00e9trang\u00e8re\" \/>\n<meta property=\"og:description\" content=\"MERCATO CYCLISME - Selon la Gazzetta dello Sport, K\u00e9vin Vauquelin a donn\u00e9 son accord pour rejoindre INEOS Grenadiers.\" \/>\n<meta property=\"og:url\" content=\"https:\/\/dicodusport.fr\/blog\/transferts-cyclisme-kevin-vauquelin-signe-dans-une-equipe-etrangere\/\" \/>\n<meta property=\"og:site_name\" content=\"Dicodusport\" \/>\n<meta property=\"article:publisher\" content=\"https:\/\/www.facebook.com\/dicodusport\" \/>\n<meta property=\"article:author\" content=\"https:\/\/www.facebook.com\/dicodusport\" \/>\n<meta property=\"article:published_time\" content=\"2025-09-17T05:30:17+00:00\" \/>\n<meta property=\"article:modified_time\" content=\"2025-09-17T06:10:11+00:00\" \/>\n<meta property=\"og:image\" content=\"https:\/\/dicodusport.fr\/blog\/wp-content\/uploads\/2025\/09\/Transferts-Cyclisme-Kevin-Vauquelin-signe-dans-une-equipe-etrangere.png\" \/>\n\t<meta property=\"og:image:width\" content=\"1200\" \/>\n\t<meta property=\"og:image:height\" content=\"674\" \/>\n\t<meta property=\"og:image:type\" content=\"image\/png\" \/>\n<meta name=\"author\" content=\"Nicolas Jacquemard\" \/>\n<meta name=\"twitter:card\" content=\"summary_large_image\" \/>\n<meta name=\"twitter:title\" content=\"Transferts Cyclisme : K\u00e9vin Vauquelin signe dans une \u00e9quipe \u00e9trang\u00e8re\" \/>\n<meta name=\"twitter:creator\" content=\"@https:\/\/twitter.com\/Nico_Jacquemard\" \/>\n<meta name=\"twitter:site\" content=\"@dicodusport\" \/>\n<script type=\"application\/ld+json\" class=\"yoast-schema-graph\">{\"@context\":\"https:\/\/schema.org\",\"@graph\":[{\"@type\":\"NewsArticle\",\"@id\":\"https:\/\/dicodusport.fr\/blog\/transferts-cyclisme-kevin-vauquelin-signe-dans-une-equipe-etrangere\/#article\",\"isPartOf\":{\"@id\":\"https:\/\/dicodusport.fr\/blog\/transferts-cyclisme-kevin-vauquelin-signe-dans-une-equipe-etrangere\/\"},\"author\":{\"name\":\"Nicolas Jacquemard\",\"@id\":\"https:\/\/dicodusport.fr\/blog\/#\/schema\/person\/55dcb50ad410894e431ed812bbb70191\"},\"headline\":\"Transferts Cyclisme : K\u00e9vin Vauquelin signe dans une \u00e9quipe \u00e9trang\u00e8re\",\"datePublished\":\"2025-09-17T05:30:17+00:00\",\"dateModified\":\"2025-09-17T06:10:11+00:00\",\"mainEntityOfPage\":{\"@id\":\"https:\/\/dicodusport.fr\/blog\/transferts-cyclisme-kevin-vauquelin-signe-dans-une-equipe-etrangere\/\"},\"wordCount\":300,\"commentCount\":1,\"publisher\":{\"@id\":\"https:\/\/dicodusport.fr\/blog\/#organization\"},\"image\":{\"@id\":\"https:\/\/dicodusport.fr\/blog\/transferts-cyclisme-kevin-vauquelin-signe-dans-une-equipe-etrangere\/#primaryimage\"},\"thumbnailUrl\":\"https:\/\/dicodusport.fr\/blog\/wp-content\/uploads\/2025\/09\/Transferts-Cyclisme-Kevin-Vauquelin-signe-dans-une-equipe-etrangere.png\",\"keywords\":[\"actu\",\"br\u00e8ve\",\"K\u00e9vin Vauquelin\",\"Mercato Cyclisme\"],\"articleSection\":[\"Cyclisme sur route\"],\"inLanguage\":\"fr-FR\",\"potentialAction\":[{\"@type\":\"CommentAction\",\"name\":\"Comment\",\"target\":[\"https:\/\/dicodusport.fr\/blog\/transferts-cyclisme-kevin-vauquelin-signe-dans-une-equipe-etrangere\/#respond\"]}],\"copyrightYear\":\"2025\",\"copyrightHolder\":{\"@id\":\"https:\/\/dicodusport.fr\/blog\/#organization\"}},{\"@type\":\"WebPage\",\"@id\":\"https:\/\/dicodusport.fr\/blog\/transferts-cyclisme-kevin-vauquelin-signe-dans-une-equipe-etrangere\/\",\"url\":\"https:\/\/dicodusport.fr\/blog\/transferts-cyclisme-kevin-vauquelin-signe-dans-une-equipe-etrangere\/\",\"name\":\"Transferts Cyclisme : K\u00e9vin Vauquelin signe dans une \u00e9quipe \u00e9trang\u00e8re\",\"isPartOf\":{\"@id\":\"https:\/\/dicodusport.fr\/blog\/#website\"},\"primaryImageOfPage\":{\"@id\":\"https:\/\/dicodusport.fr\/blog\/transferts-cyclisme-kevin-vauquelin-signe-dans-une-equipe-etrangere\/#primaryimage\"},\"image\":{\"@id\":\"https:\/\/dicodusport.fr\/blog\/transferts-cyclisme-kevin-vauquelin-signe-dans-une-equipe-etrangere\/#primaryimage\"},\"thumbnailUrl\":\"https:\/\/dicodusport.fr\/blog\/wp-content\/uploads\/2025\/09\/Transferts-Cyclisme-Kevin-Vauquelin-signe-dans-une-equipe-etrangere.png\",\"datePublished\":\"2025-09-17T05:30:17+00:00\",\"dateModified\":\"2025-09-17T06:10:11+00:00\",\"description\":\"MERCATO CYCLISME - Selon la Gazzetta dello Sport, K\u00e9vin Vauquelin a donn\u00e9 son accord pour rejoindre INEOS Grenadiers.\",\"breadcrumb\":{\"@id\":\"https:\/\/dicodusport.fr\/blog\/transferts-cyclisme-kevin-vauquelin-signe-dans-une-equipe-etrangere\/#breadcrumb\"},\"inLanguage\":\"fr-FR\",\"potentialAction\":[{\"@type\":\"ReadAction\",\"target\":[\"https:\/\/dicodusport.fr\/blog\/transferts-cyclisme-kevin-vauquelin-signe-dans-une-equipe-etrangere\/\"]}]},{\"@type\":\"ImageObject\",\"inLanguage\":\"fr-FR\",\"@id\":\"https:\/\/dicodusport.fr\/blog\/transferts-cyclisme-kevin-vauquelin-signe-dans-une-equipe-etrangere\/#primaryimage\",\"url\":\"https:\/\/dicodusport.fr\/blog\/wp-content\/uploads\/2025\/09\/Transferts-Cyclisme-Kevin-Vauquelin-signe-dans-une-equipe-etrangere.png\",\"contentUrl\":\"https:\/\/dicodusport.fr\/blog\/wp-content\/uploads\/2025\/09\/Transferts-Cyclisme-Kevin-Vauquelin-signe-dans-une-equipe-etrangere.png\",\"width\":1200,\"height\":674},{\"@type\":\"BreadcrumbList\",\"@id\":\"https:\/\/dicodusport.fr\/blog\/transferts-cyclisme-kevin-vauquelin-signe-dans-une-equipe-etrangere\/#breadcrumb\",\"itemListElement\":[{\"@type\":\"ListItem\",\"position\":1,\"name\":\"Accueil\",\"item\":\"https:\/\/dicodusport.fr\/blog\/\"},{\"@type\":\"ListItem\",\"position\":2,\"name\":\"Transferts Cyclisme : K\u00e9vin Vauquelin signe dans une \u00e9quipe \u00e9trang\u00e8re\"}]},{\"@type\":\"WebSite\",\"@id\":\"https:\/\/dicodusport.fr\/blog\/#website\",\"url\":\"https:\/\/dicodusport.fr\/blog\/\",\"name\":\"Dicodusport\",\"description\":\"L&#039;encyclop\u00e9die de l&#039;actualit\u00e9 sportive\",\"publisher\":{\"@id\":\"https:\/\/dicodusport.fr\/blog\/#organization\"},\"potentialAction\":[{\"@type\":\"SearchAction\",\"target\":{\"@type\":\"EntryPoint\",\"urlTemplate\":\"https:\/\/dicodusport.fr\/blog\/?s={search_term_string}\"},\"query-input\":{\"@type\":\"PropertyValueSpecification\",\"valueRequired\":true,\"valueName\":\"search_term_string\"}}],\"inLanguage\":\"fr-FR\"},{\"@type\":\"NewsMediaOrganization\",\"@id\":\"https:\/\/dicodusport.fr\/blog\/#organization\",\"name\":\"Dicodusport\",\"url\":\"https:\/\/dicodusport.fr\/blog\/\",\"logo\":{\"@type\":\"ImageObject\",\"inLanguage\":\"fr-FR\",\"@id\":\"https:\/\/dicodusport.fr\/blog\/#\/schema\/logo\/image\/\",\"url\":\"https:\/\/dicodusport.fr\/blog\/wp-content\/uploads\/2020\/06\/cropped-LOGO-DICODUSPORT-2020-SANS-FOND-SANS-TEXTE.png\",\"contentUrl\":\"https:\/\/dicodusport.fr\/blog\/wp-content\/uploads\/2020\/06\/cropped-LOGO-DICODUSPORT-2020-SANS-FOND-SANS-TEXTE.png\",\"width\":512,\"height\":512,\"caption\":\"Dicodusport\"},\"image\":{\"@id\":\"https:\/\/dicodusport.fr\/blog\/#\/schema\/logo\/image\/\"},\"sameAs\":[\"https:\/\/www.facebook.com\/dicodusport\",\"https:\/\/x.com\/dicodusport\",\"https:\/\/www.instagram.com\/dicodusport\/\",\"https:\/\/www.youtube.com\/channel\/UC7V2KZ5sd3htJivAbA4ZG3w\"],\"description\":\"Dicodusport est l'encyclop\u00e9die de l'actualit\u00e9 sportive.\",\"email\":\"bonjour@dicodusport.fr\",\"legalName\":\"DICODUSPORT\",\"foundingDate\":\"2018-01-14\",\"vatID\":\"FR71834470973\",\"taxID\":\"83447097300043\",\"numberOfEmployees\":{\"@type\":\"QuantitativeValue\",\"minValue\":\"1\",\"maxValue\":\"10\"}},{\"@type\":\"Person\",\"@id\":\"https:\/\/dicodusport.fr\/blog\/#\/schema\/person\/55dcb50ad410894e431ed812bbb70191\",\"name\":\"Nicolas Jacquemard\",\"image\":{\"@type\":\"ImageObject\",\"inLanguage\":\"fr-FR\",\"@id\":\"https:\/\/dicodusport.fr\/blog\/#\/schema\/person\/image\/\",\"url\":\"https:\/\/dicodusport.fr\/blog\/wp-content\/uploads\/2021\/05\/Nicolas-Jacquemard-150x150.jpeg\",\"contentUrl\":\"https:\/\/dicodusport.fr\/blog\/wp-content\/uploads\/2021\/05\/Nicolas-Jacquemard-150x150.jpeg\",\"caption\":\"Nicolas Jacquemard\"},\"description\":\"Passionn\u00e9 de sport et entrepreneur depuis mes 18 ans, la cr\u00e9ation de Dicodusport m'a sembl\u00e9 \u00e9vidente pour participer \u00e0 la m\u00e9diatisation d'un plus grand nombre de sports. Le chemin est long mais avec une \u00e9quipe des plus motiv\u00e9es et les Jeux Olympiques de Paris 2024 en point de mire, nous y arriverons ! Journaliste dans le monde du sport depuis plus de 5 ans, je traite aussi bien de football, de rugby, de biathlon que de cyclisme.\",\"sameAs\":[\"https:\/\/www.facebook.com\/dicodusport\",\"https:\/\/x.com\/https:\/\/twitter.com\/Nico_Jacquemard\"],\"url\":\"https:\/\/dicodusport.fr\/blog\/author\/dicodusport\/\"}]}<\/script>\n<!-- \/ Yoast SEO Premium plugin. -->","yoast_head_json":{"title":"Transferts Cyclisme : K\u00e9vin Vauquelin signe dans une \u00e9quipe \u00e9trang\u00e8re","description":"MERCATO CYCLISME - Selon la Gazzetta dello Sport, K\u00e9vin Vauquelin a donn\u00e9 son accord pour rejoindre INEOS Grenadiers.","robots":{"index":"index","follow":"follow","max-snippet":"max-snippet:-1","max-image-preview":"max-image-preview:large","max-video-preview":"max-video-preview:-1"},"canonical":"https:\/\/dicodusport.fr\/blog\/transferts-cyclisme-kevin-vauquelin-signe-dans-une-equipe-etrangere\/","og_locale":"fr_FR","og_type":"article","og_title":"Transferts Cyclisme : K\u00e9vin Vauquelin signe dans une \u00e9quipe \u00e9trang\u00e8re","og_description":"MERCATO CYCLISME - Selon la Gazzetta dello Sport, K\u00e9vin Vauquelin a donn\u00e9 son accord pour rejoindre INEOS Grenadiers.","og_url":"https:\/\/dicodusport.fr\/blog\/transferts-cyclisme-kevin-vauquelin-signe-dans-une-equipe-etrangere\/","og_site_name":"Dicodusport","article_publisher":"https:\/\/www.facebook.com\/dicodusport","article_author":"https:\/\/www.facebook.com\/dicodusport","article_published_time":"2025-09-17T05:30:17+00:00","article_modified_time":"2025-09-17T06:10:11+00:00","og_image":[{"width":1200,"height":674,"url":"https:\/\/dicodusport.fr\/blog\/wp-content\/uploads\/2025\/09\/Transferts-Cyclisme-Kevin-Vauquelin-signe-dans-une-equipe-etrangere.png","type":"image\/png"}],"author":"Nicolas Jacquemard","twitter_card":"summary_large_image","twitter_title":"Transferts Cyclisme : K\u00e9vin Vauquelin signe dans une \u00e9quipe \u00e9trang\u00e8re","twitter_creator":"@https:\/\/twitter.com\/Nico_Jacquemard","twitter_site":"@dicodusport","schema":{"@context":"https:\/\/schema.org","@graph":[{"@type":"NewsArticle","@id":"https:\/\/dicodusport.fr\/blog\/transferts-cyclisme-kevin-vauquelin-signe-dans-une-equipe-etrangere\/#article","isPartOf":{"@id":"https:\/\/dicodusport.fr\/blog\/transferts-cyclisme-kevin-vauquelin-signe-dans-une-equipe-etrangere\/"},"author":{"name":"Nicolas Jacquemard","@id":"https:\/\/dicodusport.fr\/blog\/#\/schema\/person\/55dcb50ad410894e431ed812bbb70191"},"headline":"Transferts Cyclisme : K\u00e9vin Vauquelin signe dans une \u00e9quipe \u00e9trang\u00e8re","datePublished":"2025-09-17T05:30:17+00:00","dateModified":"2025-09-17T06:10:11+00:00","mainEntityOfPage":{"@id":"https:\/\/dicodusport.fr\/blog\/transferts-cyclisme-kevin-vauquelin-signe-dans-une-equipe-etrangere\/"},"wordCount":300,"commentCount":1,"publisher":{"@id":"https:\/\/dicodusport.fr\/blog\/#organization"},"image":{"@id":"https:\/\/dicodusport.fr\/blog\/transferts-cyclisme-kevin-vauquelin-signe-dans-une-equipe-etrangere\/#primaryimage"},"thumbnailUrl":"https:\/\/dicodusport.fr\/blog\/wp-content\/uploads\/2025\/09\/Transferts-Cyclisme-Kevin-Vauquelin-signe-dans-une-equipe-etrangere.png","keywords":["actu","br\u00e8ve","K\u00e9vin Vauquelin","Mercato Cyclisme"],"articleSection":["Cyclisme sur route"],"inLanguage":"fr-FR","potentialAction":[{"@type":"CommentAction","name":"Comment","target":["https:\/\/dicodusport.fr\/blog\/transferts-cyclisme-kevin-vauquelin-signe-dans-une-equipe-etrangere\/#respond"]}],"copyrightYear":"2025","copyrightHolder":{"@id":"https:\/\/dicodusport.fr\/blog\/#organization"}},{"@type":"WebPage","@id":"https:\/\/dicodusport.fr\/blog\/transferts-cyclisme-kevin-vauquelin-signe-dans-une-equipe-etrangere\/","url":"https:\/\/dicodusport.fr\/blog\/transferts-cyclisme-kevin-vauquelin-signe-dans-une-equipe-etrangere\/","name":"Transferts Cyclisme : K\u00e9vin Vauquelin signe dans une \u00e9quipe \u00e9trang\u00e8re","isPartOf":{"@id":"https:\/\/dicodusport.fr\/blog\/#website"},"primaryImageOfPage":{"@id":"https:\/\/dicodusport.fr\/blog\/transferts-cyclisme-kevin-vauquelin-signe-dans-une-equipe-etrangere\/#primaryimage"},"image":{"@id":"https:\/\/dicodusport.fr\/blog\/transferts-cyclisme-kevin-vauquelin-signe-dans-une-equipe-etrangere\/#primaryimage"},"thumbnailUrl":"https:\/\/dicodusport.fr\/blog\/wp-content\/uploads\/2025\/09\/Transferts-Cyclisme-Kevin-Vauquelin-signe-dans-une-equipe-etrangere.png","datePublished":"2025-09-17T05:30:17+00:00","dateModified":"2025-09-17T06:10:11+00:00","description":"MERCATO CYCLISME - Selon la Gazzetta dello Sport, K\u00e9vin Vauquelin a donn\u00e9 son accord pour rejoindre INEOS Grenadiers.","breadcrumb":{"@id":"https:\/\/dicodusport.fr\/blog\/transferts-cyclisme-kevin-vauquelin-signe-dans-une-equipe-etrangere\/#breadcrumb"},"inLanguage":"fr-FR","potentialAction":[{"@type":"ReadAction","target":["https:\/\/dicodusport.fr\/blog\/transferts-cyclisme-kevin-vauquelin-signe-dans-une-equipe-etrangere\/"]}]},{"@type":"ImageObject","inLanguage":"fr-FR","@id":"https:\/\/dicodusport.fr\/blog\/transferts-cyclisme-kevin-vauquelin-signe-dans-une-equipe-etrangere\/#primaryimage","url":"https:\/\/dicodusport.fr\/blog\/wp-content\/uploads\/2025\/09\/Transferts-Cyclisme-Kevin-Vauquelin-signe-dans-une-equipe-etrangere.png","contentUrl":"https:\/\/dicodusport.fr\/blog\/wp-content\/uploads\/2025\/09\/Transferts-Cyclisme-Kevin-Vauquelin-signe-dans-une-equipe-etrangere.png","width":1200,"height":674},{"@type":"BreadcrumbList","@id":"https:\/\/dicodusport.fr\/blog\/transferts-cyclisme-kevin-vauquelin-signe-dans-une-equipe-etrangere\/#breadcrumb","itemListElement":[{"@type":"ListItem","position":1,"name":"Accueil","item":"https:\/\/dicodusport.fr\/blog\/"},{"@type":"ListItem","position":2,"name":"Transferts Cyclisme : K\u00e9vin Vauquelin signe dans une \u00e9quipe \u00e9trang\u00e8re"}]},{"@type":"WebSite","@id":"https:\/\/dicodusport.fr\/blog\/#website","url":"https:\/\/dicodusport.fr\/blog\/","name":"Dicodusport","description":"L&#039;encyclop\u00e9die de l&#039;actualit\u00e9 sportive","publisher":{"@id":"https:\/\/dicodusport.fr\/blog\/#organization"},"potentialAction":[{"@type":"SearchAction","target":{"@type":"EntryPoint","urlTemplate":"https:\/\/dicodusport.fr\/blog\/?s={search_term_string}"},"query-input":{"@type":"PropertyValueSpecification","valueRequired":true,"valueName":"search_term_string"}}],"inLanguage":"fr-FR"},{"@type":"NewsMediaOrganization","@id":"https:\/\/dicodusport.fr\/blog\/#organization","name":"Dicodusport","url":"https:\/\/dicodusport.fr\/blog\/","logo":{"@type":"ImageObject","inLanguage":"fr-FR","@id":"https:\/\/dicodusport.fr\/blog\/#\/schema\/logo\/image\/","url":"https:\/\/dicodusport.fr\/blog\/wp-content\/uploads\/2020\/06\/cropped-LOGO-DICODUSPORT-2020-SANS-FOND-SANS-TEXTE.png","contentUrl":"https:\/\/dicodusport.fr\/blog\/wp-content\/uploads\/2020\/06\/cropped-LOGO-DICODUSPORT-2020-SANS-FOND-SANS-TEXTE.png","width":512,"height":512,"caption":"Dicodusport"},"image":{"@id":"https:\/\/dicodusport.fr\/blog\/#\/schema\/logo\/image\/"},"sameAs":["https:\/\/www.facebook.com\/dicodusport","https:\/\/x.com\/dicodusport","https:\/\/www.instagram.com\/dicodusport\/","https:\/\/www.youtube.com\/channel\/UC7V2KZ5sd3htJivAbA4ZG3w"],"description":"Dicodusport est l'encyclop\u00e9die de l'actualit\u00e9 sportive.","email":"bonjour@dicodusport.fr","legalName":"DICODUSPORT","foundingDate":"2018-01-14","vatID":"FR71834470973","taxID":"83447097300043","numberOfEmployees":{"@type":"QuantitativeValue","minValue":"1","maxValue":"10"}},{"@type":"Person","@id":"https:\/\/dicodusport.fr\/blog\/#\/schema\/person\/55dcb50ad410894e431ed812bbb70191","name":"Nicolas Jacquemard","image":{"@type":"ImageObject","inLanguage":"fr-FR","@id":"https:\/\/dicodusport.fr\/blog\/#\/schema\/person\/image\/","url":"https:\/\/dicodusport.fr\/blog\/wp-content\/uploads\/2021\/05\/Nicolas-Jacquemard-150x150.jpeg","contentUrl":"https:\/\/dicodusport.fr\/blog\/wp-content\/uploads\/2021\/05\/Nicolas-Jacquemard-150x150.jpeg","caption":"Nicolas Jacquemard"},"description":"Passionn\u00e9 de sport et entrepreneur depuis mes 18 ans, la cr\u00e9ation de Dicodusport m'a sembl\u00e9 \u00e9vidente pour participer \u00e0 la m\u00e9diatisation d'un plus grand nombre de sports. Le chemin est long mais avec une \u00e9quipe des plus motiv\u00e9es et les Jeux Olympiques de Paris 2024 en point de mire, nous y arriverons ! Journaliste dans le monde du sport depuis plus de 5 ans, je traite aussi bien de football, de rugby, de biathlon que de cyclisme.","sameAs":["https:\/\/www.facebook.com\/dicodusport","https:\/\/x.com\/https:\/\/twitter.com\/Nico_Jacquemard"],"url":"https:\/\/dicodusport.fr\/blog\/author\/dicodusport\/"}]}},"_links":{"self":[{"href":"https:\/\/dicodusport.fr\/blog\/wp-json\/wp\/v2\/posts\/611975","targetHints":{"allow":["GET"]}}],"collection":[{"href":"https:\/\/dicodusport.fr\/blog\/wp-json\/wp\/v2\/posts"}],"about":[{"href":"https:\/\/dicodusport.fr\/blog\/wp-json\/wp\/v2\/types\/post"}],"author":[{"embeddable":true,"href":"https:\/\/dicodusport.fr\/blog\/wp-json\/wp\/v2\/users\/1"}],"replies":[{"embeddable":true,"href":"https:\/\/dicodusport.fr\/blog\/wp-json\/wp\/v2\/comments?post=611975"}],"version-history":[{"count":5,"href":"https:\/\/dicodusport.fr\/blog\/wp-json\/wp\/v2\/posts\/611975\/revisions"}],"predecessor-version":[{"id":612012,"href":"https:\/\/dicodusport.fr\/blog\/wp-json\/wp\/v2\/posts\/611975\/revisions\/612012"}],"wp:featuredmedia":[{"embeddable":true,"href":"https:\/\/dicodusport.fr\/blog\/wp-json\/wp\/v2\/media\/611978"}],"wp:attachment":[{"href":"https:\/\/dicodusport.fr\/blog\/wp-json\/wp\/v2\/media?parent=611975"}],"wp:term":[{"taxonomy":"category","embeddable":true,"href":"https:\/\/dicodusport.fr\/blog\/wp-json\/wp\/v2\/categories?post=611975"},{"taxonomy":"post_tag","embeddable":true,"href":"https:\/\/dicodusport.fr\/blog\/wp-json\/wp\/v2\/tags?post=611975"}],"curies":[{"name":"wp","href":"https:\/\/api.w.org\/{rel}","templated":true}]}}