{"id":612103,"date":"2025-09-17T17:56:01","date_gmt":"2025-09-17T15:56:01","guid":{"rendered":"https:\/\/dicodusport.fr\/blog\/?p=612103&#038;preview=true&#038;preview_id=612103"},"modified":"2025-09-17T19:03:22","modified_gmt":"2025-09-17T17:03:22","slug":"tour-de-luxembourg-2025-romain-gregoire-ecoeure-tout-le-monde-sur-la-1ere-etape","status":"publish","type":"post","link":"https:\/\/dicodusport.fr\/blog\/tour-de-luxembourg-2025-romain-gregoire-ecoeure-tout-le-monde-sur-la-1ere-etape\/","title":{"rendered":"Tour de Luxembourg 2025 : Romain Gr\u00e9goire \u00e9c\u0153ure tout le monde sur la 1\u00e8re \u00e9tape"},"content":{"rendered":"<p style=\"text-align: justify;\"><strong><em>TOUR DE LUXEMBOURG 2025 &#8211; Romain Gr\u00e9goire (Groupama-FDJ) remporte la premi\u00e8re \u00e9tape du Tour de Luxembourg, en asphyxiant tout le monde jusqu&rsquo;\u00e0 la ligne. Un sprint en bosse de costaud, de la part du vainqueur du Tour de Grande-Bretagne.<\/em><\/strong><\/p>\n<ul>\n<li><strong>\u00c0 ce sujet &#8211; <a href=\"https:\/\/dicodusport.fr\/blog\/1ere-etape-tour-de-luxembourg-2025-classement-et-resultats\/\">1\u00e8re \u00e9tape Tour de Luxembourg 2025 \u2013 Classement et r\u00e9sultats<\/a><\/strong><\/li>\n<\/ul>\n<p style=\"text-align: justify;\">Mine de rien, c&rsquo;est son cinqui\u00e8me succ\u00e8s de la saison. Surtout, quelques jours apr\u00e8s <a href=\"https:\/\/dicodusport.fr\/blog\/tour-de-grande-bretagne-2025-romain-gregoire-remporte-le-classement-general-le-triple-pour-olav-kooij-sur-la-6eme-etape\/\">son succ\u00e8s au classement g\u00e9n\u00e9ral du Tour de Grande-Bretagne<\/a>, <strong>Romain Gr\u00e9goire<\/strong> (Groupama-FDJ) montre que sa motivation est intacte. On oserait m\u00eame penser que le surplus de confiance, n\u00e9 de sa victoire l\u00e0-bas, a sans doute amen\u00e9 celle de ce mercredi, sur la premi\u00e8re \u00e9tape du <strong>Tour de Luxembourg<\/strong>. Une confiance qui l&rsquo;a amen\u00e9 \u00e0 lancer le sprint de tr\u00e8s loin, sur cette arriv\u00e9e en faux plat montant. Une force \u00e9norme et des adversaires \u00e9c\u0153ur\u00e9s un \u00e0 un. Ils auront eu beau coller la roue du jeune tricolore. Le dernier en question, <strong>Marijn van den Berg<\/strong> (EF Education &#8211; EasyPost).<\/p>\n<blockquote class=\"twitter-tweet\">\n<p dir=\"ltr\" lang=\"fr\">Mais QUELLE VICTOIRE de Romain Gr\u00e9goire !<\/p>\n<p>Le Fran\u00e7ais a lanc\u00e9 de loin mais \u00e9tait le plus fort pour s&rsquo;imposer dans un sprint en bosse sur la premi\u00e8re \u00e9tape du Tour du Luxembourg ! <a href=\"https:\/\/twitter.com\/hashtag\/lequipeVELO?src=hash&amp;ref_src=twsrc%5Etfw\">#lequipeVELO<\/a> <a href=\"https:\/\/t.co\/YibObGsRGf\">pic.twitter.com\/YibObGsRGf<\/a><\/p>\n<p>\u2014 la chaine L&rsquo;\u00c9quipe (@lachainelequipe) <a href=\"https:\/\/twitter.com\/lachainelequipe\/status\/1968342645043843461?ref_src=twsrc%5Etfw\">September 17, 2025<\/a><\/p><\/blockquote>\n<p><script async src=\"https:\/\/platform.twitter.com\/widgets.js\" charset=\"utf-8\"><\/script><\/p>\n<h2 style=\"text-align: justify;\">Six hommes \u00e0 l&rsquo;avant<\/h2>\n<p style=\"text-align: justify;\">Six hommes ont attaqu\u00e9 au bout de 30 kilom\u00e8tres de course. Pour former la premi\u00e8re \u00e9chapp\u00e9e de cette \u00e9dition 2025 du Tour de Luxembourg. Dont il r\u00e8gne d\u00e9j\u00e0 un petit air de championnats du monde, qui se rapprochent \u00e0 grand pas. On retrouve \u00e0 l&rsquo;avant <strong>Andrea Pietrobon<\/strong> (Team Polti VisitMalta), <strong>Quentin Bezza<\/strong> (Wagner Bazin WB),<strong> Andr\u00e9 Carvalho<\/strong> (Efapel Cycling), <strong>Malte Hellerup<\/strong> (Team ColoQuick),<strong> Mats Berns<\/strong> (VC Unit\u00e9 Schwenheim) et <strong>Mil Morang<\/strong> (Team Lotto Kern-Haus PSD Bank). Six hommes \u00e0 qui le peloton n&rsquo;a laiss\u00e9 qu&rsquo;un cr\u00e9dit relativement limit\u00e9. Avec un \u00e9cart maximal autoris\u00e9 de 2:30. Le premier \u00e0 \u00eatre d\u00e9cramponn\u00e9 devant est le Luxembourgeois <strong>Mats Berns<\/strong>. Les deux derniers \u00e0 r\u00e9sister seront <strong>Andrea Pietrobon <\/strong>et <strong>Mil Morang.<\/strong><\/p>\n<ul>\n<li><strong>\u00c0 ce sujet \u2013 <a href=\"https:\/\/dicodusport.fr\/blog\/classement-general-tour-de-luxembourg-2025-mis-a-jour\/\">Classement g\u00e9n\u00e9ral Tour de Luxembourg 2025 mis \u00e0 jour<\/a><\/strong><\/li>\n<\/ul>\n<h2 style=\"text-align: justify;\">Richard Carapaz a tent\u00e9<\/h2>\n<p style=\"text-align: justify;\">Les deux coureurs ont m\u00eame pu aborder, en t\u00eate, la tr\u00e8s difficile <strong>C\u00f4te de Stafelter<\/strong> (2,2 km \u00e0 7,2 %), plac\u00e9e \u00e0 10 km de l&rsquo;arriv\u00e9e. Une belle rampe, pr\u00e9lude d&rsquo;une \u00e9dition une nouvelle fois tr\u00e8s escarp\u00e9e au Luxembourg. Ils seront aval\u00e9s dans les premi\u00e8res rampes, apr\u00e8s une sacr\u00e9e fugue et une vingtaine de kilom\u00e8tres \u00e0 deux. <strong>Tiago Antunes<\/strong> (Efapel Cycling) a tent\u00e9 sa chance d\u00e8s le pied de la mont\u00e9e. Le coureur portugais prendra quelques longueurs d&rsquo;avance, avant de se faire avaler. Il faut dire qu&rsquo;UAE Team Emirates-XRG, comme \u00e0 son habitude, a imprim\u00e9 un gros rythme. Un gros relais de <strong>Pablo Torres<\/strong>, vainqueur du baby Giro 2024.<\/p>\n<p style=\"text-align: justify;\"><strong>Richard Carapaz<\/strong> (EF Education-Easy Post) aura \u00e9t\u00e9 le premier grand favori \u00e0 d\u00e9clencher. On a vu son co\u00e9quipier <strong>Ben Healy<\/strong> tenter, avec <strong>Pepijn Reinderink<\/strong> (Soudal Quick-Step). <strong>Nicolas Prodhomme<\/strong> (Decathlon-AG2R La Mondiale). Mais l&rsquo;\u00e9tape n&rsquo;a pas \u00e9t\u00e9 assez dure pour que la bosse provoque la s\u00e9lection. C&rsquo;est un peloton, certes d\u00e9lest\u00e9 de certains \u00e9l\u00e9ments, mais bien group\u00e9, qui s&rsquo;est expliqu\u00e9 pour la victoire. Un peloton nombreux, mais un seul roi ! Romain Gr\u00e9goire. Qui aura d\u00e9croch\u00e9<strong> Tibor Del Grosso<\/strong> (Alpecin-Deceuninck), <strong>Marc Hirschi<\/strong> (Tudor Pro Cycling Team), puis <strong>Marijn van den Berg,<\/strong> qui a d\u00fb renoncer \u00e0 moins de 100 m de la ligne. Fou !<\/p>\n<h3 style=\"text-align: justify;\">\u00c0 ce sujet<\/h3>\n<div class=\"vlp-link-container vlp-layout-article\"><a href=\"https:\/\/dicodusport.fr\/blog\/tour-de-luxembourg-2025-parcours-detaille-et-profils-des-etapes\/\" class=\"vlp-link\" title=\"Tour de Luxembourg 2025 : Parcours d\u00e9taill\u00e9 et profils des \u00e9tapes\"><\/a><div class=\"vlp-layout-zone-side\"><div class=\"vlp-block-4 vlp-link-image\"><img loading=\"lazy\" decoding=\"async\" style=\"max-width: 792px;\" width=\"792\" height=\"445\" src=\"https:\/\/dicodusport.fr\/blog\/wp-content\/uploads\/2025\/09\/Tour-de-Luxembourg-2025-Parcours-detaille-et-profils-des-etapes.png\" class=\"attachment-800x445 size-800x445\" alt=\"Tour de Luxembourg 2025 Parcours d\u00e9taill\u00e9 et profils des \u00e9tapes\" srcset=\"https:\/\/dicodusport.fr\/blog\/wp-content\/uploads\/2025\/09\/Tour-de-Luxembourg-2025-Parcours-detaille-et-profils-des-etapes.png 1200w, https:\/\/dicodusport.fr\/blog\/wp-content\/uploads\/2025\/09\/Tour-de-Luxembourg-2025-Parcours-detaille-et-profils-des-etapes-300x169.png 300w, https:\/\/dicodusport.fr\/blog\/wp-content\/uploads\/2025\/09\/Tour-de-Luxembourg-2025-Parcours-detaille-et-profils-des-etapes-1024x575.png 1024w, https:\/\/dicodusport.fr\/blog\/wp-content\/uploads\/2025\/09\/Tour-de-Luxembourg-2025-Parcours-detaille-et-profils-des-etapes-768x431.png 768w\" sizes=\"auto, (max-width: 792px) 100vw, 792px\" \/><\/div><\/div><div class=\"vlp-layout-zone-main\"><div class=\"vlp-block-0 vlp-link-title\">Tour de Luxembourg 2025 : Parcours d\u00e9taill\u00e9 et profils des \u00e9tapes<\/div><div class=\"vlp-block-1 vlp-link-summary\">Retrouvez le parcours en d\u00e9tail et les profils des \u00e9tapes de la 85\u00e8me \u00e9dition du Tour de Luxembourg, qui se d\u00e9roule du 17 au 21 septembre 2025.<\/div><div class=\"vlp-block-2 vlp-link-button\">Lire l'article<\/div><div class=\"vlp-block-3 vlp-link-url\">dicodusport.fr<\/div><\/div><\/div>\n","protected":false},"excerpt":{"rendered":"<p>Romain Gr\u00e9goire (Groupama-FDJ) remporte la premi\u00e8re \u00e9tape du Tour de Luxembourg, en asphyxiant tout le monde jusqu&rsquo;\u00e0 la ligne.<\/p>\n","protected":false},"author":83,"featured_media":612162,"comment_status":"open","ping_status":"closed","sticky":false,"template":"","format":"standard","meta":{"_acf_changed":false,"_daextam_enable_autolinks":"1","footnotes":""},"categories":[46994],"tags":[16878,574,11197,24,19216],"class_list":["post-612103","post","type-post","status-publish","format-standard","has-post-thumbnail","hentry","category-cyclisme-sur-route","tag-breve","tag-cyclisme","tag-cyclisme-sur-route","tag-sport","tag-tour-de-luxembourg"],"acf":[],"yoast_head":"<!-- This site is optimized with the Yoast SEO Premium plugin v26.7 (Yoast SEO v26.7) - https:\/\/yoast.com\/wordpress\/plugins\/seo\/ -->\n<title>Tour de Luxembourg 2025 : Romain Gr\u00e9goire \u00e9c\u0153ure tout le monde sur la 1\u00e8re \u00e9tape<\/title>\n<meta name=\"description\" content=\"Romain Gr\u00e9goire (Groupama-FDJ) remporte la premi\u00e8re \u00e9tape du Tour de Luxembourg, en asphyxiant tout le monde jusqu&#039;\u00e0 la ligne.\" \/>\n<meta name=\"robots\" content=\"index, follow, max-snippet:-1, max-image-preview:large, max-video-preview:-1\" \/>\n<link rel=\"canonical\" href=\"https:\/\/dicodusport.fr\/blog\/tour-de-luxembourg-2025-romain-gregoire-ecoeure-tout-le-monde-sur-la-1ere-etape\/\" \/>\n<meta property=\"og:locale\" content=\"fr_FR\" \/>\n<meta property=\"og:type\" content=\"article\" \/>\n<meta property=\"og:title\" content=\"Tour de Luxembourg 2025 : Romain Gr\u00e9goire \u00e9c\u0153ure tout le monde sur la 1\u00e8re \u00e9tape\" \/>\n<meta property=\"og:description\" content=\"Romain Gr\u00e9goire (Groupama-FDJ) remporte la premi\u00e8re \u00e9tape du Tour de Luxembourg, en asphyxiant tout le monde jusqu&#039;\u00e0 la ligne.\" \/>\n<meta property=\"og:url\" content=\"https:\/\/dicodusport.fr\/blog\/tour-de-luxembourg-2025-romain-gregoire-ecoeure-tout-le-monde-sur-la-1ere-etape\/\" \/>\n<meta property=\"og:site_name\" content=\"Dicodusport\" \/>\n<meta property=\"article:publisher\" content=\"https:\/\/www.facebook.com\/dicodusport\" \/>\n<meta property=\"article:published_time\" content=\"2025-09-17T15:56:01+00:00\" \/>\n<meta property=\"article:modified_time\" content=\"2025-09-17T17:03:22+00:00\" \/>\n<meta property=\"og:image\" content=\"https:\/\/dicodusport.fr\/blog\/wp-content\/uploads\/2025\/09\/Tour-de-Luxembourg-2025-Romain-Gregoire-ecoeure-tout-le-monde-sur-la-1ere-etape-1.png\" \/>\n\t<meta property=\"og:image:width\" content=\"1200\" \/>\n\t<meta property=\"og:image:height\" content=\"674\" \/>\n\t<meta property=\"og:image:type\" content=\"image\/png\" \/>\n<meta name=\"author\" content=\"Etienne Goursaud\" \/>\n<meta name=\"twitter:card\" content=\"summary_large_image\" \/>\n<meta name=\"twitter:title\" content=\"Tour de Luxembourg 2025 : Romain Gr\u00e9goire \u00e9c\u0153ure tout le monde sur la 1\u00e8re \u00e9tape\" \/>\n<meta name=\"twitter:creator\" content=\"@dicodusport\" \/>\n<meta name=\"twitter:site\" content=\"@dicodusport\" \/>\n<script type=\"application\/ld+json\" class=\"yoast-schema-graph\">{\"@context\":\"https:\/\/schema.org\",\"@graph\":[{\"@type\":\"NewsArticle\",\"@id\":\"https:\/\/dicodusport.fr\/blog\/tour-de-luxembourg-2025-romain-gregoire-ecoeure-tout-le-monde-sur-la-1ere-etape\/#article\",\"isPartOf\":{\"@id\":\"https:\/\/dicodusport.fr\/blog\/tour-de-luxembourg-2025-romain-gregoire-ecoeure-tout-le-monde-sur-la-1ere-etape\/\"},\"author\":{\"name\":\"Etienne Goursaud\",\"@id\":\"https:\/\/dicodusport.fr\/blog\/#\/schema\/person\/d603dd7da31fb2b46c82b9835a77ec13\"},\"headline\":\"Tour de Luxembourg 2025 : Romain Gr\u00e9goire \u00e9c\u0153ure tout le monde sur la 1\u00e8re \u00e9tape\",\"datePublished\":\"2025-09-17T15:56:01+00:00\",\"dateModified\":\"2025-09-17T17:03:22+00:00\",\"mainEntityOfPage\":{\"@id\":\"https:\/\/dicodusport.fr\/blog\/tour-de-luxembourg-2025-romain-gregoire-ecoeure-tout-le-monde-sur-la-1ere-etape\/\"},\"wordCount\":693,\"commentCount\":0,\"publisher\":{\"@id\":\"https:\/\/dicodusport.fr\/blog\/#organization\"},\"image\":{\"@id\":\"https:\/\/dicodusport.fr\/blog\/tour-de-luxembourg-2025-romain-gregoire-ecoeure-tout-le-monde-sur-la-1ere-etape\/#primaryimage\"},\"thumbnailUrl\":\"https:\/\/dicodusport.fr\/blog\/wp-content\/uploads\/2025\/09\/Tour-de-Luxembourg-2025-Romain-Gregoire-ecoeure-tout-le-monde-sur-la-1ere-etape-1.png\",\"keywords\":[\"br\u00e8ve\",\"Cyclisme\",\"Cyclisme sur route\",\"sport\",\"Tour de Luxembourg\"],\"articleSection\":[\"Cyclisme sur route\"],\"inLanguage\":\"fr-FR\",\"potentialAction\":[{\"@type\":\"CommentAction\",\"name\":\"Comment\",\"target\":[\"https:\/\/dicodusport.fr\/blog\/tour-de-luxembourg-2025-romain-gregoire-ecoeure-tout-le-monde-sur-la-1ere-etape\/#respond\"]}],\"copyrightYear\":\"2025\",\"copyrightHolder\":{\"@id\":\"https:\/\/dicodusport.fr\/blog\/#organization\"}},{\"@type\":\"WebPage\",\"@id\":\"https:\/\/dicodusport.fr\/blog\/tour-de-luxembourg-2025-romain-gregoire-ecoeure-tout-le-monde-sur-la-1ere-etape\/\",\"url\":\"https:\/\/dicodusport.fr\/blog\/tour-de-luxembourg-2025-romain-gregoire-ecoeure-tout-le-monde-sur-la-1ere-etape\/\",\"name\":\"Tour de Luxembourg 2025 : Romain Gr\u00e9goire \u00e9c\u0153ure tout le monde sur la 1\u00e8re \u00e9tape\",\"isPartOf\":{\"@id\":\"https:\/\/dicodusport.fr\/blog\/#website\"},\"primaryImageOfPage\":{\"@id\":\"https:\/\/dicodusport.fr\/blog\/tour-de-luxembourg-2025-romain-gregoire-ecoeure-tout-le-monde-sur-la-1ere-etape\/#primaryimage\"},\"image\":{\"@id\":\"https:\/\/dicodusport.fr\/blog\/tour-de-luxembourg-2025-romain-gregoire-ecoeure-tout-le-monde-sur-la-1ere-etape\/#primaryimage\"},\"thumbnailUrl\":\"https:\/\/dicodusport.fr\/blog\/wp-content\/uploads\/2025\/09\/Tour-de-Luxembourg-2025-Romain-Gregoire-ecoeure-tout-le-monde-sur-la-1ere-etape-1.png\",\"datePublished\":\"2025-09-17T15:56:01+00:00\",\"dateModified\":\"2025-09-17T17:03:22+00:00\",\"description\":\"Romain Gr\u00e9goire (Groupama-FDJ) remporte la premi\u00e8re \u00e9tape du Tour de Luxembourg, en asphyxiant tout le monde jusqu'\u00e0 la ligne.\",\"breadcrumb\":{\"@id\":\"https:\/\/dicodusport.fr\/blog\/tour-de-luxembourg-2025-romain-gregoire-ecoeure-tout-le-monde-sur-la-1ere-etape\/#breadcrumb\"},\"inLanguage\":\"fr-FR\",\"potentialAction\":[{\"@type\":\"ReadAction\",\"target\":[\"https:\/\/dicodusport.fr\/blog\/tour-de-luxembourg-2025-romain-gregoire-ecoeure-tout-le-monde-sur-la-1ere-etape\/\"]}]},{\"@type\":\"ImageObject\",\"inLanguage\":\"fr-FR\",\"@id\":\"https:\/\/dicodusport.fr\/blog\/tour-de-luxembourg-2025-romain-gregoire-ecoeure-tout-le-monde-sur-la-1ere-etape\/#primaryimage\",\"url\":\"https:\/\/dicodusport.fr\/blog\/wp-content\/uploads\/2025\/09\/Tour-de-Luxembourg-2025-Romain-Gregoire-ecoeure-tout-le-monde-sur-la-1ere-etape-1.png\",\"contentUrl\":\"https:\/\/dicodusport.fr\/blog\/wp-content\/uploads\/2025\/09\/Tour-de-Luxembourg-2025-Romain-Gregoire-ecoeure-tout-le-monde-sur-la-1ere-etape-1.png\",\"width\":1200,\"height\":674,\"caption\":\"Tour de Luxembourg 2025 Romain Gr\u00e9goire \u00e9coeure tout le monde sur la 1\u00e8re \u00e9tape\"},{\"@type\":\"BreadcrumbList\",\"@id\":\"https:\/\/dicodusport.fr\/blog\/tour-de-luxembourg-2025-romain-gregoire-ecoeure-tout-le-monde-sur-la-1ere-etape\/#breadcrumb\",\"itemListElement\":[{\"@type\":\"ListItem\",\"position\":1,\"name\":\"Accueil\",\"item\":\"https:\/\/dicodusport.fr\/blog\/\"},{\"@type\":\"ListItem\",\"position\":2,\"name\":\"Tour de Luxembourg 2025 : Romain Gr\u00e9goire \u00e9c\u0153ure tout le monde sur la 1\u00e8re \u00e9tape\"}]},{\"@type\":\"WebSite\",\"@id\":\"https:\/\/dicodusport.fr\/blog\/#website\",\"url\":\"https:\/\/dicodusport.fr\/blog\/\",\"name\":\"Dicodusport\",\"description\":\"L&#039;encyclop\u00e9die de l&#039;actualit\u00e9 sportive\",\"publisher\":{\"@id\":\"https:\/\/dicodusport.fr\/blog\/#organization\"},\"potentialAction\":[{\"@type\":\"SearchAction\",\"target\":{\"@type\":\"EntryPoint\",\"urlTemplate\":\"https:\/\/dicodusport.fr\/blog\/?s={search_term_string}\"},\"query-input\":{\"@type\":\"PropertyValueSpecification\",\"valueRequired\":true,\"valueName\":\"search_term_string\"}}],\"inLanguage\":\"fr-FR\"},{\"@type\":\"NewsMediaOrganization\",\"@id\":\"https:\/\/dicodusport.fr\/blog\/#organization\",\"name\":\"Dicodusport\",\"url\":\"https:\/\/dicodusport.fr\/blog\/\",\"logo\":{\"@type\":\"ImageObject\",\"inLanguage\":\"fr-FR\",\"@id\":\"https:\/\/dicodusport.fr\/blog\/#\/schema\/logo\/image\/\",\"url\":\"https:\/\/dicodusport.fr\/blog\/wp-content\/uploads\/2020\/06\/cropped-LOGO-DICODUSPORT-2020-SANS-FOND-SANS-TEXTE.png\",\"contentUrl\":\"https:\/\/dicodusport.fr\/blog\/wp-content\/uploads\/2020\/06\/cropped-LOGO-DICODUSPORT-2020-SANS-FOND-SANS-TEXTE.png\",\"width\":512,\"height\":512,\"caption\":\"Dicodusport\"},\"image\":{\"@id\":\"https:\/\/dicodusport.fr\/blog\/#\/schema\/logo\/image\/\"},\"sameAs\":[\"https:\/\/www.facebook.com\/dicodusport\",\"https:\/\/x.com\/dicodusport\",\"https:\/\/www.instagram.com\/dicodusport\/\",\"https:\/\/www.youtube.com\/channel\/UC7V2KZ5sd3htJivAbA4ZG3w\"],\"description\":\"Dicodusport est l'encyclop\u00e9die de l'actualit\u00e9 sportive.\",\"email\":\"bonjour@dicodusport.fr\",\"legalName\":\"DICODUSPORT\",\"foundingDate\":\"2018-01-14\",\"vatID\":\"FR71834470973\",\"taxID\":\"83447097300043\",\"numberOfEmployees\":{\"@type\":\"QuantitativeValue\",\"minValue\":\"1\",\"maxValue\":\"10\"}},{\"@type\":\"Person\",\"@id\":\"https:\/\/dicodusport.fr\/blog\/#\/schema\/person\/d603dd7da31fb2b46c82b9835a77ec13\",\"name\":\"Etienne Goursaud\",\"image\":{\"@type\":\"ImageObject\",\"inLanguage\":\"fr-FR\",\"@id\":\"https:\/\/dicodusport.fr\/blog\/#\/schema\/person\/image\/\",\"url\":\"https:\/\/dicodusport.fr\/blog\/wp-content\/uploads\/2023\/12\/410122264_10231602061736049_5565839791558026645_n-150x150.jpg\",\"contentUrl\":\"https:\/\/dicodusport.fr\/blog\/wp-content\/uploads\/2023\/12\/410122264_10231602061736049_5565839791558026645_n-150x150.jpg\",\"caption\":\"Etienne Goursaud\"},\"description\":\"Journaliste et amoureux de sport. Ancien footballeur reconverti athl\u00e8te quand ses muscles le laissent tranquille. \u00c9lev\u00e9 \u00e0 la sauce des exploits de Thomas Voeckler en 2004, du dernier essai de l\u00e9gende de Eunice Barber \u00e0 la longueur lors des championnats du monde d'athl\u00e9tisme de 2003 mais aussi Zidane, Omeyer et Titou Lamaison.\",\"url\":\"https:\/\/dicodusport.fr\/blog\/author\/etienne-goursaud\/\"}]}<\/script>\n<!-- \/ Yoast SEO Premium plugin. -->","yoast_head_json":{"title":"Tour de Luxembourg 2025 : Romain Gr\u00e9goire \u00e9c\u0153ure tout le monde sur la 1\u00e8re \u00e9tape","description":"Romain Gr\u00e9goire (Groupama-FDJ) remporte la premi\u00e8re \u00e9tape du Tour de Luxembourg, en asphyxiant tout le monde jusqu'\u00e0 la ligne.","robots":{"index":"index","follow":"follow","max-snippet":"max-snippet:-1","max-image-preview":"max-image-preview:large","max-video-preview":"max-video-preview:-1"},"canonical":"https:\/\/dicodusport.fr\/blog\/tour-de-luxembourg-2025-romain-gregoire-ecoeure-tout-le-monde-sur-la-1ere-etape\/","og_locale":"fr_FR","og_type":"article","og_title":"Tour de Luxembourg 2025 : Romain Gr\u00e9goire \u00e9c\u0153ure tout le monde sur la 1\u00e8re \u00e9tape","og_description":"Romain Gr\u00e9goire (Groupama-FDJ) remporte la premi\u00e8re \u00e9tape du Tour de Luxembourg, en asphyxiant tout le monde jusqu'\u00e0 la ligne.","og_url":"https:\/\/dicodusport.fr\/blog\/tour-de-luxembourg-2025-romain-gregoire-ecoeure-tout-le-monde-sur-la-1ere-etape\/","og_site_name":"Dicodusport","article_publisher":"https:\/\/www.facebook.com\/dicodusport","article_published_time":"2025-09-17T15:56:01+00:00","article_modified_time":"2025-09-17T17:03:22+00:00","og_image":[{"width":1200,"height":674,"url":"https:\/\/dicodusport.fr\/blog\/wp-content\/uploads\/2025\/09\/Tour-de-Luxembourg-2025-Romain-Gregoire-ecoeure-tout-le-monde-sur-la-1ere-etape-1.png","type":"image\/png"}],"author":"Etienne Goursaud","twitter_card":"summary_large_image","twitter_title":"Tour de Luxembourg 2025 : Romain Gr\u00e9goire \u00e9c\u0153ure tout le monde sur la 1\u00e8re \u00e9tape","twitter_creator":"@dicodusport","twitter_site":"@dicodusport","schema":{"@context":"https:\/\/schema.org","@graph":[{"@type":"NewsArticle","@id":"https:\/\/dicodusport.fr\/blog\/tour-de-luxembourg-2025-romain-gregoire-ecoeure-tout-le-monde-sur-la-1ere-etape\/#article","isPartOf":{"@id":"https:\/\/dicodusport.fr\/blog\/tour-de-luxembourg-2025-romain-gregoire-ecoeure-tout-le-monde-sur-la-1ere-etape\/"},"author":{"name":"Etienne Goursaud","@id":"https:\/\/dicodusport.fr\/blog\/#\/schema\/person\/d603dd7da31fb2b46c82b9835a77ec13"},"headline":"Tour de Luxembourg 2025 : Romain Gr\u00e9goire \u00e9c\u0153ure tout le monde sur la 1\u00e8re \u00e9tape","datePublished":"2025-09-17T15:56:01+00:00","dateModified":"2025-09-17T17:03:22+00:00","mainEntityOfPage":{"@id":"https:\/\/dicodusport.fr\/blog\/tour-de-luxembourg-2025-romain-gregoire-ecoeure-tout-le-monde-sur-la-1ere-etape\/"},"wordCount":693,"commentCount":0,"publisher":{"@id":"https:\/\/dicodusport.fr\/blog\/#organization"},"image":{"@id":"https:\/\/dicodusport.fr\/blog\/tour-de-luxembourg-2025-romain-gregoire-ecoeure-tout-le-monde-sur-la-1ere-etape\/#primaryimage"},"thumbnailUrl":"https:\/\/dicodusport.fr\/blog\/wp-content\/uploads\/2025\/09\/Tour-de-Luxembourg-2025-Romain-Gregoire-ecoeure-tout-le-monde-sur-la-1ere-etape-1.png","keywords":["br\u00e8ve","Cyclisme","Cyclisme sur route","sport","Tour de Luxembourg"],"articleSection":["Cyclisme sur route"],"inLanguage":"fr-FR","potentialAction":[{"@type":"CommentAction","name":"Comment","target":["https:\/\/dicodusport.fr\/blog\/tour-de-luxembourg-2025-romain-gregoire-ecoeure-tout-le-monde-sur-la-1ere-etape\/#respond"]}],"copyrightYear":"2025","copyrightHolder":{"@id":"https:\/\/dicodusport.fr\/blog\/#organization"}},{"@type":"WebPage","@id":"https:\/\/dicodusport.fr\/blog\/tour-de-luxembourg-2025-romain-gregoire-ecoeure-tout-le-monde-sur-la-1ere-etape\/","url":"https:\/\/dicodusport.fr\/blog\/tour-de-luxembourg-2025-romain-gregoire-ecoeure-tout-le-monde-sur-la-1ere-etape\/","name":"Tour de Luxembourg 2025 : Romain Gr\u00e9goire \u00e9c\u0153ure tout le monde sur la 1\u00e8re \u00e9tape","isPartOf":{"@id":"https:\/\/dicodusport.fr\/blog\/#website"},"primaryImageOfPage":{"@id":"https:\/\/dicodusport.fr\/blog\/tour-de-luxembourg-2025-romain-gregoire-ecoeure-tout-le-monde-sur-la-1ere-etape\/#primaryimage"},"image":{"@id":"https:\/\/dicodusport.fr\/blog\/tour-de-luxembourg-2025-romain-gregoire-ecoeure-tout-le-monde-sur-la-1ere-etape\/#primaryimage"},"thumbnailUrl":"https:\/\/dicodusport.fr\/blog\/wp-content\/uploads\/2025\/09\/Tour-de-Luxembourg-2025-Romain-Gregoire-ecoeure-tout-le-monde-sur-la-1ere-etape-1.png","datePublished":"2025-09-17T15:56:01+00:00","dateModified":"2025-09-17T17:03:22+00:00","description":"Romain Gr\u00e9goire (Groupama-FDJ) remporte la premi\u00e8re \u00e9tape du Tour de Luxembourg, en asphyxiant tout le monde jusqu'\u00e0 la ligne.","breadcrumb":{"@id":"https:\/\/dicodusport.fr\/blog\/tour-de-luxembourg-2025-romain-gregoire-ecoeure-tout-le-monde-sur-la-1ere-etape\/#breadcrumb"},"inLanguage":"fr-FR","potentialAction":[{"@type":"ReadAction","target":["https:\/\/dicodusport.fr\/blog\/tour-de-luxembourg-2025-romain-gregoire-ecoeure-tout-le-monde-sur-la-1ere-etape\/"]}]},{"@type":"ImageObject","inLanguage":"fr-FR","@id":"https:\/\/dicodusport.fr\/blog\/tour-de-luxembourg-2025-romain-gregoire-ecoeure-tout-le-monde-sur-la-1ere-etape\/#primaryimage","url":"https:\/\/dicodusport.fr\/blog\/wp-content\/uploads\/2025\/09\/Tour-de-Luxembourg-2025-Romain-Gregoire-ecoeure-tout-le-monde-sur-la-1ere-etape-1.png","contentUrl":"https:\/\/dicodusport.fr\/blog\/wp-content\/uploads\/2025\/09\/Tour-de-Luxembourg-2025-Romain-Gregoire-ecoeure-tout-le-monde-sur-la-1ere-etape-1.png","width":1200,"height":674,"caption":"Tour de Luxembourg 2025 Romain Gr\u00e9goire \u00e9coeure tout le monde sur la 1\u00e8re \u00e9tape"},{"@type":"BreadcrumbList","@id":"https:\/\/dicodusport.fr\/blog\/tour-de-luxembourg-2025-romain-gregoire-ecoeure-tout-le-monde-sur-la-1ere-etape\/#breadcrumb","itemListElement":[{"@type":"ListItem","position":1,"name":"Accueil","item":"https:\/\/dicodusport.fr\/blog\/"},{"@type":"ListItem","position":2,"name":"Tour de Luxembourg 2025 : Romain Gr\u00e9goire \u00e9c\u0153ure tout le monde sur la 1\u00e8re \u00e9tape"}]},{"@type":"WebSite","@id":"https:\/\/dicodusport.fr\/blog\/#website","url":"https:\/\/dicodusport.fr\/blog\/","name":"Dicodusport","description":"L&#039;encyclop\u00e9die de l&#039;actualit\u00e9 sportive","publisher":{"@id":"https:\/\/dicodusport.fr\/blog\/#organization"},"potentialAction":[{"@type":"SearchAction","target":{"@type":"EntryPoint","urlTemplate":"https:\/\/dicodusport.fr\/blog\/?s={search_term_string}"},"query-input":{"@type":"PropertyValueSpecification","valueRequired":true,"valueName":"search_term_string"}}],"inLanguage":"fr-FR"},{"@type":"NewsMediaOrganization","@id":"https:\/\/dicodusport.fr\/blog\/#organization","name":"Dicodusport","url":"https:\/\/dicodusport.fr\/blog\/","logo":{"@type":"ImageObject","inLanguage":"fr-FR","@id":"https:\/\/dicodusport.fr\/blog\/#\/schema\/logo\/image\/","url":"https:\/\/dicodusport.fr\/blog\/wp-content\/uploads\/2020\/06\/cropped-LOGO-DICODUSPORT-2020-SANS-FOND-SANS-TEXTE.png","contentUrl":"https:\/\/dicodusport.fr\/blog\/wp-content\/uploads\/2020\/06\/cropped-LOGO-DICODUSPORT-2020-SANS-FOND-SANS-TEXTE.png","width":512,"height":512,"caption":"Dicodusport"},"image":{"@id":"https:\/\/dicodusport.fr\/blog\/#\/schema\/logo\/image\/"},"sameAs":["https:\/\/www.facebook.com\/dicodusport","https:\/\/x.com\/dicodusport","https:\/\/www.instagram.com\/dicodusport\/","https:\/\/www.youtube.com\/channel\/UC7V2KZ5sd3htJivAbA4ZG3w"],"description":"Dicodusport est l'encyclop\u00e9die de l'actualit\u00e9 sportive.","email":"bonjour@dicodusport.fr","legalName":"DICODUSPORT","foundingDate":"2018-01-14","vatID":"FR71834470973","taxID":"83447097300043","numberOfEmployees":{"@type":"QuantitativeValue","minValue":"1","maxValue":"10"}},{"@type":"Person","@id":"https:\/\/dicodusport.fr\/blog\/#\/schema\/person\/d603dd7da31fb2b46c82b9835a77ec13","name":"Etienne Goursaud","image":{"@type":"ImageObject","inLanguage":"fr-FR","@id":"https:\/\/dicodusport.fr\/blog\/#\/schema\/person\/image\/","url":"https:\/\/dicodusport.fr\/blog\/wp-content\/uploads\/2023\/12\/410122264_10231602061736049_5565839791558026645_n-150x150.jpg","contentUrl":"https:\/\/dicodusport.fr\/blog\/wp-content\/uploads\/2023\/12\/410122264_10231602061736049_5565839791558026645_n-150x150.jpg","caption":"Etienne Goursaud"},"description":"Journaliste et amoureux de sport. Ancien footballeur reconverti athl\u00e8te quand ses muscles le laissent tranquille. \u00c9lev\u00e9 \u00e0 la sauce des exploits de Thomas Voeckler en 2004, du dernier essai de l\u00e9gende de Eunice Barber \u00e0 la longueur lors des championnats du monde d'athl\u00e9tisme de 2003 mais aussi Zidane, Omeyer et Titou Lamaison.","url":"https:\/\/dicodusport.fr\/blog\/author\/etienne-goursaud\/"}]}},"_links":{"self":[{"href":"https:\/\/dicodusport.fr\/blog\/wp-json\/wp\/v2\/posts\/612103","targetHints":{"allow":["GET"]}}],"collection":[{"href":"https:\/\/dicodusport.fr\/blog\/wp-json\/wp\/v2\/posts"}],"about":[{"href":"https:\/\/dicodusport.fr\/blog\/wp-json\/wp\/v2\/types\/post"}],"author":[{"embeddable":true,"href":"https:\/\/dicodusport.fr\/blog\/wp-json\/wp\/v2\/users\/83"}],"replies":[{"embeddable":true,"href":"https:\/\/dicodusport.fr\/blog\/wp-json\/wp\/v2\/comments?post=612103"}],"version-history":[{"count":5,"href":"https:\/\/dicodusport.fr\/blog\/wp-json\/wp\/v2\/posts\/612103\/revisions"}],"predecessor-version":[{"id":612164,"href":"https:\/\/dicodusport.fr\/blog\/wp-json\/wp\/v2\/posts\/612103\/revisions\/612164"}],"wp:featuredmedia":[{"embeddable":true,"href":"https:\/\/dicodusport.fr\/blog\/wp-json\/wp\/v2\/media\/612162"}],"wp:attachment":[{"href":"https:\/\/dicodusport.fr\/blog\/wp-json\/wp\/v2\/media?parent=612103"}],"wp:term":[{"taxonomy":"category","embeddable":true,"href":"https:\/\/dicodusport.fr\/blog\/wp-json\/wp\/v2\/categories?post=612103"},{"taxonomy":"post_tag","embeddable":true,"href":"https:\/\/dicodusport.fr\/blog\/wp-json\/wp\/v2\/tags?post=612103"}],"curies":[{"name":"wp","href":"https:\/\/api.w.org\/{rel}","templated":true}]}}