{"id":612257,"date":"2025-09-18T12:10:36","date_gmt":"2025-09-18T10:10:36","guid":{"rendered":"https:\/\/dicodusport.fr\/blog\/?p=612257&#038;preview=true&#038;preview_id=612257"},"modified":"2025-09-18T11:48:13","modified_gmt":"2025-09-18T09:48:13","slug":"saint-etienne-reims-compositions-chaine-tv-heure-et-cotes","status":"publish","type":"post","link":"https:\/\/dicodusport.fr\/blog\/saint-etienne-reims-compositions-chaine-tv-heure-et-cotes\/","title":{"rendered":"Saint-\u00c9tienne Reims : Compositions, Cha\u00eene TV, Heure et Cotes"},"content":{"rendered":"<p style=\"text-align: justify;\"><strong><em>LIGUE 2 2025-2026 &#8211; <\/em><em>\u00c0 quelle heure et sur quelle cha\u00eene TV suivre le match de Ligue 2 entre Saint-\u00c9tienne et Reims ? Retrouvez \u00e9galement les compositions des deux \u00e9quipes<\/em><em>.<\/em><\/strong><\/p>\n<p style=\"text-align: justify;\">Match au sommet en <strong>Ligue 2<\/strong> entre deux \u00e9quipes qui \u00e9voluaient encore en Ligue 1 il y a quelques mois. <strong>Saint-\u00c9tienne<\/strong> est inconstant depuis le d\u00e9but de la saison, mais est d\u00e9j\u00e0 pourtant en t\u00eate du classement. Les Verts, qui ont perdu deux points \u00e0 domicile face \u00e0 <strong>Grenoble<\/strong>, se sont relanc\u00e9s la semaine pass\u00e9e en renversant <strong>Clermont<\/strong> apr\u00e8s un d\u00e9but de match manqu\u00e9.<\/p>\n<ul style=\"text-align: justify;\">\n<li style=\"text-align: justify;\"><strong>\u00c0 ce sujet &#8211;\u00a0<\/strong><a title=\"Classement Ligue 1 2024-2025\" href=\"https:\/\/dicodusport.fr\/blog\/classement-ligue-2-2025-2026\/\" rel=\"\"><strong>Le classement de la Ligue 2<\/strong><\/a><\/li>\n<\/ul>\n<h2 style=\"text-align: justify;\">Duel entre anciens pensionnaires de Ligue 1<\/h2>\n<p style=\"text-align: justify;\"><strong>Reims<\/strong> \u00e0 trois points de retard sur Saint-\u00c9tienne avant cette rencontre de la 6\u00e8me journ\u00e9e de <strong>Ligue<\/strong> <strong>2<\/strong>. Les <strong>R\u00e9mois<\/strong> ont d\u00e9j\u00e0 perdu une fois cette saison, sur la pelouse de <strong>Pau<\/strong>. S&rsquo;il y a eu deux victoires \u00e0 la maison, le Stade de Reims n&rsquo;a gagn\u00e9 aucun match en d\u00e9placement, avec aussi deux matchs nuls face \u00e0 <strong>Amiens<\/strong> et <strong>Annecy,<\/strong> en plus de la d\u00e9faite dans le <strong>B\u00e9arn<\/strong>.<\/p>\n<p style=\"text-align: justify;\">La saison pass\u00e9e, <strong>Saint-\u00c9tienne<\/strong> a remport\u00e9 les deux matchs face \u00e0 <strong>Reims<\/strong> alors que les deux formations \u00e9taient en <strong>Ligue<\/strong> <strong>1<\/strong>. Chez les bookmakers, l&rsquo;<strong>ASSE<\/strong> est favorite pour cette rencontre.<\/p>\n<h2 style=\"text-align: justify;\">Ligue 2 : Le programme TV de Saint-\u00c9tienne-Reims<\/h2>\n<h3 style=\"text-align: justify;\">Samedi 20 septembre 2025<\/h3>\n<p style=\"text-align: justify;\"><b>Match diffus\u00e9 sur beIN SPORTS 1<\/b><b>\u00a0: <\/b>D\u00e9but du match \u00e0<strong> 20h00.<\/strong><\/p>\n<h2 style=\"text-align: justify;\">Les compositions de Saint-\u00c9tienne-Reims<\/h2>\n<h3 style=\"text-align: justify;\">La composition de Saint-\u00c9tienne<\/h3>\n<p style=\"text-align: justify;\">\u00c0 venir&#8230;<\/p>\n<h3 style=\"text-align: justify;\">La composition de Reims<\/h3>\n<p style=\"text-align: justify;\">\u00c0 venir&#8230;<\/p>\n<h2 style=\"text-align: justify;\">Les cotes de Saint-\u00c9tienne Reims<\/h2>\n<table style=\"width: 840px;\">\n<tbody>\n<tr style=\"height: 16px;\">\n<td style=\"background-color: #404040; border-color: #ededed; width: 840px; text-align: left;\" colspan=\"3\"><strong><span style=\"font-size: 12px; color: #ffffff;\"><img loading=\"lazy\" decoding=\"async\" class=\"alignnone wp-image-512842\" src=\"https:\/\/dicodusport.fr\/blog\/wp-content\/uploads\/2024\/08\/Logo-Winamax.png\" alt=\"\" width=\"14\" height=\"13\" srcset=\"https:\/\/dicodusport.fr\/blog\/wp-content\/uploads\/2024\/08\/Logo-Winamax.png 290w, https:\/\/dicodusport.fr\/blog\/wp-content\/uploads\/2024\/08\/Logo-Winamax-150x150.png 150w, https:\/\/dicodusport.fr\/blog\/wp-content\/uploads\/2024\/08\/Logo-Winamax-80x80.png 80w\" sizes=\"auto, (max-width: 14px) 100vw, 14px\" \/> Samedi 20 septembre, 20h00<\/span><\/strong><\/td>\n<\/tr>\n<tr style=\"height: 24px;\">\n<td style=\"background-color: #ffffff; border-color: #ededed; vertical-align: middle; text-align: center; width: 266px;\"><span style=\"font-size: 10px;\"><span style=\"font-size: 14px;\"><strong>Saint-\u00c9tienne<br \/>\n<\/strong><\/span><\/span><span style=\"font-size: 10px;\"><a href=\"https:\/\/www.winamax.fr\/paris-sportifs\/match\/61527446?banid=33423\" class=\"su-button su-button-style-flat su-button-wide\" style=\"color:#000;background-color:#00ffcf;border-color:#00cca6;border-radius:5px\" target=\"_blank\" rel=\"noopener noreferrer\"><span style=\"color:#000;padding:0px 20px;font-size:16px;line-height:32px;border-color:#4dffde;border-radius:5px;text-shadow:none\"> 1.88<\/span><\/a><\/span><\/td>\n<td style=\"background-color: #ffffff; border-color: #ededed; vertical-align: middle; text-align: center; width: 266px;\"><span style=\"font-size: 10px;\"><span style=\"font-size: 14px;\"><strong>Match nul<\/strong><\/span><br \/>\n<a href=\"https:\/\/www.winamax.fr\/paris-sportifs\/match\/61527446?banid=33423\" class=\"su-button su-button-style-flat su-button-wide\" style=\"color:#000;background-color:#00ffcf;border-color:#00cca6;border-radius:5px\" target=\"_blank\" rel=\"noopener noreferrer\"><span style=\"color:#000;padding:0px 20px;font-size:16px;line-height:32px;border-color:#4dffde;border-radius:5px;text-shadow:none\"> 3.40<\/span><\/a><\/span><\/td>\n<td style=\"background-color: #ffffff; border-color: #ededed; vertical-align: middle; text-align: center; width: 266px;\"><span style=\"font-size: 10px;\"><span style=\"font-size: 14px;\"><strong>Reims<\/strong><\/span><br \/>\n<a href=\"https:\/\/www.winamax.fr\/paris-sportifs\/match\/61527446?banid=33423\" class=\"su-button su-button-style-flat su-button-wide\" style=\"color:#000;background-color:#00ffcf;border-color:#00cca6;border-radius:5px\" target=\"_blank\" rel=\"noopener noreferrer\"><span style=\"color:#000;padding:0px 20px;font-size:16px;line-height:32px;border-color:#4dffde;border-radius:5px;text-shadow:none\"> 3.55<\/span><\/a><\/span><\/td>\n<\/tr>\n<\/tbody>\n<\/table>\n<p style=\"text-align: justify;\">Tentez votre chance en profitant de votre <a href=\"https:\/\/www.winamax.fr\/registration\/landing\/affiliation_Bonus100?banid=33423\">1er d\u00e9p\u00f4t doubl\u00e9 jusqu&rsquo;\u00e0 100 \u20ac<\/a> direct en paris gratuits sur Winamax !<\/p>\n","protected":false},"excerpt":{"rendered":"<p>LIGUE 2 2025-2026 &#8211; \u00c0 quelle heure et sur quelle cha\u00eene TV suivre le match de Ligue 2 entre Saint-\u00c9tienne et Reims ? Retrouvez \u00e9galement les compositions des deux \u00e9quipes.<\/p>\n","protected":false},"author":1,"featured_media":612259,"comment_status":"open","ping_status":"closed","sticky":false,"template":"","format":"standard","meta":{"_acf_changed":false,"_daextam_enable_autolinks":"1","footnotes":""},"categories":[44295,2301],"tags":[1206,16878,75,8799,4334,457],"class_list":["post-612257","post","type-post","status-publish","format-standard","has-post-thumbnail","hentry","category-chaine-tv","category-football","tag-asse","tag-breve","tag-football","tag-programme-tv","tag-reims","tag-saint-etienne"],"acf":[],"yoast_head":"<!-- This site is optimized with the Yoast SEO Premium plugin v26.7 (Yoast SEO v26.7) - https:\/\/yoast.com\/wordpress\/plugins\/seo\/ -->\n<title>Saint-\u00c9tienne Reims : Compositions, Cha\u00eene TV, Heure et Cotes<\/title>\n<meta name=\"description\" content=\"LIGUE 2 2025-2026 - \u00c0 quelle heure et sur quelle cha\u00eene TV suivre le match de Ligue 2 entre Saint-\u00c9tienne et Reims ? Retrouvez \u00e9galement les compositions des deux \u00e9quipes.\" \/>\n<meta name=\"robots\" content=\"index, follow, max-snippet:-1, max-image-preview:large, max-video-preview:-1\" \/>\n<link rel=\"canonical\" href=\"https:\/\/dicodusport.fr\/blog\/saint-etienne-reims-compositions-chaine-tv-heure-et-cotes\/\" \/>\n<meta property=\"og:locale\" content=\"fr_FR\" \/>\n<meta property=\"og:type\" content=\"article\" \/>\n<meta property=\"og:title\" content=\"Saint-\u00c9tienne Reims : Compositions, Cha\u00eene TV, Heure et Cotes\" \/>\n<meta property=\"og:description\" content=\"LIGUE 2 2025-2026 - \u00c0 quelle heure et sur quelle cha\u00eene TV suivre le match de Ligue 2 entre Saint-\u00c9tienne et Reims ? Retrouvez \u00e9galement les compositions des deux \u00e9quipes.\" \/>\n<meta property=\"og:url\" content=\"https:\/\/dicodusport.fr\/blog\/saint-etienne-reims-compositions-chaine-tv-heure-et-cotes\/\" \/>\n<meta property=\"og:site_name\" content=\"Dicodusport\" \/>\n<meta property=\"article:publisher\" content=\"https:\/\/www.facebook.com\/dicodusport\" \/>\n<meta property=\"article:author\" content=\"https:\/\/www.facebook.com\/dicodusport\" \/>\n<meta property=\"article:published_time\" content=\"2025-09-18T10:10:36+00:00\" \/>\n<meta property=\"og:image\" content=\"https:\/\/dicodusport.fr\/blog\/wp-content\/uploads\/2025\/09\/Saint-Etienne-Reims-Compositions-Chaine-TV-Heure-et-Cotes.png\" \/>\n\t<meta property=\"og:image:width\" content=\"1200\" \/>\n\t<meta property=\"og:image:height\" content=\"674\" \/>\n\t<meta property=\"og:image:type\" content=\"image\/png\" \/>\n<meta name=\"author\" content=\"Nicolas Jacquemard\" \/>\n<meta name=\"twitter:card\" content=\"summary_large_image\" \/>\n<meta name=\"twitter:title\" content=\"Saint-\u00c9tienne Reims : Compositions, Cha\u00eene TV, Heure et Cotes\" \/>\n<meta name=\"twitter:creator\" content=\"@https:\/\/twitter.com\/Nico_Jacquemard\" \/>\n<meta name=\"twitter:site\" content=\"@dicodusport\" \/>\n<script type=\"application\/ld+json\" class=\"yoast-schema-graph\">{\"@context\":\"https:\/\/schema.org\",\"@graph\":[{\"@type\":\"NewsArticle\",\"@id\":\"https:\/\/dicodusport.fr\/blog\/saint-etienne-reims-compositions-chaine-tv-heure-et-cotes\/#article\",\"isPartOf\":{\"@id\":\"https:\/\/dicodusport.fr\/blog\/saint-etienne-reims-compositions-chaine-tv-heure-et-cotes\/\"},\"author\":{\"name\":\"Nicolas Jacquemard\",\"@id\":\"https:\/\/dicodusport.fr\/blog\/#\/schema\/person\/55dcb50ad410894e431ed812bbb70191\"},\"headline\":\"Saint-\u00c9tienne Reims : Compositions, Cha\u00eene TV, Heure et Cotes\",\"datePublished\":\"2025-09-18T10:10:36+00:00\",\"mainEntityOfPage\":{\"@id\":\"https:\/\/dicodusport.fr\/blog\/saint-etienne-reims-compositions-chaine-tv-heure-et-cotes\/\"},\"wordCount\":362,\"commentCount\":0,\"publisher\":{\"@id\":\"https:\/\/dicodusport.fr\/blog\/#organization\"},\"image\":{\"@id\":\"https:\/\/dicodusport.fr\/blog\/saint-etienne-reims-compositions-chaine-tv-heure-et-cotes\/#primaryimage\"},\"thumbnailUrl\":\"https:\/\/dicodusport.fr\/blog\/wp-content\/uploads\/2025\/09\/Saint-Etienne-Reims-Compositions-Chaine-TV-Heure-et-Cotes.png\",\"keywords\":[\"ASSE\",\"br\u00e8ve\",\"Football\",\"Programme TV\",\"Reims\",\"Saint-Etienne\"],\"articleSection\":[\"Cha\u00eene TV\",\"Football\"],\"inLanguage\":\"fr-FR\",\"potentialAction\":[{\"@type\":\"CommentAction\",\"name\":\"Comment\",\"target\":[\"https:\/\/dicodusport.fr\/blog\/saint-etienne-reims-compositions-chaine-tv-heure-et-cotes\/#respond\"]}],\"copyrightYear\":\"2025\",\"copyrightHolder\":{\"@id\":\"https:\/\/dicodusport.fr\/blog\/#organization\"}},{\"@type\":\"WebPage\",\"@id\":\"https:\/\/dicodusport.fr\/blog\/saint-etienne-reims-compositions-chaine-tv-heure-et-cotes\/\",\"url\":\"https:\/\/dicodusport.fr\/blog\/saint-etienne-reims-compositions-chaine-tv-heure-et-cotes\/\",\"name\":\"Saint-\u00c9tienne Reims : Compositions, Cha\u00eene TV, Heure et Cotes\",\"isPartOf\":{\"@id\":\"https:\/\/dicodusport.fr\/blog\/#website\"},\"primaryImageOfPage\":{\"@id\":\"https:\/\/dicodusport.fr\/blog\/saint-etienne-reims-compositions-chaine-tv-heure-et-cotes\/#primaryimage\"},\"image\":{\"@id\":\"https:\/\/dicodusport.fr\/blog\/saint-etienne-reims-compositions-chaine-tv-heure-et-cotes\/#primaryimage\"},\"thumbnailUrl\":\"https:\/\/dicodusport.fr\/blog\/wp-content\/uploads\/2025\/09\/Saint-Etienne-Reims-Compositions-Chaine-TV-Heure-et-Cotes.png\",\"datePublished\":\"2025-09-18T10:10:36+00:00\",\"description\":\"LIGUE 2 2025-2026 - \u00c0 quelle heure et sur quelle cha\u00eene TV suivre le match de Ligue 2 entre Saint-\u00c9tienne et Reims ? Retrouvez \u00e9galement les compositions des deux \u00e9quipes.\",\"breadcrumb\":{\"@id\":\"https:\/\/dicodusport.fr\/blog\/saint-etienne-reims-compositions-chaine-tv-heure-et-cotes\/#breadcrumb\"},\"inLanguage\":\"fr-FR\",\"potentialAction\":[{\"@type\":\"ReadAction\",\"target\":[\"https:\/\/dicodusport.fr\/blog\/saint-etienne-reims-compositions-chaine-tv-heure-et-cotes\/\"]}]},{\"@type\":\"ImageObject\",\"inLanguage\":\"fr-FR\",\"@id\":\"https:\/\/dicodusport.fr\/blog\/saint-etienne-reims-compositions-chaine-tv-heure-et-cotes\/#primaryimage\",\"url\":\"https:\/\/dicodusport.fr\/blog\/wp-content\/uploads\/2025\/09\/Saint-Etienne-Reims-Compositions-Chaine-TV-Heure-et-Cotes.png\",\"contentUrl\":\"https:\/\/dicodusport.fr\/blog\/wp-content\/uploads\/2025\/09\/Saint-Etienne-Reims-Compositions-Chaine-TV-Heure-et-Cotes.png\",\"width\":1200,\"height\":674},{\"@type\":\"BreadcrumbList\",\"@id\":\"https:\/\/dicodusport.fr\/blog\/saint-etienne-reims-compositions-chaine-tv-heure-et-cotes\/#breadcrumb\",\"itemListElement\":[{\"@type\":\"ListItem\",\"position\":1,\"name\":\"Accueil\",\"item\":\"https:\/\/dicodusport.fr\/blog\/\"},{\"@type\":\"ListItem\",\"position\":2,\"name\":\"Saint-\u00c9tienne Reims : Compositions, Cha\u00eene TV, Heure et Cotes\"}]},{\"@type\":\"WebSite\",\"@id\":\"https:\/\/dicodusport.fr\/blog\/#website\",\"url\":\"https:\/\/dicodusport.fr\/blog\/\",\"name\":\"Dicodusport\",\"description\":\"L&#039;encyclop\u00e9die de l&#039;actualit\u00e9 sportive\",\"publisher\":{\"@id\":\"https:\/\/dicodusport.fr\/blog\/#organization\"},\"potentialAction\":[{\"@type\":\"SearchAction\",\"target\":{\"@type\":\"EntryPoint\",\"urlTemplate\":\"https:\/\/dicodusport.fr\/blog\/?s={search_term_string}\"},\"query-input\":{\"@type\":\"PropertyValueSpecification\",\"valueRequired\":true,\"valueName\":\"search_term_string\"}}],\"inLanguage\":\"fr-FR\"},{\"@type\":\"NewsMediaOrganization\",\"@id\":\"https:\/\/dicodusport.fr\/blog\/#organization\",\"name\":\"Dicodusport\",\"url\":\"https:\/\/dicodusport.fr\/blog\/\",\"logo\":{\"@type\":\"ImageObject\",\"inLanguage\":\"fr-FR\",\"@id\":\"https:\/\/dicodusport.fr\/blog\/#\/schema\/logo\/image\/\",\"url\":\"https:\/\/dicodusport.fr\/blog\/wp-content\/uploads\/2020\/06\/cropped-LOGO-DICODUSPORT-2020-SANS-FOND-SANS-TEXTE.png\",\"contentUrl\":\"https:\/\/dicodusport.fr\/blog\/wp-content\/uploads\/2020\/06\/cropped-LOGO-DICODUSPORT-2020-SANS-FOND-SANS-TEXTE.png\",\"width\":512,\"height\":512,\"caption\":\"Dicodusport\"},\"image\":{\"@id\":\"https:\/\/dicodusport.fr\/blog\/#\/schema\/logo\/image\/\"},\"sameAs\":[\"https:\/\/www.facebook.com\/dicodusport\",\"https:\/\/x.com\/dicodusport\",\"https:\/\/www.instagram.com\/dicodusport\/\",\"https:\/\/www.youtube.com\/channel\/UC7V2KZ5sd3htJivAbA4ZG3w\"],\"description\":\"Dicodusport est l'encyclop\u00e9die de l'actualit\u00e9 sportive.\",\"email\":\"bonjour@dicodusport.fr\",\"legalName\":\"DICODUSPORT\",\"foundingDate\":\"2018-01-14\",\"vatID\":\"FR71834470973\",\"taxID\":\"83447097300043\",\"numberOfEmployees\":{\"@type\":\"QuantitativeValue\",\"minValue\":\"1\",\"maxValue\":\"10\"}},{\"@type\":\"Person\",\"@id\":\"https:\/\/dicodusport.fr\/blog\/#\/schema\/person\/55dcb50ad410894e431ed812bbb70191\",\"name\":\"Nicolas Jacquemard\",\"image\":{\"@type\":\"ImageObject\",\"inLanguage\":\"fr-FR\",\"@id\":\"https:\/\/dicodusport.fr\/blog\/#\/schema\/person\/image\/\",\"url\":\"https:\/\/dicodusport.fr\/blog\/wp-content\/uploads\/2021\/05\/Nicolas-Jacquemard-150x150.jpeg\",\"contentUrl\":\"https:\/\/dicodusport.fr\/blog\/wp-content\/uploads\/2021\/05\/Nicolas-Jacquemard-150x150.jpeg\",\"caption\":\"Nicolas Jacquemard\"},\"description\":\"Passionn\u00e9 de sport et entrepreneur depuis mes 18 ans, la cr\u00e9ation de Dicodusport m'a sembl\u00e9 \u00e9vidente pour participer \u00e0 la m\u00e9diatisation d'un plus grand nombre de sports. Le chemin est long mais avec une \u00e9quipe des plus motiv\u00e9es et les Jeux Olympiques de Paris 2024 en point de mire, nous y arriverons ! Journaliste dans le monde du sport depuis plus de 5 ans, je traite aussi bien de football, de rugby, de biathlon que de cyclisme.\",\"sameAs\":[\"https:\/\/www.facebook.com\/dicodusport\",\"https:\/\/x.com\/https:\/\/twitter.com\/Nico_Jacquemard\"],\"url\":\"https:\/\/dicodusport.fr\/blog\/author\/dicodusport\/\"}]}<\/script>\n<!-- \/ Yoast SEO Premium plugin. -->","yoast_head_json":{"title":"Saint-\u00c9tienne Reims : Compositions, Cha\u00eene TV, Heure et Cotes","description":"LIGUE 2 2025-2026 - \u00c0 quelle heure et sur quelle cha\u00eene TV suivre le match de Ligue 2 entre Saint-\u00c9tienne et Reims ? Retrouvez \u00e9galement les compositions des deux \u00e9quipes.","robots":{"index":"index","follow":"follow","max-snippet":"max-snippet:-1","max-image-preview":"max-image-preview:large","max-video-preview":"max-video-preview:-1"},"canonical":"https:\/\/dicodusport.fr\/blog\/saint-etienne-reims-compositions-chaine-tv-heure-et-cotes\/","og_locale":"fr_FR","og_type":"article","og_title":"Saint-\u00c9tienne Reims : Compositions, Cha\u00eene TV, Heure et Cotes","og_description":"LIGUE 2 2025-2026 - \u00c0 quelle heure et sur quelle cha\u00eene TV suivre le match de Ligue 2 entre Saint-\u00c9tienne et Reims ? Retrouvez \u00e9galement les compositions des deux \u00e9quipes.","og_url":"https:\/\/dicodusport.fr\/blog\/saint-etienne-reims-compositions-chaine-tv-heure-et-cotes\/","og_site_name":"Dicodusport","article_publisher":"https:\/\/www.facebook.com\/dicodusport","article_author":"https:\/\/www.facebook.com\/dicodusport","article_published_time":"2025-09-18T10:10:36+00:00","og_image":[{"width":1200,"height":674,"url":"https:\/\/dicodusport.fr\/blog\/wp-content\/uploads\/2025\/09\/Saint-Etienne-Reims-Compositions-Chaine-TV-Heure-et-Cotes.png","type":"image\/png"}],"author":"Nicolas Jacquemard","twitter_card":"summary_large_image","twitter_title":"Saint-\u00c9tienne Reims : Compositions, Cha\u00eene TV, Heure et Cotes","twitter_creator":"@https:\/\/twitter.com\/Nico_Jacquemard","twitter_site":"@dicodusport","schema":{"@context":"https:\/\/schema.org","@graph":[{"@type":"NewsArticle","@id":"https:\/\/dicodusport.fr\/blog\/saint-etienne-reims-compositions-chaine-tv-heure-et-cotes\/#article","isPartOf":{"@id":"https:\/\/dicodusport.fr\/blog\/saint-etienne-reims-compositions-chaine-tv-heure-et-cotes\/"},"author":{"name":"Nicolas Jacquemard","@id":"https:\/\/dicodusport.fr\/blog\/#\/schema\/person\/55dcb50ad410894e431ed812bbb70191"},"headline":"Saint-\u00c9tienne Reims : Compositions, Cha\u00eene TV, Heure et Cotes","datePublished":"2025-09-18T10:10:36+00:00","mainEntityOfPage":{"@id":"https:\/\/dicodusport.fr\/blog\/saint-etienne-reims-compositions-chaine-tv-heure-et-cotes\/"},"wordCount":362,"commentCount":0,"publisher":{"@id":"https:\/\/dicodusport.fr\/blog\/#organization"},"image":{"@id":"https:\/\/dicodusport.fr\/blog\/saint-etienne-reims-compositions-chaine-tv-heure-et-cotes\/#primaryimage"},"thumbnailUrl":"https:\/\/dicodusport.fr\/blog\/wp-content\/uploads\/2025\/09\/Saint-Etienne-Reims-Compositions-Chaine-TV-Heure-et-Cotes.png","keywords":["ASSE","br\u00e8ve","Football","Programme TV","Reims","Saint-Etienne"],"articleSection":["Cha\u00eene TV","Football"],"inLanguage":"fr-FR","potentialAction":[{"@type":"CommentAction","name":"Comment","target":["https:\/\/dicodusport.fr\/blog\/saint-etienne-reims-compositions-chaine-tv-heure-et-cotes\/#respond"]}],"copyrightYear":"2025","copyrightHolder":{"@id":"https:\/\/dicodusport.fr\/blog\/#organization"}},{"@type":"WebPage","@id":"https:\/\/dicodusport.fr\/blog\/saint-etienne-reims-compositions-chaine-tv-heure-et-cotes\/","url":"https:\/\/dicodusport.fr\/blog\/saint-etienne-reims-compositions-chaine-tv-heure-et-cotes\/","name":"Saint-\u00c9tienne Reims : Compositions, Cha\u00eene TV, Heure et Cotes","isPartOf":{"@id":"https:\/\/dicodusport.fr\/blog\/#website"},"primaryImageOfPage":{"@id":"https:\/\/dicodusport.fr\/blog\/saint-etienne-reims-compositions-chaine-tv-heure-et-cotes\/#primaryimage"},"image":{"@id":"https:\/\/dicodusport.fr\/blog\/saint-etienne-reims-compositions-chaine-tv-heure-et-cotes\/#primaryimage"},"thumbnailUrl":"https:\/\/dicodusport.fr\/blog\/wp-content\/uploads\/2025\/09\/Saint-Etienne-Reims-Compositions-Chaine-TV-Heure-et-Cotes.png","datePublished":"2025-09-18T10:10:36+00:00","description":"LIGUE 2 2025-2026 - \u00c0 quelle heure et sur quelle cha\u00eene TV suivre le match de Ligue 2 entre Saint-\u00c9tienne et Reims ? Retrouvez \u00e9galement les compositions des deux \u00e9quipes.","breadcrumb":{"@id":"https:\/\/dicodusport.fr\/blog\/saint-etienne-reims-compositions-chaine-tv-heure-et-cotes\/#breadcrumb"},"inLanguage":"fr-FR","potentialAction":[{"@type":"ReadAction","target":["https:\/\/dicodusport.fr\/blog\/saint-etienne-reims-compositions-chaine-tv-heure-et-cotes\/"]}]},{"@type":"ImageObject","inLanguage":"fr-FR","@id":"https:\/\/dicodusport.fr\/blog\/saint-etienne-reims-compositions-chaine-tv-heure-et-cotes\/#primaryimage","url":"https:\/\/dicodusport.fr\/blog\/wp-content\/uploads\/2025\/09\/Saint-Etienne-Reims-Compositions-Chaine-TV-Heure-et-Cotes.png","contentUrl":"https:\/\/dicodusport.fr\/blog\/wp-content\/uploads\/2025\/09\/Saint-Etienne-Reims-Compositions-Chaine-TV-Heure-et-Cotes.png","width":1200,"height":674},{"@type":"BreadcrumbList","@id":"https:\/\/dicodusport.fr\/blog\/saint-etienne-reims-compositions-chaine-tv-heure-et-cotes\/#breadcrumb","itemListElement":[{"@type":"ListItem","position":1,"name":"Accueil","item":"https:\/\/dicodusport.fr\/blog\/"},{"@type":"ListItem","position":2,"name":"Saint-\u00c9tienne Reims : Compositions, Cha\u00eene TV, Heure et Cotes"}]},{"@type":"WebSite","@id":"https:\/\/dicodusport.fr\/blog\/#website","url":"https:\/\/dicodusport.fr\/blog\/","name":"Dicodusport","description":"L&#039;encyclop\u00e9die de l&#039;actualit\u00e9 sportive","publisher":{"@id":"https:\/\/dicodusport.fr\/blog\/#organization"},"potentialAction":[{"@type":"SearchAction","target":{"@type":"EntryPoint","urlTemplate":"https:\/\/dicodusport.fr\/blog\/?s={search_term_string}"},"query-input":{"@type":"PropertyValueSpecification","valueRequired":true,"valueName":"search_term_string"}}],"inLanguage":"fr-FR"},{"@type":"NewsMediaOrganization","@id":"https:\/\/dicodusport.fr\/blog\/#organization","name":"Dicodusport","url":"https:\/\/dicodusport.fr\/blog\/","logo":{"@type":"ImageObject","inLanguage":"fr-FR","@id":"https:\/\/dicodusport.fr\/blog\/#\/schema\/logo\/image\/","url":"https:\/\/dicodusport.fr\/blog\/wp-content\/uploads\/2020\/06\/cropped-LOGO-DICODUSPORT-2020-SANS-FOND-SANS-TEXTE.png","contentUrl":"https:\/\/dicodusport.fr\/blog\/wp-content\/uploads\/2020\/06\/cropped-LOGO-DICODUSPORT-2020-SANS-FOND-SANS-TEXTE.png","width":512,"height":512,"caption":"Dicodusport"},"image":{"@id":"https:\/\/dicodusport.fr\/blog\/#\/schema\/logo\/image\/"},"sameAs":["https:\/\/www.facebook.com\/dicodusport","https:\/\/x.com\/dicodusport","https:\/\/www.instagram.com\/dicodusport\/","https:\/\/www.youtube.com\/channel\/UC7V2KZ5sd3htJivAbA4ZG3w"],"description":"Dicodusport est l'encyclop\u00e9die de l'actualit\u00e9 sportive.","email":"bonjour@dicodusport.fr","legalName":"DICODUSPORT","foundingDate":"2018-01-14","vatID":"FR71834470973","taxID":"83447097300043","numberOfEmployees":{"@type":"QuantitativeValue","minValue":"1","maxValue":"10"}},{"@type":"Person","@id":"https:\/\/dicodusport.fr\/blog\/#\/schema\/person\/55dcb50ad410894e431ed812bbb70191","name":"Nicolas Jacquemard","image":{"@type":"ImageObject","inLanguage":"fr-FR","@id":"https:\/\/dicodusport.fr\/blog\/#\/schema\/person\/image\/","url":"https:\/\/dicodusport.fr\/blog\/wp-content\/uploads\/2021\/05\/Nicolas-Jacquemard-150x150.jpeg","contentUrl":"https:\/\/dicodusport.fr\/blog\/wp-content\/uploads\/2021\/05\/Nicolas-Jacquemard-150x150.jpeg","caption":"Nicolas Jacquemard"},"description":"Passionn\u00e9 de sport et entrepreneur depuis mes 18 ans, la cr\u00e9ation de Dicodusport m'a sembl\u00e9 \u00e9vidente pour participer \u00e0 la m\u00e9diatisation d'un plus grand nombre de sports. Le chemin est long mais avec une \u00e9quipe des plus motiv\u00e9es et les Jeux Olympiques de Paris 2024 en point de mire, nous y arriverons ! Journaliste dans le monde du sport depuis plus de 5 ans, je traite aussi bien de football, de rugby, de biathlon que de cyclisme.","sameAs":["https:\/\/www.facebook.com\/dicodusport","https:\/\/x.com\/https:\/\/twitter.com\/Nico_Jacquemard"],"url":"https:\/\/dicodusport.fr\/blog\/author\/dicodusport\/"}]}},"_links":{"self":[{"href":"https:\/\/dicodusport.fr\/blog\/wp-json\/wp\/v2\/posts\/612257","targetHints":{"allow":["GET"]}}],"collection":[{"href":"https:\/\/dicodusport.fr\/blog\/wp-json\/wp\/v2\/posts"}],"about":[{"href":"https:\/\/dicodusport.fr\/blog\/wp-json\/wp\/v2\/types\/post"}],"author":[{"embeddable":true,"href":"https:\/\/dicodusport.fr\/blog\/wp-json\/wp\/v2\/users\/1"}],"replies":[{"embeddable":true,"href":"https:\/\/dicodusport.fr\/blog\/wp-json\/wp\/v2\/comments?post=612257"}],"version-history":[{"count":2,"href":"https:\/\/dicodusport.fr\/blog\/wp-json\/wp\/v2\/posts\/612257\/revisions"}],"predecessor-version":[{"id":612265,"href":"https:\/\/dicodusport.fr\/blog\/wp-json\/wp\/v2\/posts\/612257\/revisions\/612265"}],"wp:featuredmedia":[{"embeddable":true,"href":"https:\/\/dicodusport.fr\/blog\/wp-json\/wp\/v2\/media\/612259"}],"wp:attachment":[{"href":"https:\/\/dicodusport.fr\/blog\/wp-json\/wp\/v2\/media?parent=612257"}],"wp:term":[{"taxonomy":"category","embeddable":true,"href":"https:\/\/dicodusport.fr\/blog\/wp-json\/wp\/v2\/categories?post=612257"},{"taxonomy":"post_tag","embeddable":true,"href":"https:\/\/dicodusport.fr\/blog\/wp-json\/wp\/v2\/tags?post=612257"}],"curies":[{"name":"wp","href":"https:\/\/api.w.org\/{rel}","templated":true}]}}