{"id":612339,"date":"2025-09-21T12:50:01","date_gmt":"2025-09-21T10:50:01","guid":{"rendered":"https:\/\/dicodusport.fr\/blog\/?p=612339&#038;preview=true&#038;preview_id=612339"},"modified":"2025-09-21T12:50:07","modified_gmt":"2025-09-21T10:50:07","slug":"mondiaux-sur-route-au-rwanda-nos-10-favoris-pour-le-contre-la-montre","status":"publish","type":"post","link":"https:\/\/dicodusport.fr\/blog\/mondiaux-sur-route-au-rwanda-nos-10-favoris-pour-le-contre-la-montre\/","title":{"rendered":"Evenepoel, Pogacar, Vine : Nos 10 favoris pour le contre-la-montre des Mondiaux au Rwanda"},"content":{"rendered":"<p style=\"text-align: justify;\"><strong><em>CYCLISME SUR ROUTE &#8211; Double tenant du titre, le Belge Remco Evenepoel semble plus que jamais favori \u00e0 sa propre succession. Qui pourrait venir le contrarier en l&rsquo;absence de Filippo Ganna et Joshua Tarling ?<\/em><\/strong><\/p>\n<ul>\n<li style=\"text-align: justify;\"><strong>\u00c0 ce sujet &#8211; <a href=\"https:\/\/dicodusport.fr\/blog\/championnats-du-monde-2025-horaires-et-ordre-de-depart-des-contre-la-montre-au-rwanda\/\">Championnats du monde 2025 : horaires et ordre de d\u00e9part des contre-la-montre au Rwanda<\/a><\/strong><\/li>\n<\/ul>\n<p style=\"text-align: justify;\">Dimanche auront lieu les <strong>Championnats du Monde du contre-la-montre<\/strong> du c\u00f4t\u00e9 de Kigali. Le parcours, dessin\u00e9 autour de la capitale rwandaise, pr\u00e9sente 41 km et quatre c\u00f4tes et se montre tr\u00e8s exigeant, favorisant certainement les desseins des coureurs complets au d\u00e9triment des purs sp\u00e9cialistes.<\/p>\n<div class=\"vlp-link-container vlp-layout-article\"><a href=\"https:\/\/dicodusport.fr\/blog\/championnats-du-monde-de-cyclisme-2025-parcours-et-profil-complet-du-contre-la-montre-de-kigali-406-km\/\" class=\"vlp-link\" title=\"Championnats du monde de cyclisme 2025 : parcours et profil complet du contre-la-montre de Kigali (40,6 km)\"><\/a><div class=\"vlp-layout-zone-side\"><div class=\"vlp-block-4 vlp-link-image\"><img loading=\"lazy\" decoding=\"async\" style=\"max-width: 792px;\" width=\"792\" height=\"445\" src=\"https:\/\/dicodusport.fr\/blog\/wp-content\/uploads\/2025\/09\/Championnats-du-monde-de-cyclisme-2025-parcours-et-profil-complet-du-contre-la-montre-de-Kigali-406-km.png\" class=\"attachment-800x445 size-800x445\" alt=\"Championnats du monde de cyclisme 2025 parcours et profil complet du contre-la-montre de Kigali (40,6 km)\" srcset=\"https:\/\/dicodusport.fr\/blog\/wp-content\/uploads\/2025\/09\/Championnats-du-monde-de-cyclisme-2025-parcours-et-profil-complet-du-contre-la-montre-de-Kigali-406-km.png 1200w, https:\/\/dicodusport.fr\/blog\/wp-content\/uploads\/2025\/09\/Championnats-du-monde-de-cyclisme-2025-parcours-et-profil-complet-du-contre-la-montre-de-Kigali-406-km-300x169.png 300w, https:\/\/dicodusport.fr\/blog\/wp-content\/uploads\/2025\/09\/Championnats-du-monde-de-cyclisme-2025-parcours-et-profil-complet-du-contre-la-montre-de-Kigali-406-km-1024x575.png 1024w, https:\/\/dicodusport.fr\/blog\/wp-content\/uploads\/2025\/09\/Championnats-du-monde-de-cyclisme-2025-parcours-et-profil-complet-du-contre-la-montre-de-Kigali-406-km-768x431.png 768w\" sizes=\"auto, (max-width: 792px) 100vw, 792px\" \/><\/div><\/div><div class=\"vlp-layout-zone-main\"><div class=\"vlp-block-0 vlp-link-title\">Championnats du monde de cyclisme 2025 : parcours et profil complet du contre-la-montre de Kigali (40,6 km)<\/div><div class=\"vlp-block-1 vlp-link-summary\">Retrouvez le parcours en d\u00e9tail et le profil complet de la 12\u00e8me \u00e9tape du Tour d'Espagne 2025, qui se d\u00e9roule ce jeudi 4 septembre entre Laredo et Los Corrales de Buelna (143 km).<\/div><div class=\"vlp-block-2 vlp-link-button\">Lire l'article<\/div><div class=\"vlp-block-3 vlp-link-url\">dicodusport.fr<\/div><\/div><\/div>\n<h2 style=\"text-align: justify;\">Remco Evenepoel favori logique<\/h2>\n<p style=\"text-align: justify;\">Et en t\u00eate de liste, on citera bien \u00e9videmment <strong>Remco Evenepoel<\/strong>. Depuis deux ans, le Belge se pr\u00e9sente comme le meilleur rouleur du monde. En t\u00e9moignent ses deux titres de champion du monde en <a href=\"https:\/\/dicodusport.fr\/blog\/championnats-du-monde-cyclisme-2023-remco-evenepoel-sacre-sur-le-contre-la-montre\/\">2023<\/a> et <a href=\"https:\/\/dicodusport.fr\/blog\/mondiaux-cyclisme-2024-remco-evenepoel-conserve-son-titre\/\">2024<\/a>. Le coureur de la Soudal Quick-Step visera la passe de trois \u00e0 Kigali, lui qui est apparu en difficult\u00e9 cette ann\u00e9e, mais qui a su rester souverain dans l&rsquo;exercice chronom\u00e9trique, \u00e0 l&rsquo;image de ses victoires \u00e0 Saint-P\u00e9ray sur le Crit\u00e9rium du Dauphin\u00e9 et bien s\u00fbr \u00e0 Caen sur le Tour de France. <strong>Evenepoel<\/strong> devrait trouver ici un parcours \u00e0 sa convenance et la concurrence apparait tout de m\u00eame en retrait, surtout en l&rsquo;absence de <strong>Filippo Ganna<\/strong> et <strong>Joshua Tarling<\/strong> au Rwanda.<\/p>\n<ul>\n<li style=\"text-align: justify;\"><strong>\u00c0 ce sujet \u2013\u00a0<a href=\"https:\/\/dicodusport.fr\/blog\/programme-et-resultats-des-championnats-du-monde-de-cyclisme-sur-route-2025-au-rwanda\/\">Programme et r\u00e9sultats des Championnats du monde de cyclisme sur route 2025 au Rwanda<\/a><\/strong><\/li>\n<\/ul>\n<h2 style=\"text-align: justify;\">Tadej Pogacar peut-il ajouter ce titre \u00e0 son palmar\u00e8s ?<\/h2>\n<p style=\"text-align: justify;\">Finalement, le principal adversaire du Belge pourrait \u00eatre <strong>Tadej Pogacar<\/strong> en personne. Toujours devanc\u00e9 par son rival en chrono depuis deux ans, le Slov\u00e8ne pourrait ici rivaliser avec un parcours usant qui pourrait pourquoi pas l&rsquo;avantager. On se souvient de son contre-la-montre mythique du c\u00f4t\u00e9 de la Planche des Belles Filles, renversant <strong>Primoz Roglic<\/strong> sur le Tour de France 2020. Efficace en mont\u00e9e, comme en t\u00e9moigne <a href=\"https:\/\/dicodusport.fr\/blog\/13eme-etape-tour-de-france-2025-tadej-pogacar-pulverise-a-nouveau-la-concurrence-a-peyragudes\/\">sa victoire \u00e0 Peyragudes sur le Tour 2025<\/a>, le d\u00e9nivel\u00e9 positif important propos\u00e9 par le parcours pourrait \u00e9ventuellement rabattre les cartes, m\u00eame s&rsquo;il ne part bien \u00e9videmment pas favori.<\/p>\n<blockquote class=\"twitter-tweet\">\n<p dir=\"ltr\" lang=\"und\">TADEJ POGACAR POGGED PEYRAGUDES \ud83d\ude80<a href=\"https:\/\/twitter.com\/hashtag\/TDF2025?src=hash&amp;ref_src=twsrc%5Etfw\">#TDF2025<\/a> <a href=\"https:\/\/t.co\/3Dt7upv3BB\">pic.twitter.com\/3Dt7upv3BB<\/a><\/p>\n<p>\u2014 Tour de France\u2122 (@LeTour) <a href=\"https:\/\/twitter.com\/LeTour\/status\/1946231193017487820?ref_src=twsrc%5Etfw\">July 18, 2025<\/a><\/p><\/blockquote>\n<p><script async src=\"https:\/\/platform.twitter.com\/widgets.js\" charset=\"utf-8\"><\/script><\/p>\n<ul>\n<li style=\"text-align: justify;\"><strong>\u00c0 voir \u00e9galement :\u00a0<a href=\"https:\/\/dicodusport.fr\/blog\/actualites\/cyclisme\/\">Toute l\u2019actualit\u00e9 du cyclisme<\/a><\/strong><\/li>\n<\/ul>\n<h2>Jay Vine en trouble-f\u00eate<\/h2>\n<p style=\"text-align: justify;\">\u00c9tant donn\u00e9 la forme \u00e9tincelante de <strong>Jay Vine<\/strong> sur le Tour d&rsquo;Espagne il y a quelques semaines, avec pas moins de 3 victoires d&rsquo;\u00e9tapes et un maillot de la montagne, difficile de ne pas citer l&rsquo;Australien comme le principal outsider de l&rsquo;\u00e9preuve chronom\u00e9trique. Bien s\u00fbr, sa performance du c\u00f4t\u00e9 de Valladolid, o\u00f9 il a pris la deuxi\u00e8me place \u00e0 moins d&rsquo;une seconde de <strong>Filippo Ganna<\/strong>, met pas mal d&rsquo;eau \u00e0 son moulin. Ainsi, le coureur de la formation UAE Team Emirates &#8211; XRG a montr\u00e9 un niveau stratosph\u00e9rique, laissant esp\u00e9rer a minima une m\u00e9daille \u00e0 Kigali. D&rsquo;autre part, il s&rsquo;est montr\u00e9 tr\u00e8s r\u00e9gulier en contre-la-montre cette ann\u00e9e avec notamment une troisi\u00e8me et une sixi\u00e8me place sur les chronos du Tour d&rsquo;Italie.<\/p>\n<div class=\"vlp-link-container vlp-layout-article\"><a href=\"https:\/\/dicodusport.fr\/blog\/tour-despagne-2025-jay-vine-soffre-une-deuxieme-victoire-pleine-de-maitrise-sur-la-10eme-etape\/\" class=\"vlp-link\" title=\"Tour d&#039;Espagne 2025 : Jay Vine s&#039;offre une deuxi\u00e8me victoire pleine de ma\u00eetrise sur la 10\u00e8me \u00e9tape\"><\/a><div class=\"vlp-layout-zone-side\"><div class=\"vlp-block-4 vlp-link-image\"><img loading=\"lazy\" decoding=\"async\" style=\"max-width: 792px;\" width=\"792\" height=\"445\" src=\"https:\/\/dicodusport.fr\/blog\/wp-content\/uploads\/2025\/09\/Tour-dEspagne-2025-Jay-Vine-soffre-une-deuxieme-victoire-pleine-de-maitrise-sur-la-10eme-etape-1.png\" class=\"attachment-800x445 size-800x445\" alt=\"Tour d&#039;Espagne 2025 Jay Vine s&#039;offre une deuxi\u00e8me victoire pleine de ma\u00eetrise sur la 10\u00e8me \u00e9tape\" srcset=\"https:\/\/dicodusport.fr\/blog\/wp-content\/uploads\/2025\/09\/Tour-dEspagne-2025-Jay-Vine-soffre-une-deuxieme-victoire-pleine-de-maitrise-sur-la-10eme-etape-1.png 1200w, https:\/\/dicodusport.fr\/blog\/wp-content\/uploads\/2025\/09\/Tour-dEspagne-2025-Jay-Vine-soffre-une-deuxieme-victoire-pleine-de-maitrise-sur-la-10eme-etape-1-300x169.png 300w, https:\/\/dicodusport.fr\/blog\/wp-content\/uploads\/2025\/09\/Tour-dEspagne-2025-Jay-Vine-soffre-une-deuxieme-victoire-pleine-de-maitrise-sur-la-10eme-etape-1-1024x575.png 1024w, https:\/\/dicodusport.fr\/blog\/wp-content\/uploads\/2025\/09\/Tour-dEspagne-2025-Jay-Vine-soffre-une-deuxieme-victoire-pleine-de-maitrise-sur-la-10eme-etape-1-768x431.png 768w\" sizes=\"auto, (max-width: 792px) 100vw, 792px\" \/><\/div><\/div><div class=\"vlp-layout-zone-main\"><div class=\"vlp-block-0 vlp-link-title\">Tour d'Espagne 2025 : Jay Vine s'offre une deuxi\u00e8me victoire pleine de ma\u00eetrise sur la 10\u00e8me \u00e9tape<\/div><div class=\"vlp-block-1 vlp-link-summary\">TOUR D'ESPAGNE 2025 - Jay Vine a remport\u00e9 la 10\u00e8me \u00e9tape en domptant les pentes d'El Ferrial Larra Belagua. \u00c0 l'issue d'une \u00e9chapp\u00e9 qui a tard\u00e9 \u00e0 se d\u00e9velopper, l'Australien a assum\u00e9 son statut d'\u00e9pouvantail pour s'offrir sa deuxi\u00e8me victoire sur cette Vuelta. Dans le peloton, Torstein Tr\u00e6en a craqu\u00e9, et laisse son maillot rouge \u00e0 Jonas Vingegaard.<\/div><div class=\"vlp-block-2 vlp-link-button\">Lire l'article<\/div><div class=\"vlp-block-3 vlp-link-url\">dicodusport.fr<\/div><\/div><\/div>\n<h2 style=\"text-align: justify;\">Ils peuvent s&rsquo;inviter sur le podium<\/h2>\n<p style=\"text-align: justify;\">Derri\u00e8re ces trois grands noms, on note plusieurs candidats au podium. \u00c0 commencer par le Fran\u00e7ais <strong>Bruno Armirail<\/strong>. Fort d&rsquo;une saison admirable, le rouleur occitan sort de deux quatri\u00e8mes places en contre-la-montre r\u00e9alis\u00e9es sur le Tour de France et la Vuelta. On surveillera aussi un autre Australien, <strong>Luke Plapp<\/strong>, capable du meilleur sur un grand jour. Ensuite, le Suisse <strong>Stefan K\u00fcng<\/strong> se montre r\u00e9gulier depuis plusieurs saisons maintenant sur les contre-la-montre, mais devrait souffrir d&rsquo;un parcours un peu trop dur pour lui. Enfin, pour conclure, nous garderons un \u0153il sur l&rsquo;Italien <strong>Mattia Cattaneo<\/strong>, le N\u00e9erlandais <strong>Thymen Arensman<\/strong>, l&rsquo;Espagnol <strong>Ivan Romeo<\/strong> et le tout jeune Fran\u00e7ais <strong>Paul Seixas<\/strong>, qui pourrait bien d\u00e9j\u00e0 surprendre.<\/p>\n<ul>\n<li style=\"text-align: justify;\"><strong>\u00c0 ce sujet \u2013\u00a0<a href=\"https:\/\/dicodusport.fr\/blog\/mondiaux-de-cyclisme-2025-au-rwanda-le-programme-tv-et-les-horaires-des-courses-sur-france-tv-et-eurosport\/\">Mondiaux de cyclisme 2025 au Rwanda : le programme TV et les horaires des courses sur France TV et Eurosport<\/a>\u00a0<\/strong><\/li>\n<\/ul>\n","protected":false},"excerpt":{"rendered":"<p>Double tenant du titre, le Belge Remco Evenepoel sera plus que jamais favori \u00e0 sa propre succession. Qui pourrait venir le contrarier en l&rsquo;absence de Filippo Ganna et Joshua Tarling ?<\/p>\n","protected":false},"author":92,"featured_media":612796,"comment_status":"open","ping_status":"closed","sticky":false,"template":"","format":"standard","meta":{"_acf_changed":false,"_daextam_enable_autolinks":"1","footnotes":""},"categories":[46994],"tags":[3119,16878,19450,574,11197,8420,11674],"class_list":["post-612339","post","type-post","status-publish","format-standard","has-post-thumbnail","hentry","category-cyclisme-sur-route","tag-actualite-cyclisme","tag-breve","tag-championnats-du-monde-de-cyclisme-sur-route","tag-cyclisme","tag-cyclisme-sur-route","tag-remco-evenepoel","tag-tadej-pogacar"],"acf":[],"yoast_head":"<!-- This site is optimized with the Yoast SEO Premium plugin v26.7 (Yoast SEO v26.7) - https:\/\/yoast.com\/wordpress\/plugins\/seo\/ -->\n<title>Evenepoel, Pogacar, Vine : Nos 10 favoris pour le contre-la-montre des Mondiaux au Rwanda<\/title>\n<meta name=\"description\" content=\"D\u00e9couvrez nos 10 favoris pour le contre-la-montre des Mondiaux de cyclisme sur route au Rwanda : un aper\u00e7u des coureurs les plus attendus et de leurs chances de briller.\" \/>\n<meta name=\"robots\" content=\"index, follow, max-snippet:-1, max-image-preview:large, max-video-preview:-1\" \/>\n<link rel=\"canonical\" href=\"https:\/\/dicodusport.fr\/blog\/mondiaux-sur-route-au-rwanda-nos-10-favoris-pour-le-contre-la-montre\/\" \/>\n<meta property=\"og:locale\" content=\"fr_FR\" \/>\n<meta property=\"og:type\" content=\"article\" \/>\n<meta property=\"og:title\" content=\"Evenepoel, Pogacar, Vine : Nos 10 favoris pour le contre-la-montre des Mondiaux au Rwanda\" \/>\n<meta property=\"og:description\" content=\"D\u00e9couvrez nos 10 favoris pour le contre-la-montre des Mondiaux de cyclisme sur route au Rwanda : un aper\u00e7u des coureurs les plus attendus et de leurs chances de briller.\" \/>\n<meta property=\"og:url\" content=\"https:\/\/dicodusport.fr\/blog\/mondiaux-sur-route-au-rwanda-nos-10-favoris-pour-le-contre-la-montre\/\" \/>\n<meta property=\"og:site_name\" content=\"Dicodusport\" \/>\n<meta property=\"article:publisher\" content=\"https:\/\/www.facebook.com\/dicodusport\" \/>\n<meta property=\"article:published_time\" content=\"2025-09-21T10:50:01+00:00\" \/>\n<meta property=\"article:modified_time\" content=\"2025-09-21T10:50:07+00:00\" \/>\n<meta property=\"og:image\" content=\"https:\/\/dicodusport.fr\/blog\/wp-content\/uploads\/2025\/09\/Mondiaux-sur-route-au-Rwanda-Nos-10-favoris-pour-le-contre-la-montre.png\" \/>\n\t<meta property=\"og:image:width\" content=\"1200\" \/>\n\t<meta property=\"og:image:height\" content=\"674\" \/>\n\t<meta property=\"og:image:type\" content=\"image\/png\" \/>\n<meta name=\"author\" content=\"Olivier Dobiezynski\" \/>\n<meta name=\"twitter:card\" content=\"summary_large_image\" \/>\n<meta name=\"twitter:title\" content=\"Evenepoel, Pogacar, Vine : Nos 10 favoris pour le contre-la-montre des Mondiaux au Rwanda\" \/>\n<meta name=\"twitter:creator\" content=\"@https:\/\/x.com\/Olivier_Matros\" \/>\n<meta name=\"twitter:site\" content=\"@dicodusport\" \/>\n<script type=\"application\/ld+json\" class=\"yoast-schema-graph\">{\"@context\":\"https:\/\/schema.org\",\"@graph\":[{\"@type\":\"NewsArticle\",\"@id\":\"https:\/\/dicodusport.fr\/blog\/mondiaux-sur-route-au-rwanda-nos-10-favoris-pour-le-contre-la-montre\/#article\",\"isPartOf\":{\"@id\":\"https:\/\/dicodusport.fr\/blog\/mondiaux-sur-route-au-rwanda-nos-10-favoris-pour-le-contre-la-montre\/\"},\"author\":{\"name\":\"Olivier Dobiezynski\",\"@id\":\"https:\/\/dicodusport.fr\/blog\/#\/schema\/person\/fe500246414ca17ddf0c0312d7a792cc\"},\"headline\":\"Evenepoel, Pogacar, Vine : Nos 10 favoris pour le contre-la-montre des Mondiaux au Rwanda\",\"datePublished\":\"2025-09-21T10:50:01+00:00\",\"dateModified\":\"2025-09-21T10:50:07+00:00\",\"mainEntityOfPage\":{\"@id\":\"https:\/\/dicodusport.fr\/blog\/mondiaux-sur-route-au-rwanda-nos-10-favoris-pour-le-contre-la-montre\/\"},\"wordCount\":899,\"commentCount\":0,\"publisher\":{\"@id\":\"https:\/\/dicodusport.fr\/blog\/#organization\"},\"image\":{\"@id\":\"https:\/\/dicodusport.fr\/blog\/mondiaux-sur-route-au-rwanda-nos-10-favoris-pour-le-contre-la-montre\/#primaryimage\"},\"thumbnailUrl\":\"https:\/\/dicodusport.fr\/blog\/wp-content\/uploads\/2025\/09\/Mondiaux-sur-route-au-Rwanda-Nos-10-favoris-pour-le-contre-la-montre.png\",\"keywords\":[\"Actualit\u00e9 Cyclisme\",\"br\u00e8ve\",\"Championnats du monde de cyclisme sur route\",\"Cyclisme\",\"Cyclisme sur route\",\"Remco Evenepoel\",\"Tadej Pogacar\"],\"articleSection\":[\"Cyclisme sur route\"],\"inLanguage\":\"fr-FR\",\"potentialAction\":[{\"@type\":\"CommentAction\",\"name\":\"Comment\",\"target\":[\"https:\/\/dicodusport.fr\/blog\/mondiaux-sur-route-au-rwanda-nos-10-favoris-pour-le-contre-la-montre\/#respond\"]}],\"copyrightYear\":\"2025\",\"copyrightHolder\":{\"@id\":\"https:\/\/dicodusport.fr\/blog\/#organization\"}},{\"@type\":\"WebPage\",\"@id\":\"https:\/\/dicodusport.fr\/blog\/mondiaux-sur-route-au-rwanda-nos-10-favoris-pour-le-contre-la-montre\/\",\"url\":\"https:\/\/dicodusport.fr\/blog\/mondiaux-sur-route-au-rwanda-nos-10-favoris-pour-le-contre-la-montre\/\",\"name\":\"Evenepoel, Pogacar, Vine : Nos 10 favoris pour le contre-la-montre des Mondiaux au Rwanda\",\"isPartOf\":{\"@id\":\"https:\/\/dicodusport.fr\/blog\/#website\"},\"primaryImageOfPage\":{\"@id\":\"https:\/\/dicodusport.fr\/blog\/mondiaux-sur-route-au-rwanda-nos-10-favoris-pour-le-contre-la-montre\/#primaryimage\"},\"image\":{\"@id\":\"https:\/\/dicodusport.fr\/blog\/mondiaux-sur-route-au-rwanda-nos-10-favoris-pour-le-contre-la-montre\/#primaryimage\"},\"thumbnailUrl\":\"https:\/\/dicodusport.fr\/blog\/wp-content\/uploads\/2025\/09\/Mondiaux-sur-route-au-Rwanda-Nos-10-favoris-pour-le-contre-la-montre.png\",\"datePublished\":\"2025-09-21T10:50:01+00:00\",\"dateModified\":\"2025-09-21T10:50:07+00:00\",\"description\":\"D\u00e9couvrez nos 10 favoris pour le contre-la-montre des Mondiaux de cyclisme sur route au Rwanda : un aper\u00e7u des coureurs les plus attendus et de leurs chances de briller.\",\"breadcrumb\":{\"@id\":\"https:\/\/dicodusport.fr\/blog\/mondiaux-sur-route-au-rwanda-nos-10-favoris-pour-le-contre-la-montre\/#breadcrumb\"},\"inLanguage\":\"fr-FR\",\"potentialAction\":[{\"@type\":\"ReadAction\",\"target\":[\"https:\/\/dicodusport.fr\/blog\/mondiaux-sur-route-au-rwanda-nos-10-favoris-pour-le-contre-la-montre\/\"]}]},{\"@type\":\"ImageObject\",\"inLanguage\":\"fr-FR\",\"@id\":\"https:\/\/dicodusport.fr\/blog\/mondiaux-sur-route-au-rwanda-nos-10-favoris-pour-le-contre-la-montre\/#primaryimage\",\"url\":\"https:\/\/dicodusport.fr\/blog\/wp-content\/uploads\/2025\/09\/Mondiaux-sur-route-au-Rwanda-Nos-10-favoris-pour-le-contre-la-montre.png\",\"contentUrl\":\"https:\/\/dicodusport.fr\/blog\/wp-content\/uploads\/2025\/09\/Mondiaux-sur-route-au-Rwanda-Nos-10-favoris-pour-le-contre-la-montre.png\",\"width\":1200,\"height\":674,\"caption\":\"Mondiaux sur route au Rwanda Nos 10 favoris pour le contre-la-montre\"},{\"@type\":\"BreadcrumbList\",\"@id\":\"https:\/\/dicodusport.fr\/blog\/mondiaux-sur-route-au-rwanda-nos-10-favoris-pour-le-contre-la-montre\/#breadcrumb\",\"itemListElement\":[{\"@type\":\"ListItem\",\"position\":1,\"name\":\"Accueil\",\"item\":\"https:\/\/dicodusport.fr\/blog\/\"},{\"@type\":\"ListItem\",\"position\":2,\"name\":\"Evenepoel, Pogacar, Vine : Nos 10 favoris pour le contre-la-montre des Mondiaux au Rwanda\"}]},{\"@type\":\"WebSite\",\"@id\":\"https:\/\/dicodusport.fr\/blog\/#website\",\"url\":\"https:\/\/dicodusport.fr\/blog\/\",\"name\":\"Dicodusport\",\"description\":\"L&#039;encyclop\u00e9die de l&#039;actualit\u00e9 sportive\",\"publisher\":{\"@id\":\"https:\/\/dicodusport.fr\/blog\/#organization\"},\"potentialAction\":[{\"@type\":\"SearchAction\",\"target\":{\"@type\":\"EntryPoint\",\"urlTemplate\":\"https:\/\/dicodusport.fr\/blog\/?s={search_term_string}\"},\"query-input\":{\"@type\":\"PropertyValueSpecification\",\"valueRequired\":true,\"valueName\":\"search_term_string\"}}],\"inLanguage\":\"fr-FR\"},{\"@type\":\"NewsMediaOrganization\",\"@id\":\"https:\/\/dicodusport.fr\/blog\/#organization\",\"name\":\"Dicodusport\",\"url\":\"https:\/\/dicodusport.fr\/blog\/\",\"logo\":{\"@type\":\"ImageObject\",\"inLanguage\":\"fr-FR\",\"@id\":\"https:\/\/dicodusport.fr\/blog\/#\/schema\/logo\/image\/\",\"url\":\"https:\/\/dicodusport.fr\/blog\/wp-content\/uploads\/2020\/06\/cropped-LOGO-DICODUSPORT-2020-SANS-FOND-SANS-TEXTE.png\",\"contentUrl\":\"https:\/\/dicodusport.fr\/blog\/wp-content\/uploads\/2020\/06\/cropped-LOGO-DICODUSPORT-2020-SANS-FOND-SANS-TEXTE.png\",\"width\":512,\"height\":512,\"caption\":\"Dicodusport\"},\"image\":{\"@id\":\"https:\/\/dicodusport.fr\/blog\/#\/schema\/logo\/image\/\"},\"sameAs\":[\"https:\/\/www.facebook.com\/dicodusport\",\"https:\/\/x.com\/dicodusport\",\"https:\/\/www.instagram.com\/dicodusport\/\",\"https:\/\/www.youtube.com\/channel\/UC7V2KZ5sd3htJivAbA4ZG3w\"],\"description\":\"Dicodusport est l'encyclop\u00e9die de l'actualit\u00e9 sportive.\",\"email\":\"bonjour@dicodusport.fr\",\"legalName\":\"DICODUSPORT\",\"foundingDate\":\"2018-01-14\",\"vatID\":\"FR71834470973\",\"taxID\":\"83447097300043\",\"numberOfEmployees\":{\"@type\":\"QuantitativeValue\",\"minValue\":\"1\",\"maxValue\":\"10\"}},{\"@type\":\"Person\",\"@id\":\"https:\/\/dicodusport.fr\/blog\/#\/schema\/person\/fe500246414ca17ddf0c0312d7a792cc\",\"name\":\"Olivier Dobiezynski\",\"image\":{\"@type\":\"ImageObject\",\"inLanguage\":\"fr-FR\",\"@id\":\"https:\/\/dicodusport.fr\/blog\/#\/schema\/person\/image\/\",\"url\":\"https:\/\/dicodusport.fr\/blog\/wp-content\/uploads\/2024\/09\/5be8fe8d-9962-4f1e-ad06-d6f9dee30e6d-150x150.jpg\",\"contentUrl\":\"https:\/\/dicodusport.fr\/blog\/wp-content\/uploads\/2024\/09\/5be8fe8d-9962-4f1e-ad06-d6f9dee30e6d-150x150.jpg\",\"caption\":\"Olivier Dobiezynski\"},\"description\":\"Depuis le milieu des ann\u00e9es 90, la passion du cyclisme m'anime. Mes h\u00e9ros s'appellent Luc Leblanc, Piotr Ugrumov, Paolo Savoldelli, Peter Sagan et bien \u00e9videmment Romain Bardet. R\u00e9dacteur depuis 2023, je suis ici pour partager cet amour de la Petite Reine. Vous pourrez me lire \u00e9galement sur du trail, du ski de fond et tout autre sujet susceptible d'\u00e9veiller ma curiosit\u00e9 sportive.\",\"sameAs\":[\"https:\/\/x.com\/https:\/\/x.com\/Olivier_Matros\"],\"url\":\"https:\/\/dicodusport.fr\/blog\/author\/olivier-gh\/\"}]}<\/script>\n<!-- \/ Yoast SEO Premium plugin. -->","yoast_head_json":{"title":"Evenepoel, Pogacar, Vine : Nos 10 favoris pour le contre-la-montre des Mondiaux au Rwanda","description":"D\u00e9couvrez nos 10 favoris pour le contre-la-montre des Mondiaux de cyclisme sur route au Rwanda : un aper\u00e7u des coureurs les plus attendus et de leurs chances de briller.","robots":{"index":"index","follow":"follow","max-snippet":"max-snippet:-1","max-image-preview":"max-image-preview:large","max-video-preview":"max-video-preview:-1"},"canonical":"https:\/\/dicodusport.fr\/blog\/mondiaux-sur-route-au-rwanda-nos-10-favoris-pour-le-contre-la-montre\/","og_locale":"fr_FR","og_type":"article","og_title":"Evenepoel, Pogacar, Vine : Nos 10 favoris pour le contre-la-montre des Mondiaux au Rwanda","og_description":"D\u00e9couvrez nos 10 favoris pour le contre-la-montre des Mondiaux de cyclisme sur route au Rwanda : un aper\u00e7u des coureurs les plus attendus et de leurs chances de briller.","og_url":"https:\/\/dicodusport.fr\/blog\/mondiaux-sur-route-au-rwanda-nos-10-favoris-pour-le-contre-la-montre\/","og_site_name":"Dicodusport","article_publisher":"https:\/\/www.facebook.com\/dicodusport","article_published_time":"2025-09-21T10:50:01+00:00","article_modified_time":"2025-09-21T10:50:07+00:00","og_image":[{"width":1200,"height":674,"url":"https:\/\/dicodusport.fr\/blog\/wp-content\/uploads\/2025\/09\/Mondiaux-sur-route-au-Rwanda-Nos-10-favoris-pour-le-contre-la-montre.png","type":"image\/png"}],"author":"Olivier Dobiezynski","twitter_card":"summary_large_image","twitter_title":"Evenepoel, Pogacar, Vine : Nos 10 favoris pour le contre-la-montre des Mondiaux au Rwanda","twitter_creator":"@https:\/\/x.com\/Olivier_Matros","twitter_site":"@dicodusport","schema":{"@context":"https:\/\/schema.org","@graph":[{"@type":"NewsArticle","@id":"https:\/\/dicodusport.fr\/blog\/mondiaux-sur-route-au-rwanda-nos-10-favoris-pour-le-contre-la-montre\/#article","isPartOf":{"@id":"https:\/\/dicodusport.fr\/blog\/mondiaux-sur-route-au-rwanda-nos-10-favoris-pour-le-contre-la-montre\/"},"author":{"name":"Olivier Dobiezynski","@id":"https:\/\/dicodusport.fr\/blog\/#\/schema\/person\/fe500246414ca17ddf0c0312d7a792cc"},"headline":"Evenepoel, Pogacar, Vine : Nos 10 favoris pour le contre-la-montre des Mondiaux au Rwanda","datePublished":"2025-09-21T10:50:01+00:00","dateModified":"2025-09-21T10:50:07+00:00","mainEntityOfPage":{"@id":"https:\/\/dicodusport.fr\/blog\/mondiaux-sur-route-au-rwanda-nos-10-favoris-pour-le-contre-la-montre\/"},"wordCount":899,"commentCount":0,"publisher":{"@id":"https:\/\/dicodusport.fr\/blog\/#organization"},"image":{"@id":"https:\/\/dicodusport.fr\/blog\/mondiaux-sur-route-au-rwanda-nos-10-favoris-pour-le-contre-la-montre\/#primaryimage"},"thumbnailUrl":"https:\/\/dicodusport.fr\/blog\/wp-content\/uploads\/2025\/09\/Mondiaux-sur-route-au-Rwanda-Nos-10-favoris-pour-le-contre-la-montre.png","keywords":["Actualit\u00e9 Cyclisme","br\u00e8ve","Championnats du monde de cyclisme sur route","Cyclisme","Cyclisme sur route","Remco Evenepoel","Tadej Pogacar"],"articleSection":["Cyclisme sur route"],"inLanguage":"fr-FR","potentialAction":[{"@type":"CommentAction","name":"Comment","target":["https:\/\/dicodusport.fr\/blog\/mondiaux-sur-route-au-rwanda-nos-10-favoris-pour-le-contre-la-montre\/#respond"]}],"copyrightYear":"2025","copyrightHolder":{"@id":"https:\/\/dicodusport.fr\/blog\/#organization"}},{"@type":"WebPage","@id":"https:\/\/dicodusport.fr\/blog\/mondiaux-sur-route-au-rwanda-nos-10-favoris-pour-le-contre-la-montre\/","url":"https:\/\/dicodusport.fr\/blog\/mondiaux-sur-route-au-rwanda-nos-10-favoris-pour-le-contre-la-montre\/","name":"Evenepoel, Pogacar, Vine : Nos 10 favoris pour le contre-la-montre des Mondiaux au Rwanda","isPartOf":{"@id":"https:\/\/dicodusport.fr\/blog\/#website"},"primaryImageOfPage":{"@id":"https:\/\/dicodusport.fr\/blog\/mondiaux-sur-route-au-rwanda-nos-10-favoris-pour-le-contre-la-montre\/#primaryimage"},"image":{"@id":"https:\/\/dicodusport.fr\/blog\/mondiaux-sur-route-au-rwanda-nos-10-favoris-pour-le-contre-la-montre\/#primaryimage"},"thumbnailUrl":"https:\/\/dicodusport.fr\/blog\/wp-content\/uploads\/2025\/09\/Mondiaux-sur-route-au-Rwanda-Nos-10-favoris-pour-le-contre-la-montre.png","datePublished":"2025-09-21T10:50:01+00:00","dateModified":"2025-09-21T10:50:07+00:00","description":"D\u00e9couvrez nos 10 favoris pour le contre-la-montre des Mondiaux de cyclisme sur route au Rwanda : un aper\u00e7u des coureurs les plus attendus et de leurs chances de briller.","breadcrumb":{"@id":"https:\/\/dicodusport.fr\/blog\/mondiaux-sur-route-au-rwanda-nos-10-favoris-pour-le-contre-la-montre\/#breadcrumb"},"inLanguage":"fr-FR","potentialAction":[{"@type":"ReadAction","target":["https:\/\/dicodusport.fr\/blog\/mondiaux-sur-route-au-rwanda-nos-10-favoris-pour-le-contre-la-montre\/"]}]},{"@type":"ImageObject","inLanguage":"fr-FR","@id":"https:\/\/dicodusport.fr\/blog\/mondiaux-sur-route-au-rwanda-nos-10-favoris-pour-le-contre-la-montre\/#primaryimage","url":"https:\/\/dicodusport.fr\/blog\/wp-content\/uploads\/2025\/09\/Mondiaux-sur-route-au-Rwanda-Nos-10-favoris-pour-le-contre-la-montre.png","contentUrl":"https:\/\/dicodusport.fr\/blog\/wp-content\/uploads\/2025\/09\/Mondiaux-sur-route-au-Rwanda-Nos-10-favoris-pour-le-contre-la-montre.png","width":1200,"height":674,"caption":"Mondiaux sur route au Rwanda Nos 10 favoris pour le contre-la-montre"},{"@type":"BreadcrumbList","@id":"https:\/\/dicodusport.fr\/blog\/mondiaux-sur-route-au-rwanda-nos-10-favoris-pour-le-contre-la-montre\/#breadcrumb","itemListElement":[{"@type":"ListItem","position":1,"name":"Accueil","item":"https:\/\/dicodusport.fr\/blog\/"},{"@type":"ListItem","position":2,"name":"Evenepoel, Pogacar, Vine : Nos 10 favoris pour le contre-la-montre des Mondiaux au Rwanda"}]},{"@type":"WebSite","@id":"https:\/\/dicodusport.fr\/blog\/#website","url":"https:\/\/dicodusport.fr\/blog\/","name":"Dicodusport","description":"L&#039;encyclop\u00e9die de l&#039;actualit\u00e9 sportive","publisher":{"@id":"https:\/\/dicodusport.fr\/blog\/#organization"},"potentialAction":[{"@type":"SearchAction","target":{"@type":"EntryPoint","urlTemplate":"https:\/\/dicodusport.fr\/blog\/?s={search_term_string}"},"query-input":{"@type":"PropertyValueSpecification","valueRequired":true,"valueName":"search_term_string"}}],"inLanguage":"fr-FR"},{"@type":"NewsMediaOrganization","@id":"https:\/\/dicodusport.fr\/blog\/#organization","name":"Dicodusport","url":"https:\/\/dicodusport.fr\/blog\/","logo":{"@type":"ImageObject","inLanguage":"fr-FR","@id":"https:\/\/dicodusport.fr\/blog\/#\/schema\/logo\/image\/","url":"https:\/\/dicodusport.fr\/blog\/wp-content\/uploads\/2020\/06\/cropped-LOGO-DICODUSPORT-2020-SANS-FOND-SANS-TEXTE.png","contentUrl":"https:\/\/dicodusport.fr\/blog\/wp-content\/uploads\/2020\/06\/cropped-LOGO-DICODUSPORT-2020-SANS-FOND-SANS-TEXTE.png","width":512,"height":512,"caption":"Dicodusport"},"image":{"@id":"https:\/\/dicodusport.fr\/blog\/#\/schema\/logo\/image\/"},"sameAs":["https:\/\/www.facebook.com\/dicodusport","https:\/\/x.com\/dicodusport","https:\/\/www.instagram.com\/dicodusport\/","https:\/\/www.youtube.com\/channel\/UC7V2KZ5sd3htJivAbA4ZG3w"],"description":"Dicodusport est l'encyclop\u00e9die de l'actualit\u00e9 sportive.","email":"bonjour@dicodusport.fr","legalName":"DICODUSPORT","foundingDate":"2018-01-14","vatID":"FR71834470973","taxID":"83447097300043","numberOfEmployees":{"@type":"QuantitativeValue","minValue":"1","maxValue":"10"}},{"@type":"Person","@id":"https:\/\/dicodusport.fr\/blog\/#\/schema\/person\/fe500246414ca17ddf0c0312d7a792cc","name":"Olivier Dobiezynski","image":{"@type":"ImageObject","inLanguage":"fr-FR","@id":"https:\/\/dicodusport.fr\/blog\/#\/schema\/person\/image\/","url":"https:\/\/dicodusport.fr\/blog\/wp-content\/uploads\/2024\/09\/5be8fe8d-9962-4f1e-ad06-d6f9dee30e6d-150x150.jpg","contentUrl":"https:\/\/dicodusport.fr\/blog\/wp-content\/uploads\/2024\/09\/5be8fe8d-9962-4f1e-ad06-d6f9dee30e6d-150x150.jpg","caption":"Olivier Dobiezynski"},"description":"Depuis le milieu des ann\u00e9es 90, la passion du cyclisme m'anime. Mes h\u00e9ros s'appellent Luc Leblanc, Piotr Ugrumov, Paolo Savoldelli, Peter Sagan et bien \u00e9videmment Romain Bardet. R\u00e9dacteur depuis 2023, je suis ici pour partager cet amour de la Petite Reine. Vous pourrez me lire \u00e9galement sur du trail, du ski de fond et tout autre sujet susceptible d'\u00e9veiller ma curiosit\u00e9 sportive.","sameAs":["https:\/\/x.com\/https:\/\/x.com\/Olivier_Matros"],"url":"https:\/\/dicodusport.fr\/blog\/author\/olivier-gh\/"}]}},"_links":{"self":[{"href":"https:\/\/dicodusport.fr\/blog\/wp-json\/wp\/v2\/posts\/612339","targetHints":{"allow":["GET"]}}],"collection":[{"href":"https:\/\/dicodusport.fr\/blog\/wp-json\/wp\/v2\/posts"}],"about":[{"href":"https:\/\/dicodusport.fr\/blog\/wp-json\/wp\/v2\/types\/post"}],"author":[{"embeddable":true,"href":"https:\/\/dicodusport.fr\/blog\/wp-json\/wp\/v2\/users\/92"}],"replies":[{"embeddable":true,"href":"https:\/\/dicodusport.fr\/blog\/wp-json\/wp\/v2\/comments?post=612339"}],"version-history":[{"count":6,"href":"https:\/\/dicodusport.fr\/blog\/wp-json\/wp\/v2\/posts\/612339\/revisions"}],"predecessor-version":[{"id":613209,"href":"https:\/\/dicodusport.fr\/blog\/wp-json\/wp\/v2\/posts\/612339\/revisions\/613209"}],"wp:featuredmedia":[{"embeddable":true,"href":"https:\/\/dicodusport.fr\/blog\/wp-json\/wp\/v2\/media\/612796"}],"wp:attachment":[{"href":"https:\/\/dicodusport.fr\/blog\/wp-json\/wp\/v2\/media?parent=612339"}],"wp:term":[{"taxonomy":"category","embeddable":true,"href":"https:\/\/dicodusport.fr\/blog\/wp-json\/wp\/v2\/categories?post=612339"},{"taxonomy":"post_tag","embeddable":true,"href":"https:\/\/dicodusport.fr\/blog\/wp-json\/wp\/v2\/tags?post=612339"}],"curies":[{"name":"wp","href":"https:\/\/api.w.org\/{rel}","templated":true}]}}