{"id":612396,"date":"2025-09-18T22:53:20","date_gmt":"2025-09-18T20:53:20","guid":{"rendered":"https:\/\/dicodusport.fr\/blog\/?p=612396&#038;preview=true&#038;preview_id=612396"},"modified":"2025-09-18T22:53:20","modified_gmt":"2025-09-18T20:53:20","slug":"pro-d2-2025-2026-j4-grenoble-prend-provisoirement-la-tete-du-championnat-en-dominant-nevers","status":"publish","type":"post","link":"https:\/\/dicodusport.fr\/blog\/pro-d2-2025-2026-j4-grenoble-prend-provisoirement-la-tete-du-championnat-en-dominant-nevers\/","title":{"rendered":"Pro D2 2025\/2026 (J4) : Grenoble prend provisoirement la t\u00eate du championnat en dominant Nevers"},"content":{"rendered":"<p style=\"text-align: justify;\"><strong><em>PRO D2 2025\/2026 &#8211; Grenoble s&rsquo;est provisoirement empar\u00e9 de la t\u00eate de la Pro D2 en s&rsquo;imposant face \u00e0 Nevers ce jeudi, 20-17. Dominateurs, les Is\u00e9rois ont d\u00fb attendre le dernier quart d&rsquo;heure et un essai de Barnab\u00e9 Couilloud pour se mettre \u00e0 l&rsquo;abri. Les Nivernais ont eux limit\u00e9 la casse en arrachant le bonus d\u00e9fensif \u00e0 la derni\u00e8re seconde.<\/em><\/strong><\/p>\n<ul style=\"text-align: justify;\">\n<li><strong>\u00c0 ce sujet \u2013\u00a0<a href=\"https:\/\/dicodusport.fr\/blog\/classement-actualise-pro-d2-saison-2025-2026\/\">Le classement actualis\u00e9 de la Pro D2 (saison 2025-2026)<\/a><\/strong><\/li>\n<\/ul>\n<p style=\"text-align: justify;\">Tous deux vainqueurs de deux de leurs trois premiers matchs, <strong>Grenoble<\/strong> et <strong>Nevers<\/strong> se retrouvaient au<strong> Stade des Alpes<\/strong> en ouverture de la 4\u00e8me journ\u00e9e avec la place de leader provisoire de <strong>Pro D2<\/strong> en jeu pour le gagnant.<\/p>\n<h2>Grenoble manque d&rsquo;efficacit\u00e9 dans le premier acte<\/h2>\n<p style=\"text-align: justify;\">Les deux \u00e9quipes ont toutefois surtout brill\u00e9 par leur maladresse en d\u00e9but de match, \u00e0 l&rsquo;image de premi\u00e8res touches lunaires de part et d&rsquo;autre. N\u00e9anmoins, Grenoble a r\u00e9ussi \u00e0 se montrer tranchant sur ses premi\u00e8res offensives, au point d&rsquo;aller chercher une premi\u00e8re p\u00e9nalit\u00e9 rapide face aux poteaux, transform\u00e9e par <strong>Romain Trouilloud<\/strong>. Mais les Is\u00e9rois ont \u00e9galement brill\u00e9 par leur indiscipline. Nevers a donc dispos\u00e9 de multiples cartouches pour s&rsquo;immiscer dans le camp grenoblois, mais leurs percussions r\u00e9p\u00e9t\u00e9es n&rsquo;ont pas cass\u00e9 un rideau d\u00e9fensif herm\u00e9tique. Pire encore, <strong>Johan Wasserman<\/strong> a \u00e9t\u00e9 sanctionn\u00e9 d&rsquo;un carton jaune pour un contact \u00e0 la t\u00eate.<\/p>\n<p style=\"text-align: justify;\">\u00c0 14 durant dix minutes, les Nivernais ont \u00e9t\u00e9 punis dans la foul\u00e9e, <strong>Bastien Soury<\/strong> allant aplatir en force pour r\u00e9compenser la domination du ballon port\u00e9 de ses comparses du pack (10-0, 23\u00e8me). Alors qu&rsquo;on les pensait au fond du trou, ils ont toutefois r\u00e9ussi \u00e0 r\u00e9pondre imm\u00e9diatement. Une passe lumineuse de <strong>Tom Deleuze<\/strong> a cr\u00e9\u00e9 une br\u00e8che dans laquelle s&rsquo;est engouffr\u00e9 <strong>Nicolas Ragoevi<\/strong> avant de servir <strong>Liam Turner<\/strong> pour r\u00e9duire la marque (10-7, 26\u00e8me). Ils ont ensuite enterr\u00e9 un nouveau ballon port\u00e9 grenoblois \u00e0 5 m\u00e8tres de leur ligne, avant de rater une occasion d&rsquo;\u00e9galiser sur une p\u00e9nalit\u00e9. Occasion qu&rsquo;ils auraient pu regretter si Grenoble avait fait plus d&rsquo;efficacit\u00e9 avant la pause en g\u00e2chant de nombreuses munitions dans les 22 m\u00e8tres adverses.<\/p>\n<blockquote class=\"twitter-tweet\">\n<p dir=\"ltr\" lang=\"fr\">Essai pour Bastien Soury !<\/p>\n<p>\ud83d\udd34\ud83d\udd35 FCG 08 &#8211; 00 USON \ud83d\udfe1\ud83d\udd35<a href=\"https:\/\/twitter.com\/hashtag\/FCGUSON?src=hash&amp;ref_src=twsrc%5Etfw\">#FCGUSON<\/a> <a href=\"https:\/\/twitter.com\/hashtag\/AllezFCG?src=hash&amp;ref_src=twsrc%5Etfw\">#AllezFCG<\/a> <a href=\"https:\/\/t.co\/EAFixBx0lO\">pic.twitter.com\/EAFixBx0lO<\/a><\/p>\n<p>\u2014 FC Grenoble Rugby #AllezFCG (@FCGrugby) <a href=\"https:\/\/twitter.com\/FCGrugby\/status\/1968758814619926846?ref_src=twsrc%5Etfw\">September 18, 2025<\/a><\/p><\/blockquote>\n<p><script async src=\"https:\/\/platform.twitter.com\/widgets.js\" charset=\"utf-8\"><\/script><\/p>\n<h2>Les Grenoblois se mettent \u00e0 l&rsquo;abri dans le dernier quart d&rsquo;heure<\/h2>\n<p style=\"text-align: justify;\">Le sc\u00e9nario du match n&rsquo;a pas chang\u00e9 au retour des vestiaires, Nevers continuant de cafouiller son rugby. Mais encore une fois, les Grenoblois n&rsquo;en ont pas profit\u00e9, avant d&rsquo;\u00eatre \u00e0 leur tour r\u00e9duit \u00e0 14 en raison du carton jaune re\u00e7u par <strong>Thomas Ploye<\/strong>t. Les Nivernais avaient alors une belle occasion de r\u00e9agir. H\u00e9las, \u00e0 l&rsquo;exception d&rsquo;une belle perc\u00e9e de Tarel, il n&rsquo;y a eu quasiment rien \u00e0 se mettre sous la dent. Il faut dire qu&rsquo;en perdant 8 touches en l&rsquo;espace de 50 minutes, difficile de trouver de la continuit\u00e9. Ce sont m\u00eame les Grenoblois qui ont scor\u00e9 juste avant le retour en \u00e9galit\u00e9 num\u00e9rique gr\u00e2ce au pied infaillible de <strong>Romain Trouilloud<\/strong>. Dans la foul\u00e9e, <strong>Simon Tarel<\/strong> a r\u00e9pondu, confirmant que cette rencontre serait accroch\u00e9e jusqu&rsquo;au bout.<\/p>\n<p style=\"text-align: justify;\">La tension s&rsquo;est accentu\u00e9e, mais Grenoble a fini par concr\u00e9tiser une offensive compl\u00e8te avec du jeu au pied, des passes, du mouvement. Suite \u00e0 une chevauch\u00e9e de <strong>Max Clement<\/strong>, <strong>Barnab\u00e9 Couilloud<\/strong> a lib\u00e9r\u00e9 le FCG en inscrivant un deuxi\u00e8me essai d\u00e9cisif, d&rsquo;autant plus que Trouilloud a poursuivi son sans-faute en transformant (20-10, 70\u00e8me). Nevers ne s&rsquo;en rel\u00e8vera, et le club bourguignon a subi de nouvelles vagues bleues durant les dix derni\u00e8res minutes. Au courage, la d\u00e9fense a r\u00e9sist\u00e9, offrant m\u00eame une chance d&rsquo;arracher le bonus d\u00e9fensif apr\u00e8s la sir\u00e8ne. Et au bout de trois minutes de combat, le jeune <strong>Jules Bousquet<\/strong> a permis aux siens d&rsquo;arracher un point pr\u00e9cieux en franchissant la ligne (20-17, 80\u00e8me).<\/p>\n<p style=\"text-align: justify;\">Grenoble s&rsquo;impose donc <strong>20-17<\/strong>, et rebondit apr\u00e8s la lourde d\u00e9faite conc\u00e9d\u00e9e \u00e0 Armandie le week-end dernier. Gr\u00e2ce \u00e0 ce succ\u00e8s, le FCG s&#8217;empare au passage de la <strong>1\u00e8re place du championnat<\/strong> en attendant les autres matchs de la 4\u00e8me journ\u00e9e.<\/p>\n<blockquote class=\"twitter-tweet\">\n<p dir=\"ltr\" lang=\"fr\">Essai pour Barnab\u00e9 Couilloud !<\/p>\n<p>\ud83d\udd34\ud83d\udd35 FCG 18 &#8211; 10 USON \ud83d\udfe1\ud83d\udd35<a href=\"https:\/\/twitter.com\/hashtag\/FCGUSON?src=hash&amp;ref_src=twsrc%5Etfw\">#FCGUSON<\/a> <a href=\"https:\/\/twitter.com\/hashtag\/AllezFCG?src=hash&amp;ref_src=twsrc%5Etfw\">#AllezFCG<\/a> <a href=\"https:\/\/t.co\/0C3IidgQ72\">pic.twitter.com\/0C3IidgQ72<\/a><\/p>\n<p>\u2014 FC Grenoble Rugby #AllezFCG (@FCGrugby) <a href=\"https:\/\/twitter.com\/FCGrugby\/status\/1968776315055538636?ref_src=twsrc%5Etfw\">September 18, 2025<\/a><\/p><\/blockquote>\n<p><script async src=\"https:\/\/platform.twitter.com\/widgets.js\" charset=\"utf-8\"><\/script><\/p>\n","protected":false},"excerpt":{"rendered":"<p>PRO D2 2025\/2026 &#8211; Grenoble s&rsquo;est provisoirement empar\u00e9 de la t\u00eate de la Pro D2 en s&rsquo;imposant face \u00e0 Nevers ce jeudi, 20-17. Dominateurs, les Is\u00e9rois auront d\u00fb attendre le dernier quart d&rsquo;heure et un essai de Barnab\u00e9 Couilloud pour se mettre \u00e0 l&rsquo;abri.<\/p>\n","protected":false},"author":55,"featured_media":612452,"comment_status":"open","ping_status":"closed","sticky":false,"template":"","format":"standard","meta":{"_acf_changed":false,"_daextam_enable_autolinks":"1","footnotes":""},"categories":[47052],"tags":[16878,1837,13466,1839],"class_list":["post-612396","post","type-post","status-publish","format-standard","has-post-thumbnail","hentry","category-pro-d2","tag-breve","tag-grenoble","tag-nevers","tag-pro-d2"],"acf":[],"yoast_head":"<!-- This site is optimized with the Yoast SEO Premium plugin v26.7 (Yoast SEO v26.7) - https:\/\/yoast.com\/wordpress\/plugins\/seo\/ -->\n<title>Pro D2 2025\/2026 (J4) : Grenoble prend provisoirement la t\u00eate du championnat en dominant Nevers<\/title>\n<meta name=\"description\" content=\"PRO D2 2025\/2026 - Grenoble s&#039;est provisoirement empar\u00e9 de la t\u00eate de la Pro D2 en s&#039;imposant face \u00e0 Nevers ce jeudi, 20-17.\" \/>\n<meta name=\"robots\" content=\"index, follow, max-snippet:-1, max-image-preview:large, max-video-preview:-1\" \/>\n<link rel=\"canonical\" href=\"https:\/\/dicodusport.fr\/blog\/pro-d2-2025-2026-j4-grenoble-prend-provisoirement-la-tete-du-championnat-en-dominant-nevers\/\" \/>\n<meta property=\"og:locale\" content=\"fr_FR\" \/>\n<meta property=\"og:type\" content=\"article\" \/>\n<meta property=\"og:title\" content=\"Pro D2 2025\/2026 (J4) : Grenoble prend provisoirement la t\u00eate du championnat en dominant Nevers\" \/>\n<meta property=\"og:description\" content=\"PRO D2 2025\/2026 - Grenoble s&#039;est provisoirement empar\u00e9 de la t\u00eate de la Pro D2 en s&#039;imposant face \u00e0 Nevers ce jeudi, 20-17.\" \/>\n<meta property=\"og:url\" content=\"https:\/\/dicodusport.fr\/blog\/pro-d2-2025-2026-j4-grenoble-prend-provisoirement-la-tete-du-championnat-en-dominant-nevers\/\" \/>\n<meta property=\"og:site_name\" content=\"Dicodusport\" \/>\n<meta property=\"article:publisher\" content=\"https:\/\/www.facebook.com\/dicodusport\" \/>\n<meta property=\"article:published_time\" content=\"2025-09-18T20:53:20+00:00\" \/>\n<meta property=\"og:image\" content=\"https:\/\/dicodusport.fr\/blog\/wp-content\/uploads\/2025\/09\/Pro-D2-20252026-J4-Grenoble-prend-provisoirement-la-tete-du-championnat-en-dominant-Nevers.png\" \/>\n\t<meta property=\"og:image:width\" content=\"1200\" \/>\n\t<meta property=\"og:image:height\" content=\"674\" \/>\n\t<meta property=\"og:image:type\" content=\"image\/png\" \/>\n<meta name=\"author\" content=\"Maxime Cazenave\" \/>\n<meta name=\"twitter:card\" content=\"summary_large_image\" \/>\n<meta name=\"twitter:title\" content=\"Pro D2 2025\/2026 (J4) : Grenoble prend provisoirement la t\u00eate du championnat en dominant Nevers\" \/>\n<meta name=\"twitter:creator\" content=\"@https:\/\/twitter.com\/Maxime_Caze\" \/>\n<meta name=\"twitter:site\" content=\"@dicodusport\" \/>\n<script type=\"application\/ld+json\" class=\"yoast-schema-graph\">{\"@context\":\"https:\/\/schema.org\",\"@graph\":[{\"@type\":\"NewsArticle\",\"@id\":\"https:\/\/dicodusport.fr\/blog\/pro-d2-2025-2026-j4-grenoble-prend-provisoirement-la-tete-du-championnat-en-dominant-nevers\/#article\",\"isPartOf\":{\"@id\":\"https:\/\/dicodusport.fr\/blog\/pro-d2-2025-2026-j4-grenoble-prend-provisoirement-la-tete-du-championnat-en-dominant-nevers\/\"},\"author\":{\"name\":\"Maxime Cazenave\",\"@id\":\"https:\/\/dicodusport.fr\/blog\/#\/schema\/person\/37def232098a7a5cbab3974a3690abb0\"},\"headline\":\"Pro D2 2025\/2026 (J4) : Grenoble prend provisoirement la t\u00eate du championnat en dominant Nevers\",\"datePublished\":\"2025-09-18T20:53:20+00:00\",\"mainEntityOfPage\":{\"@id\":\"https:\/\/dicodusport.fr\/blog\/pro-d2-2025-2026-j4-grenoble-prend-provisoirement-la-tete-du-championnat-en-dominant-nevers\/\"},\"wordCount\":764,\"commentCount\":0,\"publisher\":{\"@id\":\"https:\/\/dicodusport.fr\/blog\/#organization\"},\"image\":{\"@id\":\"https:\/\/dicodusport.fr\/blog\/pro-d2-2025-2026-j4-grenoble-prend-provisoirement-la-tete-du-championnat-en-dominant-nevers\/#primaryimage\"},\"thumbnailUrl\":\"https:\/\/dicodusport.fr\/blog\/wp-content\/uploads\/2025\/09\/Pro-D2-20252026-J4-Grenoble-prend-provisoirement-la-tete-du-championnat-en-dominant-Nevers.png\",\"keywords\":[\"br\u00e8ve\",\"Grenoble\",\"Nevers\",\"Pro D2\"],\"articleSection\":[\"Pro D2\"],\"inLanguage\":\"fr-FR\",\"potentialAction\":[{\"@type\":\"CommentAction\",\"name\":\"Comment\",\"target\":[\"https:\/\/dicodusport.fr\/blog\/pro-d2-2025-2026-j4-grenoble-prend-provisoirement-la-tete-du-championnat-en-dominant-nevers\/#respond\"]}],\"copyrightYear\":\"2025\",\"copyrightHolder\":{\"@id\":\"https:\/\/dicodusport.fr\/blog\/#organization\"}},{\"@type\":\"WebPage\",\"@id\":\"https:\/\/dicodusport.fr\/blog\/pro-d2-2025-2026-j4-grenoble-prend-provisoirement-la-tete-du-championnat-en-dominant-nevers\/\",\"url\":\"https:\/\/dicodusport.fr\/blog\/pro-d2-2025-2026-j4-grenoble-prend-provisoirement-la-tete-du-championnat-en-dominant-nevers\/\",\"name\":\"Pro D2 2025\/2026 (J4) : Grenoble prend provisoirement la t\u00eate du championnat en dominant Nevers\",\"isPartOf\":{\"@id\":\"https:\/\/dicodusport.fr\/blog\/#website\"},\"primaryImageOfPage\":{\"@id\":\"https:\/\/dicodusport.fr\/blog\/pro-d2-2025-2026-j4-grenoble-prend-provisoirement-la-tete-du-championnat-en-dominant-nevers\/#primaryimage\"},\"image\":{\"@id\":\"https:\/\/dicodusport.fr\/blog\/pro-d2-2025-2026-j4-grenoble-prend-provisoirement-la-tete-du-championnat-en-dominant-nevers\/#primaryimage\"},\"thumbnailUrl\":\"https:\/\/dicodusport.fr\/blog\/wp-content\/uploads\/2025\/09\/Pro-D2-20252026-J4-Grenoble-prend-provisoirement-la-tete-du-championnat-en-dominant-Nevers.png\",\"datePublished\":\"2025-09-18T20:53:20+00:00\",\"description\":\"PRO D2 2025\/2026 - Grenoble s'est provisoirement empar\u00e9 de la t\u00eate de la Pro D2 en s'imposant face \u00e0 Nevers ce jeudi, 20-17.\",\"breadcrumb\":{\"@id\":\"https:\/\/dicodusport.fr\/blog\/pro-d2-2025-2026-j4-grenoble-prend-provisoirement-la-tete-du-championnat-en-dominant-nevers\/#breadcrumb\"},\"inLanguage\":\"fr-FR\",\"potentialAction\":[{\"@type\":\"ReadAction\",\"target\":[\"https:\/\/dicodusport.fr\/blog\/pro-d2-2025-2026-j4-grenoble-prend-provisoirement-la-tete-du-championnat-en-dominant-nevers\/\"]}]},{\"@type\":\"ImageObject\",\"inLanguage\":\"fr-FR\",\"@id\":\"https:\/\/dicodusport.fr\/blog\/pro-d2-2025-2026-j4-grenoble-prend-provisoirement-la-tete-du-championnat-en-dominant-nevers\/#primaryimage\",\"url\":\"https:\/\/dicodusport.fr\/blog\/wp-content\/uploads\/2025\/09\/Pro-D2-20252026-J4-Grenoble-prend-provisoirement-la-tete-du-championnat-en-dominant-Nevers.png\",\"contentUrl\":\"https:\/\/dicodusport.fr\/blog\/wp-content\/uploads\/2025\/09\/Pro-D2-20252026-J4-Grenoble-prend-provisoirement-la-tete-du-championnat-en-dominant-Nevers.png\",\"width\":1200,\"height\":674,\"caption\":\"Pro D2 2025\/2026 (J4) : Grenoble prend provisoirement la t\u00eate du championnat en dominant Nevers\"},{\"@type\":\"BreadcrumbList\",\"@id\":\"https:\/\/dicodusport.fr\/blog\/pro-d2-2025-2026-j4-grenoble-prend-provisoirement-la-tete-du-championnat-en-dominant-nevers\/#breadcrumb\",\"itemListElement\":[{\"@type\":\"ListItem\",\"position\":1,\"name\":\"Accueil\",\"item\":\"https:\/\/dicodusport.fr\/blog\/\"},{\"@type\":\"ListItem\",\"position\":2,\"name\":\"Pro D2 2025\/2026 (J4) : Grenoble prend provisoirement la t\u00eate du championnat en dominant Nevers\"}]},{\"@type\":\"WebSite\",\"@id\":\"https:\/\/dicodusport.fr\/blog\/#website\",\"url\":\"https:\/\/dicodusport.fr\/blog\/\",\"name\":\"Dicodusport\",\"description\":\"L&#039;encyclop\u00e9die de l&#039;actualit\u00e9 sportive\",\"publisher\":{\"@id\":\"https:\/\/dicodusport.fr\/blog\/#organization\"},\"potentialAction\":[{\"@type\":\"SearchAction\",\"target\":{\"@type\":\"EntryPoint\",\"urlTemplate\":\"https:\/\/dicodusport.fr\/blog\/?s={search_term_string}\"},\"query-input\":{\"@type\":\"PropertyValueSpecification\",\"valueRequired\":true,\"valueName\":\"search_term_string\"}}],\"inLanguage\":\"fr-FR\"},{\"@type\":\"NewsMediaOrganization\",\"@id\":\"https:\/\/dicodusport.fr\/blog\/#organization\",\"name\":\"Dicodusport\",\"url\":\"https:\/\/dicodusport.fr\/blog\/\",\"logo\":{\"@type\":\"ImageObject\",\"inLanguage\":\"fr-FR\",\"@id\":\"https:\/\/dicodusport.fr\/blog\/#\/schema\/logo\/image\/\",\"url\":\"https:\/\/dicodusport.fr\/blog\/wp-content\/uploads\/2020\/06\/cropped-LOGO-DICODUSPORT-2020-SANS-FOND-SANS-TEXTE.png\",\"contentUrl\":\"https:\/\/dicodusport.fr\/blog\/wp-content\/uploads\/2020\/06\/cropped-LOGO-DICODUSPORT-2020-SANS-FOND-SANS-TEXTE.png\",\"width\":512,\"height\":512,\"caption\":\"Dicodusport\"},\"image\":{\"@id\":\"https:\/\/dicodusport.fr\/blog\/#\/schema\/logo\/image\/\"},\"sameAs\":[\"https:\/\/www.facebook.com\/dicodusport\",\"https:\/\/x.com\/dicodusport\",\"https:\/\/www.instagram.com\/dicodusport\/\",\"https:\/\/www.youtube.com\/channel\/UC7V2KZ5sd3htJivAbA4ZG3w\"],\"description\":\"Dicodusport est l'encyclop\u00e9die de l'actualit\u00e9 sportive.\",\"email\":\"bonjour@dicodusport.fr\",\"legalName\":\"DICODUSPORT\",\"foundingDate\":\"2018-01-14\",\"vatID\":\"FR71834470973\",\"taxID\":\"83447097300043\",\"numberOfEmployees\":{\"@type\":\"QuantitativeValue\",\"minValue\":\"1\",\"maxValue\":\"10\"}},{\"@type\":\"Person\",\"@id\":\"https:\/\/dicodusport.fr\/blog\/#\/schema\/person\/37def232098a7a5cbab3974a3690abb0\",\"name\":\"Maxime Cazenave\",\"image\":{\"@type\":\"ImageObject\",\"inLanguage\":\"fr-FR\",\"@id\":\"https:\/\/dicodusport.fr\/blog\/#\/schema\/person\/image\/\",\"url\":\"https:\/\/dicodusport.fr\/blog\/wp-content\/uploads\/2021\/05\/Maxime-Cazenave-150x150.jpg\",\"contentUrl\":\"https:\/\/dicodusport.fr\/blog\/wp-content\/uploads\/2021\/05\/Maxime-Cazenave-150x150.jpg\",\"caption\":\"Maxime Cazenave\"},\"description\":\"Journaliste\/R\u00e9dacteur depuis 2012 - Berc\u00e9 par l\u2019amour des Girondins de Bordeaux, les \u00e9checs de Christophe Moreau sur le Tour de France sous l'\u00e8re Lance Armstrong et le fade-away l\u00e9tal de Dirk Nowitzki, ma passion d\u00e9vorante pour le sport a toujours \u00e9t\u00e9 un pan incontournable de ma vie. Transmettre ma passion \u00e0 l\u2019\u00e9crit a \u00e9t\u00e9 une transition naturelle. Suiveur assidu de basket et de hockey sur glace, je garde toujours un peu de place pour suivre le cyclisme, le football et le maximum de performances fran\u00e7aises.\",\"sameAs\":[\"https:\/\/x.com\/https:\/\/twitter.com\/Maxime_Caze\"],\"url\":\"https:\/\/dicodusport.fr\/blog\/author\/maximec\/\"}]}<\/script>\n<!-- \/ Yoast SEO Premium plugin. -->","yoast_head_json":{"title":"Pro D2 2025\/2026 (J4) : Grenoble prend provisoirement la t\u00eate du championnat en dominant Nevers","description":"PRO D2 2025\/2026 - Grenoble s'est provisoirement empar\u00e9 de la t\u00eate de la Pro D2 en s'imposant face \u00e0 Nevers ce jeudi, 20-17.","robots":{"index":"index","follow":"follow","max-snippet":"max-snippet:-1","max-image-preview":"max-image-preview:large","max-video-preview":"max-video-preview:-1"},"canonical":"https:\/\/dicodusport.fr\/blog\/pro-d2-2025-2026-j4-grenoble-prend-provisoirement-la-tete-du-championnat-en-dominant-nevers\/","og_locale":"fr_FR","og_type":"article","og_title":"Pro D2 2025\/2026 (J4) : Grenoble prend provisoirement la t\u00eate du championnat en dominant Nevers","og_description":"PRO D2 2025\/2026 - Grenoble s'est provisoirement empar\u00e9 de la t\u00eate de la Pro D2 en s'imposant face \u00e0 Nevers ce jeudi, 20-17.","og_url":"https:\/\/dicodusport.fr\/blog\/pro-d2-2025-2026-j4-grenoble-prend-provisoirement-la-tete-du-championnat-en-dominant-nevers\/","og_site_name":"Dicodusport","article_publisher":"https:\/\/www.facebook.com\/dicodusport","article_published_time":"2025-09-18T20:53:20+00:00","og_image":[{"width":1200,"height":674,"url":"https:\/\/dicodusport.fr\/blog\/wp-content\/uploads\/2025\/09\/Pro-D2-20252026-J4-Grenoble-prend-provisoirement-la-tete-du-championnat-en-dominant-Nevers.png","type":"image\/png"}],"author":"Maxime Cazenave","twitter_card":"summary_large_image","twitter_title":"Pro D2 2025\/2026 (J4) : Grenoble prend provisoirement la t\u00eate du championnat en dominant Nevers","twitter_creator":"@https:\/\/twitter.com\/Maxime_Caze","twitter_site":"@dicodusport","schema":{"@context":"https:\/\/schema.org","@graph":[{"@type":"NewsArticle","@id":"https:\/\/dicodusport.fr\/blog\/pro-d2-2025-2026-j4-grenoble-prend-provisoirement-la-tete-du-championnat-en-dominant-nevers\/#article","isPartOf":{"@id":"https:\/\/dicodusport.fr\/blog\/pro-d2-2025-2026-j4-grenoble-prend-provisoirement-la-tete-du-championnat-en-dominant-nevers\/"},"author":{"name":"Maxime Cazenave","@id":"https:\/\/dicodusport.fr\/blog\/#\/schema\/person\/37def232098a7a5cbab3974a3690abb0"},"headline":"Pro D2 2025\/2026 (J4) : Grenoble prend provisoirement la t\u00eate du championnat en dominant Nevers","datePublished":"2025-09-18T20:53:20+00:00","mainEntityOfPage":{"@id":"https:\/\/dicodusport.fr\/blog\/pro-d2-2025-2026-j4-grenoble-prend-provisoirement-la-tete-du-championnat-en-dominant-nevers\/"},"wordCount":764,"commentCount":0,"publisher":{"@id":"https:\/\/dicodusport.fr\/blog\/#organization"},"image":{"@id":"https:\/\/dicodusport.fr\/blog\/pro-d2-2025-2026-j4-grenoble-prend-provisoirement-la-tete-du-championnat-en-dominant-nevers\/#primaryimage"},"thumbnailUrl":"https:\/\/dicodusport.fr\/blog\/wp-content\/uploads\/2025\/09\/Pro-D2-20252026-J4-Grenoble-prend-provisoirement-la-tete-du-championnat-en-dominant-Nevers.png","keywords":["br\u00e8ve","Grenoble","Nevers","Pro D2"],"articleSection":["Pro D2"],"inLanguage":"fr-FR","potentialAction":[{"@type":"CommentAction","name":"Comment","target":["https:\/\/dicodusport.fr\/blog\/pro-d2-2025-2026-j4-grenoble-prend-provisoirement-la-tete-du-championnat-en-dominant-nevers\/#respond"]}],"copyrightYear":"2025","copyrightHolder":{"@id":"https:\/\/dicodusport.fr\/blog\/#organization"}},{"@type":"WebPage","@id":"https:\/\/dicodusport.fr\/blog\/pro-d2-2025-2026-j4-grenoble-prend-provisoirement-la-tete-du-championnat-en-dominant-nevers\/","url":"https:\/\/dicodusport.fr\/blog\/pro-d2-2025-2026-j4-grenoble-prend-provisoirement-la-tete-du-championnat-en-dominant-nevers\/","name":"Pro D2 2025\/2026 (J4) : Grenoble prend provisoirement la t\u00eate du championnat en dominant Nevers","isPartOf":{"@id":"https:\/\/dicodusport.fr\/blog\/#website"},"primaryImageOfPage":{"@id":"https:\/\/dicodusport.fr\/blog\/pro-d2-2025-2026-j4-grenoble-prend-provisoirement-la-tete-du-championnat-en-dominant-nevers\/#primaryimage"},"image":{"@id":"https:\/\/dicodusport.fr\/blog\/pro-d2-2025-2026-j4-grenoble-prend-provisoirement-la-tete-du-championnat-en-dominant-nevers\/#primaryimage"},"thumbnailUrl":"https:\/\/dicodusport.fr\/blog\/wp-content\/uploads\/2025\/09\/Pro-D2-20252026-J4-Grenoble-prend-provisoirement-la-tete-du-championnat-en-dominant-Nevers.png","datePublished":"2025-09-18T20:53:20+00:00","description":"PRO D2 2025\/2026 - Grenoble s'est provisoirement empar\u00e9 de la t\u00eate de la Pro D2 en s'imposant face \u00e0 Nevers ce jeudi, 20-17.","breadcrumb":{"@id":"https:\/\/dicodusport.fr\/blog\/pro-d2-2025-2026-j4-grenoble-prend-provisoirement-la-tete-du-championnat-en-dominant-nevers\/#breadcrumb"},"inLanguage":"fr-FR","potentialAction":[{"@type":"ReadAction","target":["https:\/\/dicodusport.fr\/blog\/pro-d2-2025-2026-j4-grenoble-prend-provisoirement-la-tete-du-championnat-en-dominant-nevers\/"]}]},{"@type":"ImageObject","inLanguage":"fr-FR","@id":"https:\/\/dicodusport.fr\/blog\/pro-d2-2025-2026-j4-grenoble-prend-provisoirement-la-tete-du-championnat-en-dominant-nevers\/#primaryimage","url":"https:\/\/dicodusport.fr\/blog\/wp-content\/uploads\/2025\/09\/Pro-D2-20252026-J4-Grenoble-prend-provisoirement-la-tete-du-championnat-en-dominant-Nevers.png","contentUrl":"https:\/\/dicodusport.fr\/blog\/wp-content\/uploads\/2025\/09\/Pro-D2-20252026-J4-Grenoble-prend-provisoirement-la-tete-du-championnat-en-dominant-Nevers.png","width":1200,"height":674,"caption":"Pro D2 2025\/2026 (J4) : Grenoble prend provisoirement la t\u00eate du championnat en dominant Nevers"},{"@type":"BreadcrumbList","@id":"https:\/\/dicodusport.fr\/blog\/pro-d2-2025-2026-j4-grenoble-prend-provisoirement-la-tete-du-championnat-en-dominant-nevers\/#breadcrumb","itemListElement":[{"@type":"ListItem","position":1,"name":"Accueil","item":"https:\/\/dicodusport.fr\/blog\/"},{"@type":"ListItem","position":2,"name":"Pro D2 2025\/2026 (J4) : Grenoble prend provisoirement la t\u00eate du championnat en dominant Nevers"}]},{"@type":"WebSite","@id":"https:\/\/dicodusport.fr\/blog\/#website","url":"https:\/\/dicodusport.fr\/blog\/","name":"Dicodusport","description":"L&#039;encyclop\u00e9die de l&#039;actualit\u00e9 sportive","publisher":{"@id":"https:\/\/dicodusport.fr\/blog\/#organization"},"potentialAction":[{"@type":"SearchAction","target":{"@type":"EntryPoint","urlTemplate":"https:\/\/dicodusport.fr\/blog\/?s={search_term_string}"},"query-input":{"@type":"PropertyValueSpecification","valueRequired":true,"valueName":"search_term_string"}}],"inLanguage":"fr-FR"},{"@type":"NewsMediaOrganization","@id":"https:\/\/dicodusport.fr\/blog\/#organization","name":"Dicodusport","url":"https:\/\/dicodusport.fr\/blog\/","logo":{"@type":"ImageObject","inLanguage":"fr-FR","@id":"https:\/\/dicodusport.fr\/blog\/#\/schema\/logo\/image\/","url":"https:\/\/dicodusport.fr\/blog\/wp-content\/uploads\/2020\/06\/cropped-LOGO-DICODUSPORT-2020-SANS-FOND-SANS-TEXTE.png","contentUrl":"https:\/\/dicodusport.fr\/blog\/wp-content\/uploads\/2020\/06\/cropped-LOGO-DICODUSPORT-2020-SANS-FOND-SANS-TEXTE.png","width":512,"height":512,"caption":"Dicodusport"},"image":{"@id":"https:\/\/dicodusport.fr\/blog\/#\/schema\/logo\/image\/"},"sameAs":["https:\/\/www.facebook.com\/dicodusport","https:\/\/x.com\/dicodusport","https:\/\/www.instagram.com\/dicodusport\/","https:\/\/www.youtube.com\/channel\/UC7V2KZ5sd3htJivAbA4ZG3w"],"description":"Dicodusport est l'encyclop\u00e9die de l'actualit\u00e9 sportive.","email":"bonjour@dicodusport.fr","legalName":"DICODUSPORT","foundingDate":"2018-01-14","vatID":"FR71834470973","taxID":"83447097300043","numberOfEmployees":{"@type":"QuantitativeValue","minValue":"1","maxValue":"10"}},{"@type":"Person","@id":"https:\/\/dicodusport.fr\/blog\/#\/schema\/person\/37def232098a7a5cbab3974a3690abb0","name":"Maxime Cazenave","image":{"@type":"ImageObject","inLanguage":"fr-FR","@id":"https:\/\/dicodusport.fr\/blog\/#\/schema\/person\/image\/","url":"https:\/\/dicodusport.fr\/blog\/wp-content\/uploads\/2021\/05\/Maxime-Cazenave-150x150.jpg","contentUrl":"https:\/\/dicodusport.fr\/blog\/wp-content\/uploads\/2021\/05\/Maxime-Cazenave-150x150.jpg","caption":"Maxime Cazenave"},"description":"Journaliste\/R\u00e9dacteur depuis 2012 - Berc\u00e9 par l\u2019amour des Girondins de Bordeaux, les \u00e9checs de Christophe Moreau sur le Tour de France sous l'\u00e8re Lance Armstrong et le fade-away l\u00e9tal de Dirk Nowitzki, ma passion d\u00e9vorante pour le sport a toujours \u00e9t\u00e9 un pan incontournable de ma vie. Transmettre ma passion \u00e0 l\u2019\u00e9crit a \u00e9t\u00e9 une transition naturelle. Suiveur assidu de basket et de hockey sur glace, je garde toujours un peu de place pour suivre le cyclisme, le football et le maximum de performances fran\u00e7aises.","sameAs":["https:\/\/x.com\/https:\/\/twitter.com\/Maxime_Caze"],"url":"https:\/\/dicodusport.fr\/blog\/author\/maximec\/"}]}},"_links":{"self":[{"href":"https:\/\/dicodusport.fr\/blog\/wp-json\/wp\/v2\/posts\/612396","targetHints":{"allow":["GET"]}}],"collection":[{"href":"https:\/\/dicodusport.fr\/blog\/wp-json\/wp\/v2\/posts"}],"about":[{"href":"https:\/\/dicodusport.fr\/blog\/wp-json\/wp\/v2\/types\/post"}],"author":[{"embeddable":true,"href":"https:\/\/dicodusport.fr\/blog\/wp-json\/wp\/v2\/users\/55"}],"replies":[{"embeddable":true,"href":"https:\/\/dicodusport.fr\/blog\/wp-json\/wp\/v2\/comments?post=612396"}],"version-history":[{"count":5,"href":"https:\/\/dicodusport.fr\/blog\/wp-json\/wp\/v2\/posts\/612396\/revisions"}],"predecessor-version":[{"id":612455,"href":"https:\/\/dicodusport.fr\/blog\/wp-json\/wp\/v2\/posts\/612396\/revisions\/612455"}],"wp:featuredmedia":[{"embeddable":true,"href":"https:\/\/dicodusport.fr\/blog\/wp-json\/wp\/v2\/media\/612452"}],"wp:attachment":[{"href":"https:\/\/dicodusport.fr\/blog\/wp-json\/wp\/v2\/media?parent=612396"}],"wp:term":[{"taxonomy":"category","embeddable":true,"href":"https:\/\/dicodusport.fr\/blog\/wp-json\/wp\/v2\/categories?post=612396"},{"taxonomy":"post_tag","embeddable":true,"href":"https:\/\/dicodusport.fr\/blog\/wp-json\/wp\/v2\/tags?post=612396"}],"curies":[{"name":"wp","href":"https:\/\/api.w.org\/{rel}","templated":true}]}}