{"id":612478,"date":"2025-09-19T12:00:04","date_gmt":"2025-09-19T10:00:04","guid":{"rendered":"https:\/\/dicodusport.fr\/blog\/?p=612478&#038;preview=true&#038;preview_id=612478"},"modified":"2025-09-19T08:48:31","modified_gmt":"2025-09-19T06:48:31","slug":"monaco-metz-chaine-tv-compositions-heure-et-cotes-ligue-1-2025-2026","status":"publish","type":"post","link":"https:\/\/dicodusport.fr\/blog\/monaco-metz-chaine-tv-compositions-heure-et-cotes-ligue-1-2025-2026\/","title":{"rendered":"Monaco-Metz : Cha\u00eene TV, Compositions, Heure et Cotes"},"content":{"rendered":"<p style=\"text-align: justify;\"><strong><em>LIGUE 1 2025-2026 &#8211; <\/em><em>\u00c0 quelle heure et sur quelle cha\u00eene TV suivre le match de Ligue 1 entre l&rsquo;AS Monaco et FC Metz ? Retrouvez \u00e9galement les compositions des deux \u00e9quipes<\/em><em>.<\/em><\/strong><\/p>\n<p style=\"text-align: justify;\">La rencontre entre l&rsquo;<a href=\"https:\/\/dicodusport.fr\/blog\/mercato-asm-2025-2026-le-tableau-complet-des-transferts-arrivees-et-departs\/\"><strong>AS Monaco<\/strong><\/a> et le <a href=\"https:\/\/dicodusport.fr\/blog\/mercato-metz-2025-2026-le-tableau-complet-des-transferts-arrivees-et-departs\/\"><b>FC Metz<\/b><\/a>, comptant pour la cinqui\u00e8me journ\u00e9e de Ligue 1 2025\/2026, aura lieu dimanche 21 septembre, \u00e0 17h15, au Stade Louis II de Monaco.<\/p>\n<ul style=\"text-align: justify;\">\n<li style=\"text-align: justify;\"><strong>\u00c0 ce sujet &#8211; <a href=\"https:\/\/dicodusport.fr\/blog\/classement-ligue-1-2025-2026\/\">Classement Ligue 1 2025-2026<\/a><\/strong><\/li>\n<\/ul>\n<h2 style=\"text-align: justify;\">Rebond attendu \u00e0 Monaco<\/h2>\n<p style=\"text-align: justify;\">La saison avait bien commenc\u00e9 pour <strong>Monaco.<\/strong> Trois victoires pour une d\u00e9faite, et les Mon\u00e9gasques s&rsquo;\u00e9taient d\u00e9j\u00e0 install\u00e9s dans le haut de tableau en Ligue 1. Mais elle a subi un premier coup d&rsquo;arr\u00eat ce jeudi soir, et non des moindres. En effet, l&rsquo;ASM, pour son entr\u00e9e en lice en Ligue des champions, s&rsquo;est lourdement inclin\u00e9e sur la pelouse de Bruges. Si rien n&rsquo;est perdu pour la qualification, puisqu&rsquo;il reste sept matchs, le r\u00e9sultat et la mani\u00e8re font franchement d\u00e9sordre, m\u00eame si les d\u00e9buts d&rsquo;<strong>Ansu Fati<\/strong>, buteur en Belgique, sont une bonne nouvelle.<\/p>\n<div class=\"vlp-link-container vlp-layout-article\"><a href=\"https:\/\/dicodusport.fr\/blog\/ligue-des-champions-2025-2026-j1-en-plein-naufrage-collectif-monaco-sombre-a-bruges\/\" class=\"vlp-link\" title=\"Ligue des Champions 2025-2026 (J1) : En plein naufrage collectif, Monaco sombre \u00e0 Bruges\"><\/a><div class=\"vlp-layout-zone-side\"><div class=\"vlp-block-4 vlp-link-image\"><img loading=\"lazy\" decoding=\"async\" style=\"max-width: 792px;\" width=\"792\" height=\"445\" src=\"https:\/\/dicodusport.fr\/blog\/wp-content\/uploads\/2025\/09\/Ligue-des-Champions-2025-2026-J1-En-plein-naufrage-collectif-Monaco-sombre-a-Bruges.png\" class=\"attachment-800x445 size-800x445\" alt=\"Ligue des Champions 2025-2026 (J1) : En plein naufrage collectif, Monaco sombre \u00e0 Bruges\" srcset=\"https:\/\/dicodusport.fr\/blog\/wp-content\/uploads\/2025\/09\/Ligue-des-Champions-2025-2026-J1-En-plein-naufrage-collectif-Monaco-sombre-a-Bruges.png 1200w, https:\/\/dicodusport.fr\/blog\/wp-content\/uploads\/2025\/09\/Ligue-des-Champions-2025-2026-J1-En-plein-naufrage-collectif-Monaco-sombre-a-Bruges-300x169.png 300w, https:\/\/dicodusport.fr\/blog\/wp-content\/uploads\/2025\/09\/Ligue-des-Champions-2025-2026-J1-En-plein-naufrage-collectif-Monaco-sombre-a-Bruges-1024x575.png 1024w, https:\/\/dicodusport.fr\/blog\/wp-content\/uploads\/2025\/09\/Ligue-des-Champions-2025-2026-J1-En-plein-naufrage-collectif-Monaco-sombre-a-Bruges-768x431.png 768w\" sizes=\"auto, (max-width: 792px) 100vw, 792px\" \/><\/div><\/div><div class=\"vlp-layout-zone-main\"><div class=\"vlp-block-0 vlp-link-title\">Ligue des Champions 2025-2026 (J1) : En plein naufrage collectif, Monaco sombre \u00e0 Bruges<\/div><div class=\"vlp-block-1 vlp-link-summary\">LIGUE DES CHAMPIONS 2025-2026 - L'AS Monaco a pris une claque pour son entr\u00e9e en lice en \u00e9tant s\u00e8chement battue sur la pelouse du Club Bruges, 4-1. Apathique, le d\u00e9faillant collectif mon\u00e9gasque a pris une v\u00e9ritable le\u00e7on face \u00e0 une machine bien huil\u00e9e.<\/div><div class=\"vlp-block-2 vlp-link-button\">Lire l'article<\/div><div class=\"vlp-block-3 vlp-link-url\">dicodusport.fr<\/div><\/div><\/div>\n<p style=\"text-align: justify;\">N\u00e9anmoins, Monaco peut rebondir d\u00e8s ce dimanche en Principaut\u00e9. <strong>Metz<\/strong> va venir rendre visite aux Rouge et Blanc en position de lanterne rouge, apr\u00e8s trois d\u00e9faites inaugurales, et un nul contre Angers samedi dernier. Avec en prime des regrets, puisque les Lorrains ont conc\u00e9d\u00e9 le p\u00e9nalty de l&rsquo;\u00e9galisation \u00e0 la derni\u00e8re minute. Les Grenats semblent donc partis pour une saison gal\u00e8re \u00e0 lutter pour leur survie, mais peut-\u00eatre pourront-ils profiter de l&rsquo;onde de choc cr\u00e9\u00e9e par la d\u00e9faite mon\u00e9gasque en Belgique pour tenter un coup.<\/p>\n<p style=\"text-align: justify;\">Les deux \u00e9quipes se sont crois\u00e9es pour la derni\u00e8re fois lors de la saison 2023\/2024, Monaco s&rsquo;imposant <strong>2-1<\/strong> en Principaut\u00e9 avant de survoler le match retour avec une victoire <strong>2-5<\/strong> en Lorraine, <strong>Folarin Balogun<\/strong> inscrivant notamment un doubl\u00e9. Chez les bookmakers, les Mon\u00e9gasques sont logiquement favoris de leur rencontre.<\/p>\n<h2 style=\"text-align: justify;\">Ligue 1 : Le programme TV de Monaco &#8211; Metz<\/h2>\n<h3 style=\"text-align: justify;\">Dimanche 21 septembre 2025<\/h3>\n<p style=\"text-align: justify;\"><b>Match diffus\u00e9 sur Ligue 1+<\/b><b>\u00a0: <\/b>D\u00e9but du match \u00e0<strong> 17h15.<\/strong><\/p>\n<h2 style=\"text-align: justify;\">Les compositions probables de Monaco &#8211; Metz<\/h2>\n<h3 style=\"text-align: justify;\">La composition de Monaco<\/h3>\n<p style=\"text-align: justify;\">\u00c0 venir<\/p>\n<h3 style=\"text-align: justify;\">La composition de Metz<\/h3>\n<p style=\"text-align: justify;\">\u00c0 venir<\/p>\n<h2 style=\"text-align: justify;\">Les cotes de Monaco &#8211; Metz<\/h2>\n<table style=\"width: 840px;\">\n<tbody>\n<tr style=\"height: 16px;\">\n<td style=\"background-color: #404040; border-color: #ededed; width: 840px; text-align: left;\" colspan=\"3\"><strong><span style=\"font-size: 12px; color: #ffffff;\"><img loading=\"lazy\" decoding=\"async\" class=\"alignnone wp-image-512842\" src=\"https:\/\/dicodusport.fr\/blog\/wp-content\/uploads\/2024\/08\/Logo-Winamax.png\" alt=\"\" width=\"14\" height=\"13\" srcset=\"https:\/\/dicodusport.fr\/blog\/wp-content\/uploads\/2024\/08\/Logo-Winamax.png 290w, https:\/\/dicodusport.fr\/blog\/wp-content\/uploads\/2024\/08\/Logo-Winamax-150x150.png 150w, https:\/\/dicodusport.fr\/blog\/wp-content\/uploads\/2024\/08\/Logo-Winamax-80x80.png 80w\" sizes=\"auto, (max-width: 14px) 100vw, 14px\" \/> Dimanche 21 septembre, 17h15<\/span><\/strong><\/td>\n<\/tr>\n<tr style=\"height: 24px;\">\n<td style=\"background-color: #ffffff; border-color: #ededed; vertical-align: middle; text-align: center; width: 266px;\"><span style=\"font-size: 10px;\"><span style=\"font-size: 14px;\"><strong>Monaco<br \/>\n<\/strong><\/span><\/span><span style=\"font-size: 10px;\"><a href=\"https:\/\/www.winamax.fr\/paris-sportifs\/match\/61526058?banid=33423\" class=\"su-button su-button-style-flat su-button-wide\" style=\"color:#fff;background-color:#0860ff;border-color:#074dcc;border-radius:5px\" target=\"_blank\" rel=\"noopener noreferrer\"><span style=\"color:#fff;padding:0px 20px;font-size:16px;line-height:32px;border-color:#5390ff;border-radius:5px;text-shadow:none\"> 1.24<\/span><\/a><\/span><\/td>\n<td style=\"background-color: #ffffff; border-color: #ededed; vertical-align: middle; text-align: center; width: 266px;\"><span style=\"font-size: 10px;\"><span style=\"font-size: 14px;\"><strong>Match nul<\/strong><\/span><br \/>\n<a href=\"https:\/\/www.winamax.fr\/paris-sportifs\/match\/61526058?banid=33423\" class=\"su-button su-button-style-flat su-button-wide\" style=\"color:#fff;background-color:#0860ff;border-color:#074dcc;border-radius:5px\" target=\"_blank\" rel=\"noopener noreferrer\"><span style=\"color:#fff;padding:0px 20px;font-size:16px;line-height:32px;border-color:#5390ff;border-radius:5px;text-shadow:none\"> 6.00<\/span><\/a><\/span><\/td>\n<td style=\"background-color: #ffffff; border-color: #ededed; vertical-align: middle; text-align: center; width: 266px;\"><span style=\"font-size: 10px;\"><span style=\"font-size: 14px;\"><strong>Metz<\/strong><\/span><br \/>\n<a href=\"https:\/\/www.winamax.fr\/paris-sportifs\/match\/61526058?banid=33423\" class=\"su-button su-button-style-flat su-button-wide\" style=\"color:#fff;background-color:#0860ff;border-color:#074dcc;border-radius:5px\" target=\"_blank\" rel=\"noopener noreferrer\"><span style=\"color:#fff;padding:0px 20px;font-size:16px;line-height:32px;border-color:#5390ff;border-radius:5px;text-shadow:none\"> 8.50<\/span><\/a><\/span><\/td>\n<\/tr>\n<\/tbody>\n<\/table>\n<p style=\"text-align: justify;\">Tentez votre chance en profitant de votre <a href=\"https:\/\/www.winamax.fr\/registration\/landing\/affiliation_Bonus100?banid=33423\">1er d\u00e9p\u00f4t doubl\u00e9 jusqu&rsquo;\u00e0 100 \u20ac<\/a> direct en paris gratuits sur Winamax !<\/p>\n","protected":false},"excerpt":{"rendered":"<p>LIGUE 1 2025-2026 &#8211; \u00c0 quelle heure et sur quelle cha\u00eene TV suivre le match de Ligue 1 entre l&rsquo;AS Monaco et FC Metz ? Retrouvez \u00e9galement les compositions des deux \u00e9quipes.<\/p>\n","protected":false},"author":59,"featured_media":612480,"comment_status":"open","ping_status":"closed","sticky":false,"template":"","format":"standard","meta":{"_acf_changed":false,"_daextam_enable_autolinks":"1","footnotes":""},"categories":[44295,47045],"tags":[1691,16878,5587,75,1554,8799],"class_list":["post-612478","post","type-post","status-publish","format-standard","has-post-thumbnail","hentry","category-chaine-tv","category-ligue-1","tag-as-monaco","tag-breve","tag-fc-metz","tag-football","tag-ligue-1","tag-programme-tv"],"acf":[],"yoast_head":"<!-- This site is optimized with the Yoast SEO Premium plugin v26.7 (Yoast SEO v26.7) - https:\/\/yoast.com\/wordpress\/plugins\/seo\/ -->\n<title>Monaco-Metz : Cha\u00eene TV, Compositions, Heure et Cotes<\/title>\n<meta name=\"description\" content=\"LIGUE 1 2025-2026 - \u00c0 quelle heure et sur quelle cha\u00eene TV suivre le match de Ligue 1 entre l&#039;AS Monaco et FC Metz ? Retrouvez \u00e9galement les compositions des deux \u00e9quipes.\" \/>\n<meta name=\"robots\" content=\"index, follow, max-snippet:-1, max-image-preview:large, max-video-preview:-1\" \/>\n<link rel=\"canonical\" href=\"https:\/\/dicodusport.fr\/blog\/monaco-metz-chaine-tv-compositions-heure-et-cotes-ligue-1-2025-2026\/\" \/>\n<meta property=\"og:locale\" content=\"fr_FR\" \/>\n<meta property=\"og:type\" content=\"article\" \/>\n<meta property=\"og:title\" content=\"Monaco-Metz : Cha\u00eene TV, Compositions, Heure et Cotes\" \/>\n<meta property=\"og:description\" content=\"LIGUE 1 2025-2026 - \u00c0 quelle heure et sur quelle cha\u00eene TV suivre le match de Ligue 1 entre l&#039;AS Monaco et FC Metz ? Retrouvez \u00e9galement les compositions des deux \u00e9quipes.\" \/>\n<meta property=\"og:url\" content=\"https:\/\/dicodusport.fr\/blog\/monaco-metz-chaine-tv-compositions-heure-et-cotes-ligue-1-2025-2026\/\" \/>\n<meta property=\"og:site_name\" content=\"Dicodusport\" \/>\n<meta property=\"article:publisher\" content=\"https:\/\/www.facebook.com\/dicodusport\" \/>\n<meta property=\"article:author\" content=\"https:\/\/www.facebook.com\/sebastien.gente\/\" \/>\n<meta property=\"article:published_time\" content=\"2025-09-19T10:00:04+00:00\" \/>\n<meta property=\"og:image\" content=\"https:\/\/dicodusport.fr\/blog\/wp-content\/uploads\/2025\/09\/Monaco-Metz-Chaine-TV-Compositions-Heure-et-Cotes.png\" \/>\n\t<meta property=\"og:image:width\" content=\"1200\" \/>\n\t<meta property=\"og:image:height\" content=\"674\" \/>\n\t<meta property=\"og:image:type\" content=\"image\/png\" \/>\n<meta name=\"author\" content=\"S\u00e9bastien Gente\" \/>\n<meta name=\"twitter:card\" content=\"summary_large_image\" \/>\n<meta name=\"twitter:title\" content=\"Monaco-Metz : Cha\u00eene TV, Compositions, Heure et Cotes\" \/>\n<meta name=\"twitter:creator\" content=\"@https:\/\/twitter.com\/globulo24\" \/>\n<meta name=\"twitter:site\" content=\"@dicodusport\" \/>\n<script type=\"application\/ld+json\" class=\"yoast-schema-graph\">{\"@context\":\"https:\/\/schema.org\",\"@graph\":[{\"@type\":\"NewsArticle\",\"@id\":\"https:\/\/dicodusport.fr\/blog\/monaco-metz-chaine-tv-compositions-heure-et-cotes-ligue-1-2025-2026\/#article\",\"isPartOf\":{\"@id\":\"https:\/\/dicodusport.fr\/blog\/monaco-metz-chaine-tv-compositions-heure-et-cotes-ligue-1-2025-2026\/\"},\"author\":{\"name\":\"S\u00e9bastien Gente\",\"@id\":\"https:\/\/dicodusport.fr\/blog\/#\/schema\/person\/627966a6cde45dbd8c5e36ac85d783da\"},\"headline\":\"Monaco-Metz : Cha\u00eene TV, Compositions, Heure et Cotes\",\"datePublished\":\"2025-09-19T10:00:04+00:00\",\"mainEntityOfPage\":{\"@id\":\"https:\/\/dicodusport.fr\/blog\/monaco-metz-chaine-tv-compositions-heure-et-cotes-ligue-1-2025-2026\/\"},\"wordCount\":572,\"commentCount\":0,\"publisher\":{\"@id\":\"https:\/\/dicodusport.fr\/blog\/#organization\"},\"image\":{\"@id\":\"https:\/\/dicodusport.fr\/blog\/monaco-metz-chaine-tv-compositions-heure-et-cotes-ligue-1-2025-2026\/#primaryimage\"},\"thumbnailUrl\":\"https:\/\/dicodusport.fr\/blog\/wp-content\/uploads\/2025\/09\/Monaco-Metz-Chaine-TV-Compositions-Heure-et-Cotes.png\",\"keywords\":[\"AS Monaco\",\"br\u00e8ve\",\"FC Metz\",\"Football\",\"Ligue 1\",\"Programme TV\"],\"articleSection\":[\"Cha\u00eene TV\",\"Ligue 1\"],\"inLanguage\":\"fr-FR\",\"potentialAction\":[{\"@type\":\"CommentAction\",\"name\":\"Comment\",\"target\":[\"https:\/\/dicodusport.fr\/blog\/monaco-metz-chaine-tv-compositions-heure-et-cotes-ligue-1-2025-2026\/#respond\"]}],\"copyrightYear\":\"2025\",\"copyrightHolder\":{\"@id\":\"https:\/\/dicodusport.fr\/blog\/#organization\"}},{\"@type\":\"WebPage\",\"@id\":\"https:\/\/dicodusport.fr\/blog\/monaco-metz-chaine-tv-compositions-heure-et-cotes-ligue-1-2025-2026\/\",\"url\":\"https:\/\/dicodusport.fr\/blog\/monaco-metz-chaine-tv-compositions-heure-et-cotes-ligue-1-2025-2026\/\",\"name\":\"Monaco-Metz : Cha\u00eene TV, Compositions, Heure et Cotes\",\"isPartOf\":{\"@id\":\"https:\/\/dicodusport.fr\/blog\/#website\"},\"primaryImageOfPage\":{\"@id\":\"https:\/\/dicodusport.fr\/blog\/monaco-metz-chaine-tv-compositions-heure-et-cotes-ligue-1-2025-2026\/#primaryimage\"},\"image\":{\"@id\":\"https:\/\/dicodusport.fr\/blog\/monaco-metz-chaine-tv-compositions-heure-et-cotes-ligue-1-2025-2026\/#primaryimage\"},\"thumbnailUrl\":\"https:\/\/dicodusport.fr\/blog\/wp-content\/uploads\/2025\/09\/Monaco-Metz-Chaine-TV-Compositions-Heure-et-Cotes.png\",\"datePublished\":\"2025-09-19T10:00:04+00:00\",\"description\":\"LIGUE 1 2025-2026 - \u00c0 quelle heure et sur quelle cha\u00eene TV suivre le match de Ligue 1 entre l'AS Monaco et FC Metz ? Retrouvez \u00e9galement les compositions des deux \u00e9quipes.\",\"breadcrumb\":{\"@id\":\"https:\/\/dicodusport.fr\/blog\/monaco-metz-chaine-tv-compositions-heure-et-cotes-ligue-1-2025-2026\/#breadcrumb\"},\"inLanguage\":\"fr-FR\",\"potentialAction\":[{\"@type\":\"ReadAction\",\"target\":[\"https:\/\/dicodusport.fr\/blog\/monaco-metz-chaine-tv-compositions-heure-et-cotes-ligue-1-2025-2026\/\"]}]},{\"@type\":\"ImageObject\",\"inLanguage\":\"fr-FR\",\"@id\":\"https:\/\/dicodusport.fr\/blog\/monaco-metz-chaine-tv-compositions-heure-et-cotes-ligue-1-2025-2026\/#primaryimage\",\"url\":\"https:\/\/dicodusport.fr\/blog\/wp-content\/uploads\/2025\/09\/Monaco-Metz-Chaine-TV-Compositions-Heure-et-Cotes.png\",\"contentUrl\":\"https:\/\/dicodusport.fr\/blog\/wp-content\/uploads\/2025\/09\/Monaco-Metz-Chaine-TV-Compositions-Heure-et-Cotes.png\",\"width\":1200,\"height\":674,\"caption\":\"Monaco-Metz Cha\u00eene TV, Compositions, Heure et Cotes\"},{\"@type\":\"BreadcrumbList\",\"@id\":\"https:\/\/dicodusport.fr\/blog\/monaco-metz-chaine-tv-compositions-heure-et-cotes-ligue-1-2025-2026\/#breadcrumb\",\"itemListElement\":[{\"@type\":\"ListItem\",\"position\":1,\"name\":\"Accueil\",\"item\":\"https:\/\/dicodusport.fr\/blog\/\"},{\"@type\":\"ListItem\",\"position\":2,\"name\":\"Monaco-Metz : Cha\u00eene TV, Compositions, Heure et Cotes\"}]},{\"@type\":\"WebSite\",\"@id\":\"https:\/\/dicodusport.fr\/blog\/#website\",\"url\":\"https:\/\/dicodusport.fr\/blog\/\",\"name\":\"Dicodusport\",\"description\":\"L&#039;encyclop\u00e9die de l&#039;actualit\u00e9 sportive\",\"publisher\":{\"@id\":\"https:\/\/dicodusport.fr\/blog\/#organization\"},\"potentialAction\":[{\"@type\":\"SearchAction\",\"target\":{\"@type\":\"EntryPoint\",\"urlTemplate\":\"https:\/\/dicodusport.fr\/blog\/?s={search_term_string}\"},\"query-input\":{\"@type\":\"PropertyValueSpecification\",\"valueRequired\":true,\"valueName\":\"search_term_string\"}}],\"inLanguage\":\"fr-FR\"},{\"@type\":\"NewsMediaOrganization\",\"@id\":\"https:\/\/dicodusport.fr\/blog\/#organization\",\"name\":\"Dicodusport\",\"url\":\"https:\/\/dicodusport.fr\/blog\/\",\"logo\":{\"@type\":\"ImageObject\",\"inLanguage\":\"fr-FR\",\"@id\":\"https:\/\/dicodusport.fr\/blog\/#\/schema\/logo\/image\/\",\"url\":\"https:\/\/dicodusport.fr\/blog\/wp-content\/uploads\/2020\/06\/cropped-LOGO-DICODUSPORT-2020-SANS-FOND-SANS-TEXTE.png\",\"contentUrl\":\"https:\/\/dicodusport.fr\/blog\/wp-content\/uploads\/2020\/06\/cropped-LOGO-DICODUSPORT-2020-SANS-FOND-SANS-TEXTE.png\",\"width\":512,\"height\":512,\"caption\":\"Dicodusport\"},\"image\":{\"@id\":\"https:\/\/dicodusport.fr\/blog\/#\/schema\/logo\/image\/\"},\"sameAs\":[\"https:\/\/www.facebook.com\/dicodusport\",\"https:\/\/x.com\/dicodusport\",\"https:\/\/www.instagram.com\/dicodusport\/\",\"https:\/\/www.youtube.com\/channel\/UC7V2KZ5sd3htJivAbA4ZG3w\"],\"description\":\"Dicodusport est l'encyclop\u00e9die de l'actualit\u00e9 sportive.\",\"email\":\"bonjour@dicodusport.fr\",\"legalName\":\"DICODUSPORT\",\"foundingDate\":\"2018-01-14\",\"vatID\":\"FR71834470973\",\"taxID\":\"83447097300043\",\"numberOfEmployees\":{\"@type\":\"QuantitativeValue\",\"minValue\":\"1\",\"maxValue\":\"10\"}},{\"@type\":\"Person\",\"@id\":\"https:\/\/dicodusport.fr\/blog\/#\/schema\/person\/627966a6cde45dbd8c5e36ac85d783da\",\"name\":\"S\u00e9bastien Gente\",\"image\":{\"@type\":\"ImageObject\",\"inLanguage\":\"fr-FR\",\"@id\":\"https:\/\/dicodusport.fr\/blog\/#\/schema\/person\/image\/\",\"url\":\"https:\/\/dicodusport.fr\/blog\/wp-content\/uploads\/2021\/09\/1510990_10205810251400683_4124423575079401707_n-150x150.jpg\",\"contentUrl\":\"https:\/\/dicodusport.fr\/blog\/wp-content\/uploads\/2021\/09\/1510990_10205810251400683_4124423575079401707_n-150x150.jpg\",\"caption\":\"S\u00e9bastien Gente\"},\"description\":\"John Stockton, Gianni Bugno, Zinedine Zidane, Steffi Graf, Frode Andresen, St\u00e9phane Stoecklin, Davis Kamoga, Primoz Peterka, Werner Schlager et Aur\u00e9lien Rougerie. Point commun entre ces sportifs? Ils m'ont fait r\u00eaver et ont berc\u00e9 mon adolescence. Je suis un fondu de sports et j'essaie de retranscrire ma passion \u00e0 travers mes articles. Originaire du P\u00e9rigord, ma passion pour les Girondins, les Jaunards et les Jazzmen transpire dans mes \u00e9crits. \u00c0 Dicodusport depuis 2021, je d\u00e9niche les sports m\u00e9connus dans lesquels la France brille, et il y en a !\",\"sameAs\":[\"https:\/\/www.facebook.com\/sebastien.gente\/\",\"https:\/\/www.instagram.com\/sebgente\/\",\"https:\/\/www.linkedin.com\/in\/sbastien-gente-a29583169\/\",\"https:\/\/x.com\/https:\/\/twitter.com\/globulo24\",\"SebastienGente\"],\"worksFor\":\"S\u00e9bastien GENTE\",\"url\":\"https:\/\/dicodusport.fr\/blog\/author\/sebastiengente\/\"}]}<\/script>\n<!-- \/ Yoast SEO Premium plugin. -->","yoast_head_json":{"title":"Monaco-Metz : Cha\u00eene TV, Compositions, Heure et Cotes","description":"LIGUE 1 2025-2026 - \u00c0 quelle heure et sur quelle cha\u00eene TV suivre le match de Ligue 1 entre l'AS Monaco et FC Metz ? Retrouvez \u00e9galement les compositions des deux \u00e9quipes.","robots":{"index":"index","follow":"follow","max-snippet":"max-snippet:-1","max-image-preview":"max-image-preview:large","max-video-preview":"max-video-preview:-1"},"canonical":"https:\/\/dicodusport.fr\/blog\/monaco-metz-chaine-tv-compositions-heure-et-cotes-ligue-1-2025-2026\/","og_locale":"fr_FR","og_type":"article","og_title":"Monaco-Metz : Cha\u00eene TV, Compositions, Heure et Cotes","og_description":"LIGUE 1 2025-2026 - \u00c0 quelle heure et sur quelle cha\u00eene TV suivre le match de Ligue 1 entre l'AS Monaco et FC Metz ? Retrouvez \u00e9galement les compositions des deux \u00e9quipes.","og_url":"https:\/\/dicodusport.fr\/blog\/monaco-metz-chaine-tv-compositions-heure-et-cotes-ligue-1-2025-2026\/","og_site_name":"Dicodusport","article_publisher":"https:\/\/www.facebook.com\/dicodusport","article_author":"https:\/\/www.facebook.com\/sebastien.gente\/","article_published_time":"2025-09-19T10:00:04+00:00","og_image":[{"width":1200,"height":674,"url":"https:\/\/dicodusport.fr\/blog\/wp-content\/uploads\/2025\/09\/Monaco-Metz-Chaine-TV-Compositions-Heure-et-Cotes.png","type":"image\/png"}],"author":"S\u00e9bastien Gente","twitter_card":"summary_large_image","twitter_title":"Monaco-Metz : Cha\u00eene TV, Compositions, Heure et Cotes","twitter_creator":"@https:\/\/twitter.com\/globulo24","twitter_site":"@dicodusport","schema":{"@context":"https:\/\/schema.org","@graph":[{"@type":"NewsArticle","@id":"https:\/\/dicodusport.fr\/blog\/monaco-metz-chaine-tv-compositions-heure-et-cotes-ligue-1-2025-2026\/#article","isPartOf":{"@id":"https:\/\/dicodusport.fr\/blog\/monaco-metz-chaine-tv-compositions-heure-et-cotes-ligue-1-2025-2026\/"},"author":{"name":"S\u00e9bastien Gente","@id":"https:\/\/dicodusport.fr\/blog\/#\/schema\/person\/627966a6cde45dbd8c5e36ac85d783da"},"headline":"Monaco-Metz : Cha\u00eene TV, Compositions, Heure et Cotes","datePublished":"2025-09-19T10:00:04+00:00","mainEntityOfPage":{"@id":"https:\/\/dicodusport.fr\/blog\/monaco-metz-chaine-tv-compositions-heure-et-cotes-ligue-1-2025-2026\/"},"wordCount":572,"commentCount":0,"publisher":{"@id":"https:\/\/dicodusport.fr\/blog\/#organization"},"image":{"@id":"https:\/\/dicodusport.fr\/blog\/monaco-metz-chaine-tv-compositions-heure-et-cotes-ligue-1-2025-2026\/#primaryimage"},"thumbnailUrl":"https:\/\/dicodusport.fr\/blog\/wp-content\/uploads\/2025\/09\/Monaco-Metz-Chaine-TV-Compositions-Heure-et-Cotes.png","keywords":["AS Monaco","br\u00e8ve","FC Metz","Football","Ligue 1","Programme TV"],"articleSection":["Cha\u00eene TV","Ligue 1"],"inLanguage":"fr-FR","potentialAction":[{"@type":"CommentAction","name":"Comment","target":["https:\/\/dicodusport.fr\/blog\/monaco-metz-chaine-tv-compositions-heure-et-cotes-ligue-1-2025-2026\/#respond"]}],"copyrightYear":"2025","copyrightHolder":{"@id":"https:\/\/dicodusport.fr\/blog\/#organization"}},{"@type":"WebPage","@id":"https:\/\/dicodusport.fr\/blog\/monaco-metz-chaine-tv-compositions-heure-et-cotes-ligue-1-2025-2026\/","url":"https:\/\/dicodusport.fr\/blog\/monaco-metz-chaine-tv-compositions-heure-et-cotes-ligue-1-2025-2026\/","name":"Monaco-Metz : Cha\u00eene TV, Compositions, Heure et Cotes","isPartOf":{"@id":"https:\/\/dicodusport.fr\/blog\/#website"},"primaryImageOfPage":{"@id":"https:\/\/dicodusport.fr\/blog\/monaco-metz-chaine-tv-compositions-heure-et-cotes-ligue-1-2025-2026\/#primaryimage"},"image":{"@id":"https:\/\/dicodusport.fr\/blog\/monaco-metz-chaine-tv-compositions-heure-et-cotes-ligue-1-2025-2026\/#primaryimage"},"thumbnailUrl":"https:\/\/dicodusport.fr\/blog\/wp-content\/uploads\/2025\/09\/Monaco-Metz-Chaine-TV-Compositions-Heure-et-Cotes.png","datePublished":"2025-09-19T10:00:04+00:00","description":"LIGUE 1 2025-2026 - \u00c0 quelle heure et sur quelle cha\u00eene TV suivre le match de Ligue 1 entre l'AS Monaco et FC Metz ? Retrouvez \u00e9galement les compositions des deux \u00e9quipes.","breadcrumb":{"@id":"https:\/\/dicodusport.fr\/blog\/monaco-metz-chaine-tv-compositions-heure-et-cotes-ligue-1-2025-2026\/#breadcrumb"},"inLanguage":"fr-FR","potentialAction":[{"@type":"ReadAction","target":["https:\/\/dicodusport.fr\/blog\/monaco-metz-chaine-tv-compositions-heure-et-cotes-ligue-1-2025-2026\/"]}]},{"@type":"ImageObject","inLanguage":"fr-FR","@id":"https:\/\/dicodusport.fr\/blog\/monaco-metz-chaine-tv-compositions-heure-et-cotes-ligue-1-2025-2026\/#primaryimage","url":"https:\/\/dicodusport.fr\/blog\/wp-content\/uploads\/2025\/09\/Monaco-Metz-Chaine-TV-Compositions-Heure-et-Cotes.png","contentUrl":"https:\/\/dicodusport.fr\/blog\/wp-content\/uploads\/2025\/09\/Monaco-Metz-Chaine-TV-Compositions-Heure-et-Cotes.png","width":1200,"height":674,"caption":"Monaco-Metz Cha\u00eene TV, Compositions, Heure et Cotes"},{"@type":"BreadcrumbList","@id":"https:\/\/dicodusport.fr\/blog\/monaco-metz-chaine-tv-compositions-heure-et-cotes-ligue-1-2025-2026\/#breadcrumb","itemListElement":[{"@type":"ListItem","position":1,"name":"Accueil","item":"https:\/\/dicodusport.fr\/blog\/"},{"@type":"ListItem","position":2,"name":"Monaco-Metz : Cha\u00eene TV, Compositions, Heure et Cotes"}]},{"@type":"WebSite","@id":"https:\/\/dicodusport.fr\/blog\/#website","url":"https:\/\/dicodusport.fr\/blog\/","name":"Dicodusport","description":"L&#039;encyclop\u00e9die de l&#039;actualit\u00e9 sportive","publisher":{"@id":"https:\/\/dicodusport.fr\/blog\/#organization"},"potentialAction":[{"@type":"SearchAction","target":{"@type":"EntryPoint","urlTemplate":"https:\/\/dicodusport.fr\/blog\/?s={search_term_string}"},"query-input":{"@type":"PropertyValueSpecification","valueRequired":true,"valueName":"search_term_string"}}],"inLanguage":"fr-FR"},{"@type":"NewsMediaOrganization","@id":"https:\/\/dicodusport.fr\/blog\/#organization","name":"Dicodusport","url":"https:\/\/dicodusport.fr\/blog\/","logo":{"@type":"ImageObject","inLanguage":"fr-FR","@id":"https:\/\/dicodusport.fr\/blog\/#\/schema\/logo\/image\/","url":"https:\/\/dicodusport.fr\/blog\/wp-content\/uploads\/2020\/06\/cropped-LOGO-DICODUSPORT-2020-SANS-FOND-SANS-TEXTE.png","contentUrl":"https:\/\/dicodusport.fr\/blog\/wp-content\/uploads\/2020\/06\/cropped-LOGO-DICODUSPORT-2020-SANS-FOND-SANS-TEXTE.png","width":512,"height":512,"caption":"Dicodusport"},"image":{"@id":"https:\/\/dicodusport.fr\/blog\/#\/schema\/logo\/image\/"},"sameAs":["https:\/\/www.facebook.com\/dicodusport","https:\/\/x.com\/dicodusport","https:\/\/www.instagram.com\/dicodusport\/","https:\/\/www.youtube.com\/channel\/UC7V2KZ5sd3htJivAbA4ZG3w"],"description":"Dicodusport est l'encyclop\u00e9die de l'actualit\u00e9 sportive.","email":"bonjour@dicodusport.fr","legalName":"DICODUSPORT","foundingDate":"2018-01-14","vatID":"FR71834470973","taxID":"83447097300043","numberOfEmployees":{"@type":"QuantitativeValue","minValue":"1","maxValue":"10"}},{"@type":"Person","@id":"https:\/\/dicodusport.fr\/blog\/#\/schema\/person\/627966a6cde45dbd8c5e36ac85d783da","name":"S\u00e9bastien Gente","image":{"@type":"ImageObject","inLanguage":"fr-FR","@id":"https:\/\/dicodusport.fr\/blog\/#\/schema\/person\/image\/","url":"https:\/\/dicodusport.fr\/blog\/wp-content\/uploads\/2021\/09\/1510990_10205810251400683_4124423575079401707_n-150x150.jpg","contentUrl":"https:\/\/dicodusport.fr\/blog\/wp-content\/uploads\/2021\/09\/1510990_10205810251400683_4124423575079401707_n-150x150.jpg","caption":"S\u00e9bastien Gente"},"description":"John Stockton, Gianni Bugno, Zinedine Zidane, Steffi Graf, Frode Andresen, St\u00e9phane Stoecklin, Davis Kamoga, Primoz Peterka, Werner Schlager et Aur\u00e9lien Rougerie. Point commun entre ces sportifs? Ils m'ont fait r\u00eaver et ont berc\u00e9 mon adolescence. Je suis un fondu de sports et j'essaie de retranscrire ma passion \u00e0 travers mes articles. Originaire du P\u00e9rigord, ma passion pour les Girondins, les Jaunards et les Jazzmen transpire dans mes \u00e9crits. \u00c0 Dicodusport depuis 2021, je d\u00e9niche les sports m\u00e9connus dans lesquels la France brille, et il y en a !","sameAs":["https:\/\/www.facebook.com\/sebastien.gente\/","https:\/\/www.instagram.com\/sebgente\/","https:\/\/www.linkedin.com\/in\/sbastien-gente-a29583169\/","https:\/\/x.com\/https:\/\/twitter.com\/globulo24","SebastienGente"],"worksFor":"S\u00e9bastien GENTE","url":"https:\/\/dicodusport.fr\/blog\/author\/sebastiengente\/"}]}},"_links":{"self":[{"href":"https:\/\/dicodusport.fr\/blog\/wp-json\/wp\/v2\/posts\/612478","targetHints":{"allow":["GET"]}}],"collection":[{"href":"https:\/\/dicodusport.fr\/blog\/wp-json\/wp\/v2\/posts"}],"about":[{"href":"https:\/\/dicodusport.fr\/blog\/wp-json\/wp\/v2\/types\/post"}],"author":[{"embeddable":true,"href":"https:\/\/dicodusport.fr\/blog\/wp-json\/wp\/v2\/users\/59"}],"replies":[{"embeddable":true,"href":"https:\/\/dicodusport.fr\/blog\/wp-json\/wp\/v2\/comments?post=612478"}],"version-history":[{"count":1,"href":"https:\/\/dicodusport.fr\/blog\/wp-json\/wp\/v2\/posts\/612478\/revisions"}],"predecessor-version":[{"id":612481,"href":"https:\/\/dicodusport.fr\/blog\/wp-json\/wp\/v2\/posts\/612478\/revisions\/612481"}],"wp:featuredmedia":[{"embeddable":true,"href":"https:\/\/dicodusport.fr\/blog\/wp-json\/wp\/v2\/media\/612480"}],"wp:attachment":[{"href":"https:\/\/dicodusport.fr\/blog\/wp-json\/wp\/v2\/media?parent=612478"}],"wp:term":[{"taxonomy":"category","embeddable":true,"href":"https:\/\/dicodusport.fr\/blog\/wp-json\/wp\/v2\/categories?post=612478"},{"taxonomy":"post_tag","embeddable":true,"href":"https:\/\/dicodusport.fr\/blog\/wp-json\/wp\/v2\/tags?post=612478"}],"curies":[{"name":"wp","href":"https:\/\/api.w.org\/{rel}","templated":true}]}}