{"id":612564,"date":"2025-09-20T10:00:28","date_gmt":"2025-09-20T08:00:28","guid":{"rendered":"https:\/\/dicodusport.fr\/blog\/?p=612564&#038;preview=true&#038;preview_id=612564"},"modified":"2025-09-19T21:34:24","modified_gmt":"2025-09-19T19:34:24","slug":"sodjede-ca-dahalani-5-coureurs-africains-a-suivre-aux-mondiaux-de-kigali","status":"publish","type":"post","link":"https:\/\/dicodusport.fr\/blog\/sodjede-ca-dahalani-5-coureurs-africains-a-suivre-aux-mondiaux-de-kigali\/","title":{"rendered":"Sodj\u00e8d\u00e9, C\u00e1, Dahalani : 5 coureurs africains \u00e0 suivre aux Mondiaux de Kigali"},"content":{"rendered":"<p style=\"text-align: justify;\"><em><strong>CHAMPIONNATS DU MONDE DE CYCLISME SUR ROUTE 2025 \u2013 Au-del\u00e0 des cadors du cyclisme mondial qui seront au d\u00e9part, Kigali va \u00e9galement accueillir de nombreux coureurs amateurs provenant de nations mineures. L\u2019\u00e9preuve se d\u00e9roulant pour la premi\u00e8re fois en Afrique, on vous pr\u00e9sente cinq coureurs qui vont porter fi\u00e8rement les couleurs de leur nation sur les routes rwandaises.<\/strong><\/em><\/p>\n<ul>\n<li style=\"text-align: justify;\"><strong>\u00c0 ce sujet &#8211; <a href=\"https:\/\/dicodusport.fr\/blog\/mondiaux-cyclisme-2025-les-selections-de-toutes-les-nations\/\">Mondiaux Cyclisme 2025 : Les s\u00e9lections de toutes les nations<\/a><\/strong><\/li>\n<\/ul>\n<h2 style=\"text-align: justify;\">Ricardo Sodj\u00e8d\u00e9 (B\u00e9nin, 24 ans)<\/h2>\n<p style=\"text-align: justify;\">Du <strong>VC Essartais<\/strong> aux championnats du monde de Kigali, tel est le destin de <strong>Ricardo Sodj\u00e8d\u00e9<\/strong>. Le coureur b\u00e9ninois de 24 ans pass\u00e9 par la structure vend\u00e9enne en 2022 sera le repr\u00e9sentant du B\u00e9nin au d\u00e9part du contre-la-montre dimanche. Double champion national en titre \u00e0 la fois sur route et en contre-la-montre, il devrait \u00eatre le coureur le plus performant parmi ceux cit\u00e9s dans ce papier. En effet, s\u2019il ne fait pas partie d\u2019une \u00e9quipe professionnelle, il a eu l\u2019occasion de rouler en France, mais aussi avec le centre mondial du cyclisme en Suisse.<\/p>\n<p style=\"text-align: justify;\">Par ailleurs, il prend aussi r\u00e9guli\u00e8rement part \u00e0 des courses 1.2 et 2.2 sur le continent avec l\u2019\u00e9quipe du B\u00e9nin. Ce qui lui a permis d\u2019accumuler les places d\u2019honneur sur les Tours du Cameroun, de C\u00f4te d\u2019Ivoire ou du B\u00e9nin. \u00c9galement <strong>5\u00e8me des championnats d\u2019Afrique du contre-la-montre 2024<\/strong>, il peut \u00eatre l\u2019une des belles surprises africaines de la semaine.<\/p>\n<p>\u00a0<iframe loading=\"lazy\" style=\"border: none; overflow: hidden;\" src=\"https:\/\/www.facebook.com\/plugins\/post.php?href=https%3A%2F%2Fwww.facebook.com%2FFBCBeninVelo%2Fposts%2Fpfbid0z1Xt8m9hcQoMY6CZcJV6vYnHD5F8VPeRrAK98j94CzaTzME6XvTVf5rEzGbJBHF8l&amp;show_text=true&amp;width=500\" width=\"500\" height=\"632\" frameborder=\"0\" scrolling=\"no\" allowfullscreen=\"allowfullscreen\"><\/iframe><\/p>\n<h2 style=\"text-align: justify;\">Apolin\u00e1rio C\u00e1 (Guin\u00e9e-Bissau, 33 ans)<\/h2>\n<p style=\"text-align: justify;\">Repr\u00e9sentant d\u2019une nation d\u2019\u00e0 peine plus de 2 millions d\u2019habitants, <strong>Apolin\u00e1rio C\u00e1<\/strong> sera le porte-\u00e9tendard de la <strong>Guin\u00e9e-Bissau<\/strong> lors de ces Mondiaux. Un v\u00e9ritable privil\u00e8ge puisqu\u2019il s\u2019agit de la premi\u00e8re partition des Lusophones. Pour un coureur qui a rarement eu l\u2019occasion de courir en dehors de son pays natal et des pays voisins d\u2019Afrique de l\u2019Ouest, cela est \u00e9galement une opportunit\u00e9 hors norme d\u2019acc\u00e9der \u00e0 une course aussi prestigieuse. \u00c2g\u00e9 de 33 ans, <strong>Apolin\u00e1rio C\u00e1<\/strong> a lanc\u00e9 sa carri\u00e8re en 2017, et est rapidement devenu la r\u00e9f\u00e9rence nationale de la discipline. Au point d\u2019encha\u00eener les titres de champion national et les victoires sur les courses locales. \u00c0 Kigali, il devrait naturellement se retrouver dans les derni\u00e8res positions.<\/p>\n<ul>\n<li style=\"text-align: justify;\"><strong>\u00c0 lire aussi &#8211; <a href=\"https:\/\/dicodusport.fr\/blog\/programme-et-resultats-des-championnats-du-monde-de-cyclisme-sur-route-2025-au-rwanda\/\">Programme et r\u00e9sultats des Championnats du monde de cyclisme sur route 2025 au Rwanda<\/a><\/strong><\/li>\n<\/ul>\n<h2 style=\"text-align: justify;\">Abderemane Dahalani (Comores, 22 ans)<\/h2>\n<p style=\"text-align: justify;\">Comme de nombreuses nations africaines, les <strong>Comores<\/strong> sont encore nouveaux sur la sc\u00e8ne mondiale et prendront part seulement \u00e0 leurs troisi\u00e8mes mondiaux. Avec <strong>Irhamidinz Issouf Soidik<\/strong>, qui sera uniquement engag\u00e9 sur la course en ligne, et <strong>Nadjima Ramadhani<\/strong> en repr\u00e9sentante f\u00e9minine, <strong>Abderemane Dahalani<\/strong> sera le troisi\u00e8me repr\u00e9sentant comorien \u00e0 Kigali. Align\u00e9 sur les deux \u00e9preuves, le jeune coureur de 22 ans repr\u00e9sentera le meilleur atout comme le prouve son r\u00e9cent titre de champion national. Au Rwanda depuis le d\u00e9but du mois avec ses compatriotes afin de pr\u00e9parer au mieux cette \u00e9ch\u00e9ance, il pourrait \u00eatre une r\u00e9v\u00e9lation en fond de classement.<\/p>\n<p>\u00a0<iframe loading=\"lazy\" style=\"border: none; overflow: hidden;\" src=\"https:\/\/www.facebook.com\/plugins\/post.php?href=https%3A%2F%2Fwww.facebook.com%2Fpermalink.php%3Fstory_fbid%3Dpfbid02vWQEeaSjQfvfg1zp3adRZCEukwvuLyWKcUWtTa2b7o6287MGxKwKtN8CzoqmvjrKl%26id%3D100090504245514&amp;show_text=true&amp;width=500\" width=\"500\" height=\"250\" frameborder=\"0\" scrolling=\"no\" allowfullscreen=\"allowfullscreen\"><\/iframe><\/p>\n<h3 style=\"text-align: justify;\">Hassan Adinan Sharif (Tanzanie, 41 ans)<\/h3>\n<p style=\"text-align: justify;\">Il sera l\u2019un des v\u00e9t\u00e9rans de ces championnats du monde. Du haut de ses 41 ans, <strong>Hassan Adinan Sharif<\/strong> s\u2019appr\u00eate \u00e0 vivre un r\u00eave au coucher de Soleil de sa longue carri\u00e8re. Ce coureur totalement inconnu a pass\u00e9 l\u2019exclusivit\u00e9 de sa carri\u00e8re sur le circuit africain, signant notamment une honorable <strong>8\u00e8me place lors des championnats d\u2019Afrique 2021<\/strong>. Dans un pays qui n\u2019a quasiment jamais eu aucun coureur professionnel, \u00e0 l\u2019exception de Richard Laizer, qui a c\u00f4toy\u00e9 MTN-Qhubeka et Bike Aid au milieu des ann\u00e9es 2010, il pourra profiter d&rsquo;une sorte de jubil\u00e9 avant l&rsquo;heure. Align\u00e9 sur le contre-la-montre aux c\u00f4t\u00e9s de son compatriote <strong>Boniface Ngwata<\/strong>, le quadrag\u00e9naire sera l\u2019une des attractions \u00e0 Kigali.<\/p>\n<ul>\n<li style=\"text-align: justify;\"><strong>\u00c0 ce propos &#8211; <a href=\"https:\/\/dicodusport.fr\/blog\/mondiaux-de-cyclisme-2025-au-rwanda-le-programme-tv-et-les-horaires-des-courses-sur-france-tv-et-eurosport\/\">Mondiaux de cyclisme 2025 au Rwanda : le programme TV et les horaires des courses sur France TV et Eurosport<\/a><\/strong><\/li>\n<\/ul>\n<h2 style=\"text-align: justify;\">Jalal Edwards (24 ans) et Dictor Mut (19 ans) (Soudan du Sud)<\/h2>\n<p style=\"text-align: justify;\">Ind\u00e9pendant depuis 14 ans, le <strong>Soudan du Sud<\/strong> a d\u00e9j\u00e0 eu l\u2019occasion de briller dans le monde du sport, notamment gr\u00e2ce \u00e0 son <a href=\"https:\/\/dicodusport.fr\/blog\/qualifications-cdm-basket-2023-le-soudan-du-sud-sinvite-dans-la-reine-des-competitions\/\">excellente \u00e9quipe de basket<\/a>. En cyclisme en revanche, la nation du nord de l\u2019Afrique repr\u00e9sente une inconnue absolue. Contrairement aux autres petites nations qui disposent de coureurs avec certaines r\u00e9f\u00e9rences \u00e0 des niveaux parfois bas, les repr\u00e9sentants sud-soudanais <strong>Jalal Edward <\/strong>et <strong>Dictor Mut<\/strong> feront figure de petits poucets.<\/p>\n<p style=\"text-align: justify;\">Il faut dire que leur nation est affili\u00e9e \u00e0 l\u2019UCI depuis 2021 seulement, et les moyens \u00e0 disposition sont plus que rudimentaires. Sauf bonne surprise, les deux coureurs devraient lutter pour \u00e9viter la place de lanterne rouge. Mais pour eux, comme les autres gar\u00e7ons cit\u00e9s pr\u00e9c\u00e9demment, l\u2019important est ailleurs. Ils feront partie de l\u2019histoire en participant \u00e0 ces mondiaux historiques, tout en \u00e9voluant sur la m\u00eame course que les meilleurs coureurs du monde. D\u00e9j\u00e0 une victoire en soi.<\/p>\n<h3>\u00c0 lire aussi<\/h3>\n<div class=\"vlp-link-container vlp-layout-article\"><a href=\"https:\/\/dicodusport.fr\/blog\/mondiaux-de-cyclisme-au-rwanda-un-defi-pour-limage-du-pays\/\" class=\"vlp-link\" title=\"Mondiaux de cyclisme au Rwanda : un d\u00e9fi pour l\u2019image du pays\"><\/a><div class=\"vlp-layout-zone-side\"><div class=\"vlp-block-4 vlp-link-image\"><img loading=\"lazy\" decoding=\"async\" style=\"max-width: 792px;\" width=\"792\" height=\"445\" src=\"https:\/\/dicodusport.fr\/blog\/wp-content\/uploads\/2025\/09\/Mondiaux-de-cyclisme-au-Rwanda-un-defi-pour-limage-du-pays.png\" class=\"attachment-800x445 size-800x445\" alt=\"Mondiaux de cyclisme au Rwanda un d\u00e9fi pour l\u2019image du pays\" srcset=\"https:\/\/dicodusport.fr\/blog\/wp-content\/uploads\/2025\/09\/Mondiaux-de-cyclisme-au-Rwanda-un-defi-pour-limage-du-pays.png 1200w, https:\/\/dicodusport.fr\/blog\/wp-content\/uploads\/2025\/09\/Mondiaux-de-cyclisme-au-Rwanda-un-defi-pour-limage-du-pays-300x169.png 300w, https:\/\/dicodusport.fr\/blog\/wp-content\/uploads\/2025\/09\/Mondiaux-de-cyclisme-au-Rwanda-un-defi-pour-limage-du-pays-1024x575.png 1024w, https:\/\/dicodusport.fr\/blog\/wp-content\/uploads\/2025\/09\/Mondiaux-de-cyclisme-au-Rwanda-un-defi-pour-limage-du-pays-768x431.png 768w\" sizes=\"auto, (max-width: 792px) 100vw, 792px\" \/><\/div><\/div><div class=\"vlp-layout-zone-main\"><div class=\"vlp-block-0 vlp-link-title\">Mondiaux de cyclisme au Rwanda : un d\u00e9fi pour l\u2019image du pays<\/div><div class=\"vlp-block-1 vlp-link-summary\">Les championnats du monde de cyclisme sur route au Rwanda ont leur lot de critiques. Quelle s\u00e9curit\u00e9 pour les coureurs et la course alors que le pays est en guerre avec le Congo voisin ? Ces Mondiaux seront source de d\u00e9bats, m\u00eame si tout se passe bien.<\/div><div class=\"vlp-block-2 vlp-link-button\">Lire l'article<\/div><div class=\"vlp-block-3 vlp-link-url\">dicodusport.fr<\/div><\/div><\/div>\n","protected":false},"excerpt":{"rendered":"<p>D\u00e9couvrez cinq talents africains \u00e0 suivre lors des championnats du monde de cyclisme 2025 \u00e0 Kigali : Sodj\u00e8d\u00e9, C\u00e1, Dahalani et d\u2019autres coureurs pr\u00eats \u00e0 briller sur la sc\u00e8ne mondiale.<\/p>\n","protected":false},"author":55,"featured_media":612679,"comment_status":"open","ping_status":"closed","sticky":false,"template":"","format":"standard","meta":{"_acf_changed":false,"_daextam_enable_autolinks":"1","footnotes":""},"categories":[46994],"tags":[32415,16878,574,11197,6098],"class_list":["post-612564","post","type-post","status-publish","format-standard","has-post-thumbnail","hentry","category-cyclisme-sur-route","tag-actu","tag-breve","tag-cyclisme","tag-cyclisme-sur-route","tag-mondiaux-cyclisme"],"acf":[],"yoast_head":"<!-- This site is optimized with the Yoast SEO Premium plugin v26.7 (Yoast SEO v26.7) - https:\/\/yoast.com\/wordpress\/plugins\/seo\/ -->\n<title>Sodj\u00e8d\u00e9, C\u00e1, Dahalani : 5 coureurs africains \u00e0 suivre aux Mondiaux de Kigali<\/title>\n<meta name=\"description\" content=\"D\u00e9couvrez cinq talents africains \u00e0 suivre lors des championnats du monde de cyclisme 2025 \u00e0 Kigali : Sodj\u00e8d\u00e9, C\u00e1, Dahalani et d\u2019autres coureurs pr\u00eats \u00e0 briller sur la sc\u00e8ne mondiale.\" \/>\n<meta name=\"robots\" content=\"index, follow, max-snippet:-1, max-image-preview:large, max-video-preview:-1\" \/>\n<link rel=\"canonical\" href=\"https:\/\/dicodusport.fr\/blog\/sodjede-ca-dahalani-5-coureurs-africains-a-suivre-aux-mondiaux-de-kigali\/\" \/>\n<meta property=\"og:locale\" content=\"fr_FR\" \/>\n<meta property=\"og:type\" content=\"article\" \/>\n<meta property=\"og:title\" content=\"Sodj\u00e8d\u00e9, C\u00e1, Dahalani : 5 coureurs africains \u00e0 suivre aux Mondiaux de Kigali\" \/>\n<meta property=\"og:description\" content=\"D\u00e9couvrez cinq talents africains \u00e0 suivre lors des championnats du monde de cyclisme 2025 \u00e0 Kigali : Sodj\u00e8d\u00e9, C\u00e1, Dahalani et d\u2019autres coureurs pr\u00eats \u00e0 briller sur la sc\u00e8ne mondiale.\" \/>\n<meta property=\"og:url\" content=\"https:\/\/dicodusport.fr\/blog\/sodjede-ca-dahalani-5-coureurs-africains-a-suivre-aux-mondiaux-de-kigali\/\" \/>\n<meta property=\"og:site_name\" content=\"Dicodusport\" \/>\n<meta property=\"article:publisher\" content=\"https:\/\/www.facebook.com\/dicodusport\" \/>\n<meta property=\"article:published_time\" content=\"2025-09-20T08:00:28+00:00\" \/>\n<meta property=\"og:image\" content=\"https:\/\/dicodusport.fr\/blog\/wp-content\/uploads\/2025\/09\/Sodjede-Ca-Dahalani-5-coureurs-africains-a-suivre-aux-Mondiaux-de-Kigali.png\" \/>\n\t<meta property=\"og:image:width\" content=\"1200\" \/>\n\t<meta property=\"og:image:height\" content=\"674\" \/>\n\t<meta property=\"og:image:type\" content=\"image\/png\" \/>\n<meta name=\"author\" content=\"Maxime Cazenave\" \/>\n<meta name=\"twitter:card\" content=\"summary_large_image\" \/>\n<meta name=\"twitter:title\" content=\"Sodj\u00e8d\u00e9, C\u00e1, Dahalani : 5 coureurs africains \u00e0 suivre aux Mondiaux de Kigali\" \/>\n<meta name=\"twitter:creator\" content=\"@https:\/\/twitter.com\/Maxime_Caze\" \/>\n<meta name=\"twitter:site\" content=\"@dicodusport\" \/>\n<script type=\"application\/ld+json\" class=\"yoast-schema-graph\">{\"@context\":\"https:\/\/schema.org\",\"@graph\":[{\"@type\":\"NewsArticle\",\"@id\":\"https:\/\/dicodusport.fr\/blog\/sodjede-ca-dahalani-5-coureurs-africains-a-suivre-aux-mondiaux-de-kigali\/#article\",\"isPartOf\":{\"@id\":\"https:\/\/dicodusport.fr\/blog\/sodjede-ca-dahalani-5-coureurs-africains-a-suivre-aux-mondiaux-de-kigali\/\"},\"author\":{\"name\":\"Maxime Cazenave\",\"@id\":\"https:\/\/dicodusport.fr\/blog\/#\/schema\/person\/37def232098a7a5cbab3974a3690abb0\"},\"headline\":\"Sodj\u00e8d\u00e9, C\u00e1, Dahalani : 5 coureurs africains \u00e0 suivre aux Mondiaux de Kigali\",\"datePublished\":\"2025-09-20T08:00:28+00:00\",\"mainEntityOfPage\":{\"@id\":\"https:\/\/dicodusport.fr\/blog\/sodjede-ca-dahalani-5-coureurs-africains-a-suivre-aux-mondiaux-de-kigali\/\"},\"wordCount\":949,\"commentCount\":0,\"publisher\":{\"@id\":\"https:\/\/dicodusport.fr\/blog\/#organization\"},\"image\":{\"@id\":\"https:\/\/dicodusport.fr\/blog\/sodjede-ca-dahalani-5-coureurs-africains-a-suivre-aux-mondiaux-de-kigali\/#primaryimage\"},\"thumbnailUrl\":\"https:\/\/dicodusport.fr\/blog\/wp-content\/uploads\/2025\/09\/Sodjede-Ca-Dahalani-5-coureurs-africains-a-suivre-aux-Mondiaux-de-Kigali.png\",\"keywords\":[\"actu\",\"br\u00e8ve\",\"Cyclisme\",\"Cyclisme sur route\",\"Mondiaux Cyclisme\"],\"articleSection\":[\"Cyclisme sur route\"],\"inLanguage\":\"fr-FR\",\"potentialAction\":[{\"@type\":\"CommentAction\",\"name\":\"Comment\",\"target\":[\"https:\/\/dicodusport.fr\/blog\/sodjede-ca-dahalani-5-coureurs-africains-a-suivre-aux-mondiaux-de-kigali\/#respond\"]}],\"copyrightYear\":\"2025\",\"copyrightHolder\":{\"@id\":\"https:\/\/dicodusport.fr\/blog\/#organization\"}},{\"@type\":\"WebPage\",\"@id\":\"https:\/\/dicodusport.fr\/blog\/sodjede-ca-dahalani-5-coureurs-africains-a-suivre-aux-mondiaux-de-kigali\/\",\"url\":\"https:\/\/dicodusport.fr\/blog\/sodjede-ca-dahalani-5-coureurs-africains-a-suivre-aux-mondiaux-de-kigali\/\",\"name\":\"Sodj\u00e8d\u00e9, C\u00e1, Dahalani : 5 coureurs africains \u00e0 suivre aux Mondiaux de Kigali\",\"isPartOf\":{\"@id\":\"https:\/\/dicodusport.fr\/blog\/#website\"},\"primaryImageOfPage\":{\"@id\":\"https:\/\/dicodusport.fr\/blog\/sodjede-ca-dahalani-5-coureurs-africains-a-suivre-aux-mondiaux-de-kigali\/#primaryimage\"},\"image\":{\"@id\":\"https:\/\/dicodusport.fr\/blog\/sodjede-ca-dahalani-5-coureurs-africains-a-suivre-aux-mondiaux-de-kigali\/#primaryimage\"},\"thumbnailUrl\":\"https:\/\/dicodusport.fr\/blog\/wp-content\/uploads\/2025\/09\/Sodjede-Ca-Dahalani-5-coureurs-africains-a-suivre-aux-Mondiaux-de-Kigali.png\",\"datePublished\":\"2025-09-20T08:00:28+00:00\",\"description\":\"D\u00e9couvrez cinq talents africains \u00e0 suivre lors des championnats du monde de cyclisme 2025 \u00e0 Kigali : Sodj\u00e8d\u00e9, C\u00e1, Dahalani et d\u2019autres coureurs pr\u00eats \u00e0 briller sur la sc\u00e8ne mondiale.\",\"breadcrumb\":{\"@id\":\"https:\/\/dicodusport.fr\/blog\/sodjede-ca-dahalani-5-coureurs-africains-a-suivre-aux-mondiaux-de-kigali\/#breadcrumb\"},\"inLanguage\":\"fr-FR\",\"potentialAction\":[{\"@type\":\"ReadAction\",\"target\":[\"https:\/\/dicodusport.fr\/blog\/sodjede-ca-dahalani-5-coureurs-africains-a-suivre-aux-mondiaux-de-kigali\/\"]}]},{\"@type\":\"ImageObject\",\"inLanguage\":\"fr-FR\",\"@id\":\"https:\/\/dicodusport.fr\/blog\/sodjede-ca-dahalani-5-coureurs-africains-a-suivre-aux-mondiaux-de-kigali\/#primaryimage\",\"url\":\"https:\/\/dicodusport.fr\/blog\/wp-content\/uploads\/2025\/09\/Sodjede-Ca-Dahalani-5-coureurs-africains-a-suivre-aux-Mondiaux-de-Kigali.png\",\"contentUrl\":\"https:\/\/dicodusport.fr\/blog\/wp-content\/uploads\/2025\/09\/Sodjede-Ca-Dahalani-5-coureurs-africains-a-suivre-aux-Mondiaux-de-Kigali.png\",\"width\":1200,\"height\":674,\"caption\":\"Sodj\u00e8d\u00e9, C\u00e1, Dahalani 5 coureurs africains \u00e0 suivre aux Mondiaux de Kigali\"},{\"@type\":\"BreadcrumbList\",\"@id\":\"https:\/\/dicodusport.fr\/blog\/sodjede-ca-dahalani-5-coureurs-africains-a-suivre-aux-mondiaux-de-kigali\/#breadcrumb\",\"itemListElement\":[{\"@type\":\"ListItem\",\"position\":1,\"name\":\"Accueil\",\"item\":\"https:\/\/dicodusport.fr\/blog\/\"},{\"@type\":\"ListItem\",\"position\":2,\"name\":\"Sodj\u00e8d\u00e9, C\u00e1, Dahalani : 5 coureurs africains \u00e0 suivre aux Mondiaux de Kigali\"}]},{\"@type\":\"WebSite\",\"@id\":\"https:\/\/dicodusport.fr\/blog\/#website\",\"url\":\"https:\/\/dicodusport.fr\/blog\/\",\"name\":\"Dicodusport\",\"description\":\"L&#039;encyclop\u00e9die de l&#039;actualit\u00e9 sportive\",\"publisher\":{\"@id\":\"https:\/\/dicodusport.fr\/blog\/#organization\"},\"potentialAction\":[{\"@type\":\"SearchAction\",\"target\":{\"@type\":\"EntryPoint\",\"urlTemplate\":\"https:\/\/dicodusport.fr\/blog\/?s={search_term_string}\"},\"query-input\":{\"@type\":\"PropertyValueSpecification\",\"valueRequired\":true,\"valueName\":\"search_term_string\"}}],\"inLanguage\":\"fr-FR\"},{\"@type\":\"NewsMediaOrganization\",\"@id\":\"https:\/\/dicodusport.fr\/blog\/#organization\",\"name\":\"Dicodusport\",\"url\":\"https:\/\/dicodusport.fr\/blog\/\",\"logo\":{\"@type\":\"ImageObject\",\"inLanguage\":\"fr-FR\",\"@id\":\"https:\/\/dicodusport.fr\/blog\/#\/schema\/logo\/image\/\",\"url\":\"https:\/\/dicodusport.fr\/blog\/wp-content\/uploads\/2020\/06\/cropped-LOGO-DICODUSPORT-2020-SANS-FOND-SANS-TEXTE.png\",\"contentUrl\":\"https:\/\/dicodusport.fr\/blog\/wp-content\/uploads\/2020\/06\/cropped-LOGO-DICODUSPORT-2020-SANS-FOND-SANS-TEXTE.png\",\"width\":512,\"height\":512,\"caption\":\"Dicodusport\"},\"image\":{\"@id\":\"https:\/\/dicodusport.fr\/blog\/#\/schema\/logo\/image\/\"},\"sameAs\":[\"https:\/\/www.facebook.com\/dicodusport\",\"https:\/\/x.com\/dicodusport\",\"https:\/\/www.instagram.com\/dicodusport\/\",\"https:\/\/www.youtube.com\/channel\/UC7V2KZ5sd3htJivAbA4ZG3w\"],\"description\":\"Dicodusport est l'encyclop\u00e9die de l'actualit\u00e9 sportive.\",\"email\":\"bonjour@dicodusport.fr\",\"legalName\":\"DICODUSPORT\",\"foundingDate\":\"2018-01-14\",\"vatID\":\"FR71834470973\",\"taxID\":\"83447097300043\",\"numberOfEmployees\":{\"@type\":\"QuantitativeValue\",\"minValue\":\"1\",\"maxValue\":\"10\"}},{\"@type\":\"Person\",\"@id\":\"https:\/\/dicodusport.fr\/blog\/#\/schema\/person\/37def232098a7a5cbab3974a3690abb0\",\"name\":\"Maxime Cazenave\",\"image\":{\"@type\":\"ImageObject\",\"inLanguage\":\"fr-FR\",\"@id\":\"https:\/\/dicodusport.fr\/blog\/#\/schema\/person\/image\/\",\"url\":\"https:\/\/dicodusport.fr\/blog\/wp-content\/uploads\/2021\/05\/Maxime-Cazenave-150x150.jpg\",\"contentUrl\":\"https:\/\/dicodusport.fr\/blog\/wp-content\/uploads\/2021\/05\/Maxime-Cazenave-150x150.jpg\",\"caption\":\"Maxime Cazenave\"},\"description\":\"Journaliste\/R\u00e9dacteur depuis 2012 - Berc\u00e9 par l\u2019amour des Girondins de Bordeaux, les \u00e9checs de Christophe Moreau sur le Tour de France sous l'\u00e8re Lance Armstrong et le fade-away l\u00e9tal de Dirk Nowitzki, ma passion d\u00e9vorante pour le sport a toujours \u00e9t\u00e9 un pan incontournable de ma vie. Transmettre ma passion \u00e0 l\u2019\u00e9crit a \u00e9t\u00e9 une transition naturelle. Suiveur assidu de basket et de hockey sur glace, je garde toujours un peu de place pour suivre le cyclisme, le football et le maximum de performances fran\u00e7aises.\",\"sameAs\":[\"https:\/\/x.com\/https:\/\/twitter.com\/Maxime_Caze\"],\"url\":\"https:\/\/dicodusport.fr\/blog\/author\/maximec\/\"}]}<\/script>\n<!-- \/ Yoast SEO Premium plugin. -->","yoast_head_json":{"title":"Sodj\u00e8d\u00e9, C\u00e1, Dahalani : 5 coureurs africains \u00e0 suivre aux Mondiaux de Kigali","description":"D\u00e9couvrez cinq talents africains \u00e0 suivre lors des championnats du monde de cyclisme 2025 \u00e0 Kigali : Sodj\u00e8d\u00e9, C\u00e1, Dahalani et d\u2019autres coureurs pr\u00eats \u00e0 briller sur la sc\u00e8ne mondiale.","robots":{"index":"index","follow":"follow","max-snippet":"max-snippet:-1","max-image-preview":"max-image-preview:large","max-video-preview":"max-video-preview:-1"},"canonical":"https:\/\/dicodusport.fr\/blog\/sodjede-ca-dahalani-5-coureurs-africains-a-suivre-aux-mondiaux-de-kigali\/","og_locale":"fr_FR","og_type":"article","og_title":"Sodj\u00e8d\u00e9, C\u00e1, Dahalani : 5 coureurs africains \u00e0 suivre aux Mondiaux de Kigali","og_description":"D\u00e9couvrez cinq talents africains \u00e0 suivre lors des championnats du monde de cyclisme 2025 \u00e0 Kigali : Sodj\u00e8d\u00e9, C\u00e1, Dahalani et d\u2019autres coureurs pr\u00eats \u00e0 briller sur la sc\u00e8ne mondiale.","og_url":"https:\/\/dicodusport.fr\/blog\/sodjede-ca-dahalani-5-coureurs-africains-a-suivre-aux-mondiaux-de-kigali\/","og_site_name":"Dicodusport","article_publisher":"https:\/\/www.facebook.com\/dicodusport","article_published_time":"2025-09-20T08:00:28+00:00","og_image":[{"width":1200,"height":674,"url":"https:\/\/dicodusport.fr\/blog\/wp-content\/uploads\/2025\/09\/Sodjede-Ca-Dahalani-5-coureurs-africains-a-suivre-aux-Mondiaux-de-Kigali.png","type":"image\/png"}],"author":"Maxime Cazenave","twitter_card":"summary_large_image","twitter_title":"Sodj\u00e8d\u00e9, C\u00e1, Dahalani : 5 coureurs africains \u00e0 suivre aux Mondiaux de Kigali","twitter_creator":"@https:\/\/twitter.com\/Maxime_Caze","twitter_site":"@dicodusport","schema":{"@context":"https:\/\/schema.org","@graph":[{"@type":"NewsArticle","@id":"https:\/\/dicodusport.fr\/blog\/sodjede-ca-dahalani-5-coureurs-africains-a-suivre-aux-mondiaux-de-kigali\/#article","isPartOf":{"@id":"https:\/\/dicodusport.fr\/blog\/sodjede-ca-dahalani-5-coureurs-africains-a-suivre-aux-mondiaux-de-kigali\/"},"author":{"name":"Maxime Cazenave","@id":"https:\/\/dicodusport.fr\/blog\/#\/schema\/person\/37def232098a7a5cbab3974a3690abb0"},"headline":"Sodj\u00e8d\u00e9, C\u00e1, Dahalani : 5 coureurs africains \u00e0 suivre aux Mondiaux de Kigali","datePublished":"2025-09-20T08:00:28+00:00","mainEntityOfPage":{"@id":"https:\/\/dicodusport.fr\/blog\/sodjede-ca-dahalani-5-coureurs-africains-a-suivre-aux-mondiaux-de-kigali\/"},"wordCount":949,"commentCount":0,"publisher":{"@id":"https:\/\/dicodusport.fr\/blog\/#organization"},"image":{"@id":"https:\/\/dicodusport.fr\/blog\/sodjede-ca-dahalani-5-coureurs-africains-a-suivre-aux-mondiaux-de-kigali\/#primaryimage"},"thumbnailUrl":"https:\/\/dicodusport.fr\/blog\/wp-content\/uploads\/2025\/09\/Sodjede-Ca-Dahalani-5-coureurs-africains-a-suivre-aux-Mondiaux-de-Kigali.png","keywords":["actu","br\u00e8ve","Cyclisme","Cyclisme sur route","Mondiaux Cyclisme"],"articleSection":["Cyclisme sur route"],"inLanguage":"fr-FR","potentialAction":[{"@type":"CommentAction","name":"Comment","target":["https:\/\/dicodusport.fr\/blog\/sodjede-ca-dahalani-5-coureurs-africains-a-suivre-aux-mondiaux-de-kigali\/#respond"]}],"copyrightYear":"2025","copyrightHolder":{"@id":"https:\/\/dicodusport.fr\/blog\/#organization"}},{"@type":"WebPage","@id":"https:\/\/dicodusport.fr\/blog\/sodjede-ca-dahalani-5-coureurs-africains-a-suivre-aux-mondiaux-de-kigali\/","url":"https:\/\/dicodusport.fr\/blog\/sodjede-ca-dahalani-5-coureurs-africains-a-suivre-aux-mondiaux-de-kigali\/","name":"Sodj\u00e8d\u00e9, C\u00e1, Dahalani : 5 coureurs africains \u00e0 suivre aux Mondiaux de Kigali","isPartOf":{"@id":"https:\/\/dicodusport.fr\/blog\/#website"},"primaryImageOfPage":{"@id":"https:\/\/dicodusport.fr\/blog\/sodjede-ca-dahalani-5-coureurs-africains-a-suivre-aux-mondiaux-de-kigali\/#primaryimage"},"image":{"@id":"https:\/\/dicodusport.fr\/blog\/sodjede-ca-dahalani-5-coureurs-africains-a-suivre-aux-mondiaux-de-kigali\/#primaryimage"},"thumbnailUrl":"https:\/\/dicodusport.fr\/blog\/wp-content\/uploads\/2025\/09\/Sodjede-Ca-Dahalani-5-coureurs-africains-a-suivre-aux-Mondiaux-de-Kigali.png","datePublished":"2025-09-20T08:00:28+00:00","description":"D\u00e9couvrez cinq talents africains \u00e0 suivre lors des championnats du monde de cyclisme 2025 \u00e0 Kigali : Sodj\u00e8d\u00e9, C\u00e1, Dahalani et d\u2019autres coureurs pr\u00eats \u00e0 briller sur la sc\u00e8ne mondiale.","breadcrumb":{"@id":"https:\/\/dicodusport.fr\/blog\/sodjede-ca-dahalani-5-coureurs-africains-a-suivre-aux-mondiaux-de-kigali\/#breadcrumb"},"inLanguage":"fr-FR","potentialAction":[{"@type":"ReadAction","target":["https:\/\/dicodusport.fr\/blog\/sodjede-ca-dahalani-5-coureurs-africains-a-suivre-aux-mondiaux-de-kigali\/"]}]},{"@type":"ImageObject","inLanguage":"fr-FR","@id":"https:\/\/dicodusport.fr\/blog\/sodjede-ca-dahalani-5-coureurs-africains-a-suivre-aux-mondiaux-de-kigali\/#primaryimage","url":"https:\/\/dicodusport.fr\/blog\/wp-content\/uploads\/2025\/09\/Sodjede-Ca-Dahalani-5-coureurs-africains-a-suivre-aux-Mondiaux-de-Kigali.png","contentUrl":"https:\/\/dicodusport.fr\/blog\/wp-content\/uploads\/2025\/09\/Sodjede-Ca-Dahalani-5-coureurs-africains-a-suivre-aux-Mondiaux-de-Kigali.png","width":1200,"height":674,"caption":"Sodj\u00e8d\u00e9, C\u00e1, Dahalani 5 coureurs africains \u00e0 suivre aux Mondiaux de Kigali"},{"@type":"BreadcrumbList","@id":"https:\/\/dicodusport.fr\/blog\/sodjede-ca-dahalani-5-coureurs-africains-a-suivre-aux-mondiaux-de-kigali\/#breadcrumb","itemListElement":[{"@type":"ListItem","position":1,"name":"Accueil","item":"https:\/\/dicodusport.fr\/blog\/"},{"@type":"ListItem","position":2,"name":"Sodj\u00e8d\u00e9, C\u00e1, Dahalani : 5 coureurs africains \u00e0 suivre aux Mondiaux de Kigali"}]},{"@type":"WebSite","@id":"https:\/\/dicodusport.fr\/blog\/#website","url":"https:\/\/dicodusport.fr\/blog\/","name":"Dicodusport","description":"L&#039;encyclop\u00e9die de l&#039;actualit\u00e9 sportive","publisher":{"@id":"https:\/\/dicodusport.fr\/blog\/#organization"},"potentialAction":[{"@type":"SearchAction","target":{"@type":"EntryPoint","urlTemplate":"https:\/\/dicodusport.fr\/blog\/?s={search_term_string}"},"query-input":{"@type":"PropertyValueSpecification","valueRequired":true,"valueName":"search_term_string"}}],"inLanguage":"fr-FR"},{"@type":"NewsMediaOrganization","@id":"https:\/\/dicodusport.fr\/blog\/#organization","name":"Dicodusport","url":"https:\/\/dicodusport.fr\/blog\/","logo":{"@type":"ImageObject","inLanguage":"fr-FR","@id":"https:\/\/dicodusport.fr\/blog\/#\/schema\/logo\/image\/","url":"https:\/\/dicodusport.fr\/blog\/wp-content\/uploads\/2020\/06\/cropped-LOGO-DICODUSPORT-2020-SANS-FOND-SANS-TEXTE.png","contentUrl":"https:\/\/dicodusport.fr\/blog\/wp-content\/uploads\/2020\/06\/cropped-LOGO-DICODUSPORT-2020-SANS-FOND-SANS-TEXTE.png","width":512,"height":512,"caption":"Dicodusport"},"image":{"@id":"https:\/\/dicodusport.fr\/blog\/#\/schema\/logo\/image\/"},"sameAs":["https:\/\/www.facebook.com\/dicodusport","https:\/\/x.com\/dicodusport","https:\/\/www.instagram.com\/dicodusport\/","https:\/\/www.youtube.com\/channel\/UC7V2KZ5sd3htJivAbA4ZG3w"],"description":"Dicodusport est l'encyclop\u00e9die de l'actualit\u00e9 sportive.","email":"bonjour@dicodusport.fr","legalName":"DICODUSPORT","foundingDate":"2018-01-14","vatID":"FR71834470973","taxID":"83447097300043","numberOfEmployees":{"@type":"QuantitativeValue","minValue":"1","maxValue":"10"}},{"@type":"Person","@id":"https:\/\/dicodusport.fr\/blog\/#\/schema\/person\/37def232098a7a5cbab3974a3690abb0","name":"Maxime Cazenave","image":{"@type":"ImageObject","inLanguage":"fr-FR","@id":"https:\/\/dicodusport.fr\/blog\/#\/schema\/person\/image\/","url":"https:\/\/dicodusport.fr\/blog\/wp-content\/uploads\/2021\/05\/Maxime-Cazenave-150x150.jpg","contentUrl":"https:\/\/dicodusport.fr\/blog\/wp-content\/uploads\/2021\/05\/Maxime-Cazenave-150x150.jpg","caption":"Maxime Cazenave"},"description":"Journaliste\/R\u00e9dacteur depuis 2012 - Berc\u00e9 par l\u2019amour des Girondins de Bordeaux, les \u00e9checs de Christophe Moreau sur le Tour de France sous l'\u00e8re Lance Armstrong et le fade-away l\u00e9tal de Dirk Nowitzki, ma passion d\u00e9vorante pour le sport a toujours \u00e9t\u00e9 un pan incontournable de ma vie. Transmettre ma passion \u00e0 l\u2019\u00e9crit a \u00e9t\u00e9 une transition naturelle. Suiveur assidu de basket et de hockey sur glace, je garde toujours un peu de place pour suivre le cyclisme, le football et le maximum de performances fran\u00e7aises.","sameAs":["https:\/\/x.com\/https:\/\/twitter.com\/Maxime_Caze"],"url":"https:\/\/dicodusport.fr\/blog\/author\/maximec\/"}]}},"_links":{"self":[{"href":"https:\/\/dicodusport.fr\/blog\/wp-json\/wp\/v2\/posts\/612564","targetHints":{"allow":["GET"]}}],"collection":[{"href":"https:\/\/dicodusport.fr\/blog\/wp-json\/wp\/v2\/posts"}],"about":[{"href":"https:\/\/dicodusport.fr\/blog\/wp-json\/wp\/v2\/types\/post"}],"author":[{"embeddable":true,"href":"https:\/\/dicodusport.fr\/blog\/wp-json\/wp\/v2\/users\/55"}],"replies":[{"embeddable":true,"href":"https:\/\/dicodusport.fr\/blog\/wp-json\/wp\/v2\/comments?post=612564"}],"version-history":[{"count":4,"href":"https:\/\/dicodusport.fr\/blog\/wp-json\/wp\/v2\/posts\/612564\/revisions"}],"predecessor-version":[{"id":612672,"href":"https:\/\/dicodusport.fr\/blog\/wp-json\/wp\/v2\/posts\/612564\/revisions\/612672"}],"wp:featuredmedia":[{"embeddable":true,"href":"https:\/\/dicodusport.fr\/blog\/wp-json\/wp\/v2\/media\/612679"}],"wp:attachment":[{"href":"https:\/\/dicodusport.fr\/blog\/wp-json\/wp\/v2\/media?parent=612564"}],"wp:term":[{"taxonomy":"category","embeddable":true,"href":"https:\/\/dicodusport.fr\/blog\/wp-json\/wp\/v2\/categories?post=612564"},{"taxonomy":"post_tag","embeddable":true,"href":"https:\/\/dicodusport.fr\/blog\/wp-json\/wp\/v2\/tags?post=612564"}],"curies":[{"name":"wp","href":"https:\/\/api.w.org\/{rel}","templated":true}]}}