{"id":612628,"date":"2025-09-19T18:35:54","date_gmt":"2025-09-19T16:35:54","guid":{"rendered":"https:\/\/dicodusport.fr\/blog\/?p=612628&#038;preview=true&#038;preview_id=612628"},"modified":"2025-09-19T20:51:06","modified_gmt":"2025-09-19T18:51:06","slug":"vtt-lenzerheide-2025-double-francais-sur-le-xcc-victoire-de-victor-koretzky-devant-adrien-boichis","status":"publish","type":"post","link":"https:\/\/dicodusport.fr\/blog\/vtt-lenzerheide-2025-double-francais-sur-le-xcc-victoire-de-victor-koretzky-devant-adrien-boichis\/","title":{"rendered":"VTT Lenzerheide 2025 : Doubl\u00e9 fran\u00e7ais sur le XCC, victoire de Victor Koretzky devant Adrien Boichis"},"content":{"rendered":"<p style=\"text-align: justify;\"><b><i>COUPE DU MONDE DE VTT 2025 &#8211; Double champion du monde en titre de la sp\u00e9cialit\u00e9, Victor Koretzky (Specialized) a remport\u00e9 le XCC de Lenzerheide, en Suisse, devant son co\u00e9quipier et compatriote Adrien Boichis.<\/i><\/b><\/p>\n<ul style=\"text-align: justify;\">\n<li style=\"text-align: justify;\"><strong>\u00c0 ce sujet &#8211; <a href=\"https:\/\/dicodusport.fr\/blog\/coupe-du-monde-vtt-cross-country-2025-calendrier-et-resultats-a-jour\/\">Coupe du monde VTT Cross-Country 2025 : Calendrier et R\u00e9sultats \u00e0 Jour<\/a><\/strong><\/li>\n<\/ul>\n<p style=\"text-align: justify;\">Les Bleus ont mis le feu \u00e0 <strong>Lenzerheide<\/strong> ce vendredi, \u00e0 l&rsquo;occasion du XCC de la Coupe du monde. Au terme des 11 tours, <a href=\"https:\/\/dicodusport.fr\/blog\/vtt-championnats-du-monde-2025-victor-koretzky-conserve-son-titre-mondial-sur-le-xcc-mathis-azzaro-en-bronze\/\">le double champion du monde en titre de l&rsquo;\u00e9preuve<\/a>, <strong>Victor Koretzky<\/strong>, a d\u00e9croch\u00e9 la victoire en patron. Juste derri\u00e8re lui, le champion du monde XCC espoirs dans le Valais suisse il y a dix jours, son compatriote <strong>Adrien Boichis<\/strong>, \u00e9galement membre du team Specialized. Premier podium sur la sp\u00e9cialit\u00e9 pour l&rsquo;Aixois de 22 ans.<\/p>\n<blockquote class=\"twitter-tweet\">\n<p dir=\"ltr\" lang=\"en\">The UCI World Champion claims victory in Lenzerheide!<\/p>\n<p>\ud83c\udfc6 VICTOR KORETZKY \ud83c\udfc6<\/p>\n<p>What a final lap by the Frenchman \ud83c\uddeb\ud83c\uddf7<a href=\"https:\/\/twitter.com\/hashtag\/MTBWorldCup?src=hash&amp;ref_src=twsrc%5Etfw\">#MTBWorldCup<\/a> <a href=\"https:\/\/t.co\/LlDMogsFnI\">pic.twitter.com\/LlDMogsFnI<\/a><\/p>\n<p>\u2014 UCI MTB (@UCI_MTB) <a href=\"https:\/\/twitter.com\/UCI_MTB\/status\/1969077325946933306?ref_src=twsrc%5Etfw\">September 19, 2025<\/a><\/p><\/blockquote>\n<p><script async src=\"https:\/\/platform.twitter.com\/widgets.js\" charset=\"utf-8\"><\/script><\/p>\n<ul style=\"text-align: justify;\">\n<li><strong>\u00c0 ce sujet &#8211; <a href=\"https:\/\/dicodusport.fr\/blog\/vtt-xcc-lenzerheide-2025-classement-course-hommes\/\">VTT XCC Lenzerheide 2025 : Classement Course hommes<\/a><\/strong><\/li>\n<\/ul>\n<h2 style=\"text-align: justify;\">Martin et Azzaro plac\u00e9s<\/h2>\n<p style=\"text-align: justify;\">Derri\u00e8re, le Danois <strong>Simon Andreassen<\/strong> (Orbea) n&rsquo;a rien pu faire lorsque <strong>Koretzky<\/strong> a pass\u00e9 la seconde, \u00e0 l&rsquo;entame de la derni\u00e8re boucle du circuit suisse. Il compl\u00e8te tout de m\u00eame le podium, devant le champion de France de la discipline, <strong>Luca Martin<\/strong> (Cannondale), de retour en forme, apr\u00e8s avoir manqu\u00e9 les Mondiaux pour cause de maladie. Apr\u00e8s un d\u00e9part manqu\u00e9, <strong>Mathis Azzaro<\/strong> (Origine) se classe 7\u00e8me. \u00c0 noter la grosse contre-performance du leader de la Coupe du monde, l&rsquo;Am\u00e9ricain <strong>Christopher Blevins<\/strong> (Specialized), seulement 26\u00e8me ce vendredi.<\/p>\n<ul style=\"text-align: justify;\">\n<li style=\"text-align: justify;\"><strong>\u00c0 ce sujet &#8211; <\/strong><a href=\"https:\/\/dicodusport.fr\/blog\/coupe-du-monde-vtt-2025-classement-general-masculin-en-cross-country\/\"><strong>Coupe du monde VTT 2025 : Classement G\u00e9n\u00e9ral Masculin en Cross-country<\/strong><\/a><strong><br \/>\n<\/strong><\/li>\n<\/ul>\n","protected":false},"excerpt":{"rendered":"<p>Double champion du monde en titre de la sp\u00e9cialit\u00e9, Victor Koretzky (Specialized) a remport\u00e9 le XCC de Lenzerheide, en Suisse, devant son co\u00e9quipier et compatriote Adrien Boichis.<\/p>\n","protected":false},"author":4,"featured_media":612669,"comment_status":"open","ping_status":"closed","sticky":false,"template":"","format":"standard","meta":{"_acf_changed":false,"_daextam_enable_autolinks":"1","footnotes":""},"categories":[10279],"tags":[16878,11873,24,692],"class_list":["post-612628","post","type-post","status-publish","format-standard","has-post-thumbnail","hentry","category-vtt","tag-breve","tag-coupe-du-monde-de-vtt","tag-sport","tag-vtt"],"acf":[],"yoast_head":"<!-- This site is optimized with the Yoast SEO Premium plugin v26.7 (Yoast SEO v26.7) - https:\/\/yoast.com\/wordpress\/plugins\/seo\/ -->\n<title>VTT Lenzerheide 2025 : Doubl\u00e9 fran\u00e7ais sur le XCC, victoire de Victor Koretzky devant Adrien Boichis<\/title>\n<meta name=\"description\" content=\"Double champion du monde en titre de la sp\u00e9cialit\u00e9, Victor Koretzky (Specialized) a remport\u00e9 le XCC de Lenzerheide, en Suisse, devant son co\u00e9quipier et compatriote Adrien Boichis.\" \/>\n<meta name=\"robots\" content=\"index, follow, max-snippet:-1, max-image-preview:large, max-video-preview:-1\" \/>\n<link rel=\"canonical\" href=\"https:\/\/dicodusport.fr\/blog\/vtt-lenzerheide-2025-double-francais-sur-le-xcc-victoire-de-victor-koretzky-devant-adrien-boichis\/\" \/>\n<meta property=\"og:locale\" content=\"fr_FR\" \/>\n<meta property=\"og:type\" content=\"article\" \/>\n<meta property=\"og:title\" content=\"VTT Lenzerheide 2025 : Doubl\u00e9 fran\u00e7ais sur le XCC, victoire de Victor Koretzky devant Adrien Boichis\" \/>\n<meta property=\"og:description\" content=\"Double champion du monde en titre de la sp\u00e9cialit\u00e9, Victor Koretzky (Specialized) a remport\u00e9 le XCC de Lenzerheide, en Suisse, devant son co\u00e9quipier et compatriote Adrien Boichis.\" \/>\n<meta property=\"og:url\" content=\"https:\/\/dicodusport.fr\/blog\/vtt-lenzerheide-2025-double-francais-sur-le-xcc-victoire-de-victor-koretzky-devant-adrien-boichis\/\" \/>\n<meta property=\"og:site_name\" content=\"Dicodusport\" \/>\n<meta property=\"article:publisher\" content=\"https:\/\/www.facebook.com\/dicodusport\" \/>\n<meta property=\"article:author\" content=\"https:\/\/www.facebook.com\/florent.ostermann\" \/>\n<meta property=\"article:published_time\" content=\"2025-09-19T16:35:54+00:00\" \/>\n<meta property=\"article:modified_time\" content=\"2025-09-19T18:51:06+00:00\" \/>\n<meta property=\"og:image\" content=\"https:\/\/dicodusport.fr\/blog\/wp-content\/uploads\/2025\/09\/VTT-Lenzerheide-2025-Double-francais-sur-le-XCC-victoire-de-Victor-Koretzky-devant-Adrien-Boichis-2.png\" \/>\n\t<meta property=\"og:image:width\" content=\"1200\" \/>\n\t<meta property=\"og:image:height\" content=\"674\" \/>\n\t<meta property=\"og:image:type\" content=\"image\/png\" \/>\n<meta name=\"author\" content=\"Flo Ostermann\" \/>\n<meta name=\"twitter:card\" content=\"summary_large_image\" \/>\n<meta name=\"twitter:title\" content=\"VTT Lenzerheide 2025 : Doubl\u00e9 fran\u00e7ais sur le XCC, victoire de Victor Koretzky devant Adrien Boichis\" \/>\n<meta name=\"twitter:creator\" content=\"@https:\/\/twitter.com\/FlOstermann\" \/>\n<meta name=\"twitter:site\" content=\"@dicodusport\" \/>\n<script type=\"application\/ld+json\" class=\"yoast-schema-graph\">{\"@context\":\"https:\/\/schema.org\",\"@graph\":[{\"@type\":\"NewsArticle\",\"@id\":\"https:\/\/dicodusport.fr\/blog\/vtt-lenzerheide-2025-double-francais-sur-le-xcc-victoire-de-victor-koretzky-devant-adrien-boichis\/#article\",\"isPartOf\":{\"@id\":\"https:\/\/dicodusport.fr\/blog\/vtt-lenzerheide-2025-double-francais-sur-le-xcc-victoire-de-victor-koretzky-devant-adrien-boichis\/\"},\"author\":{\"name\":\"Flo Ostermann\",\"@id\":\"https:\/\/dicodusport.fr\/blog\/#\/schema\/person\/cb02af4c173ce4a653b55e9baf388d4a\"},\"headline\":\"VTT Lenzerheide 2025 : Doubl\u00e9 fran\u00e7ais sur le XCC, victoire de Victor Koretzky devant Adrien Boichis\",\"datePublished\":\"2025-09-19T16:35:54+00:00\",\"dateModified\":\"2025-09-19T18:51:06+00:00\",\"mainEntityOfPage\":{\"@id\":\"https:\/\/dicodusport.fr\/blog\/vtt-lenzerheide-2025-double-francais-sur-le-xcc-victoire-de-victor-koretzky-devant-adrien-boichis\/\"},\"wordCount\":293,\"commentCount\":0,\"publisher\":{\"@id\":\"https:\/\/dicodusport.fr\/blog\/#organization\"},\"image\":{\"@id\":\"https:\/\/dicodusport.fr\/blog\/vtt-lenzerheide-2025-double-francais-sur-le-xcc-victoire-de-victor-koretzky-devant-adrien-boichis\/#primaryimage\"},\"thumbnailUrl\":\"https:\/\/dicodusport.fr\/blog\/wp-content\/uploads\/2025\/09\/VTT-Lenzerheide-2025-Double-francais-sur-le-XCC-victoire-de-Victor-Koretzky-devant-Adrien-Boichis-2.png\",\"keywords\":[\"br\u00e8ve\",\"Coupe du monde de VTT\",\"sport\",\"VTT\"],\"articleSection\":[\"VTT\"],\"inLanguage\":\"fr-FR\",\"potentialAction\":[{\"@type\":\"CommentAction\",\"name\":\"Comment\",\"target\":[\"https:\/\/dicodusport.fr\/blog\/vtt-lenzerheide-2025-double-francais-sur-le-xcc-victoire-de-victor-koretzky-devant-adrien-boichis\/#respond\"]}],\"copyrightYear\":\"2025\",\"copyrightHolder\":{\"@id\":\"https:\/\/dicodusport.fr\/blog\/#organization\"}},{\"@type\":\"WebPage\",\"@id\":\"https:\/\/dicodusport.fr\/blog\/vtt-lenzerheide-2025-double-francais-sur-le-xcc-victoire-de-victor-koretzky-devant-adrien-boichis\/\",\"url\":\"https:\/\/dicodusport.fr\/blog\/vtt-lenzerheide-2025-double-francais-sur-le-xcc-victoire-de-victor-koretzky-devant-adrien-boichis\/\",\"name\":\"VTT Lenzerheide 2025 : Doubl\u00e9 fran\u00e7ais sur le XCC, victoire de Victor Koretzky devant Adrien Boichis\",\"isPartOf\":{\"@id\":\"https:\/\/dicodusport.fr\/blog\/#website\"},\"primaryImageOfPage\":{\"@id\":\"https:\/\/dicodusport.fr\/blog\/vtt-lenzerheide-2025-double-francais-sur-le-xcc-victoire-de-victor-koretzky-devant-adrien-boichis\/#primaryimage\"},\"image\":{\"@id\":\"https:\/\/dicodusport.fr\/blog\/vtt-lenzerheide-2025-double-francais-sur-le-xcc-victoire-de-victor-koretzky-devant-adrien-boichis\/#primaryimage\"},\"thumbnailUrl\":\"https:\/\/dicodusport.fr\/blog\/wp-content\/uploads\/2025\/09\/VTT-Lenzerheide-2025-Double-francais-sur-le-XCC-victoire-de-Victor-Koretzky-devant-Adrien-Boichis-2.png\",\"datePublished\":\"2025-09-19T16:35:54+00:00\",\"dateModified\":\"2025-09-19T18:51:06+00:00\",\"description\":\"Double champion du monde en titre de la sp\u00e9cialit\u00e9, Victor Koretzky (Specialized) a remport\u00e9 le XCC de Lenzerheide, en Suisse, devant son co\u00e9quipier et compatriote Adrien Boichis.\",\"breadcrumb\":{\"@id\":\"https:\/\/dicodusport.fr\/blog\/vtt-lenzerheide-2025-double-francais-sur-le-xcc-victoire-de-victor-koretzky-devant-adrien-boichis\/#breadcrumb\"},\"inLanguage\":\"fr-FR\",\"potentialAction\":[{\"@type\":\"ReadAction\",\"target\":[\"https:\/\/dicodusport.fr\/blog\/vtt-lenzerheide-2025-double-francais-sur-le-xcc-victoire-de-victor-koretzky-devant-adrien-boichis\/\"]}]},{\"@type\":\"ImageObject\",\"inLanguage\":\"fr-FR\",\"@id\":\"https:\/\/dicodusport.fr\/blog\/vtt-lenzerheide-2025-double-francais-sur-le-xcc-victoire-de-victor-koretzky-devant-adrien-boichis\/#primaryimage\",\"url\":\"https:\/\/dicodusport.fr\/blog\/wp-content\/uploads\/2025\/09\/VTT-Lenzerheide-2025-Double-francais-sur-le-XCC-victoire-de-Victor-Koretzky-devant-Adrien-Boichis-2.png\",\"contentUrl\":\"https:\/\/dicodusport.fr\/blog\/wp-content\/uploads\/2025\/09\/VTT-Lenzerheide-2025-Double-francais-sur-le-XCC-victoire-de-Victor-Koretzky-devant-Adrien-Boichis-2.png\",\"width\":1200,\"height\":674,\"caption\":\"VTT Lenzerheide 2025 Doubl\u00e9 fran\u00e7ais sur le XCC, victoire de Victor Koretzky devant Adrien Boichis\"},{\"@type\":\"BreadcrumbList\",\"@id\":\"https:\/\/dicodusport.fr\/blog\/vtt-lenzerheide-2025-double-francais-sur-le-xcc-victoire-de-victor-koretzky-devant-adrien-boichis\/#breadcrumb\",\"itemListElement\":[{\"@type\":\"ListItem\",\"position\":1,\"name\":\"Accueil\",\"item\":\"https:\/\/dicodusport.fr\/blog\/\"},{\"@type\":\"ListItem\",\"position\":2,\"name\":\"VTT Lenzerheide 2025 : Doubl\u00e9 fran\u00e7ais sur le XCC, victoire de Victor Koretzky devant Adrien Boichis\"}]},{\"@type\":\"WebSite\",\"@id\":\"https:\/\/dicodusport.fr\/blog\/#website\",\"url\":\"https:\/\/dicodusport.fr\/blog\/\",\"name\":\"Dicodusport\",\"description\":\"L&#039;encyclop\u00e9die de l&#039;actualit\u00e9 sportive\",\"publisher\":{\"@id\":\"https:\/\/dicodusport.fr\/blog\/#organization\"},\"potentialAction\":[{\"@type\":\"SearchAction\",\"target\":{\"@type\":\"EntryPoint\",\"urlTemplate\":\"https:\/\/dicodusport.fr\/blog\/?s={search_term_string}\"},\"query-input\":{\"@type\":\"PropertyValueSpecification\",\"valueRequired\":true,\"valueName\":\"search_term_string\"}}],\"inLanguage\":\"fr-FR\"},{\"@type\":\"NewsMediaOrganization\",\"@id\":\"https:\/\/dicodusport.fr\/blog\/#organization\",\"name\":\"Dicodusport\",\"url\":\"https:\/\/dicodusport.fr\/blog\/\",\"logo\":{\"@type\":\"ImageObject\",\"inLanguage\":\"fr-FR\",\"@id\":\"https:\/\/dicodusport.fr\/blog\/#\/schema\/logo\/image\/\",\"url\":\"https:\/\/dicodusport.fr\/blog\/wp-content\/uploads\/2020\/06\/cropped-LOGO-DICODUSPORT-2020-SANS-FOND-SANS-TEXTE.png\",\"contentUrl\":\"https:\/\/dicodusport.fr\/blog\/wp-content\/uploads\/2020\/06\/cropped-LOGO-DICODUSPORT-2020-SANS-FOND-SANS-TEXTE.png\",\"width\":512,\"height\":512,\"caption\":\"Dicodusport\"},\"image\":{\"@id\":\"https:\/\/dicodusport.fr\/blog\/#\/schema\/logo\/image\/\"},\"sameAs\":[\"https:\/\/www.facebook.com\/dicodusport\",\"https:\/\/x.com\/dicodusport\",\"https:\/\/www.instagram.com\/dicodusport\/\",\"https:\/\/www.youtube.com\/channel\/UC7V2KZ5sd3htJivAbA4ZG3w\"],\"description\":\"Dicodusport est l'encyclop\u00e9die de l'actualit\u00e9 sportive.\",\"email\":\"bonjour@dicodusport.fr\",\"legalName\":\"DICODUSPORT\",\"foundingDate\":\"2018-01-14\",\"vatID\":\"FR71834470973\",\"taxID\":\"83447097300043\",\"numberOfEmployees\":{\"@type\":\"QuantitativeValue\",\"minValue\":\"1\",\"maxValue\":\"10\"}},{\"@type\":\"Person\",\"@id\":\"https:\/\/dicodusport.fr\/blog\/#\/schema\/person\/cb02af4c173ce4a653b55e9baf388d4a\",\"name\":\"Flo Ostermann\",\"image\":{\"@type\":\"ImageObject\",\"inLanguage\":\"fr-FR\",\"@id\":\"https:\/\/dicodusport.fr\/blog\/#\/schema\/person\/image\/\",\"url\":\"https:\/\/dicodusport.fr\/blog\/wp-content\/uploads\/2021\/05\/Flo-Ostermann-150x150.jpg\",\"contentUrl\":\"https:\/\/dicodusport.fr\/blog\/wp-content\/uploads\/2021\/05\/Flo-Ostermann-150x150.jpg\",\"caption\":\"Flo Ostermann\"},\"description\":\"Journaliste\/R\u00e9dacteur depuis septembre 2015 - Mes premiers souvenirs dans le sport ? Les envol\u00e9es du Stade Toulousain et les duels Villeneuve-Schumacher et H\u00e4kkinen-Schumacher \u00e0 la fin des ann\u00e9es 90, la Coupe du monde de football en 1998, l\u2019exploit du XV de France face aux All Blacks en 1999, mais aussi Richard C\u0153ur de Lion qui vole sur les montagnes du Tour de France. Bien parti pour devenir professeur d\u2019EPS, les \u00e9v\u00e9nements de la vie (et la flemme d\u2019animer des s\u00e9ances de 3x500 m\u00e8tres toute ma vie) m\u2019ont conduit \u00e0 revoir mes plans. Me voil\u00e0 depuis fin 2017 sur Dicodusport, m\u00e9dia gr\u00e2ce (et pour) lequel je partage ma passion : le sport dans tous ses \u00e9tats. Le tout accompagn\u00e9 par les fous furieux et folles furieuses cit\u00e9s sur cette page !\",\"sameAs\":[\"https:\/\/www.facebook.com\/florent.ostermann\",\"https:\/\/x.com\/https:\/\/twitter.com\/FlOstermann\",\"admin\"],\"url\":\"https:\/\/dicodusport.fr\/blog\/author\/flo\/\"}]}<\/script>\n<!-- \/ Yoast SEO Premium plugin. -->","yoast_head_json":{"title":"VTT Lenzerheide 2025 : Doubl\u00e9 fran\u00e7ais sur le XCC, victoire de Victor Koretzky devant Adrien Boichis","description":"Double champion du monde en titre de la sp\u00e9cialit\u00e9, Victor Koretzky (Specialized) a remport\u00e9 le XCC de Lenzerheide, en Suisse, devant son co\u00e9quipier et compatriote Adrien Boichis.","robots":{"index":"index","follow":"follow","max-snippet":"max-snippet:-1","max-image-preview":"max-image-preview:large","max-video-preview":"max-video-preview:-1"},"canonical":"https:\/\/dicodusport.fr\/blog\/vtt-lenzerheide-2025-double-francais-sur-le-xcc-victoire-de-victor-koretzky-devant-adrien-boichis\/","og_locale":"fr_FR","og_type":"article","og_title":"VTT Lenzerheide 2025 : Doubl\u00e9 fran\u00e7ais sur le XCC, victoire de Victor Koretzky devant Adrien Boichis","og_description":"Double champion du monde en titre de la sp\u00e9cialit\u00e9, Victor Koretzky (Specialized) a remport\u00e9 le XCC de Lenzerheide, en Suisse, devant son co\u00e9quipier et compatriote Adrien Boichis.","og_url":"https:\/\/dicodusport.fr\/blog\/vtt-lenzerheide-2025-double-francais-sur-le-xcc-victoire-de-victor-koretzky-devant-adrien-boichis\/","og_site_name":"Dicodusport","article_publisher":"https:\/\/www.facebook.com\/dicodusport","article_author":"https:\/\/www.facebook.com\/florent.ostermann","article_published_time":"2025-09-19T16:35:54+00:00","article_modified_time":"2025-09-19T18:51:06+00:00","og_image":[{"width":1200,"height":674,"url":"https:\/\/dicodusport.fr\/blog\/wp-content\/uploads\/2025\/09\/VTT-Lenzerheide-2025-Double-francais-sur-le-XCC-victoire-de-Victor-Koretzky-devant-Adrien-Boichis-2.png","type":"image\/png"}],"author":"Flo Ostermann","twitter_card":"summary_large_image","twitter_title":"VTT Lenzerheide 2025 : Doubl\u00e9 fran\u00e7ais sur le XCC, victoire de Victor Koretzky devant Adrien Boichis","twitter_creator":"@https:\/\/twitter.com\/FlOstermann","twitter_site":"@dicodusport","schema":{"@context":"https:\/\/schema.org","@graph":[{"@type":"NewsArticle","@id":"https:\/\/dicodusport.fr\/blog\/vtt-lenzerheide-2025-double-francais-sur-le-xcc-victoire-de-victor-koretzky-devant-adrien-boichis\/#article","isPartOf":{"@id":"https:\/\/dicodusport.fr\/blog\/vtt-lenzerheide-2025-double-francais-sur-le-xcc-victoire-de-victor-koretzky-devant-adrien-boichis\/"},"author":{"name":"Flo Ostermann","@id":"https:\/\/dicodusport.fr\/blog\/#\/schema\/person\/cb02af4c173ce4a653b55e9baf388d4a"},"headline":"VTT Lenzerheide 2025 : Doubl\u00e9 fran\u00e7ais sur le XCC, victoire de Victor Koretzky devant Adrien Boichis","datePublished":"2025-09-19T16:35:54+00:00","dateModified":"2025-09-19T18:51:06+00:00","mainEntityOfPage":{"@id":"https:\/\/dicodusport.fr\/blog\/vtt-lenzerheide-2025-double-francais-sur-le-xcc-victoire-de-victor-koretzky-devant-adrien-boichis\/"},"wordCount":293,"commentCount":0,"publisher":{"@id":"https:\/\/dicodusport.fr\/blog\/#organization"},"image":{"@id":"https:\/\/dicodusport.fr\/blog\/vtt-lenzerheide-2025-double-francais-sur-le-xcc-victoire-de-victor-koretzky-devant-adrien-boichis\/#primaryimage"},"thumbnailUrl":"https:\/\/dicodusport.fr\/blog\/wp-content\/uploads\/2025\/09\/VTT-Lenzerheide-2025-Double-francais-sur-le-XCC-victoire-de-Victor-Koretzky-devant-Adrien-Boichis-2.png","keywords":["br\u00e8ve","Coupe du monde de VTT","sport","VTT"],"articleSection":["VTT"],"inLanguage":"fr-FR","potentialAction":[{"@type":"CommentAction","name":"Comment","target":["https:\/\/dicodusport.fr\/blog\/vtt-lenzerheide-2025-double-francais-sur-le-xcc-victoire-de-victor-koretzky-devant-adrien-boichis\/#respond"]}],"copyrightYear":"2025","copyrightHolder":{"@id":"https:\/\/dicodusport.fr\/blog\/#organization"}},{"@type":"WebPage","@id":"https:\/\/dicodusport.fr\/blog\/vtt-lenzerheide-2025-double-francais-sur-le-xcc-victoire-de-victor-koretzky-devant-adrien-boichis\/","url":"https:\/\/dicodusport.fr\/blog\/vtt-lenzerheide-2025-double-francais-sur-le-xcc-victoire-de-victor-koretzky-devant-adrien-boichis\/","name":"VTT Lenzerheide 2025 : Doubl\u00e9 fran\u00e7ais sur le XCC, victoire de Victor Koretzky devant Adrien Boichis","isPartOf":{"@id":"https:\/\/dicodusport.fr\/blog\/#website"},"primaryImageOfPage":{"@id":"https:\/\/dicodusport.fr\/blog\/vtt-lenzerheide-2025-double-francais-sur-le-xcc-victoire-de-victor-koretzky-devant-adrien-boichis\/#primaryimage"},"image":{"@id":"https:\/\/dicodusport.fr\/blog\/vtt-lenzerheide-2025-double-francais-sur-le-xcc-victoire-de-victor-koretzky-devant-adrien-boichis\/#primaryimage"},"thumbnailUrl":"https:\/\/dicodusport.fr\/blog\/wp-content\/uploads\/2025\/09\/VTT-Lenzerheide-2025-Double-francais-sur-le-XCC-victoire-de-Victor-Koretzky-devant-Adrien-Boichis-2.png","datePublished":"2025-09-19T16:35:54+00:00","dateModified":"2025-09-19T18:51:06+00:00","description":"Double champion du monde en titre de la sp\u00e9cialit\u00e9, Victor Koretzky (Specialized) a remport\u00e9 le XCC de Lenzerheide, en Suisse, devant son co\u00e9quipier et compatriote Adrien Boichis.","breadcrumb":{"@id":"https:\/\/dicodusport.fr\/blog\/vtt-lenzerheide-2025-double-francais-sur-le-xcc-victoire-de-victor-koretzky-devant-adrien-boichis\/#breadcrumb"},"inLanguage":"fr-FR","potentialAction":[{"@type":"ReadAction","target":["https:\/\/dicodusport.fr\/blog\/vtt-lenzerheide-2025-double-francais-sur-le-xcc-victoire-de-victor-koretzky-devant-adrien-boichis\/"]}]},{"@type":"ImageObject","inLanguage":"fr-FR","@id":"https:\/\/dicodusport.fr\/blog\/vtt-lenzerheide-2025-double-francais-sur-le-xcc-victoire-de-victor-koretzky-devant-adrien-boichis\/#primaryimage","url":"https:\/\/dicodusport.fr\/blog\/wp-content\/uploads\/2025\/09\/VTT-Lenzerheide-2025-Double-francais-sur-le-XCC-victoire-de-Victor-Koretzky-devant-Adrien-Boichis-2.png","contentUrl":"https:\/\/dicodusport.fr\/blog\/wp-content\/uploads\/2025\/09\/VTT-Lenzerheide-2025-Double-francais-sur-le-XCC-victoire-de-Victor-Koretzky-devant-Adrien-Boichis-2.png","width":1200,"height":674,"caption":"VTT Lenzerheide 2025 Doubl\u00e9 fran\u00e7ais sur le XCC, victoire de Victor Koretzky devant Adrien Boichis"},{"@type":"BreadcrumbList","@id":"https:\/\/dicodusport.fr\/blog\/vtt-lenzerheide-2025-double-francais-sur-le-xcc-victoire-de-victor-koretzky-devant-adrien-boichis\/#breadcrumb","itemListElement":[{"@type":"ListItem","position":1,"name":"Accueil","item":"https:\/\/dicodusport.fr\/blog\/"},{"@type":"ListItem","position":2,"name":"VTT Lenzerheide 2025 : Doubl\u00e9 fran\u00e7ais sur le XCC, victoire de Victor Koretzky devant Adrien Boichis"}]},{"@type":"WebSite","@id":"https:\/\/dicodusport.fr\/blog\/#website","url":"https:\/\/dicodusport.fr\/blog\/","name":"Dicodusport","description":"L&#039;encyclop\u00e9die de l&#039;actualit\u00e9 sportive","publisher":{"@id":"https:\/\/dicodusport.fr\/blog\/#organization"},"potentialAction":[{"@type":"SearchAction","target":{"@type":"EntryPoint","urlTemplate":"https:\/\/dicodusport.fr\/blog\/?s={search_term_string}"},"query-input":{"@type":"PropertyValueSpecification","valueRequired":true,"valueName":"search_term_string"}}],"inLanguage":"fr-FR"},{"@type":"NewsMediaOrganization","@id":"https:\/\/dicodusport.fr\/blog\/#organization","name":"Dicodusport","url":"https:\/\/dicodusport.fr\/blog\/","logo":{"@type":"ImageObject","inLanguage":"fr-FR","@id":"https:\/\/dicodusport.fr\/blog\/#\/schema\/logo\/image\/","url":"https:\/\/dicodusport.fr\/blog\/wp-content\/uploads\/2020\/06\/cropped-LOGO-DICODUSPORT-2020-SANS-FOND-SANS-TEXTE.png","contentUrl":"https:\/\/dicodusport.fr\/blog\/wp-content\/uploads\/2020\/06\/cropped-LOGO-DICODUSPORT-2020-SANS-FOND-SANS-TEXTE.png","width":512,"height":512,"caption":"Dicodusport"},"image":{"@id":"https:\/\/dicodusport.fr\/blog\/#\/schema\/logo\/image\/"},"sameAs":["https:\/\/www.facebook.com\/dicodusport","https:\/\/x.com\/dicodusport","https:\/\/www.instagram.com\/dicodusport\/","https:\/\/www.youtube.com\/channel\/UC7V2KZ5sd3htJivAbA4ZG3w"],"description":"Dicodusport est l'encyclop\u00e9die de l'actualit\u00e9 sportive.","email":"bonjour@dicodusport.fr","legalName":"DICODUSPORT","foundingDate":"2018-01-14","vatID":"FR71834470973","taxID":"83447097300043","numberOfEmployees":{"@type":"QuantitativeValue","minValue":"1","maxValue":"10"}},{"@type":"Person","@id":"https:\/\/dicodusport.fr\/blog\/#\/schema\/person\/cb02af4c173ce4a653b55e9baf388d4a","name":"Flo Ostermann","image":{"@type":"ImageObject","inLanguage":"fr-FR","@id":"https:\/\/dicodusport.fr\/blog\/#\/schema\/person\/image\/","url":"https:\/\/dicodusport.fr\/blog\/wp-content\/uploads\/2021\/05\/Flo-Ostermann-150x150.jpg","contentUrl":"https:\/\/dicodusport.fr\/blog\/wp-content\/uploads\/2021\/05\/Flo-Ostermann-150x150.jpg","caption":"Flo Ostermann"},"description":"Journaliste\/R\u00e9dacteur depuis septembre 2015 - Mes premiers souvenirs dans le sport ? Les envol\u00e9es du Stade Toulousain et les duels Villeneuve-Schumacher et H\u00e4kkinen-Schumacher \u00e0 la fin des ann\u00e9es 90, la Coupe du monde de football en 1998, l\u2019exploit du XV de France face aux All Blacks en 1999, mais aussi Richard C\u0153ur de Lion qui vole sur les montagnes du Tour de France. Bien parti pour devenir professeur d\u2019EPS, les \u00e9v\u00e9nements de la vie (et la flemme d\u2019animer des s\u00e9ances de 3x500 m\u00e8tres toute ma vie) m\u2019ont conduit \u00e0 revoir mes plans. Me voil\u00e0 depuis fin 2017 sur Dicodusport, m\u00e9dia gr\u00e2ce (et pour) lequel je partage ma passion : le sport dans tous ses \u00e9tats. Le tout accompagn\u00e9 par les fous furieux et folles furieuses cit\u00e9s sur cette page !","sameAs":["https:\/\/www.facebook.com\/florent.ostermann","https:\/\/x.com\/https:\/\/twitter.com\/FlOstermann","admin"],"url":"https:\/\/dicodusport.fr\/blog\/author\/flo\/"}]}},"_links":{"self":[{"href":"https:\/\/dicodusport.fr\/blog\/wp-json\/wp\/v2\/posts\/612628","targetHints":{"allow":["GET"]}}],"collection":[{"href":"https:\/\/dicodusport.fr\/blog\/wp-json\/wp\/v2\/posts"}],"about":[{"href":"https:\/\/dicodusport.fr\/blog\/wp-json\/wp\/v2\/types\/post"}],"author":[{"embeddable":true,"href":"https:\/\/dicodusport.fr\/blog\/wp-json\/wp\/v2\/users\/4"}],"replies":[{"embeddable":true,"href":"https:\/\/dicodusport.fr\/blog\/wp-json\/wp\/v2\/comments?post=612628"}],"version-history":[{"count":5,"href":"https:\/\/dicodusport.fr\/blog\/wp-json\/wp\/v2\/posts\/612628\/revisions"}],"predecessor-version":[{"id":612670,"href":"https:\/\/dicodusport.fr\/blog\/wp-json\/wp\/v2\/posts\/612628\/revisions\/612670"}],"wp:featuredmedia":[{"embeddable":true,"href":"https:\/\/dicodusport.fr\/blog\/wp-json\/wp\/v2\/media\/612669"}],"wp:attachment":[{"href":"https:\/\/dicodusport.fr\/blog\/wp-json\/wp\/v2\/media?parent=612628"}],"wp:term":[{"taxonomy":"category","embeddable":true,"href":"https:\/\/dicodusport.fr\/blog\/wp-json\/wp\/v2\/categories?post=612628"},{"taxonomy":"post_tag","embeddable":true,"href":"https:\/\/dicodusport.fr\/blog\/wp-json\/wp\/v2\/tags?post=612628"}],"curies":[{"name":"wp","href":"https:\/\/api.w.org\/{rel}","templated":true}]}}