{"id":612708,"date":"2025-09-20T08:39:23","date_gmt":"2025-09-20T06:39:23","guid":{"rendered":"https:\/\/dicodusport.fr\/blog\/?p=612708&#038;preview=true&#038;preview_id=612708"},"modified":"2025-09-20T08:39:23","modified_gmt":"2025-09-20T06:39:23","slug":"mondiaux-athletisme-2025-perez-bonfim-quinion-le-resume-de-la-matinee-du-samedi-20-septembre","status":"publish","type":"post","link":"https:\/\/dicodusport.fr\/blog\/mondiaux-athletisme-2025-perez-bonfim-quinion-le-resume-de-la-matinee-du-samedi-20-septembre\/","title":{"rendered":"Mondiaux Athl\u00e9tisme 2025 : Perez, Bonfim, Quinion, le r\u00e9sum\u00e9 de la matin\u00e9e du samedi 20 septembre"},"content":{"rendered":"<p style=\"text-align: justify;\"><strong><em>CHAMPIONNATS DU MONDE D\u2019ATHL\u00c9TISME 2025 &#8211; Mar\u00eda P\u00e9rez a fait le doubl\u00e9 20-35 km \u00e0 la marche, alors qu&rsquo;Aur\u00e9lien Quinion est pass\u00e9 tout pr\u00e8s de la m\u00e9daille. Le Fran\u00e7ais prend la 4\u00e8me place du 20 km \u00e0 quatre secondes du podium. Gabriel Bordier est 5\u00e8me de la course.<\/em><\/strong><\/p>\n<ul style=\"text-align: justify;\">\n<li style=\"text-align: justify;\"><strong>\u00c0 ce sujet &#8211; <a href=\"https:\/\/dicodusport.fr\/blog\/tableau-des-medailles-athletisme-championnats-du-monde-2025-mis-a-jour\/\">Tableau des m\u00e9dailles Athl\u00e9tisme Championnats du monde 2025 mis \u00e0 jour<\/a><\/strong><\/li>\n<\/ul>\n<h2 style=\"text-align: justify;\">Maria Perez fait le doubl\u00e9 sur 20 km, Quinion et Bordier au pied du podium du 20 km<\/h2>\n<h3 style=\"text-align: justify;\">La course parfaite de Perez<\/h3>\n<p style=\"text-align: justify;\"><b>Mar\u00eda P\u00e9rez<\/b> s&rsquo;offre le double doubl\u00e9. Deux ans apr\u00e8s le doubl\u00e9 20-35 km marche, aux Mondiaux de Budapest, l&rsquo;Espagnole entre un peu plus dans la l\u00e9gende de son sport, en reproduisant le m\u00eame exploit qu&rsquo;\u00e0 Budapest. Dans une course stratosph\u00e9rique. Elle aura produit une acc\u00e9l\u00e9ration brutale en 4:09 au 16\u00e8me kilom\u00e8tre, apr\u00e8s trois kilom\u00e8tres d\u00e9j\u00e0 supersoniques. Capable d&rsquo;aligner des kilom\u00e8tres hallucinants, elle n&rsquo;a laiss\u00e9 aucune chance aux autres.<\/p>\n<p style=\"text-align: justify;\">L&rsquo;Espagnole a fini par \u00e9c\u0153urer<strong> Alegna Gonz\u00e1lez,<\/strong> qui a \u00e9t\u00e9 la derni\u00e8re \u00e0 s&rsquo;accrocher, avant de renoncer. Mar\u00eda P\u00e9rez, malgr\u00e9 un premier 10 km relativement \u00ab\u00a0lent\u00a0\u00bb, aura fait trembler son record d&rsquo;Espagne. Elle s&rsquo;impose en 1h25:53. Alegna Gonz\u00e1lez prend la 2\u00e8me place avec un record continental en 1:26:06. <strong>Nanako Fujii<\/strong> sauve sa 3\u00e8me place aux centi\u00e8mes avec un chrono de 1h26:18. Auteure d&rsquo;une belle remont\u00e9e, <strong>Pauline Stey<\/strong> prend la 11\u00e8me place de la finale. En perdant deux places sur la ligne. Elle r\u00e9alise un chrono de 1h28:52. Elle est 3\u00e8me europ\u00e9enne, de quoi esp\u00e9rer pour les championnats d&rsquo;Europe 2026. Cinq des sept premi\u00e8res ont battu leur record personnel.<\/p>\n<blockquote class=\"twitter-tweet\">\n<p dir=\"ltr\" lang=\"en\">So nice she did it twice! \u270c\ufe0f<\/p>\n<p>\ud83e\udd47 20km race walk<br \/>\n\ud83e\udd47 35km race walk<\/p>\n<p>Maria Perez \ud83c\uddea\ud83c\uddf8 defends her 20km race walk title at the <a href=\"https:\/\/twitter.com\/hashtag\/WorldAthleticsChamps?src=hash&amp;ref_src=twsrc%5Etfw\">#WorldAthleticsChamps<\/a>! <a href=\"https:\/\/t.co\/Pxo5TDz7rO\">pic.twitter.com\/Pxo5TDz7rO<\/a><\/p>\n<p>\u2014 European Athletics (@EuroAthletics) <a href=\"https:\/\/twitter.com\/EuroAthletics\/status\/1969193717790617781?ref_src=twsrc%5Etfw\">September 20, 2025<\/a><\/p><\/blockquote>\n<p><script async src=\"https:\/\/platform.twitter.com\/widgets.js\" charset=\"utf-8\"><\/script><\/p>\n<h3 style=\"text-align: justify;\">Encore un sc\u00e9nario cruel pour Aur\u00e9lien Quinion<\/h3>\n<p style=\"text-align: justify;\">Mais que c&rsquo;est dur pour <strong>Aur\u00e9lien Quinion<\/strong>. Deux courses admirables, deux fois hors du podium. Apr\u00e8s sa 5\u00e8me place sur le 35 km marche et ses crampes, le Fran\u00e7ais a touch\u00e9 du doigt la m\u00e9daille de bronze. 3\u00e8me \u00e0 deux kilom\u00e8tres du but. Mais la fus\u00e9e <strong>Caio Bonfim<\/strong> est arriv\u00e9e pour le d\u00e9border, puis d\u00e9border tout le monde. Au terme d&rsquo;un kilom\u00e8tre qui aurait peut-\u00eatre d\u00fb valoir une disqualification directe, le Br\u00e9silien a atomis\u00e9 la concurrence.<\/p>\n<p style=\"text-align: justify;\">Personne n&rsquo;a pu lui r\u00e9sister. Apr\u00e8s l&rsquo;argent au 35 km, le Br\u00e9silien prend l&rsquo;or. Il devance <strong>Zhaozhao Wang,<\/strong> qui a r\u00e9ussi \u00e0 sauver sa deuxi\u00e8me place, menac\u00e9e par l&rsquo;Espagnol <strong>Paul McGrath<\/strong>, un temps en t\u00eate, avant de caler dans le final. Mais ce dernier a conserv\u00e9 sa troisi\u00e8me place pour quatre secondes face au Fran\u00e7ais. <strong>Aur\u00e9lien Quinion<\/strong> aura battu son record de plus d&rsquo;une minute (1:18:49). Et on a m\u00eame deux Fran\u00e7ais dans le Top 5, ce qui est historique. <strong>Gabriel Bordier<\/strong> prend la 5\u00e8me place. Longtemps dans le groupe de t\u00eate, il aura pay\u00e9 cher ses deux demandes de disqualification en deux kilom\u00e8tres. Mais r\u00e9alise une course pleine en 1h19:23. Les Fran\u00e7ais ont touch\u00e9 du doigt le r\u00eave. Mais ce n&rsquo;est que partie remise.<\/p>\n<blockquote class=\"twitter-tweet\">\n<p dir=\"ltr\" lang=\"fr\">\ud83e\udd75 Quel 20 km marche d\u2019Aur\u00e9lien Quinion !<\/p>\n<p>\ud83c\uddeb\ud83c\uddf7 Quelques jours apr\u00e8s sa 5e place sur le 35 km, le Fran\u00e7ais termine finaliste en 4e position sur 20 km, pulv\u00e9risant son record personnel en 1h18\u201949\u2019\u2019 \ud83e\udd2f<\/p>\n<p>\ud83d\udc4f \u00c0 seulement quelques secondes d\u2019une m\u00e9daille de bronze\u2026 cruel et magnifique \u00e0\u2026 <a href=\"https:\/\/t.co\/RSqaHO8bUF\">pic.twitter.com\/RSqaHO8bUF<\/a><\/p>\n<p>\u2014 FFAthl\u00e9tisme (@FFAthletisme) <a href=\"https:\/\/twitter.com\/FFAthletisme\/status\/1969226942713913803?ref_src=twsrc%5Etfw\">September 20, 2025<\/a><\/p><\/blockquote>\n<p><script async src=\"https:\/\/platform.twitter.com\/widgets.js\" charset=\"utf-8\"><\/script><\/p>\n<ul style=\"text-align: justify;\">\n<li style=\"text-align: justify;\"><strong>\u00c0 ce sujet \u2013\u00a0<a href=\"https:\/\/dicodusport.fr\/blog\/calendrier-et-resultats-championnats-du-monde-dathletisme-2025\/\" target=\"_blank\" rel=\"noopener\">Championnats du monde d\u2019athl\u00e9tisme 2025 : Calendrier complet et r\u00e9sultats en direct<\/a><\/strong><\/li>\n<\/ul>\n<h2 style=\"text-align: justify;\">Les favoris ne se sont pas manqu\u00e9s au disque et au poids<\/h2>\n<p style=\"text-align: justify;\">Les lanceurs et lanceuses s&rsquo;\u00e9taient encore une fois donn\u00e9 rendez-vous. Les hommes avec le concours de disque. Avec un champion du monde en titre revenu en forme et en force.<strong> Daniel Stahl<\/strong> r\u00e9alise le meilleur jet des qualifications. (69.90 m).<strong> Kristjan \u010ceh<\/strong>\u00a0(68.08 m), <strong>Martynas Alekna<\/strong> (67.16 m) et <strong>Matthew Denny<\/strong> (66.63 m) franchissent le cap de la qualification directe.<strong> Jordan Guehaseim<\/strong> est pass\u00e9 un peu \u00e0 c\u00f4t\u00e9 de son concours, avec un jet \u00e0 56.64 m.<strong> Lolassonn Djouhan<\/strong> a \u00e9t\u00e9 un peu mieux que son compatriote. Mais son jet \u00e0 63.13 m ne suffira pas \u00e0 entrer dans la grande finale.<\/p>\n<p style=\"text-align: justify;\">Les femmes avaient rendez-vous avec le poids. Et qui dit championnat dit <strong>Yemisi Ogunleye<\/strong>. L&rsquo;Allemande r\u00e9alise le meilleur jet des qualifications, avec 19.65 m. <strong>Chase Jackson<\/strong> (19.31 m), <strong>Maddison-Lee Wesche<\/strong> (19.27 m), <strong>Fanny Roos<\/strong> (19.24 m) et <strong>Sarah Mitton<\/strong> (19.20 m) franchissent \u00e9galement le seuil de qualification directe pour une finale, qui aura lieu ce soir \u00e0 Tokyo.<\/p>\n<p style=\"text-align: justify;\">\n","protected":false},"excerpt":{"rendered":"<p>Jefferson-Wooden, Benjamin, Pichardo, le r\u00e9sum\u00e9 de la soir\u00e9e du vendredi 19 septembre<\/p>\n","protected":false},"author":83,"featured_media":612759,"comment_status":"open","ping_status":"closed","sticky":false,"template":"","format":"standard","meta":{"_acf_changed":false,"_daextam_enable_autolinks":"1","footnotes":""},"categories":[46997],"tags":[32415,143,16878,8594],"class_list":["post-612708","post","type-post","status-publish","format-standard","has-post-thumbnail","hentry","category-championnats-du-monde-athletisme","tag-actu","tag-athletisme","tag-breve","tag-championnats-du-monde-dathletisme"],"acf":[],"yoast_head":"<!-- This site is optimized with the Yoast SEO Premium plugin v26.7 (Yoast SEO v26.7) - https:\/\/yoast.com\/wordpress\/plugins\/seo\/ -->\n<title>Mondiaux Athl\u00e9tisme 2025 : Perez, Bonfim, Quinion, le r\u00e9sum\u00e9 de la matin\u00e9e du samedi 20 septembre<\/title>\n<meta name=\"description\" content=\"CHAMPIONNATS DU MONDE D\u2019ATHL\u00c9TISME 2025 - Maria Perez a fait le doubl\u00e9 35-20 km \u00e0 la marche, alors qu&#039;Aur\u00e9lien Quinion est pass\u00e9 tout pr\u00e8s de la m\u00e9daille.\" \/>\n<meta name=\"robots\" content=\"index, follow, max-snippet:-1, max-image-preview:large, max-video-preview:-1\" \/>\n<link rel=\"canonical\" href=\"https:\/\/dicodusport.fr\/blog\/mondiaux-athletisme-2025-perez-bonfim-quinion-le-resume-de-la-matinee-du-samedi-20-septembre\/\" \/>\n<meta property=\"og:locale\" content=\"fr_FR\" \/>\n<meta property=\"og:type\" content=\"article\" \/>\n<meta property=\"og:title\" content=\"Mondiaux Athl\u00e9tisme 2025 : Perez, Bonfim, Quinion, le r\u00e9sum\u00e9 de la matin\u00e9e du samedi 20 septembre\" \/>\n<meta property=\"og:description\" content=\"CHAMPIONNATS DU MONDE D\u2019ATHL\u00c9TISME 2025 - Maria Perez a fait le doubl\u00e9 35-20 km \u00e0 la marche, alors qu&#039;Aur\u00e9lien Quinion est pass\u00e9 tout pr\u00e8s de la m\u00e9daille.\" \/>\n<meta property=\"og:url\" content=\"https:\/\/dicodusport.fr\/blog\/mondiaux-athletisme-2025-perez-bonfim-quinion-le-resume-de-la-matinee-du-samedi-20-septembre\/\" \/>\n<meta property=\"og:site_name\" content=\"Dicodusport\" \/>\n<meta property=\"article:publisher\" content=\"https:\/\/www.facebook.com\/dicodusport\" \/>\n<meta property=\"article:published_time\" content=\"2025-09-20T06:39:23+00:00\" \/>\n<meta property=\"og:image\" content=\"https:\/\/dicodusport.fr\/blog\/wp-content\/uploads\/2025\/09\/Mondiaux-Athletisme-2025-Perez-Bonfim-Quinion-le-resume-de-la-matinee-du-samedi-19-septembre.png\" \/>\n\t<meta property=\"og:image:width\" content=\"1200\" \/>\n\t<meta property=\"og:image:height\" content=\"674\" \/>\n\t<meta property=\"og:image:type\" content=\"image\/png\" \/>\n<meta name=\"author\" content=\"Etienne Goursaud\" \/>\n<meta name=\"twitter:card\" content=\"summary_large_image\" \/>\n<meta name=\"twitter:title\" content=\"Mondiaux Athl\u00e9tisme 2025 : Perez, Bonfim, Quinion, le r\u00e9sum\u00e9 de la matin\u00e9e du samedi 20 septembre\" \/>\n<meta name=\"twitter:creator\" content=\"@dicodusport\" \/>\n<meta name=\"twitter:site\" content=\"@dicodusport\" \/>\n<script type=\"application\/ld+json\" class=\"yoast-schema-graph\">{\"@context\":\"https:\/\/schema.org\",\"@graph\":[{\"@type\":\"NewsArticle\",\"@id\":\"https:\/\/dicodusport.fr\/blog\/mondiaux-athletisme-2025-perez-bonfim-quinion-le-resume-de-la-matinee-du-samedi-20-septembre\/#article\",\"isPartOf\":{\"@id\":\"https:\/\/dicodusport.fr\/blog\/mondiaux-athletisme-2025-perez-bonfim-quinion-le-resume-de-la-matinee-du-samedi-20-septembre\/\"},\"author\":{\"name\":\"Etienne Goursaud\",\"@id\":\"https:\/\/dicodusport.fr\/blog\/#\/schema\/person\/d603dd7da31fb2b46c82b9835a77ec13\"},\"headline\":\"Mondiaux Athl\u00e9tisme 2025 : Perez, Bonfim, Quinion, le r\u00e9sum\u00e9 de la matin\u00e9e du samedi 20 septembre\",\"datePublished\":\"2025-09-20T06:39:23+00:00\",\"mainEntityOfPage\":{\"@id\":\"https:\/\/dicodusport.fr\/blog\/mondiaux-athletisme-2025-perez-bonfim-quinion-le-resume-de-la-matinee-du-samedi-20-septembre\/\"},\"wordCount\":816,\"commentCount\":0,\"publisher\":{\"@id\":\"https:\/\/dicodusport.fr\/blog\/#organization\"},\"image\":{\"@id\":\"https:\/\/dicodusport.fr\/blog\/mondiaux-athletisme-2025-perez-bonfim-quinion-le-resume-de-la-matinee-du-samedi-20-septembre\/#primaryimage\"},\"thumbnailUrl\":\"https:\/\/dicodusport.fr\/blog\/wp-content\/uploads\/2025\/09\/Mondiaux-Athletisme-2025-Perez-Bonfim-Quinion-le-resume-de-la-matinee-du-samedi-19-septembre.png\",\"keywords\":[\"actu\",\"Athl\u00e9tisme\",\"br\u00e8ve\",\"Championnats du monde d'athl\u00e9tisme\"],\"articleSection\":[\"Championnats du monde d'athl\u00e9tisme\"],\"inLanguage\":\"fr-FR\",\"potentialAction\":[{\"@type\":\"CommentAction\",\"name\":\"Comment\",\"target\":[\"https:\/\/dicodusport.fr\/blog\/mondiaux-athletisme-2025-perez-bonfim-quinion-le-resume-de-la-matinee-du-samedi-20-septembre\/#respond\"]}],\"copyrightYear\":\"2025\",\"copyrightHolder\":{\"@id\":\"https:\/\/dicodusport.fr\/blog\/#organization\"}},{\"@type\":\"WebPage\",\"@id\":\"https:\/\/dicodusport.fr\/blog\/mondiaux-athletisme-2025-perez-bonfim-quinion-le-resume-de-la-matinee-du-samedi-20-septembre\/\",\"url\":\"https:\/\/dicodusport.fr\/blog\/mondiaux-athletisme-2025-perez-bonfim-quinion-le-resume-de-la-matinee-du-samedi-20-septembre\/\",\"name\":\"Mondiaux Athl\u00e9tisme 2025 : Perez, Bonfim, Quinion, le r\u00e9sum\u00e9 de la matin\u00e9e du samedi 20 septembre\",\"isPartOf\":{\"@id\":\"https:\/\/dicodusport.fr\/blog\/#website\"},\"primaryImageOfPage\":{\"@id\":\"https:\/\/dicodusport.fr\/blog\/mondiaux-athletisme-2025-perez-bonfim-quinion-le-resume-de-la-matinee-du-samedi-20-septembre\/#primaryimage\"},\"image\":{\"@id\":\"https:\/\/dicodusport.fr\/blog\/mondiaux-athletisme-2025-perez-bonfim-quinion-le-resume-de-la-matinee-du-samedi-20-septembre\/#primaryimage\"},\"thumbnailUrl\":\"https:\/\/dicodusport.fr\/blog\/wp-content\/uploads\/2025\/09\/Mondiaux-Athletisme-2025-Perez-Bonfim-Quinion-le-resume-de-la-matinee-du-samedi-19-septembre.png\",\"datePublished\":\"2025-09-20T06:39:23+00:00\",\"description\":\"CHAMPIONNATS DU MONDE D\u2019ATHL\u00c9TISME 2025 - Maria Perez a fait le doubl\u00e9 35-20 km \u00e0 la marche, alors qu'Aur\u00e9lien Quinion est pass\u00e9 tout pr\u00e8s de la m\u00e9daille.\",\"breadcrumb\":{\"@id\":\"https:\/\/dicodusport.fr\/blog\/mondiaux-athletisme-2025-perez-bonfim-quinion-le-resume-de-la-matinee-du-samedi-20-septembre\/#breadcrumb\"},\"inLanguage\":\"fr-FR\",\"potentialAction\":[{\"@type\":\"ReadAction\",\"target\":[\"https:\/\/dicodusport.fr\/blog\/mondiaux-athletisme-2025-perez-bonfim-quinion-le-resume-de-la-matinee-du-samedi-20-septembre\/\"]}]},{\"@type\":\"ImageObject\",\"inLanguage\":\"fr-FR\",\"@id\":\"https:\/\/dicodusport.fr\/blog\/mondiaux-athletisme-2025-perez-bonfim-quinion-le-resume-de-la-matinee-du-samedi-20-septembre\/#primaryimage\",\"url\":\"https:\/\/dicodusport.fr\/blog\/wp-content\/uploads\/2025\/09\/Mondiaux-Athletisme-2025-Perez-Bonfim-Quinion-le-resume-de-la-matinee-du-samedi-19-septembre.png\",\"contentUrl\":\"https:\/\/dicodusport.fr\/blog\/wp-content\/uploads\/2025\/09\/Mondiaux-Athletisme-2025-Perez-Bonfim-Quinion-le-resume-de-la-matinee-du-samedi-19-septembre.png\",\"width\":1200,\"height\":674,\"caption\":\"Mondiaux Athl\u00e9tisme 2025 Perez, Bonfim, Quinion, le r\u00e9sum\u00e9 de la matin\u00e9e du samedi 19 septembre\"},{\"@type\":\"BreadcrumbList\",\"@id\":\"https:\/\/dicodusport.fr\/blog\/mondiaux-athletisme-2025-perez-bonfim-quinion-le-resume-de-la-matinee-du-samedi-20-septembre\/#breadcrumb\",\"itemListElement\":[{\"@type\":\"ListItem\",\"position\":1,\"name\":\"Accueil\",\"item\":\"https:\/\/dicodusport.fr\/blog\/\"},{\"@type\":\"ListItem\",\"position\":2,\"name\":\"Mondiaux Athl\u00e9tisme 2025 : Perez, Bonfim, Quinion, le r\u00e9sum\u00e9 de la matin\u00e9e du samedi 20 septembre\"}]},{\"@type\":\"WebSite\",\"@id\":\"https:\/\/dicodusport.fr\/blog\/#website\",\"url\":\"https:\/\/dicodusport.fr\/blog\/\",\"name\":\"Dicodusport\",\"description\":\"L&#039;encyclop\u00e9die de l&#039;actualit\u00e9 sportive\",\"publisher\":{\"@id\":\"https:\/\/dicodusport.fr\/blog\/#organization\"},\"potentialAction\":[{\"@type\":\"SearchAction\",\"target\":{\"@type\":\"EntryPoint\",\"urlTemplate\":\"https:\/\/dicodusport.fr\/blog\/?s={search_term_string}\"},\"query-input\":{\"@type\":\"PropertyValueSpecification\",\"valueRequired\":true,\"valueName\":\"search_term_string\"}}],\"inLanguage\":\"fr-FR\"},{\"@type\":\"NewsMediaOrganization\",\"@id\":\"https:\/\/dicodusport.fr\/blog\/#organization\",\"name\":\"Dicodusport\",\"url\":\"https:\/\/dicodusport.fr\/blog\/\",\"logo\":{\"@type\":\"ImageObject\",\"inLanguage\":\"fr-FR\",\"@id\":\"https:\/\/dicodusport.fr\/blog\/#\/schema\/logo\/image\/\",\"url\":\"https:\/\/dicodusport.fr\/blog\/wp-content\/uploads\/2020\/06\/cropped-LOGO-DICODUSPORT-2020-SANS-FOND-SANS-TEXTE.png\",\"contentUrl\":\"https:\/\/dicodusport.fr\/blog\/wp-content\/uploads\/2020\/06\/cropped-LOGO-DICODUSPORT-2020-SANS-FOND-SANS-TEXTE.png\",\"width\":512,\"height\":512,\"caption\":\"Dicodusport\"},\"image\":{\"@id\":\"https:\/\/dicodusport.fr\/blog\/#\/schema\/logo\/image\/\"},\"sameAs\":[\"https:\/\/www.facebook.com\/dicodusport\",\"https:\/\/x.com\/dicodusport\",\"https:\/\/www.instagram.com\/dicodusport\/\",\"https:\/\/www.youtube.com\/channel\/UC7V2KZ5sd3htJivAbA4ZG3w\"],\"description\":\"Dicodusport est l'encyclop\u00e9die de l'actualit\u00e9 sportive.\",\"email\":\"bonjour@dicodusport.fr\",\"legalName\":\"DICODUSPORT\",\"foundingDate\":\"2018-01-14\",\"vatID\":\"FR71834470973\",\"taxID\":\"83447097300043\",\"numberOfEmployees\":{\"@type\":\"QuantitativeValue\",\"minValue\":\"1\",\"maxValue\":\"10\"}},{\"@type\":\"Person\",\"@id\":\"https:\/\/dicodusport.fr\/blog\/#\/schema\/person\/d603dd7da31fb2b46c82b9835a77ec13\",\"name\":\"Etienne Goursaud\",\"image\":{\"@type\":\"ImageObject\",\"inLanguage\":\"fr-FR\",\"@id\":\"https:\/\/dicodusport.fr\/blog\/#\/schema\/person\/image\/\",\"url\":\"https:\/\/dicodusport.fr\/blog\/wp-content\/uploads\/2023\/12\/410122264_10231602061736049_5565839791558026645_n-150x150.jpg\",\"contentUrl\":\"https:\/\/dicodusport.fr\/blog\/wp-content\/uploads\/2023\/12\/410122264_10231602061736049_5565839791558026645_n-150x150.jpg\",\"caption\":\"Etienne Goursaud\"},\"description\":\"Journaliste et amoureux de sport. Ancien footballeur reconverti athl\u00e8te quand ses muscles le laissent tranquille. \u00c9lev\u00e9 \u00e0 la sauce des exploits de Thomas Voeckler en 2004, du dernier essai de l\u00e9gende de Eunice Barber \u00e0 la longueur lors des championnats du monde d'athl\u00e9tisme de 2003 mais aussi Zidane, Omeyer et Titou Lamaison.\",\"url\":\"https:\/\/dicodusport.fr\/blog\/author\/etienne-goursaud\/\"}]}<\/script>\n<!-- \/ Yoast SEO Premium plugin. -->","yoast_head_json":{"title":"Mondiaux Athl\u00e9tisme 2025 : Perez, Bonfim, Quinion, le r\u00e9sum\u00e9 de la matin\u00e9e du samedi 20 septembre","description":"CHAMPIONNATS DU MONDE D\u2019ATHL\u00c9TISME 2025 - Maria Perez a fait le doubl\u00e9 35-20 km \u00e0 la marche, alors qu'Aur\u00e9lien Quinion est pass\u00e9 tout pr\u00e8s de la m\u00e9daille.","robots":{"index":"index","follow":"follow","max-snippet":"max-snippet:-1","max-image-preview":"max-image-preview:large","max-video-preview":"max-video-preview:-1"},"canonical":"https:\/\/dicodusport.fr\/blog\/mondiaux-athletisme-2025-perez-bonfim-quinion-le-resume-de-la-matinee-du-samedi-20-septembre\/","og_locale":"fr_FR","og_type":"article","og_title":"Mondiaux Athl\u00e9tisme 2025 : Perez, Bonfim, Quinion, le r\u00e9sum\u00e9 de la matin\u00e9e du samedi 20 septembre","og_description":"CHAMPIONNATS DU MONDE D\u2019ATHL\u00c9TISME 2025 - Maria Perez a fait le doubl\u00e9 35-20 km \u00e0 la marche, alors qu'Aur\u00e9lien Quinion est pass\u00e9 tout pr\u00e8s de la m\u00e9daille.","og_url":"https:\/\/dicodusport.fr\/blog\/mondiaux-athletisme-2025-perez-bonfim-quinion-le-resume-de-la-matinee-du-samedi-20-septembre\/","og_site_name":"Dicodusport","article_publisher":"https:\/\/www.facebook.com\/dicodusport","article_published_time":"2025-09-20T06:39:23+00:00","og_image":[{"width":1200,"height":674,"url":"https:\/\/dicodusport.fr\/blog\/wp-content\/uploads\/2025\/09\/Mondiaux-Athletisme-2025-Perez-Bonfim-Quinion-le-resume-de-la-matinee-du-samedi-19-septembre.png","type":"image\/png"}],"author":"Etienne Goursaud","twitter_card":"summary_large_image","twitter_title":"Mondiaux Athl\u00e9tisme 2025 : Perez, Bonfim, Quinion, le r\u00e9sum\u00e9 de la matin\u00e9e du samedi 20 septembre","twitter_creator":"@dicodusport","twitter_site":"@dicodusport","schema":{"@context":"https:\/\/schema.org","@graph":[{"@type":"NewsArticle","@id":"https:\/\/dicodusport.fr\/blog\/mondiaux-athletisme-2025-perez-bonfim-quinion-le-resume-de-la-matinee-du-samedi-20-septembre\/#article","isPartOf":{"@id":"https:\/\/dicodusport.fr\/blog\/mondiaux-athletisme-2025-perez-bonfim-quinion-le-resume-de-la-matinee-du-samedi-20-septembre\/"},"author":{"name":"Etienne Goursaud","@id":"https:\/\/dicodusport.fr\/blog\/#\/schema\/person\/d603dd7da31fb2b46c82b9835a77ec13"},"headline":"Mondiaux Athl\u00e9tisme 2025 : Perez, Bonfim, Quinion, le r\u00e9sum\u00e9 de la matin\u00e9e du samedi 20 septembre","datePublished":"2025-09-20T06:39:23+00:00","mainEntityOfPage":{"@id":"https:\/\/dicodusport.fr\/blog\/mondiaux-athletisme-2025-perez-bonfim-quinion-le-resume-de-la-matinee-du-samedi-20-septembre\/"},"wordCount":816,"commentCount":0,"publisher":{"@id":"https:\/\/dicodusport.fr\/blog\/#organization"},"image":{"@id":"https:\/\/dicodusport.fr\/blog\/mondiaux-athletisme-2025-perez-bonfim-quinion-le-resume-de-la-matinee-du-samedi-20-septembre\/#primaryimage"},"thumbnailUrl":"https:\/\/dicodusport.fr\/blog\/wp-content\/uploads\/2025\/09\/Mondiaux-Athletisme-2025-Perez-Bonfim-Quinion-le-resume-de-la-matinee-du-samedi-19-septembre.png","keywords":["actu","Athl\u00e9tisme","br\u00e8ve","Championnats du monde d'athl\u00e9tisme"],"articleSection":["Championnats du monde d'athl\u00e9tisme"],"inLanguage":"fr-FR","potentialAction":[{"@type":"CommentAction","name":"Comment","target":["https:\/\/dicodusport.fr\/blog\/mondiaux-athletisme-2025-perez-bonfim-quinion-le-resume-de-la-matinee-du-samedi-20-septembre\/#respond"]}],"copyrightYear":"2025","copyrightHolder":{"@id":"https:\/\/dicodusport.fr\/blog\/#organization"}},{"@type":"WebPage","@id":"https:\/\/dicodusport.fr\/blog\/mondiaux-athletisme-2025-perez-bonfim-quinion-le-resume-de-la-matinee-du-samedi-20-septembre\/","url":"https:\/\/dicodusport.fr\/blog\/mondiaux-athletisme-2025-perez-bonfim-quinion-le-resume-de-la-matinee-du-samedi-20-septembre\/","name":"Mondiaux Athl\u00e9tisme 2025 : Perez, Bonfim, Quinion, le r\u00e9sum\u00e9 de la matin\u00e9e du samedi 20 septembre","isPartOf":{"@id":"https:\/\/dicodusport.fr\/blog\/#website"},"primaryImageOfPage":{"@id":"https:\/\/dicodusport.fr\/blog\/mondiaux-athletisme-2025-perez-bonfim-quinion-le-resume-de-la-matinee-du-samedi-20-septembre\/#primaryimage"},"image":{"@id":"https:\/\/dicodusport.fr\/blog\/mondiaux-athletisme-2025-perez-bonfim-quinion-le-resume-de-la-matinee-du-samedi-20-septembre\/#primaryimage"},"thumbnailUrl":"https:\/\/dicodusport.fr\/blog\/wp-content\/uploads\/2025\/09\/Mondiaux-Athletisme-2025-Perez-Bonfim-Quinion-le-resume-de-la-matinee-du-samedi-19-septembre.png","datePublished":"2025-09-20T06:39:23+00:00","description":"CHAMPIONNATS DU MONDE D\u2019ATHL\u00c9TISME 2025 - Maria Perez a fait le doubl\u00e9 35-20 km \u00e0 la marche, alors qu'Aur\u00e9lien Quinion est pass\u00e9 tout pr\u00e8s de la m\u00e9daille.","breadcrumb":{"@id":"https:\/\/dicodusport.fr\/blog\/mondiaux-athletisme-2025-perez-bonfim-quinion-le-resume-de-la-matinee-du-samedi-20-septembre\/#breadcrumb"},"inLanguage":"fr-FR","potentialAction":[{"@type":"ReadAction","target":["https:\/\/dicodusport.fr\/blog\/mondiaux-athletisme-2025-perez-bonfim-quinion-le-resume-de-la-matinee-du-samedi-20-septembre\/"]}]},{"@type":"ImageObject","inLanguage":"fr-FR","@id":"https:\/\/dicodusport.fr\/blog\/mondiaux-athletisme-2025-perez-bonfim-quinion-le-resume-de-la-matinee-du-samedi-20-septembre\/#primaryimage","url":"https:\/\/dicodusport.fr\/blog\/wp-content\/uploads\/2025\/09\/Mondiaux-Athletisme-2025-Perez-Bonfim-Quinion-le-resume-de-la-matinee-du-samedi-19-septembre.png","contentUrl":"https:\/\/dicodusport.fr\/blog\/wp-content\/uploads\/2025\/09\/Mondiaux-Athletisme-2025-Perez-Bonfim-Quinion-le-resume-de-la-matinee-du-samedi-19-septembre.png","width":1200,"height":674,"caption":"Mondiaux Athl\u00e9tisme 2025 Perez, Bonfim, Quinion, le r\u00e9sum\u00e9 de la matin\u00e9e du samedi 19 septembre"},{"@type":"BreadcrumbList","@id":"https:\/\/dicodusport.fr\/blog\/mondiaux-athletisme-2025-perez-bonfim-quinion-le-resume-de-la-matinee-du-samedi-20-septembre\/#breadcrumb","itemListElement":[{"@type":"ListItem","position":1,"name":"Accueil","item":"https:\/\/dicodusport.fr\/blog\/"},{"@type":"ListItem","position":2,"name":"Mondiaux Athl\u00e9tisme 2025 : Perez, Bonfim, Quinion, le r\u00e9sum\u00e9 de la matin\u00e9e du samedi 20 septembre"}]},{"@type":"WebSite","@id":"https:\/\/dicodusport.fr\/blog\/#website","url":"https:\/\/dicodusport.fr\/blog\/","name":"Dicodusport","description":"L&#039;encyclop\u00e9die de l&#039;actualit\u00e9 sportive","publisher":{"@id":"https:\/\/dicodusport.fr\/blog\/#organization"},"potentialAction":[{"@type":"SearchAction","target":{"@type":"EntryPoint","urlTemplate":"https:\/\/dicodusport.fr\/blog\/?s={search_term_string}"},"query-input":{"@type":"PropertyValueSpecification","valueRequired":true,"valueName":"search_term_string"}}],"inLanguage":"fr-FR"},{"@type":"NewsMediaOrganization","@id":"https:\/\/dicodusport.fr\/blog\/#organization","name":"Dicodusport","url":"https:\/\/dicodusport.fr\/blog\/","logo":{"@type":"ImageObject","inLanguage":"fr-FR","@id":"https:\/\/dicodusport.fr\/blog\/#\/schema\/logo\/image\/","url":"https:\/\/dicodusport.fr\/blog\/wp-content\/uploads\/2020\/06\/cropped-LOGO-DICODUSPORT-2020-SANS-FOND-SANS-TEXTE.png","contentUrl":"https:\/\/dicodusport.fr\/blog\/wp-content\/uploads\/2020\/06\/cropped-LOGO-DICODUSPORT-2020-SANS-FOND-SANS-TEXTE.png","width":512,"height":512,"caption":"Dicodusport"},"image":{"@id":"https:\/\/dicodusport.fr\/blog\/#\/schema\/logo\/image\/"},"sameAs":["https:\/\/www.facebook.com\/dicodusport","https:\/\/x.com\/dicodusport","https:\/\/www.instagram.com\/dicodusport\/","https:\/\/www.youtube.com\/channel\/UC7V2KZ5sd3htJivAbA4ZG3w"],"description":"Dicodusport est l'encyclop\u00e9die de l'actualit\u00e9 sportive.","email":"bonjour@dicodusport.fr","legalName":"DICODUSPORT","foundingDate":"2018-01-14","vatID":"FR71834470973","taxID":"83447097300043","numberOfEmployees":{"@type":"QuantitativeValue","minValue":"1","maxValue":"10"}},{"@type":"Person","@id":"https:\/\/dicodusport.fr\/blog\/#\/schema\/person\/d603dd7da31fb2b46c82b9835a77ec13","name":"Etienne Goursaud","image":{"@type":"ImageObject","inLanguage":"fr-FR","@id":"https:\/\/dicodusport.fr\/blog\/#\/schema\/person\/image\/","url":"https:\/\/dicodusport.fr\/blog\/wp-content\/uploads\/2023\/12\/410122264_10231602061736049_5565839791558026645_n-150x150.jpg","contentUrl":"https:\/\/dicodusport.fr\/blog\/wp-content\/uploads\/2023\/12\/410122264_10231602061736049_5565839791558026645_n-150x150.jpg","caption":"Etienne Goursaud"},"description":"Journaliste et amoureux de sport. Ancien footballeur reconverti athl\u00e8te quand ses muscles le laissent tranquille. \u00c9lev\u00e9 \u00e0 la sauce des exploits de Thomas Voeckler en 2004, du dernier essai de l\u00e9gende de Eunice Barber \u00e0 la longueur lors des championnats du monde d'athl\u00e9tisme de 2003 mais aussi Zidane, Omeyer et Titou Lamaison.","url":"https:\/\/dicodusport.fr\/blog\/author\/etienne-goursaud\/"}]}},"_links":{"self":[{"href":"https:\/\/dicodusport.fr\/blog\/wp-json\/wp\/v2\/posts\/612708","targetHints":{"allow":["GET"]}}],"collection":[{"href":"https:\/\/dicodusport.fr\/blog\/wp-json\/wp\/v2\/posts"}],"about":[{"href":"https:\/\/dicodusport.fr\/blog\/wp-json\/wp\/v2\/types\/post"}],"author":[{"embeddable":true,"href":"https:\/\/dicodusport.fr\/blog\/wp-json\/wp\/v2\/users\/83"}],"replies":[{"embeddable":true,"href":"https:\/\/dicodusport.fr\/blog\/wp-json\/wp\/v2\/comments?post=612708"}],"version-history":[{"count":5,"href":"https:\/\/dicodusport.fr\/blog\/wp-json\/wp\/v2\/posts\/612708\/revisions"}],"predecessor-version":[{"id":612760,"href":"https:\/\/dicodusport.fr\/blog\/wp-json\/wp\/v2\/posts\/612708\/revisions\/612760"}],"wp:featuredmedia":[{"embeddable":true,"href":"https:\/\/dicodusport.fr\/blog\/wp-json\/wp\/v2\/media\/612759"}],"wp:attachment":[{"href":"https:\/\/dicodusport.fr\/blog\/wp-json\/wp\/v2\/media?parent=612708"}],"wp:term":[{"taxonomy":"category","embeddable":true,"href":"https:\/\/dicodusport.fr\/blog\/wp-json\/wp\/v2\/categories?post=612708"},{"taxonomy":"post_tag","embeddable":true,"href":"https:\/\/dicodusport.fr\/blog\/wp-json\/wp\/v2\/tags?post=612708"}],"curies":[{"name":"wp","href":"https:\/\/api.w.org\/{rel}","templated":true}]}}