{"id":612767,"date":"2025-09-21T00:49:04","date_gmt":"2025-09-20T22:49:04","guid":{"rendered":"https:\/\/dicodusport.fr\/blog\/?p=612767&#038;preview=true&#038;preview_id=612767"},"modified":"2025-09-21T12:37:56","modified_gmt":"2025-09-21T10:37:56","slug":"classement-barkley-fall-classic-2025-en-direct-avec-mathieu-blanchard","status":"publish","type":"post","link":"https:\/\/dicodusport.fr\/blog\/classement-barkley-fall-classic-2025-en-direct-avec-mathieu-blanchard\/","title":{"rendered":"Classement Barkley Fall Classic 2025 en direct avec Mathieu Blanchard"},"content":{"rendered":"<p style=\"text-align: justify;\"><strong><em>D\u00e9couvrez le classement (top 10) de la Barkley Fall Classic 2025, qui d\u00e9bute ce samedi 20 septembre \u00e0 15h, heure fran\u00e7aise.<\/em><\/strong><\/p>\n<p style=\"text-align: justify;\">La <strong>Barkley Fall Classic 2025<\/strong> se tient ce <strong>samedi 20 septembre<\/strong> au c\u0153ur du <strong>Frozen Head State Park<\/strong>, dans le <strong>Tennessee<\/strong>. \u00c9preuve s\u0153ur du mythique <a href=\"https:\/\/dicodusport.fr\/blog\/classement-de-la-barkley-2025-en-direct\/\">Barkley Marathon<\/a>, elle propose un format r\u00e9duit d\u2019environ 50 kilom\u00e8tres, mais conserve l\u2019essence de la l\u00e9gende : un terrain accident\u00e9, des mont\u00e9es abruptes et une navigation volontairement pi\u00e9geuse.<\/p>\n<h2 style=\"text-align: justify;\">Pr\u00e9sentation de l&rsquo;\u00e9preuve de Barkley Fall Classic<\/h2>\n<p style=\"text-align: justify;\">L\u2019\u00e9dition 2025 rassemblera pr\u00e8s de 500 participants, pr\u00eats \u00e0 affronter un parcours d\u00e9voil\u00e9 seulement la veille de la course. Contrairement aux ultra-trails classiques, la <strong>BFC<\/strong> impose des r\u00e8gles strictes : pas de GPS, pas de b\u00e2tons, et un balisage minimal. Les coureurs doivent s\u2019appuyer sur leur carte, leur boussole et leur lucidit\u00e9 pour avancer. La barri\u00e8re horaire, fix\u00e9e autour de 13 heures, suffit \u00e0 rappeler que ce \u00ab 50 km \u00bb se court dans des conditions hors norme.<\/p>\n<p style=\"text-align: justify;\">Au-del\u00e0 de l\u2019exploit sportif, la <strong>Barkley Fall Classic<\/strong> est aussi une \u00e9preuve de s\u00e9lection. Les vainqueurs masculin et f\u00e9minin obtiennent un dossard pour le <strong>Barkley Marathon<\/strong>, l\u2019\u00e9preuve reine qui n\u2019a vu qu\u2019une poign\u00e9e de finishers dans toute son histoire. En ce sens, la BFC est \u00e0 la fois un test de r\u00e9sistance et une porte d\u2019entr\u00e9e vers l\u2019un des d\u00e9fis les plus redout\u00e9s de l\u2019ultra-trail mondial.<\/p>\n<p style=\"text-align: justify;\">Avec ses records \u00e9tablis sous les 8 heures et un taux d\u2019abandon \u00e9lev\u00e9, la <strong>Barkley Fall Classic<\/strong> reste une course \u00e0 part. Elle attire les passionn\u00e9s de trail d\u00e9sireux de se confronter \u00e0 une exp\u00e9rience brute, o\u00f9 la strat\u00e9gie et la t\u00e9nacit\u00e9 comptent autant que la vitesse. En 2025 encore, elle promet de pousser chaque coureur au bout de lui-m\u00eame.<\/p>\n<h2>Mathieu Blanchard au d\u00e9part<\/h2>\n<p style=\"text-align: justify;\">Apr\u00e8s sa victoire retentissante \u00e0 la <a href=\"https:\/\/dicodusport.fr\/blog\/classement-en-direct-diagonale-des-fous-2024\/\">Diagonale des Fous en 2024<\/a> et son exploit au <a href=\"https:\/\/dicodusport.fr\/blog\/classement-en-direct-yukon-arctic-ultra-2025\/\">Yukon Arctic Ultra<\/a> en d\u00e9but d\u2019ann\u00e9e, <strong>Mathieu Blanchard<\/strong> s\u2019appr\u00eate \u00e0 relever un nouveau d\u00e9fi hors norme : la <strong>Barkley Fall Classic<\/strong>..<\/p>\n<p style=\"text-align: justify;\">Pour <strong>Blanchard<\/strong>, cette course est autant une aventure qu\u2019un test. Car au-del\u00e0 de la performance, l\u2019enjeu est clair : seuls les vainqueurs, homme et femme, d\u00e9crocheront un dossard pour la mythique <strong>Barkley Marathon<\/strong>, l\u2019\u00e9preuve de l\u00e9gende \u00e0 laquelle il n\u2019exclut pas de participer un jour.<\/p>\n<h2 style=\"text-align: justify;\">Classement Barkley Fall Classic 2025 &#8211; Course hommes<\/h2>\n<p style=\"text-align: justify;\"><span style=\"font-size: 14px;\"><strong><em>Classement final.<\/em><\/strong><\/span><\/p>\n<div class=\"su-table su-table-alternate\">\n<table style=\"width: 800px;border-collapse: collapse\" border=\"1\">\n<tbody>\n<tr style=\"height: 24px\">\n<td style=\"border-color: #ebebeb;height: 24px;text-align: center;width: 80px;vertical-align: middle\">\ud83c\udfc6<\/td>\n<td style=\"border-color: #ebebeb;height: 24px;text-align: center;width: 500px;vertical-align: middle\"><span style=\"font-size: 0.9em\"><strong>ATHL\u00c8TES<\/strong><\/span><\/td>\n<td style=\"border-color: #ebebeb;height: 24px;text-align: center;width: 220px;vertical-align: middle\"><span style=\"font-size: 0.9em\"><strong>TEMPS<\/strong><\/span><\/td>\n<\/tr>\n<tr style=\"height: 24px\">\n<td style=\"border-color: #ebebeb;height: 24px;text-align: center;width: 80px;vertical-align: middle\"><strong><span class=\"su-label su-label-type-warning\">1.<\/span><\/strong><\/td>\n<td style=\"border-color: #ebebeb;height: 24px;text-align: center;width: 500px;vertical-align: middle\"><strong><span style=\"font-size: 0.9em\">\ud83c\uddeb\ud83c\uddf7 MATHIEU BLANCHARD<\/span><\/strong><\/td>\n<td style=\"border-color: #ebebeb;text-align: center;width: 220px;vertical-align: middle\"><strong><span style=\"font-size: 0.9em\">10h20m44s<\/span><\/strong><\/td>\n<\/tr>\n<tr>\n<td style=\"border-color: #ebebeb;text-align: center;width: 80px;vertical-align: middle\"><strong><span class=\"su-label su-label-type-default\">1.<\/span><\/strong><\/td>\n<td style=\"border-color: #ebebeb;height: 24px;text-align: center;width: 500px;vertical-align: middle\"><strong><span style=\"font-size: 0.9em\">\ud83c\uddfa\ud83c\uddf8 IAN FARRIS<\/span><\/strong><\/td>\n<td style=\"border-color: #ebebeb;text-align: center;width: 220px;vertical-align: middle\"><strong><span style=\"font-size: 0.9em\">\u00e0 4m11s<\/span><\/strong><\/td>\n<\/tr>\n<tr>\n<td style=\"border-color: #ebebeb;text-align: center;width: 80px;vertical-align: middle\"><strong><span class=\"su-label su-label-type-important\">3.<\/span><\/strong><\/td>\n<td style=\"border-color: #ebebeb;height: 24px;text-align: center;width: 500px;vertical-align: middle\"><strong><span style=\"font-size: 0.9em\">\ud83c\uddfa\ud83c\uddf8 SETH KING<\/span><\/strong><\/td>\n<td style=\"border-color: #ebebeb;text-align: center;width: 220px;vertical-align: middle\"><strong><span style=\"font-size: 0.9em\">\u00e0 59m48s<\/span><\/strong><\/td>\n<\/tr>\n<tr>\n<td style=\"border-color: #ebebeb;text-align: center;width: 80px;vertical-align: middle\"><span style=\"font-size: 0.9em\">4.<\/span><\/td>\n<td style=\"border-color: #ebebeb;height: 24px;text-align: center;width: 500px;vertical-align: middle\"><strong><span style=\"font-size: 0.9em\">\ud83c\uddfa\ud83c\uddf8 AARON BRADNER<\/span><\/strong><\/td>\n<td style=\"border-color: #ebebeb;text-align: center;width: 220px;vertical-align: middle\"><strong><span style=\"font-size: 0.9em\">\u00e0 1h07m37s<\/span><\/strong><\/td>\n<\/tr>\n<tr>\n<td style=\"border-color: #ebebeb;text-align: center;width: 80px;vertical-align: middle\"><span style=\"font-size: 0.9em\">5.<\/span><\/td>\n<td style=\"border-color: #ebebeb;height: 24px;text-align: center;width: 500px;vertical-align: middle\"><strong><span style=\"font-size: 0.9em\">\ud83c\uddeb\ud83c\uddf7 CEDRIC CHAVANNE<\/span><\/strong><\/td>\n<td style=\"border-color: #ebebeb;text-align: center;width: 220px;vertical-align: middle\"><strong><span style=\"font-size: 0.9em\">\u00e0 1h08m04s<\/span><\/strong><\/td>\n<\/tr>\n<tr>\n<td style=\"border-color: #ebebeb;text-align: center;width: 80px;vertical-align: middle\"><span style=\"font-size: 0.9em\">6.<\/span><\/td>\n<td style=\"border-color: #ebebeb;height: 24px;text-align: center;width: 500px;vertical-align: middle\"><strong><span style=\"font-size: 0.9em\">\ud83c\uddfa\ud83c\uddf8 JUSTIN GERO<\/span><\/strong><\/td>\n<td style=\"border-color: #ebebeb;text-align: center;width: 220px;vertical-align: middle\"><strong><span style=\"font-size: 0.9em\">\u00e0 1h16m47s<\/span><\/strong><\/td>\n<\/tr>\n<tr>\n<td style=\"border-color: #ebebeb;text-align: center;width: 80px;vertical-align: middle\"><span style=\"font-size: 0.9em\">7.<\/span><\/td>\n<td style=\"border-color: #ebebeb;height: 24px;text-align: center;width: 500px;vertical-align: middle\"><strong><span style=\"font-size: 0.9em\">\ud83c\uddfa\ud83c\uddf8 JESSE SPANGLER<\/span><\/strong><\/td>\n<td style=\"border-color: #ebebeb;text-align: center;width: 220px;vertical-align: middle\"><strong><span style=\"font-size: 0.9em\">\u00e0 1h39m57s<\/span><\/strong><\/td>\n<\/tr>\n<tr>\n<td style=\"border-color: #ebebeb;text-align: center;width: 80px;vertical-align: middle\"><span style=\"font-size: 0.9em\">8.<\/span><\/td>\n<td style=\"border-color: #ebebeb;height: 24px;text-align: center;width: 500px;vertical-align: middle\"><strong><span style=\"font-size: 0.9em\">\ud83c\uddfa\ud83c\uddf8 AUSTIN SCHAFFNER<\/span><\/strong><\/td>\n<td style=\"border-color: #ebebeb;text-align: center;width: 220px;vertical-align: middle\"><strong><span style=\"font-size: 0.9em\">\u00e0 1h40m48s<\/span><\/strong><\/td>\n<\/tr>\n<tr>\n<td style=\"border-color: #ebebeb;text-align: center;width: 80px;vertical-align: middle\"><span style=\"font-size: 0.9em\">9.<\/span><\/td>\n<td style=\"border-color: #ebebeb;height: 24px;text-align: center;width: 500px;vertical-align: middle\"><strong><span style=\"font-size: 0.9em\">\ud83c\uddfa\ud83c\uddf8 KYLE KALBUS<\/span><\/strong><\/td>\n<td style=\"border-color: #ebebeb;text-align: center;width: 220px;vertical-align: middle\"><strong><span style=\"font-size: 0.9em\">\u00e0 1h45m39s<\/span><\/strong><\/td>\n<\/tr>\n<tr style=\"height: 24px\">\n<td style=\"border-color: #ebebeb;height: 24px;text-align: center;width: 80px;vertical-align: middle\"><span style=\"font-size: 0.9em\">10.<\/span><\/td>\n<td style=\"border-color: #ebebeb;height: 24px;text-align: center;width: 500px;vertical-align: middle\"><strong><span style=\"font-size: 0.9em\">\ud83c\uddfa\ud83c\uddf8 TREVOR MEDING<\/span><\/strong><\/td>\n<td style=\"border-color: #ebebeb;text-align: center;width: 220px;vertical-align: middle\"><strong><span style=\"font-size: 0.9em\">\u00e0 1h50m38s<\/span><\/strong><\/td>\n<\/tr>\n<\/tbody>\n<\/table>\n<\/div>\n<ul>\n<li style=\"text-align: justify;\"><strong><a href=\"https:\/\/my.raceresult.com\/355197\/results#0_80CC55\">Le classement complet<\/a><br \/>\n<\/strong><\/li>\n<\/ul>\n<hr \/>\n<h2 style=\"text-align: justify;\">Classement Barkley Fall Classic 2025 &#8211; Course femmes<\/h2>\n<p style=\"text-align: justify;\"><span style=\"font-size: 14px;\"><strong><em>Classement final.<\/em><\/strong><\/span><\/p>\n<div class=\"su-table su-table-alternate\">\n<table style=\"width: 800px;border-collapse: collapse\" border=\"1\">\n<tbody>\n<tr style=\"height: 24px\">\n<td style=\"border-color: #ebebeb;height: 24px;text-align: center;width: 80px;vertical-align: middle\">\ud83c\udfc6<\/td>\n<td style=\"border-color: #ebebeb;height: 24px;text-align: center;width: 500px;vertical-align: middle\"><span style=\"font-size: 0.9em\"><strong>ATHL\u00c8TES<\/strong><\/span><\/td>\n<td style=\"border-color: #ebebeb;height: 24px;text-align: center;width: 220px;vertical-align: middle\"><span style=\"font-size: 0.9em\"><strong>TEMPS<\/strong><\/span><\/td>\n<\/tr>\n<tr style=\"height: 24px\">\n<td style=\"border-color: #ebebeb;height: 24px;text-align: center;width: 80px;vertical-align: middle\"><strong><span class=\"su-label su-label-type-warning\">1.<\/span><\/strong><\/td>\n<td style=\"border-color: #ebebeb;height: 24px;text-align: center;width: 500px;vertical-align: middle\"><strong><span style=\"font-size: 0.9em\">\ud83c\uddfa\ud83c\uddf8 LAUREN HENDRICKSON<\/span><\/strong><\/td>\n<td style=\"border-color: #ebebeb;text-align: center;width: 220px;vertical-align: middle\"><strong><span style=\"font-size: 0.9em\">12h25m39s<\/span><\/strong><\/td>\n<\/tr>\n<tr>\n<td style=\"border-color: #ebebeb;text-align: center;width: 80px;vertical-align: middle\"><strong><span class=\"su-label su-label-type-default\">2.<\/span><\/strong><\/td>\n<td style=\"border-color: #ebebeb;height: 24px;text-align: center;width: 500px;vertical-align: middle\"><strong><span style=\"font-size: 0.9em\">\ud83c\uddfa\ud83c\uddf8 DEMI MARCANTONIO<\/span><\/strong><\/td>\n<td style=\"border-color: #ebebeb;text-align: center;width: 220px;vertical-align: middle\"><strong><span style=\"font-size: 0.9em\">\u00e0 41m02s<\/span><\/strong><\/td>\n<\/tr>\n<\/tbody>\n<\/table>\n<\/div>\n<ul>\n<li style=\"text-align: justify;\"><a href=\"https:\/\/my.raceresult.com\/355197\/results#0_80CC55\"><strong>Le classement complet<\/strong><\/a><\/li>\n<\/ul>\n","protected":false},"excerpt":{"rendered":"<p>D\u00e9couvrez le classement (top 10) de la Barkley Fall Classic 2025, qui d\u00e9bute ce samedi 20 septembre \u00e0 15h, heure fran\u00e7aise.\u00a0<\/p>\n","protected":false},"author":4,"featured_media":612770,"comment_status":"open","ping_status":"closed","sticky":false,"template":"","format":"standard","meta":{"_acf_changed":false,"_daextam_enable_autolinks":"1","footnotes":""},"categories":[8673],"tags":[16878,862,5836],"class_list":["post-612767","post","type-post","status-publish","format-standard","has-post-thumbnail","hentry","category-trail","tag-breve","tag-trail","tag-ultra-trail"],"acf":[],"yoast_head":"<!-- This site is optimized with the Yoast SEO Premium plugin v26.7 (Yoast SEO v26.7) - https:\/\/yoast.com\/wordpress\/plugins\/seo\/ -->\n<title>Classement Barkley Fall Classic 2025 en direct avec Mathieu Blanchard<\/title>\n<meta name=\"description\" content=\"D\u00e9couvrez le classement (top 10) de la Barkley Fall Classic 2025, qui d\u00e9bute ce samedi 20 septembre \u00e0 15h, heure fran\u00e7aise.\" \/>\n<meta name=\"robots\" content=\"index, follow, max-snippet:-1, max-image-preview:large, max-video-preview:-1\" \/>\n<link rel=\"canonical\" href=\"https:\/\/dicodusport.fr\/blog\/classement-barkley-fall-classic-2025-en-direct-avec-mathieu-blanchard\/\" \/>\n<meta property=\"og:locale\" content=\"fr_FR\" \/>\n<meta property=\"og:type\" content=\"article\" \/>\n<meta property=\"og:title\" content=\"Classement Barkley Fall Classic 2025 en direct avec Mathieu Blanchard\" \/>\n<meta property=\"og:description\" content=\"D\u00e9couvrez le classement (top 10) de la Barkley Fall Classic 2025, qui d\u00e9bute ce samedi 20 septembre \u00e0 15h, heure fran\u00e7aise.\" \/>\n<meta property=\"og:url\" content=\"https:\/\/dicodusport.fr\/blog\/classement-barkley-fall-classic-2025-en-direct-avec-mathieu-blanchard\/\" \/>\n<meta property=\"og:site_name\" content=\"Dicodusport\" \/>\n<meta property=\"article:publisher\" content=\"https:\/\/www.facebook.com\/dicodusport\" \/>\n<meta property=\"article:author\" content=\"https:\/\/www.facebook.com\/florent.ostermann\" \/>\n<meta property=\"article:published_time\" content=\"2025-09-20T22:49:04+00:00\" \/>\n<meta property=\"article:modified_time\" content=\"2025-09-21T10:37:56+00:00\" \/>\n<meta property=\"og:image\" content=\"https:\/\/dicodusport.fr\/blog\/wp-content\/uploads\/2025\/09\/Classement-Barkley-Fall-Classic-2025-en-direct-avec-Mathieu-Blanchard.png\" \/>\n\t<meta property=\"og:image:width\" content=\"1200\" \/>\n\t<meta property=\"og:image:height\" content=\"674\" \/>\n\t<meta property=\"og:image:type\" content=\"image\/png\" \/>\n<meta name=\"author\" content=\"Flo Ostermann\" \/>\n<meta name=\"twitter:card\" content=\"summary_large_image\" \/>\n<meta name=\"twitter:title\" content=\"Classement Barkley Fall Classic 2025 en direct avec Mathieu Blanchard\" \/>\n<meta name=\"twitter:creator\" content=\"@https:\/\/twitter.com\/FlOstermann\" \/>\n<meta name=\"twitter:site\" content=\"@dicodusport\" \/>\n<script type=\"application\/ld+json\" class=\"yoast-schema-graph\">{\"@context\":\"https:\/\/schema.org\",\"@graph\":[{\"@type\":\"NewsArticle\",\"@id\":\"https:\/\/dicodusport.fr\/blog\/classement-barkley-fall-classic-2025-en-direct-avec-mathieu-blanchard\/#article\",\"isPartOf\":{\"@id\":\"https:\/\/dicodusport.fr\/blog\/classement-barkley-fall-classic-2025-en-direct-avec-mathieu-blanchard\/\"},\"author\":{\"name\":\"Flo Ostermann\",\"@id\":\"https:\/\/dicodusport.fr\/blog\/#\/schema\/person\/cb02af4c173ce4a653b55e9baf388d4a\"},\"headline\":\"Classement Barkley Fall Classic 2025 en direct avec Mathieu Blanchard\",\"datePublished\":\"2025-09-20T22:49:04+00:00\",\"dateModified\":\"2025-09-21T10:37:56+00:00\",\"mainEntityOfPage\":{\"@id\":\"https:\/\/dicodusport.fr\/blog\/classement-barkley-fall-classic-2025-en-direct-avec-mathieu-blanchard\/\"},\"wordCount\":534,\"commentCount\":0,\"publisher\":{\"@id\":\"https:\/\/dicodusport.fr\/blog\/#organization\"},\"image\":{\"@id\":\"https:\/\/dicodusport.fr\/blog\/classement-barkley-fall-classic-2025-en-direct-avec-mathieu-blanchard\/#primaryimage\"},\"thumbnailUrl\":\"https:\/\/dicodusport.fr\/blog\/wp-content\/uploads\/2025\/09\/Classement-Barkley-Fall-Classic-2025-en-direct-avec-Mathieu-Blanchard.png\",\"keywords\":[\"br\u00e8ve\",\"trail\",\"Ultra-Trail\"],\"articleSection\":[\"Trail\"],\"inLanguage\":\"fr-FR\",\"potentialAction\":[{\"@type\":\"CommentAction\",\"name\":\"Comment\",\"target\":[\"https:\/\/dicodusport.fr\/blog\/classement-barkley-fall-classic-2025-en-direct-avec-mathieu-blanchard\/#respond\"]}],\"copyrightYear\":\"2025\",\"copyrightHolder\":{\"@id\":\"https:\/\/dicodusport.fr\/blog\/#organization\"}},{\"@type\":\"WebPage\",\"@id\":\"https:\/\/dicodusport.fr\/blog\/classement-barkley-fall-classic-2025-en-direct-avec-mathieu-blanchard\/\",\"url\":\"https:\/\/dicodusport.fr\/blog\/classement-barkley-fall-classic-2025-en-direct-avec-mathieu-blanchard\/\",\"name\":\"Classement Barkley Fall Classic 2025 en direct avec Mathieu Blanchard\",\"isPartOf\":{\"@id\":\"https:\/\/dicodusport.fr\/blog\/#website\"},\"primaryImageOfPage\":{\"@id\":\"https:\/\/dicodusport.fr\/blog\/classement-barkley-fall-classic-2025-en-direct-avec-mathieu-blanchard\/#primaryimage\"},\"image\":{\"@id\":\"https:\/\/dicodusport.fr\/blog\/classement-barkley-fall-classic-2025-en-direct-avec-mathieu-blanchard\/#primaryimage\"},\"thumbnailUrl\":\"https:\/\/dicodusport.fr\/blog\/wp-content\/uploads\/2025\/09\/Classement-Barkley-Fall-Classic-2025-en-direct-avec-Mathieu-Blanchard.png\",\"datePublished\":\"2025-09-20T22:49:04+00:00\",\"dateModified\":\"2025-09-21T10:37:56+00:00\",\"description\":\"D\u00e9couvrez le classement (top 10) de la Barkley Fall Classic 2025, qui d\u00e9bute ce samedi 20 septembre \u00e0 15h, heure fran\u00e7aise.\",\"breadcrumb\":{\"@id\":\"https:\/\/dicodusport.fr\/blog\/classement-barkley-fall-classic-2025-en-direct-avec-mathieu-blanchard\/#breadcrumb\"},\"inLanguage\":\"fr-FR\",\"potentialAction\":[{\"@type\":\"ReadAction\",\"target\":[\"https:\/\/dicodusport.fr\/blog\/classement-barkley-fall-classic-2025-en-direct-avec-mathieu-blanchard\/\"]}]},{\"@type\":\"ImageObject\",\"inLanguage\":\"fr-FR\",\"@id\":\"https:\/\/dicodusport.fr\/blog\/classement-barkley-fall-classic-2025-en-direct-avec-mathieu-blanchard\/#primaryimage\",\"url\":\"https:\/\/dicodusport.fr\/blog\/wp-content\/uploads\/2025\/09\/Classement-Barkley-Fall-Classic-2025-en-direct-avec-Mathieu-Blanchard.png\",\"contentUrl\":\"https:\/\/dicodusport.fr\/blog\/wp-content\/uploads\/2025\/09\/Classement-Barkley-Fall-Classic-2025-en-direct-avec-Mathieu-Blanchard.png\",\"width\":1200,\"height\":674,\"caption\":\"Classement Barkley Fall Classic 2025 en direct avec Mathieu Blanchard\"},{\"@type\":\"BreadcrumbList\",\"@id\":\"https:\/\/dicodusport.fr\/blog\/classement-barkley-fall-classic-2025-en-direct-avec-mathieu-blanchard\/#breadcrumb\",\"itemListElement\":[{\"@type\":\"ListItem\",\"position\":1,\"name\":\"Accueil\",\"item\":\"https:\/\/dicodusport.fr\/blog\/\"},{\"@type\":\"ListItem\",\"position\":2,\"name\":\"Classement Barkley Fall Classic 2025 en direct avec Mathieu Blanchard\"}]},{\"@type\":\"WebSite\",\"@id\":\"https:\/\/dicodusport.fr\/blog\/#website\",\"url\":\"https:\/\/dicodusport.fr\/blog\/\",\"name\":\"Dicodusport\",\"description\":\"L&#039;encyclop\u00e9die de l&#039;actualit\u00e9 sportive\",\"publisher\":{\"@id\":\"https:\/\/dicodusport.fr\/blog\/#organization\"},\"potentialAction\":[{\"@type\":\"SearchAction\",\"target\":{\"@type\":\"EntryPoint\",\"urlTemplate\":\"https:\/\/dicodusport.fr\/blog\/?s={search_term_string}\"},\"query-input\":{\"@type\":\"PropertyValueSpecification\",\"valueRequired\":true,\"valueName\":\"search_term_string\"}}],\"inLanguage\":\"fr-FR\"},{\"@type\":\"NewsMediaOrganization\",\"@id\":\"https:\/\/dicodusport.fr\/blog\/#organization\",\"name\":\"Dicodusport\",\"url\":\"https:\/\/dicodusport.fr\/blog\/\",\"logo\":{\"@type\":\"ImageObject\",\"inLanguage\":\"fr-FR\",\"@id\":\"https:\/\/dicodusport.fr\/blog\/#\/schema\/logo\/image\/\",\"url\":\"https:\/\/dicodusport.fr\/blog\/wp-content\/uploads\/2020\/06\/cropped-LOGO-DICODUSPORT-2020-SANS-FOND-SANS-TEXTE.png\",\"contentUrl\":\"https:\/\/dicodusport.fr\/blog\/wp-content\/uploads\/2020\/06\/cropped-LOGO-DICODUSPORT-2020-SANS-FOND-SANS-TEXTE.png\",\"width\":512,\"height\":512,\"caption\":\"Dicodusport\"},\"image\":{\"@id\":\"https:\/\/dicodusport.fr\/blog\/#\/schema\/logo\/image\/\"},\"sameAs\":[\"https:\/\/www.facebook.com\/dicodusport\",\"https:\/\/x.com\/dicodusport\",\"https:\/\/www.instagram.com\/dicodusport\/\",\"https:\/\/www.youtube.com\/channel\/UC7V2KZ5sd3htJivAbA4ZG3w\"],\"description\":\"Dicodusport est l'encyclop\u00e9die de l'actualit\u00e9 sportive.\",\"email\":\"bonjour@dicodusport.fr\",\"legalName\":\"DICODUSPORT\",\"foundingDate\":\"2018-01-14\",\"vatID\":\"FR71834470973\",\"taxID\":\"83447097300043\",\"numberOfEmployees\":{\"@type\":\"QuantitativeValue\",\"minValue\":\"1\",\"maxValue\":\"10\"}},{\"@type\":\"Person\",\"@id\":\"https:\/\/dicodusport.fr\/blog\/#\/schema\/person\/cb02af4c173ce4a653b55e9baf388d4a\",\"name\":\"Flo Ostermann\",\"image\":{\"@type\":\"ImageObject\",\"inLanguage\":\"fr-FR\",\"@id\":\"https:\/\/dicodusport.fr\/blog\/#\/schema\/person\/image\/\",\"url\":\"https:\/\/dicodusport.fr\/blog\/wp-content\/uploads\/2021\/05\/Flo-Ostermann-150x150.jpg\",\"contentUrl\":\"https:\/\/dicodusport.fr\/blog\/wp-content\/uploads\/2021\/05\/Flo-Ostermann-150x150.jpg\",\"caption\":\"Flo Ostermann\"},\"description\":\"Journaliste\/R\u00e9dacteur depuis septembre 2015 - Mes premiers souvenirs dans le sport ? Les envol\u00e9es du Stade Toulousain et les duels Villeneuve-Schumacher et H\u00e4kkinen-Schumacher \u00e0 la fin des ann\u00e9es 90, la Coupe du monde de football en 1998, l\u2019exploit du XV de France face aux All Blacks en 1999, mais aussi Richard C\u0153ur de Lion qui vole sur les montagnes du Tour de France. Bien parti pour devenir professeur d\u2019EPS, les \u00e9v\u00e9nements de la vie (et la flemme d\u2019animer des s\u00e9ances de 3x500 m\u00e8tres toute ma vie) m\u2019ont conduit \u00e0 revoir mes plans. Me voil\u00e0 depuis fin 2017 sur Dicodusport, m\u00e9dia gr\u00e2ce (et pour) lequel je partage ma passion : le sport dans tous ses \u00e9tats. Le tout accompagn\u00e9 par les fous furieux et folles furieuses cit\u00e9s sur cette page !\",\"sameAs\":[\"https:\/\/www.facebook.com\/florent.ostermann\",\"https:\/\/x.com\/https:\/\/twitter.com\/FlOstermann\",\"admin\"],\"url\":\"https:\/\/dicodusport.fr\/blog\/author\/flo\/\"}]}<\/script>\n<!-- \/ Yoast SEO Premium plugin. -->","yoast_head_json":{"title":"Classement Barkley Fall Classic 2025 en direct avec Mathieu Blanchard","description":"D\u00e9couvrez le classement (top 10) de la Barkley Fall Classic 2025, qui d\u00e9bute ce samedi 20 septembre \u00e0 15h, heure fran\u00e7aise.","robots":{"index":"index","follow":"follow","max-snippet":"max-snippet:-1","max-image-preview":"max-image-preview:large","max-video-preview":"max-video-preview:-1"},"canonical":"https:\/\/dicodusport.fr\/blog\/classement-barkley-fall-classic-2025-en-direct-avec-mathieu-blanchard\/","og_locale":"fr_FR","og_type":"article","og_title":"Classement Barkley Fall Classic 2025 en direct avec Mathieu Blanchard","og_description":"D\u00e9couvrez le classement (top 10) de la Barkley Fall Classic 2025, qui d\u00e9bute ce samedi 20 septembre \u00e0 15h, heure fran\u00e7aise.","og_url":"https:\/\/dicodusport.fr\/blog\/classement-barkley-fall-classic-2025-en-direct-avec-mathieu-blanchard\/","og_site_name":"Dicodusport","article_publisher":"https:\/\/www.facebook.com\/dicodusport","article_author":"https:\/\/www.facebook.com\/florent.ostermann","article_published_time":"2025-09-20T22:49:04+00:00","article_modified_time":"2025-09-21T10:37:56+00:00","og_image":[{"width":1200,"height":674,"url":"https:\/\/dicodusport.fr\/blog\/wp-content\/uploads\/2025\/09\/Classement-Barkley-Fall-Classic-2025-en-direct-avec-Mathieu-Blanchard.png","type":"image\/png"}],"author":"Flo Ostermann","twitter_card":"summary_large_image","twitter_title":"Classement Barkley Fall Classic 2025 en direct avec Mathieu Blanchard","twitter_creator":"@https:\/\/twitter.com\/FlOstermann","twitter_site":"@dicodusport","schema":{"@context":"https:\/\/schema.org","@graph":[{"@type":"NewsArticle","@id":"https:\/\/dicodusport.fr\/blog\/classement-barkley-fall-classic-2025-en-direct-avec-mathieu-blanchard\/#article","isPartOf":{"@id":"https:\/\/dicodusport.fr\/blog\/classement-barkley-fall-classic-2025-en-direct-avec-mathieu-blanchard\/"},"author":{"name":"Flo Ostermann","@id":"https:\/\/dicodusport.fr\/blog\/#\/schema\/person\/cb02af4c173ce4a653b55e9baf388d4a"},"headline":"Classement Barkley Fall Classic 2025 en direct avec Mathieu Blanchard","datePublished":"2025-09-20T22:49:04+00:00","dateModified":"2025-09-21T10:37:56+00:00","mainEntityOfPage":{"@id":"https:\/\/dicodusport.fr\/blog\/classement-barkley-fall-classic-2025-en-direct-avec-mathieu-blanchard\/"},"wordCount":534,"commentCount":0,"publisher":{"@id":"https:\/\/dicodusport.fr\/blog\/#organization"},"image":{"@id":"https:\/\/dicodusport.fr\/blog\/classement-barkley-fall-classic-2025-en-direct-avec-mathieu-blanchard\/#primaryimage"},"thumbnailUrl":"https:\/\/dicodusport.fr\/blog\/wp-content\/uploads\/2025\/09\/Classement-Barkley-Fall-Classic-2025-en-direct-avec-Mathieu-Blanchard.png","keywords":["br\u00e8ve","trail","Ultra-Trail"],"articleSection":["Trail"],"inLanguage":"fr-FR","potentialAction":[{"@type":"CommentAction","name":"Comment","target":["https:\/\/dicodusport.fr\/blog\/classement-barkley-fall-classic-2025-en-direct-avec-mathieu-blanchard\/#respond"]}],"copyrightYear":"2025","copyrightHolder":{"@id":"https:\/\/dicodusport.fr\/blog\/#organization"}},{"@type":"WebPage","@id":"https:\/\/dicodusport.fr\/blog\/classement-barkley-fall-classic-2025-en-direct-avec-mathieu-blanchard\/","url":"https:\/\/dicodusport.fr\/blog\/classement-barkley-fall-classic-2025-en-direct-avec-mathieu-blanchard\/","name":"Classement Barkley Fall Classic 2025 en direct avec Mathieu Blanchard","isPartOf":{"@id":"https:\/\/dicodusport.fr\/blog\/#website"},"primaryImageOfPage":{"@id":"https:\/\/dicodusport.fr\/blog\/classement-barkley-fall-classic-2025-en-direct-avec-mathieu-blanchard\/#primaryimage"},"image":{"@id":"https:\/\/dicodusport.fr\/blog\/classement-barkley-fall-classic-2025-en-direct-avec-mathieu-blanchard\/#primaryimage"},"thumbnailUrl":"https:\/\/dicodusport.fr\/blog\/wp-content\/uploads\/2025\/09\/Classement-Barkley-Fall-Classic-2025-en-direct-avec-Mathieu-Blanchard.png","datePublished":"2025-09-20T22:49:04+00:00","dateModified":"2025-09-21T10:37:56+00:00","description":"D\u00e9couvrez le classement (top 10) de la Barkley Fall Classic 2025, qui d\u00e9bute ce samedi 20 septembre \u00e0 15h, heure fran\u00e7aise.","breadcrumb":{"@id":"https:\/\/dicodusport.fr\/blog\/classement-barkley-fall-classic-2025-en-direct-avec-mathieu-blanchard\/#breadcrumb"},"inLanguage":"fr-FR","potentialAction":[{"@type":"ReadAction","target":["https:\/\/dicodusport.fr\/blog\/classement-barkley-fall-classic-2025-en-direct-avec-mathieu-blanchard\/"]}]},{"@type":"ImageObject","inLanguage":"fr-FR","@id":"https:\/\/dicodusport.fr\/blog\/classement-barkley-fall-classic-2025-en-direct-avec-mathieu-blanchard\/#primaryimage","url":"https:\/\/dicodusport.fr\/blog\/wp-content\/uploads\/2025\/09\/Classement-Barkley-Fall-Classic-2025-en-direct-avec-Mathieu-Blanchard.png","contentUrl":"https:\/\/dicodusport.fr\/blog\/wp-content\/uploads\/2025\/09\/Classement-Barkley-Fall-Classic-2025-en-direct-avec-Mathieu-Blanchard.png","width":1200,"height":674,"caption":"Classement Barkley Fall Classic 2025 en direct avec Mathieu Blanchard"},{"@type":"BreadcrumbList","@id":"https:\/\/dicodusport.fr\/blog\/classement-barkley-fall-classic-2025-en-direct-avec-mathieu-blanchard\/#breadcrumb","itemListElement":[{"@type":"ListItem","position":1,"name":"Accueil","item":"https:\/\/dicodusport.fr\/blog\/"},{"@type":"ListItem","position":2,"name":"Classement Barkley Fall Classic 2025 en direct avec Mathieu Blanchard"}]},{"@type":"WebSite","@id":"https:\/\/dicodusport.fr\/blog\/#website","url":"https:\/\/dicodusport.fr\/blog\/","name":"Dicodusport","description":"L&#039;encyclop\u00e9die de l&#039;actualit\u00e9 sportive","publisher":{"@id":"https:\/\/dicodusport.fr\/blog\/#organization"},"potentialAction":[{"@type":"SearchAction","target":{"@type":"EntryPoint","urlTemplate":"https:\/\/dicodusport.fr\/blog\/?s={search_term_string}"},"query-input":{"@type":"PropertyValueSpecification","valueRequired":true,"valueName":"search_term_string"}}],"inLanguage":"fr-FR"},{"@type":"NewsMediaOrganization","@id":"https:\/\/dicodusport.fr\/blog\/#organization","name":"Dicodusport","url":"https:\/\/dicodusport.fr\/blog\/","logo":{"@type":"ImageObject","inLanguage":"fr-FR","@id":"https:\/\/dicodusport.fr\/blog\/#\/schema\/logo\/image\/","url":"https:\/\/dicodusport.fr\/blog\/wp-content\/uploads\/2020\/06\/cropped-LOGO-DICODUSPORT-2020-SANS-FOND-SANS-TEXTE.png","contentUrl":"https:\/\/dicodusport.fr\/blog\/wp-content\/uploads\/2020\/06\/cropped-LOGO-DICODUSPORT-2020-SANS-FOND-SANS-TEXTE.png","width":512,"height":512,"caption":"Dicodusport"},"image":{"@id":"https:\/\/dicodusport.fr\/blog\/#\/schema\/logo\/image\/"},"sameAs":["https:\/\/www.facebook.com\/dicodusport","https:\/\/x.com\/dicodusport","https:\/\/www.instagram.com\/dicodusport\/","https:\/\/www.youtube.com\/channel\/UC7V2KZ5sd3htJivAbA4ZG3w"],"description":"Dicodusport est l'encyclop\u00e9die de l'actualit\u00e9 sportive.","email":"bonjour@dicodusport.fr","legalName":"DICODUSPORT","foundingDate":"2018-01-14","vatID":"FR71834470973","taxID":"83447097300043","numberOfEmployees":{"@type":"QuantitativeValue","minValue":"1","maxValue":"10"}},{"@type":"Person","@id":"https:\/\/dicodusport.fr\/blog\/#\/schema\/person\/cb02af4c173ce4a653b55e9baf388d4a","name":"Flo Ostermann","image":{"@type":"ImageObject","inLanguage":"fr-FR","@id":"https:\/\/dicodusport.fr\/blog\/#\/schema\/person\/image\/","url":"https:\/\/dicodusport.fr\/blog\/wp-content\/uploads\/2021\/05\/Flo-Ostermann-150x150.jpg","contentUrl":"https:\/\/dicodusport.fr\/blog\/wp-content\/uploads\/2021\/05\/Flo-Ostermann-150x150.jpg","caption":"Flo Ostermann"},"description":"Journaliste\/R\u00e9dacteur depuis septembre 2015 - Mes premiers souvenirs dans le sport ? Les envol\u00e9es du Stade Toulousain et les duels Villeneuve-Schumacher et H\u00e4kkinen-Schumacher \u00e0 la fin des ann\u00e9es 90, la Coupe du monde de football en 1998, l\u2019exploit du XV de France face aux All Blacks en 1999, mais aussi Richard C\u0153ur de Lion qui vole sur les montagnes du Tour de France. Bien parti pour devenir professeur d\u2019EPS, les \u00e9v\u00e9nements de la vie (et la flemme d\u2019animer des s\u00e9ances de 3x500 m\u00e8tres toute ma vie) m\u2019ont conduit \u00e0 revoir mes plans. Me voil\u00e0 depuis fin 2017 sur Dicodusport, m\u00e9dia gr\u00e2ce (et pour) lequel je partage ma passion : le sport dans tous ses \u00e9tats. Le tout accompagn\u00e9 par les fous furieux et folles furieuses cit\u00e9s sur cette page !","sameAs":["https:\/\/www.facebook.com\/florent.ostermann","https:\/\/x.com\/https:\/\/twitter.com\/FlOstermann","admin"],"url":"https:\/\/dicodusport.fr\/blog\/author\/flo\/"}]}},"_links":{"self":[{"href":"https:\/\/dicodusport.fr\/blog\/wp-json\/wp\/v2\/posts\/612767","targetHints":{"allow":["GET"]}}],"collection":[{"href":"https:\/\/dicodusport.fr\/blog\/wp-json\/wp\/v2\/posts"}],"about":[{"href":"https:\/\/dicodusport.fr\/blog\/wp-json\/wp\/v2\/types\/post"}],"author":[{"embeddable":true,"href":"https:\/\/dicodusport.fr\/blog\/wp-json\/wp\/v2\/users\/4"}],"replies":[{"embeddable":true,"href":"https:\/\/dicodusport.fr\/blog\/wp-json\/wp\/v2\/comments?post=612767"}],"version-history":[{"count":7,"href":"https:\/\/dicodusport.fr\/blog\/wp-json\/wp\/v2\/posts\/612767\/revisions"}],"predecessor-version":[{"id":613201,"href":"https:\/\/dicodusport.fr\/blog\/wp-json\/wp\/v2\/posts\/612767\/revisions\/613201"}],"wp:featuredmedia":[{"embeddable":true,"href":"https:\/\/dicodusport.fr\/blog\/wp-json\/wp\/v2\/media\/612770"}],"wp:attachment":[{"href":"https:\/\/dicodusport.fr\/blog\/wp-json\/wp\/v2\/media?parent=612767"}],"wp:term":[{"taxonomy":"category","embeddable":true,"href":"https:\/\/dicodusport.fr\/blog\/wp-json\/wp\/v2\/categories?post=612767"},{"taxonomy":"post_tag","embeddable":true,"href":"https:\/\/dicodusport.fr\/blog\/wp-json\/wp\/v2\/tags?post=612767"}],"curies":[{"name":"wp","href":"https:\/\/api.w.org\/{rel}","templated":true}]}}