{"id":6128,"date":"2017-10-28T10:27:51","date_gmt":"2017-10-28T09:27:51","guid":{"rendered":"http:\/\/dicodusport.fr\/blog\/?p=6128"},"modified":"2021-04-13T23:16:04","modified_gmt":"2021-04-13T21:16:04","slug":"jeremie-azou-champion-olympique-a-rio-raccroche-pelles","status":"publish","type":"post","link":"https:\/\/dicodusport.fr\/blog\/jeremie-azou-champion-olympique-a-rio-raccroche-pelles\/","title":{"rendered":"J\u00e9r\u00e9mie Azou, champion Olympique \u00e0 Rio, raccroche les pelles !"},"content":{"rendered":"<p style=\"text-align: justify;\"><strong><em>En ao\u00fbt 2016, apr\u00e8s le titre olympique brillamment conquis avec Pierre, J\u00e9r\u00e9mie Azou l\u2019avait dit : encore 1 ou 2 ans avant d&rsquo;arr\u00eater l&rsquo;aviron mais tous les passionn\u00e9s d\u2019aviron auraient voulu entendre, j\u2019arr\u00eaterai apr\u00e8s Tokyo.<\/em><\/strong><\/p>\n<p style=\"text-align: justify;\">Cette d\u00e9cision est m\u00fbrement r\u00e9fl\u00e9chie et c\u2019est \u00e0 l\u2019image de la personne que tu es ! Tout les membres de l\u2019\u00e9quipe de France sont unanimes,\u00a0tu leur as autant apporter en tant que rameur qu\u2019en tant que personne. Il va y avoir un grand vide dans l\u2019aviron fran\u00e7ais mais tu as pris le temps de transmettre ton exp\u00e9rience \u00e0 Pierre et aux autres qui vont pouvoir continuer de briller sur la sc\u00e8ne internationale.<\/p>\n<p style=\"text-align: justify;\">Pouvais-tu r\u00eaver partir d\u2019une autre mani\u00e8re que tout en haut de l&rsquo;affiche, cela para\u00eet compliqu\u00e9 tellement tu as domin\u00e9 ton sport ces derni\u00e8res ann\u00e9es. Tu es le plus grand rameur fran\u00e7ais de tous les temps et tu vas devenir une r\u00e9f\u00e9rence pour beaucoup de jeunes qui voudront devenir le nouveau \u00ab J\u00e9r\u00e9mie Azou \u00bb.<\/p>\n<p style=\"text-align: justify;\"><strong>Bravo et merci d\u2019avoir donner envie \u00e0 des milliers de personnes de suivre ce beau sport qu\u2019est l\u2019aviron !<\/strong><\/p>\n<h4 style=\"text-align: justify;\"><strong><span style=\"color: #000000;\"><span style=\"color: #0051a3;\">&#x2714;\u00a0<\/span><\/span><\/strong>Interview de J\u00e9r\u00e9mie Azou enregistr\u00e9 avec <span style=\"color: #0000ff;\"><a style=\"color: #0000ff;\" href=\"http:\/\/www.ruckradio.com\/\" target=\"_blank\" rel=\"noopener noreferrer\">Ruckradio<\/a><\/span> le 23 octobre !<\/h4>\n<p><span class=\"CmqUjf7A9y1cH42xgWFzRIlVSwnXeh3\"><iframe loading=\"lazy\" title=\"Interview J\u00e9r\u00e9mie Azou apr\u00e8s l&#039;annonce de sa retraite\" width=\"740\" height=\"416\" src=\"https:\/\/www.youtube.com\/embed\/nS7wm7D-Jx4?start=1&#038;feature=oembed\" frameborder=\"0\" allow=\"accelerometer; autoplay; clipboard-write; encrypted-media; gyroscope; picture-in-picture; web-share\" allowfullscreen><\/iframe><\/span><\/p>\n<p style=\"text-align: justify;\"><em><strong>Nicolas Jacquemard<\/strong><br \/>\n<\/em><a style=\"color: #000000;\" href=\"https:\/\/twitter.com\/Nico_Jacquemard\" target=\"_blank\" rel=\"noopener noreferrer\"><img loading=\"lazy\" decoding=\"async\" class=\"alignnone wp-image-2908\" src=\"http:\/\/dicodusport.fr\/blog\/wp-content\/uploads\/2017\/07\/logo-twitter-150x150.png\" alt=\"\" width=\"39\" height=\"39\" \/><\/a><a style=\"color: #000000;\" href=\"https:\/\/www.facebook.com\/dicodusport\/\" target=\"_blank\" rel=\"noopener noreferrer\"><img loading=\"lazy\" decoding=\"async\" class=\"alignnone wp-image-2909\" src=\"http:\/\/dicodusport.fr\/blog\/wp-content\/uploads\/2017\/07\/logo-facebook-150x150.png\" alt=\"\" width=\"40\" height=\"40\" \/><\/a><\/p>\n","protected":false},"excerpt":{"rendered":"<p>En ao\u00fbt 2016, apr\u00e8s le titre olympique brillamment conquis avec Pierre, J\u00e9r\u00e9mie Azou l\u2019avait dit : encore 1 ou 2 ans avant d&rsquo;arr\u00eater l&rsquo;aviron mais tous les passionn\u00e9s d\u2019aviron auraient voulu entendre, j\u2019arr\u00eaterai apr\u00e8s Tokyo. Cette d\u00e9cision est m\u00fbrement r\u00e9fl\u00e9chie et c\u2019est \u00e0 l\u2019image de la personne que tu es ! Tout les membres de [&hellip;]<\/p>\n","protected":false},"author":1,"featured_media":6133,"comment_status":"open","ping_status":"closed","sticky":false,"template":"","format":"standard","meta":{"_acf_changed":false,"_daextam_enable_autolinks":"","footnotes":""},"categories":[2,2309],"tags":[739,743,738],"class_list":["post-6128","post","type-post","status-publish","format-standard","has-post-thumbnail","hentry","category-actualites","category-aviron","tag-aviron","tag-azou","tag-jeremie-azou"],"acf":[],"yoast_head":"<!-- This site is optimized with the Yoast SEO Premium plugin v26.7 (Yoast SEO v26.7) - https:\/\/yoast.com\/wordpress\/plugins\/seo\/ -->\n<title>J\u00e9r\u00e9mie Azou, champion Olympique \u00e0 Rio, raccroche les pelles !<\/title>\n<meta name=\"description\" content=\"En ao\u00fbt 2016, apr\u00e8s ce titre olympique brillamment conquis avec Pierre Houin, J\u00e9r\u00e9mie Azou l\u2019avais dit : encore 1 ou 2 ans avant d&#039;arr\u00eater l&#039;aviron.\" \/>\n<meta name=\"robots\" content=\"index, follow, max-snippet:-1, max-image-preview:large, max-video-preview:-1\" \/>\n<link rel=\"canonical\" href=\"https:\/\/dicodusport.fr\/blog\/jeremie-azou-champion-olympique-a-rio-raccroche-pelles\/\" \/>\n<meta property=\"og:locale\" content=\"fr_FR\" \/>\n<meta property=\"og:type\" content=\"article\" \/>\n<meta property=\"og:title\" content=\"J\u00e9r\u00e9mie Azou, champion Olympique \u00e0 Rio, raccroche les pelles !\" \/>\n<meta property=\"og:description\" content=\"En ao\u00fbt 2016, apr\u00e8s ce titre olympique brillamment conquis avec Pierre Houin, J\u00e9r\u00e9mie Azou l\u2019avais dit : encore 1 ou 2 ans avant d&#039;arr\u00eater l&#039;aviron.\" \/>\n<meta property=\"og:url\" content=\"https:\/\/dicodusport.fr\/blog\/jeremie-azou-champion-olympique-a-rio-raccroche-pelles\/\" \/>\n<meta property=\"og:site_name\" content=\"Dicodusport\" \/>\n<meta property=\"article:publisher\" content=\"https:\/\/www.facebook.com\/dicodusport\" \/>\n<meta property=\"article:author\" content=\"https:\/\/www.facebook.com\/dicodusport\" \/>\n<meta property=\"article:published_time\" content=\"2017-10-28T09:27:51+00:00\" \/>\n<meta property=\"article:modified_time\" content=\"2021-04-13T21:16:04+00:00\" \/>\n<meta property=\"og:image\" content=\"https:\/\/dicodusport.fr\/blog\/wp-content\/uploads\/2017\/10\/Retraite-Jeremie-Azou.png\" \/>\n\t<meta property=\"og:image:width\" content=\"1200\" \/>\n\t<meta property=\"og:image:height\" content=\"670\" \/>\n\t<meta property=\"og:image:type\" content=\"image\/png\" \/>\n<meta name=\"author\" content=\"Nicolas Jacquemard\" \/>\n<meta name=\"twitter:card\" content=\"summary_large_image\" \/>\n<meta name=\"twitter:creator\" content=\"@https:\/\/twitter.com\/Nico_Jacquemard\" \/>\n<meta name=\"twitter:site\" content=\"@dicodusport\" \/>\n<script type=\"application\/ld+json\" class=\"yoast-schema-graph\">{\"@context\":\"https:\/\/schema.org\",\"@graph\":[{\"@type\":\"NewsArticle\",\"@id\":\"https:\/\/dicodusport.fr\/blog\/jeremie-azou-champion-olympique-a-rio-raccroche-pelles\/#article\",\"isPartOf\":{\"@id\":\"https:\/\/dicodusport.fr\/blog\/jeremie-azou-champion-olympique-a-rio-raccroche-pelles\/\"},\"author\":{\"name\":\"Nicolas Jacquemard\",\"@id\":\"https:\/\/dicodusport.fr\/blog\/#\/schema\/person\/55dcb50ad410894e431ed812bbb70191\"},\"headline\":\"J\u00e9r\u00e9mie Azou, champion Olympique \u00e0 Rio, raccroche les pelles !\",\"datePublished\":\"2017-10-28T09:27:51+00:00\",\"dateModified\":\"2021-04-13T21:16:04+00:00\",\"mainEntityOfPage\":{\"@id\":\"https:\/\/dicodusport.fr\/blog\/jeremie-azou-champion-olympique-a-rio-raccroche-pelles\/\"},\"wordCount\":246,\"commentCount\":0,\"publisher\":{\"@id\":\"https:\/\/dicodusport.fr\/blog\/#organization\"},\"image\":{\"@id\":\"https:\/\/dicodusport.fr\/blog\/jeremie-azou-champion-olympique-a-rio-raccroche-pelles\/#primaryimage\"},\"thumbnailUrl\":\"https:\/\/dicodusport.fr\/blog\/wp-content\/uploads\/2017\/10\/Retraite-Jeremie-Azou.png\",\"keywords\":[\"aviron\",\"azou\",\"j\u00e9r\u00e9mie azou\"],\"articleSection\":[\"Actualit\u00e9s\",\"Aviron\"],\"inLanguage\":\"fr-FR\",\"potentialAction\":[{\"@type\":\"CommentAction\",\"name\":\"Comment\",\"target\":[\"https:\/\/dicodusport.fr\/blog\/jeremie-azou-champion-olympique-a-rio-raccroche-pelles\/#respond\"]}],\"copyrightYear\":\"2017\",\"copyrightHolder\":{\"@id\":\"https:\/\/dicodusport.fr\/blog\/#organization\"}},{\"@type\":\"WebPage\",\"@id\":\"https:\/\/dicodusport.fr\/blog\/jeremie-azou-champion-olympique-a-rio-raccroche-pelles\/\",\"url\":\"https:\/\/dicodusport.fr\/blog\/jeremie-azou-champion-olympique-a-rio-raccroche-pelles\/\",\"name\":\"J\u00e9r\u00e9mie Azou, champion Olympique \u00e0 Rio, raccroche les pelles !\",\"isPartOf\":{\"@id\":\"https:\/\/dicodusport.fr\/blog\/#website\"},\"primaryImageOfPage\":{\"@id\":\"https:\/\/dicodusport.fr\/blog\/jeremie-azou-champion-olympique-a-rio-raccroche-pelles\/#primaryimage\"},\"image\":{\"@id\":\"https:\/\/dicodusport.fr\/blog\/jeremie-azou-champion-olympique-a-rio-raccroche-pelles\/#primaryimage\"},\"thumbnailUrl\":\"https:\/\/dicodusport.fr\/blog\/wp-content\/uploads\/2017\/10\/Retraite-Jeremie-Azou.png\",\"datePublished\":\"2017-10-28T09:27:51+00:00\",\"dateModified\":\"2021-04-13T21:16:04+00:00\",\"description\":\"En ao\u00fbt 2016, apr\u00e8s ce titre olympique brillamment conquis avec Pierre Houin, J\u00e9r\u00e9mie Azou l\u2019avais dit : encore 1 ou 2 ans avant d'arr\u00eater l'aviron.\",\"breadcrumb\":{\"@id\":\"https:\/\/dicodusport.fr\/blog\/jeremie-azou-champion-olympique-a-rio-raccroche-pelles\/#breadcrumb\"},\"inLanguage\":\"fr-FR\",\"potentialAction\":[{\"@type\":\"ReadAction\",\"target\":[\"https:\/\/dicodusport.fr\/blog\/jeremie-azou-champion-olympique-a-rio-raccroche-pelles\/\"]}]},{\"@type\":\"ImageObject\",\"inLanguage\":\"fr-FR\",\"@id\":\"https:\/\/dicodusport.fr\/blog\/jeremie-azou-champion-olympique-a-rio-raccroche-pelles\/#primaryimage\",\"url\":\"https:\/\/dicodusport.fr\/blog\/wp-content\/uploads\/2017\/10\/Retraite-Jeremie-Azou.png\",\"contentUrl\":\"https:\/\/dicodusport.fr\/blog\/wp-content\/uploads\/2017\/10\/Retraite-Jeremie-Azou.png\",\"width\":1200,\"height\":670,\"caption\":\"Retraite Jeremie Azou\"},{\"@type\":\"BreadcrumbList\",\"@id\":\"https:\/\/dicodusport.fr\/blog\/jeremie-azou-champion-olympique-a-rio-raccroche-pelles\/#breadcrumb\",\"itemListElement\":[{\"@type\":\"ListItem\",\"position\":1,\"name\":\"Accueil\",\"item\":\"https:\/\/dicodusport.fr\/blog\/\"},{\"@type\":\"ListItem\",\"position\":2,\"name\":\"J\u00e9r\u00e9mie Azou, champion Olympique \u00e0 Rio, raccroche les pelles !\"}]},{\"@type\":\"WebSite\",\"@id\":\"https:\/\/dicodusport.fr\/blog\/#website\",\"url\":\"https:\/\/dicodusport.fr\/blog\/\",\"name\":\"Dicodusport\",\"description\":\"L&#039;encyclop\u00e9die de l&#039;actualit\u00e9 sportive\",\"publisher\":{\"@id\":\"https:\/\/dicodusport.fr\/blog\/#organization\"},\"potentialAction\":[{\"@type\":\"SearchAction\",\"target\":{\"@type\":\"EntryPoint\",\"urlTemplate\":\"https:\/\/dicodusport.fr\/blog\/?s={search_term_string}\"},\"query-input\":{\"@type\":\"PropertyValueSpecification\",\"valueRequired\":true,\"valueName\":\"search_term_string\"}}],\"inLanguage\":\"fr-FR\"},{\"@type\":\"NewsMediaOrganization\",\"@id\":\"https:\/\/dicodusport.fr\/blog\/#organization\",\"name\":\"Dicodusport\",\"url\":\"https:\/\/dicodusport.fr\/blog\/\",\"logo\":{\"@type\":\"ImageObject\",\"inLanguage\":\"fr-FR\",\"@id\":\"https:\/\/dicodusport.fr\/blog\/#\/schema\/logo\/image\/\",\"url\":\"https:\/\/dicodusport.fr\/blog\/wp-content\/uploads\/2020\/06\/cropped-LOGO-DICODUSPORT-2020-SANS-FOND-SANS-TEXTE.png\",\"contentUrl\":\"https:\/\/dicodusport.fr\/blog\/wp-content\/uploads\/2020\/06\/cropped-LOGO-DICODUSPORT-2020-SANS-FOND-SANS-TEXTE.png\",\"width\":512,\"height\":512,\"caption\":\"Dicodusport\"},\"image\":{\"@id\":\"https:\/\/dicodusport.fr\/blog\/#\/schema\/logo\/image\/\"},\"sameAs\":[\"https:\/\/www.facebook.com\/dicodusport\",\"https:\/\/x.com\/dicodusport\",\"https:\/\/www.instagram.com\/dicodusport\/\",\"https:\/\/www.youtube.com\/channel\/UC7V2KZ5sd3htJivAbA4ZG3w\"],\"description\":\"Dicodusport est l'encyclop\u00e9die de l'actualit\u00e9 sportive.\",\"email\":\"bonjour@dicodusport.fr\",\"legalName\":\"DICODUSPORT\",\"foundingDate\":\"2018-01-14\",\"vatID\":\"FR71834470973\",\"taxID\":\"83447097300043\",\"numberOfEmployees\":{\"@type\":\"QuantitativeValue\",\"minValue\":\"1\",\"maxValue\":\"10\"}},{\"@type\":\"Person\",\"@id\":\"https:\/\/dicodusport.fr\/blog\/#\/schema\/person\/55dcb50ad410894e431ed812bbb70191\",\"name\":\"Nicolas Jacquemard\",\"image\":{\"@type\":\"ImageObject\",\"inLanguage\":\"fr-FR\",\"@id\":\"https:\/\/dicodusport.fr\/blog\/#\/schema\/person\/image\/\",\"url\":\"https:\/\/dicodusport.fr\/blog\/wp-content\/uploads\/2021\/05\/Nicolas-Jacquemard-150x150.jpeg\",\"contentUrl\":\"https:\/\/dicodusport.fr\/blog\/wp-content\/uploads\/2021\/05\/Nicolas-Jacquemard-150x150.jpeg\",\"caption\":\"Nicolas Jacquemard\"},\"description\":\"Passionn\u00e9 de sport et entrepreneur depuis mes 18 ans, la cr\u00e9ation de Dicodusport m'a sembl\u00e9 \u00e9vidente pour participer \u00e0 la m\u00e9diatisation d'un plus grand nombre de sports. Le chemin est long mais avec une \u00e9quipe des plus motiv\u00e9es et les Jeux Olympiques de Paris 2024 en point de mire, nous y arriverons ! Journaliste dans le monde du sport depuis plus de 5 ans, je traite aussi bien de football, de rugby, de biathlon que de cyclisme.\",\"sameAs\":[\"https:\/\/www.facebook.com\/dicodusport\",\"https:\/\/x.com\/https:\/\/twitter.com\/Nico_Jacquemard\"],\"url\":\"https:\/\/dicodusport.fr\/blog\/author\/dicodusport\/\"}]}<\/script>\n<!-- \/ Yoast SEO Premium plugin. -->","yoast_head_json":{"title":"J\u00e9r\u00e9mie Azou, champion Olympique \u00e0 Rio, raccroche les pelles !","description":"En ao\u00fbt 2016, apr\u00e8s ce titre olympique brillamment conquis avec Pierre Houin, J\u00e9r\u00e9mie Azou l\u2019avais dit : encore 1 ou 2 ans avant d'arr\u00eater l'aviron.","robots":{"index":"index","follow":"follow","max-snippet":"max-snippet:-1","max-image-preview":"max-image-preview:large","max-video-preview":"max-video-preview:-1"},"canonical":"https:\/\/dicodusport.fr\/blog\/jeremie-azou-champion-olympique-a-rio-raccroche-pelles\/","og_locale":"fr_FR","og_type":"article","og_title":"J\u00e9r\u00e9mie Azou, champion Olympique \u00e0 Rio, raccroche les pelles !","og_description":"En ao\u00fbt 2016, apr\u00e8s ce titre olympique brillamment conquis avec Pierre Houin, J\u00e9r\u00e9mie Azou l\u2019avais dit : encore 1 ou 2 ans avant d'arr\u00eater l'aviron.","og_url":"https:\/\/dicodusport.fr\/blog\/jeremie-azou-champion-olympique-a-rio-raccroche-pelles\/","og_site_name":"Dicodusport","article_publisher":"https:\/\/www.facebook.com\/dicodusport","article_author":"https:\/\/www.facebook.com\/dicodusport","article_published_time":"2017-10-28T09:27:51+00:00","article_modified_time":"2021-04-13T21:16:04+00:00","og_image":[{"width":1200,"height":670,"url":"https:\/\/dicodusport.fr\/blog\/wp-content\/uploads\/2017\/10\/Retraite-Jeremie-Azou.png","type":"image\/png"}],"author":"Nicolas Jacquemard","twitter_card":"summary_large_image","twitter_creator":"@https:\/\/twitter.com\/Nico_Jacquemard","twitter_site":"@dicodusport","schema":{"@context":"https:\/\/schema.org","@graph":[{"@type":"NewsArticle","@id":"https:\/\/dicodusport.fr\/blog\/jeremie-azou-champion-olympique-a-rio-raccroche-pelles\/#article","isPartOf":{"@id":"https:\/\/dicodusport.fr\/blog\/jeremie-azou-champion-olympique-a-rio-raccroche-pelles\/"},"author":{"name":"Nicolas Jacquemard","@id":"https:\/\/dicodusport.fr\/blog\/#\/schema\/person\/55dcb50ad410894e431ed812bbb70191"},"headline":"J\u00e9r\u00e9mie Azou, champion Olympique \u00e0 Rio, raccroche les pelles !","datePublished":"2017-10-28T09:27:51+00:00","dateModified":"2021-04-13T21:16:04+00:00","mainEntityOfPage":{"@id":"https:\/\/dicodusport.fr\/blog\/jeremie-azou-champion-olympique-a-rio-raccroche-pelles\/"},"wordCount":246,"commentCount":0,"publisher":{"@id":"https:\/\/dicodusport.fr\/blog\/#organization"},"image":{"@id":"https:\/\/dicodusport.fr\/blog\/jeremie-azou-champion-olympique-a-rio-raccroche-pelles\/#primaryimage"},"thumbnailUrl":"https:\/\/dicodusport.fr\/blog\/wp-content\/uploads\/2017\/10\/Retraite-Jeremie-Azou.png","keywords":["aviron","azou","j\u00e9r\u00e9mie azou"],"articleSection":["Actualit\u00e9s","Aviron"],"inLanguage":"fr-FR","potentialAction":[{"@type":"CommentAction","name":"Comment","target":["https:\/\/dicodusport.fr\/blog\/jeremie-azou-champion-olympique-a-rio-raccroche-pelles\/#respond"]}],"copyrightYear":"2017","copyrightHolder":{"@id":"https:\/\/dicodusport.fr\/blog\/#organization"}},{"@type":"WebPage","@id":"https:\/\/dicodusport.fr\/blog\/jeremie-azou-champion-olympique-a-rio-raccroche-pelles\/","url":"https:\/\/dicodusport.fr\/blog\/jeremie-azou-champion-olympique-a-rio-raccroche-pelles\/","name":"J\u00e9r\u00e9mie Azou, champion Olympique \u00e0 Rio, raccroche les pelles !","isPartOf":{"@id":"https:\/\/dicodusport.fr\/blog\/#website"},"primaryImageOfPage":{"@id":"https:\/\/dicodusport.fr\/blog\/jeremie-azou-champion-olympique-a-rio-raccroche-pelles\/#primaryimage"},"image":{"@id":"https:\/\/dicodusport.fr\/blog\/jeremie-azou-champion-olympique-a-rio-raccroche-pelles\/#primaryimage"},"thumbnailUrl":"https:\/\/dicodusport.fr\/blog\/wp-content\/uploads\/2017\/10\/Retraite-Jeremie-Azou.png","datePublished":"2017-10-28T09:27:51+00:00","dateModified":"2021-04-13T21:16:04+00:00","description":"En ao\u00fbt 2016, apr\u00e8s ce titre olympique brillamment conquis avec Pierre Houin, J\u00e9r\u00e9mie Azou l\u2019avais dit : encore 1 ou 2 ans avant d'arr\u00eater l'aviron.","breadcrumb":{"@id":"https:\/\/dicodusport.fr\/blog\/jeremie-azou-champion-olympique-a-rio-raccroche-pelles\/#breadcrumb"},"inLanguage":"fr-FR","potentialAction":[{"@type":"ReadAction","target":["https:\/\/dicodusport.fr\/blog\/jeremie-azou-champion-olympique-a-rio-raccroche-pelles\/"]}]},{"@type":"ImageObject","inLanguage":"fr-FR","@id":"https:\/\/dicodusport.fr\/blog\/jeremie-azou-champion-olympique-a-rio-raccroche-pelles\/#primaryimage","url":"https:\/\/dicodusport.fr\/blog\/wp-content\/uploads\/2017\/10\/Retraite-Jeremie-Azou.png","contentUrl":"https:\/\/dicodusport.fr\/blog\/wp-content\/uploads\/2017\/10\/Retraite-Jeremie-Azou.png","width":1200,"height":670,"caption":"Retraite Jeremie Azou"},{"@type":"BreadcrumbList","@id":"https:\/\/dicodusport.fr\/blog\/jeremie-azou-champion-olympique-a-rio-raccroche-pelles\/#breadcrumb","itemListElement":[{"@type":"ListItem","position":1,"name":"Accueil","item":"https:\/\/dicodusport.fr\/blog\/"},{"@type":"ListItem","position":2,"name":"J\u00e9r\u00e9mie Azou, champion Olympique \u00e0 Rio, raccroche les pelles !"}]},{"@type":"WebSite","@id":"https:\/\/dicodusport.fr\/blog\/#website","url":"https:\/\/dicodusport.fr\/blog\/","name":"Dicodusport","description":"L&#039;encyclop\u00e9die de l&#039;actualit\u00e9 sportive","publisher":{"@id":"https:\/\/dicodusport.fr\/blog\/#organization"},"potentialAction":[{"@type":"SearchAction","target":{"@type":"EntryPoint","urlTemplate":"https:\/\/dicodusport.fr\/blog\/?s={search_term_string}"},"query-input":{"@type":"PropertyValueSpecification","valueRequired":true,"valueName":"search_term_string"}}],"inLanguage":"fr-FR"},{"@type":"NewsMediaOrganization","@id":"https:\/\/dicodusport.fr\/blog\/#organization","name":"Dicodusport","url":"https:\/\/dicodusport.fr\/blog\/","logo":{"@type":"ImageObject","inLanguage":"fr-FR","@id":"https:\/\/dicodusport.fr\/blog\/#\/schema\/logo\/image\/","url":"https:\/\/dicodusport.fr\/blog\/wp-content\/uploads\/2020\/06\/cropped-LOGO-DICODUSPORT-2020-SANS-FOND-SANS-TEXTE.png","contentUrl":"https:\/\/dicodusport.fr\/blog\/wp-content\/uploads\/2020\/06\/cropped-LOGO-DICODUSPORT-2020-SANS-FOND-SANS-TEXTE.png","width":512,"height":512,"caption":"Dicodusport"},"image":{"@id":"https:\/\/dicodusport.fr\/blog\/#\/schema\/logo\/image\/"},"sameAs":["https:\/\/www.facebook.com\/dicodusport","https:\/\/x.com\/dicodusport","https:\/\/www.instagram.com\/dicodusport\/","https:\/\/www.youtube.com\/channel\/UC7V2KZ5sd3htJivAbA4ZG3w"],"description":"Dicodusport est l'encyclop\u00e9die de l'actualit\u00e9 sportive.","email":"bonjour@dicodusport.fr","legalName":"DICODUSPORT","foundingDate":"2018-01-14","vatID":"FR71834470973","taxID":"83447097300043","numberOfEmployees":{"@type":"QuantitativeValue","minValue":"1","maxValue":"10"}},{"@type":"Person","@id":"https:\/\/dicodusport.fr\/blog\/#\/schema\/person\/55dcb50ad410894e431ed812bbb70191","name":"Nicolas Jacquemard","image":{"@type":"ImageObject","inLanguage":"fr-FR","@id":"https:\/\/dicodusport.fr\/blog\/#\/schema\/person\/image\/","url":"https:\/\/dicodusport.fr\/blog\/wp-content\/uploads\/2021\/05\/Nicolas-Jacquemard-150x150.jpeg","contentUrl":"https:\/\/dicodusport.fr\/blog\/wp-content\/uploads\/2021\/05\/Nicolas-Jacquemard-150x150.jpeg","caption":"Nicolas Jacquemard"},"description":"Passionn\u00e9 de sport et entrepreneur depuis mes 18 ans, la cr\u00e9ation de Dicodusport m'a sembl\u00e9 \u00e9vidente pour participer \u00e0 la m\u00e9diatisation d'un plus grand nombre de sports. Le chemin est long mais avec une \u00e9quipe des plus motiv\u00e9es et les Jeux Olympiques de Paris 2024 en point de mire, nous y arriverons ! Journaliste dans le monde du sport depuis plus de 5 ans, je traite aussi bien de football, de rugby, de biathlon que de cyclisme.","sameAs":["https:\/\/www.facebook.com\/dicodusport","https:\/\/x.com\/https:\/\/twitter.com\/Nico_Jacquemard"],"url":"https:\/\/dicodusport.fr\/blog\/author\/dicodusport\/"}]}},"_links":{"self":[{"href":"https:\/\/dicodusport.fr\/blog\/wp-json\/wp\/v2\/posts\/6128","targetHints":{"allow":["GET"]}}],"collection":[{"href":"https:\/\/dicodusport.fr\/blog\/wp-json\/wp\/v2\/posts"}],"about":[{"href":"https:\/\/dicodusport.fr\/blog\/wp-json\/wp\/v2\/types\/post"}],"author":[{"embeddable":true,"href":"https:\/\/dicodusport.fr\/blog\/wp-json\/wp\/v2\/users\/1"}],"replies":[{"embeddable":true,"href":"https:\/\/dicodusport.fr\/blog\/wp-json\/wp\/v2\/comments?post=6128"}],"version-history":[{"count":0,"href":"https:\/\/dicodusport.fr\/blog\/wp-json\/wp\/v2\/posts\/6128\/revisions"}],"wp:featuredmedia":[{"embeddable":true,"href":"https:\/\/dicodusport.fr\/blog\/wp-json\/wp\/v2\/media\/6133"}],"wp:attachment":[{"href":"https:\/\/dicodusport.fr\/blog\/wp-json\/wp\/v2\/media?parent=6128"}],"wp:term":[{"taxonomy":"category","embeddable":true,"href":"https:\/\/dicodusport.fr\/blog\/wp-json\/wp\/v2\/categories?post=6128"},{"taxonomy":"post_tag","embeddable":true,"href":"https:\/\/dicodusport.fr\/blog\/wp-json\/wp\/v2\/tags?post=6128"}],"curies":[{"name":"wp","href":"https:\/\/api.w.org\/{rel}","templated":true}]}}