{"id":612843,"date":"2025-09-20T15:57:34","date_gmt":"2025-09-20T13:57:34","guid":{"rendered":"https:\/\/dicodusport.fr\/blog\/?p=612843&#038;preview=true&#038;preview_id=612843"},"modified":"2025-09-20T23:00:36","modified_gmt":"2025-09-20T21:00:36","slug":"vtt-descente-13eme-succes-en-coupe-du-monde-pour-amaury-pierron","status":"publish","type":"post","link":"https:\/\/dicodusport.fr\/blog\/vtt-descente-13eme-succes-en-coupe-du-monde-pour-amaury-pierron\/","title":{"rendered":"VTT Descente : 13\u00e8me succ\u00e8s en Coupe du monde pour Amaury Pierron"},"content":{"rendered":"<p style=\"text-align: justify;\"><strong><em>COUPE DU MONDE DE VTT DESCENTE 2025 &#8211; Parti t\u00f4t, Amaury Pierron a r\u00e9alis\u00e9 un chrono sur lequel tout le monde s&rsquo;est cass\u00e9 les dents, et retrouve le chemin du succ\u00e8s.\u00a0<\/em><\/strong><\/p>\n<p style=\"text-align: justify;\"><strong>Beno\u00eet Coulanges<\/strong>, <strong>Amaury Pierron<\/strong>, <strong>R\u00e9mi Thirion<\/strong>, <strong>Loris Vergier<\/strong> et <strong>Lo\u00efc Bruni<\/strong> : ils \u00e9taient cinq Bleus au d\u00e9part de la manche de Coupe du monde de VTT descente \u00e0 Lenzerheide avec pour objectif d&rsquo;effacer l&rsquo;\u00e9chec des Mondiaux, o\u00f9 aucun Fran\u00e7ais n&rsquo;avait accroch\u00e9 le podium. N\u00e9anmoins, le grand bonhomme de la saison &#8211; et champion du monde &#8211; <strong>Jackson Goldstone<\/strong> restait le favori du jour.<\/p>\n<div class=\"vlp-link-container vlp-layout-article\"><a href=\"https:\/\/dicodusport.fr\/blog\/vtt-championnats-du-monde-2025-jackson-goldstone-sacre-en-descente-zero-pointe-pour-les-bleus\/\" class=\"vlp-link\" title=\"VTT Championnats du monde 2025 : Jackson Goldstone sacr\u00e9 en descente, z\u00e9ro point\u00e9 pour les Bleus\"><\/a><div class=\"vlp-layout-zone-side\"><div class=\"vlp-block-4 vlp-link-image\"><img loading=\"lazy\" decoding=\"async\" style=\"max-width: 792px;\" width=\"792\" height=\"445\" src=\"https:\/\/dicodusport.fr\/blog\/wp-content\/uploads\/2025\/09\/VTT-Championnats-du-monde-2025-Jackson-Goldstone-sacre-en-descente-zero-pointe-pour-les-Bleus-1.png\" class=\"attachment-800x445 size-800x445\" alt=\"VTT Championnats du monde 2025 Jackson Goldstone sacr\u00e9 en descente, z\u00e9ro point\u00e9 pour les Bleus\" srcset=\"https:\/\/dicodusport.fr\/blog\/wp-content\/uploads\/2025\/09\/VTT-Championnats-du-monde-2025-Jackson-Goldstone-sacre-en-descente-zero-pointe-pour-les-Bleus-1.png 1200w, https:\/\/dicodusport.fr\/blog\/wp-content\/uploads\/2025\/09\/VTT-Championnats-du-monde-2025-Jackson-Goldstone-sacre-en-descente-zero-pointe-pour-les-Bleus-1-300x169.png 300w, https:\/\/dicodusport.fr\/blog\/wp-content\/uploads\/2025\/09\/VTT-Championnats-du-monde-2025-Jackson-Goldstone-sacre-en-descente-zero-pointe-pour-les-Bleus-1-1024x575.png 1024w, https:\/\/dicodusport.fr\/blog\/wp-content\/uploads\/2025\/09\/VTT-Championnats-du-monde-2025-Jackson-Goldstone-sacre-en-descente-zero-pointe-pour-les-Bleus-1-768x431.png 768w\" sizes=\"auto, (max-width: 792px) 100vw, 792px\" \/><\/div><\/div><div class=\"vlp-layout-zone-main\"><div class=\"vlp-block-0 vlp-link-title\">VTT Championnats du monde 2025 : Jackson Goldstone sacr\u00e9 en descente, z\u00e9ro point\u00e9 pour les Bleus<\/div><div class=\"vlp-block-1 vlp-link-summary\">VTT CHAMPIONNATS DU MONDE 2025 - Malgr\u00e9 8 Bleus au d\u00e9part, la France rentre bredouille d'une descente hommes domin\u00e9e par Jackson Goldstone.\u00a0<\/div><div class=\"vlp-block-2 vlp-link-button\">Lire l'article<\/div><div class=\"vlp-block-3 vlp-link-url\">dicodusport.fr<\/div><\/div><\/div>\n<h2 style=\"text-align: justify;\">Le retour d&rsquo;Amaury Pierron<\/h2>\n<p style=\"text-align: justify;\"><strong>Loris Revelli<\/strong> \u00e9tait le premier \u00e0 briser la barre des 2:50. Le chrono de l&rsquo;Italien \u00e9tait toutefois rapidement battu par&#8230; <strong>Beno\u00eet Coulanges<\/strong>, qui avait fait une belle impression visuelle, notamment sur un bas de parcours canon. Mais il \u00e9tait imm\u00e9diatement d\u00e9log\u00e9 par le m\u00e9daill\u00e9 de bronze mondial, <strong>Rohan Dunne<\/strong>, puis par un autre Bleu, <strong>Amaury Pierron<\/strong>, qui passait sous les 2:45 en se montrant supersonique sur le dernier secteur !<\/p>\n<blockquote class=\"twitter-tweet\">\n<p dir=\"ltr\" lang=\"fr\">\ud83d\ude2e Amaury Pierron effleure la b\u00e2che sur un saut ! Le Fran\u00e7ais a pris tous les risques et signe le meilleur temps provisoire de la descente \u00e0 Lenzerheide <a href=\"https:\/\/t.co\/MBJX6ldmmt\">pic.twitter.com\/MBJX6ldmmt<\/a><\/p>\n<p>\u2014 Eurosport France (@Eurosport_FR) <a href=\"https:\/\/twitter.com\/Eurosport_FR\/status\/1969384439244337512?ref_src=twsrc%5Etfw\">September 20, 2025<\/a><\/p><\/blockquote>\n<p style=\"text-align: justify;\"><script async src=\"https:\/\/platform.twitter.com\/widgets.js\" charset=\"utf-8\"><\/script><\/p>\n<p style=\"text-align: justify;\">Le chrono du Fran\u00e7ais promettait de tenir, et m\u00eame le vice-champion du monde <strong>Henri Kiefer<\/strong> se cassait les dents dessus, tout comme <strong>R\u00e9mi Thirion<\/strong> et <strong>Loris Vergier<\/strong>. Personne ne s&rsquo;approchait de son chrono, et l&rsquo;on commen\u00e7ait \u00e0 esp\u00e9rer un podium. <strong>Oisin O&rsquo;Callagan<\/strong> n&rsquo;y arrivait pas non plus, quand \u00e0 <strong>Ryan Pinkerton<\/strong>, il se ratait d\u00e8s le d\u00e9part. Mais la sensation venait du champion du monde <strong>Jackson Goldstone<\/strong>, qui subissait une belle chute, et perdait ses illusions de bon r\u00e9sultat, en plus de se mettre en position d\u00e9licate au classement g\u00e9n\u00e9ral.<\/p>\n<p style=\"text-align: justify;\">Quand <strong>Luke Meier-Smith<\/strong> se ratait, le podium \u00e9tait assur\u00e9. Et quand <strong>Luca Shaw<\/strong> commettait une grosse faute, la victoire \u00e9tait certaine d&rsquo;\u00eatre fran\u00e7aise. En effet, il ne restait que <strong>Lo\u00efc Bruni<\/strong>, qui \u00e9tait dans les chronos en haut de parcours, mais faiblissait pour terminer 5\u00e8me. N\u00e9anmoins, il faisait une bonne affaire, en reprenant la t\u00eate du classement g\u00e9n\u00e9ral de la Coupe du monde. Mais l&rsquo;homme du jour, c&rsquo;est <strong>Amaury Pierron<\/strong>, vainqueur pour la 13\u00e8me fois en Coupe du monde !<\/p>\n","protected":false},"excerpt":{"rendered":"<p>COUPE DU MONDE DE VTT DESCENTE 2025 &#8211; Parti t\u00f4t, Amaury Pierron a r\u00e9alis\u00e9 un chrono sur lequel tout le monde s&rsquo;est cass\u00e9 les dents, et retrouve le chemin du succ\u00e8s.\u00a0<\/p>\n","protected":false},"author":59,"featured_media":613077,"comment_status":"open","ping_status":"closed","sticky":false,"template":"","format":"standard","meta":{"_acf_changed":false,"_daextam_enable_autolinks":"1","footnotes":""},"categories":[10279],"tags":[16878,11873,24,692],"class_list":["post-612843","post","type-post","status-publish","format-standard","has-post-thumbnail","hentry","category-vtt","tag-breve","tag-coupe-du-monde-de-vtt","tag-sport","tag-vtt"],"acf":[],"yoast_head":"<!-- This site is optimized with the Yoast SEO Premium plugin v26.7 (Yoast SEO v26.7) - https:\/\/yoast.com\/wordpress\/plugins\/seo\/ -->\n<title>VTT Descente : 13\u00e8me succ\u00e8s en Coupe du monde pour Amaury Pierron<\/title>\n<meta name=\"description\" content=\"COUPE DU MONDE DE VTT DESCENTE 2025 - Parti t\u00f4t, Amaury Pierron a r\u00e9alis\u00e9 un chrono sur lequel tout le monde s&#039;est cass\u00e9 les dents, et retrouve le chemin du succ\u00e8s.\u00a0\" \/>\n<meta name=\"robots\" content=\"index, follow, max-snippet:-1, max-image-preview:large, max-video-preview:-1\" \/>\n<link rel=\"canonical\" href=\"https:\/\/dicodusport.fr\/blog\/vtt-descente-13eme-succes-en-coupe-du-monde-pour-amaury-pierron\/\" \/>\n<meta property=\"og:locale\" content=\"fr_FR\" \/>\n<meta property=\"og:type\" content=\"article\" \/>\n<meta property=\"og:title\" content=\"VTT Descente : 13\u00e8me succ\u00e8s en Coupe du monde pour Amaury Pierron\" \/>\n<meta property=\"og:description\" content=\"COUPE DU MONDE DE VTT DESCENTE 2025 - Parti t\u00f4t, Amaury Pierron a r\u00e9alis\u00e9 un chrono sur lequel tout le monde s&#039;est cass\u00e9 les dents, et retrouve le chemin du succ\u00e8s.\u00a0\" \/>\n<meta property=\"og:url\" content=\"https:\/\/dicodusport.fr\/blog\/vtt-descente-13eme-succes-en-coupe-du-monde-pour-amaury-pierron\/\" \/>\n<meta property=\"og:site_name\" content=\"Dicodusport\" \/>\n<meta property=\"article:publisher\" content=\"https:\/\/www.facebook.com\/dicodusport\" \/>\n<meta property=\"article:author\" content=\"https:\/\/www.facebook.com\/sebastien.gente\/\" \/>\n<meta property=\"article:published_time\" content=\"2025-09-20T13:57:34+00:00\" \/>\n<meta property=\"article:modified_time\" content=\"2025-09-20T21:00:36+00:00\" \/>\n<meta property=\"og:image\" content=\"https:\/\/dicodusport.fr\/blog\/wp-content\/uploads\/2025\/09\/VTT-Descente-13eme-succes-en-Coupe-du-monde-pour-Amaury-Pierron-1.png\" \/>\n\t<meta property=\"og:image:width\" content=\"1200\" \/>\n\t<meta property=\"og:image:height\" content=\"674\" \/>\n\t<meta property=\"og:image:type\" content=\"image\/png\" \/>\n<meta name=\"author\" content=\"S\u00e9bastien Gente\" \/>\n<meta name=\"twitter:card\" content=\"summary_large_image\" \/>\n<meta name=\"twitter:title\" content=\"VTT Descente : 13\u00e8me succ\u00e8s en Coupe du monde pour Amaury Pierron\" \/>\n<meta name=\"twitter:creator\" content=\"@https:\/\/twitter.com\/globulo24\" \/>\n<meta name=\"twitter:site\" content=\"@dicodusport\" \/>\n<script type=\"application\/ld+json\" class=\"yoast-schema-graph\">{\"@context\":\"https:\/\/schema.org\",\"@graph\":[{\"@type\":\"NewsArticle\",\"@id\":\"https:\/\/dicodusport.fr\/blog\/vtt-descente-13eme-succes-en-coupe-du-monde-pour-amaury-pierron\/#article\",\"isPartOf\":{\"@id\":\"https:\/\/dicodusport.fr\/blog\/vtt-descente-13eme-succes-en-coupe-du-monde-pour-amaury-pierron\/\"},\"author\":{\"name\":\"S\u00e9bastien Gente\",\"@id\":\"https:\/\/dicodusport.fr\/blog\/#\/schema\/person\/627966a6cde45dbd8c5e36ac85d783da\"},\"headline\":\"VTT Descente : 13\u00e8me succ\u00e8s en Coupe du monde pour Amaury Pierron\",\"datePublished\":\"2025-09-20T13:57:34+00:00\",\"dateModified\":\"2025-09-20T21:00:36+00:00\",\"mainEntityOfPage\":{\"@id\":\"https:\/\/dicodusport.fr\/blog\/vtt-descente-13eme-succes-en-coupe-du-monde-pour-amaury-pierron\/\"},\"wordCount\":521,\"commentCount\":0,\"publisher\":{\"@id\":\"https:\/\/dicodusport.fr\/blog\/#organization\"},\"image\":{\"@id\":\"https:\/\/dicodusport.fr\/blog\/vtt-descente-13eme-succes-en-coupe-du-monde-pour-amaury-pierron\/#primaryimage\"},\"thumbnailUrl\":\"https:\/\/dicodusport.fr\/blog\/wp-content\/uploads\/2025\/09\/VTT-Descente-13eme-succes-en-Coupe-du-monde-pour-Amaury-Pierron-1.png\",\"keywords\":[\"br\u00e8ve\",\"Coupe du monde de VTT\",\"sport\",\"VTT\"],\"articleSection\":[\"VTT\"],\"inLanguage\":\"fr-FR\",\"potentialAction\":[{\"@type\":\"CommentAction\",\"name\":\"Comment\",\"target\":[\"https:\/\/dicodusport.fr\/blog\/vtt-descente-13eme-succes-en-coupe-du-monde-pour-amaury-pierron\/#respond\"]}],\"copyrightYear\":\"2025\",\"copyrightHolder\":{\"@id\":\"https:\/\/dicodusport.fr\/blog\/#organization\"}},{\"@type\":\"WebPage\",\"@id\":\"https:\/\/dicodusport.fr\/blog\/vtt-descente-13eme-succes-en-coupe-du-monde-pour-amaury-pierron\/\",\"url\":\"https:\/\/dicodusport.fr\/blog\/vtt-descente-13eme-succes-en-coupe-du-monde-pour-amaury-pierron\/\",\"name\":\"VTT Descente : 13\u00e8me succ\u00e8s en Coupe du monde pour Amaury Pierron\",\"isPartOf\":{\"@id\":\"https:\/\/dicodusport.fr\/blog\/#website\"},\"primaryImageOfPage\":{\"@id\":\"https:\/\/dicodusport.fr\/blog\/vtt-descente-13eme-succes-en-coupe-du-monde-pour-amaury-pierron\/#primaryimage\"},\"image\":{\"@id\":\"https:\/\/dicodusport.fr\/blog\/vtt-descente-13eme-succes-en-coupe-du-monde-pour-amaury-pierron\/#primaryimage\"},\"thumbnailUrl\":\"https:\/\/dicodusport.fr\/blog\/wp-content\/uploads\/2025\/09\/VTT-Descente-13eme-succes-en-Coupe-du-monde-pour-Amaury-Pierron-1.png\",\"datePublished\":\"2025-09-20T13:57:34+00:00\",\"dateModified\":\"2025-09-20T21:00:36+00:00\",\"description\":\"COUPE DU MONDE DE VTT DESCENTE 2025 - Parti t\u00f4t, Amaury Pierron a r\u00e9alis\u00e9 un chrono sur lequel tout le monde s'est cass\u00e9 les dents, et retrouve le chemin du succ\u00e8s.\u00a0\",\"breadcrumb\":{\"@id\":\"https:\/\/dicodusport.fr\/blog\/vtt-descente-13eme-succes-en-coupe-du-monde-pour-amaury-pierron\/#breadcrumb\"},\"inLanguage\":\"fr-FR\",\"potentialAction\":[{\"@type\":\"ReadAction\",\"target\":[\"https:\/\/dicodusport.fr\/blog\/vtt-descente-13eme-succes-en-coupe-du-monde-pour-amaury-pierron\/\"]}]},{\"@type\":\"ImageObject\",\"inLanguage\":\"fr-FR\",\"@id\":\"https:\/\/dicodusport.fr\/blog\/vtt-descente-13eme-succes-en-coupe-du-monde-pour-amaury-pierron\/#primaryimage\",\"url\":\"https:\/\/dicodusport.fr\/blog\/wp-content\/uploads\/2025\/09\/VTT-Descente-13eme-succes-en-Coupe-du-monde-pour-Amaury-Pierron-1.png\",\"contentUrl\":\"https:\/\/dicodusport.fr\/blog\/wp-content\/uploads\/2025\/09\/VTT-Descente-13eme-succes-en-Coupe-du-monde-pour-Amaury-Pierron-1.png\",\"width\":1200,\"height\":674,\"caption\":\"VTT Descente 13\u00e8me succ\u00e8s en Coupe du monde pour Amaury Pierron\"},{\"@type\":\"BreadcrumbList\",\"@id\":\"https:\/\/dicodusport.fr\/blog\/vtt-descente-13eme-succes-en-coupe-du-monde-pour-amaury-pierron\/#breadcrumb\",\"itemListElement\":[{\"@type\":\"ListItem\",\"position\":1,\"name\":\"Accueil\",\"item\":\"https:\/\/dicodusport.fr\/blog\/\"},{\"@type\":\"ListItem\",\"position\":2,\"name\":\"VTT Descente : 13\u00e8me succ\u00e8s en Coupe du monde pour Amaury Pierron\"}]},{\"@type\":\"WebSite\",\"@id\":\"https:\/\/dicodusport.fr\/blog\/#website\",\"url\":\"https:\/\/dicodusport.fr\/blog\/\",\"name\":\"Dicodusport\",\"description\":\"L&#039;encyclop\u00e9die de l&#039;actualit\u00e9 sportive\",\"publisher\":{\"@id\":\"https:\/\/dicodusport.fr\/blog\/#organization\"},\"potentialAction\":[{\"@type\":\"SearchAction\",\"target\":{\"@type\":\"EntryPoint\",\"urlTemplate\":\"https:\/\/dicodusport.fr\/blog\/?s={search_term_string}\"},\"query-input\":{\"@type\":\"PropertyValueSpecification\",\"valueRequired\":true,\"valueName\":\"search_term_string\"}}],\"inLanguage\":\"fr-FR\"},{\"@type\":\"NewsMediaOrganization\",\"@id\":\"https:\/\/dicodusport.fr\/blog\/#organization\",\"name\":\"Dicodusport\",\"url\":\"https:\/\/dicodusport.fr\/blog\/\",\"logo\":{\"@type\":\"ImageObject\",\"inLanguage\":\"fr-FR\",\"@id\":\"https:\/\/dicodusport.fr\/blog\/#\/schema\/logo\/image\/\",\"url\":\"https:\/\/dicodusport.fr\/blog\/wp-content\/uploads\/2020\/06\/cropped-LOGO-DICODUSPORT-2020-SANS-FOND-SANS-TEXTE.png\",\"contentUrl\":\"https:\/\/dicodusport.fr\/blog\/wp-content\/uploads\/2020\/06\/cropped-LOGO-DICODUSPORT-2020-SANS-FOND-SANS-TEXTE.png\",\"width\":512,\"height\":512,\"caption\":\"Dicodusport\"},\"image\":{\"@id\":\"https:\/\/dicodusport.fr\/blog\/#\/schema\/logo\/image\/\"},\"sameAs\":[\"https:\/\/www.facebook.com\/dicodusport\",\"https:\/\/x.com\/dicodusport\",\"https:\/\/www.instagram.com\/dicodusport\/\",\"https:\/\/www.youtube.com\/channel\/UC7V2KZ5sd3htJivAbA4ZG3w\"],\"description\":\"Dicodusport est l'encyclop\u00e9die de l'actualit\u00e9 sportive.\",\"email\":\"bonjour@dicodusport.fr\",\"legalName\":\"DICODUSPORT\",\"foundingDate\":\"2018-01-14\",\"vatID\":\"FR71834470973\",\"taxID\":\"83447097300043\",\"numberOfEmployees\":{\"@type\":\"QuantitativeValue\",\"minValue\":\"1\",\"maxValue\":\"10\"}},{\"@type\":\"Person\",\"@id\":\"https:\/\/dicodusport.fr\/blog\/#\/schema\/person\/627966a6cde45dbd8c5e36ac85d783da\",\"name\":\"S\u00e9bastien Gente\",\"image\":{\"@type\":\"ImageObject\",\"inLanguage\":\"fr-FR\",\"@id\":\"https:\/\/dicodusport.fr\/blog\/#\/schema\/person\/image\/\",\"url\":\"https:\/\/dicodusport.fr\/blog\/wp-content\/uploads\/2021\/09\/1510990_10205810251400683_4124423575079401707_n-150x150.jpg\",\"contentUrl\":\"https:\/\/dicodusport.fr\/blog\/wp-content\/uploads\/2021\/09\/1510990_10205810251400683_4124423575079401707_n-150x150.jpg\",\"caption\":\"S\u00e9bastien Gente\"},\"description\":\"John Stockton, Gianni Bugno, Zinedine Zidane, Steffi Graf, Frode Andresen, St\u00e9phane Stoecklin, Davis Kamoga, Primoz Peterka, Werner Schlager et Aur\u00e9lien Rougerie. Point commun entre ces sportifs? Ils m'ont fait r\u00eaver et ont berc\u00e9 mon adolescence. Je suis un fondu de sports et j'essaie de retranscrire ma passion \u00e0 travers mes articles. Originaire du P\u00e9rigord, ma passion pour les Girondins, les Jaunards et les Jazzmen transpire dans mes \u00e9crits. \u00c0 Dicodusport depuis 2021, je d\u00e9niche les sports m\u00e9connus dans lesquels la France brille, et il y en a !\",\"sameAs\":[\"https:\/\/www.facebook.com\/sebastien.gente\/\",\"https:\/\/www.instagram.com\/sebgente\/\",\"https:\/\/www.linkedin.com\/in\/sbastien-gente-a29583169\/\",\"https:\/\/x.com\/https:\/\/twitter.com\/globulo24\",\"SebastienGente\"],\"worksFor\":\"S\u00e9bastien GENTE\",\"url\":\"https:\/\/dicodusport.fr\/blog\/author\/sebastiengente\/\"}]}<\/script>\n<!-- \/ Yoast SEO Premium plugin. -->","yoast_head_json":{"title":"VTT Descente : 13\u00e8me succ\u00e8s en Coupe du monde pour Amaury Pierron","description":"COUPE DU MONDE DE VTT DESCENTE 2025 - Parti t\u00f4t, Amaury Pierron a r\u00e9alis\u00e9 un chrono sur lequel tout le monde s'est cass\u00e9 les dents, et retrouve le chemin du succ\u00e8s.\u00a0","robots":{"index":"index","follow":"follow","max-snippet":"max-snippet:-1","max-image-preview":"max-image-preview:large","max-video-preview":"max-video-preview:-1"},"canonical":"https:\/\/dicodusport.fr\/blog\/vtt-descente-13eme-succes-en-coupe-du-monde-pour-amaury-pierron\/","og_locale":"fr_FR","og_type":"article","og_title":"VTT Descente : 13\u00e8me succ\u00e8s en Coupe du monde pour Amaury Pierron","og_description":"COUPE DU MONDE DE VTT DESCENTE 2025 - Parti t\u00f4t, Amaury Pierron a r\u00e9alis\u00e9 un chrono sur lequel tout le monde s'est cass\u00e9 les dents, et retrouve le chemin du succ\u00e8s.\u00a0","og_url":"https:\/\/dicodusport.fr\/blog\/vtt-descente-13eme-succes-en-coupe-du-monde-pour-amaury-pierron\/","og_site_name":"Dicodusport","article_publisher":"https:\/\/www.facebook.com\/dicodusport","article_author":"https:\/\/www.facebook.com\/sebastien.gente\/","article_published_time":"2025-09-20T13:57:34+00:00","article_modified_time":"2025-09-20T21:00:36+00:00","og_image":[{"width":1200,"height":674,"url":"https:\/\/dicodusport.fr\/blog\/wp-content\/uploads\/2025\/09\/VTT-Descente-13eme-succes-en-Coupe-du-monde-pour-Amaury-Pierron-1.png","type":"image\/png"}],"author":"S\u00e9bastien Gente","twitter_card":"summary_large_image","twitter_title":"VTT Descente : 13\u00e8me succ\u00e8s en Coupe du monde pour Amaury Pierron","twitter_creator":"@https:\/\/twitter.com\/globulo24","twitter_site":"@dicodusport","schema":{"@context":"https:\/\/schema.org","@graph":[{"@type":"NewsArticle","@id":"https:\/\/dicodusport.fr\/blog\/vtt-descente-13eme-succes-en-coupe-du-monde-pour-amaury-pierron\/#article","isPartOf":{"@id":"https:\/\/dicodusport.fr\/blog\/vtt-descente-13eme-succes-en-coupe-du-monde-pour-amaury-pierron\/"},"author":{"name":"S\u00e9bastien Gente","@id":"https:\/\/dicodusport.fr\/blog\/#\/schema\/person\/627966a6cde45dbd8c5e36ac85d783da"},"headline":"VTT Descente : 13\u00e8me succ\u00e8s en Coupe du monde pour Amaury Pierron","datePublished":"2025-09-20T13:57:34+00:00","dateModified":"2025-09-20T21:00:36+00:00","mainEntityOfPage":{"@id":"https:\/\/dicodusport.fr\/blog\/vtt-descente-13eme-succes-en-coupe-du-monde-pour-amaury-pierron\/"},"wordCount":521,"commentCount":0,"publisher":{"@id":"https:\/\/dicodusport.fr\/blog\/#organization"},"image":{"@id":"https:\/\/dicodusport.fr\/blog\/vtt-descente-13eme-succes-en-coupe-du-monde-pour-amaury-pierron\/#primaryimage"},"thumbnailUrl":"https:\/\/dicodusport.fr\/blog\/wp-content\/uploads\/2025\/09\/VTT-Descente-13eme-succes-en-Coupe-du-monde-pour-Amaury-Pierron-1.png","keywords":["br\u00e8ve","Coupe du monde de VTT","sport","VTT"],"articleSection":["VTT"],"inLanguage":"fr-FR","potentialAction":[{"@type":"CommentAction","name":"Comment","target":["https:\/\/dicodusport.fr\/blog\/vtt-descente-13eme-succes-en-coupe-du-monde-pour-amaury-pierron\/#respond"]}],"copyrightYear":"2025","copyrightHolder":{"@id":"https:\/\/dicodusport.fr\/blog\/#organization"}},{"@type":"WebPage","@id":"https:\/\/dicodusport.fr\/blog\/vtt-descente-13eme-succes-en-coupe-du-monde-pour-amaury-pierron\/","url":"https:\/\/dicodusport.fr\/blog\/vtt-descente-13eme-succes-en-coupe-du-monde-pour-amaury-pierron\/","name":"VTT Descente : 13\u00e8me succ\u00e8s en Coupe du monde pour Amaury Pierron","isPartOf":{"@id":"https:\/\/dicodusport.fr\/blog\/#website"},"primaryImageOfPage":{"@id":"https:\/\/dicodusport.fr\/blog\/vtt-descente-13eme-succes-en-coupe-du-monde-pour-amaury-pierron\/#primaryimage"},"image":{"@id":"https:\/\/dicodusport.fr\/blog\/vtt-descente-13eme-succes-en-coupe-du-monde-pour-amaury-pierron\/#primaryimage"},"thumbnailUrl":"https:\/\/dicodusport.fr\/blog\/wp-content\/uploads\/2025\/09\/VTT-Descente-13eme-succes-en-Coupe-du-monde-pour-Amaury-Pierron-1.png","datePublished":"2025-09-20T13:57:34+00:00","dateModified":"2025-09-20T21:00:36+00:00","description":"COUPE DU MONDE DE VTT DESCENTE 2025 - Parti t\u00f4t, Amaury Pierron a r\u00e9alis\u00e9 un chrono sur lequel tout le monde s'est cass\u00e9 les dents, et retrouve le chemin du succ\u00e8s.\u00a0","breadcrumb":{"@id":"https:\/\/dicodusport.fr\/blog\/vtt-descente-13eme-succes-en-coupe-du-monde-pour-amaury-pierron\/#breadcrumb"},"inLanguage":"fr-FR","potentialAction":[{"@type":"ReadAction","target":["https:\/\/dicodusport.fr\/blog\/vtt-descente-13eme-succes-en-coupe-du-monde-pour-amaury-pierron\/"]}]},{"@type":"ImageObject","inLanguage":"fr-FR","@id":"https:\/\/dicodusport.fr\/blog\/vtt-descente-13eme-succes-en-coupe-du-monde-pour-amaury-pierron\/#primaryimage","url":"https:\/\/dicodusport.fr\/blog\/wp-content\/uploads\/2025\/09\/VTT-Descente-13eme-succes-en-Coupe-du-monde-pour-Amaury-Pierron-1.png","contentUrl":"https:\/\/dicodusport.fr\/blog\/wp-content\/uploads\/2025\/09\/VTT-Descente-13eme-succes-en-Coupe-du-monde-pour-Amaury-Pierron-1.png","width":1200,"height":674,"caption":"VTT Descente 13\u00e8me succ\u00e8s en Coupe du monde pour Amaury Pierron"},{"@type":"BreadcrumbList","@id":"https:\/\/dicodusport.fr\/blog\/vtt-descente-13eme-succes-en-coupe-du-monde-pour-amaury-pierron\/#breadcrumb","itemListElement":[{"@type":"ListItem","position":1,"name":"Accueil","item":"https:\/\/dicodusport.fr\/blog\/"},{"@type":"ListItem","position":2,"name":"VTT Descente : 13\u00e8me succ\u00e8s en Coupe du monde pour Amaury Pierron"}]},{"@type":"WebSite","@id":"https:\/\/dicodusport.fr\/blog\/#website","url":"https:\/\/dicodusport.fr\/blog\/","name":"Dicodusport","description":"L&#039;encyclop\u00e9die de l&#039;actualit\u00e9 sportive","publisher":{"@id":"https:\/\/dicodusport.fr\/blog\/#organization"},"potentialAction":[{"@type":"SearchAction","target":{"@type":"EntryPoint","urlTemplate":"https:\/\/dicodusport.fr\/blog\/?s={search_term_string}"},"query-input":{"@type":"PropertyValueSpecification","valueRequired":true,"valueName":"search_term_string"}}],"inLanguage":"fr-FR"},{"@type":"NewsMediaOrganization","@id":"https:\/\/dicodusport.fr\/blog\/#organization","name":"Dicodusport","url":"https:\/\/dicodusport.fr\/blog\/","logo":{"@type":"ImageObject","inLanguage":"fr-FR","@id":"https:\/\/dicodusport.fr\/blog\/#\/schema\/logo\/image\/","url":"https:\/\/dicodusport.fr\/blog\/wp-content\/uploads\/2020\/06\/cropped-LOGO-DICODUSPORT-2020-SANS-FOND-SANS-TEXTE.png","contentUrl":"https:\/\/dicodusport.fr\/blog\/wp-content\/uploads\/2020\/06\/cropped-LOGO-DICODUSPORT-2020-SANS-FOND-SANS-TEXTE.png","width":512,"height":512,"caption":"Dicodusport"},"image":{"@id":"https:\/\/dicodusport.fr\/blog\/#\/schema\/logo\/image\/"},"sameAs":["https:\/\/www.facebook.com\/dicodusport","https:\/\/x.com\/dicodusport","https:\/\/www.instagram.com\/dicodusport\/","https:\/\/www.youtube.com\/channel\/UC7V2KZ5sd3htJivAbA4ZG3w"],"description":"Dicodusport est l'encyclop\u00e9die de l'actualit\u00e9 sportive.","email":"bonjour@dicodusport.fr","legalName":"DICODUSPORT","foundingDate":"2018-01-14","vatID":"FR71834470973","taxID":"83447097300043","numberOfEmployees":{"@type":"QuantitativeValue","minValue":"1","maxValue":"10"}},{"@type":"Person","@id":"https:\/\/dicodusport.fr\/blog\/#\/schema\/person\/627966a6cde45dbd8c5e36ac85d783da","name":"S\u00e9bastien Gente","image":{"@type":"ImageObject","inLanguage":"fr-FR","@id":"https:\/\/dicodusport.fr\/blog\/#\/schema\/person\/image\/","url":"https:\/\/dicodusport.fr\/blog\/wp-content\/uploads\/2021\/09\/1510990_10205810251400683_4124423575079401707_n-150x150.jpg","contentUrl":"https:\/\/dicodusport.fr\/blog\/wp-content\/uploads\/2021\/09\/1510990_10205810251400683_4124423575079401707_n-150x150.jpg","caption":"S\u00e9bastien Gente"},"description":"John Stockton, Gianni Bugno, Zinedine Zidane, Steffi Graf, Frode Andresen, St\u00e9phane Stoecklin, Davis Kamoga, Primoz Peterka, Werner Schlager et Aur\u00e9lien Rougerie. Point commun entre ces sportifs? Ils m'ont fait r\u00eaver et ont berc\u00e9 mon adolescence. Je suis un fondu de sports et j'essaie de retranscrire ma passion \u00e0 travers mes articles. Originaire du P\u00e9rigord, ma passion pour les Girondins, les Jaunards et les Jazzmen transpire dans mes \u00e9crits. \u00c0 Dicodusport depuis 2021, je d\u00e9niche les sports m\u00e9connus dans lesquels la France brille, et il y en a !","sameAs":["https:\/\/www.facebook.com\/sebastien.gente\/","https:\/\/www.instagram.com\/sebgente\/","https:\/\/www.linkedin.com\/in\/sbastien-gente-a29583169\/","https:\/\/x.com\/https:\/\/twitter.com\/globulo24","SebastienGente"],"worksFor":"S\u00e9bastien GENTE","url":"https:\/\/dicodusport.fr\/blog\/author\/sebastiengente\/"}]}},"_links":{"self":[{"href":"https:\/\/dicodusport.fr\/blog\/wp-json\/wp\/v2\/posts\/612843","targetHints":{"allow":["GET"]}}],"collection":[{"href":"https:\/\/dicodusport.fr\/blog\/wp-json\/wp\/v2\/posts"}],"about":[{"href":"https:\/\/dicodusport.fr\/blog\/wp-json\/wp\/v2\/types\/post"}],"author":[{"embeddable":true,"href":"https:\/\/dicodusport.fr\/blog\/wp-json\/wp\/v2\/users\/59"}],"replies":[{"embeddable":true,"href":"https:\/\/dicodusport.fr\/blog\/wp-json\/wp\/v2\/comments?post=612843"}],"version-history":[{"count":1,"href":"https:\/\/dicodusport.fr\/blog\/wp-json\/wp\/v2\/posts\/612843\/revisions"}],"predecessor-version":[{"id":612914,"href":"https:\/\/dicodusport.fr\/blog\/wp-json\/wp\/v2\/posts\/612843\/revisions\/612914"}],"wp:featuredmedia":[{"embeddable":true,"href":"https:\/\/dicodusport.fr\/blog\/wp-json\/wp\/v2\/media\/613077"}],"wp:attachment":[{"href":"https:\/\/dicodusport.fr\/blog\/wp-json\/wp\/v2\/media?parent=612843"}],"wp:term":[{"taxonomy":"category","embeddable":true,"href":"https:\/\/dicodusport.fr\/blog\/wp-json\/wp\/v2\/categories?post=612843"},{"taxonomy":"post_tag","embeddable":true,"href":"https:\/\/dicodusport.fr\/blog\/wp-json\/wp\/v2\/tags?post=612843"}],"curies":[{"name":"wp","href":"https:\/\/api.w.org\/{rel}","templated":true}]}}