{"id":612845,"date":"2025-09-20T16:05:19","date_gmt":"2025-09-20T14:05:19","guid":{"rendered":"https:\/\/dicodusport.fr\/blog\/?p=612845&#038;preview=true&#038;preview_id=612845"},"modified":"2025-09-20T16:47:33","modified_gmt":"2025-09-20T14:47:33","slug":"f1-gp-dazerbaidjan-2025-max-verstappen-en-pole-sa-premiere-a-bakou","status":"publish","type":"post","link":"https:\/\/dicodusport.fr\/blog\/f1-gp-dazerbaidjan-2025-max-verstappen-en-pole-sa-premiere-a-bakou\/","title":{"rendered":"F1 GP d&rsquo;Azerba\u00efdjan 2025 : Max Verstappen en pole, sa premi\u00e8re \u00e0 Bakou"},"content":{"rendered":"<p style=\"text-align: justify;\"><strong><em>F1 &#8211; GRAND PRIX D&rsquo;AZERBA\u00cfDJAN 2025 &#8211; Le <\/em><em>N\u00e9erlandais Max Verstappen (Red Bull)<\/em><em> a sign\u00e9 la pole position sur le circuit urbain de Bakou. C&rsquo;est la toute premi\u00e8re fois de sa carri\u00e8re qu&rsquo;il partira de la premi\u00e8re place sur ce trac\u00e9<\/em><em>. Il compte d\u00e9sormais 46 poles positions en carri\u00e8re et devance aujourd&rsquo;hui Carlos Sainz (Williams) et Liam Lawson (Racing Bulls). La s\u00e9ance a compt\u00e9 pas moins de six drapeaux rouges et de nombreux pilotes ont fait des erreurs. Les Fran\u00e7ais <\/em><em>Isack Hadjar (Racing Bulls), <\/em><em>Esteban Ocon (Haas) et <\/em><em>Pierre Gasly (Alpine) partiront respectivement des 8\u00e8me, 18\u00e8me et 19\u00e8me places sur la grille de d\u00e9part.\u00a0\u00a0<\/em><\/strong><\/p>\n<ul style=\"text-align: justify;\">\n<li style=\"text-align: justify;\"><strong>\u00c0 ce sujet \u2013\u00a0<a href=\"https:\/\/dicodusport.fr\/blog\/grand-prix-dazerbaidjan-2025-de-f1-programme-diffusion-tv-horaires-et-resultats\/\">F1 \u2013 GP d&rsquo;Azerba\u00efdjan 2025 : Programme complet, Horaires et R\u00e9sultats<\/a><\/strong><\/li>\n<\/ul>\n<p style=\"text-align: justify;\">\u00c0 14h00, heure fran\u00e7aise, les 20 pilotes ont pris part aux Qualifications du <strong>Grand Prix d\u2019Azerba\u00efdjan 2025<\/strong> sur le circuit urbain de Bakou.<\/p>\n<h2 style=\"text-align: justify;\">Trois drapeaux rouges d\u00e8s la Q1<\/h2>\n<p style=\"text-align: justify;\">La premi\u00e8re partie de s\u00e9ance a commenc\u00e9 avec une erreur de jugement. En effet, <strong>Alexander Albon<\/strong> (Williams) a tap\u00e9 l\u2019avant de sa monoplace contre le mur \u00e0 l\u2019int\u00e9rieur du premier virage. Le drapeau rouge a donc \u00e9t\u00e9 sorti pour la premi\u00e8re fois. Le Tha\u00eflandais s\u2019\u00e9lancera dernier demain. Ensuite, tous les pilotes sont ressortis en piste et c\u2019est <b>Nico H\u00fclkenberg<\/b>\u00a0(Kick Sauber) qui est venu d\u00e9truire son aileron avant le laissant sur la piste. En provoquant un nouveau drapeau rouge, l\u2019Allemand \u00e9choue \u00e0 la 17<sup>\u00e8me<\/sup> place de ces qualifications.<\/p>\n<p style=\"text-align: justify;\">Ce son tfinalement les Alpine qui ont anim\u00e9 la fin de s\u00e9ance. Le Fran\u00e7ais <strong>Pierre Gasly<\/strong> a tir\u00e9 tout droit dans son dernier et son co\u00e9quipier <strong>Franco Colapinto <\/strong>s\u2019est d\u00e9concentr\u00e9 et a crash\u00e9 sa voiture juste apr\u00e8s. Les deux partiront respectivement 19<sup>\u00e8me<\/sup> et 16<sup>\u00e8me<\/sup> demain. Enfin, c\u2019est un autre Fran\u00e7ais qui a pris la 18<sup>\u00e8me<\/sup> place\u00a0: <strong>Esteban Ocon<\/strong> (Haas).<\/p>\n<p style=\"text-align: justify;\">La deuxi\u00e8me partie de ces qualifications fut \u00e0 nouveau marqu\u00e9e par un drapeau rouge en raison d\u2019une erreur du Britannique <strong>Oliver Bearman <\/strong>(Haas). Celui-ci s\u2019\u00e9lancera donc 15<sup>\u00e8me<\/sup> demain. Aussi \u00e9limin\u00e9s, <strong>Fernando Alonso<\/strong> (Aston Martin), <strong>Lewis Hamilton<\/strong> (Ferrari), <strong>Gabriel Bortoleto<\/strong> (Kick Sauber) et <strong>Lance Stroll<\/strong> (Aston Martin) ne participeront pas \u00e0 la Q3.<\/p>\n<h2>La pluie, de grosses erreurs et la pole encore pour Max Verstappen<\/h2>\n<p style=\"text-align: justify;\">Six des dix \u00e9curies pr\u00e9sentaient un pilote en Q3. Alors que seulement trois pilotes ont r\u00e9ussi \u00e0 faire un temps, il s\u2019est mis \u00e0 pleuvoir. Soudainement, <strong>Charles Leclerc<\/strong> (Ferrari) a termin\u00e9 dans le mur, provoquant un cinqui\u00e8me drapeau rouge. Le Mon\u00e9gasque s\u2019\u00e9lancera donc 10<sup>\u00e8me<\/sup> demain. Puis, c\u2019est au tour du leader du championnat <strong>Oscar Piastri<\/strong> (McLaren) de commettre le m\u00eame type d\u2019erreur. Il partira donc 9<sup>\u00e8me<\/sup>.<\/p>\n<p style=\"text-align: justify;\">Si <strong>Carlos Sainz<\/strong> (Williams) esp\u00e9rait que son temps d\u2019avant pluie lui permette de garder la pole position, c\u2019\u00e9tait sans compter sur le dernier tour de <strong>Max Verstappen<\/strong> (Red Bull). Le N\u00e9erlandais d\u00e9croche sa toute premi\u00e8re pole sur ce circuit et la 46<sup>\u00e8me<\/sup> de sa carri\u00e8re. D\u00e9sormais, seuls deux circuits du calendrier lui r\u00e9sistent encore. L\u2019Espagnol de chez Williams prend donc une excellente deuxi\u00e8me place juste devant <strong>Liam Lawson<\/strong> (Racing Bulls). Le Neo-Z\u00e9landais a surpris et prenant la 3<sup>\u00e8me<\/sup> position de la grille de d\u00e9part.<\/p>\n<blockquote class=\"twitter-tweet\">\n<p dir=\"ltr\" lang=\"fr\">Quelle s\u00e9ance de qualifications !<\/p>\n<p>Verstappen prend la pole position, suivi de Sainz en P2 et de Lawson en P3 \ud83e\udee8<br \/>\n<a href=\"https:\/\/twitter.com\/hashtag\/AzerbaijanGP?src=hash&amp;ref_src=twsrc%5Etfw\">#AzerbaijanGP<\/a> <a href=\"https:\/\/twitter.com\/hashtag\/F1?src=hash&amp;ref_src=twsrc%5Etfw\">#F1<\/a> <a href=\"https:\/\/t.co\/hOSgsFRbK8\">pic.twitter.com\/hOSgsFRbK8<\/a><\/p>\n<p>\u2014 CANAL+ F1\u00ae (@CanalplusF1) <a href=\"https:\/\/twitter.com\/CanalplusF1\/status\/1969402652225130559?ref_src=twsrc%5Etfw\">September 20, 2025<\/a><\/p><\/blockquote>\n<p><script async src=\"https:\/\/platform.twitter.com\/widgets.js\" charset=\"utf-8\"><\/script><\/p>\n<p style=\"text-align: justify;\">Les Mercedes, <strong>Kimi Antonelli <\/strong>devant<strong> George Russell<\/strong> devant, ont r\u00e9ussi \u00e0 prendre les 4<sup>\u00e8me<\/sup> et 5<sup>\u00e8me<\/sup> positions. <strong>Yuki Tsunoda<\/strong> (Red Bull) termine 6\u00e8me devant <strong>Lando Norris<\/strong> (McLaren) et <strong>Isack Hadjar<\/strong> (Racing Bulls). Rendez-vous demain \u00e0 13h sur Canal+, pour le <strong>Grand Prix d\u2019Azerba\u00efdjan 2025 <\/strong>de F1.<\/p>\n<ul style=\"text-align: justify;\">\n<li style=\"text-align: justify;\"><strong>\u00c0 ce sujet \u2013 <\/strong><a href=\"https:\/\/dicodusport.fr\/blog\/f1-bakou-grille-de-depart-du-grand-prix-dazerbaidjan-2025\/\"><strong>La grille de d\u00e9part du Grand Prix d&rsquo;Azerba\u00efdjan <\/strong><strong>2025 de F1<\/strong><\/a><\/li>\n<\/ul>\n<h2 style=\"text-align: justify;\">\u00c0 lire aussi<\/h2>\n<ul>\n<li style=\"text-align: justify;\"><a href=\"https:\/\/dicodusport.fr\/blog\/f1-2025-le-calendrier-complet\/\"><strong>F1 2025 &#8211; Calendrier et r\u00e9sultats<\/strong><\/a><\/li>\n<li style=\"text-align: justify;\"><a href=\"https:\/\/dicodusport.fr\/blog\/championnat-du-monde-f1-2025-classement-des-pilotes-mis-a-jour\/\"><strong>F1 2025 &#8211; Classement championnat du monde des pilotes<\/strong><\/a><\/li>\n<\/ul>\n","protected":false},"excerpt":{"rendered":"<p>Le N\u00e9erlandais Max Verstappen (Red Bull) a sign\u00e9 la pole position sur le circuit urbain de Bakou.<\/p>\n","protected":false},"author":54,"featured_media":612924,"comment_status":"open","ping_status":"closed","sticky":false,"template":"","format":"standard","meta":{"_acf_changed":false,"_daextam_enable_autolinks":"1","footnotes":""},"categories":[8653],"tags":[32415,1481,16878,3166,17114,2065,7759,17027],"class_list":["post-612845","post","type-post","status-publish","format-standard","has-post-thumbnail","hentry","category-formule-1","tag-actu","tag-bakou","tag-breve","tag-f1","tag-f1-azerbaidjan","tag-formule-1","tag-grand-prix-dazerbaidjan","tag-grand-prix-dazerbaidjan-f1"],"acf":[],"yoast_head":"<!-- This site is optimized with the Yoast SEO Premium plugin v26.7 (Yoast SEO v26.7) - https:\/\/yoast.com\/wordpress\/plugins\/seo\/ -->\n<title>F1 GP d&#039;Azerba\u00efdjan 2025 : Max Verstappen en pole, sa premi\u00e8re \u00e0 Bakou<\/title>\n<meta name=\"description\" content=\"F1 - GRAND PRIX D&#039;AZERBA\u00cfDJAN 2025 - Le N\u00e9erlandais Max Verstappen (Red Bull) a sign\u00e9 la pole position sur le circuit urbain de Bakou.\" \/>\n<meta name=\"robots\" content=\"index, follow, max-snippet:-1, max-image-preview:large, max-video-preview:-1\" \/>\n<link rel=\"canonical\" href=\"https:\/\/dicodusport.fr\/blog\/f1-gp-dazerbaidjan-2025-max-verstappen-en-pole-sa-premiere-a-bakou\/\" \/>\n<meta property=\"og:locale\" content=\"fr_FR\" \/>\n<meta property=\"og:type\" content=\"article\" \/>\n<meta property=\"og:title\" content=\"F1 GP d&#039;Azerba\u00efdjan 2025 : Max Verstappen en pole, sa premi\u00e8re \u00e0 Bakou\" \/>\n<meta property=\"og:description\" content=\"F1 - GRAND PRIX D&#039;AZERBA\u00cfDJAN 2025 - Le N\u00e9erlandais Max Verstappen (Red Bull) a sign\u00e9 la pole position sur le circuit urbain de Bakou.\" \/>\n<meta property=\"og:url\" content=\"https:\/\/dicodusport.fr\/blog\/f1-gp-dazerbaidjan-2025-max-verstappen-en-pole-sa-premiere-a-bakou\/\" \/>\n<meta property=\"og:site_name\" content=\"Dicodusport\" \/>\n<meta property=\"article:publisher\" content=\"https:\/\/www.facebook.com\/dicodusport\" \/>\n<meta property=\"article:author\" content=\"https:\/\/www.facebook.com\/roxane.lecacher\" \/>\n<meta property=\"article:published_time\" content=\"2025-09-20T14:05:19+00:00\" \/>\n<meta property=\"article:modified_time\" content=\"2025-09-20T14:47:33+00:00\" \/>\n<meta property=\"og:image\" content=\"https:\/\/dicodusport.fr\/blog\/wp-content\/uploads\/2025\/09\/F1-GP-dAzerbaidjan-2025-Max-Verstappen-en-pole-sa-premiere-a-Bakou.png\" \/>\n\t<meta property=\"og:image:width\" content=\"1200\" \/>\n\t<meta property=\"og:image:height\" content=\"674\" \/>\n\t<meta property=\"og:image:type\" content=\"image\/png\" \/>\n<meta name=\"author\" content=\"Roxane Lecacher\" \/>\n<meta name=\"twitter:card\" content=\"summary_large_image\" \/>\n<meta name=\"twitter:title\" content=\"F1 GP d&#039;Azerba\u00efdjan 2025 : Max Verstappen en pole, sa premi\u00e8re \u00e0 Bakou\" \/>\n<meta name=\"twitter:creator\" content=\"@dicodusport\" \/>\n<meta name=\"twitter:site\" content=\"@dicodusport\" \/>\n<script type=\"application\/ld+json\" class=\"yoast-schema-graph\">{\"@context\":\"https:\/\/schema.org\",\"@graph\":[{\"@type\":\"NewsArticle\",\"@id\":\"https:\/\/dicodusport.fr\/blog\/f1-gp-dazerbaidjan-2025-max-verstappen-en-pole-sa-premiere-a-bakou\/#article\",\"isPartOf\":{\"@id\":\"https:\/\/dicodusport.fr\/blog\/f1-gp-dazerbaidjan-2025-max-verstappen-en-pole-sa-premiere-a-bakou\/\"},\"author\":{\"name\":\"Roxane Lecacher\",\"@id\":\"https:\/\/dicodusport.fr\/blog\/#\/schema\/person\/819fb2545dd2715bd7c0580d6d4b411a\"},\"headline\":\"F1 GP d&rsquo;Azerba\u00efdjan 2025 : Max Verstappen en pole, sa premi\u00e8re \u00e0 Bakou\",\"datePublished\":\"2025-09-20T14:05:19+00:00\",\"dateModified\":\"2025-09-20T14:47:33+00:00\",\"mainEntityOfPage\":{\"@id\":\"https:\/\/dicodusport.fr\/blog\/f1-gp-dazerbaidjan-2025-max-verstappen-en-pole-sa-premiere-a-bakou\/\"},\"wordCount\":681,\"commentCount\":0,\"publisher\":{\"@id\":\"https:\/\/dicodusport.fr\/blog\/#organization\"},\"image\":{\"@id\":\"https:\/\/dicodusport.fr\/blog\/f1-gp-dazerbaidjan-2025-max-verstappen-en-pole-sa-premiere-a-bakou\/#primaryimage\"},\"thumbnailUrl\":\"https:\/\/dicodusport.fr\/blog\/wp-content\/uploads\/2025\/09\/F1-GP-dAzerbaidjan-2025-Max-Verstappen-en-pole-sa-premiere-a-Bakou.png\",\"keywords\":[\"actu\",\"Bakou\",\"br\u00e8ve\",\"F1\",\"F1 Azerba\u00efdjan\",\"Formule 1\",\"Grand Prix d'Azerba\u00efdjan\",\"Grand Prix d'Azerba\u00efdjan F1\"],\"articleSection\":[\"Formule 1\"],\"inLanguage\":\"fr-FR\",\"potentialAction\":[{\"@type\":\"CommentAction\",\"name\":\"Comment\",\"target\":[\"https:\/\/dicodusport.fr\/blog\/f1-gp-dazerbaidjan-2025-max-verstappen-en-pole-sa-premiere-a-bakou\/#respond\"]}],\"copyrightYear\":\"2025\",\"copyrightHolder\":{\"@id\":\"https:\/\/dicodusport.fr\/blog\/#organization\"}},{\"@type\":\"WebPage\",\"@id\":\"https:\/\/dicodusport.fr\/blog\/f1-gp-dazerbaidjan-2025-max-verstappen-en-pole-sa-premiere-a-bakou\/\",\"url\":\"https:\/\/dicodusport.fr\/blog\/f1-gp-dazerbaidjan-2025-max-verstappen-en-pole-sa-premiere-a-bakou\/\",\"name\":\"F1 GP d'Azerba\u00efdjan 2025 : Max Verstappen en pole, sa premi\u00e8re \u00e0 Bakou\",\"isPartOf\":{\"@id\":\"https:\/\/dicodusport.fr\/blog\/#website\"},\"primaryImageOfPage\":{\"@id\":\"https:\/\/dicodusport.fr\/blog\/f1-gp-dazerbaidjan-2025-max-verstappen-en-pole-sa-premiere-a-bakou\/#primaryimage\"},\"image\":{\"@id\":\"https:\/\/dicodusport.fr\/blog\/f1-gp-dazerbaidjan-2025-max-verstappen-en-pole-sa-premiere-a-bakou\/#primaryimage\"},\"thumbnailUrl\":\"https:\/\/dicodusport.fr\/blog\/wp-content\/uploads\/2025\/09\/F1-GP-dAzerbaidjan-2025-Max-Verstappen-en-pole-sa-premiere-a-Bakou.png\",\"datePublished\":\"2025-09-20T14:05:19+00:00\",\"dateModified\":\"2025-09-20T14:47:33+00:00\",\"description\":\"F1 - GRAND PRIX D'AZERBA\u00cfDJAN 2025 - Le N\u00e9erlandais Max Verstappen (Red Bull) a sign\u00e9 la pole position sur le circuit urbain de Bakou.\",\"breadcrumb\":{\"@id\":\"https:\/\/dicodusport.fr\/blog\/f1-gp-dazerbaidjan-2025-max-verstappen-en-pole-sa-premiere-a-bakou\/#breadcrumb\"},\"inLanguage\":\"fr-FR\",\"potentialAction\":[{\"@type\":\"ReadAction\",\"target\":[\"https:\/\/dicodusport.fr\/blog\/f1-gp-dazerbaidjan-2025-max-verstappen-en-pole-sa-premiere-a-bakou\/\"]}]},{\"@type\":\"ImageObject\",\"inLanguage\":\"fr-FR\",\"@id\":\"https:\/\/dicodusport.fr\/blog\/f1-gp-dazerbaidjan-2025-max-verstappen-en-pole-sa-premiere-a-bakou\/#primaryimage\",\"url\":\"https:\/\/dicodusport.fr\/blog\/wp-content\/uploads\/2025\/09\/F1-GP-dAzerbaidjan-2025-Max-Verstappen-en-pole-sa-premiere-a-Bakou.png\",\"contentUrl\":\"https:\/\/dicodusport.fr\/blog\/wp-content\/uploads\/2025\/09\/F1-GP-dAzerbaidjan-2025-Max-Verstappen-en-pole-sa-premiere-a-Bakou.png\",\"width\":1200,\"height\":674,\"caption\":\"F1 GP d'Azerba\u00efdjan 2025 Max Verstappen en pole, sa premi\u00e8re \u00e0 Bakou\"},{\"@type\":\"BreadcrumbList\",\"@id\":\"https:\/\/dicodusport.fr\/blog\/f1-gp-dazerbaidjan-2025-max-verstappen-en-pole-sa-premiere-a-bakou\/#breadcrumb\",\"itemListElement\":[{\"@type\":\"ListItem\",\"position\":1,\"name\":\"Accueil\",\"item\":\"https:\/\/dicodusport.fr\/blog\/\"},{\"@type\":\"ListItem\",\"position\":2,\"name\":\"F1 GP d&rsquo;Azerba\u00efdjan 2025 : Max Verstappen en pole, sa premi\u00e8re \u00e0 Bakou\"}]},{\"@type\":\"WebSite\",\"@id\":\"https:\/\/dicodusport.fr\/blog\/#website\",\"url\":\"https:\/\/dicodusport.fr\/blog\/\",\"name\":\"Dicodusport\",\"description\":\"L&#039;encyclop\u00e9die de l&#039;actualit\u00e9 sportive\",\"publisher\":{\"@id\":\"https:\/\/dicodusport.fr\/blog\/#organization\"},\"potentialAction\":[{\"@type\":\"SearchAction\",\"target\":{\"@type\":\"EntryPoint\",\"urlTemplate\":\"https:\/\/dicodusport.fr\/blog\/?s={search_term_string}\"},\"query-input\":{\"@type\":\"PropertyValueSpecification\",\"valueRequired\":true,\"valueName\":\"search_term_string\"}}],\"inLanguage\":\"fr-FR\"},{\"@type\":\"NewsMediaOrganization\",\"@id\":\"https:\/\/dicodusport.fr\/blog\/#organization\",\"name\":\"Dicodusport\",\"url\":\"https:\/\/dicodusport.fr\/blog\/\",\"logo\":{\"@type\":\"ImageObject\",\"inLanguage\":\"fr-FR\",\"@id\":\"https:\/\/dicodusport.fr\/blog\/#\/schema\/logo\/image\/\",\"url\":\"https:\/\/dicodusport.fr\/blog\/wp-content\/uploads\/2020\/06\/cropped-LOGO-DICODUSPORT-2020-SANS-FOND-SANS-TEXTE.png\",\"contentUrl\":\"https:\/\/dicodusport.fr\/blog\/wp-content\/uploads\/2020\/06\/cropped-LOGO-DICODUSPORT-2020-SANS-FOND-SANS-TEXTE.png\",\"width\":512,\"height\":512,\"caption\":\"Dicodusport\"},\"image\":{\"@id\":\"https:\/\/dicodusport.fr\/blog\/#\/schema\/logo\/image\/\"},\"sameAs\":[\"https:\/\/www.facebook.com\/dicodusport\",\"https:\/\/x.com\/dicodusport\",\"https:\/\/www.instagram.com\/dicodusport\/\",\"https:\/\/www.youtube.com\/channel\/UC7V2KZ5sd3htJivAbA4ZG3w\"],\"description\":\"Dicodusport est l'encyclop\u00e9die de l'actualit\u00e9 sportive.\",\"email\":\"bonjour@dicodusport.fr\",\"legalName\":\"DICODUSPORT\",\"foundingDate\":\"2018-01-14\",\"vatID\":\"FR71834470973\",\"taxID\":\"83447097300043\",\"numberOfEmployees\":{\"@type\":\"QuantitativeValue\",\"minValue\":\"1\",\"maxValue\":\"10\"}},{\"@type\":\"Person\",\"@id\":\"https:\/\/dicodusport.fr\/blog\/#\/schema\/person\/819fb2545dd2715bd7c0580d6d4b411a\",\"name\":\"Roxane Lecacher\",\"image\":{\"@type\":\"ImageObject\",\"inLanguage\":\"fr-FR\",\"@id\":\"https:\/\/dicodusport.fr\/blog\/#\/schema\/person\/image\/\",\"url\":\"https:\/\/dicodusport.fr\/blog\/wp-content\/uploads\/2021\/05\/Roxane-Lecacher-150x150.jpg\",\"contentUrl\":\"https:\/\/dicodusport.fr\/blog\/wp-content\/uploads\/2021\/05\/Roxane-Lecacher-150x150.jpg\",\"caption\":\"Roxane Lecacher\"},\"description\":\"Journaliste\/r\u00e9dactrice depuis janvier 2021 - N\u00e9e quelques jours avant la premi\u00e8re \u00e9toile des Bleus, je baigne dans une famille tr\u00e8s sportive. Je n\u2019ai eu d\u2019autres choix que de me passionner pour le sujet. Pratiquante de l\u2019athl\u00e9tisme depuis toute petite, j\u2019ai aussi un attrait tout particulier pour la Formule 1, le biathlon et le foot. Pendant les grands \u00e9v\u00e9nements, il est impossible de d\u00e9crocher de ma t\u00e9l\u00e9. C\u2019est \u00e0 travers Dicodusport que j\u2019aime d\u00e9sormais vous transmettre mes \u00e9motions et ma passion.\",\"sameAs\":[\"https:\/\/www.facebook.com\/roxane.lecacher\",\"https:\/\/fr.linkedin.com\/in\/roxane-lecacher-23368313b\"],\"url\":\"https:\/\/dicodusport.fr\/blog\/author\/roxanel\/\"}]}<\/script>\n<!-- \/ Yoast SEO Premium plugin. -->","yoast_head_json":{"title":"F1 GP d'Azerba\u00efdjan 2025 : Max Verstappen en pole, sa premi\u00e8re \u00e0 Bakou","description":"F1 - GRAND PRIX D'AZERBA\u00cfDJAN 2025 - Le N\u00e9erlandais Max Verstappen (Red Bull) a sign\u00e9 la pole position sur le circuit urbain de Bakou.","robots":{"index":"index","follow":"follow","max-snippet":"max-snippet:-1","max-image-preview":"max-image-preview:large","max-video-preview":"max-video-preview:-1"},"canonical":"https:\/\/dicodusport.fr\/blog\/f1-gp-dazerbaidjan-2025-max-verstappen-en-pole-sa-premiere-a-bakou\/","og_locale":"fr_FR","og_type":"article","og_title":"F1 GP d'Azerba\u00efdjan 2025 : Max Verstappen en pole, sa premi\u00e8re \u00e0 Bakou","og_description":"F1 - GRAND PRIX D'AZERBA\u00cfDJAN 2025 - Le N\u00e9erlandais Max Verstappen (Red Bull) a sign\u00e9 la pole position sur le circuit urbain de Bakou.","og_url":"https:\/\/dicodusport.fr\/blog\/f1-gp-dazerbaidjan-2025-max-verstappen-en-pole-sa-premiere-a-bakou\/","og_site_name":"Dicodusport","article_publisher":"https:\/\/www.facebook.com\/dicodusport","article_author":"https:\/\/www.facebook.com\/roxane.lecacher","article_published_time":"2025-09-20T14:05:19+00:00","article_modified_time":"2025-09-20T14:47:33+00:00","og_image":[{"width":1200,"height":674,"url":"https:\/\/dicodusport.fr\/blog\/wp-content\/uploads\/2025\/09\/F1-GP-dAzerbaidjan-2025-Max-Verstappen-en-pole-sa-premiere-a-Bakou.png","type":"image\/png"}],"author":"Roxane Lecacher","twitter_card":"summary_large_image","twitter_title":"F1 GP d'Azerba\u00efdjan 2025 : Max Verstappen en pole, sa premi\u00e8re \u00e0 Bakou","twitter_creator":"@dicodusport","twitter_site":"@dicodusport","schema":{"@context":"https:\/\/schema.org","@graph":[{"@type":"NewsArticle","@id":"https:\/\/dicodusport.fr\/blog\/f1-gp-dazerbaidjan-2025-max-verstappen-en-pole-sa-premiere-a-bakou\/#article","isPartOf":{"@id":"https:\/\/dicodusport.fr\/blog\/f1-gp-dazerbaidjan-2025-max-verstappen-en-pole-sa-premiere-a-bakou\/"},"author":{"name":"Roxane Lecacher","@id":"https:\/\/dicodusport.fr\/blog\/#\/schema\/person\/819fb2545dd2715bd7c0580d6d4b411a"},"headline":"F1 GP d&rsquo;Azerba\u00efdjan 2025 : Max Verstappen en pole, sa premi\u00e8re \u00e0 Bakou","datePublished":"2025-09-20T14:05:19+00:00","dateModified":"2025-09-20T14:47:33+00:00","mainEntityOfPage":{"@id":"https:\/\/dicodusport.fr\/blog\/f1-gp-dazerbaidjan-2025-max-verstappen-en-pole-sa-premiere-a-bakou\/"},"wordCount":681,"commentCount":0,"publisher":{"@id":"https:\/\/dicodusport.fr\/blog\/#organization"},"image":{"@id":"https:\/\/dicodusport.fr\/blog\/f1-gp-dazerbaidjan-2025-max-verstappen-en-pole-sa-premiere-a-bakou\/#primaryimage"},"thumbnailUrl":"https:\/\/dicodusport.fr\/blog\/wp-content\/uploads\/2025\/09\/F1-GP-dAzerbaidjan-2025-Max-Verstappen-en-pole-sa-premiere-a-Bakou.png","keywords":["actu","Bakou","br\u00e8ve","F1","F1 Azerba\u00efdjan","Formule 1","Grand Prix d'Azerba\u00efdjan","Grand Prix d'Azerba\u00efdjan F1"],"articleSection":["Formule 1"],"inLanguage":"fr-FR","potentialAction":[{"@type":"CommentAction","name":"Comment","target":["https:\/\/dicodusport.fr\/blog\/f1-gp-dazerbaidjan-2025-max-verstappen-en-pole-sa-premiere-a-bakou\/#respond"]}],"copyrightYear":"2025","copyrightHolder":{"@id":"https:\/\/dicodusport.fr\/blog\/#organization"}},{"@type":"WebPage","@id":"https:\/\/dicodusport.fr\/blog\/f1-gp-dazerbaidjan-2025-max-verstappen-en-pole-sa-premiere-a-bakou\/","url":"https:\/\/dicodusport.fr\/blog\/f1-gp-dazerbaidjan-2025-max-verstappen-en-pole-sa-premiere-a-bakou\/","name":"F1 GP d'Azerba\u00efdjan 2025 : Max Verstappen en pole, sa premi\u00e8re \u00e0 Bakou","isPartOf":{"@id":"https:\/\/dicodusport.fr\/blog\/#website"},"primaryImageOfPage":{"@id":"https:\/\/dicodusport.fr\/blog\/f1-gp-dazerbaidjan-2025-max-verstappen-en-pole-sa-premiere-a-bakou\/#primaryimage"},"image":{"@id":"https:\/\/dicodusport.fr\/blog\/f1-gp-dazerbaidjan-2025-max-verstappen-en-pole-sa-premiere-a-bakou\/#primaryimage"},"thumbnailUrl":"https:\/\/dicodusport.fr\/blog\/wp-content\/uploads\/2025\/09\/F1-GP-dAzerbaidjan-2025-Max-Verstappen-en-pole-sa-premiere-a-Bakou.png","datePublished":"2025-09-20T14:05:19+00:00","dateModified":"2025-09-20T14:47:33+00:00","description":"F1 - GRAND PRIX D'AZERBA\u00cfDJAN 2025 - Le N\u00e9erlandais Max Verstappen (Red Bull) a sign\u00e9 la pole position sur le circuit urbain de Bakou.","breadcrumb":{"@id":"https:\/\/dicodusport.fr\/blog\/f1-gp-dazerbaidjan-2025-max-verstappen-en-pole-sa-premiere-a-bakou\/#breadcrumb"},"inLanguage":"fr-FR","potentialAction":[{"@type":"ReadAction","target":["https:\/\/dicodusport.fr\/blog\/f1-gp-dazerbaidjan-2025-max-verstappen-en-pole-sa-premiere-a-bakou\/"]}]},{"@type":"ImageObject","inLanguage":"fr-FR","@id":"https:\/\/dicodusport.fr\/blog\/f1-gp-dazerbaidjan-2025-max-verstappen-en-pole-sa-premiere-a-bakou\/#primaryimage","url":"https:\/\/dicodusport.fr\/blog\/wp-content\/uploads\/2025\/09\/F1-GP-dAzerbaidjan-2025-Max-Verstappen-en-pole-sa-premiere-a-Bakou.png","contentUrl":"https:\/\/dicodusport.fr\/blog\/wp-content\/uploads\/2025\/09\/F1-GP-dAzerbaidjan-2025-Max-Verstappen-en-pole-sa-premiere-a-Bakou.png","width":1200,"height":674,"caption":"F1 GP d'Azerba\u00efdjan 2025 Max Verstappen en pole, sa premi\u00e8re \u00e0 Bakou"},{"@type":"BreadcrumbList","@id":"https:\/\/dicodusport.fr\/blog\/f1-gp-dazerbaidjan-2025-max-verstappen-en-pole-sa-premiere-a-bakou\/#breadcrumb","itemListElement":[{"@type":"ListItem","position":1,"name":"Accueil","item":"https:\/\/dicodusport.fr\/blog\/"},{"@type":"ListItem","position":2,"name":"F1 GP d&rsquo;Azerba\u00efdjan 2025 : Max Verstappen en pole, sa premi\u00e8re \u00e0 Bakou"}]},{"@type":"WebSite","@id":"https:\/\/dicodusport.fr\/blog\/#website","url":"https:\/\/dicodusport.fr\/blog\/","name":"Dicodusport","description":"L&#039;encyclop\u00e9die de l&#039;actualit\u00e9 sportive","publisher":{"@id":"https:\/\/dicodusport.fr\/blog\/#organization"},"potentialAction":[{"@type":"SearchAction","target":{"@type":"EntryPoint","urlTemplate":"https:\/\/dicodusport.fr\/blog\/?s={search_term_string}"},"query-input":{"@type":"PropertyValueSpecification","valueRequired":true,"valueName":"search_term_string"}}],"inLanguage":"fr-FR"},{"@type":"NewsMediaOrganization","@id":"https:\/\/dicodusport.fr\/blog\/#organization","name":"Dicodusport","url":"https:\/\/dicodusport.fr\/blog\/","logo":{"@type":"ImageObject","inLanguage":"fr-FR","@id":"https:\/\/dicodusport.fr\/blog\/#\/schema\/logo\/image\/","url":"https:\/\/dicodusport.fr\/blog\/wp-content\/uploads\/2020\/06\/cropped-LOGO-DICODUSPORT-2020-SANS-FOND-SANS-TEXTE.png","contentUrl":"https:\/\/dicodusport.fr\/blog\/wp-content\/uploads\/2020\/06\/cropped-LOGO-DICODUSPORT-2020-SANS-FOND-SANS-TEXTE.png","width":512,"height":512,"caption":"Dicodusport"},"image":{"@id":"https:\/\/dicodusport.fr\/blog\/#\/schema\/logo\/image\/"},"sameAs":["https:\/\/www.facebook.com\/dicodusport","https:\/\/x.com\/dicodusport","https:\/\/www.instagram.com\/dicodusport\/","https:\/\/www.youtube.com\/channel\/UC7V2KZ5sd3htJivAbA4ZG3w"],"description":"Dicodusport est l'encyclop\u00e9die de l'actualit\u00e9 sportive.","email":"bonjour@dicodusport.fr","legalName":"DICODUSPORT","foundingDate":"2018-01-14","vatID":"FR71834470973","taxID":"83447097300043","numberOfEmployees":{"@type":"QuantitativeValue","minValue":"1","maxValue":"10"}},{"@type":"Person","@id":"https:\/\/dicodusport.fr\/blog\/#\/schema\/person\/819fb2545dd2715bd7c0580d6d4b411a","name":"Roxane Lecacher","image":{"@type":"ImageObject","inLanguage":"fr-FR","@id":"https:\/\/dicodusport.fr\/blog\/#\/schema\/person\/image\/","url":"https:\/\/dicodusport.fr\/blog\/wp-content\/uploads\/2021\/05\/Roxane-Lecacher-150x150.jpg","contentUrl":"https:\/\/dicodusport.fr\/blog\/wp-content\/uploads\/2021\/05\/Roxane-Lecacher-150x150.jpg","caption":"Roxane Lecacher"},"description":"Journaliste\/r\u00e9dactrice depuis janvier 2021 - N\u00e9e quelques jours avant la premi\u00e8re \u00e9toile des Bleus, je baigne dans une famille tr\u00e8s sportive. Je n\u2019ai eu d\u2019autres choix que de me passionner pour le sujet. Pratiquante de l\u2019athl\u00e9tisme depuis toute petite, j\u2019ai aussi un attrait tout particulier pour la Formule 1, le biathlon et le foot. Pendant les grands \u00e9v\u00e9nements, il est impossible de d\u00e9crocher de ma t\u00e9l\u00e9. C\u2019est \u00e0 travers Dicodusport que j\u2019aime d\u00e9sormais vous transmettre mes \u00e9motions et ma passion.","sameAs":["https:\/\/www.facebook.com\/roxane.lecacher","https:\/\/fr.linkedin.com\/in\/roxane-lecacher-23368313b"],"url":"https:\/\/dicodusport.fr\/blog\/author\/roxanel\/"}]}},"_links":{"self":[{"href":"https:\/\/dicodusport.fr\/blog\/wp-json\/wp\/v2\/posts\/612845","targetHints":{"allow":["GET"]}}],"collection":[{"href":"https:\/\/dicodusport.fr\/blog\/wp-json\/wp\/v2\/posts"}],"about":[{"href":"https:\/\/dicodusport.fr\/blog\/wp-json\/wp\/v2\/types\/post"}],"author":[{"embeddable":true,"href":"https:\/\/dicodusport.fr\/blog\/wp-json\/wp\/v2\/users\/54"}],"replies":[{"embeddable":true,"href":"https:\/\/dicodusport.fr\/blog\/wp-json\/wp\/v2\/comments?post=612845"}],"version-history":[{"count":5,"href":"https:\/\/dicodusport.fr\/blog\/wp-json\/wp\/v2\/posts\/612845\/revisions"}],"predecessor-version":[{"id":612955,"href":"https:\/\/dicodusport.fr\/blog\/wp-json\/wp\/v2\/posts\/612845\/revisions\/612955"}],"wp:featuredmedia":[{"embeddable":true,"href":"https:\/\/dicodusport.fr\/blog\/wp-json\/wp\/v2\/media\/612924"}],"wp:attachment":[{"href":"https:\/\/dicodusport.fr\/blog\/wp-json\/wp\/v2\/media?parent=612845"}],"wp:term":[{"taxonomy":"category","embeddable":true,"href":"https:\/\/dicodusport.fr\/blog\/wp-json\/wp\/v2\/categories?post=612845"},{"taxonomy":"post_tag","embeddable":true,"href":"https:\/\/dicodusport.fr\/blog\/wp-json\/wp\/v2\/tags?post=612845"}],"curies":[{"name":"wp","href":"https:\/\/api.w.org\/{rel}","templated":true}]}}