{"id":613065,"date":"2025-09-21T08:00:55","date_gmt":"2025-09-21T06:00:55","guid":{"rendered":"https:\/\/dicodusport.fr\/blog\/?p=613065&#038;preview=true&#038;preview_id=613065"},"modified":"2025-09-21T14:29:45","modified_gmt":"2025-09-21T12:29:45","slug":"championnats-du-monde-2025-horaires-et-ordre-de-depart-des-contre-la-montre-au-rwanda","status":"publish","type":"post","link":"https:\/\/dicodusport.fr\/blog\/championnats-du-monde-2025-horaires-et-ordre-de-depart-des-contre-la-montre-au-rwanda\/","title":{"rendered":"Championnats du monde 2025 : horaires et ordre de d\u00e9part des contre-la-montre au Rwanda"},"content":{"rendered":"<p style=\"text-align: justify;\"><strong><em>Retrouvez les horaires et l&rsquo;ordre de d\u00e9part des contre-la-montre hommes et femmes des Championnats du monde de cyclisme sur route 2025 au Rwanda, qui se d\u00e9roulent ce dimanche 21 septembre.<\/em><\/strong><\/p>\n<ul>\n<li style=\"text-align: justify;\"><strong>\u00c0 ce sujet \u2013\u00a0<a href=\"https:\/\/dicodusport.fr\/blog\/programme-et-resultats-des-championnats-du-monde-de-cyclisme-sur-route-2025-au-rwanda\/\">Programme et r\u00e9sultats des Championnats du monde de cyclisme sur route 2025 au Rwanda<\/a><\/strong><\/li>\n<\/ul>\n<p style=\"text-align: justify;\">Ce <strong>21 septembre 2025<\/strong>, <strong>Kigali<\/strong>, la capitale rwandaise, s\u2019appr\u00eate \u00e0 entrer dans l\u2019histoire du cyclisme. Pour la premi\u00e8re fois, le continent africain accueille les <strong>Championnats du Monde sur route<\/strong>, et l\u2019ouverture se fera avec les contre-la-montre \u00e9lites.<\/p>\n<h2 style=\"text-align: justify;\">Ordre de d\u00e9part du contre-la-montre femmes des Championnats de France du monde 2025<\/h2>\n<p style=\"text-align: justify;\">Les coureuses s\u2019\u00e9lanceront sur un parcours exigeant de <strong>31,2 kilom\u00e8tres<\/strong> reliant le <strong>BK Arena au Kigali Convention Centre<\/strong>, avec u<strong>n d\u00e9nivel\u00e9 positif de 460 m\u00e8tre<\/strong>s. Bien que d\u00e9pourvu de pentes abruptes, le trac\u00e9 comporte des sections techniques, \u00e0 l\u2019image de la mont\u00e9e pav\u00e9e de la <strong>C\u00f4te de Kimihurura<\/strong>, qui pourrait s\u2019av\u00e9rer d\u00e9cisive pour l\u2019attribution du maillot arc-en-ciel.<\/p>\n<ul>\n<li style=\"text-align: justify;\"><strong>\u00c0 ce sujet \u2013\u00a0<a href=\"https:\/\/dicodusport.fr\/blog\/mondiaux-de-cyclisme-2025-au-rwanda-le-programme-tv-et-les-horaires-des-courses-sur-france-tv-et-eurosport\/\">Mondiaux de cyclisme 2025 au Rwanda : le programme TV et les horaires des courses sur France TV et Eurosport<\/a>\u00a0<\/strong><\/li>\n<\/ul>\n<p style=\"text-align: justify;\">Le plateau s\u2019annonce de grande qualit\u00e9. La Suissesse <strong>Marlen Reusser<\/strong>, r\u00e9guli\u00e8re sur le podium des grands championnats, et l\u2019Am\u00e9ricaine <strong>Chlo\u00e9 Dygert<\/strong>, double championne du monde, font figure de favorites. La N\u00e9erlandaise <strong>Demi Vollering<\/strong>, ainsi que sa compatriote <strong>Anna van der Breggen<\/strong>, compl\u00e8tent le groupe des pr\u00e9tendantes. \u00c0 leurs c\u00f4t\u00e9s, la Britannique <strong>Anna Henderson <\/strong>et\u00a0la Fran\u00e7aise <strong>Juliette Labous <\/strong>tenteront de cr\u00e9er la surprise.<\/p>\n<p style=\"text-align: justify;\">La course d\u00e9butera \u00e0 10h22:30, avec le d\u00e9part de la locale <strong>Xaverine Nirere<\/strong>. <strong>Demi Vollering<\/strong> s\u2019\u00e9lancera en derni\u00e8re position, \u00e0 12h10.<\/p>\n<h3 style=\"text-align: justify;\">R\u00e9sultats<\/h3>\n<p style=\"text-align: justify;\">\u00c0 34 ans, <strong>Marlen Reusser<\/strong> a d\u00e9croch\u00e9 dimanche \u00e0 <strong>Kigali<\/strong>, au <strong>Rwanda<\/strong>, le titre mondial du contre-la-montre. Apr\u00e8s avoir termin\u00e9 deuxi\u00e8me en 2020 et 2021 puis troisi\u00e8me en 2022, la Suissesse est enfin mont\u00e9e sur la plus haute marche, devan\u00e7ant<strong> Anna van der Breggen<\/strong> et <strong>Demi Vollering<\/strong>.<\/p>\n<ul>\n<li style=\"text-align: justify;\"><strong>\u00c0 ce sujet &#8211; <a href=\"https:\/\/dicodusport.fr\/blog\/championnats-du-monde-de-cyclisme-2025-marlen-reusser-enfin-sacree-sur-le-contre-la-montre\/\">Championnats du monde de cyclisme 2025 : Marlen Reusser enfin sacr\u00e9e sur le contre-la-montre<\/a><\/strong><\/li>\n<\/ul>\n<table class=\"basic \" style=\"width: 831px; font-size: 0.9em;\">\n<tbody>\n<tr style=\"background-color: #000000;\">\n<td style=\"width: 31px; vertical-align: middle; text-align: center; background-color: #fad400;\"><span style=\"color: #000000;\"><strong>#<\/strong><\/span><\/td>\n<td style=\"vertical-align: middle; width: 350px; text-align: center; background-color: #fad400;\"><span style=\"color: #000000;\"><strong>Coureuses<\/strong><\/span><\/td>\n<td style=\"vertical-align: middle; width: 350px; text-align: center; background-color: #fad400;\"><span style=\"color: #000000;\"><strong>Nations<\/strong><\/span><\/td>\n<td style=\"vertical-align: middle; width: 100px; text-align: center; background-color: #fad400;\"><span style=\"color: #000000;\"><strong>Heure<\/strong><\/span><\/td>\n<\/tr>\n<tr class=\"\">\n<td style=\"width: 31px; text-align: center;\">1<\/td>\n<td style=\"width: 350px; text-align: center;\">\u00a0NIRERE Xaverine<\/td>\n<td style=\"width: 350px; text-align: center;\">Rwanda<\/td>\n<td style=\"width: 100px; text-align: center;\">10:22:30<\/td>\n<\/tr>\n<tr class=\"\">\n<td style=\"width: 31px; text-align: center;\">2<\/td>\n<td style=\"width: 350px; text-align: center;\">\u00a0AL-KUWARI Kholoud Shahine<\/td>\n<td style=\"width: 350px; text-align: center;\">Qatar<\/td>\n<td style=\"width: 100px; text-align: center;\">10:25:00<\/td>\n<\/tr>\n<tr class=\"\">\n<td style=\"width: 31px; text-align: center;\">3<\/td>\n<td style=\"width: 350px; text-align: center;\">\u00a0WATANGO Serkalen Taye<\/td>\n<td style=\"width: 350px; text-align: center;\">Ethiopia<\/td>\n<td style=\"width: 100px; text-align: center;\">10:27:30<\/td>\n<\/tr>\n<tr class=\"\">\n<td style=\"width: 31px; text-align: center;\">4<\/td>\n<td style=\"width: 350px; text-align: center;\">\u00a0KIPLAGAT Monica Jelimo<\/td>\n<td style=\"width: 350px; text-align: center;\">Kenya<\/td>\n<td style=\"width: 100px; text-align: center;\">10:30:00<\/td>\n<\/tr>\n<tr class=\"\">\n<td style=\"width: 31px; text-align: center;\">5<\/td>\n<td style=\"width: 350px; text-align: center;\">\u00a0KONO Lobopo<\/td>\n<td style=\"width: 350px; text-align: center;\">Botswana<\/td>\n<td style=\"width: 100px; text-align: center;\">10:32:30<\/td>\n<\/tr>\n<tr class=\"\">\n<td style=\"width: 31px; text-align: center;\">6<\/td>\n<td style=\"width: 350px; text-align: center;\">\u00a0FROLOVA Natalia<\/td>\n<td style=\"width: 350px; text-align: center;\">Individual Neutral Athletes<\/td>\n<td style=\"width: 100px; text-align: center;\">10:35:00<\/td>\n<\/tr>\n<tr class=\"\">\n<td style=\"width: 31px; text-align: center;\">7<\/td>\n<td style=\"width: 350px; text-align: center;\">\u00a0ABDULLAH Asger Jamila<\/td>\n<td style=\"width: 350px; text-align: center;\">Tanzania<\/td>\n<td style=\"width: 100px; text-align: center;\">10:37:30<\/td>\n<\/tr>\n<tr class=\"\">\n<td style=\"width: 31px; text-align: center;\">8<\/td>\n<td style=\"width: 350px; text-align: center;\">\u00a0TRINITAH Namukasa<\/td>\n<td style=\"width: 350px; text-align: center;\">Uganda<\/td>\n<td style=\"width: 100px; text-align: center;\">10:40:00<\/td>\n<\/tr>\n<tr class=\"\">\n<td style=\"width: 31px; text-align: center;\">9<\/td>\n<td style=\"width: 350px; text-align: center;\">\u00a0POTAPOVA Faina<\/td>\n<td style=\"width: 350px; text-align: center;\">Kazakhstan<\/td>\n<td style=\"width: 100px; text-align: center;\">10:42:30<\/td>\n<\/tr>\n<tr class=\"\">\n<td style=\"width: 31px; text-align: center;\">10<\/td>\n<td style=\"width: 350px; text-align: center;\">\u00a0MASIGA Kendra<\/td>\n<td style=\"width: 350px; text-align: center;\">Kenya<\/td>\n<td style=\"width: 100px; text-align: center;\">10:45:00<\/td>\n<\/tr>\n<tr class=\"\">\n<td style=\"width: 31px; text-align: center;\">11<\/td>\n<td style=\"width: 350px; text-align: center;\">\u00a0AHOUISSOU Hermionne<\/td>\n<td style=\"width: 350px; text-align: center;\">Benin<\/td>\n<td style=\"width: 100px; text-align: center;\">10:47:30<\/td>\n<\/tr>\n<tr class=\"\">\n<td style=\"width: 31px; text-align: center;\">12<\/td>\n<td style=\"width: 350px; text-align: center;\">\u00a0PALADIN Soraya<\/td>\n<td style=\"width: 350px; text-align: center;\">Italy<\/td>\n<td style=\"width: 100px; text-align: center;\">10:50:00<\/td>\n<\/tr>\n<tr class=\"\">\n<td style=\"width: 31px; text-align: center;\">13<\/td>\n<td style=\"width: 350px; text-align: center;\">\u00a0ZHANG Hao<\/td>\n<td style=\"width: 350px; text-align: center;\">China<\/td>\n<td style=\"width: 100px; text-align: center;\">10:52:30<\/td>\n<\/tr>\n<tr class=\"\">\n<td style=\"width: 31px; text-align: center;\">14<\/td>\n<td style=\"width: 350px; text-align: center;\">\u00a0HASHIMI Yulduz<\/td>\n<td style=\"width: 350px; text-align: center;\">Afghanistan<\/td>\n<td style=\"width: 100px; text-align: center;\">10:55:00<\/td>\n<\/tr>\n<tr class=\"\">\n<td style=\"width: 31px; text-align: center;\">15<\/td>\n<td style=\"width: 350px; text-align: center;\">\u00a0AL MARRI Lolwa<\/td>\n<td style=\"width: 350px; text-align: center;\">Qatar<\/td>\n<td style=\"width: 100px; text-align: center;\">10:57:30<\/td>\n<\/tr>\n<tr class=\"\">\n<td style=\"width: 31px; text-align: center;\">16<\/td>\n<td style=\"width: 350px; text-align: center;\">\u00a0ABRHA Fkadu Brhan<\/td>\n<td style=\"width: 350px; text-align: center;\">Ethiopia<\/td>\n<td style=\"width: 100px; text-align: center;\">11:00:00<\/td>\n<\/tr>\n<tr class=\"\">\n<td style=\"width: 31px; text-align: center;\">17<\/td>\n<td style=\"width: 350px; text-align: center;\">\u00a0HAUGSET Sigrid Ytterhus<\/td>\n<td style=\"width: 350px; text-align: center;\">Norway<\/td>\n<td style=\"width: 100px; text-align: center;\">11:02:30<\/td>\n<\/tr>\n<tr class=\"\">\n<td style=\"width: 31px; text-align: center;\">18<\/td>\n<td style=\"width: 350px; text-align: center;\">\u00a0DE MARIGNY-LAGESSE Lucie<\/td>\n<td style=\"width: 350px; text-align: center;\">Mauritius<\/td>\n<td style=\"width: 100px; text-align: center;\">11:05:00<\/td>\n<\/tr>\n<tr class=\"\">\n<td style=\"width: 31px; text-align: center;\">19<\/td>\n<td style=\"width: 350px; text-align: center;\">\u00a0GOOSSENS Marthe<\/td>\n<td style=\"width: 350px; text-align: center;\">Belgium<\/td>\n<td style=\"width: 100px; text-align: center;\">11:07:30<\/td>\n<\/tr>\n<tr class=\"\">\n<td style=\"width: 31px; text-align: center;\">20<\/td>\n<td style=\"width: 350px; text-align: center;\">\u00a0HALBWACHS Aurelie<\/td>\n<td style=\"width: 350px; text-align: center;\">Mauritius<\/td>\n<td style=\"width: 100px; text-align: center;\">11:10:00<\/td>\n<\/tr>\n<tr class=\"\">\n<td style=\"width: 31px; text-align: center;\">21<\/td>\n<td style=\"width: 350px; text-align: center;\">\u00a0BARIL Olivia<\/td>\n<td style=\"width: 350px; text-align: center;\">Canada<\/td>\n<td style=\"width: 100px; text-align: center;\">11:12:30<\/td>\n<\/tr>\n<tr class=\"\">\n<td style=\"width: 31px; text-align: center;\">22<\/td>\n<td style=\"width: 350px; text-align: center;\">\u00a0OSSIM Akpeiil<\/td>\n<td style=\"width: 350px; text-align: center;\">Kazakhstan<\/td>\n<td style=\"width: 100px; text-align: center;\">11:15:00<\/td>\n<\/tr>\n<tr class=\"\">\n<td style=\"width: 31px; text-align: center;\">23<\/td>\n<td style=\"width: 350px; text-align: center;\">\u00a0CAMPBELL Teniel<\/td>\n<td style=\"width: 350px; text-align: center;\">Trinidad &amp; Tobago<\/td>\n<td style=\"width: 100px; text-align: center;\">11:17:30<\/td>\n<\/tr>\n<tr class=\"\">\n<td style=\"width: 31px; text-align: center;\">24<\/td>\n<td style=\"width: 350px; text-align: center;\">\u00a0VAN DER BREGGEN Anna<\/td>\n<td style=\"width: 350px; text-align: center;\">Netherlands<\/td>\n<td style=\"width: 100px; text-align: center;\">11:20:00<\/td>\n<\/tr>\n<tr class=\"\">\n<td style=\"width: 31px; text-align: center;\">25<\/td>\n<td style=\"width: 350px; text-align: center;\">\u00a0NIEWIADOMA Kasia<\/td>\n<td style=\"width: 350px; text-align: center;\">Poland<\/td>\n<td style=\"width: 100px; text-align: center;\">11:22:30<\/td>\n<\/tr>\n<tr class=\"\">\n<td style=\"width: 31px; text-align: center;\">26<\/td>\n<td style=\"width: 350px; text-align: center;\">\u00a0KERBAOL C\u00e9drine<\/td>\n<td style=\"width: 350px; text-align: center;\">France<\/td>\n<td style=\"width: 100px; text-align: center;\">11:25:00<\/td>\n<\/tr>\n<tr class=\"\">\n<td style=\"width: 31px; text-align: center;\">27<\/td>\n<td style=\"width: 350px; text-align: center;\">\u00a0TRINCA COLONEL Monica<\/td>\n<td style=\"width: 350px; text-align: center;\">Italy<\/td>\n<td style=\"width: 100px; text-align: center;\">11:27:30<\/td>\n<\/tr>\n<tr class=\"\">\n<td style=\"width: 31px; text-align: center;\">28<\/td>\n<td style=\"width: 350px; text-align: center;\">\u00a0EDWARDS Ruth<\/td>\n<td style=\"width: 350px; text-align: center;\">United States<\/td>\n<td style=\"width: 100px; text-align: center;\">11:30:00<\/td>\n<\/tr>\n<tr class=\"\">\n<td style=\"width: 31px; text-align: center;\">29<\/td>\n<td style=\"width: 350px; text-align: center;\">\u00a0INGABIRE Diane<\/td>\n<td style=\"width: 350px; text-align: center;\">Rwanda<\/td>\n<td style=\"width: 100px; text-align: center;\">11:32:30<\/td>\n<\/tr>\n<tr class=\"\">\n<td style=\"width: 31px; text-align: center;\">30<\/td>\n<td style=\"width: 350px; text-align: center;\">\u00a0JEN\u010cU\u0160OV\u00c1 Nora<\/td>\n<td style=\"width: 350px; text-align: center;\">Slovakia<\/td>\n<td style=\"width: 100px; text-align: center;\">11:35:00<\/td>\n<\/tr>\n<tr class=\"\">\n<td style=\"width: 31px; text-align: center;\">31<\/td>\n<td style=\"width: 350px; text-align: center;\">\u00a0LEUNG Wing Yee<\/td>\n<td style=\"width: 350px; text-align: center;\">Hong Kong<\/td>\n<td style=\"width: 100px; text-align: center;\">11:37:30<\/td>\n<\/tr>\n<tr class=\"\">\n<td style=\"width: 31px; text-align: center;\">32<\/td>\n<td style=\"width: 350px; text-align: center;\">\u00a0BENITO Mireia<\/td>\n<td style=\"width: 350px; text-align: center;\">Spain<\/td>\n<td style=\"width: 100px; text-align: center;\">11:40:00<\/td>\n<\/tr>\n<tr class=\"\">\n<td style=\"width: 31px; text-align: center;\">33<\/td>\n<td style=\"width: 350px; text-align: center;\">\u00a0PE\u00d1UELA Diana<\/td>\n<td style=\"width: 350px; text-align: center;\">Colombia<\/td>\n<td style=\"width: 100px; text-align: center;\">11:42:30<\/td>\n<\/tr>\n<tr class=\"\">\n<td style=\"width: 31px; text-align: center;\">34<\/td>\n<td style=\"width: 350px; text-align: center;\">\u00a0KIESENHOFER Anna<\/td>\n<td style=\"width: 350px; text-align: center;\">Austria<\/td>\n<td style=\"width: 100px; text-align: center;\">11:45:00<\/td>\n<\/tr>\n<tr class=\"\">\n<td style=\"width: 31px; text-align: center;\">35<\/td>\n<td style=\"width: 350px; text-align: center;\">\u00a0\u017dIGART Ur\u0161ka<\/td>\n<td style=\"width: 350px; text-align: center;\">Slovenia<\/td>\n<td style=\"width: 100px; text-align: center;\">11:47:30<\/td>\n<\/tr>\n<tr class=\"\">\n<td style=\"width: 31px; text-align: center;\">36<\/td>\n<td style=\"width: 350px; text-align: center;\">\u00a0AALERUD Katrine<\/td>\n<td style=\"width: 350px; text-align: center;\">Norway<\/td>\n<td style=\"width: 100px; text-align: center;\">11:50:00<\/td>\n<\/tr>\n<tr class=\"\">\n<td style=\"width: 31px; text-align: center;\">37<\/td>\n<td style=\"width: 350px; text-align: center;\">\u00a0BIRIUKOVA Yuliia<\/td>\n<td style=\"width: 350px; text-align: center;\">Ukraine<\/td>\n<td style=\"width: 100px; text-align: center;\">11:52:30<\/td>\n<\/tr>\n<tr class=\"\">\n<td style=\"width: 31px; text-align: center;\">38<\/td>\n<td style=\"width: 350px; text-align: center;\">\u00a0REUSSER Marlen<\/td>\n<td style=\"width: 350px; text-align: center;\">Switzerland<\/td>\n<td style=\"width: 100px; text-align: center;\">11:55:00<\/td>\n<\/tr>\n<tr class=\"\">\n<td style=\"width: 31px; text-align: center;\">39<\/td>\n<td style=\"width: 350px; text-align: center;\">\u00a0CHAPMAN Brodie<\/td>\n<td style=\"width: 350px; text-align: center;\">Australia<\/td>\n<td style=\"width: 100px; text-align: center;\">11:57:30<\/td>\n<\/tr>\n<tr class=\"\">\n<td style=\"width: 31px; text-align: center;\">40<\/td>\n<td style=\"width: 350px; text-align: center;\">\u00a0NIEDERMAIER Antonia<\/td>\n<td style=\"width: 350px; text-align: center;\">Germany<\/td>\n<td style=\"width: 100px; text-align: center;\">12:00:00<\/td>\n<\/tr>\n<tr class=\"\">\n<td style=\"width: 31px; text-align: center;\">41<\/td>\n<td style=\"width: 350px; text-align: center;\">\u00a0LABOUS Juliette<\/td>\n<td style=\"width: 350px; text-align: center;\">France<\/td>\n<td style=\"width: 100px; text-align: center;\">12:02:30<\/td>\n<\/tr>\n<tr class=\"\">\n<td style=\"width: 31px; text-align: center;\">42<\/td>\n<td style=\"width: 350px; text-align: center;\">\u00a0HENDERSON Anna<\/td>\n<td style=\"width: 350px; text-align: center;\">Great Britain<\/td>\n<td style=\"width: 100px; text-align: center;\">12:05:00<\/td>\n<\/tr>\n<tr class=\"\">\n<td style=\"width: 31px; text-align: center;\">43<\/td>\n<td style=\"width: 350px; text-align: center;\">\u00a0DYGERT Chlo\u00e9<\/td>\n<td style=\"width: 350px; text-align: center;\">United States<\/td>\n<td style=\"width: 100px; text-align: center;\">12:07:30<\/td>\n<\/tr>\n<tr class=\"\">\n<td style=\"width: 31px; text-align: center;\">44<\/td>\n<td style=\"width: 350px; text-align: center;\">\u00a0VOLLERING Demi<\/td>\n<td style=\"width: 350px; text-align: center;\">Netherlands<\/td>\n<td style=\"width: 100px; text-align: center;\">12:10:00<\/td>\n<\/tr>\n<\/tbody>\n<\/table>\n<hr \/>\n<h2 style=\"text-align: justify;\">Ordre de d\u00e9part du contre-la-montre hommes des Championnats de France du monde 2025<\/h2>\n<p style=\"text-align: justify;\">Les coureurs s\u2019\u00e9lanceront sur un trac\u00e9 de <strong>40,6 kilom\u00e8tres<\/strong> entre le <strong>BK Arena et le Kigali Convention Centre<\/strong>, avec <strong>un d\u00e9nivel\u00e9 positif de 680 m\u00e8tres<\/strong>. Le parcours, technique et exigeant, combine c\u00f4tes et sections pav\u00e9es, mettant \u00e0 l\u2019\u00e9preuve aussi bien la puissance pure que la ma\u00eetrise technique.<\/p>\n<ul>\n<li style=\"text-align: justify;\"><strong>\u00c0 ce sujet &#8211; <a href=\"https:\/\/dicodusport.fr\/blog\/championnats-du-monde-de-cyclisme-2025-parcours-et-profil-complet-du-contre-la-montre-de-kigali-406-km\/\">Parcours et profil complet du contre-la-montre de Kigali (40,6 km)<\/a><\/strong><\/li>\n<\/ul>\n<p style=\"text-align: justify;\">Le Belge <strong>Remco Evenepoel<\/strong>, double champion du monde en titre, appara\u00eet comme le grand favori. \u00c0 seulement 25 ans, il vise un tripl\u00e9 historique et entend s\u2019imposer sur un parcours qu\u2019il juge id\u00e9al pour son style, m\u00ealant puissance et capacit\u00e9 \u00e0 dominer les portions plates.<\/p>\n<p style=\"text-align: justify;\">Son principal rival sera le Slov\u00e8ne <strong>Tadej Pogacar<\/strong>, vainqueur du Tour de France et champion du monde sur route en 2024. Bien que moins sp\u00e9cialis\u00e9 en contre-la-montre pur, <strong>Pogacar<\/strong> a d\u00e9montr\u00e9 cette saison une forme exceptionnelle et r\u00eave de r\u00e9aliser un doubl\u00e9 historique, contre-la-montre et course en ligne.<\/p>\n<p style=\"text-align: justify;\">Derri\u00e8re ce duo, plusieurs coureurs peuvent cr\u00e9er la surprise. L\u2019Australien <strong>Jay Vine<\/strong>, son compatriote <strong>Luke Plapp,<\/strong> ainsi que le Suisse <strong>Stefan K\u00fcng<\/strong>, sp\u00e9cialiste du chrono et l\u2019Espagnol <strong>Ivan Romeo<\/strong>, grimpeur prometteur, compl\u00e8tent le plateau des outsiders, sans oublier le Fran\u00e7ais <strong>Bruno Armirail<\/strong>, en grande forme en cette fin d&rsquo;\u00e9t\u00e9.<\/p>\n<ul>\n<li style=\"text-align: justify;\"><strong>\u00c0 ce sujet &#8211; <a href=\"https:\/\/dicodusport.fr\/blog\/mondiaux-sur-route-au-rwanda-nos-10-favoris-pour-le-contre-la-montre\/\">Mondiaux sur route au Rwanda : Nos 10 favoris pour le contre-la-montre<\/a><\/strong><\/li>\n<\/ul>\n<table class=\"basic \" style=\"font-size: 0.9em; width: 831px;\">\n<tbody>\n<tr style=\"background-color: #000000;\">\n<td style=\"width: 31px; vertical-align: middle; text-align: center; background-color: #fad400;\"><span style=\"color: #000000;\"><strong>#<\/strong><\/span><\/td>\n<td style=\"vertical-align: middle; width: 350px; text-align: center; background-color: #fad400;\"><span style=\"color: #000000;\"><strong>Coureurs<\/strong><\/span><\/td>\n<td style=\"vertical-align: middle; width: 350px; text-align: center; background-color: #fad400;\"><span style=\"color: #000000;\"><strong>Nations<\/strong><\/span><\/td>\n<td style=\"vertical-align: middle; width: 100px; text-align: center; background-color: #fad400;\"><span style=\"color: #000000;\"><strong>Heure<\/strong><\/span><\/td>\n<\/tr>\n<tr class=\"\">\n<td style=\"width: 31px; text-align: center;\">1<\/td>\n<td style=\"width: 350px; text-align: center;\">\u00a0NSENGIYUMVA Shemu<\/td>\n<td style=\"width: 350px; text-align: center;\">Rwanda<\/td>\n<td style=\"width: 100px; text-align: center;\">13:45:00<\/td>\n<\/tr>\n<tr class=\"\">\n<td style=\"width: 31px; text-align: center;\">2<\/td>\n<td style=\"width: 350px; text-align: center;\">\u00a0NGWATA Boniface Simon<\/td>\n<td style=\"width: 350px; text-align: center;\">Tanzania<\/td>\n<td style=\"width: 100px; text-align: center;\">13:47:30<\/td>\n<\/tr>\n<tr class=\"\">\n<td style=\"width: 31px; text-align: center;\">3<\/td>\n<td style=\"width: 350px; text-align: center;\">\u00a0EDWARD Jalal<\/td>\n<td style=\"width: 350px; text-align: center;\">South Sudan<\/td>\n<td style=\"width: 100px; text-align: center;\">13:50:00<\/td>\n<\/tr>\n<tr class=\"\">\n<td style=\"width: 31px; text-align: center;\">4<\/td>\n<td style=\"width: 350px; text-align: center;\">\u00a0JALLOH Ibrahim<\/td>\n<td style=\"width: 350px; text-align: center;\">Sierra Leone<\/td>\n<td style=\"width: 100px; text-align: center;\">13:52:30<\/td>\n<\/tr>\n<tr class=\"\">\n<td style=\"width: 31px; text-align: center;\">5<\/td>\n<td style=\"width: 350px; text-align: center;\">\u00a0DIARRA Siriki<\/td>\n<td style=\"width: 350px; text-align: center;\">Mali<\/td>\n<td style=\"width: 100px; text-align: center;\">13:55:00<\/td>\n<\/tr>\n<tr class=\"\">\n<td style=\"width: 31px; text-align: center;\">6<\/td>\n<td style=\"width: 350px; text-align: center;\">\u00a0CISS\u00c9 Cheikhouna<\/td>\n<td style=\"width: 350px; text-align: center;\">Senegal<\/td>\n<td style=\"width: 100px; text-align: center;\">13:57:30<\/td>\n<\/tr>\n<tr class=\"\">\n<td style=\"width: 31px; text-align: center;\">7<\/td>\n<td style=\"width: 350px; text-align: center;\">\u00a0WAIS Ahmad Badreddin<\/td>\n<td style=\"width: 350px; text-align: center;\">Refugee Olympic Team<\/td>\n<td style=\"width: 100px; text-align: center;\">14:00:00<\/td>\n<\/tr>\n<tr class=\"\">\n<td style=\"width: 31px; text-align: center;\">8<\/td>\n<td style=\"width: 350px; text-align: center;\">\u00a0DI HOULDER Amede<\/td>\n<td style=\"width: 350px; text-align: center;\">Madagascar<\/td>\n<td style=\"width: 100px; text-align: center;\">14:02:30<\/td>\n<\/tr>\n<tr class=\"\">\n<td style=\"width: 31px; text-align: center;\">9<\/td>\n<td style=\"width: 350px; text-align: center;\">\u00a0C\u00c1 Apolin\u00e1rio<\/td>\n<td style=\"width: 350px; text-align: center;\">Guinea-Bissau<\/td>\n<td style=\"width: 100px; text-align: center;\">14:05:00<\/td>\n<\/tr>\n<tr class=\"\">\n<td style=\"width: 31px; text-align: center;\">10<\/td>\n<td style=\"width: 350px; text-align: center;\">\u00a0DAHALANI Abderemane<\/td>\n<td style=\"width: 350px; text-align: center;\">Comoros<\/td>\n<td style=\"width: 100px; text-align: center;\">14:07:30<\/td>\n<\/tr>\n<tr class=\"\">\n<td style=\"width: 31px; text-align: center;\">11<\/td>\n<td style=\"width: 350px; text-align: center;\">\u00a0SODJEDE Ricardo<\/td>\n<td style=\"width: 350px; text-align: center;\">Benin<\/td>\n<td style=\"width: 100px; text-align: center;\">14:10:00<\/td>\n<\/tr>\n<tr class=\"\">\n<td style=\"width: 31px; text-align: center;\">12<\/td>\n<td style=\"width: 350px; text-align: center;\">\u00a0LIU Jiankun<\/td>\n<td style=\"width: 350px; text-align: center;\">China<\/td>\n<td style=\"width: 100px; text-align: center;\">14:12:30<\/td>\n<\/tr>\n<tr class=\"\">\n<td style=\"width: 31px; text-align: center;\">13<\/td>\n<td style=\"width: 350px; text-align: center;\">\u00a0SHARIF Hassan Adinan<\/td>\n<td style=\"width: 350px; text-align: center;\">Tanzania<\/td>\n<td style=\"width: 100px; text-align: center;\">14:15:00<\/td>\n<\/tr>\n<tr class=\"\">\n<td style=\"width: 31px; text-align: center;\">14<\/td>\n<td style=\"width: 350px; text-align: center;\">\u00a0GERVAIS Laurent<\/td>\n<td style=\"width: 350px; text-align: center;\">Canada<\/td>\n<td style=\"width: 100px; text-align: center;\">14:17:30<\/td>\n<\/tr>\n<tr class=\"\">\n<td style=\"width: 31px; text-align: center;\">15<\/td>\n<td style=\"width: 350px; text-align: center;\">\u00a0MUT Dictor<\/td>\n<td style=\"width: 350px; text-align: center;\">South Sudan<\/td>\n<td style=\"width: 100px; text-align: center;\">14:20:00<\/td>\n<\/tr>\n<tr class=\"\">\n<td style=\"width: 31px; text-align: center;\">16<\/td>\n<td style=\"width: 350px; text-align: center;\">\u00a0KOROMA Mustapha<\/td>\n<td style=\"width: 350px; text-align: center;\">Sierra Leone<\/td>\n<td style=\"width: 100px; text-align: center;\">14:22:30<\/td>\n<\/tr>\n<tr class=\"\">\n<td style=\"width: 31px; text-align: center;\">17<\/td>\n<td style=\"width: 350px; text-align: center;\">\u00a0AKPABLI Victor<\/td>\n<td style=\"width: 350px; text-align: center;\">Ghana<\/td>\n<td style=\"width: 100px; text-align: center;\">14:25:00<\/td>\n<\/tr>\n<tr class=\"\">\n<td style=\"width: 31px; text-align: center;\">18<\/td>\n<td style=\"width: 350px; text-align: center;\">\u00a0VERMEERSCH Florian<\/td>\n<td style=\"width: 350px; text-align: center;\">Belgium<\/td>\n<td style=\"width: 100px; text-align: center;\">14:27:30<\/td>\n<\/tr>\n<tr class=\"\">\n<td style=\"width: 31px; text-align: center;\">19<\/td>\n<td style=\"width: 350px; text-align: center;\">\u00a0DIALLO Diantouba<\/td>\n<td style=\"width: 350px; text-align: center;\">Mali<\/td>\n<td style=\"width: 100px; text-align: center;\">14:30:00<\/td>\n<\/tr>\n<tr class=\"\">\n<td style=\"width: 31px; text-align: center;\">20<\/td>\n<td style=\"width: 350px; text-align: center;\">\u00a0NDUNGU Edwin<\/td>\n<td style=\"width: 350px; text-align: center;\">Kenya<\/td>\n<td style=\"width: 100px; text-align: center;\">14:32:30<\/td>\n<\/tr>\n<tr class=\"\">\n<td style=\"width: 31px; text-align: center;\">21<\/td>\n<td style=\"width: 350px; text-align: center;\">\u00a0REDAE Bizay Tesfu<\/td>\n<td style=\"width: 350px; text-align: center;\">Ethiopia<\/td>\n<td style=\"width: 100px; text-align: center;\">14:35:00<\/td>\n<\/tr>\n<tr class=\"\">\n<td style=\"width: 31px; text-align: center;\">22<\/td>\n<td style=\"width: 350px; text-align: center;\">\u00a0JOHN Briton<\/td>\n<td style=\"width: 350px; text-align: center;\">Guyana<\/td>\n<td style=\"width: 100px; text-align: center;\">14:37:30<\/td>\n<\/tr>\n<tr class=\"\">\n<td style=\"width: 31px; text-align: center;\">23<\/td>\n<td style=\"width: 350px; text-align: center;\">\u00a0NYCH Artem<\/td>\n<td style=\"width: 350px; text-align: center;\">Individual Neutral Athletes<\/td>\n<td style=\"width: 100px; text-align: center;\">14:40:00<\/td>\n<\/tr>\n<tr class=\"\">\n<td style=\"width: 31px; text-align: center;\">24<\/td>\n<td style=\"width: 350px; text-align: center;\">\u00a0ABU HARRAH Majid<\/td>\n<td style=\"width: 350px; text-align: center;\">Jordan<\/td>\n<td style=\"width: 100px; text-align: center;\">14:42:30<\/td>\n<\/tr>\n<tr class=\"\">\n<td style=\"width: 31px; text-align: center;\">25<\/td>\n<td style=\"width: 350px; text-align: center;\">\u00a0\u00d6RKEN Ahmet<\/td>\n<td style=\"width: 350px; text-align: center;\">Turkey<\/td>\n<td style=\"width: 100px; text-align: center;\">14:45:00<\/td>\n<\/tr>\n<tr class=\"\">\n<td style=\"width: 31px; text-align: center;\">26<\/td>\n<td style=\"width: 350px; text-align: center;\">\u00a0WALTERS Red<\/td>\n<td style=\"width: 350px; text-align: center;\">Grenada<\/td>\n<td style=\"width: 100px; text-align: center;\">14:47:30<\/td>\n<\/tr>\n<tr class=\"\">\n<td style=\"width: 31px; text-align: center;\">27<\/td>\n<td style=\"width: 350px; text-align: center;\">\u00a0DE COMARMOND Aurelien<\/td>\n<td style=\"width: 350px; text-align: center;\">Mauritius<\/td>\n<td style=\"width: 100px; text-align: center;\">14:50:00<\/td>\n<\/tr>\n<tr class=\"\">\n<td style=\"width: 31px; text-align: center;\">28<\/td>\n<td style=\"width: 350px; text-align: center;\">\u00a0SU Haoyu<\/td>\n<td style=\"width: 350px; text-align: center;\">China<\/td>\n<td style=\"width: 100px; text-align: center;\">14:52:30<\/td>\n<\/tr>\n<tr class=\"\">\n<td style=\"width: 31px; text-align: center;\">29<\/td>\n<td style=\"width: 350px; text-align: center;\">\u00a0MUNTON Byron<\/td>\n<td style=\"width: 350px; text-align: center;\">South Africa<\/td>\n<td style=\"width: 100px; text-align: center;\">14:55:00<\/td>\n<\/tr>\n<tr class=\"\">\n<td style=\"width: 31px; text-align: center;\">30<\/td>\n<td style=\"width: 350px; text-align: center;\">\u00a0LEONARD Michael<\/td>\n<td style=\"width: 350px; text-align: center;\">Canada<\/td>\n<td style=\"width: 100px; text-align: center;\">14:57:30<\/td>\n<\/tr>\n<tr class=\"\">\n<td style=\"width: 31px; text-align: center;\">31<\/td>\n<td style=\"width: 350px; text-align: center;\">\u00a0TAARAM\u00c4E Rein<\/td>\n<td style=\"width: 350px; text-align: center;\">Estonia<\/td>\n<td style=\"width: 100px; text-align: center;\">15:00:00<\/td>\n<\/tr>\n<tr class=\"\">\n<td style=\"width: 31px; text-align: center;\">32<\/td>\n<td style=\"width: 350px; text-align: center;\">\u00a0RAFFERTY Darren<\/td>\n<td style=\"width: 350px; text-align: center;\">Ireland<\/td>\n<td style=\"width: 100px; text-align: center;\">15:02:30<\/td>\n<\/tr>\n<tr class=\"\">\n<td style=\"width: 31px; text-align: center;\">33<\/td>\n<td style=\"width: 350px; text-align: center;\">\u00a0VAN WILDER Ilan<\/td>\n<td style=\"width: 350px; text-align: center;\">Belgium<\/td>\n<td style=\"width: 100px; text-align: center;\">15:05:00<\/td>\n<\/tr>\n<tr class=\"\">\n<td style=\"width: 31px; text-align: center;\">34<\/td>\n<td style=\"width: 350px; text-align: center;\">\u00a0GARC\u00cdA PIERNA Ra\u00fal<\/td>\n<td style=\"width: 350px; text-align: center;\">Spain<\/td>\n<td style=\"width: 100px; text-align: center;\">15:07:30<\/td>\n<\/tr>\n<tr class=\"\">\n<td style=\"width: 31px; text-align: center;\">35<\/td>\n<td style=\"width: 350px; text-align: center;\">\u00a0SOBRERO Matteo<\/td>\n<td style=\"width: 350px; text-align: center;\">Italy<\/td>\n<td style=\"width: 100px; text-align: center;\">15:10:00<\/td>\n<\/tr>\n<tr class=\"\">\n<td style=\"width: 31px; text-align: center;\">36<\/td>\n<td style=\"width: 350px; text-align: center;\">\u00a0PLAPP Luke<\/td>\n<td style=\"width: 350px; text-align: center;\">Australia<\/td>\n<td style=\"width: 100px; text-align: center;\">15:12:30<\/td>\n<\/tr>\n<tr class=\"\">\n<td style=\"width: 31px; text-align: center;\">37<\/td>\n<td style=\"width: 350px; text-align: center;\">\u00a0SEIXAS Paul<\/td>\n<td style=\"width: 350px; text-align: center;\">France<\/td>\n<td style=\"width: 100px; text-align: center;\">15:15:00<\/td>\n<\/tr>\n<tr class=\"\">\n<td style=\"width: 31px; text-align: center;\">38<\/td>\n<td style=\"width: 350px; text-align: center;\">\u00a0SCHMID Mauro<\/td>\n<td style=\"width: 350px; text-align: center;\">Switzerland<\/td>\n<td style=\"width: 100px; text-align: center;\">15:17:30<\/td>\n<\/tr>\n<tr class=\"\">\n<td style=\"width: 31px; text-align: center;\">39<\/td>\n<td style=\"width: 350px; text-align: center;\">\u00a0MUGISHA Moise<\/td>\n<td style=\"width: 350px; text-align: center;\">Rwanda<\/td>\n<td style=\"width: 100px; text-align: center;\">15:20:00<\/td>\n<\/tr>\n<tr class=\"\">\n<td style=\"width: 31px; text-align: center;\">40<\/td>\n<td style=\"width: 350px; text-align: center;\">\u00a0LEKNESSUND Andreas<\/td>\n<td style=\"width: 350px; text-align: center;\">Norway<\/td>\n<td style=\"width: 100px; text-align: center;\">15:22:30<\/td>\n<\/tr>\n<tr class=\"\">\n<td style=\"width: 31px; text-align: center;\">41<\/td>\n<td style=\"width: 350px; text-align: center;\">\u00a0DOWNES Brandon<\/td>\n<td style=\"width: 350px; text-align: center;\">South Africa<\/td>\n<td style=\"width: 100px; text-align: center;\">15:25:00<\/td>\n<\/tr>\n<tr class=\"\">\n<td style=\"width: 31px; text-align: center;\">42<\/td>\n<td style=\"width: 350px; text-align: center;\">\u00a0MAYER Alexandre<\/td>\n<td style=\"width: 350px; text-align: center;\">Mauritius<\/td>\n<td style=\"width: 100px; text-align: center;\">15:27:30<\/td>\n<\/tr>\n<tr class=\"\">\n<td style=\"width: 31px; text-align: center;\">43<\/td>\n<td style=\"width: 350px; text-align: center;\">\u00a0BARTA Will<\/td>\n<td style=\"width: 350px; text-align: center;\">United States<\/td>\n<td style=\"width: 100px; text-align: center;\">15:30:00<\/td>\n<\/tr>\n<tr class=\"\">\n<td style=\"width: 31px; text-align: center;\">44<\/td>\n<td style=\"width: 350px; text-align: center;\">\u00a0HEIDEMANN Miguel<\/td>\n<td style=\"width: 350px; text-align: center;\">Germany<\/td>\n<td style=\"width: 100px; text-align: center;\">15:32:30<\/td>\n<\/tr>\n<tr class=\"\">\n<td style=\"width: 31px; text-align: center;\">45<\/td>\n<td style=\"width: 350px; text-align: center;\">\u00a0ARENSMAN Thymen<\/td>\n<td style=\"width: 350px; text-align: center;\">Netherlands<\/td>\n<td style=\"width: 100px; text-align: center;\">15:35:00<\/td>\n<\/tr>\n<tr class=\"\">\n<td style=\"width: 31px; text-align: center;\">46<\/td>\n<td style=\"width: 350px; text-align: center;\">\u00a0DEL TORO Isaac<\/td>\n<td style=\"width: 350px; text-align: center;\">Mexico<\/td>\n<td style=\"width: 100px; text-align: center;\">15:37:30<\/td>\n<\/tr>\n<tr class=\"\">\n<td style=\"width: 31px; text-align: center;\">47<\/td>\n<td style=\"width: 350px; text-align: center;\">\u00a0MULLEN Ryan<\/td>\n<td style=\"width: 350px; text-align: center;\">Ireland<\/td>\n<td style=\"width: 100px; text-align: center;\">15:40:00<\/td>\n<\/tr>\n<tr class=\"\">\n<td style=\"width: 31px; text-align: center;\">48<\/td>\n<td style=\"width: 350px; text-align: center;\">\u00a0ROMEO Iv\u00e1n<\/td>\n<td style=\"width: 350px; text-align: center;\">Spain<\/td>\n<td style=\"width: 100px; text-align: center;\">15:42:30<\/td>\n<\/tr>\n<tr class=\"\">\n<td style=\"width: 31px; text-align: center;\">49<\/td>\n<td style=\"width: 350px; text-align: center;\">\u00a0CATTANEO Mattia<\/td>\n<td style=\"width: 350px; text-align: center;\">Italy<\/td>\n<td style=\"width: 100px; text-align: center;\">15:45:00<\/td>\n<\/tr>\n<tr class=\"\">\n<td style=\"width: 31px; text-align: center;\">50<\/td>\n<td style=\"width: 350px; text-align: center;\">\u00a0VARGAS Walter<\/td>\n<td style=\"width: 350px; text-align: center;\">Colombia<\/td>\n<td style=\"width: 100px; text-align: center;\">15:47:30<\/td>\n<\/tr>\n<tr class=\"\">\n<td style=\"width: 31px; text-align: center;\">51<\/td>\n<td style=\"width: 350px; text-align: center;\">\u00a0VINE Jay<\/td>\n<td style=\"width: 350px; text-align: center;\">Australia<\/td>\n<td style=\"width: 100px; text-align: center;\">15:50:00<\/td>\n<\/tr>\n<tr class=\"\">\n<td style=\"width: 31px; text-align: center;\">52<\/td>\n<td style=\"width: 350px; text-align: center;\">\u00a0ARMIRAIL Bruno<\/td>\n<td style=\"width: 350px; text-align: center;\">France<\/td>\n<td style=\"width: 100px; text-align: center;\">15:52:30<\/td>\n<\/tr>\n<tr class=\"\">\n<td style=\"width: 31px; text-align: center;\">53<\/td>\n<td style=\"width: 350px; text-align: center;\">\u00a0K\u00dcNG Stefan<\/td>\n<td style=\"width: 350px; text-align: center;\">Switzerland<\/td>\n<td style=\"width: 100px; text-align: center;\">15:55:00<\/td>\n<\/tr>\n<tr class=\"\">\n<td style=\"width: 31px; text-align: center;\">54<\/td>\n<td style=\"width: 350px; text-align: center;\">\u00a0POGA\u010cAR Tadej<\/td>\n<td style=\"width: 350px; text-align: center;\">Slovenia<\/td>\n<td style=\"width: 100px; text-align: center;\">15:57:30<\/td>\n<\/tr>\n<tr class=\"\">\n<td style=\"width: 31px; text-align: center;\">55<\/td>\n<td style=\"width: 350px; text-align: center;\">\u00a0EVENEPOEL Remco<\/td>\n<td style=\"width: 350px; text-align: center;\">Belgium<\/td>\n<td style=\"width: 100px; text-align: center;\">16:00:00<\/td>\n<\/tr>\n<\/tbody>\n<\/table>\n<p>&nbsp;<\/p>\n","protected":false},"excerpt":{"rendered":"<p>Championnat du monde 2025 : horaires et ordre de d\u00e9part des contre-la-montre hommes et femmes ce dimanche 21 septembre au Rwanda.<\/p>\n","protected":false},"author":4,"featured_media":613068,"comment_status":"open","ping_status":"closed","sticky":false,"template":"","format":"standard","meta":{"_acf_changed":false,"_daextam_enable_autolinks":"1","footnotes":""},"categories":[46994],"tags":[16878,19450,574,11197],"class_list":["post-613065","post","type-post","status-publish","format-standard","has-post-thumbnail","hentry","category-cyclisme-sur-route","tag-breve","tag-championnats-du-monde-de-cyclisme-sur-route","tag-cyclisme","tag-cyclisme-sur-route"],"acf":[],"yoast_head":"<!-- This site is optimized with the Yoast SEO Premium plugin v26.7 (Yoast SEO v26.7) - https:\/\/yoast.com\/wordpress\/plugins\/seo\/ -->\n<title>Championnats du monde 2025 : horaires et ordre de d\u00e9part des contre-la-montre au Rwanda<\/title>\n<meta name=\"description\" content=\"Championnat du monde 2025 : horaires et ordre de d\u00e9part des contre-la-montre hommes et femmes ce dimanche 21 septembre au Rwanda.\" \/>\n<meta name=\"robots\" content=\"index, follow, max-snippet:-1, max-image-preview:large, max-video-preview:-1\" \/>\n<link rel=\"canonical\" href=\"https:\/\/dicodusport.fr\/blog\/championnats-du-monde-2025-horaires-et-ordre-de-depart-des-contre-la-montre-au-rwanda\/\" \/>\n<meta property=\"og:locale\" content=\"fr_FR\" \/>\n<meta property=\"og:type\" content=\"article\" \/>\n<meta property=\"og:title\" content=\"Championnats du monde 2025 : horaires et ordre de d\u00e9part des contre-la-montre au Rwanda\" \/>\n<meta property=\"og:description\" content=\"Championnat du monde 2025 : horaires et ordre de d\u00e9part des contre-la-montre hommes et femmes ce dimanche 21 septembre au Rwanda.\" \/>\n<meta property=\"og:url\" content=\"https:\/\/dicodusport.fr\/blog\/championnats-du-monde-2025-horaires-et-ordre-de-depart-des-contre-la-montre-au-rwanda\/\" \/>\n<meta property=\"og:site_name\" content=\"Dicodusport\" \/>\n<meta property=\"article:publisher\" content=\"https:\/\/www.facebook.com\/dicodusport\" \/>\n<meta property=\"article:author\" content=\"https:\/\/www.facebook.com\/florent.ostermann\" \/>\n<meta property=\"article:published_time\" content=\"2025-09-21T06:00:55+00:00\" \/>\n<meta property=\"article:modified_time\" content=\"2025-09-21T12:29:45+00:00\" \/>\n<meta property=\"og:image\" content=\"https:\/\/dicodusport.fr\/blog\/wp-content\/uploads\/2025\/09\/Championnats-du-monde-2025-horaires-et-ordres-de-depart-des-contre-la-montre-au-Rwanda.png\" \/>\n\t<meta property=\"og:image:width\" content=\"1200\" \/>\n\t<meta property=\"og:image:height\" content=\"674\" \/>\n\t<meta property=\"og:image:type\" content=\"image\/png\" \/>\n<meta name=\"author\" content=\"Flo Ostermann\" \/>\n<meta name=\"twitter:card\" content=\"summary_large_image\" \/>\n<meta name=\"twitter:title\" content=\"Championnats du monde 2025 : horaires et ordre de d\u00e9part des contre-la-montre au Rwanda\" \/>\n<meta name=\"twitter:creator\" content=\"@https:\/\/twitter.com\/FlOstermann\" \/>\n<meta name=\"twitter:site\" content=\"@dicodusport\" \/>\n<script type=\"application\/ld+json\" class=\"yoast-schema-graph\">{\"@context\":\"https:\/\/schema.org\",\"@graph\":[{\"@type\":\"NewsArticle\",\"@id\":\"https:\/\/dicodusport.fr\/blog\/championnats-du-monde-2025-horaires-et-ordre-de-depart-des-contre-la-montre-au-rwanda\/#article\",\"isPartOf\":{\"@id\":\"https:\/\/dicodusport.fr\/blog\/championnats-du-monde-2025-horaires-et-ordre-de-depart-des-contre-la-montre-au-rwanda\/\"},\"author\":{\"name\":\"Flo Ostermann\",\"@id\":\"https:\/\/dicodusport.fr\/blog\/#\/schema\/person\/cb02af4c173ce4a653b55e9baf388d4a\"},\"headline\":\"Championnats du monde 2025 : horaires et ordre de d\u00e9part des contre-la-montre au Rwanda\",\"datePublished\":\"2025-09-21T06:00:55+00:00\",\"dateModified\":\"2025-09-21T12:29:45+00:00\",\"mainEntityOfPage\":{\"@id\":\"https:\/\/dicodusport.fr\/blog\/championnats-du-monde-2025-horaires-et-ordre-de-depart-des-contre-la-montre-au-rwanda\/\"},\"wordCount\":965,\"commentCount\":0,\"publisher\":{\"@id\":\"https:\/\/dicodusport.fr\/blog\/#organization\"},\"image\":{\"@id\":\"https:\/\/dicodusport.fr\/blog\/championnats-du-monde-2025-horaires-et-ordre-de-depart-des-contre-la-montre-au-rwanda\/#primaryimage\"},\"thumbnailUrl\":\"https:\/\/dicodusport.fr\/blog\/wp-content\/uploads\/2025\/09\/Championnats-du-monde-2025-horaires-et-ordres-de-depart-des-contre-la-montre-au-Rwanda.png\",\"keywords\":[\"br\u00e8ve\",\"Championnats du monde de cyclisme sur route\",\"Cyclisme\",\"Cyclisme sur route\"],\"articleSection\":[\"Cyclisme sur route\"],\"inLanguage\":\"fr-FR\",\"potentialAction\":[{\"@type\":\"CommentAction\",\"name\":\"Comment\",\"target\":[\"https:\/\/dicodusport.fr\/blog\/championnats-du-monde-2025-horaires-et-ordre-de-depart-des-contre-la-montre-au-rwanda\/#respond\"]}],\"copyrightYear\":\"2025\",\"copyrightHolder\":{\"@id\":\"https:\/\/dicodusport.fr\/blog\/#organization\"}},{\"@type\":\"WebPage\",\"@id\":\"https:\/\/dicodusport.fr\/blog\/championnats-du-monde-2025-horaires-et-ordre-de-depart-des-contre-la-montre-au-rwanda\/\",\"url\":\"https:\/\/dicodusport.fr\/blog\/championnats-du-monde-2025-horaires-et-ordre-de-depart-des-contre-la-montre-au-rwanda\/\",\"name\":\"Championnats du monde 2025 : horaires et ordre de d\u00e9part des contre-la-montre au Rwanda\",\"isPartOf\":{\"@id\":\"https:\/\/dicodusport.fr\/blog\/#website\"},\"primaryImageOfPage\":{\"@id\":\"https:\/\/dicodusport.fr\/blog\/championnats-du-monde-2025-horaires-et-ordre-de-depart-des-contre-la-montre-au-rwanda\/#primaryimage\"},\"image\":{\"@id\":\"https:\/\/dicodusport.fr\/blog\/championnats-du-monde-2025-horaires-et-ordre-de-depart-des-contre-la-montre-au-rwanda\/#primaryimage\"},\"thumbnailUrl\":\"https:\/\/dicodusport.fr\/blog\/wp-content\/uploads\/2025\/09\/Championnats-du-monde-2025-horaires-et-ordres-de-depart-des-contre-la-montre-au-Rwanda.png\",\"datePublished\":\"2025-09-21T06:00:55+00:00\",\"dateModified\":\"2025-09-21T12:29:45+00:00\",\"description\":\"Championnat du monde 2025 : horaires et ordre de d\u00e9part des contre-la-montre hommes et femmes ce dimanche 21 septembre au Rwanda.\",\"breadcrumb\":{\"@id\":\"https:\/\/dicodusport.fr\/blog\/championnats-du-monde-2025-horaires-et-ordre-de-depart-des-contre-la-montre-au-rwanda\/#breadcrumb\"},\"inLanguage\":\"fr-FR\",\"potentialAction\":[{\"@type\":\"ReadAction\",\"target\":[\"https:\/\/dicodusport.fr\/blog\/championnats-du-monde-2025-horaires-et-ordre-de-depart-des-contre-la-montre-au-rwanda\/\"]}]},{\"@type\":\"ImageObject\",\"inLanguage\":\"fr-FR\",\"@id\":\"https:\/\/dicodusport.fr\/blog\/championnats-du-monde-2025-horaires-et-ordre-de-depart-des-contre-la-montre-au-rwanda\/#primaryimage\",\"url\":\"https:\/\/dicodusport.fr\/blog\/wp-content\/uploads\/2025\/09\/Championnats-du-monde-2025-horaires-et-ordres-de-depart-des-contre-la-montre-au-Rwanda.png\",\"contentUrl\":\"https:\/\/dicodusport.fr\/blog\/wp-content\/uploads\/2025\/09\/Championnats-du-monde-2025-horaires-et-ordres-de-depart-des-contre-la-montre-au-Rwanda.png\",\"width\":1200,\"height\":674,\"caption\":\"Championnats du monde 2025 horaires et ordres de d\u00e9part des contre-la-montre au Rwanda\"},{\"@type\":\"BreadcrumbList\",\"@id\":\"https:\/\/dicodusport.fr\/blog\/championnats-du-monde-2025-horaires-et-ordre-de-depart-des-contre-la-montre-au-rwanda\/#breadcrumb\",\"itemListElement\":[{\"@type\":\"ListItem\",\"position\":1,\"name\":\"Accueil\",\"item\":\"https:\/\/dicodusport.fr\/blog\/\"},{\"@type\":\"ListItem\",\"position\":2,\"name\":\"Championnats du monde 2025 : horaires et ordre de d\u00e9part des contre-la-montre au Rwanda\"}]},{\"@type\":\"WebSite\",\"@id\":\"https:\/\/dicodusport.fr\/blog\/#website\",\"url\":\"https:\/\/dicodusport.fr\/blog\/\",\"name\":\"Dicodusport\",\"description\":\"L&#039;encyclop\u00e9die de l&#039;actualit\u00e9 sportive\",\"publisher\":{\"@id\":\"https:\/\/dicodusport.fr\/blog\/#organization\"},\"potentialAction\":[{\"@type\":\"SearchAction\",\"target\":{\"@type\":\"EntryPoint\",\"urlTemplate\":\"https:\/\/dicodusport.fr\/blog\/?s={search_term_string}\"},\"query-input\":{\"@type\":\"PropertyValueSpecification\",\"valueRequired\":true,\"valueName\":\"search_term_string\"}}],\"inLanguage\":\"fr-FR\"},{\"@type\":\"NewsMediaOrganization\",\"@id\":\"https:\/\/dicodusport.fr\/blog\/#organization\",\"name\":\"Dicodusport\",\"url\":\"https:\/\/dicodusport.fr\/blog\/\",\"logo\":{\"@type\":\"ImageObject\",\"inLanguage\":\"fr-FR\",\"@id\":\"https:\/\/dicodusport.fr\/blog\/#\/schema\/logo\/image\/\",\"url\":\"https:\/\/dicodusport.fr\/blog\/wp-content\/uploads\/2020\/06\/cropped-LOGO-DICODUSPORT-2020-SANS-FOND-SANS-TEXTE.png\",\"contentUrl\":\"https:\/\/dicodusport.fr\/blog\/wp-content\/uploads\/2020\/06\/cropped-LOGO-DICODUSPORT-2020-SANS-FOND-SANS-TEXTE.png\",\"width\":512,\"height\":512,\"caption\":\"Dicodusport\"},\"image\":{\"@id\":\"https:\/\/dicodusport.fr\/blog\/#\/schema\/logo\/image\/\"},\"sameAs\":[\"https:\/\/www.facebook.com\/dicodusport\",\"https:\/\/x.com\/dicodusport\",\"https:\/\/www.instagram.com\/dicodusport\/\",\"https:\/\/www.youtube.com\/channel\/UC7V2KZ5sd3htJivAbA4ZG3w\"],\"description\":\"Dicodusport est l'encyclop\u00e9die de l'actualit\u00e9 sportive.\",\"email\":\"bonjour@dicodusport.fr\",\"legalName\":\"DICODUSPORT\",\"foundingDate\":\"2018-01-14\",\"vatID\":\"FR71834470973\",\"taxID\":\"83447097300043\",\"numberOfEmployees\":{\"@type\":\"QuantitativeValue\",\"minValue\":\"1\",\"maxValue\":\"10\"}},{\"@type\":\"Person\",\"@id\":\"https:\/\/dicodusport.fr\/blog\/#\/schema\/person\/cb02af4c173ce4a653b55e9baf388d4a\",\"name\":\"Flo Ostermann\",\"image\":{\"@type\":\"ImageObject\",\"inLanguage\":\"fr-FR\",\"@id\":\"https:\/\/dicodusport.fr\/blog\/#\/schema\/person\/image\/\",\"url\":\"https:\/\/dicodusport.fr\/blog\/wp-content\/uploads\/2021\/05\/Flo-Ostermann-150x150.jpg\",\"contentUrl\":\"https:\/\/dicodusport.fr\/blog\/wp-content\/uploads\/2021\/05\/Flo-Ostermann-150x150.jpg\",\"caption\":\"Flo Ostermann\"},\"description\":\"Journaliste\/R\u00e9dacteur depuis septembre 2015 - Mes premiers souvenirs dans le sport ? Les envol\u00e9es du Stade Toulousain et les duels Villeneuve-Schumacher et H\u00e4kkinen-Schumacher \u00e0 la fin des ann\u00e9es 90, la Coupe du monde de football en 1998, l\u2019exploit du XV de France face aux All Blacks en 1999, mais aussi Richard C\u0153ur de Lion qui vole sur les montagnes du Tour de France. Bien parti pour devenir professeur d\u2019EPS, les \u00e9v\u00e9nements de la vie (et la flemme d\u2019animer des s\u00e9ances de 3x500 m\u00e8tres toute ma vie) m\u2019ont conduit \u00e0 revoir mes plans. Me voil\u00e0 depuis fin 2017 sur Dicodusport, m\u00e9dia gr\u00e2ce (et pour) lequel je partage ma passion : le sport dans tous ses \u00e9tats. Le tout accompagn\u00e9 par les fous furieux et folles furieuses cit\u00e9s sur cette page !\",\"sameAs\":[\"https:\/\/www.facebook.com\/florent.ostermann\",\"https:\/\/x.com\/https:\/\/twitter.com\/FlOstermann\",\"admin\"],\"url\":\"https:\/\/dicodusport.fr\/blog\/author\/flo\/\"}]}<\/script>\n<!-- \/ Yoast SEO Premium plugin. -->","yoast_head_json":{"title":"Championnats du monde 2025 : horaires et ordre de d\u00e9part des contre-la-montre au Rwanda","description":"Championnat du monde 2025 : horaires et ordre de d\u00e9part des contre-la-montre hommes et femmes ce dimanche 21 septembre au Rwanda.","robots":{"index":"index","follow":"follow","max-snippet":"max-snippet:-1","max-image-preview":"max-image-preview:large","max-video-preview":"max-video-preview:-1"},"canonical":"https:\/\/dicodusport.fr\/blog\/championnats-du-monde-2025-horaires-et-ordre-de-depart-des-contre-la-montre-au-rwanda\/","og_locale":"fr_FR","og_type":"article","og_title":"Championnats du monde 2025 : horaires et ordre de d\u00e9part des contre-la-montre au Rwanda","og_description":"Championnat du monde 2025 : horaires et ordre de d\u00e9part des contre-la-montre hommes et femmes ce dimanche 21 septembre au Rwanda.","og_url":"https:\/\/dicodusport.fr\/blog\/championnats-du-monde-2025-horaires-et-ordre-de-depart-des-contre-la-montre-au-rwanda\/","og_site_name":"Dicodusport","article_publisher":"https:\/\/www.facebook.com\/dicodusport","article_author":"https:\/\/www.facebook.com\/florent.ostermann","article_published_time":"2025-09-21T06:00:55+00:00","article_modified_time":"2025-09-21T12:29:45+00:00","og_image":[{"width":1200,"height":674,"url":"https:\/\/dicodusport.fr\/blog\/wp-content\/uploads\/2025\/09\/Championnats-du-monde-2025-horaires-et-ordres-de-depart-des-contre-la-montre-au-Rwanda.png","type":"image\/png"}],"author":"Flo Ostermann","twitter_card":"summary_large_image","twitter_title":"Championnats du monde 2025 : horaires et ordre de d\u00e9part des contre-la-montre au Rwanda","twitter_creator":"@https:\/\/twitter.com\/FlOstermann","twitter_site":"@dicodusport","schema":{"@context":"https:\/\/schema.org","@graph":[{"@type":"NewsArticle","@id":"https:\/\/dicodusport.fr\/blog\/championnats-du-monde-2025-horaires-et-ordre-de-depart-des-contre-la-montre-au-rwanda\/#article","isPartOf":{"@id":"https:\/\/dicodusport.fr\/blog\/championnats-du-monde-2025-horaires-et-ordre-de-depart-des-contre-la-montre-au-rwanda\/"},"author":{"name":"Flo Ostermann","@id":"https:\/\/dicodusport.fr\/blog\/#\/schema\/person\/cb02af4c173ce4a653b55e9baf388d4a"},"headline":"Championnats du monde 2025 : horaires et ordre de d\u00e9part des contre-la-montre au Rwanda","datePublished":"2025-09-21T06:00:55+00:00","dateModified":"2025-09-21T12:29:45+00:00","mainEntityOfPage":{"@id":"https:\/\/dicodusport.fr\/blog\/championnats-du-monde-2025-horaires-et-ordre-de-depart-des-contre-la-montre-au-rwanda\/"},"wordCount":965,"commentCount":0,"publisher":{"@id":"https:\/\/dicodusport.fr\/blog\/#organization"},"image":{"@id":"https:\/\/dicodusport.fr\/blog\/championnats-du-monde-2025-horaires-et-ordre-de-depart-des-contre-la-montre-au-rwanda\/#primaryimage"},"thumbnailUrl":"https:\/\/dicodusport.fr\/blog\/wp-content\/uploads\/2025\/09\/Championnats-du-monde-2025-horaires-et-ordres-de-depart-des-contre-la-montre-au-Rwanda.png","keywords":["br\u00e8ve","Championnats du monde de cyclisme sur route","Cyclisme","Cyclisme sur route"],"articleSection":["Cyclisme sur route"],"inLanguage":"fr-FR","potentialAction":[{"@type":"CommentAction","name":"Comment","target":["https:\/\/dicodusport.fr\/blog\/championnats-du-monde-2025-horaires-et-ordre-de-depart-des-contre-la-montre-au-rwanda\/#respond"]}],"copyrightYear":"2025","copyrightHolder":{"@id":"https:\/\/dicodusport.fr\/blog\/#organization"}},{"@type":"WebPage","@id":"https:\/\/dicodusport.fr\/blog\/championnats-du-monde-2025-horaires-et-ordre-de-depart-des-contre-la-montre-au-rwanda\/","url":"https:\/\/dicodusport.fr\/blog\/championnats-du-monde-2025-horaires-et-ordre-de-depart-des-contre-la-montre-au-rwanda\/","name":"Championnats du monde 2025 : horaires et ordre de d\u00e9part des contre-la-montre au Rwanda","isPartOf":{"@id":"https:\/\/dicodusport.fr\/blog\/#website"},"primaryImageOfPage":{"@id":"https:\/\/dicodusport.fr\/blog\/championnats-du-monde-2025-horaires-et-ordre-de-depart-des-contre-la-montre-au-rwanda\/#primaryimage"},"image":{"@id":"https:\/\/dicodusport.fr\/blog\/championnats-du-monde-2025-horaires-et-ordre-de-depart-des-contre-la-montre-au-rwanda\/#primaryimage"},"thumbnailUrl":"https:\/\/dicodusport.fr\/blog\/wp-content\/uploads\/2025\/09\/Championnats-du-monde-2025-horaires-et-ordres-de-depart-des-contre-la-montre-au-Rwanda.png","datePublished":"2025-09-21T06:00:55+00:00","dateModified":"2025-09-21T12:29:45+00:00","description":"Championnat du monde 2025 : horaires et ordre de d\u00e9part des contre-la-montre hommes et femmes ce dimanche 21 septembre au Rwanda.","breadcrumb":{"@id":"https:\/\/dicodusport.fr\/blog\/championnats-du-monde-2025-horaires-et-ordre-de-depart-des-contre-la-montre-au-rwanda\/#breadcrumb"},"inLanguage":"fr-FR","potentialAction":[{"@type":"ReadAction","target":["https:\/\/dicodusport.fr\/blog\/championnats-du-monde-2025-horaires-et-ordre-de-depart-des-contre-la-montre-au-rwanda\/"]}]},{"@type":"ImageObject","inLanguage":"fr-FR","@id":"https:\/\/dicodusport.fr\/blog\/championnats-du-monde-2025-horaires-et-ordre-de-depart-des-contre-la-montre-au-rwanda\/#primaryimage","url":"https:\/\/dicodusport.fr\/blog\/wp-content\/uploads\/2025\/09\/Championnats-du-monde-2025-horaires-et-ordres-de-depart-des-contre-la-montre-au-Rwanda.png","contentUrl":"https:\/\/dicodusport.fr\/blog\/wp-content\/uploads\/2025\/09\/Championnats-du-monde-2025-horaires-et-ordres-de-depart-des-contre-la-montre-au-Rwanda.png","width":1200,"height":674,"caption":"Championnats du monde 2025 horaires et ordres de d\u00e9part des contre-la-montre au Rwanda"},{"@type":"BreadcrumbList","@id":"https:\/\/dicodusport.fr\/blog\/championnats-du-monde-2025-horaires-et-ordre-de-depart-des-contre-la-montre-au-rwanda\/#breadcrumb","itemListElement":[{"@type":"ListItem","position":1,"name":"Accueil","item":"https:\/\/dicodusport.fr\/blog\/"},{"@type":"ListItem","position":2,"name":"Championnats du monde 2025 : horaires et ordre de d\u00e9part des contre-la-montre au Rwanda"}]},{"@type":"WebSite","@id":"https:\/\/dicodusport.fr\/blog\/#website","url":"https:\/\/dicodusport.fr\/blog\/","name":"Dicodusport","description":"L&#039;encyclop\u00e9die de l&#039;actualit\u00e9 sportive","publisher":{"@id":"https:\/\/dicodusport.fr\/blog\/#organization"},"potentialAction":[{"@type":"SearchAction","target":{"@type":"EntryPoint","urlTemplate":"https:\/\/dicodusport.fr\/blog\/?s={search_term_string}"},"query-input":{"@type":"PropertyValueSpecification","valueRequired":true,"valueName":"search_term_string"}}],"inLanguage":"fr-FR"},{"@type":"NewsMediaOrganization","@id":"https:\/\/dicodusport.fr\/blog\/#organization","name":"Dicodusport","url":"https:\/\/dicodusport.fr\/blog\/","logo":{"@type":"ImageObject","inLanguage":"fr-FR","@id":"https:\/\/dicodusport.fr\/blog\/#\/schema\/logo\/image\/","url":"https:\/\/dicodusport.fr\/blog\/wp-content\/uploads\/2020\/06\/cropped-LOGO-DICODUSPORT-2020-SANS-FOND-SANS-TEXTE.png","contentUrl":"https:\/\/dicodusport.fr\/blog\/wp-content\/uploads\/2020\/06\/cropped-LOGO-DICODUSPORT-2020-SANS-FOND-SANS-TEXTE.png","width":512,"height":512,"caption":"Dicodusport"},"image":{"@id":"https:\/\/dicodusport.fr\/blog\/#\/schema\/logo\/image\/"},"sameAs":["https:\/\/www.facebook.com\/dicodusport","https:\/\/x.com\/dicodusport","https:\/\/www.instagram.com\/dicodusport\/","https:\/\/www.youtube.com\/channel\/UC7V2KZ5sd3htJivAbA4ZG3w"],"description":"Dicodusport est l'encyclop\u00e9die de l'actualit\u00e9 sportive.","email":"bonjour@dicodusport.fr","legalName":"DICODUSPORT","foundingDate":"2018-01-14","vatID":"FR71834470973","taxID":"83447097300043","numberOfEmployees":{"@type":"QuantitativeValue","minValue":"1","maxValue":"10"}},{"@type":"Person","@id":"https:\/\/dicodusport.fr\/blog\/#\/schema\/person\/cb02af4c173ce4a653b55e9baf388d4a","name":"Flo Ostermann","image":{"@type":"ImageObject","inLanguage":"fr-FR","@id":"https:\/\/dicodusport.fr\/blog\/#\/schema\/person\/image\/","url":"https:\/\/dicodusport.fr\/blog\/wp-content\/uploads\/2021\/05\/Flo-Ostermann-150x150.jpg","contentUrl":"https:\/\/dicodusport.fr\/blog\/wp-content\/uploads\/2021\/05\/Flo-Ostermann-150x150.jpg","caption":"Flo Ostermann"},"description":"Journaliste\/R\u00e9dacteur depuis septembre 2015 - Mes premiers souvenirs dans le sport ? Les envol\u00e9es du Stade Toulousain et les duels Villeneuve-Schumacher et H\u00e4kkinen-Schumacher \u00e0 la fin des ann\u00e9es 90, la Coupe du monde de football en 1998, l\u2019exploit du XV de France face aux All Blacks en 1999, mais aussi Richard C\u0153ur de Lion qui vole sur les montagnes du Tour de France. Bien parti pour devenir professeur d\u2019EPS, les \u00e9v\u00e9nements de la vie (et la flemme d\u2019animer des s\u00e9ances de 3x500 m\u00e8tres toute ma vie) m\u2019ont conduit \u00e0 revoir mes plans. Me voil\u00e0 depuis fin 2017 sur Dicodusport, m\u00e9dia gr\u00e2ce (et pour) lequel je partage ma passion : le sport dans tous ses \u00e9tats. Le tout accompagn\u00e9 par les fous furieux et folles furieuses cit\u00e9s sur cette page !","sameAs":["https:\/\/www.facebook.com\/florent.ostermann","https:\/\/x.com\/https:\/\/twitter.com\/FlOstermann","admin"],"url":"https:\/\/dicodusport.fr\/blog\/author\/flo\/"}]}},"_links":{"self":[{"href":"https:\/\/dicodusport.fr\/blog\/wp-json\/wp\/v2\/posts\/613065","targetHints":{"allow":["GET"]}}],"collection":[{"href":"https:\/\/dicodusport.fr\/blog\/wp-json\/wp\/v2\/posts"}],"about":[{"href":"https:\/\/dicodusport.fr\/blog\/wp-json\/wp\/v2\/types\/post"}],"author":[{"embeddable":true,"href":"https:\/\/dicodusport.fr\/blog\/wp-json\/wp\/v2\/users\/4"}],"replies":[{"embeddable":true,"href":"https:\/\/dicodusport.fr\/blog\/wp-json\/wp\/v2\/comments?post=613065"}],"version-history":[{"count":5,"href":"https:\/\/dicodusport.fr\/blog\/wp-json\/wp\/v2\/posts\/613065\/revisions"}],"predecessor-version":[{"id":613298,"href":"https:\/\/dicodusport.fr\/blog\/wp-json\/wp\/v2\/posts\/613065\/revisions\/613298"}],"wp:featuredmedia":[{"embeddable":true,"href":"https:\/\/dicodusport.fr\/blog\/wp-json\/wp\/v2\/media\/613068"}],"wp:attachment":[{"href":"https:\/\/dicodusport.fr\/blog\/wp-json\/wp\/v2\/media?parent=613065"}],"wp:term":[{"taxonomy":"category","embeddable":true,"href":"https:\/\/dicodusport.fr\/blog\/wp-json\/wp\/v2\/categories?post=613065"},{"taxonomy":"post_tag","embeddable":true,"href":"https:\/\/dicodusport.fr\/blog\/wp-json\/wp\/v2\/tags?post=613065"}],"curies":[{"name":"wp","href":"https:\/\/api.w.org\/{rel}","templated":true}]}}