{"id":613144,"date":"2025-09-21T09:20:01","date_gmt":"2025-09-21T07:20:01","guid":{"rendered":"https:\/\/dicodusport.fr\/blog\/?p=613144&#038;preview=true&#038;preview_id=613144"},"modified":"2025-09-21T09:56:56","modified_gmt":"2025-09-21T07:56:56","slug":"coupe-du-monde-de-bmx-racing-2025-arthur-pilard-simpose-en-patron-en-argentine","status":"publish","type":"post","link":"https:\/\/dicodusport.fr\/blog\/coupe-du-monde-de-bmx-racing-2025-arthur-pilard-simpose-en-patron-en-argentine\/","title":{"rendered":"Coupe du monde de BMX Racing 2025 : Arthur Pilard s&rsquo;impose en patron en Argentine"},"content":{"rendered":"<p style=\"text-align: justify;\"><strong><em>COUPE DU MONDE DE BMX RACING 2025 &#8211; Pour sa premi\u00e8re sortie avec le maillot arc-en-ciel, Arthur Pilard a mat\u00e9 la concurrence en Argentine, tout comme Mathis Jacquet chez les U23.<\/em><\/strong><\/p>\n<p style=\"text-align: justify;\">Voil\u00e0 quelques semaines,<strong> Arthur Pilard<\/strong> avait perp\u00e9tr\u00e9 la longue tradition fran\u00e7aise en BMX Racing en devenant champion du monde au Danemark. Un aboutissement pour un des plus grands talents de la discipline, qui \u00e9trennait son maillot arc-en-ciel ce weekend, en Argentine, pour les deux derni\u00e8res manches de la Coupe du monde.<\/p>\n<div class=\"vlp-link-container vlp-layout-article\"><a href=\"https:\/\/dicodusport.fr\/blog\/bmx-racing-mondiaux-2025-arthur-pilard-champion-du-monde-la-france-rafle-tous-les-titres-masculins\/\" class=\"vlp-link\" title=\"BMX Racing Mondiaux 2025 : Arthur Pilard champion du monde, la France rafle tous les titres masculins !\"><\/a><div class=\"vlp-layout-zone-side\"><div class=\"vlp-block-4 vlp-link-image\"><img loading=\"lazy\" decoding=\"async\" style=\"max-width: 792px;\" width=\"792\" height=\"445\" src=\"https:\/\/dicodusport.fr\/blog\/wp-content\/uploads\/2025\/08\/BMX-Racing-Mondiaux-2025-Arthur-Pilard-champion-du-monde-la-France-rafle-tous-les-titres-masculins-1-1.png\" class=\"attachment-800x445 size-800x445\" alt=\"BMX Racing Mondiaux 2025 Arthur Pilard champion du monde, la France rafle tous les titres masculins !\" srcset=\"https:\/\/dicodusport.fr\/blog\/wp-content\/uploads\/2025\/08\/BMX-Racing-Mondiaux-2025-Arthur-Pilard-champion-du-monde-la-France-rafle-tous-les-titres-masculins-1-1.png 1200w, https:\/\/dicodusport.fr\/blog\/wp-content\/uploads\/2025\/08\/BMX-Racing-Mondiaux-2025-Arthur-Pilard-champion-du-monde-la-France-rafle-tous-les-titres-masculins-1-1-300x169.png 300w, https:\/\/dicodusport.fr\/blog\/wp-content\/uploads\/2025\/08\/BMX-Racing-Mondiaux-2025-Arthur-Pilard-champion-du-monde-la-France-rafle-tous-les-titres-masculins-1-1-1024x575.png 1024w, https:\/\/dicodusport.fr\/blog\/wp-content\/uploads\/2025\/08\/BMX-Racing-Mondiaux-2025-Arthur-Pilard-champion-du-monde-la-France-rafle-tous-les-titres-masculins-1-1-768x431.png 768w\" sizes=\"auto, (max-width: 792px) 100vw, 792px\" \/><\/div><\/div><div class=\"vlp-layout-zone-main\"><div class=\"vlp-block-0 vlp-link-title\">BMX Racing Mondiaux 2025 : Arthur Pilard champion du monde, la France rafle tous les titres masculins !<\/div><div class=\"vlp-block-1 vlp-link-summary\">CHAMPIONNATS DU MONDE DE BMX RACING 2025 - Evan Oliviera, Alexis Pieczanowsky et Arthur Pilard champions du monde : le BMX fran\u00e7ais a encore r\u00e9gn\u00e9 au Danemark.<\/div><div class=\"vlp-block-2 vlp-link-button\">Lire l'article<\/div><div class=\"vlp-block-3 vlp-link-url\">dicodusport.fr<\/div><\/div><\/div>\n<h2 style=\"text-align: justify;\">Pilard et Jacquet au top<\/h2>\n<p style=\"text-align: justify;\">Encore une fois, les Bleus ont fait fort. Comme souvent, la densit\u00e9 fran\u00e7aise chez les hommes a \u00e9t\u00e9 mat\u00e9rialis\u00e9e par la pr\u00e9sence de <strong>Sylvain Andr\u00e9<\/strong>, du r\u00e9cent <a href=\"https:\/\/dicodusport.fr\/blog\/vtt-championnats-du-monde-2025-eddy-clerte-redevient-champion-du-monde-de-pump-track\/\">champion du monde de pump track<\/a> <strong>Eddy Clert\u00e9<\/strong>, et donc d&rsquo;<strong>Arthur Pilard<\/strong>. D\u00e9part canon, prise d&rsquo;int\u00e9rieur impeccable et domination sans rel\u00e2cher jusqu&rsquo;au bout &#8211; en coupant la ligne en moins de 30 secondes &#8211; le champion du monde \u00e9tait intouchable \u00e0 Santiago del Estero. D\u00e9ception pour les deux autres Bleus, qui restent au pied du podium, mais cela relance la course au classement g\u00e9n\u00e9ral, puisque <strong>Pilard<\/strong> n&rsquo;a plus que 70 points de retard sur&#8230; <strong>Sylvain Andr\u00e9<\/strong>.<\/p>\n<blockquote class=\"twitter-tweet\">\n<p dir=\"ltr\" lang=\"en\">First race and first win in the rainbow stripes \ud83c\udf08 for Arthur Pilard \ud83c\uddeb\ud83c\uddf7<\/p>\n<p>\ud83e\udd47 in Men Elite at Round 5 of the BMX Racing World Cup in Argentina <a href=\"https:\/\/twitter.com\/hashtag\/BMXRacingWC?src=hash&amp;ref_src=twsrc%5Etfw\">#BMXRacingWC<\/a> <a href=\"https:\/\/t.co\/y6KmDkcNdF\">pic.twitter.com\/y6KmDkcNdF<\/a><\/p>\n<p>\u2014 UCI BMX Racing (@UCI_BMX_Racing) <a href=\"https:\/\/twitter.com\/UCI_BMX_Racing\/status\/1969481283286741047?ref_src=twsrc%5Etfw\">September 20, 2025<\/a><\/p><\/blockquote>\n<p style=\"text-align: justify;\"><script async src=\"https:\/\/platform.twitter.com\/widgets.js\" charset=\"utf-8\"><\/script><\/p>\n<p style=\"text-align: justify;\">Pas de Fran\u00e7aise en finale, en \u00e9lite comme chez les U23. Mais chez les gar\u00e7ons, <strong>Mathis Jacquet<\/strong> a sorti le grand jeu. Le Tricolore a profit\u00e9 d&rsquo;une chute devant lui pour prendre la main \u00e0 l&rsquo;amorce du dernier virage, et a tout donn\u00e9 pour r\u00e9sister au favori local <strong>Federico Capello<\/strong>.<\/p>\n<blockquote class=\"twitter-tweet\">\n<p dir=\"ltr\" lang=\"en\">How close was that \ud83d\ude31 in Men Under-23<\/p>\n<p>Jacquet \ud83c\udd9a Capello but the Frenchman takes the \ud83e\udd47 <a href=\"https:\/\/twitter.com\/hashtag\/BMXRacingWC?src=hash&amp;ref_src=twsrc%5Etfw\">#BMXRacingWC<\/a> <a href=\"https:\/\/t.co\/opW5xAWHK7\">pic.twitter.com\/opW5xAWHK7<\/a><\/p>\n<p>\u2014 UCI BMX Racing (@UCI_BMX_Racing) <a href=\"https:\/\/twitter.com\/UCI_BMX_Racing\/status\/1969475399210995878?ref_src=twsrc%5Etfw\">September 20, 2025<\/a><\/p><\/blockquote>\n<p style=\"text-align: justify;\"><script async src=\"https:\/\/platform.twitter.com\/widgets.js\" charset=\"utf-8\"><\/script><br \/>\nS&rsquo;il ne remportera pas le classement g\u00e9n\u00e9ral, sa deuxi\u00e8me place est quasiment assur\u00e9e, et il reste une manche la nuit prochaine pour garnir son palmar\u00e8s. C&rsquo;est l\u00e0 que se jouera le classement g\u00e9n\u00e9ral \u00e9lite hommes, et il sera pour un Fran\u00e7ais. Reste \u00e0 savoir lequel&#8230;<\/p>\n","protected":false},"excerpt":{"rendered":"<p>COUPE DU MONDE DE BMX RACING 2025 &#8211; Pour sa premi\u00e8re sortie avec le maillot arc-en-ciel, Arthur Pilard a mat\u00e9 la concurrence en Argentine, tout comme Mathis Jacquet chez les U23.<\/p>\n","protected":false},"author":59,"featured_media":613146,"comment_status":"open","ping_status":"closed","sticky":false,"template":"","format":"standard","meta":{"_acf_changed":false,"_daextam_enable_autolinks":"1","footnotes":""},"categories":[17219],"tags":[18087,16878],"class_list":["post-613144","post","type-post","status-publish","format-standard","has-post-thumbnail","hentry","category-bmx","tag-bmx-racing","tag-breve"],"acf":[],"yoast_head":"<!-- This site is optimized with the Yoast SEO Premium plugin v26.7 (Yoast SEO v26.7) - https:\/\/yoast.com\/wordpress\/plugins\/seo\/ -->\n<title>Coupe du monde de BMX Racing 2025 : Arthur Pilard s&#039;impose en patron en Argentine<\/title>\n<meta name=\"description\" content=\"COUPE DU MONDE DE BMX RACING 2025 - Pour sa premi\u00e8re sortie avec le maillot arc-en-ciel, Arthur Pilard a mat\u00e9 la concurrence en Argentine, tout comme Mathis Jacquet chez les U23.\" \/>\n<meta name=\"robots\" content=\"index, follow, max-snippet:-1, max-image-preview:large, max-video-preview:-1\" \/>\n<link rel=\"canonical\" href=\"https:\/\/dicodusport.fr\/blog\/coupe-du-monde-de-bmx-racing-2025-arthur-pilard-simpose-en-patron-en-argentine\/\" \/>\n<meta property=\"og:locale\" content=\"fr_FR\" \/>\n<meta property=\"og:type\" content=\"article\" \/>\n<meta property=\"og:title\" content=\"Coupe du monde de BMX Racing 2025 : Arthur Pilard s&#039;impose en patron en Argentine\" \/>\n<meta property=\"og:description\" content=\"COUPE DU MONDE DE BMX RACING 2025 - Pour sa premi\u00e8re sortie avec le maillot arc-en-ciel, Arthur Pilard a mat\u00e9 la concurrence en Argentine, tout comme Mathis Jacquet chez les U23.\" \/>\n<meta property=\"og:url\" content=\"https:\/\/dicodusport.fr\/blog\/coupe-du-monde-de-bmx-racing-2025-arthur-pilard-simpose-en-patron-en-argentine\/\" \/>\n<meta property=\"og:site_name\" content=\"Dicodusport\" \/>\n<meta property=\"article:publisher\" content=\"https:\/\/www.facebook.com\/dicodusport\" \/>\n<meta property=\"article:author\" content=\"https:\/\/www.facebook.com\/sebastien.gente\/\" \/>\n<meta property=\"article:published_time\" content=\"2025-09-21T07:20:01+00:00\" \/>\n<meta property=\"article:modified_time\" content=\"2025-09-21T07:56:56+00:00\" \/>\n<meta property=\"og:image\" content=\"https:\/\/dicodusport.fr\/blog\/wp-content\/uploads\/2025\/09\/Coupe-du-monde-de-BMX-Racing-2025-Arthur-Pilard-simpose-en-patron-en-Argentine.png\" \/>\n\t<meta property=\"og:image:width\" content=\"1200\" \/>\n\t<meta property=\"og:image:height\" content=\"674\" \/>\n\t<meta property=\"og:image:type\" content=\"image\/png\" \/>\n<meta name=\"author\" content=\"S\u00e9bastien Gente\" \/>\n<meta name=\"twitter:card\" content=\"summary_large_image\" \/>\n<meta name=\"twitter:title\" content=\"Coupe du monde de BMX Racing 2025 : Arthur Pilard s&#039;impose en patron en Argentine\" \/>\n<meta name=\"twitter:creator\" content=\"@https:\/\/twitter.com\/globulo24\" \/>\n<meta name=\"twitter:site\" content=\"@dicodusport\" \/>\n<script type=\"application\/ld+json\" class=\"yoast-schema-graph\">{\"@context\":\"https:\/\/schema.org\",\"@graph\":[{\"@type\":\"NewsArticle\",\"@id\":\"https:\/\/dicodusport.fr\/blog\/coupe-du-monde-de-bmx-racing-2025-arthur-pilard-simpose-en-patron-en-argentine\/#article\",\"isPartOf\":{\"@id\":\"https:\/\/dicodusport.fr\/blog\/coupe-du-monde-de-bmx-racing-2025-arthur-pilard-simpose-en-patron-en-argentine\/\"},\"author\":{\"name\":\"S\u00e9bastien Gente\",\"@id\":\"https:\/\/dicodusport.fr\/blog\/#\/schema\/person\/627966a6cde45dbd8c5e36ac85d783da\"},\"headline\":\"Coupe du monde de BMX Racing 2025 : Arthur Pilard s&rsquo;impose en patron en Argentine\",\"datePublished\":\"2025-09-21T07:20:01+00:00\",\"dateModified\":\"2025-09-21T07:56:56+00:00\",\"mainEntityOfPage\":{\"@id\":\"https:\/\/dicodusport.fr\/blog\/coupe-du-monde-de-bmx-racing-2025-arthur-pilard-simpose-en-patron-en-argentine\/\"},\"wordCount\":481,\"commentCount\":0,\"publisher\":{\"@id\":\"https:\/\/dicodusport.fr\/blog\/#organization\"},\"image\":{\"@id\":\"https:\/\/dicodusport.fr\/blog\/coupe-du-monde-de-bmx-racing-2025-arthur-pilard-simpose-en-patron-en-argentine\/#primaryimage\"},\"thumbnailUrl\":\"https:\/\/dicodusport.fr\/blog\/wp-content\/uploads\/2025\/09\/Coupe-du-monde-de-BMX-Racing-2025-Arthur-Pilard-simpose-en-patron-en-Argentine.png\",\"keywords\":[\"BMX Racing\",\"br\u00e8ve\"],\"articleSection\":[\"BMX\"],\"inLanguage\":\"fr-FR\",\"potentialAction\":[{\"@type\":\"CommentAction\",\"name\":\"Comment\",\"target\":[\"https:\/\/dicodusport.fr\/blog\/coupe-du-monde-de-bmx-racing-2025-arthur-pilard-simpose-en-patron-en-argentine\/#respond\"]}],\"copyrightYear\":\"2025\",\"copyrightHolder\":{\"@id\":\"https:\/\/dicodusport.fr\/blog\/#organization\"}},{\"@type\":\"WebPage\",\"@id\":\"https:\/\/dicodusport.fr\/blog\/coupe-du-monde-de-bmx-racing-2025-arthur-pilard-simpose-en-patron-en-argentine\/\",\"url\":\"https:\/\/dicodusport.fr\/blog\/coupe-du-monde-de-bmx-racing-2025-arthur-pilard-simpose-en-patron-en-argentine\/\",\"name\":\"Coupe du monde de BMX Racing 2025 : Arthur Pilard s'impose en patron en Argentine\",\"isPartOf\":{\"@id\":\"https:\/\/dicodusport.fr\/blog\/#website\"},\"primaryImageOfPage\":{\"@id\":\"https:\/\/dicodusport.fr\/blog\/coupe-du-monde-de-bmx-racing-2025-arthur-pilard-simpose-en-patron-en-argentine\/#primaryimage\"},\"image\":{\"@id\":\"https:\/\/dicodusport.fr\/blog\/coupe-du-monde-de-bmx-racing-2025-arthur-pilard-simpose-en-patron-en-argentine\/#primaryimage\"},\"thumbnailUrl\":\"https:\/\/dicodusport.fr\/blog\/wp-content\/uploads\/2025\/09\/Coupe-du-monde-de-BMX-Racing-2025-Arthur-Pilard-simpose-en-patron-en-Argentine.png\",\"datePublished\":\"2025-09-21T07:20:01+00:00\",\"dateModified\":\"2025-09-21T07:56:56+00:00\",\"description\":\"COUPE DU MONDE DE BMX RACING 2025 - Pour sa premi\u00e8re sortie avec le maillot arc-en-ciel, Arthur Pilard a mat\u00e9 la concurrence en Argentine, tout comme Mathis Jacquet chez les U23.\",\"breadcrumb\":{\"@id\":\"https:\/\/dicodusport.fr\/blog\/coupe-du-monde-de-bmx-racing-2025-arthur-pilard-simpose-en-patron-en-argentine\/#breadcrumb\"},\"inLanguage\":\"fr-FR\",\"potentialAction\":[{\"@type\":\"ReadAction\",\"target\":[\"https:\/\/dicodusport.fr\/blog\/coupe-du-monde-de-bmx-racing-2025-arthur-pilard-simpose-en-patron-en-argentine\/\"]}]},{\"@type\":\"ImageObject\",\"inLanguage\":\"fr-FR\",\"@id\":\"https:\/\/dicodusport.fr\/blog\/coupe-du-monde-de-bmx-racing-2025-arthur-pilard-simpose-en-patron-en-argentine\/#primaryimage\",\"url\":\"https:\/\/dicodusport.fr\/blog\/wp-content\/uploads\/2025\/09\/Coupe-du-monde-de-BMX-Racing-2025-Arthur-Pilard-simpose-en-patron-en-Argentine.png\",\"contentUrl\":\"https:\/\/dicodusport.fr\/blog\/wp-content\/uploads\/2025\/09\/Coupe-du-monde-de-BMX-Racing-2025-Arthur-Pilard-simpose-en-patron-en-Argentine.png\",\"width\":1200,\"height\":674,\"caption\":\"Coupe du monde de BMX Racing 2025 Arthur Pilard s'impose en patron en Argentine\"},{\"@type\":\"BreadcrumbList\",\"@id\":\"https:\/\/dicodusport.fr\/blog\/coupe-du-monde-de-bmx-racing-2025-arthur-pilard-simpose-en-patron-en-argentine\/#breadcrumb\",\"itemListElement\":[{\"@type\":\"ListItem\",\"position\":1,\"name\":\"Accueil\",\"item\":\"https:\/\/dicodusport.fr\/blog\/\"},{\"@type\":\"ListItem\",\"position\":2,\"name\":\"Coupe du monde de BMX Racing 2025 : Arthur Pilard s&rsquo;impose en patron en Argentine\"}]},{\"@type\":\"WebSite\",\"@id\":\"https:\/\/dicodusport.fr\/blog\/#website\",\"url\":\"https:\/\/dicodusport.fr\/blog\/\",\"name\":\"Dicodusport\",\"description\":\"L&#039;encyclop\u00e9die de l&#039;actualit\u00e9 sportive\",\"publisher\":{\"@id\":\"https:\/\/dicodusport.fr\/blog\/#organization\"},\"potentialAction\":[{\"@type\":\"SearchAction\",\"target\":{\"@type\":\"EntryPoint\",\"urlTemplate\":\"https:\/\/dicodusport.fr\/blog\/?s={search_term_string}\"},\"query-input\":{\"@type\":\"PropertyValueSpecification\",\"valueRequired\":true,\"valueName\":\"search_term_string\"}}],\"inLanguage\":\"fr-FR\"},{\"@type\":\"NewsMediaOrganization\",\"@id\":\"https:\/\/dicodusport.fr\/blog\/#organization\",\"name\":\"Dicodusport\",\"url\":\"https:\/\/dicodusport.fr\/blog\/\",\"logo\":{\"@type\":\"ImageObject\",\"inLanguage\":\"fr-FR\",\"@id\":\"https:\/\/dicodusport.fr\/blog\/#\/schema\/logo\/image\/\",\"url\":\"https:\/\/dicodusport.fr\/blog\/wp-content\/uploads\/2020\/06\/cropped-LOGO-DICODUSPORT-2020-SANS-FOND-SANS-TEXTE.png\",\"contentUrl\":\"https:\/\/dicodusport.fr\/blog\/wp-content\/uploads\/2020\/06\/cropped-LOGO-DICODUSPORT-2020-SANS-FOND-SANS-TEXTE.png\",\"width\":512,\"height\":512,\"caption\":\"Dicodusport\"},\"image\":{\"@id\":\"https:\/\/dicodusport.fr\/blog\/#\/schema\/logo\/image\/\"},\"sameAs\":[\"https:\/\/www.facebook.com\/dicodusport\",\"https:\/\/x.com\/dicodusport\",\"https:\/\/www.instagram.com\/dicodusport\/\",\"https:\/\/www.youtube.com\/channel\/UC7V2KZ5sd3htJivAbA4ZG3w\"],\"description\":\"Dicodusport est l'encyclop\u00e9die de l'actualit\u00e9 sportive.\",\"email\":\"bonjour@dicodusport.fr\",\"legalName\":\"DICODUSPORT\",\"foundingDate\":\"2018-01-14\",\"vatID\":\"FR71834470973\",\"taxID\":\"83447097300043\",\"numberOfEmployees\":{\"@type\":\"QuantitativeValue\",\"minValue\":\"1\",\"maxValue\":\"10\"}},{\"@type\":\"Person\",\"@id\":\"https:\/\/dicodusport.fr\/blog\/#\/schema\/person\/627966a6cde45dbd8c5e36ac85d783da\",\"name\":\"S\u00e9bastien Gente\",\"image\":{\"@type\":\"ImageObject\",\"inLanguage\":\"fr-FR\",\"@id\":\"https:\/\/dicodusport.fr\/blog\/#\/schema\/person\/image\/\",\"url\":\"https:\/\/dicodusport.fr\/blog\/wp-content\/uploads\/2021\/09\/1510990_10205810251400683_4124423575079401707_n-150x150.jpg\",\"contentUrl\":\"https:\/\/dicodusport.fr\/blog\/wp-content\/uploads\/2021\/09\/1510990_10205810251400683_4124423575079401707_n-150x150.jpg\",\"caption\":\"S\u00e9bastien Gente\"},\"description\":\"John Stockton, Gianni Bugno, Zinedine Zidane, Steffi Graf, Frode Andresen, St\u00e9phane Stoecklin, Davis Kamoga, Primoz Peterka, Werner Schlager et Aur\u00e9lien Rougerie. Point commun entre ces sportifs? Ils m'ont fait r\u00eaver et ont berc\u00e9 mon adolescence. Je suis un fondu de sports et j'essaie de retranscrire ma passion \u00e0 travers mes articles. Originaire du P\u00e9rigord, ma passion pour les Girondins, les Jaunards et les Jazzmen transpire dans mes \u00e9crits. \u00c0 Dicodusport depuis 2021, je d\u00e9niche les sports m\u00e9connus dans lesquels la France brille, et il y en a !\",\"sameAs\":[\"https:\/\/www.facebook.com\/sebastien.gente\/\",\"https:\/\/www.instagram.com\/sebgente\/\",\"https:\/\/www.linkedin.com\/in\/sbastien-gente-a29583169\/\",\"https:\/\/x.com\/https:\/\/twitter.com\/globulo24\",\"SebastienGente\"],\"worksFor\":\"S\u00e9bastien GENTE\",\"url\":\"https:\/\/dicodusport.fr\/blog\/author\/sebastiengente\/\"}]}<\/script>\n<!-- \/ Yoast SEO Premium plugin. -->","yoast_head_json":{"title":"Coupe du monde de BMX Racing 2025 : Arthur Pilard s'impose en patron en Argentine","description":"COUPE DU MONDE DE BMX RACING 2025 - Pour sa premi\u00e8re sortie avec le maillot arc-en-ciel, Arthur Pilard a mat\u00e9 la concurrence en Argentine, tout comme Mathis Jacquet chez les U23.","robots":{"index":"index","follow":"follow","max-snippet":"max-snippet:-1","max-image-preview":"max-image-preview:large","max-video-preview":"max-video-preview:-1"},"canonical":"https:\/\/dicodusport.fr\/blog\/coupe-du-monde-de-bmx-racing-2025-arthur-pilard-simpose-en-patron-en-argentine\/","og_locale":"fr_FR","og_type":"article","og_title":"Coupe du monde de BMX Racing 2025 : Arthur Pilard s'impose en patron en Argentine","og_description":"COUPE DU MONDE DE BMX RACING 2025 - Pour sa premi\u00e8re sortie avec le maillot arc-en-ciel, Arthur Pilard a mat\u00e9 la concurrence en Argentine, tout comme Mathis Jacquet chez les U23.","og_url":"https:\/\/dicodusport.fr\/blog\/coupe-du-monde-de-bmx-racing-2025-arthur-pilard-simpose-en-patron-en-argentine\/","og_site_name":"Dicodusport","article_publisher":"https:\/\/www.facebook.com\/dicodusport","article_author":"https:\/\/www.facebook.com\/sebastien.gente\/","article_published_time":"2025-09-21T07:20:01+00:00","article_modified_time":"2025-09-21T07:56:56+00:00","og_image":[{"width":1200,"height":674,"url":"https:\/\/dicodusport.fr\/blog\/wp-content\/uploads\/2025\/09\/Coupe-du-monde-de-BMX-Racing-2025-Arthur-Pilard-simpose-en-patron-en-Argentine.png","type":"image\/png"}],"author":"S\u00e9bastien Gente","twitter_card":"summary_large_image","twitter_title":"Coupe du monde de BMX Racing 2025 : Arthur Pilard s'impose en patron en Argentine","twitter_creator":"@https:\/\/twitter.com\/globulo24","twitter_site":"@dicodusport","schema":{"@context":"https:\/\/schema.org","@graph":[{"@type":"NewsArticle","@id":"https:\/\/dicodusport.fr\/blog\/coupe-du-monde-de-bmx-racing-2025-arthur-pilard-simpose-en-patron-en-argentine\/#article","isPartOf":{"@id":"https:\/\/dicodusport.fr\/blog\/coupe-du-monde-de-bmx-racing-2025-arthur-pilard-simpose-en-patron-en-argentine\/"},"author":{"name":"S\u00e9bastien Gente","@id":"https:\/\/dicodusport.fr\/blog\/#\/schema\/person\/627966a6cde45dbd8c5e36ac85d783da"},"headline":"Coupe du monde de BMX Racing 2025 : Arthur Pilard s&rsquo;impose en patron en Argentine","datePublished":"2025-09-21T07:20:01+00:00","dateModified":"2025-09-21T07:56:56+00:00","mainEntityOfPage":{"@id":"https:\/\/dicodusport.fr\/blog\/coupe-du-monde-de-bmx-racing-2025-arthur-pilard-simpose-en-patron-en-argentine\/"},"wordCount":481,"commentCount":0,"publisher":{"@id":"https:\/\/dicodusport.fr\/blog\/#organization"},"image":{"@id":"https:\/\/dicodusport.fr\/blog\/coupe-du-monde-de-bmx-racing-2025-arthur-pilard-simpose-en-patron-en-argentine\/#primaryimage"},"thumbnailUrl":"https:\/\/dicodusport.fr\/blog\/wp-content\/uploads\/2025\/09\/Coupe-du-monde-de-BMX-Racing-2025-Arthur-Pilard-simpose-en-patron-en-Argentine.png","keywords":["BMX Racing","br\u00e8ve"],"articleSection":["BMX"],"inLanguage":"fr-FR","potentialAction":[{"@type":"CommentAction","name":"Comment","target":["https:\/\/dicodusport.fr\/blog\/coupe-du-monde-de-bmx-racing-2025-arthur-pilard-simpose-en-patron-en-argentine\/#respond"]}],"copyrightYear":"2025","copyrightHolder":{"@id":"https:\/\/dicodusport.fr\/blog\/#organization"}},{"@type":"WebPage","@id":"https:\/\/dicodusport.fr\/blog\/coupe-du-monde-de-bmx-racing-2025-arthur-pilard-simpose-en-patron-en-argentine\/","url":"https:\/\/dicodusport.fr\/blog\/coupe-du-monde-de-bmx-racing-2025-arthur-pilard-simpose-en-patron-en-argentine\/","name":"Coupe du monde de BMX Racing 2025 : Arthur Pilard s'impose en patron en Argentine","isPartOf":{"@id":"https:\/\/dicodusport.fr\/blog\/#website"},"primaryImageOfPage":{"@id":"https:\/\/dicodusport.fr\/blog\/coupe-du-monde-de-bmx-racing-2025-arthur-pilard-simpose-en-patron-en-argentine\/#primaryimage"},"image":{"@id":"https:\/\/dicodusport.fr\/blog\/coupe-du-monde-de-bmx-racing-2025-arthur-pilard-simpose-en-patron-en-argentine\/#primaryimage"},"thumbnailUrl":"https:\/\/dicodusport.fr\/blog\/wp-content\/uploads\/2025\/09\/Coupe-du-monde-de-BMX-Racing-2025-Arthur-Pilard-simpose-en-patron-en-Argentine.png","datePublished":"2025-09-21T07:20:01+00:00","dateModified":"2025-09-21T07:56:56+00:00","description":"COUPE DU MONDE DE BMX RACING 2025 - Pour sa premi\u00e8re sortie avec le maillot arc-en-ciel, Arthur Pilard a mat\u00e9 la concurrence en Argentine, tout comme Mathis Jacquet chez les U23.","breadcrumb":{"@id":"https:\/\/dicodusport.fr\/blog\/coupe-du-monde-de-bmx-racing-2025-arthur-pilard-simpose-en-patron-en-argentine\/#breadcrumb"},"inLanguage":"fr-FR","potentialAction":[{"@type":"ReadAction","target":["https:\/\/dicodusport.fr\/blog\/coupe-du-monde-de-bmx-racing-2025-arthur-pilard-simpose-en-patron-en-argentine\/"]}]},{"@type":"ImageObject","inLanguage":"fr-FR","@id":"https:\/\/dicodusport.fr\/blog\/coupe-du-monde-de-bmx-racing-2025-arthur-pilard-simpose-en-patron-en-argentine\/#primaryimage","url":"https:\/\/dicodusport.fr\/blog\/wp-content\/uploads\/2025\/09\/Coupe-du-monde-de-BMX-Racing-2025-Arthur-Pilard-simpose-en-patron-en-Argentine.png","contentUrl":"https:\/\/dicodusport.fr\/blog\/wp-content\/uploads\/2025\/09\/Coupe-du-monde-de-BMX-Racing-2025-Arthur-Pilard-simpose-en-patron-en-Argentine.png","width":1200,"height":674,"caption":"Coupe du monde de BMX Racing 2025 Arthur Pilard s'impose en patron en Argentine"},{"@type":"BreadcrumbList","@id":"https:\/\/dicodusport.fr\/blog\/coupe-du-monde-de-bmx-racing-2025-arthur-pilard-simpose-en-patron-en-argentine\/#breadcrumb","itemListElement":[{"@type":"ListItem","position":1,"name":"Accueil","item":"https:\/\/dicodusport.fr\/blog\/"},{"@type":"ListItem","position":2,"name":"Coupe du monde de BMX Racing 2025 : Arthur Pilard s&rsquo;impose en patron en Argentine"}]},{"@type":"WebSite","@id":"https:\/\/dicodusport.fr\/blog\/#website","url":"https:\/\/dicodusport.fr\/blog\/","name":"Dicodusport","description":"L&#039;encyclop\u00e9die de l&#039;actualit\u00e9 sportive","publisher":{"@id":"https:\/\/dicodusport.fr\/blog\/#organization"},"potentialAction":[{"@type":"SearchAction","target":{"@type":"EntryPoint","urlTemplate":"https:\/\/dicodusport.fr\/blog\/?s={search_term_string}"},"query-input":{"@type":"PropertyValueSpecification","valueRequired":true,"valueName":"search_term_string"}}],"inLanguage":"fr-FR"},{"@type":"NewsMediaOrganization","@id":"https:\/\/dicodusport.fr\/blog\/#organization","name":"Dicodusport","url":"https:\/\/dicodusport.fr\/blog\/","logo":{"@type":"ImageObject","inLanguage":"fr-FR","@id":"https:\/\/dicodusport.fr\/blog\/#\/schema\/logo\/image\/","url":"https:\/\/dicodusport.fr\/blog\/wp-content\/uploads\/2020\/06\/cropped-LOGO-DICODUSPORT-2020-SANS-FOND-SANS-TEXTE.png","contentUrl":"https:\/\/dicodusport.fr\/blog\/wp-content\/uploads\/2020\/06\/cropped-LOGO-DICODUSPORT-2020-SANS-FOND-SANS-TEXTE.png","width":512,"height":512,"caption":"Dicodusport"},"image":{"@id":"https:\/\/dicodusport.fr\/blog\/#\/schema\/logo\/image\/"},"sameAs":["https:\/\/www.facebook.com\/dicodusport","https:\/\/x.com\/dicodusport","https:\/\/www.instagram.com\/dicodusport\/","https:\/\/www.youtube.com\/channel\/UC7V2KZ5sd3htJivAbA4ZG3w"],"description":"Dicodusport est l'encyclop\u00e9die de l'actualit\u00e9 sportive.","email":"bonjour@dicodusport.fr","legalName":"DICODUSPORT","foundingDate":"2018-01-14","vatID":"FR71834470973","taxID":"83447097300043","numberOfEmployees":{"@type":"QuantitativeValue","minValue":"1","maxValue":"10"}},{"@type":"Person","@id":"https:\/\/dicodusport.fr\/blog\/#\/schema\/person\/627966a6cde45dbd8c5e36ac85d783da","name":"S\u00e9bastien Gente","image":{"@type":"ImageObject","inLanguage":"fr-FR","@id":"https:\/\/dicodusport.fr\/blog\/#\/schema\/person\/image\/","url":"https:\/\/dicodusport.fr\/blog\/wp-content\/uploads\/2021\/09\/1510990_10205810251400683_4124423575079401707_n-150x150.jpg","contentUrl":"https:\/\/dicodusport.fr\/blog\/wp-content\/uploads\/2021\/09\/1510990_10205810251400683_4124423575079401707_n-150x150.jpg","caption":"S\u00e9bastien Gente"},"description":"John Stockton, Gianni Bugno, Zinedine Zidane, Steffi Graf, Frode Andresen, St\u00e9phane Stoecklin, Davis Kamoga, Primoz Peterka, Werner Schlager et Aur\u00e9lien Rougerie. Point commun entre ces sportifs? Ils m'ont fait r\u00eaver et ont berc\u00e9 mon adolescence. Je suis un fondu de sports et j'essaie de retranscrire ma passion \u00e0 travers mes articles. Originaire du P\u00e9rigord, ma passion pour les Girondins, les Jaunards et les Jazzmen transpire dans mes \u00e9crits. \u00c0 Dicodusport depuis 2021, je d\u00e9niche les sports m\u00e9connus dans lesquels la France brille, et il y en a !","sameAs":["https:\/\/www.facebook.com\/sebastien.gente\/","https:\/\/www.instagram.com\/sebgente\/","https:\/\/www.linkedin.com\/in\/sbastien-gente-a29583169\/","https:\/\/x.com\/https:\/\/twitter.com\/globulo24","SebastienGente"],"worksFor":"S\u00e9bastien GENTE","url":"https:\/\/dicodusport.fr\/blog\/author\/sebastiengente\/"}]}},"_links":{"self":[{"href":"https:\/\/dicodusport.fr\/blog\/wp-json\/wp\/v2\/posts\/613144","targetHints":{"allow":["GET"]}}],"collection":[{"href":"https:\/\/dicodusport.fr\/blog\/wp-json\/wp\/v2\/posts"}],"about":[{"href":"https:\/\/dicodusport.fr\/blog\/wp-json\/wp\/v2\/types\/post"}],"author":[{"embeddable":true,"href":"https:\/\/dicodusport.fr\/blog\/wp-json\/wp\/v2\/users\/59"}],"replies":[{"embeddable":true,"href":"https:\/\/dicodusport.fr\/blog\/wp-json\/wp\/v2\/comments?post=613144"}],"version-history":[{"count":2,"href":"https:\/\/dicodusport.fr\/blog\/wp-json\/wp\/v2\/posts\/613144\/revisions"}],"predecessor-version":[{"id":613151,"href":"https:\/\/dicodusport.fr\/blog\/wp-json\/wp\/v2\/posts\/613144\/revisions\/613151"}],"wp:featuredmedia":[{"embeddable":true,"href":"https:\/\/dicodusport.fr\/blog\/wp-json\/wp\/v2\/media\/613146"}],"wp:attachment":[{"href":"https:\/\/dicodusport.fr\/blog\/wp-json\/wp\/v2\/media?parent=613144"}],"wp:term":[{"taxonomy":"category","embeddable":true,"href":"https:\/\/dicodusport.fr\/blog\/wp-json\/wp\/v2\/categories?post=613144"},{"taxonomy":"post_tag","embeddable":true,"href":"https:\/\/dicodusport.fr\/blog\/wp-json\/wp\/v2\/tags?post=613144"}],"curies":[{"name":"wp","href":"https:\/\/api.w.org\/{rel}","templated":true}]}}