{"id":613242,"date":"2025-09-21T14:58:25","date_gmt":"2025-09-21T12:58:25","guid":{"rendered":"https:\/\/dicodusport.fr\/blog\/?p=613242&#038;preview=true&#038;preview_id=613242"},"modified":"2025-09-21T15:10:19","modified_gmt":"2025-09-21T13:10:19","slug":"vtt-lenzerheide-2025-alessandra-keller-triomphe-a-domicile-lors-dun-xco-fou","status":"publish","type":"post","link":"https:\/\/dicodusport.fr\/blog\/vtt-lenzerheide-2025-alessandra-keller-triomphe-a-domicile-lors-dun-xco-fou\/","title":{"rendered":"VTT Lenzerheide 2025 : Alessandra Keller triomphe \u00e0 domicile lors d&rsquo;un XCO fou"},"content":{"rendered":"<p style=\"text-align: justify;\"><strong><em>COUPE DU MONDE DE VTT 2025 &#8211; Alessandra Keller s&rsquo;est impos\u00e9e, ce dimanche, lors du XCO de Lenzerheide. Un succ\u00e8s obtenu dans le dernier tour, alors que Jenny Rissveds et Savilia Blunk compl\u00e8tent le podium.<\/em><\/strong><\/p>\n<ul style=\"text-align: justify;\">\n<li><strong>\u00c0 ce sujet \u2013\u00a0<a href=\"https:\/\/dicodusport.fr\/blog\/coupe-du-monde-vtt-cross-country-2025-calendrier-et-resultats-a-jour\/\">Coupe du monde VTT Cross-Country 2025 : Calendrier et R\u00e9sultats \u00e0 Jour<\/a><\/strong><\/li>\n<\/ul>\n<p style=\"text-align: justify;\"><span style=\"font-weight: 400;\">Derniers moments en Europe avant d&rsquo;attaquer le sprint final nord-am\u00e9ricain. Apr\u00e8s les Mondiaux \u00e0 Crans-Montana, les v\u00e9t\u00e9tistes se sont dirig\u00e9s vers Lenzerheide pour une nouvelle Coupe du monde. Pour cette entame de l&rsquo;automne, <\/span><b>Alessandra Keller <\/b><span style=\"font-weight: 400;\">a retrouv\u00e9 la victoire en XCO, 4 ans apr\u00e8s. La sp\u00e9cialiste du short track l&rsquo;a emport\u00e9 seulement pour la 2\u00e8me fois de sa carri\u00e8re dans la discipline. Elle a devanc\u00e9 la championne du monde <\/span><b>Jenny Rissveds <\/b><span style=\"font-weight: 400;\">et une malheureuse\u00a0<strong>Savilia Blunk,\u00a0<\/strong>qui aurait pu esp\u00e9rer encore mieux sur cette course dominicale.<\/span><\/p>\n<blockquote class=\"instagram-media\" style=\"background: #FFF; border: 0; border-radius: 3px; box-shadow: 0 0 1px 0 rgba(0,0,0,0.5),0 1px 10px 0 rgba(0,0,0,0.15); margin: 1px; max-width: 540px; min-width: 326px; padding: 0; width: calc(100% - 2px);\" data-instgrm-permalink=\"https:\/\/www.instagram.com\/reel\/DO3XZDDDHdP\/?utm_source=ig_embed&amp;utm_campaign=loading\" data-instgrm-version=\"14\">\n<div style=\"padding: 16px;\">\n<p>&nbsp;<\/p>\n<div style=\"display: flex; flex-direction: row; align-items: center;\">\n<div style=\"background-color: #f4f4f4; border-radius: 50%; flex-grow: 0; height: 40px; margin-right: 14px; width: 40px;\"><\/div>\n<div style=\"display: flex; flex-direction: column; flex-grow: 1; justify-content: center;\">\n<div style=\"background-color: #f4f4f4; border-radius: 4px; flex-grow: 0; height: 14px; margin-bottom: 6px; width: 100px;\"><\/div>\n<div style=\"background-color: #f4f4f4; border-radius: 4px; flex-grow: 0; height: 14px; width: 60px;\"><\/div>\n<\/div>\n<\/div>\n<div style=\"padding: 19% 0;\"><\/div>\n<div style=\"display: block; height: 50px; margin: 0 auto 12px; width: 50px;\"><\/div>\n<div style=\"padding-top: 8px;\">\n<div style=\"color: #3897f0; font-family: Arial,sans-serif; font-size: 14px; font-style: normal; font-weight: 550; line-height: 18px;\">Voir cette publication sur Instagram<\/div>\n<\/div>\n<div style=\"padding: 12.5% 0;\"><\/div>\n<div style=\"display: flex; flex-direction: row; margin-bottom: 14px; align-items: center;\">\n<div>\n<div style=\"background-color: #f4f4f4; border-radius: 50%; height: 12.5px; width: 12.5px; transform: translateX(0px) translateY(7px);\"><\/div>\n<div style=\"background-color: #f4f4f4; height: 12.5px; transform: rotate(-45deg) translateX(3px) translateY(1px); width: 12.5px; flex-grow: 0; margin-right: 14px; margin-left: 2px;\"><\/div>\n<div style=\"background-color: #f4f4f4; border-radius: 50%; height: 12.5px; width: 12.5px; transform: translateX(9px) translateY(-18px);\"><\/div>\n<\/div>\n<div style=\"margin-left: 8px;\">\n<div style=\"background-color: #f4f4f4; border-radius: 50%; flex-grow: 0; height: 20px; width: 20px;\"><\/div>\n<div style=\"width: 0; height: 0; border-top: 2px solid transparent; border-left: 6px solid #f4f4f4; border-bottom: 2px solid transparent; transform: translateX(16px) translateY(-4px) rotate(30deg);\"><\/div>\n<\/div>\n<div style=\"margin-left: auto;\">\n<div style=\"width: 0px; border-top: 8px solid #F4F4F4; border-right: 8px solid transparent; transform: translateY(16px);\"><\/div>\n<div style=\"background-color: #f4f4f4; flex-grow: 0; height: 12px; width: 16px; transform: translateY(-4px);\"><\/div>\n<div style=\"width: 0; height: 0; border-top: 8px solid #F4F4F4; border-left: 8px solid transparent; transform: translateY(-4px) translateX(8px);\"><\/div>\n<\/div>\n<\/div>\n<div style=\"display: flex; flex-direction: column; flex-grow: 1; justify-content: center; margin-bottom: 24px;\">\n<div style=\"background-color: #f4f4f4; border-radius: 4px; flex-grow: 0; height: 14px; margin-bottom: 6px; width: 224px;\"><\/div>\n<div style=\"background-color: #f4f4f4; border-radius: 4px; flex-grow: 0; height: 14px; width: 144px;\"><\/div>\n<\/div>\n<p>&nbsp;<\/p>\n<p style=\"color: #c9c8cd; font-family: Arial,sans-serif; font-size: 14px; line-height: 17px; margin-bottom: 0; margin-top: 8px; overflow: hidden; padding: 8px 0 7px; text-align: center; text-overflow: ellipsis; white-space: nowrap;\"><a style=\"color: #c9c8cd; font-family: Arial,sans-serif; font-size: 14px; font-style: normal; font-weight: normal; line-height: 17px; text-decoration: none;\" href=\"https:\/\/www.instagram.com\/reel\/DO3XZDDDHdP\/?utm_source=ig_embed&amp;utm_campaign=loading\" target=\"_blank\" rel=\"noopener\">Une publication partag\u00e9e par WHOOP UCI Mountain Bike World Series (@uci_mtbworldseries)<\/a><\/p>\n<\/div>\n<\/blockquote>\n<h2 style=\"text-align: justify;\">Chute de Blunk, Richards malchanceuse<\/h2>\n<p style=\"text-align: justify;\"><span style=\"font-weight: 400;\">Soleil et public au rendez-vous dans la station suisse, le d\u00e9part s&rsquo;est d\u00e9roul\u00e9 sans encombre avec les cadres en premi\u00e8re ligne. M\u00eame dans cette premi\u00e8re descente technique, aucun incident n&rsquo;\u00e9tait \u00e0 signaler malgr\u00e9 le terrain accident\u00e9. <\/span><b>Jenny Rissveds<\/b><span style=\"font-weight: 400;\">, d\u00e9sormais porteuse du maillot arc-en-ciel, a d\u00e9cid\u00e9 de s&rsquo;isoler, avec <\/span><b>Samara Maxwell <\/b><span style=\"font-weight: 400;\">quelques m\u00e8tres derri\u00e8re elle. La Su\u00e9doise et la N\u00e9o-Z\u00e9landaise ont \u00e9t\u00e9 rejointes par <\/span><b>Evie Richards <\/b><span style=\"font-weight: 400;\">et <\/span><b>Savilia Blunk<\/b><span style=\"font-weight: 400;\">. Alors que cette derni\u00e8re r\u00e9alisait sans doute le meilleur XCO de sa carri\u00e8re, elle a chut\u00e9 de mani\u00e8re \u00e9vitable. Dans une partie rapide, l&rsquo;Am\u00e9ricaine a voulu replacer ses lunettes et a bascul\u00e9 par-dessus son v\u00e9lo. Une lourde chute et plus de 30 secondes perdues. La mi-course a \u00e9t\u00e9 d\u00e9pass\u00e9e \u00e0 ce moment-l\u00e0 et <\/span><b>Alessandra Keller <\/b><span style=\"font-weight: 400;\">et <\/span><b>Jenny Rissveds <\/b><span style=\"font-weight: 400;\">se partageaient la t\u00eate.<\/span><\/p>\n<ul style=\"text-align: justify;\">\n<li><strong>\u00c0 ce sujet \u2013 <a href=\"https:\/\/dicodusport.fr\/blog\/vtt-xco-lenzerheide-2025-classement-course-femmes\/\">VTT XCO Lenzerheide 2025 : Classement Course femmes<\/a><\/strong><\/li>\n<\/ul>\n<p style=\"text-align: justify;\"><span style=\"font-weight: 400;\">La Suissesse se sentait tr\u00e8s bien \u00e0 domicile et a r\u00e9ussi \u00e0 l\u00e2cher son adversaire dans le 5\u00e8me des 7 tours. <\/span><b>Evie Richards <\/b><span style=\"font-weight: 400;\">est m\u00eame revenue de l&rsquo;arri\u00e8re pour accompagner la Su\u00e9doise sur la fin de parcours. 17 secondes entre le duo et <\/span><b>Keller <\/b><span style=\"font-weight: 400;\">\u00e0 l&rsquo;entame de la derni\u00e8re boucle. De l&rsquo;incertitude, donc, et un coup du sort pour la v\u00e9t\u00e9tiste britannique. Elle a crev\u00e9 de la roue arri\u00e8re alors qu&rsquo;elle \u00e9tait en train de fondre sur la t\u00eate de course. Un changement de roue express, mais le podium a fini par dispara\u00eetre. Les positions se sont fig\u00e9es avec donc une victoire suisse \u00e0 Lenzerheide devant la championne du monde et d&rsquo;Europe. Malgr\u00e9 la chute, <\/span><b>Savilia Blunk <\/b><span style=\"font-weight: 400;\">a s\u00e9curis\u00e9 une 3e place. Mais il y avait sans doute mieux \u00e0 aller chercher. Rappelons que <\/span><b>Loana Lecomte <\/b><span style=\"font-weight: 400;\">a pr\u00e9f\u00e9r\u00e9 zapper cette \u00e9tape pour pr\u00e9parer au mieux la fin de saison en Am\u00e9rique du Nord.<\/span><\/p>\n<ul>\n<li style=\"text-align: justify;\"><strong>\u00c0 ce sujet \u2013\u00a0<\/strong><a href=\"https:\/\/dicodusport.fr\/blog\/coupe-du-monde-vtt-2025-classement-general-feminin-en-cross-country\/\"><strong>Coupe du monde VTT 2025 : Classement G\u00e9n\u00e9ral F\u00e9minin en Cross-country<\/strong><\/a><\/li>\n<\/ul>\n","protected":false},"excerpt":{"rendered":"<p>COUPE DU MONDE DE VTT 2025 &#8211; Alessandra Keller s&rsquo;est impos\u00e9e, ce dimanche, lors du XCO de Lenzerheide. Un succ\u00e8s obtenu dans le dernier tour, alors que Jenny Rissveds et Savilia Blunk compl\u00e8tent le podium.<\/p>\n","protected":false},"author":61,"featured_media":613335,"comment_status":"open","ping_status":"closed","sticky":false,"template":"","format":"standard","meta":{"_acf_changed":false,"_daextam_enable_autolinks":"1","footnotes":""},"categories":[10279],"tags":[16878,11873,692,19045],"class_list":["post-613242","post","type-post","status-publish","format-standard","has-post-thumbnail","hentry","category-vtt","tag-breve","tag-coupe-du-monde-de-vtt","tag-vtt","tag-vtt-xco-lenzerheide"],"acf":[],"yoast_head":"<!-- This site is optimized with the Yoast SEO Premium plugin v26.7 (Yoast SEO v26.7) - https:\/\/yoast.com\/wordpress\/plugins\/seo\/ -->\n<title>VTT Lenzerheide 2025 : Alessandra Keller triomphe \u00e0 domicile lors d&#039;un XCO fou<\/title>\n<meta name=\"description\" content=\"COUPE DU MONDE DE VTT 2025 - Alessandra Keller s&#039;est impos\u00e9e, ce dimanche, lors du XCO de Lenzerheide. Un succ\u00e8s obtenu dans le dernier tour.\" \/>\n<meta name=\"robots\" content=\"index, follow, max-snippet:-1, max-image-preview:large, max-video-preview:-1\" \/>\n<link rel=\"canonical\" href=\"https:\/\/dicodusport.fr\/blog\/vtt-lenzerheide-2025-alessandra-keller-triomphe-a-domicile-lors-dun-xco-fou\/\" \/>\n<meta property=\"og:locale\" content=\"fr_FR\" \/>\n<meta property=\"og:type\" content=\"article\" \/>\n<meta property=\"og:title\" content=\"VTT Lenzerheide 2025 : Alessandra Keller triomphe \u00e0 domicile lors d&#039;un XCO fou\" \/>\n<meta property=\"og:description\" content=\"COUPE DU MONDE DE VTT 2025 - Alessandra Keller s&#039;est impos\u00e9e, ce dimanche, lors du XCO de Lenzerheide. Un succ\u00e8s obtenu dans le dernier tour.\" \/>\n<meta property=\"og:url\" content=\"https:\/\/dicodusport.fr\/blog\/vtt-lenzerheide-2025-alessandra-keller-triomphe-a-domicile-lors-dun-xco-fou\/\" \/>\n<meta property=\"og:site_name\" content=\"Dicodusport\" \/>\n<meta property=\"article:publisher\" content=\"https:\/\/www.facebook.com\/dicodusport\" \/>\n<meta property=\"article:published_time\" content=\"2025-09-21T12:58:25+00:00\" \/>\n<meta property=\"article:modified_time\" content=\"2025-09-21T13:10:19+00:00\" \/>\n<meta property=\"og:image\" content=\"https:\/\/dicodusport.fr\/blog\/wp-content\/uploads\/2025\/09\/VTT-Lenzerheide-2025-Alessandra-Keller-triomphe-a-domicile-lors-dun-XCO-fou.png\" \/>\n\t<meta property=\"og:image:width\" content=\"1200\" \/>\n\t<meta property=\"og:image:height\" content=\"674\" \/>\n\t<meta property=\"og:image:type\" content=\"image\/png\" \/>\n<meta name=\"author\" content=\"Pierre Gorce\" \/>\n<meta name=\"twitter:card\" content=\"summary_large_image\" \/>\n<meta name=\"twitter:title\" content=\"VTT Lenzerheide 2025 : Alessandra Keller triomphe \u00e0 domicile lors d&#039;un XCO fou\" \/>\n<meta name=\"twitter:creator\" content=\"@https:\/\/twitter.com\/pierregorce12\" \/>\n<meta name=\"twitter:site\" content=\"@dicodusport\" \/>\n<script type=\"application\/ld+json\" class=\"yoast-schema-graph\">{\"@context\":\"https:\/\/schema.org\",\"@graph\":[{\"@type\":\"NewsArticle\",\"@id\":\"https:\/\/dicodusport.fr\/blog\/vtt-lenzerheide-2025-alessandra-keller-triomphe-a-domicile-lors-dun-xco-fou\/#article\",\"isPartOf\":{\"@id\":\"https:\/\/dicodusport.fr\/blog\/vtt-lenzerheide-2025-alessandra-keller-triomphe-a-domicile-lors-dun-xco-fou\/\"},\"author\":{\"name\":\"Pierre Gorce\",\"@id\":\"https:\/\/dicodusport.fr\/blog\/#\/schema\/person\/0eaf70b33d703a1a66b1155ac1bda018\"},\"headline\":\"VTT Lenzerheide 2025 : Alessandra Keller triomphe \u00e0 domicile lors d&rsquo;un XCO fou\",\"datePublished\":\"2025-09-21T12:58:25+00:00\",\"dateModified\":\"2025-09-21T13:10:19+00:00\",\"mainEntityOfPage\":{\"@id\":\"https:\/\/dicodusport.fr\/blog\/vtt-lenzerheide-2025-alessandra-keller-triomphe-a-domicile-lors-dun-xco-fou\/\"},\"wordCount\":525,\"commentCount\":0,\"publisher\":{\"@id\":\"https:\/\/dicodusport.fr\/blog\/#organization\"},\"image\":{\"@id\":\"https:\/\/dicodusport.fr\/blog\/vtt-lenzerheide-2025-alessandra-keller-triomphe-a-domicile-lors-dun-xco-fou\/#primaryimage\"},\"thumbnailUrl\":\"https:\/\/dicodusport.fr\/blog\/wp-content\/uploads\/2025\/09\/VTT-Lenzerheide-2025-Alessandra-Keller-triomphe-a-domicile-lors-dun-XCO-fou.png\",\"keywords\":[\"br\u00e8ve\",\"Coupe du monde de VTT\",\"VTT\",\"VTT XCO Lenzerheide\"],\"articleSection\":[\"VTT\"],\"inLanguage\":\"fr-FR\",\"potentialAction\":[{\"@type\":\"CommentAction\",\"name\":\"Comment\",\"target\":[\"https:\/\/dicodusport.fr\/blog\/vtt-lenzerheide-2025-alessandra-keller-triomphe-a-domicile-lors-dun-xco-fou\/#respond\"]}],\"copyrightYear\":\"2025\",\"copyrightHolder\":{\"@id\":\"https:\/\/dicodusport.fr\/blog\/#organization\"}},{\"@type\":\"WebPage\",\"@id\":\"https:\/\/dicodusport.fr\/blog\/vtt-lenzerheide-2025-alessandra-keller-triomphe-a-domicile-lors-dun-xco-fou\/\",\"url\":\"https:\/\/dicodusport.fr\/blog\/vtt-lenzerheide-2025-alessandra-keller-triomphe-a-domicile-lors-dun-xco-fou\/\",\"name\":\"VTT Lenzerheide 2025 : Alessandra Keller triomphe \u00e0 domicile lors d'un XCO fou\",\"isPartOf\":{\"@id\":\"https:\/\/dicodusport.fr\/blog\/#website\"},\"primaryImageOfPage\":{\"@id\":\"https:\/\/dicodusport.fr\/blog\/vtt-lenzerheide-2025-alessandra-keller-triomphe-a-domicile-lors-dun-xco-fou\/#primaryimage\"},\"image\":{\"@id\":\"https:\/\/dicodusport.fr\/blog\/vtt-lenzerheide-2025-alessandra-keller-triomphe-a-domicile-lors-dun-xco-fou\/#primaryimage\"},\"thumbnailUrl\":\"https:\/\/dicodusport.fr\/blog\/wp-content\/uploads\/2025\/09\/VTT-Lenzerheide-2025-Alessandra-Keller-triomphe-a-domicile-lors-dun-XCO-fou.png\",\"datePublished\":\"2025-09-21T12:58:25+00:00\",\"dateModified\":\"2025-09-21T13:10:19+00:00\",\"description\":\"COUPE DU MONDE DE VTT 2025 - Alessandra Keller s'est impos\u00e9e, ce dimanche, lors du XCO de Lenzerheide. Un succ\u00e8s obtenu dans le dernier tour.\",\"breadcrumb\":{\"@id\":\"https:\/\/dicodusport.fr\/blog\/vtt-lenzerheide-2025-alessandra-keller-triomphe-a-domicile-lors-dun-xco-fou\/#breadcrumb\"},\"inLanguage\":\"fr-FR\",\"potentialAction\":[{\"@type\":\"ReadAction\",\"target\":[\"https:\/\/dicodusport.fr\/blog\/vtt-lenzerheide-2025-alessandra-keller-triomphe-a-domicile-lors-dun-xco-fou\/\"]}]},{\"@type\":\"ImageObject\",\"inLanguage\":\"fr-FR\",\"@id\":\"https:\/\/dicodusport.fr\/blog\/vtt-lenzerheide-2025-alessandra-keller-triomphe-a-domicile-lors-dun-xco-fou\/#primaryimage\",\"url\":\"https:\/\/dicodusport.fr\/blog\/wp-content\/uploads\/2025\/09\/VTT-Lenzerheide-2025-Alessandra-Keller-triomphe-a-domicile-lors-dun-XCO-fou.png\",\"contentUrl\":\"https:\/\/dicodusport.fr\/blog\/wp-content\/uploads\/2025\/09\/VTT-Lenzerheide-2025-Alessandra-Keller-triomphe-a-domicile-lors-dun-XCO-fou.png\",\"width\":1200,\"height\":674,\"caption\":\"VTT Lenzerheide 2025 Alessandra Keller triomphe \u00e0 domicile lors d'un XCO fou\"},{\"@type\":\"BreadcrumbList\",\"@id\":\"https:\/\/dicodusport.fr\/blog\/vtt-lenzerheide-2025-alessandra-keller-triomphe-a-domicile-lors-dun-xco-fou\/#breadcrumb\",\"itemListElement\":[{\"@type\":\"ListItem\",\"position\":1,\"name\":\"Accueil\",\"item\":\"https:\/\/dicodusport.fr\/blog\/\"},{\"@type\":\"ListItem\",\"position\":2,\"name\":\"VTT Lenzerheide 2025 : Alessandra Keller triomphe \u00e0 domicile lors d&rsquo;un XCO fou\"}]},{\"@type\":\"WebSite\",\"@id\":\"https:\/\/dicodusport.fr\/blog\/#website\",\"url\":\"https:\/\/dicodusport.fr\/blog\/\",\"name\":\"Dicodusport\",\"description\":\"L&#039;encyclop\u00e9die de l&#039;actualit\u00e9 sportive\",\"publisher\":{\"@id\":\"https:\/\/dicodusport.fr\/blog\/#organization\"},\"potentialAction\":[{\"@type\":\"SearchAction\",\"target\":{\"@type\":\"EntryPoint\",\"urlTemplate\":\"https:\/\/dicodusport.fr\/blog\/?s={search_term_string}\"},\"query-input\":{\"@type\":\"PropertyValueSpecification\",\"valueRequired\":true,\"valueName\":\"search_term_string\"}}],\"inLanguage\":\"fr-FR\"},{\"@type\":\"NewsMediaOrganization\",\"@id\":\"https:\/\/dicodusport.fr\/blog\/#organization\",\"name\":\"Dicodusport\",\"url\":\"https:\/\/dicodusport.fr\/blog\/\",\"logo\":{\"@type\":\"ImageObject\",\"inLanguage\":\"fr-FR\",\"@id\":\"https:\/\/dicodusport.fr\/blog\/#\/schema\/logo\/image\/\",\"url\":\"https:\/\/dicodusport.fr\/blog\/wp-content\/uploads\/2020\/06\/cropped-LOGO-DICODUSPORT-2020-SANS-FOND-SANS-TEXTE.png\",\"contentUrl\":\"https:\/\/dicodusport.fr\/blog\/wp-content\/uploads\/2020\/06\/cropped-LOGO-DICODUSPORT-2020-SANS-FOND-SANS-TEXTE.png\",\"width\":512,\"height\":512,\"caption\":\"Dicodusport\"},\"image\":{\"@id\":\"https:\/\/dicodusport.fr\/blog\/#\/schema\/logo\/image\/\"},\"sameAs\":[\"https:\/\/www.facebook.com\/dicodusport\",\"https:\/\/x.com\/dicodusport\",\"https:\/\/www.instagram.com\/dicodusport\/\",\"https:\/\/www.youtube.com\/channel\/UC7V2KZ5sd3htJivAbA4ZG3w\"],\"description\":\"Dicodusport est l'encyclop\u00e9die de l'actualit\u00e9 sportive.\",\"email\":\"bonjour@dicodusport.fr\",\"legalName\":\"DICODUSPORT\",\"foundingDate\":\"2018-01-14\",\"vatID\":\"FR71834470973\",\"taxID\":\"83447097300043\",\"numberOfEmployees\":{\"@type\":\"QuantitativeValue\",\"minValue\":\"1\",\"maxValue\":\"10\"}},{\"@type\":\"Person\",\"@id\":\"https:\/\/dicodusport.fr\/blog\/#\/schema\/person\/0eaf70b33d703a1a66b1155ac1bda018\",\"name\":\"Pierre Gorce\",\"image\":{\"@type\":\"ImageObject\",\"inLanguage\":\"fr-FR\",\"@id\":\"https:\/\/dicodusport.fr\/blog\/#\/schema\/person\/image\/\",\"url\":\"https:\/\/dicodusport.fr\/blog\/wp-content\/uploads\/2022\/03\/IMG_20211214_233053_722-150x150.jpg\",\"contentUrl\":\"https:\/\/dicodusport.fr\/blog\/wp-content\/uploads\/2022\/03\/IMG_20211214_233053_722-150x150.jpg\",\"caption\":\"Pierre Gorce\"},\"description\":\"Couteau suisse venant tout droit de Haute-Savoie. Habitu\u00e9 \u00e0 regarder du sport depuis petit, j'en ai maintenant fait mon m\u00e9tier. Des sports d'hiver au surf, en passant par le tennis, la F1, le handball et l'athl\u00e9tisme, j'essaie d'avoir mes yeux sur l'enti\u00e8ret\u00e9 de l'actualit\u00e9. Jeune homme berc\u00e9 par les exploits de Jean-Baptiste Grange, Sebastian Vettel et des Experts. Membre de la g\u00e9n\u00e9ration 1999 comme Luka Doncic, Sydney McLaughlin, Lando Norris et Loana Lecomte, mais avec beaucoup moins de talent qu'eux.\",\"sameAs\":[\"https:\/\/x.com\/https:\/\/twitter.com\/pierregorce12\"],\"birthDate\":\"1999-08-29\",\"url\":\"https:\/\/dicodusport.fr\/blog\/author\/pierreg\/\"}]}<\/script>\n<!-- \/ Yoast SEO Premium plugin. -->","yoast_head_json":{"title":"VTT Lenzerheide 2025 : Alessandra Keller triomphe \u00e0 domicile lors d'un XCO fou","description":"COUPE DU MONDE DE VTT 2025 - Alessandra Keller s'est impos\u00e9e, ce dimanche, lors du XCO de Lenzerheide. Un succ\u00e8s obtenu dans le dernier tour.","robots":{"index":"index","follow":"follow","max-snippet":"max-snippet:-1","max-image-preview":"max-image-preview:large","max-video-preview":"max-video-preview:-1"},"canonical":"https:\/\/dicodusport.fr\/blog\/vtt-lenzerheide-2025-alessandra-keller-triomphe-a-domicile-lors-dun-xco-fou\/","og_locale":"fr_FR","og_type":"article","og_title":"VTT Lenzerheide 2025 : Alessandra Keller triomphe \u00e0 domicile lors d'un XCO fou","og_description":"COUPE DU MONDE DE VTT 2025 - Alessandra Keller s'est impos\u00e9e, ce dimanche, lors du XCO de Lenzerheide. Un succ\u00e8s obtenu dans le dernier tour.","og_url":"https:\/\/dicodusport.fr\/blog\/vtt-lenzerheide-2025-alessandra-keller-triomphe-a-domicile-lors-dun-xco-fou\/","og_site_name":"Dicodusport","article_publisher":"https:\/\/www.facebook.com\/dicodusport","article_published_time":"2025-09-21T12:58:25+00:00","article_modified_time":"2025-09-21T13:10:19+00:00","og_image":[{"width":1200,"height":674,"url":"https:\/\/dicodusport.fr\/blog\/wp-content\/uploads\/2025\/09\/VTT-Lenzerheide-2025-Alessandra-Keller-triomphe-a-domicile-lors-dun-XCO-fou.png","type":"image\/png"}],"author":"Pierre Gorce","twitter_card":"summary_large_image","twitter_title":"VTT Lenzerheide 2025 : Alessandra Keller triomphe \u00e0 domicile lors d'un XCO fou","twitter_creator":"@https:\/\/twitter.com\/pierregorce12","twitter_site":"@dicodusport","schema":{"@context":"https:\/\/schema.org","@graph":[{"@type":"NewsArticle","@id":"https:\/\/dicodusport.fr\/blog\/vtt-lenzerheide-2025-alessandra-keller-triomphe-a-domicile-lors-dun-xco-fou\/#article","isPartOf":{"@id":"https:\/\/dicodusport.fr\/blog\/vtt-lenzerheide-2025-alessandra-keller-triomphe-a-domicile-lors-dun-xco-fou\/"},"author":{"name":"Pierre Gorce","@id":"https:\/\/dicodusport.fr\/blog\/#\/schema\/person\/0eaf70b33d703a1a66b1155ac1bda018"},"headline":"VTT Lenzerheide 2025 : Alessandra Keller triomphe \u00e0 domicile lors d&rsquo;un XCO fou","datePublished":"2025-09-21T12:58:25+00:00","dateModified":"2025-09-21T13:10:19+00:00","mainEntityOfPage":{"@id":"https:\/\/dicodusport.fr\/blog\/vtt-lenzerheide-2025-alessandra-keller-triomphe-a-domicile-lors-dun-xco-fou\/"},"wordCount":525,"commentCount":0,"publisher":{"@id":"https:\/\/dicodusport.fr\/blog\/#organization"},"image":{"@id":"https:\/\/dicodusport.fr\/blog\/vtt-lenzerheide-2025-alessandra-keller-triomphe-a-domicile-lors-dun-xco-fou\/#primaryimage"},"thumbnailUrl":"https:\/\/dicodusport.fr\/blog\/wp-content\/uploads\/2025\/09\/VTT-Lenzerheide-2025-Alessandra-Keller-triomphe-a-domicile-lors-dun-XCO-fou.png","keywords":["br\u00e8ve","Coupe du monde de VTT","VTT","VTT XCO Lenzerheide"],"articleSection":["VTT"],"inLanguage":"fr-FR","potentialAction":[{"@type":"CommentAction","name":"Comment","target":["https:\/\/dicodusport.fr\/blog\/vtt-lenzerheide-2025-alessandra-keller-triomphe-a-domicile-lors-dun-xco-fou\/#respond"]}],"copyrightYear":"2025","copyrightHolder":{"@id":"https:\/\/dicodusport.fr\/blog\/#organization"}},{"@type":"WebPage","@id":"https:\/\/dicodusport.fr\/blog\/vtt-lenzerheide-2025-alessandra-keller-triomphe-a-domicile-lors-dun-xco-fou\/","url":"https:\/\/dicodusport.fr\/blog\/vtt-lenzerheide-2025-alessandra-keller-triomphe-a-domicile-lors-dun-xco-fou\/","name":"VTT Lenzerheide 2025 : Alessandra Keller triomphe \u00e0 domicile lors d'un XCO fou","isPartOf":{"@id":"https:\/\/dicodusport.fr\/blog\/#website"},"primaryImageOfPage":{"@id":"https:\/\/dicodusport.fr\/blog\/vtt-lenzerheide-2025-alessandra-keller-triomphe-a-domicile-lors-dun-xco-fou\/#primaryimage"},"image":{"@id":"https:\/\/dicodusport.fr\/blog\/vtt-lenzerheide-2025-alessandra-keller-triomphe-a-domicile-lors-dun-xco-fou\/#primaryimage"},"thumbnailUrl":"https:\/\/dicodusport.fr\/blog\/wp-content\/uploads\/2025\/09\/VTT-Lenzerheide-2025-Alessandra-Keller-triomphe-a-domicile-lors-dun-XCO-fou.png","datePublished":"2025-09-21T12:58:25+00:00","dateModified":"2025-09-21T13:10:19+00:00","description":"COUPE DU MONDE DE VTT 2025 - Alessandra Keller s'est impos\u00e9e, ce dimanche, lors du XCO de Lenzerheide. Un succ\u00e8s obtenu dans le dernier tour.","breadcrumb":{"@id":"https:\/\/dicodusport.fr\/blog\/vtt-lenzerheide-2025-alessandra-keller-triomphe-a-domicile-lors-dun-xco-fou\/#breadcrumb"},"inLanguage":"fr-FR","potentialAction":[{"@type":"ReadAction","target":["https:\/\/dicodusport.fr\/blog\/vtt-lenzerheide-2025-alessandra-keller-triomphe-a-domicile-lors-dun-xco-fou\/"]}]},{"@type":"ImageObject","inLanguage":"fr-FR","@id":"https:\/\/dicodusport.fr\/blog\/vtt-lenzerheide-2025-alessandra-keller-triomphe-a-domicile-lors-dun-xco-fou\/#primaryimage","url":"https:\/\/dicodusport.fr\/blog\/wp-content\/uploads\/2025\/09\/VTT-Lenzerheide-2025-Alessandra-Keller-triomphe-a-domicile-lors-dun-XCO-fou.png","contentUrl":"https:\/\/dicodusport.fr\/blog\/wp-content\/uploads\/2025\/09\/VTT-Lenzerheide-2025-Alessandra-Keller-triomphe-a-domicile-lors-dun-XCO-fou.png","width":1200,"height":674,"caption":"VTT Lenzerheide 2025 Alessandra Keller triomphe \u00e0 domicile lors d'un XCO fou"},{"@type":"BreadcrumbList","@id":"https:\/\/dicodusport.fr\/blog\/vtt-lenzerheide-2025-alessandra-keller-triomphe-a-domicile-lors-dun-xco-fou\/#breadcrumb","itemListElement":[{"@type":"ListItem","position":1,"name":"Accueil","item":"https:\/\/dicodusport.fr\/blog\/"},{"@type":"ListItem","position":2,"name":"VTT Lenzerheide 2025 : Alessandra Keller triomphe \u00e0 domicile lors d&rsquo;un XCO fou"}]},{"@type":"WebSite","@id":"https:\/\/dicodusport.fr\/blog\/#website","url":"https:\/\/dicodusport.fr\/blog\/","name":"Dicodusport","description":"L&#039;encyclop\u00e9die de l&#039;actualit\u00e9 sportive","publisher":{"@id":"https:\/\/dicodusport.fr\/blog\/#organization"},"potentialAction":[{"@type":"SearchAction","target":{"@type":"EntryPoint","urlTemplate":"https:\/\/dicodusport.fr\/blog\/?s={search_term_string}"},"query-input":{"@type":"PropertyValueSpecification","valueRequired":true,"valueName":"search_term_string"}}],"inLanguage":"fr-FR"},{"@type":"NewsMediaOrganization","@id":"https:\/\/dicodusport.fr\/blog\/#organization","name":"Dicodusport","url":"https:\/\/dicodusport.fr\/blog\/","logo":{"@type":"ImageObject","inLanguage":"fr-FR","@id":"https:\/\/dicodusport.fr\/blog\/#\/schema\/logo\/image\/","url":"https:\/\/dicodusport.fr\/blog\/wp-content\/uploads\/2020\/06\/cropped-LOGO-DICODUSPORT-2020-SANS-FOND-SANS-TEXTE.png","contentUrl":"https:\/\/dicodusport.fr\/blog\/wp-content\/uploads\/2020\/06\/cropped-LOGO-DICODUSPORT-2020-SANS-FOND-SANS-TEXTE.png","width":512,"height":512,"caption":"Dicodusport"},"image":{"@id":"https:\/\/dicodusport.fr\/blog\/#\/schema\/logo\/image\/"},"sameAs":["https:\/\/www.facebook.com\/dicodusport","https:\/\/x.com\/dicodusport","https:\/\/www.instagram.com\/dicodusport\/","https:\/\/www.youtube.com\/channel\/UC7V2KZ5sd3htJivAbA4ZG3w"],"description":"Dicodusport est l'encyclop\u00e9die de l'actualit\u00e9 sportive.","email":"bonjour@dicodusport.fr","legalName":"DICODUSPORT","foundingDate":"2018-01-14","vatID":"FR71834470973","taxID":"83447097300043","numberOfEmployees":{"@type":"QuantitativeValue","minValue":"1","maxValue":"10"}},{"@type":"Person","@id":"https:\/\/dicodusport.fr\/blog\/#\/schema\/person\/0eaf70b33d703a1a66b1155ac1bda018","name":"Pierre Gorce","image":{"@type":"ImageObject","inLanguage":"fr-FR","@id":"https:\/\/dicodusport.fr\/blog\/#\/schema\/person\/image\/","url":"https:\/\/dicodusport.fr\/blog\/wp-content\/uploads\/2022\/03\/IMG_20211214_233053_722-150x150.jpg","contentUrl":"https:\/\/dicodusport.fr\/blog\/wp-content\/uploads\/2022\/03\/IMG_20211214_233053_722-150x150.jpg","caption":"Pierre Gorce"},"description":"Couteau suisse venant tout droit de Haute-Savoie. Habitu\u00e9 \u00e0 regarder du sport depuis petit, j'en ai maintenant fait mon m\u00e9tier. Des sports d'hiver au surf, en passant par le tennis, la F1, le handball et l'athl\u00e9tisme, j'essaie d'avoir mes yeux sur l'enti\u00e8ret\u00e9 de l'actualit\u00e9. Jeune homme berc\u00e9 par les exploits de Jean-Baptiste Grange, Sebastian Vettel et des Experts. Membre de la g\u00e9n\u00e9ration 1999 comme Luka Doncic, Sydney McLaughlin, Lando Norris et Loana Lecomte, mais avec beaucoup moins de talent qu'eux.","sameAs":["https:\/\/x.com\/https:\/\/twitter.com\/pierregorce12"],"birthDate":"1999-08-29","url":"https:\/\/dicodusport.fr\/blog\/author\/pierreg\/"}]}},"_links":{"self":[{"href":"https:\/\/dicodusport.fr\/blog\/wp-json\/wp\/v2\/posts\/613242","targetHints":{"allow":["GET"]}}],"collection":[{"href":"https:\/\/dicodusport.fr\/blog\/wp-json\/wp\/v2\/posts"}],"about":[{"href":"https:\/\/dicodusport.fr\/blog\/wp-json\/wp\/v2\/types\/post"}],"author":[{"embeddable":true,"href":"https:\/\/dicodusport.fr\/blog\/wp-json\/wp\/v2\/users\/61"}],"replies":[{"embeddable":true,"href":"https:\/\/dicodusport.fr\/blog\/wp-json\/wp\/v2\/comments?post=613242"}],"version-history":[{"count":5,"href":"https:\/\/dicodusport.fr\/blog\/wp-json\/wp\/v2\/posts\/613242\/revisions"}],"predecessor-version":[{"id":613353,"href":"https:\/\/dicodusport.fr\/blog\/wp-json\/wp\/v2\/posts\/613242\/revisions\/613353"}],"wp:featuredmedia":[{"embeddable":true,"href":"https:\/\/dicodusport.fr\/blog\/wp-json\/wp\/v2\/media\/613335"}],"wp:attachment":[{"href":"https:\/\/dicodusport.fr\/blog\/wp-json\/wp\/v2\/media?parent=613242"}],"wp:term":[{"taxonomy":"category","embeddable":true,"href":"https:\/\/dicodusport.fr\/blog\/wp-json\/wp\/v2\/categories?post=613242"},{"taxonomy":"post_tag","embeddable":true,"href":"https:\/\/dicodusport.fr\/blog\/wp-json\/wp\/v2\/tags?post=613242"}],"curies":[{"name":"wp","href":"https:\/\/api.w.org\/{rel}","templated":true}]}}