{"id":613613,"date":"2025-09-22T16:30:18","date_gmt":"2025-09-22T14:30:18","guid":{"rendered":"https:\/\/dicodusport.fr\/blog\/?p=613613&#038;preview=true&#038;preview_id=613613"},"modified":"2025-09-22T14:36:24","modified_gmt":"2025-09-22T12:36:24","slug":"mondiaux-de-cyclisme-a-kigali-la-dure-lecon-qui-va-forger-paul-seixas","status":"publish","type":"post","link":"https:\/\/dicodusport.fr\/blog\/mondiaux-de-cyclisme-a-kigali-la-dure-lecon-qui-va-forger-paul-seixas\/","title":{"rendered":"Mondiaux de cyclisme \u00e0 Kigali : La dure le\u00e7on qui va forger Paul Seixas"},"content":{"rendered":"<p style=\"text-align: justify;\"><strong><em>CHAMPIONNATS DU MONDE DE CYCLISME 2025 \u2013 Auteur d\u2019une prestation anecdotique (16\u00e8me) sur le contre-la-montre Seniors dimanche, Paul Seixas a rat\u00e9 son premier examen de passage sur une aussi longue distance (40,6 km).<\/em><\/strong><\/p>\n<ul style=\"text-align: justify;\">\n<li style=\"text-align: justify;\"><strong>\u00c0 ce sujet &#8211; <a href=\"https:\/\/dicodusport.fr\/blog\/programme-et-resultats-des-championnats-du-monde-de-cyclisme-sur-route-2025-au-rwanda\/\">Programme et r\u00e9sultats des Championnats du monde de cyclisme sur route 2025 au Rwanda<\/a><\/strong><\/li>\n<\/ul>\n<p style=\"text-align: justify;\">Il s\u2019agit de l\u2019une des grandes curiosit\u00e9s de ces <strong>championnats du monde<\/strong>. \u00c0 seulement 18 ans, <strong>Paul Seixas<\/strong> est parvenu \u00e0 se faire une place dans la s\u00e9lection Seniors de l\u2019\u00e9quipe de France pour participer aux trois \u00e9preuves \u00e0 <strong>Kigali<\/strong> (Rwanda). Dimanche, le jeune coureur a ainsi particip\u00e9 au contre-la-montre en terminant \u00e0 une 16\u00e8me place sans relief, \u00e0 plus de quatre minutes du vainqueur final, Remco Evenepoel.<\/p>\n<div class=\"vlp-link-container vlp-layout-article\"><a href=\"https:\/\/dicodusport.fr\/blog\/championnats-du-monde-de-cyclisme-2025-remco-evenepoel-ecrase-le-contre-la-montre-tadej-pogacar-explose\/\" class=\"vlp-link\" title=\"Championnats du monde de cyclisme 2025 : Remco Evenepoel \u00e9crase le contre-la-montre, Tadej Poga\u010dar explose\"><\/a><div class=\"vlp-layout-zone-side\"><div class=\"vlp-block-4 vlp-link-image\"><img loading=\"lazy\" decoding=\"async\" style=\"max-width: 792px;\" width=\"792\" height=\"445\" src=\"https:\/\/dicodusport.fr\/blog\/wp-content\/uploads\/2025\/09\/Championnats-du-monde-de-cyclisme-2025-Remco-Evenepoel-ecrase-le-contre-la-montre-Tadej-Pogacar-explose.png\" class=\"attachment-800x445 size-800x445\" alt=\"Championnats du monde de cyclisme 2025 Remco Evenepoel \u00e9crase le contre-la-montre, Tadej Poga\u010dar explose\" srcset=\"https:\/\/dicodusport.fr\/blog\/wp-content\/uploads\/2025\/09\/Championnats-du-monde-de-cyclisme-2025-Remco-Evenepoel-ecrase-le-contre-la-montre-Tadej-Pogacar-explose.png 1200w, https:\/\/dicodusport.fr\/blog\/wp-content\/uploads\/2025\/09\/Championnats-du-monde-de-cyclisme-2025-Remco-Evenepoel-ecrase-le-contre-la-montre-Tadej-Pogacar-explose-300x169.png 300w, https:\/\/dicodusport.fr\/blog\/wp-content\/uploads\/2025\/09\/Championnats-du-monde-de-cyclisme-2025-Remco-Evenepoel-ecrase-le-contre-la-montre-Tadej-Pogacar-explose-1024x575.png 1024w, https:\/\/dicodusport.fr\/blog\/wp-content\/uploads\/2025\/09\/Championnats-du-monde-de-cyclisme-2025-Remco-Evenepoel-ecrase-le-contre-la-montre-Tadej-Pogacar-explose-768x431.png 768w\" sizes=\"auto, (max-width: 792px) 100vw, 792px\" \/><\/div><\/div><div class=\"vlp-layout-zone-main\"><div class=\"vlp-block-0 vlp-link-title\">Championnats du monde de cyclisme 2025 : Remco Evenepoel \u00e9crase le contre-la-montre, Tadej Poga\u010dar explose<\/div><div class=\"vlp-block-1 vlp-link-summary\">CHAMPIONNATS DU MONDE DE CYCLISME 2025\u00a0 - Remco Evenepoel r\u00e9alise une d\u00e9monstration absolue pour remporter son troisi\u00e8me titre cons\u00e9cutif sur le chrono. Le Belge a repouss\u00e9 son plus proche concurrent, Jay Vine, \u00e0 1:14. Ilan Van Wilder prend la 3\u00e8me place du chrono. Rival annonc\u00e9 d'Evenepoel, Tadej Poga\u010dar est pass\u00e9 au travers du chrono, doubl\u00e9 par son adversaire. Il termine 4\u00e8me.<\/div><div class=\"vlp-block-2 vlp-link-button\">Lire l'article<\/div><div class=\"vlp-block-3 vlp-link-url\">dicodusport.fr<\/div><\/div><\/div>\n<h2 style=\"text-align: justify;\">Une 16\u00e8me place am\u00e8re pour Paul Seixas<\/h2>\n<p style=\"text-align: justify;\">\u00c9videmment, ce r\u00e9sultat repr\u00e9sente une d\u00e9ception. S\u2019il ne fallait pas s\u2019attendre \u00e0 le voir se m\u00ealer \u00e0 la lutte entre un cador, un Top 10 \u00e9tait possiblement envisageable pour de nombreux sp\u00e9cialistes. Et la premi\u00e8re partie de l\u2019\u00e9preuve pouvait laisser penser \u00e0 une telle performance, aussi d\u00e9tonante soit elle, le Fran\u00e7ais \u00e9tant dans les clous.<\/p>\n<ul>\n<li><strong>\u00c0 voir aussi &#8211; <a href=\"https:\/\/dicodusport.fr\/blog\/resultats-et-classement-du-contre-la-montre-hommes-aux-championnats-du-monde-2025\/\">R\u00e9sultats et classement du contre-la-montre hommes aux championnats du monde 2025<\/a><\/strong><\/li>\n<\/ul>\n<p style=\"text-align: justify;\">Seulement, contrairement aux chronos sur lesquels il avait l\u2019habitude de briller, et qui ne d\u00e9passaient pas les 30 kilom\u00e8tres, il y avait cette fois un peu plus de 40 kilom\u00e8tres \u00e0 avaler, avec quatre difficult\u00e9s pour casser les jambes. D\u00e8s la mi-parcours, le coureur de Decathlon AG2R La Mondiale a ainsi nettement marqu\u00e9 le pas, avant de s\u2019\u00e9craser progressivement, bouclant la distance en 54 minutes.<\/p>\n<p style=\"text-align: justify;\">Apr\u00e8s l\u2019\u00e9preuve, <strong>Paul Seixas<\/strong> \u00e9tait \u00e9videmment d\u00e9\u00e7u, comme il l\u2019avait confi\u00e9 au micro de <em>France 3<\/em> :<\/p>\n<blockquote><p>J&rsquo;\u00e9tais l\u00e0 pour apprendre \u00e0 g\u00e9rer un chrono si long, aujourd&rsquo;hui, \u00e7a a \u00e9t\u00e9 un \u00e9chec. Je pensais \u00eatre parti en dessous de mes valeurs du jour, et je suis parti au-dessus. Les jambes n&rsquo;\u00e9taient vraiment pas l\u00e0. Je suis d\u00e9\u00e7u de ma performance, mais je ne m&rsquo;arr\u00eate pas l\u00e0.<\/p><\/blockquote>\n<h2 style=\"text-align: justify;\">\u00ab\u00a0Je sais tr\u00e8s bien que j\u2019ai \u00e9t\u00e9 nul\u00a0\u00bb<\/h2>\n<p style=\"text-align: justify;\">Comme il le pr\u00e9cise, ces championnats du monde servent de d\u00e9couverte. Plut\u00f4t normal pour un gar\u00e7on de 18 ans, Mais le fait de porter le maillot tricolore incombe une responsabilit\u00e9 suppl\u00e9mentaire, et les critiques acerbes dont a fait l\u2019objet le gar\u00e7on sur les r\u00e9seaux le prouvent. Mais il ne faut pas oublier que c\u2019est le s\u00e9lectionneur<strong> Thomas Voeckler<\/strong> qui a fait choix. Choix certes discutable, mais qui peut se comprendre en l\u2019absence de la meilleure carte initiale, <strong>K\u00e9vin Vauquelin<\/strong>.<\/p>\n<p style=\"text-align: justify;\">Ainsi, au lieu d&rsquo;avoir les deux premiers des derniers championnats de France, le s\u00e9lectionneur a mis\u00e9 sur le 3\u00e8me homme sur le podium aux Herbiers. <strong>Paul Seixas<\/strong> \u00e9tait donc attendu, et n\u2019a pas r\u00e9pondu aux attentes. Un \u00e9chec qui est assum\u00e9 pleinement, toujours au micro de <em>France 3<\/em> :<\/p>\n<blockquote>\n<p style=\"text-align: justify;\">J&rsquo;ai mes valeurs de performance sur mon compteur, je sais tr\u00e8s bien que j&rsquo;ai \u00e9t\u00e9 nul.\u00a0C&rsquo;est \u00e0 des ann\u00e9es-lumi\u00e8re de ce que je fais \u00e0 l&rsquo;entra\u00eenement, encore plus en course. C&rsquo;est forc\u00e9ment une d\u00e9ception. J&rsquo;esp\u00e8re faire honneur au maillot les prochaines fois.<\/p>\n<\/blockquote>\n<p style=\"text-align: justify;\">Dimanche, la d\u00e9couverte va se poursuivre lors de la course en ligne en se frottant \u00e0 ce qui est sans doute l\u2019un des championnats du monde les plus difficiles de ces derni\u00e8res ann\u00e9es\u00a0:<strong> 267,5 km pour 5 475m de d\u00e9nivel\u00e9<\/strong> ! Cela repr\u00e9sente une v\u00e9ritable montagne pour un gar\u00e7on qui <strong>jusqu\u2019\u00e0 l\u2019ann\u00e9e derni\u00e8re n\u2019avait jamais disput\u00e9 une course de plus de 140 km<\/strong>. En toute logique, il aura avant tout un r\u00f4le d\u2019\u00e9quipier et tentera de s\u2019accrocher aux cadors le plus longtemps possible. Toujours avec cette volont\u00e9 de d\u00e9couvrir. Nul doute que cette exp\u00e9rience rude lui servira alors qu\u2019une carri\u00e8re extraordinaire se profile devant lui.<\/p>\n<blockquote class=\"twitter-tweet\">\n<p dir=\"ltr\" lang=\"fr\">\ud83d\udeb4\u200d\u2640\ufe0f <a href=\"https:\/\/twitter.com\/hashtag\/Kigali2025?src=hash&amp;ref_src=twsrc%5Etfw\">#Kigali2025<\/a> | \ud83d\udde3\ufe0f \u00ab\u00a0C&rsquo;est un \u00e9chec. Aujourd&rsquo;hui, mes jambes n&rsquo;\u00e9taient pas l\u00e0. J&rsquo;ai \u00e9t\u00e9 nul !\u00a0\u00bb<\/p>\n<p>Paul Seixas r\u00e9agit \u00e0 chaud apr\u00e8s son chrono&#8230; et ne cache pas sa d\u00e9ception. \ud83d\ude16<\/p>\n<p>\ud83d\udcfa Le direct : <a href=\"https:\/\/t.co\/VKkbpupQAR\">https:\/\/t.co\/VKkbpupQAR<\/a> <a href=\"https:\/\/t.co\/8M6dzHBswN\">pic.twitter.com\/8M6dzHBswN<\/a><\/p>\n<p>\u2014 francetvsport (@francetvsport) <a href=\"https:\/\/twitter.com\/francetvsport\/status\/1969768907926917472?ref_src=twsrc%5Etfw\">September 21, 2025<\/a><\/p><\/blockquote>\n<p><script async src=\"https:\/\/platform.twitter.com\/widgets.js\" charset=\"utf-8\"><\/script><\/p>\n","protected":false},"excerpt":{"rendered":"<p>Auteur d\u2019une prestation anecdotique (16\u00e8me) sur le contre-la-montre Seniors dimanche, Paul Seixas a rat\u00e9 son premier examen de passage sur une aussi longue distance (40,6 km).<\/p>\n","protected":false},"author":55,"featured_media":613624,"comment_status":"open","ping_status":"closed","sticky":false,"template":"","format":"standard","meta":{"_acf_changed":false,"_daextam_enable_autolinks":"1","footnotes":""},"categories":[46994],"tags":[16878,19450,574,11197,39260,24],"class_list":["post-613613","post","type-post","status-publish","format-standard","has-post-thumbnail","hentry","category-cyclisme-sur-route","tag-breve","tag-championnats-du-monde-de-cyclisme-sur-route","tag-cyclisme","tag-cyclisme-sur-route","tag-paul-seixas","tag-sport"],"acf":[],"yoast_head":"<!-- This site is optimized with the Yoast SEO Premium plugin v26.7 (Yoast SEO v26.7) - https:\/\/yoast.com\/wordpress\/plugins\/seo\/ -->\n<title>Mondiaux de cyclisme \u00e0 Kigali : La dure le\u00e7on qui va forger Paul Seixas<\/title>\n<meta name=\"description\" content=\"CHAMPIONNATS DU MONDE DE CYCLISME 2025 \u2013 Auteur d\u2019une prestation anecdotique sur le contre-la-montre, Paul Seixas poursuit son apprentissage.\" \/>\n<meta name=\"robots\" content=\"index, follow, max-snippet:-1, max-image-preview:large, max-video-preview:-1\" \/>\n<link rel=\"canonical\" href=\"https:\/\/dicodusport.fr\/blog\/mondiaux-de-cyclisme-a-kigali-la-dure-lecon-qui-va-forger-paul-seixas\/\" \/>\n<meta property=\"og:locale\" content=\"fr_FR\" \/>\n<meta property=\"og:type\" content=\"article\" \/>\n<meta property=\"og:title\" content=\"Mondiaux de cyclisme \u00e0 Kigali : La dure le\u00e7on qui va forger Paul Seixas\" \/>\n<meta property=\"og:description\" content=\"CHAMPIONNATS DU MONDE DE CYCLISME 2025 \u2013 Auteur d\u2019une prestation anecdotique sur le contre-la-montre, Paul Seixas poursuit son apprentissage.\" \/>\n<meta property=\"og:url\" content=\"https:\/\/dicodusport.fr\/blog\/mondiaux-de-cyclisme-a-kigali-la-dure-lecon-qui-va-forger-paul-seixas\/\" \/>\n<meta property=\"og:site_name\" content=\"Dicodusport\" \/>\n<meta property=\"article:publisher\" content=\"https:\/\/www.facebook.com\/dicodusport\" \/>\n<meta property=\"article:published_time\" content=\"2025-09-22T14:30:18+00:00\" \/>\n<meta property=\"og:image\" content=\"https:\/\/dicodusport.fr\/blog\/wp-content\/uploads\/2025\/09\/Mondiaux-de-cyclisme-a-Kigali-La-dure-lecon-qui-va-forger-Paul-Seixas.png\" \/>\n\t<meta property=\"og:image:width\" content=\"1200\" \/>\n\t<meta property=\"og:image:height\" content=\"674\" \/>\n\t<meta property=\"og:image:type\" content=\"image\/png\" \/>\n<meta name=\"author\" content=\"Maxime Cazenave\" \/>\n<meta name=\"twitter:card\" content=\"summary_large_image\" \/>\n<meta name=\"twitter:title\" content=\"Mondiaux de cyclisme \u00e0 Kigali : La dure le\u00e7on qui va forger Paul Seixas\" \/>\n<meta name=\"twitter:creator\" content=\"@https:\/\/twitter.com\/Maxime_Caze\" \/>\n<meta name=\"twitter:site\" content=\"@dicodusport\" \/>\n<script type=\"application\/ld+json\" class=\"yoast-schema-graph\">{\"@context\":\"https:\/\/schema.org\",\"@graph\":[{\"@type\":\"NewsArticle\",\"@id\":\"https:\/\/dicodusport.fr\/blog\/mondiaux-de-cyclisme-a-kigali-la-dure-lecon-qui-va-forger-paul-seixas\/#article\",\"isPartOf\":{\"@id\":\"https:\/\/dicodusport.fr\/blog\/mondiaux-de-cyclisme-a-kigali-la-dure-lecon-qui-va-forger-paul-seixas\/\"},\"author\":{\"name\":\"Maxime Cazenave\",\"@id\":\"https:\/\/dicodusport.fr\/blog\/#\/schema\/person\/37def232098a7a5cbab3974a3690abb0\"},\"headline\":\"Mondiaux de cyclisme \u00e0 Kigali : La dure le\u00e7on qui va forger Paul Seixas\",\"datePublished\":\"2025-09-22T14:30:18+00:00\",\"mainEntityOfPage\":{\"@id\":\"https:\/\/dicodusport.fr\/blog\/mondiaux-de-cyclisme-a-kigali-la-dure-lecon-qui-va-forger-paul-seixas\/\"},\"wordCount\":856,\"commentCount\":0,\"publisher\":{\"@id\":\"https:\/\/dicodusport.fr\/blog\/#organization\"},\"image\":{\"@id\":\"https:\/\/dicodusport.fr\/blog\/mondiaux-de-cyclisme-a-kigali-la-dure-lecon-qui-va-forger-paul-seixas\/#primaryimage\"},\"thumbnailUrl\":\"https:\/\/dicodusport.fr\/blog\/wp-content\/uploads\/2025\/09\/Mondiaux-de-cyclisme-a-Kigali-La-dure-lecon-qui-va-forger-Paul-Seixas.png\",\"keywords\":[\"br\u00e8ve\",\"Championnats du monde de cyclisme sur route\",\"Cyclisme\",\"Cyclisme sur route\",\"paul seixas\",\"sport\"],\"articleSection\":[\"Cyclisme sur route\"],\"inLanguage\":\"fr-FR\",\"potentialAction\":[{\"@type\":\"CommentAction\",\"name\":\"Comment\",\"target\":[\"https:\/\/dicodusport.fr\/blog\/mondiaux-de-cyclisme-a-kigali-la-dure-lecon-qui-va-forger-paul-seixas\/#respond\"]}],\"copyrightYear\":\"2025\",\"copyrightHolder\":{\"@id\":\"https:\/\/dicodusport.fr\/blog\/#organization\"}},{\"@type\":\"WebPage\",\"@id\":\"https:\/\/dicodusport.fr\/blog\/mondiaux-de-cyclisme-a-kigali-la-dure-lecon-qui-va-forger-paul-seixas\/\",\"url\":\"https:\/\/dicodusport.fr\/blog\/mondiaux-de-cyclisme-a-kigali-la-dure-lecon-qui-va-forger-paul-seixas\/\",\"name\":\"Mondiaux de cyclisme \u00e0 Kigali : La dure le\u00e7on qui va forger Paul Seixas\",\"isPartOf\":{\"@id\":\"https:\/\/dicodusport.fr\/blog\/#website\"},\"primaryImageOfPage\":{\"@id\":\"https:\/\/dicodusport.fr\/blog\/mondiaux-de-cyclisme-a-kigali-la-dure-lecon-qui-va-forger-paul-seixas\/#primaryimage\"},\"image\":{\"@id\":\"https:\/\/dicodusport.fr\/blog\/mondiaux-de-cyclisme-a-kigali-la-dure-lecon-qui-va-forger-paul-seixas\/#primaryimage\"},\"thumbnailUrl\":\"https:\/\/dicodusport.fr\/blog\/wp-content\/uploads\/2025\/09\/Mondiaux-de-cyclisme-a-Kigali-La-dure-lecon-qui-va-forger-Paul-Seixas.png\",\"datePublished\":\"2025-09-22T14:30:18+00:00\",\"description\":\"CHAMPIONNATS DU MONDE DE CYCLISME 2025 \u2013 Auteur d\u2019une prestation anecdotique sur le contre-la-montre, Paul Seixas poursuit son apprentissage.\",\"breadcrumb\":{\"@id\":\"https:\/\/dicodusport.fr\/blog\/mondiaux-de-cyclisme-a-kigali-la-dure-lecon-qui-va-forger-paul-seixas\/#breadcrumb\"},\"inLanguage\":\"fr-FR\",\"potentialAction\":[{\"@type\":\"ReadAction\",\"target\":[\"https:\/\/dicodusport.fr\/blog\/mondiaux-de-cyclisme-a-kigali-la-dure-lecon-qui-va-forger-paul-seixas\/\"]}]},{\"@type\":\"ImageObject\",\"inLanguage\":\"fr-FR\",\"@id\":\"https:\/\/dicodusport.fr\/blog\/mondiaux-de-cyclisme-a-kigali-la-dure-lecon-qui-va-forger-paul-seixas\/#primaryimage\",\"url\":\"https:\/\/dicodusport.fr\/blog\/wp-content\/uploads\/2025\/09\/Mondiaux-de-cyclisme-a-Kigali-La-dure-lecon-qui-va-forger-Paul-Seixas.png\",\"contentUrl\":\"https:\/\/dicodusport.fr\/blog\/wp-content\/uploads\/2025\/09\/Mondiaux-de-cyclisme-a-Kigali-La-dure-lecon-qui-va-forger-Paul-Seixas.png\",\"width\":1200,\"height\":674,\"caption\":\"Mondiaux de cyclisme \u00e0 Kigali : La dure le\u00e7on qui va forger Paul Seixas\"},{\"@type\":\"BreadcrumbList\",\"@id\":\"https:\/\/dicodusport.fr\/blog\/mondiaux-de-cyclisme-a-kigali-la-dure-lecon-qui-va-forger-paul-seixas\/#breadcrumb\",\"itemListElement\":[{\"@type\":\"ListItem\",\"position\":1,\"name\":\"Accueil\",\"item\":\"https:\/\/dicodusport.fr\/blog\/\"},{\"@type\":\"ListItem\",\"position\":2,\"name\":\"Mondiaux de cyclisme \u00e0 Kigali : La dure le\u00e7on qui va forger Paul Seixas\"}]},{\"@type\":\"WebSite\",\"@id\":\"https:\/\/dicodusport.fr\/blog\/#website\",\"url\":\"https:\/\/dicodusport.fr\/blog\/\",\"name\":\"Dicodusport\",\"description\":\"L&#039;encyclop\u00e9die de l&#039;actualit\u00e9 sportive\",\"publisher\":{\"@id\":\"https:\/\/dicodusport.fr\/blog\/#organization\"},\"potentialAction\":[{\"@type\":\"SearchAction\",\"target\":{\"@type\":\"EntryPoint\",\"urlTemplate\":\"https:\/\/dicodusport.fr\/blog\/?s={search_term_string}\"},\"query-input\":{\"@type\":\"PropertyValueSpecification\",\"valueRequired\":true,\"valueName\":\"search_term_string\"}}],\"inLanguage\":\"fr-FR\"},{\"@type\":\"NewsMediaOrganization\",\"@id\":\"https:\/\/dicodusport.fr\/blog\/#organization\",\"name\":\"Dicodusport\",\"url\":\"https:\/\/dicodusport.fr\/blog\/\",\"logo\":{\"@type\":\"ImageObject\",\"inLanguage\":\"fr-FR\",\"@id\":\"https:\/\/dicodusport.fr\/blog\/#\/schema\/logo\/image\/\",\"url\":\"https:\/\/dicodusport.fr\/blog\/wp-content\/uploads\/2020\/06\/cropped-LOGO-DICODUSPORT-2020-SANS-FOND-SANS-TEXTE.png\",\"contentUrl\":\"https:\/\/dicodusport.fr\/blog\/wp-content\/uploads\/2020\/06\/cropped-LOGO-DICODUSPORT-2020-SANS-FOND-SANS-TEXTE.png\",\"width\":512,\"height\":512,\"caption\":\"Dicodusport\"},\"image\":{\"@id\":\"https:\/\/dicodusport.fr\/blog\/#\/schema\/logo\/image\/\"},\"sameAs\":[\"https:\/\/www.facebook.com\/dicodusport\",\"https:\/\/x.com\/dicodusport\",\"https:\/\/www.instagram.com\/dicodusport\/\",\"https:\/\/www.youtube.com\/channel\/UC7V2KZ5sd3htJivAbA4ZG3w\"],\"description\":\"Dicodusport est l'encyclop\u00e9die de l'actualit\u00e9 sportive.\",\"email\":\"bonjour@dicodusport.fr\",\"legalName\":\"DICODUSPORT\",\"foundingDate\":\"2018-01-14\",\"vatID\":\"FR71834470973\",\"taxID\":\"83447097300043\",\"numberOfEmployees\":{\"@type\":\"QuantitativeValue\",\"minValue\":\"1\",\"maxValue\":\"10\"}},{\"@type\":\"Person\",\"@id\":\"https:\/\/dicodusport.fr\/blog\/#\/schema\/person\/37def232098a7a5cbab3974a3690abb0\",\"name\":\"Maxime Cazenave\",\"image\":{\"@type\":\"ImageObject\",\"inLanguage\":\"fr-FR\",\"@id\":\"https:\/\/dicodusport.fr\/blog\/#\/schema\/person\/image\/\",\"url\":\"https:\/\/dicodusport.fr\/blog\/wp-content\/uploads\/2021\/05\/Maxime-Cazenave-150x150.jpg\",\"contentUrl\":\"https:\/\/dicodusport.fr\/blog\/wp-content\/uploads\/2021\/05\/Maxime-Cazenave-150x150.jpg\",\"caption\":\"Maxime Cazenave\"},\"description\":\"Journaliste\/R\u00e9dacteur depuis 2012 - Berc\u00e9 par l\u2019amour des Girondins de Bordeaux, les \u00e9checs de Christophe Moreau sur le Tour de France sous l'\u00e8re Lance Armstrong et le fade-away l\u00e9tal de Dirk Nowitzki, ma passion d\u00e9vorante pour le sport a toujours \u00e9t\u00e9 un pan incontournable de ma vie. Transmettre ma passion \u00e0 l\u2019\u00e9crit a \u00e9t\u00e9 une transition naturelle. Suiveur assidu de basket et de hockey sur glace, je garde toujours un peu de place pour suivre le cyclisme, le football et le maximum de performances fran\u00e7aises.\",\"sameAs\":[\"https:\/\/x.com\/https:\/\/twitter.com\/Maxime_Caze\"],\"url\":\"https:\/\/dicodusport.fr\/blog\/author\/maximec\/\"}]}<\/script>\n<!-- \/ Yoast SEO Premium plugin. -->","yoast_head_json":{"title":"Mondiaux de cyclisme \u00e0 Kigali : La dure le\u00e7on qui va forger Paul Seixas","description":"CHAMPIONNATS DU MONDE DE CYCLISME 2025 \u2013 Auteur d\u2019une prestation anecdotique sur le contre-la-montre, Paul Seixas poursuit son apprentissage.","robots":{"index":"index","follow":"follow","max-snippet":"max-snippet:-1","max-image-preview":"max-image-preview:large","max-video-preview":"max-video-preview:-1"},"canonical":"https:\/\/dicodusport.fr\/blog\/mondiaux-de-cyclisme-a-kigali-la-dure-lecon-qui-va-forger-paul-seixas\/","og_locale":"fr_FR","og_type":"article","og_title":"Mondiaux de cyclisme \u00e0 Kigali : La dure le\u00e7on qui va forger Paul Seixas","og_description":"CHAMPIONNATS DU MONDE DE CYCLISME 2025 \u2013 Auteur d\u2019une prestation anecdotique sur le contre-la-montre, Paul Seixas poursuit son apprentissage.","og_url":"https:\/\/dicodusport.fr\/blog\/mondiaux-de-cyclisme-a-kigali-la-dure-lecon-qui-va-forger-paul-seixas\/","og_site_name":"Dicodusport","article_publisher":"https:\/\/www.facebook.com\/dicodusport","article_published_time":"2025-09-22T14:30:18+00:00","og_image":[{"width":1200,"height":674,"url":"https:\/\/dicodusport.fr\/blog\/wp-content\/uploads\/2025\/09\/Mondiaux-de-cyclisme-a-Kigali-La-dure-lecon-qui-va-forger-Paul-Seixas.png","type":"image\/png"}],"author":"Maxime Cazenave","twitter_card":"summary_large_image","twitter_title":"Mondiaux de cyclisme \u00e0 Kigali : La dure le\u00e7on qui va forger Paul Seixas","twitter_creator":"@https:\/\/twitter.com\/Maxime_Caze","twitter_site":"@dicodusport","schema":{"@context":"https:\/\/schema.org","@graph":[{"@type":"NewsArticle","@id":"https:\/\/dicodusport.fr\/blog\/mondiaux-de-cyclisme-a-kigali-la-dure-lecon-qui-va-forger-paul-seixas\/#article","isPartOf":{"@id":"https:\/\/dicodusport.fr\/blog\/mondiaux-de-cyclisme-a-kigali-la-dure-lecon-qui-va-forger-paul-seixas\/"},"author":{"name":"Maxime Cazenave","@id":"https:\/\/dicodusport.fr\/blog\/#\/schema\/person\/37def232098a7a5cbab3974a3690abb0"},"headline":"Mondiaux de cyclisme \u00e0 Kigali : La dure le\u00e7on qui va forger Paul Seixas","datePublished":"2025-09-22T14:30:18+00:00","mainEntityOfPage":{"@id":"https:\/\/dicodusport.fr\/blog\/mondiaux-de-cyclisme-a-kigali-la-dure-lecon-qui-va-forger-paul-seixas\/"},"wordCount":856,"commentCount":0,"publisher":{"@id":"https:\/\/dicodusport.fr\/blog\/#organization"},"image":{"@id":"https:\/\/dicodusport.fr\/blog\/mondiaux-de-cyclisme-a-kigali-la-dure-lecon-qui-va-forger-paul-seixas\/#primaryimage"},"thumbnailUrl":"https:\/\/dicodusport.fr\/blog\/wp-content\/uploads\/2025\/09\/Mondiaux-de-cyclisme-a-Kigali-La-dure-lecon-qui-va-forger-Paul-Seixas.png","keywords":["br\u00e8ve","Championnats du monde de cyclisme sur route","Cyclisme","Cyclisme sur route","paul seixas","sport"],"articleSection":["Cyclisme sur route"],"inLanguage":"fr-FR","potentialAction":[{"@type":"CommentAction","name":"Comment","target":["https:\/\/dicodusport.fr\/blog\/mondiaux-de-cyclisme-a-kigali-la-dure-lecon-qui-va-forger-paul-seixas\/#respond"]}],"copyrightYear":"2025","copyrightHolder":{"@id":"https:\/\/dicodusport.fr\/blog\/#organization"}},{"@type":"WebPage","@id":"https:\/\/dicodusport.fr\/blog\/mondiaux-de-cyclisme-a-kigali-la-dure-lecon-qui-va-forger-paul-seixas\/","url":"https:\/\/dicodusport.fr\/blog\/mondiaux-de-cyclisme-a-kigali-la-dure-lecon-qui-va-forger-paul-seixas\/","name":"Mondiaux de cyclisme \u00e0 Kigali : La dure le\u00e7on qui va forger Paul Seixas","isPartOf":{"@id":"https:\/\/dicodusport.fr\/blog\/#website"},"primaryImageOfPage":{"@id":"https:\/\/dicodusport.fr\/blog\/mondiaux-de-cyclisme-a-kigali-la-dure-lecon-qui-va-forger-paul-seixas\/#primaryimage"},"image":{"@id":"https:\/\/dicodusport.fr\/blog\/mondiaux-de-cyclisme-a-kigali-la-dure-lecon-qui-va-forger-paul-seixas\/#primaryimage"},"thumbnailUrl":"https:\/\/dicodusport.fr\/blog\/wp-content\/uploads\/2025\/09\/Mondiaux-de-cyclisme-a-Kigali-La-dure-lecon-qui-va-forger-Paul-Seixas.png","datePublished":"2025-09-22T14:30:18+00:00","description":"CHAMPIONNATS DU MONDE DE CYCLISME 2025 \u2013 Auteur d\u2019une prestation anecdotique sur le contre-la-montre, Paul Seixas poursuit son apprentissage.","breadcrumb":{"@id":"https:\/\/dicodusport.fr\/blog\/mondiaux-de-cyclisme-a-kigali-la-dure-lecon-qui-va-forger-paul-seixas\/#breadcrumb"},"inLanguage":"fr-FR","potentialAction":[{"@type":"ReadAction","target":["https:\/\/dicodusport.fr\/blog\/mondiaux-de-cyclisme-a-kigali-la-dure-lecon-qui-va-forger-paul-seixas\/"]}]},{"@type":"ImageObject","inLanguage":"fr-FR","@id":"https:\/\/dicodusport.fr\/blog\/mondiaux-de-cyclisme-a-kigali-la-dure-lecon-qui-va-forger-paul-seixas\/#primaryimage","url":"https:\/\/dicodusport.fr\/blog\/wp-content\/uploads\/2025\/09\/Mondiaux-de-cyclisme-a-Kigali-La-dure-lecon-qui-va-forger-Paul-Seixas.png","contentUrl":"https:\/\/dicodusport.fr\/blog\/wp-content\/uploads\/2025\/09\/Mondiaux-de-cyclisme-a-Kigali-La-dure-lecon-qui-va-forger-Paul-Seixas.png","width":1200,"height":674,"caption":"Mondiaux de cyclisme \u00e0 Kigali : La dure le\u00e7on qui va forger Paul Seixas"},{"@type":"BreadcrumbList","@id":"https:\/\/dicodusport.fr\/blog\/mondiaux-de-cyclisme-a-kigali-la-dure-lecon-qui-va-forger-paul-seixas\/#breadcrumb","itemListElement":[{"@type":"ListItem","position":1,"name":"Accueil","item":"https:\/\/dicodusport.fr\/blog\/"},{"@type":"ListItem","position":2,"name":"Mondiaux de cyclisme \u00e0 Kigali : La dure le\u00e7on qui va forger Paul Seixas"}]},{"@type":"WebSite","@id":"https:\/\/dicodusport.fr\/blog\/#website","url":"https:\/\/dicodusport.fr\/blog\/","name":"Dicodusport","description":"L&#039;encyclop\u00e9die de l&#039;actualit\u00e9 sportive","publisher":{"@id":"https:\/\/dicodusport.fr\/blog\/#organization"},"potentialAction":[{"@type":"SearchAction","target":{"@type":"EntryPoint","urlTemplate":"https:\/\/dicodusport.fr\/blog\/?s={search_term_string}"},"query-input":{"@type":"PropertyValueSpecification","valueRequired":true,"valueName":"search_term_string"}}],"inLanguage":"fr-FR"},{"@type":"NewsMediaOrganization","@id":"https:\/\/dicodusport.fr\/blog\/#organization","name":"Dicodusport","url":"https:\/\/dicodusport.fr\/blog\/","logo":{"@type":"ImageObject","inLanguage":"fr-FR","@id":"https:\/\/dicodusport.fr\/blog\/#\/schema\/logo\/image\/","url":"https:\/\/dicodusport.fr\/blog\/wp-content\/uploads\/2020\/06\/cropped-LOGO-DICODUSPORT-2020-SANS-FOND-SANS-TEXTE.png","contentUrl":"https:\/\/dicodusport.fr\/blog\/wp-content\/uploads\/2020\/06\/cropped-LOGO-DICODUSPORT-2020-SANS-FOND-SANS-TEXTE.png","width":512,"height":512,"caption":"Dicodusport"},"image":{"@id":"https:\/\/dicodusport.fr\/blog\/#\/schema\/logo\/image\/"},"sameAs":["https:\/\/www.facebook.com\/dicodusport","https:\/\/x.com\/dicodusport","https:\/\/www.instagram.com\/dicodusport\/","https:\/\/www.youtube.com\/channel\/UC7V2KZ5sd3htJivAbA4ZG3w"],"description":"Dicodusport est l'encyclop\u00e9die de l'actualit\u00e9 sportive.","email":"bonjour@dicodusport.fr","legalName":"DICODUSPORT","foundingDate":"2018-01-14","vatID":"FR71834470973","taxID":"83447097300043","numberOfEmployees":{"@type":"QuantitativeValue","minValue":"1","maxValue":"10"}},{"@type":"Person","@id":"https:\/\/dicodusport.fr\/blog\/#\/schema\/person\/37def232098a7a5cbab3974a3690abb0","name":"Maxime Cazenave","image":{"@type":"ImageObject","inLanguage":"fr-FR","@id":"https:\/\/dicodusport.fr\/blog\/#\/schema\/person\/image\/","url":"https:\/\/dicodusport.fr\/blog\/wp-content\/uploads\/2021\/05\/Maxime-Cazenave-150x150.jpg","contentUrl":"https:\/\/dicodusport.fr\/blog\/wp-content\/uploads\/2021\/05\/Maxime-Cazenave-150x150.jpg","caption":"Maxime Cazenave"},"description":"Journaliste\/R\u00e9dacteur depuis 2012 - Berc\u00e9 par l\u2019amour des Girondins de Bordeaux, les \u00e9checs de Christophe Moreau sur le Tour de France sous l'\u00e8re Lance Armstrong et le fade-away l\u00e9tal de Dirk Nowitzki, ma passion d\u00e9vorante pour le sport a toujours \u00e9t\u00e9 un pan incontournable de ma vie. Transmettre ma passion \u00e0 l\u2019\u00e9crit a \u00e9t\u00e9 une transition naturelle. Suiveur assidu de basket et de hockey sur glace, je garde toujours un peu de place pour suivre le cyclisme, le football et le maximum de performances fran\u00e7aises.","sameAs":["https:\/\/x.com\/https:\/\/twitter.com\/Maxime_Caze"],"url":"https:\/\/dicodusport.fr\/blog\/author\/maximec\/"}]}},"_links":{"self":[{"href":"https:\/\/dicodusport.fr\/blog\/wp-json\/wp\/v2\/posts\/613613","targetHints":{"allow":["GET"]}}],"collection":[{"href":"https:\/\/dicodusport.fr\/blog\/wp-json\/wp\/v2\/posts"}],"about":[{"href":"https:\/\/dicodusport.fr\/blog\/wp-json\/wp\/v2\/types\/post"}],"author":[{"embeddable":true,"href":"https:\/\/dicodusport.fr\/blog\/wp-json\/wp\/v2\/users\/55"}],"replies":[{"embeddable":true,"href":"https:\/\/dicodusport.fr\/blog\/wp-json\/wp\/v2\/comments?post=613613"}],"version-history":[{"count":5,"href":"https:\/\/dicodusport.fr\/blog\/wp-json\/wp\/v2\/posts\/613613\/revisions"}],"predecessor-version":[{"id":613632,"href":"https:\/\/dicodusport.fr\/blog\/wp-json\/wp\/v2\/posts\/613613\/revisions\/613632"}],"wp:featuredmedia":[{"embeddable":true,"href":"https:\/\/dicodusport.fr\/blog\/wp-json\/wp\/v2\/media\/613624"}],"wp:attachment":[{"href":"https:\/\/dicodusport.fr\/blog\/wp-json\/wp\/v2\/media?parent=613613"}],"wp:term":[{"taxonomy":"category","embeddable":true,"href":"https:\/\/dicodusport.fr\/blog\/wp-json\/wp\/v2\/categories?post=613613"},{"taxonomy":"post_tag","embeddable":true,"href":"https:\/\/dicodusport.fr\/blog\/wp-json\/wp\/v2\/tags?post=613613"}],"curies":[{"name":"wp","href":"https:\/\/api.w.org\/{rel}","templated":true}]}}