{"id":613641,"date":"2025-09-22T15:54:30","date_gmt":"2025-09-22T13:54:30","guid":{"rendered":"https:\/\/dicodusport.fr\/blog\/?p=613641&#038;preview=true&#038;preview_id=613641"},"modified":"2025-09-22T15:54:30","modified_gmt":"2025-09-22T13:54:30","slug":"para-natation-mondiaux-2025-trois-medailles-de-plus-pour-la-france-kylian-portal-en-or","status":"publish","type":"post","link":"https:\/\/dicodusport.fr\/blog\/para-natation-mondiaux-2025-trois-medailles-de-plus-pour-la-france-kylian-portal-en-or\/","title":{"rendered":"Para Natation Mondiaux 2025 : Trois m\u00e9dailles de plus pour la France, Kylian Portal en or !"},"content":{"rendered":"<p style=\"text-align: justify;\"><strong><em>CHAMPIONNATS DU MONDE DE PARA NATATION 2025 &#8211; Deuxi\u00e8me journ\u00e9e, deuxi\u00e8me fourn\u00e9e de m\u00e9dailles, avec en point d&rsquo;orgue le premier titre mondial pour Kylian Portal.<\/em><\/strong><\/p>\n<p style=\"text-align: justify;\">Les championnats du monde 2025 de para natation ont d\u00e9marr\u00e9 hier \u00e0 Singapour, et d\u00e8s la premi\u00e8re journ\u00e9e de comp\u00e9tition, les Bleus ont frapp\u00e9 fort, principalement via le titre d&rsquo;<strong>Hector Denayer<\/strong>. De quoi lancer la machine fran\u00e7aise, et les Tricolores ont confirm\u00e9 aujourd&rsquo;hui.<\/p>\n<div class=\"vlp-link-container vlp-layout-article\"><a href=\"https:\/\/dicodusport.fr\/blog\/para-natation-mondiaux-2025-hector-denayer-ouvre-le-compteur-francais-avec-de-lor\/\" class=\"vlp-link\" title=\"Para Natation Mondiaux 2025 : Hector Denayer ouvre le compteur fran\u00e7ais avec de l&#039;or\"><\/a><div class=\"vlp-layout-zone-side\"><div class=\"vlp-block-4 vlp-link-image\"><img loading=\"lazy\" decoding=\"async\" style=\"max-width: 792px;\" width=\"792\" height=\"445\" src=\"https:\/\/dicodusport.fr\/blog\/wp-content\/uploads\/2025\/09\/Para-Natation-Mondiaux-2025-Hector-Denayer-ouvre-le-compteur-francais-avec-de-lor.png\" class=\"attachment-800x445 size-800x445\" alt=\"Para Natation Mondiaux 2025 Hector Denayer ouvre le compteur fran\u00e7ais avec de l&#039;or\" srcset=\"https:\/\/dicodusport.fr\/blog\/wp-content\/uploads\/2025\/09\/Para-Natation-Mondiaux-2025-Hector-Denayer-ouvre-le-compteur-francais-avec-de-lor.png 1200w, https:\/\/dicodusport.fr\/blog\/wp-content\/uploads\/2025\/09\/Para-Natation-Mondiaux-2025-Hector-Denayer-ouvre-le-compteur-francais-avec-de-lor-300x169.png 300w, https:\/\/dicodusport.fr\/blog\/wp-content\/uploads\/2025\/09\/Para-Natation-Mondiaux-2025-Hector-Denayer-ouvre-le-compteur-francais-avec-de-lor-1024x575.png 1024w, https:\/\/dicodusport.fr\/blog\/wp-content\/uploads\/2025\/09\/Para-Natation-Mondiaux-2025-Hector-Denayer-ouvre-le-compteur-francais-avec-de-lor-768x431.png 768w\" sizes=\"auto, (max-width: 792px) 100vw, 792px\" \/><\/div><\/div><div class=\"vlp-layout-zone-main\"><div class=\"vlp-block-0 vlp-link-title\">Para Natation Mondiaux 2025 : Hector Denayer ouvre le compteur fran\u00e7ais avec de l'or<\/div><div class=\"vlp-block-1 vlp-link-summary\">CHAMPIONNATS DU MONDE DE PARA NATATION 2025 - Pour cette 1\u00e8re journ\u00e9e de comp\u00e9tition, la France r\u00e9colte 2 m\u00e9dailles : le titre pour Hector Denayer en 100 m brasse SB9 et le bronze pour Alex Portal en 100 m papillon S13.<\/div><div class=\"vlp-block-2 vlp-link-button\">Lire l'article<\/div><div class=\"vlp-block-3 vlp-link-url\">dicodusport.fr<\/div><\/div><\/div>\n<h2 style=\"text-align: justify;\">La cons\u00e9cration de Kylian Portal<\/h2>\n<p style=\"text-align: justify;\">C&rsquo;\u00e9tait l&rsquo;une des belles images des Jeux Paralympiques l&rsquo;\u00e9t\u00e9 dernier : m\u00e9daill\u00e9 de bronze sur le 400 m\u00e8tres nage libre S13, <strong>Kylian Portal<\/strong> avait partag\u00e9 le podium avec&#8230; son fr\u00e8re, <strong>Alex Portal<\/strong>.<\/p>\n<div class=\"vlp-link-container vlp-layout-article\"><a href=\"https:\/\/dicodusport.fr\/blog\/natation-jeux-paralympiques-2024-alex-et-kylian-portal-sur-le-podium-du-400m-nage-libre-s13\/\" class=\"vlp-link\" title=\"Natation Jeux Paralympiques 2024 : Alex et Kylian Portal sur le podium du 400m nage libre S13\"><\/a><div class=\"vlp-layout-zone-side\"><div class=\"vlp-block-4 vlp-link-image\"><img loading=\"lazy\" decoding=\"async\" style=\"max-width: 792px;\" width=\"792\" height=\"445\" src=\"https:\/\/dicodusport.fr\/blog\/wp-content\/uploads\/2024\/08\/Natation-Jeux-Paralympiques-2024-Alex-et-Kylian-Portal-sur-le-podium-du-400m-nage-libre-S13-1.png\" class=\"attachment-800x445 size-800x445\" alt=\"Natation Jeux Paralympiques 2024 Alex et Kylian Portal sur le podium du 400m nage libre\" srcset=\"https:\/\/dicodusport.fr\/blog\/wp-content\/uploads\/2024\/08\/Natation-Jeux-Paralympiques-2024-Alex-et-Kylian-Portal-sur-le-podium-du-400m-nage-libre-S13-1.png 1200w, https:\/\/dicodusport.fr\/blog\/wp-content\/uploads\/2024\/08\/Natation-Jeux-Paralympiques-2024-Alex-et-Kylian-Portal-sur-le-podium-du-400m-nage-libre-S13-1-300x169.png 300w, https:\/\/dicodusport.fr\/blog\/wp-content\/uploads\/2024\/08\/Natation-Jeux-Paralympiques-2024-Alex-et-Kylian-Portal-sur-le-podium-du-400m-nage-libre-S13-1-1024x575.png 1024w, https:\/\/dicodusport.fr\/blog\/wp-content\/uploads\/2024\/08\/Natation-Jeux-Paralympiques-2024-Alex-et-Kylian-Portal-sur-le-podium-du-400m-nage-libre-S13-1-768x431.png 768w\" sizes=\"auto, (max-width: 792px) 100vw, 792px\" \/><\/div><\/div><div class=\"vlp-layout-zone-main\"><div class=\"vlp-block-0 vlp-link-title\">Natation Jeux Paralympiques 2024 : Alex et Kylian Portal sur le podium du 400m nage libre S13<\/div><div class=\"vlp-block-1 vlp-link-summary\">Alex Portal vice champion paralympique du 400m nage libre S13<\/div><div class=\"vlp-block-2 vlp-link-button\">Lire l'article<\/div><div class=\"vlp-block-3 vlp-link-url\">dicodusport.fr<\/div><\/div><\/div>\n<p style=\"text-align: justify;\">Et ce dernier, d\u00e9j\u00e0 multiple champion du monde, a ramen\u00e9 du bronze hier. Mais jamais <strong>Kylian Portal<\/strong> n&rsquo;avait \u00e9t\u00e9 sacr\u00e9 aux Mondiaux, lui qui avait ramen\u00e9 une m\u00e9daille de bronze de Manchester voil\u00e0 deux ans. C&rsquo;est chose faite, pas sur son \u00e9preuve f\u00e9tiche, le 400 m\u00e8tres nage libre, mais sur le 100 m\u00e8tres papillon, qu&rsquo;il a enlev\u00e9 avec seulement trois centi\u00e8mes d&rsquo;avance sur le Russe <strong>Dzimitry Salei<\/strong>. \u00c0 18 ans seulement, voil\u00e0 un nageur qui a sans doute de quoi r\u00e9ussir de sacr\u00e9s Mondiaux. La suite s&rsquo;annonce radieuse.<\/p>\n<blockquote class=\"twitter-tweet\">\n<p dir=\"ltr\" lang=\"fr\">\ud835\udc73\ud835\udc6c \ud835\udc6a\ud835\udc76\ud835\udc7c\ud835\udc77 \ud835\udc6b\ud835\udc6c \ud835\udc6d\ud835\udc76\ud835\udc79\ud835\udc6a\ud835\udc6c \ud835\udc6b\ud835\udc6c \ud835\udc72\ud835\udc80\ud835\udc73\ud835\udc70\ud835\udc68\ud835\udc75 \ud83c\udf1f<\/p>\n<p>A 18 ans seulement, Kylian Portal remporte son premier titre de Champion du Monde sur le 100m papillon \ud83e\udd47 Une nouvelle performance majuscule pour l&rsquo;athl\u00e8te d\u00e9j\u00e0 m\u00e9daill\u00e9 de bronze \u00e0 Paris l&rsquo;\u00e9t\u00e9 dernier \ud83d\udcaa <a href=\"https:\/\/twitter.com\/hashtag\/EDFSport?src=hash&amp;ref_src=twsrc%5Etfw\">#EDFSport<\/a> <a href=\"https:\/\/twitter.com\/hashtag\/DLDJui?src=hash&amp;ref_src=twsrc%5Etfw\">#DLDJui<\/a> <a href=\"https:\/\/t.co\/deioY1Nn2q\">pic.twitter.com\/deioY1Nn2q<\/a><\/p>\n<p>\u2014 EDF Sport (@EDF_Sport) <a href=\"https:\/\/twitter.com\/EDF_Sport\/status\/1970093628824367238?ref_src=twsrc%5Etfw\">September 22, 2025<\/a><\/p><\/blockquote>\n<p style=\"text-align: justify;\"><script async src=\"https:\/\/platform.twitter.com\/widgets.js\" charset=\"utf-8\"><\/script><\/p>\n<p style=\"text-align: justify;\"><span style=\"text-align: justify;\">Sur le 200 m 4 nages SM9, les Bleus ont fait un sacr\u00e9 doubl\u00e9. Certes, ils n&rsquo;ont pas rafl\u00e9 le titre, promis \u00e0 l&rsquo;Australien\u00a0<\/span><strong style=\"text-align: justify;\">Timothy Hodge<\/strong><span style=\"text-align: justify;\">, au-dessus de la concurrence, mais ils se sont bagarr\u00e9s outrageusement pour la deuxi\u00e8me place, qui a finalement \u00e9chu au champion de la veille,\u00a0<\/span><strong style=\"text-align: justify;\">Hector Denayer<\/strong><span style=\"text-align: justify;\">, pour&#8230; 1 centi\u00e8me devant Ugo Didier. Deux m\u00e9dailles de plus de la part de deux para nageurs qui devraient encore faire grimper le compteur d&rsquo;ici dimanche.<\/span><\/p>\n<h2 style=\"text-align: justify;\">Les m\u00e9dailles fran\u00e7aises<\/h2>\n<p style=\"text-align: justify;\">Or : Hector Denayer (100 m brasse SB9), Kylian Portal (100 m papillon S12).<\/p>\n<p style=\"text-align: justify;\">Argent : Hector Denayer (200 m 4 nages SM9).<\/p>\n<p style=\"text-align: justify;\">Bronze : Alex Portal (100 m papillon SB13), Ugo Didier (200 m 4 nages SM9).<\/p>\n","protected":false},"excerpt":{"rendered":"<p>CHAMPIONNATS DU MONDE DE PARA NATATION 2025 &#8211; Deuxi\u00e8me journ\u00e9e, deuxi\u00e8me fourn\u00e9e de m\u00e9dailles, avec en point d&rsquo;orgue le premier titre mondial pour Kylian Portal.<\/p>\n","protected":false},"author":59,"featured_media":613643,"comment_status":"open","ping_status":"closed","sticky":false,"template":"","format":"standard","meta":{"_acf_changed":false,"_daextam_enable_autolinks":"1","footnotes":""},"categories":[5753,2306],"tags":[16878,33240],"class_list":["post-613641","post","type-post","status-publish","format-standard","has-post-thumbnail","hentry","category-handisport","category-natation","tag-breve","tag-mondiaux-de-para-natation"],"acf":[],"yoast_head":"<!-- This site is optimized with the Yoast SEO Premium plugin v26.7 (Yoast SEO v26.7) - https:\/\/yoast.com\/wordpress\/plugins\/seo\/ -->\n<title>Para Natation Mondiaux 2025 : Trois m\u00e9dailles de plus pour la France, Kylian Portal en or !<\/title>\n<meta name=\"description\" content=\"CHAMPIONNATS DU MONDE DE PARA NATATION 2025 - Deuxi\u00e8me journ\u00e9e, deuxi\u00e8me fourn\u00e9e de m\u00e9dailles, avec en point d&#039;orgue le premier titre mondial pour Kylian Portal.\" \/>\n<meta name=\"robots\" content=\"index, follow, max-snippet:-1, max-image-preview:large, max-video-preview:-1\" \/>\n<link rel=\"canonical\" href=\"https:\/\/dicodusport.fr\/blog\/para-natation-mondiaux-2025-trois-medailles-de-plus-pour-la-france-kylian-portal-en-or\/\" \/>\n<meta property=\"og:locale\" content=\"fr_FR\" \/>\n<meta property=\"og:type\" content=\"article\" \/>\n<meta property=\"og:title\" content=\"Para Natation Mondiaux 2025 : Trois m\u00e9dailles de plus pour la France, Kylian Portal en or !\" \/>\n<meta property=\"og:description\" content=\"CHAMPIONNATS DU MONDE DE PARA NATATION 2025 - Deuxi\u00e8me journ\u00e9e, deuxi\u00e8me fourn\u00e9e de m\u00e9dailles, avec en point d&#039;orgue le premier titre mondial pour Kylian Portal.\" \/>\n<meta property=\"og:url\" content=\"https:\/\/dicodusport.fr\/blog\/para-natation-mondiaux-2025-trois-medailles-de-plus-pour-la-france-kylian-portal-en-or\/\" \/>\n<meta property=\"og:site_name\" content=\"Dicodusport\" \/>\n<meta property=\"article:publisher\" content=\"https:\/\/www.facebook.com\/dicodusport\" \/>\n<meta property=\"article:author\" content=\"https:\/\/www.facebook.com\/sebastien.gente\/\" \/>\n<meta property=\"article:published_time\" content=\"2025-09-22T13:54:30+00:00\" \/>\n<meta property=\"og:image\" content=\"https:\/\/dicodusport.fr\/blog\/wp-content\/uploads\/2025\/09\/Para-Natation-Mondiaux-2025-Trois-medailles-de-plus-pour-la-France-Kylian-Portal-en-or-.png\" \/>\n\t<meta property=\"og:image:width\" content=\"1200\" \/>\n\t<meta property=\"og:image:height\" content=\"674\" \/>\n\t<meta property=\"og:image:type\" content=\"image\/png\" \/>\n<meta name=\"author\" content=\"S\u00e9bastien Gente\" \/>\n<meta name=\"twitter:card\" content=\"summary_large_image\" \/>\n<meta name=\"twitter:title\" content=\"Para Natation Mondiaux 2025 : Trois m\u00e9dailles de plus pour la France, Kylian Portal en or !\" \/>\n<meta name=\"twitter:creator\" content=\"@https:\/\/twitter.com\/globulo24\" \/>\n<meta name=\"twitter:site\" content=\"@dicodusport\" \/>\n<script type=\"application\/ld+json\" class=\"yoast-schema-graph\">{\"@context\":\"https:\/\/schema.org\",\"@graph\":[{\"@type\":\"NewsArticle\",\"@id\":\"https:\/\/dicodusport.fr\/blog\/para-natation-mondiaux-2025-trois-medailles-de-plus-pour-la-france-kylian-portal-en-or\/#article\",\"isPartOf\":{\"@id\":\"https:\/\/dicodusport.fr\/blog\/para-natation-mondiaux-2025-trois-medailles-de-plus-pour-la-france-kylian-portal-en-or\/\"},\"author\":{\"name\":\"S\u00e9bastien Gente\",\"@id\":\"https:\/\/dicodusport.fr\/blog\/#\/schema\/person\/627966a6cde45dbd8c5e36ac85d783da\"},\"headline\":\"Para Natation Mondiaux 2025 : Trois m\u00e9dailles de plus pour la France, Kylian Portal en or !\",\"datePublished\":\"2025-09-22T13:54:30+00:00\",\"mainEntityOfPage\":{\"@id\":\"https:\/\/dicodusport.fr\/blog\/para-natation-mondiaux-2025-trois-medailles-de-plus-pour-la-france-kylian-portal-en-or\/\"},\"wordCount\":566,\"commentCount\":0,\"publisher\":{\"@id\":\"https:\/\/dicodusport.fr\/blog\/#organization\"},\"image\":{\"@id\":\"https:\/\/dicodusport.fr\/blog\/para-natation-mondiaux-2025-trois-medailles-de-plus-pour-la-france-kylian-portal-en-or\/#primaryimage\"},\"thumbnailUrl\":\"https:\/\/dicodusport.fr\/blog\/wp-content\/uploads\/2025\/09\/Para-Natation-Mondiaux-2025-Trois-medailles-de-plus-pour-la-France-Kylian-Portal-en-or-.png\",\"keywords\":[\"br\u00e8ve\",\"Mondiaux de para natation\"],\"articleSection\":[\"Handisport\",\"Natation\"],\"inLanguage\":\"fr-FR\",\"potentialAction\":[{\"@type\":\"CommentAction\",\"name\":\"Comment\",\"target\":[\"https:\/\/dicodusport.fr\/blog\/para-natation-mondiaux-2025-trois-medailles-de-plus-pour-la-france-kylian-portal-en-or\/#respond\"]}],\"copyrightYear\":\"2025\",\"copyrightHolder\":{\"@id\":\"https:\/\/dicodusport.fr\/blog\/#organization\"}},{\"@type\":\"WebPage\",\"@id\":\"https:\/\/dicodusport.fr\/blog\/para-natation-mondiaux-2025-trois-medailles-de-plus-pour-la-france-kylian-portal-en-or\/\",\"url\":\"https:\/\/dicodusport.fr\/blog\/para-natation-mondiaux-2025-trois-medailles-de-plus-pour-la-france-kylian-portal-en-or\/\",\"name\":\"Para Natation Mondiaux 2025 : Trois m\u00e9dailles de plus pour la France, Kylian Portal en or !\",\"isPartOf\":{\"@id\":\"https:\/\/dicodusport.fr\/blog\/#website\"},\"primaryImageOfPage\":{\"@id\":\"https:\/\/dicodusport.fr\/blog\/para-natation-mondiaux-2025-trois-medailles-de-plus-pour-la-france-kylian-portal-en-or\/#primaryimage\"},\"image\":{\"@id\":\"https:\/\/dicodusport.fr\/blog\/para-natation-mondiaux-2025-trois-medailles-de-plus-pour-la-france-kylian-portal-en-or\/#primaryimage\"},\"thumbnailUrl\":\"https:\/\/dicodusport.fr\/blog\/wp-content\/uploads\/2025\/09\/Para-Natation-Mondiaux-2025-Trois-medailles-de-plus-pour-la-France-Kylian-Portal-en-or-.png\",\"datePublished\":\"2025-09-22T13:54:30+00:00\",\"description\":\"CHAMPIONNATS DU MONDE DE PARA NATATION 2025 - Deuxi\u00e8me journ\u00e9e, deuxi\u00e8me fourn\u00e9e de m\u00e9dailles, avec en point d'orgue le premier titre mondial pour Kylian Portal.\",\"breadcrumb\":{\"@id\":\"https:\/\/dicodusport.fr\/blog\/para-natation-mondiaux-2025-trois-medailles-de-plus-pour-la-france-kylian-portal-en-or\/#breadcrumb\"},\"inLanguage\":\"fr-FR\",\"potentialAction\":[{\"@type\":\"ReadAction\",\"target\":[\"https:\/\/dicodusport.fr\/blog\/para-natation-mondiaux-2025-trois-medailles-de-plus-pour-la-france-kylian-portal-en-or\/\"]}]},{\"@type\":\"ImageObject\",\"inLanguage\":\"fr-FR\",\"@id\":\"https:\/\/dicodusport.fr\/blog\/para-natation-mondiaux-2025-trois-medailles-de-plus-pour-la-france-kylian-portal-en-or\/#primaryimage\",\"url\":\"https:\/\/dicodusport.fr\/blog\/wp-content\/uploads\/2025\/09\/Para-Natation-Mondiaux-2025-Trois-medailles-de-plus-pour-la-France-Kylian-Portal-en-or-.png\",\"contentUrl\":\"https:\/\/dicodusport.fr\/blog\/wp-content\/uploads\/2025\/09\/Para-Natation-Mondiaux-2025-Trois-medailles-de-plus-pour-la-France-Kylian-Portal-en-or-.png\",\"width\":1200,\"height\":674,\"caption\":\"Para Natation Mondiaux 2025 Trois m\u00e9dailles de plus pour la France, Kylian Portal en or !\"},{\"@type\":\"BreadcrumbList\",\"@id\":\"https:\/\/dicodusport.fr\/blog\/para-natation-mondiaux-2025-trois-medailles-de-plus-pour-la-france-kylian-portal-en-or\/#breadcrumb\",\"itemListElement\":[{\"@type\":\"ListItem\",\"position\":1,\"name\":\"Accueil\",\"item\":\"https:\/\/dicodusport.fr\/blog\/\"},{\"@type\":\"ListItem\",\"position\":2,\"name\":\"Para Natation Mondiaux 2025 : Trois m\u00e9dailles de plus pour la France, Kylian Portal en or !\"}]},{\"@type\":\"WebSite\",\"@id\":\"https:\/\/dicodusport.fr\/blog\/#website\",\"url\":\"https:\/\/dicodusport.fr\/blog\/\",\"name\":\"Dicodusport\",\"description\":\"L&#039;encyclop\u00e9die de l&#039;actualit\u00e9 sportive\",\"publisher\":{\"@id\":\"https:\/\/dicodusport.fr\/blog\/#organization\"},\"potentialAction\":[{\"@type\":\"SearchAction\",\"target\":{\"@type\":\"EntryPoint\",\"urlTemplate\":\"https:\/\/dicodusport.fr\/blog\/?s={search_term_string}\"},\"query-input\":{\"@type\":\"PropertyValueSpecification\",\"valueRequired\":true,\"valueName\":\"search_term_string\"}}],\"inLanguage\":\"fr-FR\"},{\"@type\":\"NewsMediaOrganization\",\"@id\":\"https:\/\/dicodusport.fr\/blog\/#organization\",\"name\":\"Dicodusport\",\"url\":\"https:\/\/dicodusport.fr\/blog\/\",\"logo\":{\"@type\":\"ImageObject\",\"inLanguage\":\"fr-FR\",\"@id\":\"https:\/\/dicodusport.fr\/blog\/#\/schema\/logo\/image\/\",\"url\":\"https:\/\/dicodusport.fr\/blog\/wp-content\/uploads\/2020\/06\/cropped-LOGO-DICODUSPORT-2020-SANS-FOND-SANS-TEXTE.png\",\"contentUrl\":\"https:\/\/dicodusport.fr\/blog\/wp-content\/uploads\/2020\/06\/cropped-LOGO-DICODUSPORT-2020-SANS-FOND-SANS-TEXTE.png\",\"width\":512,\"height\":512,\"caption\":\"Dicodusport\"},\"image\":{\"@id\":\"https:\/\/dicodusport.fr\/blog\/#\/schema\/logo\/image\/\"},\"sameAs\":[\"https:\/\/www.facebook.com\/dicodusport\",\"https:\/\/x.com\/dicodusport\",\"https:\/\/www.instagram.com\/dicodusport\/\",\"https:\/\/www.youtube.com\/channel\/UC7V2KZ5sd3htJivAbA4ZG3w\"],\"description\":\"Dicodusport est l'encyclop\u00e9die de l'actualit\u00e9 sportive.\",\"email\":\"bonjour@dicodusport.fr\",\"legalName\":\"DICODUSPORT\",\"foundingDate\":\"2018-01-14\",\"vatID\":\"FR71834470973\",\"taxID\":\"83447097300043\",\"numberOfEmployees\":{\"@type\":\"QuantitativeValue\",\"minValue\":\"1\",\"maxValue\":\"10\"}},{\"@type\":\"Person\",\"@id\":\"https:\/\/dicodusport.fr\/blog\/#\/schema\/person\/627966a6cde45dbd8c5e36ac85d783da\",\"name\":\"S\u00e9bastien Gente\",\"image\":{\"@type\":\"ImageObject\",\"inLanguage\":\"fr-FR\",\"@id\":\"https:\/\/dicodusport.fr\/blog\/#\/schema\/person\/image\/\",\"url\":\"https:\/\/dicodusport.fr\/blog\/wp-content\/uploads\/2021\/09\/1510990_10205810251400683_4124423575079401707_n-150x150.jpg\",\"contentUrl\":\"https:\/\/dicodusport.fr\/blog\/wp-content\/uploads\/2021\/09\/1510990_10205810251400683_4124423575079401707_n-150x150.jpg\",\"caption\":\"S\u00e9bastien Gente\"},\"description\":\"John Stockton, Gianni Bugno, Zinedine Zidane, Steffi Graf, Frode Andresen, St\u00e9phane Stoecklin, Davis Kamoga, Primoz Peterka, Werner Schlager et Aur\u00e9lien Rougerie. Point commun entre ces sportifs? Ils m'ont fait r\u00eaver et ont berc\u00e9 mon adolescence. Je suis un fondu de sports et j'essaie de retranscrire ma passion \u00e0 travers mes articles. Originaire du P\u00e9rigord, ma passion pour les Girondins, les Jaunards et les Jazzmen transpire dans mes \u00e9crits. \u00c0 Dicodusport depuis 2021, je d\u00e9niche les sports m\u00e9connus dans lesquels la France brille, et il y en a !\",\"sameAs\":[\"https:\/\/www.facebook.com\/sebastien.gente\/\",\"https:\/\/www.instagram.com\/sebgente\/\",\"https:\/\/www.linkedin.com\/in\/sbastien-gente-a29583169\/\",\"https:\/\/x.com\/https:\/\/twitter.com\/globulo24\",\"SebastienGente\"],\"worksFor\":\"S\u00e9bastien GENTE\",\"url\":\"https:\/\/dicodusport.fr\/blog\/author\/sebastiengente\/\"}]}<\/script>\n<!-- \/ Yoast SEO Premium plugin. -->","yoast_head_json":{"title":"Para Natation Mondiaux 2025 : Trois m\u00e9dailles de plus pour la France, Kylian Portal en or !","description":"CHAMPIONNATS DU MONDE DE PARA NATATION 2025 - Deuxi\u00e8me journ\u00e9e, deuxi\u00e8me fourn\u00e9e de m\u00e9dailles, avec en point d'orgue le premier titre mondial pour Kylian Portal.","robots":{"index":"index","follow":"follow","max-snippet":"max-snippet:-1","max-image-preview":"max-image-preview:large","max-video-preview":"max-video-preview:-1"},"canonical":"https:\/\/dicodusport.fr\/blog\/para-natation-mondiaux-2025-trois-medailles-de-plus-pour-la-france-kylian-portal-en-or\/","og_locale":"fr_FR","og_type":"article","og_title":"Para Natation Mondiaux 2025 : Trois m\u00e9dailles de plus pour la France, Kylian Portal en or !","og_description":"CHAMPIONNATS DU MONDE DE PARA NATATION 2025 - Deuxi\u00e8me journ\u00e9e, deuxi\u00e8me fourn\u00e9e de m\u00e9dailles, avec en point d'orgue le premier titre mondial pour Kylian Portal.","og_url":"https:\/\/dicodusport.fr\/blog\/para-natation-mondiaux-2025-trois-medailles-de-plus-pour-la-france-kylian-portal-en-or\/","og_site_name":"Dicodusport","article_publisher":"https:\/\/www.facebook.com\/dicodusport","article_author":"https:\/\/www.facebook.com\/sebastien.gente\/","article_published_time":"2025-09-22T13:54:30+00:00","og_image":[{"width":1200,"height":674,"url":"https:\/\/dicodusport.fr\/blog\/wp-content\/uploads\/2025\/09\/Para-Natation-Mondiaux-2025-Trois-medailles-de-plus-pour-la-France-Kylian-Portal-en-or-.png","type":"image\/png"}],"author":"S\u00e9bastien Gente","twitter_card":"summary_large_image","twitter_title":"Para Natation Mondiaux 2025 : Trois m\u00e9dailles de plus pour la France, Kylian Portal en or !","twitter_creator":"@https:\/\/twitter.com\/globulo24","twitter_site":"@dicodusport","schema":{"@context":"https:\/\/schema.org","@graph":[{"@type":"NewsArticle","@id":"https:\/\/dicodusport.fr\/blog\/para-natation-mondiaux-2025-trois-medailles-de-plus-pour-la-france-kylian-portal-en-or\/#article","isPartOf":{"@id":"https:\/\/dicodusport.fr\/blog\/para-natation-mondiaux-2025-trois-medailles-de-plus-pour-la-france-kylian-portal-en-or\/"},"author":{"name":"S\u00e9bastien Gente","@id":"https:\/\/dicodusport.fr\/blog\/#\/schema\/person\/627966a6cde45dbd8c5e36ac85d783da"},"headline":"Para Natation Mondiaux 2025 : Trois m\u00e9dailles de plus pour la France, Kylian Portal en or !","datePublished":"2025-09-22T13:54:30+00:00","mainEntityOfPage":{"@id":"https:\/\/dicodusport.fr\/blog\/para-natation-mondiaux-2025-trois-medailles-de-plus-pour-la-france-kylian-portal-en-or\/"},"wordCount":566,"commentCount":0,"publisher":{"@id":"https:\/\/dicodusport.fr\/blog\/#organization"},"image":{"@id":"https:\/\/dicodusport.fr\/blog\/para-natation-mondiaux-2025-trois-medailles-de-plus-pour-la-france-kylian-portal-en-or\/#primaryimage"},"thumbnailUrl":"https:\/\/dicodusport.fr\/blog\/wp-content\/uploads\/2025\/09\/Para-Natation-Mondiaux-2025-Trois-medailles-de-plus-pour-la-France-Kylian-Portal-en-or-.png","keywords":["br\u00e8ve","Mondiaux de para natation"],"articleSection":["Handisport","Natation"],"inLanguage":"fr-FR","potentialAction":[{"@type":"CommentAction","name":"Comment","target":["https:\/\/dicodusport.fr\/blog\/para-natation-mondiaux-2025-trois-medailles-de-plus-pour-la-france-kylian-portal-en-or\/#respond"]}],"copyrightYear":"2025","copyrightHolder":{"@id":"https:\/\/dicodusport.fr\/blog\/#organization"}},{"@type":"WebPage","@id":"https:\/\/dicodusport.fr\/blog\/para-natation-mondiaux-2025-trois-medailles-de-plus-pour-la-france-kylian-portal-en-or\/","url":"https:\/\/dicodusport.fr\/blog\/para-natation-mondiaux-2025-trois-medailles-de-plus-pour-la-france-kylian-portal-en-or\/","name":"Para Natation Mondiaux 2025 : Trois m\u00e9dailles de plus pour la France, Kylian Portal en or !","isPartOf":{"@id":"https:\/\/dicodusport.fr\/blog\/#website"},"primaryImageOfPage":{"@id":"https:\/\/dicodusport.fr\/blog\/para-natation-mondiaux-2025-trois-medailles-de-plus-pour-la-france-kylian-portal-en-or\/#primaryimage"},"image":{"@id":"https:\/\/dicodusport.fr\/blog\/para-natation-mondiaux-2025-trois-medailles-de-plus-pour-la-france-kylian-portal-en-or\/#primaryimage"},"thumbnailUrl":"https:\/\/dicodusport.fr\/blog\/wp-content\/uploads\/2025\/09\/Para-Natation-Mondiaux-2025-Trois-medailles-de-plus-pour-la-France-Kylian-Portal-en-or-.png","datePublished":"2025-09-22T13:54:30+00:00","description":"CHAMPIONNATS DU MONDE DE PARA NATATION 2025 - Deuxi\u00e8me journ\u00e9e, deuxi\u00e8me fourn\u00e9e de m\u00e9dailles, avec en point d'orgue le premier titre mondial pour Kylian Portal.","breadcrumb":{"@id":"https:\/\/dicodusport.fr\/blog\/para-natation-mondiaux-2025-trois-medailles-de-plus-pour-la-france-kylian-portal-en-or\/#breadcrumb"},"inLanguage":"fr-FR","potentialAction":[{"@type":"ReadAction","target":["https:\/\/dicodusport.fr\/blog\/para-natation-mondiaux-2025-trois-medailles-de-plus-pour-la-france-kylian-portal-en-or\/"]}]},{"@type":"ImageObject","inLanguage":"fr-FR","@id":"https:\/\/dicodusport.fr\/blog\/para-natation-mondiaux-2025-trois-medailles-de-plus-pour-la-france-kylian-portal-en-or\/#primaryimage","url":"https:\/\/dicodusport.fr\/blog\/wp-content\/uploads\/2025\/09\/Para-Natation-Mondiaux-2025-Trois-medailles-de-plus-pour-la-France-Kylian-Portal-en-or-.png","contentUrl":"https:\/\/dicodusport.fr\/blog\/wp-content\/uploads\/2025\/09\/Para-Natation-Mondiaux-2025-Trois-medailles-de-plus-pour-la-France-Kylian-Portal-en-or-.png","width":1200,"height":674,"caption":"Para Natation Mondiaux 2025 Trois m\u00e9dailles de plus pour la France, Kylian Portal en or !"},{"@type":"BreadcrumbList","@id":"https:\/\/dicodusport.fr\/blog\/para-natation-mondiaux-2025-trois-medailles-de-plus-pour-la-france-kylian-portal-en-or\/#breadcrumb","itemListElement":[{"@type":"ListItem","position":1,"name":"Accueil","item":"https:\/\/dicodusport.fr\/blog\/"},{"@type":"ListItem","position":2,"name":"Para Natation Mondiaux 2025 : Trois m\u00e9dailles de plus pour la France, Kylian Portal en or !"}]},{"@type":"WebSite","@id":"https:\/\/dicodusport.fr\/blog\/#website","url":"https:\/\/dicodusport.fr\/blog\/","name":"Dicodusport","description":"L&#039;encyclop\u00e9die de l&#039;actualit\u00e9 sportive","publisher":{"@id":"https:\/\/dicodusport.fr\/blog\/#organization"},"potentialAction":[{"@type":"SearchAction","target":{"@type":"EntryPoint","urlTemplate":"https:\/\/dicodusport.fr\/blog\/?s={search_term_string}"},"query-input":{"@type":"PropertyValueSpecification","valueRequired":true,"valueName":"search_term_string"}}],"inLanguage":"fr-FR"},{"@type":"NewsMediaOrganization","@id":"https:\/\/dicodusport.fr\/blog\/#organization","name":"Dicodusport","url":"https:\/\/dicodusport.fr\/blog\/","logo":{"@type":"ImageObject","inLanguage":"fr-FR","@id":"https:\/\/dicodusport.fr\/blog\/#\/schema\/logo\/image\/","url":"https:\/\/dicodusport.fr\/blog\/wp-content\/uploads\/2020\/06\/cropped-LOGO-DICODUSPORT-2020-SANS-FOND-SANS-TEXTE.png","contentUrl":"https:\/\/dicodusport.fr\/blog\/wp-content\/uploads\/2020\/06\/cropped-LOGO-DICODUSPORT-2020-SANS-FOND-SANS-TEXTE.png","width":512,"height":512,"caption":"Dicodusport"},"image":{"@id":"https:\/\/dicodusport.fr\/blog\/#\/schema\/logo\/image\/"},"sameAs":["https:\/\/www.facebook.com\/dicodusport","https:\/\/x.com\/dicodusport","https:\/\/www.instagram.com\/dicodusport\/","https:\/\/www.youtube.com\/channel\/UC7V2KZ5sd3htJivAbA4ZG3w"],"description":"Dicodusport est l'encyclop\u00e9die de l'actualit\u00e9 sportive.","email":"bonjour@dicodusport.fr","legalName":"DICODUSPORT","foundingDate":"2018-01-14","vatID":"FR71834470973","taxID":"83447097300043","numberOfEmployees":{"@type":"QuantitativeValue","minValue":"1","maxValue":"10"}},{"@type":"Person","@id":"https:\/\/dicodusport.fr\/blog\/#\/schema\/person\/627966a6cde45dbd8c5e36ac85d783da","name":"S\u00e9bastien Gente","image":{"@type":"ImageObject","inLanguage":"fr-FR","@id":"https:\/\/dicodusport.fr\/blog\/#\/schema\/person\/image\/","url":"https:\/\/dicodusport.fr\/blog\/wp-content\/uploads\/2021\/09\/1510990_10205810251400683_4124423575079401707_n-150x150.jpg","contentUrl":"https:\/\/dicodusport.fr\/blog\/wp-content\/uploads\/2021\/09\/1510990_10205810251400683_4124423575079401707_n-150x150.jpg","caption":"S\u00e9bastien Gente"},"description":"John Stockton, Gianni Bugno, Zinedine Zidane, Steffi Graf, Frode Andresen, St\u00e9phane Stoecklin, Davis Kamoga, Primoz Peterka, Werner Schlager et Aur\u00e9lien Rougerie. Point commun entre ces sportifs? Ils m'ont fait r\u00eaver et ont berc\u00e9 mon adolescence. Je suis un fondu de sports et j'essaie de retranscrire ma passion \u00e0 travers mes articles. Originaire du P\u00e9rigord, ma passion pour les Girondins, les Jaunards et les Jazzmen transpire dans mes \u00e9crits. \u00c0 Dicodusport depuis 2021, je d\u00e9niche les sports m\u00e9connus dans lesquels la France brille, et il y en a !","sameAs":["https:\/\/www.facebook.com\/sebastien.gente\/","https:\/\/www.instagram.com\/sebgente\/","https:\/\/www.linkedin.com\/in\/sbastien-gente-a29583169\/","https:\/\/x.com\/https:\/\/twitter.com\/globulo24","SebastienGente"],"worksFor":"S\u00e9bastien GENTE","url":"https:\/\/dicodusport.fr\/blog\/author\/sebastiengente\/"}]}},"_links":{"self":[{"href":"https:\/\/dicodusport.fr\/blog\/wp-json\/wp\/v2\/posts\/613641","targetHints":{"allow":["GET"]}}],"collection":[{"href":"https:\/\/dicodusport.fr\/blog\/wp-json\/wp\/v2\/posts"}],"about":[{"href":"https:\/\/dicodusport.fr\/blog\/wp-json\/wp\/v2\/types\/post"}],"author":[{"embeddable":true,"href":"https:\/\/dicodusport.fr\/blog\/wp-json\/wp\/v2\/users\/59"}],"replies":[{"embeddable":true,"href":"https:\/\/dicodusport.fr\/blog\/wp-json\/wp\/v2\/comments?post=613641"}],"version-history":[{"count":1,"href":"https:\/\/dicodusport.fr\/blog\/wp-json\/wp\/v2\/posts\/613641\/revisions"}],"predecessor-version":[{"id":613645,"href":"https:\/\/dicodusport.fr\/blog\/wp-json\/wp\/v2\/posts\/613641\/revisions\/613645"}],"wp:featuredmedia":[{"embeddable":true,"href":"https:\/\/dicodusport.fr\/blog\/wp-json\/wp\/v2\/media\/613643"}],"wp:attachment":[{"href":"https:\/\/dicodusport.fr\/blog\/wp-json\/wp\/v2\/media?parent=613641"}],"wp:term":[{"taxonomy":"category","embeddable":true,"href":"https:\/\/dicodusport.fr\/blog\/wp-json\/wp\/v2\/categories?post=613641"},{"taxonomy":"post_tag","embeddable":true,"href":"https:\/\/dicodusport.fr\/blog\/wp-json\/wp\/v2\/tags?post=613641"}],"curies":[{"name":"wp","href":"https:\/\/api.w.org\/{rel}","templated":true}]}}