{"id":613751,"date":"2025-09-25T17:32:51","date_gmt":"2025-09-25T15:32:51","guid":{"rendered":"https:\/\/dicodusport.fr\/blog\/?p=613751&#038;preview=true&#038;preview_id=613751"},"modified":"2025-09-25T17:33:32","modified_gmt":"2025-09-25T15:33:32","slug":"lille-brann-compositions-chaine-tv-heure-et-cotes-ligue-europa-2025-2026","status":"publish","type":"post","link":"https:\/\/dicodusport.fr\/blog\/lille-brann-compositions-chaine-tv-heure-et-cotes-ligue-europa-2025-2026\/","title":{"rendered":"Lille-Brann : Compositions, Cha\u00eene TV, Heure et Cotes"},"content":{"rendered":"<p style=\"text-align: justify;\"><strong><em>LIGUE EUROPA 2025-2026 &#8211; <\/em><em>\u00c0 quelle heure et sur quelle cha\u00eene TV suivre le match de Ligue Europa entre le Lille OSC et le SK Brann ? Retrouvez \u00e9galement les compositions des deux \u00e9quipes<\/em><em>.<\/em><\/strong><\/p>\n<p style=\"text-align: justify;\">La rencontre entre le <a href=\"https:\/\/dicodusport.fr\/blog\/mercato-losc-2025-2026-le-tableau-complet-des-transferts-arrivees-et-departs\/\"><strong>Lille OSC<\/strong><\/a> et le <strong>SK Brann<\/strong>, comptant pour la premi\u00e8re journ\u00e9e de Ligue Europa 2025\/2026, aura lieu jeudi 25 septembre 2025 \u00e0 18h45, au Stade Pierre-Mauroy de Lille.<\/p>\n<ul style=\"text-align: justify;\">\n<li><strong>\u00c0 lire aussi \u2013\u00a0<a href=\"https:\/\/dicodusport.fr\/blog\/ligue-europa-2025-2026-dates-matchs-et-calendrier-de-lille\/\">Ligue Europa 2025-2026 : Les affiches et le calendrier de Lille<\/a><\/strong><\/li>\n<\/ul>\n<h2 style=\"text-align: justify;\">Victoire obligatoire<\/h2>\n<p style=\"text-align: justify;\">Jusqu&rsquo;\u00e0 samedi soir, la saison de <strong>Lille<\/strong> \u00e9tait sur d&rsquo;excellents rails. Quatre matchs de Ligue 1, trois victoires et un nul, 13 buts marqu\u00e9s : d\u00e9but de saison canon. Mais voil\u00e0, les Dogues ont pris la mar\u00e9e sous la pluie dans le derby du Nord, s&rsquo;inclinant 3-0 \u00e0 Lens en produisant un non-match. De quoi inqui\u00e9ter avant la reprise de la Ligue Europa, dans laquelle ils peuvent clairement avoir des ambitions.<\/p>\n<ul style=\"text-align: justify;\">\n<li><strong>\u00c0 ce sujet \u2013\u00a0<a href=\"https:\/\/dicodusport.fr\/blog\/classement-ligue-1-2025-2026\/\">Classement Ligue 1 2025-2026<\/a><\/strong><\/li>\n<\/ul>\n<p style=\"text-align: justify;\">En effet, ils sortent d&rsquo;une campagne de Ligue des champions dans laquelle ils ont notamment battu le Real Madrid et l&rsquo;Atl\u00e9tico de Madrid pour atteindre les 8\u00e8mes de finale, stade auquel ils se sont inclin\u00e9s contre le Borussia Dortmund. Ainsi, ils ne devraient pas avoir peur du <strong>SK Brann<\/strong>, qui est toutefois troisi\u00e8me de l&rsquo;Eliteserien norv\u00e9gienne, mais qui avait \u00e9chou\u00e9 en tours pr\u00e9liminaires de C1 contre Salzburg, avant de franchir brillamment ceux de Ligue Europa.<\/p>\n<p style=\"text-align: justify;\">Les deux \u00e9quipes ne se sont jamais affront\u00e9es, et le LOSC n&rsquo;a m\u00eame jamais crois\u00e9 la route d&rsquo;une \u00e9quipe norv\u00e9gienne. Chez les bookmakers, Lille est logiquement favori de la rencontre.<\/p>\n<h2 style=\"text-align: justify;\">Ligue Europa : Le programme TV de Lille &#8211; Brann<\/h2>\n<h3 style=\"text-align: justify;\">Jeudi 25 septembre 2025<\/h3>\n<p style=\"text-align: justify;\"><b>Match diffus\u00e9 sur Canal +<\/b><b>\u00a0: <\/b>D\u00e9but du match \u00e0<strong> 18h45.<\/strong><\/p>\n<h2 style=\"text-align: justify;\">Les compositions officielles de Lille &#8211; Brann<\/h2>\n<h3 style=\"text-align: justify;\">La composition de Lille<\/h3>\n<p style=\"text-align: justify;\">\u00d6zer; Tiago Santos, Goffi, Mbemba, Verdonk; Bentaleb, Mukau; Fernandez-Pardo, Haraldsson, Sahraoui\u202f; Igamane<\/p>\n<h3 style=\"text-align: justify;\">La composition de Brann<\/h3>\n<p style=\"text-align: justify;\">Dyngeland; Pedersen, Knudsen, Helland, Dragsnes; Kornvig, Sorensen, Myhre; Holm, Magnusson, Castro<\/p>\n<h2 style=\"text-align: justify;\">Les cotes de Lille &#8211; Brann<\/h2>\n<table style=\"width: 840px;\">\n<tbody>\n<tr style=\"height: 16px;\">\n<td style=\"background-color: #404040; border-color: #ededed; width: 840px; text-align: left;\" colspan=\"3\"><strong><span style=\"font-size: 12px; color: #ffffff;\"><img loading=\"lazy\" decoding=\"async\" class=\"alignnone wp-image-512842\" src=\"https:\/\/dicodusport.fr\/blog\/wp-content\/uploads\/2024\/08\/Logo-Winamax.png\" alt=\"\" width=\"14\" height=\"13\" srcset=\"https:\/\/dicodusport.fr\/blog\/wp-content\/uploads\/2024\/08\/Logo-Winamax.png 290w, https:\/\/dicodusport.fr\/blog\/wp-content\/uploads\/2024\/08\/Logo-Winamax-150x150.png 150w, https:\/\/dicodusport.fr\/blog\/wp-content\/uploads\/2024\/08\/Logo-Winamax-80x80.png 80w\" sizes=\"auto, (max-width: 14px) 100vw, 14px\" \/> Mercredi 24 septembre 15h00<\/span><\/strong><\/td>\n<\/tr>\n<tr style=\"height: 24px;\">\n<td style=\"background-color: #ffffff; border-color: #ededed; vertical-align: middle; text-align: center; width: 266px;\"><span style=\"font-size: 10px;\"><span style=\"font-size: 14px;\"><strong>Lille<br \/>\n<\/strong><\/span><\/span><span style=\"font-size: 10px;\"><a href=\"https:\/\/www.winamax.fr\/paris-sportifs\/match\/63377771?banid=33423\" class=\"su-button su-button-style-flat su-button-wide\" style=\"color:#fff;background-color:#0860ff;border-color:#074dcc;border-radius:5px\" target=\"_blank\" rel=\"noopener noreferrer\"><span style=\"color:#fff;padding:0px 20px;font-size:16px;line-height:32px;border-color:#5390ff;border-radius:5px;text-shadow:none\"> 1.39<\/span><\/a><\/span><\/td>\n<td style=\"background-color: #ffffff; border-color: #ededed; vertical-align: middle; text-align: center; width: 266px;\"><span style=\"font-size: 10px;\"><span style=\"font-size: 14px;\"><strong>Match nul<\/strong><\/span><br \/>\n<a href=\"https:\/\/www.winamax.fr\/paris-sportifs\/match\/63377771?banid=33423\" class=\"su-button su-button-style-flat su-button-wide\" style=\"color:#fff;background-color:#0860ff;border-color:#074dcc;border-radius:5px\" target=\"_blank\" rel=\"noopener noreferrer\"><span style=\"color:#fff;padding:0px 20px;font-size:16px;line-height:32px;border-color:#5390ff;border-radius:5px;text-shadow:none\"> 4.60<\/span><\/a><\/span><\/td>\n<td style=\"background-color: #ffffff; border-color: #ededed; vertical-align: middle; text-align: center; width: 266px;\"><span style=\"font-size: 10px;\"><span style=\"font-size: 14px;\"><strong>Brann<\/strong><\/span><br \/>\n<a href=\"https:\/\/www.winamax.fr\/paris-sportifs\/match\/63377771?banid=33423\" class=\"su-button su-button-style-flat su-button-wide\" style=\"color:#fff;background-color:#0860ff;border-color:#074dcc;border-radius:5px\" target=\"_blank\" rel=\"noopener noreferrer\"><span style=\"color:#fff;padding:0px 20px;font-size:16px;line-height:32px;border-color:#5390ff;border-radius:5px;text-shadow:none\"> 6.75<\/span><\/a><\/span><\/td>\n<\/tr>\n<\/tbody>\n<\/table>\n<p style=\"text-align: justify;\">Tentez votre chance en profitant de votre <a href=\"https:\/\/www.winamax.fr\/registration\/landing\/affiliation_Bonus100?banid=33423\">1er d\u00e9p\u00f4t doubl\u00e9 jusqu&rsquo;\u00e0 100 \u20ac<\/a> direct en paris gratuits sur Winamax !<\/p>\n","protected":false},"excerpt":{"rendered":"<p>LIGUE EUROPA 2025-2026 &#8211; \u00c0 quelle heure et sur quelle cha\u00eene TV suivre le match de Ligue Europa entre le Lille OSC et le SK Brann ? Retrouvez \u00e9galement les compositions des deux \u00e9quipes.<\/p>\n","protected":false},"author":59,"featured_media":613752,"comment_status":"open","ping_status":"closed","sticky":false,"template":"","format":"standard","meta":{"_acf_changed":false,"_daextam_enable_autolinks":"1","footnotes":""},"categories":[44295,2301],"tags":[16878,75,4437,19345,8799],"class_list":["post-613751","post","type-post","status-publish","format-standard","has-post-thumbnail","hentry","category-chaine-tv","category-football","tag-breve","tag-football","tag-ligue-europa","tag-lille-osc","tag-programme-tv"],"acf":[],"yoast_head":"<!-- This site is optimized with the Yoast SEO Premium plugin v26.7 (Yoast SEO v26.7) - https:\/\/yoast.com\/wordpress\/plugins\/seo\/ -->\n<title>Lille-Brann : Compositions, Cha\u00eene TV, Heure et Cotes<\/title>\n<meta name=\"description\" content=\"LIGUE EUROPA 2025-2026 - \u00c0 quelle heure et sur quelle cha\u00eene TV suivre le match de Ligue Europa entre le Lille OSC et le SK Brann ? Retrouvez \u00e9galement les compositions des deux \u00e9quipes.\" \/>\n<meta name=\"robots\" content=\"index, follow, max-snippet:-1, max-image-preview:large, max-video-preview:-1\" \/>\n<link rel=\"canonical\" href=\"https:\/\/dicodusport.fr\/blog\/lille-brann-compositions-chaine-tv-heure-et-cotes-ligue-europa-2025-2026\/\" \/>\n<meta property=\"og:locale\" content=\"fr_FR\" \/>\n<meta property=\"og:type\" content=\"article\" \/>\n<meta property=\"og:title\" content=\"Lille-Brann : Compositions, Cha\u00eene TV, Heure et Cotes\" \/>\n<meta property=\"og:description\" content=\"LIGUE EUROPA 2025-2026 - \u00c0 quelle heure et sur quelle cha\u00eene TV suivre le match de Ligue Europa entre le Lille OSC et le SK Brann ? Retrouvez \u00e9galement les compositions des deux \u00e9quipes.\" \/>\n<meta property=\"og:url\" content=\"https:\/\/dicodusport.fr\/blog\/lille-brann-compositions-chaine-tv-heure-et-cotes-ligue-europa-2025-2026\/\" \/>\n<meta property=\"og:site_name\" content=\"Dicodusport\" \/>\n<meta property=\"article:publisher\" content=\"https:\/\/www.facebook.com\/dicodusport\" \/>\n<meta property=\"article:author\" content=\"https:\/\/www.facebook.com\/sebastien.gente\/\" \/>\n<meta property=\"article:published_time\" content=\"2025-09-25T15:32:51+00:00\" \/>\n<meta property=\"article:modified_time\" content=\"2025-09-25T15:33:32+00:00\" \/>\n<meta property=\"og:image\" content=\"https:\/\/dicodusport.fr\/blog\/wp-content\/uploads\/2025\/09\/Lille-Brann-Compositions-Chaine-TV-Heure-et-Cotes.png\" \/>\n\t<meta property=\"og:image:width\" content=\"1200\" \/>\n\t<meta property=\"og:image:height\" content=\"674\" \/>\n\t<meta property=\"og:image:type\" content=\"image\/png\" \/>\n<meta name=\"author\" content=\"S\u00e9bastien Gente\" \/>\n<meta name=\"twitter:card\" content=\"summary_large_image\" \/>\n<meta name=\"twitter:title\" content=\"Lille-Brann : Compositions, Cha\u00eene TV, Heure et Cotes\" \/>\n<meta name=\"twitter:creator\" content=\"@https:\/\/twitter.com\/globulo24\" \/>\n<meta name=\"twitter:site\" content=\"@dicodusport\" \/>\n<script type=\"application\/ld+json\" class=\"yoast-schema-graph\">{\"@context\":\"https:\/\/schema.org\",\"@graph\":[{\"@type\":\"NewsArticle\",\"@id\":\"https:\/\/dicodusport.fr\/blog\/lille-brann-compositions-chaine-tv-heure-et-cotes-ligue-europa-2025-2026\/#article\",\"isPartOf\":{\"@id\":\"https:\/\/dicodusport.fr\/blog\/lille-brann-compositions-chaine-tv-heure-et-cotes-ligue-europa-2025-2026\/\"},\"author\":{\"name\":\"S\u00e9bastien Gente\",\"@id\":\"https:\/\/dicodusport.fr\/blog\/#\/schema\/person\/627966a6cde45dbd8c5e36ac85d783da\"},\"headline\":\"Lille-Brann : Compositions, Cha\u00eene TV, Heure et Cotes\",\"datePublished\":\"2025-09-25T15:32:51+00:00\",\"dateModified\":\"2025-09-25T15:33:32+00:00\",\"mainEntityOfPage\":{\"@id\":\"https:\/\/dicodusport.fr\/blog\/lille-brann-compositions-chaine-tv-heure-et-cotes-ligue-europa-2025-2026\/\"},\"wordCount\":443,\"commentCount\":0,\"publisher\":{\"@id\":\"https:\/\/dicodusport.fr\/blog\/#organization\"},\"image\":{\"@id\":\"https:\/\/dicodusport.fr\/blog\/lille-brann-compositions-chaine-tv-heure-et-cotes-ligue-europa-2025-2026\/#primaryimage\"},\"thumbnailUrl\":\"https:\/\/dicodusport.fr\/blog\/wp-content\/uploads\/2025\/09\/Lille-Brann-Compositions-Chaine-TV-Heure-et-Cotes.png\",\"keywords\":[\"br\u00e8ve\",\"Football\",\"Ligue Europa\",\"Lille OSC\",\"Programme TV\"],\"articleSection\":[\"Cha\u00eene TV\",\"Football\"],\"inLanguage\":\"fr-FR\",\"potentialAction\":[{\"@type\":\"CommentAction\",\"name\":\"Comment\",\"target\":[\"https:\/\/dicodusport.fr\/blog\/lille-brann-compositions-chaine-tv-heure-et-cotes-ligue-europa-2025-2026\/#respond\"]}],\"copyrightYear\":\"2025\",\"copyrightHolder\":{\"@id\":\"https:\/\/dicodusport.fr\/blog\/#organization\"}},{\"@type\":\"WebPage\",\"@id\":\"https:\/\/dicodusport.fr\/blog\/lille-brann-compositions-chaine-tv-heure-et-cotes-ligue-europa-2025-2026\/\",\"url\":\"https:\/\/dicodusport.fr\/blog\/lille-brann-compositions-chaine-tv-heure-et-cotes-ligue-europa-2025-2026\/\",\"name\":\"Lille-Brann : Compositions, Cha\u00eene TV, Heure et Cotes\",\"isPartOf\":{\"@id\":\"https:\/\/dicodusport.fr\/blog\/#website\"},\"primaryImageOfPage\":{\"@id\":\"https:\/\/dicodusport.fr\/blog\/lille-brann-compositions-chaine-tv-heure-et-cotes-ligue-europa-2025-2026\/#primaryimage\"},\"image\":{\"@id\":\"https:\/\/dicodusport.fr\/blog\/lille-brann-compositions-chaine-tv-heure-et-cotes-ligue-europa-2025-2026\/#primaryimage\"},\"thumbnailUrl\":\"https:\/\/dicodusport.fr\/blog\/wp-content\/uploads\/2025\/09\/Lille-Brann-Compositions-Chaine-TV-Heure-et-Cotes.png\",\"datePublished\":\"2025-09-25T15:32:51+00:00\",\"dateModified\":\"2025-09-25T15:33:32+00:00\",\"description\":\"LIGUE EUROPA 2025-2026 - \u00c0 quelle heure et sur quelle cha\u00eene TV suivre le match de Ligue Europa entre le Lille OSC et le SK Brann ? Retrouvez \u00e9galement les compositions des deux \u00e9quipes.\",\"breadcrumb\":{\"@id\":\"https:\/\/dicodusport.fr\/blog\/lille-brann-compositions-chaine-tv-heure-et-cotes-ligue-europa-2025-2026\/#breadcrumb\"},\"inLanguage\":\"fr-FR\",\"potentialAction\":[{\"@type\":\"ReadAction\",\"target\":[\"https:\/\/dicodusport.fr\/blog\/lille-brann-compositions-chaine-tv-heure-et-cotes-ligue-europa-2025-2026\/\"]}]},{\"@type\":\"ImageObject\",\"inLanguage\":\"fr-FR\",\"@id\":\"https:\/\/dicodusport.fr\/blog\/lille-brann-compositions-chaine-tv-heure-et-cotes-ligue-europa-2025-2026\/#primaryimage\",\"url\":\"https:\/\/dicodusport.fr\/blog\/wp-content\/uploads\/2025\/09\/Lille-Brann-Compositions-Chaine-TV-Heure-et-Cotes.png\",\"contentUrl\":\"https:\/\/dicodusport.fr\/blog\/wp-content\/uploads\/2025\/09\/Lille-Brann-Compositions-Chaine-TV-Heure-et-Cotes.png\",\"width\":1200,\"height\":674,\"caption\":\"Lille-Brann Compositions, Cha\u00eene TV, Heure et Cotes\"},{\"@type\":\"BreadcrumbList\",\"@id\":\"https:\/\/dicodusport.fr\/blog\/lille-brann-compositions-chaine-tv-heure-et-cotes-ligue-europa-2025-2026\/#breadcrumb\",\"itemListElement\":[{\"@type\":\"ListItem\",\"position\":1,\"name\":\"Accueil\",\"item\":\"https:\/\/dicodusport.fr\/blog\/\"},{\"@type\":\"ListItem\",\"position\":2,\"name\":\"Lille-Brann : Compositions, Cha\u00eene TV, Heure et Cotes\"}]},{\"@type\":\"WebSite\",\"@id\":\"https:\/\/dicodusport.fr\/blog\/#website\",\"url\":\"https:\/\/dicodusport.fr\/blog\/\",\"name\":\"Dicodusport\",\"description\":\"L&#039;encyclop\u00e9die de l&#039;actualit\u00e9 sportive\",\"publisher\":{\"@id\":\"https:\/\/dicodusport.fr\/blog\/#organization\"},\"potentialAction\":[{\"@type\":\"SearchAction\",\"target\":{\"@type\":\"EntryPoint\",\"urlTemplate\":\"https:\/\/dicodusport.fr\/blog\/?s={search_term_string}\"},\"query-input\":{\"@type\":\"PropertyValueSpecification\",\"valueRequired\":true,\"valueName\":\"search_term_string\"}}],\"inLanguage\":\"fr-FR\"},{\"@type\":\"NewsMediaOrganization\",\"@id\":\"https:\/\/dicodusport.fr\/blog\/#organization\",\"name\":\"Dicodusport\",\"url\":\"https:\/\/dicodusport.fr\/blog\/\",\"logo\":{\"@type\":\"ImageObject\",\"inLanguage\":\"fr-FR\",\"@id\":\"https:\/\/dicodusport.fr\/blog\/#\/schema\/logo\/image\/\",\"url\":\"https:\/\/dicodusport.fr\/blog\/wp-content\/uploads\/2020\/06\/cropped-LOGO-DICODUSPORT-2020-SANS-FOND-SANS-TEXTE.png\",\"contentUrl\":\"https:\/\/dicodusport.fr\/blog\/wp-content\/uploads\/2020\/06\/cropped-LOGO-DICODUSPORT-2020-SANS-FOND-SANS-TEXTE.png\",\"width\":512,\"height\":512,\"caption\":\"Dicodusport\"},\"image\":{\"@id\":\"https:\/\/dicodusport.fr\/blog\/#\/schema\/logo\/image\/\"},\"sameAs\":[\"https:\/\/www.facebook.com\/dicodusport\",\"https:\/\/x.com\/dicodusport\",\"https:\/\/www.instagram.com\/dicodusport\/\",\"https:\/\/www.youtube.com\/channel\/UC7V2KZ5sd3htJivAbA4ZG3w\"],\"description\":\"Dicodusport est l'encyclop\u00e9die de l'actualit\u00e9 sportive.\",\"email\":\"bonjour@dicodusport.fr\",\"legalName\":\"DICODUSPORT\",\"foundingDate\":\"2018-01-14\",\"vatID\":\"FR71834470973\",\"taxID\":\"83447097300043\",\"numberOfEmployees\":{\"@type\":\"QuantitativeValue\",\"minValue\":\"1\",\"maxValue\":\"10\"}},{\"@type\":\"Person\",\"@id\":\"https:\/\/dicodusport.fr\/blog\/#\/schema\/person\/627966a6cde45dbd8c5e36ac85d783da\",\"name\":\"S\u00e9bastien Gente\",\"image\":{\"@type\":\"ImageObject\",\"inLanguage\":\"fr-FR\",\"@id\":\"https:\/\/dicodusport.fr\/blog\/#\/schema\/person\/image\/\",\"url\":\"https:\/\/dicodusport.fr\/blog\/wp-content\/uploads\/2021\/09\/1510990_10205810251400683_4124423575079401707_n-150x150.jpg\",\"contentUrl\":\"https:\/\/dicodusport.fr\/blog\/wp-content\/uploads\/2021\/09\/1510990_10205810251400683_4124423575079401707_n-150x150.jpg\",\"caption\":\"S\u00e9bastien Gente\"},\"description\":\"John Stockton, Gianni Bugno, Zinedine Zidane, Steffi Graf, Frode Andresen, St\u00e9phane Stoecklin, Davis Kamoga, Primoz Peterka, Werner Schlager et Aur\u00e9lien Rougerie. Point commun entre ces sportifs? Ils m'ont fait r\u00eaver et ont berc\u00e9 mon adolescence. Je suis un fondu de sports et j'essaie de retranscrire ma passion \u00e0 travers mes articles. Originaire du P\u00e9rigord, ma passion pour les Girondins, les Jaunards et les Jazzmen transpire dans mes \u00e9crits. \u00c0 Dicodusport depuis 2021, je d\u00e9niche les sports m\u00e9connus dans lesquels la France brille, et il y en a !\",\"sameAs\":[\"https:\/\/www.facebook.com\/sebastien.gente\/\",\"https:\/\/www.instagram.com\/sebgente\/\",\"https:\/\/www.linkedin.com\/in\/sbastien-gente-a29583169\/\",\"https:\/\/x.com\/https:\/\/twitter.com\/globulo24\",\"SebastienGente\"],\"worksFor\":\"S\u00e9bastien GENTE\",\"url\":\"https:\/\/dicodusport.fr\/blog\/author\/sebastiengente\/\"}]}<\/script>\n<!-- \/ Yoast SEO Premium plugin. -->","yoast_head_json":{"title":"Lille-Brann : Compositions, Cha\u00eene TV, Heure et Cotes","description":"LIGUE EUROPA 2025-2026 - \u00c0 quelle heure et sur quelle cha\u00eene TV suivre le match de Ligue Europa entre le Lille OSC et le SK Brann ? Retrouvez \u00e9galement les compositions des deux \u00e9quipes.","robots":{"index":"index","follow":"follow","max-snippet":"max-snippet:-1","max-image-preview":"max-image-preview:large","max-video-preview":"max-video-preview:-1"},"canonical":"https:\/\/dicodusport.fr\/blog\/lille-brann-compositions-chaine-tv-heure-et-cotes-ligue-europa-2025-2026\/","og_locale":"fr_FR","og_type":"article","og_title":"Lille-Brann : Compositions, Cha\u00eene TV, Heure et Cotes","og_description":"LIGUE EUROPA 2025-2026 - \u00c0 quelle heure et sur quelle cha\u00eene TV suivre le match de Ligue Europa entre le Lille OSC et le SK Brann ? Retrouvez \u00e9galement les compositions des deux \u00e9quipes.","og_url":"https:\/\/dicodusport.fr\/blog\/lille-brann-compositions-chaine-tv-heure-et-cotes-ligue-europa-2025-2026\/","og_site_name":"Dicodusport","article_publisher":"https:\/\/www.facebook.com\/dicodusport","article_author":"https:\/\/www.facebook.com\/sebastien.gente\/","article_published_time":"2025-09-25T15:32:51+00:00","article_modified_time":"2025-09-25T15:33:32+00:00","og_image":[{"width":1200,"height":674,"url":"https:\/\/dicodusport.fr\/blog\/wp-content\/uploads\/2025\/09\/Lille-Brann-Compositions-Chaine-TV-Heure-et-Cotes.png","type":"image\/png"}],"author":"S\u00e9bastien Gente","twitter_card":"summary_large_image","twitter_title":"Lille-Brann : Compositions, Cha\u00eene TV, Heure et Cotes","twitter_creator":"@https:\/\/twitter.com\/globulo24","twitter_site":"@dicodusport","schema":{"@context":"https:\/\/schema.org","@graph":[{"@type":"NewsArticle","@id":"https:\/\/dicodusport.fr\/blog\/lille-brann-compositions-chaine-tv-heure-et-cotes-ligue-europa-2025-2026\/#article","isPartOf":{"@id":"https:\/\/dicodusport.fr\/blog\/lille-brann-compositions-chaine-tv-heure-et-cotes-ligue-europa-2025-2026\/"},"author":{"name":"S\u00e9bastien Gente","@id":"https:\/\/dicodusport.fr\/blog\/#\/schema\/person\/627966a6cde45dbd8c5e36ac85d783da"},"headline":"Lille-Brann : Compositions, Cha\u00eene TV, Heure et Cotes","datePublished":"2025-09-25T15:32:51+00:00","dateModified":"2025-09-25T15:33:32+00:00","mainEntityOfPage":{"@id":"https:\/\/dicodusport.fr\/blog\/lille-brann-compositions-chaine-tv-heure-et-cotes-ligue-europa-2025-2026\/"},"wordCount":443,"commentCount":0,"publisher":{"@id":"https:\/\/dicodusport.fr\/blog\/#organization"},"image":{"@id":"https:\/\/dicodusport.fr\/blog\/lille-brann-compositions-chaine-tv-heure-et-cotes-ligue-europa-2025-2026\/#primaryimage"},"thumbnailUrl":"https:\/\/dicodusport.fr\/blog\/wp-content\/uploads\/2025\/09\/Lille-Brann-Compositions-Chaine-TV-Heure-et-Cotes.png","keywords":["br\u00e8ve","Football","Ligue Europa","Lille OSC","Programme TV"],"articleSection":["Cha\u00eene TV","Football"],"inLanguage":"fr-FR","potentialAction":[{"@type":"CommentAction","name":"Comment","target":["https:\/\/dicodusport.fr\/blog\/lille-brann-compositions-chaine-tv-heure-et-cotes-ligue-europa-2025-2026\/#respond"]}],"copyrightYear":"2025","copyrightHolder":{"@id":"https:\/\/dicodusport.fr\/blog\/#organization"}},{"@type":"WebPage","@id":"https:\/\/dicodusport.fr\/blog\/lille-brann-compositions-chaine-tv-heure-et-cotes-ligue-europa-2025-2026\/","url":"https:\/\/dicodusport.fr\/blog\/lille-brann-compositions-chaine-tv-heure-et-cotes-ligue-europa-2025-2026\/","name":"Lille-Brann : Compositions, Cha\u00eene TV, Heure et Cotes","isPartOf":{"@id":"https:\/\/dicodusport.fr\/blog\/#website"},"primaryImageOfPage":{"@id":"https:\/\/dicodusport.fr\/blog\/lille-brann-compositions-chaine-tv-heure-et-cotes-ligue-europa-2025-2026\/#primaryimage"},"image":{"@id":"https:\/\/dicodusport.fr\/blog\/lille-brann-compositions-chaine-tv-heure-et-cotes-ligue-europa-2025-2026\/#primaryimage"},"thumbnailUrl":"https:\/\/dicodusport.fr\/blog\/wp-content\/uploads\/2025\/09\/Lille-Brann-Compositions-Chaine-TV-Heure-et-Cotes.png","datePublished":"2025-09-25T15:32:51+00:00","dateModified":"2025-09-25T15:33:32+00:00","description":"LIGUE EUROPA 2025-2026 - \u00c0 quelle heure et sur quelle cha\u00eene TV suivre le match de Ligue Europa entre le Lille OSC et le SK Brann ? Retrouvez \u00e9galement les compositions des deux \u00e9quipes.","breadcrumb":{"@id":"https:\/\/dicodusport.fr\/blog\/lille-brann-compositions-chaine-tv-heure-et-cotes-ligue-europa-2025-2026\/#breadcrumb"},"inLanguage":"fr-FR","potentialAction":[{"@type":"ReadAction","target":["https:\/\/dicodusport.fr\/blog\/lille-brann-compositions-chaine-tv-heure-et-cotes-ligue-europa-2025-2026\/"]}]},{"@type":"ImageObject","inLanguage":"fr-FR","@id":"https:\/\/dicodusport.fr\/blog\/lille-brann-compositions-chaine-tv-heure-et-cotes-ligue-europa-2025-2026\/#primaryimage","url":"https:\/\/dicodusport.fr\/blog\/wp-content\/uploads\/2025\/09\/Lille-Brann-Compositions-Chaine-TV-Heure-et-Cotes.png","contentUrl":"https:\/\/dicodusport.fr\/blog\/wp-content\/uploads\/2025\/09\/Lille-Brann-Compositions-Chaine-TV-Heure-et-Cotes.png","width":1200,"height":674,"caption":"Lille-Brann Compositions, Cha\u00eene TV, Heure et Cotes"},{"@type":"BreadcrumbList","@id":"https:\/\/dicodusport.fr\/blog\/lille-brann-compositions-chaine-tv-heure-et-cotes-ligue-europa-2025-2026\/#breadcrumb","itemListElement":[{"@type":"ListItem","position":1,"name":"Accueil","item":"https:\/\/dicodusport.fr\/blog\/"},{"@type":"ListItem","position":2,"name":"Lille-Brann : Compositions, Cha\u00eene TV, Heure et Cotes"}]},{"@type":"WebSite","@id":"https:\/\/dicodusport.fr\/blog\/#website","url":"https:\/\/dicodusport.fr\/blog\/","name":"Dicodusport","description":"L&#039;encyclop\u00e9die de l&#039;actualit\u00e9 sportive","publisher":{"@id":"https:\/\/dicodusport.fr\/blog\/#organization"},"potentialAction":[{"@type":"SearchAction","target":{"@type":"EntryPoint","urlTemplate":"https:\/\/dicodusport.fr\/blog\/?s={search_term_string}"},"query-input":{"@type":"PropertyValueSpecification","valueRequired":true,"valueName":"search_term_string"}}],"inLanguage":"fr-FR"},{"@type":"NewsMediaOrganization","@id":"https:\/\/dicodusport.fr\/blog\/#organization","name":"Dicodusport","url":"https:\/\/dicodusport.fr\/blog\/","logo":{"@type":"ImageObject","inLanguage":"fr-FR","@id":"https:\/\/dicodusport.fr\/blog\/#\/schema\/logo\/image\/","url":"https:\/\/dicodusport.fr\/blog\/wp-content\/uploads\/2020\/06\/cropped-LOGO-DICODUSPORT-2020-SANS-FOND-SANS-TEXTE.png","contentUrl":"https:\/\/dicodusport.fr\/blog\/wp-content\/uploads\/2020\/06\/cropped-LOGO-DICODUSPORT-2020-SANS-FOND-SANS-TEXTE.png","width":512,"height":512,"caption":"Dicodusport"},"image":{"@id":"https:\/\/dicodusport.fr\/blog\/#\/schema\/logo\/image\/"},"sameAs":["https:\/\/www.facebook.com\/dicodusport","https:\/\/x.com\/dicodusport","https:\/\/www.instagram.com\/dicodusport\/","https:\/\/www.youtube.com\/channel\/UC7V2KZ5sd3htJivAbA4ZG3w"],"description":"Dicodusport est l'encyclop\u00e9die de l'actualit\u00e9 sportive.","email":"bonjour@dicodusport.fr","legalName":"DICODUSPORT","foundingDate":"2018-01-14","vatID":"FR71834470973","taxID":"83447097300043","numberOfEmployees":{"@type":"QuantitativeValue","minValue":"1","maxValue":"10"}},{"@type":"Person","@id":"https:\/\/dicodusport.fr\/blog\/#\/schema\/person\/627966a6cde45dbd8c5e36ac85d783da","name":"S\u00e9bastien Gente","image":{"@type":"ImageObject","inLanguage":"fr-FR","@id":"https:\/\/dicodusport.fr\/blog\/#\/schema\/person\/image\/","url":"https:\/\/dicodusport.fr\/blog\/wp-content\/uploads\/2021\/09\/1510990_10205810251400683_4124423575079401707_n-150x150.jpg","contentUrl":"https:\/\/dicodusport.fr\/blog\/wp-content\/uploads\/2021\/09\/1510990_10205810251400683_4124423575079401707_n-150x150.jpg","caption":"S\u00e9bastien Gente"},"description":"John Stockton, Gianni Bugno, Zinedine Zidane, Steffi Graf, Frode Andresen, St\u00e9phane Stoecklin, Davis Kamoga, Primoz Peterka, Werner Schlager et Aur\u00e9lien Rougerie. Point commun entre ces sportifs? Ils m'ont fait r\u00eaver et ont berc\u00e9 mon adolescence. Je suis un fondu de sports et j'essaie de retranscrire ma passion \u00e0 travers mes articles. Originaire du P\u00e9rigord, ma passion pour les Girondins, les Jaunards et les Jazzmen transpire dans mes \u00e9crits. \u00c0 Dicodusport depuis 2021, je d\u00e9niche les sports m\u00e9connus dans lesquels la France brille, et il y en a !","sameAs":["https:\/\/www.facebook.com\/sebastien.gente\/","https:\/\/www.instagram.com\/sebgente\/","https:\/\/www.linkedin.com\/in\/sbastien-gente-a29583169\/","https:\/\/x.com\/https:\/\/twitter.com\/globulo24","SebastienGente"],"worksFor":"S\u00e9bastien GENTE","url":"https:\/\/dicodusport.fr\/blog\/author\/sebastiengente\/"}]}},"_links":{"self":[{"href":"https:\/\/dicodusport.fr\/blog\/wp-json\/wp\/v2\/posts\/613751","targetHints":{"allow":["GET"]}}],"collection":[{"href":"https:\/\/dicodusport.fr\/blog\/wp-json\/wp\/v2\/posts"}],"about":[{"href":"https:\/\/dicodusport.fr\/blog\/wp-json\/wp\/v2\/types\/post"}],"author":[{"embeddable":true,"href":"https:\/\/dicodusport.fr\/blog\/wp-json\/wp\/v2\/users\/59"}],"replies":[{"embeddable":true,"href":"https:\/\/dicodusport.fr\/blog\/wp-json\/wp\/v2\/comments?post=613751"}],"version-history":[{"count":2,"href":"https:\/\/dicodusport.fr\/blog\/wp-json\/wp\/v2\/posts\/613751\/revisions"}],"predecessor-version":[{"id":614157,"href":"https:\/\/dicodusport.fr\/blog\/wp-json\/wp\/v2\/posts\/613751\/revisions\/614157"}],"wp:featuredmedia":[{"embeddable":true,"href":"https:\/\/dicodusport.fr\/blog\/wp-json\/wp\/v2\/media\/613752"}],"wp:attachment":[{"href":"https:\/\/dicodusport.fr\/blog\/wp-json\/wp\/v2\/media?parent=613751"}],"wp:term":[{"taxonomy":"category","embeddable":true,"href":"https:\/\/dicodusport.fr\/blog\/wp-json\/wp\/v2\/categories?post=613751"},{"taxonomy":"post_tag","embeddable":true,"href":"https:\/\/dicodusport.fr\/blog\/wp-json\/wp\/v2\/tags?post=613751"}],"curies":[{"name":"wp","href":"https:\/\/api.w.org\/{rel}","templated":true}]}}