{"id":613761,"date":"2025-09-23T12:57:49","date_gmt":"2025-09-23T10:57:49","guid":{"rendered":"https:\/\/dicodusport.fr\/blog\/?p=613761&#038;preview=true&#038;preview_id=613761"},"modified":"2025-09-23T20:13:29","modified_gmt":"2025-09-23T18:13:29","slug":"championnat-du-monde-2025-classement-et-resultats-du-contre-la-montre-juniors-femmes","status":"publish","type":"post","link":"https:\/\/dicodusport.fr\/blog\/championnat-du-monde-2025-classement-et-resultats-du-contre-la-montre-juniors-femmes\/","title":{"rendered":"Championnat du monde 2025 : Classement et r\u00e9sultats du contre-la-montre juniors femmes"},"content":{"rendered":"<p style=\"text-align: justify;\"><em><strong>D\u00e9couvrez le classement et les r\u00e9sultats complets du contre-la-montre juniors femmes des Championnats du Monde de cyclisme 2025 \u00e0 Kigali, qui se d\u00e9roule ce mardi 23 septembre.<\/strong><\/em><\/p>\n<ul>\n<li style=\"text-align: justify;\"><strong>\u00c0 ce sujet \u2013\u00a0<a href=\"https:\/\/dicodusport.fr\/blog\/programme-et-resultats-des-championnats-du-monde-de-cyclisme-sur-route-2025-au-rwanda\/\">Programme et r\u00e9sultats des Championnats du monde de cyclisme sur route 2025 au Rwanda<\/a><\/strong><\/li>\n<\/ul>\n<p style=\"text-align: justify;\">Le <strong>contre-la-montre juniors femmes des Championnats du monde de cyclisme sur route 2025<\/strong> se tient ce <strong>mardi 23 septembre<\/strong> \u00e0 <strong>Kigali<\/strong>, avec un d\u00e9part pr\u00e9vu \u00e0 10h45. Les participantes devront parcourir <strong>18,3 kilom\u00e8tres<\/strong> entre la BK Arena et le Kigali Convention Centre, pour un trac\u00e9 exigeant qui cumule environ <strong>225 m\u00e8tres de d\u00e9nivel\u00e9 positif<\/strong>.<\/p>\n<h2 style=\"text-align: justify;\">Parcours et favorites du chrono juniors<\/h2>\n<p style=\"text-align: justify;\">Si la distance reste relativement courte, le parcours se r\u00e9v\u00e8le technique, alternant portions roulantes et relances, avant une arriv\u00e9e rendue s\u00e9lective par la c\u00f4te pav\u00e9e de <strong>Kimihurura<\/strong>, v\u00e9ritable juge de paix de l\u2019\u00e9preuve. Cette mont\u00e9e finale, raide et usante, devrait favoriser les coureuses capables de combiner puissance et gestion de l\u2019effort sur un chrono.<\/p>\n<p style=\"text-align: justify;\">Ce rendez-vous repr\u00e9sente un moment cl\u00e9 pour les jeunes talents, souvent r\u00e9v\u00e9lateur des futures grandes sp\u00e9cialistes du contre-la-montre. Parmi les favorites annonc\u00e9es figure la Britannique <strong>Erin Boothman<\/strong>, d\u00e9j\u00e0 double m\u00e9daill\u00e9e aux Mondiaux sur piste juniors et titr\u00e9e au niveau national contre le chrono. On citera \u00e9galement l&rsquo;Espagnole <strong>Paula Ostiz Taco<\/strong>. Avec la mont\u00e9e en cat\u00e9gorie sup\u00e9rieure de <strong>Cat Ferguson<\/strong>, championne du monde en titre, et d\u2019<strong>Imogen Wolff<\/strong>, troisi\u00e8me l\u2019an pass\u00e9, la course s\u2019annonce ouverte et propice \u00e0 l\u2019\u00e9mergence de nouveaux visages sur la sc\u00e8ne internationale.<\/p>\n<p style=\"text-align: justify;\"><strong>Arriv\u00e9e de la course pr\u00e9vue sur les coups de 12h45. Retrouvez les r\u00e9sultats complets et le classement du contre-la-montre juniors femmes des championnats du monde 2025 ci-dessous.\u00a0<\/strong><\/p>\n<h2 style=\"text-align: justify;\">Championnats du monde CLM juniors f\u00e9minin 2025 &#8211; Classement et r\u00e9sultats<\/h2>\n<p style=\"text-align: justify;\"><span style=\"font-size: 14px;\"><em><strong>Classement officiel mis \u00e0 jour \u00e0 l&rsquo;issue du chrono.<\/strong><\/em><\/span><\/p>\n<div class=\"su-table su-table-alternate\">\n<table style=\"width: 800px;border-collapse: collapse\" border=\"1\">\n<tbody>\n<tr style=\"height: 24px\">\n<td style=\"border-color: #ebebeb;height: 24px;text-align: center;width: 80px;vertical-align: middle\">\ud83c\udfc6<\/td>\n<td style=\"border-color: #ebebeb;height: 24px;text-align: center;width: 500px;vertical-align: middle\"><span style=\"font-size: 0.9em\"><strong>COUREUSES<\/strong><\/span><\/td>\n<td style=\"border-color: #ebebeb;height: 24px;text-align: center;width: 220px;vertical-align: middle\"><span style=\"font-size: 0.9em\"><strong>TEMPS \/ \u00c9CART<\/strong><\/span><\/td>\n<\/tr>\n<tr style=\"height: 24px\">\n<td style=\"border-color: #ebebeb;height: 24px;text-align: center;width: 80px;vertical-align: middle\"><strong><span class=\"su-label su-label-type-warning\">1.<\/span><\/strong><\/td>\n<td style=\"border-color: #ebebeb;text-align: center;width: 500px;vertical-align: middle\"><span style=\"font-size: 0.9em\"><b>\ud83c\uddf3\ud83c\uddf1 MEGAN ARENS<\/b><\/span><\/td>\n<td style=\"border-color: #ebebeb;text-align: center;width: 220px;vertical-align: middle\"><span style=\"font-size: 0.9em\"><strong>25m47s<\/strong><\/span><\/td>\n<\/tr>\n<tr>\n<td style=\"border-color: #ebebeb;text-align: center;width: 80px;vertical-align: middle\"><strong><span class=\"su-label su-label-type-default\">2.<\/span><\/strong><\/td>\n<td style=\"border-color: #ebebeb;text-align: center;width: 500px;vertical-align: middle\"><span style=\"font-size: 0.9em\"><b>\ud83c\uddea\ud83c\uddf8 PAULA OSTIZ<\/b><\/span><\/td>\n<td style=\"border-color: #ebebeb;text-align: center;width: 220px;vertical-align: middle\"><span style=\"font-size: 0.9em\"><strong>\u00e0 35s<\/strong><\/span><\/td>\n<\/tr>\n<tr>\n<td style=\"border-color: #ebebeb;text-align: center;width: 80px;vertical-align: middle\"><strong><span class=\"su-label su-label-type-important\">3.<\/span><\/strong><\/td>\n<td style=\"border-color: #ebebeb;text-align: center;width: 500px;vertical-align: middle\"><span style=\"font-size: 0.9em\"><b>\ud83c\uddf3\ud83c\uddf4 ODA AUNE GISSINGER<\/b><\/span><\/td>\n<td style=\"border-color: #ebebeb;text-align: center;width: 220px;vertical-align: middle\"><span style=\"font-size: 0.9em\"><strong>\u00e0 37s<\/strong><\/span><\/td>\n<\/tr>\n<tr>\n<td style=\"border-color: #ebebeb;text-align: center;width: 80px;vertical-align: middle\"><span style=\"font-size: 0.9em\">4.<\/span><\/td>\n<td style=\"border-color: #ebebeb;text-align: center;width: 500px;vertical-align: middle\"><span style=\"font-size: 0.9em\"><b>\ud83c\uddf3\ud83c\uddf1 ROOS MULLER<\/b><\/span><\/td>\n<td style=\"border-color: #ebebeb;text-align: center;width: 220px;vertical-align: middle\"><span style=\"font-size: 0.9em\"><strong>\u00e0 47s<\/strong><\/span><\/td>\n<\/tr>\n<tr>\n<td style=\"border-color: #ebebeb;text-align: center;width: 80px;vertical-align: middle\"><span style=\"font-size: 0.9em\">5.<\/span><\/td>\n<td style=\"border-color: #ebebeb;text-align: center;width: 500px;vertical-align: middle\"><span style=\"font-size: 0.9em\"><b><strong>\ud83c\uddec\ud83c\udde7 ERIN BOOTHMAN<\/strong><\/b><\/span><\/td>\n<td style=\"border-color: #ebebeb;text-align: center;width: 220px;vertical-align: middle\"><span style=\"font-size: 0.9em\"><strong>\u00e0 49s<\/strong><\/span><\/td>\n<\/tr>\n<tr>\n<td style=\"border-color: #ebebeb;text-align: center;width: 80px;vertical-align: middle\"><span style=\"font-size: 0.9em\">6.<\/span><\/td>\n<td style=\"border-color: #ebebeb;text-align: center;width: 500px;vertical-align: middle\"><span style=\"font-size: 0.9em\"><strong>\ud83c\udde8\ud83c\udde6 SIDNEY SWIERENGA<\/strong><\/span><\/td>\n<td style=\"border-color: #ebebeb;text-align: center;width: 220px;vertical-align: middle\"><span style=\"font-size: 0.9em\"><strong>\u00e0 54s<\/strong><\/span><\/td>\n<\/tr>\n<tr>\n<td style=\"border-color: #ebebeb;text-align: center;width: 80px;vertical-align: middle\"><span style=\"font-size: 0.9em\">7.<\/span><\/td>\n<td style=\"border-color: #ebebeb;text-align: center;width: 500px;vertical-align: middle\"><span style=\"font-size: 0.9em\"><b>\ud83c\uddf5\ud83c\uddf1 MARIA OKRUCINSKA<\/b><\/span><\/td>\n<td style=\"border-color: #ebebeb;text-align: center;width: 220px;vertical-align: middle\"><span style=\"font-size: 0.9em\"><strong>\u00e0 1m07s<\/strong><\/span><\/td>\n<\/tr>\n<tr>\n<td style=\"border-color: #ebebeb;text-align: center;width: 80px;vertical-align: middle\"><span style=\"font-size: 0.9em\">8.<\/span><\/td>\n<td style=\"border-color: #ebebeb;text-align: center;width: 500px;vertical-align: middle\"><span style=\"font-size: 0.9em\"><b><strong>\ud83c\uddec\ud83c\udde7 ABIGAIL MILLER<\/strong><\/b><\/span><\/td>\n<td style=\"border-color: #ebebeb;text-align: center;width: 220px;vertical-align: middle\"><span style=\"font-size: 0.9em\"><strong>\u00e0 1m32s<\/strong><\/span><\/td>\n<\/tr>\n<tr>\n<td style=\"border-color: #ebebeb;text-align: center;width: 80px;vertical-align: middle\"><span style=\"font-size: 0.9em\">9.<\/span><\/td>\n<td style=\"border-color: #ebebeb;text-align: center;width: 500px;vertical-align: middle\"><span style=\"font-size: 0.9em\"><b>\ud83c\uddfa\ud83c\uddf8 LILIANA EDWARDS<\/b><\/span><\/td>\n<td style=\"border-color: #ebebeb;text-align: center;width: 220px;vertical-align: middle\"><span style=\"font-size: 0.9em\"><strong>\u00e0 1m33s<\/strong><\/span><\/td>\n<\/tr>\n<tr style=\"height: 24px\">\n<td style=\"border-color: #ebebeb;height: 24px;text-align: center;width: 80px;vertical-align: middle\"><span style=\"font-size: 0.9em\">10.<\/span><\/td>\n<td style=\"border-color: #ebebeb;text-align: center;width: 500px;vertical-align: middle\"><strong><span style=\"font-size: 0.9em\">\ud83c\udde7\ud83c\uddea LAURA FIVE<\/span><\/strong><\/td>\n<td style=\"border-color: #ebebeb;text-align: center;width: 220px;vertical-align: middle\"><span style=\"font-size: 0.9em\"><strong>\u00e0 1m36s<\/strong><\/span><\/td>\n<\/tr>\n<\/tbody>\n<\/table>\n<\/div>\n<ul>\n<li style=\"text-align: justify;\"><strong><a href=\"https:\/\/www.procyclingstats.com\/race\/world-championships-wj-itt\/2025\/result\">Le classement complet<\/a><\/strong><\/li>\n<\/ul>\n<h3 style=\"text-align: justify;\">\u00c0 lire aussi<\/h3>\n<div class=\"vlp-link-container vlp-layout-article\"><a href=\"https:\/\/dicodusport.fr\/blog\/mondiaux-de-cyclisme-2025-au-rwanda-le-programme-tv-et-les-horaires-des-courses-sur-france-tv-et-eurosport\/\" class=\"vlp-link\" title=\"Mondiaux de cyclisme 2025 au Rwanda : le programme TV et les horaires des courses sur France TV et Eurosport\"><\/a><div class=\"vlp-layout-zone-side\"><div class=\"vlp-block-4 vlp-link-image\"><img loading=\"lazy\" decoding=\"async\" style=\"max-width: 792px;\" width=\"792\" height=\"445\" src=\"https:\/\/dicodusport.fr\/blog\/wp-content\/uploads\/2025\/09\/Mondiaux-de-cyclisme-2025-au-Rwanda-le-programme-TV-et-les-horaires-des-courses-sur-France-TV-et-Eurosport.png\" class=\"attachment-800x445 size-800x445\" alt=\"Mondiaux de cyclisme 2025 au Rwanda le programme TV et les horaires des courses sur France TV et Eurosport\" srcset=\"https:\/\/dicodusport.fr\/blog\/wp-content\/uploads\/2025\/09\/Mondiaux-de-cyclisme-2025-au-Rwanda-le-programme-TV-et-les-horaires-des-courses-sur-France-TV-et-Eurosport.png 1200w, https:\/\/dicodusport.fr\/blog\/wp-content\/uploads\/2025\/09\/Mondiaux-de-cyclisme-2025-au-Rwanda-le-programme-TV-et-les-horaires-des-courses-sur-France-TV-et-Eurosport-300x169.png 300w, https:\/\/dicodusport.fr\/blog\/wp-content\/uploads\/2025\/09\/Mondiaux-de-cyclisme-2025-au-Rwanda-le-programme-TV-et-les-horaires-des-courses-sur-France-TV-et-Eurosport-1024x575.png 1024w, https:\/\/dicodusport.fr\/blog\/wp-content\/uploads\/2025\/09\/Mondiaux-de-cyclisme-2025-au-Rwanda-le-programme-TV-et-les-horaires-des-courses-sur-France-TV-et-Eurosport-768x431.png 768w\" sizes=\"auto, (max-width: 792px) 100vw, 792px\" \/><\/div><\/div><div class=\"vlp-layout-zone-main\"><div class=\"vlp-block-0 vlp-link-title\">Mondiaux de cyclisme 2025 au Rwanda : le programme TV et les horaires des courses sur France TV et Eurosport<\/div><div class=\"vlp-block-1 vlp-link-summary\">D\u00e9couvrez le programme TV complet des championnats du monde de cyclisme sur route 2025 au Rwanda : horaires et diffusions sur France TV et Eurosport.<\/div><div class=\"vlp-block-2 vlp-link-button\">Lire l'article<\/div><div class=\"vlp-block-3 vlp-link-url\">dicodusport.fr<\/div><\/div><\/div>\n","protected":false},"excerpt":{"rendered":"<p>D\u00e9couvrez le classement et les r\u00e9sultats complets du contre-la-montre juniors femmes des Championnats du Monde de cyclisme 2025 \u00e0 Kigali, qui se d\u00e9roule ce mardi 23 septembre.<\/p>\n","protected":false},"author":4,"featured_media":613764,"comment_status":"open","ping_status":"closed","sticky":false,"template":"","format":"standard","meta":{"_acf_changed":false,"_daextam_enable_autolinks":"1","footnotes":""},"categories":[46994],"tags":[16878,19450,574,11197],"class_list":["post-613761","post","type-post","status-publish","format-standard","has-post-thumbnail","hentry","category-cyclisme-sur-route","tag-breve","tag-championnats-du-monde-de-cyclisme-sur-route","tag-cyclisme","tag-cyclisme-sur-route"],"acf":[],"yoast_head":"<!-- This site is optimized with the Yoast SEO Premium plugin v26.7 (Yoast SEO v26.7) - https:\/\/yoast.com\/wordpress\/plugins\/seo\/ -->\n<title>Championnat du monde 2025 : Classement et r\u00e9sultats du contre-la-montre juniors femmes<\/title>\n<meta name=\"description\" content=\"D\u00e9couvrez le classement et les r\u00e9sultats complets du contre-la-montre juniors femmes des Championnats du Monde de cyclisme 2025 \u00e0 Kigali, qui se d\u00e9roule ce mardi 23 septembre.\" \/>\n<meta name=\"robots\" content=\"index, follow, max-snippet:-1, max-image-preview:large, max-video-preview:-1\" \/>\n<link rel=\"canonical\" href=\"https:\/\/dicodusport.fr\/blog\/championnat-du-monde-2025-classement-et-resultats-du-contre-la-montre-juniors-femmes\/\" \/>\n<meta property=\"og:locale\" content=\"fr_FR\" \/>\n<meta property=\"og:type\" content=\"article\" \/>\n<meta property=\"og:title\" content=\"Qui est la championne du monde juniors du contre-la-montre \u00e0 Kigali ? Classement et r\u00e9sultats\" \/>\n<meta property=\"og:description\" content=\"D\u00e9couvrez le classement et les r\u00e9sultats complets du contre-la-montre juniors femmes des Championnats du Monde de cyclisme 2025 \u00e0 Kigali, qui se d\u00e9roule ce mardi 23 septembre.\" \/>\n<meta property=\"og:url\" content=\"https:\/\/dicodusport.fr\/blog\/championnat-du-monde-2025-classement-et-resultats-du-contre-la-montre-juniors-femmes\/\" \/>\n<meta property=\"og:site_name\" content=\"Dicodusport\" \/>\n<meta property=\"article:publisher\" content=\"https:\/\/www.facebook.com\/dicodusport\" \/>\n<meta property=\"article:author\" content=\"https:\/\/www.facebook.com\/florent.ostermann\" \/>\n<meta property=\"article:published_time\" content=\"2025-09-23T10:57:49+00:00\" \/>\n<meta property=\"article:modified_time\" content=\"2025-09-23T18:13:29+00:00\" \/>\n<meta property=\"og:image\" content=\"https:\/\/dicodusport.fr\/blog\/wp-content\/uploads\/2025\/09\/Championnat-du-monde-2025-Classement-et-resultats-du-contre-la-montre-juniors-femmes.png\" \/>\n\t<meta property=\"og:image:width\" content=\"1200\" \/>\n\t<meta property=\"og:image:height\" content=\"674\" \/>\n\t<meta property=\"og:image:type\" content=\"image\/png\" \/>\n<meta name=\"author\" content=\"Flo Ostermann\" \/>\n<meta name=\"twitter:card\" content=\"summary_large_image\" \/>\n<meta name=\"twitter:title\" content=\"Qui est la championne du monde juniors du contre-la-montre \u00e0 Kigali ? Classement et r\u00e9sultats\" \/>\n<meta name=\"twitter:creator\" content=\"@https:\/\/twitter.com\/FlOstermann\" \/>\n<meta name=\"twitter:site\" content=\"@dicodusport\" \/>\n<script type=\"application\/ld+json\" class=\"yoast-schema-graph\">{\"@context\":\"https:\/\/schema.org\",\"@graph\":[{\"@type\":\"NewsArticle\",\"@id\":\"https:\/\/dicodusport.fr\/blog\/championnat-du-monde-2025-classement-et-resultats-du-contre-la-montre-juniors-femmes\/#article\",\"isPartOf\":{\"@id\":\"https:\/\/dicodusport.fr\/blog\/championnat-du-monde-2025-classement-et-resultats-du-contre-la-montre-juniors-femmes\/\"},\"author\":{\"name\":\"Flo Ostermann\",\"@id\":\"https:\/\/dicodusport.fr\/blog\/#\/schema\/person\/cb02af4c173ce4a653b55e9baf388d4a\"},\"headline\":\"Championnat du monde 2025 : Classement et r\u00e9sultats du contre-la-montre juniors femmes\",\"datePublished\":\"2025-09-23T10:57:49+00:00\",\"dateModified\":\"2025-09-23T18:13:29+00:00\",\"mainEntityOfPage\":{\"@id\":\"https:\/\/dicodusport.fr\/blog\/championnat-du-monde-2025-classement-et-resultats-du-contre-la-montre-juniors-femmes\/\"},\"wordCount\":495,\"commentCount\":0,\"publisher\":{\"@id\":\"https:\/\/dicodusport.fr\/blog\/#organization\"},\"image\":{\"@id\":\"https:\/\/dicodusport.fr\/blog\/championnat-du-monde-2025-classement-et-resultats-du-contre-la-montre-juniors-femmes\/#primaryimage\"},\"thumbnailUrl\":\"https:\/\/dicodusport.fr\/blog\/wp-content\/uploads\/2025\/09\/Championnat-du-monde-2025-Classement-et-resultats-du-contre-la-montre-juniors-femmes.png\",\"keywords\":[\"br\u00e8ve\",\"Championnats du monde de cyclisme sur route\",\"Cyclisme\",\"Cyclisme sur route\"],\"articleSection\":[\"Cyclisme sur route\"],\"inLanguage\":\"fr-FR\",\"potentialAction\":[{\"@type\":\"CommentAction\",\"name\":\"Comment\",\"target\":[\"https:\/\/dicodusport.fr\/blog\/championnat-du-monde-2025-classement-et-resultats-du-contre-la-montre-juniors-femmes\/#respond\"]}],\"copyrightYear\":\"2025\",\"copyrightHolder\":{\"@id\":\"https:\/\/dicodusport.fr\/blog\/#organization\"}},{\"@type\":\"WebPage\",\"@id\":\"https:\/\/dicodusport.fr\/blog\/championnat-du-monde-2025-classement-et-resultats-du-contre-la-montre-juniors-femmes\/\",\"url\":\"https:\/\/dicodusport.fr\/blog\/championnat-du-monde-2025-classement-et-resultats-du-contre-la-montre-juniors-femmes\/\",\"name\":\"Championnat du monde 2025 : Classement et r\u00e9sultats du contre-la-montre juniors femmes\",\"isPartOf\":{\"@id\":\"https:\/\/dicodusport.fr\/blog\/#website\"},\"primaryImageOfPage\":{\"@id\":\"https:\/\/dicodusport.fr\/blog\/championnat-du-monde-2025-classement-et-resultats-du-contre-la-montre-juniors-femmes\/#primaryimage\"},\"image\":{\"@id\":\"https:\/\/dicodusport.fr\/blog\/championnat-du-monde-2025-classement-et-resultats-du-contre-la-montre-juniors-femmes\/#primaryimage\"},\"thumbnailUrl\":\"https:\/\/dicodusport.fr\/blog\/wp-content\/uploads\/2025\/09\/Championnat-du-monde-2025-Classement-et-resultats-du-contre-la-montre-juniors-femmes.png\",\"datePublished\":\"2025-09-23T10:57:49+00:00\",\"dateModified\":\"2025-09-23T18:13:29+00:00\",\"description\":\"D\u00e9couvrez le classement et les r\u00e9sultats complets du contre-la-montre juniors femmes des Championnats du Monde de cyclisme 2025 \u00e0 Kigali, qui se d\u00e9roule ce mardi 23 septembre.\",\"breadcrumb\":{\"@id\":\"https:\/\/dicodusport.fr\/blog\/championnat-du-monde-2025-classement-et-resultats-du-contre-la-montre-juniors-femmes\/#breadcrumb\"},\"inLanguage\":\"fr-FR\",\"potentialAction\":[{\"@type\":\"ReadAction\",\"target\":[\"https:\/\/dicodusport.fr\/blog\/championnat-du-monde-2025-classement-et-resultats-du-contre-la-montre-juniors-femmes\/\"]}]},{\"@type\":\"ImageObject\",\"inLanguage\":\"fr-FR\",\"@id\":\"https:\/\/dicodusport.fr\/blog\/championnat-du-monde-2025-classement-et-resultats-du-contre-la-montre-juniors-femmes\/#primaryimage\",\"url\":\"https:\/\/dicodusport.fr\/blog\/wp-content\/uploads\/2025\/09\/Championnat-du-monde-2025-Classement-et-resultats-du-contre-la-montre-juniors-femmes.png\",\"contentUrl\":\"https:\/\/dicodusport.fr\/blog\/wp-content\/uploads\/2025\/09\/Championnat-du-monde-2025-Classement-et-resultats-du-contre-la-montre-juniors-femmes.png\",\"width\":1200,\"height\":674,\"caption\":\"Championnat du monde 2025 Classement et r\u00e9sultats du contre-la-montre juniors femmes\"},{\"@type\":\"BreadcrumbList\",\"@id\":\"https:\/\/dicodusport.fr\/blog\/championnat-du-monde-2025-classement-et-resultats-du-contre-la-montre-juniors-femmes\/#breadcrumb\",\"itemListElement\":[{\"@type\":\"ListItem\",\"position\":1,\"name\":\"Accueil\",\"item\":\"https:\/\/dicodusport.fr\/blog\/\"},{\"@type\":\"ListItem\",\"position\":2,\"name\":\"Championnat du monde 2025 : Classement et r\u00e9sultats du contre-la-montre juniors femmes\"}]},{\"@type\":\"WebSite\",\"@id\":\"https:\/\/dicodusport.fr\/blog\/#website\",\"url\":\"https:\/\/dicodusport.fr\/blog\/\",\"name\":\"Dicodusport\",\"description\":\"L&#039;encyclop\u00e9die de l&#039;actualit\u00e9 sportive\",\"publisher\":{\"@id\":\"https:\/\/dicodusport.fr\/blog\/#organization\"},\"potentialAction\":[{\"@type\":\"SearchAction\",\"target\":{\"@type\":\"EntryPoint\",\"urlTemplate\":\"https:\/\/dicodusport.fr\/blog\/?s={search_term_string}\"},\"query-input\":{\"@type\":\"PropertyValueSpecification\",\"valueRequired\":true,\"valueName\":\"search_term_string\"}}],\"inLanguage\":\"fr-FR\"},{\"@type\":\"NewsMediaOrganization\",\"@id\":\"https:\/\/dicodusport.fr\/blog\/#organization\",\"name\":\"Dicodusport\",\"url\":\"https:\/\/dicodusport.fr\/blog\/\",\"logo\":{\"@type\":\"ImageObject\",\"inLanguage\":\"fr-FR\",\"@id\":\"https:\/\/dicodusport.fr\/blog\/#\/schema\/logo\/image\/\",\"url\":\"https:\/\/dicodusport.fr\/blog\/wp-content\/uploads\/2020\/06\/cropped-LOGO-DICODUSPORT-2020-SANS-FOND-SANS-TEXTE.png\",\"contentUrl\":\"https:\/\/dicodusport.fr\/blog\/wp-content\/uploads\/2020\/06\/cropped-LOGO-DICODUSPORT-2020-SANS-FOND-SANS-TEXTE.png\",\"width\":512,\"height\":512,\"caption\":\"Dicodusport\"},\"image\":{\"@id\":\"https:\/\/dicodusport.fr\/blog\/#\/schema\/logo\/image\/\"},\"sameAs\":[\"https:\/\/www.facebook.com\/dicodusport\",\"https:\/\/x.com\/dicodusport\",\"https:\/\/www.instagram.com\/dicodusport\/\",\"https:\/\/www.youtube.com\/channel\/UC7V2KZ5sd3htJivAbA4ZG3w\"],\"description\":\"Dicodusport est l'encyclop\u00e9die de l'actualit\u00e9 sportive.\",\"email\":\"bonjour@dicodusport.fr\",\"legalName\":\"DICODUSPORT\",\"foundingDate\":\"2018-01-14\",\"vatID\":\"FR71834470973\",\"taxID\":\"83447097300043\",\"numberOfEmployees\":{\"@type\":\"QuantitativeValue\",\"minValue\":\"1\",\"maxValue\":\"10\"}},{\"@type\":\"Person\",\"@id\":\"https:\/\/dicodusport.fr\/blog\/#\/schema\/person\/cb02af4c173ce4a653b55e9baf388d4a\",\"name\":\"Flo Ostermann\",\"image\":{\"@type\":\"ImageObject\",\"inLanguage\":\"fr-FR\",\"@id\":\"https:\/\/dicodusport.fr\/blog\/#\/schema\/person\/image\/\",\"url\":\"https:\/\/dicodusport.fr\/blog\/wp-content\/uploads\/2021\/05\/Flo-Ostermann-150x150.jpg\",\"contentUrl\":\"https:\/\/dicodusport.fr\/blog\/wp-content\/uploads\/2021\/05\/Flo-Ostermann-150x150.jpg\",\"caption\":\"Flo Ostermann\"},\"description\":\"Journaliste\/R\u00e9dacteur depuis septembre 2015 - Mes premiers souvenirs dans le sport ? Les envol\u00e9es du Stade Toulousain et les duels Villeneuve-Schumacher et H\u00e4kkinen-Schumacher \u00e0 la fin des ann\u00e9es 90, la Coupe du monde de football en 1998, l\u2019exploit du XV de France face aux All Blacks en 1999, mais aussi Richard C\u0153ur de Lion qui vole sur les montagnes du Tour de France. Bien parti pour devenir professeur d\u2019EPS, les \u00e9v\u00e9nements de la vie (et la flemme d\u2019animer des s\u00e9ances de 3x500 m\u00e8tres toute ma vie) m\u2019ont conduit \u00e0 revoir mes plans. Me voil\u00e0 depuis fin 2017 sur Dicodusport, m\u00e9dia gr\u00e2ce (et pour) lequel je partage ma passion : le sport dans tous ses \u00e9tats. Le tout accompagn\u00e9 par les fous furieux et folles furieuses cit\u00e9s sur cette page !\",\"sameAs\":[\"https:\/\/www.facebook.com\/florent.ostermann\",\"https:\/\/x.com\/https:\/\/twitter.com\/FlOstermann\",\"admin\"],\"url\":\"https:\/\/dicodusport.fr\/blog\/author\/flo\/\"}]}<\/script>\n<!-- \/ Yoast SEO Premium plugin. -->","yoast_head_json":{"title":"Championnat du monde 2025 : Classement et r\u00e9sultats du contre-la-montre juniors femmes","description":"D\u00e9couvrez le classement et les r\u00e9sultats complets du contre-la-montre juniors femmes des Championnats du Monde de cyclisme 2025 \u00e0 Kigali, qui se d\u00e9roule ce mardi 23 septembre.","robots":{"index":"index","follow":"follow","max-snippet":"max-snippet:-1","max-image-preview":"max-image-preview:large","max-video-preview":"max-video-preview:-1"},"canonical":"https:\/\/dicodusport.fr\/blog\/championnat-du-monde-2025-classement-et-resultats-du-contre-la-montre-juniors-femmes\/","og_locale":"fr_FR","og_type":"article","og_title":"Qui est la championne du monde juniors du contre-la-montre \u00e0 Kigali ? Classement et r\u00e9sultats","og_description":"D\u00e9couvrez le classement et les r\u00e9sultats complets du contre-la-montre juniors femmes des Championnats du Monde de cyclisme 2025 \u00e0 Kigali, qui se d\u00e9roule ce mardi 23 septembre.","og_url":"https:\/\/dicodusport.fr\/blog\/championnat-du-monde-2025-classement-et-resultats-du-contre-la-montre-juniors-femmes\/","og_site_name":"Dicodusport","article_publisher":"https:\/\/www.facebook.com\/dicodusport","article_author":"https:\/\/www.facebook.com\/florent.ostermann","article_published_time":"2025-09-23T10:57:49+00:00","article_modified_time":"2025-09-23T18:13:29+00:00","og_image":[{"width":1200,"height":674,"url":"https:\/\/dicodusport.fr\/blog\/wp-content\/uploads\/2025\/09\/Championnat-du-monde-2025-Classement-et-resultats-du-contre-la-montre-juniors-femmes.png","type":"image\/png"}],"author":"Flo Ostermann","twitter_card":"summary_large_image","twitter_title":"Qui est la championne du monde juniors du contre-la-montre \u00e0 Kigali ? Classement et r\u00e9sultats","twitter_creator":"@https:\/\/twitter.com\/FlOstermann","twitter_site":"@dicodusport","schema":{"@context":"https:\/\/schema.org","@graph":[{"@type":"NewsArticle","@id":"https:\/\/dicodusport.fr\/blog\/championnat-du-monde-2025-classement-et-resultats-du-contre-la-montre-juniors-femmes\/#article","isPartOf":{"@id":"https:\/\/dicodusport.fr\/blog\/championnat-du-monde-2025-classement-et-resultats-du-contre-la-montre-juniors-femmes\/"},"author":{"name":"Flo Ostermann","@id":"https:\/\/dicodusport.fr\/blog\/#\/schema\/person\/cb02af4c173ce4a653b55e9baf388d4a"},"headline":"Championnat du monde 2025 : Classement et r\u00e9sultats du contre-la-montre juniors femmes","datePublished":"2025-09-23T10:57:49+00:00","dateModified":"2025-09-23T18:13:29+00:00","mainEntityOfPage":{"@id":"https:\/\/dicodusport.fr\/blog\/championnat-du-monde-2025-classement-et-resultats-du-contre-la-montre-juniors-femmes\/"},"wordCount":495,"commentCount":0,"publisher":{"@id":"https:\/\/dicodusport.fr\/blog\/#organization"},"image":{"@id":"https:\/\/dicodusport.fr\/blog\/championnat-du-monde-2025-classement-et-resultats-du-contre-la-montre-juniors-femmes\/#primaryimage"},"thumbnailUrl":"https:\/\/dicodusport.fr\/blog\/wp-content\/uploads\/2025\/09\/Championnat-du-monde-2025-Classement-et-resultats-du-contre-la-montre-juniors-femmes.png","keywords":["br\u00e8ve","Championnats du monde de cyclisme sur route","Cyclisme","Cyclisme sur route"],"articleSection":["Cyclisme sur route"],"inLanguage":"fr-FR","potentialAction":[{"@type":"CommentAction","name":"Comment","target":["https:\/\/dicodusport.fr\/blog\/championnat-du-monde-2025-classement-et-resultats-du-contre-la-montre-juniors-femmes\/#respond"]}],"copyrightYear":"2025","copyrightHolder":{"@id":"https:\/\/dicodusport.fr\/blog\/#organization"}},{"@type":"WebPage","@id":"https:\/\/dicodusport.fr\/blog\/championnat-du-monde-2025-classement-et-resultats-du-contre-la-montre-juniors-femmes\/","url":"https:\/\/dicodusport.fr\/blog\/championnat-du-monde-2025-classement-et-resultats-du-contre-la-montre-juniors-femmes\/","name":"Championnat du monde 2025 : Classement et r\u00e9sultats du contre-la-montre juniors femmes","isPartOf":{"@id":"https:\/\/dicodusport.fr\/blog\/#website"},"primaryImageOfPage":{"@id":"https:\/\/dicodusport.fr\/blog\/championnat-du-monde-2025-classement-et-resultats-du-contre-la-montre-juniors-femmes\/#primaryimage"},"image":{"@id":"https:\/\/dicodusport.fr\/blog\/championnat-du-monde-2025-classement-et-resultats-du-contre-la-montre-juniors-femmes\/#primaryimage"},"thumbnailUrl":"https:\/\/dicodusport.fr\/blog\/wp-content\/uploads\/2025\/09\/Championnat-du-monde-2025-Classement-et-resultats-du-contre-la-montre-juniors-femmes.png","datePublished":"2025-09-23T10:57:49+00:00","dateModified":"2025-09-23T18:13:29+00:00","description":"D\u00e9couvrez le classement et les r\u00e9sultats complets du contre-la-montre juniors femmes des Championnats du Monde de cyclisme 2025 \u00e0 Kigali, qui se d\u00e9roule ce mardi 23 septembre.","breadcrumb":{"@id":"https:\/\/dicodusport.fr\/blog\/championnat-du-monde-2025-classement-et-resultats-du-contre-la-montre-juniors-femmes\/#breadcrumb"},"inLanguage":"fr-FR","potentialAction":[{"@type":"ReadAction","target":["https:\/\/dicodusport.fr\/blog\/championnat-du-monde-2025-classement-et-resultats-du-contre-la-montre-juniors-femmes\/"]}]},{"@type":"ImageObject","inLanguage":"fr-FR","@id":"https:\/\/dicodusport.fr\/blog\/championnat-du-monde-2025-classement-et-resultats-du-contre-la-montre-juniors-femmes\/#primaryimage","url":"https:\/\/dicodusport.fr\/blog\/wp-content\/uploads\/2025\/09\/Championnat-du-monde-2025-Classement-et-resultats-du-contre-la-montre-juniors-femmes.png","contentUrl":"https:\/\/dicodusport.fr\/blog\/wp-content\/uploads\/2025\/09\/Championnat-du-monde-2025-Classement-et-resultats-du-contre-la-montre-juniors-femmes.png","width":1200,"height":674,"caption":"Championnat du monde 2025 Classement et r\u00e9sultats du contre-la-montre juniors femmes"},{"@type":"BreadcrumbList","@id":"https:\/\/dicodusport.fr\/blog\/championnat-du-monde-2025-classement-et-resultats-du-contre-la-montre-juniors-femmes\/#breadcrumb","itemListElement":[{"@type":"ListItem","position":1,"name":"Accueil","item":"https:\/\/dicodusport.fr\/blog\/"},{"@type":"ListItem","position":2,"name":"Championnat du monde 2025 : Classement et r\u00e9sultats du contre-la-montre juniors femmes"}]},{"@type":"WebSite","@id":"https:\/\/dicodusport.fr\/blog\/#website","url":"https:\/\/dicodusport.fr\/blog\/","name":"Dicodusport","description":"L&#039;encyclop\u00e9die de l&#039;actualit\u00e9 sportive","publisher":{"@id":"https:\/\/dicodusport.fr\/blog\/#organization"},"potentialAction":[{"@type":"SearchAction","target":{"@type":"EntryPoint","urlTemplate":"https:\/\/dicodusport.fr\/blog\/?s={search_term_string}"},"query-input":{"@type":"PropertyValueSpecification","valueRequired":true,"valueName":"search_term_string"}}],"inLanguage":"fr-FR"},{"@type":"NewsMediaOrganization","@id":"https:\/\/dicodusport.fr\/blog\/#organization","name":"Dicodusport","url":"https:\/\/dicodusport.fr\/blog\/","logo":{"@type":"ImageObject","inLanguage":"fr-FR","@id":"https:\/\/dicodusport.fr\/blog\/#\/schema\/logo\/image\/","url":"https:\/\/dicodusport.fr\/blog\/wp-content\/uploads\/2020\/06\/cropped-LOGO-DICODUSPORT-2020-SANS-FOND-SANS-TEXTE.png","contentUrl":"https:\/\/dicodusport.fr\/blog\/wp-content\/uploads\/2020\/06\/cropped-LOGO-DICODUSPORT-2020-SANS-FOND-SANS-TEXTE.png","width":512,"height":512,"caption":"Dicodusport"},"image":{"@id":"https:\/\/dicodusport.fr\/blog\/#\/schema\/logo\/image\/"},"sameAs":["https:\/\/www.facebook.com\/dicodusport","https:\/\/x.com\/dicodusport","https:\/\/www.instagram.com\/dicodusport\/","https:\/\/www.youtube.com\/channel\/UC7V2KZ5sd3htJivAbA4ZG3w"],"description":"Dicodusport est l'encyclop\u00e9die de l'actualit\u00e9 sportive.","email":"bonjour@dicodusport.fr","legalName":"DICODUSPORT","foundingDate":"2018-01-14","vatID":"FR71834470973","taxID":"83447097300043","numberOfEmployees":{"@type":"QuantitativeValue","minValue":"1","maxValue":"10"}},{"@type":"Person","@id":"https:\/\/dicodusport.fr\/blog\/#\/schema\/person\/cb02af4c173ce4a653b55e9baf388d4a","name":"Flo Ostermann","image":{"@type":"ImageObject","inLanguage":"fr-FR","@id":"https:\/\/dicodusport.fr\/blog\/#\/schema\/person\/image\/","url":"https:\/\/dicodusport.fr\/blog\/wp-content\/uploads\/2021\/05\/Flo-Ostermann-150x150.jpg","contentUrl":"https:\/\/dicodusport.fr\/blog\/wp-content\/uploads\/2021\/05\/Flo-Ostermann-150x150.jpg","caption":"Flo Ostermann"},"description":"Journaliste\/R\u00e9dacteur depuis septembre 2015 - Mes premiers souvenirs dans le sport ? Les envol\u00e9es du Stade Toulousain et les duels Villeneuve-Schumacher et H\u00e4kkinen-Schumacher \u00e0 la fin des ann\u00e9es 90, la Coupe du monde de football en 1998, l\u2019exploit du XV de France face aux All Blacks en 1999, mais aussi Richard C\u0153ur de Lion qui vole sur les montagnes du Tour de France. Bien parti pour devenir professeur d\u2019EPS, les \u00e9v\u00e9nements de la vie (et la flemme d\u2019animer des s\u00e9ances de 3x500 m\u00e8tres toute ma vie) m\u2019ont conduit \u00e0 revoir mes plans. Me voil\u00e0 depuis fin 2017 sur Dicodusport, m\u00e9dia gr\u00e2ce (et pour) lequel je partage ma passion : le sport dans tous ses \u00e9tats. Le tout accompagn\u00e9 par les fous furieux et folles furieuses cit\u00e9s sur cette page !","sameAs":["https:\/\/www.facebook.com\/florent.ostermann","https:\/\/x.com\/https:\/\/twitter.com\/FlOstermann","admin"],"url":"https:\/\/dicodusport.fr\/blog\/author\/flo\/"}]}},"_links":{"self":[{"href":"https:\/\/dicodusport.fr\/blog\/wp-json\/wp\/v2\/posts\/613761","targetHints":{"allow":["GET"]}}],"collection":[{"href":"https:\/\/dicodusport.fr\/blog\/wp-json\/wp\/v2\/posts"}],"about":[{"href":"https:\/\/dicodusport.fr\/blog\/wp-json\/wp\/v2\/types\/post"}],"author":[{"embeddable":true,"href":"https:\/\/dicodusport.fr\/blog\/wp-json\/wp\/v2\/users\/4"}],"replies":[{"embeddable":true,"href":"https:\/\/dicodusport.fr\/blog\/wp-json\/wp\/v2\/comments?post=613761"}],"version-history":[{"count":5,"href":"https:\/\/dicodusport.fr\/blog\/wp-json\/wp\/v2\/posts\/613761\/revisions"}],"predecessor-version":[{"id":613855,"href":"https:\/\/dicodusport.fr\/blog\/wp-json\/wp\/v2\/posts\/613761\/revisions\/613855"}],"wp:featuredmedia":[{"embeddable":true,"href":"https:\/\/dicodusport.fr\/blog\/wp-json\/wp\/v2\/media\/613764"}],"wp:attachment":[{"href":"https:\/\/dicodusport.fr\/blog\/wp-json\/wp\/v2\/media?parent=613761"}],"wp:term":[{"taxonomy":"category","embeddable":true,"href":"https:\/\/dicodusport.fr\/blog\/wp-json\/wp\/v2\/categories?post=613761"},{"taxonomy":"post_tag","embeddable":true,"href":"https:\/\/dicodusport.fr\/blog\/wp-json\/wp\/v2\/tags?post=613761"}],"curies":[{"name":"wp","href":"https:\/\/api.w.org\/{rel}","templated":true}]}}