{"id":613811,"date":"2025-09-23T15:46:20","date_gmt":"2025-09-23T13:46:20","guid":{"rendered":"https:\/\/dicodusport.fr\/blog\/?p=613811&#038;preview=true&#038;preview_id=613811"},"modified":"2025-09-23T15:46:20","modified_gmt":"2025-09-23T13:46:20","slug":"as-beziers-vers-un-changement-majeur-a-la-tete-du-club","status":"publish","type":"post","link":"https:\/\/dicodusport.fr\/blog\/as-beziers-vers-un-changement-majeur-a-la-tete-du-club\/","title":{"rendered":"AS B\u00e9ziers : vers un changement majeur \u00e0 la t\u00eate du club"},"content":{"rendered":"<p style=\"text-align: justify;\"><em><strong>L\u2019avenir de la gouvernance de l\u2019AS B\u00e9ziers H\u00e9rault semble s\u2019\u00e9claircir. Selon le <a href=\"https:\/\/www.rugbyrama.fr\/2025\/09\/23\/exclu-midol-pro-d2-beziers-andrew-mehrtens-deja-sur-le-depart-bob-skinstad-seul-aux-commandes-12947961.php\">Midi Olympique<\/a>, Andrew Mehrtens, discret copr\u00e9sident depuis pr\u00e8s d\u2019un an, pourrait quitter ses fonctions et laisser Bob Skinstad piloter seul le club sous pavillon Strangford Capital.<\/strong><\/em><\/p>\n<h2>Un rachat ambitieux<\/h2>\n<p style=\"text-align: justify;\">En novembre dernier, le paysage biterrois avait \u00e9t\u00e9 boulevers\u00e9 par l\u2019arriv\u00e9e du fonds d\u2019investissement <strong>Strangford Capital<\/strong>. Cofond\u00e9 par l\u2019homme d\u2019affaires irlandais et ancien patron d&rsquo;\u00e9curie de F1 \u00e0 son nom <strong>Eddie Jordan<\/strong>, <a href=\"https:\/\/dicodusport.fr\/blog\/carnet-noir-eddie-jordan-sest-eteint-a-lage-de-76-ans\/\">d\u00e9c\u00e9d\u00e9 en mars dernier<\/a>, le consortium avait affich\u00e9 de grandes ambitions pour relancer l\u2019<strong>ASBH<\/strong>. Pour porter ce projet, deux l\u00e9gendes du rugby international avaient \u00e9t\u00e9 plac\u00e9es \u00e0 la t\u00eate du club : l\u2019ancien ouvreur des All Blacks <strong>Andrew Mehrtens<\/strong> et l\u2019ex-troisi\u00e8me ligne sud-africain <strong>Bob Skinstad<\/strong>.<\/p>\n<h2 style=\"text-align: justify;\">Mehrtens, un visage familier \u00e0 B\u00e9ziers<\/h2>\n<p style=\"text-align: justify;\"><strong>Andrew Mehrtens<\/strong> n\u2019\u00e9tait pas un \u00e9tranger dans l\u2019H\u00e9rault. Pass\u00e9 par le club comme joueur en 2010 puis comme entra\u00eeneur durant deux saisons, l\u2019ancien All Black avait d\u00e9j\u00e0 laiss\u00e9 son empreinte sur l\u2019<strong>ASBH<\/strong>. Install\u00e9 depuis plusieurs ann\u00e9es \u00e0 Paris, il avait \u00e9t\u00e9 sollicit\u00e9 pour jouer un r\u00f4le d\u2019influence, destin\u00e9 \u00e0 valoriser l\u2019image du club et \u00e0 ouvrir des portes aupr\u00e8s de nouveaux partenaires. Cette fonction, tourn\u00e9e vers la repr\u00e9sentation et le relationnel, devait venir en compl\u00e9ment du travail quotidien assur\u00e9 sur le terrain par <strong>Bob Skinstad<\/strong>.<\/p>\n<div class=\"vlp-link-container vlp-layout-article\"><a href=\"https:\/\/dicodusport.fr\/blog\/classement-actualise-pro-d2-saison-2025-2026\/\" class=\"vlp-link\" title=\"Le classement actualis\u00e9 de la Pro D2 (saison 2025-2026)\"><\/a><div class=\"vlp-layout-zone-side\"><div class=\"vlp-block-4 vlp-link-image\"><img loading=\"lazy\" decoding=\"async\" style=\"max-width: 792px;\" width=\"792\" height=\"445\" src=\"https:\/\/dicodusport.fr\/blog\/wp-content\/uploads\/2025\/08\/Le-classement-actualise-de-la-Pro-D2-saison-2025-2026.png\" class=\"attachment-800x445 size-800x445\" alt=\"Le classement actualis\u00e9 de la Pro D2 (saison 2025-2026)\" srcset=\"https:\/\/dicodusport.fr\/blog\/wp-content\/uploads\/2025\/08\/Le-classement-actualise-de-la-Pro-D2-saison-2025-2026.png 1200w, https:\/\/dicodusport.fr\/blog\/wp-content\/uploads\/2025\/08\/Le-classement-actualise-de-la-Pro-D2-saison-2025-2026-300x169.png 300w, https:\/\/dicodusport.fr\/blog\/wp-content\/uploads\/2025\/08\/Le-classement-actualise-de-la-Pro-D2-saison-2025-2026-1024x575.png 1024w, https:\/\/dicodusport.fr\/blog\/wp-content\/uploads\/2025\/08\/Le-classement-actualise-de-la-Pro-D2-saison-2025-2026-768x431.png 768w\" sizes=\"auto, (max-width: 792px) 100vw, 792px\" \/><\/div><\/div><div class=\"vlp-layout-zone-main\"><div class=\"vlp-block-0 vlp-link-title\">Le classement actualis\u00e9 de la Pro D2 (saison 2025-2026)<\/div><div class=\"vlp-block-1 vlp-link-summary\">Retrouvez le classement de la Pro D2 2025-2026 actualis\u00e9 apr\u00e8s les derniers matchs. Cette mise \u00e0 jour permet de suivre pr\u00e9cis\u00e9ment la hi\u00e9rarchie des \u00e9quipes et l\u2019\u00e9volution des positions en t\u00eate comme en bas du tableau.<\/div><div class=\"vlp-block-2 vlp-link-button\">Lire l'article<\/div><div class=\"vlp-block-3 vlp-link-url\">dicodusport.fr<\/div><\/div><\/div>\n<h2 style=\"text-align: justify;\">Une implication oui, mais en retrait<\/h2>\n<p style=\"text-align: justify;\">Avec le temps, cependant, la pr\u00e9sence de <strong>Mehrtens<\/strong> s\u2019est faite de plus en plus rare. Entre ses engagements m\u00e9diatiques et ses activit\u00e9s professionnelles, le N\u00e9o-Z\u00e9landais a pris ses distances avec <strong>B\u00e9ziers<\/strong>, laissant la charge du fonctionnement quotidien au seul <strong>Skinstad<\/strong>. Ce dernier avait pourtant tent\u00e9 de rassurer en rappelant l\u2019importance de son coll\u00e8gue comme figure de r\u00e9f\u00e9rence et en soulignant ses efforts pour rester impliqu\u00e9 malgr\u00e9 la distance.<\/p>\n<h2 style=\"text-align: justify;\">Vers un nouveau chapitre<\/h2>\n<p style=\"text-align: justify;\">D\u2019apr\u00e8s plusieurs sources proches du dossier, <strong>Andrew Mehrtens<\/strong> envisagerait d\u00e9sormais de mettre un terme \u00e0 son aventure biterroise. Une d\u00e9cision qui ouvrirait une nouvelle \u00e9tape dans la gouvernance du club, dor\u00e9navant promise \u00e0 \u00eatre pilot\u00e9e uniquement par <strong>Bob Skinstad<\/strong>. Sollicit\u00e9 \u00e0 plusieurs reprises par nos confr\u00e8res du <em>Midi Olympique<\/em>, l\u2019ancien ouvreur n\u00e9o-z\u00e9landais a pr\u00e9f\u00e9r\u00e9 garder le silence sur ce possible d\u00e9part.<\/p>\n","protected":false},"excerpt":{"rendered":"<p>Andrew Mehrtens pourrait quitter l\u2019AS B\u00e9ziers H\u00e9rault, laissant Bob Skinstad seul \u00e0 la t\u00eate du club. Une nouvelle \u00e9tape dans la gouvernance du club de Pro D2.<\/p>\n","protected":false},"author":4,"featured_media":613819,"comment_status":"open","ping_status":"closed","sticky":false,"template":"","format":"standard","meta":{"_acf_changed":false,"_daextam_enable_autolinks":"1","footnotes":""},"categories":[47052],"tags":[5655,10797,16878,1839],"class_list":["post-613811","post","type-post","status-publish","format-standard","has-post-thumbnail","hentry","category-pro-d2","tag-as-beziers","tag-as-beziers-herault","tag-breve","tag-pro-d2"],"acf":[],"yoast_head":"<!-- This site is optimized with the Yoast SEO Premium plugin v26.7 (Yoast SEO v26.7) - https:\/\/yoast.com\/wordpress\/plugins\/seo\/ -->\n<title>AS B\u00e9ziers : vers un changement majeur \u00e0 la t\u00eate du club<\/title>\n<meta name=\"description\" content=\"Andrew Mehrtens pourrait quitter l\u2019AS B\u00e9ziers H\u00e9rault, laissant Bob Skinstad seul \u00e0 la t\u00eate du club. Une nouvelle \u00e9tape dans la gouvernance du club de Pro D2.\" \/>\n<meta name=\"robots\" content=\"index, follow, max-snippet:-1, max-image-preview:large, max-video-preview:-1\" \/>\n<link rel=\"canonical\" href=\"https:\/\/dicodusport.fr\/blog\/as-beziers-vers-un-changement-majeur-a-la-tete-du-club\/\" \/>\n<meta property=\"og:locale\" content=\"fr_FR\" \/>\n<meta property=\"og:type\" content=\"article\" \/>\n<meta property=\"og:title\" content=\"AS B\u00e9ziers : vers un changement majeur \u00e0 la t\u00eate du club\" \/>\n<meta property=\"og:description\" content=\"Andrew Mehrtens pourrait quitter l\u2019AS B\u00e9ziers H\u00e9rault, laissant Bob Skinstad seul \u00e0 la t\u00eate du club. Une nouvelle \u00e9tape dans la gouvernance du club de Pro D2.\" \/>\n<meta property=\"og:url\" content=\"https:\/\/dicodusport.fr\/blog\/as-beziers-vers-un-changement-majeur-a-la-tete-du-club\/\" \/>\n<meta property=\"og:site_name\" content=\"Dicodusport\" \/>\n<meta property=\"article:publisher\" content=\"https:\/\/www.facebook.com\/dicodusport\" \/>\n<meta property=\"article:author\" content=\"https:\/\/www.facebook.com\/florent.ostermann\" \/>\n<meta property=\"article:published_time\" content=\"2025-09-23T13:46:20+00:00\" \/>\n<meta property=\"og:image\" content=\"https:\/\/dicodusport.fr\/blog\/wp-content\/uploads\/2025\/09\/AS-Beziers-vers-un-changement-majeur-a-la-tete-du-club.png\" \/>\n\t<meta property=\"og:image:width\" content=\"1200\" \/>\n\t<meta property=\"og:image:height\" content=\"674\" \/>\n\t<meta property=\"og:image:type\" content=\"image\/png\" \/>\n<meta name=\"author\" content=\"Flo Ostermann\" \/>\n<meta name=\"twitter:card\" content=\"summary_large_image\" \/>\n<meta name=\"twitter:title\" content=\"AS B\u00e9ziers : vers un changement majeur \u00e0 la t\u00eate du club\" \/>\n<meta name=\"twitter:creator\" content=\"@https:\/\/twitter.com\/FlOstermann\" \/>\n<meta name=\"twitter:site\" content=\"@dicodusport\" \/>\n<script type=\"application\/ld+json\" class=\"yoast-schema-graph\">{\"@context\":\"https:\/\/schema.org\",\"@graph\":[{\"@type\":\"NewsArticle\",\"@id\":\"https:\/\/dicodusport.fr\/blog\/as-beziers-vers-un-changement-majeur-a-la-tete-du-club\/#article\",\"isPartOf\":{\"@id\":\"https:\/\/dicodusport.fr\/blog\/as-beziers-vers-un-changement-majeur-a-la-tete-du-club\/\"},\"author\":{\"name\":\"Flo Ostermann\",\"@id\":\"https:\/\/dicodusport.fr\/blog\/#\/schema\/person\/cb02af4c173ce4a653b55e9baf388d4a\"},\"headline\":\"AS B\u00e9ziers : vers un changement majeur \u00e0 la t\u00eate du club\",\"datePublished\":\"2025-09-23T13:46:20+00:00\",\"mainEntityOfPage\":{\"@id\":\"https:\/\/dicodusport.fr\/blog\/as-beziers-vers-un-changement-majeur-a-la-tete-du-club\/\"},\"wordCount\":494,\"commentCount\":0,\"publisher\":{\"@id\":\"https:\/\/dicodusport.fr\/blog\/#organization\"},\"image\":{\"@id\":\"https:\/\/dicodusport.fr\/blog\/as-beziers-vers-un-changement-majeur-a-la-tete-du-club\/#primaryimage\"},\"thumbnailUrl\":\"https:\/\/dicodusport.fr\/blog\/wp-content\/uploads\/2025\/09\/AS-Beziers-vers-un-changement-majeur-a-la-tete-du-club.png\",\"keywords\":[\"AS B\u00e9ziers\",\"AS B\u00e9ziers H\u00e9rault\",\"br\u00e8ve\",\"Pro D2\"],\"articleSection\":[\"Pro D2\"],\"inLanguage\":\"fr-FR\",\"potentialAction\":[{\"@type\":\"CommentAction\",\"name\":\"Comment\",\"target\":[\"https:\/\/dicodusport.fr\/blog\/as-beziers-vers-un-changement-majeur-a-la-tete-du-club\/#respond\"]}],\"copyrightYear\":\"2025\",\"copyrightHolder\":{\"@id\":\"https:\/\/dicodusport.fr\/blog\/#organization\"}},{\"@type\":\"WebPage\",\"@id\":\"https:\/\/dicodusport.fr\/blog\/as-beziers-vers-un-changement-majeur-a-la-tete-du-club\/\",\"url\":\"https:\/\/dicodusport.fr\/blog\/as-beziers-vers-un-changement-majeur-a-la-tete-du-club\/\",\"name\":\"AS B\u00e9ziers : vers un changement majeur \u00e0 la t\u00eate du club\",\"isPartOf\":{\"@id\":\"https:\/\/dicodusport.fr\/blog\/#website\"},\"primaryImageOfPage\":{\"@id\":\"https:\/\/dicodusport.fr\/blog\/as-beziers-vers-un-changement-majeur-a-la-tete-du-club\/#primaryimage\"},\"image\":{\"@id\":\"https:\/\/dicodusport.fr\/blog\/as-beziers-vers-un-changement-majeur-a-la-tete-du-club\/#primaryimage\"},\"thumbnailUrl\":\"https:\/\/dicodusport.fr\/blog\/wp-content\/uploads\/2025\/09\/AS-Beziers-vers-un-changement-majeur-a-la-tete-du-club.png\",\"datePublished\":\"2025-09-23T13:46:20+00:00\",\"description\":\"Andrew Mehrtens pourrait quitter l\u2019AS B\u00e9ziers H\u00e9rault, laissant Bob Skinstad seul \u00e0 la t\u00eate du club. Une nouvelle \u00e9tape dans la gouvernance du club de Pro D2.\",\"breadcrumb\":{\"@id\":\"https:\/\/dicodusport.fr\/blog\/as-beziers-vers-un-changement-majeur-a-la-tete-du-club\/#breadcrumb\"},\"inLanguage\":\"fr-FR\",\"potentialAction\":[{\"@type\":\"ReadAction\",\"target\":[\"https:\/\/dicodusport.fr\/blog\/as-beziers-vers-un-changement-majeur-a-la-tete-du-club\/\"]}]},{\"@type\":\"ImageObject\",\"inLanguage\":\"fr-FR\",\"@id\":\"https:\/\/dicodusport.fr\/blog\/as-beziers-vers-un-changement-majeur-a-la-tete-du-club\/#primaryimage\",\"url\":\"https:\/\/dicodusport.fr\/blog\/wp-content\/uploads\/2025\/09\/AS-Beziers-vers-un-changement-majeur-a-la-tete-du-club.png\",\"contentUrl\":\"https:\/\/dicodusport.fr\/blog\/wp-content\/uploads\/2025\/09\/AS-Beziers-vers-un-changement-majeur-a-la-tete-du-club.png\",\"width\":1200,\"height\":674,\"caption\":\"AS B\u00e9ziers vers un changement majeur \u00e0 la t\u00eate du club\"},{\"@type\":\"BreadcrumbList\",\"@id\":\"https:\/\/dicodusport.fr\/blog\/as-beziers-vers-un-changement-majeur-a-la-tete-du-club\/#breadcrumb\",\"itemListElement\":[{\"@type\":\"ListItem\",\"position\":1,\"name\":\"Accueil\",\"item\":\"https:\/\/dicodusport.fr\/blog\/\"},{\"@type\":\"ListItem\",\"position\":2,\"name\":\"AS B\u00e9ziers : vers un changement majeur \u00e0 la t\u00eate du club\"}]},{\"@type\":\"WebSite\",\"@id\":\"https:\/\/dicodusport.fr\/blog\/#website\",\"url\":\"https:\/\/dicodusport.fr\/blog\/\",\"name\":\"Dicodusport\",\"description\":\"L&#039;encyclop\u00e9die de l&#039;actualit\u00e9 sportive\",\"publisher\":{\"@id\":\"https:\/\/dicodusport.fr\/blog\/#organization\"},\"potentialAction\":[{\"@type\":\"SearchAction\",\"target\":{\"@type\":\"EntryPoint\",\"urlTemplate\":\"https:\/\/dicodusport.fr\/blog\/?s={search_term_string}\"},\"query-input\":{\"@type\":\"PropertyValueSpecification\",\"valueRequired\":true,\"valueName\":\"search_term_string\"}}],\"inLanguage\":\"fr-FR\"},{\"@type\":\"NewsMediaOrganization\",\"@id\":\"https:\/\/dicodusport.fr\/blog\/#organization\",\"name\":\"Dicodusport\",\"url\":\"https:\/\/dicodusport.fr\/blog\/\",\"logo\":{\"@type\":\"ImageObject\",\"inLanguage\":\"fr-FR\",\"@id\":\"https:\/\/dicodusport.fr\/blog\/#\/schema\/logo\/image\/\",\"url\":\"https:\/\/dicodusport.fr\/blog\/wp-content\/uploads\/2020\/06\/cropped-LOGO-DICODUSPORT-2020-SANS-FOND-SANS-TEXTE.png\",\"contentUrl\":\"https:\/\/dicodusport.fr\/blog\/wp-content\/uploads\/2020\/06\/cropped-LOGO-DICODUSPORT-2020-SANS-FOND-SANS-TEXTE.png\",\"width\":512,\"height\":512,\"caption\":\"Dicodusport\"},\"image\":{\"@id\":\"https:\/\/dicodusport.fr\/blog\/#\/schema\/logo\/image\/\"},\"sameAs\":[\"https:\/\/www.facebook.com\/dicodusport\",\"https:\/\/x.com\/dicodusport\",\"https:\/\/www.instagram.com\/dicodusport\/\",\"https:\/\/www.youtube.com\/channel\/UC7V2KZ5sd3htJivAbA4ZG3w\"],\"description\":\"Dicodusport est l'encyclop\u00e9die de l'actualit\u00e9 sportive.\",\"email\":\"bonjour@dicodusport.fr\",\"legalName\":\"DICODUSPORT\",\"foundingDate\":\"2018-01-14\",\"vatID\":\"FR71834470973\",\"taxID\":\"83447097300043\",\"numberOfEmployees\":{\"@type\":\"QuantitativeValue\",\"minValue\":\"1\",\"maxValue\":\"10\"}},{\"@type\":\"Person\",\"@id\":\"https:\/\/dicodusport.fr\/blog\/#\/schema\/person\/cb02af4c173ce4a653b55e9baf388d4a\",\"name\":\"Flo Ostermann\",\"image\":{\"@type\":\"ImageObject\",\"inLanguage\":\"fr-FR\",\"@id\":\"https:\/\/dicodusport.fr\/blog\/#\/schema\/person\/image\/\",\"url\":\"https:\/\/dicodusport.fr\/blog\/wp-content\/uploads\/2021\/05\/Flo-Ostermann-150x150.jpg\",\"contentUrl\":\"https:\/\/dicodusport.fr\/blog\/wp-content\/uploads\/2021\/05\/Flo-Ostermann-150x150.jpg\",\"caption\":\"Flo Ostermann\"},\"description\":\"Journaliste\/R\u00e9dacteur depuis septembre 2015 - Mes premiers souvenirs dans le sport ? Les envol\u00e9es du Stade Toulousain et les duels Villeneuve-Schumacher et H\u00e4kkinen-Schumacher \u00e0 la fin des ann\u00e9es 90, la Coupe du monde de football en 1998, l\u2019exploit du XV de France face aux All Blacks en 1999, mais aussi Richard C\u0153ur de Lion qui vole sur les montagnes du Tour de France. Bien parti pour devenir professeur d\u2019EPS, les \u00e9v\u00e9nements de la vie (et la flemme d\u2019animer des s\u00e9ances de 3x500 m\u00e8tres toute ma vie) m\u2019ont conduit \u00e0 revoir mes plans. Me voil\u00e0 depuis fin 2017 sur Dicodusport, m\u00e9dia gr\u00e2ce (et pour) lequel je partage ma passion : le sport dans tous ses \u00e9tats. Le tout accompagn\u00e9 par les fous furieux et folles furieuses cit\u00e9s sur cette page !\",\"sameAs\":[\"https:\/\/www.facebook.com\/florent.ostermann\",\"https:\/\/x.com\/https:\/\/twitter.com\/FlOstermann\",\"admin\"],\"url\":\"https:\/\/dicodusport.fr\/blog\/author\/flo\/\"}]}<\/script>\n<!-- \/ Yoast SEO Premium plugin. -->","yoast_head_json":{"title":"AS B\u00e9ziers : vers un changement majeur \u00e0 la t\u00eate du club","description":"Andrew Mehrtens pourrait quitter l\u2019AS B\u00e9ziers H\u00e9rault, laissant Bob Skinstad seul \u00e0 la t\u00eate du club. Une nouvelle \u00e9tape dans la gouvernance du club de Pro D2.","robots":{"index":"index","follow":"follow","max-snippet":"max-snippet:-1","max-image-preview":"max-image-preview:large","max-video-preview":"max-video-preview:-1"},"canonical":"https:\/\/dicodusport.fr\/blog\/as-beziers-vers-un-changement-majeur-a-la-tete-du-club\/","og_locale":"fr_FR","og_type":"article","og_title":"AS B\u00e9ziers : vers un changement majeur \u00e0 la t\u00eate du club","og_description":"Andrew Mehrtens pourrait quitter l\u2019AS B\u00e9ziers H\u00e9rault, laissant Bob Skinstad seul \u00e0 la t\u00eate du club. Une nouvelle \u00e9tape dans la gouvernance du club de Pro D2.","og_url":"https:\/\/dicodusport.fr\/blog\/as-beziers-vers-un-changement-majeur-a-la-tete-du-club\/","og_site_name":"Dicodusport","article_publisher":"https:\/\/www.facebook.com\/dicodusport","article_author":"https:\/\/www.facebook.com\/florent.ostermann","article_published_time":"2025-09-23T13:46:20+00:00","og_image":[{"width":1200,"height":674,"url":"https:\/\/dicodusport.fr\/blog\/wp-content\/uploads\/2025\/09\/AS-Beziers-vers-un-changement-majeur-a-la-tete-du-club.png","type":"image\/png"}],"author":"Flo Ostermann","twitter_card":"summary_large_image","twitter_title":"AS B\u00e9ziers : vers un changement majeur \u00e0 la t\u00eate du club","twitter_creator":"@https:\/\/twitter.com\/FlOstermann","twitter_site":"@dicodusport","schema":{"@context":"https:\/\/schema.org","@graph":[{"@type":"NewsArticle","@id":"https:\/\/dicodusport.fr\/blog\/as-beziers-vers-un-changement-majeur-a-la-tete-du-club\/#article","isPartOf":{"@id":"https:\/\/dicodusport.fr\/blog\/as-beziers-vers-un-changement-majeur-a-la-tete-du-club\/"},"author":{"name":"Flo Ostermann","@id":"https:\/\/dicodusport.fr\/blog\/#\/schema\/person\/cb02af4c173ce4a653b55e9baf388d4a"},"headline":"AS B\u00e9ziers : vers un changement majeur \u00e0 la t\u00eate du club","datePublished":"2025-09-23T13:46:20+00:00","mainEntityOfPage":{"@id":"https:\/\/dicodusport.fr\/blog\/as-beziers-vers-un-changement-majeur-a-la-tete-du-club\/"},"wordCount":494,"commentCount":0,"publisher":{"@id":"https:\/\/dicodusport.fr\/blog\/#organization"},"image":{"@id":"https:\/\/dicodusport.fr\/blog\/as-beziers-vers-un-changement-majeur-a-la-tete-du-club\/#primaryimage"},"thumbnailUrl":"https:\/\/dicodusport.fr\/blog\/wp-content\/uploads\/2025\/09\/AS-Beziers-vers-un-changement-majeur-a-la-tete-du-club.png","keywords":["AS B\u00e9ziers","AS B\u00e9ziers H\u00e9rault","br\u00e8ve","Pro D2"],"articleSection":["Pro D2"],"inLanguage":"fr-FR","potentialAction":[{"@type":"CommentAction","name":"Comment","target":["https:\/\/dicodusport.fr\/blog\/as-beziers-vers-un-changement-majeur-a-la-tete-du-club\/#respond"]}],"copyrightYear":"2025","copyrightHolder":{"@id":"https:\/\/dicodusport.fr\/blog\/#organization"}},{"@type":"WebPage","@id":"https:\/\/dicodusport.fr\/blog\/as-beziers-vers-un-changement-majeur-a-la-tete-du-club\/","url":"https:\/\/dicodusport.fr\/blog\/as-beziers-vers-un-changement-majeur-a-la-tete-du-club\/","name":"AS B\u00e9ziers : vers un changement majeur \u00e0 la t\u00eate du club","isPartOf":{"@id":"https:\/\/dicodusport.fr\/blog\/#website"},"primaryImageOfPage":{"@id":"https:\/\/dicodusport.fr\/blog\/as-beziers-vers-un-changement-majeur-a-la-tete-du-club\/#primaryimage"},"image":{"@id":"https:\/\/dicodusport.fr\/blog\/as-beziers-vers-un-changement-majeur-a-la-tete-du-club\/#primaryimage"},"thumbnailUrl":"https:\/\/dicodusport.fr\/blog\/wp-content\/uploads\/2025\/09\/AS-Beziers-vers-un-changement-majeur-a-la-tete-du-club.png","datePublished":"2025-09-23T13:46:20+00:00","description":"Andrew Mehrtens pourrait quitter l\u2019AS B\u00e9ziers H\u00e9rault, laissant Bob Skinstad seul \u00e0 la t\u00eate du club. Une nouvelle \u00e9tape dans la gouvernance du club de Pro D2.","breadcrumb":{"@id":"https:\/\/dicodusport.fr\/blog\/as-beziers-vers-un-changement-majeur-a-la-tete-du-club\/#breadcrumb"},"inLanguage":"fr-FR","potentialAction":[{"@type":"ReadAction","target":["https:\/\/dicodusport.fr\/blog\/as-beziers-vers-un-changement-majeur-a-la-tete-du-club\/"]}]},{"@type":"ImageObject","inLanguage":"fr-FR","@id":"https:\/\/dicodusport.fr\/blog\/as-beziers-vers-un-changement-majeur-a-la-tete-du-club\/#primaryimage","url":"https:\/\/dicodusport.fr\/blog\/wp-content\/uploads\/2025\/09\/AS-Beziers-vers-un-changement-majeur-a-la-tete-du-club.png","contentUrl":"https:\/\/dicodusport.fr\/blog\/wp-content\/uploads\/2025\/09\/AS-Beziers-vers-un-changement-majeur-a-la-tete-du-club.png","width":1200,"height":674,"caption":"AS B\u00e9ziers vers un changement majeur \u00e0 la t\u00eate du club"},{"@type":"BreadcrumbList","@id":"https:\/\/dicodusport.fr\/blog\/as-beziers-vers-un-changement-majeur-a-la-tete-du-club\/#breadcrumb","itemListElement":[{"@type":"ListItem","position":1,"name":"Accueil","item":"https:\/\/dicodusport.fr\/blog\/"},{"@type":"ListItem","position":2,"name":"AS B\u00e9ziers : vers un changement majeur \u00e0 la t\u00eate du club"}]},{"@type":"WebSite","@id":"https:\/\/dicodusport.fr\/blog\/#website","url":"https:\/\/dicodusport.fr\/blog\/","name":"Dicodusport","description":"L&#039;encyclop\u00e9die de l&#039;actualit\u00e9 sportive","publisher":{"@id":"https:\/\/dicodusport.fr\/blog\/#organization"},"potentialAction":[{"@type":"SearchAction","target":{"@type":"EntryPoint","urlTemplate":"https:\/\/dicodusport.fr\/blog\/?s={search_term_string}"},"query-input":{"@type":"PropertyValueSpecification","valueRequired":true,"valueName":"search_term_string"}}],"inLanguage":"fr-FR"},{"@type":"NewsMediaOrganization","@id":"https:\/\/dicodusport.fr\/blog\/#organization","name":"Dicodusport","url":"https:\/\/dicodusport.fr\/blog\/","logo":{"@type":"ImageObject","inLanguage":"fr-FR","@id":"https:\/\/dicodusport.fr\/blog\/#\/schema\/logo\/image\/","url":"https:\/\/dicodusport.fr\/blog\/wp-content\/uploads\/2020\/06\/cropped-LOGO-DICODUSPORT-2020-SANS-FOND-SANS-TEXTE.png","contentUrl":"https:\/\/dicodusport.fr\/blog\/wp-content\/uploads\/2020\/06\/cropped-LOGO-DICODUSPORT-2020-SANS-FOND-SANS-TEXTE.png","width":512,"height":512,"caption":"Dicodusport"},"image":{"@id":"https:\/\/dicodusport.fr\/blog\/#\/schema\/logo\/image\/"},"sameAs":["https:\/\/www.facebook.com\/dicodusport","https:\/\/x.com\/dicodusport","https:\/\/www.instagram.com\/dicodusport\/","https:\/\/www.youtube.com\/channel\/UC7V2KZ5sd3htJivAbA4ZG3w"],"description":"Dicodusport est l'encyclop\u00e9die de l'actualit\u00e9 sportive.","email":"bonjour@dicodusport.fr","legalName":"DICODUSPORT","foundingDate":"2018-01-14","vatID":"FR71834470973","taxID":"83447097300043","numberOfEmployees":{"@type":"QuantitativeValue","minValue":"1","maxValue":"10"}},{"@type":"Person","@id":"https:\/\/dicodusport.fr\/blog\/#\/schema\/person\/cb02af4c173ce4a653b55e9baf388d4a","name":"Flo Ostermann","image":{"@type":"ImageObject","inLanguage":"fr-FR","@id":"https:\/\/dicodusport.fr\/blog\/#\/schema\/person\/image\/","url":"https:\/\/dicodusport.fr\/blog\/wp-content\/uploads\/2021\/05\/Flo-Ostermann-150x150.jpg","contentUrl":"https:\/\/dicodusport.fr\/blog\/wp-content\/uploads\/2021\/05\/Flo-Ostermann-150x150.jpg","caption":"Flo Ostermann"},"description":"Journaliste\/R\u00e9dacteur depuis septembre 2015 - Mes premiers souvenirs dans le sport ? Les envol\u00e9es du Stade Toulousain et les duels Villeneuve-Schumacher et H\u00e4kkinen-Schumacher \u00e0 la fin des ann\u00e9es 90, la Coupe du monde de football en 1998, l\u2019exploit du XV de France face aux All Blacks en 1999, mais aussi Richard C\u0153ur de Lion qui vole sur les montagnes du Tour de France. Bien parti pour devenir professeur d\u2019EPS, les \u00e9v\u00e9nements de la vie (et la flemme d\u2019animer des s\u00e9ances de 3x500 m\u00e8tres toute ma vie) m\u2019ont conduit \u00e0 revoir mes plans. Me voil\u00e0 depuis fin 2017 sur Dicodusport, m\u00e9dia gr\u00e2ce (et pour) lequel je partage ma passion : le sport dans tous ses \u00e9tats. Le tout accompagn\u00e9 par les fous furieux et folles furieuses cit\u00e9s sur cette page !","sameAs":["https:\/\/www.facebook.com\/florent.ostermann","https:\/\/x.com\/https:\/\/twitter.com\/FlOstermann","admin"],"url":"https:\/\/dicodusport.fr\/blog\/author\/flo\/"}]}},"_links":{"self":[{"href":"https:\/\/dicodusport.fr\/blog\/wp-json\/wp\/v2\/posts\/613811","targetHints":{"allow":["GET"]}}],"collection":[{"href":"https:\/\/dicodusport.fr\/blog\/wp-json\/wp\/v2\/posts"}],"about":[{"href":"https:\/\/dicodusport.fr\/blog\/wp-json\/wp\/v2\/types\/post"}],"author":[{"embeddable":true,"href":"https:\/\/dicodusport.fr\/blog\/wp-json\/wp\/v2\/users\/4"}],"replies":[{"embeddable":true,"href":"https:\/\/dicodusport.fr\/blog\/wp-json\/wp\/v2\/comments?post=613811"}],"version-history":[{"count":2,"href":"https:\/\/dicodusport.fr\/blog\/wp-json\/wp\/v2\/posts\/613811\/revisions"}],"predecessor-version":[{"id":613820,"href":"https:\/\/dicodusport.fr\/blog\/wp-json\/wp\/v2\/posts\/613811\/revisions\/613820"}],"wp:featuredmedia":[{"embeddable":true,"href":"https:\/\/dicodusport.fr\/blog\/wp-json\/wp\/v2\/media\/613819"}],"wp:attachment":[{"href":"https:\/\/dicodusport.fr\/blog\/wp-json\/wp\/v2\/media?parent=613811"}],"wp:term":[{"taxonomy":"category","embeddable":true,"href":"https:\/\/dicodusport.fr\/blog\/wp-json\/wp\/v2\/categories?post=613811"},{"taxonomy":"post_tag","embeddable":true,"href":"https:\/\/dicodusport.fr\/blog\/wp-json\/wp\/v2\/tags?post=613811"}],"curies":[{"name":"wp","href":"https:\/\/api.w.org\/{rel}","templated":true}]}}