{"id":613842,"date":"2025-09-23T19:11:59","date_gmt":"2025-09-23T17:11:59","guid":{"rendered":"https:\/\/dicodusport.fr\/blog\/?p=613842&#038;preview=true&#038;preview_id=613842"},"modified":"2025-09-23T19:23:12","modified_gmt":"2025-09-23T17:23:12","slug":"transferts-ubb-bastien-vergnes-taillefer-va-quitter-le-club-avenir-incertain-pour-pablo-uberti-et-sipili-falatea","status":"publish","type":"post","link":"https:\/\/dicodusport.fr\/blog\/transferts-ubb-bastien-vergnes-taillefer-va-quitter-le-club-avenir-incertain-pour-pablo-uberti-et-sipili-falatea\/","title":{"rendered":"Transferts UBB : Bastien Vergnes-Taillefer va quitter le club, avenir incertain pour Pablo Uberti et Sipili Falatea"},"content":{"rendered":"<p style=\"text-align: justify;\"><strong><em>TRANSFERTS UBB &#8211; Selon <a href=\"https:\/\/www.lequipe.fr\/Rugby\/Actualites\/Le-troisieme-ligne-international-bastien-vergnes-taillefer-quittera-l-ubb-en-fin-de-saison\/1595699\">L&rsquo;\u00c9quipe<\/a>, l&rsquo;Union Bordeaux-B\u00e8gles ne conservera le troisi\u00e8me-ligne international Bastien Vergnes-Taillefer (28 ans).<\/em><\/strong><\/p>\n<p style=\"text-align: justify;\">Le troisi\u00e8me-ligne international <strong>Bastien Vergnes-Taillefer<\/strong> (28 ans, une s\u00e9lection) ne prolongera pas son contrat avec l&rsquo;<strong>Union Bordeaux-B\u00e8gles<\/strong> \u00e0 l&rsquo;issue de la saison 2025-2026. Arriv\u00e9 en 2021 en provenance de <strong>Colomiers<\/strong>, il a \u00e9t\u00e9 un \u00e9l\u00e9ment cl\u00e9 du club, notamment en tant que capitaine lors de <a href=\"https:\/\/dicodusport.fr\/blog\/top-14-2025-2026-j3-lubb-regale-lyon-et-le-racing-92-assurent-castres-se-reveille-le-resume-du-multirugby\/\">la victoire contre <strong>Montauban<\/strong> (71-24)<\/a>.<\/p>\n<p style=\"text-align: justify;\">Malgr\u00e9 sa r\u00e9gularit\u00e9 et son investissement, l&rsquo;<strong>UBB<\/strong> se voit contraint de se s\u00e9parer de lui en raison des restrictions financi\u00e8res li\u00e9es au <em>salary cap<\/em>. Cette d\u00e9cision soul\u00e8ve des interrogations parmi les supporters, certains regrettant le d\u00e9part d&rsquo;un joueur appr\u00e9ci\u00e9 tant sur le terrain qu&rsquo;en dehors.<\/p>\n<ul>\n<li style=\"text-align: justify;\"><strong>\u00c0 ce sujet \u2013\u00a0<a href=\"https:\/\/dicodusport.fr\/blog\/transferts-racing-92-clermont-et-bayonne-restent-a-laffut-pour-max-spring\/\">Transferts Racing 92 : Clermont et Bayonne restent \u00e0 l\u2019affut pour Max Spring<\/a><\/strong><\/li>\n<\/ul>\n<h2 style=\"text-align: justify;\">Uberti et Falatea dans l&rsquo;incertitude<\/h2>\n<p style=\"text-align: justify;\">Par ailleurs, l&rsquo;avenir d&rsquo;autres joueurs en fin de contrat, tels que le centre ou ailier <strong>Pablo Uberti<\/strong> et le pilier droit <strong>Sipili Falate<\/strong>a, demeure incertain. Le premier cit\u00e9 est par ailleurs <a href=\"https:\/\/dicodusport.fr\/blog\/transferts-ubb-un-club-de-top-14-veut-signer-pablo-uberti\/\">dans les petits papiers de <strong>Christophe Urios<\/strong> et de l&rsquo;<strong>ASM Clermont<\/strong>.<\/a> Le club girondin se concentre actuellement sur le recrutement d&rsquo;un deuxi\u00e8me-ligne et d&rsquo;un pilier droit, apr\u00e8s l&rsquo;\u00e9chec des n\u00e9gociations avec le Sud-Africain <strong>Thomas Du Toit<\/strong>, qui a choisi de retourner en Afrique du Sud pour des raisons familiales.<\/p>\n<p style=\"text-align: justify;\">Cette situation met en lumi\u00e8re les d\u00e9fis auxquels sont confront\u00e9s les clubs du Top 14 pour g\u00e9rer leur effectif tout en respectant les contraintes budg\u00e9taires impos\u00e9es par le <em>salary cap<\/em>.<\/p>\n<h3 style=\"text-align: justify;\">\u00c0 ce sujet<\/h3>\n<div class=\"vlp-link-container vlp-layout-article\"><a href=\"https:\/\/dicodusport.fr\/blog\/transferts-ubb-un-club-de-top-14-veut-signer-romain-buros\/\" class=\"vlp-link\" title=\"Transferts UBB : Un club de Top 14 veut signer Romain Buros\"><\/a><div class=\"vlp-layout-zone-side\"><div class=\"vlp-block-4 vlp-link-image\"><img loading=\"lazy\" decoding=\"async\" style=\"max-width: 792px;\" width=\"792\" height=\"445\" src=\"https:\/\/dicodusport.fr\/blog\/wp-content\/uploads\/2025\/08\/Transferts-UBB-Un-club-de-Top-14-veut-signer-Romain-Buros.png\" class=\"attachment-800x445 size-800x445\" alt=\"Transferts UBB Un club de Top 14 veut signer Romain Buros\" srcset=\"https:\/\/dicodusport.fr\/blog\/wp-content\/uploads\/2025\/08\/Transferts-UBB-Un-club-de-Top-14-veut-signer-Romain-Buros.png 1200w, https:\/\/dicodusport.fr\/blog\/wp-content\/uploads\/2025\/08\/Transferts-UBB-Un-club-de-Top-14-veut-signer-Romain-Buros-300x169.png 300w, https:\/\/dicodusport.fr\/blog\/wp-content\/uploads\/2025\/08\/Transferts-UBB-Un-club-de-Top-14-veut-signer-Romain-Buros-1024x575.png 1024w, https:\/\/dicodusport.fr\/blog\/wp-content\/uploads\/2025\/08\/Transferts-UBB-Un-club-de-Top-14-veut-signer-Romain-Buros-768x431.png 768w\" sizes=\"auto, (max-width: 792px) 100vw, 792px\" \/><\/div><\/div><div class=\"vlp-layout-zone-main\"><div class=\"vlp-block-0 vlp-link-title\">Transferts UBB : Un club de Top 14 veut signer Romain Buros<\/div><div class=\"vlp-block-1 vlp-link-summary\">TRANSFERTS RUGBY - En fin de contrat avec l\u2019UBB en juin, Romain Buros ne manque pas de pr\u00e9tendants. D\u2019apr\u00e8s Rugbyscope, Clermont s\u2019active d\u00e9j\u00e0 pour tenter de recruter l\u2019arri\u00e8re international.<\/div><div class=\"vlp-block-2 vlp-link-button\">Lire l'article<\/div><div class=\"vlp-block-3 vlp-link-url\">dicodusport.fr<\/div><\/div><\/div>\n","protected":false},"excerpt":{"rendered":"<p>Selon L&rsquo;\u00c9quipe, l&rsquo;Union Bordeaux-B\u00e8gles ne conservera le troisi\u00e8me-ligne international Bastien Vergnes-Taillefer (28 ans).<\/p>\n","protected":false},"author":4,"featured_media":613845,"comment_status":"open","ping_status":"closed","sticky":false,"template":"","format":"standard","meta":{"_acf_changed":false,"_daextam_enable_autolinks":"1","footnotes":""},"categories":[47050],"tags":[32415,16878,29105,1567,1568],"class_list":["post-613842","post","type-post","status-publish","format-standard","has-post-thumbnail","hentry","category-top-14","tag-actu","tag-breve","tag-transferts-rugby","tag-ubb","tag-union-bordeaux-begles"],"acf":[],"yoast_head":"<!-- This site is optimized with the Yoast SEO Premium plugin v26.7 (Yoast SEO v26.7) - https:\/\/yoast.com\/wordpress\/plugins\/seo\/ -->\n<title>Transferts UBB : Bastien Vergnes-Taillefer va quitter le club, avenir incertain pour Pablo Uberti et Sipili Falatea<\/title>\n<meta name=\"description\" content=\"Selon L&#039;\u00c9quipe, l&#039;Union Bordeaux-B\u00e8gles ne conservera le troisi\u00e8me-ligne international Bastien Vergnes-Taillefer (28 ans).\" \/>\n<meta name=\"robots\" content=\"index, follow, max-snippet:-1, max-image-preview:large, max-video-preview:-1\" \/>\n<link rel=\"canonical\" href=\"https:\/\/dicodusport.fr\/blog\/transferts-ubb-bastien-vergnes-taillefer-va-quitter-le-club-avenir-incertain-pour-pablo-uberti-et-sipili-falatea\/\" \/>\n<meta property=\"og:locale\" content=\"fr_FR\" \/>\n<meta property=\"og:type\" content=\"article\" \/>\n<meta property=\"og:title\" content=\"Transferts UBB : Bastien Vergnes-Taillefer va quitter le club, avenir incertain pour Pablo Uberti et Sipili Falatea\" \/>\n<meta property=\"og:description\" content=\"Selon L&#039;\u00c9quipe, l&#039;Union Bordeaux-B\u00e8gles ne conservera le troisi\u00e8me-ligne international Bastien Vergnes-Taillefer (28 ans).\" \/>\n<meta property=\"og:url\" content=\"https:\/\/dicodusport.fr\/blog\/transferts-ubb-bastien-vergnes-taillefer-va-quitter-le-club-avenir-incertain-pour-pablo-uberti-et-sipili-falatea\/\" \/>\n<meta property=\"og:site_name\" content=\"Dicodusport\" \/>\n<meta property=\"article:publisher\" content=\"https:\/\/www.facebook.com\/dicodusport\" \/>\n<meta property=\"article:author\" content=\"https:\/\/www.facebook.com\/florent.ostermann\" \/>\n<meta property=\"article:published_time\" content=\"2025-09-23T17:11:59+00:00\" \/>\n<meta property=\"article:modified_time\" content=\"2025-09-23T17:23:12+00:00\" \/>\n<meta property=\"og:image\" content=\"https:\/\/dicodusport.fr\/blog\/wp-content\/uploads\/2025\/09\/Transferts-UBB-Bastien-Vergnes-Taillefer-va-quitter-le-club-avenir-incertain-pour-Pablo-Uberti-et-Sipili-Falatea.png\" \/>\n\t<meta property=\"og:image:width\" content=\"1200\" \/>\n\t<meta property=\"og:image:height\" content=\"674\" \/>\n\t<meta property=\"og:image:type\" content=\"image\/png\" \/>\n<meta name=\"author\" content=\"Flo Ostermann\" \/>\n<meta name=\"twitter:card\" content=\"summary_large_image\" \/>\n<meta name=\"twitter:title\" content=\"Transferts UBB : Bastien Vergnes-Taillefer va quitter le club, avenir incertain pour Pablo Uberti et Sipili Falatea\" \/>\n<meta name=\"twitter:creator\" content=\"@https:\/\/twitter.com\/FlOstermann\" \/>\n<meta name=\"twitter:site\" content=\"@dicodusport\" \/>\n<script type=\"application\/ld+json\" class=\"yoast-schema-graph\">{\"@context\":\"https:\/\/schema.org\",\"@graph\":[{\"@type\":\"NewsArticle\",\"@id\":\"https:\/\/dicodusport.fr\/blog\/transferts-ubb-bastien-vergnes-taillefer-va-quitter-le-club-avenir-incertain-pour-pablo-uberti-et-sipili-falatea\/#article\",\"isPartOf\":{\"@id\":\"https:\/\/dicodusport.fr\/blog\/transferts-ubb-bastien-vergnes-taillefer-va-quitter-le-club-avenir-incertain-pour-pablo-uberti-et-sipili-falatea\/\"},\"author\":{\"name\":\"Flo Ostermann\",\"@id\":\"https:\/\/dicodusport.fr\/blog\/#\/schema\/person\/cb02af4c173ce4a653b55e9baf388d4a\"},\"headline\":\"Transferts UBB : Bastien Vergnes-Taillefer va quitter le club, avenir incertain pour Pablo Uberti et Sipili Falatea\",\"datePublished\":\"2025-09-23T17:11:59+00:00\",\"dateModified\":\"2025-09-23T17:23:12+00:00\",\"mainEntityOfPage\":{\"@id\":\"https:\/\/dicodusport.fr\/blog\/transferts-ubb-bastien-vergnes-taillefer-va-quitter-le-club-avenir-incertain-pour-pablo-uberti-et-sipili-falatea\/\"},\"wordCount\":375,\"commentCount\":0,\"publisher\":{\"@id\":\"https:\/\/dicodusport.fr\/blog\/#organization\"},\"image\":{\"@id\":\"https:\/\/dicodusport.fr\/blog\/transferts-ubb-bastien-vergnes-taillefer-va-quitter-le-club-avenir-incertain-pour-pablo-uberti-et-sipili-falatea\/#primaryimage\"},\"thumbnailUrl\":\"https:\/\/dicodusport.fr\/blog\/wp-content\/uploads\/2025\/09\/Transferts-UBB-Bastien-Vergnes-Taillefer-va-quitter-le-club-avenir-incertain-pour-Pablo-Uberti-et-Sipili-Falatea.png\",\"keywords\":[\"actu\",\"br\u00e8ve\",\"Transferts rugby\",\"UBB\",\"Union Bordeaux-B\u00e8gles\"],\"articleSection\":[\"Top 14\"],\"inLanguage\":\"fr-FR\",\"potentialAction\":[{\"@type\":\"CommentAction\",\"name\":\"Comment\",\"target\":[\"https:\/\/dicodusport.fr\/blog\/transferts-ubb-bastien-vergnes-taillefer-va-quitter-le-club-avenir-incertain-pour-pablo-uberti-et-sipili-falatea\/#respond\"]}],\"copyrightYear\":\"2025\",\"copyrightHolder\":{\"@id\":\"https:\/\/dicodusport.fr\/blog\/#organization\"}},{\"@type\":\"WebPage\",\"@id\":\"https:\/\/dicodusport.fr\/blog\/transferts-ubb-bastien-vergnes-taillefer-va-quitter-le-club-avenir-incertain-pour-pablo-uberti-et-sipili-falatea\/\",\"url\":\"https:\/\/dicodusport.fr\/blog\/transferts-ubb-bastien-vergnes-taillefer-va-quitter-le-club-avenir-incertain-pour-pablo-uberti-et-sipili-falatea\/\",\"name\":\"Transferts UBB : Bastien Vergnes-Taillefer va quitter le club, avenir incertain pour Pablo Uberti et Sipili Falatea\",\"isPartOf\":{\"@id\":\"https:\/\/dicodusport.fr\/blog\/#website\"},\"primaryImageOfPage\":{\"@id\":\"https:\/\/dicodusport.fr\/blog\/transferts-ubb-bastien-vergnes-taillefer-va-quitter-le-club-avenir-incertain-pour-pablo-uberti-et-sipili-falatea\/#primaryimage\"},\"image\":{\"@id\":\"https:\/\/dicodusport.fr\/blog\/transferts-ubb-bastien-vergnes-taillefer-va-quitter-le-club-avenir-incertain-pour-pablo-uberti-et-sipili-falatea\/#primaryimage\"},\"thumbnailUrl\":\"https:\/\/dicodusport.fr\/blog\/wp-content\/uploads\/2025\/09\/Transferts-UBB-Bastien-Vergnes-Taillefer-va-quitter-le-club-avenir-incertain-pour-Pablo-Uberti-et-Sipili-Falatea.png\",\"datePublished\":\"2025-09-23T17:11:59+00:00\",\"dateModified\":\"2025-09-23T17:23:12+00:00\",\"description\":\"Selon L'\u00c9quipe, l'Union Bordeaux-B\u00e8gles ne conservera le troisi\u00e8me-ligne international Bastien Vergnes-Taillefer (28 ans).\",\"breadcrumb\":{\"@id\":\"https:\/\/dicodusport.fr\/blog\/transferts-ubb-bastien-vergnes-taillefer-va-quitter-le-club-avenir-incertain-pour-pablo-uberti-et-sipili-falatea\/#breadcrumb\"},\"inLanguage\":\"fr-FR\",\"potentialAction\":[{\"@type\":\"ReadAction\",\"target\":[\"https:\/\/dicodusport.fr\/blog\/transferts-ubb-bastien-vergnes-taillefer-va-quitter-le-club-avenir-incertain-pour-pablo-uberti-et-sipili-falatea\/\"]}]},{\"@type\":\"ImageObject\",\"inLanguage\":\"fr-FR\",\"@id\":\"https:\/\/dicodusport.fr\/blog\/transferts-ubb-bastien-vergnes-taillefer-va-quitter-le-club-avenir-incertain-pour-pablo-uberti-et-sipili-falatea\/#primaryimage\",\"url\":\"https:\/\/dicodusport.fr\/blog\/wp-content\/uploads\/2025\/09\/Transferts-UBB-Bastien-Vergnes-Taillefer-va-quitter-le-club-avenir-incertain-pour-Pablo-Uberti-et-Sipili-Falatea.png\",\"contentUrl\":\"https:\/\/dicodusport.fr\/blog\/wp-content\/uploads\/2025\/09\/Transferts-UBB-Bastien-Vergnes-Taillefer-va-quitter-le-club-avenir-incertain-pour-Pablo-Uberti-et-Sipili-Falatea.png\",\"width\":1200,\"height\":674},{\"@type\":\"BreadcrumbList\",\"@id\":\"https:\/\/dicodusport.fr\/blog\/transferts-ubb-bastien-vergnes-taillefer-va-quitter-le-club-avenir-incertain-pour-pablo-uberti-et-sipili-falatea\/#breadcrumb\",\"itemListElement\":[{\"@type\":\"ListItem\",\"position\":1,\"name\":\"Accueil\",\"item\":\"https:\/\/dicodusport.fr\/blog\/\"},{\"@type\":\"ListItem\",\"position\":2,\"name\":\"Transferts UBB : Bastien Vergnes-Taillefer va quitter le club, avenir incertain pour Pablo Uberti et Sipili Falatea\"}]},{\"@type\":\"WebSite\",\"@id\":\"https:\/\/dicodusport.fr\/blog\/#website\",\"url\":\"https:\/\/dicodusport.fr\/blog\/\",\"name\":\"Dicodusport\",\"description\":\"L&#039;encyclop\u00e9die de l&#039;actualit\u00e9 sportive\",\"publisher\":{\"@id\":\"https:\/\/dicodusport.fr\/blog\/#organization\"},\"potentialAction\":[{\"@type\":\"SearchAction\",\"target\":{\"@type\":\"EntryPoint\",\"urlTemplate\":\"https:\/\/dicodusport.fr\/blog\/?s={search_term_string}\"},\"query-input\":{\"@type\":\"PropertyValueSpecification\",\"valueRequired\":true,\"valueName\":\"search_term_string\"}}],\"inLanguage\":\"fr-FR\"},{\"@type\":\"NewsMediaOrganization\",\"@id\":\"https:\/\/dicodusport.fr\/blog\/#organization\",\"name\":\"Dicodusport\",\"url\":\"https:\/\/dicodusport.fr\/blog\/\",\"logo\":{\"@type\":\"ImageObject\",\"inLanguage\":\"fr-FR\",\"@id\":\"https:\/\/dicodusport.fr\/blog\/#\/schema\/logo\/image\/\",\"url\":\"https:\/\/dicodusport.fr\/blog\/wp-content\/uploads\/2020\/06\/cropped-LOGO-DICODUSPORT-2020-SANS-FOND-SANS-TEXTE.png\",\"contentUrl\":\"https:\/\/dicodusport.fr\/blog\/wp-content\/uploads\/2020\/06\/cropped-LOGO-DICODUSPORT-2020-SANS-FOND-SANS-TEXTE.png\",\"width\":512,\"height\":512,\"caption\":\"Dicodusport\"},\"image\":{\"@id\":\"https:\/\/dicodusport.fr\/blog\/#\/schema\/logo\/image\/\"},\"sameAs\":[\"https:\/\/www.facebook.com\/dicodusport\",\"https:\/\/x.com\/dicodusport\",\"https:\/\/www.instagram.com\/dicodusport\/\",\"https:\/\/www.youtube.com\/channel\/UC7V2KZ5sd3htJivAbA4ZG3w\"],\"description\":\"Dicodusport est l'encyclop\u00e9die de l'actualit\u00e9 sportive.\",\"email\":\"bonjour@dicodusport.fr\",\"legalName\":\"DICODUSPORT\",\"foundingDate\":\"2018-01-14\",\"vatID\":\"FR71834470973\",\"taxID\":\"83447097300043\",\"numberOfEmployees\":{\"@type\":\"QuantitativeValue\",\"minValue\":\"1\",\"maxValue\":\"10\"}},{\"@type\":\"Person\",\"@id\":\"https:\/\/dicodusport.fr\/blog\/#\/schema\/person\/cb02af4c173ce4a653b55e9baf388d4a\",\"name\":\"Flo Ostermann\",\"image\":{\"@type\":\"ImageObject\",\"inLanguage\":\"fr-FR\",\"@id\":\"https:\/\/dicodusport.fr\/blog\/#\/schema\/person\/image\/\",\"url\":\"https:\/\/dicodusport.fr\/blog\/wp-content\/uploads\/2021\/05\/Flo-Ostermann-150x150.jpg\",\"contentUrl\":\"https:\/\/dicodusport.fr\/blog\/wp-content\/uploads\/2021\/05\/Flo-Ostermann-150x150.jpg\",\"caption\":\"Flo Ostermann\"},\"description\":\"Journaliste\/R\u00e9dacteur depuis septembre 2015 - Mes premiers souvenirs dans le sport ? Les envol\u00e9es du Stade Toulousain et les duels Villeneuve-Schumacher et H\u00e4kkinen-Schumacher \u00e0 la fin des ann\u00e9es 90, la Coupe du monde de football en 1998, l\u2019exploit du XV de France face aux All Blacks en 1999, mais aussi Richard C\u0153ur de Lion qui vole sur les montagnes du Tour de France. Bien parti pour devenir professeur d\u2019EPS, les \u00e9v\u00e9nements de la vie (et la flemme d\u2019animer des s\u00e9ances de 3x500 m\u00e8tres toute ma vie) m\u2019ont conduit \u00e0 revoir mes plans. Me voil\u00e0 depuis fin 2017 sur Dicodusport, m\u00e9dia gr\u00e2ce (et pour) lequel je partage ma passion : le sport dans tous ses \u00e9tats. Le tout accompagn\u00e9 par les fous furieux et folles furieuses cit\u00e9s sur cette page !\",\"sameAs\":[\"https:\/\/www.facebook.com\/florent.ostermann\",\"https:\/\/x.com\/https:\/\/twitter.com\/FlOstermann\",\"admin\"],\"url\":\"https:\/\/dicodusport.fr\/blog\/author\/flo\/\"}]}<\/script>\n<!-- \/ Yoast SEO Premium plugin. -->","yoast_head_json":{"title":"Transferts UBB : Bastien Vergnes-Taillefer va quitter le club, avenir incertain pour Pablo Uberti et Sipili Falatea","description":"Selon L'\u00c9quipe, l'Union Bordeaux-B\u00e8gles ne conservera le troisi\u00e8me-ligne international Bastien Vergnes-Taillefer (28 ans).","robots":{"index":"index","follow":"follow","max-snippet":"max-snippet:-1","max-image-preview":"max-image-preview:large","max-video-preview":"max-video-preview:-1"},"canonical":"https:\/\/dicodusport.fr\/blog\/transferts-ubb-bastien-vergnes-taillefer-va-quitter-le-club-avenir-incertain-pour-pablo-uberti-et-sipili-falatea\/","og_locale":"fr_FR","og_type":"article","og_title":"Transferts UBB : Bastien Vergnes-Taillefer va quitter le club, avenir incertain pour Pablo Uberti et Sipili Falatea","og_description":"Selon L'\u00c9quipe, l'Union Bordeaux-B\u00e8gles ne conservera le troisi\u00e8me-ligne international Bastien Vergnes-Taillefer (28 ans).","og_url":"https:\/\/dicodusport.fr\/blog\/transferts-ubb-bastien-vergnes-taillefer-va-quitter-le-club-avenir-incertain-pour-pablo-uberti-et-sipili-falatea\/","og_site_name":"Dicodusport","article_publisher":"https:\/\/www.facebook.com\/dicodusport","article_author":"https:\/\/www.facebook.com\/florent.ostermann","article_published_time":"2025-09-23T17:11:59+00:00","article_modified_time":"2025-09-23T17:23:12+00:00","og_image":[{"width":1200,"height":674,"url":"https:\/\/dicodusport.fr\/blog\/wp-content\/uploads\/2025\/09\/Transferts-UBB-Bastien-Vergnes-Taillefer-va-quitter-le-club-avenir-incertain-pour-Pablo-Uberti-et-Sipili-Falatea.png","type":"image\/png"}],"author":"Flo Ostermann","twitter_card":"summary_large_image","twitter_title":"Transferts UBB : Bastien Vergnes-Taillefer va quitter le club, avenir incertain pour Pablo Uberti et Sipili Falatea","twitter_creator":"@https:\/\/twitter.com\/FlOstermann","twitter_site":"@dicodusport","schema":{"@context":"https:\/\/schema.org","@graph":[{"@type":"NewsArticle","@id":"https:\/\/dicodusport.fr\/blog\/transferts-ubb-bastien-vergnes-taillefer-va-quitter-le-club-avenir-incertain-pour-pablo-uberti-et-sipili-falatea\/#article","isPartOf":{"@id":"https:\/\/dicodusport.fr\/blog\/transferts-ubb-bastien-vergnes-taillefer-va-quitter-le-club-avenir-incertain-pour-pablo-uberti-et-sipili-falatea\/"},"author":{"name":"Flo Ostermann","@id":"https:\/\/dicodusport.fr\/blog\/#\/schema\/person\/cb02af4c173ce4a653b55e9baf388d4a"},"headline":"Transferts UBB : Bastien Vergnes-Taillefer va quitter le club, avenir incertain pour Pablo Uberti et Sipili Falatea","datePublished":"2025-09-23T17:11:59+00:00","dateModified":"2025-09-23T17:23:12+00:00","mainEntityOfPage":{"@id":"https:\/\/dicodusport.fr\/blog\/transferts-ubb-bastien-vergnes-taillefer-va-quitter-le-club-avenir-incertain-pour-pablo-uberti-et-sipili-falatea\/"},"wordCount":375,"commentCount":0,"publisher":{"@id":"https:\/\/dicodusport.fr\/blog\/#organization"},"image":{"@id":"https:\/\/dicodusport.fr\/blog\/transferts-ubb-bastien-vergnes-taillefer-va-quitter-le-club-avenir-incertain-pour-pablo-uberti-et-sipili-falatea\/#primaryimage"},"thumbnailUrl":"https:\/\/dicodusport.fr\/blog\/wp-content\/uploads\/2025\/09\/Transferts-UBB-Bastien-Vergnes-Taillefer-va-quitter-le-club-avenir-incertain-pour-Pablo-Uberti-et-Sipili-Falatea.png","keywords":["actu","br\u00e8ve","Transferts rugby","UBB","Union Bordeaux-B\u00e8gles"],"articleSection":["Top 14"],"inLanguage":"fr-FR","potentialAction":[{"@type":"CommentAction","name":"Comment","target":["https:\/\/dicodusport.fr\/blog\/transferts-ubb-bastien-vergnes-taillefer-va-quitter-le-club-avenir-incertain-pour-pablo-uberti-et-sipili-falatea\/#respond"]}],"copyrightYear":"2025","copyrightHolder":{"@id":"https:\/\/dicodusport.fr\/blog\/#organization"}},{"@type":"WebPage","@id":"https:\/\/dicodusport.fr\/blog\/transferts-ubb-bastien-vergnes-taillefer-va-quitter-le-club-avenir-incertain-pour-pablo-uberti-et-sipili-falatea\/","url":"https:\/\/dicodusport.fr\/blog\/transferts-ubb-bastien-vergnes-taillefer-va-quitter-le-club-avenir-incertain-pour-pablo-uberti-et-sipili-falatea\/","name":"Transferts UBB : Bastien Vergnes-Taillefer va quitter le club, avenir incertain pour Pablo Uberti et Sipili Falatea","isPartOf":{"@id":"https:\/\/dicodusport.fr\/blog\/#website"},"primaryImageOfPage":{"@id":"https:\/\/dicodusport.fr\/blog\/transferts-ubb-bastien-vergnes-taillefer-va-quitter-le-club-avenir-incertain-pour-pablo-uberti-et-sipili-falatea\/#primaryimage"},"image":{"@id":"https:\/\/dicodusport.fr\/blog\/transferts-ubb-bastien-vergnes-taillefer-va-quitter-le-club-avenir-incertain-pour-pablo-uberti-et-sipili-falatea\/#primaryimage"},"thumbnailUrl":"https:\/\/dicodusport.fr\/blog\/wp-content\/uploads\/2025\/09\/Transferts-UBB-Bastien-Vergnes-Taillefer-va-quitter-le-club-avenir-incertain-pour-Pablo-Uberti-et-Sipili-Falatea.png","datePublished":"2025-09-23T17:11:59+00:00","dateModified":"2025-09-23T17:23:12+00:00","description":"Selon L'\u00c9quipe, l'Union Bordeaux-B\u00e8gles ne conservera le troisi\u00e8me-ligne international Bastien Vergnes-Taillefer (28 ans).","breadcrumb":{"@id":"https:\/\/dicodusport.fr\/blog\/transferts-ubb-bastien-vergnes-taillefer-va-quitter-le-club-avenir-incertain-pour-pablo-uberti-et-sipili-falatea\/#breadcrumb"},"inLanguage":"fr-FR","potentialAction":[{"@type":"ReadAction","target":["https:\/\/dicodusport.fr\/blog\/transferts-ubb-bastien-vergnes-taillefer-va-quitter-le-club-avenir-incertain-pour-pablo-uberti-et-sipili-falatea\/"]}]},{"@type":"ImageObject","inLanguage":"fr-FR","@id":"https:\/\/dicodusport.fr\/blog\/transferts-ubb-bastien-vergnes-taillefer-va-quitter-le-club-avenir-incertain-pour-pablo-uberti-et-sipili-falatea\/#primaryimage","url":"https:\/\/dicodusport.fr\/blog\/wp-content\/uploads\/2025\/09\/Transferts-UBB-Bastien-Vergnes-Taillefer-va-quitter-le-club-avenir-incertain-pour-Pablo-Uberti-et-Sipili-Falatea.png","contentUrl":"https:\/\/dicodusport.fr\/blog\/wp-content\/uploads\/2025\/09\/Transferts-UBB-Bastien-Vergnes-Taillefer-va-quitter-le-club-avenir-incertain-pour-Pablo-Uberti-et-Sipili-Falatea.png","width":1200,"height":674},{"@type":"BreadcrumbList","@id":"https:\/\/dicodusport.fr\/blog\/transferts-ubb-bastien-vergnes-taillefer-va-quitter-le-club-avenir-incertain-pour-pablo-uberti-et-sipili-falatea\/#breadcrumb","itemListElement":[{"@type":"ListItem","position":1,"name":"Accueil","item":"https:\/\/dicodusport.fr\/blog\/"},{"@type":"ListItem","position":2,"name":"Transferts UBB : Bastien Vergnes-Taillefer va quitter le club, avenir incertain pour Pablo Uberti et Sipili Falatea"}]},{"@type":"WebSite","@id":"https:\/\/dicodusport.fr\/blog\/#website","url":"https:\/\/dicodusport.fr\/blog\/","name":"Dicodusport","description":"L&#039;encyclop\u00e9die de l&#039;actualit\u00e9 sportive","publisher":{"@id":"https:\/\/dicodusport.fr\/blog\/#organization"},"potentialAction":[{"@type":"SearchAction","target":{"@type":"EntryPoint","urlTemplate":"https:\/\/dicodusport.fr\/blog\/?s={search_term_string}"},"query-input":{"@type":"PropertyValueSpecification","valueRequired":true,"valueName":"search_term_string"}}],"inLanguage":"fr-FR"},{"@type":"NewsMediaOrganization","@id":"https:\/\/dicodusport.fr\/blog\/#organization","name":"Dicodusport","url":"https:\/\/dicodusport.fr\/blog\/","logo":{"@type":"ImageObject","inLanguage":"fr-FR","@id":"https:\/\/dicodusport.fr\/blog\/#\/schema\/logo\/image\/","url":"https:\/\/dicodusport.fr\/blog\/wp-content\/uploads\/2020\/06\/cropped-LOGO-DICODUSPORT-2020-SANS-FOND-SANS-TEXTE.png","contentUrl":"https:\/\/dicodusport.fr\/blog\/wp-content\/uploads\/2020\/06\/cropped-LOGO-DICODUSPORT-2020-SANS-FOND-SANS-TEXTE.png","width":512,"height":512,"caption":"Dicodusport"},"image":{"@id":"https:\/\/dicodusport.fr\/blog\/#\/schema\/logo\/image\/"},"sameAs":["https:\/\/www.facebook.com\/dicodusport","https:\/\/x.com\/dicodusport","https:\/\/www.instagram.com\/dicodusport\/","https:\/\/www.youtube.com\/channel\/UC7V2KZ5sd3htJivAbA4ZG3w"],"description":"Dicodusport est l'encyclop\u00e9die de l'actualit\u00e9 sportive.","email":"bonjour@dicodusport.fr","legalName":"DICODUSPORT","foundingDate":"2018-01-14","vatID":"FR71834470973","taxID":"83447097300043","numberOfEmployees":{"@type":"QuantitativeValue","minValue":"1","maxValue":"10"}},{"@type":"Person","@id":"https:\/\/dicodusport.fr\/blog\/#\/schema\/person\/cb02af4c173ce4a653b55e9baf388d4a","name":"Flo Ostermann","image":{"@type":"ImageObject","inLanguage":"fr-FR","@id":"https:\/\/dicodusport.fr\/blog\/#\/schema\/person\/image\/","url":"https:\/\/dicodusport.fr\/blog\/wp-content\/uploads\/2021\/05\/Flo-Ostermann-150x150.jpg","contentUrl":"https:\/\/dicodusport.fr\/blog\/wp-content\/uploads\/2021\/05\/Flo-Ostermann-150x150.jpg","caption":"Flo Ostermann"},"description":"Journaliste\/R\u00e9dacteur depuis septembre 2015 - Mes premiers souvenirs dans le sport ? Les envol\u00e9es du Stade Toulousain et les duels Villeneuve-Schumacher et H\u00e4kkinen-Schumacher \u00e0 la fin des ann\u00e9es 90, la Coupe du monde de football en 1998, l\u2019exploit du XV de France face aux All Blacks en 1999, mais aussi Richard C\u0153ur de Lion qui vole sur les montagnes du Tour de France. Bien parti pour devenir professeur d\u2019EPS, les \u00e9v\u00e9nements de la vie (et la flemme d\u2019animer des s\u00e9ances de 3x500 m\u00e8tres toute ma vie) m\u2019ont conduit \u00e0 revoir mes plans. Me voil\u00e0 depuis fin 2017 sur Dicodusport, m\u00e9dia gr\u00e2ce (et pour) lequel je partage ma passion : le sport dans tous ses \u00e9tats. Le tout accompagn\u00e9 par les fous furieux et folles furieuses cit\u00e9s sur cette page !","sameAs":["https:\/\/www.facebook.com\/florent.ostermann","https:\/\/x.com\/https:\/\/twitter.com\/FlOstermann","admin"],"url":"https:\/\/dicodusport.fr\/blog\/author\/flo\/"}]}},"_links":{"self":[{"href":"https:\/\/dicodusport.fr\/blog\/wp-json\/wp\/v2\/posts\/613842","targetHints":{"allow":["GET"]}}],"collection":[{"href":"https:\/\/dicodusport.fr\/blog\/wp-json\/wp\/v2\/posts"}],"about":[{"href":"https:\/\/dicodusport.fr\/blog\/wp-json\/wp\/v2\/types\/post"}],"author":[{"embeddable":true,"href":"https:\/\/dicodusport.fr\/blog\/wp-json\/wp\/v2\/users\/4"}],"replies":[{"embeddable":true,"href":"https:\/\/dicodusport.fr\/blog\/wp-json\/wp\/v2\/comments?post=613842"}],"version-history":[{"count":3,"href":"https:\/\/dicodusport.fr\/blog\/wp-json\/wp\/v2\/posts\/613842\/revisions"}],"predecessor-version":[{"id":613851,"href":"https:\/\/dicodusport.fr\/blog\/wp-json\/wp\/v2\/posts\/613842\/revisions\/613851"}],"wp:featuredmedia":[{"embeddable":true,"href":"https:\/\/dicodusport.fr\/blog\/wp-json\/wp\/v2\/media\/613845"}],"wp:attachment":[{"href":"https:\/\/dicodusport.fr\/blog\/wp-json\/wp\/v2\/media?parent=613842"}],"wp:term":[{"taxonomy":"category","embeddable":true,"href":"https:\/\/dicodusport.fr\/blog\/wp-json\/wp\/v2\/categories?post=613842"},{"taxonomy":"post_tag","embeddable":true,"href":"https:\/\/dicodusport.fr\/blog\/wp-json\/wp\/v2\/tags?post=613842"}],"curies":[{"name":"wp","href":"https:\/\/api.w.org\/{rel}","templated":true}]}}