{"id":613882,"date":"2025-09-24T11:33:34","date_gmt":"2025-09-24T09:33:34","guid":{"rendered":"https:\/\/dicodusport.fr\/blog\/?p=613882&#038;preview=true&#038;preview_id=613882"},"modified":"2025-09-24T11:54:27","modified_gmt":"2025-09-24T09:54:27","slug":"para-escalade-mondiaux-2025-alois-pottier-sacre-en-difficulte-deja-3-medailles-pour-la-france","status":"publish","type":"post","link":"https:\/\/dicodusport.fr\/blog\/para-escalade-mondiaux-2025-alois-pottier-sacre-en-difficulte-deja-3-medailles-pour-la-france\/","title":{"rendered":"Para escalade Mondiaux 2025 : Alo\u00efs Pottier sacr\u00e9 en difficult\u00e9, d\u00e9j\u00e0 3 m\u00e9dailles pour la France"},"content":{"rendered":"<p style=\"text-align: justify;\"><strong><em>CHAMPIONNATS DU MONDE DE PARA ESCALADE 2025 &#8211; Pour la premi\u00e8re des deux journ\u00e9es de finale, les Bleus ont rafl\u00e9 trois m\u00e9dailles, dont l&rsquo;or pour Alo\u00efs Pottier.\u00a0<\/em><\/strong><\/p>\n<p style=\"text-align: justify;\">Lors de la derni\u00e8re \u00e9dition des Championnats du monde de para escalade, en 2023, la France avait termin\u00e9 meilleure nation, avec 4 m\u00e9dailles, mais toutes en or ! En marge des Mondiaux, l&rsquo;\u00e9dition 2025 a \u00e9galement lieu en Cor\u00e9e du Sud, \u00e0 S\u00e9oul, et d\u00e8s la premi\u00e8re journ\u00e9e de finale, les Bleus ont frapp\u00e9.<\/p>\n<h2 style=\"text-align: justify;\">Alo\u00efs Pottier toujours au top<\/h2>\n<p style=\"text-align: justify;\">La premi\u00e8re m\u00e9daille d&rsquo;or est venu d&rsquo;un \u00e9minent sp\u00e9cialiste, <strong>Alo\u00efs Pottier<\/strong>. Sacr\u00e9 en 2023 en cat\u00e9gorie RP1 (D\u00e9ficience s\u00e9v\u00e8re de force musculaire, d&rsquo;amplitude articulaire ou autre type de d\u00e9ficience fonctionnelle grave ou absence totale d&rsquo;un bras ou deux membres touch\u00e9s), il a remis \u00e7a en Cor\u00e9e du Sud. Large vainqueur des qualifications, il a triomph\u00e9 de son rival allemand <strong>Korbinian Franck<\/strong> avec 43 prises sur la difficult\u00e9, contre 41 pour son rival. Champion d&rsquo;Europe et d\u00e9sormais double champion du monde, son objectif reste d&rsquo;aller chercher le titre aux Jeux Paralympiques de Los Angeles en 2028, o\u00f9 la para escalade sera pour la premi\u00e8re fois au programme (<a href=\"https:\/\/www.soutienstonsportif.fr\/project\/soutien-a-alois-pottier\/donate\">Il a ouvert une cagnotte en ligne \u00e0 ce sujet<\/a>).<\/p>\n<blockquote class=\"twitter-tweet\">\n<p dir=\"ltr\" lang=\"en\">The first batch of World Championships titles have been awarded in 11 Para Climbing sport classes:<\/p>\n<p>\ud83e\udd47 Melissa Ruiz \ud83c\uddfa\ud83c\uddf8 in women&rsquo;s RP1<br \/>\n\ud83e\udd47 Brayden Butler \ud83c\uddfa\ud83c\uddf8 in men&rsquo;s RP2<br \/>\n\ud83e\udd47 Alo\u00efs Pottier \ud83c\uddeb\ud83c\uddf7 in men&rsquo;s RP1<br \/>\n\ud83e\udd47 Aoki Hiromi \ud83c\uddef\ud83c\uddf5 in women&rsquo;s B1<br \/>\n\ud83e\udd47 Aita Sho \ud83c\uddef\ud83c\uddf5 in men&rsquo;s B1<\/p>\n<p>\u2014 International Federation of Sport Climbing (@ifsclimbing) <a href=\"https:\/\/twitter.com\/ifsclimbing\/status\/1970751794944057422?ref_src=twsrc%5Etfw\">September 24, 2025<\/a><\/p><\/blockquote>\n<p><script async src=\"https:\/\/platform.twitter.com\/widgets.js\" charset=\"utf-8\"><\/script><\/p>\n<p style=\"text-align: justify;\">Mais il n&rsquo;a pas \u00e9t\u00e9 le seul \u00e0 briller. <strong>Nicolas Moineau<\/strong> s&rsquo;est offert le bronze en cat\u00e9gorie B1 (Acuit\u00e9 visuelle inf\u00e9rieure \u00e0 0,025\/10), loin certes du d\u00e9sormais triple champion du monde <strong>Sho Aita<\/strong>, mais avec une belle performance \u00e0 28 prises valid\u00e9es. \u00c0 48 ans, le v\u00e9t\u00e9ran, champion du monde en 2012, rapporte une \u00e9ni\u00e8me m\u00e9daille mondiale. <strong>Elsa Boutel Menard<\/strong>, elle, a fait de m\u00eame en cat\u00e9gorie B3 (Acuit\u00e9 visuelle comprise entre 0,4\/10 et 1\/10 et\/ou un champ visuel inf\u00e9rieur \u00e0 40\u00b0 de diam\u00e8tre). Laur\u00e9ate exaequo des qualifications, elle a c\u00e9d\u00e9 en finale mais sauvegard\u00e9 le bronze (<a href=\"https:\/\/www.soutienstonsportif.fr\/project\/elsa-boutel-menard\/donate\">elle aussi a une cagnotte en ligne<\/a>). Trois m\u00e9dailles pour les Bleus, et ce n&rsquo;est sans doute pas fini.<\/p>\n<h2 style=\"text-align: justify;\">Les m\u00e9dailles fran\u00e7aises<\/h2>\n<p style=\"text-align: justify;\">Or : Alo\u00efs Pottier (difficult\u00e9 RP1)<\/p>\n<p style=\"text-align: justify;\">Argent : &#8211;<\/p>\n<p style=\"text-align: justify;\">Bronze : Nicolas Moineau (difficult\u00e9 B1), Elsa Boutel Menard (difficult\u00e9 B3)<\/p>\n","protected":false},"excerpt":{"rendered":"<p>CHAMPIONNATS DU MONDE DE PARA ESCALADE 2025 &#8211; Pour la premi\u00e8re des deux journ\u00e9es de finale, les Bleus ont rafl\u00e9 trois m\u00e9dailles, dont l&rsquo;or pour Alo\u00efs Pottier.\u00a0<\/p>\n","protected":false},"author":59,"featured_media":613888,"comment_status":"open","ping_status":"closed","sticky":false,"template":"","format":"standard","meta":{"_acf_changed":false,"_daextam_enable_autolinks":"1","footnotes":""},"categories":[10930,5753],"tags":[16878,47266],"class_list":["post-613882","post","type-post","status-publish","format-standard","has-post-thumbnail","hentry","category-escalade","category-handisport","tag-breve","tag-para-escalade"],"acf":[],"yoast_head":"<!-- This site is optimized with the Yoast SEO Premium plugin v26.7 (Yoast SEO v26.7) - https:\/\/yoast.com\/wordpress\/plugins\/seo\/ -->\n<title>Para escalade Mondiaux 2025 : Alo\u00efs Pottier sacr\u00e9 en difficult\u00e9, d\u00e9j\u00e0 3 m\u00e9dailles pour la France<\/title>\n<meta name=\"description\" content=\"CHAMPIONNATS DU MONDE DE PARA ESCALADE 2025 - Pour la premi\u00e8re des deux journ\u00e9es de finale, les Bleus ont rafl\u00e9 trois m\u00e9dailles, dont l&#039;or pour Alo\u00efs Pottier.\u00a0\" \/>\n<meta name=\"robots\" content=\"index, follow, max-snippet:-1, max-image-preview:large, max-video-preview:-1\" \/>\n<link rel=\"canonical\" href=\"https:\/\/dicodusport.fr\/blog\/para-escalade-mondiaux-2025-alois-pottier-sacre-en-difficulte-deja-3-medailles-pour-la-france\/\" \/>\n<meta property=\"og:locale\" content=\"fr_FR\" \/>\n<meta property=\"og:type\" content=\"article\" \/>\n<meta property=\"og:title\" content=\"Para escalade Mondiaux 2025 : Alo\u00efs Pottier sacr\u00e9 en difficult\u00e9, d\u00e9j\u00e0 3 m\u00e9dailles pour la France\" \/>\n<meta property=\"og:description\" content=\"CHAMPIONNATS DU MONDE DE PARA ESCALADE 2025 - Pour la premi\u00e8re des deux journ\u00e9es de finale, les Bleus ont rafl\u00e9 trois m\u00e9dailles, dont l&#039;or pour Alo\u00efs Pottier.\u00a0\" \/>\n<meta property=\"og:url\" content=\"https:\/\/dicodusport.fr\/blog\/para-escalade-mondiaux-2025-alois-pottier-sacre-en-difficulte-deja-3-medailles-pour-la-france\/\" \/>\n<meta property=\"og:site_name\" content=\"Dicodusport\" \/>\n<meta property=\"article:publisher\" content=\"https:\/\/www.facebook.com\/dicodusport\" \/>\n<meta property=\"article:author\" content=\"https:\/\/www.facebook.com\/sebastien.gente\/\" \/>\n<meta property=\"article:published_time\" content=\"2025-09-24T09:33:34+00:00\" \/>\n<meta property=\"article:modified_time\" content=\"2025-09-24T09:54:27+00:00\" \/>\n<meta property=\"og:image\" content=\"https:\/\/dicodusport.fr\/blog\/wp-content\/uploads\/2025\/09\/Para-escalade-Mondiaux-2025-Alois-Pottier-sacre-en-difficulte-deja-3-medailles-pour-la-France.png\" \/>\n\t<meta property=\"og:image:width\" content=\"1200\" \/>\n\t<meta property=\"og:image:height\" content=\"674\" \/>\n\t<meta property=\"og:image:type\" content=\"image\/png\" \/>\n<meta name=\"author\" content=\"S\u00e9bastien Gente\" \/>\n<meta name=\"twitter:card\" content=\"summary_large_image\" \/>\n<meta name=\"twitter:title\" content=\"Para escalade Mondiaux 2025 : Alo\u00efs Pottier sacr\u00e9 en difficult\u00e9, d\u00e9j\u00e0 3 m\u00e9dailles pour la France\" \/>\n<meta name=\"twitter:creator\" content=\"@https:\/\/twitter.com\/globulo24\" \/>\n<meta name=\"twitter:site\" content=\"@dicodusport\" \/>\n<script type=\"application\/ld+json\" class=\"yoast-schema-graph\">{\"@context\":\"https:\/\/schema.org\",\"@graph\":[{\"@type\":\"NewsArticle\",\"@id\":\"https:\/\/dicodusport.fr\/blog\/para-escalade-mondiaux-2025-alois-pottier-sacre-en-difficulte-deja-3-medailles-pour-la-france\/#article\",\"isPartOf\":{\"@id\":\"https:\/\/dicodusport.fr\/blog\/para-escalade-mondiaux-2025-alois-pottier-sacre-en-difficulte-deja-3-medailles-pour-la-france\/\"},\"author\":{\"name\":\"S\u00e9bastien Gente\",\"@id\":\"https:\/\/dicodusport.fr\/blog\/#\/schema\/person\/627966a6cde45dbd8c5e36ac85d783da\"},\"headline\":\"Para escalade Mondiaux 2025 : Alo\u00efs Pottier sacr\u00e9 en difficult\u00e9, d\u00e9j\u00e0 3 m\u00e9dailles pour la France\",\"datePublished\":\"2025-09-24T09:33:34+00:00\",\"dateModified\":\"2025-09-24T09:54:27+00:00\",\"mainEntityOfPage\":{\"@id\":\"https:\/\/dicodusport.fr\/blog\/para-escalade-mondiaux-2025-alois-pottier-sacre-en-difficulte-deja-3-medailles-pour-la-france\/\"},\"wordCount\":439,\"commentCount\":0,\"publisher\":{\"@id\":\"https:\/\/dicodusport.fr\/blog\/#organization\"},\"image\":{\"@id\":\"https:\/\/dicodusport.fr\/blog\/para-escalade-mondiaux-2025-alois-pottier-sacre-en-difficulte-deja-3-medailles-pour-la-france\/#primaryimage\"},\"thumbnailUrl\":\"https:\/\/dicodusport.fr\/blog\/wp-content\/uploads\/2025\/09\/Para-escalade-Mondiaux-2025-Alois-Pottier-sacre-en-difficulte-deja-3-medailles-pour-la-France.png\",\"keywords\":[\"br\u00e8ve\",\"para escalade\"],\"articleSection\":[\"Escalade\",\"Handisport\"],\"inLanguage\":\"fr-FR\",\"potentialAction\":[{\"@type\":\"CommentAction\",\"name\":\"Comment\",\"target\":[\"https:\/\/dicodusport.fr\/blog\/para-escalade-mondiaux-2025-alois-pottier-sacre-en-difficulte-deja-3-medailles-pour-la-france\/#respond\"]}],\"copyrightYear\":\"2025\",\"copyrightHolder\":{\"@id\":\"https:\/\/dicodusport.fr\/blog\/#organization\"}},{\"@type\":\"WebPage\",\"@id\":\"https:\/\/dicodusport.fr\/blog\/para-escalade-mondiaux-2025-alois-pottier-sacre-en-difficulte-deja-3-medailles-pour-la-france\/\",\"url\":\"https:\/\/dicodusport.fr\/blog\/para-escalade-mondiaux-2025-alois-pottier-sacre-en-difficulte-deja-3-medailles-pour-la-france\/\",\"name\":\"Para escalade Mondiaux 2025 : Alo\u00efs Pottier sacr\u00e9 en difficult\u00e9, d\u00e9j\u00e0 3 m\u00e9dailles pour la France\",\"isPartOf\":{\"@id\":\"https:\/\/dicodusport.fr\/blog\/#website\"},\"primaryImageOfPage\":{\"@id\":\"https:\/\/dicodusport.fr\/blog\/para-escalade-mondiaux-2025-alois-pottier-sacre-en-difficulte-deja-3-medailles-pour-la-france\/#primaryimage\"},\"image\":{\"@id\":\"https:\/\/dicodusport.fr\/blog\/para-escalade-mondiaux-2025-alois-pottier-sacre-en-difficulte-deja-3-medailles-pour-la-france\/#primaryimage\"},\"thumbnailUrl\":\"https:\/\/dicodusport.fr\/blog\/wp-content\/uploads\/2025\/09\/Para-escalade-Mondiaux-2025-Alois-Pottier-sacre-en-difficulte-deja-3-medailles-pour-la-France.png\",\"datePublished\":\"2025-09-24T09:33:34+00:00\",\"dateModified\":\"2025-09-24T09:54:27+00:00\",\"description\":\"CHAMPIONNATS DU MONDE DE PARA ESCALADE 2025 - Pour la premi\u00e8re des deux journ\u00e9es de finale, les Bleus ont rafl\u00e9 trois m\u00e9dailles, dont l'or pour Alo\u00efs Pottier.\u00a0\",\"breadcrumb\":{\"@id\":\"https:\/\/dicodusport.fr\/blog\/para-escalade-mondiaux-2025-alois-pottier-sacre-en-difficulte-deja-3-medailles-pour-la-france\/#breadcrumb\"},\"inLanguage\":\"fr-FR\",\"potentialAction\":[{\"@type\":\"ReadAction\",\"target\":[\"https:\/\/dicodusport.fr\/blog\/para-escalade-mondiaux-2025-alois-pottier-sacre-en-difficulte-deja-3-medailles-pour-la-france\/\"]}]},{\"@type\":\"ImageObject\",\"inLanguage\":\"fr-FR\",\"@id\":\"https:\/\/dicodusport.fr\/blog\/para-escalade-mondiaux-2025-alois-pottier-sacre-en-difficulte-deja-3-medailles-pour-la-france\/#primaryimage\",\"url\":\"https:\/\/dicodusport.fr\/blog\/wp-content\/uploads\/2025\/09\/Para-escalade-Mondiaux-2025-Alois-Pottier-sacre-en-difficulte-deja-3-medailles-pour-la-France.png\",\"contentUrl\":\"https:\/\/dicodusport.fr\/blog\/wp-content\/uploads\/2025\/09\/Para-escalade-Mondiaux-2025-Alois-Pottier-sacre-en-difficulte-deja-3-medailles-pour-la-France.png\",\"width\":1200,\"height\":674,\"caption\":\"Para escalade Mondiaux 2025 Alo\u00efs Pottier sacr\u00e9 en difficult\u00e9, d\u00e9j\u00e0 3 m\u00e9dailles pour la France\"},{\"@type\":\"BreadcrumbList\",\"@id\":\"https:\/\/dicodusport.fr\/blog\/para-escalade-mondiaux-2025-alois-pottier-sacre-en-difficulte-deja-3-medailles-pour-la-france\/#breadcrumb\",\"itemListElement\":[{\"@type\":\"ListItem\",\"position\":1,\"name\":\"Accueil\",\"item\":\"https:\/\/dicodusport.fr\/blog\/\"},{\"@type\":\"ListItem\",\"position\":2,\"name\":\"Para escalade Mondiaux 2025 : Alo\u00efs Pottier sacr\u00e9 en difficult\u00e9, d\u00e9j\u00e0 3 m\u00e9dailles pour la France\"}]},{\"@type\":\"WebSite\",\"@id\":\"https:\/\/dicodusport.fr\/blog\/#website\",\"url\":\"https:\/\/dicodusport.fr\/blog\/\",\"name\":\"Dicodusport\",\"description\":\"L&#039;encyclop\u00e9die de l&#039;actualit\u00e9 sportive\",\"publisher\":{\"@id\":\"https:\/\/dicodusport.fr\/blog\/#organization\"},\"potentialAction\":[{\"@type\":\"SearchAction\",\"target\":{\"@type\":\"EntryPoint\",\"urlTemplate\":\"https:\/\/dicodusport.fr\/blog\/?s={search_term_string}\"},\"query-input\":{\"@type\":\"PropertyValueSpecification\",\"valueRequired\":true,\"valueName\":\"search_term_string\"}}],\"inLanguage\":\"fr-FR\"},{\"@type\":\"NewsMediaOrganization\",\"@id\":\"https:\/\/dicodusport.fr\/blog\/#organization\",\"name\":\"Dicodusport\",\"url\":\"https:\/\/dicodusport.fr\/blog\/\",\"logo\":{\"@type\":\"ImageObject\",\"inLanguage\":\"fr-FR\",\"@id\":\"https:\/\/dicodusport.fr\/blog\/#\/schema\/logo\/image\/\",\"url\":\"https:\/\/dicodusport.fr\/blog\/wp-content\/uploads\/2020\/06\/cropped-LOGO-DICODUSPORT-2020-SANS-FOND-SANS-TEXTE.png\",\"contentUrl\":\"https:\/\/dicodusport.fr\/blog\/wp-content\/uploads\/2020\/06\/cropped-LOGO-DICODUSPORT-2020-SANS-FOND-SANS-TEXTE.png\",\"width\":512,\"height\":512,\"caption\":\"Dicodusport\"},\"image\":{\"@id\":\"https:\/\/dicodusport.fr\/blog\/#\/schema\/logo\/image\/\"},\"sameAs\":[\"https:\/\/www.facebook.com\/dicodusport\",\"https:\/\/x.com\/dicodusport\",\"https:\/\/www.instagram.com\/dicodusport\/\",\"https:\/\/www.youtube.com\/channel\/UC7V2KZ5sd3htJivAbA4ZG3w\"],\"description\":\"Dicodusport est l'encyclop\u00e9die de l'actualit\u00e9 sportive.\",\"email\":\"bonjour@dicodusport.fr\",\"legalName\":\"DICODUSPORT\",\"foundingDate\":\"2018-01-14\",\"vatID\":\"FR71834470973\",\"taxID\":\"83447097300043\",\"numberOfEmployees\":{\"@type\":\"QuantitativeValue\",\"minValue\":\"1\",\"maxValue\":\"10\"}},{\"@type\":\"Person\",\"@id\":\"https:\/\/dicodusport.fr\/blog\/#\/schema\/person\/627966a6cde45dbd8c5e36ac85d783da\",\"name\":\"S\u00e9bastien Gente\",\"image\":{\"@type\":\"ImageObject\",\"inLanguage\":\"fr-FR\",\"@id\":\"https:\/\/dicodusport.fr\/blog\/#\/schema\/person\/image\/\",\"url\":\"https:\/\/dicodusport.fr\/blog\/wp-content\/uploads\/2021\/09\/1510990_10205810251400683_4124423575079401707_n-150x150.jpg\",\"contentUrl\":\"https:\/\/dicodusport.fr\/blog\/wp-content\/uploads\/2021\/09\/1510990_10205810251400683_4124423575079401707_n-150x150.jpg\",\"caption\":\"S\u00e9bastien Gente\"},\"description\":\"John Stockton, Gianni Bugno, Zinedine Zidane, Steffi Graf, Frode Andresen, St\u00e9phane Stoecklin, Davis Kamoga, Primoz Peterka, Werner Schlager et Aur\u00e9lien Rougerie. Point commun entre ces sportifs? Ils m'ont fait r\u00eaver et ont berc\u00e9 mon adolescence. Je suis un fondu de sports et j'essaie de retranscrire ma passion \u00e0 travers mes articles. Originaire du P\u00e9rigord, ma passion pour les Girondins, les Jaunards et les Jazzmen transpire dans mes \u00e9crits. \u00c0 Dicodusport depuis 2021, je d\u00e9niche les sports m\u00e9connus dans lesquels la France brille, et il y en a !\",\"sameAs\":[\"https:\/\/www.facebook.com\/sebastien.gente\/\",\"https:\/\/www.instagram.com\/sebgente\/\",\"https:\/\/www.linkedin.com\/in\/sbastien-gente-a29583169\/\",\"https:\/\/x.com\/https:\/\/twitter.com\/globulo24\",\"SebastienGente\"],\"worksFor\":\"S\u00e9bastien GENTE\",\"url\":\"https:\/\/dicodusport.fr\/blog\/author\/sebastiengente\/\"}]}<\/script>\n<!-- \/ Yoast SEO Premium plugin. -->","yoast_head_json":{"title":"Para escalade Mondiaux 2025 : Alo\u00efs Pottier sacr\u00e9 en difficult\u00e9, d\u00e9j\u00e0 3 m\u00e9dailles pour la France","description":"CHAMPIONNATS DU MONDE DE PARA ESCALADE 2025 - Pour la premi\u00e8re des deux journ\u00e9es de finale, les Bleus ont rafl\u00e9 trois m\u00e9dailles, dont l'or pour Alo\u00efs Pottier.\u00a0","robots":{"index":"index","follow":"follow","max-snippet":"max-snippet:-1","max-image-preview":"max-image-preview:large","max-video-preview":"max-video-preview:-1"},"canonical":"https:\/\/dicodusport.fr\/blog\/para-escalade-mondiaux-2025-alois-pottier-sacre-en-difficulte-deja-3-medailles-pour-la-france\/","og_locale":"fr_FR","og_type":"article","og_title":"Para escalade Mondiaux 2025 : Alo\u00efs Pottier sacr\u00e9 en difficult\u00e9, d\u00e9j\u00e0 3 m\u00e9dailles pour la France","og_description":"CHAMPIONNATS DU MONDE DE PARA ESCALADE 2025 - Pour la premi\u00e8re des deux journ\u00e9es de finale, les Bleus ont rafl\u00e9 trois m\u00e9dailles, dont l'or pour Alo\u00efs Pottier.\u00a0","og_url":"https:\/\/dicodusport.fr\/blog\/para-escalade-mondiaux-2025-alois-pottier-sacre-en-difficulte-deja-3-medailles-pour-la-france\/","og_site_name":"Dicodusport","article_publisher":"https:\/\/www.facebook.com\/dicodusport","article_author":"https:\/\/www.facebook.com\/sebastien.gente\/","article_published_time":"2025-09-24T09:33:34+00:00","article_modified_time":"2025-09-24T09:54:27+00:00","og_image":[{"width":1200,"height":674,"url":"https:\/\/dicodusport.fr\/blog\/wp-content\/uploads\/2025\/09\/Para-escalade-Mondiaux-2025-Alois-Pottier-sacre-en-difficulte-deja-3-medailles-pour-la-France.png","type":"image\/png"}],"author":"S\u00e9bastien Gente","twitter_card":"summary_large_image","twitter_title":"Para escalade Mondiaux 2025 : Alo\u00efs Pottier sacr\u00e9 en difficult\u00e9, d\u00e9j\u00e0 3 m\u00e9dailles pour la France","twitter_creator":"@https:\/\/twitter.com\/globulo24","twitter_site":"@dicodusport","schema":{"@context":"https:\/\/schema.org","@graph":[{"@type":"NewsArticle","@id":"https:\/\/dicodusport.fr\/blog\/para-escalade-mondiaux-2025-alois-pottier-sacre-en-difficulte-deja-3-medailles-pour-la-france\/#article","isPartOf":{"@id":"https:\/\/dicodusport.fr\/blog\/para-escalade-mondiaux-2025-alois-pottier-sacre-en-difficulte-deja-3-medailles-pour-la-france\/"},"author":{"name":"S\u00e9bastien Gente","@id":"https:\/\/dicodusport.fr\/blog\/#\/schema\/person\/627966a6cde45dbd8c5e36ac85d783da"},"headline":"Para escalade Mondiaux 2025 : Alo\u00efs Pottier sacr\u00e9 en difficult\u00e9, d\u00e9j\u00e0 3 m\u00e9dailles pour la France","datePublished":"2025-09-24T09:33:34+00:00","dateModified":"2025-09-24T09:54:27+00:00","mainEntityOfPage":{"@id":"https:\/\/dicodusport.fr\/blog\/para-escalade-mondiaux-2025-alois-pottier-sacre-en-difficulte-deja-3-medailles-pour-la-france\/"},"wordCount":439,"commentCount":0,"publisher":{"@id":"https:\/\/dicodusport.fr\/blog\/#organization"},"image":{"@id":"https:\/\/dicodusport.fr\/blog\/para-escalade-mondiaux-2025-alois-pottier-sacre-en-difficulte-deja-3-medailles-pour-la-france\/#primaryimage"},"thumbnailUrl":"https:\/\/dicodusport.fr\/blog\/wp-content\/uploads\/2025\/09\/Para-escalade-Mondiaux-2025-Alois-Pottier-sacre-en-difficulte-deja-3-medailles-pour-la-France.png","keywords":["br\u00e8ve","para escalade"],"articleSection":["Escalade","Handisport"],"inLanguage":"fr-FR","potentialAction":[{"@type":"CommentAction","name":"Comment","target":["https:\/\/dicodusport.fr\/blog\/para-escalade-mondiaux-2025-alois-pottier-sacre-en-difficulte-deja-3-medailles-pour-la-france\/#respond"]}],"copyrightYear":"2025","copyrightHolder":{"@id":"https:\/\/dicodusport.fr\/blog\/#organization"}},{"@type":"WebPage","@id":"https:\/\/dicodusport.fr\/blog\/para-escalade-mondiaux-2025-alois-pottier-sacre-en-difficulte-deja-3-medailles-pour-la-france\/","url":"https:\/\/dicodusport.fr\/blog\/para-escalade-mondiaux-2025-alois-pottier-sacre-en-difficulte-deja-3-medailles-pour-la-france\/","name":"Para escalade Mondiaux 2025 : Alo\u00efs Pottier sacr\u00e9 en difficult\u00e9, d\u00e9j\u00e0 3 m\u00e9dailles pour la France","isPartOf":{"@id":"https:\/\/dicodusport.fr\/blog\/#website"},"primaryImageOfPage":{"@id":"https:\/\/dicodusport.fr\/blog\/para-escalade-mondiaux-2025-alois-pottier-sacre-en-difficulte-deja-3-medailles-pour-la-france\/#primaryimage"},"image":{"@id":"https:\/\/dicodusport.fr\/blog\/para-escalade-mondiaux-2025-alois-pottier-sacre-en-difficulte-deja-3-medailles-pour-la-france\/#primaryimage"},"thumbnailUrl":"https:\/\/dicodusport.fr\/blog\/wp-content\/uploads\/2025\/09\/Para-escalade-Mondiaux-2025-Alois-Pottier-sacre-en-difficulte-deja-3-medailles-pour-la-France.png","datePublished":"2025-09-24T09:33:34+00:00","dateModified":"2025-09-24T09:54:27+00:00","description":"CHAMPIONNATS DU MONDE DE PARA ESCALADE 2025 - Pour la premi\u00e8re des deux journ\u00e9es de finale, les Bleus ont rafl\u00e9 trois m\u00e9dailles, dont l'or pour Alo\u00efs Pottier.\u00a0","breadcrumb":{"@id":"https:\/\/dicodusport.fr\/blog\/para-escalade-mondiaux-2025-alois-pottier-sacre-en-difficulte-deja-3-medailles-pour-la-france\/#breadcrumb"},"inLanguage":"fr-FR","potentialAction":[{"@type":"ReadAction","target":["https:\/\/dicodusport.fr\/blog\/para-escalade-mondiaux-2025-alois-pottier-sacre-en-difficulte-deja-3-medailles-pour-la-france\/"]}]},{"@type":"ImageObject","inLanguage":"fr-FR","@id":"https:\/\/dicodusport.fr\/blog\/para-escalade-mondiaux-2025-alois-pottier-sacre-en-difficulte-deja-3-medailles-pour-la-france\/#primaryimage","url":"https:\/\/dicodusport.fr\/blog\/wp-content\/uploads\/2025\/09\/Para-escalade-Mondiaux-2025-Alois-Pottier-sacre-en-difficulte-deja-3-medailles-pour-la-France.png","contentUrl":"https:\/\/dicodusport.fr\/blog\/wp-content\/uploads\/2025\/09\/Para-escalade-Mondiaux-2025-Alois-Pottier-sacre-en-difficulte-deja-3-medailles-pour-la-France.png","width":1200,"height":674,"caption":"Para escalade Mondiaux 2025 Alo\u00efs Pottier sacr\u00e9 en difficult\u00e9, d\u00e9j\u00e0 3 m\u00e9dailles pour la France"},{"@type":"BreadcrumbList","@id":"https:\/\/dicodusport.fr\/blog\/para-escalade-mondiaux-2025-alois-pottier-sacre-en-difficulte-deja-3-medailles-pour-la-france\/#breadcrumb","itemListElement":[{"@type":"ListItem","position":1,"name":"Accueil","item":"https:\/\/dicodusport.fr\/blog\/"},{"@type":"ListItem","position":2,"name":"Para escalade Mondiaux 2025 : Alo\u00efs Pottier sacr\u00e9 en difficult\u00e9, d\u00e9j\u00e0 3 m\u00e9dailles pour la France"}]},{"@type":"WebSite","@id":"https:\/\/dicodusport.fr\/blog\/#website","url":"https:\/\/dicodusport.fr\/blog\/","name":"Dicodusport","description":"L&#039;encyclop\u00e9die de l&#039;actualit\u00e9 sportive","publisher":{"@id":"https:\/\/dicodusport.fr\/blog\/#organization"},"potentialAction":[{"@type":"SearchAction","target":{"@type":"EntryPoint","urlTemplate":"https:\/\/dicodusport.fr\/blog\/?s={search_term_string}"},"query-input":{"@type":"PropertyValueSpecification","valueRequired":true,"valueName":"search_term_string"}}],"inLanguage":"fr-FR"},{"@type":"NewsMediaOrganization","@id":"https:\/\/dicodusport.fr\/blog\/#organization","name":"Dicodusport","url":"https:\/\/dicodusport.fr\/blog\/","logo":{"@type":"ImageObject","inLanguage":"fr-FR","@id":"https:\/\/dicodusport.fr\/blog\/#\/schema\/logo\/image\/","url":"https:\/\/dicodusport.fr\/blog\/wp-content\/uploads\/2020\/06\/cropped-LOGO-DICODUSPORT-2020-SANS-FOND-SANS-TEXTE.png","contentUrl":"https:\/\/dicodusport.fr\/blog\/wp-content\/uploads\/2020\/06\/cropped-LOGO-DICODUSPORT-2020-SANS-FOND-SANS-TEXTE.png","width":512,"height":512,"caption":"Dicodusport"},"image":{"@id":"https:\/\/dicodusport.fr\/blog\/#\/schema\/logo\/image\/"},"sameAs":["https:\/\/www.facebook.com\/dicodusport","https:\/\/x.com\/dicodusport","https:\/\/www.instagram.com\/dicodusport\/","https:\/\/www.youtube.com\/channel\/UC7V2KZ5sd3htJivAbA4ZG3w"],"description":"Dicodusport est l'encyclop\u00e9die de l'actualit\u00e9 sportive.","email":"bonjour@dicodusport.fr","legalName":"DICODUSPORT","foundingDate":"2018-01-14","vatID":"FR71834470973","taxID":"83447097300043","numberOfEmployees":{"@type":"QuantitativeValue","minValue":"1","maxValue":"10"}},{"@type":"Person","@id":"https:\/\/dicodusport.fr\/blog\/#\/schema\/person\/627966a6cde45dbd8c5e36ac85d783da","name":"S\u00e9bastien Gente","image":{"@type":"ImageObject","inLanguage":"fr-FR","@id":"https:\/\/dicodusport.fr\/blog\/#\/schema\/person\/image\/","url":"https:\/\/dicodusport.fr\/blog\/wp-content\/uploads\/2021\/09\/1510990_10205810251400683_4124423575079401707_n-150x150.jpg","contentUrl":"https:\/\/dicodusport.fr\/blog\/wp-content\/uploads\/2021\/09\/1510990_10205810251400683_4124423575079401707_n-150x150.jpg","caption":"S\u00e9bastien Gente"},"description":"John Stockton, Gianni Bugno, Zinedine Zidane, Steffi Graf, Frode Andresen, St\u00e9phane Stoecklin, Davis Kamoga, Primoz Peterka, Werner Schlager et Aur\u00e9lien Rougerie. Point commun entre ces sportifs? Ils m'ont fait r\u00eaver et ont berc\u00e9 mon adolescence. Je suis un fondu de sports et j'essaie de retranscrire ma passion \u00e0 travers mes articles. Originaire du P\u00e9rigord, ma passion pour les Girondins, les Jaunards et les Jazzmen transpire dans mes \u00e9crits. \u00c0 Dicodusport depuis 2021, je d\u00e9niche les sports m\u00e9connus dans lesquels la France brille, et il y en a !","sameAs":["https:\/\/www.facebook.com\/sebastien.gente\/","https:\/\/www.instagram.com\/sebgente\/","https:\/\/www.linkedin.com\/in\/sbastien-gente-a29583169\/","https:\/\/x.com\/https:\/\/twitter.com\/globulo24","SebastienGente"],"worksFor":"S\u00e9bastien GENTE","url":"https:\/\/dicodusport.fr\/blog\/author\/sebastiengente\/"}]}},"_links":{"self":[{"href":"https:\/\/dicodusport.fr\/blog\/wp-json\/wp\/v2\/posts\/613882","targetHints":{"allow":["GET"]}}],"collection":[{"href":"https:\/\/dicodusport.fr\/blog\/wp-json\/wp\/v2\/posts"}],"about":[{"href":"https:\/\/dicodusport.fr\/blog\/wp-json\/wp\/v2\/types\/post"}],"author":[{"embeddable":true,"href":"https:\/\/dicodusport.fr\/blog\/wp-json\/wp\/v2\/users\/59"}],"replies":[{"embeddable":true,"href":"https:\/\/dicodusport.fr\/blog\/wp-json\/wp\/v2\/comments?post=613882"}],"version-history":[{"count":2,"href":"https:\/\/dicodusport.fr\/blog\/wp-json\/wp\/v2\/posts\/613882\/revisions"}],"predecessor-version":[{"id":613889,"href":"https:\/\/dicodusport.fr\/blog\/wp-json\/wp\/v2\/posts\/613882\/revisions\/613889"}],"wp:featuredmedia":[{"embeddable":true,"href":"https:\/\/dicodusport.fr\/blog\/wp-json\/wp\/v2\/media\/613888"}],"wp:attachment":[{"href":"https:\/\/dicodusport.fr\/blog\/wp-json\/wp\/v2\/media?parent=613882"}],"wp:term":[{"taxonomy":"category","embeddable":true,"href":"https:\/\/dicodusport.fr\/blog\/wp-json\/wp\/v2\/categories?post=613882"},{"taxonomy":"post_tag","embeddable":true,"href":"https:\/\/dicodusport.fr\/blog\/wp-json\/wp\/v2\/tags?post=613882"}],"curies":[{"name":"wp","href":"https:\/\/api.w.org\/{rel}","templated":true}]}}