{"id":613916,"date":"2025-09-24T16:49:42","date_gmt":"2025-09-24T14:49:42","guid":{"rendered":"https:\/\/dicodusport.fr\/blog\/?p=613916&#038;preview=true&#038;preview_id=613916"},"modified":"2025-09-24T19:18:32","modified_gmt":"2025-09-24T17:18:32","slug":"championnat-du-monde-de-cyclisme-2025-laustralie-prive-la-france-dun-sacre-sur-le-relais-mixte","status":"publish","type":"post","link":"https:\/\/dicodusport.fr\/blog\/championnat-du-monde-de-cyclisme-2025-laustralie-prive-la-france-dun-sacre-sur-le-relais-mixte\/","title":{"rendered":"Championnat du monde de cyclisme 2025 : L&rsquo;Australie prive la France d&rsquo;un sacre sur le relais mixte"},"content":{"rendered":"<p style=\"text-align: justify;\"><strong><em>CHAMPIONNATS DU MONDE DE CYCLISME 2025\u00a0 &#8211; La France prend la 2\u00e8me place du relais mixte, seulement battue par l&rsquo;Australie. Il n&rsquo;aura manqu\u00e9 que cinq secondes aux Bleus pour aller au bout du r\u00eave. Mais la France d\u00e9croche une deuxi\u00e8me m\u00e9daille d&rsquo;argent dans cette \u00e9preuve, apr\u00e8s 2023. La Suisse, qui a perdu un temps Marlen Reusser, victime d&rsquo;un souci m\u00e9canique, monte sur la 3\u00e8me marche du podium.<\/em><\/strong><\/p>\n<ul style=\"text-align: justify;\">\n<li><strong>\u00c0 ce sujet &#8211; <a href=\"https:\/\/dicodusport.fr\/blog\/championnat-du-monde-2025-classement-et-resultats-du-relais-mixte-par-equipes\/\">Championnat du monde 2025 : Classement et r\u00e9sultats du relais mixte par \u00e9quipes<\/a><\/strong><\/li>\n<\/ul>\n<p style=\"text-align: justify;\">L&rsquo;Espagne est la premi\u00e8re \u00e0 se montrer en \u00e9vidence. Un gros passage pour <strong>Ra\u00fal Garc\u00eda Pierna<\/strong> et\u00a0<strong>Iv\u00e1n Romeo<\/strong>\u00a0pour lancer la formation espagnole avec 2:03 d&rsquo;avance sur la Chine et repousser la Belgique, partie derri\u00e8re elle, de 23 secondes. Avant que <strong>Paula Blasi, Mireia Benito<\/strong> et<strong> Usoa Ostolaza<\/strong> ne creusent de plus gros \u00e9carts encore. Pour prendre la t\u00eate avec 4:07 d&rsquo;avance sur l&rsquo;Ukraine. L&rsquo;Espagne frappe un premier coup, mais les chronos vont encore s&rsquo;affoler par la suite et la performance espagnole sera insuffisante.<\/p>\n<h2 style=\"text-align: justify;\">Italie, France et Suisse longtemps dans un mouchoir de poche<\/h2>\n<p style=\"text-align: justify;\"><strong>Paul Seixas, Bruno Armirail<\/strong> et <strong>Paval Sivakov<\/strong> prennent la t\u00eate au premier interm\u00e9diaire, repoussant la Suisse \u00e0 9 secondes et l&rsquo;Espagne \u00e0 15 secondes. Au fil des kilom\u00e8tres, les Bleus vont l\u00e9g\u00e8rement s&rsquo;effriter dans cette performance collective. Pour transmettre dans le m\u00eame temps que la Suisse, avec 28 secondes d&rsquo;avance sur l&rsquo;Espagne. L&rsquo;Italie devance les Bleus de deux secondes. Mais un relais hommes qui va perdre <strong>Matteo Sobrero<\/strong> rapidement d\u00e9cramponn\u00e9, d\u00e8s le premier interm\u00e9diaire. Eux aussi vont s&rsquo;effriter. Et transmettre le relais avec 14 secondes de retard sur les Bleus et la Suisse.<\/p>\n<h2 style=\"text-align: justify;\">Le souci de Reusser a plomb\u00e9 la Suissesse<\/h2>\n<p style=\"text-align: justify;\">Autant dire que la responsabilit\u00e9 sur les femmes \u00e9tait forte, pour cette bagarre pour le podium. La Suisse va frapper fort, port\u00e9e par <strong>Marlen Reusser<\/strong>, la r\u00e9cente championne du monde. D\u00e8s le premier interm\u00e9diaire, la France est repouss\u00e9e \u00e0 20 secondes. Avec une <strong>Maeva Squiban<\/strong> qui montre d\u00e9j\u00e0 des limites. Tandis que l&rsquo;Italie, d\u00e8s le premier inter, sera hors-jeu pour le podium, repouss\u00e9e \u00e0 33 secondes de la France. Soit 20 secondes perdus sur les Fran\u00e7aises. L&rsquo;Italie sera 4\u00e8me de ce relais.<\/p>\n<ul style=\"text-align: justify;\">\n<li><strong>\u00c0 ce sujet \u2013\u00a0<a href=\"https:\/\/dicodusport.fr\/blog\/programme-et-resultats-des-championnats-du-monde-de-cyclisme-sur-route-2025-au-rwanda\/\">Programme et r\u00e9sultats des Championnats du monde de cyclisme sur route 2025 au Rwanda<\/a><\/strong><\/li>\n<\/ul>\n<p style=\"text-align: justify;\">Mais alors que la machine suisse semblait huil\u00e9e, la championne du monde est victime d&rsquo;un p\u00e9pin m\u00e9canique et doit repartir seule. Cela permet \u00e0 la France de reprendre la t\u00eate avec 15 secondes d&rsquo;avance sur les Suissesses, qui ont r\u00e9cup\u00e9r\u00e9 Reusser, mais cet incident a mis<strong> Noemi R\u00fcegg<\/strong> dans le rouge. Mais la Suisse r\u00e9ussit un tr\u00e8s gros dernier tron\u00e7on. Qu&rsquo;est ce que ce trio f\u00e9minin \u00e9tait fort sur le papier&#8230; Il y aura des gros regrets ce soir. Mais les Bleues, avec une <strong>Juliette Labous<\/strong> monumentale sur le parcours, r\u00e9sistent pour 5 secondes. Cinq secondes, c&rsquo;est aussi ce qui va manquer aux Bleus pour d\u00e9crocher l&rsquo;or.<\/p>\n<blockquote class=\"twitter-tweet\">\n<p dir=\"ltr\" lang=\"fr\">La France est vice-championne du monde de relais mixte ! Bruno Armirail, Paul Seixas, Pavel Sivakov, C\u00e9drine Kerbaol, Juliette Labous et Ma\u00ebva Squiban terminent \u00e0 5&Prime; de l&rsquo;Australie, d\u00e9j\u00e0 sacr\u00e9e en 2024.<\/p>\n<p>Malgr\u00e9 un probl\u00e8me pour Marlen Reusser, la Suisse est 3e \u00e0 10&Prime;. <a href=\"https:\/\/twitter.com\/hashtag\/Kigali2025?src=hash&amp;ref_src=twsrc%5Etfw\">#Kigali2025<\/a> <a href=\"https:\/\/t.co\/RXiKX6JXvW\">pic.twitter.com\/RXiKX6JXvW<\/a><\/p>\n<p>\u2014 Le Gruppetto (@LeGruppetto) <a href=\"https:\/\/twitter.com\/LeGruppetto\/status\/1970862004153012238?ref_src=twsrc%5Etfw\">September 24, 2025<\/a><\/p><\/blockquote>\n<p style=\"text-align: justify;\"><script async src=\"https:\/\/platform.twitter.com\/widgets.js\" charset=\"utf-8\"><\/script><\/p>\n<h2 style=\"text-align: justify;\">Le sacre de l&rsquo;Australie gr\u00e2ce \u00e0 une grosse \u00e9quipe hommes<\/h2>\n<p style=\"text-align: justify;\">Ce sont les champions du monde en titre qui vont finalement frapper fort. L&rsquo;Australie, port\u00e9e par <strong>Jay Vine<\/strong>, r\u00e9cent vice-champion du monde, prend 11 secondes d&rsquo;entr\u00e9e sur l&rsquo;Italie et 13 sur la France. Impressionnants dans la derni\u00e8re mont\u00e9e, les Australiens vont creuser l&rsquo;\u00e9cart. 33 secondes d&rsquo;avance sur l&rsquo;\u00e9quipe de France. Et heureusement que les hommes ont su partir tr\u00e8s fort, car la suite aura \u00e9t\u00e9 plus douloureuse.<\/p>\n<p style=\"text-align: justify;\">L&rsquo;\u00e9quipe femme n&rsquo;a pas \u00e9t\u00e9 totalement \u00e0 la hauteur de la performance des hommes. D\u00e8s le premier interm\u00e9diaire, les choses s&rsquo;inversent, avec des Australiennes qui passent derri\u00e8re la Suisse. Finalement, le p\u00e9pin m\u00e9canique de <strong>Reusser<\/strong> aura \u00e9t\u00e9 salvateur. Mais il aura fallu r\u00e9sister \u00e0 la France. Douze secondes d&rsquo;avance sur l&rsquo;avant-dernier interm\u00e9diaire&#8230; Et seulement cinq secondes sur la ligne.<\/p>\n","protected":false},"excerpt":{"rendered":"<p>CHAMPIONNATS DU MONDE DE CYCLISME 2025\u00a0 &#8211; La France prend la 2\u00e8me place du relais mixte, seulement battue par l&rsquo;Australie. Il n&rsquo;aura manqu\u00e9 que cinq secondes aux Bleus pour aller au bout du r\u00eave. Mais la France d\u00e9croche une deuxi\u00e8me m\u00e9daille d&rsquo;argent dans cette \u00e9preuve, apr\u00e8s 2023. La Suisse, qui a perdu un temps Marlen [&hellip;]<\/p>\n","protected":false},"author":83,"featured_media":613992,"comment_status":"open","ping_status":"closed","sticky":false,"template":"","format":"standard","meta":{"_acf_changed":false,"_daextam_enable_autolinks":"1","footnotes":""},"categories":[46994],"tags":[16878,10812,11197,3877,24],"class_list":["post-613916","post","type-post","status-publish","format-standard","has-post-thumbnail","hentry","category-cyclisme-sur-route","tag-breve","tag-championnats-du-monde-de-cyclisme","tag-cyclisme-sur-route","tag-relais-mixte","tag-sport"],"acf":[],"yoast_head":"<!-- This site is optimized with the Yoast SEO Premium plugin v26.7 (Yoast SEO v26.7) - https:\/\/yoast.com\/wordpress\/plugins\/seo\/ -->\n<title>Championnat du monde de cyclisme 2025 : L&#039;Australie prive la France d&#039;un sacre sur le relais mixte<\/title>\n<meta name=\"description\" content=\"CHAMPIONNATS DU MONDE DE CYCLISME 2025\u00a0 - La France prend la 2\u00e8me place du relais mixte seulement battue par l&#039;Australie.\" \/>\n<meta name=\"robots\" content=\"index, follow, max-snippet:-1, max-image-preview:large, max-video-preview:-1\" \/>\n<link rel=\"canonical\" href=\"https:\/\/dicodusport.fr\/blog\/championnat-du-monde-de-cyclisme-2025-laustralie-prive-la-france-dun-sacre-sur-le-relais-mixte\/\" \/>\n<meta property=\"og:locale\" content=\"fr_FR\" \/>\n<meta property=\"og:type\" content=\"article\" \/>\n<meta property=\"og:title\" content=\"Championnat du monde de cyclisme 2025 : L&#039;Australie prive la France d&#039;un sacre sur le relais mixte\" \/>\n<meta property=\"og:description\" content=\"CHAMPIONNATS DU MONDE DE CYCLISME 2025\u00a0 - La France prend la 2\u00e8me place du relais mixte seulement battue par l&#039;Australie.\" \/>\n<meta property=\"og:url\" content=\"https:\/\/dicodusport.fr\/blog\/championnat-du-monde-de-cyclisme-2025-laustralie-prive-la-france-dun-sacre-sur-le-relais-mixte\/\" \/>\n<meta property=\"og:site_name\" content=\"Dicodusport\" \/>\n<meta property=\"article:publisher\" content=\"https:\/\/www.facebook.com\/dicodusport\" \/>\n<meta property=\"article:published_time\" content=\"2025-09-24T14:49:42+00:00\" \/>\n<meta property=\"article:modified_time\" content=\"2025-09-24T17:18:32+00:00\" \/>\n<meta property=\"og:image\" content=\"https:\/\/dicodusport.fr\/blog\/wp-content\/uploads\/2025\/09\/Championnat-du-monde-de-cyclisme-2025-LAustralie-prive-la-France-dun-sacre-sur-le-relais-mixte-1.png\" \/>\n\t<meta property=\"og:image:width\" content=\"1200\" \/>\n\t<meta property=\"og:image:height\" content=\"674\" \/>\n\t<meta property=\"og:image:type\" content=\"image\/png\" \/>\n<meta name=\"author\" content=\"Etienne Goursaud\" \/>\n<meta name=\"twitter:card\" content=\"summary_large_image\" \/>\n<meta name=\"twitter:title\" content=\"Championnat du monde de cyclisme 2025 : L&#039;Australie prive la France d&#039;un sacre sur le relais mixte\" \/>\n<meta name=\"twitter:creator\" content=\"@dicodusport\" \/>\n<meta name=\"twitter:site\" content=\"@dicodusport\" \/>\n<script type=\"application\/ld+json\" class=\"yoast-schema-graph\">{\"@context\":\"https:\/\/schema.org\",\"@graph\":[{\"@type\":\"NewsArticle\",\"@id\":\"https:\/\/dicodusport.fr\/blog\/championnat-du-monde-de-cyclisme-2025-laustralie-prive-la-france-dun-sacre-sur-le-relais-mixte\/#article\",\"isPartOf\":{\"@id\":\"https:\/\/dicodusport.fr\/blog\/championnat-du-monde-de-cyclisme-2025-laustralie-prive-la-france-dun-sacre-sur-le-relais-mixte\/\"},\"author\":{\"name\":\"Etienne Goursaud\",\"@id\":\"https:\/\/dicodusport.fr\/blog\/#\/schema\/person\/d603dd7da31fb2b46c82b9835a77ec13\"},\"headline\":\"Championnat du monde de cyclisme 2025 : L&rsquo;Australie prive la France d&rsquo;un sacre sur le relais mixte\",\"datePublished\":\"2025-09-24T14:49:42+00:00\",\"dateModified\":\"2025-09-24T17:18:32+00:00\",\"mainEntityOfPage\":{\"@id\":\"https:\/\/dicodusport.fr\/blog\/championnat-du-monde-de-cyclisme-2025-laustralie-prive-la-france-dun-sacre-sur-le-relais-mixte\/\"},\"wordCount\":756,\"commentCount\":0,\"publisher\":{\"@id\":\"https:\/\/dicodusport.fr\/blog\/#organization\"},\"image\":{\"@id\":\"https:\/\/dicodusport.fr\/blog\/championnat-du-monde-de-cyclisme-2025-laustralie-prive-la-france-dun-sacre-sur-le-relais-mixte\/#primaryimage\"},\"thumbnailUrl\":\"https:\/\/dicodusport.fr\/blog\/wp-content\/uploads\/2025\/09\/Championnat-du-monde-de-cyclisme-2025-LAustralie-prive-la-France-dun-sacre-sur-le-relais-mixte-1.png\",\"keywords\":[\"br\u00e8ve\",\"Championnats du monde de cyclisme\",\"Cyclisme sur route\",\"Relais Mixte\",\"sport\"],\"articleSection\":[\"Cyclisme sur route\"],\"inLanguage\":\"fr-FR\",\"potentialAction\":[{\"@type\":\"CommentAction\",\"name\":\"Comment\",\"target\":[\"https:\/\/dicodusport.fr\/blog\/championnat-du-monde-de-cyclisme-2025-laustralie-prive-la-france-dun-sacre-sur-le-relais-mixte\/#respond\"]}],\"copyrightYear\":\"2025\",\"copyrightHolder\":{\"@id\":\"https:\/\/dicodusport.fr\/blog\/#organization\"}},{\"@type\":\"WebPage\",\"@id\":\"https:\/\/dicodusport.fr\/blog\/championnat-du-monde-de-cyclisme-2025-laustralie-prive-la-france-dun-sacre-sur-le-relais-mixte\/\",\"url\":\"https:\/\/dicodusport.fr\/blog\/championnat-du-monde-de-cyclisme-2025-laustralie-prive-la-france-dun-sacre-sur-le-relais-mixte\/\",\"name\":\"Championnat du monde de cyclisme 2025 : L'Australie prive la France d'un sacre sur le relais mixte\",\"isPartOf\":{\"@id\":\"https:\/\/dicodusport.fr\/blog\/#website\"},\"primaryImageOfPage\":{\"@id\":\"https:\/\/dicodusport.fr\/blog\/championnat-du-monde-de-cyclisme-2025-laustralie-prive-la-france-dun-sacre-sur-le-relais-mixte\/#primaryimage\"},\"image\":{\"@id\":\"https:\/\/dicodusport.fr\/blog\/championnat-du-monde-de-cyclisme-2025-laustralie-prive-la-france-dun-sacre-sur-le-relais-mixte\/#primaryimage\"},\"thumbnailUrl\":\"https:\/\/dicodusport.fr\/blog\/wp-content\/uploads\/2025\/09\/Championnat-du-monde-de-cyclisme-2025-LAustralie-prive-la-France-dun-sacre-sur-le-relais-mixte-1.png\",\"datePublished\":\"2025-09-24T14:49:42+00:00\",\"dateModified\":\"2025-09-24T17:18:32+00:00\",\"description\":\"CHAMPIONNATS DU MONDE DE CYCLISME 2025\u00a0 - La France prend la 2\u00e8me place du relais mixte seulement battue par l'Australie.\",\"breadcrumb\":{\"@id\":\"https:\/\/dicodusport.fr\/blog\/championnat-du-monde-de-cyclisme-2025-laustralie-prive-la-france-dun-sacre-sur-le-relais-mixte\/#breadcrumb\"},\"inLanguage\":\"fr-FR\",\"potentialAction\":[{\"@type\":\"ReadAction\",\"target\":[\"https:\/\/dicodusport.fr\/blog\/championnat-du-monde-de-cyclisme-2025-laustralie-prive-la-france-dun-sacre-sur-le-relais-mixte\/\"]}]},{\"@type\":\"ImageObject\",\"inLanguage\":\"fr-FR\",\"@id\":\"https:\/\/dicodusport.fr\/blog\/championnat-du-monde-de-cyclisme-2025-laustralie-prive-la-france-dun-sacre-sur-le-relais-mixte\/#primaryimage\",\"url\":\"https:\/\/dicodusport.fr\/blog\/wp-content\/uploads\/2025\/09\/Championnat-du-monde-de-cyclisme-2025-LAustralie-prive-la-France-dun-sacre-sur-le-relais-mixte-1.png\",\"contentUrl\":\"https:\/\/dicodusport.fr\/blog\/wp-content\/uploads\/2025\/09\/Championnat-du-monde-de-cyclisme-2025-LAustralie-prive-la-France-dun-sacre-sur-le-relais-mixte-1.png\",\"width\":1200,\"height\":674,\"caption\":\"Championnat du monde de cyclisme 2025 L'Australie prive la France d'un sacre sur le relais mixte\"},{\"@type\":\"BreadcrumbList\",\"@id\":\"https:\/\/dicodusport.fr\/blog\/championnat-du-monde-de-cyclisme-2025-laustralie-prive-la-france-dun-sacre-sur-le-relais-mixte\/#breadcrumb\",\"itemListElement\":[{\"@type\":\"ListItem\",\"position\":1,\"name\":\"Accueil\",\"item\":\"https:\/\/dicodusport.fr\/blog\/\"},{\"@type\":\"ListItem\",\"position\":2,\"name\":\"Championnat du monde de cyclisme 2025 : L&rsquo;Australie prive la France d&rsquo;un sacre sur le relais mixte\"}]},{\"@type\":\"WebSite\",\"@id\":\"https:\/\/dicodusport.fr\/blog\/#website\",\"url\":\"https:\/\/dicodusport.fr\/blog\/\",\"name\":\"Dicodusport\",\"description\":\"L&#039;encyclop\u00e9die de l&#039;actualit\u00e9 sportive\",\"publisher\":{\"@id\":\"https:\/\/dicodusport.fr\/blog\/#organization\"},\"potentialAction\":[{\"@type\":\"SearchAction\",\"target\":{\"@type\":\"EntryPoint\",\"urlTemplate\":\"https:\/\/dicodusport.fr\/blog\/?s={search_term_string}\"},\"query-input\":{\"@type\":\"PropertyValueSpecification\",\"valueRequired\":true,\"valueName\":\"search_term_string\"}}],\"inLanguage\":\"fr-FR\"},{\"@type\":\"NewsMediaOrganization\",\"@id\":\"https:\/\/dicodusport.fr\/blog\/#organization\",\"name\":\"Dicodusport\",\"url\":\"https:\/\/dicodusport.fr\/blog\/\",\"logo\":{\"@type\":\"ImageObject\",\"inLanguage\":\"fr-FR\",\"@id\":\"https:\/\/dicodusport.fr\/blog\/#\/schema\/logo\/image\/\",\"url\":\"https:\/\/dicodusport.fr\/blog\/wp-content\/uploads\/2020\/06\/cropped-LOGO-DICODUSPORT-2020-SANS-FOND-SANS-TEXTE.png\",\"contentUrl\":\"https:\/\/dicodusport.fr\/blog\/wp-content\/uploads\/2020\/06\/cropped-LOGO-DICODUSPORT-2020-SANS-FOND-SANS-TEXTE.png\",\"width\":512,\"height\":512,\"caption\":\"Dicodusport\"},\"image\":{\"@id\":\"https:\/\/dicodusport.fr\/blog\/#\/schema\/logo\/image\/\"},\"sameAs\":[\"https:\/\/www.facebook.com\/dicodusport\",\"https:\/\/x.com\/dicodusport\",\"https:\/\/www.instagram.com\/dicodusport\/\",\"https:\/\/www.youtube.com\/channel\/UC7V2KZ5sd3htJivAbA4ZG3w\"],\"description\":\"Dicodusport est l'encyclop\u00e9die de l'actualit\u00e9 sportive.\",\"email\":\"bonjour@dicodusport.fr\",\"legalName\":\"DICODUSPORT\",\"foundingDate\":\"2018-01-14\",\"vatID\":\"FR71834470973\",\"taxID\":\"83447097300043\",\"numberOfEmployees\":{\"@type\":\"QuantitativeValue\",\"minValue\":\"1\",\"maxValue\":\"10\"}},{\"@type\":\"Person\",\"@id\":\"https:\/\/dicodusport.fr\/blog\/#\/schema\/person\/d603dd7da31fb2b46c82b9835a77ec13\",\"name\":\"Etienne Goursaud\",\"image\":{\"@type\":\"ImageObject\",\"inLanguage\":\"fr-FR\",\"@id\":\"https:\/\/dicodusport.fr\/blog\/#\/schema\/person\/image\/\",\"url\":\"https:\/\/dicodusport.fr\/blog\/wp-content\/uploads\/2023\/12\/410122264_10231602061736049_5565839791558026645_n-150x150.jpg\",\"contentUrl\":\"https:\/\/dicodusport.fr\/blog\/wp-content\/uploads\/2023\/12\/410122264_10231602061736049_5565839791558026645_n-150x150.jpg\",\"caption\":\"Etienne Goursaud\"},\"description\":\"Journaliste et amoureux de sport. Ancien footballeur reconverti athl\u00e8te quand ses muscles le laissent tranquille. \u00c9lev\u00e9 \u00e0 la sauce des exploits de Thomas Voeckler en 2004, du dernier essai de l\u00e9gende de Eunice Barber \u00e0 la longueur lors des championnats du monde d'athl\u00e9tisme de 2003 mais aussi Zidane, Omeyer et Titou Lamaison.\",\"url\":\"https:\/\/dicodusport.fr\/blog\/author\/etienne-goursaud\/\"}]}<\/script>\n<!-- \/ Yoast SEO Premium plugin. -->","yoast_head_json":{"title":"Championnat du monde de cyclisme 2025 : L'Australie prive la France d'un sacre sur le relais mixte","description":"CHAMPIONNATS DU MONDE DE CYCLISME 2025\u00a0 - La France prend la 2\u00e8me place du relais mixte seulement battue par l'Australie.","robots":{"index":"index","follow":"follow","max-snippet":"max-snippet:-1","max-image-preview":"max-image-preview:large","max-video-preview":"max-video-preview:-1"},"canonical":"https:\/\/dicodusport.fr\/blog\/championnat-du-monde-de-cyclisme-2025-laustralie-prive-la-france-dun-sacre-sur-le-relais-mixte\/","og_locale":"fr_FR","og_type":"article","og_title":"Championnat du monde de cyclisme 2025 : L'Australie prive la France d'un sacre sur le relais mixte","og_description":"CHAMPIONNATS DU MONDE DE CYCLISME 2025\u00a0 - La France prend la 2\u00e8me place du relais mixte seulement battue par l'Australie.","og_url":"https:\/\/dicodusport.fr\/blog\/championnat-du-monde-de-cyclisme-2025-laustralie-prive-la-france-dun-sacre-sur-le-relais-mixte\/","og_site_name":"Dicodusport","article_publisher":"https:\/\/www.facebook.com\/dicodusport","article_published_time":"2025-09-24T14:49:42+00:00","article_modified_time":"2025-09-24T17:18:32+00:00","og_image":[{"width":1200,"height":674,"url":"https:\/\/dicodusport.fr\/blog\/wp-content\/uploads\/2025\/09\/Championnat-du-monde-de-cyclisme-2025-LAustralie-prive-la-France-dun-sacre-sur-le-relais-mixte-1.png","type":"image\/png"}],"author":"Etienne Goursaud","twitter_card":"summary_large_image","twitter_title":"Championnat du monde de cyclisme 2025 : L'Australie prive la France d'un sacre sur le relais mixte","twitter_creator":"@dicodusport","twitter_site":"@dicodusport","schema":{"@context":"https:\/\/schema.org","@graph":[{"@type":"NewsArticle","@id":"https:\/\/dicodusport.fr\/blog\/championnat-du-monde-de-cyclisme-2025-laustralie-prive-la-france-dun-sacre-sur-le-relais-mixte\/#article","isPartOf":{"@id":"https:\/\/dicodusport.fr\/blog\/championnat-du-monde-de-cyclisme-2025-laustralie-prive-la-france-dun-sacre-sur-le-relais-mixte\/"},"author":{"name":"Etienne Goursaud","@id":"https:\/\/dicodusport.fr\/blog\/#\/schema\/person\/d603dd7da31fb2b46c82b9835a77ec13"},"headline":"Championnat du monde de cyclisme 2025 : L&rsquo;Australie prive la France d&rsquo;un sacre sur le relais mixte","datePublished":"2025-09-24T14:49:42+00:00","dateModified":"2025-09-24T17:18:32+00:00","mainEntityOfPage":{"@id":"https:\/\/dicodusport.fr\/blog\/championnat-du-monde-de-cyclisme-2025-laustralie-prive-la-france-dun-sacre-sur-le-relais-mixte\/"},"wordCount":756,"commentCount":0,"publisher":{"@id":"https:\/\/dicodusport.fr\/blog\/#organization"},"image":{"@id":"https:\/\/dicodusport.fr\/blog\/championnat-du-monde-de-cyclisme-2025-laustralie-prive-la-france-dun-sacre-sur-le-relais-mixte\/#primaryimage"},"thumbnailUrl":"https:\/\/dicodusport.fr\/blog\/wp-content\/uploads\/2025\/09\/Championnat-du-monde-de-cyclisme-2025-LAustralie-prive-la-France-dun-sacre-sur-le-relais-mixte-1.png","keywords":["br\u00e8ve","Championnats du monde de cyclisme","Cyclisme sur route","Relais Mixte","sport"],"articleSection":["Cyclisme sur route"],"inLanguage":"fr-FR","potentialAction":[{"@type":"CommentAction","name":"Comment","target":["https:\/\/dicodusport.fr\/blog\/championnat-du-monde-de-cyclisme-2025-laustralie-prive-la-france-dun-sacre-sur-le-relais-mixte\/#respond"]}],"copyrightYear":"2025","copyrightHolder":{"@id":"https:\/\/dicodusport.fr\/blog\/#organization"}},{"@type":"WebPage","@id":"https:\/\/dicodusport.fr\/blog\/championnat-du-monde-de-cyclisme-2025-laustralie-prive-la-france-dun-sacre-sur-le-relais-mixte\/","url":"https:\/\/dicodusport.fr\/blog\/championnat-du-monde-de-cyclisme-2025-laustralie-prive-la-france-dun-sacre-sur-le-relais-mixte\/","name":"Championnat du monde de cyclisme 2025 : L'Australie prive la France d'un sacre sur le relais mixte","isPartOf":{"@id":"https:\/\/dicodusport.fr\/blog\/#website"},"primaryImageOfPage":{"@id":"https:\/\/dicodusport.fr\/blog\/championnat-du-monde-de-cyclisme-2025-laustralie-prive-la-france-dun-sacre-sur-le-relais-mixte\/#primaryimage"},"image":{"@id":"https:\/\/dicodusport.fr\/blog\/championnat-du-monde-de-cyclisme-2025-laustralie-prive-la-france-dun-sacre-sur-le-relais-mixte\/#primaryimage"},"thumbnailUrl":"https:\/\/dicodusport.fr\/blog\/wp-content\/uploads\/2025\/09\/Championnat-du-monde-de-cyclisme-2025-LAustralie-prive-la-France-dun-sacre-sur-le-relais-mixte-1.png","datePublished":"2025-09-24T14:49:42+00:00","dateModified":"2025-09-24T17:18:32+00:00","description":"CHAMPIONNATS DU MONDE DE CYCLISME 2025\u00a0 - La France prend la 2\u00e8me place du relais mixte seulement battue par l'Australie.","breadcrumb":{"@id":"https:\/\/dicodusport.fr\/blog\/championnat-du-monde-de-cyclisme-2025-laustralie-prive-la-france-dun-sacre-sur-le-relais-mixte\/#breadcrumb"},"inLanguage":"fr-FR","potentialAction":[{"@type":"ReadAction","target":["https:\/\/dicodusport.fr\/blog\/championnat-du-monde-de-cyclisme-2025-laustralie-prive-la-france-dun-sacre-sur-le-relais-mixte\/"]}]},{"@type":"ImageObject","inLanguage":"fr-FR","@id":"https:\/\/dicodusport.fr\/blog\/championnat-du-monde-de-cyclisme-2025-laustralie-prive-la-france-dun-sacre-sur-le-relais-mixte\/#primaryimage","url":"https:\/\/dicodusport.fr\/blog\/wp-content\/uploads\/2025\/09\/Championnat-du-monde-de-cyclisme-2025-LAustralie-prive-la-France-dun-sacre-sur-le-relais-mixte-1.png","contentUrl":"https:\/\/dicodusport.fr\/blog\/wp-content\/uploads\/2025\/09\/Championnat-du-monde-de-cyclisme-2025-LAustralie-prive-la-France-dun-sacre-sur-le-relais-mixte-1.png","width":1200,"height":674,"caption":"Championnat du monde de cyclisme 2025 L'Australie prive la France d'un sacre sur le relais mixte"},{"@type":"BreadcrumbList","@id":"https:\/\/dicodusport.fr\/blog\/championnat-du-monde-de-cyclisme-2025-laustralie-prive-la-france-dun-sacre-sur-le-relais-mixte\/#breadcrumb","itemListElement":[{"@type":"ListItem","position":1,"name":"Accueil","item":"https:\/\/dicodusport.fr\/blog\/"},{"@type":"ListItem","position":2,"name":"Championnat du monde de cyclisme 2025 : L&rsquo;Australie prive la France d&rsquo;un sacre sur le relais mixte"}]},{"@type":"WebSite","@id":"https:\/\/dicodusport.fr\/blog\/#website","url":"https:\/\/dicodusport.fr\/blog\/","name":"Dicodusport","description":"L&#039;encyclop\u00e9die de l&#039;actualit\u00e9 sportive","publisher":{"@id":"https:\/\/dicodusport.fr\/blog\/#organization"},"potentialAction":[{"@type":"SearchAction","target":{"@type":"EntryPoint","urlTemplate":"https:\/\/dicodusport.fr\/blog\/?s={search_term_string}"},"query-input":{"@type":"PropertyValueSpecification","valueRequired":true,"valueName":"search_term_string"}}],"inLanguage":"fr-FR"},{"@type":"NewsMediaOrganization","@id":"https:\/\/dicodusport.fr\/blog\/#organization","name":"Dicodusport","url":"https:\/\/dicodusport.fr\/blog\/","logo":{"@type":"ImageObject","inLanguage":"fr-FR","@id":"https:\/\/dicodusport.fr\/blog\/#\/schema\/logo\/image\/","url":"https:\/\/dicodusport.fr\/blog\/wp-content\/uploads\/2020\/06\/cropped-LOGO-DICODUSPORT-2020-SANS-FOND-SANS-TEXTE.png","contentUrl":"https:\/\/dicodusport.fr\/blog\/wp-content\/uploads\/2020\/06\/cropped-LOGO-DICODUSPORT-2020-SANS-FOND-SANS-TEXTE.png","width":512,"height":512,"caption":"Dicodusport"},"image":{"@id":"https:\/\/dicodusport.fr\/blog\/#\/schema\/logo\/image\/"},"sameAs":["https:\/\/www.facebook.com\/dicodusport","https:\/\/x.com\/dicodusport","https:\/\/www.instagram.com\/dicodusport\/","https:\/\/www.youtube.com\/channel\/UC7V2KZ5sd3htJivAbA4ZG3w"],"description":"Dicodusport est l'encyclop\u00e9die de l'actualit\u00e9 sportive.","email":"bonjour@dicodusport.fr","legalName":"DICODUSPORT","foundingDate":"2018-01-14","vatID":"FR71834470973","taxID":"83447097300043","numberOfEmployees":{"@type":"QuantitativeValue","minValue":"1","maxValue":"10"}},{"@type":"Person","@id":"https:\/\/dicodusport.fr\/blog\/#\/schema\/person\/d603dd7da31fb2b46c82b9835a77ec13","name":"Etienne Goursaud","image":{"@type":"ImageObject","inLanguage":"fr-FR","@id":"https:\/\/dicodusport.fr\/blog\/#\/schema\/person\/image\/","url":"https:\/\/dicodusport.fr\/blog\/wp-content\/uploads\/2023\/12\/410122264_10231602061736049_5565839791558026645_n-150x150.jpg","contentUrl":"https:\/\/dicodusport.fr\/blog\/wp-content\/uploads\/2023\/12\/410122264_10231602061736049_5565839791558026645_n-150x150.jpg","caption":"Etienne Goursaud"},"description":"Journaliste et amoureux de sport. Ancien footballeur reconverti athl\u00e8te quand ses muscles le laissent tranquille. \u00c9lev\u00e9 \u00e0 la sauce des exploits de Thomas Voeckler en 2004, du dernier essai de l\u00e9gende de Eunice Barber \u00e0 la longueur lors des championnats du monde d'athl\u00e9tisme de 2003 mais aussi Zidane, Omeyer et Titou Lamaison.","url":"https:\/\/dicodusport.fr\/blog\/author\/etienne-goursaud\/"}]}},"_links":{"self":[{"href":"https:\/\/dicodusport.fr\/blog\/wp-json\/wp\/v2\/posts\/613916","targetHints":{"allow":["GET"]}}],"collection":[{"href":"https:\/\/dicodusport.fr\/blog\/wp-json\/wp\/v2\/posts"}],"about":[{"href":"https:\/\/dicodusport.fr\/blog\/wp-json\/wp\/v2\/types\/post"}],"author":[{"embeddable":true,"href":"https:\/\/dicodusport.fr\/blog\/wp-json\/wp\/v2\/users\/83"}],"replies":[{"embeddable":true,"href":"https:\/\/dicodusport.fr\/blog\/wp-json\/wp\/v2\/comments?post=613916"}],"version-history":[{"count":4,"href":"https:\/\/dicodusport.fr\/blog\/wp-json\/wp\/v2\/posts\/613916\/revisions"}],"predecessor-version":[{"id":613951,"href":"https:\/\/dicodusport.fr\/blog\/wp-json\/wp\/v2\/posts\/613916\/revisions\/613951"}],"wp:featuredmedia":[{"embeddable":true,"href":"https:\/\/dicodusport.fr\/blog\/wp-json\/wp\/v2\/media\/613992"}],"wp:attachment":[{"href":"https:\/\/dicodusport.fr\/blog\/wp-json\/wp\/v2\/media?parent=613916"}],"wp:term":[{"taxonomy":"category","embeddable":true,"href":"https:\/\/dicodusport.fr\/blog\/wp-json\/wp\/v2\/categories?post=613916"},{"taxonomy":"post_tag","embeddable":true,"href":"https:\/\/dicodusport.fr\/blog\/wp-json\/wp\/v2\/tags?post=613916"}],"curies":[{"name":"wp","href":"https:\/\/api.w.org\/{rel}","templated":true}]}}