{"id":613945,"date":"2025-09-24T18:44:23","date_gmt":"2025-09-24T16:44:23","guid":{"rendered":"https:\/\/dicodusport.fr\/blog\/?p=613945&#038;preview=true&#038;preview_id=613945"},"modified":"2025-09-24T18:46:05","modified_gmt":"2025-09-24T16:46:05","slug":"une-course-en-ligne-u23-feminine-aux-mondiaux-de-kigali-pour-soutenir-le-developpement-du-cyclisme-feminin","status":"publish","type":"post","link":"https:\/\/dicodusport.fr\/blog\/une-course-en-ligne-u23-feminine-aux-mondiaux-de-kigali-pour-soutenir-le-developpement-du-cyclisme-feminin\/","title":{"rendered":"Une course en ligne U23 f\u00e9minine aux Mondiaux de Kigali, pour soutenir le d\u00e9veloppement du cyclisme f\u00e9minin"},"content":{"rendered":"<p style=\"text-align: justify;\"><strong><em>CHAMPIONNATS DU MONDE DE CYCLISME 2025 &#8211; Pour la premi\u00e8re fois, la course en ligne U23 femmes sera ind\u00e9pendante de la course \u00e9lite. Un changement dans le but de continuer \u00e0 d\u00e9velopper le cyclisme f\u00e9minin.<\/em><\/strong><\/p>\n<p style=\"text-align: justify;\">C&rsquo;est une grande premi\u00e8re dans l&rsquo;histoire des championnats du monde. Ce jeudi, les Mondiaux ouvrent leurs portes \u00e0 la cat\u00e9gorie U23 chez les femmes. Auparavant, les Espoirs concourraient avec les s\u00e9niors. S&rsquo;il y avait un titre U23 d\u00e9cern\u00e9 depuis 2022 et la cr\u00e9ation de la cat\u00e9gorie, le sc\u00e9nario de course pouvait \u00eatre influ\u00e9 par le sc\u00e9nario de course des \u00c9lites.<\/p>\n<ul style=\"text-align: justify;\">\n<li><strong>\u00c0 ce sujet \u2013\u00a0<a href=\"https:\/\/dicodusport.fr\/blog\/programme-et-resultats-des-championnats-du-monde-de-cyclisme-sur-route-2025-au-rwanda\/\">Programme et r\u00e9sultats des Championnats du monde de cyclisme sur route 2025 au Rwanda<\/a><\/strong><\/li>\n<\/ul>\n<p style=\"text-align: justify;\">Ce ne sera plus le cas et elles auront d\u00e9sormais tout le poids et le destin dans la course. <a href=\"https:\/\/dicodusport.fr\/blog\/mondiaux-cyclisme-2024-lotte-kopecky-conserve-son-titre-sur-la-course-en-ligne\/\">L&rsquo;an pass\u00e9<\/a>, le titre s&rsquo;est jou\u00e9 entre <strong>Puck Pieterse, Neve Bradbury et Antonia Niedermaier.<\/strong> La N\u00e9erlandaise dominant les autres, mais au sein d&rsquo;un groupe de 10. Que se serait-il pass\u00e9 si elles \u00e9taient arriv\u00e9es \u00e0 trois ? Que se serait-il pass\u00e9 si <strong>Puck Pieterse<\/strong> n&rsquo;avait pas \u00e9t\u00e9 utilis\u00e9e dans la strat\u00e9gie des Pays-Bas de tenter de faire gagner <strong>Demi Vollering<\/strong> ? Avant de ne plus rouler.<\/p>\n<p style=\"text-align: justify;\">Alors que chez les hommes, on essaie d&rsquo;encadrer cette cat\u00e9gorie, en interdisant sur la ligne de d\u00e9part les coureurs appartenant \u00e0 une \u00e9quipe World Tour, l&rsquo;UCI veut d\u00e9velopper les cat\u00e9gories jeunes chez les femmes. Si le cyclisme f\u00e9minin est en expansion, l&rsquo;\u00e9cart de d\u00e9veloppement avec le cyclisme masculin demeure important.<\/p>\n<h2 style=\"text-align: justify;\">Une cr\u00e9ation de course qui suit une logique r\u00e9cente<\/h2>\n<p style=\"text-align: justify;\">La cr\u00e9ation de la cat\u00e9gorie U23, en 2022, par l&rsquo;UCI a amen\u00e9 une vague de nouveaut\u00e9 dans le cyclisme f\u00e9minin. Une premi\u00e8re dans un championnat du monde, c&rsquo;est une suite logique \u00e0 la cr\u00e9ation r\u00e9cente de courses pour cette cat\u00e9gorie d&rsquo;\u00e2ge. En premier lieu le Tour de l&rsquo;Avenir. La plus grande course \u00e0 \u00e9tapes du monde, celle qui fait fr\u00e9mir la jeunesse et les directeurs sportifs de formations en qu\u00eate de p\u00e9pites. Elle s&rsquo;exporte d\u00e9sormais au f\u00e9minin depuis 2023. Avec pour palmar\u00e8s <strong>Shirin van Anrooij<\/strong> (2023), <a href=\"https:\/\/dicodusport.fr\/blog\/marion-bunel-remporte-le-tour-de-lavenir-feminin-2024\/\"><strong>Marion Bunel<\/strong><\/a> (2024) et <a href=\"https:\/\/dicodusport.fr\/blog\/tour-de-lavenir-femmes-2025-isabella-holmgren-pulverise-le-dernier-chrono-et-remporte-le-general\/\"><strong>Isabella Holmgren<\/strong><\/a> cette ann\u00e9e. Trois coureuses promises \u00e0 un tr\u00e8s grand avenir et qui ont d\u00e9j\u00e0 eu des r\u00e9sultats chez les grandes. On y a \u00e9galement vu <strong>C\u00e9lia Gery<\/strong> briller cette ann\u00e9e (trois victoires d&rsquo;\u00e9tape).<\/p>\n<div class=\"vlp-link-container vlp-layout-article\"><a href=\"https:\/\/dicodusport.fr\/blog\/tour-de-lavenir-femmes-2025-isabella-holmgren-pulverise-le-dernier-chrono-et-remporte-le-general\/\" class=\"vlp-link\" title=\"Tour de l&#039;Avenir Femmes 2025 : Isabella Holmgren pulv\u00e9rise le dernier chrono et remporte le g\u00e9n\u00e9ral !\"><\/a><div class=\"vlp-layout-zone-side\"><div class=\"vlp-block-4 vlp-link-image\"><img loading=\"lazy\" decoding=\"async\" style=\"max-width: 792px;\" width=\"792\" height=\"445\" src=\"https:\/\/dicodusport.fr\/blog\/wp-content\/uploads\/2025\/08\/Tour-de-lAvenir-Femmes-2025-Isabelle-Holmgren-remporte-letape-5A-et-frustre-Marion-Bunel.png\" class=\"attachment-800x445 size-800x445\" alt=\"Tour de l&#039;Avenir Femmes 2025 Isabella Holmgren pulv\u00e9rise le dernier chrono et remporte le g\u00e9n\u00e9ral\" srcset=\"https:\/\/dicodusport.fr\/blog\/wp-content\/uploads\/2025\/08\/Tour-de-lAvenir-Femmes-2025-Isabelle-Holmgren-remporte-letape-5A-et-frustre-Marion-Bunel.png 1200w, https:\/\/dicodusport.fr\/blog\/wp-content\/uploads\/2025\/08\/Tour-de-lAvenir-Femmes-2025-Isabelle-Holmgren-remporte-letape-5A-et-frustre-Marion-Bunel-300x169.png 300w, https:\/\/dicodusport.fr\/blog\/wp-content\/uploads\/2025\/08\/Tour-de-lAvenir-Femmes-2025-Isabelle-Holmgren-remporte-letape-5A-et-frustre-Marion-Bunel-1024x575.png 1024w, https:\/\/dicodusport.fr\/blog\/wp-content\/uploads\/2025\/08\/Tour-de-lAvenir-Femmes-2025-Isabelle-Holmgren-remporte-letape-5A-et-frustre-Marion-Bunel-768x431.png 768w\" sizes=\"auto, (max-width: 792px) 100vw, 792px\" \/><\/div><\/div><div class=\"vlp-layout-zone-main\"><div class=\"vlp-block-0 vlp-link-title\">Tour de l'Avenir Femmes 2025 : Isabella Holmgren pulv\u00e9rise le dernier chrono et remporte le g\u00e9n\u00e9ral !<\/div><div class=\"vlp-block-1 vlp-link-summary\">TOUR DE L'AVENIR FEMMES 2025 - Il n'y a pas eu de suspense sur le contre-la-montre ce vendredi, avec la d\u00e9monstration de la leader Isabella Holmgren. La Canadienne inflige une correction \u00e0 Marion Bunel (3\u00e8me), repouss\u00e9e \u00e0 1:10 en 10 km d'ascension, sur les pentes de la Rosi\u00e8re, et remporte le classement g\u00e9n\u00e9ral.<\/div><div class=\"vlp-block-2 vlp-link-button\">Lire l'article<\/div><div class=\"vlp-block-3 vlp-link-url\">dicodusport.fr<\/div><\/div><\/div>\n<p style=\"text-align: justify;\">Mais les \u00e9carts, au sein de cette cat\u00e9gorie, sont \u00e9normes. Le <a href=\"https:\/\/dicodusport.fr\/blog\/championnats-du-monde-de-cyclisme-2025-zoe-backstedt-rafle-le-maillot-arc-en-ciel-sur-le-contre-la-montre-u23\/\">contre-la-montre U23<\/a> l&rsquo;illustre encore. Seules huit femmes ont termin\u00e9 \u00e0 moins de trois minutes de <strong>Zoe B\u00e4ckstedt<\/strong>. Sur un effort de 30:56 pour la Britannique. Elles ne sont que 21 sous les cinq minutes. Chez les hommes, sur un effort plus long (38:24), ils sont quinze sous les trois minutes et 28 sous les cinq minutes. Ouvrir une course U23 en ligne, c&rsquo;est aussi ouvrir la possibilit\u00e9 \u00e0 plus de coureuses de se confronter aux meilleures. Il y aura des disparit\u00e9s de niveau, c&rsquo;est ind\u00e9niable. Mais c&rsquo;est aussi ce qui va faire progresser le cyclisme f\u00e9minin dans sa globalit\u00e9. \u00c0 commencer chez les jeunes.<\/p>\n<h2 style=\"text-align: justify;\">La part des femmes reste encore faible dans le cyclisme<\/h2>\n<p style=\"text-align: justify;\">Mine de rien, si le Tour de France femmes a trouv\u00e9 son public, que ce soit sur le bord des routes ou en audience t\u00e9l\u00e9, il y a encore beaucoup de travail pour continuer de d\u00e9velopper le cyclisme f\u00e9minin. Si on revient \u00e0 l&rsquo;\u00e9chelle fran\u00e7aise, un des pays fers de lance du cyclisme f\u00e9minin, seul 12.6 % des licenci\u00e9s sont des femmes en France. En progr\u00e8s de 1.9 points en six ans, mais la proportion reste tr\u00e8s faible, par rapport \u00e0 d&rsquo;autres sports. M\u00eame si elle devance un sport comme le football (10,5 %). Surtout, on est loin de la moyenne nationale en France (38 %). Les femmes repr\u00e9sentent seulement 8,13% des licences comp\u00e9tition (<a href=\"https:\/\/velo.ffc.fr\/journee-droits-femmes-ffc-sur-bonne-voie\/\">source FFC)<\/a>. Au niveau mondial, ce chiffre serait m\u00eame inf\u00e9rieur \u00e0 5 % en 2017.<\/p>\n<p style=\"text-align: justify;\">En attendant un impact sur le d\u00e9veloppement du cyclisme f\u00e9minin, les meilleures U23 ont rendez-vous ce jeudi, pour en d\u00e9coudre sur les routes de Kigali. Avec un sc\u00e9nario de course qui serra cette fois-ci propre aux coureurs. Et des strat\u00e9gies qui ne seront pas les m\u00eames.<\/p>\n<h3 style=\"text-align: justify;\">\u00c0 lire aussi<\/h3>\n<div class=\"vlp-link-container vlp-layout-article\"><a href=\"https:\/\/dicodusport.fr\/blog\/championnat-du-monde-de-cyclisme-2025-laustralie-prive-la-france-dun-sacre-sur-le-relais-mixte\/\" class=\"vlp-link\" title=\"Championnat du monde de cyclisme 2025 : L&#039;Australie prive la France d&#039;un sacre sur le relais mixte\"><\/a><div class=\"vlp-layout-zone-side\"><div class=\"vlp-block-4 vlp-link-image\"><img loading=\"lazy\" decoding=\"async\" style=\"max-width: 792px;\" width=\"792\" height=\"445\" src=\"https:\/\/dicodusport.fr\/blog\/wp-content\/uploads\/2025\/09\/Championnat-du-monde-de-cyclisme-2025-LAustralie-prive-la-France-dun-sacre-sur-le-relais-mixte.png\" class=\"attachment-800x445 size-800x445\" alt=\"Championnat du monde de cyclisme 2025 L&#039;Australie prive la France d&#039;un sacre sur le relais mixte\" srcset=\"https:\/\/dicodusport.fr\/blog\/wp-content\/uploads\/2025\/09\/Championnat-du-monde-de-cyclisme-2025-LAustralie-prive-la-France-dun-sacre-sur-le-relais-mixte.png 1200w, https:\/\/dicodusport.fr\/blog\/wp-content\/uploads\/2025\/09\/Championnat-du-monde-de-cyclisme-2025-LAustralie-prive-la-France-dun-sacre-sur-le-relais-mixte-300x169.png 300w, https:\/\/dicodusport.fr\/blog\/wp-content\/uploads\/2025\/09\/Championnat-du-monde-de-cyclisme-2025-LAustralie-prive-la-France-dun-sacre-sur-le-relais-mixte-1024x575.png 1024w, https:\/\/dicodusport.fr\/blog\/wp-content\/uploads\/2025\/09\/Championnat-du-monde-de-cyclisme-2025-LAustralie-prive-la-France-dun-sacre-sur-le-relais-mixte-768x431.png 768w\" sizes=\"auto, (max-width: 792px) 100vw, 792px\" \/><\/div><\/div><div class=\"vlp-layout-zone-main\"><div class=\"vlp-block-0 vlp-link-title\">Championnat du monde de cyclisme 2025 : L'Australie prive la France d'un sacre sur le relais mixte<\/div><div class=\"vlp-block-1 vlp-link-summary\">CHAMPIONNATS DU MONDE DE CYCLISME 2025\u00a0 &#8211; La France prend la 2\u00e8me place du relais mixte, seulement battue par l&rsquo;Australie. <\/div><div class=\"vlp-block-2 vlp-link-button\">Lire l'article<\/div><div class=\"vlp-block-3 vlp-link-url\">dicodusport.fr<\/div><\/div><\/div>\n","protected":false},"excerpt":{"rendered":"<p>CHAMPIONNATS DU MONDE DE CYCLISME 2025 &#8211; Pour la premi\u00e8re fois, la course en ligne U23 femmes sera ind\u00e9pendante de la course \u00e9lite. Un changement dans le but de continuer \u00e0 d\u00e9velopper le cyclisme f\u00e9minin.<\/p>\n","protected":false},"author":83,"featured_media":613981,"comment_status":"open","ping_status":"closed","sticky":false,"template":"","format":"standard","meta":{"_acf_changed":false,"_daextam_enable_autolinks":"1","footnotes":""},"categories":[46994],"tags":[16878,10812],"class_list":["post-613945","post","type-post","status-publish","format-standard","has-post-thumbnail","hentry","category-cyclisme-sur-route","tag-breve","tag-championnats-du-monde-de-cyclisme"],"acf":[],"yoast_head":"<!-- This site is optimized with the Yoast SEO Premium plugin v26.7 (Yoast SEO v26.7) - https:\/\/yoast.com\/wordpress\/plugins\/seo\/ -->\n<title>Une course en ligne U23 f\u00e9minine aux Mondiaux de Kigali, pour soutenir le d\u00e9veloppement du cyclisme f\u00e9minin<\/title>\n<meta name=\"description\" content=\"CHAMPIONNATS DU MONDE DE CYCLISME 2025 - Pour la premi\u00e8re fois, la course en ligne U23 femmes sera ind\u00e9pendante de la course \u00e9lite.\" \/>\n<meta name=\"robots\" content=\"index, follow, max-snippet:-1, max-image-preview:large, max-video-preview:-1\" \/>\n<link rel=\"canonical\" href=\"https:\/\/dicodusport.fr\/blog\/une-course-en-ligne-u23-feminine-aux-mondiaux-de-kigali-pour-soutenir-le-developpement-du-cyclisme-feminin\/\" \/>\n<meta property=\"og:locale\" content=\"fr_FR\" \/>\n<meta property=\"og:type\" content=\"article\" \/>\n<meta property=\"og:title\" content=\"Une course en ligne U23 f\u00e9minine aux Mondiaux de Kigali, pour soutenir le d\u00e9veloppement du cyclisme f\u00e9minin\" \/>\n<meta property=\"og:description\" content=\"CHAMPIONNATS DU MONDE DE CYCLISME 2025 - Pour la premi\u00e8re fois, la course en ligne U23 femmes sera ind\u00e9pendante de la course \u00e9lite.\" \/>\n<meta property=\"og:url\" content=\"https:\/\/dicodusport.fr\/blog\/une-course-en-ligne-u23-feminine-aux-mondiaux-de-kigali-pour-soutenir-le-developpement-du-cyclisme-feminin\/\" \/>\n<meta property=\"og:site_name\" content=\"Dicodusport\" \/>\n<meta property=\"article:publisher\" content=\"https:\/\/www.facebook.com\/dicodusport\" \/>\n<meta property=\"article:published_time\" content=\"2025-09-24T16:44:23+00:00\" \/>\n<meta property=\"article:modified_time\" content=\"2025-09-24T16:46:05+00:00\" \/>\n<meta property=\"og:image\" content=\"https:\/\/dicodusport.fr\/blog\/wp-content\/uploads\/2025\/09\/Une-course-en-ligne-U23-feminine-aux-Mondiaux-de-Kigali-pour-soutenir-le-developpement-du-cyclisme-feminin.png\" \/>\n\t<meta property=\"og:image:width\" content=\"1200\" \/>\n\t<meta property=\"og:image:height\" content=\"674\" \/>\n\t<meta property=\"og:image:type\" content=\"image\/png\" \/>\n<meta name=\"author\" content=\"Etienne Goursaud\" \/>\n<meta name=\"twitter:card\" content=\"summary_large_image\" \/>\n<meta name=\"twitter:title\" content=\"Une course en ligne U23 f\u00e9minine aux Mondiaux de Kigali, pour soutenir le d\u00e9veloppement du cyclisme f\u00e9minin\" \/>\n<meta name=\"twitter:creator\" content=\"@dicodusport\" \/>\n<meta name=\"twitter:site\" content=\"@dicodusport\" \/>\n<script type=\"application\/ld+json\" class=\"yoast-schema-graph\">{\"@context\":\"https:\/\/schema.org\",\"@graph\":[{\"@type\":\"NewsArticle\",\"@id\":\"https:\/\/dicodusport.fr\/blog\/une-course-en-ligne-u23-feminine-aux-mondiaux-de-kigali-pour-soutenir-le-developpement-du-cyclisme-feminin\/#article\",\"isPartOf\":{\"@id\":\"https:\/\/dicodusport.fr\/blog\/une-course-en-ligne-u23-feminine-aux-mondiaux-de-kigali-pour-soutenir-le-developpement-du-cyclisme-feminin\/\"},\"author\":{\"name\":\"Etienne Goursaud\",\"@id\":\"https:\/\/dicodusport.fr\/blog\/#\/schema\/person\/d603dd7da31fb2b46c82b9835a77ec13\"},\"headline\":\"Une course en ligne U23 f\u00e9minine aux Mondiaux de Kigali, pour soutenir le d\u00e9veloppement du cyclisme f\u00e9minin\",\"datePublished\":\"2025-09-24T16:44:23+00:00\",\"dateModified\":\"2025-09-24T16:46:05+00:00\",\"mainEntityOfPage\":{\"@id\":\"https:\/\/dicodusport.fr\/blog\/une-course-en-ligne-u23-feminine-aux-mondiaux-de-kigali-pour-soutenir-le-developpement-du-cyclisme-feminin\/\"},\"wordCount\":977,\"commentCount\":0,\"publisher\":{\"@id\":\"https:\/\/dicodusport.fr\/blog\/#organization\"},\"image\":{\"@id\":\"https:\/\/dicodusport.fr\/blog\/une-course-en-ligne-u23-feminine-aux-mondiaux-de-kigali-pour-soutenir-le-developpement-du-cyclisme-feminin\/#primaryimage\"},\"thumbnailUrl\":\"https:\/\/dicodusport.fr\/blog\/wp-content\/uploads\/2025\/09\/Une-course-en-ligne-U23-feminine-aux-Mondiaux-de-Kigali-pour-soutenir-le-developpement-du-cyclisme-feminin.png\",\"keywords\":[\"br\u00e8ve\",\"Championnats du monde de cyclisme\"],\"articleSection\":[\"Cyclisme sur route\"],\"inLanguage\":\"fr-FR\",\"potentialAction\":[{\"@type\":\"CommentAction\",\"name\":\"Comment\",\"target\":[\"https:\/\/dicodusport.fr\/blog\/une-course-en-ligne-u23-feminine-aux-mondiaux-de-kigali-pour-soutenir-le-developpement-du-cyclisme-feminin\/#respond\"]}],\"copyrightYear\":\"2025\",\"copyrightHolder\":{\"@id\":\"https:\/\/dicodusport.fr\/blog\/#organization\"}},{\"@type\":\"WebPage\",\"@id\":\"https:\/\/dicodusport.fr\/blog\/une-course-en-ligne-u23-feminine-aux-mondiaux-de-kigali-pour-soutenir-le-developpement-du-cyclisme-feminin\/\",\"url\":\"https:\/\/dicodusport.fr\/blog\/une-course-en-ligne-u23-feminine-aux-mondiaux-de-kigali-pour-soutenir-le-developpement-du-cyclisme-feminin\/\",\"name\":\"Une course en ligne U23 f\u00e9minine aux Mondiaux de Kigali, pour soutenir le d\u00e9veloppement du cyclisme f\u00e9minin\",\"isPartOf\":{\"@id\":\"https:\/\/dicodusport.fr\/blog\/#website\"},\"primaryImageOfPage\":{\"@id\":\"https:\/\/dicodusport.fr\/blog\/une-course-en-ligne-u23-feminine-aux-mondiaux-de-kigali-pour-soutenir-le-developpement-du-cyclisme-feminin\/#primaryimage\"},\"image\":{\"@id\":\"https:\/\/dicodusport.fr\/blog\/une-course-en-ligne-u23-feminine-aux-mondiaux-de-kigali-pour-soutenir-le-developpement-du-cyclisme-feminin\/#primaryimage\"},\"thumbnailUrl\":\"https:\/\/dicodusport.fr\/blog\/wp-content\/uploads\/2025\/09\/Une-course-en-ligne-U23-feminine-aux-Mondiaux-de-Kigali-pour-soutenir-le-developpement-du-cyclisme-feminin.png\",\"datePublished\":\"2025-09-24T16:44:23+00:00\",\"dateModified\":\"2025-09-24T16:46:05+00:00\",\"description\":\"CHAMPIONNATS DU MONDE DE CYCLISME 2025 - Pour la premi\u00e8re fois, la course en ligne U23 femmes sera ind\u00e9pendante de la course \u00e9lite.\",\"breadcrumb\":{\"@id\":\"https:\/\/dicodusport.fr\/blog\/une-course-en-ligne-u23-feminine-aux-mondiaux-de-kigali-pour-soutenir-le-developpement-du-cyclisme-feminin\/#breadcrumb\"},\"inLanguage\":\"fr-FR\",\"potentialAction\":[{\"@type\":\"ReadAction\",\"target\":[\"https:\/\/dicodusport.fr\/blog\/une-course-en-ligne-u23-feminine-aux-mondiaux-de-kigali-pour-soutenir-le-developpement-du-cyclisme-feminin\/\"]}]},{\"@type\":\"ImageObject\",\"inLanguage\":\"fr-FR\",\"@id\":\"https:\/\/dicodusport.fr\/blog\/une-course-en-ligne-u23-feminine-aux-mondiaux-de-kigali-pour-soutenir-le-developpement-du-cyclisme-feminin\/#primaryimage\",\"url\":\"https:\/\/dicodusport.fr\/blog\/wp-content\/uploads\/2025\/09\/Une-course-en-ligne-U23-feminine-aux-Mondiaux-de-Kigali-pour-soutenir-le-developpement-du-cyclisme-feminin.png\",\"contentUrl\":\"https:\/\/dicodusport.fr\/blog\/wp-content\/uploads\/2025\/09\/Une-course-en-ligne-U23-feminine-aux-Mondiaux-de-Kigali-pour-soutenir-le-developpement-du-cyclisme-feminin.png\",\"width\":1200,\"height\":674,\"caption\":\"Une course en ligne U23 f\u00e9minine aux Mondiaux de Kigali, pour soutenir le d\u00e9veloppement du cyclisme f\u00e9minin\"},{\"@type\":\"BreadcrumbList\",\"@id\":\"https:\/\/dicodusport.fr\/blog\/une-course-en-ligne-u23-feminine-aux-mondiaux-de-kigali-pour-soutenir-le-developpement-du-cyclisme-feminin\/#breadcrumb\",\"itemListElement\":[{\"@type\":\"ListItem\",\"position\":1,\"name\":\"Accueil\",\"item\":\"https:\/\/dicodusport.fr\/blog\/\"},{\"@type\":\"ListItem\",\"position\":2,\"name\":\"Une course en ligne U23 f\u00e9minine aux Mondiaux de Kigali, pour soutenir le d\u00e9veloppement du cyclisme f\u00e9minin\"}]},{\"@type\":\"WebSite\",\"@id\":\"https:\/\/dicodusport.fr\/blog\/#website\",\"url\":\"https:\/\/dicodusport.fr\/blog\/\",\"name\":\"Dicodusport\",\"description\":\"L&#039;encyclop\u00e9die de l&#039;actualit\u00e9 sportive\",\"publisher\":{\"@id\":\"https:\/\/dicodusport.fr\/blog\/#organization\"},\"potentialAction\":[{\"@type\":\"SearchAction\",\"target\":{\"@type\":\"EntryPoint\",\"urlTemplate\":\"https:\/\/dicodusport.fr\/blog\/?s={search_term_string}\"},\"query-input\":{\"@type\":\"PropertyValueSpecification\",\"valueRequired\":true,\"valueName\":\"search_term_string\"}}],\"inLanguage\":\"fr-FR\"},{\"@type\":\"NewsMediaOrganization\",\"@id\":\"https:\/\/dicodusport.fr\/blog\/#organization\",\"name\":\"Dicodusport\",\"url\":\"https:\/\/dicodusport.fr\/blog\/\",\"logo\":{\"@type\":\"ImageObject\",\"inLanguage\":\"fr-FR\",\"@id\":\"https:\/\/dicodusport.fr\/blog\/#\/schema\/logo\/image\/\",\"url\":\"https:\/\/dicodusport.fr\/blog\/wp-content\/uploads\/2020\/06\/cropped-LOGO-DICODUSPORT-2020-SANS-FOND-SANS-TEXTE.png\",\"contentUrl\":\"https:\/\/dicodusport.fr\/blog\/wp-content\/uploads\/2020\/06\/cropped-LOGO-DICODUSPORT-2020-SANS-FOND-SANS-TEXTE.png\",\"width\":512,\"height\":512,\"caption\":\"Dicodusport\"},\"image\":{\"@id\":\"https:\/\/dicodusport.fr\/blog\/#\/schema\/logo\/image\/\"},\"sameAs\":[\"https:\/\/www.facebook.com\/dicodusport\",\"https:\/\/x.com\/dicodusport\",\"https:\/\/www.instagram.com\/dicodusport\/\",\"https:\/\/www.youtube.com\/channel\/UC7V2KZ5sd3htJivAbA4ZG3w\"],\"description\":\"Dicodusport est l'encyclop\u00e9die de l'actualit\u00e9 sportive.\",\"email\":\"bonjour@dicodusport.fr\",\"legalName\":\"DICODUSPORT\",\"foundingDate\":\"2018-01-14\",\"vatID\":\"FR71834470973\",\"taxID\":\"83447097300043\",\"numberOfEmployees\":{\"@type\":\"QuantitativeValue\",\"minValue\":\"1\",\"maxValue\":\"10\"}},{\"@type\":\"Person\",\"@id\":\"https:\/\/dicodusport.fr\/blog\/#\/schema\/person\/d603dd7da31fb2b46c82b9835a77ec13\",\"name\":\"Etienne Goursaud\",\"image\":{\"@type\":\"ImageObject\",\"inLanguage\":\"fr-FR\",\"@id\":\"https:\/\/dicodusport.fr\/blog\/#\/schema\/person\/image\/\",\"url\":\"https:\/\/dicodusport.fr\/blog\/wp-content\/uploads\/2023\/12\/410122264_10231602061736049_5565839791558026645_n-150x150.jpg\",\"contentUrl\":\"https:\/\/dicodusport.fr\/blog\/wp-content\/uploads\/2023\/12\/410122264_10231602061736049_5565839791558026645_n-150x150.jpg\",\"caption\":\"Etienne Goursaud\"},\"description\":\"Journaliste et amoureux de sport. Ancien footballeur reconverti athl\u00e8te quand ses muscles le laissent tranquille. \u00c9lev\u00e9 \u00e0 la sauce des exploits de Thomas Voeckler en 2004, du dernier essai de l\u00e9gende de Eunice Barber \u00e0 la longueur lors des championnats du monde d'athl\u00e9tisme de 2003 mais aussi Zidane, Omeyer et Titou Lamaison.\",\"url\":\"https:\/\/dicodusport.fr\/blog\/author\/etienne-goursaud\/\"}]}<\/script>\n<!-- \/ Yoast SEO Premium plugin. -->","yoast_head_json":{"title":"Une course en ligne U23 f\u00e9minine aux Mondiaux de Kigali, pour soutenir le d\u00e9veloppement du cyclisme f\u00e9minin","description":"CHAMPIONNATS DU MONDE DE CYCLISME 2025 - Pour la premi\u00e8re fois, la course en ligne U23 femmes sera ind\u00e9pendante de la course \u00e9lite.","robots":{"index":"index","follow":"follow","max-snippet":"max-snippet:-1","max-image-preview":"max-image-preview:large","max-video-preview":"max-video-preview:-1"},"canonical":"https:\/\/dicodusport.fr\/blog\/une-course-en-ligne-u23-feminine-aux-mondiaux-de-kigali-pour-soutenir-le-developpement-du-cyclisme-feminin\/","og_locale":"fr_FR","og_type":"article","og_title":"Une course en ligne U23 f\u00e9minine aux Mondiaux de Kigali, pour soutenir le d\u00e9veloppement du cyclisme f\u00e9minin","og_description":"CHAMPIONNATS DU MONDE DE CYCLISME 2025 - Pour la premi\u00e8re fois, la course en ligne U23 femmes sera ind\u00e9pendante de la course \u00e9lite.","og_url":"https:\/\/dicodusport.fr\/blog\/une-course-en-ligne-u23-feminine-aux-mondiaux-de-kigali-pour-soutenir-le-developpement-du-cyclisme-feminin\/","og_site_name":"Dicodusport","article_publisher":"https:\/\/www.facebook.com\/dicodusport","article_published_time":"2025-09-24T16:44:23+00:00","article_modified_time":"2025-09-24T16:46:05+00:00","og_image":[{"width":1200,"height":674,"url":"https:\/\/dicodusport.fr\/blog\/wp-content\/uploads\/2025\/09\/Une-course-en-ligne-U23-feminine-aux-Mondiaux-de-Kigali-pour-soutenir-le-developpement-du-cyclisme-feminin.png","type":"image\/png"}],"author":"Etienne Goursaud","twitter_card":"summary_large_image","twitter_title":"Une course en ligne U23 f\u00e9minine aux Mondiaux de Kigali, pour soutenir le d\u00e9veloppement du cyclisme f\u00e9minin","twitter_creator":"@dicodusport","twitter_site":"@dicodusport","schema":{"@context":"https:\/\/schema.org","@graph":[{"@type":"NewsArticle","@id":"https:\/\/dicodusport.fr\/blog\/une-course-en-ligne-u23-feminine-aux-mondiaux-de-kigali-pour-soutenir-le-developpement-du-cyclisme-feminin\/#article","isPartOf":{"@id":"https:\/\/dicodusport.fr\/blog\/une-course-en-ligne-u23-feminine-aux-mondiaux-de-kigali-pour-soutenir-le-developpement-du-cyclisme-feminin\/"},"author":{"name":"Etienne Goursaud","@id":"https:\/\/dicodusport.fr\/blog\/#\/schema\/person\/d603dd7da31fb2b46c82b9835a77ec13"},"headline":"Une course en ligne U23 f\u00e9minine aux Mondiaux de Kigali, pour soutenir le d\u00e9veloppement du cyclisme f\u00e9minin","datePublished":"2025-09-24T16:44:23+00:00","dateModified":"2025-09-24T16:46:05+00:00","mainEntityOfPage":{"@id":"https:\/\/dicodusport.fr\/blog\/une-course-en-ligne-u23-feminine-aux-mondiaux-de-kigali-pour-soutenir-le-developpement-du-cyclisme-feminin\/"},"wordCount":977,"commentCount":0,"publisher":{"@id":"https:\/\/dicodusport.fr\/blog\/#organization"},"image":{"@id":"https:\/\/dicodusport.fr\/blog\/une-course-en-ligne-u23-feminine-aux-mondiaux-de-kigali-pour-soutenir-le-developpement-du-cyclisme-feminin\/#primaryimage"},"thumbnailUrl":"https:\/\/dicodusport.fr\/blog\/wp-content\/uploads\/2025\/09\/Une-course-en-ligne-U23-feminine-aux-Mondiaux-de-Kigali-pour-soutenir-le-developpement-du-cyclisme-feminin.png","keywords":["br\u00e8ve","Championnats du monde de cyclisme"],"articleSection":["Cyclisme sur route"],"inLanguage":"fr-FR","potentialAction":[{"@type":"CommentAction","name":"Comment","target":["https:\/\/dicodusport.fr\/blog\/une-course-en-ligne-u23-feminine-aux-mondiaux-de-kigali-pour-soutenir-le-developpement-du-cyclisme-feminin\/#respond"]}],"copyrightYear":"2025","copyrightHolder":{"@id":"https:\/\/dicodusport.fr\/blog\/#organization"}},{"@type":"WebPage","@id":"https:\/\/dicodusport.fr\/blog\/une-course-en-ligne-u23-feminine-aux-mondiaux-de-kigali-pour-soutenir-le-developpement-du-cyclisme-feminin\/","url":"https:\/\/dicodusport.fr\/blog\/une-course-en-ligne-u23-feminine-aux-mondiaux-de-kigali-pour-soutenir-le-developpement-du-cyclisme-feminin\/","name":"Une course en ligne U23 f\u00e9minine aux Mondiaux de Kigali, pour soutenir le d\u00e9veloppement du cyclisme f\u00e9minin","isPartOf":{"@id":"https:\/\/dicodusport.fr\/blog\/#website"},"primaryImageOfPage":{"@id":"https:\/\/dicodusport.fr\/blog\/une-course-en-ligne-u23-feminine-aux-mondiaux-de-kigali-pour-soutenir-le-developpement-du-cyclisme-feminin\/#primaryimage"},"image":{"@id":"https:\/\/dicodusport.fr\/blog\/une-course-en-ligne-u23-feminine-aux-mondiaux-de-kigali-pour-soutenir-le-developpement-du-cyclisme-feminin\/#primaryimage"},"thumbnailUrl":"https:\/\/dicodusport.fr\/blog\/wp-content\/uploads\/2025\/09\/Une-course-en-ligne-U23-feminine-aux-Mondiaux-de-Kigali-pour-soutenir-le-developpement-du-cyclisme-feminin.png","datePublished":"2025-09-24T16:44:23+00:00","dateModified":"2025-09-24T16:46:05+00:00","description":"CHAMPIONNATS DU MONDE DE CYCLISME 2025 - Pour la premi\u00e8re fois, la course en ligne U23 femmes sera ind\u00e9pendante de la course \u00e9lite.","breadcrumb":{"@id":"https:\/\/dicodusport.fr\/blog\/une-course-en-ligne-u23-feminine-aux-mondiaux-de-kigali-pour-soutenir-le-developpement-du-cyclisme-feminin\/#breadcrumb"},"inLanguage":"fr-FR","potentialAction":[{"@type":"ReadAction","target":["https:\/\/dicodusport.fr\/blog\/une-course-en-ligne-u23-feminine-aux-mondiaux-de-kigali-pour-soutenir-le-developpement-du-cyclisme-feminin\/"]}]},{"@type":"ImageObject","inLanguage":"fr-FR","@id":"https:\/\/dicodusport.fr\/blog\/une-course-en-ligne-u23-feminine-aux-mondiaux-de-kigali-pour-soutenir-le-developpement-du-cyclisme-feminin\/#primaryimage","url":"https:\/\/dicodusport.fr\/blog\/wp-content\/uploads\/2025\/09\/Une-course-en-ligne-U23-feminine-aux-Mondiaux-de-Kigali-pour-soutenir-le-developpement-du-cyclisme-feminin.png","contentUrl":"https:\/\/dicodusport.fr\/blog\/wp-content\/uploads\/2025\/09\/Une-course-en-ligne-U23-feminine-aux-Mondiaux-de-Kigali-pour-soutenir-le-developpement-du-cyclisme-feminin.png","width":1200,"height":674,"caption":"Une course en ligne U23 f\u00e9minine aux Mondiaux de Kigali, pour soutenir le d\u00e9veloppement du cyclisme f\u00e9minin"},{"@type":"BreadcrumbList","@id":"https:\/\/dicodusport.fr\/blog\/une-course-en-ligne-u23-feminine-aux-mondiaux-de-kigali-pour-soutenir-le-developpement-du-cyclisme-feminin\/#breadcrumb","itemListElement":[{"@type":"ListItem","position":1,"name":"Accueil","item":"https:\/\/dicodusport.fr\/blog\/"},{"@type":"ListItem","position":2,"name":"Une course en ligne U23 f\u00e9minine aux Mondiaux de Kigali, pour soutenir le d\u00e9veloppement du cyclisme f\u00e9minin"}]},{"@type":"WebSite","@id":"https:\/\/dicodusport.fr\/blog\/#website","url":"https:\/\/dicodusport.fr\/blog\/","name":"Dicodusport","description":"L&#039;encyclop\u00e9die de l&#039;actualit\u00e9 sportive","publisher":{"@id":"https:\/\/dicodusport.fr\/blog\/#organization"},"potentialAction":[{"@type":"SearchAction","target":{"@type":"EntryPoint","urlTemplate":"https:\/\/dicodusport.fr\/blog\/?s={search_term_string}"},"query-input":{"@type":"PropertyValueSpecification","valueRequired":true,"valueName":"search_term_string"}}],"inLanguage":"fr-FR"},{"@type":"NewsMediaOrganization","@id":"https:\/\/dicodusport.fr\/blog\/#organization","name":"Dicodusport","url":"https:\/\/dicodusport.fr\/blog\/","logo":{"@type":"ImageObject","inLanguage":"fr-FR","@id":"https:\/\/dicodusport.fr\/blog\/#\/schema\/logo\/image\/","url":"https:\/\/dicodusport.fr\/blog\/wp-content\/uploads\/2020\/06\/cropped-LOGO-DICODUSPORT-2020-SANS-FOND-SANS-TEXTE.png","contentUrl":"https:\/\/dicodusport.fr\/blog\/wp-content\/uploads\/2020\/06\/cropped-LOGO-DICODUSPORT-2020-SANS-FOND-SANS-TEXTE.png","width":512,"height":512,"caption":"Dicodusport"},"image":{"@id":"https:\/\/dicodusport.fr\/blog\/#\/schema\/logo\/image\/"},"sameAs":["https:\/\/www.facebook.com\/dicodusport","https:\/\/x.com\/dicodusport","https:\/\/www.instagram.com\/dicodusport\/","https:\/\/www.youtube.com\/channel\/UC7V2KZ5sd3htJivAbA4ZG3w"],"description":"Dicodusport est l'encyclop\u00e9die de l'actualit\u00e9 sportive.","email":"bonjour@dicodusport.fr","legalName":"DICODUSPORT","foundingDate":"2018-01-14","vatID":"FR71834470973","taxID":"83447097300043","numberOfEmployees":{"@type":"QuantitativeValue","minValue":"1","maxValue":"10"}},{"@type":"Person","@id":"https:\/\/dicodusport.fr\/blog\/#\/schema\/person\/d603dd7da31fb2b46c82b9835a77ec13","name":"Etienne Goursaud","image":{"@type":"ImageObject","inLanguage":"fr-FR","@id":"https:\/\/dicodusport.fr\/blog\/#\/schema\/person\/image\/","url":"https:\/\/dicodusport.fr\/blog\/wp-content\/uploads\/2023\/12\/410122264_10231602061736049_5565839791558026645_n-150x150.jpg","contentUrl":"https:\/\/dicodusport.fr\/blog\/wp-content\/uploads\/2023\/12\/410122264_10231602061736049_5565839791558026645_n-150x150.jpg","caption":"Etienne Goursaud"},"description":"Journaliste et amoureux de sport. Ancien footballeur reconverti athl\u00e8te quand ses muscles le laissent tranquille. \u00c9lev\u00e9 \u00e0 la sauce des exploits de Thomas Voeckler en 2004, du dernier essai de l\u00e9gende de Eunice Barber \u00e0 la longueur lors des championnats du monde d'athl\u00e9tisme de 2003 mais aussi Zidane, Omeyer et Titou Lamaison.","url":"https:\/\/dicodusport.fr\/blog\/author\/etienne-goursaud\/"}]}},"_links":{"self":[{"href":"https:\/\/dicodusport.fr\/blog\/wp-json\/wp\/v2\/posts\/613945","targetHints":{"allow":["GET"]}}],"collection":[{"href":"https:\/\/dicodusport.fr\/blog\/wp-json\/wp\/v2\/posts"}],"about":[{"href":"https:\/\/dicodusport.fr\/blog\/wp-json\/wp\/v2\/types\/post"}],"author":[{"embeddable":true,"href":"https:\/\/dicodusport.fr\/blog\/wp-json\/wp\/v2\/users\/83"}],"replies":[{"embeddable":true,"href":"https:\/\/dicodusport.fr\/blog\/wp-json\/wp\/v2\/comments?post=613945"}],"version-history":[{"count":5,"href":"https:\/\/dicodusport.fr\/blog\/wp-json\/wp\/v2\/posts\/613945\/revisions"}],"predecessor-version":[{"id":613985,"href":"https:\/\/dicodusport.fr\/blog\/wp-json\/wp\/v2\/posts\/613945\/revisions\/613985"}],"wp:featuredmedia":[{"embeddable":true,"href":"https:\/\/dicodusport.fr\/blog\/wp-json\/wp\/v2\/media\/613981"}],"wp:attachment":[{"href":"https:\/\/dicodusport.fr\/blog\/wp-json\/wp\/v2\/media?parent=613945"}],"wp:term":[{"taxonomy":"category","embeddable":true,"href":"https:\/\/dicodusport.fr\/blog\/wp-json\/wp\/v2\/categories?post=613945"},{"taxonomy":"post_tag","embeddable":true,"href":"https:\/\/dicodusport.fr\/blog\/wp-json\/wp\/v2\/tags?post=613945"}],"curies":[{"name":"wp","href":"https:\/\/api.w.org\/{rel}","templated":true}]}}