{"id":61402,"date":"2020-02-27T09:38:57","date_gmt":"2020-02-27T08:38:57","guid":{"rendered":"http:\/\/dicodusport.fr\/blog\/?p=61402&#038;preview=true&#038;preview_id=61402"},"modified":"2020-03-13T10:11:56","modified_gmt":"2020-03-13T09:11:56","slug":"water-polo-tournoi-qualification-olympique-mondial-feminin-suspendu","status":"publish","type":"post","link":"https:\/\/dicodusport.fr\/blog\/water-polo-tournoi-qualification-olympique-mondial-feminin-suspendu\/","title":{"rendered":"Water-polo : le tournoi de qualification olympique mondial f\u00e9minin suspendu"},"content":{"rendered":"<p style=\"text-align: justify;\"><strong><em>Le Tournoi de Qualification Olympique mondial f\u00e9minin qui devait se tenir \u00e0 Trieste a \u00e9t\u00e9 annul\u00e9 en raison du Covid-19. Pour l&rsquo;instant, il est report\u00e9 du 17 au 24 mai, en Italie.<\/em><\/strong><\/p>\n<p style=\"text-align: justify;\">Ce TQO mondial qui doit d\u00e9livrer les <strong>deux derniers tickets<\/strong> pour les Jeux Olympiques devait avoir lieu du <strong>8 au 15 mars<\/strong> en Italie. Mais face \u00e0 la situation actuelle quant \u00e0 la propagation du virus en Italie, la FINA (F\u00e9d\u00e9ration Internationale de Natation) a donc d\u00e9cid\u00e9 de l&rsquo;annuler. Hier, le Comit\u00e9 National Olympique Italien se r\u00e9unissait en pr\u00e9sence du ministre des sports Vincenzo Spadafora et du pr\u00e9sident de la f\u00e9d\u00e9ration italienne Paolo Barelli. Le but ? D\u00e9cider de la tenue ou non de l\u2019\u00e9v\u00e9nement. Le ministre isra\u00e9lien de l&rsquo;int\u00e9rieur avait par ailleurs averti la F\u00e9d\u00e9ration isra\u00e9lienne que si l&rsquo;\u00e9quipe venait \u00e0 jouer ce tournoi \u00e0 Trieste, \u00e0 leur retour, tous les passagers devraient \u00eatre mis en quarantaine 14 jours.<\/p>\n<h2 style=\"text-align: justify;\">Le d\u00e9but du casse-t\u00eate<\/h2>\n<p style=\"text-align: justify;\">La FINA est donc \u00e0 la recherche d&rsquo;un lieu et de nouvelles dates pour organiser ce tournoi mais \u00e7a ne sera pas facile. D&rsquo;un point de vue logistique, synchronisation mais \u00e9galement face \u00e0 l&rsquo;urgence mondiale concernant le virus. Les dix \u00e9quipes qui devaient participer \u00e0 ce tournoi sont donc dans l&rsquo;attente : Italie, Hollande, France, Ouzb\u00e9kistan, Slovaquie (groupe A), Gr\u00e8ce, Hongrie, Isra\u00ebl, Nouvelle-Z\u00e9lande et Kazakhstan (groupe B).<\/p>\n<p style=\"text-align: justify;\">\u00c0 noter que les championnats d&rsquo;Asie 2020 de water-polo f\u00e9minin et masculin n&rsquo;ont pas eu lieu. Ceux-ci devaient d\u00e9terminer le qualifi\u00e9 pour les Jeux Olympiques ainsi que les deux qualifi\u00e9s pour les deux TQO mondiaux. La FINA avait donc d\u00e9cid\u00e9 de se baser sur les r\u00e9sultats des Jeux d&rsquo;Asie 2018 pour attribuer ces places. Le TQO mondial masculin qui doit avoir lieu \u00e0 Rotterdam du 22 au 30 mars est pour l&rsquo;instant confirm\u00e9.<\/p>\n<p><strong><em>Dicodusport<br \/>\n<a href=\"https:\/\/www.facebook.com\/dicodusport\/\" target=\"_blank\" rel=\"noopener noreferrer\"><img loading=\"lazy\" decoding=\"async\" class=\"alignnone wp-image-2909\" src=\"http:\/\/dicodusport.fr\/blog\/wp-content\/uploads\/2017\/07\/logo-facebook-150x150.png\" alt=\"\" width=\"40\" height=\"40\" \/><\/a><a href=\"https:\/\/twitter.com\/dicodusport\" target=\"_blank\" rel=\"noopener noreferrer\"><img loading=\"lazy\" decoding=\"async\" class=\"alignnone wp-image-2908\" src=\"http:\/\/dicodusport.fr\/blog\/wp-content\/uploads\/2017\/07\/logo-twitter-150x150.png\" alt=\"\" width=\"39\" height=\"39\" \/><\/a><\/em><\/strong><\/p>\n","protected":false},"excerpt":{"rendered":"<p>Le Tournoi de Qualification Olympique mondial f\u00e9minin qui devait se tenir \u00e0 Trieste a \u00e9t\u00e9 annul\u00e9 en raison du Covid-19.<\/p>\n","protected":false},"author":12,"featured_media":61413,"comment_status":"open","ping_status":"closed","sticky":false,"template":"","format":"standard","meta":{"_acf_changed":false,"_daextam_enable_autolinks":"","footnotes":""},"categories":[9558],"tags":[9827,883],"class_list":["post-61402","post","type-post","status-publish","format-standard","has-post-thumbnail","hentry","category-water-polo","tag-coronavirus","tag-water-polo"],"acf":[],"yoast_head":"<!-- This site is optimized with the Yoast SEO Premium plugin v26.7 (Yoast SEO v26.7) - https:\/\/yoast.com\/wordpress\/plugins\/seo\/ -->\n<title>Water-polo : le tournoi de qualification olympique mondial f\u00e9minin suspendu<\/title>\n<meta name=\"description\" content=\"Le Tournoi de Qualification Olympique mondial f\u00e9minin qui devait se tenir \u00e0 Trieste du 8 au 15 mars a \u00e9t\u00e9 annul\u00e9 en raison du Covid-19.\" \/>\n<meta name=\"robots\" content=\"index, follow, max-snippet:-1, max-image-preview:large, max-video-preview:-1\" \/>\n<link rel=\"canonical\" href=\"https:\/\/dicodusport.fr\/blog\/water-polo-tournoi-qualification-olympique-mondial-feminin-suspendu\/\" \/>\n<meta property=\"og:locale\" content=\"fr_FR\" \/>\n<meta property=\"og:type\" content=\"article\" \/>\n<meta property=\"og:title\" content=\"Water-polo : le TQO mondial f\u00e9minin suspendu\" \/>\n<meta property=\"og:description\" content=\"Le Tournoi de Qualification Olympique mondial f\u00e9minin qui devait se tenir \u00e0 Trieste du 8 au 15 mars a \u00e9t\u00e9 annul\u00e9 en raison du Covid-19.\" \/>\n<meta property=\"og:url\" content=\"https:\/\/dicodusport.fr\/blog\/water-polo-tournoi-qualification-olympique-mondial-feminin-suspendu\/\" \/>\n<meta property=\"og:site_name\" content=\"Dicodusport\" \/>\n<meta property=\"article:publisher\" content=\"https:\/\/www.facebook.com\/dicodusport\" \/>\n<meta property=\"article:published_time\" content=\"2020-02-27T08:38:57+00:00\" \/>\n<meta property=\"article:modified_time\" content=\"2020-03-13T09:11:56+00:00\" \/>\n<meta property=\"og:image\" content=\"https:\/\/dicodusport.fr\/blog\/wp-content\/uploads\/2020\/02\/Water-polo-Le-tournoi-de-qualification-olympique-mondial-f\u00e9minin-suspendu.png\" \/>\n\t<meta property=\"og:image:width\" content=\"800\" \/>\n\t<meta property=\"og:image:height\" content=\"445\" \/>\n\t<meta property=\"og:image:type\" content=\"image\/png\" \/>\n<meta name=\"author\" content=\"Arlette Yeye\" \/>\n<meta name=\"twitter:card\" content=\"summary_large_image\" \/>\n<meta name=\"twitter:title\" content=\"Water-polo : le TQO mondial f\u00e9minin suspendu\" \/>\n<meta name=\"twitter:creator\" content=\"@https:\/\/twitter.com\/Shiclette94\" \/>\n<meta name=\"twitter:site\" content=\"@dicodusport\" \/>\n<script type=\"application\/ld+json\" class=\"yoast-schema-graph\">{\"@context\":\"https:\/\/schema.org\",\"@graph\":[{\"@type\":\"NewsArticle\",\"@id\":\"https:\/\/dicodusport.fr\/blog\/water-polo-tournoi-qualification-olympique-mondial-feminin-suspendu\/#article\",\"isPartOf\":{\"@id\":\"https:\/\/dicodusport.fr\/blog\/water-polo-tournoi-qualification-olympique-mondial-feminin-suspendu\/\"},\"author\":{\"name\":\"Arlette Yeye\",\"@id\":\"https:\/\/dicodusport.fr\/blog\/#\/schema\/person\/cce96fa88785bd8573e3d43078ac8c79\"},\"headline\":\"Water-polo : le tournoi de qualification olympique mondial f\u00e9minin suspendu\",\"datePublished\":\"2020-02-27T08:38:57+00:00\",\"dateModified\":\"2020-03-13T09:11:56+00:00\",\"mainEntityOfPage\":{\"@id\":\"https:\/\/dicodusport.fr\/blog\/water-polo-tournoi-qualification-olympique-mondial-feminin-suspendu\/\"},\"wordCount\":326,\"commentCount\":0,\"publisher\":{\"@id\":\"https:\/\/dicodusport.fr\/blog\/#organization\"},\"image\":{\"@id\":\"https:\/\/dicodusport.fr\/blog\/water-polo-tournoi-qualification-olympique-mondial-feminin-suspendu\/#primaryimage\"},\"thumbnailUrl\":\"https:\/\/dicodusport.fr\/blog\/wp-content\/uploads\/2020\/02\/Water-polo-Le-tournoi-de-qualification-olympique-mondial-f\u00e9minin-suspendu.png\",\"keywords\":[\"Coronavirus\",\"water polo\"],\"articleSection\":[\"Water-polo\"],\"inLanguage\":\"fr-FR\",\"potentialAction\":[{\"@type\":\"CommentAction\",\"name\":\"Comment\",\"target\":[\"https:\/\/dicodusport.fr\/blog\/water-polo-tournoi-qualification-olympique-mondial-feminin-suspendu\/#respond\"]}],\"copyrightYear\":\"2020\",\"copyrightHolder\":{\"@id\":\"https:\/\/dicodusport.fr\/blog\/#organization\"}},{\"@type\":\"WebPage\",\"@id\":\"https:\/\/dicodusport.fr\/blog\/water-polo-tournoi-qualification-olympique-mondial-feminin-suspendu\/\",\"url\":\"https:\/\/dicodusport.fr\/blog\/water-polo-tournoi-qualification-olympique-mondial-feminin-suspendu\/\",\"name\":\"Water-polo : le tournoi de qualification olympique mondial f\u00e9minin suspendu\",\"isPartOf\":{\"@id\":\"https:\/\/dicodusport.fr\/blog\/#website\"},\"primaryImageOfPage\":{\"@id\":\"https:\/\/dicodusport.fr\/blog\/water-polo-tournoi-qualification-olympique-mondial-feminin-suspendu\/#primaryimage\"},\"image\":{\"@id\":\"https:\/\/dicodusport.fr\/blog\/water-polo-tournoi-qualification-olympique-mondial-feminin-suspendu\/#primaryimage\"},\"thumbnailUrl\":\"https:\/\/dicodusport.fr\/blog\/wp-content\/uploads\/2020\/02\/Water-polo-Le-tournoi-de-qualification-olympique-mondial-f\u00e9minin-suspendu.png\",\"datePublished\":\"2020-02-27T08:38:57+00:00\",\"dateModified\":\"2020-03-13T09:11:56+00:00\",\"description\":\"Le Tournoi de Qualification Olympique mondial f\u00e9minin qui devait se tenir \u00e0 Trieste du 8 au 15 mars a \u00e9t\u00e9 annul\u00e9 en raison du Covid-19.\",\"breadcrumb\":{\"@id\":\"https:\/\/dicodusport.fr\/blog\/water-polo-tournoi-qualification-olympique-mondial-feminin-suspendu\/#breadcrumb\"},\"inLanguage\":\"fr-FR\",\"potentialAction\":[{\"@type\":\"ReadAction\",\"target\":[\"https:\/\/dicodusport.fr\/blog\/water-polo-tournoi-qualification-olympique-mondial-feminin-suspendu\/\"]}]},{\"@type\":\"ImageObject\",\"inLanguage\":\"fr-FR\",\"@id\":\"https:\/\/dicodusport.fr\/blog\/water-polo-tournoi-qualification-olympique-mondial-feminin-suspendu\/#primaryimage\",\"url\":\"https:\/\/dicodusport.fr\/blog\/wp-content\/uploads\/2020\/02\/Water-polo-Le-tournoi-de-qualification-olympique-mondial-f\u00e9minin-suspendu.png\",\"contentUrl\":\"https:\/\/dicodusport.fr\/blog\/wp-content\/uploads\/2020\/02\/Water-polo-Le-tournoi-de-qualification-olympique-mondial-f\u00e9minin-suspendu.png\",\"width\":800,\"height\":445,\"caption\":\"Water-polo - Le tournoi de qualification olympique mondial f\u00e9minin suspendu\"},{\"@type\":\"BreadcrumbList\",\"@id\":\"https:\/\/dicodusport.fr\/blog\/water-polo-tournoi-qualification-olympique-mondial-feminin-suspendu\/#breadcrumb\",\"itemListElement\":[{\"@type\":\"ListItem\",\"position\":1,\"name\":\"Accueil\",\"item\":\"https:\/\/dicodusport.fr\/blog\/\"},{\"@type\":\"ListItem\",\"position\":2,\"name\":\"Water-polo : le tournoi de qualification olympique mondial f\u00e9minin suspendu\"}]},{\"@type\":\"WebSite\",\"@id\":\"https:\/\/dicodusport.fr\/blog\/#website\",\"url\":\"https:\/\/dicodusport.fr\/blog\/\",\"name\":\"Dicodusport\",\"description\":\"L&#039;encyclop\u00e9die de l&#039;actualit\u00e9 sportive\",\"publisher\":{\"@id\":\"https:\/\/dicodusport.fr\/blog\/#organization\"},\"potentialAction\":[{\"@type\":\"SearchAction\",\"target\":{\"@type\":\"EntryPoint\",\"urlTemplate\":\"https:\/\/dicodusport.fr\/blog\/?s={search_term_string}\"},\"query-input\":{\"@type\":\"PropertyValueSpecification\",\"valueRequired\":true,\"valueName\":\"search_term_string\"}}],\"inLanguage\":\"fr-FR\"},{\"@type\":\"NewsMediaOrganization\",\"@id\":\"https:\/\/dicodusport.fr\/blog\/#organization\",\"name\":\"Dicodusport\",\"url\":\"https:\/\/dicodusport.fr\/blog\/\",\"logo\":{\"@type\":\"ImageObject\",\"inLanguage\":\"fr-FR\",\"@id\":\"https:\/\/dicodusport.fr\/blog\/#\/schema\/logo\/image\/\",\"url\":\"https:\/\/dicodusport.fr\/blog\/wp-content\/uploads\/2020\/06\/cropped-LOGO-DICODUSPORT-2020-SANS-FOND-SANS-TEXTE.png\",\"contentUrl\":\"https:\/\/dicodusport.fr\/blog\/wp-content\/uploads\/2020\/06\/cropped-LOGO-DICODUSPORT-2020-SANS-FOND-SANS-TEXTE.png\",\"width\":512,\"height\":512,\"caption\":\"Dicodusport\"},\"image\":{\"@id\":\"https:\/\/dicodusport.fr\/blog\/#\/schema\/logo\/image\/\"},\"sameAs\":[\"https:\/\/www.facebook.com\/dicodusport\",\"https:\/\/x.com\/dicodusport\",\"https:\/\/www.instagram.com\/dicodusport\/\",\"https:\/\/www.youtube.com\/channel\/UC7V2KZ5sd3htJivAbA4ZG3w\"],\"description\":\"Dicodusport est l'encyclop\u00e9die de l'actualit\u00e9 sportive.\",\"email\":\"bonjour@dicodusport.fr\",\"legalName\":\"DICODUSPORT\",\"foundingDate\":\"2018-01-14\",\"vatID\":\"FR71834470973\",\"taxID\":\"83447097300043\",\"numberOfEmployees\":{\"@type\":\"QuantitativeValue\",\"minValue\":\"1\",\"maxValue\":\"10\"}},{\"@type\":\"Person\",\"@id\":\"https:\/\/dicodusport.fr\/blog\/#\/schema\/person\/cce96fa88785bd8573e3d43078ac8c79\",\"name\":\"Arlette Yeye\",\"image\":{\"@type\":\"ImageObject\",\"inLanguage\":\"fr-FR\",\"@id\":\"https:\/\/dicodusport.fr\/blog\/#\/schema\/person\/image\/\",\"url\":\"https:\/\/secure.gravatar.com\/avatar\/dca4a6239e6d708e46c45d60e160de6c?s=96&d=wp_user_avatar&r=g\",\"contentUrl\":\"https:\/\/secure.gravatar.com\/avatar\/dca4a6239e6d708e46c45d60e160de6c?s=96&d=wp_user_avatar&r=g\",\"caption\":\"Arlette Yeye\"},\"description\":\"Journaliste\/r\u00e9dactrice depuis septembre 2015 - Supportrice de Chelsea, j'ai pour sports de pr\u00e9dilection le handball, l'athl\u00e9tisme et le tennis. Si je tweete plus vite que mon ombre, vous pouvez aussi me retrouver les week-ends sur les playgrounds de Bruxelles pour un petit foot ou basket entre potes. Parcourir la France, l'Europe et plus si affinit\u00e9s pour suivre mes sportifs pr\u00e9f\u00e9r\u00e9s ? Mon kif ! Et c'est avec plaisir que je partage les r\u00e9sultats des sports populaires mais \u00e9galement plus confidentiels pour Dicodusport.\",\"sameAs\":[\"https:\/\/x.com\/https:\/\/twitter.com\/Shiclette94\"],\"url\":\"https:\/\/dicodusport.fr\/blog\/author\/arlette\/\"}]}<\/script>\n<!-- \/ Yoast SEO Premium plugin. -->","yoast_head_json":{"title":"Water-polo : le tournoi de qualification olympique mondial f\u00e9minin suspendu","description":"Le Tournoi de Qualification Olympique mondial f\u00e9minin qui devait se tenir \u00e0 Trieste du 8 au 15 mars a \u00e9t\u00e9 annul\u00e9 en raison du Covid-19.","robots":{"index":"index","follow":"follow","max-snippet":"max-snippet:-1","max-image-preview":"max-image-preview:large","max-video-preview":"max-video-preview:-1"},"canonical":"https:\/\/dicodusport.fr\/blog\/water-polo-tournoi-qualification-olympique-mondial-feminin-suspendu\/","og_locale":"fr_FR","og_type":"article","og_title":"Water-polo : le TQO mondial f\u00e9minin suspendu","og_description":"Le Tournoi de Qualification Olympique mondial f\u00e9minin qui devait se tenir \u00e0 Trieste du 8 au 15 mars a \u00e9t\u00e9 annul\u00e9 en raison du Covid-19.","og_url":"https:\/\/dicodusport.fr\/blog\/water-polo-tournoi-qualification-olympique-mondial-feminin-suspendu\/","og_site_name":"Dicodusport","article_publisher":"https:\/\/www.facebook.com\/dicodusport","article_published_time":"2020-02-27T08:38:57+00:00","article_modified_time":"2020-03-13T09:11:56+00:00","og_image":[{"width":800,"height":445,"url":"https:\/\/dicodusport.fr\/blog\/wp-content\/uploads\/2020\/02\/Water-polo-Le-tournoi-de-qualification-olympique-mondial-f\u00e9minin-suspendu.png","type":"image\/png"}],"author":"Arlette Yeye","twitter_card":"summary_large_image","twitter_title":"Water-polo : le TQO mondial f\u00e9minin suspendu","twitter_creator":"@https:\/\/twitter.com\/Shiclette94","twitter_site":"@dicodusport","schema":{"@context":"https:\/\/schema.org","@graph":[{"@type":"NewsArticle","@id":"https:\/\/dicodusport.fr\/blog\/water-polo-tournoi-qualification-olympique-mondial-feminin-suspendu\/#article","isPartOf":{"@id":"https:\/\/dicodusport.fr\/blog\/water-polo-tournoi-qualification-olympique-mondial-feminin-suspendu\/"},"author":{"name":"Arlette Yeye","@id":"https:\/\/dicodusport.fr\/blog\/#\/schema\/person\/cce96fa88785bd8573e3d43078ac8c79"},"headline":"Water-polo : le tournoi de qualification olympique mondial f\u00e9minin suspendu","datePublished":"2020-02-27T08:38:57+00:00","dateModified":"2020-03-13T09:11:56+00:00","mainEntityOfPage":{"@id":"https:\/\/dicodusport.fr\/blog\/water-polo-tournoi-qualification-olympique-mondial-feminin-suspendu\/"},"wordCount":326,"commentCount":0,"publisher":{"@id":"https:\/\/dicodusport.fr\/blog\/#organization"},"image":{"@id":"https:\/\/dicodusport.fr\/blog\/water-polo-tournoi-qualification-olympique-mondial-feminin-suspendu\/#primaryimage"},"thumbnailUrl":"https:\/\/dicodusport.fr\/blog\/wp-content\/uploads\/2020\/02\/Water-polo-Le-tournoi-de-qualification-olympique-mondial-f\u00e9minin-suspendu.png","keywords":["Coronavirus","water polo"],"articleSection":["Water-polo"],"inLanguage":"fr-FR","potentialAction":[{"@type":"CommentAction","name":"Comment","target":["https:\/\/dicodusport.fr\/blog\/water-polo-tournoi-qualification-olympique-mondial-feminin-suspendu\/#respond"]}],"copyrightYear":"2020","copyrightHolder":{"@id":"https:\/\/dicodusport.fr\/blog\/#organization"}},{"@type":"WebPage","@id":"https:\/\/dicodusport.fr\/blog\/water-polo-tournoi-qualification-olympique-mondial-feminin-suspendu\/","url":"https:\/\/dicodusport.fr\/blog\/water-polo-tournoi-qualification-olympique-mondial-feminin-suspendu\/","name":"Water-polo : le tournoi de qualification olympique mondial f\u00e9minin suspendu","isPartOf":{"@id":"https:\/\/dicodusport.fr\/blog\/#website"},"primaryImageOfPage":{"@id":"https:\/\/dicodusport.fr\/blog\/water-polo-tournoi-qualification-olympique-mondial-feminin-suspendu\/#primaryimage"},"image":{"@id":"https:\/\/dicodusport.fr\/blog\/water-polo-tournoi-qualification-olympique-mondial-feminin-suspendu\/#primaryimage"},"thumbnailUrl":"https:\/\/dicodusport.fr\/blog\/wp-content\/uploads\/2020\/02\/Water-polo-Le-tournoi-de-qualification-olympique-mondial-f\u00e9minin-suspendu.png","datePublished":"2020-02-27T08:38:57+00:00","dateModified":"2020-03-13T09:11:56+00:00","description":"Le Tournoi de Qualification Olympique mondial f\u00e9minin qui devait se tenir \u00e0 Trieste du 8 au 15 mars a \u00e9t\u00e9 annul\u00e9 en raison du Covid-19.","breadcrumb":{"@id":"https:\/\/dicodusport.fr\/blog\/water-polo-tournoi-qualification-olympique-mondial-feminin-suspendu\/#breadcrumb"},"inLanguage":"fr-FR","potentialAction":[{"@type":"ReadAction","target":["https:\/\/dicodusport.fr\/blog\/water-polo-tournoi-qualification-olympique-mondial-feminin-suspendu\/"]}]},{"@type":"ImageObject","inLanguage":"fr-FR","@id":"https:\/\/dicodusport.fr\/blog\/water-polo-tournoi-qualification-olympique-mondial-feminin-suspendu\/#primaryimage","url":"https:\/\/dicodusport.fr\/blog\/wp-content\/uploads\/2020\/02\/Water-polo-Le-tournoi-de-qualification-olympique-mondial-f\u00e9minin-suspendu.png","contentUrl":"https:\/\/dicodusport.fr\/blog\/wp-content\/uploads\/2020\/02\/Water-polo-Le-tournoi-de-qualification-olympique-mondial-f\u00e9minin-suspendu.png","width":800,"height":445,"caption":"Water-polo - Le tournoi de qualification olympique mondial f\u00e9minin suspendu"},{"@type":"BreadcrumbList","@id":"https:\/\/dicodusport.fr\/blog\/water-polo-tournoi-qualification-olympique-mondial-feminin-suspendu\/#breadcrumb","itemListElement":[{"@type":"ListItem","position":1,"name":"Accueil","item":"https:\/\/dicodusport.fr\/blog\/"},{"@type":"ListItem","position":2,"name":"Water-polo : le tournoi de qualification olympique mondial f\u00e9minin suspendu"}]},{"@type":"WebSite","@id":"https:\/\/dicodusport.fr\/blog\/#website","url":"https:\/\/dicodusport.fr\/blog\/","name":"Dicodusport","description":"L&#039;encyclop\u00e9die de l&#039;actualit\u00e9 sportive","publisher":{"@id":"https:\/\/dicodusport.fr\/blog\/#organization"},"potentialAction":[{"@type":"SearchAction","target":{"@type":"EntryPoint","urlTemplate":"https:\/\/dicodusport.fr\/blog\/?s={search_term_string}"},"query-input":{"@type":"PropertyValueSpecification","valueRequired":true,"valueName":"search_term_string"}}],"inLanguage":"fr-FR"},{"@type":"NewsMediaOrganization","@id":"https:\/\/dicodusport.fr\/blog\/#organization","name":"Dicodusport","url":"https:\/\/dicodusport.fr\/blog\/","logo":{"@type":"ImageObject","inLanguage":"fr-FR","@id":"https:\/\/dicodusport.fr\/blog\/#\/schema\/logo\/image\/","url":"https:\/\/dicodusport.fr\/blog\/wp-content\/uploads\/2020\/06\/cropped-LOGO-DICODUSPORT-2020-SANS-FOND-SANS-TEXTE.png","contentUrl":"https:\/\/dicodusport.fr\/blog\/wp-content\/uploads\/2020\/06\/cropped-LOGO-DICODUSPORT-2020-SANS-FOND-SANS-TEXTE.png","width":512,"height":512,"caption":"Dicodusport"},"image":{"@id":"https:\/\/dicodusport.fr\/blog\/#\/schema\/logo\/image\/"},"sameAs":["https:\/\/www.facebook.com\/dicodusport","https:\/\/x.com\/dicodusport","https:\/\/www.instagram.com\/dicodusport\/","https:\/\/www.youtube.com\/channel\/UC7V2KZ5sd3htJivAbA4ZG3w"],"description":"Dicodusport est l'encyclop\u00e9die de l'actualit\u00e9 sportive.","email":"bonjour@dicodusport.fr","legalName":"DICODUSPORT","foundingDate":"2018-01-14","vatID":"FR71834470973","taxID":"83447097300043","numberOfEmployees":{"@type":"QuantitativeValue","minValue":"1","maxValue":"10"}},{"@type":"Person","@id":"https:\/\/dicodusport.fr\/blog\/#\/schema\/person\/cce96fa88785bd8573e3d43078ac8c79","name":"Arlette Yeye","image":{"@type":"ImageObject","inLanguage":"fr-FR","@id":"https:\/\/dicodusport.fr\/blog\/#\/schema\/person\/image\/","url":"https:\/\/secure.gravatar.com\/avatar\/dca4a6239e6d708e46c45d60e160de6c?s=96&d=wp_user_avatar&r=g","contentUrl":"https:\/\/secure.gravatar.com\/avatar\/dca4a6239e6d708e46c45d60e160de6c?s=96&d=wp_user_avatar&r=g","caption":"Arlette Yeye"},"description":"Journaliste\/r\u00e9dactrice depuis septembre 2015 - Supportrice de Chelsea, j'ai pour sports de pr\u00e9dilection le handball, l'athl\u00e9tisme et le tennis. Si je tweete plus vite que mon ombre, vous pouvez aussi me retrouver les week-ends sur les playgrounds de Bruxelles pour un petit foot ou basket entre potes. Parcourir la France, l'Europe et plus si affinit\u00e9s pour suivre mes sportifs pr\u00e9f\u00e9r\u00e9s ? Mon kif ! Et c'est avec plaisir que je partage les r\u00e9sultats des sports populaires mais \u00e9galement plus confidentiels pour Dicodusport.","sameAs":["https:\/\/x.com\/https:\/\/twitter.com\/Shiclette94"],"url":"https:\/\/dicodusport.fr\/blog\/author\/arlette\/"}]}},"_links":{"self":[{"href":"https:\/\/dicodusport.fr\/blog\/wp-json\/wp\/v2\/posts\/61402","targetHints":{"allow":["GET"]}}],"collection":[{"href":"https:\/\/dicodusport.fr\/blog\/wp-json\/wp\/v2\/posts"}],"about":[{"href":"https:\/\/dicodusport.fr\/blog\/wp-json\/wp\/v2\/types\/post"}],"author":[{"embeddable":true,"href":"https:\/\/dicodusport.fr\/blog\/wp-json\/wp\/v2\/users\/12"}],"replies":[{"embeddable":true,"href":"https:\/\/dicodusport.fr\/blog\/wp-json\/wp\/v2\/comments?post=61402"}],"version-history":[{"count":0,"href":"https:\/\/dicodusport.fr\/blog\/wp-json\/wp\/v2\/posts\/61402\/revisions"}],"wp:featuredmedia":[{"embeddable":true,"href":"https:\/\/dicodusport.fr\/blog\/wp-json\/wp\/v2\/media\/61413"}],"wp:attachment":[{"href":"https:\/\/dicodusport.fr\/blog\/wp-json\/wp\/v2\/media?parent=61402"}],"wp:term":[{"taxonomy":"category","embeddable":true,"href":"https:\/\/dicodusport.fr\/blog\/wp-json\/wp\/v2\/categories?post=61402"},{"taxonomy":"post_tag","embeddable":true,"href":"https:\/\/dicodusport.fr\/blog\/wp-json\/wp\/v2\/tags?post=61402"}],"curies":[{"name":"wp","href":"https:\/\/api.w.org\/{rel}","templated":true}]}}