{"id":614028,"date":"2025-09-28T08:06:56","date_gmt":"2025-09-28T06:06:56","guid":{"rendered":"https:\/\/dicodusport.fr\/blog\/?p=614028&#038;preview=true&#038;preview_id=614028"},"modified":"2025-09-28T08:07:53","modified_gmt":"2025-09-28T06:07:53","slug":"programme-complet-du-motogp-japon-2025-horaires-chaine-tv-et-resultats-en-temps-reel","status":"publish","type":"post","link":"https:\/\/dicodusport.fr\/blog\/programme-complet-du-motogp-japon-2025-horaires-chaine-tv-et-resultats-en-temps-reel\/","title":{"rendered":"MotoGP Japon 2025 : les r\u00e9sultats complets mis \u00e0 jour"},"content":{"rendered":"<p style=\"text-align: justify;\"><strong><em>Retrouvez ici le programme TV complet, les horaires des essais, des qualifications et de la course, ainsi que les r\u00e9sultats en temps r\u00e9el du Grand Prix du Japon 2025 de MotoGP.<\/em><\/strong><\/p>\n<p style=\"text-align: justify;\">Le <strong>Grand Prix du Japon 2025 de MotoGP<\/strong> se tiendra du <strong>vendredi 26 au dimanche 28 septembre<\/strong> sur le circuit de Motegi. Pr\u00e9parez-vous pour la 17\u1d49 manche du <strong>Championnat du monde de MotoGP 2025<\/strong> et ne manquez rien de l\u2019\u00e9v\u00e9nement : performances des pilotes, analyses et classements mis \u00e0 jour. Tout ce qu\u2019il faut savoir pour suivre le <strong>GP du Japon<\/strong> en direct !<\/p>\n<ul style=\"text-align: justify;\">\n<li style=\"text-align: justify;\"><strong>\u00c0 ce sujet &#8211; <a href=\"https:\/\/dicodusport.fr\/blog\/motogp-2025-le-calendrier-complet\/\" rel=\"\">Calendrier MotoGP 2025 : Dates et horaires des Grands Prix<\/a><\/strong><\/li>\n<\/ul>\n<h2 style=\"text-align: justify;\">L\u2019histoire du Grand Prix du Japon de MotoGP<\/h2>\n<p style=\"text-align: justify;\">Le <strong>Grand Prix du Japon<\/strong> est une \u00e9tape du <strong>Championnat du monde de MotoGP<\/strong>, inscrite au calendrier depuis 1987. \u00c0 ses d\u00e9buts, le circuit routier utilis\u00e9 n\u2019\u00e9tait pas totalement adapt\u00e9 aux motos de la cat\u00e9gorie reine.<\/p>\n<p style=\"text-align: justify;\">Au fil des ann\u00e9es, les plus grands pilotes s\u2019y sont illustr\u00e9s. <strong>Valentino Rossi<\/strong> y compte quatre victoires en <strong>MotoGP<\/strong> (2001, 2002, 2003 et 2008). Plusieurs autres l\u00e9gendes ont d\u00e9croch\u00e9 trois succ\u00e8s sur le sol japonais : <strong>Loris Capirossi<\/strong> (2005, 2006 et 2007), Jorge Lorenzo (2009, 2013 et 2014), <strong>Dani Pedrosa<\/strong> (2011, 2012 et 2015) ou encore <strong>Marc M\u00e1rquez<\/strong> (2016, 2018 et 2019).<\/p>\n<p style=\"text-align: justify;\">Plus r\u00e9cemment, <strong>Jack Miller<\/strong> a remport\u00e9 l\u2019\u00e9dition 2022 sur sa Ducati officielle, une victoire marqu\u00e9e par la chute de <strong>Francesco Bagnaia<\/strong> qui a pes\u00e9 lourd dans la lutte pour le titre. En 2023, la course, fortement perturb\u00e9e par la pluie, n\u2019a pas pu aller \u00e0 son terme, mais <strong>Jorge Martin<\/strong> a tout de m\u00eame \u00e9t\u00e9 d\u00e9clar\u00e9 vainqueur. Enfin, la derni\u00e8re \u00e9dition en date, en 2024, a \u00e9t\u00e9 remport\u00e9e par <strong>Francesco Bagnaia<\/strong> sur sa Ducati officielle.<\/p>\n<div class=\"vlp-link-container vlp-layout-article\"><a href=\"https:\/\/dicodusport.fr\/blog\/motogp-japon-2024-francesco-bagnaia-domine-de-bout-en-bout-le-grand-prix-devant-jorge-martin\/\" class=\"vlp-link\" title=\"MotoGP Japon 2024 : Francesco Bagnaia domine de bout en bout le Grand Prix devant Jorge Martin\"><\/a><div class=\"vlp-layout-zone-side\"><div class=\"vlp-block-4 vlp-link-image\"><img loading=\"lazy\" decoding=\"async\" style=\"max-width: 792px;\" width=\"792\" height=\"445\" src=\"https:\/\/dicodusport.fr\/blog\/wp-content\/uploads\/2024\/10\/MotoGP-Japon-2024-Francesco-Bagnaia-domine-de-bout-en-bout-le-Grand-Prix-devant-Jorge-Martin-1.png\" class=\"attachment-800x445 size-800x445\" alt=\"MotoGP Japon 2024 Francesco Bagnaia domine de bout en bout le Grand Prix devant Jorge Martin\" srcset=\"https:\/\/dicodusport.fr\/blog\/wp-content\/uploads\/2024\/10\/MotoGP-Japon-2024-Francesco-Bagnaia-domine-de-bout-en-bout-le-Grand-Prix-devant-Jorge-Martin-1.png 1200w, https:\/\/dicodusport.fr\/blog\/wp-content\/uploads\/2024\/10\/MotoGP-Japon-2024-Francesco-Bagnaia-domine-de-bout-en-bout-le-Grand-Prix-devant-Jorge-Martin-1-300x169.png 300w, https:\/\/dicodusport.fr\/blog\/wp-content\/uploads\/2024\/10\/MotoGP-Japon-2024-Francesco-Bagnaia-domine-de-bout-en-bout-le-Grand-Prix-devant-Jorge-Martin-1-1024x575.png 1024w, https:\/\/dicodusport.fr\/blog\/wp-content\/uploads\/2024\/10\/MotoGP-Japon-2024-Francesco-Bagnaia-domine-de-bout-en-bout-le-Grand-Prix-devant-Jorge-Martin-1-768x431.png 768w\" sizes=\"auto, (max-width: 792px) 100vw, 792px\" \/><\/div><\/div><div class=\"vlp-layout-zone-main\"><div class=\"vlp-block-0 vlp-link-title\">MotoGP Japon 2024 : Francesco Bagnaia domine de bout en bout le Grand Prix devant Jorge Martin<\/div><div class=\"vlp-block-1 vlp-link-summary\">MOTOGP - GRAND PRIX DU JAPON 2024 - Alors que Pedro Acosta est encore parti \u00e0 la faute, Francesco Bagnaia a d\u00e9roul\u00e9 et rafle la mise devant Jorge Martin, r\u00e9duisant encore l'\u00e9cart au classement des pilotes.<\/div><div class=\"vlp-block-2 vlp-link-button\">Lire l'article<\/div><div class=\"vlp-block-3 vlp-link-url\">dicodusport.fr<\/div><\/div><\/div>\n<h2 style=\"text-align: justify;\">Les sp\u00e9cificit\u00e9s du circuit de Motegi<\/h2>\n<p style=\"text-align: justify;\">Le circuit de <strong>Motegi<\/strong>, \u00e9galement appel\u00e9 <em>Twin Ring Motegi<\/em>, s\u2019\u00e9tend sur <strong>4,8 km<\/strong> et comporte <strong>14 virages<\/strong>, dont 6 \u00e0 gauche et 8 \u00e0 droite. Construit par Honda en 1997 pour servir de base d\u2019essais, il est int\u00e9gr\u00e9 \u00e0 un vaste complexe d\u00e9di\u00e9 aux sports m\u00e9caniques.<\/p>\n<p style=\"text-align: justify;\">La course du <strong>Grand Prix du Japon<\/strong> s\u2019y dispute sur 24 tours, soit environ 115 km au total. La plus longue ligne droite du trac\u00e9 atteint 762 m\u00e8tres, permettant aux pilotes <strong>de fr\u00f4ler les 315 km\/h<\/strong>.<\/p>\n<div id=\"attachment_263857\" style=\"width: 875px\" class=\"wp-caption aligncenter\"><img loading=\"lazy\" decoding=\"async\" aria-describedby=\"caption-attachment-263857\" class=\"wp-image-263857 size-full\" src=\"https:\/\/dicodusport.fr\/blog\/wp-content\/uploads\/2022\/09\/MotoGP-Circuit-Motegi-GP-du-Japon.png\" alt=\"MotoGP - Japon - Circuit de Motegi\" width=\"865\" height=\"741\" srcset=\"https:\/\/dicodusport.fr\/blog\/wp-content\/uploads\/2022\/09\/MotoGP-Circuit-Motegi-GP-du-Japon.png 865w, https:\/\/dicodusport.fr\/blog\/wp-content\/uploads\/2022\/09\/MotoGP-Circuit-Motegi-GP-du-Japon-300x257.png 300w, https:\/\/dicodusport.fr\/blog\/wp-content\/uploads\/2022\/09\/MotoGP-Circuit-Motegi-GP-du-Japon-768x658.png 768w\" sizes=\"auto, (max-width: 865px) 100vw, 865px\" \/><p id=\"caption-attachment-263857\" class=\"wp-caption-text\">MotoGP &#8211; Japon &#8211; Circuit de Motegi<\/p><\/div>\n<p style=\"text-align: justify;\">Un temps cl\u00e9ment est attendu tout au long du week-end. Les trois journ\u00e9es devraient alterner entre soleil et passages nuageux, mais sans pluie pr\u00e9vue lors des sessions en piste. Les temp\u00e9ratures oscilleront entre 25 et 30 \u00b0C, offrant des conditions id\u00e9ales pour les pilotes comme pour le public.<\/p>\n<ul style=\"text-align: justify;\">\n<li style=\"text-align: justify;\"><strong>\u00c0 ce sujet &#8211; <a href=\"https:\/\/dicodusport.fr\/blog\/top-10-des-pilotes-de-motogp-avec-le-plus-de-victoires-en-grand-prix\/\">Top 10 des pilotes de MotoGP avec le plus de victoires en Grand Prix<\/a>\u00a0<\/strong><\/li>\n<\/ul>\n<h2 style=\"text-align: justify;\">MotoGP Grand Prix du Japon 2025 &#8211; Programme TV et horaires<\/h2>\n<table style=\"width: 100%; border-collapse: collapse;\">\n<tbody>\n<tr>\n<td style=\"background-color: #c80502; width: 840px; text-align: center; vertical-align: middle;\" colspan=\"6\"><span style=\"color: #ffffff;\"><strong>VENDREDI 25 SEPTEMBRE 2025<\/strong><\/span><\/td>\n<\/tr>\n<tr>\n<td style=\"text-align: center; vertical-align: middle; width: 20%; background-color: #000000;\"><span style=\"color: #ffffff; font-size: 0.9em;\"><strong>Horaire<\/strong><\/span><\/td>\n<td style=\"text-align: center; vertical-align: middle; width: 20%; background-color: #000000;\" colspan=\"2\"><span style=\"color: #ffffff;\"><span style=\"font-size: 0.9em;\"><b>\u00c9preuve<\/b><\/span><\/span><\/td>\n<td style=\"text-align: center; vertical-align: middle; width: 20%; background-color: #000000;\"><span style=\"color: #ffffff; font-size: 0.9em;\"><strong>Premier<\/strong><\/span><\/td>\n<td style=\"text-align: center; vertical-align: middle; width: 20%; background-color: #000000;\"><span style=\"color: #ffffff; font-size: 0.9em;\"><strong>Deuxi\u00e8me<\/strong><\/span><\/td>\n<td style=\"text-align: center; vertical-align: middle; width: 20%; background-color: #000000;\"><span style=\"color: #ffffff; font-size: 0.9em;\"><strong>Troisi\u00e8me<\/strong><\/span><\/td>\n<\/tr>\n<tr>\n<td style=\"text-align: center; vertical-align: middle; width: 20%;\"><strong>3h45 &#8211; 4h30\u00a0<\/strong><\/td>\n<td style=\"text-align: center; vertical-align: middle;\" colspan=\"2\"><strong>Essais libres 1<br \/>\n<a href=\"https:\/\/www.motogp.com\/fr\/gp-results\/2025\/jpn\/motogp\/fp1\/classification\"><span style=\"font-size: 11.52px;\"><i>Classement<\/i><\/span><\/a><br \/>\n<\/strong><\/td>\n<td style=\"text-align: center; vertical-align: middle; width: 20%;\"><span style=\"font-size: 0.9em;\"><strong><img loading=\"lazy\" decoding=\"async\" class=\"alignnone wp-image-559856\" src=\"https:\/\/dicodusport.fr\/blog\/wp-content\/uploads\/2024\/01\/Ducati-Lenovo-Team-2025.webp\" alt=\"\" width=\"45\" height=\"30\" \/><br \/>\n\ud83c\uddee\ud83c\uddf9 FRANCESCO BAGNAIA<br \/>\n<\/strong><span style=\"font-size: 0.8em;\">DUCATI LENOVO TEAM<br \/>\n<strong><em>1:44.857<\/em><\/strong><\/span><\/span><\/td>\n<td style=\"text-align: center; vertical-align: middle; width: 20%;\"><span style=\"font-size: 0.9em;\"><strong><img loading=\"lazy\" decoding=\"async\" class=\"alignnone wp-image-559855\" src=\"https:\/\/dicodusport.fr\/blog\/wp-content\/uploads\/2024\/01\/Aprilia-Racing-2025.webp\" alt=\"\" width=\"45\" height=\"30\" \/><br \/>\n\ud83c\uddea\ud83c\uddf8 JORGE MARTIN<br style=\"font-size: 14.4px;\" \/><\/strong><span style=\"font-size: 0.8em;\">APRILIA RACING<br \/>\n<strong><em>+0.093<\/em><\/strong><br \/>\n<\/span><\/span><\/td>\n<td style=\"text-align: center; vertical-align: middle; width: 20%;\"><span style=\"font-size: 0.9em;\"><strong><img loading=\"lazy\" decoding=\"async\" class=\"alignnone wp-image-559856\" src=\"https:\/\/dicodusport.fr\/blog\/wp-content\/uploads\/2024\/01\/Ducati-Lenovo-Team-2025.webp\" alt=\"\" width=\"45\" height=\"30\" \/><br \/>\n\ud83c\uddea\ud83c\uddf8 MARC MARQUEZ<br \/>\n<\/strong><span style=\"font-size: 0.8em;\">DUCATI LENOVO TEAM<br \/>\n<strong><em>+0.102<\/em><\/strong><br \/>\n<\/span><\/span><\/td>\n<\/tr>\n<tr>\n<td style=\"text-align: center; vertical-align: middle; width: 20%;\"><strong>8H00 &#8211; 9H00<\/strong><\/td>\n<td style=\"text-align: center; vertical-align: middle;\" colspan=\"2\"><strong>Essais libres 2<br \/>\n<a href=\"https:\/\/www.motogp.com\/fr\/gp-results\/2025\/jpn\/motogp\/pr\/classification\"><span style=\"font-size: 11.52px;\"><i>Classement<\/i><\/span><\/a><br \/>\n<\/strong><\/td>\n<td style=\"text-align: center; vertical-align: middle; width: 20%;\"><span style=\"font-size: 0.9em;\"><strong><img loading=\"lazy\" decoding=\"async\" class=\"alignnone wp-image-559855\" src=\"https:\/\/dicodusport.fr\/blog\/wp-content\/uploads\/2024\/01\/Aprilia-Racing-2025.webp\" alt=\"\" width=\"45\" height=\"30\" \/><br \/>\n\ud83c\uddee\ud83c\uddf9 MARCO BEZZECCHI<br \/>\n<\/strong><span style=\"font-size: 0.8em;\">APRILIA RACING<br \/>\n<strong><em>1:43.193<\/em><\/strong><br \/>\n<\/span><\/span><\/td>\n<td style=\"text-align: center; vertical-align: middle; width: 20%;\"><span style=\"font-size: 0.9em;\"><strong><img loading=\"lazy\" decoding=\"async\" class=\"alignnone wp-image-559860\" src=\"https:\/\/dicodusport.fr\/blog\/wp-content\/uploads\/2024\/01\/Red-Bull-KTM-Factory-Racing-2025.webp\" alt=\"\" width=\"45\" height=\"30\" \/><br \/>\n\ud83c\uddea\ud83c\uddf8 PEDRO ACOSTA<br style=\"font-size: 14.4px;\" \/><\/strong><span style=\"font-size: 0.8em;\">RED BULL KTM FACTORY RACING<br \/>\n<strong><em>+0.136<\/em><\/strong><br \/>\n<\/span><\/span><\/td>\n<td style=\"text-align: center; vertical-align: middle; width: 20%;\"><span style=\"font-size: 0.9em;\"><strong><img loading=\"lazy\" decoding=\"async\" class=\"alignnone wp-image-559856\" src=\"https:\/\/dicodusport.fr\/blog\/wp-content\/uploads\/2024\/01\/Ducati-Lenovo-Team-2025.webp\" alt=\"\" width=\"45\" height=\"30\" \/><br \/>\n\ud83c\uddea\ud83c\uddf8 MARC MARQUEZ<br \/>\n<\/strong><span style=\"font-size: 0.8em;\">DUCATI LENOVO TEAM<br \/>\n<strong><em>+0.167<\/em><\/strong><\/span><\/span><\/td>\n<\/tr>\n<tr>\n<td style=\"background-color: #c80502; width: 800px; text-align: center; vertical-align: middle;\" colspan=\"6\"><span style=\"color: #ffffff;\"><strong>SAMEDI 26 SEPTEMBRE 2025<\/strong><\/span><\/td>\n<\/tr>\n<tr>\n<td style=\"text-align: center; vertical-align: middle; width: 20%; background-color: #000000;\"><span style=\"color: #ffffff; font-size: 0.9em;\"><strong>Horaire<\/strong><\/span><\/td>\n<td style=\"text-align: center; vertical-align: middle; width: 20%; background-color: #000000;\" colspan=\"2\"><span style=\"color: #ffffff;\"><span style=\"font-size: 0.9em;\"><b>\u00c9preuve<\/b><\/span><\/span><\/td>\n<td style=\"text-align: center; vertical-align: middle; width: 20%; background-color: #000000;\"><span style=\"color: #ffffff; font-size: 0.9em;\"><strong>Premier<\/strong><\/span><\/td>\n<td style=\"text-align: center; vertical-align: middle; width: 20%; background-color: #000000;\"><span style=\"color: #ffffff; font-size: 0.9em;\"><strong>Deuxi\u00e8me<\/strong><\/span><\/td>\n<td style=\"text-align: center; vertical-align: middle; width: 20%; background-color: #000000;\"><span style=\"color: #ffffff; font-size: 0.9em;\"><strong>Troisi\u00e8me<\/strong><\/span><\/td>\n<\/tr>\n<tr>\n<td style=\"text-align: center; vertical-align: middle; width: 20%;\"><strong>3H10 &#8211; 3H40<\/strong><\/td>\n<td style=\"text-align: center; vertical-align: middle; width: 20%;\" colspan=\"2\"><strong>Essais libres 3<br \/>\n<a href=\"https:\/\/www.motogp.com\/fr\/gp-results\/2025\/jpn\/motogp\/fp2\/classification\"><span style=\"font-size: 11.52px;\"><i>Classement<\/i><\/span><\/a><br \/>\n<\/strong><\/td>\n<td style=\"text-align: center; vertical-align: middle; width: 20%;\"><span style=\"font-size: 0.9em;\"><strong><img loading=\"lazy\" decoding=\"async\" class=\"alignnone wp-image-559860\" src=\"https:\/\/dicodusport.fr\/blog\/wp-content\/uploads\/2024\/01\/Red-Bull-KTM-Factory-Racing-2025.webp\" alt=\"\" width=\"45\" height=\"30\" \/><br \/>\n\ud83c\uddea\ud83c\uddf8 PEDRO ACOSTA<br style=\"font-size: 14.4px;\" \/><\/strong><span style=\"font-size: 0.8em;\">RED BULL KTM FACTORY RACING<br \/>\n<strong><em>1:44.108<\/em><\/strong><\/span><\/span><\/td>\n<td style=\"text-align: center; vertical-align: middle; width: 20%;\"><span style=\"font-size: 0.9em;\"><strong><img loading=\"lazy\" decoding=\"async\" class=\"alignnone wp-image-559864\" src=\"https:\/\/dicodusport.fr\/blog\/wp-content\/uploads\/2024\/01\/Trackhouse-MotoGP-Team-2025.webp\" alt=\"\" width=\"45\" height=\"30\" \/><br \/>\n\ud83c\uddef\ud83c\uddf5 AI OGURA<br \/>\n<\/strong><span style=\"font-size: 0.8em;\">TRACKHOUSE MOTOGP TEAM<br \/>\n<strong><em>+0.125<\/em><\/strong><br \/>\n<\/span><\/span><\/td>\n<td style=\"text-align: center; vertical-align: middle; width: 20%;\"><span style=\"font-size: 0.9em;\"><strong><img loading=\"lazy\" decoding=\"async\" class=\"alignnone wp-image-559857\" src=\"https:\/\/dicodusport.fr\/blog\/wp-content\/uploads\/2024\/01\/BK8-Gresini-Racing-2025.webp\" alt=\"\" width=\"45\" height=\"30\" \/><br \/>\n\ud83c\uddea\ud83c\uddf8 ALEX MARQUEZ<br \/>\n<\/strong><span style=\"font-size: 0.8em;\">BK8 GRESINI RACING<br \/>\n<strong><em>+0.213<\/em><\/strong><br \/>\n<\/span><\/span><\/td>\n<\/tr>\n<tr>\n<td style=\"text-align: center; vertical-align: middle; width: 20%;\"><strong>3H50 &#8211; 4<\/strong><strong>H05<\/strong><\/td>\n<td style=\"text-align: center; vertical-align: middle;\" colspan=\"2\"><strong>Qualifications 1<br \/>\n<a href=\"https:\/\/www.motogp.com\/fr\/gp-results\/2025\/jpn\/motogp\/q1\/classification\"><span style=\"font-size: 11.52px;\"><i>Classement<\/i><\/span><\/a><br \/>\n<\/strong><\/td>\n<td style=\"text-align: center; vertical-align: middle; width: 20%;\"><span style=\"font-size: 0.9em;\"><strong><img loading=\"lazy\" decoding=\"async\" class=\"alignnone wp-image-559862\" src=\"https:\/\/dicodusport.fr\/blog\/wp-content\/uploads\/2024\/01\/Pertamina-Enduro-VR46-Racing-Team-2025.webp\" alt=\"\" width=\"45\" height=\"30\" \/><br \/>\n\ud83c\uddee\ud83c\uddf9 FRANCO MORBIDELLI<br \/>\n<\/strong><span style=\"font-size: 0.8em;\">PERTAMINA ENDURO VR46 RACING TEAM<br \/>\n<strong><em>1:43.253<\/em><\/strong><br \/>\n<\/span><\/span><\/td>\n<td style=\"text-align: center; vertical-align: middle; width: 20%;\"><span style=\"font-size: 0.9em;\"><strong><img loading=\"lazy\" decoding=\"async\" class=\"alignnone wp-image-559857\" src=\"https:\/\/dicodusport.fr\/blog\/wp-content\/uploads\/2024\/01\/BK8-Gresini-Racing-2025.webp\" alt=\"\" width=\"45\" height=\"30\" \/><br \/>\n\ud83c\uddea\ud83c\uddf8 ALEX MARQUEZ<br \/>\n<\/strong><span style=\"font-size: 0.8em;\">BK8 GRESINI RACING<br \/>\n<strong><em>+0.014<\/em><\/strong><\/span><\/span><\/td>\n<td style=\"text-align: center; vertical-align: middle; width: 20%;\"><span style=\"font-size: 0.9em;\"><strong><img loading=\"lazy\" decoding=\"async\" class=\"alignnone wp-image-559864\" src=\"https:\/\/dicodusport.fr\/blog\/wp-content\/uploads\/2024\/01\/Trackhouse-MotoGP-Team-2025.webp\" alt=\"\" width=\"45\" height=\"30\" \/><br \/>\n\ud83c\uddef\ud83c\uddf5 AI OGURA<br \/>\n<\/strong><span style=\"font-size: 0.8em;\">TRACKHOUSE MOTOGP TEAM<br \/>\n<strong><em>+0.176<\/em><\/strong><\/span><\/span><\/td>\n<\/tr>\n<tr>\n<td style=\"text-align: center; vertical-align: middle; width: 20%;\"><strong>4H15 &#8211; 4H30<\/strong><\/td>\n<td style=\"text-align: center; vertical-align: middle;\" colspan=\"2\"><strong>Qualifications 2<br \/>\n<a href=\"https:\/\/www.motogp.com\/fr\/gp-results\/2025\/jpn\/motogp\/q2\/classification\"><span style=\"font-size: 11.52px;\"><i>Classement<\/i><\/span><\/a><br \/>\n<\/strong><\/td>\n<td style=\"text-align: center; vertical-align: middle; width: 20%;\"><span style=\"font-size: 0.9em;\"><strong><img loading=\"lazy\" decoding=\"async\" class=\"alignnone wp-image-559856\" src=\"https:\/\/dicodusport.fr\/blog\/wp-content\/uploads\/2024\/01\/Ducati-Lenovo-Team-2025.webp\" alt=\"\" width=\"45\" height=\"30\" \/><br \/>\n\ud83c\uddee\ud83c\uddf9 FRANCESCO BAGNAIA<br \/>\n<\/strong><span style=\"font-size: 0.8em;\">DUCATI LENOVO TEAM<br \/>\n<strong><em>1:42.911<\/em><\/strong><br \/>\n<\/span><\/span><\/td>\n<td style=\"text-align: center; vertical-align: middle; width: 20%;\"><strong><span style=\"font-size: 0.9em;\"><img loading=\"lazy\" decoding=\"async\" class=\"alignnone wp-image-559858\" src=\"https:\/\/dicodusport.fr\/blog\/wp-content\/uploads\/2024\/01\/Honda-HRC-Castrol-2025.webp\" alt=\"\" width=\"45\" height=\"30\" \/><br \/>\n\ud83c\uddea\ud83c\uddf8 JOAN MIR<br \/>\n<\/span><\/strong><span style=\"font-size: 0.9em;\"><span style=\"font-size: 0.8em;\">REPSOL HONDA TEAM<br \/>\n<strong><em>+0.092<\/em><\/strong><br \/>\n<\/span><\/span><\/td>\n<td style=\"text-align: center; vertical-align: middle; width: 20%;\"><span style=\"font-size: 0.9em;\"><strong><img loading=\"lazy\" decoding=\"async\" class=\"alignnone wp-image-559856\" src=\"https:\/\/dicodusport.fr\/blog\/wp-content\/uploads\/2024\/01\/Ducati-Lenovo-Team-2025.webp\" alt=\"\" width=\"45\" height=\"30\" \/><br \/>\n\ud83c\uddea\ud83c\uddf8 MARC MARQUEZ<br \/>\n<\/strong><span style=\"font-size: 0.8em;\">DUCATI LENOVO TEAM<br \/>\n<strong><em>+0.132<\/em><\/strong><\/span><\/span><\/td>\n<\/tr>\n<tr>\n<td style=\"text-align: center; vertical-align: middle; width: 20%;\"><strong>8H00<\/strong><\/td>\n<td style=\"text-align: center; vertical-align: middle; width: 20%;\" colspan=\"2\"><strong>Course Sprint<br \/>\n<span style=\"font-size: 11.52px;\"><i><a href=\"https:\/\/dicodusport.fr\/blog\/francesco-bagnaia-renoue-avec-la-victoire-lors-de-la-course-sprint-au-grand-prix-du-japon\/\">R\u00e9sum\u00e9<\/a> &#8211; <a href=\"https:\/\/dicodusport.fr\/blog\/motogp-japon-2025-classement-course-sprint\/\">Classement<\/a><\/i><\/span><br \/>\n<\/strong><\/td>\n<td style=\"text-align: center; vertical-align: middle; width: 20%;\"><span style=\"font-size: 0.9em;\"><strong><img loading=\"lazy\" decoding=\"async\" class=\"alignnone wp-image-559856\" src=\"https:\/\/dicodusport.fr\/blog\/wp-content\/uploads\/2024\/01\/Ducati-Lenovo-Team-2025.webp\" alt=\"\" width=\"45\" height=\"30\" \/><br \/>\n\ud83c\uddee\ud83c\uddf9 FRANCESCO BAGNAIA<br \/>\n<\/strong><span style=\"font-size: 0.8em;\">DUCATI LENOVO TEAM<br \/>\n<strong><em>20:59.113<\/em><\/strong><\/span><\/span><\/td>\n<td style=\"text-align: center; vertical-align: middle; width: 20%;\"><span style=\"font-size: 0.9em;\"><strong><img loading=\"lazy\" decoding=\"async\" class=\"alignnone wp-image-559856\" src=\"https:\/\/dicodusport.fr\/blog\/wp-content\/uploads\/2024\/01\/Ducati-Lenovo-Team-2025.webp\" alt=\"\" width=\"45\" height=\"30\" \/><br \/>\n\ud83c\uddea\ud83c\uddf8 MARC MARQUEZ<br \/>\n<\/strong><span style=\"font-size: 0.8em;\">DUCATI LENOVO TEAM<br \/>\n<strong><em>+1.842<\/em><\/strong><\/span><\/span><\/td>\n<td style=\"text-align: center; vertical-align: middle; width: 20%;\"><span style=\"font-size: 0.9em;\"><strong><img loading=\"lazy\" decoding=\"async\" class=\"alignnone wp-image-559860\" src=\"https:\/\/dicodusport.fr\/blog\/wp-content\/uploads\/2024\/01\/Red-Bull-KTM-Factory-Racing-2025.webp\" alt=\"\" width=\"45\" height=\"30\" \/><br \/>\n\ud83c\uddea\ud83c\uddf8 PEDRO ACOSTA<br style=\"font-size: 14.4px;\" \/><\/strong><span style=\"font-size: 0.8em;\">RED BULL KTM FACTORY RACING<br \/>\n<strong><em>+3.674<\/em><\/strong><\/span><\/span><\/td>\n<\/tr>\n<tr>\n<td style=\"background-color: #c80502; width: 800px; text-align: center; vertical-align: middle;\" colspan=\"6\"><span style=\"color: #ffffff;\"><strong>DIMANCHE 27 SEPTEMBRE 2025<\/strong><\/span><\/td>\n<\/tr>\n<tr>\n<td style=\"text-align: center; vertical-align: middle; width: 20%; background-color: #000000;\"><span style=\"color: #ffffff; font-size: 0.9em;\"><strong>Horaire<\/strong><\/span><\/td>\n<td style=\"text-align: center; vertical-align: middle; width: 20%; background-color: #000000;\" colspan=\"2\"><span style=\"color: #ffffff;\"><span style=\"font-size: 0.9em;\"><b>\u00c9preuve<\/b><\/span><\/span><\/td>\n<td style=\"text-align: center; vertical-align: middle; width: 20%; background-color: #000000;\"><span style=\"color: #ffffff; font-size: 0.9em;\"><strong>Premier<\/strong><\/span><\/td>\n<td style=\"text-align: center; vertical-align: middle; width: 20%; background-color: #000000;\"><span style=\"color: #ffffff; font-size: 0.9em;\"><strong>Deuxi\u00e8me<\/strong><\/span><\/td>\n<td style=\"text-align: center; vertical-align: middle; width: 20%; background-color: #000000;\"><span style=\"color: #ffffff; font-size: 0.9em;\"><strong>Troisi\u00e8me<\/strong><\/span><\/td>\n<\/tr>\n<tr>\n<td style=\"text-align: center; vertical-align: middle; width: 20%;\"><strong>2H40 &#8211; 2H50<\/strong><\/td>\n<td style=\"text-align: center; vertical-align: middle;\" colspan=\"2\"><strong>Warm-up<br \/>\n<a href=\"https:\/\/www.motogp.com\/fr\/gp-results\/2025\/jpn\/motogp\/wup\/classification\"><span style=\"font-size: 11.52px;\"><i>Classement<\/i><\/span><\/a><br \/>\n<\/strong><\/td>\n<td style=\"text-align: center; vertical-align: middle; width: 20%;\"><span style=\"font-size: 0.9em;\"><strong><img loading=\"lazy\" decoding=\"async\" class=\"alignnone wp-image-559856\" src=\"https:\/\/dicodusport.fr\/blog\/wp-content\/uploads\/2024\/01\/Ducati-Lenovo-Team-2025.webp\" alt=\"\" width=\"45\" height=\"30\" \/><br \/>\n\ud83c\uddea\ud83c\uddf8 MARC MARQUEZ<br \/>\n<\/strong><span style=\"font-size: 0.8em;\">DUCATI LENOVO TEAM<br \/>\n<strong><em>1:43.755<\/em><\/strong><br \/>\n<\/span><\/span><\/td>\n<td style=\"text-align: center; vertical-align: middle; width: 20%;\"><span style=\"font-size: 0.9em;\"><strong><img loading=\"lazy\" decoding=\"async\" class=\"alignnone wp-image-559857\" src=\"https:\/\/dicodusport.fr\/blog\/wp-content\/uploads\/2024\/01\/BK8-Gresini-Racing-2025.webp\" alt=\"\" width=\"45\" height=\"30\" \/><br \/>\n\ud83c\uddea\ud83c\uddf8 FERMIN ALDEGUER<br \/>\n<\/strong><span style=\"font-size: 0.8em;\">BK8 GRESINI RACING<br \/>\n<strong><em>+0.356<\/em><\/strong><\/span><\/span><\/td>\n<td style=\"text-align: center; vertical-align: middle; width: 20%;\"><span style=\"font-size: 0.9em;\"><strong><img loading=\"lazy\" decoding=\"async\" class=\"alignnone wp-image-559855\" src=\"https:\/\/dicodusport.fr\/blog\/wp-content\/uploads\/2024\/01\/Aprilia-Racing-2025.webp\" alt=\"\" width=\"45\" height=\"30\" \/><br \/>\n\ud83c\uddee\ud83c\uddf9 MARCO BEZZECCHI<br \/>\n<\/strong><span style=\"font-size: 0.8em;\">APRILIA RACING<br \/>\n<strong><em>+0.66<\/em><\/strong><br \/>\n<\/span><\/span><\/td>\n<\/tr>\n<tr>\n<td style=\"text-align: center; vertical-align: middle; width: 20%;\"><strong>7H00<\/strong><\/td>\n<td style=\"text-align: center; vertical-align: middle; width: 20%;\" colspan=\"2\"><strong>Grand Prix<br \/>\n<span style=\"font-size: 11.52px;\"><i><a href=\"https:\/\/dicodusport.fr\/blog\/motogp-japon-2025-7eme-titre-de-champion-du-monde-pour-marc-marquez\/\">R\u00e9sum\u00e9<\/a> &#8211; <a href=\"https:\/\/dicodusport.fr\/blog\/motogp-classement-et-resultats-du-grand-prix-du-japon-2025\/\">Classement<\/a><\/i><\/span><br \/>\n<\/strong><\/td>\n<td style=\"text-align: center; vertical-align: middle; width: 20%;\"><span style=\"font-size: 0.9em;\"><strong><img loading=\"lazy\" decoding=\"async\" class=\"alignnone wp-image-559856\" src=\"https:\/\/dicodusport.fr\/blog\/wp-content\/uploads\/2024\/01\/Ducati-Lenovo-Team-2025.webp\" alt=\"\" width=\"45\" height=\"30\" \/><br \/>\n\ud83c\uddee\ud83c\uddf9 FRANCESCO BAGNAIA<br \/>\n<\/strong><span style=\"font-size: 0.8em;\">DUCATI LENOVO TEAM<br \/>\n<strong><em>42:09.310<\/em><\/strong><br \/>\n<\/span><\/span><\/td>\n<td style=\"text-align: center; vertical-align: middle; width: 20%;\"><span style=\"font-size: 0.9em;\"><strong><img loading=\"lazy\" decoding=\"async\" class=\"alignnone wp-image-559856\" src=\"https:\/\/dicodusport.fr\/blog\/wp-content\/uploads\/2024\/01\/Ducati-Lenovo-Team-2025.webp\" alt=\"\" width=\"45\" height=\"30\" \/><br \/>\n\ud83c\uddea\ud83c\uddf8 MARC MARQUEZ<br \/>\n<\/strong><span style=\"font-size: 0.8em;\">DUCATI LENOVO TEAM<br \/>\n<strong><em>+4.196<\/em><\/strong><\/span><\/span><\/td>\n<td style=\"text-align: center; vertical-align: middle; width: 20%;\"><strong><span style=\"font-size: 0.9em;\"><img loading=\"lazy\" decoding=\"async\" class=\"alignnone wp-image-559858\" src=\"https:\/\/dicodusport.fr\/blog\/wp-content\/uploads\/2024\/01\/Honda-HRC-Castrol-2025.webp\" alt=\"\" width=\"45\" height=\"30\" \/><br \/>\n\ud83c\uddea\ud83c\uddf8 JOAN MIR<br \/>\n<\/span><\/strong><span style=\"font-size: 0.9em;\"><span style=\"font-size: 0.8em;\">REPSOL HONDA TEAM<br \/>\n<strong><em>+6.858<\/em><\/strong><\/span><\/span><\/td>\n<\/tr>\n<\/tbody>\n<\/table>\n<h2 style=\"text-align: justify;\">Les enjeux du Grand Prix du Japon de MotoGP<\/h2>\n<p style=\"text-align: justify;\">La <strong>17\u1d49 manche du Championnat du monde MotoGP 2025<\/strong> s\u2019annonce d\u00e9cisive. Apr\u00e8s une campagne europ\u00e9enne intense, le paddock d\u00e9barque \u00e0 Motegi avec un enjeu majeur : le sacre potentiel de <strong>Marc M\u00e1rquez<\/strong>.<\/p>\n<h3 style=\"text-align: justify;\">Marc M\u00e1rquez en route vers le titre<\/h3>\n<p style=\"text-align: justify;\">Transf\u00e9r\u00e9 cette saison chez Ducati, <strong>Marc M\u00e1rquez<\/strong> a litt\u00e9ralement pris le pouvoir. Le pilote espagnol a remport\u00e9 toutes les courses, sprints et Grands Prix confondus, \u00e0 l\u2019exception de six. Avec 512 points au compteur, il poss\u00e8de d\u00e9j\u00e0 182 unit\u00e9s d\u2019avance sur son fr\u00e8re <strong>\u00c1lex M\u00e1rquez<\/strong> (Gresini). S\u2019il parvient \u00e0 creuser un \u00e9cart de 185 points, il sera titr\u00e9 d\u00e8s ce week-end, peut-\u00eatre m\u00eame d\u00e8s la course sprint. Son fr\u00e8re cadet, quant \u00e0 lui, s\u2019est offert deux victoires cette saison, dont une premi\u00e8re historique en Espagne.<\/p>\n<h3 style=\"text-align: justify;\">Les autres favoris sous pression<\/h3>\n<p style=\"text-align: justify;\">Champion du monde en titre, <strong>Jorge Mart\u00edn<\/strong> a chang\u00e9 d\u2019air cette saison en rejoignant Aprilia apr\u00e8s son d\u00e9part de Pramac Ducati. Longtemps bless\u00e9, il a fait son retour en R\u00e9publique Tch\u00e8que et monte en puissance course apr\u00e8s course. De son c\u00f4t\u00e9, <strong>Francesco Bagnaia<\/strong> a repris son num\u00e9ro 63, mais peine \u00e0 retrouver son \u00e9clat d\u2019antan. Troisi\u00e8me du championnat avec 237 points, l\u2019Italien est d\u00e9sormais menac\u00e9 par <strong>Marco Bezzecchi<\/strong> (Aprilia), revenu \u00e0 seulement huit longueurs.<\/p>\n<h3 style=\"text-align: justify;\">De jeunes talents \u00e0 l\u2019assaut<\/h3>\n<p style=\"text-align: justify;\">Trois rookies d\u00e9couvrent la cat\u00e9gorie reine cette ann\u00e9e. Le Tha\u00eflandais <strong>Somkiat Chantra<\/strong> d\u00e9fend les couleurs de LCR Honda, l\u2019Espagnol <strong>Ferm\u00edn Aldeguer<\/strong> brille d\u00e9j\u00e0 chez Gresini Racing, tandis que le Japonais <strong>Ai Ogura<\/strong> fait ses d\u00e9buts avec Trackhouse MotoGP Team.<\/p>\n<h3 style=\"text-align: justify;\">Les Fran\u00e7ais \u00e0 surveiller<\/h3>\n<p style=\"text-align: justify;\"><strong>Fabio Quartararo<\/strong>, champion du monde 2021, vit un renouveau au guidon de la Yamaha officielle. Apr\u00e8s trois saisons compliqu\u00e9es, sa machine progresse nettement : il a d\u00e9j\u00e0 sign\u00e9 quatre pole positions et un podium. La marque japonaise peut \u00e9galement compter sur Pramac, nouvelle \u00e9quipe satellite motoris\u00e9e par Yamaha, avec <strong>Jack Miller<\/strong> et <strong>Miguel Oliveira<\/strong>.<\/p>\n<p style=\"text-align: justify;\"><strong>Johann Zarco<\/strong> dispute, lui, sa deuxi\u00e8me saison chez LCR Honda. Tr\u00e8s r\u00e9gulier, le Fran\u00e7ais a marqu\u00e9 les esprits en s\u2019imposant au Grand Prix de France, un succ\u00e8s historique. Sa prolongation de contrat avec l\u2019\u00e9quipe vient d\u2019\u00eatre officialis\u00e9e, preuve de la confiance accord\u00e9e \u00e0 son exp\u00e9rience.<\/p>\n<h3 style=\"text-align: justify;\">Honda toujours en qu\u00eate de renaissance<\/h3>\n<p style=\"text-align: justify;\">Enfin, <strong>Joan Mir<\/strong> et <strong>Luca Marini<\/strong> d\u00e9fendent les couleurs du team Honda HRC Castrol. La marque, en difficult\u00e9 ces derni\u00e8res ann\u00e9es, esp\u00e8re retrouver de la comp\u00e9titivit\u00e9 sur ses terres au Japon.<\/p>\n<ul>\n<li style=\"text-align: justify;\"><strong>\u00c0 lire aussi &#8211; <a href=\"https:\/\/dicodusport.fr\/blog\/classement-motogp-2025-le-point-sur-le-championnat-du-monde-des-pilotes\/\">MotoGP 2025 : Le classement du championnat du monde des pilotes<\/a><\/strong><\/li>\n<\/ul>\n","protected":false},"excerpt":{"rendered":"<p>Retrouvez ici le programme TV complet, les horaires ainsi que les r\u00e9sultats du Grand Prix du Japon 2025 de MotoGP.\u00a0\u00a0<\/p>\n","protected":false},"author":54,"featured_media":614054,"comment_status":"open","ping_status":"closed","sticky":false,"template":"","format":"standard","meta":{"_acf_changed":false,"_daextam_enable_autolinks":"1","footnotes":""},"categories":[44295,47087],"tags":[16878,6198,26788,10938],"class_list":["post-614028","post","type-post","status-publish","format-standard","has-post-thumbnail","hentry","category-chaine-tv","category-motogp","tag-breve","tag-grand-prix-du-japon","tag-grand-prix-du-japon-motogp","tag-motogp"],"acf":[],"yoast_head":"<!-- This site is optimized with the Yoast SEO Premium plugin v26.7 (Yoast SEO v26.7) - https:\/\/yoast.com\/wordpress\/plugins\/seo\/ -->\n<title>MotoGP Japon 2025 : les r\u00e9sultats complets mis \u00e0 jour<\/title>\n<meta name=\"description\" content=\"Retrouvez ici le programme TV complet, les horaires ainsi que les r\u00e9sultats du Grand Prix du Japon 2025 de MotoGP.\u00a0\u00a0\" \/>\n<meta name=\"robots\" content=\"index, follow, max-snippet:-1, max-image-preview:large, max-video-preview:-1\" \/>\n<link rel=\"canonical\" href=\"https:\/\/dicodusport.fr\/blog\/programme-complet-du-motogp-japon-2025-horaires-chaine-tv-et-resultats-en-temps-reel\/\" \/>\n<meta property=\"og:locale\" content=\"fr_FR\" \/>\n<meta property=\"og:type\" content=\"article\" \/>\n<meta property=\"og:title\" content=\"MotoGP Japon 2025 : les r\u00e9sultats complets mis \u00e0 jour\" \/>\n<meta property=\"og:description\" content=\"Retrouvez ici le programme TV complet, les horaires ainsi que les r\u00e9sultats du Grand Prix du Japon 2025 de MotoGP.\u00a0\u00a0\" \/>\n<meta property=\"og:url\" content=\"https:\/\/dicodusport.fr\/blog\/programme-complet-du-motogp-japon-2025-horaires-chaine-tv-et-resultats-en-temps-reel\/\" \/>\n<meta property=\"og:site_name\" content=\"Dicodusport\" \/>\n<meta property=\"article:publisher\" content=\"https:\/\/www.facebook.com\/dicodusport\" \/>\n<meta property=\"article:author\" content=\"https:\/\/www.facebook.com\/roxane.lecacher\" \/>\n<meta property=\"article:published_time\" content=\"2025-09-28T06:06:56+00:00\" \/>\n<meta property=\"article:modified_time\" content=\"2025-09-28T06:07:53+00:00\" \/>\n<meta property=\"og:image\" content=\"https:\/\/dicodusport.fr\/blog\/wp-content\/uploads\/2025\/09\/Programme-complet-du-MotoGP-Japon-2025-horaires-chaine-TV-et-resultats-en-temps-reel.png\" \/>\n\t<meta property=\"og:image:width\" content=\"1200\" \/>\n\t<meta property=\"og:image:height\" content=\"674\" \/>\n\t<meta property=\"og:image:type\" content=\"image\/png\" \/>\n<meta name=\"author\" content=\"Roxane Lecacher\" \/>\n<meta name=\"twitter:card\" content=\"summary_large_image\" \/>\n<meta name=\"twitter:creator\" content=\"@dicodusport\" \/>\n<meta name=\"twitter:site\" content=\"@dicodusport\" \/>\n<script type=\"application\/ld+json\" class=\"yoast-schema-graph\">{\"@context\":\"https:\/\/schema.org\",\"@graph\":[{\"@type\":\"NewsArticle\",\"@id\":\"https:\/\/dicodusport.fr\/blog\/programme-complet-du-motogp-japon-2025-horaires-chaine-tv-et-resultats-en-temps-reel\/#article\",\"isPartOf\":{\"@id\":\"https:\/\/dicodusport.fr\/blog\/programme-complet-du-motogp-japon-2025-horaires-chaine-tv-et-resultats-en-temps-reel\/\"},\"author\":{\"name\":\"Roxane Lecacher\",\"@id\":\"https:\/\/dicodusport.fr\/blog\/#\/schema\/person\/819fb2545dd2715bd7c0580d6d4b411a\"},\"headline\":\"MotoGP Japon 2025 : les r\u00e9sultats complets mis \u00e0 jour\",\"datePublished\":\"2025-09-28T06:06:56+00:00\",\"dateModified\":\"2025-09-28T06:07:53+00:00\",\"mainEntityOfPage\":{\"@id\":\"https:\/\/dicodusport.fr\/blog\/programme-complet-du-motogp-japon-2025-horaires-chaine-tv-et-resultats-en-temps-reel\/\"},\"wordCount\":1230,\"commentCount\":0,\"publisher\":{\"@id\":\"https:\/\/dicodusport.fr\/blog\/#organization\"},\"image\":{\"@id\":\"https:\/\/dicodusport.fr\/blog\/programme-complet-du-motogp-japon-2025-horaires-chaine-tv-et-resultats-en-temps-reel\/#primaryimage\"},\"thumbnailUrl\":\"https:\/\/dicodusport.fr\/blog\/wp-content\/uploads\/2025\/09\/Programme-complet-du-MotoGP-Japon-2025-horaires-chaine-TV-et-resultats-en-temps-reel.png\",\"keywords\":[\"br\u00e8ve\",\"Grand Prix du Japon\",\"Grand Prix du Japon MotoGP\",\"MotoGP\"],\"articleSection\":[\"Cha\u00eene TV\",\"MotoGP\"],\"inLanguage\":\"fr-FR\",\"potentialAction\":[{\"@type\":\"CommentAction\",\"name\":\"Comment\",\"target\":[\"https:\/\/dicodusport.fr\/blog\/programme-complet-du-motogp-japon-2025-horaires-chaine-tv-et-resultats-en-temps-reel\/#respond\"]}],\"copyrightYear\":\"2025\",\"copyrightHolder\":{\"@id\":\"https:\/\/dicodusport.fr\/blog\/#organization\"}},{\"@type\":\"WebPage\",\"@id\":\"https:\/\/dicodusport.fr\/blog\/programme-complet-du-motogp-japon-2025-horaires-chaine-tv-et-resultats-en-temps-reel\/\",\"url\":\"https:\/\/dicodusport.fr\/blog\/programme-complet-du-motogp-japon-2025-horaires-chaine-tv-et-resultats-en-temps-reel\/\",\"name\":\"MotoGP Japon 2025 : les r\u00e9sultats complets mis \u00e0 jour\",\"isPartOf\":{\"@id\":\"https:\/\/dicodusport.fr\/blog\/#website\"},\"primaryImageOfPage\":{\"@id\":\"https:\/\/dicodusport.fr\/blog\/programme-complet-du-motogp-japon-2025-horaires-chaine-tv-et-resultats-en-temps-reel\/#primaryimage\"},\"image\":{\"@id\":\"https:\/\/dicodusport.fr\/blog\/programme-complet-du-motogp-japon-2025-horaires-chaine-tv-et-resultats-en-temps-reel\/#primaryimage\"},\"thumbnailUrl\":\"https:\/\/dicodusport.fr\/blog\/wp-content\/uploads\/2025\/09\/Programme-complet-du-MotoGP-Japon-2025-horaires-chaine-TV-et-resultats-en-temps-reel.png\",\"datePublished\":\"2025-09-28T06:06:56+00:00\",\"dateModified\":\"2025-09-28T06:07:53+00:00\",\"description\":\"Retrouvez ici le programme TV complet, les horaires ainsi que les r\u00e9sultats du Grand Prix du Japon 2025 de MotoGP.\u00a0\u00a0\",\"breadcrumb\":{\"@id\":\"https:\/\/dicodusport.fr\/blog\/programme-complet-du-motogp-japon-2025-horaires-chaine-tv-et-resultats-en-temps-reel\/#breadcrumb\"},\"inLanguage\":\"fr-FR\",\"potentialAction\":[{\"@type\":\"ReadAction\",\"target\":[\"https:\/\/dicodusport.fr\/blog\/programme-complet-du-motogp-japon-2025-horaires-chaine-tv-et-resultats-en-temps-reel\/\"]}]},{\"@type\":\"ImageObject\",\"inLanguage\":\"fr-FR\",\"@id\":\"https:\/\/dicodusport.fr\/blog\/programme-complet-du-motogp-japon-2025-horaires-chaine-tv-et-resultats-en-temps-reel\/#primaryimage\",\"url\":\"https:\/\/dicodusport.fr\/blog\/wp-content\/uploads\/2025\/09\/Programme-complet-du-MotoGP-Japon-2025-horaires-chaine-TV-et-resultats-en-temps-reel.png\",\"contentUrl\":\"https:\/\/dicodusport.fr\/blog\/wp-content\/uploads\/2025\/09\/Programme-complet-du-MotoGP-Japon-2025-horaires-chaine-TV-et-resultats-en-temps-reel.png\",\"width\":1200,\"height\":674,\"caption\":\"Programme complet du MotoGP Japon 2025 horaires, cha\u00eene TV et r\u00e9sultats en temps r\u00e9el\"},{\"@type\":\"BreadcrumbList\",\"@id\":\"https:\/\/dicodusport.fr\/blog\/programme-complet-du-motogp-japon-2025-horaires-chaine-tv-et-resultats-en-temps-reel\/#breadcrumb\",\"itemListElement\":[{\"@type\":\"ListItem\",\"position\":1,\"name\":\"Accueil\",\"item\":\"https:\/\/dicodusport.fr\/blog\/\"},{\"@type\":\"ListItem\",\"position\":2,\"name\":\"MotoGP Japon 2025 : les r\u00e9sultats complets mis \u00e0 jour\"}]},{\"@type\":\"WebSite\",\"@id\":\"https:\/\/dicodusport.fr\/blog\/#website\",\"url\":\"https:\/\/dicodusport.fr\/blog\/\",\"name\":\"Dicodusport\",\"description\":\"L&#039;encyclop\u00e9die de l&#039;actualit\u00e9 sportive\",\"publisher\":{\"@id\":\"https:\/\/dicodusport.fr\/blog\/#organization\"},\"potentialAction\":[{\"@type\":\"SearchAction\",\"target\":{\"@type\":\"EntryPoint\",\"urlTemplate\":\"https:\/\/dicodusport.fr\/blog\/?s={search_term_string}\"},\"query-input\":{\"@type\":\"PropertyValueSpecification\",\"valueRequired\":true,\"valueName\":\"search_term_string\"}}],\"inLanguage\":\"fr-FR\"},{\"@type\":\"NewsMediaOrganization\",\"@id\":\"https:\/\/dicodusport.fr\/blog\/#organization\",\"name\":\"Dicodusport\",\"url\":\"https:\/\/dicodusport.fr\/blog\/\",\"logo\":{\"@type\":\"ImageObject\",\"inLanguage\":\"fr-FR\",\"@id\":\"https:\/\/dicodusport.fr\/blog\/#\/schema\/logo\/image\/\",\"url\":\"https:\/\/dicodusport.fr\/blog\/wp-content\/uploads\/2020\/06\/cropped-LOGO-DICODUSPORT-2020-SANS-FOND-SANS-TEXTE.png\",\"contentUrl\":\"https:\/\/dicodusport.fr\/blog\/wp-content\/uploads\/2020\/06\/cropped-LOGO-DICODUSPORT-2020-SANS-FOND-SANS-TEXTE.png\",\"width\":512,\"height\":512,\"caption\":\"Dicodusport\"},\"image\":{\"@id\":\"https:\/\/dicodusport.fr\/blog\/#\/schema\/logo\/image\/\"},\"sameAs\":[\"https:\/\/www.facebook.com\/dicodusport\",\"https:\/\/x.com\/dicodusport\",\"https:\/\/www.instagram.com\/dicodusport\/\",\"https:\/\/www.youtube.com\/channel\/UC7V2KZ5sd3htJivAbA4ZG3w\"],\"description\":\"Dicodusport est l'encyclop\u00e9die de l'actualit\u00e9 sportive.\",\"email\":\"bonjour@dicodusport.fr\",\"legalName\":\"DICODUSPORT\",\"foundingDate\":\"2018-01-14\",\"vatID\":\"FR71834470973\",\"taxID\":\"83447097300043\",\"numberOfEmployees\":{\"@type\":\"QuantitativeValue\",\"minValue\":\"1\",\"maxValue\":\"10\"}},{\"@type\":\"Person\",\"@id\":\"https:\/\/dicodusport.fr\/blog\/#\/schema\/person\/819fb2545dd2715bd7c0580d6d4b411a\",\"name\":\"Roxane Lecacher\",\"image\":{\"@type\":\"ImageObject\",\"inLanguage\":\"fr-FR\",\"@id\":\"https:\/\/dicodusport.fr\/blog\/#\/schema\/person\/image\/\",\"url\":\"https:\/\/dicodusport.fr\/blog\/wp-content\/uploads\/2021\/05\/Roxane-Lecacher-150x150.jpg\",\"contentUrl\":\"https:\/\/dicodusport.fr\/blog\/wp-content\/uploads\/2021\/05\/Roxane-Lecacher-150x150.jpg\",\"caption\":\"Roxane Lecacher\"},\"description\":\"Journaliste\/r\u00e9dactrice depuis janvier 2021 - N\u00e9e quelques jours avant la premi\u00e8re \u00e9toile des Bleus, je baigne dans une famille tr\u00e8s sportive. Je n\u2019ai eu d\u2019autres choix que de me passionner pour le sujet. Pratiquante de l\u2019athl\u00e9tisme depuis toute petite, j\u2019ai aussi un attrait tout particulier pour la Formule 1, le biathlon et le foot. Pendant les grands \u00e9v\u00e9nements, il est impossible de d\u00e9crocher de ma t\u00e9l\u00e9. C\u2019est \u00e0 travers Dicodusport que j\u2019aime d\u00e9sormais vous transmettre mes \u00e9motions et ma passion.\",\"sameAs\":[\"https:\/\/www.facebook.com\/roxane.lecacher\",\"https:\/\/fr.linkedin.com\/in\/roxane-lecacher-23368313b\"],\"url\":\"https:\/\/dicodusport.fr\/blog\/author\/roxanel\/\"}]}<\/script>\n<!-- \/ Yoast SEO Premium plugin. -->","yoast_head_json":{"title":"MotoGP Japon 2025 : les r\u00e9sultats complets mis \u00e0 jour","description":"Retrouvez ici le programme TV complet, les horaires ainsi que les r\u00e9sultats du Grand Prix du Japon 2025 de MotoGP.\u00a0\u00a0","robots":{"index":"index","follow":"follow","max-snippet":"max-snippet:-1","max-image-preview":"max-image-preview:large","max-video-preview":"max-video-preview:-1"},"canonical":"https:\/\/dicodusport.fr\/blog\/programme-complet-du-motogp-japon-2025-horaires-chaine-tv-et-resultats-en-temps-reel\/","og_locale":"fr_FR","og_type":"article","og_title":"MotoGP Japon 2025 : les r\u00e9sultats complets mis \u00e0 jour","og_description":"Retrouvez ici le programme TV complet, les horaires ainsi que les r\u00e9sultats du Grand Prix du Japon 2025 de MotoGP.\u00a0\u00a0","og_url":"https:\/\/dicodusport.fr\/blog\/programme-complet-du-motogp-japon-2025-horaires-chaine-tv-et-resultats-en-temps-reel\/","og_site_name":"Dicodusport","article_publisher":"https:\/\/www.facebook.com\/dicodusport","article_author":"https:\/\/www.facebook.com\/roxane.lecacher","article_published_time":"2025-09-28T06:06:56+00:00","article_modified_time":"2025-09-28T06:07:53+00:00","og_image":[{"width":1200,"height":674,"url":"https:\/\/dicodusport.fr\/blog\/wp-content\/uploads\/2025\/09\/Programme-complet-du-MotoGP-Japon-2025-horaires-chaine-TV-et-resultats-en-temps-reel.png","type":"image\/png"}],"author":"Roxane Lecacher","twitter_card":"summary_large_image","twitter_creator":"@dicodusport","twitter_site":"@dicodusport","schema":{"@context":"https:\/\/schema.org","@graph":[{"@type":"NewsArticle","@id":"https:\/\/dicodusport.fr\/blog\/programme-complet-du-motogp-japon-2025-horaires-chaine-tv-et-resultats-en-temps-reel\/#article","isPartOf":{"@id":"https:\/\/dicodusport.fr\/blog\/programme-complet-du-motogp-japon-2025-horaires-chaine-tv-et-resultats-en-temps-reel\/"},"author":{"name":"Roxane Lecacher","@id":"https:\/\/dicodusport.fr\/blog\/#\/schema\/person\/819fb2545dd2715bd7c0580d6d4b411a"},"headline":"MotoGP Japon 2025 : les r\u00e9sultats complets mis \u00e0 jour","datePublished":"2025-09-28T06:06:56+00:00","dateModified":"2025-09-28T06:07:53+00:00","mainEntityOfPage":{"@id":"https:\/\/dicodusport.fr\/blog\/programme-complet-du-motogp-japon-2025-horaires-chaine-tv-et-resultats-en-temps-reel\/"},"wordCount":1230,"commentCount":0,"publisher":{"@id":"https:\/\/dicodusport.fr\/blog\/#organization"},"image":{"@id":"https:\/\/dicodusport.fr\/blog\/programme-complet-du-motogp-japon-2025-horaires-chaine-tv-et-resultats-en-temps-reel\/#primaryimage"},"thumbnailUrl":"https:\/\/dicodusport.fr\/blog\/wp-content\/uploads\/2025\/09\/Programme-complet-du-MotoGP-Japon-2025-horaires-chaine-TV-et-resultats-en-temps-reel.png","keywords":["br\u00e8ve","Grand Prix du Japon","Grand Prix du Japon MotoGP","MotoGP"],"articleSection":["Cha\u00eene TV","MotoGP"],"inLanguage":"fr-FR","potentialAction":[{"@type":"CommentAction","name":"Comment","target":["https:\/\/dicodusport.fr\/blog\/programme-complet-du-motogp-japon-2025-horaires-chaine-tv-et-resultats-en-temps-reel\/#respond"]}],"copyrightYear":"2025","copyrightHolder":{"@id":"https:\/\/dicodusport.fr\/blog\/#organization"}},{"@type":"WebPage","@id":"https:\/\/dicodusport.fr\/blog\/programme-complet-du-motogp-japon-2025-horaires-chaine-tv-et-resultats-en-temps-reel\/","url":"https:\/\/dicodusport.fr\/blog\/programme-complet-du-motogp-japon-2025-horaires-chaine-tv-et-resultats-en-temps-reel\/","name":"MotoGP Japon 2025 : les r\u00e9sultats complets mis \u00e0 jour","isPartOf":{"@id":"https:\/\/dicodusport.fr\/blog\/#website"},"primaryImageOfPage":{"@id":"https:\/\/dicodusport.fr\/blog\/programme-complet-du-motogp-japon-2025-horaires-chaine-tv-et-resultats-en-temps-reel\/#primaryimage"},"image":{"@id":"https:\/\/dicodusport.fr\/blog\/programme-complet-du-motogp-japon-2025-horaires-chaine-tv-et-resultats-en-temps-reel\/#primaryimage"},"thumbnailUrl":"https:\/\/dicodusport.fr\/blog\/wp-content\/uploads\/2025\/09\/Programme-complet-du-MotoGP-Japon-2025-horaires-chaine-TV-et-resultats-en-temps-reel.png","datePublished":"2025-09-28T06:06:56+00:00","dateModified":"2025-09-28T06:07:53+00:00","description":"Retrouvez ici le programme TV complet, les horaires ainsi que les r\u00e9sultats du Grand Prix du Japon 2025 de MotoGP.\u00a0\u00a0","breadcrumb":{"@id":"https:\/\/dicodusport.fr\/blog\/programme-complet-du-motogp-japon-2025-horaires-chaine-tv-et-resultats-en-temps-reel\/#breadcrumb"},"inLanguage":"fr-FR","potentialAction":[{"@type":"ReadAction","target":["https:\/\/dicodusport.fr\/blog\/programme-complet-du-motogp-japon-2025-horaires-chaine-tv-et-resultats-en-temps-reel\/"]}]},{"@type":"ImageObject","inLanguage":"fr-FR","@id":"https:\/\/dicodusport.fr\/blog\/programme-complet-du-motogp-japon-2025-horaires-chaine-tv-et-resultats-en-temps-reel\/#primaryimage","url":"https:\/\/dicodusport.fr\/blog\/wp-content\/uploads\/2025\/09\/Programme-complet-du-MotoGP-Japon-2025-horaires-chaine-TV-et-resultats-en-temps-reel.png","contentUrl":"https:\/\/dicodusport.fr\/blog\/wp-content\/uploads\/2025\/09\/Programme-complet-du-MotoGP-Japon-2025-horaires-chaine-TV-et-resultats-en-temps-reel.png","width":1200,"height":674,"caption":"Programme complet du MotoGP Japon 2025 horaires, cha\u00eene TV et r\u00e9sultats en temps r\u00e9el"},{"@type":"BreadcrumbList","@id":"https:\/\/dicodusport.fr\/blog\/programme-complet-du-motogp-japon-2025-horaires-chaine-tv-et-resultats-en-temps-reel\/#breadcrumb","itemListElement":[{"@type":"ListItem","position":1,"name":"Accueil","item":"https:\/\/dicodusport.fr\/blog\/"},{"@type":"ListItem","position":2,"name":"MotoGP Japon 2025 : les r\u00e9sultats complets mis \u00e0 jour"}]},{"@type":"WebSite","@id":"https:\/\/dicodusport.fr\/blog\/#website","url":"https:\/\/dicodusport.fr\/blog\/","name":"Dicodusport","description":"L&#039;encyclop\u00e9die de l&#039;actualit\u00e9 sportive","publisher":{"@id":"https:\/\/dicodusport.fr\/blog\/#organization"},"potentialAction":[{"@type":"SearchAction","target":{"@type":"EntryPoint","urlTemplate":"https:\/\/dicodusport.fr\/blog\/?s={search_term_string}"},"query-input":{"@type":"PropertyValueSpecification","valueRequired":true,"valueName":"search_term_string"}}],"inLanguage":"fr-FR"},{"@type":"NewsMediaOrganization","@id":"https:\/\/dicodusport.fr\/blog\/#organization","name":"Dicodusport","url":"https:\/\/dicodusport.fr\/blog\/","logo":{"@type":"ImageObject","inLanguage":"fr-FR","@id":"https:\/\/dicodusport.fr\/blog\/#\/schema\/logo\/image\/","url":"https:\/\/dicodusport.fr\/blog\/wp-content\/uploads\/2020\/06\/cropped-LOGO-DICODUSPORT-2020-SANS-FOND-SANS-TEXTE.png","contentUrl":"https:\/\/dicodusport.fr\/blog\/wp-content\/uploads\/2020\/06\/cropped-LOGO-DICODUSPORT-2020-SANS-FOND-SANS-TEXTE.png","width":512,"height":512,"caption":"Dicodusport"},"image":{"@id":"https:\/\/dicodusport.fr\/blog\/#\/schema\/logo\/image\/"},"sameAs":["https:\/\/www.facebook.com\/dicodusport","https:\/\/x.com\/dicodusport","https:\/\/www.instagram.com\/dicodusport\/","https:\/\/www.youtube.com\/channel\/UC7V2KZ5sd3htJivAbA4ZG3w"],"description":"Dicodusport est l'encyclop\u00e9die de l'actualit\u00e9 sportive.","email":"bonjour@dicodusport.fr","legalName":"DICODUSPORT","foundingDate":"2018-01-14","vatID":"FR71834470973","taxID":"83447097300043","numberOfEmployees":{"@type":"QuantitativeValue","minValue":"1","maxValue":"10"}},{"@type":"Person","@id":"https:\/\/dicodusport.fr\/blog\/#\/schema\/person\/819fb2545dd2715bd7c0580d6d4b411a","name":"Roxane Lecacher","image":{"@type":"ImageObject","inLanguage":"fr-FR","@id":"https:\/\/dicodusport.fr\/blog\/#\/schema\/person\/image\/","url":"https:\/\/dicodusport.fr\/blog\/wp-content\/uploads\/2021\/05\/Roxane-Lecacher-150x150.jpg","contentUrl":"https:\/\/dicodusport.fr\/blog\/wp-content\/uploads\/2021\/05\/Roxane-Lecacher-150x150.jpg","caption":"Roxane Lecacher"},"description":"Journaliste\/r\u00e9dactrice depuis janvier 2021 - N\u00e9e quelques jours avant la premi\u00e8re \u00e9toile des Bleus, je baigne dans une famille tr\u00e8s sportive. Je n\u2019ai eu d\u2019autres choix que de me passionner pour le sujet. Pratiquante de l\u2019athl\u00e9tisme depuis toute petite, j\u2019ai aussi un attrait tout particulier pour la Formule 1, le biathlon et le foot. Pendant les grands \u00e9v\u00e9nements, il est impossible de d\u00e9crocher de ma t\u00e9l\u00e9. C\u2019est \u00e0 travers Dicodusport que j\u2019aime d\u00e9sormais vous transmettre mes \u00e9motions et ma passion.","sameAs":["https:\/\/www.facebook.com\/roxane.lecacher","https:\/\/fr.linkedin.com\/in\/roxane-lecacher-23368313b"],"url":"https:\/\/dicodusport.fr\/blog\/author\/roxanel\/"}]}},"_links":{"self":[{"href":"https:\/\/dicodusport.fr\/blog\/wp-json\/wp\/v2\/posts\/614028","targetHints":{"allow":["GET"]}}],"collection":[{"href":"https:\/\/dicodusport.fr\/blog\/wp-json\/wp\/v2\/posts"}],"about":[{"href":"https:\/\/dicodusport.fr\/blog\/wp-json\/wp\/v2\/types\/post"}],"author":[{"embeddable":true,"href":"https:\/\/dicodusport.fr\/blog\/wp-json\/wp\/v2\/users\/54"}],"replies":[{"embeddable":true,"href":"https:\/\/dicodusport.fr\/blog\/wp-json\/wp\/v2\/comments?post=614028"}],"version-history":[{"count":5,"href":"https:\/\/dicodusport.fr\/blog\/wp-json\/wp\/v2\/posts\/614028\/revisions"}],"predecessor-version":[{"id":614930,"href":"https:\/\/dicodusport.fr\/blog\/wp-json\/wp\/v2\/posts\/614028\/revisions\/614930"}],"wp:featuredmedia":[{"embeddable":true,"href":"https:\/\/dicodusport.fr\/blog\/wp-json\/wp\/v2\/media\/614054"}],"wp:attachment":[{"href":"https:\/\/dicodusport.fr\/blog\/wp-json\/wp\/v2\/media?parent=614028"}],"wp:term":[{"taxonomy":"category","embeddable":true,"href":"https:\/\/dicodusport.fr\/blog\/wp-json\/wp\/v2\/categories?post=614028"},{"taxonomy":"post_tag","embeddable":true,"href":"https:\/\/dicodusport.fr\/blog\/wp-json\/wp\/v2\/tags?post=614028"}],"curies":[{"name":"wp","href":"https:\/\/api.w.org\/{rel}","templated":true}]}}