{"id":614030,"date":"2025-09-25T09:13:38","date_gmt":"2025-09-25T07:13:38","guid":{"rendered":"https:\/\/dicodusport.fr\/blog\/?p=614030&#038;preview=true&#038;preview_id=614030"},"modified":"2025-09-25T09:13:38","modified_gmt":"2025-09-25T07:13:38","slug":"para-escalade-mondiaux-2025-pluie-dor-pour-les-bleus-lucie-jarrige-solenne-piret-et-thierry-delarue-conservent-leur-titre","status":"publish","type":"post","link":"https:\/\/dicodusport.fr\/blog\/para-escalade-mondiaux-2025-pluie-dor-pour-les-bleus-lucie-jarrige-solenne-piret-et-thierry-delarue-conservent-leur-titre\/","title":{"rendered":"Para escalade Mondiaux 2025 : Pluie d&rsquo;or pour les Bleus, Lucie Jarrige, Solenne Piret et Thierry Delarue conservent leur titre !"},"content":{"rendered":"<p style=\"text-align: justify;\"><strong><em>CHAMPIONNATS DU MONDE DE PARA ESCALADE 2025 &#8211; Trois m\u00e9dailles d&rsquo;or et une de bronze pour conclure : les Bleus ont rayonn\u00e9 et r\u00e9ussi leurs Mondiaux en Cor\u00e9e du Sud.<\/em><\/strong><\/p>\n<p style=\"text-align: justify;\">Hier, <strong>Alo\u00efs Pottier<\/strong> avait conserv\u00e9 son titre mondial, et ouvert la marche pour les Bleus sur ces Championnats du monde. Il \u00e9tait l&rsquo;un des quatre Fran\u00e7ais qui avaient \u00e9t\u00e9 sacr\u00e9s en 2023, et les trois autres disputaient leur finale aujourd&rsquo;hui, jour de cl\u00f4ture pour la para escalade aux Mondiaux en Cor\u00e9e du Sud.<\/p>\n<div class=\"vlp-link-container vlp-layout-article\"><a href=\"https:\/\/dicodusport.fr\/blog\/para-escalade-mondiaux-2025-alois-pottier-sacre-en-difficulte-deja-3-medailles-pour-la-france\/\" class=\"vlp-link\" title=\"Para escalade Mondiaux 2025 : Alo\u00efs Pottier sacr\u00e9 en difficult\u00e9, d\u00e9j\u00e0 3 m\u00e9dailles pour la France\"><\/a><div class=\"vlp-layout-zone-side\"><div class=\"vlp-block-4 vlp-link-image\"><img loading=\"lazy\" decoding=\"async\" style=\"max-width: 792px;\" width=\"792\" height=\"445\" src=\"https:\/\/dicodusport.fr\/blog\/wp-content\/uploads\/2025\/09\/Para-escalade-Mondiaux-2025-Alois-Pottier-sacre-en-difficulte-deja-3-medailles-pour-la-France.png\" class=\"attachment-800x445 size-800x445\" alt=\"Para escalade Mondiaux 2025 Alo\u00efs Pottier sacr\u00e9 en difficult\u00e9, d\u00e9j\u00e0 3 m\u00e9dailles pour la France\" srcset=\"https:\/\/dicodusport.fr\/blog\/wp-content\/uploads\/2025\/09\/Para-escalade-Mondiaux-2025-Alois-Pottier-sacre-en-difficulte-deja-3-medailles-pour-la-France.png 1200w, https:\/\/dicodusport.fr\/blog\/wp-content\/uploads\/2025\/09\/Para-escalade-Mondiaux-2025-Alois-Pottier-sacre-en-difficulte-deja-3-medailles-pour-la-France-300x169.png 300w, https:\/\/dicodusport.fr\/blog\/wp-content\/uploads\/2025\/09\/Para-escalade-Mondiaux-2025-Alois-Pottier-sacre-en-difficulte-deja-3-medailles-pour-la-France-1024x575.png 1024w, https:\/\/dicodusport.fr\/blog\/wp-content\/uploads\/2025\/09\/Para-escalade-Mondiaux-2025-Alois-Pottier-sacre-en-difficulte-deja-3-medailles-pour-la-France-768x431.png 768w\" sizes=\"auto, (max-width: 792px) 100vw, 792px\" \/><\/div><\/div><div class=\"vlp-layout-zone-main\"><div class=\"vlp-block-0 vlp-link-title\">Para escalade Mondiaux 2025 : Alo\u00efs Pottier sacr\u00e9 en difficult\u00e9, d\u00e9j\u00e0 3 m\u00e9dailles pour la France<\/div><div class=\"vlp-block-1 vlp-link-summary\">CHAMPIONNATS DU MONDE DE PARA ESCALADE 2025 - Pour la premi\u00e8re des deux journ\u00e9es de finale, les Bleus ont rafl\u00e9 trois m\u00e9dailles, dont l'or pour Alo\u00efs Pottier.\u00a0<\/div><div class=\"vlp-block-2 vlp-link-button\">Lire l'article<\/div><div class=\"vlp-block-3 vlp-link-url\">dicodusport.fr<\/div><\/div><\/div>\n<h2 style=\"text-align: justify;\">Trois l\u00e9gendes<\/h2>\n<p style=\"text-align: justify;\">Le bilan ? Parfait. <strong>Solenne Piret<\/strong> a triomph\u00e9 en cat\u00e9gorie AU2 (D\u00e9ficience mod\u00e9r\u00e9e des membres sup\u00e9rieurs &#8211; Un membre sup\u00e9rieur a une fonction r\u00e9duite en dessous du coude de l&rsquo;athl\u00e8te et n&rsquo;a pas d&rsquo;articulation du poignet fonctionnelle). Et avec la mani\u00e8re, puisqu&rsquo;elle a valid\u00e9 47 prises, contre 27 pour sa plus proche poursuivante. Ce n&rsquo;est pas une m\u00e9daille anecdotique pour la Fran\u00e7aise, qui remporte tout simplement son cinqui\u00e8me titre mondial cons\u00e9cutif ! Et \u00e0 33 ans, elle a encore toute latitude pour remplir son palmar\u00e8s, notamment en vue de l&rsquo;objectif Los Angeles 2028, o\u00f9 la para escalade sera au programme pour la premi\u00e8re fois.<\/p>\n<p style=\"text-align: justify;\">En cat\u00e9gorie AL2 (D\u00e9ficience unilat\u00e9rale des membres inf\u00e9rieurs ou diff\u00e9rence de longueur des jambes &#8211; D\u00e9ficience d&rsquo;un seul membre inf\u00e9rieur), c&rsquo;est un doubl\u00e9 fran\u00e7ais. Et encore une fois une histoire d&rsquo;habitu\u00e9s. <strong>Thierry Delarue<\/strong> rafle lui aussi son cinqui\u00e8me titre mondial cons\u00e9cutif \u00e0 47 ans avec dix prises de plus que la concurrence. Quant \u00e0 <strong>Lucie Jarrige<\/strong>, c&rsquo;est carr\u00e9ment la sixi\u00e8me m\u00e9daille d&rsquo;or cons\u00e9cutive ! Sacr\u00e9e pour la premi\u00e8re fois \u00e0 Bercy en 2016, elle est toujours au top 9 ans apr\u00e8s. Une domination sans partage pour un trio l\u00e9gendaire qui empile les titres mondiaux.<\/p>\n<p style=\"text-align: justify;\">On rajoute le bronze d&rsquo;<strong>Oriane Ilpide<\/strong> en cat\u00e9gorie AU3 (D\u00e9ficience de la main &#8211; Une main ou plusieurs doigts des deux mains sont absents ou ont une fonction r\u00e9duite. Pr\u00e9sence de l&rsquo;articulation du poignet) et on obtient un bilan de 7 m\u00e9dailles, meilleur qu&rsquo;en 2023 (4 en or \u00ab\u00a0seulement\u00a0\u00bb). Magnifique prestation des para escaladeurs fran\u00e7ais, toujours au sommet en Cor\u00e9e du Sud.<\/p>\n<h2 style=\"text-align: justify;\">Les m\u00e9dailles fran\u00e7aises<\/h2>\n<p style=\"text-align: justify;\">Or : Alo\u00efs Pottier (difficult\u00e9 RP1), Thierry Delarue (difficult\u00e9 AL2), Lucie Jarrige (difficult\u00e9 AL2), Solenne Piret (difficult\u00e9 AU2)<\/p>\n<p style=\"text-align: justify;\">Argent : &#8211;<\/p>\n<p style=\"text-align: justify;\">Bronze : Nicolas Moineau (difficult\u00e9 B1), Elsa Boutel Menard (difficult\u00e9 B3), Oriane Ilpide (difficult\u00e9 AU3).<\/p>\n","protected":false},"excerpt":{"rendered":"<p>CHAMPIONNATS DU MONDE DE PARA ESCALADE 2025 &#8211; Trois m\u00e9dailles d&rsquo;or et une de bronze pour conclure : les Bleus ont rayonn\u00e9 et r\u00e9ussi leurs Mondiaux en Cor\u00e9e du Sud.<\/p>\n","protected":false},"author":59,"featured_media":614033,"comment_status":"open","ping_status":"closed","sticky":false,"template":"","format":"standard","meta":{"_acf_changed":false,"_daextam_enable_autolinks":"1","footnotes":""},"categories":[10930,5753],"tags":[16878,47266],"class_list":["post-614030","post","type-post","status-publish","format-standard","has-post-thumbnail","hentry","category-escalade","category-handisport","tag-breve","tag-para-escalade"],"acf":[],"yoast_head":"<!-- This site is optimized with the Yoast SEO Premium plugin v26.7 (Yoast SEO v26.7) - https:\/\/yoast.com\/wordpress\/plugins\/seo\/ -->\n<title>Para escalade Mondiaux 2025 : Pluie d&#039;or pour les Bleus, Lucie Jarrige, Solenne Piret et Thierry Delarue conservent leur titre !<\/title>\n<meta name=\"description\" content=\"CHAMPIONNATS DU MONDE DE PARA ESCALADE 2025 - Trois m\u00e9dailles d&#039;or et une de bronze pour conclure : les Bleus ont rayonn\u00e9 et r\u00e9ussi leurs Mondiaux en Cor\u00e9e du Sud.\" \/>\n<meta name=\"robots\" content=\"index, follow, max-snippet:-1, max-image-preview:large, max-video-preview:-1\" \/>\n<link rel=\"canonical\" href=\"https:\/\/dicodusport.fr\/blog\/para-escalade-mondiaux-2025-pluie-dor-pour-les-bleus-lucie-jarrige-solenne-piret-et-thierry-delarue-conservent-leur-titre\/\" \/>\n<meta property=\"og:locale\" content=\"fr_FR\" \/>\n<meta property=\"og:type\" content=\"article\" \/>\n<meta property=\"og:title\" content=\"Para escalade Mondiaux 2025 : Pluie d&#039;or pour les Bleus, Lucie Jarrige, Solenne Piret et Thierry Delarue conservent leur titre !\" \/>\n<meta property=\"og:description\" content=\"CHAMPIONNATS DU MONDE DE PARA ESCALADE 2025 - Trois m\u00e9dailles d&#039;or et une de bronze pour conclure : les Bleus ont rayonn\u00e9 et r\u00e9ussi leurs Mondiaux en Cor\u00e9e du Sud.\" \/>\n<meta property=\"og:url\" content=\"https:\/\/dicodusport.fr\/blog\/para-escalade-mondiaux-2025-pluie-dor-pour-les-bleus-lucie-jarrige-solenne-piret-et-thierry-delarue-conservent-leur-titre\/\" \/>\n<meta property=\"og:site_name\" content=\"Dicodusport\" \/>\n<meta property=\"article:publisher\" content=\"https:\/\/www.facebook.com\/dicodusport\" \/>\n<meta property=\"article:author\" content=\"https:\/\/www.facebook.com\/sebastien.gente\/\" \/>\n<meta property=\"article:published_time\" content=\"2025-09-25T07:13:38+00:00\" \/>\n<meta property=\"og:image\" content=\"https:\/\/dicodusport.fr\/blog\/wp-content\/uploads\/2025\/09\/Para-escalade-Mondiaux-2025-Pluie-dor-pour-les-Bleus-Lucie-Jarrige-Solenne-Piret-et-Thierry-Delarue-conservent-leur-titre-.png\" \/>\n\t<meta property=\"og:image:width\" content=\"1200\" \/>\n\t<meta property=\"og:image:height\" content=\"674\" \/>\n\t<meta property=\"og:image:type\" content=\"image\/png\" \/>\n<meta name=\"author\" content=\"S\u00e9bastien Gente\" \/>\n<meta name=\"twitter:card\" content=\"summary_large_image\" \/>\n<meta name=\"twitter:title\" content=\"Para escalade Mondiaux 2025 : Pluie d&#039;or pour les Bleus, Lucie Jarrige, Solenne Piret et Thierry Delarue conservent leur titre !\" \/>\n<meta name=\"twitter:creator\" content=\"@https:\/\/twitter.com\/globulo24\" \/>\n<meta name=\"twitter:site\" content=\"@dicodusport\" \/>\n<script type=\"application\/ld+json\" class=\"yoast-schema-graph\">{\"@context\":\"https:\/\/schema.org\",\"@graph\":[{\"@type\":\"NewsArticle\",\"@id\":\"https:\/\/dicodusport.fr\/blog\/para-escalade-mondiaux-2025-pluie-dor-pour-les-bleus-lucie-jarrige-solenne-piret-et-thierry-delarue-conservent-leur-titre\/#article\",\"isPartOf\":{\"@id\":\"https:\/\/dicodusport.fr\/blog\/para-escalade-mondiaux-2025-pluie-dor-pour-les-bleus-lucie-jarrige-solenne-piret-et-thierry-delarue-conservent-leur-titre\/\"},\"author\":{\"name\":\"S\u00e9bastien Gente\",\"@id\":\"https:\/\/dicodusport.fr\/blog\/#\/schema\/person\/627966a6cde45dbd8c5e36ac85d783da\"},\"headline\":\"Para escalade Mondiaux 2025 : Pluie d&rsquo;or pour les Bleus, Lucie Jarrige, Solenne Piret et Thierry Delarue conservent leur titre !\",\"datePublished\":\"2025-09-25T07:13:38+00:00\",\"mainEntityOfPage\":{\"@id\":\"https:\/\/dicodusport.fr\/blog\/para-escalade-mondiaux-2025-pluie-dor-pour-les-bleus-lucie-jarrige-solenne-piret-et-thierry-delarue-conservent-leur-titre\/\"},\"wordCount\":539,\"commentCount\":0,\"publisher\":{\"@id\":\"https:\/\/dicodusport.fr\/blog\/#organization\"},\"image\":{\"@id\":\"https:\/\/dicodusport.fr\/blog\/para-escalade-mondiaux-2025-pluie-dor-pour-les-bleus-lucie-jarrige-solenne-piret-et-thierry-delarue-conservent-leur-titre\/#primaryimage\"},\"thumbnailUrl\":\"https:\/\/dicodusport.fr\/blog\/wp-content\/uploads\/2025\/09\/Para-escalade-Mondiaux-2025-Pluie-dor-pour-les-Bleus-Lucie-Jarrige-Solenne-Piret-et-Thierry-Delarue-conservent-leur-titre-.png\",\"keywords\":[\"br\u00e8ve\",\"para escalade\"],\"articleSection\":[\"Escalade\",\"Handisport\"],\"inLanguage\":\"fr-FR\",\"potentialAction\":[{\"@type\":\"CommentAction\",\"name\":\"Comment\",\"target\":[\"https:\/\/dicodusport.fr\/blog\/para-escalade-mondiaux-2025-pluie-dor-pour-les-bleus-lucie-jarrige-solenne-piret-et-thierry-delarue-conservent-leur-titre\/#respond\"]}],\"copyrightYear\":\"2025\",\"copyrightHolder\":{\"@id\":\"https:\/\/dicodusport.fr\/blog\/#organization\"}},{\"@type\":\"WebPage\",\"@id\":\"https:\/\/dicodusport.fr\/blog\/para-escalade-mondiaux-2025-pluie-dor-pour-les-bleus-lucie-jarrige-solenne-piret-et-thierry-delarue-conservent-leur-titre\/\",\"url\":\"https:\/\/dicodusport.fr\/blog\/para-escalade-mondiaux-2025-pluie-dor-pour-les-bleus-lucie-jarrige-solenne-piret-et-thierry-delarue-conservent-leur-titre\/\",\"name\":\"Para escalade Mondiaux 2025 : Pluie d'or pour les Bleus, Lucie Jarrige, Solenne Piret et Thierry Delarue conservent leur titre !\",\"isPartOf\":{\"@id\":\"https:\/\/dicodusport.fr\/blog\/#website\"},\"primaryImageOfPage\":{\"@id\":\"https:\/\/dicodusport.fr\/blog\/para-escalade-mondiaux-2025-pluie-dor-pour-les-bleus-lucie-jarrige-solenne-piret-et-thierry-delarue-conservent-leur-titre\/#primaryimage\"},\"image\":{\"@id\":\"https:\/\/dicodusport.fr\/blog\/para-escalade-mondiaux-2025-pluie-dor-pour-les-bleus-lucie-jarrige-solenne-piret-et-thierry-delarue-conservent-leur-titre\/#primaryimage\"},\"thumbnailUrl\":\"https:\/\/dicodusport.fr\/blog\/wp-content\/uploads\/2025\/09\/Para-escalade-Mondiaux-2025-Pluie-dor-pour-les-Bleus-Lucie-Jarrige-Solenne-Piret-et-Thierry-Delarue-conservent-leur-titre-.png\",\"datePublished\":\"2025-09-25T07:13:38+00:00\",\"description\":\"CHAMPIONNATS DU MONDE DE PARA ESCALADE 2025 - Trois m\u00e9dailles d'or et une de bronze pour conclure : les Bleus ont rayonn\u00e9 et r\u00e9ussi leurs Mondiaux en Cor\u00e9e du Sud.\",\"breadcrumb\":{\"@id\":\"https:\/\/dicodusport.fr\/blog\/para-escalade-mondiaux-2025-pluie-dor-pour-les-bleus-lucie-jarrige-solenne-piret-et-thierry-delarue-conservent-leur-titre\/#breadcrumb\"},\"inLanguage\":\"fr-FR\",\"potentialAction\":[{\"@type\":\"ReadAction\",\"target\":[\"https:\/\/dicodusport.fr\/blog\/para-escalade-mondiaux-2025-pluie-dor-pour-les-bleus-lucie-jarrige-solenne-piret-et-thierry-delarue-conservent-leur-titre\/\"]}]},{\"@type\":\"ImageObject\",\"inLanguage\":\"fr-FR\",\"@id\":\"https:\/\/dicodusport.fr\/blog\/para-escalade-mondiaux-2025-pluie-dor-pour-les-bleus-lucie-jarrige-solenne-piret-et-thierry-delarue-conservent-leur-titre\/#primaryimage\",\"url\":\"https:\/\/dicodusport.fr\/blog\/wp-content\/uploads\/2025\/09\/Para-escalade-Mondiaux-2025-Pluie-dor-pour-les-Bleus-Lucie-Jarrige-Solenne-Piret-et-Thierry-Delarue-conservent-leur-titre-.png\",\"contentUrl\":\"https:\/\/dicodusport.fr\/blog\/wp-content\/uploads\/2025\/09\/Para-escalade-Mondiaux-2025-Pluie-dor-pour-les-Bleus-Lucie-Jarrige-Solenne-Piret-et-Thierry-Delarue-conservent-leur-titre-.png\",\"width\":1200,\"height\":674,\"caption\":\"Para escalade Mondiaux 2025 Pluie d'or pour les Bleus, Lucie Jarrige, Solenne Piret et Thierry Delarue conservent leur titre !\"},{\"@type\":\"BreadcrumbList\",\"@id\":\"https:\/\/dicodusport.fr\/blog\/para-escalade-mondiaux-2025-pluie-dor-pour-les-bleus-lucie-jarrige-solenne-piret-et-thierry-delarue-conservent-leur-titre\/#breadcrumb\",\"itemListElement\":[{\"@type\":\"ListItem\",\"position\":1,\"name\":\"Accueil\",\"item\":\"https:\/\/dicodusport.fr\/blog\/\"},{\"@type\":\"ListItem\",\"position\":2,\"name\":\"Para escalade Mondiaux 2025 : Pluie d&rsquo;or pour les Bleus, Lucie Jarrige, Solenne Piret et Thierry Delarue conservent leur titre !\"}]},{\"@type\":\"WebSite\",\"@id\":\"https:\/\/dicodusport.fr\/blog\/#website\",\"url\":\"https:\/\/dicodusport.fr\/blog\/\",\"name\":\"Dicodusport\",\"description\":\"L&#039;encyclop\u00e9die de l&#039;actualit\u00e9 sportive\",\"publisher\":{\"@id\":\"https:\/\/dicodusport.fr\/blog\/#organization\"},\"potentialAction\":[{\"@type\":\"SearchAction\",\"target\":{\"@type\":\"EntryPoint\",\"urlTemplate\":\"https:\/\/dicodusport.fr\/blog\/?s={search_term_string}\"},\"query-input\":{\"@type\":\"PropertyValueSpecification\",\"valueRequired\":true,\"valueName\":\"search_term_string\"}}],\"inLanguage\":\"fr-FR\"},{\"@type\":\"NewsMediaOrganization\",\"@id\":\"https:\/\/dicodusport.fr\/blog\/#organization\",\"name\":\"Dicodusport\",\"url\":\"https:\/\/dicodusport.fr\/blog\/\",\"logo\":{\"@type\":\"ImageObject\",\"inLanguage\":\"fr-FR\",\"@id\":\"https:\/\/dicodusport.fr\/blog\/#\/schema\/logo\/image\/\",\"url\":\"https:\/\/dicodusport.fr\/blog\/wp-content\/uploads\/2020\/06\/cropped-LOGO-DICODUSPORT-2020-SANS-FOND-SANS-TEXTE.png\",\"contentUrl\":\"https:\/\/dicodusport.fr\/blog\/wp-content\/uploads\/2020\/06\/cropped-LOGO-DICODUSPORT-2020-SANS-FOND-SANS-TEXTE.png\",\"width\":512,\"height\":512,\"caption\":\"Dicodusport\"},\"image\":{\"@id\":\"https:\/\/dicodusport.fr\/blog\/#\/schema\/logo\/image\/\"},\"sameAs\":[\"https:\/\/www.facebook.com\/dicodusport\",\"https:\/\/x.com\/dicodusport\",\"https:\/\/www.instagram.com\/dicodusport\/\",\"https:\/\/www.youtube.com\/channel\/UC7V2KZ5sd3htJivAbA4ZG3w\"],\"description\":\"Dicodusport est l'encyclop\u00e9die de l'actualit\u00e9 sportive.\",\"email\":\"bonjour@dicodusport.fr\",\"legalName\":\"DICODUSPORT\",\"foundingDate\":\"2018-01-14\",\"vatID\":\"FR71834470973\",\"taxID\":\"83447097300043\",\"numberOfEmployees\":{\"@type\":\"QuantitativeValue\",\"minValue\":\"1\",\"maxValue\":\"10\"}},{\"@type\":\"Person\",\"@id\":\"https:\/\/dicodusport.fr\/blog\/#\/schema\/person\/627966a6cde45dbd8c5e36ac85d783da\",\"name\":\"S\u00e9bastien Gente\",\"image\":{\"@type\":\"ImageObject\",\"inLanguage\":\"fr-FR\",\"@id\":\"https:\/\/dicodusport.fr\/blog\/#\/schema\/person\/image\/\",\"url\":\"https:\/\/dicodusport.fr\/blog\/wp-content\/uploads\/2021\/09\/1510990_10205810251400683_4124423575079401707_n-150x150.jpg\",\"contentUrl\":\"https:\/\/dicodusport.fr\/blog\/wp-content\/uploads\/2021\/09\/1510990_10205810251400683_4124423575079401707_n-150x150.jpg\",\"caption\":\"S\u00e9bastien Gente\"},\"description\":\"John Stockton, Gianni Bugno, Zinedine Zidane, Steffi Graf, Frode Andresen, St\u00e9phane Stoecklin, Davis Kamoga, Primoz Peterka, Werner Schlager et Aur\u00e9lien Rougerie. Point commun entre ces sportifs? Ils m'ont fait r\u00eaver et ont berc\u00e9 mon adolescence. Je suis un fondu de sports et j'essaie de retranscrire ma passion \u00e0 travers mes articles. Originaire du P\u00e9rigord, ma passion pour les Girondins, les Jaunards et les Jazzmen transpire dans mes \u00e9crits. \u00c0 Dicodusport depuis 2021, je d\u00e9niche les sports m\u00e9connus dans lesquels la France brille, et il y en a !\",\"sameAs\":[\"https:\/\/www.facebook.com\/sebastien.gente\/\",\"https:\/\/www.instagram.com\/sebgente\/\",\"https:\/\/www.linkedin.com\/in\/sbastien-gente-a29583169\/\",\"https:\/\/x.com\/https:\/\/twitter.com\/globulo24\",\"SebastienGente\"],\"worksFor\":\"S\u00e9bastien GENTE\",\"url\":\"https:\/\/dicodusport.fr\/blog\/author\/sebastiengente\/\"}]}<\/script>\n<!-- \/ Yoast SEO Premium plugin. -->","yoast_head_json":{"title":"Para escalade Mondiaux 2025 : Pluie d'or pour les Bleus, Lucie Jarrige, Solenne Piret et Thierry Delarue conservent leur titre !","description":"CHAMPIONNATS DU MONDE DE PARA ESCALADE 2025 - Trois m\u00e9dailles d'or et une de bronze pour conclure : les Bleus ont rayonn\u00e9 et r\u00e9ussi leurs Mondiaux en Cor\u00e9e du Sud.","robots":{"index":"index","follow":"follow","max-snippet":"max-snippet:-1","max-image-preview":"max-image-preview:large","max-video-preview":"max-video-preview:-1"},"canonical":"https:\/\/dicodusport.fr\/blog\/para-escalade-mondiaux-2025-pluie-dor-pour-les-bleus-lucie-jarrige-solenne-piret-et-thierry-delarue-conservent-leur-titre\/","og_locale":"fr_FR","og_type":"article","og_title":"Para escalade Mondiaux 2025 : Pluie d'or pour les Bleus, Lucie Jarrige, Solenne Piret et Thierry Delarue conservent leur titre !","og_description":"CHAMPIONNATS DU MONDE DE PARA ESCALADE 2025 - Trois m\u00e9dailles d'or et une de bronze pour conclure : les Bleus ont rayonn\u00e9 et r\u00e9ussi leurs Mondiaux en Cor\u00e9e du Sud.","og_url":"https:\/\/dicodusport.fr\/blog\/para-escalade-mondiaux-2025-pluie-dor-pour-les-bleus-lucie-jarrige-solenne-piret-et-thierry-delarue-conservent-leur-titre\/","og_site_name":"Dicodusport","article_publisher":"https:\/\/www.facebook.com\/dicodusport","article_author":"https:\/\/www.facebook.com\/sebastien.gente\/","article_published_time":"2025-09-25T07:13:38+00:00","og_image":[{"width":1200,"height":674,"url":"https:\/\/dicodusport.fr\/blog\/wp-content\/uploads\/2025\/09\/Para-escalade-Mondiaux-2025-Pluie-dor-pour-les-Bleus-Lucie-Jarrige-Solenne-Piret-et-Thierry-Delarue-conservent-leur-titre-.png","type":"image\/png"}],"author":"S\u00e9bastien Gente","twitter_card":"summary_large_image","twitter_title":"Para escalade Mondiaux 2025 : Pluie d'or pour les Bleus, Lucie Jarrige, Solenne Piret et Thierry Delarue conservent leur titre !","twitter_creator":"@https:\/\/twitter.com\/globulo24","twitter_site":"@dicodusport","schema":{"@context":"https:\/\/schema.org","@graph":[{"@type":"NewsArticle","@id":"https:\/\/dicodusport.fr\/blog\/para-escalade-mondiaux-2025-pluie-dor-pour-les-bleus-lucie-jarrige-solenne-piret-et-thierry-delarue-conservent-leur-titre\/#article","isPartOf":{"@id":"https:\/\/dicodusport.fr\/blog\/para-escalade-mondiaux-2025-pluie-dor-pour-les-bleus-lucie-jarrige-solenne-piret-et-thierry-delarue-conservent-leur-titre\/"},"author":{"name":"S\u00e9bastien Gente","@id":"https:\/\/dicodusport.fr\/blog\/#\/schema\/person\/627966a6cde45dbd8c5e36ac85d783da"},"headline":"Para escalade Mondiaux 2025 : Pluie d&rsquo;or pour les Bleus, Lucie Jarrige, Solenne Piret et Thierry Delarue conservent leur titre !","datePublished":"2025-09-25T07:13:38+00:00","mainEntityOfPage":{"@id":"https:\/\/dicodusport.fr\/blog\/para-escalade-mondiaux-2025-pluie-dor-pour-les-bleus-lucie-jarrige-solenne-piret-et-thierry-delarue-conservent-leur-titre\/"},"wordCount":539,"commentCount":0,"publisher":{"@id":"https:\/\/dicodusport.fr\/blog\/#organization"},"image":{"@id":"https:\/\/dicodusport.fr\/blog\/para-escalade-mondiaux-2025-pluie-dor-pour-les-bleus-lucie-jarrige-solenne-piret-et-thierry-delarue-conservent-leur-titre\/#primaryimage"},"thumbnailUrl":"https:\/\/dicodusport.fr\/blog\/wp-content\/uploads\/2025\/09\/Para-escalade-Mondiaux-2025-Pluie-dor-pour-les-Bleus-Lucie-Jarrige-Solenne-Piret-et-Thierry-Delarue-conservent-leur-titre-.png","keywords":["br\u00e8ve","para escalade"],"articleSection":["Escalade","Handisport"],"inLanguage":"fr-FR","potentialAction":[{"@type":"CommentAction","name":"Comment","target":["https:\/\/dicodusport.fr\/blog\/para-escalade-mondiaux-2025-pluie-dor-pour-les-bleus-lucie-jarrige-solenne-piret-et-thierry-delarue-conservent-leur-titre\/#respond"]}],"copyrightYear":"2025","copyrightHolder":{"@id":"https:\/\/dicodusport.fr\/blog\/#organization"}},{"@type":"WebPage","@id":"https:\/\/dicodusport.fr\/blog\/para-escalade-mondiaux-2025-pluie-dor-pour-les-bleus-lucie-jarrige-solenne-piret-et-thierry-delarue-conservent-leur-titre\/","url":"https:\/\/dicodusport.fr\/blog\/para-escalade-mondiaux-2025-pluie-dor-pour-les-bleus-lucie-jarrige-solenne-piret-et-thierry-delarue-conservent-leur-titre\/","name":"Para escalade Mondiaux 2025 : Pluie d'or pour les Bleus, Lucie Jarrige, Solenne Piret et Thierry Delarue conservent leur titre !","isPartOf":{"@id":"https:\/\/dicodusport.fr\/blog\/#website"},"primaryImageOfPage":{"@id":"https:\/\/dicodusport.fr\/blog\/para-escalade-mondiaux-2025-pluie-dor-pour-les-bleus-lucie-jarrige-solenne-piret-et-thierry-delarue-conservent-leur-titre\/#primaryimage"},"image":{"@id":"https:\/\/dicodusport.fr\/blog\/para-escalade-mondiaux-2025-pluie-dor-pour-les-bleus-lucie-jarrige-solenne-piret-et-thierry-delarue-conservent-leur-titre\/#primaryimage"},"thumbnailUrl":"https:\/\/dicodusport.fr\/blog\/wp-content\/uploads\/2025\/09\/Para-escalade-Mondiaux-2025-Pluie-dor-pour-les-Bleus-Lucie-Jarrige-Solenne-Piret-et-Thierry-Delarue-conservent-leur-titre-.png","datePublished":"2025-09-25T07:13:38+00:00","description":"CHAMPIONNATS DU MONDE DE PARA ESCALADE 2025 - Trois m\u00e9dailles d'or et une de bronze pour conclure : les Bleus ont rayonn\u00e9 et r\u00e9ussi leurs Mondiaux en Cor\u00e9e du Sud.","breadcrumb":{"@id":"https:\/\/dicodusport.fr\/blog\/para-escalade-mondiaux-2025-pluie-dor-pour-les-bleus-lucie-jarrige-solenne-piret-et-thierry-delarue-conservent-leur-titre\/#breadcrumb"},"inLanguage":"fr-FR","potentialAction":[{"@type":"ReadAction","target":["https:\/\/dicodusport.fr\/blog\/para-escalade-mondiaux-2025-pluie-dor-pour-les-bleus-lucie-jarrige-solenne-piret-et-thierry-delarue-conservent-leur-titre\/"]}]},{"@type":"ImageObject","inLanguage":"fr-FR","@id":"https:\/\/dicodusport.fr\/blog\/para-escalade-mondiaux-2025-pluie-dor-pour-les-bleus-lucie-jarrige-solenne-piret-et-thierry-delarue-conservent-leur-titre\/#primaryimage","url":"https:\/\/dicodusport.fr\/blog\/wp-content\/uploads\/2025\/09\/Para-escalade-Mondiaux-2025-Pluie-dor-pour-les-Bleus-Lucie-Jarrige-Solenne-Piret-et-Thierry-Delarue-conservent-leur-titre-.png","contentUrl":"https:\/\/dicodusport.fr\/blog\/wp-content\/uploads\/2025\/09\/Para-escalade-Mondiaux-2025-Pluie-dor-pour-les-Bleus-Lucie-Jarrige-Solenne-Piret-et-Thierry-Delarue-conservent-leur-titre-.png","width":1200,"height":674,"caption":"Para escalade Mondiaux 2025 Pluie d'or pour les Bleus, Lucie Jarrige, Solenne Piret et Thierry Delarue conservent leur titre !"},{"@type":"BreadcrumbList","@id":"https:\/\/dicodusport.fr\/blog\/para-escalade-mondiaux-2025-pluie-dor-pour-les-bleus-lucie-jarrige-solenne-piret-et-thierry-delarue-conservent-leur-titre\/#breadcrumb","itemListElement":[{"@type":"ListItem","position":1,"name":"Accueil","item":"https:\/\/dicodusport.fr\/blog\/"},{"@type":"ListItem","position":2,"name":"Para escalade Mondiaux 2025 : Pluie d&rsquo;or pour les Bleus, Lucie Jarrige, Solenne Piret et Thierry Delarue conservent leur titre !"}]},{"@type":"WebSite","@id":"https:\/\/dicodusport.fr\/blog\/#website","url":"https:\/\/dicodusport.fr\/blog\/","name":"Dicodusport","description":"L&#039;encyclop\u00e9die de l&#039;actualit\u00e9 sportive","publisher":{"@id":"https:\/\/dicodusport.fr\/blog\/#organization"},"potentialAction":[{"@type":"SearchAction","target":{"@type":"EntryPoint","urlTemplate":"https:\/\/dicodusport.fr\/blog\/?s={search_term_string}"},"query-input":{"@type":"PropertyValueSpecification","valueRequired":true,"valueName":"search_term_string"}}],"inLanguage":"fr-FR"},{"@type":"NewsMediaOrganization","@id":"https:\/\/dicodusport.fr\/blog\/#organization","name":"Dicodusport","url":"https:\/\/dicodusport.fr\/blog\/","logo":{"@type":"ImageObject","inLanguage":"fr-FR","@id":"https:\/\/dicodusport.fr\/blog\/#\/schema\/logo\/image\/","url":"https:\/\/dicodusport.fr\/blog\/wp-content\/uploads\/2020\/06\/cropped-LOGO-DICODUSPORT-2020-SANS-FOND-SANS-TEXTE.png","contentUrl":"https:\/\/dicodusport.fr\/blog\/wp-content\/uploads\/2020\/06\/cropped-LOGO-DICODUSPORT-2020-SANS-FOND-SANS-TEXTE.png","width":512,"height":512,"caption":"Dicodusport"},"image":{"@id":"https:\/\/dicodusport.fr\/blog\/#\/schema\/logo\/image\/"},"sameAs":["https:\/\/www.facebook.com\/dicodusport","https:\/\/x.com\/dicodusport","https:\/\/www.instagram.com\/dicodusport\/","https:\/\/www.youtube.com\/channel\/UC7V2KZ5sd3htJivAbA4ZG3w"],"description":"Dicodusport est l'encyclop\u00e9die de l'actualit\u00e9 sportive.","email":"bonjour@dicodusport.fr","legalName":"DICODUSPORT","foundingDate":"2018-01-14","vatID":"FR71834470973","taxID":"83447097300043","numberOfEmployees":{"@type":"QuantitativeValue","minValue":"1","maxValue":"10"}},{"@type":"Person","@id":"https:\/\/dicodusport.fr\/blog\/#\/schema\/person\/627966a6cde45dbd8c5e36ac85d783da","name":"S\u00e9bastien Gente","image":{"@type":"ImageObject","inLanguage":"fr-FR","@id":"https:\/\/dicodusport.fr\/blog\/#\/schema\/person\/image\/","url":"https:\/\/dicodusport.fr\/blog\/wp-content\/uploads\/2021\/09\/1510990_10205810251400683_4124423575079401707_n-150x150.jpg","contentUrl":"https:\/\/dicodusport.fr\/blog\/wp-content\/uploads\/2021\/09\/1510990_10205810251400683_4124423575079401707_n-150x150.jpg","caption":"S\u00e9bastien Gente"},"description":"John Stockton, Gianni Bugno, Zinedine Zidane, Steffi Graf, Frode Andresen, St\u00e9phane Stoecklin, Davis Kamoga, Primoz Peterka, Werner Schlager et Aur\u00e9lien Rougerie. Point commun entre ces sportifs? Ils m'ont fait r\u00eaver et ont berc\u00e9 mon adolescence. Je suis un fondu de sports et j'essaie de retranscrire ma passion \u00e0 travers mes articles. Originaire du P\u00e9rigord, ma passion pour les Girondins, les Jaunards et les Jazzmen transpire dans mes \u00e9crits. \u00c0 Dicodusport depuis 2021, je d\u00e9niche les sports m\u00e9connus dans lesquels la France brille, et il y en a !","sameAs":["https:\/\/www.facebook.com\/sebastien.gente\/","https:\/\/www.instagram.com\/sebgente\/","https:\/\/www.linkedin.com\/in\/sbastien-gente-a29583169\/","https:\/\/x.com\/https:\/\/twitter.com\/globulo24","SebastienGente"],"worksFor":"S\u00e9bastien GENTE","url":"https:\/\/dicodusport.fr\/blog\/author\/sebastiengente\/"}]}},"_links":{"self":[{"href":"https:\/\/dicodusport.fr\/blog\/wp-json\/wp\/v2\/posts\/614030","targetHints":{"allow":["GET"]}}],"collection":[{"href":"https:\/\/dicodusport.fr\/blog\/wp-json\/wp\/v2\/posts"}],"about":[{"href":"https:\/\/dicodusport.fr\/blog\/wp-json\/wp\/v2\/types\/post"}],"author":[{"embeddable":true,"href":"https:\/\/dicodusport.fr\/blog\/wp-json\/wp\/v2\/users\/59"}],"replies":[{"embeddable":true,"href":"https:\/\/dicodusport.fr\/blog\/wp-json\/wp\/v2\/comments?post=614030"}],"version-history":[{"count":1,"href":"https:\/\/dicodusport.fr\/blog\/wp-json\/wp\/v2\/posts\/614030\/revisions"}],"predecessor-version":[{"id":614034,"href":"https:\/\/dicodusport.fr\/blog\/wp-json\/wp\/v2\/posts\/614030\/revisions\/614034"}],"wp:featuredmedia":[{"embeddable":true,"href":"https:\/\/dicodusport.fr\/blog\/wp-json\/wp\/v2\/media\/614033"}],"wp:attachment":[{"href":"https:\/\/dicodusport.fr\/blog\/wp-json\/wp\/v2\/media?parent=614030"}],"wp:term":[{"taxonomy":"category","embeddable":true,"href":"https:\/\/dicodusport.fr\/blog\/wp-json\/wp\/v2\/categories?post=614030"},{"taxonomy":"post_tag","embeddable":true,"href":"https:\/\/dicodusport.fr\/blog\/wp-json\/wp\/v2\/tags?post=614030"}],"curies":[{"name":"wp","href":"https:\/\/api.w.org\/{rel}","templated":true}]}}