{"id":614076,"date":"2025-09-25T16:39:25","date_gmt":"2025-09-25T14:39:25","guid":{"rendered":"https:\/\/dicodusport.fr\/blog\/?p=614076&#038;preview=true&#038;preview_id=614076"},"modified":"2025-09-25T18:09:07","modified_gmt":"2025-09-25T16:09:07","slug":"celia-gery-sacree-championne-du-monde-de-la-course-en-ligne-u23-a-kigali","status":"publish","type":"post","link":"https:\/\/dicodusport.fr\/blog\/celia-gery-sacree-championne-du-monde-de-la-course-en-ligne-u23-a-kigali\/","title":{"rendered":"C\u00e9lia G\u00e9ry sacr\u00e9e championne du monde de la course en ligne U23 \u00e0 Kigali !"},"content":{"rendered":"<p style=\"text-align: justify;\"><b><i>CHAMPIONNATS DU MONDE DE CYCLISME 2025 &#8211; C\u00e9lia Gery a \u00e9t\u00e9 sacr\u00e9e championne du monde dans la cat\u00e9gorie U23 de la course sur route \u00e0 Kigali, jeudi.\u00a0<\/i><\/b><\/p>\n<ul style=\"text-align: justify;\">\n<li><strong>\u00c0 ce sujet &#8211; <a href=\"https:\/\/dicodusport.fr\/blog\/championnat-du-monde-2025-classement-et-resultats-course-en-ligne-u23-femmes\/\">Championnat du monde 2025 : Classement et r\u00e9sultats de la course sur route U23 femmes \u00e0 Kigali<\/a><\/strong><\/li>\n<\/ul>\n<p style=\"text-align: justify;\">Habituellement, la course sur route f\u00e9minine U23 \u00e9tait int\u00e9gr\u00e9e aux championnats du monde chez les \u00e9lites dames, malheureusement, mettant dans l&rsquo;ombre le sacre mondial des espoirs. Cette ann\u00e9e, pour la premi\u00e8re fois, les espoirs filles ont eu le droit \u00e0 leur course sur route. Les coureuses ont effectu\u00e9 huit tours d&rsquo;un peu moins de 15 kilom\u00e8tres, pour un total de 119,3 kilom\u00e8tres. Le circuit \u00e9tait parsem\u00e9 de deux ascensions : la C\u00f4te de Kigali Golf, longue de 800 m\u00e8tres \u00e0 une pente moyenne de 8,1 %, la C\u00f4te de Kimihurura (1,3 kilom\u00e8tre \u00e0 6,3 % avec ses pav\u00e9s et un passage \u00e0 11 %)\u00a0 ainsi qu&rsquo;un dernier kilom\u00e8tre \u00e0 4 %.<\/p>\n<div class=\"vlp-link-container vlp-layout-article\"><a href=\"https:\/\/dicodusport.fr\/blog\/une-course-en-ligne-u23-feminine-aux-mondiaux-de-kigali-pour-soutenir-le-developpement-du-cyclisme-feminin\/\" class=\"vlp-link\" title=\"Une course en ligne U23 f\u00e9minine aux Mondiaux de Kigali, pour soutenir le d\u00e9veloppement du cyclisme f\u00e9minin\"><\/a><div class=\"vlp-layout-zone-side\"><div class=\"vlp-block-4 vlp-link-image\"><img loading=\"lazy\" decoding=\"async\" style=\"max-width: 792px;\" width=\"792\" height=\"445\" src=\"https:\/\/dicodusport.fr\/blog\/wp-content\/uploads\/2025\/09\/Une-course-en-ligne-U23-feminine-aux-Mondiaux-de-Kigali-pour-soutenir-le-developpement-du-cyclisme-feminin.png\" class=\"attachment-800x445 size-800x445\" alt=\"Une course en ligne U23 f\u00e9minine aux Mondiaux de Kigali, pour soutenir le d\u00e9veloppement du cyclisme f\u00e9minin\" srcset=\"https:\/\/dicodusport.fr\/blog\/wp-content\/uploads\/2025\/09\/Une-course-en-ligne-U23-feminine-aux-Mondiaux-de-Kigali-pour-soutenir-le-developpement-du-cyclisme-feminin.png 1200w, https:\/\/dicodusport.fr\/blog\/wp-content\/uploads\/2025\/09\/Une-course-en-ligne-U23-feminine-aux-Mondiaux-de-Kigali-pour-soutenir-le-developpement-du-cyclisme-feminin-300x169.png 300w, https:\/\/dicodusport.fr\/blog\/wp-content\/uploads\/2025\/09\/Une-course-en-ligne-U23-feminine-aux-Mondiaux-de-Kigali-pour-soutenir-le-developpement-du-cyclisme-feminin-1024x575.png 1024w, https:\/\/dicodusport.fr\/blog\/wp-content\/uploads\/2025\/09\/Une-course-en-ligne-U23-feminine-aux-Mondiaux-de-Kigali-pour-soutenir-le-developpement-du-cyclisme-feminin-768x431.png 768w\" sizes=\"auto, (max-width: 792px) 100vw, 792px\" \/><\/div><\/div><div class=\"vlp-layout-zone-main\"><div class=\"vlp-block-0 vlp-link-title\">Une course en ligne U23 f\u00e9minine aux Mondiaux de Kigali, pour soutenir le d\u00e9veloppement du cyclisme f\u00e9minin<\/div><div class=\"vlp-block-1 vlp-link-summary\">CHAMPIONNATS DU MONDE DE CYCLISME 2025 - Pour la premi\u00e8re fois, la course en ligne U23 femmes sera ind\u00e9pendante de la course \u00e9lite. Un changement dans le but de continuer \u00e0 d\u00e9velopper le cyclisme f\u00e9minin.<\/div><div class=\"vlp-block-2 vlp-link-button\">Lire l'article<\/div><div class=\"vlp-block-3 vlp-link-url\">dicodusport.fr<\/div><\/div><\/div>\n<p style=\"text-align: justify;\">D&rsquo;abord, 81 concurrentes ont pris le d\u00e9part de la premi\u00e8re course en ligne de ces championnats du monde. Malade, la Belge <strong>Fleur Moors<\/strong> ne s&rsquo;est pas pr\u00e9sent\u00e9 au d\u00e9part tout comme la Canadienne <strong>Ava Holmgren<\/strong>. On a assist\u00e9 \u00e0 une s\u00e9lection par l&rsquo;arri\u00e8re lors des premiers tours de course gr\u00e2ce aux deux ascensions avec l&rsquo;\u00e9quipe du Canada contr\u00f4lant les rares offensives de <strong>Felicity Wilson-Haffenden<\/strong> (Australie) et <strong>Julie Bego<\/strong> (France). 2\u00e8me du dernier Tour de Grande-Bretagne et malade en d\u00e9but de semaine, <strong>Cat Ferguson\u00a0<\/strong>a \u00e9t\u00e9 distanc\u00e9e \u00e0 plus de 60 kilom\u00e8tres de l&rsquo;arriv\u00e9e.<\/p>\n<h2 style=\"text-align: justify;\">La France en mode tableau noir, C\u00e9lia G\u00e9ry en or !<\/h2>\n<p style=\"text-align: justify;\">Puis, le peloton principal \u00e9tait compos\u00e9 de 31 coureuses \u00e0 la mi-course. <strong>Julia Kopecky<\/strong> (Tch\u00e9quie) a forc\u00e9 l&rsquo;allure dans la C\u00f4te de Kimihurura alors que <strong>Viktoria Chladonova<\/strong> (Slovaquie) a \u00e9t\u00e9 victime d&rsquo;une chute, \u00e0 43 kilom\u00e8tres du terme. Cette derni\u00e8re a cependant r\u00e9ussi \u00e0 revenir sur le peloton des favorites. <strong>Julie Bego, Justyna Czapla<\/strong> (Allemagne) et <strong>Anina Hutter<\/strong> (Suisse) ont tent\u00e9 en vain de cr\u00e9er une \u00e9chapp\u00e9e dans l&rsquo;avant-dernier tour. Elles ont \u00e9t\u00e9 reprises par un groupe d&rsquo;une vingtaine de concurrentes. Mais, <strong>Malwina Mul<\/strong> (Pologne) a r\u00e9ussi \u00e0 prendre une quarantaine de secondes d&rsquo;avance. <strong>Viktoria Chladonova <\/strong>et<strong> C\u00e9lia G\u00e9ry\u00a0<\/strong>ont fait la jonction avec la femme de t\u00eate au sommet de la\u00a0C\u00f4te de Kigali Golf.<\/p>\n<ul style=\"text-align: justify;\">\n<li><strong>\u00c0 ce sujet \u2013\u00a0<a href=\"https:\/\/dicodusport.fr\/blog\/programme-et-resultats-des-championnats-du-monde-de-cyclisme-sur-route-2025-au-rwanda\/\">Programme et r\u00e9sultats des Championnats du monde de cyclisme sur route 2025 au Rwanda<\/a><\/strong><\/li>\n<\/ul>\n<p style=\"text-align: justify;\">Par la suite, les trois coureuses de t\u00eate ont \u00e9t\u00e9 reprises dans la C\u00f4te de Kimihurura avant d&rsquo;entamer le dernier tour gr\u00e2ce \u00e0 un gros travail de <strong>Paula Blasi<\/strong> (Espagne). <strong>Stina Kagevi<\/strong> (Su\u00e8de) a d\u00e9cid\u00e9 alors d&rsquo;anticiper la bataille entre les favorites. La championne de Su\u00e8de de contre-la-montre a obtenu 50 secondes d&rsquo;avance avant d&rsquo;attaquer les deux derni\u00e8res bosses. Comme lors du tour pr\u00e9c\u00e9dent, <strong>Vikt\u00f3ria Chlado\u0148ov\u00e1\u00a0<\/strong>a port\u00e9 une violente attaque dans la C\u00f4te de Kigali Golf.<\/p>\n<p style=\"text-align: justify;\">La Slovaque est suivie d&rsquo;<strong>Isabella Holmgren\u00a0<\/strong>(Canada), <strong>C\u00e9lia G\u00e9ry <\/strong>et <strong>Paula Blasi. <\/strong>Ces trois femmes sont entr\u00e9es assez facilement sur la coureuse su\u00e9doise. Mais, le groupe de chasse, compos\u00e9e de <strong>Linda Riedmann<\/strong> (Allemagne), <strong>Eleonora Ciabocco<\/strong> (Italie), <strong>Lore De Schepper<\/strong> (Belgique), <strong>Talia Appleton<\/strong> (Australie), <strong>Alena Ivanchenko<\/strong> (Russie) et <strong>Marion Bunel<\/strong> (France), est revenu avant la derni\u00e8re difficult\u00e9 sur les cinq femmes de t\u00eate.<\/p>\n<ul style=\"text-align: justify;\">\n<li style=\"text-align: justify;\"><strong>\u00c0 ce sujet \u2013\u00a0<a href=\"https:\/\/dicodusport.fr\/blog\/mondiaux-de-cyclisme-2025-au-rwanda-le-programme-tv-et-les-horaires-des-courses-sur-france-tv-et-eurosport\/\">Mondiaux de cyclisme 2025 au Rwanda : le programme TV et les horaires des courses sur France TV et Eurosport<\/a>\u00a0<\/strong><\/li>\n<\/ul>\n<p style=\"text-align: justify;\">Finalement, <strong>Marion Bunel\u00a0<\/strong>a acc\u00e9l\u00e9r\u00e9 fortement l&rsquo;allure sur les pav\u00e9s alors qu&rsquo;elle a \u00e9t\u00e9 discr\u00e8te tout au long de la course. La grimpeuse fran\u00e7aise est sortie avec <strong>Vikt\u00f3ria Chlado\u0148ov\u00e1\u00a0<\/strong>et <strong>C\u00e9lia G\u00e9ry. C\u00e9lia Gery\u00a0<\/strong>a pris le meilleur au punch sur <strong>Vikt\u00f3ria Chlado\u0148ov\u00e1<\/strong>\u00a0qui a lanc\u00e9 de trop loin son sprint. <strong>Paula Blasi <\/strong>a compl\u00e9t\u00e9 le podium.<\/p>\n<blockquote class=\"twitter-tweet\">\n<p dir=\"ltr\" lang=\"fr\">C\u00c9LIA GERY \ud83c\uddeb\ud83c\uddf7 CHAMPIONNE DU MONDE U23 ! \ud83d\ude4c<\/p>\n<p>Incroyable course de la Fran\u00e7aise, bien emmen\u00e9e par Marion Bunel dans le final ! \ud83d\udc4f <a href=\"https:\/\/t.co\/mAVE8KTVi3\">pic.twitter.com\/mAVE8KTVi3<\/a><\/p>\n<p>\u2014 Eurosport France (@Eurosport_FR) <a href=\"https:\/\/twitter.com\/Eurosport_FR\/status\/1971221974689988867?ref_src=twsrc%5Etfw\">September 25, 2025<\/a><\/p><\/blockquote>\n<p><script async src=\"https:\/\/platform.twitter.com\/widgets.js\" charset=\"utf-8\"><\/script><\/p>\n<div class=\"flex items-center gap-4 py-0.5 border-b last:border-none border-gray\" style=\"text-align: justify;\">\n<hr \/>\n<\/div>\n<div class=\"vlp-link-container vlp-layout-article\"><a href=\"https:\/\/dicodusport.fr\/blog\/cyclisme-mercato-2025-2026-le-tableau-des-transferts\/\" class=\"vlp-link\" title=\"Cyclisme Mercato 2025-2026 - Le tableau des transferts\"><\/a><div class=\"vlp-layout-zone-side\"><div class=\"vlp-block-4 vlp-link-image\"><img loading=\"lazy\" decoding=\"async\" style=\"max-width: 792px;\" width=\"792\" height=\"445\" src=\"https:\/\/dicodusport.fr\/blog\/wp-content\/uploads\/2025\/02\/Cyclisme-Mercato-2025-2026-Le-tableau-des-transferts.png\" class=\"attachment-800x445 size-800x445\" alt=\"Cyclisme Mercato 2025-2026 - Le tableau des transferts\" srcset=\"https:\/\/dicodusport.fr\/blog\/wp-content\/uploads\/2025\/02\/Cyclisme-Mercato-2025-2026-Le-tableau-des-transferts.png 1200w, https:\/\/dicodusport.fr\/blog\/wp-content\/uploads\/2025\/02\/Cyclisme-Mercato-2025-2026-Le-tableau-des-transferts-300x169.png 300w, https:\/\/dicodusport.fr\/blog\/wp-content\/uploads\/2025\/02\/Cyclisme-Mercato-2025-2026-Le-tableau-des-transferts-1024x575.png 1024w, https:\/\/dicodusport.fr\/blog\/wp-content\/uploads\/2025\/02\/Cyclisme-Mercato-2025-2026-Le-tableau-des-transferts-768x431.png 768w\" sizes=\"auto, (max-width: 792px) 100vw, 792px\" \/><\/div><\/div><div class=\"vlp-layout-zone-main\"><div class=\"vlp-block-0 vlp-link-title\">Cyclisme Mercato 2025-2026 - Le tableau des transferts<\/div><div class=\"vlp-block-1 vlp-link-summary\">MERCATO CYCLISME 2025-2026 - D\u00e9couvrez les transferts officiels et les rumeurs du mercato cycliste.<\/div><div class=\"vlp-block-2 vlp-link-button\">Lire l'article<\/div><div class=\"vlp-block-3 vlp-link-url\">dicodusport.fr<\/div><\/div><\/div>\n","protected":false},"excerpt":{"rendered":"<p>CHAMPIONNATS DU MONDE DE CYCLISME 2025 &#8211; C\u00e9lia Gery a \u00e9t\u00e9 sacr\u00e9e championne du monde dans la cat\u00e9gorie U23 de la course sur route \u00e0 Kigali, jeudi.\u00a0<\/p>\n","protected":false},"author":48,"featured_media":614160,"comment_status":"open","ping_status":"closed","sticky":false,"template":"","format":"standard","meta":{"_acf_changed":false,"_daextam_enable_autolinks":"1","footnotes":""},"categories":[46994],"tags":[16878,19450,574,11197,24],"class_list":["post-614076","post","type-post","status-publish","format-standard","has-post-thumbnail","hentry","category-cyclisme-sur-route","tag-breve","tag-championnats-du-monde-de-cyclisme-sur-route","tag-cyclisme","tag-cyclisme-sur-route","tag-sport"],"acf":[],"yoast_head":"<!-- This site is optimized with the Yoast SEO Premium plugin v26.7 (Yoast SEO v26.7) - https:\/\/yoast.com\/wordpress\/plugins\/seo\/ -->\n<title>C\u00e9lia G\u00e9ry sacr\u00e9e championne du monde de la course en ligne U23 \u00e0 Kigali !<\/title>\n<meta name=\"description\" content=\"CHAMPIONNATS DU MONDE DE CYCLISME 2025 - C\u00e9lia Gery a \u00e9t\u00e9 sacr\u00e9e championne du monde dans la cat\u00e9gorie U23 de la course sur route \u00e0 Kigali, jeudi.\u00a0\" \/>\n<meta name=\"robots\" content=\"index, follow, max-snippet:-1, max-image-preview:large, max-video-preview:-1\" \/>\n<link rel=\"canonical\" href=\"https:\/\/dicodusport.fr\/blog\/celia-gery-sacree-championne-du-monde-de-la-course-en-ligne-u23-a-kigali\/\" \/>\n<meta property=\"og:locale\" content=\"fr_FR\" \/>\n<meta property=\"og:type\" content=\"article\" \/>\n<meta property=\"og:title\" content=\"C\u00e9lia G\u00e9ry sacr\u00e9e championne du monde de la course en ligne U23 \u00e0 Kigali !\" \/>\n<meta property=\"og:description\" content=\"CHAMPIONNATS DU MONDE DE CYCLISME 2025 - C\u00e9lia Gery a \u00e9t\u00e9 sacr\u00e9e championne du monde dans la cat\u00e9gorie U23 de la course sur route \u00e0 Kigali, jeudi.\u00a0\" \/>\n<meta property=\"og:url\" content=\"https:\/\/dicodusport.fr\/blog\/celia-gery-sacree-championne-du-monde-de-la-course-en-ligne-u23-a-kigali\/\" \/>\n<meta property=\"og:site_name\" content=\"Dicodusport\" \/>\n<meta property=\"article:publisher\" content=\"https:\/\/www.facebook.com\/dicodusport\" \/>\n<meta property=\"article:author\" content=\"https:\/\/www.facebook.com\/groups\/LesRoisDuPeloton\" \/>\n<meta property=\"article:published_time\" content=\"2025-09-25T14:39:25+00:00\" \/>\n<meta property=\"article:modified_time\" content=\"2025-09-25T16:09:07+00:00\" \/>\n<meta property=\"og:image\" content=\"https:\/\/dicodusport.fr\/blog\/wp-content\/uploads\/2025\/09\/Celia-Gery-sacree-championne-du-monde-de-la-course-en-ligne-U23-a-Kigali-1-2.png\" \/>\n\t<meta property=\"og:image:width\" content=\"1200\" \/>\n\t<meta property=\"og:image:height\" content=\"674\" \/>\n\t<meta property=\"og:image:type\" content=\"image\/png\" \/>\n<meta name=\"author\" content=\"Emilien Descampiaux\" \/>\n<meta name=\"twitter:card\" content=\"summary_large_image\" \/>\n<meta name=\"twitter:creator\" content=\"@https:\/\/twitter.com\/LRoisDuPeloton\" \/>\n<meta name=\"twitter:site\" content=\"@dicodusport\" \/>\n<script type=\"application\/ld+json\" class=\"yoast-schema-graph\">{\"@context\":\"https:\/\/schema.org\",\"@graph\":[{\"@type\":\"NewsArticle\",\"@id\":\"https:\/\/dicodusport.fr\/blog\/celia-gery-sacree-championne-du-monde-de-la-course-en-ligne-u23-a-kigali\/#article\",\"isPartOf\":{\"@id\":\"https:\/\/dicodusport.fr\/blog\/celia-gery-sacree-championne-du-monde-de-la-course-en-ligne-u23-a-kigali\/\"},\"author\":{\"name\":\"Emilien Descampiaux\",\"@id\":\"https:\/\/dicodusport.fr\/blog\/#\/schema\/person\/6db4bae06b171592211be385b32876a7\"},\"headline\":\"C\u00e9lia G\u00e9ry sacr\u00e9e championne du monde de la course en ligne U23 \u00e0 Kigali !\",\"datePublished\":\"2025-09-25T14:39:25+00:00\",\"dateModified\":\"2025-09-25T16:09:07+00:00\",\"mainEntityOfPage\":{\"@id\":\"https:\/\/dicodusport.fr\/blog\/celia-gery-sacree-championne-du-monde-de-la-course-en-ligne-u23-a-kigali\/\"},\"wordCount\":918,\"commentCount\":0,\"publisher\":{\"@id\":\"https:\/\/dicodusport.fr\/blog\/#organization\"},\"image\":{\"@id\":\"https:\/\/dicodusport.fr\/blog\/celia-gery-sacree-championne-du-monde-de-la-course-en-ligne-u23-a-kigali\/#primaryimage\"},\"thumbnailUrl\":\"https:\/\/dicodusport.fr\/blog\/wp-content\/uploads\/2025\/09\/Celia-Gery-sacree-championne-du-monde-de-la-course-en-ligne-U23-a-Kigali-1-2.png\",\"keywords\":[\"br\u00e8ve\",\"Championnats du monde de cyclisme sur route\",\"Cyclisme\",\"Cyclisme sur route\",\"sport\"],\"articleSection\":[\"Cyclisme sur route\"],\"inLanguage\":\"fr-FR\",\"potentialAction\":[{\"@type\":\"CommentAction\",\"name\":\"Comment\",\"target\":[\"https:\/\/dicodusport.fr\/blog\/celia-gery-sacree-championne-du-monde-de-la-course-en-ligne-u23-a-kigali\/#respond\"]}],\"copyrightYear\":\"2025\",\"copyrightHolder\":{\"@id\":\"https:\/\/dicodusport.fr\/blog\/#organization\"}},{\"@type\":\"WebPage\",\"@id\":\"https:\/\/dicodusport.fr\/blog\/celia-gery-sacree-championne-du-monde-de-la-course-en-ligne-u23-a-kigali\/\",\"url\":\"https:\/\/dicodusport.fr\/blog\/celia-gery-sacree-championne-du-monde-de-la-course-en-ligne-u23-a-kigali\/\",\"name\":\"C\u00e9lia G\u00e9ry sacr\u00e9e championne du monde de la course en ligne U23 \u00e0 Kigali !\",\"isPartOf\":{\"@id\":\"https:\/\/dicodusport.fr\/blog\/#website\"},\"primaryImageOfPage\":{\"@id\":\"https:\/\/dicodusport.fr\/blog\/celia-gery-sacree-championne-du-monde-de-la-course-en-ligne-u23-a-kigali\/#primaryimage\"},\"image\":{\"@id\":\"https:\/\/dicodusport.fr\/blog\/celia-gery-sacree-championne-du-monde-de-la-course-en-ligne-u23-a-kigali\/#primaryimage\"},\"thumbnailUrl\":\"https:\/\/dicodusport.fr\/blog\/wp-content\/uploads\/2025\/09\/Celia-Gery-sacree-championne-du-monde-de-la-course-en-ligne-U23-a-Kigali-1-2.png\",\"datePublished\":\"2025-09-25T14:39:25+00:00\",\"dateModified\":\"2025-09-25T16:09:07+00:00\",\"description\":\"CHAMPIONNATS DU MONDE DE CYCLISME 2025 - C\u00e9lia Gery a \u00e9t\u00e9 sacr\u00e9e championne du monde dans la cat\u00e9gorie U23 de la course sur route \u00e0 Kigali, jeudi.\u00a0\",\"breadcrumb\":{\"@id\":\"https:\/\/dicodusport.fr\/blog\/celia-gery-sacree-championne-du-monde-de-la-course-en-ligne-u23-a-kigali\/#breadcrumb\"},\"inLanguage\":\"fr-FR\",\"potentialAction\":[{\"@type\":\"ReadAction\",\"target\":[\"https:\/\/dicodusport.fr\/blog\/celia-gery-sacree-championne-du-monde-de-la-course-en-ligne-u23-a-kigali\/\"]}]},{\"@type\":\"ImageObject\",\"inLanguage\":\"fr-FR\",\"@id\":\"https:\/\/dicodusport.fr\/blog\/celia-gery-sacree-championne-du-monde-de-la-course-en-ligne-u23-a-kigali\/#primaryimage\",\"url\":\"https:\/\/dicodusport.fr\/blog\/wp-content\/uploads\/2025\/09\/Celia-Gery-sacree-championne-du-monde-de-la-course-en-ligne-U23-a-Kigali-1-2.png\",\"contentUrl\":\"https:\/\/dicodusport.fr\/blog\/wp-content\/uploads\/2025\/09\/Celia-Gery-sacree-championne-du-monde-de-la-course-en-ligne-U23-a-Kigali-1-2.png\",\"width\":1200,\"height\":674,\"caption\":\"C\u00e9lia G\u00e9ry sacr\u00e9e championne du monde de la course en ligne U23 \u00e0 Kigali !\"},{\"@type\":\"BreadcrumbList\",\"@id\":\"https:\/\/dicodusport.fr\/blog\/celia-gery-sacree-championne-du-monde-de-la-course-en-ligne-u23-a-kigali\/#breadcrumb\",\"itemListElement\":[{\"@type\":\"ListItem\",\"position\":1,\"name\":\"Accueil\",\"item\":\"https:\/\/dicodusport.fr\/blog\/\"},{\"@type\":\"ListItem\",\"position\":2,\"name\":\"C\u00e9lia G\u00e9ry sacr\u00e9e championne du monde de la course en ligne U23 \u00e0 Kigali !\"}]},{\"@type\":\"WebSite\",\"@id\":\"https:\/\/dicodusport.fr\/blog\/#website\",\"url\":\"https:\/\/dicodusport.fr\/blog\/\",\"name\":\"Dicodusport\",\"description\":\"L&#039;encyclop\u00e9die de l&#039;actualit\u00e9 sportive\",\"publisher\":{\"@id\":\"https:\/\/dicodusport.fr\/blog\/#organization\"},\"potentialAction\":[{\"@type\":\"SearchAction\",\"target\":{\"@type\":\"EntryPoint\",\"urlTemplate\":\"https:\/\/dicodusport.fr\/blog\/?s={search_term_string}\"},\"query-input\":{\"@type\":\"PropertyValueSpecification\",\"valueRequired\":true,\"valueName\":\"search_term_string\"}}],\"inLanguage\":\"fr-FR\"},{\"@type\":\"NewsMediaOrganization\",\"@id\":\"https:\/\/dicodusport.fr\/blog\/#organization\",\"name\":\"Dicodusport\",\"url\":\"https:\/\/dicodusport.fr\/blog\/\",\"logo\":{\"@type\":\"ImageObject\",\"inLanguage\":\"fr-FR\",\"@id\":\"https:\/\/dicodusport.fr\/blog\/#\/schema\/logo\/image\/\",\"url\":\"https:\/\/dicodusport.fr\/blog\/wp-content\/uploads\/2020\/06\/cropped-LOGO-DICODUSPORT-2020-SANS-FOND-SANS-TEXTE.png\",\"contentUrl\":\"https:\/\/dicodusport.fr\/blog\/wp-content\/uploads\/2020\/06\/cropped-LOGO-DICODUSPORT-2020-SANS-FOND-SANS-TEXTE.png\",\"width\":512,\"height\":512,\"caption\":\"Dicodusport\"},\"image\":{\"@id\":\"https:\/\/dicodusport.fr\/blog\/#\/schema\/logo\/image\/\"},\"sameAs\":[\"https:\/\/www.facebook.com\/dicodusport\",\"https:\/\/x.com\/dicodusport\",\"https:\/\/www.instagram.com\/dicodusport\/\",\"https:\/\/www.youtube.com\/channel\/UC7V2KZ5sd3htJivAbA4ZG3w\"],\"description\":\"Dicodusport est l'encyclop\u00e9die de l'actualit\u00e9 sportive.\",\"email\":\"bonjour@dicodusport.fr\",\"legalName\":\"DICODUSPORT\",\"foundingDate\":\"2018-01-14\",\"vatID\":\"FR71834470973\",\"taxID\":\"83447097300043\",\"numberOfEmployees\":{\"@type\":\"QuantitativeValue\",\"minValue\":\"1\",\"maxValue\":\"10\"}},{\"@type\":\"Person\",\"@id\":\"https:\/\/dicodusport.fr\/blog\/#\/schema\/person\/6db4bae06b171592211be385b32876a7\",\"name\":\"Emilien Descampiaux\",\"image\":{\"@type\":\"ImageObject\",\"inLanguage\":\"fr-FR\",\"@id\":\"https:\/\/dicodusport.fr\/blog\/#\/schema\/person\/image\/\",\"url\":\"https:\/\/dicodusport.fr\/blog\/wp-content\/uploads\/2021\/05\/Emilien-Descampiaux-150x150.jpg\",\"contentUrl\":\"https:\/\/dicodusport.fr\/blog\/wp-content\/uploads\/2021\/05\/Emilien-Descampiaux-150x150.jpg\",\"caption\":\"Emilien Descampiaux\"},\"description\":\"Journaliste\/r\u00e9dacteur depuis 2014 - Fan de la classe de Frank Vandenbroucke, je vis cyclisme (et de ses paysages) depuis plus de 20 ans. Je suis tr\u00e8s impliqu\u00e9 sur mes diff\u00e9rents r\u00e9seaux sociaux pour partager ma passion sur le monde et l'Histoire de la bicyclette avec ma voix sur les images en noir et blanc du succ\u00e8s de Rik Van Steenbergen lors du Ronde sur le V\u00e9lodrome de Gand.\",\"sameAs\":[\"https:\/\/www.facebook.com\/groups\/LesRoisDuPeloton\",\"https:\/\/x.com\/https:\/\/twitter.com\/LRoisDuPeloton\"],\"url\":\"https:\/\/dicodusport.fr\/blog\/author\/emiliend\/\"}]}<\/script>\n<!-- \/ Yoast SEO Premium plugin. -->","yoast_head_json":{"title":"C\u00e9lia G\u00e9ry sacr\u00e9e championne du monde de la course en ligne U23 \u00e0 Kigali !","description":"CHAMPIONNATS DU MONDE DE CYCLISME 2025 - C\u00e9lia Gery a \u00e9t\u00e9 sacr\u00e9e championne du monde dans la cat\u00e9gorie U23 de la course sur route \u00e0 Kigali, jeudi.\u00a0","robots":{"index":"index","follow":"follow","max-snippet":"max-snippet:-1","max-image-preview":"max-image-preview:large","max-video-preview":"max-video-preview:-1"},"canonical":"https:\/\/dicodusport.fr\/blog\/celia-gery-sacree-championne-du-monde-de-la-course-en-ligne-u23-a-kigali\/","og_locale":"fr_FR","og_type":"article","og_title":"C\u00e9lia G\u00e9ry sacr\u00e9e championne du monde de la course en ligne U23 \u00e0 Kigali !","og_description":"CHAMPIONNATS DU MONDE DE CYCLISME 2025 - C\u00e9lia Gery a \u00e9t\u00e9 sacr\u00e9e championne du monde dans la cat\u00e9gorie U23 de la course sur route \u00e0 Kigali, jeudi.\u00a0","og_url":"https:\/\/dicodusport.fr\/blog\/celia-gery-sacree-championne-du-monde-de-la-course-en-ligne-u23-a-kigali\/","og_site_name":"Dicodusport","article_publisher":"https:\/\/www.facebook.com\/dicodusport","article_author":"https:\/\/www.facebook.com\/groups\/LesRoisDuPeloton","article_published_time":"2025-09-25T14:39:25+00:00","article_modified_time":"2025-09-25T16:09:07+00:00","og_image":[{"width":1200,"height":674,"url":"https:\/\/dicodusport.fr\/blog\/wp-content\/uploads\/2025\/09\/Celia-Gery-sacree-championne-du-monde-de-la-course-en-ligne-U23-a-Kigali-1-2.png","type":"image\/png"}],"author":"Emilien Descampiaux","twitter_card":"summary_large_image","twitter_creator":"@https:\/\/twitter.com\/LRoisDuPeloton","twitter_site":"@dicodusport","schema":{"@context":"https:\/\/schema.org","@graph":[{"@type":"NewsArticle","@id":"https:\/\/dicodusport.fr\/blog\/celia-gery-sacree-championne-du-monde-de-la-course-en-ligne-u23-a-kigali\/#article","isPartOf":{"@id":"https:\/\/dicodusport.fr\/blog\/celia-gery-sacree-championne-du-monde-de-la-course-en-ligne-u23-a-kigali\/"},"author":{"name":"Emilien Descampiaux","@id":"https:\/\/dicodusport.fr\/blog\/#\/schema\/person\/6db4bae06b171592211be385b32876a7"},"headline":"C\u00e9lia G\u00e9ry sacr\u00e9e championne du monde de la course en ligne U23 \u00e0 Kigali !","datePublished":"2025-09-25T14:39:25+00:00","dateModified":"2025-09-25T16:09:07+00:00","mainEntityOfPage":{"@id":"https:\/\/dicodusport.fr\/blog\/celia-gery-sacree-championne-du-monde-de-la-course-en-ligne-u23-a-kigali\/"},"wordCount":918,"commentCount":0,"publisher":{"@id":"https:\/\/dicodusport.fr\/blog\/#organization"},"image":{"@id":"https:\/\/dicodusport.fr\/blog\/celia-gery-sacree-championne-du-monde-de-la-course-en-ligne-u23-a-kigali\/#primaryimage"},"thumbnailUrl":"https:\/\/dicodusport.fr\/blog\/wp-content\/uploads\/2025\/09\/Celia-Gery-sacree-championne-du-monde-de-la-course-en-ligne-U23-a-Kigali-1-2.png","keywords":["br\u00e8ve","Championnats du monde de cyclisme sur route","Cyclisme","Cyclisme sur route","sport"],"articleSection":["Cyclisme sur route"],"inLanguage":"fr-FR","potentialAction":[{"@type":"CommentAction","name":"Comment","target":["https:\/\/dicodusport.fr\/blog\/celia-gery-sacree-championne-du-monde-de-la-course-en-ligne-u23-a-kigali\/#respond"]}],"copyrightYear":"2025","copyrightHolder":{"@id":"https:\/\/dicodusport.fr\/blog\/#organization"}},{"@type":"WebPage","@id":"https:\/\/dicodusport.fr\/blog\/celia-gery-sacree-championne-du-monde-de-la-course-en-ligne-u23-a-kigali\/","url":"https:\/\/dicodusport.fr\/blog\/celia-gery-sacree-championne-du-monde-de-la-course-en-ligne-u23-a-kigali\/","name":"C\u00e9lia G\u00e9ry sacr\u00e9e championne du monde de la course en ligne U23 \u00e0 Kigali !","isPartOf":{"@id":"https:\/\/dicodusport.fr\/blog\/#website"},"primaryImageOfPage":{"@id":"https:\/\/dicodusport.fr\/blog\/celia-gery-sacree-championne-du-monde-de-la-course-en-ligne-u23-a-kigali\/#primaryimage"},"image":{"@id":"https:\/\/dicodusport.fr\/blog\/celia-gery-sacree-championne-du-monde-de-la-course-en-ligne-u23-a-kigali\/#primaryimage"},"thumbnailUrl":"https:\/\/dicodusport.fr\/blog\/wp-content\/uploads\/2025\/09\/Celia-Gery-sacree-championne-du-monde-de-la-course-en-ligne-U23-a-Kigali-1-2.png","datePublished":"2025-09-25T14:39:25+00:00","dateModified":"2025-09-25T16:09:07+00:00","description":"CHAMPIONNATS DU MONDE DE CYCLISME 2025 - C\u00e9lia Gery a \u00e9t\u00e9 sacr\u00e9e championne du monde dans la cat\u00e9gorie U23 de la course sur route \u00e0 Kigali, jeudi.\u00a0","breadcrumb":{"@id":"https:\/\/dicodusport.fr\/blog\/celia-gery-sacree-championne-du-monde-de-la-course-en-ligne-u23-a-kigali\/#breadcrumb"},"inLanguage":"fr-FR","potentialAction":[{"@type":"ReadAction","target":["https:\/\/dicodusport.fr\/blog\/celia-gery-sacree-championne-du-monde-de-la-course-en-ligne-u23-a-kigali\/"]}]},{"@type":"ImageObject","inLanguage":"fr-FR","@id":"https:\/\/dicodusport.fr\/blog\/celia-gery-sacree-championne-du-monde-de-la-course-en-ligne-u23-a-kigali\/#primaryimage","url":"https:\/\/dicodusport.fr\/blog\/wp-content\/uploads\/2025\/09\/Celia-Gery-sacree-championne-du-monde-de-la-course-en-ligne-U23-a-Kigali-1-2.png","contentUrl":"https:\/\/dicodusport.fr\/blog\/wp-content\/uploads\/2025\/09\/Celia-Gery-sacree-championne-du-monde-de-la-course-en-ligne-U23-a-Kigali-1-2.png","width":1200,"height":674,"caption":"C\u00e9lia G\u00e9ry sacr\u00e9e championne du monde de la course en ligne U23 \u00e0 Kigali !"},{"@type":"BreadcrumbList","@id":"https:\/\/dicodusport.fr\/blog\/celia-gery-sacree-championne-du-monde-de-la-course-en-ligne-u23-a-kigali\/#breadcrumb","itemListElement":[{"@type":"ListItem","position":1,"name":"Accueil","item":"https:\/\/dicodusport.fr\/blog\/"},{"@type":"ListItem","position":2,"name":"C\u00e9lia G\u00e9ry sacr\u00e9e championne du monde de la course en ligne U23 \u00e0 Kigali !"}]},{"@type":"WebSite","@id":"https:\/\/dicodusport.fr\/blog\/#website","url":"https:\/\/dicodusport.fr\/blog\/","name":"Dicodusport","description":"L&#039;encyclop\u00e9die de l&#039;actualit\u00e9 sportive","publisher":{"@id":"https:\/\/dicodusport.fr\/blog\/#organization"},"potentialAction":[{"@type":"SearchAction","target":{"@type":"EntryPoint","urlTemplate":"https:\/\/dicodusport.fr\/blog\/?s={search_term_string}"},"query-input":{"@type":"PropertyValueSpecification","valueRequired":true,"valueName":"search_term_string"}}],"inLanguage":"fr-FR"},{"@type":"NewsMediaOrganization","@id":"https:\/\/dicodusport.fr\/blog\/#organization","name":"Dicodusport","url":"https:\/\/dicodusport.fr\/blog\/","logo":{"@type":"ImageObject","inLanguage":"fr-FR","@id":"https:\/\/dicodusport.fr\/blog\/#\/schema\/logo\/image\/","url":"https:\/\/dicodusport.fr\/blog\/wp-content\/uploads\/2020\/06\/cropped-LOGO-DICODUSPORT-2020-SANS-FOND-SANS-TEXTE.png","contentUrl":"https:\/\/dicodusport.fr\/blog\/wp-content\/uploads\/2020\/06\/cropped-LOGO-DICODUSPORT-2020-SANS-FOND-SANS-TEXTE.png","width":512,"height":512,"caption":"Dicodusport"},"image":{"@id":"https:\/\/dicodusport.fr\/blog\/#\/schema\/logo\/image\/"},"sameAs":["https:\/\/www.facebook.com\/dicodusport","https:\/\/x.com\/dicodusport","https:\/\/www.instagram.com\/dicodusport\/","https:\/\/www.youtube.com\/channel\/UC7V2KZ5sd3htJivAbA4ZG3w"],"description":"Dicodusport est l'encyclop\u00e9die de l'actualit\u00e9 sportive.","email":"bonjour@dicodusport.fr","legalName":"DICODUSPORT","foundingDate":"2018-01-14","vatID":"FR71834470973","taxID":"83447097300043","numberOfEmployees":{"@type":"QuantitativeValue","minValue":"1","maxValue":"10"}},{"@type":"Person","@id":"https:\/\/dicodusport.fr\/blog\/#\/schema\/person\/6db4bae06b171592211be385b32876a7","name":"Emilien Descampiaux","image":{"@type":"ImageObject","inLanguage":"fr-FR","@id":"https:\/\/dicodusport.fr\/blog\/#\/schema\/person\/image\/","url":"https:\/\/dicodusport.fr\/blog\/wp-content\/uploads\/2021\/05\/Emilien-Descampiaux-150x150.jpg","contentUrl":"https:\/\/dicodusport.fr\/blog\/wp-content\/uploads\/2021\/05\/Emilien-Descampiaux-150x150.jpg","caption":"Emilien Descampiaux"},"description":"Journaliste\/r\u00e9dacteur depuis 2014 - Fan de la classe de Frank Vandenbroucke, je vis cyclisme (et de ses paysages) depuis plus de 20 ans. Je suis tr\u00e8s impliqu\u00e9 sur mes diff\u00e9rents r\u00e9seaux sociaux pour partager ma passion sur le monde et l'Histoire de la bicyclette avec ma voix sur les images en noir et blanc du succ\u00e8s de Rik Van Steenbergen lors du Ronde sur le V\u00e9lodrome de Gand.","sameAs":["https:\/\/www.facebook.com\/groups\/LesRoisDuPeloton","https:\/\/x.com\/https:\/\/twitter.com\/LRoisDuPeloton"],"url":"https:\/\/dicodusport.fr\/blog\/author\/emiliend\/"}]}},"_links":{"self":[{"href":"https:\/\/dicodusport.fr\/blog\/wp-json\/wp\/v2\/posts\/614076","targetHints":{"allow":["GET"]}}],"collection":[{"href":"https:\/\/dicodusport.fr\/blog\/wp-json\/wp\/v2\/posts"}],"about":[{"href":"https:\/\/dicodusport.fr\/blog\/wp-json\/wp\/v2\/types\/post"}],"author":[{"embeddable":true,"href":"https:\/\/dicodusport.fr\/blog\/wp-json\/wp\/v2\/users\/48"}],"replies":[{"embeddable":true,"href":"https:\/\/dicodusport.fr\/blog\/wp-json\/wp\/v2\/comments?post=614076"}],"version-history":[{"count":5,"href":"https:\/\/dicodusport.fr\/blog\/wp-json\/wp\/v2\/posts\/614076\/revisions"}],"predecessor-version":[{"id":614159,"href":"https:\/\/dicodusport.fr\/blog\/wp-json\/wp\/v2\/posts\/614076\/revisions\/614159"}],"wp:featuredmedia":[{"embeddable":true,"href":"https:\/\/dicodusport.fr\/blog\/wp-json\/wp\/v2\/media\/614160"}],"wp:attachment":[{"href":"https:\/\/dicodusport.fr\/blog\/wp-json\/wp\/v2\/media?parent=614076"}],"wp:term":[{"taxonomy":"category","embeddable":true,"href":"https:\/\/dicodusport.fr\/blog\/wp-json\/wp\/v2\/categories?post=614076"},{"taxonomy":"post_tag","embeddable":true,"href":"https:\/\/dicodusport.fr\/blog\/wp-json\/wp\/v2\/tags?post=614076"}],"curies":[{"name":"wp","href":"https:\/\/api.w.org\/{rel}","templated":true}]}}