{"id":614101,"date":"2025-09-25T14:39:57","date_gmt":"2025-09-25T12:39:57","guid":{"rendered":"https:\/\/dicodusport.fr\/blog\/?p=614101&#038;preview=true&#038;preview_id=614101"},"modified":"2025-09-25T14:39:57","modified_gmt":"2025-09-25T12:39:57","slug":"les-bleues-en-argent-sur-la-montee-seche-verticale-des-championnats-du-monde-de-trail-2025-a-canfranc","status":"publish","type":"post","link":"https:\/\/dicodusport.fr\/blog\/les-bleues-en-argent-sur-la-montee-seche-verticale-des-championnats-du-monde-de-trail-2025-a-canfranc\/","title":{"rendered":"Les Bleues en argent sur la mont\u00e9e s\u00e8che verticale des championnats du monde de trail 2025 \u00e0 Canfranc"},"content":{"rendered":"<p style=\"text-align: justify;\"><strong><em>CHAMPIONNATS DU MONDE DE COURSE DE MONTAGNE &#8211; Les Bleues prennent l&rsquo;argent par \u00e9quipes sur l&rsquo;\u00e9preuve de la mont\u00e9e s\u00e8che verticale, seulement devanc\u00e9es par l&rsquo;Italie.<\/em><\/strong><\/p>\n<p style=\"text-align: justify;\">C&rsquo;est parti pour les championnats du monde de course de montagne. Et les Bleues ont brill\u00e9 d&rsquo;entr\u00e9e en Espagne \u00e0 Canfranc. Avec une m\u00e9daille d&rsquo;argent par \u00e9quipe sur la mont\u00e9e s\u00e8che verticale ce jeudi matin. C&rsquo;est la toute premi\u00e8re m\u00e9daille de l&rsquo;histoire de l&rsquo;\u00e9quipe de France f\u00e9minine dans cet exercice.<\/p>\n<h2 style=\"text-align: justify;\">Grande premi\u00e8re<\/h2>\n<p style=\"text-align: justify;\">Des Fran\u00e7aises qui ont fait un joli tir group\u00e9, avec deux coureuses qui entrent dans le Top 10. On y retrouve <strong>Christel Dewalle<\/strong> \u00e0 la 6\u00e8me place et <strong>N\u00e9lie Cl\u00e9ment<\/strong> deux places derri\u00e8re.\u00a0<strong>Marie Nivet<\/strong>, ancienne sp\u00e9cialiste de la piste, prend la 22\u00e8me place, tandis que <strong>C\u00e9line Jeannier<\/strong> a compl\u00e9t\u00e9 la performance collective en \u00e9tant \u00e9galement dans le Top 30, \u00e0 la 28\u00e8me place.<\/p>\n<p style=\"text-align: justify;\">Les Fran\u00e7aises n&rsquo;ont \u00e9t\u00e9 devanc\u00e9es par \u00e9quipes que par les Italiennes, sacr\u00e9es championnes du monde de cette difficile \u00e9preuve. On peut esp\u00e9rer que c&rsquo;est le d\u00e9but d&rsquo;une belle moisson avec, en parall\u00e8le, les mondiaux de trails qui se d\u00e9roulent en m\u00eame temps \u00e0 Canfranc. Et avec des Bleues et des Bleus tr\u00e8s bien arm\u00e9s sur le plan collectif.<\/p>\n<blockquote class=\"twitter-tweet\">\n<p dir=\"ltr\" lang=\"fr\">\ud83e\udd48 VICE-CHAMPIONNES DU MONDE !<\/p>\n<p>\ud83c\uddeb\ud83c\uddf7 Christel Dewalle (6e), N\u00e9lie Cl\u00e9ment (8e), Marie Nivet (22e) et C\u00e9line Jeannier (28e) ont d\u00e9croch\u00e9 l\u2019argent par \u00e9quipes ce jeudi matin sur la mont\u00e9e s\u00e8che \u00e0 Canfranc (Espagne), uniquement devanc\u00e9es par les Italiennes. La premi\u00e8re r\u00e9compense de\u2026 <a href=\"https:\/\/t.co\/4oRLEI78Bm\">pic.twitter.com\/4oRLEI78Bm<\/a><\/p>\n<p>\u2014 FFAthl\u00e9tisme (@FFAthletisme) <a href=\"https:\/\/twitter.com\/FFAthletisme\/status\/1971176664102064328?ref_src=twsrc%5Etfw\">September 25, 2025<\/a><\/p><\/blockquote>\n<p style=\"text-align: justify;\"><script async src=\"https:\/\/platform.twitter.com\/widgets.js\" charset=\"utf-8\"><\/script><\/p>\n<h3 style=\"text-align: justify;\">\u00c0 lire aussi<\/h3>\n<div class=\"vlp-link-container vlp-layout-article\"><a href=\"https:\/\/dicodusport.fr\/blog\/emilie-menuet-je-suis-revenue-a-mes-premiers-amours\/\" class=\"vlp-link\" title=\"\u00c9milie Menuet : &quot;Je suis revenue \u00e0 mes premiers amours&quot;\"><\/a><div class=\"vlp-layout-zone-side\"><div class=\"vlp-block-4 vlp-link-image\"><img loading=\"lazy\" decoding=\"async\" style=\"max-width: 792px;\" width=\"792\" height=\"445\" src=\"https:\/\/dicodusport.fr\/blog\/wp-content\/uploads\/2025\/08\/Emilie-Menuet-Je-suis-revenue-a-mes-premiers-amours.png\" class=\"attachment-800x445 size-800x445\" alt=\"\u00c9milie Menuet Je suis revenue \u00e0 mes premiers amours\" srcset=\"https:\/\/dicodusport.fr\/blog\/wp-content\/uploads\/2025\/08\/Emilie-Menuet-Je-suis-revenue-a-mes-premiers-amours.png 1200w, https:\/\/dicodusport.fr\/blog\/wp-content\/uploads\/2025\/08\/Emilie-Menuet-Je-suis-revenue-a-mes-premiers-amours-300x169.png 300w, https:\/\/dicodusport.fr\/blog\/wp-content\/uploads\/2025\/08\/Emilie-Menuet-Je-suis-revenue-a-mes-premiers-amours-1024x575.png 1024w, https:\/\/dicodusport.fr\/blog\/wp-content\/uploads\/2025\/08\/Emilie-Menuet-Je-suis-revenue-a-mes-premiers-amours-768x431.png 768w\" sizes=\"auto, (max-width: 792px) 100vw, 792px\" \/><\/div><\/div><div class=\"vlp-layout-zone-main\"><div class=\"vlp-block-0 vlp-link-title\">\u00c9milie Menuet : \"Je suis revenue \u00e0 mes premiers amours\"<\/div><div class=\"vlp-block-1 vlp-link-summary\">Entretien avec Emilie Menuet, ancienne internationale en marche athl\u00e9tique et qui est devenue internationale en trail et course de montagne.<\/div><div class=\"vlp-block-2 vlp-link-button\">Lire l'article<\/div><div class=\"vlp-block-3 vlp-link-url\">dicodusport.fr<\/div><\/div><\/div>\n","protected":false},"excerpt":{"rendered":"<p>CHAMPIONNATS DU MONDE DE COURSE DE MONTAGNE &#8211; Les Bleues prennent l&rsquo;argent par \u00e9quipes sur l&rsquo;\u00e9preuve de la mont\u00e9e s\u00e8che verticale, seulement devanc\u00e9es par l&rsquo;Italie.<\/p>\n","protected":false},"author":83,"featured_media":614108,"comment_status":"open","ping_status":"closed","sticky":false,"template":"","format":"standard","meta":{"_acf_changed":false,"_daextam_enable_autolinks":"1","footnotes":""},"categories":[8673],"tags":[16878,47268,862],"class_list":["post-614101","post","type-post","status-publish","format-standard","has-post-thumbnail","hentry","category-trail","tag-breve","tag-course-de-montagne","tag-trail"],"acf":[],"yoast_head":"<!-- This site is optimized with the Yoast SEO Premium plugin v26.7 (Yoast SEO v26.7) - https:\/\/yoast.com\/wordpress\/plugins\/seo\/ -->\n<title>Les Bleues en argent sur la mont\u00e9e s\u00e8che verticale des championnats du monde de trail 2025 \u00e0 Canfranc<\/title>\n<meta name=\"description\" content=\"CHAMPIONNATS DU MONDE DE COURSE DE MONTAGNE - Les Bleues prennent l&#039;argent par \u00e9quipes sur l&#039;\u00e9preuve de la mont\u00e9e s\u00e8che verticale, seulement devanc\u00e9es par l&#039;Italie.\" \/>\n<meta name=\"robots\" content=\"index, follow, max-snippet:-1, max-image-preview:large, max-video-preview:-1\" \/>\n<link rel=\"canonical\" href=\"https:\/\/dicodusport.fr\/blog\/les-bleues-en-argent-sur-la-montee-seche-verticale-des-championnats-du-monde-de-trail-2025-a-canfranc\/\" \/>\n<meta property=\"og:locale\" content=\"fr_FR\" \/>\n<meta property=\"og:type\" content=\"article\" \/>\n<meta property=\"og:title\" content=\"Les Bleues en argent sur la mont\u00e9e s\u00e8che verticale des championnats du monde de trail 2025 \u00e0 Canfranc\" \/>\n<meta property=\"og:description\" content=\"CHAMPIONNATS DU MONDE DE COURSE DE MONTAGNE - Les Bleues prennent l&#039;argent par \u00e9quipes sur l&#039;\u00e9preuve de la mont\u00e9e s\u00e8che verticale, seulement devanc\u00e9es par l&#039;Italie.\" \/>\n<meta property=\"og:url\" content=\"https:\/\/dicodusport.fr\/blog\/les-bleues-en-argent-sur-la-montee-seche-verticale-des-championnats-du-monde-de-trail-2025-a-canfranc\/\" \/>\n<meta property=\"og:site_name\" content=\"Dicodusport\" \/>\n<meta property=\"article:publisher\" content=\"https:\/\/www.facebook.com\/dicodusport\" \/>\n<meta property=\"article:published_time\" content=\"2025-09-25T12:39:57+00:00\" \/>\n<meta property=\"og:image\" content=\"https:\/\/dicodusport.fr\/blog\/wp-content\/uploads\/2025\/09\/Les-Bleues-en-argent-sur-la-montee-seche-verticale-des-championnats-du-monde-de-trail-2025-a-Canfranc.png\" \/>\n\t<meta property=\"og:image:width\" content=\"1200\" \/>\n\t<meta property=\"og:image:height\" content=\"674\" \/>\n\t<meta property=\"og:image:type\" content=\"image\/png\" \/>\n<meta name=\"author\" content=\"Etienne Goursaud\" \/>\n<meta name=\"twitter:card\" content=\"summary_large_image\" \/>\n<meta name=\"twitter:title\" content=\"Les Bleues en argent sur la mont\u00e9e s\u00e8che verticale des championnats du monde de trail 2025 \u00e0 Canfranc\" \/>\n<meta name=\"twitter:creator\" content=\"@dicodusport\" \/>\n<meta name=\"twitter:site\" content=\"@dicodusport\" \/>\n<script type=\"application\/ld+json\" class=\"yoast-schema-graph\">{\"@context\":\"https:\/\/schema.org\",\"@graph\":[{\"@type\":\"NewsArticle\",\"@id\":\"https:\/\/dicodusport.fr\/blog\/les-bleues-en-argent-sur-la-montee-seche-verticale-des-championnats-du-monde-de-trail-2025-a-canfranc\/#article\",\"isPartOf\":{\"@id\":\"https:\/\/dicodusport.fr\/blog\/les-bleues-en-argent-sur-la-montee-seche-verticale-des-championnats-du-monde-de-trail-2025-a-canfranc\/\"},\"author\":{\"name\":\"Etienne Goursaud\",\"@id\":\"https:\/\/dicodusport.fr\/blog\/#\/schema\/person\/d603dd7da31fb2b46c82b9835a77ec13\"},\"headline\":\"Les Bleues en argent sur la mont\u00e9e s\u00e8che verticale des championnats du monde de trail 2025 \u00e0 Canfranc\",\"datePublished\":\"2025-09-25T12:39:57+00:00\",\"mainEntityOfPage\":{\"@id\":\"https:\/\/dicodusport.fr\/blog\/les-bleues-en-argent-sur-la-montee-seche-verticale-des-championnats-du-monde-de-trail-2025-a-canfranc\/\"},\"wordCount\":382,\"commentCount\":0,\"publisher\":{\"@id\":\"https:\/\/dicodusport.fr\/blog\/#organization\"},\"image\":{\"@id\":\"https:\/\/dicodusport.fr\/blog\/les-bleues-en-argent-sur-la-montee-seche-verticale-des-championnats-du-monde-de-trail-2025-a-canfranc\/#primaryimage\"},\"thumbnailUrl\":\"https:\/\/dicodusport.fr\/blog\/wp-content\/uploads\/2025\/09\/Les-Bleues-en-argent-sur-la-montee-seche-verticale-des-championnats-du-monde-de-trail-2025-a-Canfranc.png\",\"keywords\":[\"br\u00e8ve\",\"Course de montagne\",\"trail\"],\"articleSection\":[\"Trail\"],\"inLanguage\":\"fr-FR\",\"potentialAction\":[{\"@type\":\"CommentAction\",\"name\":\"Comment\",\"target\":[\"https:\/\/dicodusport.fr\/blog\/les-bleues-en-argent-sur-la-montee-seche-verticale-des-championnats-du-monde-de-trail-2025-a-canfranc\/#respond\"]}],\"copyrightYear\":\"2025\",\"copyrightHolder\":{\"@id\":\"https:\/\/dicodusport.fr\/blog\/#organization\"}},{\"@type\":\"WebPage\",\"@id\":\"https:\/\/dicodusport.fr\/blog\/les-bleues-en-argent-sur-la-montee-seche-verticale-des-championnats-du-monde-de-trail-2025-a-canfranc\/\",\"url\":\"https:\/\/dicodusport.fr\/blog\/les-bleues-en-argent-sur-la-montee-seche-verticale-des-championnats-du-monde-de-trail-2025-a-canfranc\/\",\"name\":\"Les Bleues en argent sur la mont\u00e9e s\u00e8che verticale des championnats du monde de trail 2025 \u00e0 Canfranc\",\"isPartOf\":{\"@id\":\"https:\/\/dicodusport.fr\/blog\/#website\"},\"primaryImageOfPage\":{\"@id\":\"https:\/\/dicodusport.fr\/blog\/les-bleues-en-argent-sur-la-montee-seche-verticale-des-championnats-du-monde-de-trail-2025-a-canfranc\/#primaryimage\"},\"image\":{\"@id\":\"https:\/\/dicodusport.fr\/blog\/les-bleues-en-argent-sur-la-montee-seche-verticale-des-championnats-du-monde-de-trail-2025-a-canfranc\/#primaryimage\"},\"thumbnailUrl\":\"https:\/\/dicodusport.fr\/blog\/wp-content\/uploads\/2025\/09\/Les-Bleues-en-argent-sur-la-montee-seche-verticale-des-championnats-du-monde-de-trail-2025-a-Canfranc.png\",\"datePublished\":\"2025-09-25T12:39:57+00:00\",\"description\":\"CHAMPIONNATS DU MONDE DE COURSE DE MONTAGNE - Les Bleues prennent l'argent par \u00e9quipes sur l'\u00e9preuve de la mont\u00e9e s\u00e8che verticale, seulement devanc\u00e9es par l'Italie.\",\"breadcrumb\":{\"@id\":\"https:\/\/dicodusport.fr\/blog\/les-bleues-en-argent-sur-la-montee-seche-verticale-des-championnats-du-monde-de-trail-2025-a-canfranc\/#breadcrumb\"},\"inLanguage\":\"fr-FR\",\"potentialAction\":[{\"@type\":\"ReadAction\",\"target\":[\"https:\/\/dicodusport.fr\/blog\/les-bleues-en-argent-sur-la-montee-seche-verticale-des-championnats-du-monde-de-trail-2025-a-canfranc\/\"]}]},{\"@type\":\"ImageObject\",\"inLanguage\":\"fr-FR\",\"@id\":\"https:\/\/dicodusport.fr\/blog\/les-bleues-en-argent-sur-la-montee-seche-verticale-des-championnats-du-monde-de-trail-2025-a-canfranc\/#primaryimage\",\"url\":\"https:\/\/dicodusport.fr\/blog\/wp-content\/uploads\/2025\/09\/Les-Bleues-en-argent-sur-la-montee-seche-verticale-des-championnats-du-monde-de-trail-2025-a-Canfranc.png\",\"contentUrl\":\"https:\/\/dicodusport.fr\/blog\/wp-content\/uploads\/2025\/09\/Les-Bleues-en-argent-sur-la-montee-seche-verticale-des-championnats-du-monde-de-trail-2025-a-Canfranc.png\",\"width\":1200,\"height\":674,\"caption\":\"Les Bleues en argent sur la mont\u00e9e s\u00e8che verticale des championnats du monde de trail 2025 \u00e0 Canfranc\"},{\"@type\":\"BreadcrumbList\",\"@id\":\"https:\/\/dicodusport.fr\/blog\/les-bleues-en-argent-sur-la-montee-seche-verticale-des-championnats-du-monde-de-trail-2025-a-canfranc\/#breadcrumb\",\"itemListElement\":[{\"@type\":\"ListItem\",\"position\":1,\"name\":\"Accueil\",\"item\":\"https:\/\/dicodusport.fr\/blog\/\"},{\"@type\":\"ListItem\",\"position\":2,\"name\":\"Les Bleues en argent sur la mont\u00e9e s\u00e8che verticale des championnats du monde de trail 2025 \u00e0 Canfranc\"}]},{\"@type\":\"WebSite\",\"@id\":\"https:\/\/dicodusport.fr\/blog\/#website\",\"url\":\"https:\/\/dicodusport.fr\/blog\/\",\"name\":\"Dicodusport\",\"description\":\"L&#039;encyclop\u00e9die de l&#039;actualit\u00e9 sportive\",\"publisher\":{\"@id\":\"https:\/\/dicodusport.fr\/blog\/#organization\"},\"potentialAction\":[{\"@type\":\"SearchAction\",\"target\":{\"@type\":\"EntryPoint\",\"urlTemplate\":\"https:\/\/dicodusport.fr\/blog\/?s={search_term_string}\"},\"query-input\":{\"@type\":\"PropertyValueSpecification\",\"valueRequired\":true,\"valueName\":\"search_term_string\"}}],\"inLanguage\":\"fr-FR\"},{\"@type\":\"NewsMediaOrganization\",\"@id\":\"https:\/\/dicodusport.fr\/blog\/#organization\",\"name\":\"Dicodusport\",\"url\":\"https:\/\/dicodusport.fr\/blog\/\",\"logo\":{\"@type\":\"ImageObject\",\"inLanguage\":\"fr-FR\",\"@id\":\"https:\/\/dicodusport.fr\/blog\/#\/schema\/logo\/image\/\",\"url\":\"https:\/\/dicodusport.fr\/blog\/wp-content\/uploads\/2020\/06\/cropped-LOGO-DICODUSPORT-2020-SANS-FOND-SANS-TEXTE.png\",\"contentUrl\":\"https:\/\/dicodusport.fr\/blog\/wp-content\/uploads\/2020\/06\/cropped-LOGO-DICODUSPORT-2020-SANS-FOND-SANS-TEXTE.png\",\"width\":512,\"height\":512,\"caption\":\"Dicodusport\"},\"image\":{\"@id\":\"https:\/\/dicodusport.fr\/blog\/#\/schema\/logo\/image\/\"},\"sameAs\":[\"https:\/\/www.facebook.com\/dicodusport\",\"https:\/\/x.com\/dicodusport\",\"https:\/\/www.instagram.com\/dicodusport\/\",\"https:\/\/www.youtube.com\/channel\/UC7V2KZ5sd3htJivAbA4ZG3w\"],\"description\":\"Dicodusport est l'encyclop\u00e9die de l'actualit\u00e9 sportive.\",\"email\":\"bonjour@dicodusport.fr\",\"legalName\":\"DICODUSPORT\",\"foundingDate\":\"2018-01-14\",\"vatID\":\"FR71834470973\",\"taxID\":\"83447097300043\",\"numberOfEmployees\":{\"@type\":\"QuantitativeValue\",\"minValue\":\"1\",\"maxValue\":\"10\"}},{\"@type\":\"Person\",\"@id\":\"https:\/\/dicodusport.fr\/blog\/#\/schema\/person\/d603dd7da31fb2b46c82b9835a77ec13\",\"name\":\"Etienne Goursaud\",\"image\":{\"@type\":\"ImageObject\",\"inLanguage\":\"fr-FR\",\"@id\":\"https:\/\/dicodusport.fr\/blog\/#\/schema\/person\/image\/\",\"url\":\"https:\/\/dicodusport.fr\/blog\/wp-content\/uploads\/2023\/12\/410122264_10231602061736049_5565839791558026645_n-150x150.jpg\",\"contentUrl\":\"https:\/\/dicodusport.fr\/blog\/wp-content\/uploads\/2023\/12\/410122264_10231602061736049_5565839791558026645_n-150x150.jpg\",\"caption\":\"Etienne Goursaud\"},\"description\":\"Journaliste et amoureux de sport. Ancien footballeur reconverti athl\u00e8te quand ses muscles le laissent tranquille. \u00c9lev\u00e9 \u00e0 la sauce des exploits de Thomas Voeckler en 2004, du dernier essai de l\u00e9gende de Eunice Barber \u00e0 la longueur lors des championnats du monde d'athl\u00e9tisme de 2003 mais aussi Zidane, Omeyer et Titou Lamaison.\",\"url\":\"https:\/\/dicodusport.fr\/blog\/author\/etienne-goursaud\/\"}]}<\/script>\n<!-- \/ Yoast SEO Premium plugin. -->","yoast_head_json":{"title":"Les Bleues en argent sur la mont\u00e9e s\u00e8che verticale des championnats du monde de trail 2025 \u00e0 Canfranc","description":"CHAMPIONNATS DU MONDE DE COURSE DE MONTAGNE - Les Bleues prennent l'argent par \u00e9quipes sur l'\u00e9preuve de la mont\u00e9e s\u00e8che verticale, seulement devanc\u00e9es par l'Italie.","robots":{"index":"index","follow":"follow","max-snippet":"max-snippet:-1","max-image-preview":"max-image-preview:large","max-video-preview":"max-video-preview:-1"},"canonical":"https:\/\/dicodusport.fr\/blog\/les-bleues-en-argent-sur-la-montee-seche-verticale-des-championnats-du-monde-de-trail-2025-a-canfranc\/","og_locale":"fr_FR","og_type":"article","og_title":"Les Bleues en argent sur la mont\u00e9e s\u00e8che verticale des championnats du monde de trail 2025 \u00e0 Canfranc","og_description":"CHAMPIONNATS DU MONDE DE COURSE DE MONTAGNE - Les Bleues prennent l'argent par \u00e9quipes sur l'\u00e9preuve de la mont\u00e9e s\u00e8che verticale, seulement devanc\u00e9es par l'Italie.","og_url":"https:\/\/dicodusport.fr\/blog\/les-bleues-en-argent-sur-la-montee-seche-verticale-des-championnats-du-monde-de-trail-2025-a-canfranc\/","og_site_name":"Dicodusport","article_publisher":"https:\/\/www.facebook.com\/dicodusport","article_published_time":"2025-09-25T12:39:57+00:00","og_image":[{"width":1200,"height":674,"url":"https:\/\/dicodusport.fr\/blog\/wp-content\/uploads\/2025\/09\/Les-Bleues-en-argent-sur-la-montee-seche-verticale-des-championnats-du-monde-de-trail-2025-a-Canfranc.png","type":"image\/png"}],"author":"Etienne Goursaud","twitter_card":"summary_large_image","twitter_title":"Les Bleues en argent sur la mont\u00e9e s\u00e8che verticale des championnats du monde de trail 2025 \u00e0 Canfranc","twitter_creator":"@dicodusport","twitter_site":"@dicodusport","schema":{"@context":"https:\/\/schema.org","@graph":[{"@type":"NewsArticle","@id":"https:\/\/dicodusport.fr\/blog\/les-bleues-en-argent-sur-la-montee-seche-verticale-des-championnats-du-monde-de-trail-2025-a-canfranc\/#article","isPartOf":{"@id":"https:\/\/dicodusport.fr\/blog\/les-bleues-en-argent-sur-la-montee-seche-verticale-des-championnats-du-monde-de-trail-2025-a-canfranc\/"},"author":{"name":"Etienne Goursaud","@id":"https:\/\/dicodusport.fr\/blog\/#\/schema\/person\/d603dd7da31fb2b46c82b9835a77ec13"},"headline":"Les Bleues en argent sur la mont\u00e9e s\u00e8che verticale des championnats du monde de trail 2025 \u00e0 Canfranc","datePublished":"2025-09-25T12:39:57+00:00","mainEntityOfPage":{"@id":"https:\/\/dicodusport.fr\/blog\/les-bleues-en-argent-sur-la-montee-seche-verticale-des-championnats-du-monde-de-trail-2025-a-canfranc\/"},"wordCount":382,"commentCount":0,"publisher":{"@id":"https:\/\/dicodusport.fr\/blog\/#organization"},"image":{"@id":"https:\/\/dicodusport.fr\/blog\/les-bleues-en-argent-sur-la-montee-seche-verticale-des-championnats-du-monde-de-trail-2025-a-canfranc\/#primaryimage"},"thumbnailUrl":"https:\/\/dicodusport.fr\/blog\/wp-content\/uploads\/2025\/09\/Les-Bleues-en-argent-sur-la-montee-seche-verticale-des-championnats-du-monde-de-trail-2025-a-Canfranc.png","keywords":["br\u00e8ve","Course de montagne","trail"],"articleSection":["Trail"],"inLanguage":"fr-FR","potentialAction":[{"@type":"CommentAction","name":"Comment","target":["https:\/\/dicodusport.fr\/blog\/les-bleues-en-argent-sur-la-montee-seche-verticale-des-championnats-du-monde-de-trail-2025-a-canfranc\/#respond"]}],"copyrightYear":"2025","copyrightHolder":{"@id":"https:\/\/dicodusport.fr\/blog\/#organization"}},{"@type":"WebPage","@id":"https:\/\/dicodusport.fr\/blog\/les-bleues-en-argent-sur-la-montee-seche-verticale-des-championnats-du-monde-de-trail-2025-a-canfranc\/","url":"https:\/\/dicodusport.fr\/blog\/les-bleues-en-argent-sur-la-montee-seche-verticale-des-championnats-du-monde-de-trail-2025-a-canfranc\/","name":"Les Bleues en argent sur la mont\u00e9e s\u00e8che verticale des championnats du monde de trail 2025 \u00e0 Canfranc","isPartOf":{"@id":"https:\/\/dicodusport.fr\/blog\/#website"},"primaryImageOfPage":{"@id":"https:\/\/dicodusport.fr\/blog\/les-bleues-en-argent-sur-la-montee-seche-verticale-des-championnats-du-monde-de-trail-2025-a-canfranc\/#primaryimage"},"image":{"@id":"https:\/\/dicodusport.fr\/blog\/les-bleues-en-argent-sur-la-montee-seche-verticale-des-championnats-du-monde-de-trail-2025-a-canfranc\/#primaryimage"},"thumbnailUrl":"https:\/\/dicodusport.fr\/blog\/wp-content\/uploads\/2025\/09\/Les-Bleues-en-argent-sur-la-montee-seche-verticale-des-championnats-du-monde-de-trail-2025-a-Canfranc.png","datePublished":"2025-09-25T12:39:57+00:00","description":"CHAMPIONNATS DU MONDE DE COURSE DE MONTAGNE - Les Bleues prennent l'argent par \u00e9quipes sur l'\u00e9preuve de la mont\u00e9e s\u00e8che verticale, seulement devanc\u00e9es par l'Italie.","breadcrumb":{"@id":"https:\/\/dicodusport.fr\/blog\/les-bleues-en-argent-sur-la-montee-seche-verticale-des-championnats-du-monde-de-trail-2025-a-canfranc\/#breadcrumb"},"inLanguage":"fr-FR","potentialAction":[{"@type":"ReadAction","target":["https:\/\/dicodusport.fr\/blog\/les-bleues-en-argent-sur-la-montee-seche-verticale-des-championnats-du-monde-de-trail-2025-a-canfranc\/"]}]},{"@type":"ImageObject","inLanguage":"fr-FR","@id":"https:\/\/dicodusport.fr\/blog\/les-bleues-en-argent-sur-la-montee-seche-verticale-des-championnats-du-monde-de-trail-2025-a-canfranc\/#primaryimage","url":"https:\/\/dicodusport.fr\/blog\/wp-content\/uploads\/2025\/09\/Les-Bleues-en-argent-sur-la-montee-seche-verticale-des-championnats-du-monde-de-trail-2025-a-Canfranc.png","contentUrl":"https:\/\/dicodusport.fr\/blog\/wp-content\/uploads\/2025\/09\/Les-Bleues-en-argent-sur-la-montee-seche-verticale-des-championnats-du-monde-de-trail-2025-a-Canfranc.png","width":1200,"height":674,"caption":"Les Bleues en argent sur la mont\u00e9e s\u00e8che verticale des championnats du monde de trail 2025 \u00e0 Canfranc"},{"@type":"BreadcrumbList","@id":"https:\/\/dicodusport.fr\/blog\/les-bleues-en-argent-sur-la-montee-seche-verticale-des-championnats-du-monde-de-trail-2025-a-canfranc\/#breadcrumb","itemListElement":[{"@type":"ListItem","position":1,"name":"Accueil","item":"https:\/\/dicodusport.fr\/blog\/"},{"@type":"ListItem","position":2,"name":"Les Bleues en argent sur la mont\u00e9e s\u00e8che verticale des championnats du monde de trail 2025 \u00e0 Canfranc"}]},{"@type":"WebSite","@id":"https:\/\/dicodusport.fr\/blog\/#website","url":"https:\/\/dicodusport.fr\/blog\/","name":"Dicodusport","description":"L&#039;encyclop\u00e9die de l&#039;actualit\u00e9 sportive","publisher":{"@id":"https:\/\/dicodusport.fr\/blog\/#organization"},"potentialAction":[{"@type":"SearchAction","target":{"@type":"EntryPoint","urlTemplate":"https:\/\/dicodusport.fr\/blog\/?s={search_term_string}"},"query-input":{"@type":"PropertyValueSpecification","valueRequired":true,"valueName":"search_term_string"}}],"inLanguage":"fr-FR"},{"@type":"NewsMediaOrganization","@id":"https:\/\/dicodusport.fr\/blog\/#organization","name":"Dicodusport","url":"https:\/\/dicodusport.fr\/blog\/","logo":{"@type":"ImageObject","inLanguage":"fr-FR","@id":"https:\/\/dicodusport.fr\/blog\/#\/schema\/logo\/image\/","url":"https:\/\/dicodusport.fr\/blog\/wp-content\/uploads\/2020\/06\/cropped-LOGO-DICODUSPORT-2020-SANS-FOND-SANS-TEXTE.png","contentUrl":"https:\/\/dicodusport.fr\/blog\/wp-content\/uploads\/2020\/06\/cropped-LOGO-DICODUSPORT-2020-SANS-FOND-SANS-TEXTE.png","width":512,"height":512,"caption":"Dicodusport"},"image":{"@id":"https:\/\/dicodusport.fr\/blog\/#\/schema\/logo\/image\/"},"sameAs":["https:\/\/www.facebook.com\/dicodusport","https:\/\/x.com\/dicodusport","https:\/\/www.instagram.com\/dicodusport\/","https:\/\/www.youtube.com\/channel\/UC7V2KZ5sd3htJivAbA4ZG3w"],"description":"Dicodusport est l'encyclop\u00e9die de l'actualit\u00e9 sportive.","email":"bonjour@dicodusport.fr","legalName":"DICODUSPORT","foundingDate":"2018-01-14","vatID":"FR71834470973","taxID":"83447097300043","numberOfEmployees":{"@type":"QuantitativeValue","minValue":"1","maxValue":"10"}},{"@type":"Person","@id":"https:\/\/dicodusport.fr\/blog\/#\/schema\/person\/d603dd7da31fb2b46c82b9835a77ec13","name":"Etienne Goursaud","image":{"@type":"ImageObject","inLanguage":"fr-FR","@id":"https:\/\/dicodusport.fr\/blog\/#\/schema\/person\/image\/","url":"https:\/\/dicodusport.fr\/blog\/wp-content\/uploads\/2023\/12\/410122264_10231602061736049_5565839791558026645_n-150x150.jpg","contentUrl":"https:\/\/dicodusport.fr\/blog\/wp-content\/uploads\/2023\/12\/410122264_10231602061736049_5565839791558026645_n-150x150.jpg","caption":"Etienne Goursaud"},"description":"Journaliste et amoureux de sport. Ancien footballeur reconverti athl\u00e8te quand ses muscles le laissent tranquille. \u00c9lev\u00e9 \u00e0 la sauce des exploits de Thomas Voeckler en 2004, du dernier essai de l\u00e9gende de Eunice Barber \u00e0 la longueur lors des championnats du monde d'athl\u00e9tisme de 2003 mais aussi Zidane, Omeyer et Titou Lamaison.","url":"https:\/\/dicodusport.fr\/blog\/author\/etienne-goursaud\/"}]}},"_links":{"self":[{"href":"https:\/\/dicodusport.fr\/blog\/wp-json\/wp\/v2\/posts\/614101","targetHints":{"allow":["GET"]}}],"collection":[{"href":"https:\/\/dicodusport.fr\/blog\/wp-json\/wp\/v2\/posts"}],"about":[{"href":"https:\/\/dicodusport.fr\/blog\/wp-json\/wp\/v2\/types\/post"}],"author":[{"embeddable":true,"href":"https:\/\/dicodusport.fr\/blog\/wp-json\/wp\/v2\/users\/83"}],"replies":[{"embeddable":true,"href":"https:\/\/dicodusport.fr\/blog\/wp-json\/wp\/v2\/comments?post=614101"}],"version-history":[{"count":5,"href":"https:\/\/dicodusport.fr\/blog\/wp-json\/wp\/v2\/posts\/614101\/revisions"}],"predecessor-version":[{"id":614112,"href":"https:\/\/dicodusport.fr\/blog\/wp-json\/wp\/v2\/posts\/614101\/revisions\/614112"}],"wp:featuredmedia":[{"embeddable":true,"href":"https:\/\/dicodusport.fr\/blog\/wp-json\/wp\/v2\/media\/614108"}],"wp:attachment":[{"href":"https:\/\/dicodusport.fr\/blog\/wp-json\/wp\/v2\/media?parent=614101"}],"wp:term":[{"taxonomy":"category","embeddable":true,"href":"https:\/\/dicodusport.fr\/blog\/wp-json\/wp\/v2\/categories?post=614101"},{"taxonomy":"post_tag","embeddable":true,"href":"https:\/\/dicodusport.fr\/blog\/wp-json\/wp\/v2\/tags?post=614101"}],"curies":[{"name":"wp","href":"https:\/\/api.w.org\/{rel}","templated":true}]}}