{"id":614979,"date":"2025-09-28T13:47:10","date_gmt":"2025-09-28T11:47:10","guid":{"rendered":"https:\/\/dicodusport.fr\/blog\/?p=614979&#038;preview=true&#038;preview_id=614979"},"modified":"2025-09-28T14:08:47","modified_gmt":"2025-09-28T12:08:47","slug":"escalade-mondiaux-2025-mejdi-schalck-medaille-dargent-sur-le-bloc-sorato-anraku-titre","status":"publish","type":"post","link":"https:\/\/dicodusport.fr\/blog\/escalade-mondiaux-2025-mejdi-schalck-medaille-dargent-sur-le-bloc-sorato-anraku-titre\/","title":{"rendered":"Escalade Mondiaux 2025 : Mejdi Schalck m\u00e9daill\u00e9 d&rsquo;argent sur le bloc, Sorato Anraku titr\u00e9"},"content":{"rendered":"<p style=\"text-align: justify;\"><strong><em>CHAMPIONNATS DU MONDE D&rsquo;ESCALADE 2025 &#8211; Au lendemain du podium d&rsquo;Oriane Bertone, le camp fran\u00e7ais a d\u00e9croch\u00e9 une nouvelle m\u00e9daille gr\u00e2ce \u00e0 Mejdi Schalck, argent\u00e9 sur le bloc l\u00e0 encore.<\/em><\/strong><\/p>\n<h2>Mejdi Schalck en position d&rsquo;outsider<\/h2>\n<p style=\"text-align: justify;\">Huiti\u00e8me des qualifications, quatri\u00e8me de la demi-finale, <strong>Mejdi Schalck<\/strong> est mont\u00e9 en puissance au fil du week-end. Outsider ce dimanche dans une finale qui semblait promise au Japonais <strong>Sorato Anraku<\/strong>, le Fran\u00e7ais a commenc\u00e9 de la plus belle des mani\u00e8res, contr\u00f4lant la derni\u00e8re prise du premier bloc d\u00e8s sa premi\u00e8re tentative. Un d\u00e9part id\u00e9al pour faire le plein de confiance pour celui qui restait sur une<a href=\"https:\/\/dicodusport.fr\/blog\/coupe-du-monde-descalade-2025-mejdi-schalck-vainqueur-en-bloc-a-prague-samuel-richard-troisieme\/\"> victoire \u00e0 Prague<\/a> et une <a href=\"https:\/\/dicodusport.fr\/blog\/coupe-du-monde-descalade-2025-mejdi-schalck-2eme-en-bloc-a-berne\/\">deuxi\u00e8me place \u00e0 Berne<\/a> en coupe du monde au mois de juin.<\/p>\n<p style=\"text-align: justify;\">Bien lanc\u00e9 dans sa finale, <strong>Schalck<\/strong> confirmait en r\u00e9alisant le deuxi\u00e8me bloc d\u00e8s sa deuxi\u00e8me tentative. \u00c0 mi-parcours, le Fran\u00e7ais occupait ainsi la deuxi\u00e8me place, \u00e0 \u00e9galit\u00e9 avec <strong>Anraku<\/strong> premier n\u00e9anmoins gr\u00e2ce au classement des demi-finales. En embuscade, le Sud-Cor\u00e9en <strong>Dohyun Lee<\/strong>, sacr\u00e9 cette semaine en difficult\u00e9, pointait lui \u00e0 deux petits dixi\u00e8mes du duo de t\u00eate.<\/p>\n<h2>Du suspens pour la m\u00e9daille d&rsquo;or<\/h2>\n<p style=\"text-align: justify;\">Premier des trois \u00e0 s&rsquo;\u00e9lancer, le Fran\u00e7ais mettait tout de suite la pression sur ses concurrents, validant l\u00e0 encore le troisi\u00e8me bloc mais d\u00e8s sa deuxi\u00e8me tentative cette fois-ci. S&rsquo;il faisait d\u00e9j\u00e0 un grand pas vers le podium, le tricolore pouvait se permettre de viser plus haut. N\u00e9anmoins, <strong>Lee<\/strong> lui r\u00e9pondait aussit\u00f4t en deux tentatives \u00e9galement. En revanche, <strong>Anraku<\/strong> conc\u00e9dait deux tentatives et reculait \u00e0 la deuxi\u00e8me place. Au moment d&rsquo;aborder le dernier bloc, <strong>Schalck<\/strong> \u00e9tait alors en t\u00eate (74.5) devant <strong>Anraku<\/strong> (74.3) et <strong>Lee<\/strong> (74.3) de quoi permettre un d\u00e9nouement \u00e9pique.<\/p>\n<p style=\"text-align: justify;\">Validant la zone d\u00e8s son premier essai, le Fran\u00e7ais prenait son temps avant d&rsquo;aborder sa seconde tentative alors que personne avant lui n&rsquo;avait valid\u00e9 ce quatri\u00e8me bloc. Comme <strong>Oriane Bertone<\/strong> la veille, <strong>Schalck<\/strong> devait cependant se contenter de la zone, \u00e9chouant lui aussi dans sa tentative de top (84.5 points). Assur\u00e9 d&rsquo;une m\u00e9daille, il n&rsquo;\u00e9tait alors plus ma\u00eetre de son destin. Spectateur impuissant, le Francilien esp\u00e9rait alors que les deux autres ne fassent pas mieux que la zone. Premier \u00e0 passer, <strong>Lee<\/strong> validait lui aussi la zone, mais ne pouvait faire mieux. Ne restait alors que le Japonais pour tenter de d\u00e9loger le Fran\u00e7ais de la premi\u00e8re marche du podium.<\/p>\n<p style=\"text-align: justify;\"><strong>Anraku<\/strong>, num\u00e9ro un mondial, s\u00e9curisait l&rsquo;argent gr\u00e2ce \u00e0 la zone sur sa premi\u00e8re tentative. Ne parvenant pas \u00e0 encha\u00eener, le Nippon devait s&rsquo;y reprendre \u00e0 deux fois et avec beaucoup d&rsquo;autorit\u00e9 validait le bloc pour devenir champion du monde de la discipline avec un score quasi parfait de 99.2 points. <strong>Mejdi Schalck<\/strong> d\u00e9croche ainsi une tr\u00e8s belle m\u00e9daille d&rsquo;argent, comme \u00e0 Berne il y a deux ans. <strong>Dohyun Lee<\/strong> termine lui troisi\u00e8me avec 84.2 points.<\/p>\n<h2>Un bilan prometteur<\/h2>\n<p style=\"text-align: justify;\">Ainsi se terminent ces championnats du monde 2025. Les Fran\u00e7ais repartent ainsi avec deux m\u00e9dailles chez les valides mais c&rsquo;est du c\u00f4t\u00e9 des grimpeurs de para escalade que la moisson a \u00e9t\u00e9 la plus belle. \u00c0 ces deux m\u00e9dailles s&rsquo;ajoutent ainsi quatre titres et trois m\u00e9dailles de bronze. Titr\u00e9 \u00e0 Berne en 2023, <a href=\"https:\/\/dicodusport.fr\/blog\/para-escalade-mondiaux-2025-alois-pottier-sacre-en-difficulte-deja-3-medailles-pour-la-france\/\"><strong>Alo\u00efs Pottier<\/strong> a notamment r\u00e9cidiv\u00e9<\/a> en cat\u00e9gorie RP1 <a href=\"https:\/\/dicodusport.fr\/blog\/para-escalade-mondiaux-2025-pluie-dor-pour-les-bleus-lucie-jarrige-solenne-piret-et-thierry-delarue-conservent-leur-titre\/\">tout comme <strong>Lucie Jarrige, Solenne Piret<\/strong> et <strong>Thierry Delarue<\/strong><\/a>. De bonnes nouvelles alors que la discipline fera ses d\u00e9buts au programme paralympique \u00e0 Los Angeles dans trois ans.<\/p>\n<p style=\"text-align: justify;\">\n","protected":false},"excerpt":{"rendered":"<p>Aux Mondiaux, Mejdi Schalck a d\u00e9croch\u00e9 l&rsquo;argent sur le bloc. Sorato Anraku d\u00e9croche l&rsquo;or.<\/p>\n","protected":false},"author":91,"featured_media":614987,"comment_status":"open","ping_status":"closed","sticky":false,"template":"","format":"standard","meta":{"_acf_changed":false,"_daextam_enable_autolinks":"1","footnotes":""},"categories":[10930],"tags":[16878,477],"class_list":["post-614979","post","type-post","status-publish","format-standard","has-post-thumbnail","hentry","category-escalade","tag-breve","tag-escalade"],"acf":[],"yoast_head":"<!-- This site is optimized with the Yoast SEO Premium plugin v26.7 (Yoast SEO v26.7) - https:\/\/yoast.com\/wordpress\/plugins\/seo\/ -->\n<title>Escalade Mondiaux 2025 : Mejdi Schalck m\u00e9daill\u00e9 d&#039;argent sur le bloc, Sorato Anraku titr\u00e9<\/title>\n<meta name=\"description\" content=\"CHAMPIONNATS DU MONDE D&#039;ESCALADE 2025 - Mejdi Schalck a d\u00e9croch\u00e9 l&#039;argent sur le bloc. Sorato Anraku d\u00e9croche l&#039;or.\" \/>\n<meta name=\"robots\" content=\"index, follow, max-snippet:-1, max-image-preview:large, max-video-preview:-1\" \/>\n<link rel=\"canonical\" href=\"https:\/\/dicodusport.fr\/blog\/escalade-mondiaux-2025-mejdi-schalck-medaille-dargent-sur-le-bloc-sorato-anraku-titre\/\" \/>\n<meta property=\"og:locale\" content=\"fr_FR\" \/>\n<meta property=\"og:type\" content=\"article\" \/>\n<meta property=\"og:title\" content=\"Escalade Mondiaux 2025 : Mejdi Schalck m\u00e9daill\u00e9 d&#039;argent sur le bloc, Sorato Anraku titr\u00e9\" \/>\n<meta property=\"og:description\" content=\"CHAMPIONNATS DU MONDE D&#039;ESCALADE 2025 - Mejdi Schalck a d\u00e9croch\u00e9 l&#039;argent sur le bloc. Sorato Anraku d\u00e9croche l&#039;or.\" \/>\n<meta property=\"og:url\" content=\"https:\/\/dicodusport.fr\/blog\/escalade-mondiaux-2025-mejdi-schalck-medaille-dargent-sur-le-bloc-sorato-anraku-titre\/\" \/>\n<meta property=\"og:site_name\" content=\"Dicodusport\" \/>\n<meta property=\"article:publisher\" content=\"https:\/\/www.facebook.com\/dicodusport\" \/>\n<meta property=\"article:published_time\" content=\"2025-09-28T11:47:10+00:00\" \/>\n<meta property=\"article:modified_time\" content=\"2025-09-28T12:08:47+00:00\" \/>\n<meta property=\"og:image\" content=\"https:\/\/dicodusport.fr\/blog\/wp-content\/uploads\/2025\/09\/Escalade-Mondiaux-2025-Mejdi-Schalck-medaille-dargent-sur-le-bloc-Sorato-Anraku-titre.png\" \/>\n\t<meta property=\"og:image:width\" content=\"1200\" \/>\n\t<meta property=\"og:image:height\" content=\"674\" \/>\n\t<meta property=\"og:image:type\" content=\"image\/png\" \/>\n<meta name=\"author\" content=\"Victor Clot-Amiot\" \/>\n<meta name=\"twitter:card\" content=\"summary_large_image\" \/>\n<meta name=\"twitter:title\" content=\"Escalade Mondiaux 2025 : Mejdi Schalck m\u00e9daill\u00e9 d&#039;argent sur le bloc, Sorato Anraku titr\u00e9\" \/>\n<meta name=\"twitter:creator\" content=\"@https:\/\/x.com\/VictorClotAmiot\" \/>\n<meta name=\"twitter:site\" content=\"@dicodusport\" \/>\n<script type=\"application\/ld+json\" class=\"yoast-schema-graph\">{\"@context\":\"https:\/\/schema.org\",\"@graph\":[{\"@type\":\"NewsArticle\",\"@id\":\"https:\/\/dicodusport.fr\/blog\/escalade-mondiaux-2025-mejdi-schalck-medaille-dargent-sur-le-bloc-sorato-anraku-titre\/#article\",\"isPartOf\":{\"@id\":\"https:\/\/dicodusport.fr\/blog\/escalade-mondiaux-2025-mejdi-schalck-medaille-dargent-sur-le-bloc-sorato-anraku-titre\/\"},\"author\":{\"name\":\"Victor Clot-Amiot\",\"@id\":\"https:\/\/dicodusport.fr\/blog\/#\/schema\/person\/b623199cba9ba90fe84a3d16e9282360\"},\"headline\":\"Escalade Mondiaux 2025 : Mejdi Schalck m\u00e9daill\u00e9 d&rsquo;argent sur le bloc, Sorato Anraku titr\u00e9\",\"datePublished\":\"2025-09-28T11:47:10+00:00\",\"dateModified\":\"2025-09-28T12:08:47+00:00\",\"mainEntityOfPage\":{\"@id\":\"https:\/\/dicodusport.fr\/blog\/escalade-mondiaux-2025-mejdi-schalck-medaille-dargent-sur-le-bloc-sorato-anraku-titre\/\"},\"wordCount\":622,\"commentCount\":0,\"publisher\":{\"@id\":\"https:\/\/dicodusport.fr\/blog\/#organization\"},\"image\":{\"@id\":\"https:\/\/dicodusport.fr\/blog\/escalade-mondiaux-2025-mejdi-schalck-medaille-dargent-sur-le-bloc-sorato-anraku-titre\/#primaryimage\"},\"thumbnailUrl\":\"https:\/\/dicodusport.fr\/blog\/wp-content\/uploads\/2025\/09\/Escalade-Mondiaux-2025-Mejdi-Schalck-medaille-dargent-sur-le-bloc-Sorato-Anraku-titre.png\",\"keywords\":[\"br\u00e8ve\",\"Escalade\"],\"articleSection\":[\"Escalade\"],\"inLanguage\":\"fr-FR\",\"potentialAction\":[{\"@type\":\"CommentAction\",\"name\":\"Comment\",\"target\":[\"https:\/\/dicodusport.fr\/blog\/escalade-mondiaux-2025-mejdi-schalck-medaille-dargent-sur-le-bloc-sorato-anraku-titre\/#respond\"]}],\"copyrightYear\":\"2025\",\"copyrightHolder\":{\"@id\":\"https:\/\/dicodusport.fr\/blog\/#organization\"}},{\"@type\":\"WebPage\",\"@id\":\"https:\/\/dicodusport.fr\/blog\/escalade-mondiaux-2025-mejdi-schalck-medaille-dargent-sur-le-bloc-sorato-anraku-titre\/\",\"url\":\"https:\/\/dicodusport.fr\/blog\/escalade-mondiaux-2025-mejdi-schalck-medaille-dargent-sur-le-bloc-sorato-anraku-titre\/\",\"name\":\"Escalade Mondiaux 2025 : Mejdi Schalck m\u00e9daill\u00e9 d'argent sur le bloc, Sorato Anraku titr\u00e9\",\"isPartOf\":{\"@id\":\"https:\/\/dicodusport.fr\/blog\/#website\"},\"primaryImageOfPage\":{\"@id\":\"https:\/\/dicodusport.fr\/blog\/escalade-mondiaux-2025-mejdi-schalck-medaille-dargent-sur-le-bloc-sorato-anraku-titre\/#primaryimage\"},\"image\":{\"@id\":\"https:\/\/dicodusport.fr\/blog\/escalade-mondiaux-2025-mejdi-schalck-medaille-dargent-sur-le-bloc-sorato-anraku-titre\/#primaryimage\"},\"thumbnailUrl\":\"https:\/\/dicodusport.fr\/blog\/wp-content\/uploads\/2025\/09\/Escalade-Mondiaux-2025-Mejdi-Schalck-medaille-dargent-sur-le-bloc-Sorato-Anraku-titre.png\",\"datePublished\":\"2025-09-28T11:47:10+00:00\",\"dateModified\":\"2025-09-28T12:08:47+00:00\",\"description\":\"CHAMPIONNATS DU MONDE D'ESCALADE 2025 - Mejdi Schalck a d\u00e9croch\u00e9 l'argent sur le bloc. Sorato Anraku d\u00e9croche l'or.\",\"breadcrumb\":{\"@id\":\"https:\/\/dicodusport.fr\/blog\/escalade-mondiaux-2025-mejdi-schalck-medaille-dargent-sur-le-bloc-sorato-anraku-titre\/#breadcrumb\"},\"inLanguage\":\"fr-FR\",\"potentialAction\":[{\"@type\":\"ReadAction\",\"target\":[\"https:\/\/dicodusport.fr\/blog\/escalade-mondiaux-2025-mejdi-schalck-medaille-dargent-sur-le-bloc-sorato-anraku-titre\/\"]}]},{\"@type\":\"ImageObject\",\"inLanguage\":\"fr-FR\",\"@id\":\"https:\/\/dicodusport.fr\/blog\/escalade-mondiaux-2025-mejdi-schalck-medaille-dargent-sur-le-bloc-sorato-anraku-titre\/#primaryimage\",\"url\":\"https:\/\/dicodusport.fr\/blog\/wp-content\/uploads\/2025\/09\/Escalade-Mondiaux-2025-Mejdi-Schalck-medaille-dargent-sur-le-bloc-Sorato-Anraku-titre.png\",\"contentUrl\":\"https:\/\/dicodusport.fr\/blog\/wp-content\/uploads\/2025\/09\/Escalade-Mondiaux-2025-Mejdi-Schalck-medaille-dargent-sur-le-bloc-Sorato-Anraku-titre.png\",\"width\":1200,\"height\":674,\"caption\":\"Escalade Mondiaux 2025 Mejdi Schalck m\u00e9daill\u00e9 d'argent sur le bloc, Sorato Anraku titr\u00e9\"},{\"@type\":\"BreadcrumbList\",\"@id\":\"https:\/\/dicodusport.fr\/blog\/escalade-mondiaux-2025-mejdi-schalck-medaille-dargent-sur-le-bloc-sorato-anraku-titre\/#breadcrumb\",\"itemListElement\":[{\"@type\":\"ListItem\",\"position\":1,\"name\":\"Accueil\",\"item\":\"https:\/\/dicodusport.fr\/blog\/\"},{\"@type\":\"ListItem\",\"position\":2,\"name\":\"Escalade Mondiaux 2025 : Mejdi Schalck m\u00e9daill\u00e9 d&rsquo;argent sur le bloc, Sorato Anraku titr\u00e9\"}]},{\"@type\":\"WebSite\",\"@id\":\"https:\/\/dicodusport.fr\/blog\/#website\",\"url\":\"https:\/\/dicodusport.fr\/blog\/\",\"name\":\"Dicodusport\",\"description\":\"L&#039;encyclop\u00e9die de l&#039;actualit\u00e9 sportive\",\"publisher\":{\"@id\":\"https:\/\/dicodusport.fr\/blog\/#organization\"},\"potentialAction\":[{\"@type\":\"SearchAction\",\"target\":{\"@type\":\"EntryPoint\",\"urlTemplate\":\"https:\/\/dicodusport.fr\/blog\/?s={search_term_string}\"},\"query-input\":{\"@type\":\"PropertyValueSpecification\",\"valueRequired\":true,\"valueName\":\"search_term_string\"}}],\"inLanguage\":\"fr-FR\"},{\"@type\":\"NewsMediaOrganization\",\"@id\":\"https:\/\/dicodusport.fr\/blog\/#organization\",\"name\":\"Dicodusport\",\"url\":\"https:\/\/dicodusport.fr\/blog\/\",\"logo\":{\"@type\":\"ImageObject\",\"inLanguage\":\"fr-FR\",\"@id\":\"https:\/\/dicodusport.fr\/blog\/#\/schema\/logo\/image\/\",\"url\":\"https:\/\/dicodusport.fr\/blog\/wp-content\/uploads\/2020\/06\/cropped-LOGO-DICODUSPORT-2020-SANS-FOND-SANS-TEXTE.png\",\"contentUrl\":\"https:\/\/dicodusport.fr\/blog\/wp-content\/uploads\/2020\/06\/cropped-LOGO-DICODUSPORT-2020-SANS-FOND-SANS-TEXTE.png\",\"width\":512,\"height\":512,\"caption\":\"Dicodusport\"},\"image\":{\"@id\":\"https:\/\/dicodusport.fr\/blog\/#\/schema\/logo\/image\/\"},\"sameAs\":[\"https:\/\/www.facebook.com\/dicodusport\",\"https:\/\/x.com\/dicodusport\",\"https:\/\/www.instagram.com\/dicodusport\/\",\"https:\/\/www.youtube.com\/channel\/UC7V2KZ5sd3htJivAbA4ZG3w\"],\"description\":\"Dicodusport est l'encyclop\u00e9die de l'actualit\u00e9 sportive.\",\"email\":\"bonjour@dicodusport.fr\",\"legalName\":\"DICODUSPORT\",\"foundingDate\":\"2018-01-14\",\"vatID\":\"FR71834470973\",\"taxID\":\"83447097300043\",\"numberOfEmployees\":{\"@type\":\"QuantitativeValue\",\"minValue\":\"1\",\"maxValue\":\"10\"}},{\"@type\":\"Person\",\"@id\":\"https:\/\/dicodusport.fr\/blog\/#\/schema\/person\/b623199cba9ba90fe84a3d16e9282360\",\"name\":\"Victor Clot-Amiot\",\"image\":{\"@type\":\"ImageObject\",\"inLanguage\":\"fr-FR\",\"@id\":\"https:\/\/dicodusport.fr\/blog\/#\/schema\/person\/image\/\",\"url\":\"https:\/\/dicodusport.fr\/blog\/wp-content\/uploads\/2023\/09\/IMG_20190826_114722-150x150.jpg\",\"contentUrl\":\"https:\/\/dicodusport.fr\/blog\/wp-content\/uploads\/2023\/09\/IMG_20190826_114722-150x150.jpg\",\"caption\":\"Victor Clot-Amiot\"},\"description\":\"Passionn\u00e9 de sport depuis toujours, un jour \u00e0 l'adolescence mes parents m'ont dit : \\\"quitte \u00e0 passer ton temps \u00e0 regarder du sport, au moins va le voir en vrai\\\" ! Depuis, cette remarque ne m'a plus quitt\u00e9 et je passe une grande partie de mon temps libre \u00e0 assister \u00e0 des comp\u00e9titions de tous sports. Je m\u00eale d'ailleurs mes deux passions, le sport et les voyages afin de faire une pierre deux coups ! Outre l'US Open ou l'Euro 2021 par exemple, j'ai assist\u00e9 cet \u00e9t\u00e9 aux Mondiaux d'athl\u00e9tisme \u00e0 Budapest. Mon plus gros coup dur est et restera les JO 2020-2021 pour lesquels j'avais r\u00e9serv\u00e9 17 \u00e9preuves. La suite, vous la connaissez...\",\"sameAs\":[\"https:\/\/x.com\/https:\/\/x.com\/VictorClotAmiot\"],\"url\":\"https:\/\/dicodusport.fr\/blog\/author\/victor-clot-amiot\/\"}]}<\/script>\n<!-- \/ Yoast SEO Premium plugin. -->","yoast_head_json":{"title":"Escalade Mondiaux 2025 : Mejdi Schalck m\u00e9daill\u00e9 d'argent sur le bloc, Sorato Anraku titr\u00e9","description":"CHAMPIONNATS DU MONDE D'ESCALADE 2025 - Mejdi Schalck a d\u00e9croch\u00e9 l'argent sur le bloc. Sorato Anraku d\u00e9croche l'or.","robots":{"index":"index","follow":"follow","max-snippet":"max-snippet:-1","max-image-preview":"max-image-preview:large","max-video-preview":"max-video-preview:-1"},"canonical":"https:\/\/dicodusport.fr\/blog\/escalade-mondiaux-2025-mejdi-schalck-medaille-dargent-sur-le-bloc-sorato-anraku-titre\/","og_locale":"fr_FR","og_type":"article","og_title":"Escalade Mondiaux 2025 : Mejdi Schalck m\u00e9daill\u00e9 d'argent sur le bloc, Sorato Anraku titr\u00e9","og_description":"CHAMPIONNATS DU MONDE D'ESCALADE 2025 - Mejdi Schalck a d\u00e9croch\u00e9 l'argent sur le bloc. Sorato Anraku d\u00e9croche l'or.","og_url":"https:\/\/dicodusport.fr\/blog\/escalade-mondiaux-2025-mejdi-schalck-medaille-dargent-sur-le-bloc-sorato-anraku-titre\/","og_site_name":"Dicodusport","article_publisher":"https:\/\/www.facebook.com\/dicodusport","article_published_time":"2025-09-28T11:47:10+00:00","article_modified_time":"2025-09-28T12:08:47+00:00","og_image":[{"width":1200,"height":674,"url":"https:\/\/dicodusport.fr\/blog\/wp-content\/uploads\/2025\/09\/Escalade-Mondiaux-2025-Mejdi-Schalck-medaille-dargent-sur-le-bloc-Sorato-Anraku-titre.png","type":"image\/png"}],"author":"Victor Clot-Amiot","twitter_card":"summary_large_image","twitter_title":"Escalade Mondiaux 2025 : Mejdi Schalck m\u00e9daill\u00e9 d'argent sur le bloc, Sorato Anraku titr\u00e9","twitter_creator":"@https:\/\/x.com\/VictorClotAmiot","twitter_site":"@dicodusport","schema":{"@context":"https:\/\/schema.org","@graph":[{"@type":"NewsArticle","@id":"https:\/\/dicodusport.fr\/blog\/escalade-mondiaux-2025-mejdi-schalck-medaille-dargent-sur-le-bloc-sorato-anraku-titre\/#article","isPartOf":{"@id":"https:\/\/dicodusport.fr\/blog\/escalade-mondiaux-2025-mejdi-schalck-medaille-dargent-sur-le-bloc-sorato-anraku-titre\/"},"author":{"name":"Victor Clot-Amiot","@id":"https:\/\/dicodusport.fr\/blog\/#\/schema\/person\/b623199cba9ba90fe84a3d16e9282360"},"headline":"Escalade Mondiaux 2025 : Mejdi Schalck m\u00e9daill\u00e9 d&rsquo;argent sur le bloc, Sorato Anraku titr\u00e9","datePublished":"2025-09-28T11:47:10+00:00","dateModified":"2025-09-28T12:08:47+00:00","mainEntityOfPage":{"@id":"https:\/\/dicodusport.fr\/blog\/escalade-mondiaux-2025-mejdi-schalck-medaille-dargent-sur-le-bloc-sorato-anraku-titre\/"},"wordCount":622,"commentCount":0,"publisher":{"@id":"https:\/\/dicodusport.fr\/blog\/#organization"},"image":{"@id":"https:\/\/dicodusport.fr\/blog\/escalade-mondiaux-2025-mejdi-schalck-medaille-dargent-sur-le-bloc-sorato-anraku-titre\/#primaryimage"},"thumbnailUrl":"https:\/\/dicodusport.fr\/blog\/wp-content\/uploads\/2025\/09\/Escalade-Mondiaux-2025-Mejdi-Schalck-medaille-dargent-sur-le-bloc-Sorato-Anraku-titre.png","keywords":["br\u00e8ve","Escalade"],"articleSection":["Escalade"],"inLanguage":"fr-FR","potentialAction":[{"@type":"CommentAction","name":"Comment","target":["https:\/\/dicodusport.fr\/blog\/escalade-mondiaux-2025-mejdi-schalck-medaille-dargent-sur-le-bloc-sorato-anraku-titre\/#respond"]}],"copyrightYear":"2025","copyrightHolder":{"@id":"https:\/\/dicodusport.fr\/blog\/#organization"}},{"@type":"WebPage","@id":"https:\/\/dicodusport.fr\/blog\/escalade-mondiaux-2025-mejdi-schalck-medaille-dargent-sur-le-bloc-sorato-anraku-titre\/","url":"https:\/\/dicodusport.fr\/blog\/escalade-mondiaux-2025-mejdi-schalck-medaille-dargent-sur-le-bloc-sorato-anraku-titre\/","name":"Escalade Mondiaux 2025 : Mejdi Schalck m\u00e9daill\u00e9 d'argent sur le bloc, Sorato Anraku titr\u00e9","isPartOf":{"@id":"https:\/\/dicodusport.fr\/blog\/#website"},"primaryImageOfPage":{"@id":"https:\/\/dicodusport.fr\/blog\/escalade-mondiaux-2025-mejdi-schalck-medaille-dargent-sur-le-bloc-sorato-anraku-titre\/#primaryimage"},"image":{"@id":"https:\/\/dicodusport.fr\/blog\/escalade-mondiaux-2025-mejdi-schalck-medaille-dargent-sur-le-bloc-sorato-anraku-titre\/#primaryimage"},"thumbnailUrl":"https:\/\/dicodusport.fr\/blog\/wp-content\/uploads\/2025\/09\/Escalade-Mondiaux-2025-Mejdi-Schalck-medaille-dargent-sur-le-bloc-Sorato-Anraku-titre.png","datePublished":"2025-09-28T11:47:10+00:00","dateModified":"2025-09-28T12:08:47+00:00","description":"CHAMPIONNATS DU MONDE D'ESCALADE 2025 - Mejdi Schalck a d\u00e9croch\u00e9 l'argent sur le bloc. Sorato Anraku d\u00e9croche l'or.","breadcrumb":{"@id":"https:\/\/dicodusport.fr\/blog\/escalade-mondiaux-2025-mejdi-schalck-medaille-dargent-sur-le-bloc-sorato-anraku-titre\/#breadcrumb"},"inLanguage":"fr-FR","potentialAction":[{"@type":"ReadAction","target":["https:\/\/dicodusport.fr\/blog\/escalade-mondiaux-2025-mejdi-schalck-medaille-dargent-sur-le-bloc-sorato-anraku-titre\/"]}]},{"@type":"ImageObject","inLanguage":"fr-FR","@id":"https:\/\/dicodusport.fr\/blog\/escalade-mondiaux-2025-mejdi-schalck-medaille-dargent-sur-le-bloc-sorato-anraku-titre\/#primaryimage","url":"https:\/\/dicodusport.fr\/blog\/wp-content\/uploads\/2025\/09\/Escalade-Mondiaux-2025-Mejdi-Schalck-medaille-dargent-sur-le-bloc-Sorato-Anraku-titre.png","contentUrl":"https:\/\/dicodusport.fr\/blog\/wp-content\/uploads\/2025\/09\/Escalade-Mondiaux-2025-Mejdi-Schalck-medaille-dargent-sur-le-bloc-Sorato-Anraku-titre.png","width":1200,"height":674,"caption":"Escalade Mondiaux 2025 Mejdi Schalck m\u00e9daill\u00e9 d'argent sur le bloc, Sorato Anraku titr\u00e9"},{"@type":"BreadcrumbList","@id":"https:\/\/dicodusport.fr\/blog\/escalade-mondiaux-2025-mejdi-schalck-medaille-dargent-sur-le-bloc-sorato-anraku-titre\/#breadcrumb","itemListElement":[{"@type":"ListItem","position":1,"name":"Accueil","item":"https:\/\/dicodusport.fr\/blog\/"},{"@type":"ListItem","position":2,"name":"Escalade Mondiaux 2025 : Mejdi Schalck m\u00e9daill\u00e9 d&rsquo;argent sur le bloc, Sorato Anraku titr\u00e9"}]},{"@type":"WebSite","@id":"https:\/\/dicodusport.fr\/blog\/#website","url":"https:\/\/dicodusport.fr\/blog\/","name":"Dicodusport","description":"L&#039;encyclop\u00e9die de l&#039;actualit\u00e9 sportive","publisher":{"@id":"https:\/\/dicodusport.fr\/blog\/#organization"},"potentialAction":[{"@type":"SearchAction","target":{"@type":"EntryPoint","urlTemplate":"https:\/\/dicodusport.fr\/blog\/?s={search_term_string}"},"query-input":{"@type":"PropertyValueSpecification","valueRequired":true,"valueName":"search_term_string"}}],"inLanguage":"fr-FR"},{"@type":"NewsMediaOrganization","@id":"https:\/\/dicodusport.fr\/blog\/#organization","name":"Dicodusport","url":"https:\/\/dicodusport.fr\/blog\/","logo":{"@type":"ImageObject","inLanguage":"fr-FR","@id":"https:\/\/dicodusport.fr\/blog\/#\/schema\/logo\/image\/","url":"https:\/\/dicodusport.fr\/blog\/wp-content\/uploads\/2020\/06\/cropped-LOGO-DICODUSPORT-2020-SANS-FOND-SANS-TEXTE.png","contentUrl":"https:\/\/dicodusport.fr\/blog\/wp-content\/uploads\/2020\/06\/cropped-LOGO-DICODUSPORT-2020-SANS-FOND-SANS-TEXTE.png","width":512,"height":512,"caption":"Dicodusport"},"image":{"@id":"https:\/\/dicodusport.fr\/blog\/#\/schema\/logo\/image\/"},"sameAs":["https:\/\/www.facebook.com\/dicodusport","https:\/\/x.com\/dicodusport","https:\/\/www.instagram.com\/dicodusport\/","https:\/\/www.youtube.com\/channel\/UC7V2KZ5sd3htJivAbA4ZG3w"],"description":"Dicodusport est l'encyclop\u00e9die de l'actualit\u00e9 sportive.","email":"bonjour@dicodusport.fr","legalName":"DICODUSPORT","foundingDate":"2018-01-14","vatID":"FR71834470973","taxID":"83447097300043","numberOfEmployees":{"@type":"QuantitativeValue","minValue":"1","maxValue":"10"}},{"@type":"Person","@id":"https:\/\/dicodusport.fr\/blog\/#\/schema\/person\/b623199cba9ba90fe84a3d16e9282360","name":"Victor Clot-Amiot","image":{"@type":"ImageObject","inLanguage":"fr-FR","@id":"https:\/\/dicodusport.fr\/blog\/#\/schema\/person\/image\/","url":"https:\/\/dicodusport.fr\/blog\/wp-content\/uploads\/2023\/09\/IMG_20190826_114722-150x150.jpg","contentUrl":"https:\/\/dicodusport.fr\/blog\/wp-content\/uploads\/2023\/09\/IMG_20190826_114722-150x150.jpg","caption":"Victor Clot-Amiot"},"description":"Passionn\u00e9 de sport depuis toujours, un jour \u00e0 l'adolescence mes parents m'ont dit : \"quitte \u00e0 passer ton temps \u00e0 regarder du sport, au moins va le voir en vrai\" ! Depuis, cette remarque ne m'a plus quitt\u00e9 et je passe une grande partie de mon temps libre \u00e0 assister \u00e0 des comp\u00e9titions de tous sports. Je m\u00eale d'ailleurs mes deux passions, le sport et les voyages afin de faire une pierre deux coups ! Outre l'US Open ou l'Euro 2021 par exemple, j'ai assist\u00e9 cet \u00e9t\u00e9 aux Mondiaux d'athl\u00e9tisme \u00e0 Budapest. Mon plus gros coup dur est et restera les JO 2020-2021 pour lesquels j'avais r\u00e9serv\u00e9 17 \u00e9preuves. La suite, vous la connaissez...","sameAs":["https:\/\/x.com\/https:\/\/x.com\/VictorClotAmiot"],"url":"https:\/\/dicodusport.fr\/blog\/author\/victor-clot-amiot\/"}]}},"_links":{"self":[{"href":"https:\/\/dicodusport.fr\/blog\/wp-json\/wp\/v2\/posts\/614979","targetHints":{"allow":["GET"]}}],"collection":[{"href":"https:\/\/dicodusport.fr\/blog\/wp-json\/wp\/v2\/posts"}],"about":[{"href":"https:\/\/dicodusport.fr\/blog\/wp-json\/wp\/v2\/types\/post"}],"author":[{"embeddable":true,"href":"https:\/\/dicodusport.fr\/blog\/wp-json\/wp\/v2\/users\/91"}],"replies":[{"embeddable":true,"href":"https:\/\/dicodusport.fr\/blog\/wp-json\/wp\/v2\/comments?post=614979"}],"version-history":[{"count":4,"href":"https:\/\/dicodusport.fr\/blog\/wp-json\/wp\/v2\/posts\/614979\/revisions"}],"predecessor-version":[{"id":614992,"href":"https:\/\/dicodusport.fr\/blog\/wp-json\/wp\/v2\/posts\/614979\/revisions\/614992"}],"wp:featuredmedia":[{"embeddable":true,"href":"https:\/\/dicodusport.fr\/blog\/wp-json\/wp\/v2\/media\/614987"}],"wp:attachment":[{"href":"https:\/\/dicodusport.fr\/blog\/wp-json\/wp\/v2\/media?parent=614979"}],"wp:term":[{"taxonomy":"category","embeddable":true,"href":"https:\/\/dicodusport.fr\/blog\/wp-json\/wp\/v2\/categories?post=614979"},{"taxonomy":"post_tag","embeddable":true,"href":"https:\/\/dicodusport.fr\/blog\/wp-json\/wp\/v2\/tags?post=614979"}],"curies":[{"name":"wp","href":"https:\/\/api.w.org\/{rel}","templated":true}]}}