{"id":615204,"date":"2025-09-30T10:00:42","date_gmt":"2025-09-30T08:00:42","guid":{"rendered":"https:\/\/dicodusport.fr\/blog\/?p=615204&#038;preview=true&#038;preview_id=615204"},"modified":"2025-09-30T21:04:45","modified_gmt":"2025-09-30T19:04:45","slug":"championnats-deurope-2025-parcours-complet-et-profil-du-contre-la-montre","status":"publish","type":"post","link":"https:\/\/dicodusport.fr\/blog\/championnats-deurope-2025-parcours-complet-et-profil-du-contre-la-montre\/","title":{"rendered":"Championnats d&rsquo;Europe 2025 : Parcours complet et profil du contre-la-montre"},"content":{"rendered":"<p style=\"text-align: justify;\"><strong><em>Retrouvez le parcours en d\u00e9tail et le profil complet du contre-la-montre des championnats d&rsquo;Europe 2025 (24 km), qui se d\u00e9roule ce mercredi 1er octobre \u00e0 \u00c9toile-sur-Rh\u00f4ne.<\/em><\/strong><\/p>\n<ul style=\"text-align: justify;\">\n<li style=\"text-align: justify;\"><strong>\u00c0 lire aussi \u2013\u00a0<a href=\"https:\/\/dicodusport.fr\/blog\/actualites\/cyclisme\/\">L\u2019actualit\u00e9 du cyclisme<\/a><\/strong><\/li>\n<\/ul>\n<p style=\"text-align: justify;\">Le championnat d&rsquo;Europe du contre-la-montre se dispute le <strong>mercredi 1er octobre<\/strong> sur les routes de la Dr\u00f4me et dans la vall\u00e9e du Rh\u00f4ne, entre <strong>Loriol-sur-Dr\u00f4me<\/strong> et <strong>\u00c9toile-sur-Rh\u00f4ne<\/strong>. Le CLM sera long de <strong>24 km.<\/strong> Le parcours empruntera notamment deux petites difficult\u00e9s : la <strong>mont\u00e9e d&rsquo;Allex<\/strong> (400 m\u00e8tres \u00e0 6,6 %) et la mont\u00e9e finale de 1100 m\u00e8tres \u00e0 5,2 %. <strong>Parcours d\u00e9taill\u00e9 et profil du contre-la-montre.<\/strong><\/p>\n<h2 style=\"text-align: justify;\">Le parcours complet du contre-la-montre des Championnats d&rsquo;Europe 2025<\/h2>\n<p style=\"text-align: justify;\">D&rsquo;abord, les coureurs s&rsquo;\u00e9lanceront depuis <strong>Loriol-sur-Dr\u00f4me<\/strong> pour prendre la direction de l&rsquo;est sur une grande ligne droite de pr\u00e8s de huit kilom\u00e8tres par <strong>Saint-Bardoux<\/strong> et jusqu&rsquo;\u00e0 <strong>Grane<\/strong>.<\/p>\n<p style=\"text-align: justify;\">Apr\u00e8s un virage serr\u00e9 \u00e0 gauche, la route restera assez rectiligne pendant pr\u00e8s de 9 kilom\u00e8tres, mais avec de nombreuses courbes et surtout l&rsquo;ascension de la bosse \u00e0 <strong>Allex<\/strong> (400 m\u00e8tres \u00e0 6,6 %), apr\u00e8s 11 kilom\u00e8tres d&rsquo;effort.<\/p>\n<p style=\"text-align: justify;\">Une fois \u00e0 <strong>Fontgrand<\/strong>, il y aura un virage \u00e0 90 degr\u00e9s \u00e0 droite pour retrouver une grande ligne en direction du nord pour atteindre <strong>\u00c9toile-sur-Rh\u00f4ne<\/strong>.<\/p>\n<p style=\"text-align: justify;\">Finalement, dans la ville d&rsquo;arriv\u00e9e et apr\u00e8s un virage \u00e0 droite, la route sera plus sinueuse pour la mont\u00e9e finale de 1100 m\u00e8tres \u00e0 5,2 % pour atteindre la ligne d&rsquo;arriv\u00e9e.<\/p>\n<ul>\n<li style=\"text-align: justify;\"><strong>\u00c0 ce sujet &#8211; <a href=\"https:\/\/dicodusport.fr\/blog\/championnats-deurope-2025-horaires-et-ordre-de-depart-des-contre-la-montre-elites-en-drome-ardeche\/\">Championnats d\u2019Europe 2025 : horaires et ordre de d\u00e9part des contre-la-montre \u00e9lites en Dr\u00f4me-Ard\u00e8che<\/a><\/strong><\/li>\n<\/ul>\n<h2 style=\"text-align: justify;\">Carte et profil du contre-la-montre des Championnats d&rsquo;Europe 2025<\/h2>\n<div id=\"attachment_615350\" style=\"width: 1498px\" class=\"wp-caption aligncenter\"><a href=\"https:\/\/dicodusport.fr\/blog\/wp-content\/uploads\/2025\/09\/Carte-et-profil-du-contre-la-montre-des-championnats-dEurope-de-cyclisme-sur-route-2025.webp\"><img loading=\"lazy\" decoding=\"async\" aria-describedby=\"caption-attachment-615350\" class=\"wp-image-615350 size-full\" src=\"https:\/\/dicodusport.fr\/blog\/wp-content\/uploads\/2025\/09\/Carte-et-profil-du-contre-la-montre-des-championnats-dEurope-de-cyclisme-sur-route-2025.webp\" alt=\"Carte et profil du contre-la-montre des championnats d'Europe de cyclisme sur route 2025\" width=\"1488\" height=\"2106\" srcset=\"https:\/\/dicodusport.fr\/blog\/wp-content\/uploads\/2025\/09\/Carte-et-profil-du-contre-la-montre-des-championnats-dEurope-de-cyclisme-sur-route-2025.webp 1488w, https:\/\/dicodusport.fr\/blog\/wp-content\/uploads\/2025\/09\/Carte-et-profil-du-contre-la-montre-des-championnats-dEurope-de-cyclisme-sur-route-2025-212x300.webp 212w, https:\/\/dicodusport.fr\/blog\/wp-content\/uploads\/2025\/09\/Carte-et-profil-du-contre-la-montre-des-championnats-dEurope-de-cyclisme-sur-route-2025-724x1024.webp 724w, https:\/\/dicodusport.fr\/blog\/wp-content\/uploads\/2025\/09\/Carte-et-profil-du-contre-la-montre-des-championnats-dEurope-de-cyclisme-sur-route-2025-768x1087.webp 768w, https:\/\/dicodusport.fr\/blog\/wp-content\/uploads\/2025\/09\/Carte-et-profil-du-contre-la-montre-des-championnats-dEurope-de-cyclisme-sur-route-2025-1085x1536.webp 1085w, https:\/\/dicodusport.fr\/blog\/wp-content\/uploads\/2025\/09\/Carte-et-profil-du-contre-la-montre-des-championnats-dEurope-de-cyclisme-sur-route-2025-1447x2048.webp 1447w\" sizes=\"auto, (max-width: 1488px) 100vw, 1488px\" \/><\/a><p id=\"caption-attachment-615350\" class=\"wp-caption-text\">Carte et profil du contre-la-montre des championnats d&rsquo;Europe de cyclisme sur route 2025<\/p><\/div>\n<h2 style=\"text-align: justify;\">Le palmar\u00e8s du Championnat d&rsquo;Europe de contre-la-montre<\/h2>\n<p style=\"text-align: justify;\"><strong>2024<\/strong><span class=\"f7rl1if4 adechonz f6oz4yja dahkl6ri axrg9lpx rufpak1n qtovjlwq qbmienfq rfyhaz4c rdmi1yqr ohrdq8us nswx41af fawcizw8 l1aqi3e3 sdu1flz4\"><strong> |<\/strong> Edoardo Affini &#8211; <a href=\"https:\/\/dicodusport.fr\/blog\/classement-contre-la-montre-championnats-deurope-2024\/\"><em>Classement<\/em><\/a><\/span><\/p>\n<p style=\"text-align: justify;\"><strong>2023 |<\/strong> Joshua Tarling <span class=\"f7rl1if4 adechonz f6oz4yja dahkl6ri axrg9lpx rufpak1n qtovjlwq qbmienfq rfyhaz4c rdmi1yqr ohrdq8us nswx41af fawcizw8 l1aqi3e3 sdu1flz4\">&#8211; <a href=\"https:\/\/dicodusport.fr\/blog\/cyclisme-championnats-deurope-2023-classement-contre-la-montre-hommes\/\"><em>Classement<\/em><\/a><\/span><\/p>\n<p style=\"text-align: justify;\"><strong>2022 |<\/strong> Stefan Bissegger <span class=\"f7rl1if4 adechonz f6oz4yja dahkl6ri axrg9lpx rufpak1n qtovjlwq qbmienfq rfyhaz4c rdmi1yqr ohrdq8us nswx41af fawcizw8 l1aqi3e3 sdu1flz4\">&#8211; <a href=\"https:\/\/dicodusport.fr\/blog\/cyclisme-europe-2022-classement-contre-la-montre-hommes\/\"><em>Classement<\/em><\/a><\/span><\/p>\n<p style=\"text-align: justify;\"><strong>2021 |<\/strong> Stefan K\u00fcng <span class=\"f7rl1if4 adechonz f6oz4yja dahkl6ri axrg9lpx rufpak1n qtovjlwq qbmienfq rfyhaz4c rdmi1yqr ohrdq8us nswx41af fawcizw8 l1aqi3e3 sdu1flz4\">&#8211; <a href=\"https:\/\/dicodusport.fr\/blog\/championnats-deurope-de-cyclisme-le-classement-du-contre-la-montre-elites-hommes\/\"><em>Classement<\/em><\/a><\/span><\/p>\n<p style=\"text-align: justify;\"><strong>2020 |<\/strong> Stefan K\u00fcng<\/p>\n<p style=\"text-align: justify;\"><span class=\"f7rl1if4 adechonz f6oz4yja dahkl6ri axrg9lpx rufpak1n qtovjlwq qbmienfq rfyhaz4c rdmi1yqr ohrdq8us nswx41af fawcizw8 l1aqi3e3 sdu1flz4\"><strong>2019 |<\/strong>Remco Evenepoel<\/span><\/p>\n<p style=\"text-align: justify;\"><span class=\"f7rl1if4 adechonz f6oz4yja dahkl6ri axrg9lpx rufpak1n qtovjlwq qbmienfq rfyhaz4c rdmi1yqr ohrdq8us nswx41af fawcizw8 l1aqi3e3 sdu1flz4\"><strong>2018 |<\/strong> Victor Campenaerts<\/span><\/p>\n<p style=\"text-align: justify;\"><span class=\"f7rl1if4 adechonz f6oz4yja dahkl6ri axrg9lpx rufpak1n qtovjlwq qbmienfq rfyhaz4c rdmi1yqr ohrdq8us nswx41af fawcizw8 l1aqi3e3 sdu1flz4\"><strong>2017 |<\/strong>Victor Campenaerts<\/span><\/p>\n<p style=\"text-align: justify;\"><span class=\"f7rl1if4 adechonz f6oz4yja dahkl6ri axrg9lpx rufpak1n qtovjlwq qbmienfq rfyhaz4c rdmi1yqr ohrdq8us nswx41af fawcizw8 l1aqi3e3 sdu1flz4\"><strong> 2016 |<\/strong> Jonathan Castroviejo<\/span><\/p>\n<p style=\"text-align: justify;\">\n","protected":false},"excerpt":{"rendered":"<p>Retrouvez le parcours en d\u00e9tail et le profil complet du contre-la-montre des championnats d&rsquo;Europe 2025 (24 km), qui se d\u00e9roule ce mercredi 1er octobre \u00e0 \u00c9toile-sur-Rh\u00f4ne.<\/p>\n","protected":false},"author":48,"featured_media":615351,"comment_status":"open","ping_status":"closed","sticky":false,"template":"","format":"standard","meta":{"_acf_changed":false,"_daextam_enable_autolinks":"1","footnotes":""},"categories":[46994],"tags":[16878,23805,574,11197],"class_list":["post-615204","post","type-post","status-publish","format-standard","has-post-thumbnail","hentry","category-cyclisme-sur-route","tag-breve","tag-championnats-deurope-de-cyclisme-sur-route","tag-cyclisme","tag-cyclisme-sur-route"],"acf":[],"yoast_head":"<!-- This site is optimized with the Yoast SEO Premium plugin v26.7 (Yoast SEO v26.7) - https:\/\/yoast.com\/wordpress\/plugins\/seo\/ -->\n<title>Championnats d&#039;Europe 2025 : Parcours complet et profil du contre-la-montre<\/title>\n<meta name=\"description\" content=\"Retrouvez le parcours en d\u00e9tail et le profil complet du contre-la-montre des championnats d&#039;Europe 2025 (24 km), qui se d\u00e9roule ce mercredi 1er octobre \u00e0 \u00c9toile-sur-Rh\u00f4ne.\" \/>\n<meta name=\"robots\" content=\"index, follow, max-snippet:-1, max-image-preview:large, max-video-preview:-1\" \/>\n<link rel=\"canonical\" href=\"https:\/\/dicodusport.fr\/blog\/championnats-deurope-2025-parcours-complet-et-profil-du-contre-la-montre\/\" \/>\n<meta property=\"og:locale\" content=\"fr_FR\" \/>\n<meta property=\"og:type\" content=\"article\" \/>\n<meta property=\"og:title\" content=\"Championnats d&#039;Europe 2025 : Parcours complet et profil du contre-la-montre\" \/>\n<meta property=\"og:description\" content=\"Retrouvez le parcours en d\u00e9tail et le profil complet du contre-la-montre des championnats d&#039;Europe 2025 (24 km), qui se d\u00e9roule ce mercredi 1er octobre \u00e0 \u00c9toile-sur-Rh\u00f4ne.\" \/>\n<meta property=\"og:url\" content=\"https:\/\/dicodusport.fr\/blog\/championnats-deurope-2025-parcours-complet-et-profil-du-contre-la-montre\/\" \/>\n<meta property=\"og:site_name\" content=\"Dicodusport\" \/>\n<meta property=\"article:publisher\" content=\"https:\/\/www.facebook.com\/dicodusport\" \/>\n<meta property=\"article:author\" content=\"https:\/\/www.facebook.com\/groups\/LesRoisDuPeloton\" \/>\n<meta property=\"article:published_time\" content=\"2025-09-30T08:00:42+00:00\" \/>\n<meta property=\"article:modified_time\" content=\"2025-09-30T19:04:45+00:00\" \/>\n<meta property=\"og:image\" content=\"https:\/\/dicodusport.fr\/blog\/wp-content\/uploads\/2025\/09\/Championnats-dEurope-2025-Parcours-complet-et-profil-du-contre-la-montre.png\" \/>\n\t<meta property=\"og:image:width\" content=\"1200\" \/>\n\t<meta property=\"og:image:height\" content=\"674\" \/>\n\t<meta property=\"og:image:type\" content=\"image\/png\" \/>\n<meta name=\"author\" content=\"Emilien Descampiaux\" \/>\n<meta name=\"twitter:card\" content=\"summary_large_image\" \/>\n<meta name=\"twitter:creator\" content=\"@https:\/\/twitter.com\/LRoisDuPeloton\" \/>\n<meta name=\"twitter:site\" content=\"@dicodusport\" \/>\n<script type=\"application\/ld+json\" class=\"yoast-schema-graph\">{\"@context\":\"https:\/\/schema.org\",\"@graph\":[{\"@type\":\"NewsArticle\",\"@id\":\"https:\/\/dicodusport.fr\/blog\/championnats-deurope-2025-parcours-complet-et-profil-du-contre-la-montre\/#article\",\"isPartOf\":{\"@id\":\"https:\/\/dicodusport.fr\/blog\/championnats-deurope-2025-parcours-complet-et-profil-du-contre-la-montre\/\"},\"author\":{\"name\":\"Emilien Descampiaux\",\"@id\":\"https:\/\/dicodusport.fr\/blog\/#\/schema\/person\/6db4bae06b171592211be385b32876a7\"},\"headline\":\"Championnats d&rsquo;Europe 2025 : Parcours complet et profil du contre-la-montre\",\"datePublished\":\"2025-09-30T08:00:42+00:00\",\"dateModified\":\"2025-09-30T19:04:45+00:00\",\"mainEntityOfPage\":{\"@id\":\"https:\/\/dicodusport.fr\/blog\/championnats-deurope-2025-parcours-complet-et-profil-du-contre-la-montre\/\"},\"wordCount\":333,\"commentCount\":0,\"publisher\":{\"@id\":\"https:\/\/dicodusport.fr\/blog\/#organization\"},\"image\":{\"@id\":\"https:\/\/dicodusport.fr\/blog\/championnats-deurope-2025-parcours-complet-et-profil-du-contre-la-montre\/#primaryimage\"},\"thumbnailUrl\":\"https:\/\/dicodusport.fr\/blog\/wp-content\/uploads\/2025\/09\/Championnats-dEurope-2025-Parcours-complet-et-profil-du-contre-la-montre.png\",\"keywords\":[\"br\u00e8ve\",\"Championnats d'Europe de cyclisme sur route\",\"Cyclisme\",\"Cyclisme sur route\"],\"articleSection\":[\"Cyclisme sur route\"],\"inLanguage\":\"fr-FR\",\"potentialAction\":[{\"@type\":\"CommentAction\",\"name\":\"Comment\",\"target\":[\"https:\/\/dicodusport.fr\/blog\/championnats-deurope-2025-parcours-complet-et-profil-du-contre-la-montre\/#respond\"]}],\"copyrightYear\":\"2025\",\"copyrightHolder\":{\"@id\":\"https:\/\/dicodusport.fr\/blog\/#organization\"}},{\"@type\":\"WebPage\",\"@id\":\"https:\/\/dicodusport.fr\/blog\/championnats-deurope-2025-parcours-complet-et-profil-du-contre-la-montre\/\",\"url\":\"https:\/\/dicodusport.fr\/blog\/championnats-deurope-2025-parcours-complet-et-profil-du-contre-la-montre\/\",\"name\":\"Championnats d'Europe 2025 : Parcours complet et profil du contre-la-montre\",\"isPartOf\":{\"@id\":\"https:\/\/dicodusport.fr\/blog\/#website\"},\"primaryImageOfPage\":{\"@id\":\"https:\/\/dicodusport.fr\/blog\/championnats-deurope-2025-parcours-complet-et-profil-du-contre-la-montre\/#primaryimage\"},\"image\":{\"@id\":\"https:\/\/dicodusport.fr\/blog\/championnats-deurope-2025-parcours-complet-et-profil-du-contre-la-montre\/#primaryimage\"},\"thumbnailUrl\":\"https:\/\/dicodusport.fr\/blog\/wp-content\/uploads\/2025\/09\/Championnats-dEurope-2025-Parcours-complet-et-profil-du-contre-la-montre.png\",\"datePublished\":\"2025-09-30T08:00:42+00:00\",\"dateModified\":\"2025-09-30T19:04:45+00:00\",\"description\":\"Retrouvez le parcours en d\u00e9tail et le profil complet du contre-la-montre des championnats d'Europe 2025 (24 km), qui se d\u00e9roule ce mercredi 1er octobre \u00e0 \u00c9toile-sur-Rh\u00f4ne.\",\"breadcrumb\":{\"@id\":\"https:\/\/dicodusport.fr\/blog\/championnats-deurope-2025-parcours-complet-et-profil-du-contre-la-montre\/#breadcrumb\"},\"inLanguage\":\"fr-FR\",\"potentialAction\":[{\"@type\":\"ReadAction\",\"target\":[\"https:\/\/dicodusport.fr\/blog\/championnats-deurope-2025-parcours-complet-et-profil-du-contre-la-montre\/\"]}]},{\"@type\":\"ImageObject\",\"inLanguage\":\"fr-FR\",\"@id\":\"https:\/\/dicodusport.fr\/blog\/championnats-deurope-2025-parcours-complet-et-profil-du-contre-la-montre\/#primaryimage\",\"url\":\"https:\/\/dicodusport.fr\/blog\/wp-content\/uploads\/2025\/09\/Championnats-dEurope-2025-Parcours-complet-et-profil-du-contre-la-montre.png\",\"contentUrl\":\"https:\/\/dicodusport.fr\/blog\/wp-content\/uploads\/2025\/09\/Championnats-dEurope-2025-Parcours-complet-et-profil-du-contre-la-montre.png\",\"width\":1200,\"height\":674,\"caption\":\"Championnats d'Europe 2025 Parcours complet et profil du contre-la-montre\"},{\"@type\":\"BreadcrumbList\",\"@id\":\"https:\/\/dicodusport.fr\/blog\/championnats-deurope-2025-parcours-complet-et-profil-du-contre-la-montre\/#breadcrumb\",\"itemListElement\":[{\"@type\":\"ListItem\",\"position\":1,\"name\":\"Accueil\",\"item\":\"https:\/\/dicodusport.fr\/blog\/\"},{\"@type\":\"ListItem\",\"position\":2,\"name\":\"Championnats d&rsquo;Europe 2025 : Parcours complet et profil du contre-la-montre\"}]},{\"@type\":\"WebSite\",\"@id\":\"https:\/\/dicodusport.fr\/blog\/#website\",\"url\":\"https:\/\/dicodusport.fr\/blog\/\",\"name\":\"Dicodusport\",\"description\":\"L&#039;encyclop\u00e9die de l&#039;actualit\u00e9 sportive\",\"publisher\":{\"@id\":\"https:\/\/dicodusport.fr\/blog\/#organization\"},\"potentialAction\":[{\"@type\":\"SearchAction\",\"target\":{\"@type\":\"EntryPoint\",\"urlTemplate\":\"https:\/\/dicodusport.fr\/blog\/?s={search_term_string}\"},\"query-input\":{\"@type\":\"PropertyValueSpecification\",\"valueRequired\":true,\"valueName\":\"search_term_string\"}}],\"inLanguage\":\"fr-FR\"},{\"@type\":\"NewsMediaOrganization\",\"@id\":\"https:\/\/dicodusport.fr\/blog\/#organization\",\"name\":\"Dicodusport\",\"url\":\"https:\/\/dicodusport.fr\/blog\/\",\"logo\":{\"@type\":\"ImageObject\",\"inLanguage\":\"fr-FR\",\"@id\":\"https:\/\/dicodusport.fr\/blog\/#\/schema\/logo\/image\/\",\"url\":\"https:\/\/dicodusport.fr\/blog\/wp-content\/uploads\/2020\/06\/cropped-LOGO-DICODUSPORT-2020-SANS-FOND-SANS-TEXTE.png\",\"contentUrl\":\"https:\/\/dicodusport.fr\/blog\/wp-content\/uploads\/2020\/06\/cropped-LOGO-DICODUSPORT-2020-SANS-FOND-SANS-TEXTE.png\",\"width\":512,\"height\":512,\"caption\":\"Dicodusport\"},\"image\":{\"@id\":\"https:\/\/dicodusport.fr\/blog\/#\/schema\/logo\/image\/\"},\"sameAs\":[\"https:\/\/www.facebook.com\/dicodusport\",\"https:\/\/x.com\/dicodusport\",\"https:\/\/www.instagram.com\/dicodusport\/\",\"https:\/\/www.youtube.com\/channel\/UC7V2KZ5sd3htJivAbA4ZG3w\"],\"description\":\"Dicodusport est l'encyclop\u00e9die de l'actualit\u00e9 sportive.\",\"email\":\"bonjour@dicodusport.fr\",\"legalName\":\"DICODUSPORT\",\"foundingDate\":\"2018-01-14\",\"vatID\":\"FR71834470973\",\"taxID\":\"83447097300043\",\"numberOfEmployees\":{\"@type\":\"QuantitativeValue\",\"minValue\":\"1\",\"maxValue\":\"10\"}},{\"@type\":\"Person\",\"@id\":\"https:\/\/dicodusport.fr\/blog\/#\/schema\/person\/6db4bae06b171592211be385b32876a7\",\"name\":\"Emilien Descampiaux\",\"image\":{\"@type\":\"ImageObject\",\"inLanguage\":\"fr-FR\",\"@id\":\"https:\/\/dicodusport.fr\/blog\/#\/schema\/person\/image\/\",\"url\":\"https:\/\/dicodusport.fr\/blog\/wp-content\/uploads\/2021\/05\/Emilien-Descampiaux-150x150.jpg\",\"contentUrl\":\"https:\/\/dicodusport.fr\/blog\/wp-content\/uploads\/2021\/05\/Emilien-Descampiaux-150x150.jpg\",\"caption\":\"Emilien Descampiaux\"},\"description\":\"Journaliste\/r\u00e9dacteur depuis 2014 - Fan de la classe de Frank Vandenbroucke, je vis cyclisme (et de ses paysages) depuis plus de 20 ans. Je suis tr\u00e8s impliqu\u00e9 sur mes diff\u00e9rents r\u00e9seaux sociaux pour partager ma passion sur le monde et l'Histoire de la bicyclette avec ma voix sur les images en noir et blanc du succ\u00e8s de Rik Van Steenbergen lors du Ronde sur le V\u00e9lodrome de Gand.\",\"sameAs\":[\"https:\/\/www.facebook.com\/groups\/LesRoisDuPeloton\",\"https:\/\/x.com\/https:\/\/twitter.com\/LRoisDuPeloton\"],\"url\":\"https:\/\/dicodusport.fr\/blog\/author\/emiliend\/\"}]}<\/script>\n<!-- \/ Yoast SEO Premium plugin. -->","yoast_head_json":{"title":"Championnats d'Europe 2025 : Parcours complet et profil du contre-la-montre","description":"Retrouvez le parcours en d\u00e9tail et le profil complet du contre-la-montre des championnats d'Europe 2025 (24 km), qui se d\u00e9roule ce mercredi 1er octobre \u00e0 \u00c9toile-sur-Rh\u00f4ne.","robots":{"index":"index","follow":"follow","max-snippet":"max-snippet:-1","max-image-preview":"max-image-preview:large","max-video-preview":"max-video-preview:-1"},"canonical":"https:\/\/dicodusport.fr\/blog\/championnats-deurope-2025-parcours-complet-et-profil-du-contre-la-montre\/","og_locale":"fr_FR","og_type":"article","og_title":"Championnats d'Europe 2025 : Parcours complet et profil du contre-la-montre","og_description":"Retrouvez le parcours en d\u00e9tail et le profil complet du contre-la-montre des championnats d'Europe 2025 (24 km), qui se d\u00e9roule ce mercredi 1er octobre \u00e0 \u00c9toile-sur-Rh\u00f4ne.","og_url":"https:\/\/dicodusport.fr\/blog\/championnats-deurope-2025-parcours-complet-et-profil-du-contre-la-montre\/","og_site_name":"Dicodusport","article_publisher":"https:\/\/www.facebook.com\/dicodusport","article_author":"https:\/\/www.facebook.com\/groups\/LesRoisDuPeloton","article_published_time":"2025-09-30T08:00:42+00:00","article_modified_time":"2025-09-30T19:04:45+00:00","og_image":[{"width":1200,"height":674,"url":"https:\/\/dicodusport.fr\/blog\/wp-content\/uploads\/2025\/09\/Championnats-dEurope-2025-Parcours-complet-et-profil-du-contre-la-montre.png","type":"image\/png"}],"author":"Emilien Descampiaux","twitter_card":"summary_large_image","twitter_creator":"@https:\/\/twitter.com\/LRoisDuPeloton","twitter_site":"@dicodusport","schema":{"@context":"https:\/\/schema.org","@graph":[{"@type":"NewsArticle","@id":"https:\/\/dicodusport.fr\/blog\/championnats-deurope-2025-parcours-complet-et-profil-du-contre-la-montre\/#article","isPartOf":{"@id":"https:\/\/dicodusport.fr\/blog\/championnats-deurope-2025-parcours-complet-et-profil-du-contre-la-montre\/"},"author":{"name":"Emilien Descampiaux","@id":"https:\/\/dicodusport.fr\/blog\/#\/schema\/person\/6db4bae06b171592211be385b32876a7"},"headline":"Championnats d&rsquo;Europe 2025 : Parcours complet et profil du contre-la-montre","datePublished":"2025-09-30T08:00:42+00:00","dateModified":"2025-09-30T19:04:45+00:00","mainEntityOfPage":{"@id":"https:\/\/dicodusport.fr\/blog\/championnats-deurope-2025-parcours-complet-et-profil-du-contre-la-montre\/"},"wordCount":333,"commentCount":0,"publisher":{"@id":"https:\/\/dicodusport.fr\/blog\/#organization"},"image":{"@id":"https:\/\/dicodusport.fr\/blog\/championnats-deurope-2025-parcours-complet-et-profil-du-contre-la-montre\/#primaryimage"},"thumbnailUrl":"https:\/\/dicodusport.fr\/blog\/wp-content\/uploads\/2025\/09\/Championnats-dEurope-2025-Parcours-complet-et-profil-du-contre-la-montre.png","keywords":["br\u00e8ve","Championnats d'Europe de cyclisme sur route","Cyclisme","Cyclisme sur route"],"articleSection":["Cyclisme sur route"],"inLanguage":"fr-FR","potentialAction":[{"@type":"CommentAction","name":"Comment","target":["https:\/\/dicodusport.fr\/blog\/championnats-deurope-2025-parcours-complet-et-profil-du-contre-la-montre\/#respond"]}],"copyrightYear":"2025","copyrightHolder":{"@id":"https:\/\/dicodusport.fr\/blog\/#organization"}},{"@type":"WebPage","@id":"https:\/\/dicodusport.fr\/blog\/championnats-deurope-2025-parcours-complet-et-profil-du-contre-la-montre\/","url":"https:\/\/dicodusport.fr\/blog\/championnats-deurope-2025-parcours-complet-et-profil-du-contre-la-montre\/","name":"Championnats d'Europe 2025 : Parcours complet et profil du contre-la-montre","isPartOf":{"@id":"https:\/\/dicodusport.fr\/blog\/#website"},"primaryImageOfPage":{"@id":"https:\/\/dicodusport.fr\/blog\/championnats-deurope-2025-parcours-complet-et-profil-du-contre-la-montre\/#primaryimage"},"image":{"@id":"https:\/\/dicodusport.fr\/blog\/championnats-deurope-2025-parcours-complet-et-profil-du-contre-la-montre\/#primaryimage"},"thumbnailUrl":"https:\/\/dicodusport.fr\/blog\/wp-content\/uploads\/2025\/09\/Championnats-dEurope-2025-Parcours-complet-et-profil-du-contre-la-montre.png","datePublished":"2025-09-30T08:00:42+00:00","dateModified":"2025-09-30T19:04:45+00:00","description":"Retrouvez le parcours en d\u00e9tail et le profil complet du contre-la-montre des championnats d'Europe 2025 (24 km), qui se d\u00e9roule ce mercredi 1er octobre \u00e0 \u00c9toile-sur-Rh\u00f4ne.","breadcrumb":{"@id":"https:\/\/dicodusport.fr\/blog\/championnats-deurope-2025-parcours-complet-et-profil-du-contre-la-montre\/#breadcrumb"},"inLanguage":"fr-FR","potentialAction":[{"@type":"ReadAction","target":["https:\/\/dicodusport.fr\/blog\/championnats-deurope-2025-parcours-complet-et-profil-du-contre-la-montre\/"]}]},{"@type":"ImageObject","inLanguage":"fr-FR","@id":"https:\/\/dicodusport.fr\/blog\/championnats-deurope-2025-parcours-complet-et-profil-du-contre-la-montre\/#primaryimage","url":"https:\/\/dicodusport.fr\/blog\/wp-content\/uploads\/2025\/09\/Championnats-dEurope-2025-Parcours-complet-et-profil-du-contre-la-montre.png","contentUrl":"https:\/\/dicodusport.fr\/blog\/wp-content\/uploads\/2025\/09\/Championnats-dEurope-2025-Parcours-complet-et-profil-du-contre-la-montre.png","width":1200,"height":674,"caption":"Championnats d'Europe 2025 Parcours complet et profil du contre-la-montre"},{"@type":"BreadcrumbList","@id":"https:\/\/dicodusport.fr\/blog\/championnats-deurope-2025-parcours-complet-et-profil-du-contre-la-montre\/#breadcrumb","itemListElement":[{"@type":"ListItem","position":1,"name":"Accueil","item":"https:\/\/dicodusport.fr\/blog\/"},{"@type":"ListItem","position":2,"name":"Championnats d&rsquo;Europe 2025 : Parcours complet et profil du contre-la-montre"}]},{"@type":"WebSite","@id":"https:\/\/dicodusport.fr\/blog\/#website","url":"https:\/\/dicodusport.fr\/blog\/","name":"Dicodusport","description":"L&#039;encyclop\u00e9die de l&#039;actualit\u00e9 sportive","publisher":{"@id":"https:\/\/dicodusport.fr\/blog\/#organization"},"potentialAction":[{"@type":"SearchAction","target":{"@type":"EntryPoint","urlTemplate":"https:\/\/dicodusport.fr\/blog\/?s={search_term_string}"},"query-input":{"@type":"PropertyValueSpecification","valueRequired":true,"valueName":"search_term_string"}}],"inLanguage":"fr-FR"},{"@type":"NewsMediaOrganization","@id":"https:\/\/dicodusport.fr\/blog\/#organization","name":"Dicodusport","url":"https:\/\/dicodusport.fr\/blog\/","logo":{"@type":"ImageObject","inLanguage":"fr-FR","@id":"https:\/\/dicodusport.fr\/blog\/#\/schema\/logo\/image\/","url":"https:\/\/dicodusport.fr\/blog\/wp-content\/uploads\/2020\/06\/cropped-LOGO-DICODUSPORT-2020-SANS-FOND-SANS-TEXTE.png","contentUrl":"https:\/\/dicodusport.fr\/blog\/wp-content\/uploads\/2020\/06\/cropped-LOGO-DICODUSPORT-2020-SANS-FOND-SANS-TEXTE.png","width":512,"height":512,"caption":"Dicodusport"},"image":{"@id":"https:\/\/dicodusport.fr\/blog\/#\/schema\/logo\/image\/"},"sameAs":["https:\/\/www.facebook.com\/dicodusport","https:\/\/x.com\/dicodusport","https:\/\/www.instagram.com\/dicodusport\/","https:\/\/www.youtube.com\/channel\/UC7V2KZ5sd3htJivAbA4ZG3w"],"description":"Dicodusport est l'encyclop\u00e9die de l'actualit\u00e9 sportive.","email":"bonjour@dicodusport.fr","legalName":"DICODUSPORT","foundingDate":"2018-01-14","vatID":"FR71834470973","taxID":"83447097300043","numberOfEmployees":{"@type":"QuantitativeValue","minValue":"1","maxValue":"10"}},{"@type":"Person","@id":"https:\/\/dicodusport.fr\/blog\/#\/schema\/person\/6db4bae06b171592211be385b32876a7","name":"Emilien Descampiaux","image":{"@type":"ImageObject","inLanguage":"fr-FR","@id":"https:\/\/dicodusport.fr\/blog\/#\/schema\/person\/image\/","url":"https:\/\/dicodusport.fr\/blog\/wp-content\/uploads\/2021\/05\/Emilien-Descampiaux-150x150.jpg","contentUrl":"https:\/\/dicodusport.fr\/blog\/wp-content\/uploads\/2021\/05\/Emilien-Descampiaux-150x150.jpg","caption":"Emilien Descampiaux"},"description":"Journaliste\/r\u00e9dacteur depuis 2014 - Fan de la classe de Frank Vandenbroucke, je vis cyclisme (et de ses paysages) depuis plus de 20 ans. Je suis tr\u00e8s impliqu\u00e9 sur mes diff\u00e9rents r\u00e9seaux sociaux pour partager ma passion sur le monde et l'Histoire de la bicyclette avec ma voix sur les images en noir et blanc du succ\u00e8s de Rik Van Steenbergen lors du Ronde sur le V\u00e9lodrome de Gand.","sameAs":["https:\/\/www.facebook.com\/groups\/LesRoisDuPeloton","https:\/\/x.com\/https:\/\/twitter.com\/LRoisDuPeloton"],"url":"https:\/\/dicodusport.fr\/blog\/author\/emiliend\/"}]}},"_links":{"self":[{"href":"https:\/\/dicodusport.fr\/blog\/wp-json\/wp\/v2\/posts\/615204","targetHints":{"allow":["GET"]}}],"collection":[{"href":"https:\/\/dicodusport.fr\/blog\/wp-json\/wp\/v2\/posts"}],"about":[{"href":"https:\/\/dicodusport.fr\/blog\/wp-json\/wp\/v2\/types\/post"}],"author":[{"embeddable":true,"href":"https:\/\/dicodusport.fr\/blog\/wp-json\/wp\/v2\/users\/48"}],"replies":[{"embeddable":true,"href":"https:\/\/dicodusport.fr\/blog\/wp-json\/wp\/v2\/comments?post=615204"}],"version-history":[{"count":5,"href":"https:\/\/dicodusport.fr\/blog\/wp-json\/wp\/v2\/posts\/615204\/revisions"}],"predecessor-version":[{"id":615513,"href":"https:\/\/dicodusport.fr\/blog\/wp-json\/wp\/v2\/posts\/615204\/revisions\/615513"}],"wp:featuredmedia":[{"embeddable":true,"href":"https:\/\/dicodusport.fr\/blog\/wp-json\/wp\/v2\/media\/615351"}],"wp:attachment":[{"href":"https:\/\/dicodusport.fr\/blog\/wp-json\/wp\/v2\/media?parent=615204"}],"wp:term":[{"taxonomy":"category","embeddable":true,"href":"https:\/\/dicodusport.fr\/blog\/wp-json\/wp\/v2\/categories?post=615204"},{"taxonomy":"post_tag","embeddable":true,"href":"https:\/\/dicodusport.fr\/blog\/wp-json\/wp\/v2\/tags?post=615204"}],"curies":[{"name":"wp","href":"https:\/\/api.w.org\/{rel}","templated":true}]}}