{"id":615485,"date":"2025-09-30T17:29:40","date_gmt":"2025-09-30T15:29:40","guid":{"rendered":"https:\/\/dicodusport.fr\/blog\/?p=615485&#038;preview=true&#038;preview_id=615485"},"modified":"2025-09-30T17:29:40","modified_gmt":"2025-09-30T15:29:40","slug":"les-bleus-avec-gregoire-et-seixas-les-selectionnes-pour-la-course-en-ligne-des-championnats-deurope-2025","status":"publish","type":"post","link":"https:\/\/dicodusport.fr\/blog\/les-bleus-avec-gregoire-et-seixas-les-selectionnes-pour-la-course-en-ligne-des-championnats-deurope-2025\/","title":{"rendered":"Les Bleus avec Gr\u00e9goire et Seixas : Les s\u00e9lectionn\u00e9s pour la course en ligne des championnats d&rsquo;Europe 2025"},"content":{"rendered":"<p style=\"text-align: justify;\"><strong><em>CHAMPIONNATS D&rsquo;EUROPE DE CYCLISME SUR ROUTE &#8211; Thomas Voeckler vient de d\u00e9voiler les 8 coureurs s\u00e9lectionn\u00e9s pour la course en ligne des Championnats d&rsquo;Europe. Paul Seixas, 13\u00e8me des Mondiaux au Rwanda, est bien pr\u00e9sent, au contraire de Julian Alaphilippe, qui avait abandonn\u00e9 dimanche.\u00a0<\/em><\/strong><\/p>\n<ul style=\"text-align: justify;\">\n<li><strong>\u00c0 ce sujet &#8211; <a href=\"https:\/\/dicodusport.fr\/blog\/cyclisme-championnats-deurope-2025-programme-horaires-et-resultats\/\">Cyclisme Championnats d\u2019Europe 2025 : Programme, horaires et r\u00e9sultats<\/a><\/strong><\/li>\n<\/ul>\n<p style=\"text-align: justify;\"><strong>Thomas Voeckler<\/strong> a tranch\u00e9. \u00c0 quelques jours de la course en ligne des championnats d&rsquo;Europe de cyclisme 2025 en France, le s\u00e9lectionneur des Bleus a annonc\u00e9 ce 30 septembre le nom des 8 coureurs s\u00e9lectionn\u00e9s. Comme attendu, <strong>Romain Gr\u00e9goire<\/strong> devrait \u00eatre le leader naturel, alors qu&rsquo;il n&rsquo;a pas \u00e9t\u00e9 align\u00e9 au Rwanda. Les trois seuls Fran\u00e7ais qui ont ralli\u00e9 l&rsquo;arriv\u00e9e \u00e0 Kigali seront bien pr\u00e9sents : <strong>Valentin Paret-Peintre<\/strong>, <strong>Pavel Sivakov<\/strong> mais aussi <a href=\"https:\/\/dicodusport.fr\/blog\/mondiaux-de-cyclisme-a-kigali-la-dure-lecon-qui-va-forger-paul-seixas\/\"><strong>Paul Seixas<\/strong><\/a>. \u00c0 19 ans, ce dernier a plus qu&rsquo;impressionn\u00e9 pour ses premiers Mondiaux. Peut-il \u00eatre le deuxi\u00e8me leader des Bleus ?<\/p>\n<blockquote class=\"twitter-tweet\">\n<p dir=\"ltr\" lang=\"fr\">Thomas Voeckler d\u00e9voile la composition de l&rsquo;\u00e9quipe de France pour la course en ligne \u00c9lite Hommes des Championnats d&rsquo;Europe, dimanche ! <a href=\"https:\/\/twitter.com\/hashtag\/lequipeVELO?src=hash&amp;ref_src=twsrc%5Etfw\">#lequipeVELO<\/a> <a href=\"https:\/\/twitter.com\/hashtag\/EuroRoad25?src=hash&amp;ref_src=twsrc%5Etfw\">#EuroRoad25<\/a> <a href=\"https:\/\/t.co\/mrxMMbbHCj\">pic.twitter.com\/mrxMMbbHCj<\/a><\/p>\n<p>\u2014 la chaine L&rsquo;\u00c9quipe (@lachainelequipe) <a href=\"https:\/\/twitter.com\/lachainelequipe\/status\/1973039119962914936?ref_src=twsrc%5Etfw\">September 30, 2025<\/a><\/p><\/blockquote>\n<p style=\"text-align: justify;\"><script async src=\"https:\/\/platform.twitter.com\/widgets.js\" charset=\"utf-8\"><\/script><\/p>\n<h2 style=\"text-align: justify;\">Pas de Julian Alaphilippe pour les championnats d&rsquo;Europe<\/h2>\n<p style=\"text-align: justify;\">Malade avant les Mondiaux, et forc\u00e9 \u00e0 l&rsquo;abandon tr\u00e8s vite, <strong>Julian Alaphilippe<\/strong> n&rsquo;a pas \u00e9t\u00e9 appel\u00e9 par <strong>Thomas Voeckler<\/strong>. Un choix logique. Le double champion du monde (2020, 2021) va prendre le temps de se reposer. Le s\u00e9lectionneur fran\u00e7ais a d\u00e9clar\u00e9 \u00e0 La Cha\u00eene L&rsquo;\u00c9quipe : \u00ab\u00a0<em>J&rsquo;avais eu l&rsquo;information par son \u00e9quipe qu&rsquo;il n&rsquo;aurait pas pu \u00eatre disponible<\/em>\u00ab\u00a0.<\/p>\n<div class=\"vlp-link-container vlp-layout-article\"><a href=\"https:\/\/dicodusport.fr\/blog\/julian-alaphilippe-abandonne-la-course-en-ligne-des-championnats-du-monde-de-cyclisme-2025\/\" class=\"vlp-link\" title=\"Julian Alaphilippe abandonne la course en ligne des Championnats du monde de cyclisme 2025\"><\/a><div class=\"vlp-layout-zone-side\"><div class=\"vlp-block-4 vlp-link-image\"><img loading=\"lazy\" decoding=\"async\" style=\"max-width: 792px;\" width=\"792\" height=\"445\" src=\"https:\/\/dicodusport.fr\/blog\/wp-content\/uploads\/2025\/09\/Julian-Alaphilippe-abandonne-la-course-en-ligne-des-Championnats-du-monde-de-cyclisme-2025.png\" class=\"attachment-800x445 size-800x445\" alt=\"Julian Alaphilippe abandonne la course en ligne des Championnats du monde de cyclisme 2025\" srcset=\"https:\/\/dicodusport.fr\/blog\/wp-content\/uploads\/2025\/09\/Julian-Alaphilippe-abandonne-la-course-en-ligne-des-Championnats-du-monde-de-cyclisme-2025.png 1200w, https:\/\/dicodusport.fr\/blog\/wp-content\/uploads\/2025\/09\/Julian-Alaphilippe-abandonne-la-course-en-ligne-des-Championnats-du-monde-de-cyclisme-2025-300x169.png 300w, https:\/\/dicodusport.fr\/blog\/wp-content\/uploads\/2025\/09\/Julian-Alaphilippe-abandonne-la-course-en-ligne-des-Championnats-du-monde-de-cyclisme-2025-1024x575.png 1024w, https:\/\/dicodusport.fr\/blog\/wp-content\/uploads\/2025\/09\/Julian-Alaphilippe-abandonne-la-course-en-ligne-des-Championnats-du-monde-de-cyclisme-2025-768x431.png 768w\" sizes=\"auto, (max-width: 792px) 100vw, 792px\" \/><\/div><\/div><div class=\"vlp-layout-zone-main\"><div class=\"vlp-block-0 vlp-link-title\">Julian Alaphilippe abandonne la course en ligne des Championnats du monde de cyclisme 2025<\/div><div class=\"vlp-block-1 vlp-link-summary\">CHAMPIONNATS DU MONDE DE CYCLISME 2025 - \u00c0 peine commenc\u00e9e, la course est d\u00e9j\u00e0 termin\u00e9e pour Julian Alaphilippe, qui a abandonn\u00e9 apr\u00e8s moins d'une heure de course.<\/div><div class=\"vlp-block-2 vlp-link-button\">Lire l'article<\/div><div class=\"vlp-block-3 vlp-link-url\">dicodusport.fr<\/div><\/div><\/div>\n<p style=\"text-align: justify;\">Pour le contre-la-montre programm\u00e9 mercredi, Voeckler avait d\u00e9j\u00e0 annonc\u00e9 les participations de <strong>Bruno Armirail<\/strong>\u00a0et de <strong>R\u00e9mi Cavagna<\/strong>. Pour le relais mixte jeudi, ils seront rejoints par <strong>Thibault Guernalec<\/strong>, avec <strong>C\u00e9drine Kerbaol<\/strong>, <strong>Juliette Labous<\/strong> et <strong>Marion Borras<\/strong>.<\/p>\n<div class=\"Article__paragraph Article__paragraph--text Article__paragraph--isBeforeLinkParagraph\" style=\"text-align: justify;\" data-v-963ab882=\"\">\n<div class=\"Paragraph\" data-v-e14a34bc=\"\" data-v-963ab882=\"\">\n<p class=\"Paragraph__content\" style=\"text-align: justify;\" data-v-e14a34bc=\"\">Moins long et moins dur qu&rsquo;au Rwanda, le parcours des Championnats d&rsquo;Europe entre Privas et Valence (202,5 km et 3 306 m de d\u00e9nivel\u00e9 positif) devrait plut\u00f4t favoriser des coureurs avec des qualit\u00e9s de puncheur. Un profil id\u00e9al pour <strong>Romain Gr\u00e9goire<\/strong>. Il devra lutter face aux tous meilleurs du peloton. <a href=\"https:\/\/dicodusport.fr\/blog\/championnats-du-monde-2025-tadej-pogacar-conserve-son-titre-sur-la-course-en-ligne\/\"><strong>Tadej Pogacar<\/strong><\/a>, <strong>Remco Evenepoel<\/strong> ou encore <strong>Jonas Vingegaard<\/strong> seront ses principaux concurrents pour ce championnat d&rsquo;Europe 2025.<\/p>\n<\/div>\n<div class=\"vlp-link-container vlp-layout-article\"><a href=\"https:\/\/dicodusport.fr\/blog\/chaine-tv-championnats-deurope-2025-ou-suivre-les-courses\/\" class=\"vlp-link\" title=\"Cha\u00eene TV Championnats d&#039;Europe 2025 : O\u00f9 suivre les courses ?\"><\/a><div class=\"vlp-layout-zone-side\"><div class=\"vlp-block-4 vlp-link-image\"><img loading=\"lazy\" decoding=\"async\" style=\"max-width: 792px;\" width=\"792\" height=\"445\" src=\"https:\/\/dicodusport.fr\/blog\/wp-content\/uploads\/2025\/09\/Chaine-TV-Championnats-dEurope-2025-Ou-suivre-les-courses-.png\" class=\"attachment-800x445 size-800x445\" alt=\"Cha\u00eene TV Championnats d&#039;Europe 2025 O\u00f9 suivre les courses\" srcset=\"https:\/\/dicodusport.fr\/blog\/wp-content\/uploads\/2025\/09\/Chaine-TV-Championnats-dEurope-2025-Ou-suivre-les-courses-.png 1200w, https:\/\/dicodusport.fr\/blog\/wp-content\/uploads\/2025\/09\/Chaine-TV-Championnats-dEurope-2025-Ou-suivre-les-courses--300x169.png 300w, https:\/\/dicodusport.fr\/blog\/wp-content\/uploads\/2025\/09\/Chaine-TV-Championnats-dEurope-2025-Ou-suivre-les-courses--1024x575.png 1024w, https:\/\/dicodusport.fr\/blog\/wp-content\/uploads\/2025\/09\/Chaine-TV-Championnats-dEurope-2025-Ou-suivre-les-courses--768x431.png 768w\" sizes=\"auto, (max-width: 792px) 100vw, 792px\" \/><\/div><\/div><div class=\"vlp-layout-zone-main\"><div class=\"vlp-block-0 vlp-link-title\">Cha\u00eene TV Championnats d'Europe 2025 : O\u00f9 suivre les courses ?<\/div><div class=\"vlp-block-1 vlp-link-summary\">Suivez les Championnats d\u2019Europe de cyclisme 2025 en Dr\u00f4me-Ard\u00e8che : programme TV complet, horaires et cha\u00eenes pour ne rien manquer des courses.<\/div><div class=\"vlp-block-2 vlp-link-button\">Lire l'article<\/div><div class=\"vlp-block-3 vlp-link-url\">dicodusport.fr<\/div><\/div><\/div>\n<\/div>\n<h2 style=\"text-align: justify;\">La liste de Thomas Voeckler<\/h2>\n<ul>\n<li style=\"text-align: justify;\">Romain Gr\u00e9goire<\/li>\n<li style=\"text-align: justify;\">Aur\u00e9lien Paret-Peintre<\/li>\n<li style=\"text-align: justify;\">Valentin Paret-Peintre<\/li>\n<li style=\"text-align: justify;\">Paul Seixas<\/li>\n<li style=\"text-align: justify;\">Pavel Sivakov<\/li>\n<li style=\"text-align: justify;\">Julien Bernard<\/li>\n<li style=\"text-align: justify;\">Nicolas Prodhomme<\/li>\n<li style=\"text-align: justify;\">Alex Baudin<\/li>\n<\/ul>\n","protected":false},"excerpt":{"rendered":"<p>Thomas Voeckler vient de d\u00e9voiler les 8 coureurs s\u00e9lectionn\u00e9s pour la course en ligne des Championnats d&rsquo;Europe. Paul Seixas, 13\u00e8me des Mondiaux au Rwanda, est bien pr\u00e9sent, au contraire de Julian Alaphilippe, qui avait abandonn\u00e9 dimanche.\u00a0<\/p>\n","protected":false},"author":88,"featured_media":615491,"comment_status":"open","ping_status":"closed","sticky":false,"template":"","format":"standard","meta":{"_acf_changed":false,"_daextam_enable_autolinks":"1","footnotes":""},"categories":[46994],"tags":[16878,23805,11197,39260,19485],"class_list":["post-615485","post","type-post","status-publish","format-standard","has-post-thumbnail","hentry","category-cyclisme-sur-route","tag-breve","tag-championnats-deurope-de-cyclisme-sur-route","tag-cyclisme-sur-route","tag-paul-seixas","tag-romain-gregoire"],"acf":[],"yoast_head":"<!-- This site is optimized with the Yoast SEO Premium plugin v26.7 (Yoast SEO v26.7) - https:\/\/yoast.com\/wordpress\/plugins\/seo\/ -->\n<title>Les Bleus avec Gr\u00e9goire et Seixas : Les s\u00e9lectionn\u00e9s pour la course en ligne des championnats d&#039;Europe 2025<\/title>\n<meta name=\"description\" content=\"CHAMPIONNATS D&#039;EUROPE DE CYCLISME SUR ROUTE - Thomas Voeckler vient de d\u00e9voiler les 8 coureurs s\u00e9lectionn\u00e9s pour la course en ligne.\" \/>\n<meta name=\"robots\" content=\"index, follow, max-snippet:-1, max-image-preview:large, max-video-preview:-1\" \/>\n<link rel=\"canonical\" href=\"https:\/\/dicodusport.fr\/blog\/les-bleus-avec-gregoire-et-seixas-les-selectionnes-pour-la-course-en-ligne-des-championnats-deurope-2025\/\" \/>\n<meta property=\"og:locale\" content=\"fr_FR\" \/>\n<meta property=\"og:type\" content=\"article\" \/>\n<meta property=\"og:title\" content=\"Les Bleus avec Gr\u00e9goire et Seixas : Les s\u00e9lectionn\u00e9s pour la course en ligne des championnats d&#039;Europe 2025\" \/>\n<meta property=\"og:description\" content=\"CHAMPIONNATS D&#039;EUROPE DE CYCLISME SUR ROUTE - Thomas Voeckler vient de d\u00e9voiler les 8 coureurs s\u00e9lectionn\u00e9s pour la course en ligne.\" \/>\n<meta property=\"og:url\" content=\"https:\/\/dicodusport.fr\/blog\/les-bleus-avec-gregoire-et-seixas-les-selectionnes-pour-la-course-en-ligne-des-championnats-deurope-2025\/\" \/>\n<meta property=\"og:site_name\" content=\"Dicodusport\" \/>\n<meta property=\"article:publisher\" content=\"https:\/\/www.facebook.com\/dicodusport\" \/>\n<meta property=\"article:published_time\" content=\"2025-09-30T15:29:40+00:00\" \/>\n<meta property=\"og:image\" content=\"https:\/\/dicodusport.fr\/blog\/wp-content\/uploads\/2025\/09\/Les-Bleus-avec-Gregoire-et-Seixas-Les-selectionnes-pour-la-course-en-ligne-des-championnats-dEurope-2025.png\" \/>\n\t<meta property=\"og:image:width\" content=\"1200\" \/>\n\t<meta property=\"og:image:height\" content=\"674\" \/>\n\t<meta property=\"og:image:type\" content=\"image\/png\" \/>\n<meta name=\"author\" content=\"Paul Lalevee\" \/>\n<meta name=\"twitter:card\" content=\"summary_large_image\" \/>\n<meta name=\"twitter:title\" content=\"Les Bleus avec Gr\u00e9goire et Seixas : Les s\u00e9lectionn\u00e9s pour la course en ligne des championnats d&#039;Europe 2025\" \/>\n<meta name=\"twitter:creator\" content=\"@dicodusport\" \/>\n<meta name=\"twitter:site\" content=\"@dicodusport\" \/>\n<script type=\"application\/ld+json\" class=\"yoast-schema-graph\">{\"@context\":\"https:\/\/schema.org\",\"@graph\":[{\"@type\":\"NewsArticle\",\"@id\":\"https:\/\/dicodusport.fr\/blog\/les-bleus-avec-gregoire-et-seixas-les-selectionnes-pour-la-course-en-ligne-des-championnats-deurope-2025\/#article\",\"isPartOf\":{\"@id\":\"https:\/\/dicodusport.fr\/blog\/les-bleus-avec-gregoire-et-seixas-les-selectionnes-pour-la-course-en-ligne-des-championnats-deurope-2025\/\"},\"author\":{\"name\":\"Paul Lalevee\",\"@id\":\"https:\/\/dicodusport.fr\/blog\/#\/schema\/person\/1eaa63dfac40b5e5c47f03a71920c1cd\"},\"headline\":\"Les Bleus avec Gr\u00e9goire et Seixas : Les s\u00e9lectionn\u00e9s pour la course en ligne des championnats d&rsquo;Europe 2025\",\"datePublished\":\"2025-09-30T15:29:40+00:00\",\"mainEntityOfPage\":{\"@id\":\"https:\/\/dicodusport.fr\/blog\/les-bleus-avec-gregoire-et-seixas-les-selectionnes-pour-la-course-en-ligne-des-championnats-deurope-2025\/\"},\"wordCount\":610,\"commentCount\":0,\"publisher\":{\"@id\":\"https:\/\/dicodusport.fr\/blog\/#organization\"},\"image\":{\"@id\":\"https:\/\/dicodusport.fr\/blog\/les-bleus-avec-gregoire-et-seixas-les-selectionnes-pour-la-course-en-ligne-des-championnats-deurope-2025\/#primaryimage\"},\"thumbnailUrl\":\"https:\/\/dicodusport.fr\/blog\/wp-content\/uploads\/2025\/09\/Les-Bleus-avec-Gregoire-et-Seixas-Les-selectionnes-pour-la-course-en-ligne-des-championnats-dEurope-2025.png\",\"keywords\":[\"br\u00e8ve\",\"Championnats d'Europe de cyclisme sur route\",\"Cyclisme sur route\",\"paul seixas\",\"Romain Gr\u00e9goire\"],\"articleSection\":[\"Cyclisme sur route\"],\"inLanguage\":\"fr-FR\",\"potentialAction\":[{\"@type\":\"CommentAction\",\"name\":\"Comment\",\"target\":[\"https:\/\/dicodusport.fr\/blog\/les-bleus-avec-gregoire-et-seixas-les-selectionnes-pour-la-course-en-ligne-des-championnats-deurope-2025\/#respond\"]}],\"copyrightYear\":\"2025\",\"copyrightHolder\":{\"@id\":\"https:\/\/dicodusport.fr\/blog\/#organization\"}},{\"@type\":\"WebPage\",\"@id\":\"https:\/\/dicodusport.fr\/blog\/les-bleus-avec-gregoire-et-seixas-les-selectionnes-pour-la-course-en-ligne-des-championnats-deurope-2025\/\",\"url\":\"https:\/\/dicodusport.fr\/blog\/les-bleus-avec-gregoire-et-seixas-les-selectionnes-pour-la-course-en-ligne-des-championnats-deurope-2025\/\",\"name\":\"Les Bleus avec Gr\u00e9goire et Seixas : Les s\u00e9lectionn\u00e9s pour la course en ligne des championnats d'Europe 2025\",\"isPartOf\":{\"@id\":\"https:\/\/dicodusport.fr\/blog\/#website\"},\"primaryImageOfPage\":{\"@id\":\"https:\/\/dicodusport.fr\/blog\/les-bleus-avec-gregoire-et-seixas-les-selectionnes-pour-la-course-en-ligne-des-championnats-deurope-2025\/#primaryimage\"},\"image\":{\"@id\":\"https:\/\/dicodusport.fr\/blog\/les-bleus-avec-gregoire-et-seixas-les-selectionnes-pour-la-course-en-ligne-des-championnats-deurope-2025\/#primaryimage\"},\"thumbnailUrl\":\"https:\/\/dicodusport.fr\/blog\/wp-content\/uploads\/2025\/09\/Les-Bleus-avec-Gregoire-et-Seixas-Les-selectionnes-pour-la-course-en-ligne-des-championnats-dEurope-2025.png\",\"datePublished\":\"2025-09-30T15:29:40+00:00\",\"description\":\"CHAMPIONNATS D'EUROPE DE CYCLISME SUR ROUTE - Thomas Voeckler vient de d\u00e9voiler les 8 coureurs s\u00e9lectionn\u00e9s pour la course en ligne.\",\"breadcrumb\":{\"@id\":\"https:\/\/dicodusport.fr\/blog\/les-bleus-avec-gregoire-et-seixas-les-selectionnes-pour-la-course-en-ligne-des-championnats-deurope-2025\/#breadcrumb\"},\"inLanguage\":\"fr-FR\",\"potentialAction\":[{\"@type\":\"ReadAction\",\"target\":[\"https:\/\/dicodusport.fr\/blog\/les-bleus-avec-gregoire-et-seixas-les-selectionnes-pour-la-course-en-ligne-des-championnats-deurope-2025\/\"]}]},{\"@type\":\"ImageObject\",\"inLanguage\":\"fr-FR\",\"@id\":\"https:\/\/dicodusport.fr\/blog\/les-bleus-avec-gregoire-et-seixas-les-selectionnes-pour-la-course-en-ligne-des-championnats-deurope-2025\/#primaryimage\",\"url\":\"https:\/\/dicodusport.fr\/blog\/wp-content\/uploads\/2025\/09\/Les-Bleus-avec-Gregoire-et-Seixas-Les-selectionnes-pour-la-course-en-ligne-des-championnats-dEurope-2025.png\",\"contentUrl\":\"https:\/\/dicodusport.fr\/blog\/wp-content\/uploads\/2025\/09\/Les-Bleus-avec-Gregoire-et-Seixas-Les-selectionnes-pour-la-course-en-ligne-des-championnats-dEurope-2025.png\",\"width\":1200,\"height\":674,\"caption\":\"Les Bleus avec Gr\u00e9goire et Seixas Les s\u00e9lectionn\u00e9s pour la course en ligne des championnats d'Europe 2025\"},{\"@type\":\"BreadcrumbList\",\"@id\":\"https:\/\/dicodusport.fr\/blog\/les-bleus-avec-gregoire-et-seixas-les-selectionnes-pour-la-course-en-ligne-des-championnats-deurope-2025\/#breadcrumb\",\"itemListElement\":[{\"@type\":\"ListItem\",\"position\":1,\"name\":\"Accueil\",\"item\":\"https:\/\/dicodusport.fr\/blog\/\"},{\"@type\":\"ListItem\",\"position\":2,\"name\":\"Les Bleus avec Gr\u00e9goire et Seixas : Les s\u00e9lectionn\u00e9s pour la course en ligne des championnats d&rsquo;Europe 2025\"}]},{\"@type\":\"WebSite\",\"@id\":\"https:\/\/dicodusport.fr\/blog\/#website\",\"url\":\"https:\/\/dicodusport.fr\/blog\/\",\"name\":\"Dicodusport\",\"description\":\"L&#039;encyclop\u00e9die de l&#039;actualit\u00e9 sportive\",\"publisher\":{\"@id\":\"https:\/\/dicodusport.fr\/blog\/#organization\"},\"potentialAction\":[{\"@type\":\"SearchAction\",\"target\":{\"@type\":\"EntryPoint\",\"urlTemplate\":\"https:\/\/dicodusport.fr\/blog\/?s={search_term_string}\"},\"query-input\":{\"@type\":\"PropertyValueSpecification\",\"valueRequired\":true,\"valueName\":\"search_term_string\"}}],\"inLanguage\":\"fr-FR\"},{\"@type\":\"NewsMediaOrganization\",\"@id\":\"https:\/\/dicodusport.fr\/blog\/#organization\",\"name\":\"Dicodusport\",\"url\":\"https:\/\/dicodusport.fr\/blog\/\",\"logo\":{\"@type\":\"ImageObject\",\"inLanguage\":\"fr-FR\",\"@id\":\"https:\/\/dicodusport.fr\/blog\/#\/schema\/logo\/image\/\",\"url\":\"https:\/\/dicodusport.fr\/blog\/wp-content\/uploads\/2020\/06\/cropped-LOGO-DICODUSPORT-2020-SANS-FOND-SANS-TEXTE.png\",\"contentUrl\":\"https:\/\/dicodusport.fr\/blog\/wp-content\/uploads\/2020\/06\/cropped-LOGO-DICODUSPORT-2020-SANS-FOND-SANS-TEXTE.png\",\"width\":512,\"height\":512,\"caption\":\"Dicodusport\"},\"image\":{\"@id\":\"https:\/\/dicodusport.fr\/blog\/#\/schema\/logo\/image\/\"},\"sameAs\":[\"https:\/\/www.facebook.com\/dicodusport\",\"https:\/\/x.com\/dicodusport\",\"https:\/\/www.instagram.com\/dicodusport\/\",\"https:\/\/www.youtube.com\/channel\/UC7V2KZ5sd3htJivAbA4ZG3w\"],\"description\":\"Dicodusport est l'encyclop\u00e9die de l'actualit\u00e9 sportive.\",\"email\":\"bonjour@dicodusport.fr\",\"legalName\":\"DICODUSPORT\",\"foundingDate\":\"2018-01-14\",\"vatID\":\"FR71834470973\",\"taxID\":\"83447097300043\",\"numberOfEmployees\":{\"@type\":\"QuantitativeValue\",\"minValue\":\"1\",\"maxValue\":\"10\"}},{\"@type\":\"Person\",\"@id\":\"https:\/\/dicodusport.fr\/blog\/#\/schema\/person\/1eaa63dfac40b5e5c47f03a71920c1cd\",\"name\":\"Paul Lalevee\",\"image\":{\"@type\":\"ImageObject\",\"inLanguage\":\"fr-FR\",\"@id\":\"https:\/\/dicodusport.fr\/blog\/#\/schema\/person\/image\/\",\"url\":\"https:\/\/dicodusport.fr\/blog\/wp-content\/uploads\/2023\/10\/291154246_1690604071293245_3118259335115946499_n-150x150.jpg\",\"contentUrl\":\"https:\/\/dicodusport.fr\/blog\/wp-content\/uploads\/2023\/10\/291154246_1690604071293245_3118259335115946499_n-150x150.jpg\",\"caption\":\"Paul Lalevee\"},\"description\":\"La bulle Disney pendant le Covid, le Tour 2019, la Coupe du monde 2018. Ces trois \u00e9v\u00e9nements majeurs sont ancr\u00e9s dans ma t\u00eate de fan de sport, n\u00e9gativement ou positivement. Passionn\u00e9 de sport depuis l'enfance, j'ai d\u00e9cid\u00e9 de mettre ma passion de l'\u00e9criture au service de cette premi\u00e8re passion.\",\"url\":\"https:\/\/dicodusport.fr\/blog\/author\/paul-lalevee\/\"}]}<\/script>\n<!-- \/ Yoast SEO Premium plugin. -->","yoast_head_json":{"title":"Les Bleus avec Gr\u00e9goire et Seixas : Les s\u00e9lectionn\u00e9s pour la course en ligne des championnats d'Europe 2025","description":"CHAMPIONNATS D'EUROPE DE CYCLISME SUR ROUTE - Thomas Voeckler vient de d\u00e9voiler les 8 coureurs s\u00e9lectionn\u00e9s pour la course en ligne.","robots":{"index":"index","follow":"follow","max-snippet":"max-snippet:-1","max-image-preview":"max-image-preview:large","max-video-preview":"max-video-preview:-1"},"canonical":"https:\/\/dicodusport.fr\/blog\/les-bleus-avec-gregoire-et-seixas-les-selectionnes-pour-la-course-en-ligne-des-championnats-deurope-2025\/","og_locale":"fr_FR","og_type":"article","og_title":"Les Bleus avec Gr\u00e9goire et Seixas : Les s\u00e9lectionn\u00e9s pour la course en ligne des championnats d'Europe 2025","og_description":"CHAMPIONNATS D'EUROPE DE CYCLISME SUR ROUTE - Thomas Voeckler vient de d\u00e9voiler les 8 coureurs s\u00e9lectionn\u00e9s pour la course en ligne.","og_url":"https:\/\/dicodusport.fr\/blog\/les-bleus-avec-gregoire-et-seixas-les-selectionnes-pour-la-course-en-ligne-des-championnats-deurope-2025\/","og_site_name":"Dicodusport","article_publisher":"https:\/\/www.facebook.com\/dicodusport","article_published_time":"2025-09-30T15:29:40+00:00","og_image":[{"width":1200,"height":674,"url":"https:\/\/dicodusport.fr\/blog\/wp-content\/uploads\/2025\/09\/Les-Bleus-avec-Gregoire-et-Seixas-Les-selectionnes-pour-la-course-en-ligne-des-championnats-dEurope-2025.png","type":"image\/png"}],"author":"Paul Lalevee","twitter_card":"summary_large_image","twitter_title":"Les Bleus avec Gr\u00e9goire et Seixas : Les s\u00e9lectionn\u00e9s pour la course en ligne des championnats d'Europe 2025","twitter_creator":"@dicodusport","twitter_site":"@dicodusport","schema":{"@context":"https:\/\/schema.org","@graph":[{"@type":"NewsArticle","@id":"https:\/\/dicodusport.fr\/blog\/les-bleus-avec-gregoire-et-seixas-les-selectionnes-pour-la-course-en-ligne-des-championnats-deurope-2025\/#article","isPartOf":{"@id":"https:\/\/dicodusport.fr\/blog\/les-bleus-avec-gregoire-et-seixas-les-selectionnes-pour-la-course-en-ligne-des-championnats-deurope-2025\/"},"author":{"name":"Paul Lalevee","@id":"https:\/\/dicodusport.fr\/blog\/#\/schema\/person\/1eaa63dfac40b5e5c47f03a71920c1cd"},"headline":"Les Bleus avec Gr\u00e9goire et Seixas : Les s\u00e9lectionn\u00e9s pour la course en ligne des championnats d&rsquo;Europe 2025","datePublished":"2025-09-30T15:29:40+00:00","mainEntityOfPage":{"@id":"https:\/\/dicodusport.fr\/blog\/les-bleus-avec-gregoire-et-seixas-les-selectionnes-pour-la-course-en-ligne-des-championnats-deurope-2025\/"},"wordCount":610,"commentCount":0,"publisher":{"@id":"https:\/\/dicodusport.fr\/blog\/#organization"},"image":{"@id":"https:\/\/dicodusport.fr\/blog\/les-bleus-avec-gregoire-et-seixas-les-selectionnes-pour-la-course-en-ligne-des-championnats-deurope-2025\/#primaryimage"},"thumbnailUrl":"https:\/\/dicodusport.fr\/blog\/wp-content\/uploads\/2025\/09\/Les-Bleus-avec-Gregoire-et-Seixas-Les-selectionnes-pour-la-course-en-ligne-des-championnats-dEurope-2025.png","keywords":["br\u00e8ve","Championnats d'Europe de cyclisme sur route","Cyclisme sur route","paul seixas","Romain Gr\u00e9goire"],"articleSection":["Cyclisme sur route"],"inLanguage":"fr-FR","potentialAction":[{"@type":"CommentAction","name":"Comment","target":["https:\/\/dicodusport.fr\/blog\/les-bleus-avec-gregoire-et-seixas-les-selectionnes-pour-la-course-en-ligne-des-championnats-deurope-2025\/#respond"]}],"copyrightYear":"2025","copyrightHolder":{"@id":"https:\/\/dicodusport.fr\/blog\/#organization"}},{"@type":"WebPage","@id":"https:\/\/dicodusport.fr\/blog\/les-bleus-avec-gregoire-et-seixas-les-selectionnes-pour-la-course-en-ligne-des-championnats-deurope-2025\/","url":"https:\/\/dicodusport.fr\/blog\/les-bleus-avec-gregoire-et-seixas-les-selectionnes-pour-la-course-en-ligne-des-championnats-deurope-2025\/","name":"Les Bleus avec Gr\u00e9goire et Seixas : Les s\u00e9lectionn\u00e9s pour la course en ligne des championnats d'Europe 2025","isPartOf":{"@id":"https:\/\/dicodusport.fr\/blog\/#website"},"primaryImageOfPage":{"@id":"https:\/\/dicodusport.fr\/blog\/les-bleus-avec-gregoire-et-seixas-les-selectionnes-pour-la-course-en-ligne-des-championnats-deurope-2025\/#primaryimage"},"image":{"@id":"https:\/\/dicodusport.fr\/blog\/les-bleus-avec-gregoire-et-seixas-les-selectionnes-pour-la-course-en-ligne-des-championnats-deurope-2025\/#primaryimage"},"thumbnailUrl":"https:\/\/dicodusport.fr\/blog\/wp-content\/uploads\/2025\/09\/Les-Bleus-avec-Gregoire-et-Seixas-Les-selectionnes-pour-la-course-en-ligne-des-championnats-dEurope-2025.png","datePublished":"2025-09-30T15:29:40+00:00","description":"CHAMPIONNATS D'EUROPE DE CYCLISME SUR ROUTE - Thomas Voeckler vient de d\u00e9voiler les 8 coureurs s\u00e9lectionn\u00e9s pour la course en ligne.","breadcrumb":{"@id":"https:\/\/dicodusport.fr\/blog\/les-bleus-avec-gregoire-et-seixas-les-selectionnes-pour-la-course-en-ligne-des-championnats-deurope-2025\/#breadcrumb"},"inLanguage":"fr-FR","potentialAction":[{"@type":"ReadAction","target":["https:\/\/dicodusport.fr\/blog\/les-bleus-avec-gregoire-et-seixas-les-selectionnes-pour-la-course-en-ligne-des-championnats-deurope-2025\/"]}]},{"@type":"ImageObject","inLanguage":"fr-FR","@id":"https:\/\/dicodusport.fr\/blog\/les-bleus-avec-gregoire-et-seixas-les-selectionnes-pour-la-course-en-ligne-des-championnats-deurope-2025\/#primaryimage","url":"https:\/\/dicodusport.fr\/blog\/wp-content\/uploads\/2025\/09\/Les-Bleus-avec-Gregoire-et-Seixas-Les-selectionnes-pour-la-course-en-ligne-des-championnats-dEurope-2025.png","contentUrl":"https:\/\/dicodusport.fr\/blog\/wp-content\/uploads\/2025\/09\/Les-Bleus-avec-Gregoire-et-Seixas-Les-selectionnes-pour-la-course-en-ligne-des-championnats-dEurope-2025.png","width":1200,"height":674,"caption":"Les Bleus avec Gr\u00e9goire et Seixas Les s\u00e9lectionn\u00e9s pour la course en ligne des championnats d'Europe 2025"},{"@type":"BreadcrumbList","@id":"https:\/\/dicodusport.fr\/blog\/les-bleus-avec-gregoire-et-seixas-les-selectionnes-pour-la-course-en-ligne-des-championnats-deurope-2025\/#breadcrumb","itemListElement":[{"@type":"ListItem","position":1,"name":"Accueil","item":"https:\/\/dicodusport.fr\/blog\/"},{"@type":"ListItem","position":2,"name":"Les Bleus avec Gr\u00e9goire et Seixas : Les s\u00e9lectionn\u00e9s pour la course en ligne des championnats d&rsquo;Europe 2025"}]},{"@type":"WebSite","@id":"https:\/\/dicodusport.fr\/blog\/#website","url":"https:\/\/dicodusport.fr\/blog\/","name":"Dicodusport","description":"L&#039;encyclop\u00e9die de l&#039;actualit\u00e9 sportive","publisher":{"@id":"https:\/\/dicodusport.fr\/blog\/#organization"},"potentialAction":[{"@type":"SearchAction","target":{"@type":"EntryPoint","urlTemplate":"https:\/\/dicodusport.fr\/blog\/?s={search_term_string}"},"query-input":{"@type":"PropertyValueSpecification","valueRequired":true,"valueName":"search_term_string"}}],"inLanguage":"fr-FR"},{"@type":"NewsMediaOrganization","@id":"https:\/\/dicodusport.fr\/blog\/#organization","name":"Dicodusport","url":"https:\/\/dicodusport.fr\/blog\/","logo":{"@type":"ImageObject","inLanguage":"fr-FR","@id":"https:\/\/dicodusport.fr\/blog\/#\/schema\/logo\/image\/","url":"https:\/\/dicodusport.fr\/blog\/wp-content\/uploads\/2020\/06\/cropped-LOGO-DICODUSPORT-2020-SANS-FOND-SANS-TEXTE.png","contentUrl":"https:\/\/dicodusport.fr\/blog\/wp-content\/uploads\/2020\/06\/cropped-LOGO-DICODUSPORT-2020-SANS-FOND-SANS-TEXTE.png","width":512,"height":512,"caption":"Dicodusport"},"image":{"@id":"https:\/\/dicodusport.fr\/blog\/#\/schema\/logo\/image\/"},"sameAs":["https:\/\/www.facebook.com\/dicodusport","https:\/\/x.com\/dicodusport","https:\/\/www.instagram.com\/dicodusport\/","https:\/\/www.youtube.com\/channel\/UC7V2KZ5sd3htJivAbA4ZG3w"],"description":"Dicodusport est l'encyclop\u00e9die de l'actualit\u00e9 sportive.","email":"bonjour@dicodusport.fr","legalName":"DICODUSPORT","foundingDate":"2018-01-14","vatID":"FR71834470973","taxID":"83447097300043","numberOfEmployees":{"@type":"QuantitativeValue","minValue":"1","maxValue":"10"}},{"@type":"Person","@id":"https:\/\/dicodusport.fr\/blog\/#\/schema\/person\/1eaa63dfac40b5e5c47f03a71920c1cd","name":"Paul Lalevee","image":{"@type":"ImageObject","inLanguage":"fr-FR","@id":"https:\/\/dicodusport.fr\/blog\/#\/schema\/person\/image\/","url":"https:\/\/dicodusport.fr\/blog\/wp-content\/uploads\/2023\/10\/291154246_1690604071293245_3118259335115946499_n-150x150.jpg","contentUrl":"https:\/\/dicodusport.fr\/blog\/wp-content\/uploads\/2023\/10\/291154246_1690604071293245_3118259335115946499_n-150x150.jpg","caption":"Paul Lalevee"},"description":"La bulle Disney pendant le Covid, le Tour 2019, la Coupe du monde 2018. Ces trois \u00e9v\u00e9nements majeurs sont ancr\u00e9s dans ma t\u00eate de fan de sport, n\u00e9gativement ou positivement. Passionn\u00e9 de sport depuis l'enfance, j'ai d\u00e9cid\u00e9 de mettre ma passion de l'\u00e9criture au service de cette premi\u00e8re passion.","url":"https:\/\/dicodusport.fr\/blog\/author\/paul-lalevee\/"}]}},"_links":{"self":[{"href":"https:\/\/dicodusport.fr\/blog\/wp-json\/wp\/v2\/posts\/615485","targetHints":{"allow":["GET"]}}],"collection":[{"href":"https:\/\/dicodusport.fr\/blog\/wp-json\/wp\/v2\/posts"}],"about":[{"href":"https:\/\/dicodusport.fr\/blog\/wp-json\/wp\/v2\/types\/post"}],"author":[{"embeddable":true,"href":"https:\/\/dicodusport.fr\/blog\/wp-json\/wp\/v2\/users\/88"}],"replies":[{"embeddable":true,"href":"https:\/\/dicodusport.fr\/blog\/wp-json\/wp\/v2\/comments?post=615485"}],"version-history":[{"count":4,"href":"https:\/\/dicodusport.fr\/blog\/wp-json\/wp\/v2\/posts\/615485\/revisions"}],"predecessor-version":[{"id":615493,"href":"https:\/\/dicodusport.fr\/blog\/wp-json\/wp\/v2\/posts\/615485\/revisions\/615493"}],"wp:featuredmedia":[{"embeddable":true,"href":"https:\/\/dicodusport.fr\/blog\/wp-json\/wp\/v2\/media\/615491"}],"wp:attachment":[{"href":"https:\/\/dicodusport.fr\/blog\/wp-json\/wp\/v2\/media?parent=615485"}],"wp:term":[{"taxonomy":"category","embeddable":true,"href":"https:\/\/dicodusport.fr\/blog\/wp-json\/wp\/v2\/categories?post=615485"},{"taxonomy":"post_tag","embeddable":true,"href":"https:\/\/dicodusport.fr\/blog\/wp-json\/wp\/v2\/tags?post=615485"}],"curies":[{"name":"wp","href":"https:\/\/api.w.org\/{rel}","templated":true}]}}