{"id":615780,"date":"2025-10-01T18:39:48","date_gmt":"2025-10-01T16:39:48","guid":{"rendered":"https:\/\/dicodusport.fr\/blog\/?p=615780&#038;preview=true&#038;preview_id=615780"},"modified":"2025-10-01T18:45:34","modified_gmt":"2025-10-01T16:45:34","slug":"pauline-ferrand-prevot-forfait-pour-la-course-en-ligne-des-championnats-deurope-de-cyclisme-2025","status":"publish","type":"post","link":"https:\/\/dicodusport.fr\/blog\/pauline-ferrand-prevot-forfait-pour-la-course-en-ligne-des-championnats-deurope-de-cyclisme-2025\/","title":{"rendered":"Pauline Ferrand-Pr\u00e9vot forfait pour la course en ligne des Championnats d&rsquo;Europe de cyclisme 2025"},"content":{"rendered":"<p style=\"text-align: justify;\"><strong><em>CHAMPIONNATS D&rsquo;EUROPE DE CYCLISME SUR ROUTE 2025 &#8211; La F\u00e9d\u00e9ration Fran\u00e7aise de Cyclisme a annonc\u00e9 le forfait de Pauline Ferrand-Pr\u00e9vot et de Maeva Squiban pour la course en ligne de samedi.<\/em><\/strong><\/p>\n<ul style=\"text-align: justify;\">\n<li style=\"text-align: justify;\"><strong>\u00c0 ce sujet \u2013\u00a0<a href=\"https:\/\/dicodusport.fr\/blog\/cyclisme-championnats-deurope-2025-programme-horaires-et-resultats\/\">Cyclisme Championnats d\u2019Europe 2025 : Programme, horaires et r\u00e9sultats<\/a><\/strong><\/li>\n<\/ul>\n<p style=\"text-align: justify;\">Favorite de la course en ligne des Championnats du monde de cyclisme sur route samedi, <strong>Pauline Ferrand-Pr\u00e9vot<\/strong> avait rat\u00e9 son coup, prenant la 16\u00e8me place au final. La Fran\u00e7aise n&rsquo;avait pas r\u00e9ussi \u00e0 peser sur la course, et n&rsquo;avait pas sembl\u00e9 dans sa meilleure forme.<\/p>\n<h2 style=\"text-align: justify;\">Fin de saison pour PFP<\/h2>\n<p style=\"text-align: justify;\">L&rsquo;impression visuelle \u00e9tait bonne, puisque la F\u00e9d\u00e9ration Fran\u00e7aise de Cyclisme a annonc\u00e9 que \u00ab\u00a0<strong>PFP<\/strong>\u00a0\u00bb ne prendrait pas part \u00e0 la course en ligne des Championnats d&rsquo;Europe ce samedi dans la Dr\u00f4me. En cause, des \u00ab\u00a0sympt\u00f4mes infectieux\u00a0\u00bb.<\/p>\n<blockquote class=\"twitter-tweet\">\n<p dir=\"ltr\" lang=\"fr\">C&rsquo;est officiel \ud83c\uddeb\ud83c\uddf7<\/p>\n<p>\u27a1\ufe0f Pauline Ferrand-Prevot et Maeva Squiban, ont pr\u00e9sent\u00e9 des sympt\u00f4mes infectieux.<\/p>\n<p>Elles ne pourront malheureusement pas prendre part aux Championnats d&rsquo;Europe ce week-end. <a href=\"https:\/\/twitter.com\/hashtag\/2025uecroad?src=hash&amp;ref_src=twsrc%5Etfw\">#2025uecroad<\/a> <a href=\"https:\/\/t.co\/2VpjuXxReg\">pic.twitter.com\/2VpjuXxReg<\/a><\/p>\n<p>\u2014 FFC (@FFCyclisme) <a href=\"https:\/\/twitter.com\/FFCyclisme\/status\/1973423053301219351?ref_src=twsrc%5Etfw\">October 1, 2025<\/a><\/p><\/blockquote>\n<p style=\"text-align: justify;\"><script async src=\"https:\/\/platform.twitter.com\/widgets.js\" charset=\"utf-8\"><\/script><\/p>\n<p style=\"text-align: justify;\">Sur La Cha\u00eene L&rsquo;\u00c9quipe, le s\u00e9lectionneur <strong>Paul Brousse<\/strong> a confirm\u00e9, ajoutant qu&rsquo;il s&rsquo;agissait d&rsquo;une fin de saison pour <strong>Pauline Ferrand-Pr\u00e9vot<\/strong>, qui range donc le v\u00e9lo avec Paris-Roubaix et le Tour de France femmes dans la musette. En outre, <strong>Maeva Squiban<\/strong>, laur\u00e9ate de deux \u00e9tapes sur la Grande Boucle, doit, elle aussi, d\u00e9clarer forfait pour les m\u00eames raisons.<\/p>\n<ul>\n<li style=\"text-align: justify;\"><strong>\u00c0 lire aussi &#8211; <a href=\"https:\/\/dicodusport.fr\/blog\/tableau-des-medailles-cyclisme-championnats-deurope-2025-mis-a-jour\/\">Tableau des m\u00e9dailles Cyclisme Championnats d\u2019Europe 2025 mis \u00e0 jour<\/a><\/strong><\/li>\n<\/ul>\n","protected":false},"excerpt":{"rendered":"<p>CHAMPIONNATS D&rsquo;EUROPE DE CYCLISME SUR ROUTE 2025 &#8211; La F\u00e9d\u00e9ration Fran\u00e7aise de Cyclisme a annonc\u00e9 le forfait de Pauline Ferrand-Pr\u00e9vot et de Maeva Squiban pour la course en ligne de samedi.<\/p>\n","protected":false},"author":59,"featured_media":615781,"comment_status":"open","ping_status":"closed","sticky":false,"template":"","format":"standard","meta":{"_acf_changed":false,"_daextam_enable_autolinks":"1","footnotes":""},"categories":[46994],"tags":[16878,23805],"class_list":["post-615780","post","type-post","status-publish","format-standard","has-post-thumbnail","hentry","category-cyclisme-sur-route","tag-breve","tag-championnats-deurope-de-cyclisme-sur-route"],"acf":[],"yoast_head":"<!-- This site is optimized with the Yoast SEO Premium plugin v26.7 (Yoast SEO v26.7) - https:\/\/yoast.com\/wordpress\/plugins\/seo\/ -->\n<title>Pauline Ferrand-Pr\u00e9vot forfait pour la course en ligne des Championnats d&#039;Europe de cyclisme 2025<\/title>\n<meta name=\"description\" content=\"CHAMPIONNATS D&#039;EUROPE DE CYCLISME SUR ROUTE 2025 - La F\u00e9d\u00e9ration Fran\u00e7aise de Cyclisme a annonc\u00e9 le forfait de Pauline Ferrand-Pr\u00e9vot.\" \/>\n<meta name=\"robots\" content=\"index, follow, max-snippet:-1, max-image-preview:large, max-video-preview:-1\" \/>\n<link rel=\"canonical\" href=\"https:\/\/dicodusport.fr\/blog\/pauline-ferrand-prevot-forfait-pour-la-course-en-ligne-des-championnats-deurope-de-cyclisme-2025\/\" \/>\n<meta property=\"og:locale\" content=\"fr_FR\" \/>\n<meta property=\"og:type\" content=\"article\" \/>\n<meta property=\"og:title\" content=\"Pauline Ferrand-Pr\u00e9vot forfait pour la course en ligne des Championnats d&#039;Europe de cyclisme 2025\" \/>\n<meta property=\"og:description\" content=\"CHAMPIONNATS D&#039;EUROPE DE CYCLISME SUR ROUTE 2025 - La F\u00e9d\u00e9ration Fran\u00e7aise de Cyclisme a annonc\u00e9 le forfait de Pauline Ferrand-Pr\u00e9vot.\" \/>\n<meta property=\"og:url\" content=\"https:\/\/dicodusport.fr\/blog\/pauline-ferrand-prevot-forfait-pour-la-course-en-ligne-des-championnats-deurope-de-cyclisme-2025\/\" \/>\n<meta property=\"og:site_name\" content=\"Dicodusport\" \/>\n<meta property=\"article:publisher\" content=\"https:\/\/www.facebook.com\/dicodusport\" \/>\n<meta property=\"article:author\" content=\"https:\/\/www.facebook.com\/sebastien.gente\/\" \/>\n<meta property=\"article:published_time\" content=\"2025-10-01T16:39:48+00:00\" \/>\n<meta property=\"article:modified_time\" content=\"2025-10-01T16:45:34+00:00\" \/>\n<meta property=\"og:image\" content=\"https:\/\/dicodusport.fr\/blog\/wp-content\/uploads\/2025\/10\/Pauline-Ferrand-Prevot-forfait-pour-la-course-en-ligne-des-Championnats-dEurope-de-cyclisme-2025.png\" \/>\n\t<meta property=\"og:image:width\" content=\"1200\" \/>\n\t<meta property=\"og:image:height\" content=\"674\" \/>\n\t<meta property=\"og:image:type\" content=\"image\/png\" \/>\n<meta name=\"author\" content=\"S\u00e9bastien Gente\" \/>\n<meta name=\"twitter:card\" content=\"summary_large_image\" \/>\n<meta name=\"twitter:title\" content=\"Pauline Ferrand-Pr\u00e9vot forfait pour la course en ligne des Championnats d&#039;Europe de cyclisme 2025\" \/>\n<meta name=\"twitter:creator\" content=\"@https:\/\/twitter.com\/globulo24\" \/>\n<meta name=\"twitter:site\" content=\"@dicodusport\" \/>\n<script type=\"application\/ld+json\" class=\"yoast-schema-graph\">{\"@context\":\"https:\/\/schema.org\",\"@graph\":[{\"@type\":\"NewsArticle\",\"@id\":\"https:\/\/dicodusport.fr\/blog\/pauline-ferrand-prevot-forfait-pour-la-course-en-ligne-des-championnats-deurope-de-cyclisme-2025\/#article\",\"isPartOf\":{\"@id\":\"https:\/\/dicodusport.fr\/blog\/pauline-ferrand-prevot-forfait-pour-la-course-en-ligne-des-championnats-deurope-de-cyclisme-2025\/\"},\"author\":{\"name\":\"S\u00e9bastien Gente\",\"@id\":\"https:\/\/dicodusport.fr\/blog\/#\/schema\/person\/627966a6cde45dbd8c5e36ac85d783da\"},\"headline\":\"Pauline Ferrand-Pr\u00e9vot forfait pour la course en ligne des Championnats d&rsquo;Europe de cyclisme 2025\",\"datePublished\":\"2025-10-01T16:39:48+00:00\",\"dateModified\":\"2025-10-01T16:45:34+00:00\",\"mainEntityOfPage\":{\"@id\":\"https:\/\/dicodusport.fr\/blog\/pauline-ferrand-prevot-forfait-pour-la-course-en-ligne-des-championnats-deurope-de-cyclisme-2025\/\"},\"wordCount\":274,\"commentCount\":0,\"publisher\":{\"@id\":\"https:\/\/dicodusport.fr\/blog\/#organization\"},\"image\":{\"@id\":\"https:\/\/dicodusport.fr\/blog\/pauline-ferrand-prevot-forfait-pour-la-course-en-ligne-des-championnats-deurope-de-cyclisme-2025\/#primaryimage\"},\"thumbnailUrl\":\"https:\/\/dicodusport.fr\/blog\/wp-content\/uploads\/2025\/10\/Pauline-Ferrand-Prevot-forfait-pour-la-course-en-ligne-des-Championnats-dEurope-de-cyclisme-2025.png\",\"keywords\":[\"br\u00e8ve\",\"Championnats d'Europe de cyclisme sur route\"],\"articleSection\":[\"Cyclisme sur route\"],\"inLanguage\":\"fr-FR\",\"potentialAction\":[{\"@type\":\"CommentAction\",\"name\":\"Comment\",\"target\":[\"https:\/\/dicodusport.fr\/blog\/pauline-ferrand-prevot-forfait-pour-la-course-en-ligne-des-championnats-deurope-de-cyclisme-2025\/#respond\"]}],\"copyrightYear\":\"2025\",\"copyrightHolder\":{\"@id\":\"https:\/\/dicodusport.fr\/blog\/#organization\"}},{\"@type\":\"WebPage\",\"@id\":\"https:\/\/dicodusport.fr\/blog\/pauline-ferrand-prevot-forfait-pour-la-course-en-ligne-des-championnats-deurope-de-cyclisme-2025\/\",\"url\":\"https:\/\/dicodusport.fr\/blog\/pauline-ferrand-prevot-forfait-pour-la-course-en-ligne-des-championnats-deurope-de-cyclisme-2025\/\",\"name\":\"Pauline Ferrand-Pr\u00e9vot forfait pour la course en ligne des Championnats d'Europe de cyclisme 2025\",\"isPartOf\":{\"@id\":\"https:\/\/dicodusport.fr\/blog\/#website\"},\"primaryImageOfPage\":{\"@id\":\"https:\/\/dicodusport.fr\/blog\/pauline-ferrand-prevot-forfait-pour-la-course-en-ligne-des-championnats-deurope-de-cyclisme-2025\/#primaryimage\"},\"image\":{\"@id\":\"https:\/\/dicodusport.fr\/blog\/pauline-ferrand-prevot-forfait-pour-la-course-en-ligne-des-championnats-deurope-de-cyclisme-2025\/#primaryimage\"},\"thumbnailUrl\":\"https:\/\/dicodusport.fr\/blog\/wp-content\/uploads\/2025\/10\/Pauline-Ferrand-Prevot-forfait-pour-la-course-en-ligne-des-Championnats-dEurope-de-cyclisme-2025.png\",\"datePublished\":\"2025-10-01T16:39:48+00:00\",\"dateModified\":\"2025-10-01T16:45:34+00:00\",\"description\":\"CHAMPIONNATS D'EUROPE DE CYCLISME SUR ROUTE 2025 - La F\u00e9d\u00e9ration Fran\u00e7aise de Cyclisme a annonc\u00e9 le forfait de Pauline Ferrand-Pr\u00e9vot.\",\"breadcrumb\":{\"@id\":\"https:\/\/dicodusport.fr\/blog\/pauline-ferrand-prevot-forfait-pour-la-course-en-ligne-des-championnats-deurope-de-cyclisme-2025\/#breadcrumb\"},\"inLanguage\":\"fr-FR\",\"potentialAction\":[{\"@type\":\"ReadAction\",\"target\":[\"https:\/\/dicodusport.fr\/blog\/pauline-ferrand-prevot-forfait-pour-la-course-en-ligne-des-championnats-deurope-de-cyclisme-2025\/\"]}]},{\"@type\":\"ImageObject\",\"inLanguage\":\"fr-FR\",\"@id\":\"https:\/\/dicodusport.fr\/blog\/pauline-ferrand-prevot-forfait-pour-la-course-en-ligne-des-championnats-deurope-de-cyclisme-2025\/#primaryimage\",\"url\":\"https:\/\/dicodusport.fr\/blog\/wp-content\/uploads\/2025\/10\/Pauline-Ferrand-Prevot-forfait-pour-la-course-en-ligne-des-Championnats-dEurope-de-cyclisme-2025.png\",\"contentUrl\":\"https:\/\/dicodusport.fr\/blog\/wp-content\/uploads\/2025\/10\/Pauline-Ferrand-Prevot-forfait-pour-la-course-en-ligne-des-Championnats-dEurope-de-cyclisme-2025.png\",\"width\":1200,\"height\":674,\"caption\":\"Pauline Ferrand-Pr\u00e9vot forfait pour la course en ligne des Championnats d'Europe de cyclisme 2025\"},{\"@type\":\"BreadcrumbList\",\"@id\":\"https:\/\/dicodusport.fr\/blog\/pauline-ferrand-prevot-forfait-pour-la-course-en-ligne-des-championnats-deurope-de-cyclisme-2025\/#breadcrumb\",\"itemListElement\":[{\"@type\":\"ListItem\",\"position\":1,\"name\":\"Accueil\",\"item\":\"https:\/\/dicodusport.fr\/blog\/\"},{\"@type\":\"ListItem\",\"position\":2,\"name\":\"Pauline Ferrand-Pr\u00e9vot forfait pour la course en ligne des Championnats d&rsquo;Europe de cyclisme 2025\"}]},{\"@type\":\"WebSite\",\"@id\":\"https:\/\/dicodusport.fr\/blog\/#website\",\"url\":\"https:\/\/dicodusport.fr\/blog\/\",\"name\":\"Dicodusport\",\"description\":\"L&#039;encyclop\u00e9die de l&#039;actualit\u00e9 sportive\",\"publisher\":{\"@id\":\"https:\/\/dicodusport.fr\/blog\/#organization\"},\"potentialAction\":[{\"@type\":\"SearchAction\",\"target\":{\"@type\":\"EntryPoint\",\"urlTemplate\":\"https:\/\/dicodusport.fr\/blog\/?s={search_term_string}\"},\"query-input\":{\"@type\":\"PropertyValueSpecification\",\"valueRequired\":true,\"valueName\":\"search_term_string\"}}],\"inLanguage\":\"fr-FR\"},{\"@type\":\"NewsMediaOrganization\",\"@id\":\"https:\/\/dicodusport.fr\/blog\/#organization\",\"name\":\"Dicodusport\",\"url\":\"https:\/\/dicodusport.fr\/blog\/\",\"logo\":{\"@type\":\"ImageObject\",\"inLanguage\":\"fr-FR\",\"@id\":\"https:\/\/dicodusport.fr\/blog\/#\/schema\/logo\/image\/\",\"url\":\"https:\/\/dicodusport.fr\/blog\/wp-content\/uploads\/2020\/06\/cropped-LOGO-DICODUSPORT-2020-SANS-FOND-SANS-TEXTE.png\",\"contentUrl\":\"https:\/\/dicodusport.fr\/blog\/wp-content\/uploads\/2020\/06\/cropped-LOGO-DICODUSPORT-2020-SANS-FOND-SANS-TEXTE.png\",\"width\":512,\"height\":512,\"caption\":\"Dicodusport\"},\"image\":{\"@id\":\"https:\/\/dicodusport.fr\/blog\/#\/schema\/logo\/image\/\"},\"sameAs\":[\"https:\/\/www.facebook.com\/dicodusport\",\"https:\/\/x.com\/dicodusport\",\"https:\/\/www.instagram.com\/dicodusport\/\",\"https:\/\/www.youtube.com\/channel\/UC7V2KZ5sd3htJivAbA4ZG3w\"],\"description\":\"Dicodusport est l'encyclop\u00e9die de l'actualit\u00e9 sportive.\",\"email\":\"bonjour@dicodusport.fr\",\"legalName\":\"DICODUSPORT\",\"foundingDate\":\"2018-01-14\",\"vatID\":\"FR71834470973\",\"taxID\":\"83447097300043\",\"numberOfEmployees\":{\"@type\":\"QuantitativeValue\",\"minValue\":\"1\",\"maxValue\":\"10\"}},{\"@type\":\"Person\",\"@id\":\"https:\/\/dicodusport.fr\/blog\/#\/schema\/person\/627966a6cde45dbd8c5e36ac85d783da\",\"name\":\"S\u00e9bastien Gente\",\"image\":{\"@type\":\"ImageObject\",\"inLanguage\":\"fr-FR\",\"@id\":\"https:\/\/dicodusport.fr\/blog\/#\/schema\/person\/image\/\",\"url\":\"https:\/\/dicodusport.fr\/blog\/wp-content\/uploads\/2021\/09\/1510990_10205810251400683_4124423575079401707_n-150x150.jpg\",\"contentUrl\":\"https:\/\/dicodusport.fr\/blog\/wp-content\/uploads\/2021\/09\/1510990_10205810251400683_4124423575079401707_n-150x150.jpg\",\"caption\":\"S\u00e9bastien Gente\"},\"description\":\"John Stockton, Gianni Bugno, Zinedine Zidane, Steffi Graf, Frode Andresen, St\u00e9phane Stoecklin, Davis Kamoga, Primoz Peterka, Werner Schlager et Aur\u00e9lien Rougerie. Point commun entre ces sportifs? Ils m'ont fait r\u00eaver et ont berc\u00e9 mon adolescence. Je suis un fondu de sports et j'essaie de retranscrire ma passion \u00e0 travers mes articles. Originaire du P\u00e9rigord, ma passion pour les Girondins, les Jaunards et les Jazzmen transpire dans mes \u00e9crits. \u00c0 Dicodusport depuis 2021, je d\u00e9niche les sports m\u00e9connus dans lesquels la France brille, et il y en a !\",\"sameAs\":[\"https:\/\/www.facebook.com\/sebastien.gente\/\",\"https:\/\/www.instagram.com\/sebgente\/\",\"https:\/\/www.linkedin.com\/in\/sbastien-gente-a29583169\/\",\"https:\/\/x.com\/https:\/\/twitter.com\/globulo24\",\"SebastienGente\"],\"worksFor\":\"S\u00e9bastien GENTE\",\"url\":\"https:\/\/dicodusport.fr\/blog\/author\/sebastiengente\/\"}]}<\/script>\n<!-- \/ Yoast SEO Premium plugin. -->","yoast_head_json":{"title":"Pauline Ferrand-Pr\u00e9vot forfait pour la course en ligne des Championnats d'Europe de cyclisme 2025","description":"CHAMPIONNATS D'EUROPE DE CYCLISME SUR ROUTE 2025 - La F\u00e9d\u00e9ration Fran\u00e7aise de Cyclisme a annonc\u00e9 le forfait de Pauline Ferrand-Pr\u00e9vot.","robots":{"index":"index","follow":"follow","max-snippet":"max-snippet:-1","max-image-preview":"max-image-preview:large","max-video-preview":"max-video-preview:-1"},"canonical":"https:\/\/dicodusport.fr\/blog\/pauline-ferrand-prevot-forfait-pour-la-course-en-ligne-des-championnats-deurope-de-cyclisme-2025\/","og_locale":"fr_FR","og_type":"article","og_title":"Pauline Ferrand-Pr\u00e9vot forfait pour la course en ligne des Championnats d'Europe de cyclisme 2025","og_description":"CHAMPIONNATS D'EUROPE DE CYCLISME SUR ROUTE 2025 - La F\u00e9d\u00e9ration Fran\u00e7aise de Cyclisme a annonc\u00e9 le forfait de Pauline Ferrand-Pr\u00e9vot.","og_url":"https:\/\/dicodusport.fr\/blog\/pauline-ferrand-prevot-forfait-pour-la-course-en-ligne-des-championnats-deurope-de-cyclisme-2025\/","og_site_name":"Dicodusport","article_publisher":"https:\/\/www.facebook.com\/dicodusport","article_author":"https:\/\/www.facebook.com\/sebastien.gente\/","article_published_time":"2025-10-01T16:39:48+00:00","article_modified_time":"2025-10-01T16:45:34+00:00","og_image":[{"width":1200,"height":674,"url":"https:\/\/dicodusport.fr\/blog\/wp-content\/uploads\/2025\/10\/Pauline-Ferrand-Prevot-forfait-pour-la-course-en-ligne-des-Championnats-dEurope-de-cyclisme-2025.png","type":"image\/png"}],"author":"S\u00e9bastien Gente","twitter_card":"summary_large_image","twitter_title":"Pauline Ferrand-Pr\u00e9vot forfait pour la course en ligne des Championnats d'Europe de cyclisme 2025","twitter_creator":"@https:\/\/twitter.com\/globulo24","twitter_site":"@dicodusport","schema":{"@context":"https:\/\/schema.org","@graph":[{"@type":"NewsArticle","@id":"https:\/\/dicodusport.fr\/blog\/pauline-ferrand-prevot-forfait-pour-la-course-en-ligne-des-championnats-deurope-de-cyclisme-2025\/#article","isPartOf":{"@id":"https:\/\/dicodusport.fr\/blog\/pauline-ferrand-prevot-forfait-pour-la-course-en-ligne-des-championnats-deurope-de-cyclisme-2025\/"},"author":{"name":"S\u00e9bastien Gente","@id":"https:\/\/dicodusport.fr\/blog\/#\/schema\/person\/627966a6cde45dbd8c5e36ac85d783da"},"headline":"Pauline Ferrand-Pr\u00e9vot forfait pour la course en ligne des Championnats d&rsquo;Europe de cyclisme 2025","datePublished":"2025-10-01T16:39:48+00:00","dateModified":"2025-10-01T16:45:34+00:00","mainEntityOfPage":{"@id":"https:\/\/dicodusport.fr\/blog\/pauline-ferrand-prevot-forfait-pour-la-course-en-ligne-des-championnats-deurope-de-cyclisme-2025\/"},"wordCount":274,"commentCount":0,"publisher":{"@id":"https:\/\/dicodusport.fr\/blog\/#organization"},"image":{"@id":"https:\/\/dicodusport.fr\/blog\/pauline-ferrand-prevot-forfait-pour-la-course-en-ligne-des-championnats-deurope-de-cyclisme-2025\/#primaryimage"},"thumbnailUrl":"https:\/\/dicodusport.fr\/blog\/wp-content\/uploads\/2025\/10\/Pauline-Ferrand-Prevot-forfait-pour-la-course-en-ligne-des-Championnats-dEurope-de-cyclisme-2025.png","keywords":["br\u00e8ve","Championnats d'Europe de cyclisme sur route"],"articleSection":["Cyclisme sur route"],"inLanguage":"fr-FR","potentialAction":[{"@type":"CommentAction","name":"Comment","target":["https:\/\/dicodusport.fr\/blog\/pauline-ferrand-prevot-forfait-pour-la-course-en-ligne-des-championnats-deurope-de-cyclisme-2025\/#respond"]}],"copyrightYear":"2025","copyrightHolder":{"@id":"https:\/\/dicodusport.fr\/blog\/#organization"}},{"@type":"WebPage","@id":"https:\/\/dicodusport.fr\/blog\/pauline-ferrand-prevot-forfait-pour-la-course-en-ligne-des-championnats-deurope-de-cyclisme-2025\/","url":"https:\/\/dicodusport.fr\/blog\/pauline-ferrand-prevot-forfait-pour-la-course-en-ligne-des-championnats-deurope-de-cyclisme-2025\/","name":"Pauline Ferrand-Pr\u00e9vot forfait pour la course en ligne des Championnats d'Europe de cyclisme 2025","isPartOf":{"@id":"https:\/\/dicodusport.fr\/blog\/#website"},"primaryImageOfPage":{"@id":"https:\/\/dicodusport.fr\/blog\/pauline-ferrand-prevot-forfait-pour-la-course-en-ligne-des-championnats-deurope-de-cyclisme-2025\/#primaryimage"},"image":{"@id":"https:\/\/dicodusport.fr\/blog\/pauline-ferrand-prevot-forfait-pour-la-course-en-ligne-des-championnats-deurope-de-cyclisme-2025\/#primaryimage"},"thumbnailUrl":"https:\/\/dicodusport.fr\/blog\/wp-content\/uploads\/2025\/10\/Pauline-Ferrand-Prevot-forfait-pour-la-course-en-ligne-des-Championnats-dEurope-de-cyclisme-2025.png","datePublished":"2025-10-01T16:39:48+00:00","dateModified":"2025-10-01T16:45:34+00:00","description":"CHAMPIONNATS D'EUROPE DE CYCLISME SUR ROUTE 2025 - La F\u00e9d\u00e9ration Fran\u00e7aise de Cyclisme a annonc\u00e9 le forfait de Pauline Ferrand-Pr\u00e9vot.","breadcrumb":{"@id":"https:\/\/dicodusport.fr\/blog\/pauline-ferrand-prevot-forfait-pour-la-course-en-ligne-des-championnats-deurope-de-cyclisme-2025\/#breadcrumb"},"inLanguage":"fr-FR","potentialAction":[{"@type":"ReadAction","target":["https:\/\/dicodusport.fr\/blog\/pauline-ferrand-prevot-forfait-pour-la-course-en-ligne-des-championnats-deurope-de-cyclisme-2025\/"]}]},{"@type":"ImageObject","inLanguage":"fr-FR","@id":"https:\/\/dicodusport.fr\/blog\/pauline-ferrand-prevot-forfait-pour-la-course-en-ligne-des-championnats-deurope-de-cyclisme-2025\/#primaryimage","url":"https:\/\/dicodusport.fr\/blog\/wp-content\/uploads\/2025\/10\/Pauline-Ferrand-Prevot-forfait-pour-la-course-en-ligne-des-Championnats-dEurope-de-cyclisme-2025.png","contentUrl":"https:\/\/dicodusport.fr\/blog\/wp-content\/uploads\/2025\/10\/Pauline-Ferrand-Prevot-forfait-pour-la-course-en-ligne-des-Championnats-dEurope-de-cyclisme-2025.png","width":1200,"height":674,"caption":"Pauline Ferrand-Pr\u00e9vot forfait pour la course en ligne des Championnats d'Europe de cyclisme 2025"},{"@type":"BreadcrumbList","@id":"https:\/\/dicodusport.fr\/blog\/pauline-ferrand-prevot-forfait-pour-la-course-en-ligne-des-championnats-deurope-de-cyclisme-2025\/#breadcrumb","itemListElement":[{"@type":"ListItem","position":1,"name":"Accueil","item":"https:\/\/dicodusport.fr\/blog\/"},{"@type":"ListItem","position":2,"name":"Pauline Ferrand-Pr\u00e9vot forfait pour la course en ligne des Championnats d&rsquo;Europe de cyclisme 2025"}]},{"@type":"WebSite","@id":"https:\/\/dicodusport.fr\/blog\/#website","url":"https:\/\/dicodusport.fr\/blog\/","name":"Dicodusport","description":"L&#039;encyclop\u00e9die de l&#039;actualit\u00e9 sportive","publisher":{"@id":"https:\/\/dicodusport.fr\/blog\/#organization"},"potentialAction":[{"@type":"SearchAction","target":{"@type":"EntryPoint","urlTemplate":"https:\/\/dicodusport.fr\/blog\/?s={search_term_string}"},"query-input":{"@type":"PropertyValueSpecification","valueRequired":true,"valueName":"search_term_string"}}],"inLanguage":"fr-FR"},{"@type":"NewsMediaOrganization","@id":"https:\/\/dicodusport.fr\/blog\/#organization","name":"Dicodusport","url":"https:\/\/dicodusport.fr\/blog\/","logo":{"@type":"ImageObject","inLanguage":"fr-FR","@id":"https:\/\/dicodusport.fr\/blog\/#\/schema\/logo\/image\/","url":"https:\/\/dicodusport.fr\/blog\/wp-content\/uploads\/2020\/06\/cropped-LOGO-DICODUSPORT-2020-SANS-FOND-SANS-TEXTE.png","contentUrl":"https:\/\/dicodusport.fr\/blog\/wp-content\/uploads\/2020\/06\/cropped-LOGO-DICODUSPORT-2020-SANS-FOND-SANS-TEXTE.png","width":512,"height":512,"caption":"Dicodusport"},"image":{"@id":"https:\/\/dicodusport.fr\/blog\/#\/schema\/logo\/image\/"},"sameAs":["https:\/\/www.facebook.com\/dicodusport","https:\/\/x.com\/dicodusport","https:\/\/www.instagram.com\/dicodusport\/","https:\/\/www.youtube.com\/channel\/UC7V2KZ5sd3htJivAbA4ZG3w"],"description":"Dicodusport est l'encyclop\u00e9die de l'actualit\u00e9 sportive.","email":"bonjour@dicodusport.fr","legalName":"DICODUSPORT","foundingDate":"2018-01-14","vatID":"FR71834470973","taxID":"83447097300043","numberOfEmployees":{"@type":"QuantitativeValue","minValue":"1","maxValue":"10"}},{"@type":"Person","@id":"https:\/\/dicodusport.fr\/blog\/#\/schema\/person\/627966a6cde45dbd8c5e36ac85d783da","name":"S\u00e9bastien Gente","image":{"@type":"ImageObject","inLanguage":"fr-FR","@id":"https:\/\/dicodusport.fr\/blog\/#\/schema\/person\/image\/","url":"https:\/\/dicodusport.fr\/blog\/wp-content\/uploads\/2021\/09\/1510990_10205810251400683_4124423575079401707_n-150x150.jpg","contentUrl":"https:\/\/dicodusport.fr\/blog\/wp-content\/uploads\/2021\/09\/1510990_10205810251400683_4124423575079401707_n-150x150.jpg","caption":"S\u00e9bastien Gente"},"description":"John Stockton, Gianni Bugno, Zinedine Zidane, Steffi Graf, Frode Andresen, St\u00e9phane Stoecklin, Davis Kamoga, Primoz Peterka, Werner Schlager et Aur\u00e9lien Rougerie. Point commun entre ces sportifs? Ils m'ont fait r\u00eaver et ont berc\u00e9 mon adolescence. Je suis un fondu de sports et j'essaie de retranscrire ma passion \u00e0 travers mes articles. Originaire du P\u00e9rigord, ma passion pour les Girondins, les Jaunards et les Jazzmen transpire dans mes \u00e9crits. \u00c0 Dicodusport depuis 2021, je d\u00e9niche les sports m\u00e9connus dans lesquels la France brille, et il y en a !","sameAs":["https:\/\/www.facebook.com\/sebastien.gente\/","https:\/\/www.instagram.com\/sebgente\/","https:\/\/www.linkedin.com\/in\/sbastien-gente-a29583169\/","https:\/\/x.com\/https:\/\/twitter.com\/globulo24","SebastienGente"],"worksFor":"S\u00e9bastien GENTE","url":"https:\/\/dicodusport.fr\/blog\/author\/sebastiengente\/"}]}},"_links":{"self":[{"href":"https:\/\/dicodusport.fr\/blog\/wp-json\/wp\/v2\/posts\/615780","targetHints":{"allow":["GET"]}}],"collection":[{"href":"https:\/\/dicodusport.fr\/blog\/wp-json\/wp\/v2\/posts"}],"about":[{"href":"https:\/\/dicodusport.fr\/blog\/wp-json\/wp\/v2\/types\/post"}],"author":[{"embeddable":true,"href":"https:\/\/dicodusport.fr\/blog\/wp-json\/wp\/v2\/users\/59"}],"replies":[{"embeddable":true,"href":"https:\/\/dicodusport.fr\/blog\/wp-json\/wp\/v2\/comments?post=615780"}],"version-history":[{"count":3,"href":"https:\/\/dicodusport.fr\/blog\/wp-json\/wp\/v2\/posts\/615780\/revisions"}],"predecessor-version":[{"id":615784,"href":"https:\/\/dicodusport.fr\/blog\/wp-json\/wp\/v2\/posts\/615780\/revisions\/615784"}],"wp:featuredmedia":[{"embeddable":true,"href":"https:\/\/dicodusport.fr\/blog\/wp-json\/wp\/v2\/media\/615781"}],"wp:attachment":[{"href":"https:\/\/dicodusport.fr\/blog\/wp-json\/wp\/v2\/media?parent=615780"}],"wp:term":[{"taxonomy":"category","embeddable":true,"href":"https:\/\/dicodusport.fr\/blog\/wp-json\/wp\/v2\/categories?post=615780"},{"taxonomy":"post_tag","embeddable":true,"href":"https:\/\/dicodusport.fr\/blog\/wp-json\/wp\/v2\/tags?post=615780"}],"curies":[{"name":"wp","href":"https:\/\/api.w.org\/{rel}","templated":true}]}}