{"id":616321,"date":"2025-10-03T18:34:21","date_gmt":"2025-10-03T16:34:21","guid":{"rendered":"https:\/\/dicodusport.fr\/blog\/?p=616321&#038;preview=true&#038;preview_id=616321"},"modified":"2025-10-03T19:50:40","modified_gmt":"2025-10-03T17:50:40","slug":"championnats-deurope-2025-karl-herzog-sacre-sur-la-course-en-ligne-juniors","status":"publish","type":"post","link":"https:\/\/dicodusport.fr\/blog\/championnats-deurope-2025-karl-herzog-sacre-sur-la-course-en-ligne-juniors\/","title":{"rendered":"Championnats d&rsquo;Europe 2025 : Karl Herzog sacr\u00e9 sur la course en ligne juniors"},"content":{"rendered":"<p style=\"text-align: justify;\"><strong><em>CHAMPIONNATS D&rsquo;EUROPE 2025 &#8211; Karl Herzog s&rsquo;impose en solitaire et<\/em><\/strong>\u00a0<em><strong>d\u00e9croche le titre de champion d\u2019Europe junior. Le coureur allemand devance l\u2019Italien Roberto Capello et l\u2019Irlandais David Gaffney.<\/strong><\/em><\/p>\n<ul>\n<li style=\"text-align: justify;\"><strong>\u00c0 ce sujet \u2013\u00a0<a href=\"https:\/\/dicodusport.fr\/blog\/cyclisme-championnats-deurope-2025-programme-horaires-et-resultats\/\">Cyclisme Championnats d\u2019Europe 2025 : Programme, horaires et r\u00e9sultats<\/a><\/strong><\/li>\n<\/ul>\n<h2 style=\"font-weight: 400;\"><strong>Une course par \u00e9limination <\/strong><\/h2>\n<p style=\"font-weight: 400; text-align: justify;\">Les 103 kilom\u00e8tres au programme, jalonn\u00e9s par une quadruple ascension du <strong>Val d\u2019Enfer<\/strong> (1,6 km \u00e0 9,8 %), promettaient du grand spectacle et une lutte entre les meilleurs puncheurs du peloton, pour conqu\u00e9rir le titre de champion d\u2019Europe junior.<\/p>\n<p style=\"font-weight: 400; text-align: justify;\">Autour de <strong>Guilherand-Granges<\/strong>, dans la <strong>Dr\u00f4me<\/strong>, un groupe de sept coureurs se d\u00e9tachait en d\u00e9but de course. Surveill\u00e9 de pr\u00e8s par le peloton, cette \u00e9chapp\u00e9e au sein de laquelle s\u2019\u00e9tait gliss\u00e9 <strong>Th\u00e9ophile Vassal<\/strong> ne comptait qu\u2019une maigre poign\u00e9e de secondes d\u2019avance apr\u00e8s la premi\u00e8re heure de course, au terme de la premi\u00e8re des quatre boucles que comportait l\u2019\u00e9preuve.<\/p>\n<p style=\"font-weight: 400; text-align: justify;\">Les fuyards logiquement rattrap\u00e9s dans la deuxi\u00e8me boucle, l\u2019encha\u00eenement des difficult\u00e9s cr\u00e9aient une course par \u00e9limination o\u00f9 le peloton s\u2019amenuisait au fil des kilom\u00e8tres. \u00c0 moins de 35 kilom\u00e8tres de l\u2019arriv\u00e9e, ils n\u2019\u00e9taient plus que 25 \u00e0 pouvoir pr\u00e9tendre \u00e0 la victoire finale. Un tour et une ascension du <strong>Val d\u2019Enfer<\/strong> plus tard, l\u2019Italien <strong>Roberto Capello<\/strong> s\u2019\u00e9tait d\u00e9tach\u00e9 en t\u00eate de course, rel\u00e9guant \u00e0 une minute un groupe de onze poursuivants qu\u2019\u00e9tait parvenu \u00e0 int\u00e9grer le Fran\u00e7ais <strong>Soan Ruesche<\/strong>.<\/p>\n<div class=\"vlp-link-container vlp-layout-article\"><a href=\"https:\/\/dicodusport.fr\/blog\/championnat-deurope-2025-classement-et-resultats-course-en-ligne-juniors-hommes\/\" class=\"vlp-link\" title=\"Championnat d&#039;Europe 2025 : Classement et r\u00e9sultats course en ligne juniors hommes\"><\/a><div class=\"vlp-layout-zone-side\"><div class=\"vlp-block-4 vlp-link-image\"><img loading=\"lazy\" decoding=\"async\" style=\"max-width: 792px;\" width=\"792\" height=\"445\" src=\"https:\/\/dicodusport.fr\/blog\/wp-content\/uploads\/2025\/10\/Championnat-dEurope-2025-Classement-et-resultats-course-en-ligne-juniors-hommes.png\" class=\"attachment-800x445 size-800x445\" alt=\"Championnat d&#039;Europe 2025 Classement et r\u00e9sultats course en ligne juniors hommes\" srcset=\"https:\/\/dicodusport.fr\/blog\/wp-content\/uploads\/2025\/10\/Championnat-dEurope-2025-Classement-et-resultats-course-en-ligne-juniors-hommes.png 1200w, https:\/\/dicodusport.fr\/blog\/wp-content\/uploads\/2025\/10\/Championnat-dEurope-2025-Classement-et-resultats-course-en-ligne-juniors-hommes-300x169.png 300w, https:\/\/dicodusport.fr\/blog\/wp-content\/uploads\/2025\/10\/Championnat-dEurope-2025-Classement-et-resultats-course-en-ligne-juniors-hommes-1024x575.png 1024w, https:\/\/dicodusport.fr\/blog\/wp-content\/uploads\/2025\/10\/Championnat-dEurope-2025-Classement-et-resultats-course-en-ligne-juniors-hommes-768x431.png 768w\" sizes=\"auto, (max-width: 792px) 100vw, 792px\" \/><\/div><\/div><div class=\"vlp-layout-zone-main\"><div class=\"vlp-block-0 vlp-link-title\">Championnat d'Europe 2025 : Classement et r\u00e9sultats course en ligne juniors hommes<\/div><div class=\"vlp-block-1 vlp-link-summary\">Retrouvez les r\u00e9sultats complets et le classement de la course en ligne juniors hommes des Championnats d'Europe de cyclisme sur route 2025 en Dr\u00f4me-Ard\u00e8che, qui s'est d\u00e9roul\u00e9 ce vendredi 3 octobre 2025.<\/div><div class=\"vlp-block-2 vlp-link-button\">Lire l'article<\/div><div class=\"vlp-block-3 vlp-link-url\">dicodusport.fr<\/div><\/div><\/div>\n<h2 style=\"font-weight: 400; text-align: justify;\"><strong>Karl Herzog revient sur Roberto Capello<\/strong><\/h2>\n<p style=\"font-weight: 400; text-align: justify;\">L\u2019\u00e9cart qu\u2019il \u00e9tait parvenu \u00e0 creuser avant l\u2019entame de la derni\u00e8re boucle n\u2019\u00e9tait pas suffisant. Dans le dernier tour, l\u2019Allemand <strong>Karl Herzog<\/strong> revenait sur <strong>Roberto Capello<\/strong> et creusait l\u2019\u00e9cart en t\u00eate de course. Sixi\u00e8me de l\u2019exercice chronom\u00e9tr\u00e9 quelques jours plus t\u00f4t, le coureur allemand s\u2019impose sur la course en ligne avec treize secondes d\u2019avance sur <strong>Roberto Capello<\/strong>. L\u2019Irlandais <strong>David Gaffney<\/strong> compl\u00e8te le podium.<\/p>\n<p style=\"font-weight: 400; text-align: justify;\">Premier Fran\u00e7ais, <strong>Soan Ruesche<\/strong> termine huiti\u00e8me, au sein du groupe se disputant la quatri\u00e8me place.<\/p>\n<p style=\"text-align: justify;\">\n","protected":false},"excerpt":{"rendered":"<p>Karl Herzog s&rsquo;impose en solitaire et\u00a0d\u00e9croche le titre de champion d\u2019Europe junior. Le coureur allemand devance l\u2019Italien Roberto Capello et l\u2019Irlandais David Gaffney.<\/p>\n","protected":false},"author":107,"featured_media":616392,"comment_status":"open","ping_status":"closed","sticky":false,"template":"","format":"standard","meta":{"_acf_changed":false,"_daextam_enable_autolinks":"1","footnotes":""},"categories":[46994],"tags":[16878,23805,574,11197],"class_list":["post-616321","post","type-post","status-publish","format-standard","has-post-thumbnail","hentry","category-cyclisme-sur-route","tag-breve","tag-championnats-deurope-de-cyclisme-sur-route","tag-cyclisme","tag-cyclisme-sur-route"],"acf":[],"yoast_head":"<!-- This site is optimized with the Yoast SEO Premium plugin v26.7 (Yoast SEO v26.7) - https:\/\/yoast.com\/wordpress\/plugins\/seo\/ -->\n<title>Championnats d&#039;Europe 2025 : Karl Herzog sacr\u00e9 sur la course en ligne juniors<\/title>\n<meta name=\"description\" content=\"Karl Herzog s&#039;impose en solitaire et\u00a0d\u00e9croche le titre de champion d\u2019Europe junior. Le coureur allemand devance l\u2019Italien Roberto Capello et l\u2019Irlandais David Gaffney.\" \/>\n<meta name=\"robots\" content=\"index, follow, max-snippet:-1, max-image-preview:large, max-video-preview:-1\" \/>\n<link rel=\"canonical\" href=\"https:\/\/dicodusport.fr\/blog\/championnats-deurope-2025-karl-herzog-sacre-sur-la-course-en-ligne-juniors\/\" \/>\n<meta property=\"og:locale\" content=\"fr_FR\" \/>\n<meta property=\"og:type\" content=\"article\" \/>\n<meta property=\"og:title\" content=\"Championnats d&#039;Europe 2025 : Karl Herzog sacr\u00e9 sur la course en ligne juniors\" \/>\n<meta property=\"og:description\" content=\"Karl Herzog s&#039;impose en solitaire et\u00a0d\u00e9croche le titre de champion d\u2019Europe junior. Le coureur allemand devance l\u2019Italien Roberto Capello et l\u2019Irlandais David Gaffney.\" \/>\n<meta property=\"og:url\" content=\"https:\/\/dicodusport.fr\/blog\/championnats-deurope-2025-karl-herzog-sacre-sur-la-course-en-ligne-juniors\/\" \/>\n<meta property=\"og:site_name\" content=\"Dicodusport\" \/>\n<meta property=\"article:publisher\" content=\"https:\/\/www.facebook.com\/dicodusport\" \/>\n<meta property=\"article:published_time\" content=\"2025-10-03T16:34:21+00:00\" \/>\n<meta property=\"article:modified_time\" content=\"2025-10-03T17:50:40+00:00\" \/>\n<meta property=\"og:image\" content=\"https:\/\/dicodusport.fr\/blog\/wp-content\/uploads\/2025\/10\/Championnats-dEurope-2025-Karl-Herzog-sacre-sur-la-course-en-ligne-juniors-1.png\" \/>\n\t<meta property=\"og:image:width\" content=\"1200\" \/>\n\t<meta property=\"og:image:height\" content=\"674\" \/>\n\t<meta property=\"og:image:type\" content=\"image\/png\" \/>\n<meta name=\"author\" content=\"Th\u00e9o Gripon Auer\" \/>\n<meta name=\"twitter:card\" content=\"summary_large_image\" \/>\n<meta name=\"twitter:title\" content=\"Championnats d&#039;Europe 2025 : Karl Herzog sacr\u00e9 sur la course en ligne juniors\" \/>\n<meta name=\"twitter:creator\" content=\"@dicodusport\" \/>\n<meta name=\"twitter:site\" content=\"@dicodusport\" \/>\n<script type=\"application\/ld+json\" class=\"yoast-schema-graph\">{\"@context\":\"https:\/\/schema.org\",\"@graph\":[{\"@type\":\"NewsArticle\",\"@id\":\"https:\/\/dicodusport.fr\/blog\/championnats-deurope-2025-karl-herzog-sacre-sur-la-course-en-ligne-juniors\/#article\",\"isPartOf\":{\"@id\":\"https:\/\/dicodusport.fr\/blog\/championnats-deurope-2025-karl-herzog-sacre-sur-la-course-en-ligne-juniors\/\"},\"author\":{\"name\":\"Th\u00e9o Gripon Auer\",\"@id\":\"https:\/\/dicodusport.fr\/blog\/#\/schema\/person\/c0d35c220c4e79773da9e19a595ab67c\"},\"headline\":\"Championnats d&rsquo;Europe 2025 : Karl Herzog sacr\u00e9 sur la course en ligne juniors\",\"datePublished\":\"2025-10-03T16:34:21+00:00\",\"dateModified\":\"2025-10-03T17:50:40+00:00\",\"mainEntityOfPage\":{\"@id\":\"https:\/\/dicodusport.fr\/blog\/championnats-deurope-2025-karl-herzog-sacre-sur-la-course-en-ligne-juniors\/\"},\"wordCount\":472,\"commentCount\":0,\"publisher\":{\"@id\":\"https:\/\/dicodusport.fr\/blog\/#organization\"},\"image\":{\"@id\":\"https:\/\/dicodusport.fr\/blog\/championnats-deurope-2025-karl-herzog-sacre-sur-la-course-en-ligne-juniors\/#primaryimage\"},\"thumbnailUrl\":\"https:\/\/dicodusport.fr\/blog\/wp-content\/uploads\/2025\/10\/Championnats-dEurope-2025-Karl-Herzog-sacre-sur-la-course-en-ligne-juniors-1.png\",\"keywords\":[\"br\u00e8ve\",\"Championnats d'Europe de cyclisme sur route\",\"Cyclisme\",\"Cyclisme sur route\"],\"articleSection\":[\"Cyclisme sur route\"],\"inLanguage\":\"fr-FR\",\"potentialAction\":[{\"@type\":\"CommentAction\",\"name\":\"Comment\",\"target\":[\"https:\/\/dicodusport.fr\/blog\/championnats-deurope-2025-karl-herzog-sacre-sur-la-course-en-ligne-juniors\/#respond\"]}],\"copyrightYear\":\"2025\",\"copyrightHolder\":{\"@id\":\"https:\/\/dicodusport.fr\/blog\/#organization\"}},{\"@type\":\"WebPage\",\"@id\":\"https:\/\/dicodusport.fr\/blog\/championnats-deurope-2025-karl-herzog-sacre-sur-la-course-en-ligne-juniors\/\",\"url\":\"https:\/\/dicodusport.fr\/blog\/championnats-deurope-2025-karl-herzog-sacre-sur-la-course-en-ligne-juniors\/\",\"name\":\"Championnats d'Europe 2025 : Karl Herzog sacr\u00e9 sur la course en ligne juniors\",\"isPartOf\":{\"@id\":\"https:\/\/dicodusport.fr\/blog\/#website\"},\"primaryImageOfPage\":{\"@id\":\"https:\/\/dicodusport.fr\/blog\/championnats-deurope-2025-karl-herzog-sacre-sur-la-course-en-ligne-juniors\/#primaryimage\"},\"image\":{\"@id\":\"https:\/\/dicodusport.fr\/blog\/championnats-deurope-2025-karl-herzog-sacre-sur-la-course-en-ligne-juniors\/#primaryimage\"},\"thumbnailUrl\":\"https:\/\/dicodusport.fr\/blog\/wp-content\/uploads\/2025\/10\/Championnats-dEurope-2025-Karl-Herzog-sacre-sur-la-course-en-ligne-juniors-1.png\",\"datePublished\":\"2025-10-03T16:34:21+00:00\",\"dateModified\":\"2025-10-03T17:50:40+00:00\",\"description\":\"Karl Herzog s'impose en solitaire et\u00a0d\u00e9croche le titre de champion d\u2019Europe junior. Le coureur allemand devance l\u2019Italien Roberto Capello et l\u2019Irlandais David Gaffney.\",\"breadcrumb\":{\"@id\":\"https:\/\/dicodusport.fr\/blog\/championnats-deurope-2025-karl-herzog-sacre-sur-la-course-en-ligne-juniors\/#breadcrumb\"},\"inLanguage\":\"fr-FR\",\"potentialAction\":[{\"@type\":\"ReadAction\",\"target\":[\"https:\/\/dicodusport.fr\/blog\/championnats-deurope-2025-karl-herzog-sacre-sur-la-course-en-ligne-juniors\/\"]}]},{\"@type\":\"ImageObject\",\"inLanguage\":\"fr-FR\",\"@id\":\"https:\/\/dicodusport.fr\/blog\/championnats-deurope-2025-karl-herzog-sacre-sur-la-course-en-ligne-juniors\/#primaryimage\",\"url\":\"https:\/\/dicodusport.fr\/blog\/wp-content\/uploads\/2025\/10\/Championnats-dEurope-2025-Karl-Herzog-sacre-sur-la-course-en-ligne-juniors-1.png\",\"contentUrl\":\"https:\/\/dicodusport.fr\/blog\/wp-content\/uploads\/2025\/10\/Championnats-dEurope-2025-Karl-Herzog-sacre-sur-la-course-en-ligne-juniors-1.png\",\"width\":1200,\"height\":674,\"caption\":\"Championnats d'Europe 2025 Karl Herzog sacr\u00e9 sur la course en ligne juniors (1)\"},{\"@type\":\"BreadcrumbList\",\"@id\":\"https:\/\/dicodusport.fr\/blog\/championnats-deurope-2025-karl-herzog-sacre-sur-la-course-en-ligne-juniors\/#breadcrumb\",\"itemListElement\":[{\"@type\":\"ListItem\",\"position\":1,\"name\":\"Accueil\",\"item\":\"https:\/\/dicodusport.fr\/blog\/\"},{\"@type\":\"ListItem\",\"position\":2,\"name\":\"Championnats d&rsquo;Europe 2025 : Karl Herzog sacr\u00e9 sur la course en ligne juniors\"}]},{\"@type\":\"WebSite\",\"@id\":\"https:\/\/dicodusport.fr\/blog\/#website\",\"url\":\"https:\/\/dicodusport.fr\/blog\/\",\"name\":\"Dicodusport\",\"description\":\"L&#039;encyclop\u00e9die de l&#039;actualit\u00e9 sportive\",\"publisher\":{\"@id\":\"https:\/\/dicodusport.fr\/blog\/#organization\"},\"potentialAction\":[{\"@type\":\"SearchAction\",\"target\":{\"@type\":\"EntryPoint\",\"urlTemplate\":\"https:\/\/dicodusport.fr\/blog\/?s={search_term_string}\"},\"query-input\":{\"@type\":\"PropertyValueSpecification\",\"valueRequired\":true,\"valueName\":\"search_term_string\"}}],\"inLanguage\":\"fr-FR\"},{\"@type\":\"NewsMediaOrganization\",\"@id\":\"https:\/\/dicodusport.fr\/blog\/#organization\",\"name\":\"Dicodusport\",\"url\":\"https:\/\/dicodusport.fr\/blog\/\",\"logo\":{\"@type\":\"ImageObject\",\"inLanguage\":\"fr-FR\",\"@id\":\"https:\/\/dicodusport.fr\/blog\/#\/schema\/logo\/image\/\",\"url\":\"https:\/\/dicodusport.fr\/blog\/wp-content\/uploads\/2020\/06\/cropped-LOGO-DICODUSPORT-2020-SANS-FOND-SANS-TEXTE.png\",\"contentUrl\":\"https:\/\/dicodusport.fr\/blog\/wp-content\/uploads\/2020\/06\/cropped-LOGO-DICODUSPORT-2020-SANS-FOND-SANS-TEXTE.png\",\"width\":512,\"height\":512,\"caption\":\"Dicodusport\"},\"image\":{\"@id\":\"https:\/\/dicodusport.fr\/blog\/#\/schema\/logo\/image\/\"},\"sameAs\":[\"https:\/\/www.facebook.com\/dicodusport\",\"https:\/\/x.com\/dicodusport\",\"https:\/\/www.instagram.com\/dicodusport\/\",\"https:\/\/www.youtube.com\/channel\/UC7V2KZ5sd3htJivAbA4ZG3w\"],\"description\":\"Dicodusport est l'encyclop\u00e9die de l'actualit\u00e9 sportive.\",\"email\":\"bonjour@dicodusport.fr\",\"legalName\":\"DICODUSPORT\",\"foundingDate\":\"2018-01-14\",\"vatID\":\"FR71834470973\",\"taxID\":\"83447097300043\",\"numberOfEmployees\":{\"@type\":\"QuantitativeValue\",\"minValue\":\"1\",\"maxValue\":\"10\"}},{\"@type\":\"Person\",\"@id\":\"https:\/\/dicodusport.fr\/blog\/#\/schema\/person\/c0d35c220c4e79773da9e19a595ab67c\",\"name\":\"Th\u00e9o Gripon Auer\",\"image\":{\"@type\":\"ImageObject\",\"inLanguage\":\"fr-FR\",\"@id\":\"https:\/\/dicodusport.fr\/blog\/#\/schema\/person\/image\/\",\"url\":\"https:\/\/dicodusport.fr\/blog\/wp-content\/uploads\/2025\/02\/Maillot-Dicodusport-Theo-150x150.png\",\"contentUrl\":\"https:\/\/dicodusport.fr\/blog\/wp-content\/uploads\/2025\/02\/Maillot-Dicodusport-Theo-150x150.png\",\"caption\":\"Th\u00e9o Gripon Auer\"},\"description\":\"Partag\u00e9 entre la passion du sport et celle de l\u2019\u00e9criture, je f\u00e9d\u00e8re les deux au service de Dicodusport. Un poil frustr\u00e9 de ne pas avoir r\u00e9ussi \u00e0 devenir sportif pro, alors que je ne me suis jamais fait les crois\u00e9s, je partage tout de m\u00eame un point commun avec Tadej Pogacar, Cristiano Ronaldo et John McEnroe : celui de n\u2019avoir jamais \u00e9t\u00e9 champion olympique.\",\"url\":\"https:\/\/dicodusport.fr\/blog\/author\/theo-gripon-auer\/\"}]}<\/script>\n<!-- \/ Yoast SEO Premium plugin. -->","yoast_head_json":{"title":"Championnats d'Europe 2025 : Karl Herzog sacr\u00e9 sur la course en ligne juniors","description":"Karl Herzog s'impose en solitaire et\u00a0d\u00e9croche le titre de champion d\u2019Europe junior. Le coureur allemand devance l\u2019Italien Roberto Capello et l\u2019Irlandais David Gaffney.","robots":{"index":"index","follow":"follow","max-snippet":"max-snippet:-1","max-image-preview":"max-image-preview:large","max-video-preview":"max-video-preview:-1"},"canonical":"https:\/\/dicodusport.fr\/blog\/championnats-deurope-2025-karl-herzog-sacre-sur-la-course-en-ligne-juniors\/","og_locale":"fr_FR","og_type":"article","og_title":"Championnats d'Europe 2025 : Karl Herzog sacr\u00e9 sur la course en ligne juniors","og_description":"Karl Herzog s'impose en solitaire et\u00a0d\u00e9croche le titre de champion d\u2019Europe junior. Le coureur allemand devance l\u2019Italien Roberto Capello et l\u2019Irlandais David Gaffney.","og_url":"https:\/\/dicodusport.fr\/blog\/championnats-deurope-2025-karl-herzog-sacre-sur-la-course-en-ligne-juniors\/","og_site_name":"Dicodusport","article_publisher":"https:\/\/www.facebook.com\/dicodusport","article_published_time":"2025-10-03T16:34:21+00:00","article_modified_time":"2025-10-03T17:50:40+00:00","og_image":[{"width":1200,"height":674,"url":"https:\/\/dicodusport.fr\/blog\/wp-content\/uploads\/2025\/10\/Championnats-dEurope-2025-Karl-Herzog-sacre-sur-la-course-en-ligne-juniors-1.png","type":"image\/png"}],"author":"Th\u00e9o Gripon Auer","twitter_card":"summary_large_image","twitter_title":"Championnats d'Europe 2025 : Karl Herzog sacr\u00e9 sur la course en ligne juniors","twitter_creator":"@dicodusport","twitter_site":"@dicodusport","schema":{"@context":"https:\/\/schema.org","@graph":[{"@type":"NewsArticle","@id":"https:\/\/dicodusport.fr\/blog\/championnats-deurope-2025-karl-herzog-sacre-sur-la-course-en-ligne-juniors\/#article","isPartOf":{"@id":"https:\/\/dicodusport.fr\/blog\/championnats-deurope-2025-karl-herzog-sacre-sur-la-course-en-ligne-juniors\/"},"author":{"name":"Th\u00e9o Gripon Auer","@id":"https:\/\/dicodusport.fr\/blog\/#\/schema\/person\/c0d35c220c4e79773da9e19a595ab67c"},"headline":"Championnats d&rsquo;Europe 2025 : Karl Herzog sacr\u00e9 sur la course en ligne juniors","datePublished":"2025-10-03T16:34:21+00:00","dateModified":"2025-10-03T17:50:40+00:00","mainEntityOfPage":{"@id":"https:\/\/dicodusport.fr\/blog\/championnats-deurope-2025-karl-herzog-sacre-sur-la-course-en-ligne-juniors\/"},"wordCount":472,"commentCount":0,"publisher":{"@id":"https:\/\/dicodusport.fr\/blog\/#organization"},"image":{"@id":"https:\/\/dicodusport.fr\/blog\/championnats-deurope-2025-karl-herzog-sacre-sur-la-course-en-ligne-juniors\/#primaryimage"},"thumbnailUrl":"https:\/\/dicodusport.fr\/blog\/wp-content\/uploads\/2025\/10\/Championnats-dEurope-2025-Karl-Herzog-sacre-sur-la-course-en-ligne-juniors-1.png","keywords":["br\u00e8ve","Championnats d'Europe de cyclisme sur route","Cyclisme","Cyclisme sur route"],"articleSection":["Cyclisme sur route"],"inLanguage":"fr-FR","potentialAction":[{"@type":"CommentAction","name":"Comment","target":["https:\/\/dicodusport.fr\/blog\/championnats-deurope-2025-karl-herzog-sacre-sur-la-course-en-ligne-juniors\/#respond"]}],"copyrightYear":"2025","copyrightHolder":{"@id":"https:\/\/dicodusport.fr\/blog\/#organization"}},{"@type":"WebPage","@id":"https:\/\/dicodusport.fr\/blog\/championnats-deurope-2025-karl-herzog-sacre-sur-la-course-en-ligne-juniors\/","url":"https:\/\/dicodusport.fr\/blog\/championnats-deurope-2025-karl-herzog-sacre-sur-la-course-en-ligne-juniors\/","name":"Championnats d'Europe 2025 : Karl Herzog sacr\u00e9 sur la course en ligne juniors","isPartOf":{"@id":"https:\/\/dicodusport.fr\/blog\/#website"},"primaryImageOfPage":{"@id":"https:\/\/dicodusport.fr\/blog\/championnats-deurope-2025-karl-herzog-sacre-sur-la-course-en-ligne-juniors\/#primaryimage"},"image":{"@id":"https:\/\/dicodusport.fr\/blog\/championnats-deurope-2025-karl-herzog-sacre-sur-la-course-en-ligne-juniors\/#primaryimage"},"thumbnailUrl":"https:\/\/dicodusport.fr\/blog\/wp-content\/uploads\/2025\/10\/Championnats-dEurope-2025-Karl-Herzog-sacre-sur-la-course-en-ligne-juniors-1.png","datePublished":"2025-10-03T16:34:21+00:00","dateModified":"2025-10-03T17:50:40+00:00","description":"Karl Herzog s'impose en solitaire et\u00a0d\u00e9croche le titre de champion d\u2019Europe junior. Le coureur allemand devance l\u2019Italien Roberto Capello et l\u2019Irlandais David Gaffney.","breadcrumb":{"@id":"https:\/\/dicodusport.fr\/blog\/championnats-deurope-2025-karl-herzog-sacre-sur-la-course-en-ligne-juniors\/#breadcrumb"},"inLanguage":"fr-FR","potentialAction":[{"@type":"ReadAction","target":["https:\/\/dicodusport.fr\/blog\/championnats-deurope-2025-karl-herzog-sacre-sur-la-course-en-ligne-juniors\/"]}]},{"@type":"ImageObject","inLanguage":"fr-FR","@id":"https:\/\/dicodusport.fr\/blog\/championnats-deurope-2025-karl-herzog-sacre-sur-la-course-en-ligne-juniors\/#primaryimage","url":"https:\/\/dicodusport.fr\/blog\/wp-content\/uploads\/2025\/10\/Championnats-dEurope-2025-Karl-Herzog-sacre-sur-la-course-en-ligne-juniors-1.png","contentUrl":"https:\/\/dicodusport.fr\/blog\/wp-content\/uploads\/2025\/10\/Championnats-dEurope-2025-Karl-Herzog-sacre-sur-la-course-en-ligne-juniors-1.png","width":1200,"height":674,"caption":"Championnats d'Europe 2025 Karl Herzog sacr\u00e9 sur la course en ligne juniors (1)"},{"@type":"BreadcrumbList","@id":"https:\/\/dicodusport.fr\/blog\/championnats-deurope-2025-karl-herzog-sacre-sur-la-course-en-ligne-juniors\/#breadcrumb","itemListElement":[{"@type":"ListItem","position":1,"name":"Accueil","item":"https:\/\/dicodusport.fr\/blog\/"},{"@type":"ListItem","position":2,"name":"Championnats d&rsquo;Europe 2025 : Karl Herzog sacr\u00e9 sur la course en ligne juniors"}]},{"@type":"WebSite","@id":"https:\/\/dicodusport.fr\/blog\/#website","url":"https:\/\/dicodusport.fr\/blog\/","name":"Dicodusport","description":"L&#039;encyclop\u00e9die de l&#039;actualit\u00e9 sportive","publisher":{"@id":"https:\/\/dicodusport.fr\/blog\/#organization"},"potentialAction":[{"@type":"SearchAction","target":{"@type":"EntryPoint","urlTemplate":"https:\/\/dicodusport.fr\/blog\/?s={search_term_string}"},"query-input":{"@type":"PropertyValueSpecification","valueRequired":true,"valueName":"search_term_string"}}],"inLanguage":"fr-FR"},{"@type":"NewsMediaOrganization","@id":"https:\/\/dicodusport.fr\/blog\/#organization","name":"Dicodusport","url":"https:\/\/dicodusport.fr\/blog\/","logo":{"@type":"ImageObject","inLanguage":"fr-FR","@id":"https:\/\/dicodusport.fr\/blog\/#\/schema\/logo\/image\/","url":"https:\/\/dicodusport.fr\/blog\/wp-content\/uploads\/2020\/06\/cropped-LOGO-DICODUSPORT-2020-SANS-FOND-SANS-TEXTE.png","contentUrl":"https:\/\/dicodusport.fr\/blog\/wp-content\/uploads\/2020\/06\/cropped-LOGO-DICODUSPORT-2020-SANS-FOND-SANS-TEXTE.png","width":512,"height":512,"caption":"Dicodusport"},"image":{"@id":"https:\/\/dicodusport.fr\/blog\/#\/schema\/logo\/image\/"},"sameAs":["https:\/\/www.facebook.com\/dicodusport","https:\/\/x.com\/dicodusport","https:\/\/www.instagram.com\/dicodusport\/","https:\/\/www.youtube.com\/channel\/UC7V2KZ5sd3htJivAbA4ZG3w"],"description":"Dicodusport est l'encyclop\u00e9die de l'actualit\u00e9 sportive.","email":"bonjour@dicodusport.fr","legalName":"DICODUSPORT","foundingDate":"2018-01-14","vatID":"FR71834470973","taxID":"83447097300043","numberOfEmployees":{"@type":"QuantitativeValue","minValue":"1","maxValue":"10"}},{"@type":"Person","@id":"https:\/\/dicodusport.fr\/blog\/#\/schema\/person\/c0d35c220c4e79773da9e19a595ab67c","name":"Th\u00e9o Gripon Auer","image":{"@type":"ImageObject","inLanguage":"fr-FR","@id":"https:\/\/dicodusport.fr\/blog\/#\/schema\/person\/image\/","url":"https:\/\/dicodusport.fr\/blog\/wp-content\/uploads\/2025\/02\/Maillot-Dicodusport-Theo-150x150.png","contentUrl":"https:\/\/dicodusport.fr\/blog\/wp-content\/uploads\/2025\/02\/Maillot-Dicodusport-Theo-150x150.png","caption":"Th\u00e9o Gripon Auer"},"description":"Partag\u00e9 entre la passion du sport et celle de l\u2019\u00e9criture, je f\u00e9d\u00e8re les deux au service de Dicodusport. Un poil frustr\u00e9 de ne pas avoir r\u00e9ussi \u00e0 devenir sportif pro, alors que je ne me suis jamais fait les crois\u00e9s, je partage tout de m\u00eame un point commun avec Tadej Pogacar, Cristiano Ronaldo et John McEnroe : celui de n\u2019avoir jamais \u00e9t\u00e9 champion olympique.","url":"https:\/\/dicodusport.fr\/blog\/author\/theo-gripon-auer\/"}]}},"_links":{"self":[{"href":"https:\/\/dicodusport.fr\/blog\/wp-json\/wp\/v2\/posts\/616321","targetHints":{"allow":["GET"]}}],"collection":[{"href":"https:\/\/dicodusport.fr\/blog\/wp-json\/wp\/v2\/posts"}],"about":[{"href":"https:\/\/dicodusport.fr\/blog\/wp-json\/wp\/v2\/types\/post"}],"author":[{"embeddable":true,"href":"https:\/\/dicodusport.fr\/blog\/wp-json\/wp\/v2\/users\/107"}],"replies":[{"embeddable":true,"href":"https:\/\/dicodusport.fr\/blog\/wp-json\/wp\/v2\/comments?post=616321"}],"version-history":[{"count":5,"href":"https:\/\/dicodusport.fr\/blog\/wp-json\/wp\/v2\/posts\/616321\/revisions"}],"predecessor-version":[{"id":616367,"href":"https:\/\/dicodusport.fr\/blog\/wp-json\/wp\/v2\/posts\/616321\/revisions\/616367"}],"wp:featuredmedia":[{"embeddable":true,"href":"https:\/\/dicodusport.fr\/blog\/wp-json\/wp\/v2\/media\/616392"}],"wp:attachment":[{"href":"https:\/\/dicodusport.fr\/blog\/wp-json\/wp\/v2\/media?parent=616321"}],"wp:term":[{"taxonomy":"category","embeddable":true,"href":"https:\/\/dicodusport.fr\/blog\/wp-json\/wp\/v2\/categories?post=616321"},{"taxonomy":"post_tag","embeddable":true,"href":"https:\/\/dicodusport.fr\/blog\/wp-json\/wp\/v2\/tags?post=616321"}],"curies":[{"name":"wp","href":"https:\/\/api.w.org\/{rel}","templated":true}]}}