{"id":616413,"date":"2025-10-04T12:21:12","date_gmt":"2025-10-04T10:21:12","guid":{"rendered":"https:\/\/dicodusport.fr\/blog\/?p=616413&#038;preview=true&#038;preview_id=616413"},"modified":"2025-10-04T12:21:40","modified_gmt":"2025-10-04T10:21:40","slug":"championnat-deurope-2025-resultats-et-classement-course-en-ligne-u23-hommes","status":"publish","type":"post","link":"https:\/\/dicodusport.fr\/blog\/championnat-deurope-2025-resultats-et-classement-course-en-ligne-u23-hommes\/","title":{"rendered":"Championnat d&rsquo;Europe 2025 : R\u00e9sultats et classement course en ligne U23 hommes"},"content":{"rendered":"<p style=\"text-align: justify;\"><em><strong>Retrouvez les r\u00e9sultats complets et le classement de la course en ligne U23 hommes des Championnats d&rsquo;Europe de cyclisme sur route 2025 en Dr\u00f4me-Ard\u00e8che, qui s&rsquo;est d\u00e9roul\u00e9 ce samedi 4 octobre 2025.<\/strong><\/em><\/p>\n<ul>\n<li style=\"text-align: justify;\"><strong>\u00c0 ce sujet \u2013\u00a0<a href=\"https:\/\/dicodusport.fr\/blog\/cyclisme-championnats-deurope-2025-programme-horaires-et-resultats\/\">Cyclisme Championnats d\u2019Europe 2025 : Programme, horaires et r\u00e9sultats<\/a><\/strong><\/li>\n<\/ul>\n<p style=\"text-align: justify;\">Les <strong>Championnats d\u2019Europe de cyclisme sur route 2025<\/strong> se d\u00e9roulent cette ann\u00e9e en Ard\u00e8che et Dr\u00f4me, et la course en ligne des espoirs hommes constituera l\u2019un des grands rendez-vous du week-end. Pr\u00e9vue ce <strong>samedi 4 octobre<\/strong>, elle s\u2019\u00e9lancera d\u00e8s <strong>9h00<\/strong> depuis <strong>Guilherand-Granges<\/strong> pour un trac\u00e9 exigeant de <strong>121,1 km<\/strong> et pr\u00e8s de <strong>2 500 m\u00e8tres de d\u00e9nivel\u00e9 positif<\/strong>.<\/p>\n<h2>Parcours et favoris du jour<\/h2>\n<p style=\"text-align: justify;\">Le parcours mettra \u00e0 l\u2019\u00e9preuve les jeunes coureurs avec une succession de difficult\u00e9s typiques du relief ard\u00e9chois. Apr\u00e8s un d\u00e9part rapide, le peloton sera confront\u00e9 aux premi\u00e8res bosses avant d\u2019aborder les circuits autour de <strong>Guilherand-Granges<\/strong>, qui serviront de juge de paix. Le redoutable <strong>Val d\u2019Enfer<\/strong> sera l\u2019une des ascensions cl\u00e9s, avec ses pourcentages s\u00e9v\u00e8res capables de faire exploser le groupe. Les tours finaux, techniques et usants, devraient favoriser les puncheurs-grimpeurs au d\u00e9triment des purs sprinteurs.<\/p>\n<p style=\"text-align: justify;\">Comme souvent dans cette cat\u00e9gorie, la course promet d\u2019\u00eatre anim\u00e9e et ind\u00e9cise, avec de jeunes talents pr\u00eats \u00e0 saisir l\u2019opportunit\u00e9 de d\u00e9crocher un titre europ\u00e9en. Le vainqueur repartira avec le maillot \u00e9toil\u00e9 U23, souvent tremplin vers une carri\u00e8re professionnelle de premier plan.<\/p>\n<p style=\"text-align: justify;\">Parmi les favoris du jour, on retrouve le Fran\u00e7ais <strong>Maxime Decombl<\/strong>e, mais aussi et surtout l&rsquo;Italien <strong>Lorenzo Finn<\/strong>, <a href=\"https:\/\/dicodusport.fr\/blog\/litalien-lorenzo-finn-champion-du-monde-u23-de-la-course-en-ligne-a-kigali-victor-loulergue-7eme\/\">champion du monde U23 \u00e0 Kigali<\/a>, ainsi que le Belge <strong>Jarno Widar<\/strong>, qui a soif de revanche apr\u00e8s des Mondiaux rat\u00e9s.<\/p>\n<p style=\"text-align: justify;\"><strong>Arriv\u00e9e de la derni\u00e8re coureuse pr\u00e9vue sur les coups de 12h00. Retrouvez les r\u00e9sultats complets et le classement de la course en ligne espoirs hommes des championnats d&rsquo;Europe 2025 ci-dessous.\u00a0<\/strong><\/p>\n<ul>\n<li style=\"text-align: justify;\"><strong>\u00c0 ce sujet \u2013\u00a0<a href=\"https:\/\/dicodusport.fr\/blog\/tableau-des-medailles-cyclisme-championnats-deurope-2025-mis-a-jour\/\">Tableau des m\u00e9dailles Cyclisme Championnats d\u2019Europe 2025 mis \u00e0 jour<\/a><\/strong><\/li>\n<\/ul>\n<h2 style=\"text-align: justify;\">Championnats d&rsquo;Europe Course en ligne U23 hommes 2025 &#8211; Classement et r\u00e9sultats<\/h2>\n<p style=\"text-align: justify;\"><span style=\"font-size: 14px;\"><strong><em>Classement officiel mis \u00e0 jour \u00e0 l&rsquo;issue de la course.<\/em><\/strong><\/span><\/p>\n<div class=\"su-table su-table-alternate\">\n<table style=\"width: 800px;border-collapse: collapse\" border=\"1\">\n<tbody>\n<tr style=\"height: 24px\">\n<td style=\"border-color: #ebebeb;height: 24px;text-align: center;width: 80px;vertical-align: middle\">\ud83c\udfc6<\/td>\n<td style=\"border-color: #ebebeb;height: 24px;text-align: center;width: 500px;vertical-align: middle\"><span style=\"font-size: 0.9em\"><strong>COUREURS<\/strong><\/span><\/td>\n<td style=\"border-color: #ebebeb;height: 24px;text-align: center;width: 220px;vertical-align: middle\"><span style=\"font-size: 0.9em\"><strong>TEMPS \/ \u00c9CART<\/strong><\/span><\/td>\n<\/tr>\n<tr style=\"height: 24px\">\n<td style=\"border-color: #ebebeb;height: 24px;text-align: center;width: 80px;vertical-align: middle\"><strong><span class=\"su-label su-label-type-warning\">1.<\/span><\/strong><\/td>\n<td style=\"border-color: #ebebeb;text-align: center;width: 500px;vertical-align: middle\"><span style=\"font-size: 0.9em\"><strong>\ud83c\udde7\ud83c\uddea JARNO WIDAR<\/strong><\/span><\/td>\n<td style=\"border-color: #ebebeb;text-align: center;width: 220px;vertical-align: middle\"><strong><span style=\"font-size: 0.9em\">3h11m58s<\/span><\/strong><\/td>\n<\/tr>\n<tr>\n<td style=\"border-color: #ebebeb;text-align: center;width: 80px;vertical-align: middle\"><strong><span class=\"su-label su-label-type-default\">2.<\/span><\/strong><\/td>\n<td style=\"border-color: #ebebeb;text-align: center;width: 500px;vertical-align: middle\"><span style=\"font-size: 0.9em\"><strong>\ud83c\uddeb\ud83c\uddf7 MAXIME DECOMBLE<\/strong><\/span><\/td>\n<td style=\"border-color: #ebebeb;text-align: center;width: 220px;vertical-align: middle\"><span style=\"font-size: 0.9em\"><strong>\u00e0 14s<\/strong><\/span><\/td>\n<\/tr>\n<tr>\n<td style=\"border-color: #ebebeb;text-align: center;width: 80px;vertical-align: middle\"><strong><span class=\"su-label su-label-type-important\">3.<\/span><\/strong><\/td>\n<td style=\"border-color: #ebebeb;text-align: center;width: 500px;vertical-align: middle\"><span style=\"font-size: 0.9em\"><strong>\ud83c\uddea\ud83c\uddf8 H\u00c9CTOR \u00c1LVAREZ<\/strong><\/span><\/td>\n<td style=\"border-color: #ebebeb;text-align: center;width: 220px;vertical-align: middle\"><span style=\"font-size: 0.9em\"><strong>\u00e0 46s<\/strong><\/span><\/td>\n<\/tr>\n<tr>\n<td style=\"border-color: #ebebeb;text-align: center;width: 80px;vertical-align: middle\"><span style=\"font-size: 0.9em\">4.<\/span><\/td>\n<td style=\"border-color: #ebebeb;text-align: center;width: 500px;vertical-align: middle\"><span style=\"font-size: 0.9em\"><strong>\ud83c\uddee\ud83c\uddf9 SIMONE GUALDI<\/strong><\/span><\/td>\n<td style=\"border-color: #ebebeb;text-align: center;width: 220px;vertical-align: middle\"><span style=\"font-size: 0.9em\"><strong>\u00e0 46s<\/strong><\/span><\/td>\n<\/tr>\n<tr>\n<td style=\"border-color: #ebebeb;text-align: center;width: 80px;vertical-align: middle\"><span style=\"font-size: 0.9em\">5.<\/span><\/td>\n<td style=\"border-color: #ebebeb;text-align: center;width: 500px;vertical-align: middle\"><span style=\"font-size: 0.9em\"><strong>\ud83c\uddf3\ud83c\uddf1 SENNA REMIJN<\/strong><\/span><\/td>\n<td style=\"border-color: #ebebeb;text-align: center;width: 220px;vertical-align: middle\"><span style=\"font-size: 0.9em\"><strong>\u00e0 46s<\/strong><\/span><\/td>\n<\/tr>\n<tr>\n<td style=\"border-color: #ebebeb;text-align: center;width: 80px;vertical-align: middle\"><span style=\"font-size: 0.9em\">6.<\/span><\/td>\n<td style=\"border-color: #ebebeb;text-align: center;width: 500px;vertical-align: middle\"><span style=\"font-size: 0.9em\"><strong>\ud83c\uddeb\ud83c\uddf7 VICTOR LOULERGUE<\/strong><\/span><\/td>\n<td style=\"border-color: #ebebeb;text-align: center;width: 220px;vertical-align: middle\"><span style=\"font-size: 0.9em\"><strong>\u00e0 46s<\/strong><\/span><\/td>\n<\/tr>\n<tr>\n<td style=\"border-color: #ebebeb;text-align: center;width: 80px;vertical-align: middle\"><span style=\"font-size: 0.9em\">7.<\/span><\/td>\n<td style=\"border-color: #ebebeb;text-align: center;width: 500px;vertical-align: middle\"><span style=\"font-size: 0.9em\"><strong>\ud83c\uddf3\ud83c\uddf1 JURGEN ZOMERMAAND<\/strong><\/span><\/td>\n<td style=\"border-color: #ebebeb;text-align: center;width: 220px;vertical-align: middle\"><span style=\"font-size: 0.9em\"><strong>\u00e0 46s<\/strong><\/span><\/td>\n<\/tr>\n<tr>\n<td style=\"border-color: #ebebeb;text-align: center;width: 80px;vertical-align: middle\"><span style=\"font-size: 0.9em\">8.<\/span><\/td>\n<td style=\"border-color: #ebebeb;text-align: center;width: 500px;vertical-align: middle\"><span style=\"font-size: 0.9em\"><strong>\ud83c\uddf5\ud83c\uddf9 LUCAS LOPES<\/strong><\/span><\/td>\n<td style=\"border-color: #ebebeb;text-align: center;width: 220px;vertical-align: middle\"><span style=\"font-size: 0.9em\"><strong>\u00e0 46s<\/strong><\/span><\/td>\n<\/tr>\n<tr>\n<td style=\"border-color: #ebebeb;text-align: center;width: 80px;vertical-align: middle\"><span style=\"font-size: 0.9em\">9.<\/span><\/td>\n<td style=\"border-color: #ebebeb;text-align: center;width: 500px;vertical-align: middle\"><span style=\"font-size: 0.9em\"><strong>\ud83c\udde9\ud83c\uddea MAX BOCK<\/strong><\/span><\/td>\n<td style=\"border-color: #ebebeb;text-align: center;width: 220px;vertical-align: middle\"><span style=\"font-size: 0.9em\"><strong>\u00e0 46s<\/strong><\/span><\/td>\n<\/tr>\n<tr>\n<td style=\"border-color: #ebebeb;text-align: center;width: 80px;vertical-align: middle\"><span style=\"font-size: 0.9em\">10.<\/span><\/td>\n<td style=\"border-color: #ebebeb;text-align: center;width: 500px;vertical-align: middle\"><span style=\"font-size: 0.9em\"><strong>\ud83c\uddee\ud83c\uddf9 LORENZO FINN<\/strong><\/span><\/td>\n<td style=\"border-color: #ebebeb;text-align: center;width: 220px;vertical-align: middle\"><span style=\"font-size: 0.9em\"><strong>\u00e0 52s<\/strong><\/span><\/td>\n<\/tr>\n<tr>\n<td style=\"border-color: #ebebeb;text-align: center;width: 80px;vertical-align: middle\"><span style=\"font-size: 0.9em\">11.<\/span><\/td>\n<td style=\"border-color: #ebebeb;text-align: center;width: 500px;vertical-align: middle\"><span style=\"font-size: 0.9em\"><strong>\ud83c\udde8\ud83c\udded JAN HUBER<\/strong><\/span><\/td>\n<td style=\"border-color: #ebebeb;text-align: center;width: 220px;vertical-align: middle\"><span style=\"font-size: 0.9em\"><strong>\u00e0 1m01s<\/strong><\/span><\/td>\n<\/tr>\n<tr>\n<td style=\"border-color: #ebebeb;text-align: center;width: 80px;vertical-align: middle\"><span style=\"font-size: 0.9em\">12.<\/span><\/td>\n<td style=\"border-color: #ebebeb;text-align: center;width: 500px;vertical-align: middle\"><span style=\"font-size: 0.9em\"><strong>\ud83c\udde8\ud83c\uddfe BOGDAN ZABELINSKIY<\/strong><\/span><\/td>\n<td style=\"border-color: #ebebeb;text-align: center;width: 220px;vertical-align: middle\"><span style=\"font-size: 0.9em\"><strong>\u00e0 1m01s<\/strong><\/span><\/td>\n<\/tr>\n<tr>\n<td style=\"border-color: #ebebeb;text-align: center;width: 80px;vertical-align: middle\"><span style=\"font-size: 0.9em\">13.<\/span><\/td>\n<td style=\"border-color: #ebebeb;text-align: center;width: 500px;vertical-align: middle\"><span style=\"font-size: 0.9em\"><strong>\ud83c\uddf1\ud83c\uddfa ARNO WALLENBORN<\/strong><\/span><\/td>\n<td style=\"border-color: #ebebeb;text-align: center;width: 220px;vertical-align: middle\"><span style=\"font-size: 0.9em\"><strong>\u00e0 1m05s<\/strong><\/span><\/td>\n<\/tr>\n<tr>\n<td style=\"border-color: #ebebeb;text-align: center;width: 80px;vertical-align: middle\"><span style=\"font-size: 0.9em\">14.<\/span><\/td>\n<td style=\"border-color: #ebebeb;text-align: center;width: 500px;vertical-align: middle\"><span style=\"font-size: 0.9em\"><strong>\ud83c\uddeb\ud83c\uddf7 ARTHUR BLAISE<\/strong><\/span><\/td>\n<td style=\"border-color: #ebebeb;text-align: center;width: 220px;vertical-align: middle\"><span style=\"font-size: 0.9em\"><strong>\u00e0 1m05s<\/strong><\/span><\/td>\n<\/tr>\n<tr>\n<td style=\"border-color: #ebebeb;text-align: center;width: 80px;vertical-align: middle\"><span style=\"font-size: 0.9em\">15.<\/span><\/td>\n<td style=\"border-color: #ebebeb;text-align: center;width: 500px;vertical-align: middle\"><span style=\"font-size: 0.9em\"><strong>\ud83c\uddee\ud83c\uddea LIAM O&rsquo;BRIEN<\/strong><\/span><\/td>\n<td style=\"border-color: #ebebeb;text-align: center;width: 220px;vertical-align: middle\"><span style=\"font-size: 0.9em\"><strong>\u00e0 1m09s<\/strong><\/span><\/td>\n<\/tr>\n<tr>\n<td style=\"border-color: #ebebeb;text-align: center;width: 80px;vertical-align: middle\"><span style=\"font-size: 0.9em\">16.<\/span><\/td>\n<td style=\"border-color: #ebebeb;text-align: center;width: 500px;vertical-align: middle\"><span style=\"font-size: 0.9em\"><strong>\ud83c\uddea\ud83c\uddf8 ADRI\u00c0 PERICAS<\/strong><\/span><\/td>\n<td style=\"border-color: #ebebeb;text-align: center;width: 220px;vertical-align: middle\"><span style=\"font-size: 0.9em\"><strong>\u00e0 1m09s<\/strong><\/span><\/td>\n<\/tr>\n<tr>\n<td style=\"border-color: #ebebeb;text-align: center;width: 80px;vertical-align: middle\"><span style=\"font-size: 0.9em\">17.<\/span><\/td>\n<td style=\"border-color: #ebebeb;text-align: center;width: 500px;vertical-align: middle\"><span style=\"font-size: 0.9em\"><strong>\ud83c\uddf5\ud83c\uddf1 PATRYK GOSZCZURNY<\/strong><\/span><\/td>\n<td style=\"border-color: #ebebeb;text-align: center;width: 220px;vertical-align: middle\"><span style=\"font-size: 0.9em\"><strong>\u00e0 1m23s<\/strong><\/span><\/td>\n<\/tr>\n<tr>\n<td style=\"border-color: #ebebeb;text-align: center;width: 80px;vertical-align: middle\"><span style=\"font-size: 0.9em\">18.<\/span><\/td>\n<td style=\"border-color: #ebebeb;text-align: center;width: 500px;vertical-align: middle\"><span style=\"font-size: 0.9em\"><strong>\ud83c\udde7\ud83c\uddea MATTEO VANHUFFEL<\/strong><\/span><\/td>\n<td style=\"border-color: #ebebeb;text-align: center;width: 220px;vertical-align: middle\"><span style=\"font-size: 0.9em\"><strong>\u00e0 1m28s<\/strong><\/span><\/td>\n<\/tr>\n<tr>\n<td style=\"border-color: #ebebeb;text-align: center;width: 80px;vertical-align: middle\"><span style=\"font-size: 0.9em\">19.<\/span><\/td>\n<td style=\"border-color: #ebebeb;text-align: center;width: 500px;vertical-align: middle\"><span style=\"font-size: 0.9em\"><strong>\ud83c\uddf3\ud83c\uddf1 DAVID HAVERDINGS<\/strong><\/span><\/td>\n<td style=\"border-color: #ebebeb;text-align: center;width: 220px;vertical-align: middle\"><span style=\"font-size: 0.9em\"><strong>\u00e0 1m42s<\/strong><\/span><\/td>\n<\/tr>\n<tr>\n<td style=\"border-color: #ebebeb;text-align: center;width: 80px;vertical-align: middle\"><span style=\"font-size: 0.9em\">20.<\/span><\/td>\n<td style=\"border-color: #ebebeb;text-align: center;width: 500px;vertical-align: middle\"><span style=\"font-size: 0.9em\"><strong>\ud83c\udde7\ud83c\uddea MATISSE VAN KERCKHOVE<\/strong><\/span><\/td>\n<td style=\"border-color: #ebebeb;text-align: center;width: 220px;vertical-align: middle\"><span style=\"font-size: 0.9em\"><strong>\u00e0 1m42s<\/strong><\/span><\/td>\n<\/tr>\n<\/tbody>\n<\/table>\n<\/div>\n<ul>\n<li style=\"text-align: justify;\"><a href=\"https:\/\/www.procyclingstats.com\/race\/european-championships-mu\/2025\/result\"><strong>Le classement complet de la course<\/strong><\/a><\/li>\n<\/ul>\n<h3 style=\"text-align: justify;\">\u00c0 lire aussi<\/h3>\n<div class=\"vlp-link-container vlp-layout-article\"><a href=\"https:\/\/dicodusport.fr\/blog\/chaine-tv-championnats-deurope-2025-ou-suivre-les-courses\/\" class=\"vlp-link\" title=\"Cha\u00eene TV Championnats d&#039;Europe 2025 : O\u00f9 suivre les courses ?\"><\/a><div class=\"vlp-layout-zone-side\"><div class=\"vlp-block-4 vlp-link-image\"><img loading=\"lazy\" decoding=\"async\" style=\"max-width: 792px;\" width=\"792\" height=\"445\" src=\"https:\/\/dicodusport.fr\/blog\/wp-content\/uploads\/2025\/09\/Chaine-TV-Championnats-dEurope-2025-Ou-suivre-les-courses-.png\" class=\"attachment-800x445 size-800x445\" alt=\"Cha\u00eene TV Championnats d&#039;Europe 2025 O\u00f9 suivre les courses\" srcset=\"https:\/\/dicodusport.fr\/blog\/wp-content\/uploads\/2025\/09\/Chaine-TV-Championnats-dEurope-2025-Ou-suivre-les-courses-.png 1200w, https:\/\/dicodusport.fr\/blog\/wp-content\/uploads\/2025\/09\/Chaine-TV-Championnats-dEurope-2025-Ou-suivre-les-courses--300x169.png 300w, https:\/\/dicodusport.fr\/blog\/wp-content\/uploads\/2025\/09\/Chaine-TV-Championnats-dEurope-2025-Ou-suivre-les-courses--1024x575.png 1024w, https:\/\/dicodusport.fr\/blog\/wp-content\/uploads\/2025\/09\/Chaine-TV-Championnats-dEurope-2025-Ou-suivre-les-courses--768x431.png 768w\" sizes=\"auto, (max-width: 792px) 100vw, 792px\" \/><\/div><\/div><div class=\"vlp-layout-zone-main\"><div class=\"vlp-block-0 vlp-link-title\">Cha\u00eene TV Championnats d'Europe 2025 : O\u00f9 suivre les courses ?<\/div><div class=\"vlp-block-1 vlp-link-summary\">Suivez les Championnats d\u2019Europe de cyclisme 2025 en Dr\u00f4me-Ard\u00e8che : programme TV complet, horaires et cha\u00eenes pour ne rien manquer des courses.<\/div><div class=\"vlp-block-2 vlp-link-button\">Lire l'article<\/div><div class=\"vlp-block-3 vlp-link-url\">dicodusport.fr<\/div><\/div><\/div>\n","protected":false},"excerpt":{"rendered":"<p>Retrouvez les r\u00e9sultats complets et le classement de la course en ligne U23 hommes des Championnats d&rsquo;Europe de cyclisme sur route 2025 en Dr\u00f4me-Ard\u00e8che, qui s&rsquo;est d\u00e9roul\u00e9 ce samedi 4 octobre 2025.<\/p>\n","protected":false},"author":4,"featured_media":616415,"comment_status":"open","ping_status":"closed","sticky":false,"template":"","format":"standard","meta":{"_acf_changed":false,"_daextam_enable_autolinks":"1","footnotes":""},"categories":[46994],"tags":[16878,23805,574,11197],"class_list":["post-616413","post","type-post","status-publish","format-standard","has-post-thumbnail","hentry","category-cyclisme-sur-route","tag-breve","tag-championnats-deurope-de-cyclisme-sur-route","tag-cyclisme","tag-cyclisme-sur-route"],"acf":[],"yoast_head":"<!-- This site is optimized with the Yoast SEO Premium plugin v26.7 (Yoast SEO v26.7) - https:\/\/yoast.com\/wordpress\/plugins\/seo\/ -->\n<title>Championnat d&#039;Europe 2025 : R\u00e9sultats et classement course en ligne U23 hommes<\/title>\n<meta name=\"description\" content=\"Retrouvez les r\u00e9sultats complets et le classement de la course en ligne U23 hommes des Championnats d&#039;Europe de cyclisme sur route 2025 en Dr\u00f4me-Ard\u00e8che, qui s&#039;est d\u00e9roul\u00e9 ce samedi 4 octobre 2025.\" \/>\n<meta name=\"robots\" content=\"index, follow, max-snippet:-1, max-image-preview:large, max-video-preview:-1\" \/>\n<link rel=\"canonical\" href=\"https:\/\/dicodusport.fr\/blog\/championnat-deurope-2025-resultats-et-classement-course-en-ligne-u23-hommes\/\" \/>\n<meta property=\"og:locale\" content=\"fr_FR\" \/>\n<meta property=\"og:type\" content=\"article\" \/>\n<meta property=\"og:title\" content=\"Qui est le champion d&#039;Europe 2025 de la course en ligne U23 ? Classement et r\u00e9sultats\" \/>\n<meta property=\"og:description\" content=\"Retrouvez les r\u00e9sultats complets et le classement de la course en ligne U23 hommes des Championnats d&#039;Europe de cyclisme sur route 2025 en Dr\u00f4me-Ard\u00e8che, qui s&#039;est d\u00e9roul\u00e9 ce samedi 4 octobre 2025.\" \/>\n<meta property=\"og:url\" content=\"https:\/\/dicodusport.fr\/blog\/championnat-deurope-2025-resultats-et-classement-course-en-ligne-u23-hommes\/\" \/>\n<meta property=\"og:site_name\" content=\"Dicodusport\" \/>\n<meta property=\"article:publisher\" content=\"https:\/\/www.facebook.com\/dicodusport\" \/>\n<meta property=\"article:author\" content=\"https:\/\/www.facebook.com\/florent.ostermann\" \/>\n<meta property=\"article:published_time\" content=\"2025-10-04T10:21:12+00:00\" \/>\n<meta property=\"article:modified_time\" content=\"2025-10-04T10:21:40+00:00\" \/>\n<meta property=\"og:image\" content=\"https:\/\/dicodusport.fr\/blog\/wp-content\/uploads\/2025\/10\/Championnat-dEurope-2025-Resultats-et-classement-course-en-ligne-U23-hommes.png\" \/>\n\t<meta property=\"og:image:width\" content=\"1200\" \/>\n\t<meta property=\"og:image:height\" content=\"674\" \/>\n\t<meta property=\"og:image:type\" content=\"image\/png\" \/>\n<meta name=\"author\" content=\"Flo Ostermann\" \/>\n<meta name=\"twitter:card\" content=\"summary_large_image\" \/>\n<meta name=\"twitter:title\" content=\"Qui est le champion d&#039;Europe 2025 de la course en ligne U23 ? Classement et r\u00e9sultats\" \/>\n<meta name=\"twitter:creator\" content=\"@https:\/\/twitter.com\/FlOstermann\" \/>\n<meta name=\"twitter:site\" content=\"@dicodusport\" \/>\n<script type=\"application\/ld+json\" class=\"yoast-schema-graph\">{\"@context\":\"https:\/\/schema.org\",\"@graph\":[{\"@type\":\"NewsArticle\",\"@id\":\"https:\/\/dicodusport.fr\/blog\/championnat-deurope-2025-resultats-et-classement-course-en-ligne-u23-hommes\/#article\",\"isPartOf\":{\"@id\":\"https:\/\/dicodusport.fr\/blog\/championnat-deurope-2025-resultats-et-classement-course-en-ligne-u23-hommes\/\"},\"author\":{\"name\":\"Flo Ostermann\",\"@id\":\"https:\/\/dicodusport.fr\/blog\/#\/schema\/person\/cb02af4c173ce4a653b55e9baf388d4a\"},\"headline\":\"Championnat d&rsquo;Europe 2025 : R\u00e9sultats et classement course en ligne U23 hommes\",\"datePublished\":\"2025-10-04T10:21:12+00:00\",\"dateModified\":\"2025-10-04T10:21:40+00:00\",\"mainEntityOfPage\":{\"@id\":\"https:\/\/dicodusport.fr\/blog\/championnat-deurope-2025-resultats-et-classement-course-en-ligne-u23-hommes\/\"},\"wordCount\":573,\"commentCount\":0,\"publisher\":{\"@id\":\"https:\/\/dicodusport.fr\/blog\/#organization\"},\"image\":{\"@id\":\"https:\/\/dicodusport.fr\/blog\/championnat-deurope-2025-resultats-et-classement-course-en-ligne-u23-hommes\/#primaryimage\"},\"thumbnailUrl\":\"https:\/\/dicodusport.fr\/blog\/wp-content\/uploads\/2025\/10\/Championnat-dEurope-2025-Resultats-et-classement-course-en-ligne-U23-hommes.png\",\"keywords\":[\"br\u00e8ve\",\"Championnats d'Europe de cyclisme sur route\",\"Cyclisme\",\"Cyclisme sur route\"],\"articleSection\":[\"Cyclisme sur route\"],\"inLanguage\":\"fr-FR\",\"potentialAction\":[{\"@type\":\"CommentAction\",\"name\":\"Comment\",\"target\":[\"https:\/\/dicodusport.fr\/blog\/championnat-deurope-2025-resultats-et-classement-course-en-ligne-u23-hommes\/#respond\"]}],\"copyrightYear\":\"2025\",\"copyrightHolder\":{\"@id\":\"https:\/\/dicodusport.fr\/blog\/#organization\"}},{\"@type\":\"WebPage\",\"@id\":\"https:\/\/dicodusport.fr\/blog\/championnat-deurope-2025-resultats-et-classement-course-en-ligne-u23-hommes\/\",\"url\":\"https:\/\/dicodusport.fr\/blog\/championnat-deurope-2025-resultats-et-classement-course-en-ligne-u23-hommes\/\",\"name\":\"Championnat d'Europe 2025 : R\u00e9sultats et classement course en ligne U23 hommes\",\"isPartOf\":{\"@id\":\"https:\/\/dicodusport.fr\/blog\/#website\"},\"primaryImageOfPage\":{\"@id\":\"https:\/\/dicodusport.fr\/blog\/championnat-deurope-2025-resultats-et-classement-course-en-ligne-u23-hommes\/#primaryimage\"},\"image\":{\"@id\":\"https:\/\/dicodusport.fr\/blog\/championnat-deurope-2025-resultats-et-classement-course-en-ligne-u23-hommes\/#primaryimage\"},\"thumbnailUrl\":\"https:\/\/dicodusport.fr\/blog\/wp-content\/uploads\/2025\/10\/Championnat-dEurope-2025-Resultats-et-classement-course-en-ligne-U23-hommes.png\",\"datePublished\":\"2025-10-04T10:21:12+00:00\",\"dateModified\":\"2025-10-04T10:21:40+00:00\",\"description\":\"Retrouvez les r\u00e9sultats complets et le classement de la course en ligne U23 hommes des Championnats d'Europe de cyclisme sur route 2025 en Dr\u00f4me-Ard\u00e8che, qui s'est d\u00e9roul\u00e9 ce samedi 4 octobre 2025.\",\"breadcrumb\":{\"@id\":\"https:\/\/dicodusport.fr\/blog\/championnat-deurope-2025-resultats-et-classement-course-en-ligne-u23-hommes\/#breadcrumb\"},\"inLanguage\":\"fr-FR\",\"potentialAction\":[{\"@type\":\"ReadAction\",\"target\":[\"https:\/\/dicodusport.fr\/blog\/championnat-deurope-2025-resultats-et-classement-course-en-ligne-u23-hommes\/\"]}]},{\"@type\":\"ImageObject\",\"inLanguage\":\"fr-FR\",\"@id\":\"https:\/\/dicodusport.fr\/blog\/championnat-deurope-2025-resultats-et-classement-course-en-ligne-u23-hommes\/#primaryimage\",\"url\":\"https:\/\/dicodusport.fr\/blog\/wp-content\/uploads\/2025\/10\/Championnat-dEurope-2025-Resultats-et-classement-course-en-ligne-U23-hommes.png\",\"contentUrl\":\"https:\/\/dicodusport.fr\/blog\/wp-content\/uploads\/2025\/10\/Championnat-dEurope-2025-Resultats-et-classement-course-en-ligne-U23-hommes.png\",\"width\":1200,\"height\":674,\"caption\":\"Championnat d'Europe 2025 R\u00e9sultats et classement course en ligne U23 hommes\"},{\"@type\":\"BreadcrumbList\",\"@id\":\"https:\/\/dicodusport.fr\/blog\/championnat-deurope-2025-resultats-et-classement-course-en-ligne-u23-hommes\/#breadcrumb\",\"itemListElement\":[{\"@type\":\"ListItem\",\"position\":1,\"name\":\"Accueil\",\"item\":\"https:\/\/dicodusport.fr\/blog\/\"},{\"@type\":\"ListItem\",\"position\":2,\"name\":\"Championnat d&rsquo;Europe 2025 : R\u00e9sultats et classement course en ligne U23 hommes\"}]},{\"@type\":\"WebSite\",\"@id\":\"https:\/\/dicodusport.fr\/blog\/#website\",\"url\":\"https:\/\/dicodusport.fr\/blog\/\",\"name\":\"Dicodusport\",\"description\":\"L&#039;encyclop\u00e9die de l&#039;actualit\u00e9 sportive\",\"publisher\":{\"@id\":\"https:\/\/dicodusport.fr\/blog\/#organization\"},\"potentialAction\":[{\"@type\":\"SearchAction\",\"target\":{\"@type\":\"EntryPoint\",\"urlTemplate\":\"https:\/\/dicodusport.fr\/blog\/?s={search_term_string}\"},\"query-input\":{\"@type\":\"PropertyValueSpecification\",\"valueRequired\":true,\"valueName\":\"search_term_string\"}}],\"inLanguage\":\"fr-FR\"},{\"@type\":\"NewsMediaOrganization\",\"@id\":\"https:\/\/dicodusport.fr\/blog\/#organization\",\"name\":\"Dicodusport\",\"url\":\"https:\/\/dicodusport.fr\/blog\/\",\"logo\":{\"@type\":\"ImageObject\",\"inLanguage\":\"fr-FR\",\"@id\":\"https:\/\/dicodusport.fr\/blog\/#\/schema\/logo\/image\/\",\"url\":\"https:\/\/dicodusport.fr\/blog\/wp-content\/uploads\/2020\/06\/cropped-LOGO-DICODUSPORT-2020-SANS-FOND-SANS-TEXTE.png\",\"contentUrl\":\"https:\/\/dicodusport.fr\/blog\/wp-content\/uploads\/2020\/06\/cropped-LOGO-DICODUSPORT-2020-SANS-FOND-SANS-TEXTE.png\",\"width\":512,\"height\":512,\"caption\":\"Dicodusport\"},\"image\":{\"@id\":\"https:\/\/dicodusport.fr\/blog\/#\/schema\/logo\/image\/\"},\"sameAs\":[\"https:\/\/www.facebook.com\/dicodusport\",\"https:\/\/x.com\/dicodusport\",\"https:\/\/www.instagram.com\/dicodusport\/\",\"https:\/\/www.youtube.com\/channel\/UC7V2KZ5sd3htJivAbA4ZG3w\"],\"description\":\"Dicodusport est l'encyclop\u00e9die de l'actualit\u00e9 sportive.\",\"email\":\"bonjour@dicodusport.fr\",\"legalName\":\"DICODUSPORT\",\"foundingDate\":\"2018-01-14\",\"vatID\":\"FR71834470973\",\"taxID\":\"83447097300043\",\"numberOfEmployees\":{\"@type\":\"QuantitativeValue\",\"minValue\":\"1\",\"maxValue\":\"10\"}},{\"@type\":\"Person\",\"@id\":\"https:\/\/dicodusport.fr\/blog\/#\/schema\/person\/cb02af4c173ce4a653b55e9baf388d4a\",\"name\":\"Flo Ostermann\",\"image\":{\"@type\":\"ImageObject\",\"inLanguage\":\"fr-FR\",\"@id\":\"https:\/\/dicodusport.fr\/blog\/#\/schema\/person\/image\/\",\"url\":\"https:\/\/dicodusport.fr\/blog\/wp-content\/uploads\/2021\/05\/Flo-Ostermann-150x150.jpg\",\"contentUrl\":\"https:\/\/dicodusport.fr\/blog\/wp-content\/uploads\/2021\/05\/Flo-Ostermann-150x150.jpg\",\"caption\":\"Flo Ostermann\"},\"description\":\"Journaliste\/R\u00e9dacteur depuis septembre 2015 - Mes premiers souvenirs dans le sport ? Les envol\u00e9es du Stade Toulousain et les duels Villeneuve-Schumacher et H\u00e4kkinen-Schumacher \u00e0 la fin des ann\u00e9es 90, la Coupe du monde de football en 1998, l\u2019exploit du XV de France face aux All Blacks en 1999, mais aussi Richard C\u0153ur de Lion qui vole sur les montagnes du Tour de France. Bien parti pour devenir professeur d\u2019EPS, les \u00e9v\u00e9nements de la vie (et la flemme d\u2019animer des s\u00e9ances de 3x500 m\u00e8tres toute ma vie) m\u2019ont conduit \u00e0 revoir mes plans. Me voil\u00e0 depuis fin 2017 sur Dicodusport, m\u00e9dia gr\u00e2ce (et pour) lequel je partage ma passion : le sport dans tous ses \u00e9tats. Le tout accompagn\u00e9 par les fous furieux et folles furieuses cit\u00e9s sur cette page !\",\"sameAs\":[\"https:\/\/www.facebook.com\/florent.ostermann\",\"https:\/\/x.com\/https:\/\/twitter.com\/FlOstermann\",\"admin\"],\"url\":\"https:\/\/dicodusport.fr\/blog\/author\/flo\/\"}]}<\/script>\n<!-- \/ Yoast SEO Premium plugin. -->","yoast_head_json":{"title":"Championnat d'Europe 2025 : R\u00e9sultats et classement course en ligne U23 hommes","description":"Retrouvez les r\u00e9sultats complets et le classement de la course en ligne U23 hommes des Championnats d'Europe de cyclisme sur route 2025 en Dr\u00f4me-Ard\u00e8che, qui s'est d\u00e9roul\u00e9 ce samedi 4 octobre 2025.","robots":{"index":"index","follow":"follow","max-snippet":"max-snippet:-1","max-image-preview":"max-image-preview:large","max-video-preview":"max-video-preview:-1"},"canonical":"https:\/\/dicodusport.fr\/blog\/championnat-deurope-2025-resultats-et-classement-course-en-ligne-u23-hommes\/","og_locale":"fr_FR","og_type":"article","og_title":"Qui est le champion d'Europe 2025 de la course en ligne U23 ? Classement et r\u00e9sultats","og_description":"Retrouvez les r\u00e9sultats complets et le classement de la course en ligne U23 hommes des Championnats d'Europe de cyclisme sur route 2025 en Dr\u00f4me-Ard\u00e8che, qui s'est d\u00e9roul\u00e9 ce samedi 4 octobre 2025.","og_url":"https:\/\/dicodusport.fr\/blog\/championnat-deurope-2025-resultats-et-classement-course-en-ligne-u23-hommes\/","og_site_name":"Dicodusport","article_publisher":"https:\/\/www.facebook.com\/dicodusport","article_author":"https:\/\/www.facebook.com\/florent.ostermann","article_published_time":"2025-10-04T10:21:12+00:00","article_modified_time":"2025-10-04T10:21:40+00:00","og_image":[{"width":1200,"height":674,"url":"https:\/\/dicodusport.fr\/blog\/wp-content\/uploads\/2025\/10\/Championnat-dEurope-2025-Resultats-et-classement-course-en-ligne-U23-hommes.png","type":"image\/png"}],"author":"Flo Ostermann","twitter_card":"summary_large_image","twitter_title":"Qui est le champion d'Europe 2025 de la course en ligne U23 ? Classement et r\u00e9sultats","twitter_creator":"@https:\/\/twitter.com\/FlOstermann","twitter_site":"@dicodusport","schema":{"@context":"https:\/\/schema.org","@graph":[{"@type":"NewsArticle","@id":"https:\/\/dicodusport.fr\/blog\/championnat-deurope-2025-resultats-et-classement-course-en-ligne-u23-hommes\/#article","isPartOf":{"@id":"https:\/\/dicodusport.fr\/blog\/championnat-deurope-2025-resultats-et-classement-course-en-ligne-u23-hommes\/"},"author":{"name":"Flo Ostermann","@id":"https:\/\/dicodusport.fr\/blog\/#\/schema\/person\/cb02af4c173ce4a653b55e9baf388d4a"},"headline":"Championnat d&rsquo;Europe 2025 : R\u00e9sultats et classement course en ligne U23 hommes","datePublished":"2025-10-04T10:21:12+00:00","dateModified":"2025-10-04T10:21:40+00:00","mainEntityOfPage":{"@id":"https:\/\/dicodusport.fr\/blog\/championnat-deurope-2025-resultats-et-classement-course-en-ligne-u23-hommes\/"},"wordCount":573,"commentCount":0,"publisher":{"@id":"https:\/\/dicodusport.fr\/blog\/#organization"},"image":{"@id":"https:\/\/dicodusport.fr\/blog\/championnat-deurope-2025-resultats-et-classement-course-en-ligne-u23-hommes\/#primaryimage"},"thumbnailUrl":"https:\/\/dicodusport.fr\/blog\/wp-content\/uploads\/2025\/10\/Championnat-dEurope-2025-Resultats-et-classement-course-en-ligne-U23-hommes.png","keywords":["br\u00e8ve","Championnats d'Europe de cyclisme sur route","Cyclisme","Cyclisme sur route"],"articleSection":["Cyclisme sur route"],"inLanguage":"fr-FR","potentialAction":[{"@type":"CommentAction","name":"Comment","target":["https:\/\/dicodusport.fr\/blog\/championnat-deurope-2025-resultats-et-classement-course-en-ligne-u23-hommes\/#respond"]}],"copyrightYear":"2025","copyrightHolder":{"@id":"https:\/\/dicodusport.fr\/blog\/#organization"}},{"@type":"WebPage","@id":"https:\/\/dicodusport.fr\/blog\/championnat-deurope-2025-resultats-et-classement-course-en-ligne-u23-hommes\/","url":"https:\/\/dicodusport.fr\/blog\/championnat-deurope-2025-resultats-et-classement-course-en-ligne-u23-hommes\/","name":"Championnat d'Europe 2025 : R\u00e9sultats et classement course en ligne U23 hommes","isPartOf":{"@id":"https:\/\/dicodusport.fr\/blog\/#website"},"primaryImageOfPage":{"@id":"https:\/\/dicodusport.fr\/blog\/championnat-deurope-2025-resultats-et-classement-course-en-ligne-u23-hommes\/#primaryimage"},"image":{"@id":"https:\/\/dicodusport.fr\/blog\/championnat-deurope-2025-resultats-et-classement-course-en-ligne-u23-hommes\/#primaryimage"},"thumbnailUrl":"https:\/\/dicodusport.fr\/blog\/wp-content\/uploads\/2025\/10\/Championnat-dEurope-2025-Resultats-et-classement-course-en-ligne-U23-hommes.png","datePublished":"2025-10-04T10:21:12+00:00","dateModified":"2025-10-04T10:21:40+00:00","description":"Retrouvez les r\u00e9sultats complets et le classement de la course en ligne U23 hommes des Championnats d'Europe de cyclisme sur route 2025 en Dr\u00f4me-Ard\u00e8che, qui s'est d\u00e9roul\u00e9 ce samedi 4 octobre 2025.","breadcrumb":{"@id":"https:\/\/dicodusport.fr\/blog\/championnat-deurope-2025-resultats-et-classement-course-en-ligne-u23-hommes\/#breadcrumb"},"inLanguage":"fr-FR","potentialAction":[{"@type":"ReadAction","target":["https:\/\/dicodusport.fr\/blog\/championnat-deurope-2025-resultats-et-classement-course-en-ligne-u23-hommes\/"]}]},{"@type":"ImageObject","inLanguage":"fr-FR","@id":"https:\/\/dicodusport.fr\/blog\/championnat-deurope-2025-resultats-et-classement-course-en-ligne-u23-hommes\/#primaryimage","url":"https:\/\/dicodusport.fr\/blog\/wp-content\/uploads\/2025\/10\/Championnat-dEurope-2025-Resultats-et-classement-course-en-ligne-U23-hommes.png","contentUrl":"https:\/\/dicodusport.fr\/blog\/wp-content\/uploads\/2025\/10\/Championnat-dEurope-2025-Resultats-et-classement-course-en-ligne-U23-hommes.png","width":1200,"height":674,"caption":"Championnat d'Europe 2025 R\u00e9sultats et classement course en ligne U23 hommes"},{"@type":"BreadcrumbList","@id":"https:\/\/dicodusport.fr\/blog\/championnat-deurope-2025-resultats-et-classement-course-en-ligne-u23-hommes\/#breadcrumb","itemListElement":[{"@type":"ListItem","position":1,"name":"Accueil","item":"https:\/\/dicodusport.fr\/blog\/"},{"@type":"ListItem","position":2,"name":"Championnat d&rsquo;Europe 2025 : R\u00e9sultats et classement course en ligne U23 hommes"}]},{"@type":"WebSite","@id":"https:\/\/dicodusport.fr\/blog\/#website","url":"https:\/\/dicodusport.fr\/blog\/","name":"Dicodusport","description":"L&#039;encyclop\u00e9die de l&#039;actualit\u00e9 sportive","publisher":{"@id":"https:\/\/dicodusport.fr\/blog\/#organization"},"potentialAction":[{"@type":"SearchAction","target":{"@type":"EntryPoint","urlTemplate":"https:\/\/dicodusport.fr\/blog\/?s={search_term_string}"},"query-input":{"@type":"PropertyValueSpecification","valueRequired":true,"valueName":"search_term_string"}}],"inLanguage":"fr-FR"},{"@type":"NewsMediaOrganization","@id":"https:\/\/dicodusport.fr\/blog\/#organization","name":"Dicodusport","url":"https:\/\/dicodusport.fr\/blog\/","logo":{"@type":"ImageObject","inLanguage":"fr-FR","@id":"https:\/\/dicodusport.fr\/blog\/#\/schema\/logo\/image\/","url":"https:\/\/dicodusport.fr\/blog\/wp-content\/uploads\/2020\/06\/cropped-LOGO-DICODUSPORT-2020-SANS-FOND-SANS-TEXTE.png","contentUrl":"https:\/\/dicodusport.fr\/blog\/wp-content\/uploads\/2020\/06\/cropped-LOGO-DICODUSPORT-2020-SANS-FOND-SANS-TEXTE.png","width":512,"height":512,"caption":"Dicodusport"},"image":{"@id":"https:\/\/dicodusport.fr\/blog\/#\/schema\/logo\/image\/"},"sameAs":["https:\/\/www.facebook.com\/dicodusport","https:\/\/x.com\/dicodusport","https:\/\/www.instagram.com\/dicodusport\/","https:\/\/www.youtube.com\/channel\/UC7V2KZ5sd3htJivAbA4ZG3w"],"description":"Dicodusport est l'encyclop\u00e9die de l'actualit\u00e9 sportive.","email":"bonjour@dicodusport.fr","legalName":"DICODUSPORT","foundingDate":"2018-01-14","vatID":"FR71834470973","taxID":"83447097300043","numberOfEmployees":{"@type":"QuantitativeValue","minValue":"1","maxValue":"10"}},{"@type":"Person","@id":"https:\/\/dicodusport.fr\/blog\/#\/schema\/person\/cb02af4c173ce4a653b55e9baf388d4a","name":"Flo Ostermann","image":{"@type":"ImageObject","inLanguage":"fr-FR","@id":"https:\/\/dicodusport.fr\/blog\/#\/schema\/person\/image\/","url":"https:\/\/dicodusport.fr\/blog\/wp-content\/uploads\/2021\/05\/Flo-Ostermann-150x150.jpg","contentUrl":"https:\/\/dicodusport.fr\/blog\/wp-content\/uploads\/2021\/05\/Flo-Ostermann-150x150.jpg","caption":"Flo Ostermann"},"description":"Journaliste\/R\u00e9dacteur depuis septembre 2015 - Mes premiers souvenirs dans le sport ? Les envol\u00e9es du Stade Toulousain et les duels Villeneuve-Schumacher et H\u00e4kkinen-Schumacher \u00e0 la fin des ann\u00e9es 90, la Coupe du monde de football en 1998, l\u2019exploit du XV de France face aux All Blacks en 1999, mais aussi Richard C\u0153ur de Lion qui vole sur les montagnes du Tour de France. Bien parti pour devenir professeur d\u2019EPS, les \u00e9v\u00e9nements de la vie (et la flemme d\u2019animer des s\u00e9ances de 3x500 m\u00e8tres toute ma vie) m\u2019ont conduit \u00e0 revoir mes plans. Me voil\u00e0 depuis fin 2017 sur Dicodusport, m\u00e9dia gr\u00e2ce (et pour) lequel je partage ma passion : le sport dans tous ses \u00e9tats. Le tout accompagn\u00e9 par les fous furieux et folles furieuses cit\u00e9s sur cette page !","sameAs":["https:\/\/www.facebook.com\/florent.ostermann","https:\/\/x.com\/https:\/\/twitter.com\/FlOstermann","admin"],"url":"https:\/\/dicodusport.fr\/blog\/author\/flo\/"}]}},"_links":{"self":[{"href":"https:\/\/dicodusport.fr\/blog\/wp-json\/wp\/v2\/posts\/616413","targetHints":{"allow":["GET"]}}],"collection":[{"href":"https:\/\/dicodusport.fr\/blog\/wp-json\/wp\/v2\/posts"}],"about":[{"href":"https:\/\/dicodusport.fr\/blog\/wp-json\/wp\/v2\/types\/post"}],"author":[{"embeddable":true,"href":"https:\/\/dicodusport.fr\/blog\/wp-json\/wp\/v2\/users\/4"}],"replies":[{"embeddable":true,"href":"https:\/\/dicodusport.fr\/blog\/wp-json\/wp\/v2\/comments?post=616413"}],"version-history":[{"count":4,"href":"https:\/\/dicodusport.fr\/blog\/wp-json\/wp\/v2\/posts\/616413\/revisions"}],"predecessor-version":[{"id":616600,"href":"https:\/\/dicodusport.fr\/blog\/wp-json\/wp\/v2\/posts\/616413\/revisions\/616600"}],"wp:featuredmedia":[{"embeddable":true,"href":"https:\/\/dicodusport.fr\/blog\/wp-json\/wp\/v2\/media\/616415"}],"wp:attachment":[{"href":"https:\/\/dicodusport.fr\/blog\/wp-json\/wp\/v2\/media?parent=616413"}],"wp:term":[{"taxonomy":"category","embeddable":true,"href":"https:\/\/dicodusport.fr\/blog\/wp-json\/wp\/v2\/categories?post=616413"},{"taxonomy":"post_tag","embeddable":true,"href":"https:\/\/dicodusport.fr\/blog\/wp-json\/wp\/v2\/tags?post=616413"}],"curies":[{"name":"wp","href":"https:\/\/api.w.org\/{rel}","templated":true}]}}