{"id":616459,"date":"2025-10-03T23:30:34","date_gmt":"2025-10-03T21:30:34","guid":{"rendered":"https:\/\/dicodusport.fr\/blog\/?p=616459&#038;preview=true&#038;preview_id=616459"},"modified":"2025-10-04T11:08:49","modified_gmt":"2025-10-04T09:08:49","slug":"vtt-lake-placid-chris-blevins-souffle-la-victoire-a-adrien-boichis-et-empoche-le-general","status":"publish","type":"post","link":"https:\/\/dicodusport.fr\/blog\/vtt-lake-placid-chris-blevins-souffle-la-victoire-a-adrien-boichis-et-empoche-le-general\/","title":{"rendered":"VTT Lake Placid : Chris Blevins souffle la victoire \u00e0 Adrien Boichis et empoche le g\u00e9n\u00e9ral"},"content":{"rendered":"<p style=\"text-align: justify;\"><strong><em>COUPE DU MONDE DE VTT 2025 &#8211; Chris Blevins remporte son XCC \u00e0 domicile, \u00e0 Lake Placid, et remporte par la m\u00eame occasion le classement g\u00e9n\u00e9ral de la Coupe du monde. Adrien Boichis et Mathis Azzaro sont sur le podium du short-track.<\/em><\/strong><\/p>\n<ul>\n<li style=\"text-align: justify;\"><strong>\u00c0 ce sujet \u2013\u00a0<a href=\"https:\/\/dicodusport.fr\/blog\/vtt-xcc-lake-placid-2025-classement-course-hommes\/\" rel=\"\">VTT XCC Lake Placid 2025 : Classement Course hommes<\/a><\/strong><\/li>\n<\/ul>\n<p style=\"text-align: justify;\"><span style=\"font-weight: 400;\">Une terre de Jeux Olympiques d&rsquo;hiver accueille la Coupe du monde de VTT. Lake Placid est l&rsquo;h\u00f4te de l&rsquo;avant-derni\u00e8re \u00e9tape de cet exercice 2025. Les XCC ont ouvert le bal et la premi\u00e8re victoire masculine revient \u00e0 un local. <\/span><b>Christopher Blevins <\/b><span style=\"font-weight: 400;\">la voulait vraiment et il l&rsquo;a eu. Le pilote du Nouveau-Mexique a battu deux Tricolores au finish pour s&rsquo;assurer, avec ce r\u00e9sultat, le classement g\u00e9n\u00e9ral de la Coupe du monde. Une premi\u00e8re dans sa carri\u00e8re. Id\u00e9alement plac\u00e9s, <\/span><b>Adrien Boichis <\/b><span style=\"font-weight: 400;\">et <\/span><b>Mathis Azzaro <\/b><span style=\"font-weight: 400;\">ont pris les deux derni\u00e8res places disponibles sur le podium. De bon augure avant le format olympique dominical.<\/span><\/p>\n<blockquote class=\"instagram-media\" style=\"background: #FFF; border: 0; border-radius: 3px; box-shadow: 0 0 1px 0 rgba(0,0,0,0.5),0 1px 10px 0 rgba(0,0,0,0.15); margin: 1px; max-width: 540px; min-width: 326px; padding: 0; width: calc(100% - 2px);\" data-instgrm-captioned=\"\" data-instgrm-permalink=\"https:\/\/www.instagram.com\/p\/DPXLIAgjGCS\/?utm_source=ig_embed&amp;utm_campaign=loading\" data-instgrm-version=\"14\">\n<div style=\"padding: 16px;\">\n<p>&nbsp;<\/p>\n<div style=\"display: flex; flex-direction: row; align-items: center;\">\n<div style=\"background-color: #f4f4f4; border-radius: 50%; flex-grow: 0; height: 40px; margin-right: 14px; width: 40px;\"><\/div>\n<div style=\"display: flex; flex-direction: column; flex-grow: 1; justify-content: center;\">\n<div style=\"background-color: #f4f4f4; border-radius: 4px; flex-grow: 0; height: 14px; margin-bottom: 6px; width: 100px;\"><\/div>\n<div style=\"background-color: #f4f4f4; border-radius: 4px; flex-grow: 0; height: 14px; width: 60px;\"><\/div>\n<\/div>\n<\/div>\n<div style=\"padding: 19% 0;\"><\/div>\n<div style=\"display: block; height: 50px; margin: 0 auto 12px; width: 50px;\"><\/div>\n<div style=\"padding-top: 8px;\">\n<div style=\"color: #3897f0; font-family: Arial,sans-serif; font-size: 14px; font-style: normal; font-weight: 550; line-height: 18px;\">Voir cette publication sur Instagram<\/div>\n<\/div>\n<div style=\"padding: 12.5% 0;\"><\/div>\n<div style=\"display: flex; flex-direction: row; margin-bottom: 14px; align-items: center;\">\n<div>\n<div style=\"background-color: #f4f4f4; border-radius: 50%; height: 12.5px; width: 12.5px; transform: translateX(0px) translateY(7px);\"><\/div>\n<div style=\"background-color: #f4f4f4; height: 12.5px; transform: rotate(-45deg) translateX(3px) translateY(1px); width: 12.5px; flex-grow: 0; margin-right: 14px; margin-left: 2px;\"><\/div>\n<div style=\"background-color: #f4f4f4; border-radius: 50%; height: 12.5px; width: 12.5px; transform: translateX(9px) translateY(-18px);\"><\/div>\n<\/div>\n<div style=\"margin-left: 8px;\">\n<div style=\"background-color: #f4f4f4; border-radius: 50%; flex-grow: 0; height: 20px; width: 20px;\"><\/div>\n<div style=\"width: 0; height: 0; border-top: 2px solid transparent; border-left: 6px solid #f4f4f4; border-bottom: 2px solid transparent; transform: translateX(16px) translateY(-4px) rotate(30deg);\"><\/div>\n<\/div>\n<div style=\"margin-left: auto;\">\n<div style=\"width: 0px; border-top: 8px solid #F4F4F4; border-right: 8px solid transparent; transform: translateY(16px);\"><\/div>\n<div style=\"background-color: #f4f4f4; flex-grow: 0; height: 12px; width: 16px; transform: translateY(-4px);\"><\/div>\n<div style=\"width: 0; height: 0; border-top: 8px solid #F4F4F4; border-left: 8px solid transparent; transform: translateY(-4px) translateX(8px);\"><\/div>\n<\/div>\n<\/div>\n<div style=\"display: flex; flex-direction: column; flex-grow: 1; justify-content: center; margin-bottom: 24px;\">\n<div style=\"background-color: #f4f4f4; border-radius: 4px; flex-grow: 0; height: 14px; margin-bottom: 6px; width: 224px;\"><\/div>\n<div style=\"background-color: #f4f4f4; border-radius: 4px; flex-grow: 0; height: 14px; width: 144px;\"><\/div>\n<\/div>\n<p>&nbsp;<\/p>\n<p style=\"color: #c9c8cd; font-family: Arial,sans-serif; font-size: 14px; line-height: 17px; margin-bottom: 0; margin-top: 8px; overflow: hidden; padding: 8px 0 7px; text-align: center; text-overflow: ellipsis; white-space: nowrap;\"><a style=\"color: #c9c8cd; font-family: Arial,sans-serif; font-size: 14px; font-style: normal; font-weight: normal; line-height: 17px; text-decoration: none;\" href=\"https:\/\/www.instagram.com\/p\/DPXLIAgjGCS\/?utm_source=ig_embed&amp;utm_campaign=loading\" target=\"_blank\" rel=\"noopener\">Une publication partag\u00e9e par WHOOP UCI Mountain Bike World Series (@uci_mtbworldseries)<\/a><\/p>\n<\/div>\n<\/blockquote>\n<p><script async src=\"\/\/www.instagram.com\/embed.js\"><\/script><\/p>\n<h2 style=\"text-align: justify;\">Les Fran\u00e7ais dans le coup, Koretzky s&rsquo;est fait peur<\/h2>\n<p style=\"text-align: justify;\"><span style=\"font-weight: 400;\">Des v\u00e9t\u00e9tistes fran\u00e7ais, mais aussi l&rsquo;\u00e9quipe Specialized, ce sont ceux qui se sont mis aux avant-postes sur ce d\u00e9but de short-track. Ce trac\u00e9 am\u00e9ricain \u00e9tait bien plus particulier que d&rsquo;autres XCC car plut\u00f4t plat. Un parcours qui n&rsquo;a pas cr\u00e9\u00e9 d&rsquo;\u00e9carts, une course tactique, comme chez les dames un peu plus t\u00f4t ce vendredi. Le fait majeur est arriv\u00e9 apr\u00e8s 5 des 10 tours. Dans la seule difficult\u00e9, un pierrier, le champion du monde <\/span><b>Victor Koretzky <\/b><span style=\"font-weight: 400;\">a chut\u00e9. Une grosse cabriole, mais le porteur du maillot arc-en-ciel est reparti et a r\u00e9ussi \u00e0 remonter en doublant ses concurrents petit \u00e0 petit.<\/span><\/p>\n<ul>\n<li style=\"text-align: justify;\"><strong>\u00c0 ce sujet \u2013\u00a0<\/strong><a href=\"https:\/\/dicodusport.fr\/blog\/coupe-du-monde-vtt-2025-classement-general-masculin-en-cross-country\/\"><strong>Coupe du monde VTT 2025 : Classement G\u00e9n\u00e9ral Masculin en Cross-country<\/strong><\/a><\/li>\n<\/ul>\n<p style=\"text-align: justify;\"><span style=\"font-weight: 400;\">Le Tricolore a beaucoup donn\u00e9 et il va ensuite \u00eatre g\u00ean\u00e9 par une autre chute, celle de <\/span><b>Luca Braidot<\/b><span style=\"font-weight: 400;\">. Il terminera finalement loin. Les hommes dans les premi\u00e8res positions ont acc\u00e9l\u00e9r\u00e9 \u00e0 ce moment pr\u00e9cis et un train s&rsquo;est form\u00e9 \u00e0 l&rsquo;entame de la derni\u00e8re boucle. Les jeunes Bleus ont ensuite cru \u00e0 la victoire. <\/span><b>Adrien Boichis <\/b><span style=\"font-weight: 400;\">a d\u00e9clench\u00e9 t\u00f4t et a pris quelques m\u00e8tres sur <\/span><b>Christopher Blevins<\/b><span style=\"font-weight: 400;\">. L&rsquo;Am\u00e9ricain voulait r\u00e9ellement cette victoire et a m\u00eame ramen\u00e9 <\/span><b>Mathis Azzaro <\/b><span style=\"font-weight: 400;\">avec lui, mais son objectif \u00e9tait devant lui. Au sprint, il s&rsquo;est impos\u00e9 devant les deux Fran\u00e7ais. <\/span><b>Luca Martin <\/b><span style=\"font-weight: 400;\">a pris la 5e place, <\/span><b>Jordan Sarrou <\/b><span style=\"font-weight: 400;\">est 13e de cette course. C&rsquo;est la 6e victoire en short-track, cette saison, pour le vainqueur am\u00e9ricain du jour.<\/span><\/p>\n<ul>\n<li style=\"text-align: justify;\"><strong>\u00c0 ce sujet \u2013\u00a0<a href=\"https:\/\/dicodusport.fr\/blog\/coupe-du-monde-vtt-cross-country-2025-calendrier-et-resultats-a-jour\/\">Coupe du monde VTT Cross-Country 2025 : Calendrier et R\u00e9sultats \u00e0 Jour<\/a><\/strong><\/li>\n<\/ul>\n","protected":false},"excerpt":{"rendered":"<p>Chris Blevins remporte son XCC \u00e0 domicile, \u00e0 Lake Placid, et remporte par la m\u00eame occasion le classement g\u00e9n\u00e9ral de la Coupe du monde. Adrien Boichis et Mathis Azzaro sont sur le podium du short-track.<\/p>\n","protected":false},"author":61,"featured_media":616551,"comment_status":"open","ping_status":"closed","sticky":false,"template":"","format":"standard","meta":{"_acf_changed":false,"_daextam_enable_autolinks":"1","footnotes":""},"categories":[10279],"tags":[16878,11873,692],"class_list":["post-616459","post","type-post","status-publish","format-standard","has-post-thumbnail","hentry","category-vtt","tag-breve","tag-coupe-du-monde-de-vtt","tag-vtt"],"acf":[],"yoast_head":"<!-- This site is optimized with the Yoast SEO Premium plugin v26.7 (Yoast SEO v26.7) - https:\/\/yoast.com\/wordpress\/plugins\/seo\/ -->\n<title>VTT Lake Placid : Chris Blevins souffle la victoire \u00e0 Adrien Boichis et empoche le g\u00e9n\u00e9ral<\/title>\n<meta name=\"description\" content=\"Chris Blevins remporte son XCC \u00e0 domicile, \u00e0 Lake Placid, et remporte par la m\u00eame occasion le classement g\u00e9n\u00e9ral de la Coupe du monde.\" \/>\n<meta name=\"robots\" content=\"index, follow, max-snippet:-1, max-image-preview:large, max-video-preview:-1\" \/>\n<link rel=\"canonical\" href=\"https:\/\/dicodusport.fr\/blog\/vtt-lake-placid-chris-blevins-souffle-la-victoire-a-adrien-boichis-et-empoche-le-general\/\" \/>\n<meta property=\"og:locale\" content=\"fr_FR\" \/>\n<meta property=\"og:type\" content=\"article\" \/>\n<meta property=\"og:title\" content=\"VTT Lake Placid : Chris Blevins souffle la victoire \u00e0 Adrien Boichis et empoche le g\u00e9n\u00e9ral\" \/>\n<meta property=\"og:description\" content=\"Chris Blevins remporte son XCC \u00e0 domicile, \u00e0 Lake Placid, et remporte par la m\u00eame occasion le classement g\u00e9n\u00e9ral de la Coupe du monde.\" \/>\n<meta property=\"og:url\" content=\"https:\/\/dicodusport.fr\/blog\/vtt-lake-placid-chris-blevins-souffle-la-victoire-a-adrien-boichis-et-empoche-le-general\/\" \/>\n<meta property=\"og:site_name\" content=\"Dicodusport\" \/>\n<meta property=\"article:publisher\" content=\"https:\/\/www.facebook.com\/dicodusport\" \/>\n<meta property=\"article:published_time\" content=\"2025-10-03T21:30:34+00:00\" \/>\n<meta property=\"article:modified_time\" content=\"2025-10-04T09:08:49+00:00\" \/>\n<meta property=\"og:image\" content=\"https:\/\/dicodusport.fr\/blog\/wp-content\/uploads\/2025\/10\/VTT-Lake-Placid-Chris-Blevins-souffle-la-victoire-a-Adrien-Boichis-et-empoche-le-general-1.png\" \/>\n\t<meta property=\"og:image:width\" content=\"1200\" \/>\n\t<meta property=\"og:image:height\" content=\"674\" \/>\n\t<meta property=\"og:image:type\" content=\"image\/png\" \/>\n<meta name=\"author\" content=\"Pierre Gorce\" \/>\n<meta name=\"twitter:card\" content=\"summary_large_image\" \/>\n<meta name=\"twitter:title\" content=\"VTT Lake Placid : Chris Blevins souffle la victoire \u00e0 Adrien Boichis et empoche le g\u00e9n\u00e9ral\" \/>\n<meta name=\"twitter:creator\" content=\"@https:\/\/twitter.com\/pierregorce12\" \/>\n<meta name=\"twitter:site\" content=\"@dicodusport\" \/>\n<script type=\"application\/ld+json\" class=\"yoast-schema-graph\">{\"@context\":\"https:\/\/schema.org\",\"@graph\":[{\"@type\":\"NewsArticle\",\"@id\":\"https:\/\/dicodusport.fr\/blog\/vtt-lake-placid-chris-blevins-souffle-la-victoire-a-adrien-boichis-et-empoche-le-general\/#article\",\"isPartOf\":{\"@id\":\"https:\/\/dicodusport.fr\/blog\/vtt-lake-placid-chris-blevins-souffle-la-victoire-a-adrien-boichis-et-empoche-le-general\/\"},\"author\":{\"name\":\"Pierre Gorce\",\"@id\":\"https:\/\/dicodusport.fr\/blog\/#\/schema\/person\/0eaf70b33d703a1a66b1155ac1bda018\"},\"headline\":\"VTT Lake Placid : Chris Blevins souffle la victoire \u00e0 Adrien Boichis et empoche le g\u00e9n\u00e9ral\",\"datePublished\":\"2025-10-03T21:30:34+00:00\",\"dateModified\":\"2025-10-04T09:08:49+00:00\",\"mainEntityOfPage\":{\"@id\":\"https:\/\/dicodusport.fr\/blog\/vtt-lake-placid-chris-blevins-souffle-la-victoire-a-adrien-boichis-et-empoche-le-general\/\"},\"wordCount\":488,\"commentCount\":0,\"publisher\":{\"@id\":\"https:\/\/dicodusport.fr\/blog\/#organization\"},\"image\":{\"@id\":\"https:\/\/dicodusport.fr\/blog\/vtt-lake-placid-chris-blevins-souffle-la-victoire-a-adrien-boichis-et-empoche-le-general\/#primaryimage\"},\"thumbnailUrl\":\"https:\/\/dicodusport.fr\/blog\/wp-content\/uploads\/2025\/10\/VTT-Lake-Placid-Chris-Blevins-souffle-la-victoire-a-Adrien-Boichis-et-empoche-le-general-1.png\",\"keywords\":[\"br\u00e8ve\",\"Coupe du monde de VTT\",\"VTT\"],\"articleSection\":[\"VTT\"],\"inLanguage\":\"fr-FR\",\"potentialAction\":[{\"@type\":\"CommentAction\",\"name\":\"Comment\",\"target\":[\"https:\/\/dicodusport.fr\/blog\/vtt-lake-placid-chris-blevins-souffle-la-victoire-a-adrien-boichis-et-empoche-le-general\/#respond\"]}],\"copyrightYear\":\"2025\",\"copyrightHolder\":{\"@id\":\"https:\/\/dicodusport.fr\/blog\/#organization\"}},{\"@type\":\"WebPage\",\"@id\":\"https:\/\/dicodusport.fr\/blog\/vtt-lake-placid-chris-blevins-souffle-la-victoire-a-adrien-boichis-et-empoche-le-general\/\",\"url\":\"https:\/\/dicodusport.fr\/blog\/vtt-lake-placid-chris-blevins-souffle-la-victoire-a-adrien-boichis-et-empoche-le-general\/\",\"name\":\"VTT Lake Placid : Chris Blevins souffle la victoire \u00e0 Adrien Boichis et empoche le g\u00e9n\u00e9ral\",\"isPartOf\":{\"@id\":\"https:\/\/dicodusport.fr\/blog\/#website\"},\"primaryImageOfPage\":{\"@id\":\"https:\/\/dicodusport.fr\/blog\/vtt-lake-placid-chris-blevins-souffle-la-victoire-a-adrien-boichis-et-empoche-le-general\/#primaryimage\"},\"image\":{\"@id\":\"https:\/\/dicodusport.fr\/blog\/vtt-lake-placid-chris-blevins-souffle-la-victoire-a-adrien-boichis-et-empoche-le-general\/#primaryimage\"},\"thumbnailUrl\":\"https:\/\/dicodusport.fr\/blog\/wp-content\/uploads\/2025\/10\/VTT-Lake-Placid-Chris-Blevins-souffle-la-victoire-a-Adrien-Boichis-et-empoche-le-general-1.png\",\"datePublished\":\"2025-10-03T21:30:34+00:00\",\"dateModified\":\"2025-10-04T09:08:49+00:00\",\"description\":\"Chris Blevins remporte son XCC \u00e0 domicile, \u00e0 Lake Placid, et remporte par la m\u00eame occasion le classement g\u00e9n\u00e9ral de la Coupe du monde.\",\"breadcrumb\":{\"@id\":\"https:\/\/dicodusport.fr\/blog\/vtt-lake-placid-chris-blevins-souffle-la-victoire-a-adrien-boichis-et-empoche-le-general\/#breadcrumb\"},\"inLanguage\":\"fr-FR\",\"potentialAction\":[{\"@type\":\"ReadAction\",\"target\":[\"https:\/\/dicodusport.fr\/blog\/vtt-lake-placid-chris-blevins-souffle-la-victoire-a-adrien-boichis-et-empoche-le-general\/\"]}]},{\"@type\":\"ImageObject\",\"inLanguage\":\"fr-FR\",\"@id\":\"https:\/\/dicodusport.fr\/blog\/vtt-lake-placid-chris-blevins-souffle-la-victoire-a-adrien-boichis-et-empoche-le-general\/#primaryimage\",\"url\":\"https:\/\/dicodusport.fr\/blog\/wp-content\/uploads\/2025\/10\/VTT-Lake-Placid-Chris-Blevins-souffle-la-victoire-a-Adrien-Boichis-et-empoche-le-general-1.png\",\"contentUrl\":\"https:\/\/dicodusport.fr\/blog\/wp-content\/uploads\/2025\/10\/VTT-Lake-Placid-Chris-Blevins-souffle-la-victoire-a-Adrien-Boichis-et-empoche-le-general-1.png\",\"width\":1200,\"height\":674,\"caption\":\"VTT Lake Placid Chris Blevins souffle la victoire \u00e0 Adrien Boichis et empoche le g\u00e9n\u00e9ral\"},{\"@type\":\"BreadcrumbList\",\"@id\":\"https:\/\/dicodusport.fr\/blog\/vtt-lake-placid-chris-blevins-souffle-la-victoire-a-adrien-boichis-et-empoche-le-general\/#breadcrumb\",\"itemListElement\":[{\"@type\":\"ListItem\",\"position\":1,\"name\":\"Accueil\",\"item\":\"https:\/\/dicodusport.fr\/blog\/\"},{\"@type\":\"ListItem\",\"position\":2,\"name\":\"VTT Lake Placid : Chris Blevins souffle la victoire \u00e0 Adrien Boichis et empoche le g\u00e9n\u00e9ral\"}]},{\"@type\":\"WebSite\",\"@id\":\"https:\/\/dicodusport.fr\/blog\/#website\",\"url\":\"https:\/\/dicodusport.fr\/blog\/\",\"name\":\"Dicodusport\",\"description\":\"L&#039;encyclop\u00e9die de l&#039;actualit\u00e9 sportive\",\"publisher\":{\"@id\":\"https:\/\/dicodusport.fr\/blog\/#organization\"},\"potentialAction\":[{\"@type\":\"SearchAction\",\"target\":{\"@type\":\"EntryPoint\",\"urlTemplate\":\"https:\/\/dicodusport.fr\/blog\/?s={search_term_string}\"},\"query-input\":{\"@type\":\"PropertyValueSpecification\",\"valueRequired\":true,\"valueName\":\"search_term_string\"}}],\"inLanguage\":\"fr-FR\"},{\"@type\":\"NewsMediaOrganization\",\"@id\":\"https:\/\/dicodusport.fr\/blog\/#organization\",\"name\":\"Dicodusport\",\"url\":\"https:\/\/dicodusport.fr\/blog\/\",\"logo\":{\"@type\":\"ImageObject\",\"inLanguage\":\"fr-FR\",\"@id\":\"https:\/\/dicodusport.fr\/blog\/#\/schema\/logo\/image\/\",\"url\":\"https:\/\/dicodusport.fr\/blog\/wp-content\/uploads\/2020\/06\/cropped-LOGO-DICODUSPORT-2020-SANS-FOND-SANS-TEXTE.png\",\"contentUrl\":\"https:\/\/dicodusport.fr\/blog\/wp-content\/uploads\/2020\/06\/cropped-LOGO-DICODUSPORT-2020-SANS-FOND-SANS-TEXTE.png\",\"width\":512,\"height\":512,\"caption\":\"Dicodusport\"},\"image\":{\"@id\":\"https:\/\/dicodusport.fr\/blog\/#\/schema\/logo\/image\/\"},\"sameAs\":[\"https:\/\/www.facebook.com\/dicodusport\",\"https:\/\/x.com\/dicodusport\",\"https:\/\/www.instagram.com\/dicodusport\/\",\"https:\/\/www.youtube.com\/channel\/UC7V2KZ5sd3htJivAbA4ZG3w\"],\"description\":\"Dicodusport est l'encyclop\u00e9die de l'actualit\u00e9 sportive.\",\"email\":\"bonjour@dicodusport.fr\",\"legalName\":\"DICODUSPORT\",\"foundingDate\":\"2018-01-14\",\"vatID\":\"FR71834470973\",\"taxID\":\"83447097300043\",\"numberOfEmployees\":{\"@type\":\"QuantitativeValue\",\"minValue\":\"1\",\"maxValue\":\"10\"}},{\"@type\":\"Person\",\"@id\":\"https:\/\/dicodusport.fr\/blog\/#\/schema\/person\/0eaf70b33d703a1a66b1155ac1bda018\",\"name\":\"Pierre Gorce\",\"image\":{\"@type\":\"ImageObject\",\"inLanguage\":\"fr-FR\",\"@id\":\"https:\/\/dicodusport.fr\/blog\/#\/schema\/person\/image\/\",\"url\":\"https:\/\/dicodusport.fr\/blog\/wp-content\/uploads\/2022\/03\/IMG_20211214_233053_722-150x150.jpg\",\"contentUrl\":\"https:\/\/dicodusport.fr\/blog\/wp-content\/uploads\/2022\/03\/IMG_20211214_233053_722-150x150.jpg\",\"caption\":\"Pierre Gorce\"},\"description\":\"Couteau suisse venant tout droit de Haute-Savoie. Habitu\u00e9 \u00e0 regarder du sport depuis petit, j'en ai maintenant fait mon m\u00e9tier. Des sports d'hiver au surf, en passant par le tennis, la F1, le handball et l'athl\u00e9tisme, j'essaie d'avoir mes yeux sur l'enti\u00e8ret\u00e9 de l'actualit\u00e9. Jeune homme berc\u00e9 par les exploits de Jean-Baptiste Grange, Sebastian Vettel et des Experts. Membre de la g\u00e9n\u00e9ration 1999 comme Luka Doncic, Sydney McLaughlin, Lando Norris et Loana Lecomte, mais avec beaucoup moins de talent qu'eux.\",\"sameAs\":[\"https:\/\/x.com\/https:\/\/twitter.com\/pierregorce12\"],\"birthDate\":\"1999-08-29\",\"url\":\"https:\/\/dicodusport.fr\/blog\/author\/pierreg\/\"}]}<\/script>\n<!-- \/ Yoast SEO Premium plugin. -->","yoast_head_json":{"title":"VTT Lake Placid : Chris Blevins souffle la victoire \u00e0 Adrien Boichis et empoche le g\u00e9n\u00e9ral","description":"Chris Blevins remporte son XCC \u00e0 domicile, \u00e0 Lake Placid, et remporte par la m\u00eame occasion le classement g\u00e9n\u00e9ral de la Coupe du monde.","robots":{"index":"index","follow":"follow","max-snippet":"max-snippet:-1","max-image-preview":"max-image-preview:large","max-video-preview":"max-video-preview:-1"},"canonical":"https:\/\/dicodusport.fr\/blog\/vtt-lake-placid-chris-blevins-souffle-la-victoire-a-adrien-boichis-et-empoche-le-general\/","og_locale":"fr_FR","og_type":"article","og_title":"VTT Lake Placid : Chris Blevins souffle la victoire \u00e0 Adrien Boichis et empoche le g\u00e9n\u00e9ral","og_description":"Chris Blevins remporte son XCC \u00e0 domicile, \u00e0 Lake Placid, et remporte par la m\u00eame occasion le classement g\u00e9n\u00e9ral de la Coupe du monde.","og_url":"https:\/\/dicodusport.fr\/blog\/vtt-lake-placid-chris-blevins-souffle-la-victoire-a-adrien-boichis-et-empoche-le-general\/","og_site_name":"Dicodusport","article_publisher":"https:\/\/www.facebook.com\/dicodusport","article_published_time":"2025-10-03T21:30:34+00:00","article_modified_time":"2025-10-04T09:08:49+00:00","og_image":[{"width":1200,"height":674,"url":"https:\/\/dicodusport.fr\/blog\/wp-content\/uploads\/2025\/10\/VTT-Lake-Placid-Chris-Blevins-souffle-la-victoire-a-Adrien-Boichis-et-empoche-le-general-1.png","type":"image\/png"}],"author":"Pierre Gorce","twitter_card":"summary_large_image","twitter_title":"VTT Lake Placid : Chris Blevins souffle la victoire \u00e0 Adrien Boichis et empoche le g\u00e9n\u00e9ral","twitter_creator":"@https:\/\/twitter.com\/pierregorce12","twitter_site":"@dicodusport","schema":{"@context":"https:\/\/schema.org","@graph":[{"@type":"NewsArticle","@id":"https:\/\/dicodusport.fr\/blog\/vtt-lake-placid-chris-blevins-souffle-la-victoire-a-adrien-boichis-et-empoche-le-general\/#article","isPartOf":{"@id":"https:\/\/dicodusport.fr\/blog\/vtt-lake-placid-chris-blevins-souffle-la-victoire-a-adrien-boichis-et-empoche-le-general\/"},"author":{"name":"Pierre Gorce","@id":"https:\/\/dicodusport.fr\/blog\/#\/schema\/person\/0eaf70b33d703a1a66b1155ac1bda018"},"headline":"VTT Lake Placid : Chris Blevins souffle la victoire \u00e0 Adrien Boichis et empoche le g\u00e9n\u00e9ral","datePublished":"2025-10-03T21:30:34+00:00","dateModified":"2025-10-04T09:08:49+00:00","mainEntityOfPage":{"@id":"https:\/\/dicodusport.fr\/blog\/vtt-lake-placid-chris-blevins-souffle-la-victoire-a-adrien-boichis-et-empoche-le-general\/"},"wordCount":488,"commentCount":0,"publisher":{"@id":"https:\/\/dicodusport.fr\/blog\/#organization"},"image":{"@id":"https:\/\/dicodusport.fr\/blog\/vtt-lake-placid-chris-blevins-souffle-la-victoire-a-adrien-boichis-et-empoche-le-general\/#primaryimage"},"thumbnailUrl":"https:\/\/dicodusport.fr\/blog\/wp-content\/uploads\/2025\/10\/VTT-Lake-Placid-Chris-Blevins-souffle-la-victoire-a-Adrien-Boichis-et-empoche-le-general-1.png","keywords":["br\u00e8ve","Coupe du monde de VTT","VTT"],"articleSection":["VTT"],"inLanguage":"fr-FR","potentialAction":[{"@type":"CommentAction","name":"Comment","target":["https:\/\/dicodusport.fr\/blog\/vtt-lake-placid-chris-blevins-souffle-la-victoire-a-adrien-boichis-et-empoche-le-general\/#respond"]}],"copyrightYear":"2025","copyrightHolder":{"@id":"https:\/\/dicodusport.fr\/blog\/#organization"}},{"@type":"WebPage","@id":"https:\/\/dicodusport.fr\/blog\/vtt-lake-placid-chris-blevins-souffle-la-victoire-a-adrien-boichis-et-empoche-le-general\/","url":"https:\/\/dicodusport.fr\/blog\/vtt-lake-placid-chris-blevins-souffle-la-victoire-a-adrien-boichis-et-empoche-le-general\/","name":"VTT Lake Placid : Chris Blevins souffle la victoire \u00e0 Adrien Boichis et empoche le g\u00e9n\u00e9ral","isPartOf":{"@id":"https:\/\/dicodusport.fr\/blog\/#website"},"primaryImageOfPage":{"@id":"https:\/\/dicodusport.fr\/blog\/vtt-lake-placid-chris-blevins-souffle-la-victoire-a-adrien-boichis-et-empoche-le-general\/#primaryimage"},"image":{"@id":"https:\/\/dicodusport.fr\/blog\/vtt-lake-placid-chris-blevins-souffle-la-victoire-a-adrien-boichis-et-empoche-le-general\/#primaryimage"},"thumbnailUrl":"https:\/\/dicodusport.fr\/blog\/wp-content\/uploads\/2025\/10\/VTT-Lake-Placid-Chris-Blevins-souffle-la-victoire-a-Adrien-Boichis-et-empoche-le-general-1.png","datePublished":"2025-10-03T21:30:34+00:00","dateModified":"2025-10-04T09:08:49+00:00","description":"Chris Blevins remporte son XCC \u00e0 domicile, \u00e0 Lake Placid, et remporte par la m\u00eame occasion le classement g\u00e9n\u00e9ral de la Coupe du monde.","breadcrumb":{"@id":"https:\/\/dicodusport.fr\/blog\/vtt-lake-placid-chris-blevins-souffle-la-victoire-a-adrien-boichis-et-empoche-le-general\/#breadcrumb"},"inLanguage":"fr-FR","potentialAction":[{"@type":"ReadAction","target":["https:\/\/dicodusport.fr\/blog\/vtt-lake-placid-chris-blevins-souffle-la-victoire-a-adrien-boichis-et-empoche-le-general\/"]}]},{"@type":"ImageObject","inLanguage":"fr-FR","@id":"https:\/\/dicodusport.fr\/blog\/vtt-lake-placid-chris-blevins-souffle-la-victoire-a-adrien-boichis-et-empoche-le-general\/#primaryimage","url":"https:\/\/dicodusport.fr\/blog\/wp-content\/uploads\/2025\/10\/VTT-Lake-Placid-Chris-Blevins-souffle-la-victoire-a-Adrien-Boichis-et-empoche-le-general-1.png","contentUrl":"https:\/\/dicodusport.fr\/blog\/wp-content\/uploads\/2025\/10\/VTT-Lake-Placid-Chris-Blevins-souffle-la-victoire-a-Adrien-Boichis-et-empoche-le-general-1.png","width":1200,"height":674,"caption":"VTT Lake Placid Chris Blevins souffle la victoire \u00e0 Adrien Boichis et empoche le g\u00e9n\u00e9ral"},{"@type":"BreadcrumbList","@id":"https:\/\/dicodusport.fr\/blog\/vtt-lake-placid-chris-blevins-souffle-la-victoire-a-adrien-boichis-et-empoche-le-general\/#breadcrumb","itemListElement":[{"@type":"ListItem","position":1,"name":"Accueil","item":"https:\/\/dicodusport.fr\/blog\/"},{"@type":"ListItem","position":2,"name":"VTT Lake Placid : Chris Blevins souffle la victoire \u00e0 Adrien Boichis et empoche le g\u00e9n\u00e9ral"}]},{"@type":"WebSite","@id":"https:\/\/dicodusport.fr\/blog\/#website","url":"https:\/\/dicodusport.fr\/blog\/","name":"Dicodusport","description":"L&#039;encyclop\u00e9die de l&#039;actualit\u00e9 sportive","publisher":{"@id":"https:\/\/dicodusport.fr\/blog\/#organization"},"potentialAction":[{"@type":"SearchAction","target":{"@type":"EntryPoint","urlTemplate":"https:\/\/dicodusport.fr\/blog\/?s={search_term_string}"},"query-input":{"@type":"PropertyValueSpecification","valueRequired":true,"valueName":"search_term_string"}}],"inLanguage":"fr-FR"},{"@type":"NewsMediaOrganization","@id":"https:\/\/dicodusport.fr\/blog\/#organization","name":"Dicodusport","url":"https:\/\/dicodusport.fr\/blog\/","logo":{"@type":"ImageObject","inLanguage":"fr-FR","@id":"https:\/\/dicodusport.fr\/blog\/#\/schema\/logo\/image\/","url":"https:\/\/dicodusport.fr\/blog\/wp-content\/uploads\/2020\/06\/cropped-LOGO-DICODUSPORT-2020-SANS-FOND-SANS-TEXTE.png","contentUrl":"https:\/\/dicodusport.fr\/blog\/wp-content\/uploads\/2020\/06\/cropped-LOGO-DICODUSPORT-2020-SANS-FOND-SANS-TEXTE.png","width":512,"height":512,"caption":"Dicodusport"},"image":{"@id":"https:\/\/dicodusport.fr\/blog\/#\/schema\/logo\/image\/"},"sameAs":["https:\/\/www.facebook.com\/dicodusport","https:\/\/x.com\/dicodusport","https:\/\/www.instagram.com\/dicodusport\/","https:\/\/www.youtube.com\/channel\/UC7V2KZ5sd3htJivAbA4ZG3w"],"description":"Dicodusport est l'encyclop\u00e9die de l'actualit\u00e9 sportive.","email":"bonjour@dicodusport.fr","legalName":"DICODUSPORT","foundingDate":"2018-01-14","vatID":"FR71834470973","taxID":"83447097300043","numberOfEmployees":{"@type":"QuantitativeValue","minValue":"1","maxValue":"10"}},{"@type":"Person","@id":"https:\/\/dicodusport.fr\/blog\/#\/schema\/person\/0eaf70b33d703a1a66b1155ac1bda018","name":"Pierre Gorce","image":{"@type":"ImageObject","inLanguage":"fr-FR","@id":"https:\/\/dicodusport.fr\/blog\/#\/schema\/person\/image\/","url":"https:\/\/dicodusport.fr\/blog\/wp-content\/uploads\/2022\/03\/IMG_20211214_233053_722-150x150.jpg","contentUrl":"https:\/\/dicodusport.fr\/blog\/wp-content\/uploads\/2022\/03\/IMG_20211214_233053_722-150x150.jpg","caption":"Pierre Gorce"},"description":"Couteau suisse venant tout droit de Haute-Savoie. Habitu\u00e9 \u00e0 regarder du sport depuis petit, j'en ai maintenant fait mon m\u00e9tier. Des sports d'hiver au surf, en passant par le tennis, la F1, le handball et l'athl\u00e9tisme, j'essaie d'avoir mes yeux sur l'enti\u00e8ret\u00e9 de l'actualit\u00e9. Jeune homme berc\u00e9 par les exploits de Jean-Baptiste Grange, Sebastian Vettel et des Experts. Membre de la g\u00e9n\u00e9ration 1999 comme Luka Doncic, Sydney McLaughlin, Lando Norris et Loana Lecomte, mais avec beaucoup moins de talent qu'eux.","sameAs":["https:\/\/x.com\/https:\/\/twitter.com\/pierregorce12"],"birthDate":"1999-08-29","url":"https:\/\/dicodusport.fr\/blog\/author\/pierreg\/"}]}},"_links":{"self":[{"href":"https:\/\/dicodusport.fr\/blog\/wp-json\/wp\/v2\/posts\/616459","targetHints":{"allow":["GET"]}}],"collection":[{"href":"https:\/\/dicodusport.fr\/blog\/wp-json\/wp\/v2\/posts"}],"about":[{"href":"https:\/\/dicodusport.fr\/blog\/wp-json\/wp\/v2\/types\/post"}],"author":[{"embeddable":true,"href":"https:\/\/dicodusport.fr\/blog\/wp-json\/wp\/v2\/users\/61"}],"replies":[{"embeddable":true,"href":"https:\/\/dicodusport.fr\/blog\/wp-json\/wp\/v2\/comments?post=616459"}],"version-history":[{"count":5,"href":"https:\/\/dicodusport.fr\/blog\/wp-json\/wp\/v2\/posts\/616459\/revisions"}],"predecessor-version":[{"id":616481,"href":"https:\/\/dicodusport.fr\/blog\/wp-json\/wp\/v2\/posts\/616459\/revisions\/616481"}],"wp:featuredmedia":[{"embeddable":true,"href":"https:\/\/dicodusport.fr\/blog\/wp-json\/wp\/v2\/media\/616551"}],"wp:attachment":[{"href":"https:\/\/dicodusport.fr\/blog\/wp-json\/wp\/v2\/media?parent=616459"}],"wp:term":[{"taxonomy":"category","embeddable":true,"href":"https:\/\/dicodusport.fr\/blog\/wp-json\/wp\/v2\/categories?post=616459"},{"taxonomy":"post_tag","embeddable":true,"href":"https:\/\/dicodusport.fr\/blog\/wp-json\/wp\/v2\/tags?post=616459"}],"curies":[{"name":"wp","href":"https:\/\/api.w.org\/{rel}","templated":true}]}}