{"id":616535,"date":"2025-10-04T12:31:39","date_gmt":"2025-10-04T10:31:39","guid":{"rendered":"https:\/\/dicodusport.fr\/blog\/?p=616535&#038;preview=true&#038;preview_id=616535"},"modified":"2025-10-04T13:46:25","modified_gmt":"2025-10-04T11:46:25","slug":"championnats-deurope-2025-maxime-decomble-en-argent-sur-la-course-en-ligne-u23-jarno-widar-sacre","status":"publish","type":"post","link":"https:\/\/dicodusport.fr\/blog\/championnats-deurope-2025-maxime-decomble-en-argent-sur-la-course-en-ligne-u23-jarno-widar-sacre\/","title":{"rendered":"Championnats d&rsquo;Europe 2025 : Maxime Decomble en argent sur la course en ligne U23, Jarno Widar sacr\u00e9"},"content":{"rendered":"<p style=\"text-align: justify;\"><b><i>CHAMPIONNATS D&rsquo;EUROPE 2025 &#8211; Le Belge <strong>Jarno Widar<\/strong> a \u00e9t\u00e9 sacr\u00e9 champion d&rsquo;Europe de la course sur route dans la cat\u00e9gorie espoirs, samedi, \u00e0 Guilherand-Granges. Le Fran\u00e7ais Maxime Decomble a pris la m\u00e9daille d&rsquo;argent.\u00a0<\/i><\/b><\/p>\n<ul style=\"text-align: justify;\">\n<li style=\"text-align: justify;\"><strong>\u00c0 ce sujet \u2013\u00a0<a href=\"https:\/\/dicodusport.fr\/blog\/cyclisme-championnats-deurope-2025-programme-horaires-et-resultats\/\">Cyclisme Championnats d\u2019Europe 2025 : Programme, horaires et r\u00e9sultats<\/a><\/strong><\/li>\n<\/ul>\n<p style=\"text-align: justify;\">Pour la course sur route des espoirs, les coureurs avaient au programme trois fois la boucle de 34, 5 kilom\u00e8tres comprenant l&rsquo;ascension de <strong>Saint-Romain-de-Lerps<\/strong> (7 km \u00e0 7,2 %, dont les 2,4 premiers kilom\u00e8tres \u00e0 9,2 %) et le <strong>Val d&rsquo;Enfer<\/strong> (1600 m\u00e8tres \u00e0 9,7 %) et une fois la boucle finale de 17 kilom\u00e8tres avec la <strong>mont\u00e9e de Costebelle<\/strong> (300 m\u00e8tres \u00e0 6 %) et \u00e0 <strong>Val d&rsquo;Enfer<\/strong>.<\/p>\n<ul style=\"text-align: justify;\">\n<li><strong>\u00c0 ce sujet \u2013\u00a0<a href=\"https:\/\/dicodusport.fr\/blog\/championnat-deurope-2025-resultats-et-classement-course-en-ligne-u23-hommes\/\">Cyclisme Championnats d\u2019Europe 2025 : Classement course sur route espoirs hommes<\/a><\/strong><\/li>\n<\/ul>\n<p style=\"text-align: justify;\">Huit coureurs parmi les 10 premiers des derniers Championnats du monde \u00e9taient au d\u00e9part aujourd&rsquo;hui dont <a href=\"https:\/\/dicodusport.fr\/blog\/litalien-lorenzo-finn-champion-du-monde-u23-de-la-course-en-ligne-a-kigali-victor-loulergue-7eme\/\">le champion du monde <strong>Lorenzo Finn<\/strong><\/a> et son dauphin helv\u00e9tique <strong>Jan Huber<\/strong>. Au total, 133 coureurs se sont \u00e9lanc\u00e9s \u00e0 9h, ce matin. L&rsquo;\u00e9quipe de France \u00e9tait articul\u00e9e autour de <strong>Maxime Decomble\u00a0<\/strong>(<a href=\"https:\/\/dicodusport.fr\/blog\/maxime-decomble-en-bronze-sur-le-chrono-u23-des-championnats-du-monde-de-kigali-jakob-soderqvist-titre\/\">m\u00e9daill\u00e9 de bronze lors du contre-la-montre individuel des championnats du monde<\/a> et quatri\u00e8me de l&rsquo;effort en solitaire lors de ces championnats d&rsquo;Europe).<\/p>\n<h2 style=\"text-align: justify;\">Widar trop fort, Decomble a r\u00e9sist\u00e9<\/h2>\n<p style=\"text-align: justify;\">D&rsquo;abord, le d\u00e9but de la course a \u00e9t\u00e9 anim\u00e9 par le Danois <strong>Anders Vos Sorensen<\/strong> et le Luxembourgeois <strong>Mil Morang<\/strong>. Ce dernier s&rsquo;\u00e9tait fait remarquer en allant \u00e0 plusieurs reprises dans les \u00e9chapp\u00e9es lors du dernier Tour du Luxembourg. Bien s\u00fbr, les mont\u00e9es de Saint-Romain-de-Lerps et du Val d&rsquo;Enfer ont provoqu\u00e9 une s\u00e9lection au sein du peloton, compos\u00e9 de 80 coureurs apr\u00e8s avoir effectu\u00e9 un tour de la premi\u00e8re boucle.<\/p>\n<p style=\"text-align: justify;\">Ensuite, les deux hommes de t\u00eate ont \u00e9t\u00e9 repris dans le deuxi\u00e8me tour de la grande boucle, \u00e0 environ 50 kilom\u00e8tres du terme. Les \u00e9quipes nationales belges, allemande et fran\u00e7aise ont r\u00e9alis\u00e9 le gros travail dans la poursuite au sein d&rsquo;un peloton d&rsquo;une cinquantaine de coureurs. Les grands favoris comme <strong>Jarno Widar, Lorenzo Finn, Maxime Decomble<\/strong> et <strong>Adria Pericas<\/strong> \u00e9taient toujours pr\u00e9sents dans le peloton. Du c\u00f4t\u00e9 belge, <strong>Matteo Vanhuffel<\/strong> et <strong>Matisse Van Kerckhove\u00a0<\/strong>ont \u00e9t\u00e9 efficaces dans les deux ascensions pour prot\u00e9ger leur leader.<\/p>\n<p style=\"text-align: justify;\">Par la suite, l&rsquo;Irlandais <strong>Liam O&rsquo;Brien<\/strong> est sorti en solitaire avant d&rsquo;entamer la derni\u00e8re boucle de 17 kilom\u00e8tres avec sept secondes d&rsquo;avance sur ses poursuivants tels que <strong>Jarno Widar,<\/strong> le duo italien <strong>Simone Gualdi, Lorenzo Finn, <\/strong>les Fran\u00e7ais <strong>Victor Loulergue <\/strong>et<strong> Maxime Decomble<\/strong>, l&rsquo;Allemand<strong> Max Bock<\/strong>, les N\u00e9erlandais <strong>Senna Remijn <\/strong>et <strong>Jurgen Zomermaand<\/strong>, les Espagnols <strong>Hector Alvarez <\/strong>et<strong> Adria Pericas <\/strong>ainsi que le Portugais<strong> Lucas Lopes.<\/strong><\/p>\n<p style=\"text-align: justify;\">Puis,<strong> Jarno Widar<\/strong> a fait la diff\u00e9rence dans le Val d&rsquo;Enfer et a d\u00e9pass\u00e9 l&rsquo;homme de t\u00eate. Derri\u00e8re, <strong>Maxime Decomble<\/strong> \u00e9tait seul en contre, mais le Tricolore n&rsquo;a pas pu revenir sur le Belge et a \u00e9chou\u00e9 \u00e0 14 secondes. Pour la m\u00e9daille de bronze, <strong>Hector Alvarez<\/strong> a r\u00e9gl\u00e9 le groupe de chasse \u00e0 46 secondes devant l&rsquo;Italien <strong>Simone Gualdi<\/strong> et le N\u00e9erlandais <strong>Senna Remijn<\/strong>. <strong>Victor Loulergue<\/strong> a pris la sixi\u00e8me place.<\/p>\n<blockquote class=\"twitter-tweet\">\n<p dir=\"ltr\" lang=\"fr\">\ud83e\udd48 ALERTE M\u00c9DAILLE \ud83e\udd48<\/p>\n<p>\ud83d\udc4f Maxime Decomble vient signer la 2e place des Championnats d&rsquo;Europe U23 o\u00f9 l&rsquo;on retrouve Victor Loulergue et Max Bock dans le Top 10.<br \/>\nLa victoire est revenue \u00e0 Jarno Widar.<\/p>\n<p>It&rsquo;s silver for Maxime Decomble on the European RR U23 ! <a href=\"https:\/\/t.co\/ubfucbLqB6\">pic.twitter.com\/ubfucbLqB6<\/a><\/p>\n<p>\u2014 La Conti Groupama-FDJ (@GroupamaFDJ_ct) <a href=\"https:\/\/twitter.com\/GroupamaFDJ_ct\/status\/1974418063908020393?ref_src=twsrc%5Etfw\">October 4, 2025<\/a><\/p><\/blockquote>\n<p><script async src=\"https:\/\/platform.twitter.com\/widgets.js\" charset=\"utf-8\"><\/script><\/p>\n<ul>\n<li style=\"text-align: justify;\"><strong>\u00c0 ce sujet \u2013 <a href=\"https:\/\/dicodusport.fr\/blog\/tableau-des-medailles-cyclisme-championnats-deurope-2025-mis-a-jour\/\">Tableau des m\u00e9dailles Cyclisme Championnats d&rsquo;Europe 2025 mis \u00e0 jour<\/a>\u00a0<\/strong><\/li>\n<\/ul>\n","protected":false},"excerpt":{"rendered":"<p>CHAMPIONNATS D&rsquo;EUROPE 2025 &#8211; Le Belge Jarno Widar a \u00e9t\u00e9 sacr\u00e9 champion d&rsquo;Europe de la course sur route dans la cat\u00e9gorie espoirs, samedi, \u00e0 Guilherand-Granges. Le Fran\u00e7ais Maxime Decomble a pris la m\u00e9daille d&rsquo;argent.\u00a0<\/p>\n","protected":false},"author":48,"featured_media":616620,"comment_status":"open","ping_status":"closed","sticky":false,"template":"","format":"standard","meta":{"_acf_changed":false,"_daextam_enable_autolinks":"1","footnotes":""},"categories":[46994],"tags":[32415,16878,23805,574,11197],"class_list":["post-616535","post","type-post","status-publish","format-standard","has-post-thumbnail","hentry","category-cyclisme-sur-route","tag-actu","tag-breve","tag-championnats-deurope-de-cyclisme-sur-route","tag-cyclisme","tag-cyclisme-sur-route"],"acf":[],"yoast_head":"<!-- This site is optimized with the Yoast SEO Premium plugin v26.7 (Yoast SEO v26.7) - https:\/\/yoast.com\/wordpress\/plugins\/seo\/ -->\n<title>Championnats d&#039;Europe 2025 : Maxime Decomble en argent sur la course en ligne U23, Jarno Widar sacr\u00e9<\/title>\n<meta name=\"description\" content=\"CHAMPIONNATS D&#039;EUROPE 2025 - Jarno Widar a \u00e9t\u00e9 sacr\u00e9 champion d&#039;Europe de la course sur route dans la cat\u00e9gorie espoirs. Le Fran\u00e7ais Maxime Decomble a pris la m\u00e9daille d&#039;argent.\u00a0\" \/>\n<meta name=\"robots\" content=\"index, follow, max-snippet:-1, max-image-preview:large, max-video-preview:-1\" \/>\n<link rel=\"canonical\" href=\"https:\/\/dicodusport.fr\/blog\/championnats-deurope-2025-maxime-decomble-en-argent-sur-la-course-en-ligne-u23-jarno-widar-sacre\/\" \/>\n<meta property=\"og:locale\" content=\"fr_FR\" \/>\n<meta property=\"og:type\" content=\"article\" \/>\n<meta property=\"og:title\" content=\"Championnats d&#039;Europe 2025 : Maxime Decomble en argent sur la course en ligne U23, Jarno Widar sacr\u00e9\" \/>\n<meta property=\"og:description\" content=\"CHAMPIONNATS D&#039;EUROPE 2025 - Jarno Widar a \u00e9t\u00e9 sacr\u00e9 champion d&#039;Europe de la course sur route dans la cat\u00e9gorie espoirs. Le Fran\u00e7ais Maxime Decomble a pris la m\u00e9daille d&#039;argent.\u00a0\" \/>\n<meta property=\"og:url\" content=\"https:\/\/dicodusport.fr\/blog\/championnats-deurope-2025-maxime-decomble-en-argent-sur-la-course-en-ligne-u23-jarno-widar-sacre\/\" \/>\n<meta property=\"og:site_name\" content=\"Dicodusport\" \/>\n<meta property=\"article:publisher\" content=\"https:\/\/www.facebook.com\/dicodusport\" \/>\n<meta property=\"article:author\" content=\"https:\/\/www.facebook.com\/groups\/LesRoisDuPeloton\" \/>\n<meta property=\"article:published_time\" content=\"2025-10-04T10:31:39+00:00\" \/>\n<meta property=\"article:modified_time\" content=\"2025-10-04T11:46:25+00:00\" \/>\n<meta property=\"og:image\" content=\"https:\/\/dicodusport.fr\/blog\/wp-content\/uploads\/2025\/10\/Championnats-dEurope-2025-Maxime-Decomble-en-argent-sur-la-course-en-ligne-U23-Jarno-Widar-sacre-1.png\" \/>\n\t<meta property=\"og:image:width\" content=\"1200\" \/>\n\t<meta property=\"og:image:height\" content=\"674\" \/>\n\t<meta property=\"og:image:type\" content=\"image\/png\" \/>\n<meta name=\"author\" content=\"Emilien Descampiaux\" \/>\n<meta name=\"twitter:card\" content=\"summary_large_image\" \/>\n<meta name=\"twitter:creator\" content=\"@https:\/\/twitter.com\/LRoisDuPeloton\" \/>\n<meta name=\"twitter:site\" content=\"@dicodusport\" \/>\n<script type=\"application\/ld+json\" class=\"yoast-schema-graph\">{\"@context\":\"https:\/\/schema.org\",\"@graph\":[{\"@type\":\"NewsArticle\",\"@id\":\"https:\/\/dicodusport.fr\/blog\/championnats-deurope-2025-maxime-decomble-en-argent-sur-la-course-en-ligne-u23-jarno-widar-sacre\/#article\",\"isPartOf\":{\"@id\":\"https:\/\/dicodusport.fr\/blog\/championnats-deurope-2025-maxime-decomble-en-argent-sur-la-course-en-ligne-u23-jarno-widar-sacre\/\"},\"author\":{\"name\":\"Emilien Descampiaux\",\"@id\":\"https:\/\/dicodusport.fr\/blog\/#\/schema\/person\/6db4bae06b171592211be385b32876a7\"},\"headline\":\"Championnats d&rsquo;Europe 2025 : Maxime Decomble en argent sur la course en ligne U23, Jarno Widar sacr\u00e9\",\"datePublished\":\"2025-10-04T10:31:39+00:00\",\"dateModified\":\"2025-10-04T11:46:25+00:00\",\"mainEntityOfPage\":{\"@id\":\"https:\/\/dicodusport.fr\/blog\/championnats-deurope-2025-maxime-decomble-en-argent-sur-la-course-en-ligne-u23-jarno-widar-sacre\/\"},\"wordCount\":610,\"commentCount\":0,\"publisher\":{\"@id\":\"https:\/\/dicodusport.fr\/blog\/#organization\"},\"image\":{\"@id\":\"https:\/\/dicodusport.fr\/blog\/championnats-deurope-2025-maxime-decomble-en-argent-sur-la-course-en-ligne-u23-jarno-widar-sacre\/#primaryimage\"},\"thumbnailUrl\":\"https:\/\/dicodusport.fr\/blog\/wp-content\/uploads\/2025\/10\/Championnats-dEurope-2025-Maxime-Decomble-en-argent-sur-la-course-en-ligne-U23-Jarno-Widar-sacre-1.png\",\"keywords\":[\"actu\",\"br\u00e8ve\",\"Championnats d'Europe de cyclisme sur route\",\"Cyclisme\",\"Cyclisme sur route\"],\"articleSection\":[\"Cyclisme sur route\"],\"inLanguage\":\"fr-FR\",\"potentialAction\":[{\"@type\":\"CommentAction\",\"name\":\"Comment\",\"target\":[\"https:\/\/dicodusport.fr\/blog\/championnats-deurope-2025-maxime-decomble-en-argent-sur-la-course-en-ligne-u23-jarno-widar-sacre\/#respond\"]}],\"copyrightYear\":\"2025\",\"copyrightHolder\":{\"@id\":\"https:\/\/dicodusport.fr\/blog\/#organization\"}},{\"@type\":\"WebPage\",\"@id\":\"https:\/\/dicodusport.fr\/blog\/championnats-deurope-2025-maxime-decomble-en-argent-sur-la-course-en-ligne-u23-jarno-widar-sacre\/\",\"url\":\"https:\/\/dicodusport.fr\/blog\/championnats-deurope-2025-maxime-decomble-en-argent-sur-la-course-en-ligne-u23-jarno-widar-sacre\/\",\"name\":\"Championnats d'Europe 2025 : Maxime Decomble en argent sur la course en ligne U23, Jarno Widar sacr\u00e9\",\"isPartOf\":{\"@id\":\"https:\/\/dicodusport.fr\/blog\/#website\"},\"primaryImageOfPage\":{\"@id\":\"https:\/\/dicodusport.fr\/blog\/championnats-deurope-2025-maxime-decomble-en-argent-sur-la-course-en-ligne-u23-jarno-widar-sacre\/#primaryimage\"},\"image\":{\"@id\":\"https:\/\/dicodusport.fr\/blog\/championnats-deurope-2025-maxime-decomble-en-argent-sur-la-course-en-ligne-u23-jarno-widar-sacre\/#primaryimage\"},\"thumbnailUrl\":\"https:\/\/dicodusport.fr\/blog\/wp-content\/uploads\/2025\/10\/Championnats-dEurope-2025-Maxime-Decomble-en-argent-sur-la-course-en-ligne-U23-Jarno-Widar-sacre-1.png\",\"datePublished\":\"2025-10-04T10:31:39+00:00\",\"dateModified\":\"2025-10-04T11:46:25+00:00\",\"description\":\"CHAMPIONNATS D'EUROPE 2025 - Jarno Widar a \u00e9t\u00e9 sacr\u00e9 champion d'Europe de la course sur route dans la cat\u00e9gorie espoirs. Le Fran\u00e7ais Maxime Decomble a pris la m\u00e9daille d'argent.\u00a0\",\"breadcrumb\":{\"@id\":\"https:\/\/dicodusport.fr\/blog\/championnats-deurope-2025-maxime-decomble-en-argent-sur-la-course-en-ligne-u23-jarno-widar-sacre\/#breadcrumb\"},\"inLanguage\":\"fr-FR\",\"potentialAction\":[{\"@type\":\"ReadAction\",\"target\":[\"https:\/\/dicodusport.fr\/blog\/championnats-deurope-2025-maxime-decomble-en-argent-sur-la-course-en-ligne-u23-jarno-widar-sacre\/\"]}]},{\"@type\":\"ImageObject\",\"inLanguage\":\"fr-FR\",\"@id\":\"https:\/\/dicodusport.fr\/blog\/championnats-deurope-2025-maxime-decomble-en-argent-sur-la-course-en-ligne-u23-jarno-widar-sacre\/#primaryimage\",\"url\":\"https:\/\/dicodusport.fr\/blog\/wp-content\/uploads\/2025\/10\/Championnats-dEurope-2025-Maxime-Decomble-en-argent-sur-la-course-en-ligne-U23-Jarno-Widar-sacre-1.png\",\"contentUrl\":\"https:\/\/dicodusport.fr\/blog\/wp-content\/uploads\/2025\/10\/Championnats-dEurope-2025-Maxime-Decomble-en-argent-sur-la-course-en-ligne-U23-Jarno-Widar-sacre-1.png\",\"width\":1200,\"height\":674,\"caption\":\"Championnats d'Europe 2025 Maxime Decomble en argent sur la course en ligne U23, Jarno Widar sacr\u00e9\"},{\"@type\":\"BreadcrumbList\",\"@id\":\"https:\/\/dicodusport.fr\/blog\/championnats-deurope-2025-maxime-decomble-en-argent-sur-la-course-en-ligne-u23-jarno-widar-sacre\/#breadcrumb\",\"itemListElement\":[{\"@type\":\"ListItem\",\"position\":1,\"name\":\"Accueil\",\"item\":\"https:\/\/dicodusport.fr\/blog\/\"},{\"@type\":\"ListItem\",\"position\":2,\"name\":\"Championnats d&rsquo;Europe 2025 : Maxime Decomble en argent sur la course en ligne U23, Jarno Widar sacr\u00e9\"}]},{\"@type\":\"WebSite\",\"@id\":\"https:\/\/dicodusport.fr\/blog\/#website\",\"url\":\"https:\/\/dicodusport.fr\/blog\/\",\"name\":\"Dicodusport\",\"description\":\"L&#039;encyclop\u00e9die de l&#039;actualit\u00e9 sportive\",\"publisher\":{\"@id\":\"https:\/\/dicodusport.fr\/blog\/#organization\"},\"potentialAction\":[{\"@type\":\"SearchAction\",\"target\":{\"@type\":\"EntryPoint\",\"urlTemplate\":\"https:\/\/dicodusport.fr\/blog\/?s={search_term_string}\"},\"query-input\":{\"@type\":\"PropertyValueSpecification\",\"valueRequired\":true,\"valueName\":\"search_term_string\"}}],\"inLanguage\":\"fr-FR\"},{\"@type\":\"NewsMediaOrganization\",\"@id\":\"https:\/\/dicodusport.fr\/blog\/#organization\",\"name\":\"Dicodusport\",\"url\":\"https:\/\/dicodusport.fr\/blog\/\",\"logo\":{\"@type\":\"ImageObject\",\"inLanguage\":\"fr-FR\",\"@id\":\"https:\/\/dicodusport.fr\/blog\/#\/schema\/logo\/image\/\",\"url\":\"https:\/\/dicodusport.fr\/blog\/wp-content\/uploads\/2020\/06\/cropped-LOGO-DICODUSPORT-2020-SANS-FOND-SANS-TEXTE.png\",\"contentUrl\":\"https:\/\/dicodusport.fr\/blog\/wp-content\/uploads\/2020\/06\/cropped-LOGO-DICODUSPORT-2020-SANS-FOND-SANS-TEXTE.png\",\"width\":512,\"height\":512,\"caption\":\"Dicodusport\"},\"image\":{\"@id\":\"https:\/\/dicodusport.fr\/blog\/#\/schema\/logo\/image\/\"},\"sameAs\":[\"https:\/\/www.facebook.com\/dicodusport\",\"https:\/\/x.com\/dicodusport\",\"https:\/\/www.instagram.com\/dicodusport\/\",\"https:\/\/www.youtube.com\/channel\/UC7V2KZ5sd3htJivAbA4ZG3w\"],\"description\":\"Dicodusport est l'encyclop\u00e9die de l'actualit\u00e9 sportive.\",\"email\":\"bonjour@dicodusport.fr\",\"legalName\":\"DICODUSPORT\",\"foundingDate\":\"2018-01-14\",\"vatID\":\"FR71834470973\",\"taxID\":\"83447097300043\",\"numberOfEmployees\":{\"@type\":\"QuantitativeValue\",\"minValue\":\"1\",\"maxValue\":\"10\"}},{\"@type\":\"Person\",\"@id\":\"https:\/\/dicodusport.fr\/blog\/#\/schema\/person\/6db4bae06b171592211be385b32876a7\",\"name\":\"Emilien Descampiaux\",\"image\":{\"@type\":\"ImageObject\",\"inLanguage\":\"fr-FR\",\"@id\":\"https:\/\/dicodusport.fr\/blog\/#\/schema\/person\/image\/\",\"url\":\"https:\/\/dicodusport.fr\/blog\/wp-content\/uploads\/2021\/05\/Emilien-Descampiaux-150x150.jpg\",\"contentUrl\":\"https:\/\/dicodusport.fr\/blog\/wp-content\/uploads\/2021\/05\/Emilien-Descampiaux-150x150.jpg\",\"caption\":\"Emilien Descampiaux\"},\"description\":\"Journaliste\/r\u00e9dacteur depuis 2014 - Fan de la classe de Frank Vandenbroucke, je vis cyclisme (et de ses paysages) depuis plus de 20 ans. Je suis tr\u00e8s impliqu\u00e9 sur mes diff\u00e9rents r\u00e9seaux sociaux pour partager ma passion sur le monde et l'Histoire de la bicyclette avec ma voix sur les images en noir et blanc du succ\u00e8s de Rik Van Steenbergen lors du Ronde sur le V\u00e9lodrome de Gand.\",\"sameAs\":[\"https:\/\/www.facebook.com\/groups\/LesRoisDuPeloton\",\"https:\/\/x.com\/https:\/\/twitter.com\/LRoisDuPeloton\"],\"url\":\"https:\/\/dicodusport.fr\/blog\/author\/emiliend\/\"}]}<\/script>\n<!-- \/ Yoast SEO Premium plugin. -->","yoast_head_json":{"title":"Championnats d'Europe 2025 : Maxime Decomble en argent sur la course en ligne U23, Jarno Widar sacr\u00e9","description":"CHAMPIONNATS D'EUROPE 2025 - Jarno Widar a \u00e9t\u00e9 sacr\u00e9 champion d'Europe de la course sur route dans la cat\u00e9gorie espoirs. Le Fran\u00e7ais Maxime Decomble a pris la m\u00e9daille d'argent.\u00a0","robots":{"index":"index","follow":"follow","max-snippet":"max-snippet:-1","max-image-preview":"max-image-preview:large","max-video-preview":"max-video-preview:-1"},"canonical":"https:\/\/dicodusport.fr\/blog\/championnats-deurope-2025-maxime-decomble-en-argent-sur-la-course-en-ligne-u23-jarno-widar-sacre\/","og_locale":"fr_FR","og_type":"article","og_title":"Championnats d'Europe 2025 : Maxime Decomble en argent sur la course en ligne U23, Jarno Widar sacr\u00e9","og_description":"CHAMPIONNATS D'EUROPE 2025 - Jarno Widar a \u00e9t\u00e9 sacr\u00e9 champion d'Europe de la course sur route dans la cat\u00e9gorie espoirs. Le Fran\u00e7ais Maxime Decomble a pris la m\u00e9daille d'argent.\u00a0","og_url":"https:\/\/dicodusport.fr\/blog\/championnats-deurope-2025-maxime-decomble-en-argent-sur-la-course-en-ligne-u23-jarno-widar-sacre\/","og_site_name":"Dicodusport","article_publisher":"https:\/\/www.facebook.com\/dicodusport","article_author":"https:\/\/www.facebook.com\/groups\/LesRoisDuPeloton","article_published_time":"2025-10-04T10:31:39+00:00","article_modified_time":"2025-10-04T11:46:25+00:00","og_image":[{"width":1200,"height":674,"url":"https:\/\/dicodusport.fr\/blog\/wp-content\/uploads\/2025\/10\/Championnats-dEurope-2025-Maxime-Decomble-en-argent-sur-la-course-en-ligne-U23-Jarno-Widar-sacre-1.png","type":"image\/png"}],"author":"Emilien Descampiaux","twitter_card":"summary_large_image","twitter_creator":"@https:\/\/twitter.com\/LRoisDuPeloton","twitter_site":"@dicodusport","schema":{"@context":"https:\/\/schema.org","@graph":[{"@type":"NewsArticle","@id":"https:\/\/dicodusport.fr\/blog\/championnats-deurope-2025-maxime-decomble-en-argent-sur-la-course-en-ligne-u23-jarno-widar-sacre\/#article","isPartOf":{"@id":"https:\/\/dicodusport.fr\/blog\/championnats-deurope-2025-maxime-decomble-en-argent-sur-la-course-en-ligne-u23-jarno-widar-sacre\/"},"author":{"name":"Emilien Descampiaux","@id":"https:\/\/dicodusport.fr\/blog\/#\/schema\/person\/6db4bae06b171592211be385b32876a7"},"headline":"Championnats d&rsquo;Europe 2025 : Maxime Decomble en argent sur la course en ligne U23, Jarno Widar sacr\u00e9","datePublished":"2025-10-04T10:31:39+00:00","dateModified":"2025-10-04T11:46:25+00:00","mainEntityOfPage":{"@id":"https:\/\/dicodusport.fr\/blog\/championnats-deurope-2025-maxime-decomble-en-argent-sur-la-course-en-ligne-u23-jarno-widar-sacre\/"},"wordCount":610,"commentCount":0,"publisher":{"@id":"https:\/\/dicodusport.fr\/blog\/#organization"},"image":{"@id":"https:\/\/dicodusport.fr\/blog\/championnats-deurope-2025-maxime-decomble-en-argent-sur-la-course-en-ligne-u23-jarno-widar-sacre\/#primaryimage"},"thumbnailUrl":"https:\/\/dicodusport.fr\/blog\/wp-content\/uploads\/2025\/10\/Championnats-dEurope-2025-Maxime-Decomble-en-argent-sur-la-course-en-ligne-U23-Jarno-Widar-sacre-1.png","keywords":["actu","br\u00e8ve","Championnats d'Europe de cyclisme sur route","Cyclisme","Cyclisme sur route"],"articleSection":["Cyclisme sur route"],"inLanguage":"fr-FR","potentialAction":[{"@type":"CommentAction","name":"Comment","target":["https:\/\/dicodusport.fr\/blog\/championnats-deurope-2025-maxime-decomble-en-argent-sur-la-course-en-ligne-u23-jarno-widar-sacre\/#respond"]}],"copyrightYear":"2025","copyrightHolder":{"@id":"https:\/\/dicodusport.fr\/blog\/#organization"}},{"@type":"WebPage","@id":"https:\/\/dicodusport.fr\/blog\/championnats-deurope-2025-maxime-decomble-en-argent-sur-la-course-en-ligne-u23-jarno-widar-sacre\/","url":"https:\/\/dicodusport.fr\/blog\/championnats-deurope-2025-maxime-decomble-en-argent-sur-la-course-en-ligne-u23-jarno-widar-sacre\/","name":"Championnats d'Europe 2025 : Maxime Decomble en argent sur la course en ligne U23, Jarno Widar sacr\u00e9","isPartOf":{"@id":"https:\/\/dicodusport.fr\/blog\/#website"},"primaryImageOfPage":{"@id":"https:\/\/dicodusport.fr\/blog\/championnats-deurope-2025-maxime-decomble-en-argent-sur-la-course-en-ligne-u23-jarno-widar-sacre\/#primaryimage"},"image":{"@id":"https:\/\/dicodusport.fr\/blog\/championnats-deurope-2025-maxime-decomble-en-argent-sur-la-course-en-ligne-u23-jarno-widar-sacre\/#primaryimage"},"thumbnailUrl":"https:\/\/dicodusport.fr\/blog\/wp-content\/uploads\/2025\/10\/Championnats-dEurope-2025-Maxime-Decomble-en-argent-sur-la-course-en-ligne-U23-Jarno-Widar-sacre-1.png","datePublished":"2025-10-04T10:31:39+00:00","dateModified":"2025-10-04T11:46:25+00:00","description":"CHAMPIONNATS D'EUROPE 2025 - Jarno Widar a \u00e9t\u00e9 sacr\u00e9 champion d'Europe de la course sur route dans la cat\u00e9gorie espoirs. Le Fran\u00e7ais Maxime Decomble a pris la m\u00e9daille d'argent.\u00a0","breadcrumb":{"@id":"https:\/\/dicodusport.fr\/blog\/championnats-deurope-2025-maxime-decomble-en-argent-sur-la-course-en-ligne-u23-jarno-widar-sacre\/#breadcrumb"},"inLanguage":"fr-FR","potentialAction":[{"@type":"ReadAction","target":["https:\/\/dicodusport.fr\/blog\/championnats-deurope-2025-maxime-decomble-en-argent-sur-la-course-en-ligne-u23-jarno-widar-sacre\/"]}]},{"@type":"ImageObject","inLanguage":"fr-FR","@id":"https:\/\/dicodusport.fr\/blog\/championnats-deurope-2025-maxime-decomble-en-argent-sur-la-course-en-ligne-u23-jarno-widar-sacre\/#primaryimage","url":"https:\/\/dicodusport.fr\/blog\/wp-content\/uploads\/2025\/10\/Championnats-dEurope-2025-Maxime-Decomble-en-argent-sur-la-course-en-ligne-U23-Jarno-Widar-sacre-1.png","contentUrl":"https:\/\/dicodusport.fr\/blog\/wp-content\/uploads\/2025\/10\/Championnats-dEurope-2025-Maxime-Decomble-en-argent-sur-la-course-en-ligne-U23-Jarno-Widar-sacre-1.png","width":1200,"height":674,"caption":"Championnats d'Europe 2025 Maxime Decomble en argent sur la course en ligne U23, Jarno Widar sacr\u00e9"},{"@type":"BreadcrumbList","@id":"https:\/\/dicodusport.fr\/blog\/championnats-deurope-2025-maxime-decomble-en-argent-sur-la-course-en-ligne-u23-jarno-widar-sacre\/#breadcrumb","itemListElement":[{"@type":"ListItem","position":1,"name":"Accueil","item":"https:\/\/dicodusport.fr\/blog\/"},{"@type":"ListItem","position":2,"name":"Championnats d&rsquo;Europe 2025 : Maxime Decomble en argent sur la course en ligne U23, Jarno Widar sacr\u00e9"}]},{"@type":"WebSite","@id":"https:\/\/dicodusport.fr\/blog\/#website","url":"https:\/\/dicodusport.fr\/blog\/","name":"Dicodusport","description":"L&#039;encyclop\u00e9die de l&#039;actualit\u00e9 sportive","publisher":{"@id":"https:\/\/dicodusport.fr\/blog\/#organization"},"potentialAction":[{"@type":"SearchAction","target":{"@type":"EntryPoint","urlTemplate":"https:\/\/dicodusport.fr\/blog\/?s={search_term_string}"},"query-input":{"@type":"PropertyValueSpecification","valueRequired":true,"valueName":"search_term_string"}}],"inLanguage":"fr-FR"},{"@type":"NewsMediaOrganization","@id":"https:\/\/dicodusport.fr\/blog\/#organization","name":"Dicodusport","url":"https:\/\/dicodusport.fr\/blog\/","logo":{"@type":"ImageObject","inLanguage":"fr-FR","@id":"https:\/\/dicodusport.fr\/blog\/#\/schema\/logo\/image\/","url":"https:\/\/dicodusport.fr\/blog\/wp-content\/uploads\/2020\/06\/cropped-LOGO-DICODUSPORT-2020-SANS-FOND-SANS-TEXTE.png","contentUrl":"https:\/\/dicodusport.fr\/blog\/wp-content\/uploads\/2020\/06\/cropped-LOGO-DICODUSPORT-2020-SANS-FOND-SANS-TEXTE.png","width":512,"height":512,"caption":"Dicodusport"},"image":{"@id":"https:\/\/dicodusport.fr\/blog\/#\/schema\/logo\/image\/"},"sameAs":["https:\/\/www.facebook.com\/dicodusport","https:\/\/x.com\/dicodusport","https:\/\/www.instagram.com\/dicodusport\/","https:\/\/www.youtube.com\/channel\/UC7V2KZ5sd3htJivAbA4ZG3w"],"description":"Dicodusport est l'encyclop\u00e9die de l'actualit\u00e9 sportive.","email":"bonjour@dicodusport.fr","legalName":"DICODUSPORT","foundingDate":"2018-01-14","vatID":"FR71834470973","taxID":"83447097300043","numberOfEmployees":{"@type":"QuantitativeValue","minValue":"1","maxValue":"10"}},{"@type":"Person","@id":"https:\/\/dicodusport.fr\/blog\/#\/schema\/person\/6db4bae06b171592211be385b32876a7","name":"Emilien Descampiaux","image":{"@type":"ImageObject","inLanguage":"fr-FR","@id":"https:\/\/dicodusport.fr\/blog\/#\/schema\/person\/image\/","url":"https:\/\/dicodusport.fr\/blog\/wp-content\/uploads\/2021\/05\/Emilien-Descampiaux-150x150.jpg","contentUrl":"https:\/\/dicodusport.fr\/blog\/wp-content\/uploads\/2021\/05\/Emilien-Descampiaux-150x150.jpg","caption":"Emilien Descampiaux"},"description":"Journaliste\/r\u00e9dacteur depuis 2014 - Fan de la classe de Frank Vandenbroucke, je vis cyclisme (et de ses paysages) depuis plus de 20 ans. Je suis tr\u00e8s impliqu\u00e9 sur mes diff\u00e9rents r\u00e9seaux sociaux pour partager ma passion sur le monde et l'Histoire de la bicyclette avec ma voix sur les images en noir et blanc du succ\u00e8s de Rik Van Steenbergen lors du Ronde sur le V\u00e9lodrome de Gand.","sameAs":["https:\/\/www.facebook.com\/groups\/LesRoisDuPeloton","https:\/\/x.com\/https:\/\/twitter.com\/LRoisDuPeloton"],"url":"https:\/\/dicodusport.fr\/blog\/author\/emiliend\/"}]}},"_links":{"self":[{"href":"https:\/\/dicodusport.fr\/blog\/wp-json\/wp\/v2\/posts\/616535","targetHints":{"allow":["GET"]}}],"collection":[{"href":"https:\/\/dicodusport.fr\/blog\/wp-json\/wp\/v2\/posts"}],"about":[{"href":"https:\/\/dicodusport.fr\/blog\/wp-json\/wp\/v2\/types\/post"}],"author":[{"embeddable":true,"href":"https:\/\/dicodusport.fr\/blog\/wp-json\/wp\/v2\/users\/48"}],"replies":[{"embeddable":true,"href":"https:\/\/dicodusport.fr\/blog\/wp-json\/wp\/v2\/comments?post=616535"}],"version-history":[{"count":5,"href":"https:\/\/dicodusport.fr\/blog\/wp-json\/wp\/v2\/posts\/616535\/revisions"}],"predecessor-version":[{"id":616621,"href":"https:\/\/dicodusport.fr\/blog\/wp-json\/wp\/v2\/posts\/616535\/revisions\/616621"}],"wp:featuredmedia":[{"embeddable":true,"href":"https:\/\/dicodusport.fr\/blog\/wp-json\/wp\/v2\/media\/616620"}],"wp:attachment":[{"href":"https:\/\/dicodusport.fr\/blog\/wp-json\/wp\/v2\/media?parent=616535"}],"wp:term":[{"taxonomy":"category","embeddable":true,"href":"https:\/\/dicodusport.fr\/blog\/wp-json\/wp\/v2\/categories?post=616535"},{"taxonomy":"post_tag","embeddable":true,"href":"https:\/\/dicodusport.fr\/blog\/wp-json\/wp\/v2\/tags?post=616535"}],"curies":[{"name":"wp","href":"https:\/\/api.w.org\/{rel}","templated":true}]}}