{"id":616949,"date":"2025-10-05T16:58:43","date_gmt":"2025-10-05T14:58:43","guid":{"rendered":"https:\/\/dicodusport.fr\/blog\/?p=616949&#038;preview=true&#038;preview_id=616949"},"modified":"2025-10-05T17:35:48","modified_gmt":"2025-10-05T15:35:48","slug":"championnats-deurope-2025-tadej-pogacar-rafle-lor-en-solitaire-paul-seixas-en-bronze","status":"publish","type":"post","link":"https:\/\/dicodusport.fr\/blog\/championnats-deurope-2025-tadej-pogacar-rafle-lor-en-solitaire-paul-seixas-en-bronze\/","title":{"rendered":"Championnats d&rsquo;Europe 2025 : Tadej Pogacar rafle l&rsquo;or en solitaire, Paul Seixas en bronze !"},"content":{"rendered":"<p style=\"text-align: justify;\"><strong><em>CHAMPIONNATS D&rsquo;EUROPE DE CYCLISME SUR ROUTE 2025 &#8211; Parti seul \u00e0 75 kilom\u00e8tres de l&rsquo;arriv\u00e9e, Tadej Pogacar a d\u00e9croch\u00e9 son premier titre europ\u00e9en au terme d&rsquo;un nouveau num\u00e9ro en solitaire. Au-dessus du lot, le champion du monde ajoute un honneur \u00e0 sa saison dingue. Derri\u00e8re, Remco Evenepoel doit se contenter de l&rsquo;argent tandis que Paul Seixas a r\u00e9alis\u00e9 l&rsquo;exploit d&rsquo;accrocher le bronze \u00e0 19 ans !<\/em><\/strong><\/p>\n<ul>\n<li style=\"text-align: justify;\"><strong>\u00c0 lire aussi \u2013\u00a0<a href=\"https:\/\/dicodusport.fr\/blog\/cyclisme-championnats-deurope-2025-programme-horaires-et-resultats\/\">Cyclisme Championnats d\u2019Europe 2025 : Palmar\u00e8s et r\u00e9sultats<\/a><\/strong><\/li>\n<\/ul>\n<p style=\"text-align: justify;\">Est-ce que quelqu&rsquo;un \u00e9tait en capacit\u00e9 d&#8217;emp\u00eacher <strong>Tadej Pogacar<\/strong> de s&#8217;emparer du titre de champion d&rsquo;Europe ? Telle \u00e9tait la question, quelques jours apr\u00e8s l&rsquo;\u00e9ni\u00e8me <a href=\"https:\/\/dicodusport.fr\/blog\/championnats-du-monde-2025-tadej-pogacar-conserve-son-titre-sur-la-course-en-ligne\/\">d\u00e9monstration r\u00e9alis\u00e9e par le Slov\u00e8ne sur les Mondiaux<\/a>. Entre <strong>Privas<\/strong> et <strong>Guilherand-Granges<\/strong>, les <strong>202,5 km<\/strong> au programme \u00e9taient s\u00e9lectifs, mais bien moins difficiles que le parcours de Kigali, ce qui pouvait laisser de la place \u00e0 la concurrence du Slov\u00e8ne.<\/p>\n<h2 style=\"text-align: justify;\">Evenepoel met le feu, seuls Pogacar et&#8230; Seixas suivent !<\/h2>\n<p style=\"text-align: justify;\">Suite \u00e0 un d\u00e9but d&rsquo;\u00e9preuve tr\u00e8s anim\u00e9, un groupe d&rsquo;une vingtaine d&rsquo;\u00e9l\u00e9ments \u00e9tait parvenu \u00e0 se faire la malle, avant d&rsquo;\u00eatre r\u00e9duit \u00e0 14 pour former l&rsquo;\u00e9chapp\u00e9e du jour. En t\u00eate de peloton, la Slov\u00e9nie a naturellement assum\u00e9 le tempo \u00e0 l&rsquo;arri\u00e8re, limitant l&rsquo;\u00e9cart \u00e0 deux minutes sur ce groupe comprenant notamment <strong>Louis Vervaeke<\/strong>, <strong>Marco Frigo<\/strong>, <strong>Nicolas Prodhomme <\/strong>ou <strong>Victor Langellotti<\/strong>. Ainsi, le sc\u00e9nario est pos\u00e9, et tout le monde attend l&rsquo;attaque in\u00e9vitable de Pogacar. N\u00e9anmoins, certains \u00e9v\u00e8nements ont entrav\u00e9 cette p\u00e9riode d&rsquo;attente, notamment c\u00f4t\u00e9 fran\u00e7ais puisque <strong>Romain Gr\u00e9goire<\/strong> est all\u00e9 au sol \u00e0 120 bornes de la ligne. Il faut dire que la tension est palpable, tous les leaders restant constamment \u00e0 l&rsquo;avant pour ne pas se faire surprendre.<\/p>\n<ul>\n<li style=\"text-align: justify;\"><strong>\u00c0 lire aussi \u2013\u00a0<a href=\"https:\/\/dicodusport.fr\/blog\/championnat-deurope-2025-resultats-et-classement-course-en-ligne-elites-hommes\/\">Championnat d\u2019Europe 2025 : Classement et r\u00e9sultats course en ligne \u00e9lites hommes<\/a><\/strong><\/li>\n<\/ul>\n<p style=\"text-align: justify;\">La Belgique a finalement bris\u00e9 ce train-train en acc\u00e9l\u00e9rant \u00e0 plus de 100 bornes de la ligne, dans la deuxi\u00e8me ascension de la c\u00f4te de Saint-Romain-de-Lerps, en donnant un \u00e9norme coup d&rsquo;acc\u00e9l\u00e9rateur pour isoler Pogacar. Une mission men\u00e9e \u00e0 bien, et qui a \u00e9galement d\u00e9finitivement \u00e9cart\u00e9 un <strong>Jonas Vingegaard<\/strong> bien p\u00e2le.\u00a0Le peloton ne compte alors plus qu&rsquo;une cinquantaine d&rsquo;\u00e9l\u00e9ments \u00e0 la bascule, et les relances se multiplient jusqu&rsquo;\u00e0 ce qu&rsquo;une offensive de <strong>Pavel Sivakov<\/strong> soit suivie par <strong>Remco Evenepoel <\/strong>et <strong>Tadej Pogacar<\/strong> en personne ! Si la pr\u00e9sence du Slov\u00e8ne <strong>Matej Mohoric<\/strong> a calm\u00e9 temporairement les ardeurs, les hostilit\u00e9s ont repris dans le Val d&rsquo;Enfer (1,6 km \u00e0 9,7%). Tr\u00e8s remuant, Evenepoel en a remis une couche. Et cette fois, seuls Pogacar et&#8230; <strong>Paul Seixas<\/strong> ont r\u00e9ussi \u00e0 accrocher son sillage !<\/p>\n<blockquote class=\"twitter-tweet\">\n<p dir=\"ltr\" lang=\"fr\">PAUL SEIXAS SUIT REMCO EVENEPOEL ET TADEJ POGACAR ! Le Fran\u00e7ais, 19 ans depuis quelques jours, \u00e9volue d\u00e9j\u00e0 \u00e0 un niveau incroyable en suivant les deux cadors dans le Val d&rsquo;Enfer. <a href=\"https:\/\/twitter.com\/hashtag\/EuroRoad25?src=hash&amp;ref_src=twsrc%5Etfw\">#EuroRoad25<\/a> <a href=\"https:\/\/t.co\/eJeu4h0Izv\">pic.twitter.com\/eJeu4h0Izv<\/a><\/p>\n<p>\u2014 Le Gruppetto (@LeGruppetto) <a href=\"https:\/\/twitter.com\/LeGruppetto\/status\/1974816693655314511?ref_src=twsrc%5Etfw\">October 5, 2025<\/a><\/p><\/blockquote>\n<p><script async src=\"https:\/\/platform.twitter.com\/widgets.js\" charset=\"utf-8\"><\/script><\/p>\n<h2 style=\"text-align: justify;\">Tadej Pogacar s&rsquo;envole \u00e0 75 km de l&rsquo;arriv\u00e9e, Evenepoel rend les armes<\/h2>\n<p style=\"text-align: justify;\">Si la situation a ensuite \u00e9t\u00e9 r\u00e9tablie, ils ne sont plus que 28 \u00e0 \u00eatre en lice, dont 5 Fran\u00e7ais. <strong>Pavel Sivakov, Aur\u00e9lien Paret-Peintre <\/strong>et <strong>Romain Gr\u00e9goire<\/strong> ont fait le <em>jump<\/em>, tandis que Prodhomme a \u00e9t\u00e9 rattrap\u00e9 au m\u00eame titre que plusieurs autres \u00e9chapp\u00e9s. Se contentant de suivre jusqu&rsquo;alors, <strong>Tadej Pogacar<\/strong> a alors d\u00e9cid\u00e9 de mettre \u00e0 profit le dernier passage \u00e0 la c\u00f4te de Saint-Romain-de-Lerps pour placer l&rsquo;offensive tant attendue. Si Evenepoel a essay\u00e9 de suivre, le Belge a l\u00e2ch\u00e9 avant le sommet, laissant filer le champion du monde vers un nouveau num\u00e9ro en solitaire. Derri\u00e8re, le Belge a lui \u00e9t\u00e9 rattrap\u00e9 par l&rsquo;incroyable <strong>Paul Seixas<\/strong>, tandis que<strong> Juan Ayuso <\/strong>et <strong>Christian Scaroni<\/strong> ont fait la jonction un peu plus loin.<\/p>\n<div id=\"mvp-content-main\" class=\"left relative\">\n<ul>\n<li><strong>\u00c0 ce sujet \u2013 <a href=\"https:\/\/dicodusport.fr\/blog\/tableau-des-medailles-cyclisme-championnats-deurope-2025-mis-a-jour\/\">Tableau des m\u00e9dailles Cyclisme Championnats d\u2019Europe 2025 mis \u00e0 jour<\/a><\/strong><\/li>\n<\/ul>\n<p style=\"text-align: justify;\">Le Slov\u00e8ne n&rsquo;a pas fait la diff\u00e9rence imm\u00e9diatement, mais \u00e0 l&rsquo;usure, il a progressivement creus\u00e9 face \u00e0 ce quatuor lessiv\u00e9, o\u00f9 seul Evenepoel \u00e9tait capable de tenir son rythme. Et si Remco Evenepoel s&rsquo;est d\u00e9tach\u00e9 de ses compagnons d&rsquo;\u00e9chapp\u00e9e \u00e0 39km de l&rsquo;arriv\u00e9e, le Belge compte alors 1:20 de retard sur l&rsquo;ovni en t\u00eate de course. D\u00e9j\u00e0 champion du monde, <strong>Tadej Pogacar<\/strong> a donc vol\u00e9 vers son premier titre europ\u00e9en, et continue d&rsquo;\u00e9tendre sa domination sans partage sur le cyclisme mondial. Plus fort que le reste de la concurrence, mais pas suffisamment pour accrocher le Slov\u00e8ne, Evenepoel doit se contenter de l&rsquo;argent, comme en 2021.<\/p>\n<blockquote class=\"twitter-tweet\">\n<p dir=\"ltr\" lang=\"en\">Tadej Pogacar goes solo at the European Championships! \ud83d\ude80<\/p>\n<p>The world champion was briefly followed by Remco Evenepoel, but now heads the race alone. <a href=\"https:\/\/t.co\/vUg5KOlvWJ\">pic.twitter.com\/vUg5KOlvWJ<\/a><\/p>\n<p>\u2014 Cycling on TNT Sports (@cyclingontnt) <a href=\"https:\/\/twitter.com\/cyclingontnt\/status\/1974826207439925492?ref_src=twsrc%5Etfw\">October 5, 2025<\/a><\/p><\/blockquote>\n<p><script async src=\"https:\/\/platform.twitter.com\/widgets.js\" charset=\"utf-8\"><\/script><\/p>\n<h2 style=\"text-align: justify;\">Paul Seixas fait plier Ayuso et Scaroni pour le bronze !<\/h2>\n<p style=\"text-align: justify;\">Le dernier suspense concernait donc la 3\u00e8me place, avec trois hommes pour une m\u00e9daille de bronze. Suite \u00e0 une longue phase d&rsquo;observation, c&rsquo;est bien <strong>Paul Seixas<\/strong> qui a pris le taureau par les cornes dans le dernier passage au Val d&rsquo;Enfer. Si <strong>Juan Ayuso<\/strong> a rapidement l\u00e2ch\u00e9 prise, Christian Scaroni est rest\u00e9 accroch\u00e9 tel un sparadrap. Mais \u00e0 force de subir ces acc\u00e9l\u00e9rations d\u00e9mentielles, l&rsquo;Italien a l\u00e2ch\u00e9, laissant le Fran\u00e7ais filer vers une 3\u00e8me place amplement m\u00e9rit\u00e9e.<\/p>\n<p style=\"text-align: justify;\">Une dizaine de jours apr\u00e8s avoir f\u00eat\u00e9 ses 19 ans, <strong>Paul Seixas d\u00e9croche donc la m\u00e9daille de bronze<\/strong> dans les championnats d&rsquo;Europe les plus difficiles de l&rsquo;histoire. Une performance tout sauf vol\u00e9e, tant le gamin a montr\u00e9 tout au long de la journ\u00e9e qu&rsquo;il \u00e9tait le 3\u00e8me homme le plus fort aujourd&rsquo;hui. Les championnats se terminent donc sur une magnifique note pour cette \u00e9quipe de France consistante, qui a positionn\u00e9 5 coureurs dans le Top 16 !<\/p>\n<blockquote class=\"twitter-tweet\">\n<p dir=\"ltr\" lang=\"fr\">L&rsquo;arriv\u00e9e triomphale de MONSIEUR Paul Seixas \ud83d\udc99\ud83e\udd0d\u2764\ufe0f <a href=\"https:\/\/t.co\/gWRTd6cE5Y\">pic.twitter.com\/gWRTd6cE5Y<\/a><\/p>\n<p>\u2014 Eurosport France (@Eurosport_FR) <a href=\"https:\/\/twitter.com\/Eurosport_FR\/status\/1974855620604874936?ref_src=twsrc%5Etfw\">October 5, 2025<\/a><\/p><\/blockquote>\n<p><script async src=\"https:\/\/platform.twitter.com\/widgets.js\" charset=\"utf-8\"><\/script><\/p>\n<\/div>\n","protected":false},"excerpt":{"rendered":"<p>CHAMPIONNATS D&rsquo;EUROPE DE CYCLISME SUR ROUTE 2025 &#8211; Parti seul \u00e0 75 kilom\u00e8tres de l&rsquo;arriv\u00e9e, Tadej Pogacar a d\u00e9croch\u00e9 son premier titre europ\u00e9en au terme d&rsquo;un nouveau num\u00e9ro en solitaire. Remco Evenepoel et surtout Paul Seixas compl\u00e8tent le podium.<\/p>\n","protected":false},"author":55,"featured_media":617085,"comment_status":"open","ping_status":"closed","sticky":false,"template":"","format":"standard","meta":{"_acf_changed":false,"_daextam_enable_autolinks":"1","footnotes":""},"categories":[46994],"tags":[16878,5649,574,11197,24,11674],"class_list":["post-616949","post","type-post","status-publish","format-standard","has-post-thumbnail","hentry","category-cyclisme-sur-route","tag-breve","tag-championnats-deurope-de-cyclisme-sur-piste","tag-cyclisme","tag-cyclisme-sur-route","tag-sport","tag-tadej-pogacar"],"acf":[],"yoast_head":"<!-- This site is optimized with the Yoast SEO Premium plugin v26.7 (Yoast SEO v26.7) - https:\/\/yoast.com\/wordpress\/plugins\/seo\/ -->\n<title>Championnats d&#039;Europe 2025 : Tadej Pogacar rafle l&#039;or en solitaire, Paul Seixas en bronze !<\/title>\n<meta name=\"description\" content=\"CHAMPIONNATS D&#039;EUROPE DE CYCLISME SUR ROUTE 2025 - Parti seul \u00e0 75km de l&#039;arriv\u00e9e, Tadej Pogacar a rafl\u00e9 l&#039;or devant Evenepoel et Seixas.\" \/>\n<meta name=\"robots\" content=\"index, follow, max-snippet:-1, max-image-preview:large, max-video-preview:-1\" \/>\n<link rel=\"canonical\" href=\"https:\/\/dicodusport.fr\/blog\/championnats-deurope-2025-tadej-pogacar-rafle-lor-en-solitaire-paul-seixas-en-bronze\/\" \/>\n<meta property=\"og:locale\" content=\"fr_FR\" \/>\n<meta property=\"og:type\" content=\"article\" \/>\n<meta property=\"og:title\" content=\"Championnats d&#039;Europe 2025 : Tadej Pogacar rafle l&#039;or en solitaire, Paul Seixas en bronze !\" \/>\n<meta property=\"og:description\" content=\"CHAMPIONNATS D&#039;EUROPE DE CYCLISME SUR ROUTE 2025 - Parti seul \u00e0 75km de l&#039;arriv\u00e9e, Tadej Pogacar a rafl\u00e9 l&#039;or devant Evenepoel et Seixas.\" \/>\n<meta property=\"og:url\" content=\"https:\/\/dicodusport.fr\/blog\/championnats-deurope-2025-tadej-pogacar-rafle-lor-en-solitaire-paul-seixas-en-bronze\/\" \/>\n<meta property=\"og:site_name\" content=\"Dicodusport\" \/>\n<meta property=\"article:publisher\" content=\"https:\/\/www.facebook.com\/dicodusport\" \/>\n<meta property=\"article:published_time\" content=\"2025-10-05T14:58:43+00:00\" \/>\n<meta property=\"article:modified_time\" content=\"2025-10-05T15:35:48+00:00\" \/>\n<meta property=\"og:image\" content=\"https:\/\/dicodusport.fr\/blog\/wp-content\/uploads\/2025\/10\/Championnats-dEurope-2025-Tadej-Pogacar-rafle-lor-en-solitaire-Paul-Seixas-en-bronze-1-1.png\" \/>\n\t<meta property=\"og:image:width\" content=\"1200\" \/>\n\t<meta property=\"og:image:height\" content=\"674\" \/>\n\t<meta property=\"og:image:type\" content=\"image\/png\" \/>\n<meta name=\"author\" content=\"Maxime Cazenave\" \/>\n<meta name=\"twitter:card\" content=\"summary_large_image\" \/>\n<meta name=\"twitter:title\" content=\"Championnats d&#039;Europe 2025 : Tadej Pogacar rafle l&#039;or en solitaire, Paul Seixas en bronze !\" \/>\n<meta name=\"twitter:creator\" content=\"@https:\/\/twitter.com\/Maxime_Caze\" \/>\n<meta name=\"twitter:site\" content=\"@dicodusport\" \/>\n<script type=\"application\/ld+json\" class=\"yoast-schema-graph\">{\"@context\":\"https:\/\/schema.org\",\"@graph\":[{\"@type\":\"NewsArticle\",\"@id\":\"https:\/\/dicodusport.fr\/blog\/championnats-deurope-2025-tadej-pogacar-rafle-lor-en-solitaire-paul-seixas-en-bronze\/#article\",\"isPartOf\":{\"@id\":\"https:\/\/dicodusport.fr\/blog\/championnats-deurope-2025-tadej-pogacar-rafle-lor-en-solitaire-paul-seixas-en-bronze\/\"},\"author\":{\"name\":\"Maxime Cazenave\",\"@id\":\"https:\/\/dicodusport.fr\/blog\/#\/schema\/person\/37def232098a7a5cbab3974a3690abb0\"},\"headline\":\"Championnats d&rsquo;Europe 2025 : Tadej Pogacar rafle l&rsquo;or en solitaire, Paul Seixas en bronze !\",\"datePublished\":\"2025-10-05T14:58:43+00:00\",\"dateModified\":\"2025-10-05T15:35:48+00:00\",\"mainEntityOfPage\":{\"@id\":\"https:\/\/dicodusport.fr\/blog\/championnats-deurope-2025-tadej-pogacar-rafle-lor-en-solitaire-paul-seixas-en-bronze\/\"},\"wordCount\":1026,\"commentCount\":0,\"publisher\":{\"@id\":\"https:\/\/dicodusport.fr\/blog\/#organization\"},\"image\":{\"@id\":\"https:\/\/dicodusport.fr\/blog\/championnats-deurope-2025-tadej-pogacar-rafle-lor-en-solitaire-paul-seixas-en-bronze\/#primaryimage\"},\"thumbnailUrl\":\"https:\/\/dicodusport.fr\/blog\/wp-content\/uploads\/2025\/10\/Championnats-dEurope-2025-Tadej-Pogacar-rafle-lor-en-solitaire-Paul-Seixas-en-bronze-1-1.png\",\"keywords\":[\"br\u00e8ve\",\"Championnats d'Europe de cyclisme sur piste\",\"Cyclisme\",\"Cyclisme sur route\",\"sport\",\"Tadej Pogacar\"],\"articleSection\":[\"Cyclisme sur route\"],\"inLanguage\":\"fr-FR\",\"potentialAction\":[{\"@type\":\"CommentAction\",\"name\":\"Comment\",\"target\":[\"https:\/\/dicodusport.fr\/blog\/championnats-deurope-2025-tadej-pogacar-rafle-lor-en-solitaire-paul-seixas-en-bronze\/#respond\"]}],\"copyrightYear\":\"2025\",\"copyrightHolder\":{\"@id\":\"https:\/\/dicodusport.fr\/blog\/#organization\"}},{\"@type\":\"WebPage\",\"@id\":\"https:\/\/dicodusport.fr\/blog\/championnats-deurope-2025-tadej-pogacar-rafle-lor-en-solitaire-paul-seixas-en-bronze\/\",\"url\":\"https:\/\/dicodusport.fr\/blog\/championnats-deurope-2025-tadej-pogacar-rafle-lor-en-solitaire-paul-seixas-en-bronze\/\",\"name\":\"Championnats d'Europe 2025 : Tadej Pogacar rafle l'or en solitaire, Paul Seixas en bronze !\",\"isPartOf\":{\"@id\":\"https:\/\/dicodusport.fr\/blog\/#website\"},\"primaryImageOfPage\":{\"@id\":\"https:\/\/dicodusport.fr\/blog\/championnats-deurope-2025-tadej-pogacar-rafle-lor-en-solitaire-paul-seixas-en-bronze\/#primaryimage\"},\"image\":{\"@id\":\"https:\/\/dicodusport.fr\/blog\/championnats-deurope-2025-tadej-pogacar-rafle-lor-en-solitaire-paul-seixas-en-bronze\/#primaryimage\"},\"thumbnailUrl\":\"https:\/\/dicodusport.fr\/blog\/wp-content\/uploads\/2025\/10\/Championnats-dEurope-2025-Tadej-Pogacar-rafle-lor-en-solitaire-Paul-Seixas-en-bronze-1-1.png\",\"datePublished\":\"2025-10-05T14:58:43+00:00\",\"dateModified\":\"2025-10-05T15:35:48+00:00\",\"description\":\"CHAMPIONNATS D'EUROPE DE CYCLISME SUR ROUTE 2025 - Parti seul \u00e0 75km de l'arriv\u00e9e, Tadej Pogacar a rafl\u00e9 l'or devant Evenepoel et Seixas.\",\"breadcrumb\":{\"@id\":\"https:\/\/dicodusport.fr\/blog\/championnats-deurope-2025-tadej-pogacar-rafle-lor-en-solitaire-paul-seixas-en-bronze\/#breadcrumb\"},\"inLanguage\":\"fr-FR\",\"potentialAction\":[{\"@type\":\"ReadAction\",\"target\":[\"https:\/\/dicodusport.fr\/blog\/championnats-deurope-2025-tadej-pogacar-rafle-lor-en-solitaire-paul-seixas-en-bronze\/\"]}]},{\"@type\":\"ImageObject\",\"inLanguage\":\"fr-FR\",\"@id\":\"https:\/\/dicodusport.fr\/blog\/championnats-deurope-2025-tadej-pogacar-rafle-lor-en-solitaire-paul-seixas-en-bronze\/#primaryimage\",\"url\":\"https:\/\/dicodusport.fr\/blog\/wp-content\/uploads\/2025\/10\/Championnats-dEurope-2025-Tadej-Pogacar-rafle-lor-en-solitaire-Paul-Seixas-en-bronze-1-1.png\",\"contentUrl\":\"https:\/\/dicodusport.fr\/blog\/wp-content\/uploads\/2025\/10\/Championnats-dEurope-2025-Tadej-Pogacar-rafle-lor-en-solitaire-Paul-Seixas-en-bronze-1-1.png\",\"width\":1200,\"height\":674,\"caption\":\"Championnats d'Europe 2025 Tadej Pogacar rafle l'or en solitaire, Paul Seixas en bronze !\"},{\"@type\":\"BreadcrumbList\",\"@id\":\"https:\/\/dicodusport.fr\/blog\/championnats-deurope-2025-tadej-pogacar-rafle-lor-en-solitaire-paul-seixas-en-bronze\/#breadcrumb\",\"itemListElement\":[{\"@type\":\"ListItem\",\"position\":1,\"name\":\"Accueil\",\"item\":\"https:\/\/dicodusport.fr\/blog\/\"},{\"@type\":\"ListItem\",\"position\":2,\"name\":\"Championnats d&rsquo;Europe 2025 : Tadej Pogacar rafle l&rsquo;or en solitaire, Paul Seixas en bronze !\"}]},{\"@type\":\"WebSite\",\"@id\":\"https:\/\/dicodusport.fr\/blog\/#website\",\"url\":\"https:\/\/dicodusport.fr\/blog\/\",\"name\":\"Dicodusport\",\"description\":\"L&#039;encyclop\u00e9die de l&#039;actualit\u00e9 sportive\",\"publisher\":{\"@id\":\"https:\/\/dicodusport.fr\/blog\/#organization\"},\"potentialAction\":[{\"@type\":\"SearchAction\",\"target\":{\"@type\":\"EntryPoint\",\"urlTemplate\":\"https:\/\/dicodusport.fr\/blog\/?s={search_term_string}\"},\"query-input\":{\"@type\":\"PropertyValueSpecification\",\"valueRequired\":true,\"valueName\":\"search_term_string\"}}],\"inLanguage\":\"fr-FR\"},{\"@type\":\"NewsMediaOrganization\",\"@id\":\"https:\/\/dicodusport.fr\/blog\/#organization\",\"name\":\"Dicodusport\",\"url\":\"https:\/\/dicodusport.fr\/blog\/\",\"logo\":{\"@type\":\"ImageObject\",\"inLanguage\":\"fr-FR\",\"@id\":\"https:\/\/dicodusport.fr\/blog\/#\/schema\/logo\/image\/\",\"url\":\"https:\/\/dicodusport.fr\/blog\/wp-content\/uploads\/2020\/06\/cropped-LOGO-DICODUSPORT-2020-SANS-FOND-SANS-TEXTE.png\",\"contentUrl\":\"https:\/\/dicodusport.fr\/blog\/wp-content\/uploads\/2020\/06\/cropped-LOGO-DICODUSPORT-2020-SANS-FOND-SANS-TEXTE.png\",\"width\":512,\"height\":512,\"caption\":\"Dicodusport\"},\"image\":{\"@id\":\"https:\/\/dicodusport.fr\/blog\/#\/schema\/logo\/image\/\"},\"sameAs\":[\"https:\/\/www.facebook.com\/dicodusport\",\"https:\/\/x.com\/dicodusport\",\"https:\/\/www.instagram.com\/dicodusport\/\",\"https:\/\/www.youtube.com\/channel\/UC7V2KZ5sd3htJivAbA4ZG3w\"],\"description\":\"Dicodusport est l'encyclop\u00e9die de l'actualit\u00e9 sportive.\",\"email\":\"bonjour@dicodusport.fr\",\"legalName\":\"DICODUSPORT\",\"foundingDate\":\"2018-01-14\",\"vatID\":\"FR71834470973\",\"taxID\":\"83447097300043\",\"numberOfEmployees\":{\"@type\":\"QuantitativeValue\",\"minValue\":\"1\",\"maxValue\":\"10\"}},{\"@type\":\"Person\",\"@id\":\"https:\/\/dicodusport.fr\/blog\/#\/schema\/person\/37def232098a7a5cbab3974a3690abb0\",\"name\":\"Maxime Cazenave\",\"image\":{\"@type\":\"ImageObject\",\"inLanguage\":\"fr-FR\",\"@id\":\"https:\/\/dicodusport.fr\/blog\/#\/schema\/person\/image\/\",\"url\":\"https:\/\/dicodusport.fr\/blog\/wp-content\/uploads\/2021\/05\/Maxime-Cazenave-150x150.jpg\",\"contentUrl\":\"https:\/\/dicodusport.fr\/blog\/wp-content\/uploads\/2021\/05\/Maxime-Cazenave-150x150.jpg\",\"caption\":\"Maxime Cazenave\"},\"description\":\"Journaliste\/R\u00e9dacteur depuis 2012 - Berc\u00e9 par l\u2019amour des Girondins de Bordeaux, les \u00e9checs de Christophe Moreau sur le Tour de France sous l'\u00e8re Lance Armstrong et le fade-away l\u00e9tal de Dirk Nowitzki, ma passion d\u00e9vorante pour le sport a toujours \u00e9t\u00e9 un pan incontournable de ma vie. Transmettre ma passion \u00e0 l\u2019\u00e9crit a \u00e9t\u00e9 une transition naturelle. Suiveur assidu de basket et de hockey sur glace, je garde toujours un peu de place pour suivre le cyclisme, le football et le maximum de performances fran\u00e7aises.\",\"sameAs\":[\"https:\/\/x.com\/https:\/\/twitter.com\/Maxime_Caze\"],\"url\":\"https:\/\/dicodusport.fr\/blog\/author\/maximec\/\"}]}<\/script>\n<!-- \/ Yoast SEO Premium plugin. -->","yoast_head_json":{"title":"Championnats d'Europe 2025 : Tadej Pogacar rafle l'or en solitaire, Paul Seixas en bronze !","description":"CHAMPIONNATS D'EUROPE DE CYCLISME SUR ROUTE 2025 - Parti seul \u00e0 75km de l'arriv\u00e9e, Tadej Pogacar a rafl\u00e9 l'or devant Evenepoel et Seixas.","robots":{"index":"index","follow":"follow","max-snippet":"max-snippet:-1","max-image-preview":"max-image-preview:large","max-video-preview":"max-video-preview:-1"},"canonical":"https:\/\/dicodusport.fr\/blog\/championnats-deurope-2025-tadej-pogacar-rafle-lor-en-solitaire-paul-seixas-en-bronze\/","og_locale":"fr_FR","og_type":"article","og_title":"Championnats d'Europe 2025 : Tadej Pogacar rafle l'or en solitaire, Paul Seixas en bronze !","og_description":"CHAMPIONNATS D'EUROPE DE CYCLISME SUR ROUTE 2025 - Parti seul \u00e0 75km de l'arriv\u00e9e, Tadej Pogacar a rafl\u00e9 l'or devant Evenepoel et Seixas.","og_url":"https:\/\/dicodusport.fr\/blog\/championnats-deurope-2025-tadej-pogacar-rafle-lor-en-solitaire-paul-seixas-en-bronze\/","og_site_name":"Dicodusport","article_publisher":"https:\/\/www.facebook.com\/dicodusport","article_published_time":"2025-10-05T14:58:43+00:00","article_modified_time":"2025-10-05T15:35:48+00:00","og_image":[{"width":1200,"height":674,"url":"https:\/\/dicodusport.fr\/blog\/wp-content\/uploads\/2025\/10\/Championnats-dEurope-2025-Tadej-Pogacar-rafle-lor-en-solitaire-Paul-Seixas-en-bronze-1-1.png","type":"image\/png"}],"author":"Maxime Cazenave","twitter_card":"summary_large_image","twitter_title":"Championnats d'Europe 2025 : Tadej Pogacar rafle l'or en solitaire, Paul Seixas en bronze !","twitter_creator":"@https:\/\/twitter.com\/Maxime_Caze","twitter_site":"@dicodusport","schema":{"@context":"https:\/\/schema.org","@graph":[{"@type":"NewsArticle","@id":"https:\/\/dicodusport.fr\/blog\/championnats-deurope-2025-tadej-pogacar-rafle-lor-en-solitaire-paul-seixas-en-bronze\/#article","isPartOf":{"@id":"https:\/\/dicodusport.fr\/blog\/championnats-deurope-2025-tadej-pogacar-rafle-lor-en-solitaire-paul-seixas-en-bronze\/"},"author":{"name":"Maxime Cazenave","@id":"https:\/\/dicodusport.fr\/blog\/#\/schema\/person\/37def232098a7a5cbab3974a3690abb0"},"headline":"Championnats d&rsquo;Europe 2025 : Tadej Pogacar rafle l&rsquo;or en solitaire, Paul Seixas en bronze !","datePublished":"2025-10-05T14:58:43+00:00","dateModified":"2025-10-05T15:35:48+00:00","mainEntityOfPage":{"@id":"https:\/\/dicodusport.fr\/blog\/championnats-deurope-2025-tadej-pogacar-rafle-lor-en-solitaire-paul-seixas-en-bronze\/"},"wordCount":1026,"commentCount":0,"publisher":{"@id":"https:\/\/dicodusport.fr\/blog\/#organization"},"image":{"@id":"https:\/\/dicodusport.fr\/blog\/championnats-deurope-2025-tadej-pogacar-rafle-lor-en-solitaire-paul-seixas-en-bronze\/#primaryimage"},"thumbnailUrl":"https:\/\/dicodusport.fr\/blog\/wp-content\/uploads\/2025\/10\/Championnats-dEurope-2025-Tadej-Pogacar-rafle-lor-en-solitaire-Paul-Seixas-en-bronze-1-1.png","keywords":["br\u00e8ve","Championnats d'Europe de cyclisme sur piste","Cyclisme","Cyclisme sur route","sport","Tadej Pogacar"],"articleSection":["Cyclisme sur route"],"inLanguage":"fr-FR","potentialAction":[{"@type":"CommentAction","name":"Comment","target":["https:\/\/dicodusport.fr\/blog\/championnats-deurope-2025-tadej-pogacar-rafle-lor-en-solitaire-paul-seixas-en-bronze\/#respond"]}],"copyrightYear":"2025","copyrightHolder":{"@id":"https:\/\/dicodusport.fr\/blog\/#organization"}},{"@type":"WebPage","@id":"https:\/\/dicodusport.fr\/blog\/championnats-deurope-2025-tadej-pogacar-rafle-lor-en-solitaire-paul-seixas-en-bronze\/","url":"https:\/\/dicodusport.fr\/blog\/championnats-deurope-2025-tadej-pogacar-rafle-lor-en-solitaire-paul-seixas-en-bronze\/","name":"Championnats d'Europe 2025 : Tadej Pogacar rafle l'or en solitaire, Paul Seixas en bronze !","isPartOf":{"@id":"https:\/\/dicodusport.fr\/blog\/#website"},"primaryImageOfPage":{"@id":"https:\/\/dicodusport.fr\/blog\/championnats-deurope-2025-tadej-pogacar-rafle-lor-en-solitaire-paul-seixas-en-bronze\/#primaryimage"},"image":{"@id":"https:\/\/dicodusport.fr\/blog\/championnats-deurope-2025-tadej-pogacar-rafle-lor-en-solitaire-paul-seixas-en-bronze\/#primaryimage"},"thumbnailUrl":"https:\/\/dicodusport.fr\/blog\/wp-content\/uploads\/2025\/10\/Championnats-dEurope-2025-Tadej-Pogacar-rafle-lor-en-solitaire-Paul-Seixas-en-bronze-1-1.png","datePublished":"2025-10-05T14:58:43+00:00","dateModified":"2025-10-05T15:35:48+00:00","description":"CHAMPIONNATS D'EUROPE DE CYCLISME SUR ROUTE 2025 - Parti seul \u00e0 75km de l'arriv\u00e9e, Tadej Pogacar a rafl\u00e9 l'or devant Evenepoel et Seixas.","breadcrumb":{"@id":"https:\/\/dicodusport.fr\/blog\/championnats-deurope-2025-tadej-pogacar-rafle-lor-en-solitaire-paul-seixas-en-bronze\/#breadcrumb"},"inLanguage":"fr-FR","potentialAction":[{"@type":"ReadAction","target":["https:\/\/dicodusport.fr\/blog\/championnats-deurope-2025-tadej-pogacar-rafle-lor-en-solitaire-paul-seixas-en-bronze\/"]}]},{"@type":"ImageObject","inLanguage":"fr-FR","@id":"https:\/\/dicodusport.fr\/blog\/championnats-deurope-2025-tadej-pogacar-rafle-lor-en-solitaire-paul-seixas-en-bronze\/#primaryimage","url":"https:\/\/dicodusport.fr\/blog\/wp-content\/uploads\/2025\/10\/Championnats-dEurope-2025-Tadej-Pogacar-rafle-lor-en-solitaire-Paul-Seixas-en-bronze-1-1.png","contentUrl":"https:\/\/dicodusport.fr\/blog\/wp-content\/uploads\/2025\/10\/Championnats-dEurope-2025-Tadej-Pogacar-rafle-lor-en-solitaire-Paul-Seixas-en-bronze-1-1.png","width":1200,"height":674,"caption":"Championnats d'Europe 2025 Tadej Pogacar rafle l'or en solitaire, Paul Seixas en bronze !"},{"@type":"BreadcrumbList","@id":"https:\/\/dicodusport.fr\/blog\/championnats-deurope-2025-tadej-pogacar-rafle-lor-en-solitaire-paul-seixas-en-bronze\/#breadcrumb","itemListElement":[{"@type":"ListItem","position":1,"name":"Accueil","item":"https:\/\/dicodusport.fr\/blog\/"},{"@type":"ListItem","position":2,"name":"Championnats d&rsquo;Europe 2025 : Tadej Pogacar rafle l&rsquo;or en solitaire, Paul Seixas en bronze !"}]},{"@type":"WebSite","@id":"https:\/\/dicodusport.fr\/blog\/#website","url":"https:\/\/dicodusport.fr\/blog\/","name":"Dicodusport","description":"L&#039;encyclop\u00e9die de l&#039;actualit\u00e9 sportive","publisher":{"@id":"https:\/\/dicodusport.fr\/blog\/#organization"},"potentialAction":[{"@type":"SearchAction","target":{"@type":"EntryPoint","urlTemplate":"https:\/\/dicodusport.fr\/blog\/?s={search_term_string}"},"query-input":{"@type":"PropertyValueSpecification","valueRequired":true,"valueName":"search_term_string"}}],"inLanguage":"fr-FR"},{"@type":"NewsMediaOrganization","@id":"https:\/\/dicodusport.fr\/blog\/#organization","name":"Dicodusport","url":"https:\/\/dicodusport.fr\/blog\/","logo":{"@type":"ImageObject","inLanguage":"fr-FR","@id":"https:\/\/dicodusport.fr\/blog\/#\/schema\/logo\/image\/","url":"https:\/\/dicodusport.fr\/blog\/wp-content\/uploads\/2020\/06\/cropped-LOGO-DICODUSPORT-2020-SANS-FOND-SANS-TEXTE.png","contentUrl":"https:\/\/dicodusport.fr\/blog\/wp-content\/uploads\/2020\/06\/cropped-LOGO-DICODUSPORT-2020-SANS-FOND-SANS-TEXTE.png","width":512,"height":512,"caption":"Dicodusport"},"image":{"@id":"https:\/\/dicodusport.fr\/blog\/#\/schema\/logo\/image\/"},"sameAs":["https:\/\/www.facebook.com\/dicodusport","https:\/\/x.com\/dicodusport","https:\/\/www.instagram.com\/dicodusport\/","https:\/\/www.youtube.com\/channel\/UC7V2KZ5sd3htJivAbA4ZG3w"],"description":"Dicodusport est l'encyclop\u00e9die de l'actualit\u00e9 sportive.","email":"bonjour@dicodusport.fr","legalName":"DICODUSPORT","foundingDate":"2018-01-14","vatID":"FR71834470973","taxID":"83447097300043","numberOfEmployees":{"@type":"QuantitativeValue","minValue":"1","maxValue":"10"}},{"@type":"Person","@id":"https:\/\/dicodusport.fr\/blog\/#\/schema\/person\/37def232098a7a5cbab3974a3690abb0","name":"Maxime Cazenave","image":{"@type":"ImageObject","inLanguage":"fr-FR","@id":"https:\/\/dicodusport.fr\/blog\/#\/schema\/person\/image\/","url":"https:\/\/dicodusport.fr\/blog\/wp-content\/uploads\/2021\/05\/Maxime-Cazenave-150x150.jpg","contentUrl":"https:\/\/dicodusport.fr\/blog\/wp-content\/uploads\/2021\/05\/Maxime-Cazenave-150x150.jpg","caption":"Maxime Cazenave"},"description":"Journaliste\/R\u00e9dacteur depuis 2012 - Berc\u00e9 par l\u2019amour des Girondins de Bordeaux, les \u00e9checs de Christophe Moreau sur le Tour de France sous l'\u00e8re Lance Armstrong et le fade-away l\u00e9tal de Dirk Nowitzki, ma passion d\u00e9vorante pour le sport a toujours \u00e9t\u00e9 un pan incontournable de ma vie. Transmettre ma passion \u00e0 l\u2019\u00e9crit a \u00e9t\u00e9 une transition naturelle. Suiveur assidu de basket et de hockey sur glace, je garde toujours un peu de place pour suivre le cyclisme, le football et le maximum de performances fran\u00e7aises.","sameAs":["https:\/\/x.com\/https:\/\/twitter.com\/Maxime_Caze"],"url":"https:\/\/dicodusport.fr\/blog\/author\/maximec\/"}]}},"_links":{"self":[{"href":"https:\/\/dicodusport.fr\/blog\/wp-json\/wp\/v2\/posts\/616949","targetHints":{"allow":["GET"]}}],"collection":[{"href":"https:\/\/dicodusport.fr\/blog\/wp-json\/wp\/v2\/posts"}],"about":[{"href":"https:\/\/dicodusport.fr\/blog\/wp-json\/wp\/v2\/types\/post"}],"author":[{"embeddable":true,"href":"https:\/\/dicodusport.fr\/blog\/wp-json\/wp\/v2\/users\/55"}],"replies":[{"embeddable":true,"href":"https:\/\/dicodusport.fr\/blog\/wp-json\/wp\/v2\/comments?post=616949"}],"version-history":[{"count":5,"href":"https:\/\/dicodusport.fr\/blog\/wp-json\/wp\/v2\/posts\/616949\/revisions"}],"predecessor-version":[{"id":617072,"href":"https:\/\/dicodusport.fr\/blog\/wp-json\/wp\/v2\/posts\/616949\/revisions\/617072"}],"wp:featuredmedia":[{"embeddable":true,"href":"https:\/\/dicodusport.fr\/blog\/wp-json\/wp\/v2\/media\/617085"}],"wp:attachment":[{"href":"https:\/\/dicodusport.fr\/blog\/wp-json\/wp\/v2\/media?parent=616949"}],"wp:term":[{"taxonomy":"category","embeddable":true,"href":"https:\/\/dicodusport.fr\/blog\/wp-json\/wp\/v2\/categories?post=616949"},{"taxonomy":"post_tag","embeddable":true,"href":"https:\/\/dicodusport.fr\/blog\/wp-json\/wp\/v2\/tags?post=616949"}],"curies":[{"name":"wp","href":"https:\/\/api.w.org\/{rel}","templated":true}]}}