{"id":617003,"date":"2025-10-05T16:58:49","date_gmt":"2025-10-05T14:58:49","guid":{"rendered":"https:\/\/dicodusport.fr\/blog\/?p=617003&#038;preview=true&#038;preview_id=617003"},"modified":"2025-10-05T17:33:00","modified_gmt":"2025-10-05T15:33:00","slug":"championnat-deurope-2025-resultats-et-classement-course-en-ligne-elites-hommes","status":"publish","type":"post","link":"https:\/\/dicodusport.fr\/blog\/championnat-deurope-2025-resultats-et-classement-course-en-ligne-elites-hommes\/","title":{"rendered":"Championnat d&rsquo;Europe 2025 : R\u00e9sultats et classement course en ligne \u00e9lites hommes"},"content":{"rendered":"<p style=\"text-align: justify;\"><em><strong>Retrouvez le classement et les r\u00e9sultats complets de la course en ligne \u00e9lites hommes des Championnats d&rsquo;Europe de cyclisme sur route 2025 en Dr\u00f4me-Ard\u00e8che, qui s&rsquo;est d\u00e9roul\u00e9e ce dimanche 5 octobre 2025.<\/strong><\/em><\/p>\n<ul>\n<li style=\"text-align: justify;\"><strong>\u00c0 ce sujet \u2013\u00a0<a href=\"https:\/\/dicodusport.fr\/blog\/cyclisme-championnats-deurope-2025-programme-horaires-et-resultats\/\">Cyclisme Championnats d\u2019Europe 2025 : Programme, horaires et r\u00e9sultats<\/a><\/strong><\/li>\n<\/ul>\n<p style=\"text-align: justify;\">La<strong> course en ligne hommes \u00e9lites des Championnats d\u2019Europe de cyclisme 2025<\/strong> se tient ce <strong>dimanche 5 octobre<\/strong> dans la <strong>Dr\u00f4me-Ard\u00e8che<\/strong>, au c\u0153ur d\u2019un territoire taill\u00e9 pour les grimpeurs et les puncheurs. Les meilleurs coureurs du continent s\u2019affrontent sur un parcours de 202,5 kilom\u00e8tres entre Privas et Guilherand-Granges, cumulant pr\u00e8s de 3 300 m\u00e8tres de d\u00e9nivel\u00e9 positif.<\/p>\n<h2 style=\"text-align: justify;\">Parcours et favoris de la course en ligne<\/h2>\n<p style=\"text-align: justify;\">Le trac\u00e9 s\u2019annonce particuli\u00e8rement exigeant avec la c\u00f4te de <strong>Saint-Romain-de-Lerps<\/strong> (6,8 km \u00e0 7,3 %), franchie \u00e0 trois reprises, et les passages r\u00e9p\u00e9t\u00e9s dans le <strong>Val d\u2019Enfer<\/strong> (1,7 km \u00e0 9,3 %), six fois au total, dont trois ascensions d\u00e9cisives dans les 40 derniers kilom\u00e8tres. Ce profil s\u00e9lectif promet une course anim\u00e9e, propice aux attaques et aux coups tactiques dans le final.<\/p>\n<div class=\"vlp-link-container vlp-layout-article\"><a href=\"https:\/\/dicodusport.fr\/blog\/championnats-deurope-2025-parcours-profil-et-favoris-de-la-course-en-ligne\/\" class=\"vlp-link\" title=\"Championnats d&#039;Europe 2025 : Parcours, profil et favoris de la course en ligne\"><\/a><div class=\"vlp-layout-zone-side\"><div class=\"vlp-block-4 vlp-link-image\"><img loading=\"lazy\" decoding=\"async\" style=\"max-width: 792px;\" width=\"792\" height=\"445\" src=\"https:\/\/dicodusport.fr\/blog\/wp-content\/uploads\/2025\/09\/Championnats-dEurope-2025-Parcours-profil-et-favoris-de-la-course-en-ligne.png\" class=\"attachment-800x445 size-800x445\" alt=\"Championnats d&#039;Europe 2025 Parcours, profil et favoris de la course en ligne\" srcset=\"https:\/\/dicodusport.fr\/blog\/wp-content\/uploads\/2025\/09\/Championnats-dEurope-2025-Parcours-profil-et-favoris-de-la-course-en-ligne.png 1200w, https:\/\/dicodusport.fr\/blog\/wp-content\/uploads\/2025\/09\/Championnats-dEurope-2025-Parcours-profil-et-favoris-de-la-course-en-ligne-300x169.png 300w, https:\/\/dicodusport.fr\/blog\/wp-content\/uploads\/2025\/09\/Championnats-dEurope-2025-Parcours-profil-et-favoris-de-la-course-en-ligne-1024x575.png 1024w, https:\/\/dicodusport.fr\/blog\/wp-content\/uploads\/2025\/09\/Championnats-dEurope-2025-Parcours-profil-et-favoris-de-la-course-en-ligne-768x431.png 768w\" sizes=\"auto, (max-width: 792px) 100vw, 792px\" \/><\/div><\/div><div class=\"vlp-layout-zone-main\"><div class=\"vlp-block-0 vlp-link-title\">Championnats d'Europe 2025 : Parcours, profil et favoris de la course en ligne<\/div><div class=\"vlp-block-1 vlp-link-summary\">Retrouvez le parcours en d\u00e9tail, le profil complet et les favoris de la course en ligne hommes des championnats d'Europe, qui se d\u00e9roule ce dimanche 5 octobre 2025 entre Privas et Guilherand-Granges (202,5 km).<\/div><div class=\"vlp-block-2 vlp-link-button\">Lire l'article<\/div><div class=\"vlp-block-3 vlp-link-url\">dicodusport.fr<\/div><\/div><\/div>\n<p style=\"text-align: justify;\">C\u00f4t\u00e9 favoris, le champion du monde <a href=\"https:\/\/dicodusport.fr\/blog\/championnats-deurope-2025-remco-evenepoel-demolit-encore-tout-le-monde-sur-le-contre-la-montre-elites-hommes\/\">et d&rsquo;Europe du contre-la-montre<\/a> <strong>Remco Evenepoel<\/strong> m\u00e8ne une \u00e9quipe belge redoutable, tandis que <strong>Tadej Pogacar<\/strong>, <a href=\"https:\/\/dicodusport.fr\/blog\/championnats-du-monde-2025-tadej-pogacar-conserve-son-titre-sur-la-course-en-ligne\/\">r\u00e9cent champion du monde sur route<\/a>, visera un premier titre continental. Le Danemark pr\u00e9sente \u00e9galement une formation impressionnante avec<strong> Jonas Vingegaard<\/strong> et <strong>Mattias Skjelmose<\/strong>. La <strong>France<\/strong>, emmen\u00e9e par <strong>Romain Gr\u00e9goire<\/strong> et <strong>Paul Seixas,<\/strong> comptera sur un collectif jeune et ambitieux pour briller \u00e0 domicile.<\/p>\n<p style=\"text-align: justify;\">Avec son relief exigeant et son final pi\u00e9geux, <strong>cette \u00e9dition 2025 des Championnats d\u2019Europe<\/strong> s\u2019annonce comme l\u2019une des plus relev\u00e9es de ces derni\u00e8res ann\u00e9es \u2014 une v\u00e9ritable bataille d\u2019endurance et de strat\u00e9gie sur les routes escarp\u00e9es de l\u2019Ard\u00e8che.<\/p>\n<p style=\"text-align: justify;\"><strong>Arriv\u00e9e de la derni\u00e8re coureuse pr\u00e9vue sur les coups de 17h00. Retrouvez les r\u00e9sultats complets et le classement de la course en ligne \u00e9lites hommes des championnats d&rsquo;Europe 2025 ci-dessous.\u00a0<\/strong><\/p>\n<ul>\n<li style=\"text-align: justify;\"><strong>\u00c0 ce sujet \u2013\u00a0<a href=\"https:\/\/dicodusport.fr\/blog\/tableau-des-medailles-cyclisme-championnats-deurope-2025-mis-a-jour\/\">Tableau des m\u00e9dailles Cyclisme Championnats d\u2019Europe 2025 mis \u00e0 jour<\/a><\/strong><\/li>\n<\/ul>\n<h2 style=\"text-align: justify;\">Championnats d&rsquo;Europe Course en ligne \u00e9lites hommes 2025 &#8211; Classement et r\u00e9sultats<\/h2>\n<p style=\"text-align: justify;\"><span style=\"font-size: 14px;\"><strong><em>Classement officiel mis \u00e0 jour \u00e0 l&rsquo;issue de la course.<\/em><\/strong><\/span><\/p>\n<div class=\"su-table su-table-alternate\">\n<table style=\"width: 800px;border-collapse: collapse\" border=\"1\">\n<tbody>\n<tr style=\"height: 24px\">\n<td style=\"border-color: #ebebeb;height: 24px;text-align: center;width: 80px;vertical-align: middle\">\ud83c\udfc6<\/td>\n<td style=\"border-color: #ebebeb;height: 24px;text-align: center;width: 500px;vertical-align: middle\"><span style=\"font-size: 0.9em\"><strong>COUREURS<\/strong><\/span><\/td>\n<td style=\"border-color: #ebebeb;height: 24px;text-align: center;width: 220px;vertical-align: middle\"><span style=\"font-size: 0.9em\"><strong>TEMPS \/ \u00c9CART<\/strong><\/span><\/td>\n<\/tr>\n<tr style=\"height: 24px\">\n<td style=\"border-color: #ebebeb;height: 24px;text-align: center;width: 80px;vertical-align: middle\"><strong><span class=\"su-label su-label-type-warning\">1.<\/span><\/strong><\/td>\n<td style=\"border-color: #ebebeb;text-align: center;width: 500px;vertical-align: middle\"><span style=\"font-size: 0.9em\"><strong>\ud83c\uddf8\ud83c\uddee TADEJ POGA\u010cAR<\/strong><\/span><\/td>\n<td style=\"border-color: #ebebeb;text-align: center;width: 220px;vertical-align: middle\"><strong><span style=\"font-size: 0.9em\">4h59m29s<\/span><\/strong><\/td>\n<\/tr>\n<tr>\n<td style=\"border-color: #ebebeb;text-align: center;width: 80px;vertical-align: middle\"><strong><span class=\"su-label su-label-type-default\">2.<\/span><\/strong><\/td>\n<td style=\"border-color: #ebebeb;text-align: center;width: 500px;vertical-align: middle\"><span style=\"font-size: 0.9em\"><strong>\ud83c\udde7\ud83c\uddea REMCO EVENEPOEL<\/strong><\/span><\/td>\n<td style=\"border-color: #ebebeb;text-align: center;width: 220px;vertical-align: middle\"><span style=\"font-size: 0.9em\"><strong>\u00e0 31s<\/strong><\/span><\/td>\n<\/tr>\n<tr>\n<td style=\"border-color: #ebebeb;text-align: center;width: 80px;vertical-align: middle\"><strong><span class=\"su-label su-label-type-important\">3.<\/span><\/strong><\/td>\n<td style=\"border-color: #ebebeb;text-align: center;width: 500px;vertical-align: middle\"><span style=\"font-size: 0.9em\"><strong>\ud83c\uddeb\ud83c\uddf7 PAUL SEIXAS<\/strong><\/span><\/td>\n<td style=\"border-color: #ebebeb;text-align: center;width: 220px;vertical-align: middle\"><span style=\"font-size: 0.9em\"><strong>\u00e0 3m41s<\/strong><\/span><\/td>\n<\/tr>\n<tr>\n<td style=\"border-color: #ebebeb;text-align: center;width: 80px;vertical-align: middle\"><span style=\"font-size: 0.9em\">4.<\/span><\/td>\n<td style=\"border-color: #ebebeb;text-align: center;width: 500px;vertical-align: middle\"><span style=\"font-size: 0.9em\"><strong>\ud83c\uddee\ud83c\uddf9 CHRISTIAN SCARONI<\/strong><\/span><\/td>\n<td style=\"border-color: #ebebeb;text-align: center;width: 220px;vertical-align: middle\"><span style=\"font-size: 0.9em\"><strong>\u00e0 4m04s<\/strong><\/span><\/td>\n<\/tr>\n<tr>\n<td style=\"border-color: #ebebeb;text-align: center;width: 80px;vertical-align: middle\"><span style=\"font-size: 0.9em\">5.<\/span><\/td>\n<td style=\"border-color: #ebebeb;text-align: center;width: 500px;vertical-align: middle\"><span style=\"font-size: 0.9em\"><strong>\ud83c\uddf1\ud83c\uddfb TOMS SKUJI\u0145\u0160<\/strong><\/span><\/td>\n<td style=\"border-color: #ebebeb;text-align: center;width: 220px;vertical-align: middle\"><span style=\"font-size: 0.9em\"><strong>\u00e0 4m16s<\/strong><\/span><\/td>\n<\/tr>\n<tr>\n<td style=\"border-color: #ebebeb;text-align: center;width: 80px;vertical-align: middle\"><span style=\"font-size: 0.9em\">6.<\/span><\/td>\n<td style=\"border-color: #ebebeb;text-align: center;width: 500px;vertical-align: middle\"><span style=\"font-size: 0.9em\"><strong>\ud83c\uddea\ud83c\uddf8 JUAN AYUSO<\/strong><\/span><\/td>\n<td style=\"border-color: #ebebeb;text-align: center;width: 220px;vertical-align: middle\"><span style=\"font-size: 0.9em\"><strong>\u00e0 4m21s<\/strong><\/span><\/td>\n<\/tr>\n<tr>\n<td style=\"border-color: #ebebeb;text-align: center;width: 80px;vertical-align: middle\"><span style=\"font-size: 0.9em\">7.<\/span><\/td>\n<td style=\"border-color: #ebebeb;text-align: center;width: 500px;vertical-align: middle\"><span style=\"font-size: 0.9em\"><strong>\ud83c\udde9\ud83c\uddf0 MATTIAS SKJELMOSE<\/strong><\/span><\/td>\n<td style=\"border-color: #ebebeb;text-align: center;width: 220px;vertical-align: middle\"><span style=\"font-size: 0.9em\"><strong>\u00e0 5m01s<\/strong><\/span><\/td>\n<\/tr>\n<tr>\n<td style=\"border-color: #ebebeb;text-align: center;width: 80px;vertical-align: middle\"><span style=\"font-size: 0.9em\">8.<\/span><\/td>\n<td style=\"border-color: #ebebeb;text-align: center;width: 500px;vertical-align: middle\"><span style=\"font-size: 0.9em\"><strong>\ud83c\uddeb\ud83c\uddf7 PAVEL SIVAKOV<\/strong><\/span><\/td>\n<td style=\"border-color: #ebebeb;text-align: center;width: 220px;vertical-align: middle\"><span style=\"font-size: 0.9em\"><strong>\u00e0 5m55s<\/strong><\/span><\/td>\n<\/tr>\n<tr>\n<td style=\"border-color: #ebebeb;text-align: center;width: 80px;vertical-align: middle\"><span style=\"font-size: 0.9em\">9.<\/span><\/td>\n<td style=\"border-color: #ebebeb;text-align: center;width: 500px;vertical-align: middle\"><span style=\"font-size: 0.9em\"><strong>\ud83c\uddee\ud83c\uddf9 GIANMARCO GAROFOLI<\/strong><\/span><\/td>\n<td style=\"border-color: #ebebeb;text-align: center;width: 220px;vertical-align: middle\"><span style=\"font-size: 0.9em\"><strong>\u00e0 5m59s<\/strong><\/span><\/td>\n<\/tr>\n<tr>\n<td style=\"border-color: #ebebeb;text-align: center;width: 80px;vertical-align: middle\"><span style=\"font-size: 0.9em\">10.<\/span><\/td>\n<td style=\"border-color: #ebebeb;text-align: center;width: 500px;vertical-align: middle\"><span style=\"font-size: 0.9em\"><strong>\ud83c\uddeb\ud83c\uddf7 ROMAIN GR\u00c9GOIRE<\/strong><\/span><\/td>\n<td style=\"border-color: #ebebeb;text-align: center;width: 220px;vertical-align: middle\"><span style=\"font-size: 0.9em\"><strong>\u00e0 6m52s<\/strong><\/span><\/td>\n<\/tr>\n<tr>\n<td style=\"border-color: #ebebeb;text-align: center;width: 80px;vertical-align: middle\"><span style=\"font-size: 0.9em\">11.<\/span><\/td>\n<td style=\"border-color: #ebebeb;text-align: center;width: 500px;vertical-align: middle\"><span style=\"font-size: 0.9em\"><strong>\ud83c\uddee\ud83c\uddf9 MARCO FRIGO<\/strong><\/span><\/td>\n<td style=\"border-color: #ebebeb;text-align: center;width: 220px;vertical-align: middle\"><span style=\"font-size: 0.9em\"><strong>\u00e0 6m55s<\/strong><\/span><\/td>\n<\/tr>\n<tr>\n<td style=\"border-color: #ebebeb;text-align: center;width: 80px;vertical-align: middle\"><span style=\"font-size: 0.9em\">12.<\/span><\/td>\n<td style=\"border-color: #ebebeb;text-align: center;width: 500px;vertical-align: middle\"><span style=\"font-size: 0.9em\"><strong>\ud83c\uddeb\ud83c\uddf7 NICOLAS PRODHOMME<\/strong><\/span><\/td>\n<td style=\"border-color: #ebebeb;text-align: center;width: 220px;vertical-align: middle\"><span style=\"font-size: 0.9em\"><strong>\u00e0 7m18s<\/strong><\/span><\/td>\n<\/tr>\n<tr>\n<td style=\"border-color: #ebebeb;text-align: center;width: 80px;vertical-align: middle\"><span style=\"font-size: 0.9em\">13.<\/span><\/td>\n<td style=\"border-color: #ebebeb;text-align: center;width: 500px;vertical-align: middle\"><span style=\"font-size: 0.9em\"><strong>\ud83c\udde7\ud83c\uddea TIESJ BENOOT<\/strong><\/span><\/td>\n<td style=\"border-color: #ebebeb;text-align: center;width: 220px;vertical-align: middle\"><span style=\"font-size: 0.9em\"><strong>\u00e0 7m18s<\/strong><\/span><\/td>\n<\/tr>\n<tr>\n<td style=\"border-color: #ebebeb;text-align: center;width: 80px;vertical-align: middle\"><span style=\"font-size: 0.9em\">14.<\/span><\/td>\n<td style=\"border-color: #ebebeb;text-align: center;width: 500px;vertical-align: middle\"><span style=\"font-size: 0.9em\"><strong>\ud83c\udde7\ud83c\uddea LOUIS VERVAEKE<\/strong><\/span><\/td>\n<td style=\"border-color: #ebebeb;text-align: center;width: 220px;vertical-align: middle\"><span style=\"font-size: 0.9em\"><strong>\u00e0 7m18s<\/strong><\/span><\/td>\n<\/tr>\n<tr>\n<td style=\"border-color: #ebebeb;text-align: center;width: 80px;vertical-align: middle\"><span style=\"font-size: 0.9em\">15.<\/span><\/td>\n<td style=\"border-color: #ebebeb;text-align: center;width: 500px;vertical-align: middle\"><span style=\"font-size: 0.9em\"><strong>\ud83c\udde6\ud83c\uddf9 FELIX GROSSSCHARTNER<\/strong><\/span><\/td>\n<td style=\"border-color: #ebebeb;text-align: center;width: 220px;vertical-align: middle\"><span style=\"font-size: 0.9em\"><strong>\u00e0 7m33s<\/strong><\/span><\/td>\n<\/tr>\n<tr>\n<td style=\"border-color: #ebebeb;text-align: center;width: 80px;vertical-align: middle\"><span style=\"font-size: 0.9em\">16.<\/span><\/td>\n<td style=\"border-color: #ebebeb;text-align: center;width: 500px;vertical-align: middle\"><span style=\"font-size: 0.9em\"><strong>\ud83c\uddeb\ud83c\uddf7 AUR\u00c9LIEN PARET-PEINTRE<\/strong><\/span><\/td>\n<td style=\"border-color: #ebebeb;text-align: center;width: 220px;vertical-align: middle\"><span style=\"font-size: 0.9em\"><strong>\u00e0 8m20s<\/strong><\/span><\/td>\n<\/tr>\n<tr>\n<td style=\"border-color: #ebebeb;text-align: center;width: 80px;vertical-align: middle\"><span style=\"font-size: 0.9em\">17.<\/span><\/td>\n<td style=\"border-color: #ebebeb;text-align: center;width: 500px;vertical-align: middle\"><span style=\"font-size: 0.9em\"><strong>\ud83c\uddf1\ud83c\uddfa MATS WENZEL<\/strong><\/span><\/td>\n<td style=\"border-color: #ebebeb;text-align: center;width: 220px;vertical-align: middle\"><span style=\"font-size: 0.9em\"><strong>\u00e0 12m32s<\/strong><\/span><\/td>\n<\/tr>\n<\/tbody>\n<\/table>\n<\/div>\n<ul>\n<li style=\"text-align: justify;\"><a href=\"https:\/\/www.procyclingstats.com\/race\/uec-road-european-championships\/2025\/result\"><strong>Le classement complet de la course<\/strong><\/a><\/li>\n<\/ul>\n<h3 style=\"text-align: justify;\">\u00c0 lire aussi<\/h3>\n<div class=\"vlp-link-container vlp-layout-article\"><a href=\"https:\/\/dicodusport.fr\/blog\/chaine-tv-championnats-deurope-2025-ou-suivre-les-courses\/\" class=\"vlp-link\" title=\"Cha\u00eene TV Championnats d&#039;Europe 2025 : O\u00f9 suivre les courses ?\"><\/a><div class=\"vlp-layout-zone-side\"><div class=\"vlp-block-4 vlp-link-image\"><img loading=\"lazy\" decoding=\"async\" style=\"max-width: 792px;\" width=\"792\" height=\"445\" src=\"https:\/\/dicodusport.fr\/blog\/wp-content\/uploads\/2025\/09\/Chaine-TV-Championnats-dEurope-2025-Ou-suivre-les-courses-.png\" class=\"attachment-800x445 size-800x445\" alt=\"Cha\u00eene TV Championnats d&#039;Europe 2025 O\u00f9 suivre les courses\" srcset=\"https:\/\/dicodusport.fr\/blog\/wp-content\/uploads\/2025\/09\/Chaine-TV-Championnats-dEurope-2025-Ou-suivre-les-courses-.png 1200w, https:\/\/dicodusport.fr\/blog\/wp-content\/uploads\/2025\/09\/Chaine-TV-Championnats-dEurope-2025-Ou-suivre-les-courses--300x169.png 300w, https:\/\/dicodusport.fr\/blog\/wp-content\/uploads\/2025\/09\/Chaine-TV-Championnats-dEurope-2025-Ou-suivre-les-courses--1024x575.png 1024w, https:\/\/dicodusport.fr\/blog\/wp-content\/uploads\/2025\/09\/Chaine-TV-Championnats-dEurope-2025-Ou-suivre-les-courses--768x431.png 768w\" sizes=\"auto, (max-width: 792px) 100vw, 792px\" \/><\/div><\/div><div class=\"vlp-layout-zone-main\"><div class=\"vlp-block-0 vlp-link-title\">Cha\u00eene TV Championnats d'Europe 2025 : O\u00f9 suivre les courses ?<\/div><div class=\"vlp-block-1 vlp-link-summary\">Suivez les Championnats d\u2019Europe de cyclisme 2025 en Dr\u00f4me-Ard\u00e8che : programme TV complet, horaires et cha\u00eenes pour ne rien manquer des courses.<\/div><div class=\"vlp-block-2 vlp-link-button\">Lire l'article<\/div><div class=\"vlp-block-3 vlp-link-url\">dicodusport.fr<\/div><\/div><\/div>\n","protected":false},"excerpt":{"rendered":"<p>Retrouvez le classement et les r\u00e9sultats complets de la course en ligne \u00e9lites hommes des Championnats d&rsquo;Europe de cyclisme sur route 2025 en Dr\u00f4me-Ard\u00e8che, qui s&rsquo;est d\u00e9roul\u00e9e ce dimanche 5 octobre 2025.<\/p>\n","protected":false},"author":4,"featured_media":617015,"comment_status":"open","ping_status":"closed","sticky":false,"template":"","format":"standard","meta":{"_acf_changed":false,"_daextam_enable_autolinks":"1","footnotes":""},"categories":[46994],"tags":[16878,23805,574,11197],"class_list":["post-617003","post","type-post","status-publish","format-standard","has-post-thumbnail","hentry","category-cyclisme-sur-route","tag-breve","tag-championnats-deurope-de-cyclisme-sur-route","tag-cyclisme","tag-cyclisme-sur-route"],"acf":[],"yoast_head":"<!-- This site is optimized with the Yoast SEO Premium plugin v26.7 (Yoast SEO v26.7) - https:\/\/yoast.com\/wordpress\/plugins\/seo\/ -->\n<title>Championnat d&#039;Europe 2025 : R\u00e9sultats et classement course en ligne \u00e9lites hommes<\/title>\n<meta name=\"description\" content=\"Retrouvez le classement et les r\u00e9sultats complets de la course en ligne \u00e9lites hommes des Championnats d&#039;Europe de cyclisme sur route 2025 en Dr\u00f4me-Ard\u00e8che, qui s&#039;est d\u00e9roul\u00e9e ce dimanche 5 octobre 2025.\" \/>\n<meta name=\"robots\" content=\"index, follow, max-snippet:-1, max-image-preview:large, max-video-preview:-1\" \/>\n<link rel=\"canonical\" href=\"https:\/\/dicodusport.fr\/blog\/championnat-deurope-2025-resultats-et-classement-course-en-ligne-elites-hommes\/\" \/>\n<meta property=\"og:locale\" content=\"fr_FR\" \/>\n<meta property=\"og:type\" content=\"article\" \/>\n<meta property=\"og:title\" content=\"Qui est le champion d&#039;Europe 2025 de la course en ligne ? Classement et r\u00e9sultats complets\" \/>\n<meta property=\"og:description\" content=\"Retrouvez le classement et les r\u00e9sultats complets de la course en ligne \u00e9lites hommes des Championnats d&#039;Europe de cyclisme sur route 2025 en Dr\u00f4me-Ard\u00e8che, qui s&#039;est d\u00e9roul\u00e9e ce dimanche 5 octobre 2025.\" \/>\n<meta property=\"og:url\" content=\"https:\/\/dicodusport.fr\/blog\/championnat-deurope-2025-resultats-et-classement-course-en-ligne-elites-hommes\/\" \/>\n<meta property=\"og:site_name\" content=\"Dicodusport\" \/>\n<meta property=\"article:publisher\" content=\"https:\/\/www.facebook.com\/dicodusport\" \/>\n<meta property=\"article:author\" content=\"https:\/\/www.facebook.com\/florent.ostermann\" \/>\n<meta property=\"article:published_time\" content=\"2025-10-05T14:58:49+00:00\" \/>\n<meta property=\"article:modified_time\" content=\"2025-10-05T15:33:00+00:00\" \/>\n<meta property=\"og:image\" content=\"https:\/\/dicodusport.fr\/blog\/wp-content\/uploads\/2025\/10\/Championnat-dEurope-2025-Resultats-et-classement-course-en-ligne-elites-hommes.png\" \/>\n\t<meta property=\"og:image:width\" content=\"1200\" \/>\n\t<meta property=\"og:image:height\" content=\"674\" \/>\n\t<meta property=\"og:image:type\" content=\"image\/png\" \/>\n<meta name=\"author\" content=\"Flo Ostermann\" \/>\n<meta name=\"twitter:card\" content=\"summary_large_image\" \/>\n<meta name=\"twitter:title\" content=\"Qui est le champion d&#039;Europe 2025 de la course en ligne ? Classement et r\u00e9sultats complets\" \/>\n<meta name=\"twitter:creator\" content=\"@https:\/\/twitter.com\/FlOstermann\" \/>\n<meta name=\"twitter:site\" content=\"@dicodusport\" \/>\n<script type=\"application\/ld+json\" class=\"yoast-schema-graph\">{\"@context\":\"https:\/\/schema.org\",\"@graph\":[{\"@type\":\"NewsArticle\",\"@id\":\"https:\/\/dicodusport.fr\/blog\/championnat-deurope-2025-resultats-et-classement-course-en-ligne-elites-hommes\/#article\",\"isPartOf\":{\"@id\":\"https:\/\/dicodusport.fr\/blog\/championnat-deurope-2025-resultats-et-classement-course-en-ligne-elites-hommes\/\"},\"author\":{\"name\":\"Flo Ostermann\",\"@id\":\"https:\/\/dicodusport.fr\/blog\/#\/schema\/person\/cb02af4c173ce4a653b55e9baf388d4a\"},\"headline\":\"Championnat d&rsquo;Europe 2025 : R\u00e9sultats et classement course en ligne \u00e9lites hommes\",\"datePublished\":\"2025-10-05T14:58:49+00:00\",\"dateModified\":\"2025-10-05T15:33:00+00:00\",\"mainEntityOfPage\":{\"@id\":\"https:\/\/dicodusport.fr\/blog\/championnat-deurope-2025-resultats-et-classement-course-en-ligne-elites-hommes\/\"},\"wordCount\":663,\"commentCount\":0,\"publisher\":{\"@id\":\"https:\/\/dicodusport.fr\/blog\/#organization\"},\"image\":{\"@id\":\"https:\/\/dicodusport.fr\/blog\/championnat-deurope-2025-resultats-et-classement-course-en-ligne-elites-hommes\/#primaryimage\"},\"thumbnailUrl\":\"https:\/\/dicodusport.fr\/blog\/wp-content\/uploads\/2025\/10\/Championnat-dEurope-2025-Resultats-et-classement-course-en-ligne-elites-hommes.png\",\"keywords\":[\"br\u00e8ve\",\"Championnats d'Europe de cyclisme sur route\",\"Cyclisme\",\"Cyclisme sur route\"],\"articleSection\":[\"Cyclisme sur route\"],\"inLanguage\":\"fr-FR\",\"potentialAction\":[{\"@type\":\"CommentAction\",\"name\":\"Comment\",\"target\":[\"https:\/\/dicodusport.fr\/blog\/championnat-deurope-2025-resultats-et-classement-course-en-ligne-elites-hommes\/#respond\"]}],\"copyrightYear\":\"2025\",\"copyrightHolder\":{\"@id\":\"https:\/\/dicodusport.fr\/blog\/#organization\"}},{\"@type\":\"WebPage\",\"@id\":\"https:\/\/dicodusport.fr\/blog\/championnat-deurope-2025-resultats-et-classement-course-en-ligne-elites-hommes\/\",\"url\":\"https:\/\/dicodusport.fr\/blog\/championnat-deurope-2025-resultats-et-classement-course-en-ligne-elites-hommes\/\",\"name\":\"Championnat d'Europe 2025 : R\u00e9sultats et classement course en ligne \u00e9lites hommes\",\"isPartOf\":{\"@id\":\"https:\/\/dicodusport.fr\/blog\/#website\"},\"primaryImageOfPage\":{\"@id\":\"https:\/\/dicodusport.fr\/blog\/championnat-deurope-2025-resultats-et-classement-course-en-ligne-elites-hommes\/#primaryimage\"},\"image\":{\"@id\":\"https:\/\/dicodusport.fr\/blog\/championnat-deurope-2025-resultats-et-classement-course-en-ligne-elites-hommes\/#primaryimage\"},\"thumbnailUrl\":\"https:\/\/dicodusport.fr\/blog\/wp-content\/uploads\/2025\/10\/Championnat-dEurope-2025-Resultats-et-classement-course-en-ligne-elites-hommes.png\",\"datePublished\":\"2025-10-05T14:58:49+00:00\",\"dateModified\":\"2025-10-05T15:33:00+00:00\",\"description\":\"Retrouvez le classement et les r\u00e9sultats complets de la course en ligne \u00e9lites hommes des Championnats d'Europe de cyclisme sur route 2025 en Dr\u00f4me-Ard\u00e8che, qui s'est d\u00e9roul\u00e9e ce dimanche 5 octobre 2025.\",\"breadcrumb\":{\"@id\":\"https:\/\/dicodusport.fr\/blog\/championnat-deurope-2025-resultats-et-classement-course-en-ligne-elites-hommes\/#breadcrumb\"},\"inLanguage\":\"fr-FR\",\"potentialAction\":[{\"@type\":\"ReadAction\",\"target\":[\"https:\/\/dicodusport.fr\/blog\/championnat-deurope-2025-resultats-et-classement-course-en-ligne-elites-hommes\/\"]}]},{\"@type\":\"ImageObject\",\"inLanguage\":\"fr-FR\",\"@id\":\"https:\/\/dicodusport.fr\/blog\/championnat-deurope-2025-resultats-et-classement-course-en-ligne-elites-hommes\/#primaryimage\",\"url\":\"https:\/\/dicodusport.fr\/blog\/wp-content\/uploads\/2025\/10\/Championnat-dEurope-2025-Resultats-et-classement-course-en-ligne-elites-hommes.png\",\"contentUrl\":\"https:\/\/dicodusport.fr\/blog\/wp-content\/uploads\/2025\/10\/Championnat-dEurope-2025-Resultats-et-classement-course-en-ligne-elites-hommes.png\",\"width\":1200,\"height\":674,\"caption\":\"Championnat d'Europe 2025 R\u00e9sultats et classement course en ligne \u00e9lites hommes\"},{\"@type\":\"BreadcrumbList\",\"@id\":\"https:\/\/dicodusport.fr\/blog\/championnat-deurope-2025-resultats-et-classement-course-en-ligne-elites-hommes\/#breadcrumb\",\"itemListElement\":[{\"@type\":\"ListItem\",\"position\":1,\"name\":\"Accueil\",\"item\":\"https:\/\/dicodusport.fr\/blog\/\"},{\"@type\":\"ListItem\",\"position\":2,\"name\":\"Championnat d&rsquo;Europe 2025 : R\u00e9sultats et classement course en ligne \u00e9lites hommes\"}]},{\"@type\":\"WebSite\",\"@id\":\"https:\/\/dicodusport.fr\/blog\/#website\",\"url\":\"https:\/\/dicodusport.fr\/blog\/\",\"name\":\"Dicodusport\",\"description\":\"L&#039;encyclop\u00e9die de l&#039;actualit\u00e9 sportive\",\"publisher\":{\"@id\":\"https:\/\/dicodusport.fr\/blog\/#organization\"},\"potentialAction\":[{\"@type\":\"SearchAction\",\"target\":{\"@type\":\"EntryPoint\",\"urlTemplate\":\"https:\/\/dicodusport.fr\/blog\/?s={search_term_string}\"},\"query-input\":{\"@type\":\"PropertyValueSpecification\",\"valueRequired\":true,\"valueName\":\"search_term_string\"}}],\"inLanguage\":\"fr-FR\"},{\"@type\":\"NewsMediaOrganization\",\"@id\":\"https:\/\/dicodusport.fr\/blog\/#organization\",\"name\":\"Dicodusport\",\"url\":\"https:\/\/dicodusport.fr\/blog\/\",\"logo\":{\"@type\":\"ImageObject\",\"inLanguage\":\"fr-FR\",\"@id\":\"https:\/\/dicodusport.fr\/blog\/#\/schema\/logo\/image\/\",\"url\":\"https:\/\/dicodusport.fr\/blog\/wp-content\/uploads\/2020\/06\/cropped-LOGO-DICODUSPORT-2020-SANS-FOND-SANS-TEXTE.png\",\"contentUrl\":\"https:\/\/dicodusport.fr\/blog\/wp-content\/uploads\/2020\/06\/cropped-LOGO-DICODUSPORT-2020-SANS-FOND-SANS-TEXTE.png\",\"width\":512,\"height\":512,\"caption\":\"Dicodusport\"},\"image\":{\"@id\":\"https:\/\/dicodusport.fr\/blog\/#\/schema\/logo\/image\/\"},\"sameAs\":[\"https:\/\/www.facebook.com\/dicodusport\",\"https:\/\/x.com\/dicodusport\",\"https:\/\/www.instagram.com\/dicodusport\/\",\"https:\/\/www.youtube.com\/channel\/UC7V2KZ5sd3htJivAbA4ZG3w\"],\"description\":\"Dicodusport est l'encyclop\u00e9die de l'actualit\u00e9 sportive.\",\"email\":\"bonjour@dicodusport.fr\",\"legalName\":\"DICODUSPORT\",\"foundingDate\":\"2018-01-14\",\"vatID\":\"FR71834470973\",\"taxID\":\"83447097300043\",\"numberOfEmployees\":{\"@type\":\"QuantitativeValue\",\"minValue\":\"1\",\"maxValue\":\"10\"}},{\"@type\":\"Person\",\"@id\":\"https:\/\/dicodusport.fr\/blog\/#\/schema\/person\/cb02af4c173ce4a653b55e9baf388d4a\",\"name\":\"Flo Ostermann\",\"image\":{\"@type\":\"ImageObject\",\"inLanguage\":\"fr-FR\",\"@id\":\"https:\/\/dicodusport.fr\/blog\/#\/schema\/person\/image\/\",\"url\":\"https:\/\/dicodusport.fr\/blog\/wp-content\/uploads\/2021\/05\/Flo-Ostermann-150x150.jpg\",\"contentUrl\":\"https:\/\/dicodusport.fr\/blog\/wp-content\/uploads\/2021\/05\/Flo-Ostermann-150x150.jpg\",\"caption\":\"Flo Ostermann\"},\"description\":\"Journaliste\/R\u00e9dacteur depuis septembre 2015 - Mes premiers souvenirs dans le sport ? Les envol\u00e9es du Stade Toulousain et les duels Villeneuve-Schumacher et H\u00e4kkinen-Schumacher \u00e0 la fin des ann\u00e9es 90, la Coupe du monde de football en 1998, l\u2019exploit du XV de France face aux All Blacks en 1999, mais aussi Richard C\u0153ur de Lion qui vole sur les montagnes du Tour de France. Bien parti pour devenir professeur d\u2019EPS, les \u00e9v\u00e9nements de la vie (et la flemme d\u2019animer des s\u00e9ances de 3x500 m\u00e8tres toute ma vie) m\u2019ont conduit \u00e0 revoir mes plans. Me voil\u00e0 depuis fin 2017 sur Dicodusport, m\u00e9dia gr\u00e2ce (et pour) lequel je partage ma passion : le sport dans tous ses \u00e9tats. Le tout accompagn\u00e9 par les fous furieux et folles furieuses cit\u00e9s sur cette page !\",\"sameAs\":[\"https:\/\/www.facebook.com\/florent.ostermann\",\"https:\/\/x.com\/https:\/\/twitter.com\/FlOstermann\",\"admin\"],\"url\":\"https:\/\/dicodusport.fr\/blog\/author\/flo\/\"}]}<\/script>\n<!-- \/ Yoast SEO Premium plugin. -->","yoast_head_json":{"title":"Championnat d'Europe 2025 : R\u00e9sultats et classement course en ligne \u00e9lites hommes","description":"Retrouvez le classement et les r\u00e9sultats complets de la course en ligne \u00e9lites hommes des Championnats d'Europe de cyclisme sur route 2025 en Dr\u00f4me-Ard\u00e8che, qui s'est d\u00e9roul\u00e9e ce dimanche 5 octobre 2025.","robots":{"index":"index","follow":"follow","max-snippet":"max-snippet:-1","max-image-preview":"max-image-preview:large","max-video-preview":"max-video-preview:-1"},"canonical":"https:\/\/dicodusport.fr\/blog\/championnat-deurope-2025-resultats-et-classement-course-en-ligne-elites-hommes\/","og_locale":"fr_FR","og_type":"article","og_title":"Qui est le champion d'Europe 2025 de la course en ligne ? Classement et r\u00e9sultats complets","og_description":"Retrouvez le classement et les r\u00e9sultats complets de la course en ligne \u00e9lites hommes des Championnats d'Europe de cyclisme sur route 2025 en Dr\u00f4me-Ard\u00e8che, qui s'est d\u00e9roul\u00e9e ce dimanche 5 octobre 2025.","og_url":"https:\/\/dicodusport.fr\/blog\/championnat-deurope-2025-resultats-et-classement-course-en-ligne-elites-hommes\/","og_site_name":"Dicodusport","article_publisher":"https:\/\/www.facebook.com\/dicodusport","article_author":"https:\/\/www.facebook.com\/florent.ostermann","article_published_time":"2025-10-05T14:58:49+00:00","article_modified_time":"2025-10-05T15:33:00+00:00","og_image":[{"width":1200,"height":674,"url":"https:\/\/dicodusport.fr\/blog\/wp-content\/uploads\/2025\/10\/Championnat-dEurope-2025-Resultats-et-classement-course-en-ligne-elites-hommes.png","type":"image\/png"}],"author":"Flo Ostermann","twitter_card":"summary_large_image","twitter_title":"Qui est le champion d'Europe 2025 de la course en ligne ? Classement et r\u00e9sultats complets","twitter_creator":"@https:\/\/twitter.com\/FlOstermann","twitter_site":"@dicodusport","schema":{"@context":"https:\/\/schema.org","@graph":[{"@type":"NewsArticle","@id":"https:\/\/dicodusport.fr\/blog\/championnat-deurope-2025-resultats-et-classement-course-en-ligne-elites-hommes\/#article","isPartOf":{"@id":"https:\/\/dicodusport.fr\/blog\/championnat-deurope-2025-resultats-et-classement-course-en-ligne-elites-hommes\/"},"author":{"name":"Flo Ostermann","@id":"https:\/\/dicodusport.fr\/blog\/#\/schema\/person\/cb02af4c173ce4a653b55e9baf388d4a"},"headline":"Championnat d&rsquo;Europe 2025 : R\u00e9sultats et classement course en ligne \u00e9lites hommes","datePublished":"2025-10-05T14:58:49+00:00","dateModified":"2025-10-05T15:33:00+00:00","mainEntityOfPage":{"@id":"https:\/\/dicodusport.fr\/blog\/championnat-deurope-2025-resultats-et-classement-course-en-ligne-elites-hommes\/"},"wordCount":663,"commentCount":0,"publisher":{"@id":"https:\/\/dicodusport.fr\/blog\/#organization"},"image":{"@id":"https:\/\/dicodusport.fr\/blog\/championnat-deurope-2025-resultats-et-classement-course-en-ligne-elites-hommes\/#primaryimage"},"thumbnailUrl":"https:\/\/dicodusport.fr\/blog\/wp-content\/uploads\/2025\/10\/Championnat-dEurope-2025-Resultats-et-classement-course-en-ligne-elites-hommes.png","keywords":["br\u00e8ve","Championnats d'Europe de cyclisme sur route","Cyclisme","Cyclisme sur route"],"articleSection":["Cyclisme sur route"],"inLanguage":"fr-FR","potentialAction":[{"@type":"CommentAction","name":"Comment","target":["https:\/\/dicodusport.fr\/blog\/championnat-deurope-2025-resultats-et-classement-course-en-ligne-elites-hommes\/#respond"]}],"copyrightYear":"2025","copyrightHolder":{"@id":"https:\/\/dicodusport.fr\/blog\/#organization"}},{"@type":"WebPage","@id":"https:\/\/dicodusport.fr\/blog\/championnat-deurope-2025-resultats-et-classement-course-en-ligne-elites-hommes\/","url":"https:\/\/dicodusport.fr\/blog\/championnat-deurope-2025-resultats-et-classement-course-en-ligne-elites-hommes\/","name":"Championnat d'Europe 2025 : R\u00e9sultats et classement course en ligne \u00e9lites hommes","isPartOf":{"@id":"https:\/\/dicodusport.fr\/blog\/#website"},"primaryImageOfPage":{"@id":"https:\/\/dicodusport.fr\/blog\/championnat-deurope-2025-resultats-et-classement-course-en-ligne-elites-hommes\/#primaryimage"},"image":{"@id":"https:\/\/dicodusport.fr\/blog\/championnat-deurope-2025-resultats-et-classement-course-en-ligne-elites-hommes\/#primaryimage"},"thumbnailUrl":"https:\/\/dicodusport.fr\/blog\/wp-content\/uploads\/2025\/10\/Championnat-dEurope-2025-Resultats-et-classement-course-en-ligne-elites-hommes.png","datePublished":"2025-10-05T14:58:49+00:00","dateModified":"2025-10-05T15:33:00+00:00","description":"Retrouvez le classement et les r\u00e9sultats complets de la course en ligne \u00e9lites hommes des Championnats d'Europe de cyclisme sur route 2025 en Dr\u00f4me-Ard\u00e8che, qui s'est d\u00e9roul\u00e9e ce dimanche 5 octobre 2025.","breadcrumb":{"@id":"https:\/\/dicodusport.fr\/blog\/championnat-deurope-2025-resultats-et-classement-course-en-ligne-elites-hommes\/#breadcrumb"},"inLanguage":"fr-FR","potentialAction":[{"@type":"ReadAction","target":["https:\/\/dicodusport.fr\/blog\/championnat-deurope-2025-resultats-et-classement-course-en-ligne-elites-hommes\/"]}]},{"@type":"ImageObject","inLanguage":"fr-FR","@id":"https:\/\/dicodusport.fr\/blog\/championnat-deurope-2025-resultats-et-classement-course-en-ligne-elites-hommes\/#primaryimage","url":"https:\/\/dicodusport.fr\/blog\/wp-content\/uploads\/2025\/10\/Championnat-dEurope-2025-Resultats-et-classement-course-en-ligne-elites-hommes.png","contentUrl":"https:\/\/dicodusport.fr\/blog\/wp-content\/uploads\/2025\/10\/Championnat-dEurope-2025-Resultats-et-classement-course-en-ligne-elites-hommes.png","width":1200,"height":674,"caption":"Championnat d'Europe 2025 R\u00e9sultats et classement course en ligne \u00e9lites hommes"},{"@type":"BreadcrumbList","@id":"https:\/\/dicodusport.fr\/blog\/championnat-deurope-2025-resultats-et-classement-course-en-ligne-elites-hommes\/#breadcrumb","itemListElement":[{"@type":"ListItem","position":1,"name":"Accueil","item":"https:\/\/dicodusport.fr\/blog\/"},{"@type":"ListItem","position":2,"name":"Championnat d&rsquo;Europe 2025 : R\u00e9sultats et classement course en ligne \u00e9lites hommes"}]},{"@type":"WebSite","@id":"https:\/\/dicodusport.fr\/blog\/#website","url":"https:\/\/dicodusport.fr\/blog\/","name":"Dicodusport","description":"L&#039;encyclop\u00e9die de l&#039;actualit\u00e9 sportive","publisher":{"@id":"https:\/\/dicodusport.fr\/blog\/#organization"},"potentialAction":[{"@type":"SearchAction","target":{"@type":"EntryPoint","urlTemplate":"https:\/\/dicodusport.fr\/blog\/?s={search_term_string}"},"query-input":{"@type":"PropertyValueSpecification","valueRequired":true,"valueName":"search_term_string"}}],"inLanguage":"fr-FR"},{"@type":"NewsMediaOrganization","@id":"https:\/\/dicodusport.fr\/blog\/#organization","name":"Dicodusport","url":"https:\/\/dicodusport.fr\/blog\/","logo":{"@type":"ImageObject","inLanguage":"fr-FR","@id":"https:\/\/dicodusport.fr\/blog\/#\/schema\/logo\/image\/","url":"https:\/\/dicodusport.fr\/blog\/wp-content\/uploads\/2020\/06\/cropped-LOGO-DICODUSPORT-2020-SANS-FOND-SANS-TEXTE.png","contentUrl":"https:\/\/dicodusport.fr\/blog\/wp-content\/uploads\/2020\/06\/cropped-LOGO-DICODUSPORT-2020-SANS-FOND-SANS-TEXTE.png","width":512,"height":512,"caption":"Dicodusport"},"image":{"@id":"https:\/\/dicodusport.fr\/blog\/#\/schema\/logo\/image\/"},"sameAs":["https:\/\/www.facebook.com\/dicodusport","https:\/\/x.com\/dicodusport","https:\/\/www.instagram.com\/dicodusport\/","https:\/\/www.youtube.com\/channel\/UC7V2KZ5sd3htJivAbA4ZG3w"],"description":"Dicodusport est l'encyclop\u00e9die de l'actualit\u00e9 sportive.","email":"bonjour@dicodusport.fr","legalName":"DICODUSPORT","foundingDate":"2018-01-14","vatID":"FR71834470973","taxID":"83447097300043","numberOfEmployees":{"@type":"QuantitativeValue","minValue":"1","maxValue":"10"}},{"@type":"Person","@id":"https:\/\/dicodusport.fr\/blog\/#\/schema\/person\/cb02af4c173ce4a653b55e9baf388d4a","name":"Flo Ostermann","image":{"@type":"ImageObject","inLanguage":"fr-FR","@id":"https:\/\/dicodusport.fr\/blog\/#\/schema\/person\/image\/","url":"https:\/\/dicodusport.fr\/blog\/wp-content\/uploads\/2021\/05\/Flo-Ostermann-150x150.jpg","contentUrl":"https:\/\/dicodusport.fr\/blog\/wp-content\/uploads\/2021\/05\/Flo-Ostermann-150x150.jpg","caption":"Flo Ostermann"},"description":"Journaliste\/R\u00e9dacteur depuis septembre 2015 - Mes premiers souvenirs dans le sport ? Les envol\u00e9es du Stade Toulousain et les duels Villeneuve-Schumacher et H\u00e4kkinen-Schumacher \u00e0 la fin des ann\u00e9es 90, la Coupe du monde de football en 1998, l\u2019exploit du XV de France face aux All Blacks en 1999, mais aussi Richard C\u0153ur de Lion qui vole sur les montagnes du Tour de France. Bien parti pour devenir professeur d\u2019EPS, les \u00e9v\u00e9nements de la vie (et la flemme d\u2019animer des s\u00e9ances de 3x500 m\u00e8tres toute ma vie) m\u2019ont conduit \u00e0 revoir mes plans. Me voil\u00e0 depuis fin 2017 sur Dicodusport, m\u00e9dia gr\u00e2ce (et pour) lequel je partage ma passion : le sport dans tous ses \u00e9tats. Le tout accompagn\u00e9 par les fous furieux et folles furieuses cit\u00e9s sur cette page !","sameAs":["https:\/\/www.facebook.com\/florent.ostermann","https:\/\/x.com\/https:\/\/twitter.com\/FlOstermann","admin"],"url":"https:\/\/dicodusport.fr\/blog\/author\/flo\/"}]}},"_links":{"self":[{"href":"https:\/\/dicodusport.fr\/blog\/wp-json\/wp\/v2\/posts\/617003","targetHints":{"allow":["GET"]}}],"collection":[{"href":"https:\/\/dicodusport.fr\/blog\/wp-json\/wp\/v2\/posts"}],"about":[{"href":"https:\/\/dicodusport.fr\/blog\/wp-json\/wp\/v2\/types\/post"}],"author":[{"embeddable":true,"href":"https:\/\/dicodusport.fr\/blog\/wp-json\/wp\/v2\/users\/4"}],"replies":[{"embeddable":true,"href":"https:\/\/dicodusport.fr\/blog\/wp-json\/wp\/v2\/comments?post=617003"}],"version-history":[{"count":5,"href":"https:\/\/dicodusport.fr\/blog\/wp-json\/wp\/v2\/posts\/617003\/revisions"}],"predecessor-version":[{"id":617082,"href":"https:\/\/dicodusport.fr\/blog\/wp-json\/wp\/v2\/posts\/617003\/revisions\/617082"}],"wp:featuredmedia":[{"embeddable":true,"href":"https:\/\/dicodusport.fr\/blog\/wp-json\/wp\/v2\/media\/617015"}],"wp:attachment":[{"href":"https:\/\/dicodusport.fr\/blog\/wp-json\/wp\/v2\/media?parent=617003"}],"wp:term":[{"taxonomy":"category","embeddable":true,"href":"https:\/\/dicodusport.fr\/blog\/wp-json\/wp\/v2\/categories?post=617003"},{"taxonomy":"post_tag","embeddable":true,"href":"https:\/\/dicodusport.fr\/blog\/wp-json\/wp\/v2\/tags?post=617003"}],"curies":[{"name":"wp","href":"https:\/\/api.w.org\/{rel}","templated":true}]}}