{"id":617774,"date":"2025-10-09T15:34:46","date_gmt":"2025-10-09T13:34:46","guid":{"rendered":"https:\/\/dicodusport.fr\/blog\/?p=617774&#038;preview=true&#038;preview_id=617774"},"modified":"2025-10-09T15:34:46","modified_gmt":"2025-10-09T13:34:46","slug":"transferts-cyclisme-ewen-costiou-va-sengager-avec-une-equipe-worldtour-francaise","status":"publish","type":"post","link":"https:\/\/dicodusport.fr\/blog\/transferts-cyclisme-ewen-costiou-va-sengager-avec-une-equipe-worldtour-francaise\/","title":{"rendered":"Transferts Cyclisme : Ewen Costiou va s&rsquo;engager avec une \u00e9quipe WorldTour fran\u00e7aise"},"content":{"rendered":"<p style=\"text-align: justify;\"><strong><em>CYCLISME &#8211; Alors que la formation Arkea &#8211; B&amp;B Hotels est de plus en plus proche de la fin, certains coureurs ont d\u00e9j\u00e0 trouv\u00e9 une nouvelle \u00e9quipe, comme Ewen Costiou, qui devrait rester en France.<\/em><\/strong><\/p>\n<p style=\"text-align: justify;\">Il \u00e9tait sous contrat encore un an, mais la mort programm\u00e9e de la formation <strong>Arkea &#8211; B&amp;B Hotels<\/strong> en a d\u00e9cid\u00e9 autrement. <strong>Ewen Costiou<\/strong> va donc quitter sa Bretagne natale pour rejoindre la Groupama-FDJ, selon les informations de<em><a href=\"https:\/\/www.lequipe.fr\/Cyclisme-sur-route\/Actualites\/Ewen-costiou-arkea-b-et-b-hotels-devrait-rebondir-chez-groupama-fdj-josh-kench-arrive\/1600269\"> L&rsquo;\u00c9quipe<\/a>.<\/em><\/p>\n<div class=\"vlp-link-container vlp-layout-article\"><a href=\"https:\/\/dicodusport.fr\/blog\/cyclisme-mercato-2025-2026-le-tableau-des-transferts\/\" class=\"vlp-link\" title=\"Cyclisme Mercato 2025-2026 - Le tableau des transferts\"><\/a><div class=\"vlp-layout-zone-side\"><div class=\"vlp-block-4 vlp-link-image\"><img loading=\"lazy\" decoding=\"async\" style=\"max-width: 792px;\" width=\"792\" height=\"445\" src=\"https:\/\/dicodusport.fr\/blog\/wp-content\/uploads\/2025\/02\/Cyclisme-Mercato-2025-2026-Le-tableau-des-transferts.png\" class=\"attachment-800x445 size-800x445\" alt=\"Cyclisme Mercato 2025-2026 - Le tableau des transferts\" srcset=\"https:\/\/dicodusport.fr\/blog\/wp-content\/uploads\/2025\/02\/Cyclisme-Mercato-2025-2026-Le-tableau-des-transferts.png 1200w, https:\/\/dicodusport.fr\/blog\/wp-content\/uploads\/2025\/02\/Cyclisme-Mercato-2025-2026-Le-tableau-des-transferts-300x169.png 300w, https:\/\/dicodusport.fr\/blog\/wp-content\/uploads\/2025\/02\/Cyclisme-Mercato-2025-2026-Le-tableau-des-transferts-1024x575.png 1024w, https:\/\/dicodusport.fr\/blog\/wp-content\/uploads\/2025\/02\/Cyclisme-Mercato-2025-2026-Le-tableau-des-transferts-768x431.png 768w\" sizes=\"auto, (max-width: 792px) 100vw, 792px\" \/><\/div><\/div><div class=\"vlp-layout-zone-main\"><div class=\"vlp-block-0 vlp-link-title\">Cyclisme Mercato 2025-2026 - Le tableau des transferts<\/div><div class=\"vlp-block-1 vlp-link-summary\">MERCATO CYCLISME 2025-2026 - D\u00e9couvrez les transferts officiels et les rumeurs du mercato cycliste.<\/div><div class=\"vlp-block-2 vlp-link-button\">Lire l'article<\/div><div class=\"vlp-block-3 vlp-link-url\">dicodusport.fr<\/div><\/div><\/div>\n<h2 style=\"text-align: justify;\">Ewen Costiou, s\u00e9duit par le projet de la Groupama-FDJ et de Marc Madiot<\/h2>\n<p style=\"text-align: justify;\">\u00c0 22 ans, le puncheur fran\u00e7ais a impressionn\u00e9 cette ann\u00e9e sur les routes du Tour de France. Il a notamment <a href=\"https:\/\/dicodusport.fr\/blog\/le-francais-de-la-7eme-etape-ewen-costiou-la-bretagne-ca-le-gagne\/\">\u00e9lu combatif du jour sur la 7<sup>eme<\/sup> \u00e9tape<\/a>, menant \u00e0 M\u00fbr-de-Bretagne. Des performances qui ne sont pas pass\u00e9es inaper\u00e7ues. Alors que Groupama-FDJ s&rsquo;est montr\u00e9 int\u00e9ress\u00e9 par son profil, <strong>Ewen Costiou<\/strong> aurait lui \u00e9t\u00e9 s\u00e9duit par le projet de la formation de <strong>Marc Madiot<\/strong>. Si tout n&rsquo;est pas encore r\u00e9gl\u00e9 administrativement, le repr\u00e9sentant du coureur doit rapidement demander \u00e0 Ark\u00e9a-B&amp;B Hotels de lever sa clause. <strong>Ewen Costiou<\/strong> pourrait ainsi signer son contrat rapidement.<\/p>\n<div class=\"vlp-link-container vlp-layout-article\"><a href=\"https:\/\/dicodusport.fr\/blog\/tour-du-limousin-2025-andrea-vendrame-sadjuge-la-derniere-etape-ewen-costiou-rafle-le-general\/\" class=\"vlp-link\" title=\"Tour du Limousin 2025 : Andrea Vendrame s&#039;adjuge la derni\u00e8re \u00e9tape, Ewen Costiou rafle le g\u00e9n\u00e9ral\"><\/a><div class=\"vlp-layout-zone-side\"><div class=\"vlp-block-4 vlp-link-image\"><img loading=\"lazy\" decoding=\"async\" style=\"max-width: 792px;\" width=\"792\" height=\"445\" src=\"https:\/\/dicodusport.fr\/blog\/wp-content\/uploads\/2025\/08\/Tour-du-Limousin-2025-Andrea-Vendrame-sadjuge-la-derniere-etape-Ewen-Costiou-rafle-le-general-1.png\" class=\"attachment-800x445 size-800x445\" alt=\"Tour du Limousin 2025 Andrea Vendrame s&#039;adjuge la derni\u00e8re \u00e9tape, Ewen Costiou rafle le g\u00e9n\u00e9ral\" srcset=\"https:\/\/dicodusport.fr\/blog\/wp-content\/uploads\/2025\/08\/Tour-du-Limousin-2025-Andrea-Vendrame-sadjuge-la-derniere-etape-Ewen-Costiou-rafle-le-general-1.png 1200w, https:\/\/dicodusport.fr\/blog\/wp-content\/uploads\/2025\/08\/Tour-du-Limousin-2025-Andrea-Vendrame-sadjuge-la-derniere-etape-Ewen-Costiou-rafle-le-general-1-300x169.png 300w, https:\/\/dicodusport.fr\/blog\/wp-content\/uploads\/2025\/08\/Tour-du-Limousin-2025-Andrea-Vendrame-sadjuge-la-derniere-etape-Ewen-Costiou-rafle-le-general-1-1024x575.png 1024w, https:\/\/dicodusport.fr\/blog\/wp-content\/uploads\/2025\/08\/Tour-du-Limousin-2025-Andrea-Vendrame-sadjuge-la-derniere-etape-Ewen-Costiou-rafle-le-general-1-768x431.png 768w\" sizes=\"auto, (max-width: 792px) 100vw, 792px\" \/><\/div><\/div><div class=\"vlp-layout-zone-main\"><div class=\"vlp-block-0 vlp-link-title\">Tour du Limousin 2025 : Andrea Vendrame s'adjuge la derni\u00e8re \u00e9tape, Ewen Costiou rafle le g\u00e9n\u00e9ral<\/div><div class=\"vlp-block-1 vlp-link-summary\">TOUR DU LIMOUSIN 2025 - Andrea Vendrame (Decathlon AG2R La Mondiale) a remport\u00e9 la derni\u00e8re \u00e9tape \u00e0 Limoges, vendredi. Ewen Costiou (Arkea B&amp;B H\u00f4tels) s'est adjug\u00e9 le classement g\u00e9n\u00e9ral.\u00a0<\/div><div class=\"vlp-block-2 vlp-link-button\">Lire l'article<\/div><div class=\"vlp-block-3 vlp-link-url\">dicodusport.fr<\/div><\/div><\/div>\n<p style=\"text-align: justify;\"><a href=\"https:\/\/dicodusport.fr\/blog\/situation-desesperee-pour-la-formation-arkea-bb-hotels\/\">Arkea-B&amp;B Hotels<\/a> voit donc ses coureurs partir les uns apr\u00e8s les autres. Alors qu&rsquo;<strong>Arnaud D\u00e9mare<\/strong> a annonc\u00e9 sa retraite, <a href=\"https:\/\/dicodusport.fr\/blog\/transferts-cyclisme-kevin-vauquelin-signe-dans-une-equipe-etrangere\/\"><strong>K\u00e9vin Vauquelin<\/strong><\/a> est annonc\u00e9 partant vers <strong>Ineos Grenadiers<\/strong>. Avec <strong>Ewen Costiou<\/strong>, ces deux puncheurs &#8211; grimpeurs \u00e9taient sans doute les deux coureurs les plus en vue de la formation bretonne en 2025. En prime, la Groupama-FDJ a annonc\u00e9 ce 9 octobre la signature de <strong>Josh Kench<\/strong>. \u00c2g\u00e9 de 24 ans, le grimpeur n\u00e9o-z\u00e9landais portait cette saison les couleurs de l&rsquo;\u00e9quipe chinoise Li Ning Star. Une recrue qu&rsquo;il sera int\u00e9ressant de scruter \u00e0 un niveau bien diff\u00e9rent.<\/p>\n<h3 style=\"text-align: justify;\">\u00c0 lire aussi<\/h3>\n<div class=\"vlp-link-container vlp-layout-article\"><a href=\"https:\/\/dicodusport.fr\/blog\/fort-de-97-victoires-professionnelles-arnaud-demare-met-un-terme-a-sa-carriere\/\" class=\"vlp-link\" title=\"Fort de 97 victoires professionnelles, Arnaud D\u00e9mare met un terme \u00e0 sa carri\u00e8re\"><\/a><div class=\"vlp-layout-zone-side\"><div class=\"vlp-block-4 vlp-link-image\"><img loading=\"lazy\" decoding=\"async\" style=\"max-width: 792px;\" width=\"792\" height=\"445\" src=\"https:\/\/dicodusport.fr\/blog\/wp-content\/uploads\/2025\/10\/Fort-de-97-victoires-professionnelles-Arnaud-Demare-met-un-terme-a-sa-carriere.png\" class=\"attachment-800x445 size-800x445\" alt=\"Fort de 97 victoires professionnelles, Arnaud D\u00e9mare met un terme \u00e0 sa carri\u00e8re\" srcset=\"https:\/\/dicodusport.fr\/blog\/wp-content\/uploads\/2025\/10\/Fort-de-97-victoires-professionnelles-Arnaud-Demare-met-un-terme-a-sa-carriere.png 1200w, https:\/\/dicodusport.fr\/blog\/wp-content\/uploads\/2025\/10\/Fort-de-97-victoires-professionnelles-Arnaud-Demare-met-un-terme-a-sa-carriere-300x169.png 300w, https:\/\/dicodusport.fr\/blog\/wp-content\/uploads\/2025\/10\/Fort-de-97-victoires-professionnelles-Arnaud-Demare-met-un-terme-a-sa-carriere-1024x575.png 1024w, https:\/\/dicodusport.fr\/blog\/wp-content\/uploads\/2025\/10\/Fort-de-97-victoires-professionnelles-Arnaud-Demare-met-un-terme-a-sa-carriere-768x431.png 768w\" sizes=\"auto, (max-width: 792px) 100vw, 792px\" \/><\/div><\/div><div class=\"vlp-layout-zone-main\"><div class=\"vlp-block-0 vlp-link-title\">Fort de 97 victoires professionnelles, Arnaud D\u00e9mare met un terme \u00e0 sa carri\u00e8re<\/div><div class=\"vlp-block-1 vlp-link-summary\">CYCLISME - Un monument du sprint fran\u00e7ais prend sa retraite. Arnaud D\u00e9mare, l'homme aux 97 victoires chez les professionnels, a annonc\u00e9 se retirer des pelotons apr\u00e8s Paris-Tours, ce dimanche.\u00a0<\/div><div class=\"vlp-block-2 vlp-link-button\">Lire l'article<\/div><div class=\"vlp-block-3 vlp-link-url\">dicodusport.fr<\/div><\/div><\/div>\n","protected":false},"excerpt":{"rendered":"<p>CYCLISME &#8211; Alors que la formation Arkea &#8211; B&#038;B Hotels est de plus en plus proche de la fin, certains coureurs ont d\u00e9j\u00e0 trouv\u00e9 une nouvelle \u00e9quipe, comme Ewen Costiou, qui devrait rester en France.<\/p>\n","protected":false},"author":88,"featured_media":617781,"comment_status":"open","ping_status":"closed","sticky":false,"template":"","format":"standard","meta":{"_acf_changed":false,"_daextam_enable_autolinks":"1","footnotes":""},"categories":[46994],"tags":[16878,3279,8386],"class_list":["post-617774","post","type-post","status-publish","format-standard","has-post-thumbnail","hentry","category-cyclisme-sur-route","tag-breve","tag-groupama-fdj","tag-mercato-cyclisme"],"acf":[],"yoast_head":"<!-- This site is optimized with the Yoast SEO Premium plugin v26.7 (Yoast SEO v26.7) - https:\/\/yoast.com\/wordpress\/plugins\/seo\/ -->\n<title>Transferts Cyclisme : Ewen Costiou va s&#039;engager avec une \u00e9quipe WorldTour fran\u00e7aise<\/title>\n<meta name=\"description\" content=\"CYCLISME - Alors que la formation Arkea - B&amp;B Hotels est de plus en plus proche de la fin, Ewen Costiou devrait rester en France.\" \/>\n<meta name=\"robots\" content=\"index, follow, max-snippet:-1, max-image-preview:large, max-video-preview:-1\" \/>\n<link rel=\"canonical\" href=\"https:\/\/dicodusport.fr\/blog\/transferts-cyclisme-ewen-costiou-va-sengager-avec-une-equipe-worldtour-francaise\/\" \/>\n<meta property=\"og:locale\" content=\"fr_FR\" \/>\n<meta property=\"og:type\" content=\"article\" \/>\n<meta property=\"og:title\" content=\"Transferts Cyclisme : Ewen Costiou va s&#039;engager avec une \u00e9quipe WorldTour fran\u00e7aise\" \/>\n<meta property=\"og:description\" content=\"CYCLISME - Alors que la formation Arkea - B&amp;B Hotels est de plus en plus proche de la fin, Ewen Costiou devrait rester en France.\" \/>\n<meta property=\"og:url\" content=\"https:\/\/dicodusport.fr\/blog\/transferts-cyclisme-ewen-costiou-va-sengager-avec-une-equipe-worldtour-francaise\/\" \/>\n<meta property=\"og:site_name\" content=\"Dicodusport\" \/>\n<meta property=\"article:publisher\" content=\"https:\/\/www.facebook.com\/dicodusport\" \/>\n<meta property=\"article:published_time\" content=\"2025-10-09T13:34:46+00:00\" \/>\n<meta property=\"og:image\" content=\"https:\/\/dicodusport.fr\/blog\/wp-content\/uploads\/2025\/10\/Transferts-Cyclisme-Ewen-Costiou-va-sengager-avec-une-equipe-WorldTour-francaise.png\" \/>\n\t<meta property=\"og:image:width\" content=\"1200\" \/>\n\t<meta property=\"og:image:height\" content=\"674\" \/>\n\t<meta property=\"og:image:type\" content=\"image\/png\" \/>\n<meta name=\"author\" content=\"Paul Lalevee\" \/>\n<meta name=\"twitter:card\" content=\"summary_large_image\" \/>\n<meta name=\"twitter:title\" content=\"Transferts Cyclisme : Ewen Costiou va s&#039;engager avec une \u00e9quipe WorldTour fran\u00e7aise\" \/>\n<meta name=\"twitter:creator\" content=\"@dicodusport\" \/>\n<meta name=\"twitter:site\" content=\"@dicodusport\" \/>\n<script type=\"application\/ld+json\" class=\"yoast-schema-graph\">{\"@context\":\"https:\/\/schema.org\",\"@graph\":[{\"@type\":\"NewsArticle\",\"@id\":\"https:\/\/dicodusport.fr\/blog\/transferts-cyclisme-ewen-costiou-va-sengager-avec-une-equipe-worldtour-francaise\/#article\",\"isPartOf\":{\"@id\":\"https:\/\/dicodusport.fr\/blog\/transferts-cyclisme-ewen-costiou-va-sengager-avec-une-equipe-worldtour-francaise\/\"},\"author\":{\"name\":\"Paul Lalevee\",\"@id\":\"https:\/\/dicodusport.fr\/blog\/#\/schema\/person\/1eaa63dfac40b5e5c47f03a71920c1cd\"},\"headline\":\"Transferts Cyclisme : Ewen Costiou va s&rsquo;engager avec une \u00e9quipe WorldTour fran\u00e7aise\",\"datePublished\":\"2025-10-09T13:34:46+00:00\",\"mainEntityOfPage\":{\"@id\":\"https:\/\/dicodusport.fr\/blog\/transferts-cyclisme-ewen-costiou-va-sengager-avec-une-equipe-worldtour-francaise\/\"},\"wordCount\":593,\"commentCount\":0,\"publisher\":{\"@id\":\"https:\/\/dicodusport.fr\/blog\/#organization\"},\"image\":{\"@id\":\"https:\/\/dicodusport.fr\/blog\/transferts-cyclisme-ewen-costiou-va-sengager-avec-une-equipe-worldtour-francaise\/#primaryimage\"},\"thumbnailUrl\":\"https:\/\/dicodusport.fr\/blog\/wp-content\/uploads\/2025\/10\/Transferts-Cyclisme-Ewen-Costiou-va-sengager-avec-une-equipe-WorldTour-francaise.png\",\"keywords\":[\"br\u00e8ve\",\"Groupama FDJ\",\"Mercato Cyclisme\"],\"articleSection\":[\"Cyclisme sur route\"],\"inLanguage\":\"fr-FR\",\"potentialAction\":[{\"@type\":\"CommentAction\",\"name\":\"Comment\",\"target\":[\"https:\/\/dicodusport.fr\/blog\/transferts-cyclisme-ewen-costiou-va-sengager-avec-une-equipe-worldtour-francaise\/#respond\"]}],\"copyrightYear\":\"2025\",\"copyrightHolder\":{\"@id\":\"https:\/\/dicodusport.fr\/blog\/#organization\"}},{\"@type\":\"WebPage\",\"@id\":\"https:\/\/dicodusport.fr\/blog\/transferts-cyclisme-ewen-costiou-va-sengager-avec-une-equipe-worldtour-francaise\/\",\"url\":\"https:\/\/dicodusport.fr\/blog\/transferts-cyclisme-ewen-costiou-va-sengager-avec-une-equipe-worldtour-francaise\/\",\"name\":\"Transferts Cyclisme : Ewen Costiou va s'engager avec une \u00e9quipe WorldTour fran\u00e7aise\",\"isPartOf\":{\"@id\":\"https:\/\/dicodusport.fr\/blog\/#website\"},\"primaryImageOfPage\":{\"@id\":\"https:\/\/dicodusport.fr\/blog\/transferts-cyclisme-ewen-costiou-va-sengager-avec-une-equipe-worldtour-francaise\/#primaryimage\"},\"image\":{\"@id\":\"https:\/\/dicodusport.fr\/blog\/transferts-cyclisme-ewen-costiou-va-sengager-avec-une-equipe-worldtour-francaise\/#primaryimage\"},\"thumbnailUrl\":\"https:\/\/dicodusport.fr\/blog\/wp-content\/uploads\/2025\/10\/Transferts-Cyclisme-Ewen-Costiou-va-sengager-avec-une-equipe-WorldTour-francaise.png\",\"datePublished\":\"2025-10-09T13:34:46+00:00\",\"description\":\"CYCLISME - Alors que la formation Arkea - B&B Hotels est de plus en plus proche de la fin, Ewen Costiou devrait rester en France.\",\"breadcrumb\":{\"@id\":\"https:\/\/dicodusport.fr\/blog\/transferts-cyclisme-ewen-costiou-va-sengager-avec-une-equipe-worldtour-francaise\/#breadcrumb\"},\"inLanguage\":\"fr-FR\",\"potentialAction\":[{\"@type\":\"ReadAction\",\"target\":[\"https:\/\/dicodusport.fr\/blog\/transferts-cyclisme-ewen-costiou-va-sengager-avec-une-equipe-worldtour-francaise\/\"]}]},{\"@type\":\"ImageObject\",\"inLanguage\":\"fr-FR\",\"@id\":\"https:\/\/dicodusport.fr\/blog\/transferts-cyclisme-ewen-costiou-va-sengager-avec-une-equipe-worldtour-francaise\/#primaryimage\",\"url\":\"https:\/\/dicodusport.fr\/blog\/wp-content\/uploads\/2025\/10\/Transferts-Cyclisme-Ewen-Costiou-va-sengager-avec-une-equipe-WorldTour-francaise.png\",\"contentUrl\":\"https:\/\/dicodusport.fr\/blog\/wp-content\/uploads\/2025\/10\/Transferts-Cyclisme-Ewen-Costiou-va-sengager-avec-une-equipe-WorldTour-francaise.png\",\"width\":1200,\"height\":674,\"caption\":\"Transferts Cyclisme Ewen Costiou va s'engager avec une \u00e9quipe WorldTour fran\u00e7aise\"},{\"@type\":\"BreadcrumbList\",\"@id\":\"https:\/\/dicodusport.fr\/blog\/transferts-cyclisme-ewen-costiou-va-sengager-avec-une-equipe-worldtour-francaise\/#breadcrumb\",\"itemListElement\":[{\"@type\":\"ListItem\",\"position\":1,\"name\":\"Accueil\",\"item\":\"https:\/\/dicodusport.fr\/blog\/\"},{\"@type\":\"ListItem\",\"position\":2,\"name\":\"Transferts Cyclisme : Ewen Costiou va s&rsquo;engager avec une \u00e9quipe WorldTour fran\u00e7aise\"}]},{\"@type\":\"WebSite\",\"@id\":\"https:\/\/dicodusport.fr\/blog\/#website\",\"url\":\"https:\/\/dicodusport.fr\/blog\/\",\"name\":\"Dicodusport\",\"description\":\"L&#039;encyclop\u00e9die de l&#039;actualit\u00e9 sportive\",\"publisher\":{\"@id\":\"https:\/\/dicodusport.fr\/blog\/#organization\"},\"potentialAction\":[{\"@type\":\"SearchAction\",\"target\":{\"@type\":\"EntryPoint\",\"urlTemplate\":\"https:\/\/dicodusport.fr\/blog\/?s={search_term_string}\"},\"query-input\":{\"@type\":\"PropertyValueSpecification\",\"valueRequired\":true,\"valueName\":\"search_term_string\"}}],\"inLanguage\":\"fr-FR\"},{\"@type\":\"NewsMediaOrganization\",\"@id\":\"https:\/\/dicodusport.fr\/blog\/#organization\",\"name\":\"Dicodusport\",\"url\":\"https:\/\/dicodusport.fr\/blog\/\",\"logo\":{\"@type\":\"ImageObject\",\"inLanguage\":\"fr-FR\",\"@id\":\"https:\/\/dicodusport.fr\/blog\/#\/schema\/logo\/image\/\",\"url\":\"https:\/\/dicodusport.fr\/blog\/wp-content\/uploads\/2020\/06\/cropped-LOGO-DICODUSPORT-2020-SANS-FOND-SANS-TEXTE.png\",\"contentUrl\":\"https:\/\/dicodusport.fr\/blog\/wp-content\/uploads\/2020\/06\/cropped-LOGO-DICODUSPORT-2020-SANS-FOND-SANS-TEXTE.png\",\"width\":512,\"height\":512,\"caption\":\"Dicodusport\"},\"image\":{\"@id\":\"https:\/\/dicodusport.fr\/blog\/#\/schema\/logo\/image\/\"},\"sameAs\":[\"https:\/\/www.facebook.com\/dicodusport\",\"https:\/\/x.com\/dicodusport\",\"https:\/\/www.instagram.com\/dicodusport\/\",\"https:\/\/www.youtube.com\/channel\/UC7V2KZ5sd3htJivAbA4ZG3w\"],\"description\":\"Dicodusport est l'encyclop\u00e9die de l'actualit\u00e9 sportive.\",\"email\":\"bonjour@dicodusport.fr\",\"legalName\":\"DICODUSPORT\",\"foundingDate\":\"2018-01-14\",\"vatID\":\"FR71834470973\",\"taxID\":\"83447097300043\",\"numberOfEmployees\":{\"@type\":\"QuantitativeValue\",\"minValue\":\"1\",\"maxValue\":\"10\"}},{\"@type\":\"Person\",\"@id\":\"https:\/\/dicodusport.fr\/blog\/#\/schema\/person\/1eaa63dfac40b5e5c47f03a71920c1cd\",\"name\":\"Paul Lalevee\",\"image\":{\"@type\":\"ImageObject\",\"inLanguage\":\"fr-FR\",\"@id\":\"https:\/\/dicodusport.fr\/blog\/#\/schema\/person\/image\/\",\"url\":\"https:\/\/dicodusport.fr\/blog\/wp-content\/uploads\/2023\/10\/291154246_1690604071293245_3118259335115946499_n-150x150.jpg\",\"contentUrl\":\"https:\/\/dicodusport.fr\/blog\/wp-content\/uploads\/2023\/10\/291154246_1690604071293245_3118259335115946499_n-150x150.jpg\",\"caption\":\"Paul Lalevee\"},\"description\":\"La bulle Disney pendant le Covid, le Tour 2019, la Coupe du monde 2018. Ces trois \u00e9v\u00e9nements majeurs sont ancr\u00e9s dans ma t\u00eate de fan de sport, n\u00e9gativement ou positivement. Passionn\u00e9 de sport depuis l'enfance, j'ai d\u00e9cid\u00e9 de mettre ma passion de l'\u00e9criture au service de cette premi\u00e8re passion.\",\"url\":\"https:\/\/dicodusport.fr\/blog\/author\/paul-lalevee\/\"}]}<\/script>\n<!-- \/ Yoast SEO Premium plugin. -->","yoast_head_json":{"title":"Transferts Cyclisme : Ewen Costiou va s'engager avec une \u00e9quipe WorldTour fran\u00e7aise","description":"CYCLISME - Alors que la formation Arkea - B&B Hotels est de plus en plus proche de la fin, Ewen Costiou devrait rester en France.","robots":{"index":"index","follow":"follow","max-snippet":"max-snippet:-1","max-image-preview":"max-image-preview:large","max-video-preview":"max-video-preview:-1"},"canonical":"https:\/\/dicodusport.fr\/blog\/transferts-cyclisme-ewen-costiou-va-sengager-avec-une-equipe-worldtour-francaise\/","og_locale":"fr_FR","og_type":"article","og_title":"Transferts Cyclisme : Ewen Costiou va s'engager avec une \u00e9quipe WorldTour fran\u00e7aise","og_description":"CYCLISME - Alors que la formation Arkea - B&B Hotels est de plus en plus proche de la fin, Ewen Costiou devrait rester en France.","og_url":"https:\/\/dicodusport.fr\/blog\/transferts-cyclisme-ewen-costiou-va-sengager-avec-une-equipe-worldtour-francaise\/","og_site_name":"Dicodusport","article_publisher":"https:\/\/www.facebook.com\/dicodusport","article_published_time":"2025-10-09T13:34:46+00:00","og_image":[{"width":1200,"height":674,"url":"https:\/\/dicodusport.fr\/blog\/wp-content\/uploads\/2025\/10\/Transferts-Cyclisme-Ewen-Costiou-va-sengager-avec-une-equipe-WorldTour-francaise.png","type":"image\/png"}],"author":"Paul Lalevee","twitter_card":"summary_large_image","twitter_title":"Transferts Cyclisme : Ewen Costiou va s'engager avec une \u00e9quipe WorldTour fran\u00e7aise","twitter_creator":"@dicodusport","twitter_site":"@dicodusport","schema":{"@context":"https:\/\/schema.org","@graph":[{"@type":"NewsArticle","@id":"https:\/\/dicodusport.fr\/blog\/transferts-cyclisme-ewen-costiou-va-sengager-avec-une-equipe-worldtour-francaise\/#article","isPartOf":{"@id":"https:\/\/dicodusport.fr\/blog\/transferts-cyclisme-ewen-costiou-va-sengager-avec-une-equipe-worldtour-francaise\/"},"author":{"name":"Paul Lalevee","@id":"https:\/\/dicodusport.fr\/blog\/#\/schema\/person\/1eaa63dfac40b5e5c47f03a71920c1cd"},"headline":"Transferts Cyclisme : Ewen Costiou va s&rsquo;engager avec une \u00e9quipe WorldTour fran\u00e7aise","datePublished":"2025-10-09T13:34:46+00:00","mainEntityOfPage":{"@id":"https:\/\/dicodusport.fr\/blog\/transferts-cyclisme-ewen-costiou-va-sengager-avec-une-equipe-worldtour-francaise\/"},"wordCount":593,"commentCount":0,"publisher":{"@id":"https:\/\/dicodusport.fr\/blog\/#organization"},"image":{"@id":"https:\/\/dicodusport.fr\/blog\/transferts-cyclisme-ewen-costiou-va-sengager-avec-une-equipe-worldtour-francaise\/#primaryimage"},"thumbnailUrl":"https:\/\/dicodusport.fr\/blog\/wp-content\/uploads\/2025\/10\/Transferts-Cyclisme-Ewen-Costiou-va-sengager-avec-une-equipe-WorldTour-francaise.png","keywords":["br\u00e8ve","Groupama FDJ","Mercato Cyclisme"],"articleSection":["Cyclisme sur route"],"inLanguage":"fr-FR","potentialAction":[{"@type":"CommentAction","name":"Comment","target":["https:\/\/dicodusport.fr\/blog\/transferts-cyclisme-ewen-costiou-va-sengager-avec-une-equipe-worldtour-francaise\/#respond"]}],"copyrightYear":"2025","copyrightHolder":{"@id":"https:\/\/dicodusport.fr\/blog\/#organization"}},{"@type":"WebPage","@id":"https:\/\/dicodusport.fr\/blog\/transferts-cyclisme-ewen-costiou-va-sengager-avec-une-equipe-worldtour-francaise\/","url":"https:\/\/dicodusport.fr\/blog\/transferts-cyclisme-ewen-costiou-va-sengager-avec-une-equipe-worldtour-francaise\/","name":"Transferts Cyclisme : Ewen Costiou va s'engager avec une \u00e9quipe WorldTour fran\u00e7aise","isPartOf":{"@id":"https:\/\/dicodusport.fr\/blog\/#website"},"primaryImageOfPage":{"@id":"https:\/\/dicodusport.fr\/blog\/transferts-cyclisme-ewen-costiou-va-sengager-avec-une-equipe-worldtour-francaise\/#primaryimage"},"image":{"@id":"https:\/\/dicodusport.fr\/blog\/transferts-cyclisme-ewen-costiou-va-sengager-avec-une-equipe-worldtour-francaise\/#primaryimage"},"thumbnailUrl":"https:\/\/dicodusport.fr\/blog\/wp-content\/uploads\/2025\/10\/Transferts-Cyclisme-Ewen-Costiou-va-sengager-avec-une-equipe-WorldTour-francaise.png","datePublished":"2025-10-09T13:34:46+00:00","description":"CYCLISME - Alors que la formation Arkea - B&B Hotels est de plus en plus proche de la fin, Ewen Costiou devrait rester en France.","breadcrumb":{"@id":"https:\/\/dicodusport.fr\/blog\/transferts-cyclisme-ewen-costiou-va-sengager-avec-une-equipe-worldtour-francaise\/#breadcrumb"},"inLanguage":"fr-FR","potentialAction":[{"@type":"ReadAction","target":["https:\/\/dicodusport.fr\/blog\/transferts-cyclisme-ewen-costiou-va-sengager-avec-une-equipe-worldtour-francaise\/"]}]},{"@type":"ImageObject","inLanguage":"fr-FR","@id":"https:\/\/dicodusport.fr\/blog\/transferts-cyclisme-ewen-costiou-va-sengager-avec-une-equipe-worldtour-francaise\/#primaryimage","url":"https:\/\/dicodusport.fr\/blog\/wp-content\/uploads\/2025\/10\/Transferts-Cyclisme-Ewen-Costiou-va-sengager-avec-une-equipe-WorldTour-francaise.png","contentUrl":"https:\/\/dicodusport.fr\/blog\/wp-content\/uploads\/2025\/10\/Transferts-Cyclisme-Ewen-Costiou-va-sengager-avec-une-equipe-WorldTour-francaise.png","width":1200,"height":674,"caption":"Transferts Cyclisme Ewen Costiou va s'engager avec une \u00e9quipe WorldTour fran\u00e7aise"},{"@type":"BreadcrumbList","@id":"https:\/\/dicodusport.fr\/blog\/transferts-cyclisme-ewen-costiou-va-sengager-avec-une-equipe-worldtour-francaise\/#breadcrumb","itemListElement":[{"@type":"ListItem","position":1,"name":"Accueil","item":"https:\/\/dicodusport.fr\/blog\/"},{"@type":"ListItem","position":2,"name":"Transferts Cyclisme : Ewen Costiou va s&rsquo;engager avec une \u00e9quipe WorldTour fran\u00e7aise"}]},{"@type":"WebSite","@id":"https:\/\/dicodusport.fr\/blog\/#website","url":"https:\/\/dicodusport.fr\/blog\/","name":"Dicodusport","description":"L&#039;encyclop\u00e9die de l&#039;actualit\u00e9 sportive","publisher":{"@id":"https:\/\/dicodusport.fr\/blog\/#organization"},"potentialAction":[{"@type":"SearchAction","target":{"@type":"EntryPoint","urlTemplate":"https:\/\/dicodusport.fr\/blog\/?s={search_term_string}"},"query-input":{"@type":"PropertyValueSpecification","valueRequired":true,"valueName":"search_term_string"}}],"inLanguage":"fr-FR"},{"@type":"NewsMediaOrganization","@id":"https:\/\/dicodusport.fr\/blog\/#organization","name":"Dicodusport","url":"https:\/\/dicodusport.fr\/blog\/","logo":{"@type":"ImageObject","inLanguage":"fr-FR","@id":"https:\/\/dicodusport.fr\/blog\/#\/schema\/logo\/image\/","url":"https:\/\/dicodusport.fr\/blog\/wp-content\/uploads\/2020\/06\/cropped-LOGO-DICODUSPORT-2020-SANS-FOND-SANS-TEXTE.png","contentUrl":"https:\/\/dicodusport.fr\/blog\/wp-content\/uploads\/2020\/06\/cropped-LOGO-DICODUSPORT-2020-SANS-FOND-SANS-TEXTE.png","width":512,"height":512,"caption":"Dicodusport"},"image":{"@id":"https:\/\/dicodusport.fr\/blog\/#\/schema\/logo\/image\/"},"sameAs":["https:\/\/www.facebook.com\/dicodusport","https:\/\/x.com\/dicodusport","https:\/\/www.instagram.com\/dicodusport\/","https:\/\/www.youtube.com\/channel\/UC7V2KZ5sd3htJivAbA4ZG3w"],"description":"Dicodusport est l'encyclop\u00e9die de l'actualit\u00e9 sportive.","email":"bonjour@dicodusport.fr","legalName":"DICODUSPORT","foundingDate":"2018-01-14","vatID":"FR71834470973","taxID":"83447097300043","numberOfEmployees":{"@type":"QuantitativeValue","minValue":"1","maxValue":"10"}},{"@type":"Person","@id":"https:\/\/dicodusport.fr\/blog\/#\/schema\/person\/1eaa63dfac40b5e5c47f03a71920c1cd","name":"Paul Lalevee","image":{"@type":"ImageObject","inLanguage":"fr-FR","@id":"https:\/\/dicodusport.fr\/blog\/#\/schema\/person\/image\/","url":"https:\/\/dicodusport.fr\/blog\/wp-content\/uploads\/2023\/10\/291154246_1690604071293245_3118259335115946499_n-150x150.jpg","contentUrl":"https:\/\/dicodusport.fr\/blog\/wp-content\/uploads\/2023\/10\/291154246_1690604071293245_3118259335115946499_n-150x150.jpg","caption":"Paul Lalevee"},"description":"La bulle Disney pendant le Covid, le Tour 2019, la Coupe du monde 2018. Ces trois \u00e9v\u00e9nements majeurs sont ancr\u00e9s dans ma t\u00eate de fan de sport, n\u00e9gativement ou positivement. Passionn\u00e9 de sport depuis l'enfance, j'ai d\u00e9cid\u00e9 de mettre ma passion de l'\u00e9criture au service de cette premi\u00e8re passion.","url":"https:\/\/dicodusport.fr\/blog\/author\/paul-lalevee\/"}]}},"_links":{"self":[{"href":"https:\/\/dicodusport.fr\/blog\/wp-json\/wp\/v2\/posts\/617774","targetHints":{"allow":["GET"]}}],"collection":[{"href":"https:\/\/dicodusport.fr\/blog\/wp-json\/wp\/v2\/posts"}],"about":[{"href":"https:\/\/dicodusport.fr\/blog\/wp-json\/wp\/v2\/types\/post"}],"author":[{"embeddable":true,"href":"https:\/\/dicodusport.fr\/blog\/wp-json\/wp\/v2\/users\/88"}],"replies":[{"embeddable":true,"href":"https:\/\/dicodusport.fr\/blog\/wp-json\/wp\/v2\/comments?post=617774"}],"version-history":[{"count":4,"href":"https:\/\/dicodusport.fr\/blog\/wp-json\/wp\/v2\/posts\/617774\/revisions"}],"predecessor-version":[{"id":617784,"href":"https:\/\/dicodusport.fr\/blog\/wp-json\/wp\/v2\/posts\/617774\/revisions\/617784"}],"wp:featuredmedia":[{"embeddable":true,"href":"https:\/\/dicodusport.fr\/blog\/wp-json\/wp\/v2\/media\/617781"}],"wp:attachment":[{"href":"https:\/\/dicodusport.fr\/blog\/wp-json\/wp\/v2\/media?parent=617774"}],"wp:term":[{"taxonomy":"category","embeddable":true,"href":"https:\/\/dicodusport.fr\/blog\/wp-json\/wp\/v2\/categories?post=617774"},{"taxonomy":"post_tag","embeddable":true,"href":"https:\/\/dicodusport.fr\/blog\/wp-json\/wp\/v2\/tags?post=617774"}],"curies":[{"name":"wp","href":"https:\/\/api.w.org\/{rel}","templated":true}]}}