{"id":617896,"date":"2025-10-10T08:20:29","date_gmt":"2025-10-10T06:20:29","guid":{"rendered":"https:\/\/dicodusport.fr\/blog\/?p=617896&#038;preview=true&#038;preview_id=617896"},"modified":"2025-10-10T08:20:58","modified_gmt":"2025-10-10T06:20:58","slug":"halterophilie-romain-imadouchene-soffre-une-troisieme-medaille-mondiale","status":"publish","type":"post","link":"https:\/\/dicodusport.fr\/blog\/halterophilie-romain-imadouchene-soffre-une-troisieme-medaille-mondiale\/","title":{"rendered":"Halt\u00e9rophilie : Romain Imadouch\u00e8ne s&rsquo;offre une troisi\u00e8me m\u00e9daille mondiale"},"content":{"rendered":"<p style=\"text-align: justify;\"><strong><em>CHAMPIONNATS DU MONDE D&rsquo;HALT\u00c9ROPHILIE 2025 &#8211; La d\u00e9l\u00e9gation fran\u00e7aise a \u00e9vit\u00e9 le z\u00e9ro point\u00e9 gr\u00e2ce \u00e0 Romain Imadouch\u00e8ne, en bronze \u00e0 l&rsquo;\u00e9paul\u00e9-jet\u00e9 en 94 kg.\u00a0<\/em><\/strong><\/p>\n<p style=\"text-align: justify;\">Jusque-l\u00e0, la d\u00e9l\u00e9gation fran\u00e7aise \u00e9tait bredouille aux Championnats du monde d&rsquo;halt\u00e9rophilie, qui ont lieu cette ann\u00e9e \u00e0 Forde, en Norv\u00e8ge. Malgr\u00e9 de belles performances d&rsquo;ensemble, <strong>Iris Bel<\/strong>, <strong>Garance Rigaud<\/strong>, <strong>Vicky Graillot<\/strong> et <strong>Bernardin Kingue Matam<\/strong> n&rsquo;avaient pas r\u00e9ussi \u00e0 accrocher un podium. Il ne restait qu&rsquo;une chance de m\u00e9daille, mais la meilleure : <strong>Romain Imadouch\u00e8ne<\/strong>.<\/p>\n<div class=\"vlp-link-container vlp-layout-article\"><a href=\"https:\/\/dicodusport.fr\/blog\/halterophilie-romain-imadouchene-champion-du-monde-a-lepaule-jete\/\" class=\"vlp-link\" title=\"Halt\u00e9rophilie : Romain Imadouch\u00e8ne champion du monde \u00e0 l&#039;\u00e9paul\u00e9-jet\u00e9 !\"><\/a><div class=\"vlp-layout-zone-side\"><div class=\"vlp-block-4 vlp-link-image\"><img loading=\"lazy\" decoding=\"async\" style=\"max-width: 800px;\" width=\"800\" height=\"445\" src=\"https:\/\/dicodusport.fr\/blog\/wp-content\/uploads\/2022\/12\/Halterophilie-Romain-Imadouchene-champion-du-monde-a-lepaule-jete-.png\" class=\"attachment-800x445 size-800x445\" alt=\"Halt\u00e9rophilie Romain Imadouch\u00e8ne champion du monde \u00e0 l&#039;\u00e9paul\u00e9-jet\u00e9 !\" srcset=\"https:\/\/dicodusport.fr\/blog\/wp-content\/uploads\/2022\/12\/Halterophilie-Romain-Imadouchene-champion-du-monde-a-lepaule-jete-.png 800w, https:\/\/dicodusport.fr\/blog\/wp-content\/uploads\/2022\/12\/Halterophilie-Romain-Imadouchene-champion-du-monde-a-lepaule-jete--300x167.png 300w, https:\/\/dicodusport.fr\/blog\/wp-content\/uploads\/2022\/12\/Halterophilie-Romain-Imadouchene-champion-du-monde-a-lepaule-jete--768x427.png 768w\" sizes=\"auto, (max-width: 800px) 100vw, 800px\" \/><\/div><\/div><div class=\"vlp-layout-zone-main\"><div class=\"vlp-block-0 vlp-link-title\">Halt\u00e9rophilie : Romain Imadouch\u00e8ne champion du monde \u00e0 l'\u00e9paul\u00e9-jet\u00e9 !<\/div><div class=\"vlp-block-1 vlp-link-summary\">HALT\u00c9ROPHILIE \/ CHAMPIONNATS DU MONDE 2022 - Nuit historique pour l'halt\u00e9rophilie fran\u00e7aise ! A l'occasion des championnats du monde se disputant actuellement en Colombie, Romain Imadouch\u00e8ne a d\u00e9croch\u00e9 la m\u00e9daille d'or \u00e0 l'\u00e9paul\u00e9-jet\u00e9.<\/div><div class=\"vlp-block-2 vlp-link-button\">Lire l'article<\/div><div class=\"vlp-block-3 vlp-link-url\">dicodusport.fr<\/div><\/div><\/div>\n<h2 style=\"text-align: justify;\">Au bout du suspense<\/h2>\n<p style=\"text-align: justify;\">Voil\u00e0 trois ans, il \u00e9tait devenu champion du monde de l&rsquo;\u00e9paul\u00e9-jet\u00e9, mettant fin \u00e0 16 ans d&rsquo;attente pour l&rsquo;halt\u00e9rophilie fran\u00e7aise. Le tout faisant suite \u00e0 une m\u00e9daille de bronze dans la m\u00eame discipline en 2017. Huit ans plus tard, il a retrouv\u00e9 les joies du podium, mais il a fallu cravacher. D\u00e9j\u00e0, sur l&rsquo;arrach\u00e9, il a soulev\u00e9 160 kg au troisi\u00e8me essai apr\u00e8s deux \u00e9checs, ce qui n&rsquo;augurait rien de bon.<\/p>\n<p style=\"text-align: justify;\">Mais sur son \u00e9preuve f\u00e9tiche, l&rsquo;\u00e9paul\u00e9-jet\u00e9, il assurait d&rsquo;abord 203 kg avant de soulever 211 kg \u00e0 son deuxi\u00e8me essai. Le dernier, \u00e0 214, \u00e9tait rat\u00e9, mais cela ne changeait rien : \u00e0 \u00e9galit\u00e9 avec l&rsquo;Iranien <strong>Ali Alipour<\/strong>, son premier essai le mettait devant et lui offrait le bronze. Une magnifique r\u00e9compense apr\u00e8s son \u00e9chec olympique en 2024, d\u00fb en partie \u00e0 une blessure au genou avant le d\u00e9but de la comp\u00e9tition. Mais \u00e0 30 ans, <strong>Romain Imadouch\u00e8ne<\/strong> reste le n\u00b01 de l&rsquo;halt\u00e9rophilie fran\u00e7aise, et en bon leader, il \u00e9vite le z\u00e9ro point\u00e9 aux Bleus !<\/p>\n<blockquote class=\"twitter-tweet\">\n<p dir=\"ltr\" lang=\"fr\">Apr\u00e8s un sc\u00e9nario incroyable, Romain s\u2019offre \ud835\udc8d\ud835\udc82 \ud835\udc8e\ud835\udc86\u0301\ud835\udc85\ud835\udc82\ud835\udc8a\ud835\udc8d\ud835\udc8d\ud835\udc86 \ud835\udc85\ud835\udc86 \ud835\udc83\ud835\udc93\ud835\udc90\ud835\udc8f\ud835\udc9b\ud835\udc86 \ud835\udc82\u0300 \ud835\udc8d\u2019\ud835\udc86\u0301\ud835\udc91\ud835\udc82\ud835\udc96\ud835\udc8d\ud835\udc86\u0301-\ud835\udc8b\ud835\udc86\ud835\udc95\ud835\udc86\u0301 en 94 kg aux \ud835\udc02\ud835\udc21\ud835\udc1a\ud835\udc26\ud835\udc29\ud835\udc22\ud835\udc28\ud835\udc27\ud835\udc27\ud835\udc1a\ud835\udc2d\ud835\udc2c \ud835\udc1d\ud835\udc2e \ud835\udc0c\ud835\udc28\ud835\udc27\ud835\udc1d\ud835\udc1e \ud835\udfd0\ud835\udfce\ud835\udfd0\ud835\udfd3 \u00e0 F\u00f8rde en Norv\u00e8ge \ud83e\udd49\ud83c\udf89<\/p>\n<p>\ud835\udc05\ud835\udc04\u0301\ud835\udc0b\ud835\udc08\ud835\udc02\ud835\udc08\ud835\udc13\ud835\udc00\ud835\udc13\ud835\udc08\ud835\udc0e\ud835\udc0d\ud835\udc12 \ud835\udc11\ud835\udc0e\ud835\udc0c\ud835\udc00\ud835\udc08\ud835\udc0d \ud83d\udc4f<a href=\"https:\/\/twitter.com\/hashtag\/TeamFranceHaltero?src=hash&amp;ref_src=twsrc%5Etfw\">#TeamFranceHaltero<\/a> <a href=\"https:\/\/t.co\/bIQzH8aZe1\">pic.twitter.com\/bIQzH8aZe1<\/a><\/p>\n<p>\u2014 FFHM (@FFHaltero) <a href=\"https:\/\/twitter.com\/FFHaltero\/status\/1976405938539319516?ref_src=twsrc%5Etfw\">October 9, 2025<\/a><\/p><\/blockquote>\n<p style=\"text-align: justify;\"><script async src=\"https:\/\/platform.twitter.com\/widgets.js\" charset=\"utf-8\"><\/script><\/p>\n","protected":false},"excerpt":{"rendered":"<p>CHAMPIONNATS DU MONDE D&rsquo;HALT\u00c9ROPHILIE 2025 &#8211; La d\u00e9l\u00e9gation fran\u00e7aise a \u00e9vit\u00e9 le z\u00e9ro point\u00e9 gr\u00e2ce \u00e0 Romain Imadouch\u00e8ne, en bronze \u00e0 l&rsquo;\u00e9paul\u00e9-jet\u00e9 en 94 kg.\u00a0<\/p>\n","protected":false},"author":59,"featured_media":617901,"comment_status":"open","ping_status":"closed","sticky":false,"template":"","format":"standard","meta":{"_acf_changed":false,"_daextam_enable_autolinks":"1","footnotes":""},"categories":[15701],"tags":[16878,614],"class_list":["post-617896","post","type-post","status-publish","format-standard","has-post-thumbnail","hentry","category-halterophilie","tag-breve","tag-halterophilie"],"acf":[],"yoast_head":"<!-- This site is optimized with the Yoast SEO Premium plugin v26.7 (Yoast SEO v26.7) - https:\/\/yoast.com\/wordpress\/plugins\/seo\/ -->\n<title>Halt\u00e9rophilie : Romain Imadouch\u00e8ne s&#039;offre une troisi\u00e8me m\u00e9daille mondiale<\/title>\n<meta name=\"description\" content=\"CHAMPIONNATS DU MONDE D&#039;HALT\u00c9ROPHILIE 2025 - La d\u00e9l\u00e9gation fran\u00e7aise a \u00e9vit\u00e9 le z\u00e9ro point\u00e9 gr\u00e2ce \u00e0 Romain Imadouch\u00e8ne, en bronze \u00e0 l&#039;\u00e9paul\u00e9-jet\u00e9 en 94 kg.\u00a0\" \/>\n<meta name=\"robots\" content=\"index, follow, max-snippet:-1, max-image-preview:large, max-video-preview:-1\" \/>\n<link rel=\"canonical\" href=\"https:\/\/dicodusport.fr\/blog\/halterophilie-romain-imadouchene-soffre-une-troisieme-medaille-mondiale\/\" \/>\n<meta property=\"og:locale\" content=\"fr_FR\" \/>\n<meta property=\"og:type\" content=\"article\" \/>\n<meta property=\"og:title\" content=\"Halt\u00e9rophilie : Romain Imadouch\u00e8ne s&#039;offre une troisi\u00e8me m\u00e9daille mondiale\" \/>\n<meta property=\"og:description\" content=\"CHAMPIONNATS DU MONDE D&#039;HALT\u00c9ROPHILIE 2025 - La d\u00e9l\u00e9gation fran\u00e7aise a \u00e9vit\u00e9 le z\u00e9ro point\u00e9 gr\u00e2ce \u00e0 Romain Imadouch\u00e8ne, en bronze \u00e0 l&#039;\u00e9paul\u00e9-jet\u00e9 en 94 kg.\u00a0\" \/>\n<meta property=\"og:url\" content=\"https:\/\/dicodusport.fr\/blog\/halterophilie-romain-imadouchene-soffre-une-troisieme-medaille-mondiale\/\" \/>\n<meta property=\"og:site_name\" content=\"Dicodusport\" \/>\n<meta property=\"article:publisher\" content=\"https:\/\/www.facebook.com\/dicodusport\" \/>\n<meta property=\"article:author\" content=\"https:\/\/www.facebook.com\/sebastien.gente\/\" \/>\n<meta property=\"article:published_time\" content=\"2025-10-10T06:20:29+00:00\" \/>\n<meta property=\"article:modified_time\" content=\"2025-10-10T06:20:58+00:00\" \/>\n<meta property=\"og:image\" content=\"https:\/\/dicodusport.fr\/blog\/wp-content\/uploads\/2025\/10\/Halterophilie-Romain-Imadouchene-soffre-une-troisieme-medaille-mondiale.png\" \/>\n\t<meta property=\"og:image:width\" content=\"1200\" \/>\n\t<meta property=\"og:image:height\" content=\"674\" \/>\n\t<meta property=\"og:image:type\" content=\"image\/png\" \/>\n<meta name=\"author\" content=\"S\u00e9bastien Gente\" \/>\n<meta name=\"twitter:card\" content=\"summary_large_image\" \/>\n<meta name=\"twitter:title\" content=\"Halt\u00e9rophilie : Romain Imadouch\u00e8ne s&#039;offre une troisi\u00e8me m\u00e9daille mondiale\" \/>\n<meta name=\"twitter:creator\" content=\"@https:\/\/twitter.com\/globulo24\" \/>\n<meta name=\"twitter:site\" content=\"@dicodusport\" \/>\n<script type=\"application\/ld+json\" class=\"yoast-schema-graph\">{\"@context\":\"https:\/\/schema.org\",\"@graph\":[{\"@type\":\"NewsArticle\",\"@id\":\"https:\/\/dicodusport.fr\/blog\/halterophilie-romain-imadouchene-soffre-une-troisieme-medaille-mondiale\/#article\",\"isPartOf\":{\"@id\":\"https:\/\/dicodusport.fr\/blog\/halterophilie-romain-imadouchene-soffre-une-troisieme-medaille-mondiale\/\"},\"author\":{\"name\":\"S\u00e9bastien Gente\",\"@id\":\"https:\/\/dicodusport.fr\/blog\/#\/schema\/person\/627966a6cde45dbd8c5e36ac85d783da\"},\"headline\":\"Halt\u00e9rophilie : Romain Imadouch\u00e8ne s&rsquo;offre une troisi\u00e8me m\u00e9daille mondiale\",\"datePublished\":\"2025-10-10T06:20:29+00:00\",\"dateModified\":\"2025-10-10T06:20:58+00:00\",\"mainEntityOfPage\":{\"@id\":\"https:\/\/dicodusport.fr\/blog\/halterophilie-romain-imadouchene-soffre-une-troisieme-medaille-mondiale\/\"},\"wordCount\":418,\"commentCount\":0,\"publisher\":{\"@id\":\"https:\/\/dicodusport.fr\/blog\/#organization\"},\"image\":{\"@id\":\"https:\/\/dicodusport.fr\/blog\/halterophilie-romain-imadouchene-soffre-une-troisieme-medaille-mondiale\/#primaryimage\"},\"thumbnailUrl\":\"https:\/\/dicodusport.fr\/blog\/wp-content\/uploads\/2025\/10\/Halterophilie-Romain-Imadouchene-soffre-une-troisieme-medaille-mondiale.png\",\"keywords\":[\"br\u00e8ve\",\"halt\u00e9rophilie\"],\"articleSection\":[\"Halt\u00e9rophilie\"],\"inLanguage\":\"fr-FR\",\"potentialAction\":[{\"@type\":\"CommentAction\",\"name\":\"Comment\",\"target\":[\"https:\/\/dicodusport.fr\/blog\/halterophilie-romain-imadouchene-soffre-une-troisieme-medaille-mondiale\/#respond\"]}],\"copyrightYear\":\"2025\",\"copyrightHolder\":{\"@id\":\"https:\/\/dicodusport.fr\/blog\/#organization\"}},{\"@type\":\"WebPage\",\"@id\":\"https:\/\/dicodusport.fr\/blog\/halterophilie-romain-imadouchene-soffre-une-troisieme-medaille-mondiale\/\",\"url\":\"https:\/\/dicodusport.fr\/blog\/halterophilie-romain-imadouchene-soffre-une-troisieme-medaille-mondiale\/\",\"name\":\"Halt\u00e9rophilie : Romain Imadouch\u00e8ne s'offre une troisi\u00e8me m\u00e9daille mondiale\",\"isPartOf\":{\"@id\":\"https:\/\/dicodusport.fr\/blog\/#website\"},\"primaryImageOfPage\":{\"@id\":\"https:\/\/dicodusport.fr\/blog\/halterophilie-romain-imadouchene-soffre-une-troisieme-medaille-mondiale\/#primaryimage\"},\"image\":{\"@id\":\"https:\/\/dicodusport.fr\/blog\/halterophilie-romain-imadouchene-soffre-une-troisieme-medaille-mondiale\/#primaryimage\"},\"thumbnailUrl\":\"https:\/\/dicodusport.fr\/blog\/wp-content\/uploads\/2025\/10\/Halterophilie-Romain-Imadouchene-soffre-une-troisieme-medaille-mondiale.png\",\"datePublished\":\"2025-10-10T06:20:29+00:00\",\"dateModified\":\"2025-10-10T06:20:58+00:00\",\"description\":\"CHAMPIONNATS DU MONDE D'HALT\u00c9ROPHILIE 2025 - La d\u00e9l\u00e9gation fran\u00e7aise a \u00e9vit\u00e9 le z\u00e9ro point\u00e9 gr\u00e2ce \u00e0 Romain Imadouch\u00e8ne, en bronze \u00e0 l'\u00e9paul\u00e9-jet\u00e9 en 94 kg.\u00a0\",\"breadcrumb\":{\"@id\":\"https:\/\/dicodusport.fr\/blog\/halterophilie-romain-imadouchene-soffre-une-troisieme-medaille-mondiale\/#breadcrumb\"},\"inLanguage\":\"fr-FR\",\"potentialAction\":[{\"@type\":\"ReadAction\",\"target\":[\"https:\/\/dicodusport.fr\/blog\/halterophilie-romain-imadouchene-soffre-une-troisieme-medaille-mondiale\/\"]}]},{\"@type\":\"ImageObject\",\"inLanguage\":\"fr-FR\",\"@id\":\"https:\/\/dicodusport.fr\/blog\/halterophilie-romain-imadouchene-soffre-une-troisieme-medaille-mondiale\/#primaryimage\",\"url\":\"https:\/\/dicodusport.fr\/blog\/wp-content\/uploads\/2025\/10\/Halterophilie-Romain-Imadouchene-soffre-une-troisieme-medaille-mondiale.png\",\"contentUrl\":\"https:\/\/dicodusport.fr\/blog\/wp-content\/uploads\/2025\/10\/Halterophilie-Romain-Imadouchene-soffre-une-troisieme-medaille-mondiale.png\",\"width\":1200,\"height\":674,\"caption\":\"Halt\u00e9rophilie Romain Imadouch\u00e8ne s'offre une troisi\u00e8me m\u00e9daille mondiale\"},{\"@type\":\"BreadcrumbList\",\"@id\":\"https:\/\/dicodusport.fr\/blog\/halterophilie-romain-imadouchene-soffre-une-troisieme-medaille-mondiale\/#breadcrumb\",\"itemListElement\":[{\"@type\":\"ListItem\",\"position\":1,\"name\":\"Accueil\",\"item\":\"https:\/\/dicodusport.fr\/blog\/\"},{\"@type\":\"ListItem\",\"position\":2,\"name\":\"Halt\u00e9rophilie : Romain Imadouch\u00e8ne s&rsquo;offre une troisi\u00e8me m\u00e9daille mondiale\"}]},{\"@type\":\"WebSite\",\"@id\":\"https:\/\/dicodusport.fr\/blog\/#website\",\"url\":\"https:\/\/dicodusport.fr\/blog\/\",\"name\":\"Dicodusport\",\"description\":\"L&#039;encyclop\u00e9die de l&#039;actualit\u00e9 sportive\",\"publisher\":{\"@id\":\"https:\/\/dicodusport.fr\/blog\/#organization\"},\"potentialAction\":[{\"@type\":\"SearchAction\",\"target\":{\"@type\":\"EntryPoint\",\"urlTemplate\":\"https:\/\/dicodusport.fr\/blog\/?s={search_term_string}\"},\"query-input\":{\"@type\":\"PropertyValueSpecification\",\"valueRequired\":true,\"valueName\":\"search_term_string\"}}],\"inLanguage\":\"fr-FR\"},{\"@type\":\"NewsMediaOrganization\",\"@id\":\"https:\/\/dicodusport.fr\/blog\/#organization\",\"name\":\"Dicodusport\",\"url\":\"https:\/\/dicodusport.fr\/blog\/\",\"logo\":{\"@type\":\"ImageObject\",\"inLanguage\":\"fr-FR\",\"@id\":\"https:\/\/dicodusport.fr\/blog\/#\/schema\/logo\/image\/\",\"url\":\"https:\/\/dicodusport.fr\/blog\/wp-content\/uploads\/2020\/06\/cropped-LOGO-DICODUSPORT-2020-SANS-FOND-SANS-TEXTE.png\",\"contentUrl\":\"https:\/\/dicodusport.fr\/blog\/wp-content\/uploads\/2020\/06\/cropped-LOGO-DICODUSPORT-2020-SANS-FOND-SANS-TEXTE.png\",\"width\":512,\"height\":512,\"caption\":\"Dicodusport\"},\"image\":{\"@id\":\"https:\/\/dicodusport.fr\/blog\/#\/schema\/logo\/image\/\"},\"sameAs\":[\"https:\/\/www.facebook.com\/dicodusport\",\"https:\/\/x.com\/dicodusport\",\"https:\/\/www.instagram.com\/dicodusport\/\",\"https:\/\/www.youtube.com\/channel\/UC7V2KZ5sd3htJivAbA4ZG3w\"],\"description\":\"Dicodusport est l'encyclop\u00e9die de l'actualit\u00e9 sportive.\",\"email\":\"bonjour@dicodusport.fr\",\"legalName\":\"DICODUSPORT\",\"foundingDate\":\"2018-01-14\",\"vatID\":\"FR71834470973\",\"taxID\":\"83447097300043\",\"numberOfEmployees\":{\"@type\":\"QuantitativeValue\",\"minValue\":\"1\",\"maxValue\":\"10\"}},{\"@type\":\"Person\",\"@id\":\"https:\/\/dicodusport.fr\/blog\/#\/schema\/person\/627966a6cde45dbd8c5e36ac85d783da\",\"name\":\"S\u00e9bastien Gente\",\"image\":{\"@type\":\"ImageObject\",\"inLanguage\":\"fr-FR\",\"@id\":\"https:\/\/dicodusport.fr\/blog\/#\/schema\/person\/image\/\",\"url\":\"https:\/\/dicodusport.fr\/blog\/wp-content\/uploads\/2021\/09\/1510990_10205810251400683_4124423575079401707_n-150x150.jpg\",\"contentUrl\":\"https:\/\/dicodusport.fr\/blog\/wp-content\/uploads\/2021\/09\/1510990_10205810251400683_4124423575079401707_n-150x150.jpg\",\"caption\":\"S\u00e9bastien Gente\"},\"description\":\"John Stockton, Gianni Bugno, Zinedine Zidane, Steffi Graf, Frode Andresen, St\u00e9phane Stoecklin, Davis Kamoga, Primoz Peterka, Werner Schlager et Aur\u00e9lien Rougerie. Point commun entre ces sportifs? Ils m'ont fait r\u00eaver et ont berc\u00e9 mon adolescence. Je suis un fondu de sports et j'essaie de retranscrire ma passion \u00e0 travers mes articles. Originaire du P\u00e9rigord, ma passion pour les Girondins, les Jaunards et les Jazzmen transpire dans mes \u00e9crits. \u00c0 Dicodusport depuis 2021, je d\u00e9niche les sports m\u00e9connus dans lesquels la France brille, et il y en a !\",\"sameAs\":[\"https:\/\/www.facebook.com\/sebastien.gente\/\",\"https:\/\/www.instagram.com\/sebgente\/\",\"https:\/\/www.linkedin.com\/in\/sbastien-gente-a29583169\/\",\"https:\/\/x.com\/https:\/\/twitter.com\/globulo24\",\"SebastienGente\"],\"worksFor\":\"S\u00e9bastien GENTE\",\"url\":\"https:\/\/dicodusport.fr\/blog\/author\/sebastiengente\/\"}]}<\/script>\n<!-- \/ Yoast SEO Premium plugin. -->","yoast_head_json":{"title":"Halt\u00e9rophilie : Romain Imadouch\u00e8ne s'offre une troisi\u00e8me m\u00e9daille mondiale","description":"CHAMPIONNATS DU MONDE D'HALT\u00c9ROPHILIE 2025 - La d\u00e9l\u00e9gation fran\u00e7aise a \u00e9vit\u00e9 le z\u00e9ro point\u00e9 gr\u00e2ce \u00e0 Romain Imadouch\u00e8ne, en bronze \u00e0 l'\u00e9paul\u00e9-jet\u00e9 en 94 kg.\u00a0","robots":{"index":"index","follow":"follow","max-snippet":"max-snippet:-1","max-image-preview":"max-image-preview:large","max-video-preview":"max-video-preview:-1"},"canonical":"https:\/\/dicodusport.fr\/blog\/halterophilie-romain-imadouchene-soffre-une-troisieme-medaille-mondiale\/","og_locale":"fr_FR","og_type":"article","og_title":"Halt\u00e9rophilie : Romain Imadouch\u00e8ne s'offre une troisi\u00e8me m\u00e9daille mondiale","og_description":"CHAMPIONNATS DU MONDE D'HALT\u00c9ROPHILIE 2025 - La d\u00e9l\u00e9gation fran\u00e7aise a \u00e9vit\u00e9 le z\u00e9ro point\u00e9 gr\u00e2ce \u00e0 Romain Imadouch\u00e8ne, en bronze \u00e0 l'\u00e9paul\u00e9-jet\u00e9 en 94 kg.\u00a0","og_url":"https:\/\/dicodusport.fr\/blog\/halterophilie-romain-imadouchene-soffre-une-troisieme-medaille-mondiale\/","og_site_name":"Dicodusport","article_publisher":"https:\/\/www.facebook.com\/dicodusport","article_author":"https:\/\/www.facebook.com\/sebastien.gente\/","article_published_time":"2025-10-10T06:20:29+00:00","article_modified_time":"2025-10-10T06:20:58+00:00","og_image":[{"width":1200,"height":674,"url":"https:\/\/dicodusport.fr\/blog\/wp-content\/uploads\/2025\/10\/Halterophilie-Romain-Imadouchene-soffre-une-troisieme-medaille-mondiale.png","type":"image\/png"}],"author":"S\u00e9bastien Gente","twitter_card":"summary_large_image","twitter_title":"Halt\u00e9rophilie : Romain Imadouch\u00e8ne s'offre une troisi\u00e8me m\u00e9daille mondiale","twitter_creator":"@https:\/\/twitter.com\/globulo24","twitter_site":"@dicodusport","schema":{"@context":"https:\/\/schema.org","@graph":[{"@type":"NewsArticle","@id":"https:\/\/dicodusport.fr\/blog\/halterophilie-romain-imadouchene-soffre-une-troisieme-medaille-mondiale\/#article","isPartOf":{"@id":"https:\/\/dicodusport.fr\/blog\/halterophilie-romain-imadouchene-soffre-une-troisieme-medaille-mondiale\/"},"author":{"name":"S\u00e9bastien Gente","@id":"https:\/\/dicodusport.fr\/blog\/#\/schema\/person\/627966a6cde45dbd8c5e36ac85d783da"},"headline":"Halt\u00e9rophilie : Romain Imadouch\u00e8ne s&rsquo;offre une troisi\u00e8me m\u00e9daille mondiale","datePublished":"2025-10-10T06:20:29+00:00","dateModified":"2025-10-10T06:20:58+00:00","mainEntityOfPage":{"@id":"https:\/\/dicodusport.fr\/blog\/halterophilie-romain-imadouchene-soffre-une-troisieme-medaille-mondiale\/"},"wordCount":418,"commentCount":0,"publisher":{"@id":"https:\/\/dicodusport.fr\/blog\/#organization"},"image":{"@id":"https:\/\/dicodusport.fr\/blog\/halterophilie-romain-imadouchene-soffre-une-troisieme-medaille-mondiale\/#primaryimage"},"thumbnailUrl":"https:\/\/dicodusport.fr\/blog\/wp-content\/uploads\/2025\/10\/Halterophilie-Romain-Imadouchene-soffre-une-troisieme-medaille-mondiale.png","keywords":["br\u00e8ve","halt\u00e9rophilie"],"articleSection":["Halt\u00e9rophilie"],"inLanguage":"fr-FR","potentialAction":[{"@type":"CommentAction","name":"Comment","target":["https:\/\/dicodusport.fr\/blog\/halterophilie-romain-imadouchene-soffre-une-troisieme-medaille-mondiale\/#respond"]}],"copyrightYear":"2025","copyrightHolder":{"@id":"https:\/\/dicodusport.fr\/blog\/#organization"}},{"@type":"WebPage","@id":"https:\/\/dicodusport.fr\/blog\/halterophilie-romain-imadouchene-soffre-une-troisieme-medaille-mondiale\/","url":"https:\/\/dicodusport.fr\/blog\/halterophilie-romain-imadouchene-soffre-une-troisieme-medaille-mondiale\/","name":"Halt\u00e9rophilie : Romain Imadouch\u00e8ne s'offre une troisi\u00e8me m\u00e9daille mondiale","isPartOf":{"@id":"https:\/\/dicodusport.fr\/blog\/#website"},"primaryImageOfPage":{"@id":"https:\/\/dicodusport.fr\/blog\/halterophilie-romain-imadouchene-soffre-une-troisieme-medaille-mondiale\/#primaryimage"},"image":{"@id":"https:\/\/dicodusport.fr\/blog\/halterophilie-romain-imadouchene-soffre-une-troisieme-medaille-mondiale\/#primaryimage"},"thumbnailUrl":"https:\/\/dicodusport.fr\/blog\/wp-content\/uploads\/2025\/10\/Halterophilie-Romain-Imadouchene-soffre-une-troisieme-medaille-mondiale.png","datePublished":"2025-10-10T06:20:29+00:00","dateModified":"2025-10-10T06:20:58+00:00","description":"CHAMPIONNATS DU MONDE D'HALT\u00c9ROPHILIE 2025 - La d\u00e9l\u00e9gation fran\u00e7aise a \u00e9vit\u00e9 le z\u00e9ro point\u00e9 gr\u00e2ce \u00e0 Romain Imadouch\u00e8ne, en bronze \u00e0 l'\u00e9paul\u00e9-jet\u00e9 en 94 kg.\u00a0","breadcrumb":{"@id":"https:\/\/dicodusport.fr\/blog\/halterophilie-romain-imadouchene-soffre-une-troisieme-medaille-mondiale\/#breadcrumb"},"inLanguage":"fr-FR","potentialAction":[{"@type":"ReadAction","target":["https:\/\/dicodusport.fr\/blog\/halterophilie-romain-imadouchene-soffre-une-troisieme-medaille-mondiale\/"]}]},{"@type":"ImageObject","inLanguage":"fr-FR","@id":"https:\/\/dicodusport.fr\/blog\/halterophilie-romain-imadouchene-soffre-une-troisieme-medaille-mondiale\/#primaryimage","url":"https:\/\/dicodusport.fr\/blog\/wp-content\/uploads\/2025\/10\/Halterophilie-Romain-Imadouchene-soffre-une-troisieme-medaille-mondiale.png","contentUrl":"https:\/\/dicodusport.fr\/blog\/wp-content\/uploads\/2025\/10\/Halterophilie-Romain-Imadouchene-soffre-une-troisieme-medaille-mondiale.png","width":1200,"height":674,"caption":"Halt\u00e9rophilie Romain Imadouch\u00e8ne s'offre une troisi\u00e8me m\u00e9daille mondiale"},{"@type":"BreadcrumbList","@id":"https:\/\/dicodusport.fr\/blog\/halterophilie-romain-imadouchene-soffre-une-troisieme-medaille-mondiale\/#breadcrumb","itemListElement":[{"@type":"ListItem","position":1,"name":"Accueil","item":"https:\/\/dicodusport.fr\/blog\/"},{"@type":"ListItem","position":2,"name":"Halt\u00e9rophilie : Romain Imadouch\u00e8ne s&rsquo;offre une troisi\u00e8me m\u00e9daille mondiale"}]},{"@type":"WebSite","@id":"https:\/\/dicodusport.fr\/blog\/#website","url":"https:\/\/dicodusport.fr\/blog\/","name":"Dicodusport","description":"L&#039;encyclop\u00e9die de l&#039;actualit\u00e9 sportive","publisher":{"@id":"https:\/\/dicodusport.fr\/blog\/#organization"},"potentialAction":[{"@type":"SearchAction","target":{"@type":"EntryPoint","urlTemplate":"https:\/\/dicodusport.fr\/blog\/?s={search_term_string}"},"query-input":{"@type":"PropertyValueSpecification","valueRequired":true,"valueName":"search_term_string"}}],"inLanguage":"fr-FR"},{"@type":"NewsMediaOrganization","@id":"https:\/\/dicodusport.fr\/blog\/#organization","name":"Dicodusport","url":"https:\/\/dicodusport.fr\/blog\/","logo":{"@type":"ImageObject","inLanguage":"fr-FR","@id":"https:\/\/dicodusport.fr\/blog\/#\/schema\/logo\/image\/","url":"https:\/\/dicodusport.fr\/blog\/wp-content\/uploads\/2020\/06\/cropped-LOGO-DICODUSPORT-2020-SANS-FOND-SANS-TEXTE.png","contentUrl":"https:\/\/dicodusport.fr\/blog\/wp-content\/uploads\/2020\/06\/cropped-LOGO-DICODUSPORT-2020-SANS-FOND-SANS-TEXTE.png","width":512,"height":512,"caption":"Dicodusport"},"image":{"@id":"https:\/\/dicodusport.fr\/blog\/#\/schema\/logo\/image\/"},"sameAs":["https:\/\/www.facebook.com\/dicodusport","https:\/\/x.com\/dicodusport","https:\/\/www.instagram.com\/dicodusport\/","https:\/\/www.youtube.com\/channel\/UC7V2KZ5sd3htJivAbA4ZG3w"],"description":"Dicodusport est l'encyclop\u00e9die de l'actualit\u00e9 sportive.","email":"bonjour@dicodusport.fr","legalName":"DICODUSPORT","foundingDate":"2018-01-14","vatID":"FR71834470973","taxID":"83447097300043","numberOfEmployees":{"@type":"QuantitativeValue","minValue":"1","maxValue":"10"}},{"@type":"Person","@id":"https:\/\/dicodusport.fr\/blog\/#\/schema\/person\/627966a6cde45dbd8c5e36ac85d783da","name":"S\u00e9bastien Gente","image":{"@type":"ImageObject","inLanguage":"fr-FR","@id":"https:\/\/dicodusport.fr\/blog\/#\/schema\/person\/image\/","url":"https:\/\/dicodusport.fr\/blog\/wp-content\/uploads\/2021\/09\/1510990_10205810251400683_4124423575079401707_n-150x150.jpg","contentUrl":"https:\/\/dicodusport.fr\/blog\/wp-content\/uploads\/2021\/09\/1510990_10205810251400683_4124423575079401707_n-150x150.jpg","caption":"S\u00e9bastien Gente"},"description":"John Stockton, Gianni Bugno, Zinedine Zidane, Steffi Graf, Frode Andresen, St\u00e9phane Stoecklin, Davis Kamoga, Primoz Peterka, Werner Schlager et Aur\u00e9lien Rougerie. Point commun entre ces sportifs? Ils m'ont fait r\u00eaver et ont berc\u00e9 mon adolescence. Je suis un fondu de sports et j'essaie de retranscrire ma passion \u00e0 travers mes articles. Originaire du P\u00e9rigord, ma passion pour les Girondins, les Jaunards et les Jazzmen transpire dans mes \u00e9crits. \u00c0 Dicodusport depuis 2021, je d\u00e9niche les sports m\u00e9connus dans lesquels la France brille, et il y en a !","sameAs":["https:\/\/www.facebook.com\/sebastien.gente\/","https:\/\/www.instagram.com\/sebgente\/","https:\/\/www.linkedin.com\/in\/sbastien-gente-a29583169\/","https:\/\/x.com\/https:\/\/twitter.com\/globulo24","SebastienGente"],"worksFor":"S\u00e9bastien GENTE","url":"https:\/\/dicodusport.fr\/blog\/author\/sebastiengente\/"}]}},"_links":{"self":[{"href":"https:\/\/dicodusport.fr\/blog\/wp-json\/wp\/v2\/posts\/617896","targetHints":{"allow":["GET"]}}],"collection":[{"href":"https:\/\/dicodusport.fr\/blog\/wp-json\/wp\/v2\/posts"}],"about":[{"href":"https:\/\/dicodusport.fr\/blog\/wp-json\/wp\/v2\/types\/post"}],"author":[{"embeddable":true,"href":"https:\/\/dicodusport.fr\/blog\/wp-json\/wp\/v2\/users\/59"}],"replies":[{"embeddable":true,"href":"https:\/\/dicodusport.fr\/blog\/wp-json\/wp\/v2\/comments?post=617896"}],"version-history":[{"count":2,"href":"https:\/\/dicodusport.fr\/blog\/wp-json\/wp\/v2\/posts\/617896\/revisions"}],"predecessor-version":[{"id":617902,"href":"https:\/\/dicodusport.fr\/blog\/wp-json\/wp\/v2\/posts\/617896\/revisions\/617902"}],"wp:featuredmedia":[{"embeddable":true,"href":"https:\/\/dicodusport.fr\/blog\/wp-json\/wp\/v2\/media\/617901"}],"wp:attachment":[{"href":"https:\/\/dicodusport.fr\/blog\/wp-json\/wp\/v2\/media?parent=617896"}],"wp:term":[{"taxonomy":"category","embeddable":true,"href":"https:\/\/dicodusport.fr\/blog\/wp-json\/wp\/v2\/categories?post=617896"},{"taxonomy":"post_tag","embeddable":true,"href":"https:\/\/dicodusport.fr\/blog\/wp-json\/wp\/v2\/tags?post=617896"}],"curies":[{"name":"wp","href":"https:\/\/api.w.org\/{rel}","templated":true}]}}