{"id":618394,"date":"2025-10-12T16:43:25","date_gmt":"2025-10-12T14:43:25","guid":{"rendered":"https:\/\/dicodusport.fr\/blog\/?p=618394&#038;preview=true&#038;preview_id=618394"},"modified":"2025-10-12T18:33:29","modified_gmt":"2025-10-12T16:33:29","slug":"paris-tours-2025-victoire-de-matteo-trentin-christophe-laporte-2eme","status":"publish","type":"post","link":"https:\/\/dicodusport.fr\/blog\/paris-tours-2025-victoire-de-matteo-trentin-christophe-laporte-2eme\/","title":{"rendered":"Paris-Tours 2025 : Victoire de Matteo Trentin, Christophe Laporte 2\u00e8me"},"content":{"rendered":"<p style=\"text-align: justify;\"><strong><em>PARIS-TOURS 2025 &#8211; \u00c0 l&rsquo;issue d&rsquo;un final incompr\u00e9hensible, Matteo Trentin (Tudor Pro Cycling Team) s&rsquo;adjuge pour la troisi\u00e8me fois la Classique des Feuilles Mortes, juste devant Christophe Laporte (Team Visma Lease a Bike).<\/em><\/strong><\/p>\n<ul>\n<li><strong>\u00c0 ce sujet \u2013\u00a0<a href=\"https:\/\/dicodusport.fr\/blog\/actualites\/cyclisme\/\">L\u2019actualit\u00e9 du cyclisme<\/a><\/strong><\/li>\n<\/ul>\n<p style=\"text-align: justify;\"><strong>Matteo Trentin<\/strong> et ses 36 bougies sait encore gagner. Tr\u00e8s costaud aujourd&rsquo;hui, il vient chercher un succ\u00e8s de prestige \u00e0 Tours. Le coureur italien de la Tudor Pro Cycling Team a tir\u00e9 son \u00e9pingle du jeu dans un sprint \u00e0 6, b\u00e9n\u00e9ficiant, il est vrai, d&rsquo;un sc\u00e9nario de course tr\u00e8s favorable dans le final.<\/p>\n<blockquote class=\"twitter-tweet\">\n<p dir=\"ltr\" lang=\"fr\">\ud83d\udeb4 <a href=\"https:\/\/twitter.com\/hashtag\/ParisTour?src=hash&amp;ref_src=twsrc%5Etfw\">#ParisTour<\/a> | La troisi\u00e8me victoire pour Matteo Trentin \ud83d\udd25\ud83c\uddee\ud83c\uddf9<\/p>\n<p>\u00c0 36 ans, l\u2019Italien devient le plus vieux vainqueur de l\u2019histoire apr\u00e8s profit\u00e9 de l\u2019attentisme de Thibaud Gruel et Paul Lapeira !<\/p>\n<p>\ud83d\udc40 Suivez le direct sur France 3 : <a href=\"https:\/\/t.co\/7GkhcjUw37\">https:\/\/t.co\/7GkhcjUw37<\/a> <a href=\"https:\/\/t.co\/F7UgncKCe7\">pic.twitter.com\/F7UgncKCe7<\/a><\/p>\n<p>\u2014 francetvsport (@francetvsport) <a href=\"https:\/\/twitter.com\/francetvsport\/status\/1977386016177533006?ref_src=twsrc%5Etfw\">October 12, 2025<\/a><\/p><\/blockquote>\n<p><script async src=\"https:\/\/platform.twitter.com\/widgets.js\" charset=\"utf-8\"><\/script><\/p>\n<h2 style=\"text-align: justify;\">Une \u00e9chapp\u00e9e traditionnelle<\/h2>\n<p style=\"text-align: justify;\">Tout d&rsquo;abord, un groupe de six coureurs a ouvert la route en s&rsquo;\u00e9chappant d\u00e8s les premiers kilom\u00e8tres de course. Sous l&rsquo;impulsion de l&rsquo;infatigable baroudeur <strong>Kenny Molly<\/strong> (Van Rysel Roubaix), on retrouvait <strong>Jordan Labrosse<\/strong> (Decathlon &#8211; Ag2r La Mondiale), <strong>Johan Jacobs<\/strong> (Groupama-FDJ), <strong>Olivier Knight<\/strong> (Cofidis), <strong>Jonas Rutsch<\/strong> (Intermarch\u00e9-Wanty) et <strong>Hartthijs de Vries<\/strong> (Unibet Tietema Rockets). Derri\u00e8re, la Visma Lease a Bike de et la Lotto ont pris les choses en main dans le peloton et l&rsquo;\u00e9cart maximum est mont\u00e9 \u00e0 3:30 minutes \u00e0 110 km de l&rsquo;arriv\u00e9e. Malgr\u00e9 une bonne entente, les favoris n&rsquo;ont laiss\u00e9 aucune chance aux attaquants, repris \u00e0 l&rsquo;amorce des premiers chemins de vigne \u00e0 48 km de Tours, malgr\u00e9 une belle r\u00e9sistance de <strong>Rutsch<\/strong> et <strong>Molly<\/strong> notamment.<\/p>\n<ul>\n<li style=\"text-align: justify;\"><strong>\u00c0 ce sujet \u2013 <a href=\"https:\/\/dicodusport.fr\/blog\/paris-tours-2025-classement-et-resultats\/\">Paris-Tours 2025 &#8211; Classement et r\u00e9sultats<\/a><\/strong><\/li>\n<\/ul>\n<h2 style=\"text-align: justify;\">Festival de crevaisons<\/h2>\n<p style=\"text-align: justify;\">Alors qu&rsquo;on a vite compris que <strong>Matthew Brennan<\/strong> (Team Visma Lease a Bike) ne d\u00e9fendrait pas ses chances ce dimanche, lui qui s&rsquo;est rapidement sacrifi\u00e9, on a assist\u00e9 ensuite \u00e0 plusieurs attaques avort\u00e9es comme celles de <strong>Cees Bol<\/strong> (Astana Team), puis celles d&rsquo;un groupe de favoris comprenant <strong>Mathias Vacek<\/strong> et <strong>Albert Withen Philipsen<\/strong> (Lidl-Trek) ou encore <strong>Arnaud De Lie<\/strong> (Lotto).<\/p>\n<p style=\"text-align: justify;\">Ce sont comme souvent des al\u00e9as de course qui ont \u00e9maill\u00e9 le final de ce Paris-Tours avec beaucoup de crevaisons \u00e0 l&rsquo;image de celles de <strong>Ben Turner<\/strong> (INEOS Grenadiers), <strong>Olav Kooij<\/strong> (Team Visma Lease a Bike), <strong>Mathias Vacek<\/strong> et <strong>Arnaud De Lie<\/strong>. Ce dernier est apparu en difficult\u00e9, malade cette semaine et n&rsquo;a pas pu r\u00e9int\u00e9grer la t\u00eate de course.<\/p>\n<h2 style=\"text-align: justify;\">Gruel et Lapeira ont tout g\u00e2ch\u00e9<\/h2>\n<p style=\"text-align: justify;\">Puis, <strong>Paul Lapeira<\/strong> (Decathlon-AG2R La Mondiale) et <strong>Thibaud Gruel<\/strong> (Groupama-FDJ) ont tent\u00e9 d&rsquo;anticiper les d\u00e9bats et sont parvenus \u00e0 creuser un petit \u00e9cart de 45 secondes \u00e0 25 km de l&rsquo;arriv\u00e9e. En poursuite, un groupe de cinq s&rsquo;est form\u00e9 dans le chemin blanc de Peu Morier avec <strong>Christophe Laporte<\/strong> (Team Visma Lease a Bike), <strong>Vacek<\/strong> et <strong>Philipsen<\/strong>, <strong>Stefan Bissegger<\/strong>, co\u00e9quipier de <strong>Lapeira<\/strong> et le v\u00e9t\u00e9ran <strong>Matteo Trentin<\/strong> (Tudor Pro Cycling Team). Le coureur Tch\u00e8que l\u00e2chait dans l&rsquo;ultime bosse et le quatuor se rapprochait \u00e0 neuf secondes du duo de t\u00eate. Mais ne reprenait plus rien.<\/p>\n<p style=\"text-align: justify;\">C&rsquo;est alors qu&rsquo;\u00e0 l&rsquo;approche de la flamme rouge, l&rsquo;impensable s&rsquo;est produit. Alors qu&rsquo;ils partaient pour se disputer la victoire, les deux Fran\u00e7ais se sont litt\u00e9ralement arr\u00eat\u00e9s de p\u00e9daler, laissant revenir leurs poursuivants, bien heureux de squatter le podium puisque, derri\u00e8re <strong>Trentin<\/strong>, <strong>Christophe Laporte<\/strong> et <strong>Albert Withen Philipsen<\/strong> viennent compl\u00e9ter le podium final. <strong>Lapeira<\/strong> et <strong>Gruel<\/strong>, quatre et cinqui\u00e8me, ne partiront sans doute pas en vacances ensemble.<\/p>\n<h3>\u00c0 ce sujet<\/h3>\n<div class=\"vlp-link-container vlp-layout-article\"><a href=\"https:\/\/dicodusport.fr\/blog\/paris-tours-espoirs-2025-maxime-decomble-simpose-en-solitaire\/\" class=\"vlp-link\" title=\"Paris-Tours Espoirs 2025 : Maxime Decomble s&#039;impose en solitaire\"><\/a><div class=\"vlp-layout-zone-side\"><div class=\"vlp-block-4 vlp-link-image\"><img loading=\"lazy\" decoding=\"async\" style=\"max-width: 792px;\" width=\"792\" height=\"445\" src=\"https:\/\/dicodusport.fr\/blog\/wp-content\/uploads\/2025\/10\/Paris-Tours-Espoirs-2025-Maxime-Decomble-simpose-en-solitaire-1.png\" class=\"attachment-800x445 size-800x445\" alt=\"Paris-Tours Espoirs 2025 Maxime Decomble s&#039;impose en solitaire\" srcset=\"https:\/\/dicodusport.fr\/blog\/wp-content\/uploads\/2025\/10\/Paris-Tours-Espoirs-2025-Maxime-Decomble-simpose-en-solitaire-1.png 1200w, https:\/\/dicodusport.fr\/blog\/wp-content\/uploads\/2025\/10\/Paris-Tours-Espoirs-2025-Maxime-Decomble-simpose-en-solitaire-1-300x169.png 300w, https:\/\/dicodusport.fr\/blog\/wp-content\/uploads\/2025\/10\/Paris-Tours-Espoirs-2025-Maxime-Decomble-simpose-en-solitaire-1-1024x575.png 1024w, https:\/\/dicodusport.fr\/blog\/wp-content\/uploads\/2025\/10\/Paris-Tours-Espoirs-2025-Maxime-Decomble-simpose-en-solitaire-1-768x431.png 768w\" sizes=\"auto, (max-width: 792px) 100vw, 792px\" \/><\/div><\/div><div class=\"vlp-layout-zone-main\"><div class=\"vlp-block-0 vlp-link-title\">Paris-Tours Espoirs 2025 : Maxime Decomble s'impose en solitaire<\/div><div class=\"vlp-block-1 vlp-link-summary\">Parti seul \u00e0 15 km du but, Maxime Decomble remporte Paris-Tours Espoirs 2025 en solitaire et signe son premier succ\u00e8s en 2025.<\/div><div class=\"vlp-block-2 vlp-link-button\">Lire l'article<\/div><div class=\"vlp-block-3 vlp-link-url\">dicodusport.fr<\/div><\/div><\/div>\n<p style=\"text-align: justify;\">\n","protected":false},"excerpt":{"rendered":"<p>\u00c0 l&rsquo;issue d&rsquo;un final incompr\u00e9hensible, Matteo Trentin (Tudor Pro Cycling Team) s&rsquo;adjuge pour la troisi\u00e8me fois la Classique des Feuilles Mortes, juste devant Christophe Laporte (Team Visma Lease a Bike)<\/p>\n","protected":false},"author":92,"featured_media":618469,"comment_status":"open","ping_status":"closed","sticky":false,"template":"","format":"standard","meta":{"_acf_changed":false,"_daextam_enable_autolinks":"1","footnotes":""},"categories":[46994],"tags":[3119,16878,11197,9006,24],"class_list":["post-618394","post","type-post","status-publish","format-standard","has-post-thumbnail","hentry","category-cyclisme-sur-route","tag-actualite-cyclisme","tag-breve","tag-cyclisme-sur-route","tag-paris-tours","tag-sport"],"acf":[],"yoast_head":"<!-- This site is optimized with the Yoast SEO Premium plugin v26.7 (Yoast SEO v26.7) - https:\/\/yoast.com\/wordpress\/plugins\/seo\/ -->\n<title>Paris-Tours 2025 : Victoire de Matteo Trentin, Christophe Laporte 2\u00e8me<\/title>\n<meta name=\"description\" content=\"PARIS-TOURS 2025 - Matteo Trentin (Tudor Pro Cycling Team) s&#039;impose juste devant Christophe Laporte (Team Visma Lease a Bike).\" \/>\n<meta name=\"robots\" content=\"index, follow, max-snippet:-1, max-image-preview:large, max-video-preview:-1\" \/>\n<link rel=\"canonical\" href=\"https:\/\/dicodusport.fr\/blog\/paris-tours-2025-victoire-de-matteo-trentin-christophe-laporte-2eme\/\" \/>\n<meta property=\"og:locale\" content=\"fr_FR\" \/>\n<meta property=\"og:type\" content=\"article\" \/>\n<meta property=\"og:title\" content=\"Paris-Tours 2025 : Victoire de Matteo Trentin, Christophe Laporte 2\u00e8me\" \/>\n<meta property=\"og:description\" content=\"PARIS-TOURS 2025 - Matteo Trentin (Tudor Pro Cycling Team) s&#039;impose juste devant Christophe Laporte (Team Visma Lease a Bike).\" \/>\n<meta property=\"og:url\" content=\"https:\/\/dicodusport.fr\/blog\/paris-tours-2025-victoire-de-matteo-trentin-christophe-laporte-2eme\/\" \/>\n<meta property=\"og:site_name\" content=\"Dicodusport\" \/>\n<meta property=\"article:publisher\" content=\"https:\/\/www.facebook.com\/dicodusport\" \/>\n<meta property=\"article:published_time\" content=\"2025-10-12T14:43:25+00:00\" \/>\n<meta property=\"article:modified_time\" content=\"2025-10-12T16:33:29+00:00\" \/>\n<meta property=\"og:image\" content=\"https:\/\/dicodusport.fr\/blog\/wp-content\/uploads\/2025\/10\/Paris-Tours-2025-Victoire-de-Matteo-Trentin-Christophe-Laporte-2eme-1.png\" \/>\n\t<meta property=\"og:image:width\" content=\"1200\" \/>\n\t<meta property=\"og:image:height\" content=\"674\" \/>\n\t<meta property=\"og:image:type\" content=\"image\/png\" \/>\n<meta name=\"author\" content=\"Olivier Dobiezynski\" \/>\n<meta name=\"twitter:card\" content=\"summary_large_image\" \/>\n<meta name=\"twitter:title\" content=\"Paris-Tours 2025 : Victoire de Matteo Trentin, Christophe Laporte 2\u00e8me\" \/>\n<meta name=\"twitter:creator\" content=\"@https:\/\/x.com\/Olivier_Matros\" \/>\n<meta name=\"twitter:site\" content=\"@dicodusport\" \/>\n<script type=\"application\/ld+json\" class=\"yoast-schema-graph\">{\"@context\":\"https:\/\/schema.org\",\"@graph\":[{\"@type\":\"NewsArticle\",\"@id\":\"https:\/\/dicodusport.fr\/blog\/paris-tours-2025-victoire-de-matteo-trentin-christophe-laporte-2eme\/#article\",\"isPartOf\":{\"@id\":\"https:\/\/dicodusport.fr\/blog\/paris-tours-2025-victoire-de-matteo-trentin-christophe-laporte-2eme\/\"},\"author\":{\"name\":\"Olivier Dobiezynski\",\"@id\":\"https:\/\/dicodusport.fr\/blog\/#\/schema\/person\/fe500246414ca17ddf0c0312d7a792cc\"},\"headline\":\"Paris-Tours 2025 : Victoire de Matteo Trentin, Christophe Laporte 2\u00e8me\",\"datePublished\":\"2025-10-12T14:43:25+00:00\",\"dateModified\":\"2025-10-12T16:33:29+00:00\",\"mainEntityOfPage\":{\"@id\":\"https:\/\/dicodusport.fr\/blog\/paris-tours-2025-victoire-de-matteo-trentin-christophe-laporte-2eme\/\"},\"wordCount\":694,\"commentCount\":0,\"publisher\":{\"@id\":\"https:\/\/dicodusport.fr\/blog\/#organization\"},\"image\":{\"@id\":\"https:\/\/dicodusport.fr\/blog\/paris-tours-2025-victoire-de-matteo-trentin-christophe-laporte-2eme\/#primaryimage\"},\"thumbnailUrl\":\"https:\/\/dicodusport.fr\/blog\/wp-content\/uploads\/2025\/10\/Paris-Tours-2025-Victoire-de-Matteo-Trentin-Christophe-Laporte-2eme-1.png\",\"keywords\":[\"Actualit\u00e9 Cyclisme\",\"br\u00e8ve\",\"Cyclisme sur route\",\"Paris-Tours\",\"sport\"],\"articleSection\":[\"Cyclisme sur route\"],\"inLanguage\":\"fr-FR\",\"potentialAction\":[{\"@type\":\"CommentAction\",\"name\":\"Comment\",\"target\":[\"https:\/\/dicodusport.fr\/blog\/paris-tours-2025-victoire-de-matteo-trentin-christophe-laporte-2eme\/#respond\"]}],\"copyrightYear\":\"2025\",\"copyrightHolder\":{\"@id\":\"https:\/\/dicodusport.fr\/blog\/#organization\"}},{\"@type\":\"WebPage\",\"@id\":\"https:\/\/dicodusport.fr\/blog\/paris-tours-2025-victoire-de-matteo-trentin-christophe-laporte-2eme\/\",\"url\":\"https:\/\/dicodusport.fr\/blog\/paris-tours-2025-victoire-de-matteo-trentin-christophe-laporte-2eme\/\",\"name\":\"Paris-Tours 2025 : Victoire de Matteo Trentin, Christophe Laporte 2\u00e8me\",\"isPartOf\":{\"@id\":\"https:\/\/dicodusport.fr\/blog\/#website\"},\"primaryImageOfPage\":{\"@id\":\"https:\/\/dicodusport.fr\/blog\/paris-tours-2025-victoire-de-matteo-trentin-christophe-laporte-2eme\/#primaryimage\"},\"image\":{\"@id\":\"https:\/\/dicodusport.fr\/blog\/paris-tours-2025-victoire-de-matteo-trentin-christophe-laporte-2eme\/#primaryimage\"},\"thumbnailUrl\":\"https:\/\/dicodusport.fr\/blog\/wp-content\/uploads\/2025\/10\/Paris-Tours-2025-Victoire-de-Matteo-Trentin-Christophe-Laporte-2eme-1.png\",\"datePublished\":\"2025-10-12T14:43:25+00:00\",\"dateModified\":\"2025-10-12T16:33:29+00:00\",\"description\":\"PARIS-TOURS 2025 - Matteo Trentin (Tudor Pro Cycling Team) s'impose juste devant Christophe Laporte (Team Visma Lease a Bike).\",\"breadcrumb\":{\"@id\":\"https:\/\/dicodusport.fr\/blog\/paris-tours-2025-victoire-de-matteo-trentin-christophe-laporte-2eme\/#breadcrumb\"},\"inLanguage\":\"fr-FR\",\"potentialAction\":[{\"@type\":\"ReadAction\",\"target\":[\"https:\/\/dicodusport.fr\/blog\/paris-tours-2025-victoire-de-matteo-trentin-christophe-laporte-2eme\/\"]}]},{\"@type\":\"ImageObject\",\"inLanguage\":\"fr-FR\",\"@id\":\"https:\/\/dicodusport.fr\/blog\/paris-tours-2025-victoire-de-matteo-trentin-christophe-laporte-2eme\/#primaryimage\",\"url\":\"https:\/\/dicodusport.fr\/blog\/wp-content\/uploads\/2025\/10\/Paris-Tours-2025-Victoire-de-Matteo-Trentin-Christophe-Laporte-2eme-1.png\",\"contentUrl\":\"https:\/\/dicodusport.fr\/blog\/wp-content\/uploads\/2025\/10\/Paris-Tours-2025-Victoire-de-Matteo-Trentin-Christophe-Laporte-2eme-1.png\",\"width\":1200,\"height\":674,\"caption\":\"Paris-Tours 2025 Victoire de Matteo Trentin, Christophe Laporte 2\u00e8me (1)\"},{\"@type\":\"BreadcrumbList\",\"@id\":\"https:\/\/dicodusport.fr\/blog\/paris-tours-2025-victoire-de-matteo-trentin-christophe-laporte-2eme\/#breadcrumb\",\"itemListElement\":[{\"@type\":\"ListItem\",\"position\":1,\"name\":\"Accueil\",\"item\":\"https:\/\/dicodusport.fr\/blog\/\"},{\"@type\":\"ListItem\",\"position\":2,\"name\":\"Paris-Tours 2025 : Victoire de Matteo Trentin, Christophe Laporte 2\u00e8me\"}]},{\"@type\":\"WebSite\",\"@id\":\"https:\/\/dicodusport.fr\/blog\/#website\",\"url\":\"https:\/\/dicodusport.fr\/blog\/\",\"name\":\"Dicodusport\",\"description\":\"L&#039;encyclop\u00e9die de l&#039;actualit\u00e9 sportive\",\"publisher\":{\"@id\":\"https:\/\/dicodusport.fr\/blog\/#organization\"},\"potentialAction\":[{\"@type\":\"SearchAction\",\"target\":{\"@type\":\"EntryPoint\",\"urlTemplate\":\"https:\/\/dicodusport.fr\/blog\/?s={search_term_string}\"},\"query-input\":{\"@type\":\"PropertyValueSpecification\",\"valueRequired\":true,\"valueName\":\"search_term_string\"}}],\"inLanguage\":\"fr-FR\"},{\"@type\":\"NewsMediaOrganization\",\"@id\":\"https:\/\/dicodusport.fr\/blog\/#organization\",\"name\":\"Dicodusport\",\"url\":\"https:\/\/dicodusport.fr\/blog\/\",\"logo\":{\"@type\":\"ImageObject\",\"inLanguage\":\"fr-FR\",\"@id\":\"https:\/\/dicodusport.fr\/blog\/#\/schema\/logo\/image\/\",\"url\":\"https:\/\/dicodusport.fr\/blog\/wp-content\/uploads\/2020\/06\/cropped-LOGO-DICODUSPORT-2020-SANS-FOND-SANS-TEXTE.png\",\"contentUrl\":\"https:\/\/dicodusport.fr\/blog\/wp-content\/uploads\/2020\/06\/cropped-LOGO-DICODUSPORT-2020-SANS-FOND-SANS-TEXTE.png\",\"width\":512,\"height\":512,\"caption\":\"Dicodusport\"},\"image\":{\"@id\":\"https:\/\/dicodusport.fr\/blog\/#\/schema\/logo\/image\/\"},\"sameAs\":[\"https:\/\/www.facebook.com\/dicodusport\",\"https:\/\/x.com\/dicodusport\",\"https:\/\/www.instagram.com\/dicodusport\/\",\"https:\/\/www.youtube.com\/channel\/UC7V2KZ5sd3htJivAbA4ZG3w\"],\"description\":\"Dicodusport est l'encyclop\u00e9die de l'actualit\u00e9 sportive.\",\"email\":\"bonjour@dicodusport.fr\",\"legalName\":\"DICODUSPORT\",\"foundingDate\":\"2018-01-14\",\"vatID\":\"FR71834470973\",\"taxID\":\"83447097300043\",\"numberOfEmployees\":{\"@type\":\"QuantitativeValue\",\"minValue\":\"1\",\"maxValue\":\"10\"}},{\"@type\":\"Person\",\"@id\":\"https:\/\/dicodusport.fr\/blog\/#\/schema\/person\/fe500246414ca17ddf0c0312d7a792cc\",\"name\":\"Olivier Dobiezynski\",\"image\":{\"@type\":\"ImageObject\",\"inLanguage\":\"fr-FR\",\"@id\":\"https:\/\/dicodusport.fr\/blog\/#\/schema\/person\/image\/\",\"url\":\"https:\/\/dicodusport.fr\/blog\/wp-content\/uploads\/2024\/09\/5be8fe8d-9962-4f1e-ad06-d6f9dee30e6d-150x150.jpg\",\"contentUrl\":\"https:\/\/dicodusport.fr\/blog\/wp-content\/uploads\/2024\/09\/5be8fe8d-9962-4f1e-ad06-d6f9dee30e6d-150x150.jpg\",\"caption\":\"Olivier Dobiezynski\"},\"description\":\"Depuis le milieu des ann\u00e9es 90, la passion du cyclisme m'anime. Mes h\u00e9ros s'appellent Luc Leblanc, Piotr Ugrumov, Paolo Savoldelli, Peter Sagan et bien \u00e9videmment Romain Bardet. R\u00e9dacteur depuis 2023, je suis ici pour partager cet amour de la Petite Reine. Vous pourrez me lire \u00e9galement sur du trail, du ski de fond et tout autre sujet susceptible d'\u00e9veiller ma curiosit\u00e9 sportive.\",\"sameAs\":[\"https:\/\/x.com\/https:\/\/x.com\/Olivier_Matros\"],\"url\":\"https:\/\/dicodusport.fr\/blog\/author\/olivier-gh\/\"}]}<\/script>\n<!-- \/ Yoast SEO Premium plugin. -->","yoast_head_json":{"title":"Paris-Tours 2025 : Victoire de Matteo Trentin, Christophe Laporte 2\u00e8me","description":"PARIS-TOURS 2025 - Matteo Trentin (Tudor Pro Cycling Team) s'impose juste devant Christophe Laporte (Team Visma Lease a Bike).","robots":{"index":"index","follow":"follow","max-snippet":"max-snippet:-1","max-image-preview":"max-image-preview:large","max-video-preview":"max-video-preview:-1"},"canonical":"https:\/\/dicodusport.fr\/blog\/paris-tours-2025-victoire-de-matteo-trentin-christophe-laporte-2eme\/","og_locale":"fr_FR","og_type":"article","og_title":"Paris-Tours 2025 : Victoire de Matteo Trentin, Christophe Laporte 2\u00e8me","og_description":"PARIS-TOURS 2025 - Matteo Trentin (Tudor Pro Cycling Team) s'impose juste devant Christophe Laporte (Team Visma Lease a Bike).","og_url":"https:\/\/dicodusport.fr\/blog\/paris-tours-2025-victoire-de-matteo-trentin-christophe-laporte-2eme\/","og_site_name":"Dicodusport","article_publisher":"https:\/\/www.facebook.com\/dicodusport","article_published_time":"2025-10-12T14:43:25+00:00","article_modified_time":"2025-10-12T16:33:29+00:00","og_image":[{"width":1200,"height":674,"url":"https:\/\/dicodusport.fr\/blog\/wp-content\/uploads\/2025\/10\/Paris-Tours-2025-Victoire-de-Matteo-Trentin-Christophe-Laporte-2eme-1.png","type":"image\/png"}],"author":"Olivier Dobiezynski","twitter_card":"summary_large_image","twitter_title":"Paris-Tours 2025 : Victoire de Matteo Trentin, Christophe Laporte 2\u00e8me","twitter_creator":"@https:\/\/x.com\/Olivier_Matros","twitter_site":"@dicodusport","schema":{"@context":"https:\/\/schema.org","@graph":[{"@type":"NewsArticle","@id":"https:\/\/dicodusport.fr\/blog\/paris-tours-2025-victoire-de-matteo-trentin-christophe-laporte-2eme\/#article","isPartOf":{"@id":"https:\/\/dicodusport.fr\/blog\/paris-tours-2025-victoire-de-matteo-trentin-christophe-laporte-2eme\/"},"author":{"name":"Olivier Dobiezynski","@id":"https:\/\/dicodusport.fr\/blog\/#\/schema\/person\/fe500246414ca17ddf0c0312d7a792cc"},"headline":"Paris-Tours 2025 : Victoire de Matteo Trentin, Christophe Laporte 2\u00e8me","datePublished":"2025-10-12T14:43:25+00:00","dateModified":"2025-10-12T16:33:29+00:00","mainEntityOfPage":{"@id":"https:\/\/dicodusport.fr\/blog\/paris-tours-2025-victoire-de-matteo-trentin-christophe-laporte-2eme\/"},"wordCount":694,"commentCount":0,"publisher":{"@id":"https:\/\/dicodusport.fr\/blog\/#organization"},"image":{"@id":"https:\/\/dicodusport.fr\/blog\/paris-tours-2025-victoire-de-matteo-trentin-christophe-laporte-2eme\/#primaryimage"},"thumbnailUrl":"https:\/\/dicodusport.fr\/blog\/wp-content\/uploads\/2025\/10\/Paris-Tours-2025-Victoire-de-Matteo-Trentin-Christophe-Laporte-2eme-1.png","keywords":["Actualit\u00e9 Cyclisme","br\u00e8ve","Cyclisme sur route","Paris-Tours","sport"],"articleSection":["Cyclisme sur route"],"inLanguage":"fr-FR","potentialAction":[{"@type":"CommentAction","name":"Comment","target":["https:\/\/dicodusport.fr\/blog\/paris-tours-2025-victoire-de-matteo-trentin-christophe-laporte-2eme\/#respond"]}],"copyrightYear":"2025","copyrightHolder":{"@id":"https:\/\/dicodusport.fr\/blog\/#organization"}},{"@type":"WebPage","@id":"https:\/\/dicodusport.fr\/blog\/paris-tours-2025-victoire-de-matteo-trentin-christophe-laporte-2eme\/","url":"https:\/\/dicodusport.fr\/blog\/paris-tours-2025-victoire-de-matteo-trentin-christophe-laporte-2eme\/","name":"Paris-Tours 2025 : Victoire de Matteo Trentin, Christophe Laporte 2\u00e8me","isPartOf":{"@id":"https:\/\/dicodusport.fr\/blog\/#website"},"primaryImageOfPage":{"@id":"https:\/\/dicodusport.fr\/blog\/paris-tours-2025-victoire-de-matteo-trentin-christophe-laporte-2eme\/#primaryimage"},"image":{"@id":"https:\/\/dicodusport.fr\/blog\/paris-tours-2025-victoire-de-matteo-trentin-christophe-laporte-2eme\/#primaryimage"},"thumbnailUrl":"https:\/\/dicodusport.fr\/blog\/wp-content\/uploads\/2025\/10\/Paris-Tours-2025-Victoire-de-Matteo-Trentin-Christophe-Laporte-2eme-1.png","datePublished":"2025-10-12T14:43:25+00:00","dateModified":"2025-10-12T16:33:29+00:00","description":"PARIS-TOURS 2025 - Matteo Trentin (Tudor Pro Cycling Team) s'impose juste devant Christophe Laporte (Team Visma Lease a Bike).","breadcrumb":{"@id":"https:\/\/dicodusport.fr\/blog\/paris-tours-2025-victoire-de-matteo-trentin-christophe-laporte-2eme\/#breadcrumb"},"inLanguage":"fr-FR","potentialAction":[{"@type":"ReadAction","target":["https:\/\/dicodusport.fr\/blog\/paris-tours-2025-victoire-de-matteo-trentin-christophe-laporte-2eme\/"]}]},{"@type":"ImageObject","inLanguage":"fr-FR","@id":"https:\/\/dicodusport.fr\/blog\/paris-tours-2025-victoire-de-matteo-trentin-christophe-laporte-2eme\/#primaryimage","url":"https:\/\/dicodusport.fr\/blog\/wp-content\/uploads\/2025\/10\/Paris-Tours-2025-Victoire-de-Matteo-Trentin-Christophe-Laporte-2eme-1.png","contentUrl":"https:\/\/dicodusport.fr\/blog\/wp-content\/uploads\/2025\/10\/Paris-Tours-2025-Victoire-de-Matteo-Trentin-Christophe-Laporte-2eme-1.png","width":1200,"height":674,"caption":"Paris-Tours 2025 Victoire de Matteo Trentin, Christophe Laporte 2\u00e8me (1)"},{"@type":"BreadcrumbList","@id":"https:\/\/dicodusport.fr\/blog\/paris-tours-2025-victoire-de-matteo-trentin-christophe-laporte-2eme\/#breadcrumb","itemListElement":[{"@type":"ListItem","position":1,"name":"Accueil","item":"https:\/\/dicodusport.fr\/blog\/"},{"@type":"ListItem","position":2,"name":"Paris-Tours 2025 : Victoire de Matteo Trentin, Christophe Laporte 2\u00e8me"}]},{"@type":"WebSite","@id":"https:\/\/dicodusport.fr\/blog\/#website","url":"https:\/\/dicodusport.fr\/blog\/","name":"Dicodusport","description":"L&#039;encyclop\u00e9die de l&#039;actualit\u00e9 sportive","publisher":{"@id":"https:\/\/dicodusport.fr\/blog\/#organization"},"potentialAction":[{"@type":"SearchAction","target":{"@type":"EntryPoint","urlTemplate":"https:\/\/dicodusport.fr\/blog\/?s={search_term_string}"},"query-input":{"@type":"PropertyValueSpecification","valueRequired":true,"valueName":"search_term_string"}}],"inLanguage":"fr-FR"},{"@type":"NewsMediaOrganization","@id":"https:\/\/dicodusport.fr\/blog\/#organization","name":"Dicodusport","url":"https:\/\/dicodusport.fr\/blog\/","logo":{"@type":"ImageObject","inLanguage":"fr-FR","@id":"https:\/\/dicodusport.fr\/blog\/#\/schema\/logo\/image\/","url":"https:\/\/dicodusport.fr\/blog\/wp-content\/uploads\/2020\/06\/cropped-LOGO-DICODUSPORT-2020-SANS-FOND-SANS-TEXTE.png","contentUrl":"https:\/\/dicodusport.fr\/blog\/wp-content\/uploads\/2020\/06\/cropped-LOGO-DICODUSPORT-2020-SANS-FOND-SANS-TEXTE.png","width":512,"height":512,"caption":"Dicodusport"},"image":{"@id":"https:\/\/dicodusport.fr\/blog\/#\/schema\/logo\/image\/"},"sameAs":["https:\/\/www.facebook.com\/dicodusport","https:\/\/x.com\/dicodusport","https:\/\/www.instagram.com\/dicodusport\/","https:\/\/www.youtube.com\/channel\/UC7V2KZ5sd3htJivAbA4ZG3w"],"description":"Dicodusport est l'encyclop\u00e9die de l'actualit\u00e9 sportive.","email":"bonjour@dicodusport.fr","legalName":"DICODUSPORT","foundingDate":"2018-01-14","vatID":"FR71834470973","taxID":"83447097300043","numberOfEmployees":{"@type":"QuantitativeValue","minValue":"1","maxValue":"10"}},{"@type":"Person","@id":"https:\/\/dicodusport.fr\/blog\/#\/schema\/person\/fe500246414ca17ddf0c0312d7a792cc","name":"Olivier Dobiezynski","image":{"@type":"ImageObject","inLanguage":"fr-FR","@id":"https:\/\/dicodusport.fr\/blog\/#\/schema\/person\/image\/","url":"https:\/\/dicodusport.fr\/blog\/wp-content\/uploads\/2024\/09\/5be8fe8d-9962-4f1e-ad06-d6f9dee30e6d-150x150.jpg","contentUrl":"https:\/\/dicodusport.fr\/blog\/wp-content\/uploads\/2024\/09\/5be8fe8d-9962-4f1e-ad06-d6f9dee30e6d-150x150.jpg","caption":"Olivier Dobiezynski"},"description":"Depuis le milieu des ann\u00e9es 90, la passion du cyclisme m'anime. Mes h\u00e9ros s'appellent Luc Leblanc, Piotr Ugrumov, Paolo Savoldelli, Peter Sagan et bien \u00e9videmment Romain Bardet. R\u00e9dacteur depuis 2023, je suis ici pour partager cet amour de la Petite Reine. Vous pourrez me lire \u00e9galement sur du trail, du ski de fond et tout autre sujet susceptible d'\u00e9veiller ma curiosit\u00e9 sportive.","sameAs":["https:\/\/x.com\/https:\/\/x.com\/Olivier_Matros"],"url":"https:\/\/dicodusport.fr\/blog\/author\/olivier-gh\/"}]}},"_links":{"self":[{"href":"https:\/\/dicodusport.fr\/blog\/wp-json\/wp\/v2\/posts\/618394","targetHints":{"allow":["GET"]}}],"collection":[{"href":"https:\/\/dicodusport.fr\/blog\/wp-json\/wp\/v2\/posts"}],"about":[{"href":"https:\/\/dicodusport.fr\/blog\/wp-json\/wp\/v2\/types\/post"}],"author":[{"embeddable":true,"href":"https:\/\/dicodusport.fr\/blog\/wp-json\/wp\/v2\/users\/92"}],"replies":[{"embeddable":true,"href":"https:\/\/dicodusport.fr\/blog\/wp-json\/wp\/v2\/comments?post=618394"}],"version-history":[{"count":5,"href":"https:\/\/dicodusport.fr\/blog\/wp-json\/wp\/v2\/posts\/618394\/revisions"}],"predecessor-version":[{"id":618441,"href":"https:\/\/dicodusport.fr\/blog\/wp-json\/wp\/v2\/posts\/618394\/revisions\/618441"}],"wp:featuredmedia":[{"embeddable":true,"href":"https:\/\/dicodusport.fr\/blog\/wp-json\/wp\/v2\/media\/618469"}],"wp:attachment":[{"href":"https:\/\/dicodusport.fr\/blog\/wp-json\/wp\/v2\/media?parent=618394"}],"wp:term":[{"taxonomy":"category","embeddable":true,"href":"https:\/\/dicodusport.fr\/blog\/wp-json\/wp\/v2\/categories?post=618394"},{"taxonomy":"post_tag","embeddable":true,"href":"https:\/\/dicodusport.fr\/blog\/wp-json\/wp\/v2\/tags?post=618394"}],"curies":[{"name":"wp","href":"https:\/\/api.w.org\/{rel}","templated":true}]}}