{"id":61848,"date":"2020-03-02T08:57:01","date_gmt":"2020-03-02T07:57:01","guid":{"rendered":"http:\/\/dicodusport.fr\/blog\/?p=61848&#038;preview=true&#038;preview_id=61848"},"modified":"2021-10-18T16:45:29","modified_gmt":"2021-10-18T14:45:29","slug":"xv-de-france-sans-teddy-thomas-face-ecosse","status":"publish","type":"post","link":"https:\/\/dicodusport.fr\/blog\/xv-de-france-sans-teddy-thomas-face-ecosse\/","title":{"rendered":"XV de France : Sans Teddy Thomas face \u00e0 l&rsquo;\u00c9cosse ?"},"content":{"rendered":"<p style=\"text-align: justify;\"><strong><em>\u00c0 l&rsquo;occasion de <\/em><\/strong><b><i>l&rsquo;entra\u00eenement ouvert au public dimanche, Fabien Galthi\u00e9 n&rsquo;a pas donn\u00e9 une chasuble de titulaire \u00e0 Teddy Thomas. Ce dernier pourrait \u00eatre \u00e9cart\u00e9 face \u00e0 l&rsquo;\u00c9cosse (dimanche 16h).<\/i><\/b><\/p>\n<p style=\"text-align: justify;\">Ses performances d\u00e9fensives lors des trois premi\u00e8res rencontres du <strong>6 Nations<\/strong> ont sans doute laiss\u00e9 des traces. Sous le feu des critiques, <a href=\"https:\/\/dicodusport.fr\/blog\/tag\/teddy-thomas\/\" target=\"_blank\" rel=\"noopener noreferrer\"><strong>Teddy Thomas<\/strong><\/a> va-t-il \u00eatre \u00e9cart\u00e9 au profit de <strong>Damian Penaud<\/strong> ? Le retour de l&rsquo;ailier de Clermont aurait d\u00fb pousser <strong>Ga\u00ebl Fickou<\/strong> \u00e0 retrouver son poste de centre aux c\u00f4t\u00e9s de <strong>Virimi Vakatawa<\/strong>. Mais les performances abouties d&rsquo;<strong>Arthur Vincent<\/strong>, conjugu\u00e9es aux lacunes d\u00e9fensives de l&rsquo;ailier du Racing 92 devraient conduire le staff des Bleus \u00e0 revoir ses plans. <strong>Damian Penaud<\/strong> pourrait bien remplacer <strong>Teddy Thomas<\/strong> poste pour poste alors que <strong>Jean-Baptiste Gros<\/strong> est pressenti pour d\u00e9buter comme pilier gauche, \u00e0 la place de <strong>Cyril Baille<\/strong> bless\u00e9.<\/p>\n<ul>\n<li style=\"text-align: justify;\"><strong><a href=\"https:\/\/dicodusport.fr\/blog\/tournoi-des-6-nations-2020-calendrier-resultats-classement\/\" target=\"_blank\" rel=\"noopener noreferrer\">6 Nations 2020 &#8211; Calendrier, r\u00e9sultats et classement<\/a><\/strong><\/li>\n<\/ul>\n<p style=\"text-align: justify;\"><strong><em>Dicodusport<br \/>\n<a href=\"https:\/\/www.facebook.com\/dicodusport\/\" target=\"_blank\" rel=\"noopener noreferrer\"><img loading=\"lazy\" decoding=\"async\" class=\"alignnone wp-image-2909\" src=\"http:\/\/dicodusport.fr\/blog\/wp-content\/uploads\/2017\/07\/logo-facebook-150x150.png\" alt=\"\" width=\"40\" height=\"40\" \/><\/a><a href=\"https:\/\/twitter.com\/dicodusport\" target=\"_blank\" rel=\"noopener noreferrer\"><img loading=\"lazy\" decoding=\"async\" class=\"alignnone wp-image-2908\" src=\"http:\/\/dicodusport.fr\/blog\/wp-content\/uploads\/2017\/07\/logo-twitter-150x150.png\" alt=\"\" width=\"39\" height=\"39\" \/><\/a><\/em><\/strong><\/p>\n","protected":false},"excerpt":{"rendered":"<p>\u00c0 l&rsquo;occasion de l&rsquo;entra\u00eenement ouvert au public dimanche, Fabien Galthi\u00e9 n&rsquo;a pas donn\u00e9 une chasuble de titulaire \u00e0 Teddy Thomas. Ce dernier pourrait \u00eatre \u00e9cart\u00e9 face \u00e0 l&rsquo;\u00c9cosse (dimanche 16h).<\/p>\n","protected":false},"author":1,"featured_media":61853,"comment_status":"open","ping_status":"closed","sticky":false,"template":"","format":"standard","meta":{"_acf_changed":false,"_daextam_enable_autolinks":"","footnotes":""},"categories":[47048,19951],"tags":[1332,2548,5522,1638],"class_list":["post-61848","post","type-post","status-publish","format-standard","has-post-thumbnail","hentry","category-tournoi-des-6-nations","category-xv-de-france","tag-ecosse","tag-teddy-thomas","tag-thomas","tag-xv-de-france"],"acf":[],"yoast_head":"<!-- This site is optimized with the Yoast SEO Premium plugin v26.7 (Yoast SEO v26.7) - https:\/\/yoast.com\/wordpress\/plugins\/seo\/ -->\n<title>XV de France : Sans Teddy Thomas face \u00e0 l&#039;\u00c9cosse ?<\/title>\n<meta name=\"description\" content=\"TOURNOI DES 6 NATIONS - \u00c0 l&#039;occasion de l&#039;entra\u00eenement ouvert au public dimanche, Fabien Galthi\u00e9 n&#039;a pas donn\u00e9 une chasuble de titulaire \u00e0 Teddy Thomas. Ce dernier pourrait \u00eatre \u00e9cart\u00e9 face \u00e0 l&#039;\u00c9cosse (dimanche 16h).\" \/>\n<meta name=\"robots\" content=\"index, follow, max-snippet:-1, max-image-preview:large, max-video-preview:-1\" \/>\n<link rel=\"canonical\" href=\"https:\/\/dicodusport.fr\/blog\/xv-de-france-sans-teddy-thomas-face-ecosse\/\" \/>\n<meta property=\"og:locale\" content=\"fr_FR\" \/>\n<meta property=\"og:type\" content=\"article\" \/>\n<meta property=\"og:title\" content=\"XV de France : Sans Teddy Thomas face \u00e0 l&#039;\u00c9cosse ?\" \/>\n<meta property=\"og:description\" content=\"TOURNOI DES 6 NATIONS - \u00c0 l&#039;occasion de l&#039;entra\u00eenement ouvert au public dimanche, Fabien Galthi\u00e9 n&#039;a pas donn\u00e9 une chasuble de titulaire \u00e0 Teddy Thomas. Ce dernier pourrait \u00eatre \u00e9cart\u00e9 face \u00e0 l&#039;\u00c9cosse (dimanche 16h).\" \/>\n<meta property=\"og:url\" content=\"https:\/\/dicodusport.fr\/blog\/xv-de-france-sans-teddy-thomas-face-ecosse\/\" \/>\n<meta property=\"og:site_name\" content=\"Dicodusport\" \/>\n<meta property=\"article:publisher\" content=\"https:\/\/www.facebook.com\/dicodusport\" \/>\n<meta property=\"article:author\" content=\"https:\/\/www.facebook.com\/dicodusport\" \/>\n<meta property=\"article:published_time\" content=\"2020-03-02T07:57:01+00:00\" \/>\n<meta property=\"article:modified_time\" content=\"2021-10-18T14:45:29+00:00\" \/>\n<meta property=\"og:image\" content=\"https:\/\/dicodusport.fr\/blog\/wp-content\/uploads\/2020\/03\/XV-de-France-Sans-Teddy-Thomas-face-\u00e0-l\u00c9cosse-.png\" \/>\n\t<meta property=\"og:image:width\" content=\"800\" \/>\n\t<meta property=\"og:image:height\" content=\"445\" \/>\n\t<meta property=\"og:image:type\" content=\"image\/png\" \/>\n<meta name=\"author\" content=\"Nicolas Jacquemard\" \/>\n<meta name=\"twitter:card\" content=\"summary_large_image\" \/>\n<meta name=\"twitter:title\" content=\"XV de France : Sans Teddy Thomas face \u00e0 l&#039;\u00c9cosse ?\" \/>\n<meta name=\"twitter:creator\" content=\"@https:\/\/twitter.com\/Nico_Jacquemard\" \/>\n<meta name=\"twitter:site\" content=\"@dicodusport\" \/>\n<script type=\"application\/ld+json\" class=\"yoast-schema-graph\">{\"@context\":\"https:\/\/schema.org\",\"@graph\":[{\"@type\":\"NewsArticle\",\"@id\":\"https:\/\/dicodusport.fr\/blog\/xv-de-france-sans-teddy-thomas-face-ecosse\/#article\",\"isPartOf\":{\"@id\":\"https:\/\/dicodusport.fr\/blog\/xv-de-france-sans-teddy-thomas-face-ecosse\/\"},\"author\":{\"name\":\"Nicolas Jacquemard\",\"@id\":\"https:\/\/dicodusport.fr\/blog\/#\/schema\/person\/55dcb50ad410894e431ed812bbb70191\"},\"headline\":\"XV de France : Sans Teddy Thomas face \u00e0 l&rsquo;\u00c9cosse ?\",\"datePublished\":\"2020-03-02T07:57:01+00:00\",\"dateModified\":\"2021-10-18T14:45:29+00:00\",\"mainEntityOfPage\":{\"@id\":\"https:\/\/dicodusport.fr\/blog\/xv-de-france-sans-teddy-thomas-face-ecosse\/\"},\"wordCount\":162,\"commentCount\":0,\"publisher\":{\"@id\":\"https:\/\/dicodusport.fr\/blog\/#organization\"},\"image\":{\"@id\":\"https:\/\/dicodusport.fr\/blog\/xv-de-france-sans-teddy-thomas-face-ecosse\/#primaryimage\"},\"thumbnailUrl\":\"https:\/\/dicodusport.fr\/blog\/wp-content\/uploads\/2020\/03\/XV-de-France-Sans-Teddy-Thomas-face-\u00e0-l\u00c9cosse-.png\",\"keywords\":[\"Ecosse\",\"Teddy Thomas\",\"Thomas\",\"XV de France\"],\"articleSection\":[\"Tournoi des 6 Nations\",\"XV de France\"],\"inLanguage\":\"fr-FR\",\"potentialAction\":[{\"@type\":\"CommentAction\",\"name\":\"Comment\",\"target\":[\"https:\/\/dicodusport.fr\/blog\/xv-de-france-sans-teddy-thomas-face-ecosse\/#respond\"]}],\"copyrightYear\":\"2020\",\"copyrightHolder\":{\"@id\":\"https:\/\/dicodusport.fr\/blog\/#organization\"}},{\"@type\":\"WebPage\",\"@id\":\"https:\/\/dicodusport.fr\/blog\/xv-de-france-sans-teddy-thomas-face-ecosse\/\",\"url\":\"https:\/\/dicodusport.fr\/blog\/xv-de-france-sans-teddy-thomas-face-ecosse\/\",\"name\":\"XV de France : Sans Teddy Thomas face \u00e0 l'\u00c9cosse ?\",\"isPartOf\":{\"@id\":\"https:\/\/dicodusport.fr\/blog\/#website\"},\"primaryImageOfPage\":{\"@id\":\"https:\/\/dicodusport.fr\/blog\/xv-de-france-sans-teddy-thomas-face-ecosse\/#primaryimage\"},\"image\":{\"@id\":\"https:\/\/dicodusport.fr\/blog\/xv-de-france-sans-teddy-thomas-face-ecosse\/#primaryimage\"},\"thumbnailUrl\":\"https:\/\/dicodusport.fr\/blog\/wp-content\/uploads\/2020\/03\/XV-de-France-Sans-Teddy-Thomas-face-\u00e0-l\u00c9cosse-.png\",\"datePublished\":\"2020-03-02T07:57:01+00:00\",\"dateModified\":\"2021-10-18T14:45:29+00:00\",\"description\":\"TOURNOI DES 6 NATIONS - \u00c0 l'occasion de l'entra\u00eenement ouvert au public dimanche, Fabien Galthi\u00e9 n'a pas donn\u00e9 une chasuble de titulaire \u00e0 Teddy Thomas. Ce dernier pourrait \u00eatre \u00e9cart\u00e9 face \u00e0 l'\u00c9cosse (dimanche 16h).\",\"breadcrumb\":{\"@id\":\"https:\/\/dicodusport.fr\/blog\/xv-de-france-sans-teddy-thomas-face-ecosse\/#breadcrumb\"},\"inLanguage\":\"fr-FR\",\"potentialAction\":[{\"@type\":\"ReadAction\",\"target\":[\"https:\/\/dicodusport.fr\/blog\/xv-de-france-sans-teddy-thomas-face-ecosse\/\"]}]},{\"@type\":\"ImageObject\",\"inLanguage\":\"fr-FR\",\"@id\":\"https:\/\/dicodusport.fr\/blog\/xv-de-france-sans-teddy-thomas-face-ecosse\/#primaryimage\",\"url\":\"https:\/\/dicodusport.fr\/blog\/wp-content\/uploads\/2020\/03\/XV-de-France-Sans-Teddy-Thomas-face-\u00e0-l\u00c9cosse-.png\",\"contentUrl\":\"https:\/\/dicodusport.fr\/blog\/wp-content\/uploads\/2020\/03\/XV-de-France-Sans-Teddy-Thomas-face-\u00e0-l\u00c9cosse-.png\",\"width\":800,\"height\":445,\"caption\":\"XV de France : Sans Teddy Thomas face \u00e0 l'\u00c9cosse ?\"},{\"@type\":\"BreadcrumbList\",\"@id\":\"https:\/\/dicodusport.fr\/blog\/xv-de-france-sans-teddy-thomas-face-ecosse\/#breadcrumb\",\"itemListElement\":[{\"@type\":\"ListItem\",\"position\":1,\"name\":\"Accueil\",\"item\":\"https:\/\/dicodusport.fr\/blog\/\"},{\"@type\":\"ListItem\",\"position\":2,\"name\":\"XV de France : Sans Teddy Thomas face \u00e0 l&rsquo;\u00c9cosse ?\"}]},{\"@type\":\"WebSite\",\"@id\":\"https:\/\/dicodusport.fr\/blog\/#website\",\"url\":\"https:\/\/dicodusport.fr\/blog\/\",\"name\":\"Dicodusport\",\"description\":\"L&#039;encyclop\u00e9die de l&#039;actualit\u00e9 sportive\",\"publisher\":{\"@id\":\"https:\/\/dicodusport.fr\/blog\/#organization\"},\"potentialAction\":[{\"@type\":\"SearchAction\",\"target\":{\"@type\":\"EntryPoint\",\"urlTemplate\":\"https:\/\/dicodusport.fr\/blog\/?s={search_term_string}\"},\"query-input\":{\"@type\":\"PropertyValueSpecification\",\"valueRequired\":true,\"valueName\":\"search_term_string\"}}],\"inLanguage\":\"fr-FR\"},{\"@type\":\"NewsMediaOrganization\",\"@id\":\"https:\/\/dicodusport.fr\/blog\/#organization\",\"name\":\"Dicodusport\",\"url\":\"https:\/\/dicodusport.fr\/blog\/\",\"logo\":{\"@type\":\"ImageObject\",\"inLanguage\":\"fr-FR\",\"@id\":\"https:\/\/dicodusport.fr\/blog\/#\/schema\/logo\/image\/\",\"url\":\"https:\/\/dicodusport.fr\/blog\/wp-content\/uploads\/2020\/06\/cropped-LOGO-DICODUSPORT-2020-SANS-FOND-SANS-TEXTE.png\",\"contentUrl\":\"https:\/\/dicodusport.fr\/blog\/wp-content\/uploads\/2020\/06\/cropped-LOGO-DICODUSPORT-2020-SANS-FOND-SANS-TEXTE.png\",\"width\":512,\"height\":512,\"caption\":\"Dicodusport\"},\"image\":{\"@id\":\"https:\/\/dicodusport.fr\/blog\/#\/schema\/logo\/image\/\"},\"sameAs\":[\"https:\/\/www.facebook.com\/dicodusport\",\"https:\/\/x.com\/dicodusport\",\"https:\/\/www.instagram.com\/dicodusport\/\",\"https:\/\/www.youtube.com\/channel\/UC7V2KZ5sd3htJivAbA4ZG3w\"],\"description\":\"Dicodusport est l'encyclop\u00e9die de l'actualit\u00e9 sportive.\",\"email\":\"bonjour@dicodusport.fr\",\"legalName\":\"DICODUSPORT\",\"foundingDate\":\"2018-01-14\",\"vatID\":\"FR71834470973\",\"taxID\":\"83447097300043\",\"numberOfEmployees\":{\"@type\":\"QuantitativeValue\",\"minValue\":\"1\",\"maxValue\":\"10\"}},{\"@type\":\"Person\",\"@id\":\"https:\/\/dicodusport.fr\/blog\/#\/schema\/person\/55dcb50ad410894e431ed812bbb70191\",\"name\":\"Nicolas Jacquemard\",\"image\":{\"@type\":\"ImageObject\",\"inLanguage\":\"fr-FR\",\"@id\":\"https:\/\/dicodusport.fr\/blog\/#\/schema\/person\/image\/\",\"url\":\"https:\/\/dicodusport.fr\/blog\/wp-content\/uploads\/2021\/05\/Nicolas-Jacquemard-150x150.jpeg\",\"contentUrl\":\"https:\/\/dicodusport.fr\/blog\/wp-content\/uploads\/2021\/05\/Nicolas-Jacquemard-150x150.jpeg\",\"caption\":\"Nicolas Jacquemard\"},\"description\":\"Passionn\u00e9 de sport et entrepreneur depuis mes 18 ans, la cr\u00e9ation de Dicodusport m'a sembl\u00e9 \u00e9vidente pour participer \u00e0 la m\u00e9diatisation d'un plus grand nombre de sports. Le chemin est long mais avec une \u00e9quipe des plus motiv\u00e9es et les Jeux Olympiques de Paris 2024 en point de mire, nous y arriverons ! Journaliste dans le monde du sport depuis plus de 5 ans, je traite aussi bien de football, de rugby, de biathlon que de cyclisme.\",\"sameAs\":[\"https:\/\/www.facebook.com\/dicodusport\",\"https:\/\/x.com\/https:\/\/twitter.com\/Nico_Jacquemard\"],\"url\":\"https:\/\/dicodusport.fr\/blog\/author\/dicodusport\/\"}]}<\/script>\n<!-- \/ Yoast SEO Premium plugin. -->","yoast_head_json":{"title":"XV de France : Sans Teddy Thomas face \u00e0 l'\u00c9cosse ?","description":"TOURNOI DES 6 NATIONS - \u00c0 l'occasion de l'entra\u00eenement ouvert au public dimanche, Fabien Galthi\u00e9 n'a pas donn\u00e9 une chasuble de titulaire \u00e0 Teddy Thomas. Ce dernier pourrait \u00eatre \u00e9cart\u00e9 face \u00e0 l'\u00c9cosse (dimanche 16h).","robots":{"index":"index","follow":"follow","max-snippet":"max-snippet:-1","max-image-preview":"max-image-preview:large","max-video-preview":"max-video-preview:-1"},"canonical":"https:\/\/dicodusport.fr\/blog\/xv-de-france-sans-teddy-thomas-face-ecosse\/","og_locale":"fr_FR","og_type":"article","og_title":"XV de France : Sans Teddy Thomas face \u00e0 l'\u00c9cosse ?","og_description":"TOURNOI DES 6 NATIONS - \u00c0 l'occasion de l'entra\u00eenement ouvert au public dimanche, Fabien Galthi\u00e9 n'a pas donn\u00e9 une chasuble de titulaire \u00e0 Teddy Thomas. Ce dernier pourrait \u00eatre \u00e9cart\u00e9 face \u00e0 l'\u00c9cosse (dimanche 16h).","og_url":"https:\/\/dicodusport.fr\/blog\/xv-de-france-sans-teddy-thomas-face-ecosse\/","og_site_name":"Dicodusport","article_publisher":"https:\/\/www.facebook.com\/dicodusport","article_author":"https:\/\/www.facebook.com\/dicodusport","article_published_time":"2020-03-02T07:57:01+00:00","article_modified_time":"2021-10-18T14:45:29+00:00","og_image":[{"width":800,"height":445,"url":"https:\/\/dicodusport.fr\/blog\/wp-content\/uploads\/2020\/03\/XV-de-France-Sans-Teddy-Thomas-face-\u00e0-l\u00c9cosse-.png","type":"image\/png"}],"author":"Nicolas Jacquemard","twitter_card":"summary_large_image","twitter_title":"XV de France : Sans Teddy Thomas face \u00e0 l'\u00c9cosse ?","twitter_creator":"@https:\/\/twitter.com\/Nico_Jacquemard","twitter_site":"@dicodusport","schema":{"@context":"https:\/\/schema.org","@graph":[{"@type":"NewsArticle","@id":"https:\/\/dicodusport.fr\/blog\/xv-de-france-sans-teddy-thomas-face-ecosse\/#article","isPartOf":{"@id":"https:\/\/dicodusport.fr\/blog\/xv-de-france-sans-teddy-thomas-face-ecosse\/"},"author":{"name":"Nicolas Jacquemard","@id":"https:\/\/dicodusport.fr\/blog\/#\/schema\/person\/55dcb50ad410894e431ed812bbb70191"},"headline":"XV de France : Sans Teddy Thomas face \u00e0 l&rsquo;\u00c9cosse ?","datePublished":"2020-03-02T07:57:01+00:00","dateModified":"2021-10-18T14:45:29+00:00","mainEntityOfPage":{"@id":"https:\/\/dicodusport.fr\/blog\/xv-de-france-sans-teddy-thomas-face-ecosse\/"},"wordCount":162,"commentCount":0,"publisher":{"@id":"https:\/\/dicodusport.fr\/blog\/#organization"},"image":{"@id":"https:\/\/dicodusport.fr\/blog\/xv-de-france-sans-teddy-thomas-face-ecosse\/#primaryimage"},"thumbnailUrl":"https:\/\/dicodusport.fr\/blog\/wp-content\/uploads\/2020\/03\/XV-de-France-Sans-Teddy-Thomas-face-\u00e0-l\u00c9cosse-.png","keywords":["Ecosse","Teddy Thomas","Thomas","XV de France"],"articleSection":["Tournoi des 6 Nations","XV de France"],"inLanguage":"fr-FR","potentialAction":[{"@type":"CommentAction","name":"Comment","target":["https:\/\/dicodusport.fr\/blog\/xv-de-france-sans-teddy-thomas-face-ecosse\/#respond"]}],"copyrightYear":"2020","copyrightHolder":{"@id":"https:\/\/dicodusport.fr\/blog\/#organization"}},{"@type":"WebPage","@id":"https:\/\/dicodusport.fr\/blog\/xv-de-france-sans-teddy-thomas-face-ecosse\/","url":"https:\/\/dicodusport.fr\/blog\/xv-de-france-sans-teddy-thomas-face-ecosse\/","name":"XV de France : Sans Teddy Thomas face \u00e0 l'\u00c9cosse ?","isPartOf":{"@id":"https:\/\/dicodusport.fr\/blog\/#website"},"primaryImageOfPage":{"@id":"https:\/\/dicodusport.fr\/blog\/xv-de-france-sans-teddy-thomas-face-ecosse\/#primaryimage"},"image":{"@id":"https:\/\/dicodusport.fr\/blog\/xv-de-france-sans-teddy-thomas-face-ecosse\/#primaryimage"},"thumbnailUrl":"https:\/\/dicodusport.fr\/blog\/wp-content\/uploads\/2020\/03\/XV-de-France-Sans-Teddy-Thomas-face-\u00e0-l\u00c9cosse-.png","datePublished":"2020-03-02T07:57:01+00:00","dateModified":"2021-10-18T14:45:29+00:00","description":"TOURNOI DES 6 NATIONS - \u00c0 l'occasion de l'entra\u00eenement ouvert au public dimanche, Fabien Galthi\u00e9 n'a pas donn\u00e9 une chasuble de titulaire \u00e0 Teddy Thomas. Ce dernier pourrait \u00eatre \u00e9cart\u00e9 face \u00e0 l'\u00c9cosse (dimanche 16h).","breadcrumb":{"@id":"https:\/\/dicodusport.fr\/blog\/xv-de-france-sans-teddy-thomas-face-ecosse\/#breadcrumb"},"inLanguage":"fr-FR","potentialAction":[{"@type":"ReadAction","target":["https:\/\/dicodusport.fr\/blog\/xv-de-france-sans-teddy-thomas-face-ecosse\/"]}]},{"@type":"ImageObject","inLanguage":"fr-FR","@id":"https:\/\/dicodusport.fr\/blog\/xv-de-france-sans-teddy-thomas-face-ecosse\/#primaryimage","url":"https:\/\/dicodusport.fr\/blog\/wp-content\/uploads\/2020\/03\/XV-de-France-Sans-Teddy-Thomas-face-\u00e0-l\u00c9cosse-.png","contentUrl":"https:\/\/dicodusport.fr\/blog\/wp-content\/uploads\/2020\/03\/XV-de-France-Sans-Teddy-Thomas-face-\u00e0-l\u00c9cosse-.png","width":800,"height":445,"caption":"XV de France : Sans Teddy Thomas face \u00e0 l'\u00c9cosse ?"},{"@type":"BreadcrumbList","@id":"https:\/\/dicodusport.fr\/blog\/xv-de-france-sans-teddy-thomas-face-ecosse\/#breadcrumb","itemListElement":[{"@type":"ListItem","position":1,"name":"Accueil","item":"https:\/\/dicodusport.fr\/blog\/"},{"@type":"ListItem","position":2,"name":"XV de France : Sans Teddy Thomas face \u00e0 l&rsquo;\u00c9cosse ?"}]},{"@type":"WebSite","@id":"https:\/\/dicodusport.fr\/blog\/#website","url":"https:\/\/dicodusport.fr\/blog\/","name":"Dicodusport","description":"L&#039;encyclop\u00e9die de l&#039;actualit\u00e9 sportive","publisher":{"@id":"https:\/\/dicodusport.fr\/blog\/#organization"},"potentialAction":[{"@type":"SearchAction","target":{"@type":"EntryPoint","urlTemplate":"https:\/\/dicodusport.fr\/blog\/?s={search_term_string}"},"query-input":{"@type":"PropertyValueSpecification","valueRequired":true,"valueName":"search_term_string"}}],"inLanguage":"fr-FR"},{"@type":"NewsMediaOrganization","@id":"https:\/\/dicodusport.fr\/blog\/#organization","name":"Dicodusport","url":"https:\/\/dicodusport.fr\/blog\/","logo":{"@type":"ImageObject","inLanguage":"fr-FR","@id":"https:\/\/dicodusport.fr\/blog\/#\/schema\/logo\/image\/","url":"https:\/\/dicodusport.fr\/blog\/wp-content\/uploads\/2020\/06\/cropped-LOGO-DICODUSPORT-2020-SANS-FOND-SANS-TEXTE.png","contentUrl":"https:\/\/dicodusport.fr\/blog\/wp-content\/uploads\/2020\/06\/cropped-LOGO-DICODUSPORT-2020-SANS-FOND-SANS-TEXTE.png","width":512,"height":512,"caption":"Dicodusport"},"image":{"@id":"https:\/\/dicodusport.fr\/blog\/#\/schema\/logo\/image\/"},"sameAs":["https:\/\/www.facebook.com\/dicodusport","https:\/\/x.com\/dicodusport","https:\/\/www.instagram.com\/dicodusport\/","https:\/\/www.youtube.com\/channel\/UC7V2KZ5sd3htJivAbA4ZG3w"],"description":"Dicodusport est l'encyclop\u00e9die de l'actualit\u00e9 sportive.","email":"bonjour@dicodusport.fr","legalName":"DICODUSPORT","foundingDate":"2018-01-14","vatID":"FR71834470973","taxID":"83447097300043","numberOfEmployees":{"@type":"QuantitativeValue","minValue":"1","maxValue":"10"}},{"@type":"Person","@id":"https:\/\/dicodusport.fr\/blog\/#\/schema\/person\/55dcb50ad410894e431ed812bbb70191","name":"Nicolas Jacquemard","image":{"@type":"ImageObject","inLanguage":"fr-FR","@id":"https:\/\/dicodusport.fr\/blog\/#\/schema\/person\/image\/","url":"https:\/\/dicodusport.fr\/blog\/wp-content\/uploads\/2021\/05\/Nicolas-Jacquemard-150x150.jpeg","contentUrl":"https:\/\/dicodusport.fr\/blog\/wp-content\/uploads\/2021\/05\/Nicolas-Jacquemard-150x150.jpeg","caption":"Nicolas Jacquemard"},"description":"Passionn\u00e9 de sport et entrepreneur depuis mes 18 ans, la cr\u00e9ation de Dicodusport m'a sembl\u00e9 \u00e9vidente pour participer \u00e0 la m\u00e9diatisation d'un plus grand nombre de sports. Le chemin est long mais avec une \u00e9quipe des plus motiv\u00e9es et les Jeux Olympiques de Paris 2024 en point de mire, nous y arriverons ! Journaliste dans le monde du sport depuis plus de 5 ans, je traite aussi bien de football, de rugby, de biathlon que de cyclisme.","sameAs":["https:\/\/www.facebook.com\/dicodusport","https:\/\/x.com\/https:\/\/twitter.com\/Nico_Jacquemard"],"url":"https:\/\/dicodusport.fr\/blog\/author\/dicodusport\/"}]}},"_links":{"self":[{"href":"https:\/\/dicodusport.fr\/blog\/wp-json\/wp\/v2\/posts\/61848","targetHints":{"allow":["GET"]}}],"collection":[{"href":"https:\/\/dicodusport.fr\/blog\/wp-json\/wp\/v2\/posts"}],"about":[{"href":"https:\/\/dicodusport.fr\/blog\/wp-json\/wp\/v2\/types\/post"}],"author":[{"embeddable":true,"href":"https:\/\/dicodusport.fr\/blog\/wp-json\/wp\/v2\/users\/1"}],"replies":[{"embeddable":true,"href":"https:\/\/dicodusport.fr\/blog\/wp-json\/wp\/v2\/comments?post=61848"}],"version-history":[{"count":0,"href":"https:\/\/dicodusport.fr\/blog\/wp-json\/wp\/v2\/posts\/61848\/revisions"}],"wp:featuredmedia":[{"embeddable":true,"href":"https:\/\/dicodusport.fr\/blog\/wp-json\/wp\/v2\/media\/61853"}],"wp:attachment":[{"href":"https:\/\/dicodusport.fr\/blog\/wp-json\/wp\/v2\/media?parent=61848"}],"wp:term":[{"taxonomy":"category","embeddable":true,"href":"https:\/\/dicodusport.fr\/blog\/wp-json\/wp\/v2\/categories?post=61848"},{"taxonomy":"post_tag","embeddable":true,"href":"https:\/\/dicodusport.fr\/blog\/wp-json\/wp\/v2\/tags?post=61848"}],"curies":[{"name":"wp","href":"https:\/\/api.w.org\/{rel}","templated":true}]}}