{"id":618923,"date":"2025-10-17T10:59:28","date_gmt":"2025-10-17T08:59:28","guid":{"rendered":"https:\/\/dicodusport.fr\/blog\/?p=618923&#038;preview=true&#038;preview_id=618923"},"modified":"2025-10-17T10:59:09","modified_gmt":"2025-10-17T08:59:09","slug":"psg-strasbourg-chaine-tv-compositions-heure-et-cotes-ligue-1-2025-2026","status":"publish","type":"post","link":"https:\/\/dicodusport.fr\/blog\/psg-strasbourg-chaine-tv-compositions-heure-et-cotes-ligue-1-2025-2026\/","title":{"rendered":"PSG-Strasbourg : Compositions, Cha\u00eene TV, Heure et Cotes"},"content":{"rendered":"<p style=\"text-align: justify;\"><strong><em>LIGUE 1 2025-2026 &#8211; <\/em><em>\u00c0 quelle heure et sur quelle cha\u00eene TV suivre le match de Ligue 1 entre le Paris Saint-Germain et le RC Strasbourg ? Retrouvez \u00e9galement les compositions des deux \u00e9quipes<\/em><em>.<\/em><\/strong><\/p>\n<p style=\"text-align: justify;\">La rencontre entre le <a href=\"https:\/\/dicodusport.fr\/blog\/mercato-psg-2025-2026-le-tableau-complet-des-transferts-arrivees-et-departs\/\"><strong>Paris Saint-Germain<\/strong><\/a> et le <a href=\"https:\/\/dicodusport.fr\/blog\/mercato-strasbourg-2025-2026-le-tableau-complet-des-transferts-arrivees-et-departs\/\"><strong>RC Strasbourg<\/strong><\/a>, comptant pour la huiti\u00e8me journ\u00e9e de Ligue 1 2025\/2026, aura lieu vendredi 17 octobre 2025 \u00e0 20h45, au Parc des Princes, \u00e0 Paris.<\/p>\n<ul style=\"text-align: justify;\">\n<li style=\"text-align: justify;\"><strong>\u00c0 ce sujet &#8211; <a href=\"https:\/\/dicodusport.fr\/blog\/classement-ligue-1-2025-2026\/\">Classement Ligue 1 2025-2026<\/a><\/strong><\/li>\n<\/ul>\n<h2 style=\"text-align: justify;\">Choc au sommet<\/h2>\n<p style=\"text-align: justify;\">Le <strong>Paris Saint-Germain<\/strong> va entamer une p\u00e9riode intense qui le verra jouer deux fois par semaine d&rsquo;ici la prochaine tr\u00eave internationale en novembre. Avant de recevoir le Bayer Leverkusen mardi en Ligue des champions, il faut reprendre la Ligue 1, alors que les Parisiens restent sur un nul \u00e0 Lille lors de leur dernier match. Toujours en t\u00eate, mais avec un seul point d&rsquo;avance sur la concurrence aiguis\u00e9e, le PSG voudra mettre la pression ce vendredi soir.<\/p>\n<p style=\"text-align: justify;\">Le <strong>RC Strasbourg<\/strong> est dans la m\u00eame situation que son h\u00f4te du soir, puisque engag\u00e9 en Ligue Conf\u00e9rence. Jeudi prochain, les Alsaciens recevront les Polonais de Jagiellonia, mais avant, ils doivent n\u00e9gocier ce d\u00e9placement au Parc des Princes. Toutefois, c&rsquo;est en temps que troisi\u00e8me de Ligue 1 que le RCSA entamera ce match d&rsquo;ouverture de la huiti\u00e8me journ\u00e9e, et s&rsquo;ils venaient \u00e0 s&rsquo;imposer, les Strasbourgeois seraient provisoirement en t\u00eate ! De quoi arriver avec des ambitions.<\/p>\n<p style=\"text-align: justify;\">La saison derni\u00e8re, le PSG s&rsquo;\u00e9tait impos\u00e9 <strong>4-2<\/strong> au Parc, d\u00e9j\u00e0 lors de la 8\u00e8me journ\u00e9e de championnat. Mais Strasbourg avait eu sa revanche <strong>2-1<\/strong> au retour, alors que les joueurs de la capitale avaient d\u00e9j\u00e0 assur\u00e9 le titre. Chez les bookmakers, les Parisiens sont largement favoris de cette rencontre.<\/p>\n<h2 style=\"text-align: justify;\">Ligue 1 : Le programme TV de PSG &#8211; Strasbourg<\/h2>\n<h3 style=\"text-align: justify;\">Vendredi 17 octobre 2025<\/h3>\n<p style=\"text-align: justify;\"><b>Match diffus\u00e9 sur Ligue 1 +<\/b><b>\u00a0: <\/b>D\u00e9but du match \u00e0<strong> 20h45.<\/strong><\/p>\n<h2 style=\"text-align: justify;\">Les compositions probables de PSG &#8211; Strasbourg<\/h2>\n<h3 style=\"text-align: justify;\">La composition de PSG<\/h3>\n<p style=\"text-align: justify;\">Chevalier &#8211; Hakimi, Zabarnyi, Pacho, Hernandez &#8211; Za\u00efre-Emery, Vitinha, Ndjantou &#8211; Barcola, Ramos, Mbaye<\/p>\n<h3 style=\"text-align: justify;\">La composition de Strasbourg<\/h3>\n<p style=\"text-align: justify;\">Penders &#8211; G.Dou\u00e9, H\u00f6gsberg, Douour\u00e9, Chilwell &#8211; El-Mourabet, Barko &#8211; Ouattara, Enciso, <span class=\"css-1jxf684 r-bcqeeo r-1ttztb7 r-qvutc0 r-poiln3\">Moreira &#8211; Panichelli\u00a0<\/span><\/p>\n<h2 style=\"text-align: justify;\">Les cotes de PSG &#8211; Strasbourg<\/h2>\n<table style=\"width: 840px;\">\n<tbody>\n<tr style=\"height: 16px;\">\n<td style=\"background-color: #404040; border-color: #ededed; width: 840px; text-align: left;\" colspan=\"3\"><strong><span style=\"font-size: 12px; color: #ffffff;\"><img loading=\"lazy\" decoding=\"async\" class=\"alignnone wp-image-512842\" src=\"https:\/\/dicodusport.fr\/blog\/wp-content\/uploads\/2024\/08\/Logo-Winamax.png\" alt=\"\" width=\"14\" height=\"13\" srcset=\"https:\/\/dicodusport.fr\/blog\/wp-content\/uploads\/2024\/08\/Logo-Winamax.png 290w, https:\/\/dicodusport.fr\/blog\/wp-content\/uploads\/2024\/08\/Logo-Winamax-150x150.png 150w, https:\/\/dicodusport.fr\/blog\/wp-content\/uploads\/2024\/08\/Logo-Winamax-80x80.png 80w\" sizes=\"auto, (max-width: 14px) 100vw, 14px\" \/> Vendredi 17 octobre 20h45<\/span><\/strong><\/td>\n<\/tr>\n<tr style=\"height: 24px;\">\n<td style=\"background-color: #ffffff; border-color: #ededed; vertical-align: middle; text-align: center; width: 266px;\"><span style=\"font-size: 10px;\"><span style=\"font-size: 14px;\"><strong>PSG<br \/>\n<\/strong><\/span><\/span><span style=\"font-size: 10px;\"><a href=\"https:\/\/www.winamax.fr\/paris-sportifs\/match\/61526104?banid=33423\" class=\"su-button su-button-style-flat su-button-wide\" style=\"color:#fff;background-color:#0860ff;border-color:#074dcc;border-radius:5px\" target=\"_blank\" rel=\"noopener noreferrer\"><span style=\"color:#fff;padding:0px 20px;font-size:16px;line-height:32px;border-color:#5390ff;border-radius:5px;text-shadow:none\"> 1.24<\/span><\/a><\/span><\/td>\n<td style=\"background-color: #ffffff; border-color: #ededed; vertical-align: middle; text-align: center; width: 266px;\"><span style=\"font-size: 10px;\"><span style=\"font-size: 14px;\"><strong>Match nul<\/strong><\/span><br \/>\n<a href=\"https:\/\/www.winamax.fr\/paris-sportifs\/match\/61526104?banid=33423\" class=\"su-button su-button-style-flat su-button-wide\" style=\"color:#fff;background-color:#0860ff;border-color:#074dcc;border-radius:5px\" target=\"_blank\" rel=\"noopener noreferrer\"><span style=\"color:#fff;padding:0px 20px;font-size:16px;line-height:32px;border-color:#5390ff;border-radius:5px;text-shadow:none\"> 5.90<\/span><\/a><\/span><\/td>\n<td style=\"background-color: #ffffff; border-color: #ededed; vertical-align: middle; text-align: center; width: 266px;\"><span style=\"font-size: 10px;\"><span style=\"font-size: 14px;\"><strong>Strasbourg<\/strong><\/span><br \/>\n<a href=\"https:\/\/www.winamax.fr\/paris-sportifs\/match\/61526104?banid=33423\" class=\"su-button su-button-style-flat su-button-wide\" style=\"color:#fff;background-color:#0860ff;border-color:#074dcc;border-radius:5px\" target=\"_blank\" rel=\"noopener noreferrer\"><span style=\"color:#fff;padding:0px 20px;font-size:16px;line-height:32px;border-color:#5390ff;border-radius:5px;text-shadow:none\"> 8.50<\/span><\/a><\/span><\/td>\n<\/tr>\n<\/tbody>\n<\/table>\n<p style=\"text-align: justify;\">Tentez votre chance en profitant de votre <a href=\"https:\/\/www.winamax.fr\/registration\/landing\/affiliation_Bonus100?banid=33423\">1er d\u00e9p\u00f4t doubl\u00e9 jusqu&rsquo;\u00e0 100 \u20ac<\/a> direct en paris gratuits sur Winamax !<\/p>\n","protected":false},"excerpt":{"rendered":"<p>LIGUE 1 2025-2026 &#8211; \u00c0 quelle heure et sur quelle cha\u00eene TV suivre le match de Ligue 1 entre le Paris Saint-Germain et le RC Strasbourg ? Retrouvez \u00e9galement les compositions des deux \u00e9quipes.<\/p>\n","protected":false},"author":59,"featured_media":618924,"comment_status":"open","ping_status":"closed","sticky":false,"template":"","format":"standard","meta":{"_acf_changed":false,"_daextam_enable_autolinks":"1","footnotes":""},"categories":[44295,47045],"tags":[16878,75,1554,1230,8799,7550],"class_list":["post-618923","post","type-post","status-publish","format-standard","has-post-thumbnail","hentry","category-chaine-tv","category-ligue-1","tag-breve","tag-football","tag-ligue-1","tag-paris-saint-germain","tag-programme-tv","tag-rc-strasbourg-alsace"],"acf":[],"yoast_head":"<!-- This site is optimized with the Yoast SEO Premium plugin v26.7 (Yoast SEO v26.7) - https:\/\/yoast.com\/wordpress\/plugins\/seo\/ -->\n<title>PSG-Strasbourg : Compositions, Cha\u00eene TV, Heure et Cotes<\/title>\n<meta name=\"description\" content=\"LIGUE 1 2025-2026 - \u00c0 quelle heure et sur quelle cha\u00eene TV suivre le match de Ligue 1 entre le Paris Saint-Germain et le RC Strasbourg ? Retrouvez \u00e9galement les compositions des deux \u00e9quipes.\" \/>\n<meta name=\"robots\" content=\"index, follow, max-snippet:-1, max-image-preview:large, max-video-preview:-1\" \/>\n<link rel=\"canonical\" href=\"https:\/\/dicodusport.fr\/blog\/psg-strasbourg-chaine-tv-compositions-heure-et-cotes-ligue-1-2025-2026\/\" \/>\n<meta property=\"og:locale\" content=\"fr_FR\" \/>\n<meta property=\"og:type\" content=\"article\" \/>\n<meta property=\"og:title\" content=\"PSG-Strasbourg : Compositions, Cha\u00eene TV, Heure et Cotes\" \/>\n<meta property=\"og:description\" content=\"LIGUE 1 2025-2026 - \u00c0 quelle heure et sur quelle cha\u00eene TV suivre le match de Ligue 1 entre le Paris Saint-Germain et le RC Strasbourg ? Retrouvez \u00e9galement les compositions des deux \u00e9quipes.\" \/>\n<meta property=\"og:url\" content=\"https:\/\/dicodusport.fr\/blog\/psg-strasbourg-chaine-tv-compositions-heure-et-cotes-ligue-1-2025-2026\/\" \/>\n<meta property=\"og:site_name\" content=\"Dicodusport\" \/>\n<meta property=\"article:publisher\" content=\"https:\/\/www.facebook.com\/dicodusport\" \/>\n<meta property=\"article:author\" content=\"https:\/\/www.facebook.com\/sebastien.gente\/\" \/>\n<meta property=\"article:published_time\" content=\"2025-10-17T08:59:28+00:00\" \/>\n<meta property=\"og:image\" content=\"https:\/\/dicodusport.fr\/blog\/wp-content\/uploads\/2025\/10\/PSG-Strasbourg-Chaine-TV-Compositions-Heure-et-Cotes.png\" \/>\n\t<meta property=\"og:image:width\" content=\"1200\" \/>\n\t<meta property=\"og:image:height\" content=\"674\" \/>\n\t<meta property=\"og:image:type\" content=\"image\/png\" \/>\n<meta name=\"author\" content=\"S\u00e9bastien Gente\" \/>\n<meta name=\"twitter:card\" content=\"summary_large_image\" \/>\n<meta name=\"twitter:title\" content=\"PSG-Strasbourg : Compositions, Cha\u00eene TV, Heure et Cotes\" \/>\n<meta name=\"twitter:creator\" content=\"@https:\/\/twitter.com\/globulo24\" \/>\n<meta name=\"twitter:site\" content=\"@dicodusport\" \/>\n<script type=\"application\/ld+json\" class=\"yoast-schema-graph\">{\"@context\":\"https:\/\/schema.org\",\"@graph\":[{\"@type\":\"NewsArticle\",\"@id\":\"https:\/\/dicodusport.fr\/blog\/psg-strasbourg-chaine-tv-compositions-heure-et-cotes-ligue-1-2025-2026\/#article\",\"isPartOf\":{\"@id\":\"https:\/\/dicodusport.fr\/blog\/psg-strasbourg-chaine-tv-compositions-heure-et-cotes-ligue-1-2025-2026\/\"},\"author\":{\"name\":\"S\u00e9bastien Gente\",\"@id\":\"https:\/\/dicodusport.fr\/blog\/#\/schema\/person\/627966a6cde45dbd8c5e36ac85d783da\"},\"headline\":\"PSG-Strasbourg : Compositions, Cha\u00eene TV, Heure et Cotes\",\"datePublished\":\"2025-10-17T08:59:28+00:00\",\"mainEntityOfPage\":{\"@id\":\"https:\/\/dicodusport.fr\/blog\/psg-strasbourg-chaine-tv-compositions-heure-et-cotes-ligue-1-2025-2026\/\"},\"wordCount\":469,\"commentCount\":0,\"publisher\":{\"@id\":\"https:\/\/dicodusport.fr\/blog\/#organization\"},\"image\":{\"@id\":\"https:\/\/dicodusport.fr\/blog\/psg-strasbourg-chaine-tv-compositions-heure-et-cotes-ligue-1-2025-2026\/#primaryimage\"},\"thumbnailUrl\":\"https:\/\/dicodusport.fr\/blog\/wp-content\/uploads\/2025\/10\/PSG-Strasbourg-Chaine-TV-Compositions-Heure-et-Cotes.png\",\"keywords\":[\"br\u00e8ve\",\"Football\",\"Ligue 1\",\"Paris Saint-Germain\",\"Programme TV\",\"RC Strasbourg Alsace\"],\"articleSection\":[\"Cha\u00eene TV\",\"Ligue 1\"],\"inLanguage\":\"fr-FR\",\"potentialAction\":[{\"@type\":\"CommentAction\",\"name\":\"Comment\",\"target\":[\"https:\/\/dicodusport.fr\/blog\/psg-strasbourg-chaine-tv-compositions-heure-et-cotes-ligue-1-2025-2026\/#respond\"]}],\"copyrightYear\":\"2025\",\"copyrightHolder\":{\"@id\":\"https:\/\/dicodusport.fr\/blog\/#organization\"}},{\"@type\":\"WebPage\",\"@id\":\"https:\/\/dicodusport.fr\/blog\/psg-strasbourg-chaine-tv-compositions-heure-et-cotes-ligue-1-2025-2026\/\",\"url\":\"https:\/\/dicodusport.fr\/blog\/psg-strasbourg-chaine-tv-compositions-heure-et-cotes-ligue-1-2025-2026\/\",\"name\":\"PSG-Strasbourg : Compositions, Cha\u00eene TV, Heure et Cotes\",\"isPartOf\":{\"@id\":\"https:\/\/dicodusport.fr\/blog\/#website\"},\"primaryImageOfPage\":{\"@id\":\"https:\/\/dicodusport.fr\/blog\/psg-strasbourg-chaine-tv-compositions-heure-et-cotes-ligue-1-2025-2026\/#primaryimage\"},\"image\":{\"@id\":\"https:\/\/dicodusport.fr\/blog\/psg-strasbourg-chaine-tv-compositions-heure-et-cotes-ligue-1-2025-2026\/#primaryimage\"},\"thumbnailUrl\":\"https:\/\/dicodusport.fr\/blog\/wp-content\/uploads\/2025\/10\/PSG-Strasbourg-Chaine-TV-Compositions-Heure-et-Cotes.png\",\"datePublished\":\"2025-10-17T08:59:28+00:00\",\"description\":\"LIGUE 1 2025-2026 - \u00c0 quelle heure et sur quelle cha\u00eene TV suivre le match de Ligue 1 entre le Paris Saint-Germain et le RC Strasbourg ? Retrouvez \u00e9galement les compositions des deux \u00e9quipes.\",\"breadcrumb\":{\"@id\":\"https:\/\/dicodusport.fr\/blog\/psg-strasbourg-chaine-tv-compositions-heure-et-cotes-ligue-1-2025-2026\/#breadcrumb\"},\"inLanguage\":\"fr-FR\",\"potentialAction\":[{\"@type\":\"ReadAction\",\"target\":[\"https:\/\/dicodusport.fr\/blog\/psg-strasbourg-chaine-tv-compositions-heure-et-cotes-ligue-1-2025-2026\/\"]}]},{\"@type\":\"ImageObject\",\"inLanguage\":\"fr-FR\",\"@id\":\"https:\/\/dicodusport.fr\/blog\/psg-strasbourg-chaine-tv-compositions-heure-et-cotes-ligue-1-2025-2026\/#primaryimage\",\"url\":\"https:\/\/dicodusport.fr\/blog\/wp-content\/uploads\/2025\/10\/PSG-Strasbourg-Chaine-TV-Compositions-Heure-et-Cotes.png\",\"contentUrl\":\"https:\/\/dicodusport.fr\/blog\/wp-content\/uploads\/2025\/10\/PSG-Strasbourg-Chaine-TV-Compositions-Heure-et-Cotes.png\",\"width\":1200,\"height\":674,\"caption\":\"PSG-Strasbourg Cha\u00eene TV, Compositions, Heure et Cotes\"},{\"@type\":\"BreadcrumbList\",\"@id\":\"https:\/\/dicodusport.fr\/blog\/psg-strasbourg-chaine-tv-compositions-heure-et-cotes-ligue-1-2025-2026\/#breadcrumb\",\"itemListElement\":[{\"@type\":\"ListItem\",\"position\":1,\"name\":\"Accueil\",\"item\":\"https:\/\/dicodusport.fr\/blog\/\"},{\"@type\":\"ListItem\",\"position\":2,\"name\":\"PSG-Strasbourg : Compositions, Cha\u00eene TV, Heure et Cotes\"}]},{\"@type\":\"WebSite\",\"@id\":\"https:\/\/dicodusport.fr\/blog\/#website\",\"url\":\"https:\/\/dicodusport.fr\/blog\/\",\"name\":\"Dicodusport\",\"description\":\"L&#039;encyclop\u00e9die de l&#039;actualit\u00e9 sportive\",\"publisher\":{\"@id\":\"https:\/\/dicodusport.fr\/blog\/#organization\"},\"potentialAction\":[{\"@type\":\"SearchAction\",\"target\":{\"@type\":\"EntryPoint\",\"urlTemplate\":\"https:\/\/dicodusport.fr\/blog\/?s={search_term_string}\"},\"query-input\":{\"@type\":\"PropertyValueSpecification\",\"valueRequired\":true,\"valueName\":\"search_term_string\"}}],\"inLanguage\":\"fr-FR\"},{\"@type\":\"NewsMediaOrganization\",\"@id\":\"https:\/\/dicodusport.fr\/blog\/#organization\",\"name\":\"Dicodusport\",\"url\":\"https:\/\/dicodusport.fr\/blog\/\",\"logo\":{\"@type\":\"ImageObject\",\"inLanguage\":\"fr-FR\",\"@id\":\"https:\/\/dicodusport.fr\/blog\/#\/schema\/logo\/image\/\",\"url\":\"https:\/\/dicodusport.fr\/blog\/wp-content\/uploads\/2020\/06\/cropped-LOGO-DICODUSPORT-2020-SANS-FOND-SANS-TEXTE.png\",\"contentUrl\":\"https:\/\/dicodusport.fr\/blog\/wp-content\/uploads\/2020\/06\/cropped-LOGO-DICODUSPORT-2020-SANS-FOND-SANS-TEXTE.png\",\"width\":512,\"height\":512,\"caption\":\"Dicodusport\"},\"image\":{\"@id\":\"https:\/\/dicodusport.fr\/blog\/#\/schema\/logo\/image\/\"},\"sameAs\":[\"https:\/\/www.facebook.com\/dicodusport\",\"https:\/\/x.com\/dicodusport\",\"https:\/\/www.instagram.com\/dicodusport\/\",\"https:\/\/www.youtube.com\/channel\/UC7V2KZ5sd3htJivAbA4ZG3w\"],\"description\":\"Dicodusport est l'encyclop\u00e9die de l'actualit\u00e9 sportive.\",\"email\":\"bonjour@dicodusport.fr\",\"legalName\":\"DICODUSPORT\",\"foundingDate\":\"2018-01-14\",\"vatID\":\"FR71834470973\",\"taxID\":\"83447097300043\",\"numberOfEmployees\":{\"@type\":\"QuantitativeValue\",\"minValue\":\"1\",\"maxValue\":\"10\"}},{\"@type\":\"Person\",\"@id\":\"https:\/\/dicodusport.fr\/blog\/#\/schema\/person\/627966a6cde45dbd8c5e36ac85d783da\",\"name\":\"S\u00e9bastien Gente\",\"image\":{\"@type\":\"ImageObject\",\"inLanguage\":\"fr-FR\",\"@id\":\"https:\/\/dicodusport.fr\/blog\/#\/schema\/person\/image\/\",\"url\":\"https:\/\/dicodusport.fr\/blog\/wp-content\/uploads\/2021\/09\/1510990_10205810251400683_4124423575079401707_n-150x150.jpg\",\"contentUrl\":\"https:\/\/dicodusport.fr\/blog\/wp-content\/uploads\/2021\/09\/1510990_10205810251400683_4124423575079401707_n-150x150.jpg\",\"caption\":\"S\u00e9bastien Gente\"},\"description\":\"John Stockton, Gianni Bugno, Zinedine Zidane, Steffi Graf, Frode Andresen, St\u00e9phane Stoecklin, Davis Kamoga, Primoz Peterka, Werner Schlager et Aur\u00e9lien Rougerie. Point commun entre ces sportifs? Ils m'ont fait r\u00eaver et ont berc\u00e9 mon adolescence. Je suis un fondu de sports et j'essaie de retranscrire ma passion \u00e0 travers mes articles. Originaire du P\u00e9rigord, ma passion pour les Girondins, les Jaunards et les Jazzmen transpire dans mes \u00e9crits. \u00c0 Dicodusport depuis 2021, je d\u00e9niche les sports m\u00e9connus dans lesquels la France brille, et il y en a !\",\"sameAs\":[\"https:\/\/www.facebook.com\/sebastien.gente\/\",\"https:\/\/www.instagram.com\/sebgente\/\",\"https:\/\/www.linkedin.com\/in\/sbastien-gente-a29583169\/\",\"https:\/\/x.com\/https:\/\/twitter.com\/globulo24\",\"SebastienGente\"],\"worksFor\":\"S\u00e9bastien GENTE\",\"url\":\"https:\/\/dicodusport.fr\/blog\/author\/sebastiengente\/\"}]}<\/script>\n<!-- \/ Yoast SEO Premium plugin. -->","yoast_head_json":{"title":"PSG-Strasbourg : Compositions, Cha\u00eene TV, Heure et Cotes","description":"LIGUE 1 2025-2026 - \u00c0 quelle heure et sur quelle cha\u00eene TV suivre le match de Ligue 1 entre le Paris Saint-Germain et le RC Strasbourg ? Retrouvez \u00e9galement les compositions des deux \u00e9quipes.","robots":{"index":"index","follow":"follow","max-snippet":"max-snippet:-1","max-image-preview":"max-image-preview:large","max-video-preview":"max-video-preview:-1"},"canonical":"https:\/\/dicodusport.fr\/blog\/psg-strasbourg-chaine-tv-compositions-heure-et-cotes-ligue-1-2025-2026\/","og_locale":"fr_FR","og_type":"article","og_title":"PSG-Strasbourg : Compositions, Cha\u00eene TV, Heure et Cotes","og_description":"LIGUE 1 2025-2026 - \u00c0 quelle heure et sur quelle cha\u00eene TV suivre le match de Ligue 1 entre le Paris Saint-Germain et le RC Strasbourg ? Retrouvez \u00e9galement les compositions des deux \u00e9quipes.","og_url":"https:\/\/dicodusport.fr\/blog\/psg-strasbourg-chaine-tv-compositions-heure-et-cotes-ligue-1-2025-2026\/","og_site_name":"Dicodusport","article_publisher":"https:\/\/www.facebook.com\/dicodusport","article_author":"https:\/\/www.facebook.com\/sebastien.gente\/","article_published_time":"2025-10-17T08:59:28+00:00","og_image":[{"width":1200,"height":674,"url":"https:\/\/dicodusport.fr\/blog\/wp-content\/uploads\/2025\/10\/PSG-Strasbourg-Chaine-TV-Compositions-Heure-et-Cotes.png","type":"image\/png"}],"author":"S\u00e9bastien Gente","twitter_card":"summary_large_image","twitter_title":"PSG-Strasbourg : Compositions, Cha\u00eene TV, Heure et Cotes","twitter_creator":"@https:\/\/twitter.com\/globulo24","twitter_site":"@dicodusport","schema":{"@context":"https:\/\/schema.org","@graph":[{"@type":"NewsArticle","@id":"https:\/\/dicodusport.fr\/blog\/psg-strasbourg-chaine-tv-compositions-heure-et-cotes-ligue-1-2025-2026\/#article","isPartOf":{"@id":"https:\/\/dicodusport.fr\/blog\/psg-strasbourg-chaine-tv-compositions-heure-et-cotes-ligue-1-2025-2026\/"},"author":{"name":"S\u00e9bastien Gente","@id":"https:\/\/dicodusport.fr\/blog\/#\/schema\/person\/627966a6cde45dbd8c5e36ac85d783da"},"headline":"PSG-Strasbourg : Compositions, Cha\u00eene TV, Heure et Cotes","datePublished":"2025-10-17T08:59:28+00:00","mainEntityOfPage":{"@id":"https:\/\/dicodusport.fr\/blog\/psg-strasbourg-chaine-tv-compositions-heure-et-cotes-ligue-1-2025-2026\/"},"wordCount":469,"commentCount":0,"publisher":{"@id":"https:\/\/dicodusport.fr\/blog\/#organization"},"image":{"@id":"https:\/\/dicodusport.fr\/blog\/psg-strasbourg-chaine-tv-compositions-heure-et-cotes-ligue-1-2025-2026\/#primaryimage"},"thumbnailUrl":"https:\/\/dicodusport.fr\/blog\/wp-content\/uploads\/2025\/10\/PSG-Strasbourg-Chaine-TV-Compositions-Heure-et-Cotes.png","keywords":["br\u00e8ve","Football","Ligue 1","Paris Saint-Germain","Programme TV","RC Strasbourg Alsace"],"articleSection":["Cha\u00eene TV","Ligue 1"],"inLanguage":"fr-FR","potentialAction":[{"@type":"CommentAction","name":"Comment","target":["https:\/\/dicodusport.fr\/blog\/psg-strasbourg-chaine-tv-compositions-heure-et-cotes-ligue-1-2025-2026\/#respond"]}],"copyrightYear":"2025","copyrightHolder":{"@id":"https:\/\/dicodusport.fr\/blog\/#organization"}},{"@type":"WebPage","@id":"https:\/\/dicodusport.fr\/blog\/psg-strasbourg-chaine-tv-compositions-heure-et-cotes-ligue-1-2025-2026\/","url":"https:\/\/dicodusport.fr\/blog\/psg-strasbourg-chaine-tv-compositions-heure-et-cotes-ligue-1-2025-2026\/","name":"PSG-Strasbourg : Compositions, Cha\u00eene TV, Heure et Cotes","isPartOf":{"@id":"https:\/\/dicodusport.fr\/blog\/#website"},"primaryImageOfPage":{"@id":"https:\/\/dicodusport.fr\/blog\/psg-strasbourg-chaine-tv-compositions-heure-et-cotes-ligue-1-2025-2026\/#primaryimage"},"image":{"@id":"https:\/\/dicodusport.fr\/blog\/psg-strasbourg-chaine-tv-compositions-heure-et-cotes-ligue-1-2025-2026\/#primaryimage"},"thumbnailUrl":"https:\/\/dicodusport.fr\/blog\/wp-content\/uploads\/2025\/10\/PSG-Strasbourg-Chaine-TV-Compositions-Heure-et-Cotes.png","datePublished":"2025-10-17T08:59:28+00:00","description":"LIGUE 1 2025-2026 - \u00c0 quelle heure et sur quelle cha\u00eene TV suivre le match de Ligue 1 entre le Paris Saint-Germain et le RC Strasbourg ? Retrouvez \u00e9galement les compositions des deux \u00e9quipes.","breadcrumb":{"@id":"https:\/\/dicodusport.fr\/blog\/psg-strasbourg-chaine-tv-compositions-heure-et-cotes-ligue-1-2025-2026\/#breadcrumb"},"inLanguage":"fr-FR","potentialAction":[{"@type":"ReadAction","target":["https:\/\/dicodusport.fr\/blog\/psg-strasbourg-chaine-tv-compositions-heure-et-cotes-ligue-1-2025-2026\/"]}]},{"@type":"ImageObject","inLanguage":"fr-FR","@id":"https:\/\/dicodusport.fr\/blog\/psg-strasbourg-chaine-tv-compositions-heure-et-cotes-ligue-1-2025-2026\/#primaryimage","url":"https:\/\/dicodusport.fr\/blog\/wp-content\/uploads\/2025\/10\/PSG-Strasbourg-Chaine-TV-Compositions-Heure-et-Cotes.png","contentUrl":"https:\/\/dicodusport.fr\/blog\/wp-content\/uploads\/2025\/10\/PSG-Strasbourg-Chaine-TV-Compositions-Heure-et-Cotes.png","width":1200,"height":674,"caption":"PSG-Strasbourg Cha\u00eene TV, Compositions, Heure et Cotes"},{"@type":"BreadcrumbList","@id":"https:\/\/dicodusport.fr\/blog\/psg-strasbourg-chaine-tv-compositions-heure-et-cotes-ligue-1-2025-2026\/#breadcrumb","itemListElement":[{"@type":"ListItem","position":1,"name":"Accueil","item":"https:\/\/dicodusport.fr\/blog\/"},{"@type":"ListItem","position":2,"name":"PSG-Strasbourg : Compositions, Cha\u00eene TV, Heure et Cotes"}]},{"@type":"WebSite","@id":"https:\/\/dicodusport.fr\/blog\/#website","url":"https:\/\/dicodusport.fr\/blog\/","name":"Dicodusport","description":"L&#039;encyclop\u00e9die de l&#039;actualit\u00e9 sportive","publisher":{"@id":"https:\/\/dicodusport.fr\/blog\/#organization"},"potentialAction":[{"@type":"SearchAction","target":{"@type":"EntryPoint","urlTemplate":"https:\/\/dicodusport.fr\/blog\/?s={search_term_string}"},"query-input":{"@type":"PropertyValueSpecification","valueRequired":true,"valueName":"search_term_string"}}],"inLanguage":"fr-FR"},{"@type":"NewsMediaOrganization","@id":"https:\/\/dicodusport.fr\/blog\/#organization","name":"Dicodusport","url":"https:\/\/dicodusport.fr\/blog\/","logo":{"@type":"ImageObject","inLanguage":"fr-FR","@id":"https:\/\/dicodusport.fr\/blog\/#\/schema\/logo\/image\/","url":"https:\/\/dicodusport.fr\/blog\/wp-content\/uploads\/2020\/06\/cropped-LOGO-DICODUSPORT-2020-SANS-FOND-SANS-TEXTE.png","contentUrl":"https:\/\/dicodusport.fr\/blog\/wp-content\/uploads\/2020\/06\/cropped-LOGO-DICODUSPORT-2020-SANS-FOND-SANS-TEXTE.png","width":512,"height":512,"caption":"Dicodusport"},"image":{"@id":"https:\/\/dicodusport.fr\/blog\/#\/schema\/logo\/image\/"},"sameAs":["https:\/\/www.facebook.com\/dicodusport","https:\/\/x.com\/dicodusport","https:\/\/www.instagram.com\/dicodusport\/","https:\/\/www.youtube.com\/channel\/UC7V2KZ5sd3htJivAbA4ZG3w"],"description":"Dicodusport est l'encyclop\u00e9die de l'actualit\u00e9 sportive.","email":"bonjour@dicodusport.fr","legalName":"DICODUSPORT","foundingDate":"2018-01-14","vatID":"FR71834470973","taxID":"83447097300043","numberOfEmployees":{"@type":"QuantitativeValue","minValue":"1","maxValue":"10"}},{"@type":"Person","@id":"https:\/\/dicodusport.fr\/blog\/#\/schema\/person\/627966a6cde45dbd8c5e36ac85d783da","name":"S\u00e9bastien Gente","image":{"@type":"ImageObject","inLanguage":"fr-FR","@id":"https:\/\/dicodusport.fr\/blog\/#\/schema\/person\/image\/","url":"https:\/\/dicodusport.fr\/blog\/wp-content\/uploads\/2021\/09\/1510990_10205810251400683_4124423575079401707_n-150x150.jpg","contentUrl":"https:\/\/dicodusport.fr\/blog\/wp-content\/uploads\/2021\/09\/1510990_10205810251400683_4124423575079401707_n-150x150.jpg","caption":"S\u00e9bastien Gente"},"description":"John Stockton, Gianni Bugno, Zinedine Zidane, Steffi Graf, Frode Andresen, St\u00e9phane Stoecklin, Davis Kamoga, Primoz Peterka, Werner Schlager et Aur\u00e9lien Rougerie. Point commun entre ces sportifs? Ils m'ont fait r\u00eaver et ont berc\u00e9 mon adolescence. Je suis un fondu de sports et j'essaie de retranscrire ma passion \u00e0 travers mes articles. Originaire du P\u00e9rigord, ma passion pour les Girondins, les Jaunards et les Jazzmen transpire dans mes \u00e9crits. \u00c0 Dicodusport depuis 2021, je d\u00e9niche les sports m\u00e9connus dans lesquels la France brille, et il y en a !","sameAs":["https:\/\/www.facebook.com\/sebastien.gente\/","https:\/\/www.instagram.com\/sebgente\/","https:\/\/www.linkedin.com\/in\/sbastien-gente-a29583169\/","https:\/\/x.com\/https:\/\/twitter.com\/globulo24","SebastienGente"],"worksFor":"S\u00e9bastien GENTE","url":"https:\/\/dicodusport.fr\/blog\/author\/sebastiengente\/"}]}},"_links":{"self":[{"href":"https:\/\/dicodusport.fr\/blog\/wp-json\/wp\/v2\/posts\/618923","targetHints":{"allow":["GET"]}}],"collection":[{"href":"https:\/\/dicodusport.fr\/blog\/wp-json\/wp\/v2\/posts"}],"about":[{"href":"https:\/\/dicodusport.fr\/blog\/wp-json\/wp\/v2\/types\/post"}],"author":[{"embeddable":true,"href":"https:\/\/dicodusport.fr\/blog\/wp-json\/wp\/v2\/users\/59"}],"replies":[{"embeddable":true,"href":"https:\/\/dicodusport.fr\/blog\/wp-json\/wp\/v2\/comments?post=618923"}],"version-history":[{"count":3,"href":"https:\/\/dicodusport.fr\/blog\/wp-json\/wp\/v2\/posts\/618923\/revisions"}],"predecessor-version":[{"id":619525,"href":"https:\/\/dicodusport.fr\/blog\/wp-json\/wp\/v2\/posts\/618923\/revisions\/619525"}],"wp:featuredmedia":[{"embeddable":true,"href":"https:\/\/dicodusport.fr\/blog\/wp-json\/wp\/v2\/media\/618924"}],"wp:attachment":[{"href":"https:\/\/dicodusport.fr\/blog\/wp-json\/wp\/v2\/media?parent=618923"}],"wp:term":[{"taxonomy":"category","embeddable":true,"href":"https:\/\/dicodusport.fr\/blog\/wp-json\/wp\/v2\/categories?post=618923"},{"taxonomy":"post_tag","embeddable":true,"href":"https:\/\/dicodusport.fr\/blog\/wp-json\/wp\/v2\/tags?post=618923"}],"curies":[{"name":"wp","href":"https:\/\/api.w.org\/{rel}","templated":true}]}}