{"id":618970,"date":"2025-10-15T12:29:27","date_gmt":"2025-10-15T10:29:27","guid":{"rendered":"https:\/\/dicodusport.fr\/blog\/?p=618970&#038;preview=true&#038;preview_id=618970"},"modified":"2025-10-15T13:30:16","modified_gmt":"2025-10-15T11:30:16","slug":"transferts-cyclisme-mathis-le-berre-et-thibault-guernalec-devraient-rebondir-dans-une-proteam-francaise","status":"publish","type":"post","link":"https:\/\/dicodusport.fr\/blog\/transferts-cyclisme-mathis-le-berre-et-thibault-guernalec-devraient-rebondir-dans-une-proteam-francaise\/","title":{"rendered":"Transferts Cyclisme : Mathis Le Berre et Thibault Guernalec devraient rebondir dans une ProTeam fran\u00e7aise"},"content":{"rendered":"<p style=\"text-align: justify;\"><strong><em>MERCATO CYCLISME &#8211; Apr\u00e8s l&rsquo;annonce officielle de la fin de la structure dirig\u00e9e par Emmanuel Hubert, les coureurs d&rsquo;Ark\u00e9a &#8211; B&amp;B Hotels retrouvent, tour \u00e0 tour, une nouvelle \u00e9quipe. C&rsquo;est le cas notamment de Mathis Le Berre et Thibault Guernalec, qui devraient rester dans une formation fran\u00e7aise.<\/em><\/strong><\/p>\n<ul>\n<li style=\"text-align: justify;\"><strong>\u00c0 ce sujet &#8211; <a href=\"https:\/\/dicodusport.fr\/blog\/cyclisme-mercato-2025-2026-le-tableau-des-transferts\/\">Cyclisme Mercato 2025-2026 &#8211; Le tableau des transferts<\/a><\/strong><\/li>\n<\/ul>\n<p style=\"text-align: justify;\">Une fin attendue, et d\u00e9sormais confirm\u00e9e. <strong>Emmanuel Hubert<\/strong> n&rsquo;a pas su trouver de partenaires financiers pour sauver la formation Ark\u00e9a-B&amp;B Hotels. Alors que plusieurs transferts ont d\u00e9j\u00e0 \u00e9t\u00e9 annonc\u00e9s, notamment celui de <a href=\"https:\/\/dicodusport.fr\/blog\/transferts-cyclisme-kevin-vauquelin-signe-dans-une-equipe-etrangere\/\"><strong>K\u00e9vin Vauquelin<\/strong><\/a> vers Ineos, deux autres coureurs seraient proches d&rsquo;une autre \u00e9quipe fran\u00e7aise : <strong>Mathis Le Berre<\/strong> et <strong>Thibault Guernalec<\/strong>.<\/p>\n<blockquote class=\"twitter-tweet\">\n<p dir=\"ltr\" lang=\"fr\">Patron de l&rsquo;\u00e9quipe Ark\u00e9a-B&amp;B H\u00f4tels, Emmanuel Hubert a annonc\u00e9 ce matin \u00e0 ses employ\u00e9s qu&rsquo;il n&rsquo;avait pas trouv\u00e9 de nouveaux partenaires pour 2026, selon l&rsquo;\u00c9quipe.<\/p>\n<p>Pass\u00e9e professionnelle en 2005 sous le nom de Bretagne &#8211; Jean Floc&rsquo;h, la structure bretonne va donc dispara\u00eetre. <a href=\"https:\/\/t.co\/lwa31c7yNO\">pic.twitter.com\/lwa31c7yNO<\/a><\/p>\n<p>\u2014 Le Gruppetto (@LeGruppetto) <a href=\"https:\/\/twitter.com\/LeGruppetto\/status\/1978395575516049585?ref_src=twsrc%5Etfw\">October 15, 2025<\/a><\/p><\/blockquote>\n<p style=\"text-align: justify;\"><script async src=\"https:\/\/platform.twitter.com\/widgets.js\" charset=\"utf-8\"><\/script><\/p>\n<h2 style=\"text-align: justify;\">Le Berre et Guernalec, de la Bretagne \u00e0 la Vend\u00e9e<\/h2>\n<p style=\"text-align: justify;\"><strong>Mathis Le Berre<\/strong> et <strong>Thibault Guernalec<\/strong> devraient en effet signer chez TotalEnergies, selon <a href=\"https:\/\/www.velo-club.net\/actualites\/mathis-le-berre-et-thibault-guernalec-chez-total-energies\/\"><em>V\u00e9lo-Club<\/em><\/a>. Les deux Bretons auraient donc trouv\u00e9 une place pour continuer en professionnel. R\u00e9guliers tout au long de la saison, les deux hommes seront un ajout important dans l&rsquo;effectif de TotalEnergies. Champion d&rsquo;Europe du relais mixte, <strong>Guernalec<\/strong> serait un atout important sur le contre-la-montre. De son c\u00f4t\u00e9, <strong>Le Berre<\/strong> \u00e9tait d\u00e9j\u00e0 annonc\u00e9 chez TotalEnergies il y a plusieurs semaines, par nos confr\u00e8res du <a href=\"https:\/\/www.letelegramme.fr\/sports\/cyclisme\/le-costarmoricain-mathis-le-berre-arkea-b-b-hotels-a-trouve-une-nouvelle-equipe-pour-2026-6894716.php\"><em>T\u00e9l\u00e9gramme<\/em><\/a>. Il a pass\u00e9 un gros cap cette ann\u00e9e, pour sa troisi\u00e8me saison chez les professionnels.<\/p>\n<div class=\"vlp-link-container vlp-layout-article\"><a href=\"https:\/\/dicodusport.fr\/blog\/fin-de-lequipe-arkea-bb-hotels-quel-sort-pour-les-coureurs\/\" class=\"vlp-link\" title=\"Fin de l\u2019\u00e9quipe Ark\u00e9a-B&amp;B Hotels : Quel sort pour les coureurs ?\"><\/a><div class=\"vlp-layout-zone-side\"><div class=\"vlp-block-4 vlp-link-image\"><img loading=\"lazy\" decoding=\"async\" style=\"max-width: 792px;\" width=\"792\" height=\"445\" src=\"https:\/\/dicodusport.fr\/blog\/wp-content\/uploads\/2025\/10\/Fin-de-lequipe-Arkea-BB-Hotels-Quel-sort-pour-les-coureurs.png\" class=\"attachment-800x445 size-800x445\" alt=\"Fin de l\u2019\u00e9quipe Ark\u00e9a-B&amp;B Hotels Quel sort pour les coureurs\" srcset=\"https:\/\/dicodusport.fr\/blog\/wp-content\/uploads\/2025\/10\/Fin-de-lequipe-Arkea-BB-Hotels-Quel-sort-pour-les-coureurs.png 1200w, https:\/\/dicodusport.fr\/blog\/wp-content\/uploads\/2025\/10\/Fin-de-lequipe-Arkea-BB-Hotels-Quel-sort-pour-les-coureurs-300x169.png 300w, https:\/\/dicodusport.fr\/blog\/wp-content\/uploads\/2025\/10\/Fin-de-lequipe-Arkea-BB-Hotels-Quel-sort-pour-les-coureurs-1024x575.png 1024w, https:\/\/dicodusport.fr\/blog\/wp-content\/uploads\/2025\/10\/Fin-de-lequipe-Arkea-BB-Hotels-Quel-sort-pour-les-coureurs-768x431.png 768w\" sizes=\"auto, (max-width: 792px) 100vw, 792px\" \/><\/div><\/div><div class=\"vlp-layout-zone-main\"><div class=\"vlp-block-0 vlp-link-title\">Fin de l\u2019\u00e9quipe Ark\u00e9a-B&amp;B Hotels : Quel sort pour les coureurs ?<\/div><div class=\"vlp-block-1 vlp-link-summary\">CYCLISME SUR ROUTE - La formation Ark\u00e9a-B&amp;B Hotels va s'arr\u00eater \u00e0 la fin de l'ann\u00e9e, c'est officiel. On fait le point sur la situation des coureurs de la formation bretonne.<\/div><div class=\"vlp-block-2 vlp-link-button\">Lire l'article<\/div><div class=\"vlp-block-3 vlp-link-url\">dicodusport.fr<\/div><\/div><\/div>\n","protected":false},"excerpt":{"rendered":"<p>MERCATO CYCLISME &#8211; Apr\u00e8s l&rsquo;annonce officielle de la fin de la structure dirig\u00e9e par Emmanuel Hubert, Mathis Le Berre et Thibault Guernalec devraient rester dans une formation fran\u00e7aise.<\/p>\n","protected":false},"author":88,"featured_media":618975,"comment_status":"open","ping_status":"closed","sticky":false,"template":"","format":"standard","meta":{"_acf_changed":false,"_daextam_enable_autolinks":"1","footnotes":""},"categories":[46994],"tags":[33606,16878,8386,18418],"class_list":["post-618970","post","type-post","status-publish","format-standard","has-post-thumbnail","hentry","category-cyclisme-sur-route","tag-arkea-bb-hotels","tag-breve","tag-mercato-cyclisme","tag-totalenergies"],"acf":[],"yoast_head":"<!-- This site is optimized with the Yoast SEO Premium plugin v26.7 (Yoast SEO v26.7) - https:\/\/yoast.com\/wordpress\/plugins\/seo\/ -->\n<title>Transferts Cyclisme : Mathis Le Berre et Thibault Guernalec devraient rebondir dans une ProTeam fran\u00e7aise<\/title>\n<meta name=\"description\" content=\"MERCATO CYCLISME - Apr\u00e8s l&#039;annonce officielle de la fin d&#039;Ark\u00e9a - B&amp;B Hotels, Mathis Le Berre et Thibault Guernalec devraient rester dans une formation fran\u00e7aise.\" \/>\n<meta name=\"robots\" content=\"index, follow, max-snippet:-1, max-image-preview:large, max-video-preview:-1\" \/>\n<link rel=\"canonical\" href=\"https:\/\/dicodusport.fr\/blog\/transferts-cyclisme-mathis-le-berre-et-thibault-guernalec-devraient-rebondir-dans-une-proteam-francaise\/\" \/>\n<meta property=\"og:locale\" content=\"fr_FR\" \/>\n<meta property=\"og:type\" content=\"article\" \/>\n<meta property=\"og:title\" content=\"Transferts Cyclisme : Mathis Le Berre et Thibault Guernalec devraient rebondir dans une ProTeam fran\u00e7aise\" \/>\n<meta property=\"og:description\" content=\"MERCATO CYCLISME - Apr\u00e8s l&#039;annonce officielle de la fin d&#039;Ark\u00e9a - B&amp;B Hotels, Mathis Le Berre et Thibault Guernalec devraient rester dans une formation fran\u00e7aise.\" \/>\n<meta property=\"og:url\" content=\"https:\/\/dicodusport.fr\/blog\/transferts-cyclisme-mathis-le-berre-et-thibault-guernalec-devraient-rebondir-dans-une-proteam-francaise\/\" \/>\n<meta property=\"og:site_name\" content=\"Dicodusport\" \/>\n<meta property=\"article:publisher\" content=\"https:\/\/www.facebook.com\/dicodusport\" \/>\n<meta property=\"article:published_time\" content=\"2025-10-15T10:29:27+00:00\" \/>\n<meta property=\"article:modified_time\" content=\"2025-10-15T11:30:16+00:00\" \/>\n<meta property=\"og:image\" content=\"https:\/\/dicodusport.fr\/blog\/wp-content\/uploads\/2025\/10\/Transferts-Cyclisme-Mathis-Le-Berre-et-Thibault-Guernalec-devraient-rebondir-dans-une-ProTeam-francaise.png\" \/>\n\t<meta property=\"og:image:width\" content=\"1200\" \/>\n\t<meta property=\"og:image:height\" content=\"674\" \/>\n\t<meta property=\"og:image:type\" content=\"image\/png\" \/>\n<meta name=\"author\" content=\"Paul Lalevee\" \/>\n<meta name=\"twitter:card\" content=\"summary_large_image\" \/>\n<meta name=\"twitter:title\" content=\"Transferts Cyclisme : Mathis Le Berre et Thibault Guernalec devraient rebondir dans une ProTeam fran\u00e7aise\" \/>\n<meta name=\"twitter:creator\" content=\"@dicodusport\" \/>\n<meta name=\"twitter:site\" content=\"@dicodusport\" \/>\n<script type=\"application\/ld+json\" class=\"yoast-schema-graph\">{\"@context\":\"https:\/\/schema.org\",\"@graph\":[{\"@type\":\"NewsArticle\",\"@id\":\"https:\/\/dicodusport.fr\/blog\/transferts-cyclisme-mathis-le-berre-et-thibault-guernalec-devraient-rebondir-dans-une-proteam-francaise\/#article\",\"isPartOf\":{\"@id\":\"https:\/\/dicodusport.fr\/blog\/transferts-cyclisme-mathis-le-berre-et-thibault-guernalec-devraient-rebondir-dans-une-proteam-francaise\/\"},\"author\":{\"name\":\"Paul Lalevee\",\"@id\":\"https:\/\/dicodusport.fr\/blog\/#\/schema\/person\/1eaa63dfac40b5e5c47f03a71920c1cd\"},\"headline\":\"Transferts Cyclisme : Mathis Le Berre et Thibault Guernalec devraient rebondir dans une ProTeam fran\u00e7aise\",\"datePublished\":\"2025-10-15T10:29:27+00:00\",\"dateModified\":\"2025-10-15T11:30:16+00:00\",\"mainEntityOfPage\":{\"@id\":\"https:\/\/dicodusport.fr\/blog\/transferts-cyclisme-mathis-le-berre-et-thibault-guernalec-devraient-rebondir-dans-une-proteam-francaise\/\"},\"wordCount\":404,\"commentCount\":0,\"publisher\":{\"@id\":\"https:\/\/dicodusport.fr\/blog\/#organization\"},\"image\":{\"@id\":\"https:\/\/dicodusport.fr\/blog\/transferts-cyclisme-mathis-le-berre-et-thibault-guernalec-devraient-rebondir-dans-une-proteam-francaise\/#primaryimage\"},\"thumbnailUrl\":\"https:\/\/dicodusport.fr\/blog\/wp-content\/uploads\/2025\/10\/Transferts-Cyclisme-Mathis-Le-Berre-et-Thibault-Guernalec-devraient-rebondir-dans-une-ProTeam-francaise.png\",\"keywords\":[\"Ark\u00e9a-B&amp;B Hotels\",\"br\u00e8ve\",\"Mercato Cyclisme\",\"TotalEnergies\"],\"articleSection\":[\"Cyclisme sur route\"],\"inLanguage\":\"fr-FR\",\"potentialAction\":[{\"@type\":\"CommentAction\",\"name\":\"Comment\",\"target\":[\"https:\/\/dicodusport.fr\/blog\/transferts-cyclisme-mathis-le-berre-et-thibault-guernalec-devraient-rebondir-dans-une-proteam-francaise\/#respond\"]}],\"copyrightYear\":\"2025\",\"copyrightHolder\":{\"@id\":\"https:\/\/dicodusport.fr\/blog\/#organization\"}},{\"@type\":\"WebPage\",\"@id\":\"https:\/\/dicodusport.fr\/blog\/transferts-cyclisme-mathis-le-berre-et-thibault-guernalec-devraient-rebondir-dans-une-proteam-francaise\/\",\"url\":\"https:\/\/dicodusport.fr\/blog\/transferts-cyclisme-mathis-le-berre-et-thibault-guernalec-devraient-rebondir-dans-une-proteam-francaise\/\",\"name\":\"Transferts Cyclisme : Mathis Le Berre et Thibault Guernalec devraient rebondir dans une ProTeam fran\u00e7aise\",\"isPartOf\":{\"@id\":\"https:\/\/dicodusport.fr\/blog\/#website\"},\"primaryImageOfPage\":{\"@id\":\"https:\/\/dicodusport.fr\/blog\/transferts-cyclisme-mathis-le-berre-et-thibault-guernalec-devraient-rebondir-dans-une-proteam-francaise\/#primaryimage\"},\"image\":{\"@id\":\"https:\/\/dicodusport.fr\/blog\/transferts-cyclisme-mathis-le-berre-et-thibault-guernalec-devraient-rebondir-dans-une-proteam-francaise\/#primaryimage\"},\"thumbnailUrl\":\"https:\/\/dicodusport.fr\/blog\/wp-content\/uploads\/2025\/10\/Transferts-Cyclisme-Mathis-Le-Berre-et-Thibault-Guernalec-devraient-rebondir-dans-une-ProTeam-francaise.png\",\"datePublished\":\"2025-10-15T10:29:27+00:00\",\"dateModified\":\"2025-10-15T11:30:16+00:00\",\"description\":\"MERCATO CYCLISME - Apr\u00e8s l'annonce officielle de la fin d'Ark\u00e9a - B&B Hotels, Mathis Le Berre et Thibault Guernalec devraient rester dans une formation fran\u00e7aise.\",\"breadcrumb\":{\"@id\":\"https:\/\/dicodusport.fr\/blog\/transferts-cyclisme-mathis-le-berre-et-thibault-guernalec-devraient-rebondir-dans-une-proteam-francaise\/#breadcrumb\"},\"inLanguage\":\"fr-FR\",\"potentialAction\":[{\"@type\":\"ReadAction\",\"target\":[\"https:\/\/dicodusport.fr\/blog\/transferts-cyclisme-mathis-le-berre-et-thibault-guernalec-devraient-rebondir-dans-une-proteam-francaise\/\"]}]},{\"@type\":\"ImageObject\",\"inLanguage\":\"fr-FR\",\"@id\":\"https:\/\/dicodusport.fr\/blog\/transferts-cyclisme-mathis-le-berre-et-thibault-guernalec-devraient-rebondir-dans-une-proteam-francaise\/#primaryimage\",\"url\":\"https:\/\/dicodusport.fr\/blog\/wp-content\/uploads\/2025\/10\/Transferts-Cyclisme-Mathis-Le-Berre-et-Thibault-Guernalec-devraient-rebondir-dans-une-ProTeam-francaise.png\",\"contentUrl\":\"https:\/\/dicodusport.fr\/blog\/wp-content\/uploads\/2025\/10\/Transferts-Cyclisme-Mathis-Le-Berre-et-Thibault-Guernalec-devraient-rebondir-dans-une-ProTeam-francaise.png\",\"width\":1200,\"height\":674,\"caption\":\"Transferts Cyclisme Mathis Le Berre et Thibault Guernalec devraient rebondir dans une ProTeam fran\u00e7aise\"},{\"@type\":\"BreadcrumbList\",\"@id\":\"https:\/\/dicodusport.fr\/blog\/transferts-cyclisme-mathis-le-berre-et-thibault-guernalec-devraient-rebondir-dans-une-proteam-francaise\/#breadcrumb\",\"itemListElement\":[{\"@type\":\"ListItem\",\"position\":1,\"name\":\"Accueil\",\"item\":\"https:\/\/dicodusport.fr\/blog\/\"},{\"@type\":\"ListItem\",\"position\":2,\"name\":\"Transferts Cyclisme : Mathis Le Berre et Thibault Guernalec devraient rebondir dans une ProTeam fran\u00e7aise\"}]},{\"@type\":\"WebSite\",\"@id\":\"https:\/\/dicodusport.fr\/blog\/#website\",\"url\":\"https:\/\/dicodusport.fr\/blog\/\",\"name\":\"Dicodusport\",\"description\":\"L&#039;encyclop\u00e9die de l&#039;actualit\u00e9 sportive\",\"publisher\":{\"@id\":\"https:\/\/dicodusport.fr\/blog\/#organization\"},\"potentialAction\":[{\"@type\":\"SearchAction\",\"target\":{\"@type\":\"EntryPoint\",\"urlTemplate\":\"https:\/\/dicodusport.fr\/blog\/?s={search_term_string}\"},\"query-input\":{\"@type\":\"PropertyValueSpecification\",\"valueRequired\":true,\"valueName\":\"search_term_string\"}}],\"inLanguage\":\"fr-FR\"},{\"@type\":\"NewsMediaOrganization\",\"@id\":\"https:\/\/dicodusport.fr\/blog\/#organization\",\"name\":\"Dicodusport\",\"url\":\"https:\/\/dicodusport.fr\/blog\/\",\"logo\":{\"@type\":\"ImageObject\",\"inLanguage\":\"fr-FR\",\"@id\":\"https:\/\/dicodusport.fr\/blog\/#\/schema\/logo\/image\/\",\"url\":\"https:\/\/dicodusport.fr\/blog\/wp-content\/uploads\/2020\/06\/cropped-LOGO-DICODUSPORT-2020-SANS-FOND-SANS-TEXTE.png\",\"contentUrl\":\"https:\/\/dicodusport.fr\/blog\/wp-content\/uploads\/2020\/06\/cropped-LOGO-DICODUSPORT-2020-SANS-FOND-SANS-TEXTE.png\",\"width\":512,\"height\":512,\"caption\":\"Dicodusport\"},\"image\":{\"@id\":\"https:\/\/dicodusport.fr\/blog\/#\/schema\/logo\/image\/\"},\"sameAs\":[\"https:\/\/www.facebook.com\/dicodusport\",\"https:\/\/x.com\/dicodusport\",\"https:\/\/www.instagram.com\/dicodusport\/\",\"https:\/\/www.youtube.com\/channel\/UC7V2KZ5sd3htJivAbA4ZG3w\"],\"description\":\"Dicodusport est l'encyclop\u00e9die de l'actualit\u00e9 sportive.\",\"email\":\"bonjour@dicodusport.fr\",\"legalName\":\"DICODUSPORT\",\"foundingDate\":\"2018-01-14\",\"vatID\":\"FR71834470973\",\"taxID\":\"83447097300043\",\"numberOfEmployees\":{\"@type\":\"QuantitativeValue\",\"minValue\":\"1\",\"maxValue\":\"10\"}},{\"@type\":\"Person\",\"@id\":\"https:\/\/dicodusport.fr\/blog\/#\/schema\/person\/1eaa63dfac40b5e5c47f03a71920c1cd\",\"name\":\"Paul Lalevee\",\"image\":{\"@type\":\"ImageObject\",\"inLanguage\":\"fr-FR\",\"@id\":\"https:\/\/dicodusport.fr\/blog\/#\/schema\/person\/image\/\",\"url\":\"https:\/\/dicodusport.fr\/blog\/wp-content\/uploads\/2023\/10\/291154246_1690604071293245_3118259335115946499_n-150x150.jpg\",\"contentUrl\":\"https:\/\/dicodusport.fr\/blog\/wp-content\/uploads\/2023\/10\/291154246_1690604071293245_3118259335115946499_n-150x150.jpg\",\"caption\":\"Paul Lalevee\"},\"description\":\"La bulle Disney pendant le Covid, le Tour 2019, la Coupe du monde 2018. Ces trois \u00e9v\u00e9nements majeurs sont ancr\u00e9s dans ma t\u00eate de fan de sport, n\u00e9gativement ou positivement. Passionn\u00e9 de sport depuis l'enfance, j'ai d\u00e9cid\u00e9 de mettre ma passion de l'\u00e9criture au service de cette premi\u00e8re passion.\",\"url\":\"https:\/\/dicodusport.fr\/blog\/author\/paul-lalevee\/\"}]}<\/script>\n<!-- \/ Yoast SEO Premium plugin. -->","yoast_head_json":{"title":"Transferts Cyclisme : Mathis Le Berre et Thibault Guernalec devraient rebondir dans une ProTeam fran\u00e7aise","description":"MERCATO CYCLISME - Apr\u00e8s l'annonce officielle de la fin d'Ark\u00e9a - B&B Hotels, Mathis Le Berre et Thibault Guernalec devraient rester dans une formation fran\u00e7aise.","robots":{"index":"index","follow":"follow","max-snippet":"max-snippet:-1","max-image-preview":"max-image-preview:large","max-video-preview":"max-video-preview:-1"},"canonical":"https:\/\/dicodusport.fr\/blog\/transferts-cyclisme-mathis-le-berre-et-thibault-guernalec-devraient-rebondir-dans-une-proteam-francaise\/","og_locale":"fr_FR","og_type":"article","og_title":"Transferts Cyclisme : Mathis Le Berre et Thibault Guernalec devraient rebondir dans une ProTeam fran\u00e7aise","og_description":"MERCATO CYCLISME - Apr\u00e8s l'annonce officielle de la fin d'Ark\u00e9a - B&B Hotels, Mathis Le Berre et Thibault Guernalec devraient rester dans une formation fran\u00e7aise.","og_url":"https:\/\/dicodusport.fr\/blog\/transferts-cyclisme-mathis-le-berre-et-thibault-guernalec-devraient-rebondir-dans-une-proteam-francaise\/","og_site_name":"Dicodusport","article_publisher":"https:\/\/www.facebook.com\/dicodusport","article_published_time":"2025-10-15T10:29:27+00:00","article_modified_time":"2025-10-15T11:30:16+00:00","og_image":[{"width":1200,"height":674,"url":"https:\/\/dicodusport.fr\/blog\/wp-content\/uploads\/2025\/10\/Transferts-Cyclisme-Mathis-Le-Berre-et-Thibault-Guernalec-devraient-rebondir-dans-une-ProTeam-francaise.png","type":"image\/png"}],"author":"Paul Lalevee","twitter_card":"summary_large_image","twitter_title":"Transferts Cyclisme : Mathis Le Berre et Thibault Guernalec devraient rebondir dans une ProTeam fran\u00e7aise","twitter_creator":"@dicodusport","twitter_site":"@dicodusport","schema":{"@context":"https:\/\/schema.org","@graph":[{"@type":"NewsArticle","@id":"https:\/\/dicodusport.fr\/blog\/transferts-cyclisme-mathis-le-berre-et-thibault-guernalec-devraient-rebondir-dans-une-proteam-francaise\/#article","isPartOf":{"@id":"https:\/\/dicodusport.fr\/blog\/transferts-cyclisme-mathis-le-berre-et-thibault-guernalec-devraient-rebondir-dans-une-proteam-francaise\/"},"author":{"name":"Paul Lalevee","@id":"https:\/\/dicodusport.fr\/blog\/#\/schema\/person\/1eaa63dfac40b5e5c47f03a71920c1cd"},"headline":"Transferts Cyclisme : Mathis Le Berre et Thibault Guernalec devraient rebondir dans une ProTeam fran\u00e7aise","datePublished":"2025-10-15T10:29:27+00:00","dateModified":"2025-10-15T11:30:16+00:00","mainEntityOfPage":{"@id":"https:\/\/dicodusport.fr\/blog\/transferts-cyclisme-mathis-le-berre-et-thibault-guernalec-devraient-rebondir-dans-une-proteam-francaise\/"},"wordCount":404,"commentCount":0,"publisher":{"@id":"https:\/\/dicodusport.fr\/blog\/#organization"},"image":{"@id":"https:\/\/dicodusport.fr\/blog\/transferts-cyclisme-mathis-le-berre-et-thibault-guernalec-devraient-rebondir-dans-une-proteam-francaise\/#primaryimage"},"thumbnailUrl":"https:\/\/dicodusport.fr\/blog\/wp-content\/uploads\/2025\/10\/Transferts-Cyclisme-Mathis-Le-Berre-et-Thibault-Guernalec-devraient-rebondir-dans-une-ProTeam-francaise.png","keywords":["Ark\u00e9a-B&amp;B Hotels","br\u00e8ve","Mercato Cyclisme","TotalEnergies"],"articleSection":["Cyclisme sur route"],"inLanguage":"fr-FR","potentialAction":[{"@type":"CommentAction","name":"Comment","target":["https:\/\/dicodusport.fr\/blog\/transferts-cyclisme-mathis-le-berre-et-thibault-guernalec-devraient-rebondir-dans-une-proteam-francaise\/#respond"]}],"copyrightYear":"2025","copyrightHolder":{"@id":"https:\/\/dicodusport.fr\/blog\/#organization"}},{"@type":"WebPage","@id":"https:\/\/dicodusport.fr\/blog\/transferts-cyclisme-mathis-le-berre-et-thibault-guernalec-devraient-rebondir-dans-une-proteam-francaise\/","url":"https:\/\/dicodusport.fr\/blog\/transferts-cyclisme-mathis-le-berre-et-thibault-guernalec-devraient-rebondir-dans-une-proteam-francaise\/","name":"Transferts Cyclisme : Mathis Le Berre et Thibault Guernalec devraient rebondir dans une ProTeam fran\u00e7aise","isPartOf":{"@id":"https:\/\/dicodusport.fr\/blog\/#website"},"primaryImageOfPage":{"@id":"https:\/\/dicodusport.fr\/blog\/transferts-cyclisme-mathis-le-berre-et-thibault-guernalec-devraient-rebondir-dans-une-proteam-francaise\/#primaryimage"},"image":{"@id":"https:\/\/dicodusport.fr\/blog\/transferts-cyclisme-mathis-le-berre-et-thibault-guernalec-devraient-rebondir-dans-une-proteam-francaise\/#primaryimage"},"thumbnailUrl":"https:\/\/dicodusport.fr\/blog\/wp-content\/uploads\/2025\/10\/Transferts-Cyclisme-Mathis-Le-Berre-et-Thibault-Guernalec-devraient-rebondir-dans-une-ProTeam-francaise.png","datePublished":"2025-10-15T10:29:27+00:00","dateModified":"2025-10-15T11:30:16+00:00","description":"MERCATO CYCLISME - Apr\u00e8s l'annonce officielle de la fin d'Ark\u00e9a - B&B Hotels, Mathis Le Berre et Thibault Guernalec devraient rester dans une formation fran\u00e7aise.","breadcrumb":{"@id":"https:\/\/dicodusport.fr\/blog\/transferts-cyclisme-mathis-le-berre-et-thibault-guernalec-devraient-rebondir-dans-une-proteam-francaise\/#breadcrumb"},"inLanguage":"fr-FR","potentialAction":[{"@type":"ReadAction","target":["https:\/\/dicodusport.fr\/blog\/transferts-cyclisme-mathis-le-berre-et-thibault-guernalec-devraient-rebondir-dans-une-proteam-francaise\/"]}]},{"@type":"ImageObject","inLanguage":"fr-FR","@id":"https:\/\/dicodusport.fr\/blog\/transferts-cyclisme-mathis-le-berre-et-thibault-guernalec-devraient-rebondir-dans-une-proteam-francaise\/#primaryimage","url":"https:\/\/dicodusport.fr\/blog\/wp-content\/uploads\/2025\/10\/Transferts-Cyclisme-Mathis-Le-Berre-et-Thibault-Guernalec-devraient-rebondir-dans-une-ProTeam-francaise.png","contentUrl":"https:\/\/dicodusport.fr\/blog\/wp-content\/uploads\/2025\/10\/Transferts-Cyclisme-Mathis-Le-Berre-et-Thibault-Guernalec-devraient-rebondir-dans-une-ProTeam-francaise.png","width":1200,"height":674,"caption":"Transferts Cyclisme Mathis Le Berre et Thibault Guernalec devraient rebondir dans une ProTeam fran\u00e7aise"},{"@type":"BreadcrumbList","@id":"https:\/\/dicodusport.fr\/blog\/transferts-cyclisme-mathis-le-berre-et-thibault-guernalec-devraient-rebondir-dans-une-proteam-francaise\/#breadcrumb","itemListElement":[{"@type":"ListItem","position":1,"name":"Accueil","item":"https:\/\/dicodusport.fr\/blog\/"},{"@type":"ListItem","position":2,"name":"Transferts Cyclisme : Mathis Le Berre et Thibault Guernalec devraient rebondir dans une ProTeam fran\u00e7aise"}]},{"@type":"WebSite","@id":"https:\/\/dicodusport.fr\/blog\/#website","url":"https:\/\/dicodusport.fr\/blog\/","name":"Dicodusport","description":"L&#039;encyclop\u00e9die de l&#039;actualit\u00e9 sportive","publisher":{"@id":"https:\/\/dicodusport.fr\/blog\/#organization"},"potentialAction":[{"@type":"SearchAction","target":{"@type":"EntryPoint","urlTemplate":"https:\/\/dicodusport.fr\/blog\/?s={search_term_string}"},"query-input":{"@type":"PropertyValueSpecification","valueRequired":true,"valueName":"search_term_string"}}],"inLanguage":"fr-FR"},{"@type":"NewsMediaOrganization","@id":"https:\/\/dicodusport.fr\/blog\/#organization","name":"Dicodusport","url":"https:\/\/dicodusport.fr\/blog\/","logo":{"@type":"ImageObject","inLanguage":"fr-FR","@id":"https:\/\/dicodusport.fr\/blog\/#\/schema\/logo\/image\/","url":"https:\/\/dicodusport.fr\/blog\/wp-content\/uploads\/2020\/06\/cropped-LOGO-DICODUSPORT-2020-SANS-FOND-SANS-TEXTE.png","contentUrl":"https:\/\/dicodusport.fr\/blog\/wp-content\/uploads\/2020\/06\/cropped-LOGO-DICODUSPORT-2020-SANS-FOND-SANS-TEXTE.png","width":512,"height":512,"caption":"Dicodusport"},"image":{"@id":"https:\/\/dicodusport.fr\/blog\/#\/schema\/logo\/image\/"},"sameAs":["https:\/\/www.facebook.com\/dicodusport","https:\/\/x.com\/dicodusport","https:\/\/www.instagram.com\/dicodusport\/","https:\/\/www.youtube.com\/channel\/UC7V2KZ5sd3htJivAbA4ZG3w"],"description":"Dicodusport est l'encyclop\u00e9die de l'actualit\u00e9 sportive.","email":"bonjour@dicodusport.fr","legalName":"DICODUSPORT","foundingDate":"2018-01-14","vatID":"FR71834470973","taxID":"83447097300043","numberOfEmployees":{"@type":"QuantitativeValue","minValue":"1","maxValue":"10"}},{"@type":"Person","@id":"https:\/\/dicodusport.fr\/blog\/#\/schema\/person\/1eaa63dfac40b5e5c47f03a71920c1cd","name":"Paul Lalevee","image":{"@type":"ImageObject","inLanguage":"fr-FR","@id":"https:\/\/dicodusport.fr\/blog\/#\/schema\/person\/image\/","url":"https:\/\/dicodusport.fr\/blog\/wp-content\/uploads\/2023\/10\/291154246_1690604071293245_3118259335115946499_n-150x150.jpg","contentUrl":"https:\/\/dicodusport.fr\/blog\/wp-content\/uploads\/2023\/10\/291154246_1690604071293245_3118259335115946499_n-150x150.jpg","caption":"Paul Lalevee"},"description":"La bulle Disney pendant le Covid, le Tour 2019, la Coupe du monde 2018. Ces trois \u00e9v\u00e9nements majeurs sont ancr\u00e9s dans ma t\u00eate de fan de sport, n\u00e9gativement ou positivement. Passionn\u00e9 de sport depuis l'enfance, j'ai d\u00e9cid\u00e9 de mettre ma passion de l'\u00e9criture au service de cette premi\u00e8re passion.","url":"https:\/\/dicodusport.fr\/blog\/author\/paul-lalevee\/"}]}},"_links":{"self":[{"href":"https:\/\/dicodusport.fr\/blog\/wp-json\/wp\/v2\/posts\/618970","targetHints":{"allow":["GET"]}}],"collection":[{"href":"https:\/\/dicodusport.fr\/blog\/wp-json\/wp\/v2\/posts"}],"about":[{"href":"https:\/\/dicodusport.fr\/blog\/wp-json\/wp\/v2\/types\/post"}],"author":[{"embeddable":true,"href":"https:\/\/dicodusport.fr\/blog\/wp-json\/wp\/v2\/users\/88"}],"replies":[{"embeddable":true,"href":"https:\/\/dicodusport.fr\/blog\/wp-json\/wp\/v2\/comments?post=618970"}],"version-history":[{"count":5,"href":"https:\/\/dicodusport.fr\/blog\/wp-json\/wp\/v2\/posts\/618970\/revisions"}],"predecessor-version":[{"id":618990,"href":"https:\/\/dicodusport.fr\/blog\/wp-json\/wp\/v2\/posts\/618970\/revisions\/618990"}],"wp:featuredmedia":[{"embeddable":true,"href":"https:\/\/dicodusport.fr\/blog\/wp-json\/wp\/v2\/media\/618975"}],"wp:attachment":[{"href":"https:\/\/dicodusport.fr\/blog\/wp-json\/wp\/v2\/media?parent=618970"}],"wp:term":[{"taxonomy":"category","embeddable":true,"href":"https:\/\/dicodusport.fr\/blog\/wp-json\/wp\/v2\/categories?post=618970"},{"taxonomy":"post_tag","embeddable":true,"href":"https:\/\/dicodusport.fr\/blog\/wp-json\/wp\/v2\/tags?post=618970"}],"curies":[{"name":"wp","href":"https:\/\/api.w.org\/{rel}","templated":true}]}}